{"id":14119,"date":"2025-12-02T15:34:55","date_gmt":"2025-12-02T13:34:55","guid":{"rendered":"https:\/\/covasna45.ro\/?p=14119"},"modified":"2025-12-02T15:36:38","modified_gmt":"2025-12-02T13:36:38","slug":"fosta-sefa-a-diplomatiei-ue-federica-mogherini-arestata-pentru-frauda","status":"publish","type":"post","link":"https:\/\/covasna45.ro\/index.php\/lumea-larga\/fosta-sefa-a-diplomatiei-ue-federica-mogherini-arestata-pentru-frauda\/","title":{"rendered":"Fosta \u0219ef\u0103 a diploma\u021biei UE, Federica Mogherini,  arestat\u0103 pentru fraud\u0103"},"content":{"rendered":"\n<p>Fosta \u0219ef\u0103 a diploma\u021biei europene, Federica Mogherini, a fost arestat\u0103 de poli\u021bia din Belgia. Alte dou\u0103 persoane au fost arestate \u00eentr-o anchet\u0103 de fraud\u0103 privind finan\u021barea Academiei Diplomatice, o academie din Bruges pentru tineri diploma\u021bi, scrie <a href=\"https:\/\/www.euractiv.com\/news\/former-eeas-chief-mogherini-top-commission-official-arrested-in-fraud-probe\/\">Euractiv<\/a>. <\/p>\n\n\n\n<p>Poli\u021bia belgian\u0103 a\u00a0perchezi\u021bionat\u00a0serviciul diplomatic al UE, Colegiul Europei, dar \u0219i mai multe locuin\u021be private. Ancheta prive\u0219te o presupus\u0103 utilizare abuziv\u0103 a fondurilor UE.<\/p>\n\n\n\n<h2 class=\"wp-block-heading\">Federica Mogherini este rector al Colegiului Europei din 2020.<\/h2>\n\n\n\n<p>Federica Mogherini a condus Serviciul European de Ac\u021biune Extern\u0103 (SEAE) din 2014 p\u00e2n\u0103 \u00een 2019. Ea este directoare academiei pentru tineri diploma\u021bi din 2022. Un alt angajat al Colegiului Europei, implicat \u00een departamentul de educa\u021bie executiv\u0103, a fost, de asemenea, re\u021binut.<\/p>\n\n\n\n<h2 class=\"wp-block-heading\">Poli\u021bia belgian\u0103 a arestat \u0219i un \u00eenalt func\u021bionar al Comisiei Europene. <\/h2>\n\n\n\n<p>Acesta, Stefano Sannino, a fost secretarul general al SEAE \u00een timpul mandatului lui Mogherini, \u00een perioada \u00een care a fost creat\u0103 Academia Diplomatic\u0103. \u00cen prezent, el este directorul general al departamentului pentru Orientul Mijlociu, Africa de Nord \u0219i Golful din cadrul Comisiei Europene.<\/p>\n\n\n\n<p>Comisia a confirmat prezen\u021ba poli\u021biei mar\u021bi \u00een cl\u0103dirile SEAE, dar a refuzat s\u0103 ofere informa\u021bii suplimentare, ancheta fiind \u00een desf\u0103\u0219urare. Ancheta este coordonat\u0103 de Parchetul European (EPPO), institu\u021bie condus\u0103 de Laura Codru\u021ba Kovesi.<\/p>\n\n\n\n<p>Foto: <a href=\"https:\/\/www.facebook.com\/f.mogherini\">Facebook\/f.mogherini<\/a><\/p>\n\n\n\n<p><\/p>\n","protected":false},"excerpt":{"rendered":"<p>Fosta \u0219ef\u0103 a diploma\u021biei europene, Federica Mogherini, a fost arestat\u0103 de poli\u021bia din Belgia. Alte dou\u0103 persoane au fost arestate \u00eentr-o anchet\u0103 de fraud\u0103 privind finan\u021barea Academiei Diplomatice, o academie din Bruges pentru tineri diploma\u021bi, scrie Euractiv. Poli\u021bia belgian\u0103 a\u00a0perchezi\u021bionat\u00a0serviciul diplomatic al UE, Colegiul Europei, dar \u0219i mai multe locuin\u021be private. Ancheta prive\u0219te o presupus\u0103 [&hellip;]<\/p>\n","protected":false},"author":1,"featured_media":14120,"comment_status":"open","ping_status":"closed","sticky":false,"template":"","format":"standard","meta":{"tdm_status":"","tdm_grid_status":"","footnotes":""},"categories":[10],"tags":[2249,4375,957,47],"class_list":{"0":"post-14119","1":"post","2":"type-post","3":"status-publish","4":"format-standard","5":"has-post-thumbnail","7":"category-lumea-larga","8":"tag-eppo","9":"tag-federica-mogherini","10":"tag-frauda","11":"tag-ue"},"yoast_head":"<!-- This site is optimized with the Yoast SEO plugin v27.4 - https:\/\/yoast.com\/product\/yoast-seo-wordpress\/ -->\n<title>Fosta \u0219ef\u0103 a diploma\u021biei UE, Federica Mogherini, arestat\u0103 pentru fraud\u0103 - Covasna45<\/title>\n<meta name=\"description\" content=\"Federica Mogherini a condus Serviciul European de Ac\u021biune Extern\u0103 (SEAE) din 2014 p\u00e2n\u0103 \u00een 2019. Ea este directoare academiei\" \/>\n<meta name=\"robots\" content=\"index, follow, max-snippet:-1, max-image-preview:large, max-video-preview:-1\" \/>\n<link rel=\"canonical\" href=\"https:\/\/covasna45.ro\/index.php\/lumea-larga\/fosta-sefa-a-diplomatiei-ue-federica-mogherini-arestata-pentru-frauda\/\" \/>\n<meta property=\"og:locale\" content=\"ro_RO\" \/>\n<meta property=\"og:type\" content=\"article\" \/>\n<meta property=\"og:title\" content=\"Fosta \u0219ef\u0103 a diploma\u021biei UE, Federica Mogherini, arestat\u0103 pentru fraud\u0103 - Covasna45\" \/>\n<meta property=\"og:description\" content=\"Federica Mogherini a condus Serviciul European de Ac\u021biune Extern\u0103 (SEAE) din 2014 p\u00e2n\u0103 \u00een 2019. Ea este directoare academiei\" \/>\n<meta property=\"og:url\" content=\"https:\/\/covasna45.ro\/index.php\/lumea-larga\/fosta-sefa-a-diplomatiei-ue-federica-mogherini-arestata-pentru-frauda\/\" \/>\n<meta property=\"og:site_name\" content=\"Covasna45\" \/>\n<meta property=\"article:published_time\" content=\"2025-12-02T13:34:55+00:00\" \/>\n<meta property=\"article:modified_time\" content=\"2025-12-02T13:36:38+00:00\" \/>\n<meta property=\"og:image\" content=\"https:\/\/covasna45.ro\/wp-content\/uploads\/2025\/12\/Mogherini.jpg\" \/>\n\t<meta property=\"og:image:width\" content=\"2048\" \/>\n\t<meta property=\"og:image:height\" content=\"1362\" \/>\n\t<meta property=\"og:image:type\" content=\"image\/jpeg\" \/>\n<meta name=\"author\" content=\"Covasna45\" \/>\n<meta name=\"twitter:card\" content=\"summary_large_image\" \/>\n<meta name=\"twitter:label1\" content=\"Scris de\" \/>\n\t<meta name=\"twitter:data1\" content=\"Covasna45\" \/>\n\t<meta name=\"twitter:label2\" content=\"Timp estimat pentru citire\" \/>\n\t<meta name=\"twitter:data2\" content=\"2 minute\" \/>\n<script type=\"application\/ld+json\" class=\"yoast-schema-graph\">{\"@context\":\"https:\\\/\\\/schema.org\",\"@graph\":[{\"@type\":\"Article\",\"@id\":\"https:\\\/\\\/covasna45.ro\\\/index.php\\\/lumea-larga\\\/fosta-sefa-a-diplomatiei-ue-federica-mogherini-arestata-pentru-frauda\\\/#article\",\"isPartOf\":{\"@id\":\"https:\\\/\\\/covasna45.ro\\\/index.php\\\/lumea-larga\\\/fosta-sefa-a-diplomatiei-ue-federica-mogherini-arestata-pentru-frauda\\\/\"},\"author\":{\"name\":\"Covasna45\",\"@id\":\"https:\\\/\\\/covasna45.ro\\\/#\\\/schema\\\/person\\\/e674052bd7d95d70bbb007a1060ab73c\"},\"headline\":\"Fosta \u0219ef\u0103 a diploma\u021biei UE, Federica Mogherini, arestat\u0103 pentru fraud\u0103\",\"datePublished\":\"2025-12-02T13:34:55+00:00\",\"dateModified\":\"2025-12-02T13:36:38+00:00\",\"mainEntityOfPage\":{\"@id\":\"https:\\\/\\\/covasna45.ro\\\/index.php\\\/lumea-larga\\\/fosta-sefa-a-diplomatiei-ue-federica-mogherini-arestata-pentru-frauda\\\/\"},\"wordCount\":233,\"commentCount\":0,\"publisher\":{\"@id\":\"https:\\\/\\\/covasna45.ro\\\/#organization\"},\"image\":{\"@id\":\"https:\\\/\\\/covasna45.ro\\\/index.php\\\/lumea-larga\\\/fosta-sefa-a-diplomatiei-ue-federica-mogherini-arestata-pentru-frauda\\\/#primaryimage\"},\"thumbnailUrl\":\"https:\\\/\\\/covasna45.ro\\\/wp-content\\\/uploads\\\/2025\\\/12\\\/Mogherini.jpg\",\"keywords\":[\"EPPO\",\"Federica Mogherini\",\"Fraud\u0103\",\"UE\"],\"articleSection\":[\"Lumea larg\u0103\"],\"inLanguage\":\"ro-RO\",\"potentialAction\":[{\"@type\":\"CommentAction\",\"name\":\"Comment\",\"target\":[\"https:\\\/\\\/covasna45.ro\\\/index.php\\\/lumea-larga\\\/fosta-sefa-a-diplomatiei-ue-federica-mogherini-arestata-pentru-frauda\\\/#respond\"]}]},{\"@type\":\"WebPage\",\"@id\":\"https:\\\/\\\/covasna45.ro\\\/index.php\\\/lumea-larga\\\/fosta-sefa-a-diplomatiei-ue-federica-mogherini-arestata-pentru-frauda\\\/\",\"url\":\"https:\\\/\\\/covasna45.ro\\\/index.php\\\/lumea-larga\\\/fosta-sefa-a-diplomatiei-ue-federica-mogherini-arestata-pentru-frauda\\\/\",\"name\":\"Fosta \u0219ef\u0103 a diploma\u021biei UE, Federica Mogherini, arestat\u0103 pentru fraud\u0103 - Covasna45\",\"isPartOf\":{\"@id\":\"https:\\\/\\\/covasna45.ro\\\/#website\"},\"primaryImageOfPage\":{\"@id\":\"https:\\\/\\\/covasna45.ro\\\/index.php\\\/lumea-larga\\\/fosta-sefa-a-diplomatiei-ue-federica-mogherini-arestata-pentru-frauda\\\/#primaryimage\"},\"image\":{\"@id\":\"https:\\\/\\\/covasna45.ro\\\/index.php\\\/lumea-larga\\\/fosta-sefa-a-diplomatiei-ue-federica-mogherini-arestata-pentru-frauda\\\/#primaryimage\"},\"thumbnailUrl\":\"https:\\\/\\\/covasna45.ro\\\/wp-content\\\/uploads\\\/2025\\\/12\\\/Mogherini.jpg\",\"datePublished\":\"2025-12-02T13:34:55+00:00\",\"dateModified\":\"2025-12-02T13:36:38+00:00\",\"description\":\"Federica Mogherini a condus Serviciul European de Ac\u021biune Extern\u0103 (SEAE) din 2014 p\u00e2n\u0103 \u00een 2019. Ea este directoare academiei\",\"breadcrumb\":{\"@id\":\"https:\\\/\\\/covasna45.ro\\\/index.php\\\/lumea-larga\\\/fosta-sefa-a-diplomatiei-ue-federica-mogherini-arestata-pentru-frauda\\\/#breadcrumb\"},\"inLanguage\":\"ro-RO\",\"potentialAction\":[{\"@type\":\"ReadAction\",\"target\":[\"https:\\\/\\\/covasna45.ro\\\/index.php\\\/lumea-larga\\\/fosta-sefa-a-diplomatiei-ue-federica-mogherini-arestata-pentru-frauda\\\/\"]}]},{\"@type\":\"ImageObject\",\"inLanguage\":\"ro-RO\",\"@id\":\"https:\\\/\\\/covasna45.ro\\\/index.php\\\/lumea-larga\\\/fosta-sefa-a-diplomatiei-ue-federica-mogherini-arestata-pentru-frauda\\\/#primaryimage\",\"url\":\"https:\\\/\\\/covasna45.ro\\\/wp-content\\\/uploads\\\/2025\\\/12\\\/Mogherini.jpg\",\"contentUrl\":\"https:\\\/\\\/covasna45.ro\\\/wp-content\\\/uploads\\\/2025\\\/12\\\/Mogherini.jpg\",\"width\":2048,\"height\":1362},{\"@type\":\"BreadcrumbList\",\"@id\":\"https:\\\/\\\/covasna45.ro\\\/index.php\\\/lumea-larga\\\/fosta-sefa-a-diplomatiei-ue-federica-mogherini-arestata-pentru-frauda\\\/#breadcrumb\",\"itemListElement\":[{\"@type\":\"ListItem\",\"position\":1,\"name\":\"Prima pagin\u0103\",\"item\":\"https:\\\/\\\/covasna45.ro\\\/\"},{\"@type\":\"ListItem\",\"position\":2,\"name\":\"Fosta \u0219ef\u0103 a diploma\u021biei UE, Federica Mogherini, arestat\u0103 pentru fraud\u0103\"}]},{\"@type\":\"WebSite\",\"@id\":\"https:\\\/\\\/covasna45.ro\\\/#website\",\"url\":\"https:\\\/\\\/covasna45.ro\\\/\",\"name\":\"covasna45.ro\",\"description\":\"\",\"publisher\":{\"@id\":\"https:\\\/\\\/covasna45.ro\\\/#organization\"},\"potentialAction\":[{\"@type\":\"SearchAction\",\"target\":{\"@type\":\"EntryPoint\",\"urlTemplate\":\"https:\\\/\\\/covasna45.ro\\\/?s={search_term_string}\"},\"query-input\":{\"@type\":\"PropertyValueSpecification\",\"valueRequired\":true,\"valueName\":\"search_term_string\"}}],\"inLanguage\":\"ro-RO\"},{\"@type\":\"Organization\",\"@id\":\"https:\\\/\\\/covasna45.ro\\\/#organization\",\"name\":\"covasna45.ro\",\"url\":\"https:\\\/\\\/covasna45.ro\\\/\",\"logo\":{\"@type\":\"ImageObject\",\"inLanguage\":\"ro-RO\",\"@id\":\"https:\\\/\\\/covasna45.ro\\\/#\\\/schema\\\/logo\\\/image\\\/\",\"url\":\"https:\\\/\\\/covasna45.ro\\\/wp-content\\\/uploads\\\/2023\\\/01\\\/icon_logo.png\",\"contentUrl\":\"https:\\\/\\\/covasna45.ro\\\/wp-content\\\/uploads\\\/2023\\\/01\\\/icon_logo.png\",\"width\":1900,\"height\":1900,\"caption\":\"covasna45.ro\"},\"image\":{\"@id\":\"https:\\\/\\\/covasna45.ro\\\/#\\\/schema\\\/logo\\\/image\\\/\"}},{\"@type\":\"Person\",\"@id\":\"https:\\\/\\\/covasna45.ro\\\/#\\\/schema\\\/person\\\/e674052bd7d95d70bbb007a1060ab73c\",\"name\":\"Covasna45\",\"image\":{\"@type\":\"ImageObject\",\"inLanguage\":\"ro-RO\",\"@id\":\"https:\\\/\\\/covasna45.ro\\\/wp-content\\\/uploads\\\/2025\\\/10\\\/icon_logo_covasna45-150x150.png\",\"url\":\"https:\\\/\\\/covasna45.ro\\\/wp-content\\\/uploads\\\/2025\\\/10\\\/icon_logo_covasna45-150x150.png\",\"contentUrl\":\"https:\\\/\\\/covasna45.ro\\\/wp-content\\\/uploads\\\/2025\\\/10\\\/icon_logo_covasna45-150x150.png\",\"caption\":\"Covasna45\"},\"sameAs\":[\"https:\\\/\\\/covasna45.ro\"],\"url\":\"https:\\\/\\\/covasna45.ro\\\/index.php\\\/author\\\/covasna\\\/\"}]}<\/script>\n<!-- \/ Yoast SEO plugin. -->","yoast_head_json":{"title":"Fosta \u0219ef\u0103 a diploma\u021biei UE, Federica Mogherini, arestat\u0103 pentru fraud\u0103 - Covasna45","description":"Federica Mogherini a condus Serviciul European de Ac\u021biune Extern\u0103 (SEAE) din 2014 p\u00e2n\u0103 \u00een 2019. Ea este directoare academiei","robots":{"index":"index","follow":"follow","max-snippet":"max-snippet:-1","max-image-preview":"max-image-preview:large","max-video-preview":"max-video-preview:-1"},"canonical":"https:\/\/covasna45.ro\/index.php\/lumea-larga\/fosta-sefa-a-diplomatiei-ue-federica-mogherini-arestata-pentru-frauda\/","og_locale":"ro_RO","og_type":"article","og_title":"Fosta \u0219ef\u0103 a diploma\u021biei UE, Federica Mogherini, arestat\u0103 pentru fraud\u0103 - Covasna45","og_description":"Federica Mogherini a condus Serviciul European de Ac\u021biune Extern\u0103 (SEAE) din 2014 p\u00e2n\u0103 \u00een 2019. Ea este directoare academiei","og_url":"https:\/\/covasna45.ro\/index.php\/lumea-larga\/fosta-sefa-a-diplomatiei-ue-federica-mogherini-arestata-pentru-frauda\/","og_site_name":"Covasna45","article_published_time":"2025-12-02T13:34:55+00:00","article_modified_time":"2025-12-02T13:36:38+00:00","og_image":[{"width":2048,"height":1362,"url":"https:\/\/covasna45.ro\/wp-content\/uploads\/2025\/12\/Mogherini.jpg","type":"image\/jpeg"}],"author":"Covasna45","twitter_card":"summary_large_image","twitter_misc":{"Scris de":"Covasna45","Timp estimat pentru citire":"2 minute"},"schema":{"@context":"https:\/\/schema.org","@graph":[{"@type":"Article","@id":"https:\/\/covasna45.ro\/index.php\/lumea-larga\/fosta-sefa-a-diplomatiei-ue-federica-mogherini-arestata-pentru-frauda\/#article","isPartOf":{"@id":"https:\/\/covasna45.ro\/index.php\/lumea-larga\/fosta-sefa-a-diplomatiei-ue-federica-mogherini-arestata-pentru-frauda\/"},"author":{"name":"Covasna45","@id":"https:\/\/covasna45.ro\/#\/schema\/person\/e674052bd7d95d70bbb007a1060ab73c"},"headline":"Fosta \u0219ef\u0103 a diploma\u021biei UE, Federica Mogherini, arestat\u0103 pentru fraud\u0103","datePublished":"2025-12-02T13:34:55+00:00","dateModified":"2025-12-02T13:36:38+00:00","mainEntityOfPage":{"@id":"https:\/\/covasna45.ro\/index.php\/lumea-larga\/fosta-sefa-a-diplomatiei-ue-federica-mogherini-arestata-pentru-frauda\/"},"wordCount":233,"commentCount":0,"publisher":{"@id":"https:\/\/covasna45.ro\/#organization"},"image":{"@id":"https:\/\/covasna45.ro\/index.php\/lumea-larga\/fosta-sefa-a-diplomatiei-ue-federica-mogherini-arestata-pentru-frauda\/#primaryimage"},"thumbnailUrl":"https:\/\/covasna45.ro\/wp-content\/uploads\/2025\/12\/Mogherini.jpg","keywords":["EPPO","Federica Mogherini","Fraud\u0103","UE"],"articleSection":["Lumea larg\u0103"],"inLanguage":"ro-RO","potentialAction":[{"@type":"CommentAction","name":"Comment","target":["https:\/\/covasna45.ro\/index.php\/lumea-larga\/fosta-sefa-a-diplomatiei-ue-federica-mogherini-arestata-pentru-frauda\/#respond"]}]},{"@type":"WebPage","@id":"https:\/\/covasna45.ro\/index.php\/lumea-larga\/fosta-sefa-a-diplomatiei-ue-federica-mogherini-arestata-pentru-frauda\/","url":"https:\/\/covasna45.ro\/index.php\/lumea-larga\/fosta-sefa-a-diplomatiei-ue-federica-mogherini-arestata-pentru-frauda\/","name":"Fosta \u0219ef\u0103 a diploma\u021biei UE, Federica Mogherini, arestat\u0103 pentru fraud\u0103 - Covasna45","isPartOf":{"@id":"https:\/\/covasna45.ro\/#website"},"primaryImageOfPage":{"@id":"https:\/\/covasna45.ro\/index.php\/lumea-larga\/fosta-sefa-a-diplomatiei-ue-federica-mogherini-arestata-pentru-frauda\/#primaryimage"},"image":{"@id":"https:\/\/covasna45.ro\/index.php\/lumea-larga\/fosta-sefa-a-diplomatiei-ue-federica-mogherini-arestata-pentru-frauda\/#primaryimage"},"thumbnailUrl":"https:\/\/covasna45.ro\/wp-content\/uploads\/2025\/12\/Mogherini.jpg","datePublished":"2025-12-02T13:34:55+00:00","dateModified":"2025-12-02T13:36:38+00:00","description":"Federica Mogherini a condus Serviciul European de Ac\u021biune Extern\u0103 (SEAE) din 2014 p\u00e2n\u0103 \u00een 2019. Ea este directoare academiei","breadcrumb":{"@id":"https:\/\/covasna45.ro\/index.php\/lumea-larga\/fosta-sefa-a-diplomatiei-ue-federica-mogherini-arestata-pentru-frauda\/#breadcrumb"},"inLanguage":"ro-RO","potentialAction":[{"@type":"ReadAction","target":["https:\/\/covasna45.ro\/index.php\/lumea-larga\/fosta-sefa-a-diplomatiei-ue-federica-mogherini-arestata-pentru-frauda\/"]}]},{"@type":"ImageObject","inLanguage":"ro-RO","@id":"https:\/\/covasna45.ro\/index.php\/lumea-larga\/fosta-sefa-a-diplomatiei-ue-federica-mogherini-arestata-pentru-frauda\/#primaryimage","url":"https:\/\/covasna45.ro\/wp-content\/uploads\/2025\/12\/Mogherini.jpg","contentUrl":"https:\/\/covasna45.ro\/wp-content\/uploads\/2025\/12\/Mogherini.jpg","width":2048,"height":1362},{"@type":"BreadcrumbList","@id":"https:\/\/covasna45.ro\/index.php\/lumea-larga\/fosta-sefa-a-diplomatiei-ue-federica-mogherini-arestata-pentru-frauda\/#breadcrumb","itemListElement":[{"@type":"ListItem","position":1,"name":"Prima pagin\u0103","item":"https:\/\/covasna45.ro\/"},{"@type":"ListItem","position":2,"name":"Fosta \u0219ef\u0103 a diploma\u021biei UE, Federica Mogherini, arestat\u0103 pentru fraud\u0103"}]},{"@type":"WebSite","@id":"https:\/\/covasna45.ro\/#website","url":"https:\/\/covasna45.ro\/","name":"covasna45.ro","description":"","publisher":{"@id":"https:\/\/covasna45.ro\/#organization"},"potentialAction":[{"@type":"SearchAction","target":{"@type":"EntryPoint","urlTemplate":"https:\/\/covasna45.ro\/?s={search_term_string}"},"query-input":{"@type":"PropertyValueSpecification","valueRequired":true,"valueName":"search_term_string"}}],"inLanguage":"ro-RO"},{"@type":"Organization","@id":"https:\/\/covasna45.ro\/#organization","name":"covasna45.ro","url":"https:\/\/covasna45.ro\/","logo":{"@type":"ImageObject","inLanguage":"ro-RO","@id":"https:\/\/covasna45.ro\/#\/schema\/logo\/image\/","url":"https:\/\/covasna45.ro\/wp-content\/uploads\/2023\/01\/icon_logo.png","contentUrl":"https:\/\/covasna45.ro\/wp-content\/uploads\/2023\/01\/icon_logo.png","width":1900,"height":1900,"caption":"covasna45.ro"},"image":{"@id":"https:\/\/covasna45.ro\/#\/schema\/logo\/image\/"}},{"@type":"Person","@id":"https:\/\/covasna45.ro\/#\/schema\/person\/e674052bd7d95d70bbb007a1060ab73c","name":"Covasna45","image":{"@type":"ImageObject","inLanguage":"ro-RO","@id":"https:\/\/covasna45.ro\/wp-content\/uploads\/2025\/10\/icon_logo_covasna45-150x150.png","url":"https:\/\/covasna45.ro\/wp-content\/uploads\/2025\/10\/icon_logo_covasna45-150x150.png","contentUrl":"https:\/\/covasna45.ro\/wp-content\/uploads\/2025\/10\/icon_logo_covasna45-150x150.png","caption":"Covasna45"},"sameAs":["https:\/\/covasna45.ro"],"url":"https:\/\/covasna45.ro\/index.php\/author\/covasna\/"}]}},"_links":{"self":[{"href":"https:\/\/covasna45.ro\/index.php\/wp-json\/wp\/v2\/posts\/14119","targetHints":{"allow":["GET"]}}],"collection":[{"href":"https:\/\/covasna45.ro\/index.php\/wp-json\/wp\/v2\/posts"}],"about":[{"href":"https:\/\/covasna45.ro\/index.php\/wp-json\/wp\/v2\/types\/post"}],"author":[{"embeddable":true,"href":"https:\/\/covasna45.ro\/index.php\/wp-json\/wp\/v2\/users\/1"}],"replies":[{"embeddable":true,"href":"https:\/\/covasna45.ro\/index.php\/wp-json\/wp\/v2\/comments?post=14119"}],"version-history":[{"count":1,"href":"https:\/\/covasna45.ro\/index.php\/wp-json\/wp\/v2\/posts\/14119\/revisions"}],"predecessor-version":[{"id":14121,"href":"https:\/\/covasna45.ro\/index.php\/wp-json\/wp\/v2\/posts\/14119\/revisions\/14121"}],"wp:featuredmedia":[{"embeddable":true,"href":"https:\/\/covasna45.ro\/index.php\/wp-json\/wp\/v2\/media\/14120"}],"wp:attachment":[{"href":"https:\/\/covasna45.ro\/index.php\/wp-json\/wp\/v2\/media?parent=14119"}],"wp:term":[{"taxonomy":"category","embeddable":true,"href":"https:\/\/covasna45.ro\/index.php\/wp-json\/wp\/v2\/categories?post=14119"},{"taxonomy":"post_tag","embeddable":true,"href":"https:\/\/covasna45.ro\/index.php\/wp-json\/wp\/v2\/tags?post=14119"}],"curies":[{"name":"wp","href":"https:\/\/api.w.org\/{rel}","templated":true}]}}