{"id":14162,"date":"2025-12-09T08:56:45","date_gmt":"2025-12-09T06:56:45","guid":{"rendered":"https:\/\/covasna45.ro\/?p=14162"},"modified":"2025-12-09T08:56:46","modified_gmt":"2025-12-09T06:56:46","slug":"traian-basescu-explica-victoria-lui-ciprian-ciucu-la-bucuresti","status":"publish","type":"post","link":"https:\/\/covasna45.ro\/index.php\/lumea-noastra\/traian-basescu-explica-victoria-lui-ciprian-ciucu-la-bucuresti\/","title":{"rendered":"Traian B\u0103sescu explic\u0103 victoria lui Ciprian Ciucu la Bucure\u0219ti"},"content":{"rendered":"\n<p>Fostul pre\u0219edinte \u0219i fostul primar al Bucure\u0219tilor, Traian B\u0103sescu, a analizat alegerile pentru prim\u0103ria Capitalei. El a l\u0103udat, la <a href=\"https:\/\/www.romaniatv.net\/traian-basescu-afirma-ca-victoria-lui-ciprian-ciucu-va-consolida-pozitia-lui-ilie-bolojan-in-coalitia-de-guvernare-imaginati-va-cum-arata-grindeanu-daca-ar-fi-castigat-baluta-cred-ca-avea_9286912.html?uord=OqayvoCksl3%3DH8%3DzZEDAPWRRIEFQKPJ%3D9cAo-rF3jlKkiYclHSatM22MU0CsQGeiQQvJPdlzYrGJrnh%3DoGPGQ6itZco8RWCAIE5QU0us\/H84PbJxiVhbiV3vHSWxMcliSWZPUkF6\">Rom\u00e2nia TV<\/a>, presta\u021bia lui Ciprian Ciucu din campania electoral\u0103. B\u0103sescu a mai spus c\u0103 Ilie Bolojan iese mai puternic dup\u0103 victoria candidatului pe care l-a sus\u021binut.<\/p>\n\n\n\n<h2 class=\"wp-block-heading\">Traian B\u0103sescu i-a criticat dur pe ceilal\u021bi candida\u021bi.<\/h2>\n\n\n\n<p><strong><em>\u201eP\u00e2n\u0103 la urm\u0103, speran\u021bele PSD-ului s\u0103 c\u00e2\u0219tige prin jocul murdar f\u0103cut de Grindeanu \u00een coali\u021bie a e\u0219uat. Bucure\u0219tenii nu pot fi p\u0103c\u0103li\u021bi de un \u0219mechera\u0219 care, pe de o parte, e de acord cu m\u0103surile de austeritate, pe urm\u0103 iese \u0219i face declara\u021bii c\u0103 nu e de acord<\/em><\/strong>.<\/p>\n\n\n\n<p><strong><em>Bucure\u0219tenii i-au dat o lec\u021bie \u0219i lui, dar \u0219i USR-ului<\/em><\/strong>.<strong><em> S\u0103-l vezi pe domnul Drul\u0103 cu 12%, trebuie s\u0103 te g\u00e2nde\u0219ti la ce s-a \u00eent\u00e2mplat \u0219i la Salina Praid \u0219i acum cu 100.000 de cet\u0103\u021beni care nu au ap\u0103.<\/em><\/strong> <strong><em>Dar \u0219i la<\/em><\/strong> <strong><em>faptul c\u0103, politic, nu a fost \u00een m\u0103sur\u0103 s\u0103 \u00ee\u0219i recunoasc\u0103 responsabilitatea<\/em><\/strong>. <strong><em>Pur \u0219i simplu, respinge orice fel de responsabilitate.<\/em><\/strong><\/p>\n\n\n\n<p><strong><em>A\u0219 spune c\u0103 domnul B\u0103lu\u021b\u0103 are rezultatul lui Grindeanu<\/em><\/strong>.<strong><em> Iar domnul Drul\u0103 are rezultatul celor \u00eent\u00e2mplate la Ministerul Mediului \u0219i nerecunoscute\u201d,<\/em><\/strong>\u00a0a spus Traian B\u0103sescu.<\/p>\n\n\n\n<h2 class=\"wp-block-heading\">Fostul pre\u0219edinte a spus c\u0103 Anca Alexandrescu a foat prea agresiv\u0103.<\/h2>\n\n\n\n<p><em><strong>\u201eMai putem trage o concluzie, \u0219i anume, aceea c\u0103 suverani\u0219tii nu sunt at\u00e2t de puternici \u0219i de neb\u0103tut precum declarau p\u00e2n\u0103 acum. P\u00e2n\u0103 la urm\u0103, doamna Alexandrescu a ad\u0103ugat ceva la zestrea pe care i-a dat-o partidul. A vrut s\u0103 c\u00e2\u0219tige, sloganul \u00abmar\u0219, m\u0103\u00bb nu a func\u021bionat p\u00e2n\u0103 la cap\u0103t \u0219i s-a dovedit a fi respins\u0103 de bucure\u0219teni ca \u0219i comportament\u201d,<\/strong><\/em> a mai declarat Traian B\u0103sescu.<\/p>\n\n\n\n<p><\/p>\n","protected":false},"excerpt":{"rendered":"<p>Fostul pre\u0219edinte \u0219i fostul primar al Bucure\u0219tilor, Traian B\u0103sescu, a analizat alegerile pentru prim\u0103ria Capitalei. El a l\u0103udat, la Rom\u00e2nia TV, presta\u021bia lui Ciprian Ciucu din campania electoral\u0103. B\u0103sescu a mai spus c\u0103 Ilie Bolojan iese mai puternic dup\u0103 victoria candidatului pe care l-a sus\u021binut. Traian B\u0103sescu i-a criticat dur pe ceilal\u021bi candida\u021bi. \u201eP\u00e2n\u0103 la [&hellip;]<\/p>\n","protected":false},"author":1,"featured_media":14163,"comment_status":"open","ping_status":"closed","sticky":false,"template":"","format":"standard","meta":{"tdm_status":"","tdm_grid_status":"","footnotes":""},"categories":[14],"tags":[340,4390,3856,4389,3142],"class_list":{"0":"post-14162","1":"post","2":"type-post","3":"status-publish","4":"format-standard","5":"has-post-thumbnail","7":"category-lumea-noastra","8":"tag-alegeri","9":"tag-anca-alexandrescu","10":"tag-bucuresti-2","11":"tag-ciprian-ciucu","12":"tag-traian-basescu-2"},"yoast_head":"<!-- This site is optimized with the Yoast SEO plugin v27.5 - https:\/\/yoast.com\/product\/yoast-seo-wordpress\/ -->\n<title>Traian B\u0103sescu explic\u0103 victoria lui Ciprian Ciucu la Bucure\u0219ti - Covasna45<\/title>\n<meta name=\"description\" content=\"Fostul pre\u0219edinte \u0219i fostul primar al Bucure\u0219tilor, Traian B\u0103sescu, a analizat alegerile pentru prim\u0103ria Capitalei.\" \/>\n<meta name=\"robots\" content=\"index, follow, max-snippet:-1, max-image-preview:large, max-video-preview:-1\" \/>\n<link rel=\"canonical\" href=\"https:\/\/covasna45.ro\/index.php\/lumea-noastra\/traian-basescu-explica-victoria-lui-ciprian-ciucu-la-bucuresti\/\" \/>\n<meta property=\"og:locale\" content=\"ro_RO\" \/>\n<meta property=\"og:type\" content=\"article\" \/>\n<meta property=\"og:title\" content=\"Traian B\u0103sescu explic\u0103 victoria lui Ciprian Ciucu la Bucure\u0219ti - Covasna45\" \/>\n<meta property=\"og:description\" content=\"Fostul pre\u0219edinte \u0219i fostul primar al Bucure\u0219tilor, Traian B\u0103sescu, a analizat alegerile pentru prim\u0103ria Capitalei.\" \/>\n<meta property=\"og:url\" content=\"https:\/\/covasna45.ro\/index.php\/lumea-noastra\/traian-basescu-explica-victoria-lui-ciprian-ciucu-la-bucuresti\/\" \/>\n<meta property=\"og:site_name\" content=\"Covasna45\" \/>\n<meta property=\"article:published_time\" content=\"2025-12-09T06:56:45+00:00\" \/>\n<meta property=\"article:modified_time\" content=\"2025-12-09T06:56:46+00:00\" \/>\n<meta property=\"og:image\" content=\"https:\/\/covasna45.ro\/wp-content\/uploads\/2025\/12\/Basescu.png\" \/>\n\t<meta property=\"og:image:width\" content=\"960\" \/>\n\t<meta property=\"og:image:height\" content=\"720\" \/>\n\t<meta property=\"og:image:type\" content=\"image\/png\" \/>\n<meta name=\"author\" content=\"Covasna45\" \/>\n<meta name=\"twitter:card\" content=\"summary_large_image\" \/>\n<meta name=\"twitter:label1\" content=\"Scris de\" \/>\n\t<meta name=\"twitter:data1\" content=\"Covasna45\" \/>\n\t<meta name=\"twitter:label2\" content=\"Timp estimat pentru citire\" \/>\n\t<meta name=\"twitter:data2\" content=\"2 minute\" \/>\n<script type=\"application\/ld+json\" class=\"yoast-schema-graph\">{\"@context\":\"https:\\\/\\\/schema.org\",\"@graph\":[{\"@type\":\"Article\",\"@id\":\"https:\\\/\\\/covasna45.ro\\\/index.php\\\/lumea-noastra\\\/traian-basescu-explica-victoria-lui-ciprian-ciucu-la-bucuresti\\\/#article\",\"isPartOf\":{\"@id\":\"https:\\\/\\\/covasna45.ro\\\/index.php\\\/lumea-noastra\\\/traian-basescu-explica-victoria-lui-ciprian-ciucu-la-bucuresti\\\/\"},\"author\":{\"name\":\"Covasna45\",\"@id\":\"https:\\\/\\\/covasna45.ro\\\/#\\\/schema\\\/person\\\/e674052bd7d95d70bbb007a1060ab73c\"},\"headline\":\"Traian B\u0103sescu explic\u0103 victoria lui Ciprian Ciucu la Bucure\u0219ti\",\"datePublished\":\"2025-12-09T06:56:45+00:00\",\"dateModified\":\"2025-12-09T06:56:46+00:00\",\"mainEntityOfPage\":{\"@id\":\"https:\\\/\\\/covasna45.ro\\\/index.php\\\/lumea-noastra\\\/traian-basescu-explica-victoria-lui-ciprian-ciucu-la-bucuresti\\\/\"},\"wordCount\":322,\"commentCount\":0,\"publisher\":{\"@id\":\"https:\\\/\\\/covasna45.ro\\\/#organization\"},\"image\":{\"@id\":\"https:\\\/\\\/covasna45.ro\\\/index.php\\\/lumea-noastra\\\/traian-basescu-explica-victoria-lui-ciprian-ciucu-la-bucuresti\\\/#primaryimage\"},\"thumbnailUrl\":\"https:\\\/\\\/covasna45.ro\\\/wp-content\\\/uploads\\\/2025\\\/12\\\/Basescu.png\",\"keywords\":[\"Alegeri\",\"Anca Alexandrescu\",\"Bucure\u0219ti\",\"Ciprian Ciucu\",\"Traian B\u0103sescu\"],\"articleSection\":[\"Lumea noastr\u0103\"],\"inLanguage\":\"ro-RO\",\"potentialAction\":[{\"@type\":\"CommentAction\",\"name\":\"Comment\",\"target\":[\"https:\\\/\\\/covasna45.ro\\\/index.php\\\/lumea-noastra\\\/traian-basescu-explica-victoria-lui-ciprian-ciucu-la-bucuresti\\\/#respond\"]}]},{\"@type\":\"WebPage\",\"@id\":\"https:\\\/\\\/covasna45.ro\\\/index.php\\\/lumea-noastra\\\/traian-basescu-explica-victoria-lui-ciprian-ciucu-la-bucuresti\\\/\",\"url\":\"https:\\\/\\\/covasna45.ro\\\/index.php\\\/lumea-noastra\\\/traian-basescu-explica-victoria-lui-ciprian-ciucu-la-bucuresti\\\/\",\"name\":\"Traian B\u0103sescu explic\u0103 victoria lui Ciprian Ciucu la Bucure\u0219ti - Covasna45\",\"isPartOf\":{\"@id\":\"https:\\\/\\\/covasna45.ro\\\/#website\"},\"primaryImageOfPage\":{\"@id\":\"https:\\\/\\\/covasna45.ro\\\/index.php\\\/lumea-noastra\\\/traian-basescu-explica-victoria-lui-ciprian-ciucu-la-bucuresti\\\/#primaryimage\"},\"image\":{\"@id\":\"https:\\\/\\\/covasna45.ro\\\/index.php\\\/lumea-noastra\\\/traian-basescu-explica-victoria-lui-ciprian-ciucu-la-bucuresti\\\/#primaryimage\"},\"thumbnailUrl\":\"https:\\\/\\\/covasna45.ro\\\/wp-content\\\/uploads\\\/2025\\\/12\\\/Basescu.png\",\"datePublished\":\"2025-12-09T06:56:45+00:00\",\"dateModified\":\"2025-12-09T06:56:46+00:00\",\"description\":\"Fostul pre\u0219edinte \u0219i fostul primar al Bucure\u0219tilor, Traian B\u0103sescu, a analizat alegerile pentru prim\u0103ria Capitalei.\",\"breadcrumb\":{\"@id\":\"https:\\\/\\\/covasna45.ro\\\/index.php\\\/lumea-noastra\\\/traian-basescu-explica-victoria-lui-ciprian-ciucu-la-bucuresti\\\/#breadcrumb\"},\"inLanguage\":\"ro-RO\",\"potentialAction\":[{\"@type\":\"ReadAction\",\"target\":[\"https:\\\/\\\/covasna45.ro\\\/index.php\\\/lumea-noastra\\\/traian-basescu-explica-victoria-lui-ciprian-ciucu-la-bucuresti\\\/\"]}]},{\"@type\":\"ImageObject\",\"inLanguage\":\"ro-RO\",\"@id\":\"https:\\\/\\\/covasna45.ro\\\/index.php\\\/lumea-noastra\\\/traian-basescu-explica-victoria-lui-ciprian-ciucu-la-bucuresti\\\/#primaryimage\",\"url\":\"https:\\\/\\\/covasna45.ro\\\/wp-content\\\/uploads\\\/2025\\\/12\\\/Basescu.png\",\"contentUrl\":\"https:\\\/\\\/covasna45.ro\\\/wp-content\\\/uploads\\\/2025\\\/12\\\/Basescu.png\",\"width\":960,\"height\":720},{\"@type\":\"BreadcrumbList\",\"@id\":\"https:\\\/\\\/covasna45.ro\\\/index.php\\\/lumea-noastra\\\/traian-basescu-explica-victoria-lui-ciprian-ciucu-la-bucuresti\\\/#breadcrumb\",\"itemListElement\":[{\"@type\":\"ListItem\",\"position\":1,\"name\":\"Prima pagin\u0103\",\"item\":\"https:\\\/\\\/covasna45.ro\\\/\"},{\"@type\":\"ListItem\",\"position\":2,\"name\":\"Traian B\u0103sescu explic\u0103 victoria lui Ciprian Ciucu la Bucure\u0219ti\"}]},{\"@type\":\"WebSite\",\"@id\":\"https:\\\/\\\/covasna45.ro\\\/#website\",\"url\":\"https:\\\/\\\/covasna45.ro\\\/\",\"name\":\"covasna45.ro\",\"description\":\"\",\"publisher\":{\"@id\":\"https:\\\/\\\/covasna45.ro\\\/#organization\"},\"potentialAction\":[{\"@type\":\"SearchAction\",\"target\":{\"@type\":\"EntryPoint\",\"urlTemplate\":\"https:\\\/\\\/covasna45.ro\\\/?s={search_term_string}\"},\"query-input\":{\"@type\":\"PropertyValueSpecification\",\"valueRequired\":true,\"valueName\":\"search_term_string\"}}],\"inLanguage\":\"ro-RO\"},{\"@type\":\"Organization\",\"@id\":\"https:\\\/\\\/covasna45.ro\\\/#organization\",\"name\":\"covasna45.ro\",\"url\":\"https:\\\/\\\/covasna45.ro\\\/\",\"logo\":{\"@type\":\"ImageObject\",\"inLanguage\":\"ro-RO\",\"@id\":\"https:\\\/\\\/covasna45.ro\\\/#\\\/schema\\\/logo\\\/image\\\/\",\"url\":\"https:\\\/\\\/covasna45.ro\\\/wp-content\\\/uploads\\\/2023\\\/01\\\/icon_logo.png\",\"contentUrl\":\"https:\\\/\\\/covasna45.ro\\\/wp-content\\\/uploads\\\/2023\\\/01\\\/icon_logo.png\",\"width\":1900,\"height\":1900,\"caption\":\"covasna45.ro\"},\"image\":{\"@id\":\"https:\\\/\\\/covasna45.ro\\\/#\\\/schema\\\/logo\\\/image\\\/\"}},{\"@type\":\"Person\",\"@id\":\"https:\\\/\\\/covasna45.ro\\\/#\\\/schema\\\/person\\\/e674052bd7d95d70bbb007a1060ab73c\",\"name\":\"Covasna45\",\"image\":{\"@type\":\"ImageObject\",\"inLanguage\":\"ro-RO\",\"@id\":\"https:\\\/\\\/covasna45.ro\\\/wp-content\\\/uploads\\\/2025\\\/10\\\/icon_logo_covasna45-150x150.png\",\"url\":\"https:\\\/\\\/covasna45.ro\\\/wp-content\\\/uploads\\\/2025\\\/10\\\/icon_logo_covasna45-150x150.png\",\"contentUrl\":\"https:\\\/\\\/covasna45.ro\\\/wp-content\\\/uploads\\\/2025\\\/10\\\/icon_logo_covasna45-150x150.png\",\"caption\":\"Covasna45\"},\"sameAs\":[\"https:\\\/\\\/covasna45.ro\"],\"url\":\"https:\\\/\\\/covasna45.ro\\\/index.php\\\/author\\\/covasna\\\/\"}]}<\/script>\n<!-- \/ Yoast SEO plugin. -->","yoast_head_json":{"title":"Traian B\u0103sescu explic\u0103 victoria lui Ciprian Ciucu la Bucure\u0219ti - Covasna45","description":"Fostul pre\u0219edinte \u0219i fostul primar al Bucure\u0219tilor, Traian B\u0103sescu, a analizat alegerile pentru prim\u0103ria Capitalei.","robots":{"index":"index","follow":"follow","max-snippet":"max-snippet:-1","max-image-preview":"max-image-preview:large","max-video-preview":"max-video-preview:-1"},"canonical":"https:\/\/covasna45.ro\/index.php\/lumea-noastra\/traian-basescu-explica-victoria-lui-ciprian-ciucu-la-bucuresti\/","og_locale":"ro_RO","og_type":"article","og_title":"Traian B\u0103sescu explic\u0103 victoria lui Ciprian Ciucu la Bucure\u0219ti - Covasna45","og_description":"Fostul pre\u0219edinte \u0219i fostul primar al Bucure\u0219tilor, Traian B\u0103sescu, a analizat alegerile pentru prim\u0103ria Capitalei.","og_url":"https:\/\/covasna45.ro\/index.php\/lumea-noastra\/traian-basescu-explica-victoria-lui-ciprian-ciucu-la-bucuresti\/","og_site_name":"Covasna45","article_published_time":"2025-12-09T06:56:45+00:00","article_modified_time":"2025-12-09T06:56:46+00:00","og_image":[{"width":960,"height":720,"url":"https:\/\/covasna45.ro\/wp-content\/uploads\/2025\/12\/Basescu.png","type":"image\/png"}],"author":"Covasna45","twitter_card":"summary_large_image","twitter_misc":{"Scris de":"Covasna45","Timp estimat pentru citire":"2 minute"},"schema":{"@context":"https:\/\/schema.org","@graph":[{"@type":"Article","@id":"https:\/\/covasna45.ro\/index.php\/lumea-noastra\/traian-basescu-explica-victoria-lui-ciprian-ciucu-la-bucuresti\/#article","isPartOf":{"@id":"https:\/\/covasna45.ro\/index.php\/lumea-noastra\/traian-basescu-explica-victoria-lui-ciprian-ciucu-la-bucuresti\/"},"author":{"name":"Covasna45","@id":"https:\/\/covasna45.ro\/#\/schema\/person\/e674052bd7d95d70bbb007a1060ab73c"},"headline":"Traian B\u0103sescu explic\u0103 victoria lui Ciprian Ciucu la Bucure\u0219ti","datePublished":"2025-12-09T06:56:45+00:00","dateModified":"2025-12-09T06:56:46+00:00","mainEntityOfPage":{"@id":"https:\/\/covasna45.ro\/index.php\/lumea-noastra\/traian-basescu-explica-victoria-lui-ciprian-ciucu-la-bucuresti\/"},"wordCount":322,"commentCount":0,"publisher":{"@id":"https:\/\/covasna45.ro\/#organization"},"image":{"@id":"https:\/\/covasna45.ro\/index.php\/lumea-noastra\/traian-basescu-explica-victoria-lui-ciprian-ciucu-la-bucuresti\/#primaryimage"},"thumbnailUrl":"https:\/\/covasna45.ro\/wp-content\/uploads\/2025\/12\/Basescu.png","keywords":["Alegeri","Anca Alexandrescu","Bucure\u0219ti","Ciprian Ciucu","Traian B\u0103sescu"],"articleSection":["Lumea noastr\u0103"],"inLanguage":"ro-RO","potentialAction":[{"@type":"CommentAction","name":"Comment","target":["https:\/\/covasna45.ro\/index.php\/lumea-noastra\/traian-basescu-explica-victoria-lui-ciprian-ciucu-la-bucuresti\/#respond"]}]},{"@type":"WebPage","@id":"https:\/\/covasna45.ro\/index.php\/lumea-noastra\/traian-basescu-explica-victoria-lui-ciprian-ciucu-la-bucuresti\/","url":"https:\/\/covasna45.ro\/index.php\/lumea-noastra\/traian-basescu-explica-victoria-lui-ciprian-ciucu-la-bucuresti\/","name":"Traian B\u0103sescu explic\u0103 victoria lui Ciprian Ciucu la Bucure\u0219ti - Covasna45","isPartOf":{"@id":"https:\/\/covasna45.ro\/#website"},"primaryImageOfPage":{"@id":"https:\/\/covasna45.ro\/index.php\/lumea-noastra\/traian-basescu-explica-victoria-lui-ciprian-ciucu-la-bucuresti\/#primaryimage"},"image":{"@id":"https:\/\/covasna45.ro\/index.php\/lumea-noastra\/traian-basescu-explica-victoria-lui-ciprian-ciucu-la-bucuresti\/#primaryimage"},"thumbnailUrl":"https:\/\/covasna45.ro\/wp-content\/uploads\/2025\/12\/Basescu.png","datePublished":"2025-12-09T06:56:45+00:00","dateModified":"2025-12-09T06:56:46+00:00","description":"Fostul pre\u0219edinte \u0219i fostul primar al Bucure\u0219tilor, Traian B\u0103sescu, a analizat alegerile pentru prim\u0103ria Capitalei.","breadcrumb":{"@id":"https:\/\/covasna45.ro\/index.php\/lumea-noastra\/traian-basescu-explica-victoria-lui-ciprian-ciucu-la-bucuresti\/#breadcrumb"},"inLanguage":"ro-RO","potentialAction":[{"@type":"ReadAction","target":["https:\/\/covasna45.ro\/index.php\/lumea-noastra\/traian-basescu-explica-victoria-lui-ciprian-ciucu-la-bucuresti\/"]}]},{"@type":"ImageObject","inLanguage":"ro-RO","@id":"https:\/\/covasna45.ro\/index.php\/lumea-noastra\/traian-basescu-explica-victoria-lui-ciprian-ciucu-la-bucuresti\/#primaryimage","url":"https:\/\/covasna45.ro\/wp-content\/uploads\/2025\/12\/Basescu.png","contentUrl":"https:\/\/covasna45.ro\/wp-content\/uploads\/2025\/12\/Basescu.png","width":960,"height":720},{"@type":"BreadcrumbList","@id":"https:\/\/covasna45.ro\/index.php\/lumea-noastra\/traian-basescu-explica-victoria-lui-ciprian-ciucu-la-bucuresti\/#breadcrumb","itemListElement":[{"@type":"ListItem","position":1,"name":"Prima pagin\u0103","item":"https:\/\/covasna45.ro\/"},{"@type":"ListItem","position":2,"name":"Traian B\u0103sescu explic\u0103 victoria lui Ciprian Ciucu la Bucure\u0219ti"}]},{"@type":"WebSite","@id":"https:\/\/covasna45.ro\/#website","url":"https:\/\/covasna45.ro\/","name":"covasna45.ro","description":"","publisher":{"@id":"https:\/\/covasna45.ro\/#organization"},"potentialAction":[{"@type":"SearchAction","target":{"@type":"EntryPoint","urlTemplate":"https:\/\/covasna45.ro\/?s={search_term_string}"},"query-input":{"@type":"PropertyValueSpecification","valueRequired":true,"valueName":"search_term_string"}}],"inLanguage":"ro-RO"},{"@type":"Organization","@id":"https:\/\/covasna45.ro\/#organization","name":"covasna45.ro","url":"https:\/\/covasna45.ro\/","logo":{"@type":"ImageObject","inLanguage":"ro-RO","@id":"https:\/\/covasna45.ro\/#\/schema\/logo\/image\/","url":"https:\/\/covasna45.ro\/wp-content\/uploads\/2023\/01\/icon_logo.png","contentUrl":"https:\/\/covasna45.ro\/wp-content\/uploads\/2023\/01\/icon_logo.png","width":1900,"height":1900,"caption":"covasna45.ro"},"image":{"@id":"https:\/\/covasna45.ro\/#\/schema\/logo\/image\/"}},{"@type":"Person","@id":"https:\/\/covasna45.ro\/#\/schema\/person\/e674052bd7d95d70bbb007a1060ab73c","name":"Covasna45","image":{"@type":"ImageObject","inLanguage":"ro-RO","@id":"https:\/\/covasna45.ro\/wp-content\/uploads\/2025\/10\/icon_logo_covasna45-150x150.png","url":"https:\/\/covasna45.ro\/wp-content\/uploads\/2025\/10\/icon_logo_covasna45-150x150.png","contentUrl":"https:\/\/covasna45.ro\/wp-content\/uploads\/2025\/10\/icon_logo_covasna45-150x150.png","caption":"Covasna45"},"sameAs":["https:\/\/covasna45.ro"],"url":"https:\/\/covasna45.ro\/index.php\/author\/covasna\/"}]}},"_links":{"self":[{"href":"https:\/\/covasna45.ro\/index.php\/wp-json\/wp\/v2\/posts\/14162","targetHints":{"allow":["GET"]}}],"collection":[{"href":"https:\/\/covasna45.ro\/index.php\/wp-json\/wp\/v2\/posts"}],"about":[{"href":"https:\/\/covasna45.ro\/index.php\/wp-json\/wp\/v2\/types\/post"}],"author":[{"embeddable":true,"href":"https:\/\/covasna45.ro\/index.php\/wp-json\/wp\/v2\/users\/1"}],"replies":[{"embeddable":true,"href":"https:\/\/covasna45.ro\/index.php\/wp-json\/wp\/v2\/comments?post=14162"}],"version-history":[{"count":1,"href":"https:\/\/covasna45.ro\/index.php\/wp-json\/wp\/v2\/posts\/14162\/revisions"}],"predecessor-version":[{"id":14164,"href":"https:\/\/covasna45.ro\/index.php\/wp-json\/wp\/v2\/posts\/14162\/revisions\/14164"}],"wp:featuredmedia":[{"embeddable":true,"href":"https:\/\/covasna45.ro\/index.php\/wp-json\/wp\/v2\/media\/14163"}],"wp:attachment":[{"href":"https:\/\/covasna45.ro\/index.php\/wp-json\/wp\/v2\/media?parent=14162"}],"wp:term":[{"taxonomy":"category","embeddable":true,"href":"https:\/\/covasna45.ro\/index.php\/wp-json\/wp\/v2\/categories?post=14162"},{"taxonomy":"post_tag","embeddable":true,"href":"https:\/\/covasna45.ro\/index.php\/wp-json\/wp\/v2\/tags?post=14162"}],"curies":[{"name":"wp","href":"https:\/\/api.w.org\/{rel}","templated":true}]}}