{"id":14184,"date":"2025-12-11T17:38:53","date_gmt":"2025-12-11T15:38:53","guid":{"rendered":"https:\/\/covasna45.ro\/?p=14184"},"modified":"2025-12-12T09:09:33","modified_gmt":"2025-12-12T07:09:33","slug":"bazinul-de-inot-de-la-targu-secuiesc-ar-putea-fi-gata-in-aprilie-2026","status":"publish","type":"post","link":"https:\/\/covasna45.ro\/index.php\/lumea-noastra\/bazinul-de-inot-de-la-targu-secuiesc-ar-putea-fi-gata-in-aprilie-2026\/","title":{"rendered":"Foto. Video: Bazinul de \u00eenot de la T\u00e2rgu Secuiesc ar putea fi gata \u00een aprilie 2026"},"content":{"rendered":"\n<p>Lucr\u0103rile la viitorul bazin de \u00eenot semi-olimpic de la T\u00e2rgu Secuiesc sunt \u00een grafic. Cel mai probabil va fi gata \u00een aprilie 2026. \u00cen cazul \u00een care nu va fi o iarn\u0103 grea sau nu apar alte complica\u021bii neprev\u0103zute. <\/p>\n\n\n\n<figure class=\"wp-block-image size-large\"><img loading=\"lazy\" decoding=\"async\" width=\"1024\" height=\"768\" src=\"https:\/\/covasna45.ro\/wp-content\/uploads\/2025\/12\/bazints-1024x768.jpg\" alt=\"\" class=\"wp-image-14191\" srcset=\"https:\/\/covasna45.ro\/wp-content\/uploads\/2025\/12\/bazints-1024x768.jpg 1024w, https:\/\/covasna45.ro\/wp-content\/uploads\/2025\/12\/bazints-300x225.jpg 300w, https:\/\/covasna45.ro\/wp-content\/uploads\/2025\/12\/bazints-768x576.jpg 768w, https:\/\/covasna45.ro\/wp-content\/uploads\/2025\/12\/bazints-1536x1152.jpg 1536w, https:\/\/covasna45.ro\/wp-content\/uploads\/2025\/12\/bazints-2048x1536.jpg 2048w, https:\/\/covasna45.ro\/wp-content\/uploads\/2025\/12\/bazints-150x113.jpg 150w, https:\/\/covasna45.ro\/wp-content\/uploads\/2025\/12\/bazints-696x522.jpg 696w, https:\/\/covasna45.ro\/wp-content\/uploads\/2025\/12\/bazints-1068x801.jpg 1068w, https:\/\/covasna45.ro\/wp-content\/uploads\/2025\/12\/bazints-1920x1440.jpg 1920w\" sizes=\"auto, (max-width: 1024px) 100vw, 1024px\" \/><\/figure>\n\n\n\n<p>Lucr\u0103rile de finisaje sunt sensibile la temperaturi sc\u0103zute, prin urmare dac\u0103 vor fi zile cu minus 20 de grade nu se va lucra. C\u00e2t despre complica\u021bii &#8211; &nbsp;a fost nevoie de montarea de pilo\u021bi fora\u021bi pentru \u00eent\u0103rirea drumului \u0219i securizarea cl\u0103dirii de l\u00e2ng\u0103 bazin, ceea ce a necesitat timp \u0219i efort suplimentar. Dac\u0103 mai apare ceva de acest gen, lucr\u0103rile se vor prelungi.<\/p>\n\n\n\n<figure class=\"wp-block-image size-large\"><img loading=\"lazy\" decoding=\"async\" width=\"1024\" height=\"768\" src=\"https:\/\/covasna45.ro\/wp-content\/uploads\/2025\/12\/lucrare-langa-bazin-1024x768.jpg\" alt=\"\" class=\"wp-image-14186\" srcset=\"https:\/\/covasna45.ro\/wp-content\/uploads\/2025\/12\/lucrare-langa-bazin-1024x768.jpg 1024w, https:\/\/covasna45.ro\/wp-content\/uploads\/2025\/12\/lucrare-langa-bazin-300x225.jpg 300w, https:\/\/covasna45.ro\/wp-content\/uploads\/2025\/12\/lucrare-langa-bazin-768x576.jpg 768w, https:\/\/covasna45.ro\/wp-content\/uploads\/2025\/12\/lucrare-langa-bazin-1536x1152.jpg 1536w, https:\/\/covasna45.ro\/wp-content\/uploads\/2025\/12\/lucrare-langa-bazin-2048x1536.jpg 2048w, https:\/\/covasna45.ro\/wp-content\/uploads\/2025\/12\/lucrare-langa-bazin-150x113.jpg 150w, https:\/\/covasna45.ro\/wp-content\/uploads\/2025\/12\/lucrare-langa-bazin-696x522.jpg 696w, https:\/\/covasna45.ro\/wp-content\/uploads\/2025\/12\/lucrare-langa-bazin-1068x801.jpg 1068w, https:\/\/covasna45.ro\/wp-content\/uploads\/2025\/12\/lucrare-langa-bazin-1920x1440.jpg 1920w\" sizes=\"auto, (max-width: 1024px) 100vw, 1024px\" \/><\/figure>\n\n\n\n<h2 class=\"wp-block-heading\">O noutate: este primul bazin finan\u021bat de stat care are o solu\u021bie constructiv\u0103 aparte &#8211; o \u201ecuv\u0103\u201d uria\u0219\u0103 de inox. <\/h2>\n\n\n\n<p>Nu va avea gresie \u0219i faian\u021b\u0103, cum suntem obi\u0219nui\u021bi. Inoxul \u00eenseamn\u0103 calitate superioar\u0103, igien\u0103, mentenan\u021b\u0103 mai simpl\u0103. Solu\u021bia aleas\u0103 \u00eenseamn\u0103 totodat\u0103 \u0219i un grad ridicat de lux.<\/p>\n\n\n\n<figure class=\"wp-block-image size-large\"><img loading=\"lazy\" decoding=\"async\" width=\"1024\" height=\"768\" src=\"https:\/\/covasna45.ro\/wp-content\/uploads\/2025\/12\/baz-sec-1024x768.jpg\" alt=\"\" class=\"wp-image-14187\" srcset=\"https:\/\/covasna45.ro\/wp-content\/uploads\/2025\/12\/baz-sec-1024x768.jpg 1024w, https:\/\/covasna45.ro\/wp-content\/uploads\/2025\/12\/baz-sec-300x225.jpg 300w, https:\/\/covasna45.ro\/wp-content\/uploads\/2025\/12\/baz-sec-768x576.jpg 768w, https:\/\/covasna45.ro\/wp-content\/uploads\/2025\/12\/baz-sec-1536x1152.jpg 1536w, https:\/\/covasna45.ro\/wp-content\/uploads\/2025\/12\/baz-sec-2048x1536.jpg 2048w, https:\/\/covasna45.ro\/wp-content\/uploads\/2025\/12\/baz-sec-150x113.jpg 150w, https:\/\/covasna45.ro\/wp-content\/uploads\/2025\/12\/baz-sec-696x522.jpg 696w, https:\/\/covasna45.ro\/wp-content\/uploads\/2025\/12\/baz-sec-1068x801.jpg 1068w, https:\/\/covasna45.ro\/wp-content\/uploads\/2025\/12\/baz-sec-1920x1440.jpg 1920w\" sizes=\"auto, (max-width: 1024px) 100vw, 1024px\" \/><\/figure>\n\n\n\n<p>\u201e<strong><em>\u00cembin\u0103rile sunt foarte rare, ceea ce nu va permite depuneri, a\u0219a cum se \u00eent\u00e2mpl\u0103 la bazinele cu gresie, faian\u021b\u0103 sau mozaic. Inoxul confer\u0103 un grad de igienizare foarte mare. Confortul pentru beneficiar e mai mare, pentru c\u0103 va trebui s\u0103 intervin\u0103 mai pu\u021bin\u201d<\/em><\/strong>, a explicat pentru <a href=\"https:\/\/covasna45.ro\/index.php\/lumea-noastra\/la-intorsura-buzaului-e-finalizat-primul-bazin-public-de-inot-din-istoria-orasului\/\">covasna45.ro<\/a> inginerul Lauren\u021biu Mih\u0103il\u0103, \u0219ef de \u0219antier.<\/p>\n\n\n\n<figure class=\"wp-block-image size-large\"><img loading=\"lazy\" decoding=\"async\" width=\"1024\" height=\"768\" src=\"https:\/\/covasna45.ro\/wp-content\/uploads\/2025\/12\/baz-mc-1024x768.jpg\" alt=\"\" class=\"wp-image-14188\" srcset=\"https:\/\/covasna45.ro\/wp-content\/uploads\/2025\/12\/baz-mc-1024x768.jpg 1024w, https:\/\/covasna45.ro\/wp-content\/uploads\/2025\/12\/baz-mc-300x225.jpg 300w, https:\/\/covasna45.ro\/wp-content\/uploads\/2025\/12\/baz-mc-768x576.jpg 768w, https:\/\/covasna45.ro\/wp-content\/uploads\/2025\/12\/baz-mc-1536x1152.jpg 1536w, https:\/\/covasna45.ro\/wp-content\/uploads\/2025\/12\/baz-mc-2048x1536.jpg 2048w, https:\/\/covasna45.ro\/wp-content\/uploads\/2025\/12\/baz-mc-150x113.jpg 150w, https:\/\/covasna45.ro\/wp-content\/uploads\/2025\/12\/baz-mc-696x522.jpg 696w, https:\/\/covasna45.ro\/wp-content\/uploads\/2025\/12\/baz-mc-1068x801.jpg 1068w, https:\/\/covasna45.ro\/wp-content\/uploads\/2025\/12\/baz-mc-1920x1440.jpg 1920w\" sizes=\"auto, (max-width: 1024px) 100vw, 1024px\" \/><\/figure>\n\n\n\n<h2 class=\"wp-block-heading\">Bazinul semi-olimpic va g\u0103zdui competi\u021bii sportive na\u021bionale \u0219i interna\u021bionale de nata\u021bie sau polo. <\/h2>\n\n\n\n<p>E construit pentru sute de sportivi \u0219i antrenori \u2013 simultan \u2013 \u0219i 400 de persoane \u00een tribune, ca public. Vor fi 500 de dulapuri instalate pentru sportivi.<\/p>\n\n\n\n<figure class=\"wp-block-image size-large\"><img loading=\"lazy\" decoding=\"async\" width=\"1024\" height=\"768\" src=\"https:\/\/covasna45.ro\/wp-content\/uploads\/2025\/12\/bazin-7-1024x768.jpg\" alt=\"\" class=\"wp-image-14189\" srcset=\"https:\/\/covasna45.ro\/wp-content\/uploads\/2025\/12\/bazin-7-1024x768.jpg 1024w, https:\/\/covasna45.ro\/wp-content\/uploads\/2025\/12\/bazin-7-300x225.jpg 300w, https:\/\/covasna45.ro\/wp-content\/uploads\/2025\/12\/bazin-7-768x576.jpg 768w, https:\/\/covasna45.ro\/wp-content\/uploads\/2025\/12\/bazin-7-1536x1152.jpg 1536w, https:\/\/covasna45.ro\/wp-content\/uploads\/2025\/12\/bazin-7-2048x1536.jpg 2048w, https:\/\/covasna45.ro\/wp-content\/uploads\/2025\/12\/bazin-7-150x113.jpg 150w, https:\/\/covasna45.ro\/wp-content\/uploads\/2025\/12\/bazin-7-696x522.jpg 696w, https:\/\/covasna45.ro\/wp-content\/uploads\/2025\/12\/bazin-7-1068x801.jpg 1068w, https:\/\/covasna45.ro\/wp-content\/uploads\/2025\/12\/bazin-7-1920x1440.jpg 1920w\" sizes=\"auto, (max-width: 1024px) 100vw, 1024px\" \/><\/figure>\n\n\n\n<p>Va avea restaurant, bar, terase, s\u0103li de masaj, de fitness, vestiare, saune. Dar \u0219i alte 7 bazine mai mici, inclusiv de antrenament.<\/p>\n\n\n\n<p>Vor exista \u0219i cur\u021bi interioare cu \u0219ezlonguri, du\u0219uri \u0219i alei senzoriale.<\/p>\n\n\n\n<h2 class=\"wp-block-heading\">Lemnul a fost tratat anti-incendiu, anti-umezeal\u0103, anti-fungi.<\/h2>\n\n\n\n<p>Este construit de compania MIS Grup din Bistri\u021ba N\u0103s\u0103ud \u00een asociere cu firmele Viaduct si TCI Contractor General, avand ca subcontractan\u021bi firmele Elron Energy CO, Abcony Serv, Climavent Construct \u0219i Ascensor Advertising.<\/p>\n\n\n\n<p>\u201e<strong><em>\u00cencep\u00e2nd cu luna martie vom \u00eencepe lucr\u0103rile de &nbsp;igienizare, cur\u0103\u021bare, \u0219i apoi \u00eel vom umple. Vor intra \u00een el 1.480 de metri cubi de ap\u0103<\/em><\/strong>\u201d, precizeaz\u0103 inginerul.<\/p>\n\n\n\n<p>Sub bazine sunt instala\u021biile. Cele pentru ap\u0103 asigur\u0103 clorinare, reglare PH \u0219i filtrare.<\/p>\n\n\n\n<p>Lucrarea este finan\u021bat\u0103 de Compania National\u0103 de Investitii &#8211; 27 de milioane de euro.<\/p>\n\n\n\n<figure class=\"wp-block-image size-large\"><img loading=\"lazy\" decoding=\"async\" width=\"1024\" height=\"768\" src=\"https:\/\/covasna45.ro\/wp-content\/uploads\/2025\/12\/bazinext-1024x768.jpg\" alt=\"\" class=\"wp-image-14190\" srcset=\"https:\/\/covasna45.ro\/wp-content\/uploads\/2025\/12\/bazinext-1024x768.jpg 1024w, https:\/\/covasna45.ro\/wp-content\/uploads\/2025\/12\/bazinext-300x225.jpg 300w, https:\/\/covasna45.ro\/wp-content\/uploads\/2025\/12\/bazinext-768x576.jpg 768w, https:\/\/covasna45.ro\/wp-content\/uploads\/2025\/12\/bazinext-1536x1152.jpg 1536w, https:\/\/covasna45.ro\/wp-content\/uploads\/2025\/12\/bazinext-2048x1536.jpg 2048w, https:\/\/covasna45.ro\/wp-content\/uploads\/2025\/12\/bazinext-150x113.jpg 150w, https:\/\/covasna45.ro\/wp-content\/uploads\/2025\/12\/bazinext-696x522.jpg 696w, https:\/\/covasna45.ro\/wp-content\/uploads\/2025\/12\/bazinext-1068x801.jpg 1068w, https:\/\/covasna45.ro\/wp-content\/uploads\/2025\/12\/bazinext-1920x1440.jpg 1920w\" sizes=\"auto, (max-width: 1024px) 100vw, 1024px\" \/><\/figure>\n\n\n\n<figure class=\"wp-block-image size-large\"><img loading=\"lazy\" decoding=\"async\" width=\"1024\" height=\"768\" src=\"https:\/\/covasna45.ro\/wp-content\/uploads\/2025\/12\/etaj-bazin-1024x768.jpg\" alt=\"\" class=\"wp-image-14192\" srcset=\"https:\/\/covasna45.ro\/wp-content\/uploads\/2025\/12\/etaj-bazin-1024x768.jpg 1024w, https:\/\/covasna45.ro\/wp-content\/uploads\/2025\/12\/etaj-bazin-300x225.jpg 300w, https:\/\/covasna45.ro\/wp-content\/uploads\/2025\/12\/etaj-bazin-768x576.jpg 768w, https:\/\/covasna45.ro\/wp-content\/uploads\/2025\/12\/etaj-bazin-1536x1152.jpg 1536w, https:\/\/covasna45.ro\/wp-content\/uploads\/2025\/12\/etaj-bazin-2048x1536.jpg 2048w, https:\/\/covasna45.ro\/wp-content\/uploads\/2025\/12\/etaj-bazin-150x113.jpg 150w, https:\/\/covasna45.ro\/wp-content\/uploads\/2025\/12\/etaj-bazin-696x522.jpg 696w, https:\/\/covasna45.ro\/wp-content\/uploads\/2025\/12\/etaj-bazin-1068x801.jpg 1068w, https:\/\/covasna45.ro\/wp-content\/uploads\/2025\/12\/etaj-bazin-1920x1440.jpg 1920w\" sizes=\"auto, (max-width: 1024px) 100vw, 1024px\" \/><\/figure>\n\n\n\n<figure class=\"wp-block-image size-large\"><img loading=\"lazy\" decoding=\"async\" width=\"1024\" height=\"768\" src=\"https:\/\/covasna45.ro\/wp-content\/uploads\/2025\/12\/fitness-bazin-1024x768.jpg\" alt=\"\" class=\"wp-image-14193\" srcset=\"https:\/\/covasna45.ro\/wp-content\/uploads\/2025\/12\/fitness-bazin-1024x768.jpg 1024w, https:\/\/covasna45.ro\/wp-content\/uploads\/2025\/12\/fitness-bazin-300x225.jpg 300w, https:\/\/covasna45.ro\/wp-content\/uploads\/2025\/12\/fitness-bazin-768x576.jpg 768w, https:\/\/covasna45.ro\/wp-content\/uploads\/2025\/12\/fitness-bazin-1536x1152.jpg 1536w, https:\/\/covasna45.ro\/wp-content\/uploads\/2025\/12\/fitness-bazin-2048x1536.jpg 2048w, https:\/\/covasna45.ro\/wp-content\/uploads\/2025\/12\/fitness-bazin-150x113.jpg 150w, https:\/\/covasna45.ro\/wp-content\/uploads\/2025\/12\/fitness-bazin-696x522.jpg 696w, https:\/\/covasna45.ro\/wp-content\/uploads\/2025\/12\/fitness-bazin-1068x801.jpg 1068w, https:\/\/covasna45.ro\/wp-content\/uploads\/2025\/12\/fitness-bazin-1920x1440.jpg 1920w\" sizes=\"auto, (max-width: 1024px) 100vw, 1024px\" \/><\/figure>\n\n\n\n<figure class=\"wp-block-image size-large\"><img loading=\"lazy\" decoding=\"async\" width=\"1024\" height=\"768\" src=\"https:\/\/covasna45.ro\/wp-content\/uploads\/2025\/12\/gresie-bazin-1024x768.jpg\" alt=\"\" class=\"wp-image-14194\" srcset=\"https:\/\/covasna45.ro\/wp-content\/uploads\/2025\/12\/gresie-bazin-1024x768.jpg 1024w, https:\/\/covasna45.ro\/wp-content\/uploads\/2025\/12\/gresie-bazin-300x225.jpg 300w, https:\/\/covasna45.ro\/wp-content\/uploads\/2025\/12\/gresie-bazin-768x576.jpg 768w, https:\/\/covasna45.ro\/wp-content\/uploads\/2025\/12\/gresie-bazin-1536x1152.jpg 1536w, https:\/\/covasna45.ro\/wp-content\/uploads\/2025\/12\/gresie-bazin-2048x1536.jpg 2048w, https:\/\/covasna45.ro\/wp-content\/uploads\/2025\/12\/gresie-bazin-150x113.jpg 150w, https:\/\/covasna45.ro\/wp-content\/uploads\/2025\/12\/gresie-bazin-696x522.jpg 696w, https:\/\/covasna45.ro\/wp-content\/uploads\/2025\/12\/gresie-bazin-1068x801.jpg 1068w, https:\/\/covasna45.ro\/wp-content\/uploads\/2025\/12\/gresie-bazin-1920x1440.jpg 1920w\" sizes=\"auto, (max-width: 1024px) 100vw, 1024px\" \/><\/figure>\n\n\n\n<figure class=\"wp-block-image size-large\"><img loading=\"lazy\" decoding=\"async\" width=\"1024\" height=\"768\" src=\"https:\/\/covasna45.ro\/wp-content\/uploads\/2025\/12\/instakl-bazin-1024x768.jpg\" alt=\"\" class=\"wp-image-14195\" srcset=\"https:\/\/covasna45.ro\/wp-content\/uploads\/2025\/12\/instakl-bazin-1024x768.jpg 1024w, https:\/\/covasna45.ro\/wp-content\/uploads\/2025\/12\/instakl-bazin-300x225.jpg 300w, https:\/\/covasna45.ro\/wp-content\/uploads\/2025\/12\/instakl-bazin-768x576.jpg 768w, https:\/\/covasna45.ro\/wp-content\/uploads\/2025\/12\/instakl-bazin-1536x1152.jpg 1536w, https:\/\/covasna45.ro\/wp-content\/uploads\/2025\/12\/instakl-bazin-2048x1536.jpg 2048w, https:\/\/covasna45.ro\/wp-content\/uploads\/2025\/12\/instakl-bazin-150x113.jpg 150w, https:\/\/covasna45.ro\/wp-content\/uploads\/2025\/12\/instakl-bazin-696x522.jpg 696w, https:\/\/covasna45.ro\/wp-content\/uploads\/2025\/12\/instakl-bazin-1068x801.jpg 1068w, https:\/\/covasna45.ro\/wp-content\/uploads\/2025\/12\/instakl-bazin-1920x1440.jpg 1920w\" sizes=\"auto, (max-width: 1024px) 100vw, 1024px\" \/><\/figure>\n\n\n\n<figure class=\"wp-block-image size-large\"><img loading=\"lazy\" decoding=\"async\" width=\"1024\" height=\"768\" src=\"https:\/\/covasna45.ro\/wp-content\/uploads\/2025\/12\/podea-bazin-1024x768.jpg\" alt=\"\" class=\"wp-image-14196\" srcset=\"https:\/\/covasna45.ro\/wp-content\/uploads\/2025\/12\/podea-bazin-1024x768.jpg 1024w, https:\/\/covasna45.ro\/wp-content\/uploads\/2025\/12\/podea-bazin-300x225.jpg 300w, https:\/\/covasna45.ro\/wp-content\/uploads\/2025\/12\/podea-bazin-768x576.jpg 768w, https:\/\/covasna45.ro\/wp-content\/uploads\/2025\/12\/podea-bazin-1536x1152.jpg 1536w, https:\/\/covasna45.ro\/wp-content\/uploads\/2025\/12\/podea-bazin-2048x1536.jpg 2048w, https:\/\/covasna45.ro\/wp-content\/uploads\/2025\/12\/podea-bazin-150x113.jpg 150w, https:\/\/covasna45.ro\/wp-content\/uploads\/2025\/12\/podea-bazin-696x522.jpg 696w, https:\/\/covasna45.ro\/wp-content\/uploads\/2025\/12\/podea-bazin-1068x801.jpg 1068w, https:\/\/covasna45.ro\/wp-content\/uploads\/2025\/12\/podea-bazin-1920x1440.jpg 1920w\" sizes=\"auto, (max-width: 1024px) 100vw, 1024px\" \/><\/figure>\n\n\n\n<figure class=\"wp-block-image size-large\"><img loading=\"lazy\" decoding=\"async\" width=\"1006\" height=\"1024\" src=\"https:\/\/covasna45.ro\/wp-content\/uploads\/2025\/12\/mis-gr-1006x1024.jpg\" alt=\"\" class=\"wp-image-14197\" srcset=\"https:\/\/covasna45.ro\/wp-content\/uploads\/2025\/12\/mis-gr-1006x1024.jpg 1006w, https:\/\/covasna45.ro\/wp-content\/uploads\/2025\/12\/mis-gr-295x300.jpg 295w, https:\/\/covasna45.ro\/wp-content\/uploads\/2025\/12\/mis-gr-768x781.jpg 768w, https:\/\/covasna45.ro\/wp-content\/uploads\/2025\/12\/mis-gr-1510x1536.jpg 1510w, https:\/\/covasna45.ro\/wp-content\/uploads\/2025\/12\/mis-gr-150x153.jpg 150w, https:\/\/covasna45.ro\/wp-content\/uploads\/2025\/12\/mis-gr-300x305.jpg 300w, https:\/\/covasna45.ro\/wp-content\/uploads\/2025\/12\/mis-gr-696x708.jpg 696w, https:\/\/covasna45.ro\/wp-content\/uploads\/2025\/12\/mis-gr-1068x1087.jpg 1068w, https:\/\/covasna45.ro\/wp-content\/uploads\/2025\/12\/mis-gr-1920x1953.jpg 1920w, https:\/\/covasna45.ro\/wp-content\/uploads\/2025\/12\/mis-gr.jpg 2008w\" sizes=\"auto, (max-width: 1006px) 100vw, 1006px\" \/><\/figure>\n\n\n\n<figure class=\"wp-block-video\"><video height=\"1080\" style=\"aspect-ratio: 1920 \/ 1080;\" width=\"1920\" controls src=\"https:\/\/covasna45.ro\/wp-content\/uploads\/2025\/12\/20251211_143546.mp4\"><\/video><\/figure>\n\n\n\n<figure class=\"wp-block-video\"><video height=\"1080\" style=\"aspect-ratio: 1920 \/ 1080;\" width=\"1920\" controls src=\"https:\/\/covasna45.ro\/wp-content\/uploads\/2025\/12\/20251211_143520.mp4\"><\/video><\/figure>\n","protected":false},"excerpt":{"rendered":"<p>Lucr\u0103rile la viitorul bazin de \u00eenot semi-olimpic de la T\u00e2rgu Secuiesc sunt \u00een grafic. Cel mai probabil va fi gata \u00een aprilie 2026. \u00cen cazul \u00een care nu va fi o iarn\u0103 grea sau nu apar alte complica\u021bii neprev\u0103zute. Lucr\u0103rile de finisaje sunt sensibile la temperaturi sc\u0103zute, prin urmare dac\u0103 vor fi zile cu minus [&hellip;]<\/p>\n","protected":false},"author":1,"featured_media":14185,"comment_status":"open","ping_status":"closed","sticky":false,"template":"","format":"standard","meta":{"tdm_status":"","tdm_grid_status":"","footnotes":""},"categories":[14],"tags":[3823,4395,2232],"class_list":{"0":"post-14184","1":"post","2":"type-post","3":"status-publish","4":"format-standard","5":"has-post-thumbnail","7":"category-lumea-noastra","8":"tag-bazin-inot","9":"tag-mis-grup","10":"tag-targu-secuiesc"},"yoast_head":"<!-- This site is optimized with the Yoast SEO plugin v27.5 - https:\/\/yoast.com\/product\/yoast-seo-wordpress\/ -->\n<title>Foto. Video: Bazinul de \u00eenot de la T\u00e2rgu Secuiesc ar putea fi gata \u00een aprilie 2026 - Covasna45<\/title>\n<meta name=\"description\" content=\"Bazinul semi-olimpic va g\u0103zdui competi\u021bii sportive na\u021bionale \u0219i interna\u021bionale de nata\u021bie sau polo.\" \/>\n<meta name=\"robots\" content=\"index, follow, max-snippet:-1, max-image-preview:large, max-video-preview:-1\" \/>\n<link rel=\"canonical\" href=\"https:\/\/covasna45.ro\/index.php\/lumea-noastra\/bazinul-de-inot-de-la-targu-secuiesc-ar-putea-fi-gata-in-aprilie-2026\/\" \/>\n<meta property=\"og:locale\" content=\"ro_RO\" \/>\n<meta property=\"og:type\" content=\"article\" \/>\n<meta property=\"og:title\" content=\"Foto. Video: Bazinul de \u00eenot de la T\u00e2rgu Secuiesc ar putea fi gata \u00een aprilie 2026 - Covasna45\" \/>\n<meta property=\"og:description\" content=\"Bazinul semi-olimpic va g\u0103zdui competi\u021bii sportive na\u021bionale \u0219i interna\u021bionale de nata\u021bie sau polo.\" \/>\n<meta property=\"og:url\" content=\"https:\/\/covasna45.ro\/index.php\/lumea-noastra\/bazinul-de-inot-de-la-targu-secuiesc-ar-putea-fi-gata-in-aprilie-2026\/\" \/>\n<meta property=\"og:site_name\" content=\"Covasna45\" \/>\n<meta property=\"article:published_time\" content=\"2025-12-11T15:38:53+00:00\" \/>\n<meta property=\"article:modified_time\" content=\"2025-12-12T07:09:33+00:00\" \/>\n<meta property=\"og:image\" content=\"https:\/\/covasna45.ro\/wp-content\/uploads\/2025\/12\/bazin-tg-sec-1.jpg\" \/>\n\t<meta property=\"og:image:width\" content=\"2480\" \/>\n\t<meta property=\"og:image:height\" content=\"1860\" \/>\n\t<meta property=\"og:image:type\" content=\"image\/jpeg\" \/>\n<meta name=\"author\" content=\"Covasna45\" \/>\n<meta name=\"twitter:card\" content=\"summary_large_image\" \/>\n<meta name=\"twitter:label1\" content=\"Scris de\" \/>\n\t<meta name=\"twitter:data1\" content=\"Covasna45\" \/>\n\t<meta name=\"twitter:label2\" content=\"Timp estimat pentru citire\" \/>\n\t<meta name=\"twitter:data2\" content=\"5 minute\" \/>\n<script type=\"application\/ld+json\" class=\"yoast-schema-graph\">{\"@context\":\"https:\\\/\\\/schema.org\",\"@graph\":[{\"@type\":\"Article\",\"@id\":\"https:\\\/\\\/covasna45.ro\\\/index.php\\\/lumea-noastra\\\/bazinul-de-inot-de-la-targu-secuiesc-ar-putea-fi-gata-in-aprilie-2026\\\/#article\",\"isPartOf\":{\"@id\":\"https:\\\/\\\/covasna45.ro\\\/index.php\\\/lumea-noastra\\\/bazinul-de-inot-de-la-targu-secuiesc-ar-putea-fi-gata-in-aprilie-2026\\\/\"},\"author\":{\"name\":\"Covasna45\",\"@id\":\"https:\\\/\\\/covasna45.ro\\\/#\\\/schema\\\/person\\\/e674052bd7d95d70bbb007a1060ab73c\"},\"headline\":\"Foto. Video: Bazinul de \u00eenot de la T\u00e2rgu Secuiesc ar putea fi gata \u00een aprilie 2026\",\"datePublished\":\"2025-12-11T15:38:53+00:00\",\"dateModified\":\"2025-12-12T07:09:33+00:00\",\"mainEntityOfPage\":{\"@id\":\"https:\\\/\\\/covasna45.ro\\\/index.php\\\/lumea-noastra\\\/bazinul-de-inot-de-la-targu-secuiesc-ar-putea-fi-gata-in-aprilie-2026\\\/\"},\"wordCount\":420,\"commentCount\":0,\"publisher\":{\"@id\":\"https:\\\/\\\/covasna45.ro\\\/#organization\"},\"image\":{\"@id\":\"https:\\\/\\\/covasna45.ro\\\/index.php\\\/lumea-noastra\\\/bazinul-de-inot-de-la-targu-secuiesc-ar-putea-fi-gata-in-aprilie-2026\\\/#primaryimage\"},\"thumbnailUrl\":\"https:\\\/\\\/covasna45.ro\\\/wp-content\\\/uploads\\\/2025\\\/12\\\/bazin-tg-sec-1.jpg\",\"keywords\":[\"bazin inot\",\"MIS Grup\",\"Targu Secuiesc\"],\"articleSection\":[\"Lumea noastr\u0103\"],\"inLanguage\":\"ro-RO\",\"potentialAction\":[{\"@type\":\"CommentAction\",\"name\":\"Comment\",\"target\":[\"https:\\\/\\\/covasna45.ro\\\/index.php\\\/lumea-noastra\\\/bazinul-de-inot-de-la-targu-secuiesc-ar-putea-fi-gata-in-aprilie-2026\\\/#respond\"]}]},{\"@type\":\"WebPage\",\"@id\":\"https:\\\/\\\/covasna45.ro\\\/index.php\\\/lumea-noastra\\\/bazinul-de-inot-de-la-targu-secuiesc-ar-putea-fi-gata-in-aprilie-2026\\\/\",\"url\":\"https:\\\/\\\/covasna45.ro\\\/index.php\\\/lumea-noastra\\\/bazinul-de-inot-de-la-targu-secuiesc-ar-putea-fi-gata-in-aprilie-2026\\\/\",\"name\":\"Foto. Video: Bazinul de \u00eenot de la T\u00e2rgu Secuiesc ar putea fi gata \u00een aprilie 2026 - Covasna45\",\"isPartOf\":{\"@id\":\"https:\\\/\\\/covasna45.ro\\\/#website\"},\"primaryImageOfPage\":{\"@id\":\"https:\\\/\\\/covasna45.ro\\\/index.php\\\/lumea-noastra\\\/bazinul-de-inot-de-la-targu-secuiesc-ar-putea-fi-gata-in-aprilie-2026\\\/#primaryimage\"},\"image\":{\"@id\":\"https:\\\/\\\/covasna45.ro\\\/index.php\\\/lumea-noastra\\\/bazinul-de-inot-de-la-targu-secuiesc-ar-putea-fi-gata-in-aprilie-2026\\\/#primaryimage\"},\"thumbnailUrl\":\"https:\\\/\\\/covasna45.ro\\\/wp-content\\\/uploads\\\/2025\\\/12\\\/bazin-tg-sec-1.jpg\",\"datePublished\":\"2025-12-11T15:38:53+00:00\",\"dateModified\":\"2025-12-12T07:09:33+00:00\",\"description\":\"Bazinul semi-olimpic va g\u0103zdui competi\u021bii sportive na\u021bionale \u0219i interna\u021bionale de nata\u021bie sau polo.\",\"breadcrumb\":{\"@id\":\"https:\\\/\\\/covasna45.ro\\\/index.php\\\/lumea-noastra\\\/bazinul-de-inot-de-la-targu-secuiesc-ar-putea-fi-gata-in-aprilie-2026\\\/#breadcrumb\"},\"inLanguage\":\"ro-RO\",\"potentialAction\":[{\"@type\":\"ReadAction\",\"target\":[\"https:\\\/\\\/covasna45.ro\\\/index.php\\\/lumea-noastra\\\/bazinul-de-inot-de-la-targu-secuiesc-ar-putea-fi-gata-in-aprilie-2026\\\/\"]}]},{\"@type\":\"ImageObject\",\"inLanguage\":\"ro-RO\",\"@id\":\"https:\\\/\\\/covasna45.ro\\\/index.php\\\/lumea-noastra\\\/bazinul-de-inot-de-la-targu-secuiesc-ar-putea-fi-gata-in-aprilie-2026\\\/#primaryimage\",\"url\":\"https:\\\/\\\/covasna45.ro\\\/wp-content\\\/uploads\\\/2025\\\/12\\\/bazin-tg-sec-1.jpg\",\"contentUrl\":\"https:\\\/\\\/covasna45.ro\\\/wp-content\\\/uploads\\\/2025\\\/12\\\/bazin-tg-sec-1.jpg\",\"width\":2480,\"height\":1860},{\"@type\":\"BreadcrumbList\",\"@id\":\"https:\\\/\\\/covasna45.ro\\\/index.php\\\/lumea-noastra\\\/bazinul-de-inot-de-la-targu-secuiesc-ar-putea-fi-gata-in-aprilie-2026\\\/#breadcrumb\",\"itemListElement\":[{\"@type\":\"ListItem\",\"position\":1,\"name\":\"Prima pagin\u0103\",\"item\":\"https:\\\/\\\/covasna45.ro\\\/\"},{\"@type\":\"ListItem\",\"position\":2,\"name\":\"Foto. Video: Bazinul de \u00eenot de la T\u00e2rgu Secuiesc ar putea fi gata \u00een aprilie 2026\"}]},{\"@type\":\"WebSite\",\"@id\":\"https:\\\/\\\/covasna45.ro\\\/#website\",\"url\":\"https:\\\/\\\/covasna45.ro\\\/\",\"name\":\"covasna45.ro\",\"description\":\"\",\"publisher\":{\"@id\":\"https:\\\/\\\/covasna45.ro\\\/#organization\"},\"potentialAction\":[{\"@type\":\"SearchAction\",\"target\":{\"@type\":\"EntryPoint\",\"urlTemplate\":\"https:\\\/\\\/covasna45.ro\\\/?s={search_term_string}\"},\"query-input\":{\"@type\":\"PropertyValueSpecification\",\"valueRequired\":true,\"valueName\":\"search_term_string\"}}],\"inLanguage\":\"ro-RO\"},{\"@type\":\"Organization\",\"@id\":\"https:\\\/\\\/covasna45.ro\\\/#organization\",\"name\":\"covasna45.ro\",\"url\":\"https:\\\/\\\/covasna45.ro\\\/\",\"logo\":{\"@type\":\"ImageObject\",\"inLanguage\":\"ro-RO\",\"@id\":\"https:\\\/\\\/covasna45.ro\\\/#\\\/schema\\\/logo\\\/image\\\/\",\"url\":\"https:\\\/\\\/covasna45.ro\\\/wp-content\\\/uploads\\\/2023\\\/01\\\/icon_logo.png\",\"contentUrl\":\"https:\\\/\\\/covasna45.ro\\\/wp-content\\\/uploads\\\/2023\\\/01\\\/icon_logo.png\",\"width\":1900,\"height\":1900,\"caption\":\"covasna45.ro\"},\"image\":{\"@id\":\"https:\\\/\\\/covasna45.ro\\\/#\\\/schema\\\/logo\\\/image\\\/\"}},{\"@type\":\"Person\",\"@id\":\"https:\\\/\\\/covasna45.ro\\\/#\\\/schema\\\/person\\\/e674052bd7d95d70bbb007a1060ab73c\",\"name\":\"Covasna45\",\"image\":{\"@type\":\"ImageObject\",\"inLanguage\":\"ro-RO\",\"@id\":\"https:\\\/\\\/covasna45.ro\\\/wp-content\\\/uploads\\\/2025\\\/10\\\/icon_logo_covasna45-150x150.png\",\"url\":\"https:\\\/\\\/covasna45.ro\\\/wp-content\\\/uploads\\\/2025\\\/10\\\/icon_logo_covasna45-150x150.png\",\"contentUrl\":\"https:\\\/\\\/covasna45.ro\\\/wp-content\\\/uploads\\\/2025\\\/10\\\/icon_logo_covasna45-150x150.png\",\"caption\":\"Covasna45\"},\"sameAs\":[\"https:\\\/\\\/covasna45.ro\"],\"url\":\"https:\\\/\\\/covasna45.ro\\\/index.php\\\/author\\\/covasna\\\/\"}]}<\/script>\n<!-- \/ Yoast SEO plugin. -->","yoast_head_json":{"title":"Foto. Video: Bazinul de \u00eenot de la T\u00e2rgu Secuiesc ar putea fi gata \u00een aprilie 2026 - Covasna45","description":"Bazinul semi-olimpic va g\u0103zdui competi\u021bii sportive na\u021bionale \u0219i interna\u021bionale de nata\u021bie sau polo.","robots":{"index":"index","follow":"follow","max-snippet":"max-snippet:-1","max-image-preview":"max-image-preview:large","max-video-preview":"max-video-preview:-1"},"canonical":"https:\/\/covasna45.ro\/index.php\/lumea-noastra\/bazinul-de-inot-de-la-targu-secuiesc-ar-putea-fi-gata-in-aprilie-2026\/","og_locale":"ro_RO","og_type":"article","og_title":"Foto. Video: Bazinul de \u00eenot de la T\u00e2rgu Secuiesc ar putea fi gata \u00een aprilie 2026 - Covasna45","og_description":"Bazinul semi-olimpic va g\u0103zdui competi\u021bii sportive na\u021bionale \u0219i interna\u021bionale de nata\u021bie sau polo.","og_url":"https:\/\/covasna45.ro\/index.php\/lumea-noastra\/bazinul-de-inot-de-la-targu-secuiesc-ar-putea-fi-gata-in-aprilie-2026\/","og_site_name":"Covasna45","article_published_time":"2025-12-11T15:38:53+00:00","article_modified_time":"2025-12-12T07:09:33+00:00","og_image":[{"width":2480,"height":1860,"url":"https:\/\/covasna45.ro\/wp-content\/uploads\/2025\/12\/bazin-tg-sec-1.jpg","type":"image\/jpeg"}],"author":"Covasna45","twitter_card":"summary_large_image","twitter_misc":{"Scris de":"Covasna45","Timp estimat pentru citire":"5 minute"},"schema":{"@context":"https:\/\/schema.org","@graph":[{"@type":"Article","@id":"https:\/\/covasna45.ro\/index.php\/lumea-noastra\/bazinul-de-inot-de-la-targu-secuiesc-ar-putea-fi-gata-in-aprilie-2026\/#article","isPartOf":{"@id":"https:\/\/covasna45.ro\/index.php\/lumea-noastra\/bazinul-de-inot-de-la-targu-secuiesc-ar-putea-fi-gata-in-aprilie-2026\/"},"author":{"name":"Covasna45","@id":"https:\/\/covasna45.ro\/#\/schema\/person\/e674052bd7d95d70bbb007a1060ab73c"},"headline":"Foto. Video: Bazinul de \u00eenot de la T\u00e2rgu Secuiesc ar putea fi gata \u00een aprilie 2026","datePublished":"2025-12-11T15:38:53+00:00","dateModified":"2025-12-12T07:09:33+00:00","mainEntityOfPage":{"@id":"https:\/\/covasna45.ro\/index.php\/lumea-noastra\/bazinul-de-inot-de-la-targu-secuiesc-ar-putea-fi-gata-in-aprilie-2026\/"},"wordCount":420,"commentCount":0,"publisher":{"@id":"https:\/\/covasna45.ro\/#organization"},"image":{"@id":"https:\/\/covasna45.ro\/index.php\/lumea-noastra\/bazinul-de-inot-de-la-targu-secuiesc-ar-putea-fi-gata-in-aprilie-2026\/#primaryimage"},"thumbnailUrl":"https:\/\/covasna45.ro\/wp-content\/uploads\/2025\/12\/bazin-tg-sec-1.jpg","keywords":["bazin inot","MIS Grup","Targu Secuiesc"],"articleSection":["Lumea noastr\u0103"],"inLanguage":"ro-RO","potentialAction":[{"@type":"CommentAction","name":"Comment","target":["https:\/\/covasna45.ro\/index.php\/lumea-noastra\/bazinul-de-inot-de-la-targu-secuiesc-ar-putea-fi-gata-in-aprilie-2026\/#respond"]}]},{"@type":"WebPage","@id":"https:\/\/covasna45.ro\/index.php\/lumea-noastra\/bazinul-de-inot-de-la-targu-secuiesc-ar-putea-fi-gata-in-aprilie-2026\/","url":"https:\/\/covasna45.ro\/index.php\/lumea-noastra\/bazinul-de-inot-de-la-targu-secuiesc-ar-putea-fi-gata-in-aprilie-2026\/","name":"Foto. Video: Bazinul de \u00eenot de la T\u00e2rgu Secuiesc ar putea fi gata \u00een aprilie 2026 - Covasna45","isPartOf":{"@id":"https:\/\/covasna45.ro\/#website"},"primaryImageOfPage":{"@id":"https:\/\/covasna45.ro\/index.php\/lumea-noastra\/bazinul-de-inot-de-la-targu-secuiesc-ar-putea-fi-gata-in-aprilie-2026\/#primaryimage"},"image":{"@id":"https:\/\/covasna45.ro\/index.php\/lumea-noastra\/bazinul-de-inot-de-la-targu-secuiesc-ar-putea-fi-gata-in-aprilie-2026\/#primaryimage"},"thumbnailUrl":"https:\/\/covasna45.ro\/wp-content\/uploads\/2025\/12\/bazin-tg-sec-1.jpg","datePublished":"2025-12-11T15:38:53+00:00","dateModified":"2025-12-12T07:09:33+00:00","description":"Bazinul semi-olimpic va g\u0103zdui competi\u021bii sportive na\u021bionale \u0219i interna\u021bionale de nata\u021bie sau polo.","breadcrumb":{"@id":"https:\/\/covasna45.ro\/index.php\/lumea-noastra\/bazinul-de-inot-de-la-targu-secuiesc-ar-putea-fi-gata-in-aprilie-2026\/#breadcrumb"},"inLanguage":"ro-RO","potentialAction":[{"@type":"ReadAction","target":["https:\/\/covasna45.ro\/index.php\/lumea-noastra\/bazinul-de-inot-de-la-targu-secuiesc-ar-putea-fi-gata-in-aprilie-2026\/"]}]},{"@type":"ImageObject","inLanguage":"ro-RO","@id":"https:\/\/covasna45.ro\/index.php\/lumea-noastra\/bazinul-de-inot-de-la-targu-secuiesc-ar-putea-fi-gata-in-aprilie-2026\/#primaryimage","url":"https:\/\/covasna45.ro\/wp-content\/uploads\/2025\/12\/bazin-tg-sec-1.jpg","contentUrl":"https:\/\/covasna45.ro\/wp-content\/uploads\/2025\/12\/bazin-tg-sec-1.jpg","width":2480,"height":1860},{"@type":"BreadcrumbList","@id":"https:\/\/covasna45.ro\/index.php\/lumea-noastra\/bazinul-de-inot-de-la-targu-secuiesc-ar-putea-fi-gata-in-aprilie-2026\/#breadcrumb","itemListElement":[{"@type":"ListItem","position":1,"name":"Prima pagin\u0103","item":"https:\/\/covasna45.ro\/"},{"@type":"ListItem","position":2,"name":"Foto. Video: Bazinul de \u00eenot de la T\u00e2rgu Secuiesc ar putea fi gata \u00een aprilie 2026"}]},{"@type":"WebSite","@id":"https:\/\/covasna45.ro\/#website","url":"https:\/\/covasna45.ro\/","name":"covasna45.ro","description":"","publisher":{"@id":"https:\/\/covasna45.ro\/#organization"},"potentialAction":[{"@type":"SearchAction","target":{"@type":"EntryPoint","urlTemplate":"https:\/\/covasna45.ro\/?s={search_term_string}"},"query-input":{"@type":"PropertyValueSpecification","valueRequired":true,"valueName":"search_term_string"}}],"inLanguage":"ro-RO"},{"@type":"Organization","@id":"https:\/\/covasna45.ro\/#organization","name":"covasna45.ro","url":"https:\/\/covasna45.ro\/","logo":{"@type":"ImageObject","inLanguage":"ro-RO","@id":"https:\/\/covasna45.ro\/#\/schema\/logo\/image\/","url":"https:\/\/covasna45.ro\/wp-content\/uploads\/2023\/01\/icon_logo.png","contentUrl":"https:\/\/covasna45.ro\/wp-content\/uploads\/2023\/01\/icon_logo.png","width":1900,"height":1900,"caption":"covasna45.ro"},"image":{"@id":"https:\/\/covasna45.ro\/#\/schema\/logo\/image\/"}},{"@type":"Person","@id":"https:\/\/covasna45.ro\/#\/schema\/person\/e674052bd7d95d70bbb007a1060ab73c","name":"Covasna45","image":{"@type":"ImageObject","inLanguage":"ro-RO","@id":"https:\/\/covasna45.ro\/wp-content\/uploads\/2025\/10\/icon_logo_covasna45-150x150.png","url":"https:\/\/covasna45.ro\/wp-content\/uploads\/2025\/10\/icon_logo_covasna45-150x150.png","contentUrl":"https:\/\/covasna45.ro\/wp-content\/uploads\/2025\/10\/icon_logo_covasna45-150x150.png","caption":"Covasna45"},"sameAs":["https:\/\/covasna45.ro"],"url":"https:\/\/covasna45.ro\/index.php\/author\/covasna\/"}]}},"_links":{"self":[{"href":"https:\/\/covasna45.ro\/index.php\/wp-json\/wp\/v2\/posts\/14184","targetHints":{"allow":["GET"]}}],"collection":[{"href":"https:\/\/covasna45.ro\/index.php\/wp-json\/wp\/v2\/posts"}],"about":[{"href":"https:\/\/covasna45.ro\/index.php\/wp-json\/wp\/v2\/types\/post"}],"author":[{"embeddable":true,"href":"https:\/\/covasna45.ro\/index.php\/wp-json\/wp\/v2\/users\/1"}],"replies":[{"embeddable":true,"href":"https:\/\/covasna45.ro\/index.php\/wp-json\/wp\/v2\/comments?post=14184"}],"version-history":[{"count":5,"href":"https:\/\/covasna45.ro\/index.php\/wp-json\/wp\/v2\/posts\/14184\/revisions"}],"predecessor-version":[{"id":14208,"href":"https:\/\/covasna45.ro\/index.php\/wp-json\/wp\/v2\/posts\/14184\/revisions\/14208"}],"wp:featuredmedia":[{"embeddable":true,"href":"https:\/\/covasna45.ro\/index.php\/wp-json\/wp\/v2\/media\/14185"}],"wp:attachment":[{"href":"https:\/\/covasna45.ro\/index.php\/wp-json\/wp\/v2\/media?parent=14184"}],"wp:term":[{"taxonomy":"category","embeddable":true,"href":"https:\/\/covasna45.ro\/index.php\/wp-json\/wp\/v2\/categories?post=14184"},{"taxonomy":"post_tag","embeddable":true,"href":"https:\/\/covasna45.ro\/index.php\/wp-json\/wp\/v2\/tags?post=14184"}],"curies":[{"name":"wp","href":"https:\/\/api.w.org\/{rel}","templated":true}]}}