{"id":14209,"date":"2025-12-12T09:18:49","date_gmt":"2025-12-12T07:18:49","guid":{"rendered":"https:\/\/covasna45.ro\/?p=14209"},"modified":"2025-12-12T09:18:50","modified_gmt":"2025-12-12T07:18:50","slug":"ne-am-saturat-deputatul-miklos-zoltan-cere-masuri-ferme-impotriva-ultrasilor","status":"publish","type":"post","link":"https:\/\/covasna45.ro\/index.php\/sport\/ne-am-saturat-deputatul-miklos-zoltan-cere-masuri-ferme-impotriva-ultrasilor\/","title":{"rendered":"\u201eNe-am s\u0103turat!\u201d: Deputatul Mikl\u00f3s Zolt\u00e1n cere m\u0103suri ferme \u00eempotriva ultra\u0219ilor"},"content":{"rendered":"\n<p>Deputatul UDMR de Covasna, Mikl\u00f3s Zolt\u00e1n, a cerut, de la tribuna Parlamentului, ca statul s\u0103 ia m\u0103suri \u00eempotriva suporterilor agresivi. \u00centr-o Declara\u021bie politic\u0103 citit\u0103 \u00een plen, el sus\u021bine c\u0103 toat\u0103 comunitatea maghiar\u0103 din Rom\u00e2nia \u201es-a s\u0103turat p\u00e2n\u0103 peste cap de batjocura si umilin\u021ba la care suntem supu\u0219i zi de zi datorit\u0103 agresivit\u0103\u021bii \u0219i a xenofobiei de la evenimentele sportive\u201d.<\/p>\n\n\n\n<p>\u201eStatul are toate instrumentele necesare pentru a lua m\u0103suri, dar nu le ia. Exist\u0103 camere de supraveghere pe stadioane, \u00een baza imaginilor se pot \u00eentocmi dosare penale pentru instigare la ur\u0103. Autorit\u0103\u021bile ar trebui s\u0103 reac\u021bioneze, dar nu o fac\u201d, explic\u0103, pentru <a href=\"https:\/\/covasna45.ro\/index.php\/lumea-noastra\/judetul-covasna-34-milioane-de-lei-din-impozitul-pe-venit-redirectionate-spre-ong-uri-si-biserici\/\">covasna45.ro<\/a>, deputatul. \u00cen opinia sa, nu este vorba despre \u201efolclor de stadion\u201d, ci despre xenofobie.<\/p>\n\n\n\n<h2 class=\"wp-block-heading\">Red\u0103m textul complet al Declara\u021biei citite \u00een Parlament:<\/h2>\n\n\n\n<p>\u201eAst\u0103zi nu voi vorbi \u00een fa\u021ba dvs cu diploma\u021bia specific\u0103 parlamentarilor UDMR. Azi va voi vorbi cu vocea direct\u0103 a unei comunit\u0103\u021bi care s-a s\u0103turat. <strong>Da, dragi colegi: noi, comunitatea maghiar\u0103 din Rom\u00e2nia ne-am s\u0103turat p\u00e2n\u0103 peste cap de batjocura si umilin\u021ba la care suntem supu\u0219i zi de zi datorit\u0103 agresivit\u0103\u021bii \u0219i a xenofobiei de la evenimentele sportive.<\/strong><\/p>\n\n\n\n<p>Avem de-a face, din p\u0103cate, cu noi si noi episoade din \u0219irul infinit al violen\u021bei verbale, fenomen la care autorit\u0103\u021bile statului r\u0103m\u00e2n indiferente.<\/p>\n\n\n\n<p><strong>De ani de zile, \u00een tribunele din Rom\u00e2nia se strig\u0103, f\u0103r\u0103 niciun fel de ru\u0219ine &lt;&lt;Afar\u0103 cu ungurii din \u021bar\u0103>>, &lt;&lt;Bozgori>> \u0219i alte mizerii care nu au ce c\u0103uta \u00eentr-o democra\u021bie.<\/strong><\/p>\n\n\n\n<p>De aceast\u0103 dat\u0103 suporterii de fotbal ai Universit\u0103\u021bii Cluj au f\u0103cut acest lucru, cu ocazia meciului pe care echipa lor a disputat la Sf\u00e2ntu Gheorghe.<\/p>\n\n\n\n<p>La acest climat toxic se adaug\u0103 un fenomen care a devenit, din p\u0103cate, regul\u0103: dup\u0103 meciurile disputate la Sf\u00e2ntu Gheorghe \u0219i la Miercurea Ciuc, grupuri de ultra\u0219i rup steaguri secuie\u0219ti \u0219i maghiare de pe casele private ale oamenilor. Aceste acte reprezint\u0103 vandalism, instigare la ur\u0103 \u0219i atac la identitatea unei comunit\u0103\u021bi, \u00eentruc\u00e2t respectul fa\u021b\u0103 de simbolurile celuilalt este baza convie\u021buirii pa\u0219nice.<\/p>\n\n\n\n<p><strong>Noi, maghiarii din Rom\u00e2nia, ne-am s\u0103turat de faptul c\u0103 ura fa\u021b\u0103 de comunitatea noastr\u0103 este tratat\u0103 ca un simplu &lt;&lt;folclor de stadion>>. Ei bine, NU este folclor. Este xenofobie \u00een toat\u0103 regula. Este violen\u021b\u0103. Este \u00eenc\u0103lcarea flagrant\u0103 a legii. Nu mai accept\u0103m ca aceste manifest\u0103ri s\u0103 fie acoperite cu scuza &lt;&lt;a\u0219a sunt suporterii, se mai \u00eent\u00e2mpl\u0103>>.<\/strong><\/p>\n\n\n\n<h2 class=\"wp-block-heading\">Nu, domnilor. Gata cu &lt;&lt;se mai \u00eent\u00e2mpl\u0103&gt;&gt;.<\/h2>\n\n\n\n<p><strong><em>Autorit\u0103\u021bile \u00een acest timp se prefac c\u0103 nu aud. Se prefac c\u0103 nu v\u0103d. Se prefac c\u0103 nu e treaba lor faptul c\u0103 \u00eentreaga comunitate maghiar\u0103 este \u00eenjurat\u0103 \u0219i amenin\u021bat\u0103.<\/em><\/strong><\/p>\n\n\n\n<p>Aceasta nu este o &lt;&lt;abatere minor\u0103&gt;&gt;, dragi colegi. Aceasta este o ru\u0219ine na\u021bional\u0103.<\/p>\n\n\n\n<p>Le transmit ap\u0103sat autorit\u0103\u021bilor de la acest microfon: nu v\u0103 ascunde\u021bi dup\u0103 FRF, dup\u0103 jandarmi, dup\u0103 cluburi, dup\u0103 &lt;&lt;regulamente&gt;&gt;. Ave\u021bi obliga\u021bia legal\u0103 s\u0103 proteja\u021bi fiecare cet\u0103\u021bean.<\/p>\n\n\n\n<p>C\u00e2nd maghiarii sunt ataca\u021bi \u00een stadioane \u0219i statul tace, atunci statul devine complice. Punct.<\/p>\n\n\n\n<h2 class=\"wp-block-heading\">\u00cen concluzie, stima\u021bi colegi a\u0219tept\u0103m urm\u0103toarele m\u0103suri, f\u0103r\u0103 ocoli\u015furi \u0219i f\u0103r\u0103 cosmetiz\u0103ri:<\/h2>\n\n\n\n<p>1. <strong>Vrem aplicarea strict\u0103\u00a0 a legii privind incitarea la ur\u0103<\/strong>. Nu vrem \u201cavertismente\u201d, ci dosare penale. Da, DOSARE. A\u0219a cum prevede codul penal.<\/p>\n\n\n\n<p>2. <strong>Vrem suspendarea cluburilor ale c\u0103ror suporteri promoveaz\u0103 xenofobia<\/strong>. Nu amenzi simbolice, sau aplauze pentru \u201eatmosfera superb\u0103 creat\u0103 de fani\u201d. Vrem SUSPEND\u0102RI. P\u00e2n\u0103 se \u00eenva\u021b\u0103 respectul.<\/p>\n\n\n\n<p>3. <strong>Vrem interzicerea particip\u0103rii instigatorilor la evenimentele sportive<\/strong>. Vrem ca cei care agreseaz\u0103 s\u0103 fie sco\u0219i afar\u0103 din stadion. DEFINITIV.<\/p>\n\n\n\n<p>4. <strong>Vrem un mesaj oficial, ferm din partea autorit\u0103\u021bilor. Nu e suficient\u0103 t\u0103cerea elegant\u0103<\/strong>. C\u00e2nd un fenomen e toxic, \u00eel condamni. F\u0103r\u0103 echivoc.<\/p>\n\n\n\n<p>Dragi colegi,<\/p>\n\n\n\n<p>Vin s\u0103 cer ceea ce i se cuvine oric\u0103rui cet\u0103\u021bean al acestei \u021b\u0103ri: DEMNITATE.<\/p>\n\n\n\n<p>Vom continua s\u0103 spunem, ori de c\u00e2te ori este nevoie, c\u0103 pe stadioanele Rom\u00e2niei, maghiarii nu sunt tolera\u021bi, ci sunt H\u0102ITUI\u021aI. Iar acest lucru trebuie s\u0103 \u00eenceteze. Nu ne mai l\u0103s\u0103m c\u0103lca\u021bi \u00een picioare.<\/p>\n\n\n\n<p>V\u0103 mul\u021bumesc!\u201d.<\/p>\n","protected":false},"excerpt":{"rendered":"<p>Deputatul UDMR de Covasna, Mikl\u00f3s Zolt\u00e1n, a cerut, de la tribuna Parlamentului, ca statul s\u0103 ia m\u0103suri \u00eempotriva suporterilor agresivi. \u00centr-o Declara\u021bie politic\u0103 citit\u0103 \u00een plen, el sus\u021bine c\u0103 toat\u0103 comunitatea maghiar\u0103 din Rom\u00e2nia \u201es-a s\u0103turat p\u00e2n\u0103 peste cap de batjocura si umilin\u021ba la care suntem supu\u0219i zi de zi datorit\u0103 agresivit\u0103\u021bii \u0219i a xenofobiei [&hellip;]<\/p>\n","protected":false},"author":1,"featured_media":14210,"comment_status":"open","ping_status":"closed","sticky":false,"template":"","format":"standard","meta":{"tdm_status":"","tdm_grid_status":"","footnotes":""},"categories":[14,17],"tags":[3133,72,1998,189,4396],"class_list":{"0":"post-14209","1":"post","2":"type-post","3":"status-publish","4":"format-standard","5":"has-post-thumbnail","7":"category-lumea-noastra","8":"category-sport","9":"tag-miklos-zoltan-2","10":"tag-parlament","11":"tag-stadion","12":"tag-udmr","13":"tag-ultrasi"},"yoast_head":"<!-- This site is optimized with the Yoast SEO plugin v27.5 - https:\/\/yoast.com\/product\/yoast-seo-wordpress\/ -->\n<title>\u201eNe-am s\u0103turat!\u201d: Deputatul Mikl\u00f3s Zolt\u00e1n cere m\u0103suri ferme \u00eempotriva ultra\u0219ilor - Covasna45<\/title>\n<meta name=\"description\" content=\"Deputatul UDMR de Covasna, Mikl\u00f3s Zolt\u00e1n, a cerut, de la tribuna Parlamentului, ca statul s\u0103 ia m\u0103suri \u00eempotriva suporterilor agresivi.\" \/>\n<meta name=\"robots\" content=\"index, follow, max-snippet:-1, max-image-preview:large, max-video-preview:-1\" \/>\n<link rel=\"canonical\" href=\"https:\/\/covasna45.ro\/index.php\/sport\/ne-am-saturat-deputatul-miklos-zoltan-cere-masuri-ferme-impotriva-ultrasilor\/\" \/>\n<meta property=\"og:locale\" content=\"ro_RO\" \/>\n<meta property=\"og:type\" content=\"article\" \/>\n<meta property=\"og:title\" content=\"\u201eNe-am s\u0103turat!\u201d: Deputatul Mikl\u00f3s Zolt\u00e1n cere m\u0103suri ferme \u00eempotriva ultra\u0219ilor - Covasna45\" \/>\n<meta property=\"og:description\" content=\"Deputatul UDMR de Covasna, Mikl\u00f3s Zolt\u00e1n, a cerut, de la tribuna Parlamentului, ca statul s\u0103 ia m\u0103suri \u00eempotriva suporterilor agresivi.\" \/>\n<meta property=\"og:url\" content=\"https:\/\/covasna45.ro\/index.php\/sport\/ne-am-saturat-deputatul-miklos-zoltan-cere-masuri-ferme-impotriva-ultrasilor\/\" \/>\n<meta property=\"og:site_name\" content=\"Covasna45\" \/>\n<meta property=\"article:published_time\" content=\"2025-12-12T07:18:49+00:00\" \/>\n<meta property=\"article:modified_time\" content=\"2025-12-12T07:18:50+00:00\" \/>\n<meta property=\"og:image\" content=\"https:\/\/covasna45.ro\/wp-content\/uploads\/2025\/12\/mzoltan.jpg\" \/>\n\t<meta property=\"og:image:width\" content=\"2000\" \/>\n\t<meta property=\"og:image:height\" content=\"1333\" \/>\n\t<meta property=\"og:image:type\" content=\"image\/jpeg\" \/>\n<meta name=\"author\" content=\"Covasna45\" \/>\n<meta name=\"twitter:card\" content=\"summary_large_image\" \/>\n<meta name=\"twitter:label1\" content=\"Scris de\" \/>\n\t<meta name=\"twitter:data1\" content=\"Covasna45\" \/>\n\t<meta name=\"twitter:label2\" content=\"Timp estimat pentru citire\" \/>\n\t<meta name=\"twitter:data2\" content=\"4 minute\" \/>\n<script type=\"application\/ld+json\" class=\"yoast-schema-graph\">{\"@context\":\"https:\\\/\\\/schema.org\",\"@graph\":[{\"@type\":\"Article\",\"@id\":\"https:\\\/\\\/covasna45.ro\\\/index.php\\\/sport\\\/ne-am-saturat-deputatul-miklos-zoltan-cere-masuri-ferme-impotriva-ultrasilor\\\/#article\",\"isPartOf\":{\"@id\":\"https:\\\/\\\/covasna45.ro\\\/index.php\\\/sport\\\/ne-am-saturat-deputatul-miklos-zoltan-cere-masuri-ferme-impotriva-ultrasilor\\\/\"},\"author\":{\"name\":\"Covasna45\",\"@id\":\"https:\\\/\\\/covasna45.ro\\\/#\\\/schema\\\/person\\\/e674052bd7d95d70bbb007a1060ab73c\"},\"headline\":\"\u201eNe-am s\u0103turat!\u201d: Deputatul Mikl\u00f3s Zolt\u00e1n cere m\u0103suri ferme \u00eempotriva ultra\u0219ilor\",\"datePublished\":\"2025-12-12T07:18:49+00:00\",\"dateModified\":\"2025-12-12T07:18:50+00:00\",\"mainEntityOfPage\":{\"@id\":\"https:\\\/\\\/covasna45.ro\\\/index.php\\\/sport\\\/ne-am-saturat-deputatul-miklos-zoltan-cere-masuri-ferme-impotriva-ultrasilor\\\/\"},\"wordCount\":757,\"commentCount\":0,\"publisher\":{\"@id\":\"https:\\\/\\\/covasna45.ro\\\/#organization\"},\"image\":{\"@id\":\"https:\\\/\\\/covasna45.ro\\\/index.php\\\/sport\\\/ne-am-saturat-deputatul-miklos-zoltan-cere-masuri-ferme-impotriva-ultrasilor\\\/#primaryimage\"},\"thumbnailUrl\":\"https:\\\/\\\/covasna45.ro\\\/wp-content\\\/uploads\\\/2025\\\/12\\\/mzoltan.jpg\",\"keywords\":[\"Miklos Zoltan\",\"Parlament\",\"Stadion\",\"UDMR\",\"ultrasi\"],\"articleSection\":[\"Lumea noastr\u0103\",\"Sport\"],\"inLanguage\":\"ro-RO\",\"potentialAction\":[{\"@type\":\"CommentAction\",\"name\":\"Comment\",\"target\":[\"https:\\\/\\\/covasna45.ro\\\/index.php\\\/sport\\\/ne-am-saturat-deputatul-miklos-zoltan-cere-masuri-ferme-impotriva-ultrasilor\\\/#respond\"]}]},{\"@type\":\"WebPage\",\"@id\":\"https:\\\/\\\/covasna45.ro\\\/index.php\\\/sport\\\/ne-am-saturat-deputatul-miklos-zoltan-cere-masuri-ferme-impotriva-ultrasilor\\\/\",\"url\":\"https:\\\/\\\/covasna45.ro\\\/index.php\\\/sport\\\/ne-am-saturat-deputatul-miklos-zoltan-cere-masuri-ferme-impotriva-ultrasilor\\\/\",\"name\":\"\u201eNe-am s\u0103turat!\u201d: Deputatul Mikl\u00f3s Zolt\u00e1n cere m\u0103suri ferme \u00eempotriva ultra\u0219ilor - Covasna45\",\"isPartOf\":{\"@id\":\"https:\\\/\\\/covasna45.ro\\\/#website\"},\"primaryImageOfPage\":{\"@id\":\"https:\\\/\\\/covasna45.ro\\\/index.php\\\/sport\\\/ne-am-saturat-deputatul-miklos-zoltan-cere-masuri-ferme-impotriva-ultrasilor\\\/#primaryimage\"},\"image\":{\"@id\":\"https:\\\/\\\/covasna45.ro\\\/index.php\\\/sport\\\/ne-am-saturat-deputatul-miklos-zoltan-cere-masuri-ferme-impotriva-ultrasilor\\\/#primaryimage\"},\"thumbnailUrl\":\"https:\\\/\\\/covasna45.ro\\\/wp-content\\\/uploads\\\/2025\\\/12\\\/mzoltan.jpg\",\"datePublished\":\"2025-12-12T07:18:49+00:00\",\"dateModified\":\"2025-12-12T07:18:50+00:00\",\"description\":\"Deputatul UDMR de Covasna, Mikl\u00f3s Zolt\u00e1n, a cerut, de la tribuna Parlamentului, ca statul s\u0103 ia m\u0103suri \u00eempotriva suporterilor agresivi.\",\"breadcrumb\":{\"@id\":\"https:\\\/\\\/covasna45.ro\\\/index.php\\\/sport\\\/ne-am-saturat-deputatul-miklos-zoltan-cere-masuri-ferme-impotriva-ultrasilor\\\/#breadcrumb\"},\"inLanguage\":\"ro-RO\",\"potentialAction\":[{\"@type\":\"ReadAction\",\"target\":[\"https:\\\/\\\/covasna45.ro\\\/index.php\\\/sport\\\/ne-am-saturat-deputatul-miklos-zoltan-cere-masuri-ferme-impotriva-ultrasilor\\\/\"]}]},{\"@type\":\"ImageObject\",\"inLanguage\":\"ro-RO\",\"@id\":\"https:\\\/\\\/covasna45.ro\\\/index.php\\\/sport\\\/ne-am-saturat-deputatul-miklos-zoltan-cere-masuri-ferme-impotriva-ultrasilor\\\/#primaryimage\",\"url\":\"https:\\\/\\\/covasna45.ro\\\/wp-content\\\/uploads\\\/2025\\\/12\\\/mzoltan.jpg\",\"contentUrl\":\"https:\\\/\\\/covasna45.ro\\\/wp-content\\\/uploads\\\/2025\\\/12\\\/mzoltan.jpg\",\"width\":2000,\"height\":1333},{\"@type\":\"BreadcrumbList\",\"@id\":\"https:\\\/\\\/covasna45.ro\\\/index.php\\\/sport\\\/ne-am-saturat-deputatul-miklos-zoltan-cere-masuri-ferme-impotriva-ultrasilor\\\/#breadcrumb\",\"itemListElement\":[{\"@type\":\"ListItem\",\"position\":1,\"name\":\"Prima pagin\u0103\",\"item\":\"https:\\\/\\\/covasna45.ro\\\/\"},{\"@type\":\"ListItem\",\"position\":2,\"name\":\"\u201eNe-am s\u0103turat!\u201d: Deputatul Mikl\u00f3s Zolt\u00e1n cere m\u0103suri ferme \u00eempotriva ultra\u0219ilor\"}]},{\"@type\":\"WebSite\",\"@id\":\"https:\\\/\\\/covasna45.ro\\\/#website\",\"url\":\"https:\\\/\\\/covasna45.ro\\\/\",\"name\":\"covasna45.ro\",\"description\":\"\",\"publisher\":{\"@id\":\"https:\\\/\\\/covasna45.ro\\\/#organization\"},\"potentialAction\":[{\"@type\":\"SearchAction\",\"target\":{\"@type\":\"EntryPoint\",\"urlTemplate\":\"https:\\\/\\\/covasna45.ro\\\/?s={search_term_string}\"},\"query-input\":{\"@type\":\"PropertyValueSpecification\",\"valueRequired\":true,\"valueName\":\"search_term_string\"}}],\"inLanguage\":\"ro-RO\"},{\"@type\":\"Organization\",\"@id\":\"https:\\\/\\\/covasna45.ro\\\/#organization\",\"name\":\"covasna45.ro\",\"url\":\"https:\\\/\\\/covasna45.ro\\\/\",\"logo\":{\"@type\":\"ImageObject\",\"inLanguage\":\"ro-RO\",\"@id\":\"https:\\\/\\\/covasna45.ro\\\/#\\\/schema\\\/logo\\\/image\\\/\",\"url\":\"https:\\\/\\\/covasna45.ro\\\/wp-content\\\/uploads\\\/2023\\\/01\\\/icon_logo.png\",\"contentUrl\":\"https:\\\/\\\/covasna45.ro\\\/wp-content\\\/uploads\\\/2023\\\/01\\\/icon_logo.png\",\"width\":1900,\"height\":1900,\"caption\":\"covasna45.ro\"},\"image\":{\"@id\":\"https:\\\/\\\/covasna45.ro\\\/#\\\/schema\\\/logo\\\/image\\\/\"}},{\"@type\":\"Person\",\"@id\":\"https:\\\/\\\/covasna45.ro\\\/#\\\/schema\\\/person\\\/e674052bd7d95d70bbb007a1060ab73c\",\"name\":\"Covasna45\",\"image\":{\"@type\":\"ImageObject\",\"inLanguage\":\"ro-RO\",\"@id\":\"https:\\\/\\\/covasna45.ro\\\/wp-content\\\/uploads\\\/2025\\\/10\\\/icon_logo_covasna45-150x150.png\",\"url\":\"https:\\\/\\\/covasna45.ro\\\/wp-content\\\/uploads\\\/2025\\\/10\\\/icon_logo_covasna45-150x150.png\",\"contentUrl\":\"https:\\\/\\\/covasna45.ro\\\/wp-content\\\/uploads\\\/2025\\\/10\\\/icon_logo_covasna45-150x150.png\",\"caption\":\"Covasna45\"},\"sameAs\":[\"https:\\\/\\\/covasna45.ro\"],\"url\":\"https:\\\/\\\/covasna45.ro\\\/index.php\\\/author\\\/covasna\\\/\"}]}<\/script>\n<!-- \/ Yoast SEO plugin. -->","yoast_head_json":{"title":"\u201eNe-am s\u0103turat!\u201d: Deputatul Mikl\u00f3s Zolt\u00e1n cere m\u0103suri ferme \u00eempotriva ultra\u0219ilor - Covasna45","description":"Deputatul UDMR de Covasna, Mikl\u00f3s Zolt\u00e1n, a cerut, de la tribuna Parlamentului, ca statul s\u0103 ia m\u0103suri \u00eempotriva suporterilor agresivi.","robots":{"index":"index","follow":"follow","max-snippet":"max-snippet:-1","max-image-preview":"max-image-preview:large","max-video-preview":"max-video-preview:-1"},"canonical":"https:\/\/covasna45.ro\/index.php\/sport\/ne-am-saturat-deputatul-miklos-zoltan-cere-masuri-ferme-impotriva-ultrasilor\/","og_locale":"ro_RO","og_type":"article","og_title":"\u201eNe-am s\u0103turat!\u201d: Deputatul Mikl\u00f3s Zolt\u00e1n cere m\u0103suri ferme \u00eempotriva ultra\u0219ilor - Covasna45","og_description":"Deputatul UDMR de Covasna, Mikl\u00f3s Zolt\u00e1n, a cerut, de la tribuna Parlamentului, ca statul s\u0103 ia m\u0103suri \u00eempotriva suporterilor agresivi.","og_url":"https:\/\/covasna45.ro\/index.php\/sport\/ne-am-saturat-deputatul-miklos-zoltan-cere-masuri-ferme-impotriva-ultrasilor\/","og_site_name":"Covasna45","article_published_time":"2025-12-12T07:18:49+00:00","article_modified_time":"2025-12-12T07:18:50+00:00","og_image":[{"width":2000,"height":1333,"url":"https:\/\/covasna45.ro\/wp-content\/uploads\/2025\/12\/mzoltan.jpg","type":"image\/jpeg"}],"author":"Covasna45","twitter_card":"summary_large_image","twitter_misc":{"Scris de":"Covasna45","Timp estimat pentru citire":"4 minute"},"schema":{"@context":"https:\/\/schema.org","@graph":[{"@type":"Article","@id":"https:\/\/covasna45.ro\/index.php\/sport\/ne-am-saturat-deputatul-miklos-zoltan-cere-masuri-ferme-impotriva-ultrasilor\/#article","isPartOf":{"@id":"https:\/\/covasna45.ro\/index.php\/sport\/ne-am-saturat-deputatul-miklos-zoltan-cere-masuri-ferme-impotriva-ultrasilor\/"},"author":{"name":"Covasna45","@id":"https:\/\/covasna45.ro\/#\/schema\/person\/e674052bd7d95d70bbb007a1060ab73c"},"headline":"\u201eNe-am s\u0103turat!\u201d: Deputatul Mikl\u00f3s Zolt\u00e1n cere m\u0103suri ferme \u00eempotriva ultra\u0219ilor","datePublished":"2025-12-12T07:18:49+00:00","dateModified":"2025-12-12T07:18:50+00:00","mainEntityOfPage":{"@id":"https:\/\/covasna45.ro\/index.php\/sport\/ne-am-saturat-deputatul-miklos-zoltan-cere-masuri-ferme-impotriva-ultrasilor\/"},"wordCount":757,"commentCount":0,"publisher":{"@id":"https:\/\/covasna45.ro\/#organization"},"image":{"@id":"https:\/\/covasna45.ro\/index.php\/sport\/ne-am-saturat-deputatul-miklos-zoltan-cere-masuri-ferme-impotriva-ultrasilor\/#primaryimage"},"thumbnailUrl":"https:\/\/covasna45.ro\/wp-content\/uploads\/2025\/12\/mzoltan.jpg","keywords":["Miklos Zoltan","Parlament","Stadion","UDMR","ultrasi"],"articleSection":["Lumea noastr\u0103","Sport"],"inLanguage":"ro-RO","potentialAction":[{"@type":"CommentAction","name":"Comment","target":["https:\/\/covasna45.ro\/index.php\/sport\/ne-am-saturat-deputatul-miklos-zoltan-cere-masuri-ferme-impotriva-ultrasilor\/#respond"]}]},{"@type":"WebPage","@id":"https:\/\/covasna45.ro\/index.php\/sport\/ne-am-saturat-deputatul-miklos-zoltan-cere-masuri-ferme-impotriva-ultrasilor\/","url":"https:\/\/covasna45.ro\/index.php\/sport\/ne-am-saturat-deputatul-miklos-zoltan-cere-masuri-ferme-impotriva-ultrasilor\/","name":"\u201eNe-am s\u0103turat!\u201d: Deputatul Mikl\u00f3s Zolt\u00e1n cere m\u0103suri ferme \u00eempotriva ultra\u0219ilor - Covasna45","isPartOf":{"@id":"https:\/\/covasna45.ro\/#website"},"primaryImageOfPage":{"@id":"https:\/\/covasna45.ro\/index.php\/sport\/ne-am-saturat-deputatul-miklos-zoltan-cere-masuri-ferme-impotriva-ultrasilor\/#primaryimage"},"image":{"@id":"https:\/\/covasna45.ro\/index.php\/sport\/ne-am-saturat-deputatul-miklos-zoltan-cere-masuri-ferme-impotriva-ultrasilor\/#primaryimage"},"thumbnailUrl":"https:\/\/covasna45.ro\/wp-content\/uploads\/2025\/12\/mzoltan.jpg","datePublished":"2025-12-12T07:18:49+00:00","dateModified":"2025-12-12T07:18:50+00:00","description":"Deputatul UDMR de Covasna, Mikl\u00f3s Zolt\u00e1n, a cerut, de la tribuna Parlamentului, ca statul s\u0103 ia m\u0103suri \u00eempotriva suporterilor agresivi.","breadcrumb":{"@id":"https:\/\/covasna45.ro\/index.php\/sport\/ne-am-saturat-deputatul-miklos-zoltan-cere-masuri-ferme-impotriva-ultrasilor\/#breadcrumb"},"inLanguage":"ro-RO","potentialAction":[{"@type":"ReadAction","target":["https:\/\/covasna45.ro\/index.php\/sport\/ne-am-saturat-deputatul-miklos-zoltan-cere-masuri-ferme-impotriva-ultrasilor\/"]}]},{"@type":"ImageObject","inLanguage":"ro-RO","@id":"https:\/\/covasna45.ro\/index.php\/sport\/ne-am-saturat-deputatul-miklos-zoltan-cere-masuri-ferme-impotriva-ultrasilor\/#primaryimage","url":"https:\/\/covasna45.ro\/wp-content\/uploads\/2025\/12\/mzoltan.jpg","contentUrl":"https:\/\/covasna45.ro\/wp-content\/uploads\/2025\/12\/mzoltan.jpg","width":2000,"height":1333},{"@type":"BreadcrumbList","@id":"https:\/\/covasna45.ro\/index.php\/sport\/ne-am-saturat-deputatul-miklos-zoltan-cere-masuri-ferme-impotriva-ultrasilor\/#breadcrumb","itemListElement":[{"@type":"ListItem","position":1,"name":"Prima pagin\u0103","item":"https:\/\/covasna45.ro\/"},{"@type":"ListItem","position":2,"name":"\u201eNe-am s\u0103turat!\u201d: Deputatul Mikl\u00f3s Zolt\u00e1n cere m\u0103suri ferme \u00eempotriva ultra\u0219ilor"}]},{"@type":"WebSite","@id":"https:\/\/covasna45.ro\/#website","url":"https:\/\/covasna45.ro\/","name":"covasna45.ro","description":"","publisher":{"@id":"https:\/\/covasna45.ro\/#organization"},"potentialAction":[{"@type":"SearchAction","target":{"@type":"EntryPoint","urlTemplate":"https:\/\/covasna45.ro\/?s={search_term_string}"},"query-input":{"@type":"PropertyValueSpecification","valueRequired":true,"valueName":"search_term_string"}}],"inLanguage":"ro-RO"},{"@type":"Organization","@id":"https:\/\/covasna45.ro\/#organization","name":"covasna45.ro","url":"https:\/\/covasna45.ro\/","logo":{"@type":"ImageObject","inLanguage":"ro-RO","@id":"https:\/\/covasna45.ro\/#\/schema\/logo\/image\/","url":"https:\/\/covasna45.ro\/wp-content\/uploads\/2023\/01\/icon_logo.png","contentUrl":"https:\/\/covasna45.ro\/wp-content\/uploads\/2023\/01\/icon_logo.png","width":1900,"height":1900,"caption":"covasna45.ro"},"image":{"@id":"https:\/\/covasna45.ro\/#\/schema\/logo\/image\/"}},{"@type":"Person","@id":"https:\/\/covasna45.ro\/#\/schema\/person\/e674052bd7d95d70bbb007a1060ab73c","name":"Covasna45","image":{"@type":"ImageObject","inLanguage":"ro-RO","@id":"https:\/\/covasna45.ro\/wp-content\/uploads\/2025\/10\/icon_logo_covasna45-150x150.png","url":"https:\/\/covasna45.ro\/wp-content\/uploads\/2025\/10\/icon_logo_covasna45-150x150.png","contentUrl":"https:\/\/covasna45.ro\/wp-content\/uploads\/2025\/10\/icon_logo_covasna45-150x150.png","caption":"Covasna45"},"sameAs":["https:\/\/covasna45.ro"],"url":"https:\/\/covasna45.ro\/index.php\/author\/covasna\/"}]}},"_links":{"self":[{"href":"https:\/\/covasna45.ro\/index.php\/wp-json\/wp\/v2\/posts\/14209","targetHints":{"allow":["GET"]}}],"collection":[{"href":"https:\/\/covasna45.ro\/index.php\/wp-json\/wp\/v2\/posts"}],"about":[{"href":"https:\/\/covasna45.ro\/index.php\/wp-json\/wp\/v2\/types\/post"}],"author":[{"embeddable":true,"href":"https:\/\/covasna45.ro\/index.php\/wp-json\/wp\/v2\/users\/1"}],"replies":[{"embeddable":true,"href":"https:\/\/covasna45.ro\/index.php\/wp-json\/wp\/v2\/comments?post=14209"}],"version-history":[{"count":1,"href":"https:\/\/covasna45.ro\/index.php\/wp-json\/wp\/v2\/posts\/14209\/revisions"}],"predecessor-version":[{"id":14211,"href":"https:\/\/covasna45.ro\/index.php\/wp-json\/wp\/v2\/posts\/14209\/revisions\/14211"}],"wp:featuredmedia":[{"embeddable":true,"href":"https:\/\/covasna45.ro\/index.php\/wp-json\/wp\/v2\/media\/14210"}],"wp:attachment":[{"href":"https:\/\/covasna45.ro\/index.php\/wp-json\/wp\/v2\/media?parent=14209"}],"wp:term":[{"taxonomy":"category","embeddable":true,"href":"https:\/\/covasna45.ro\/index.php\/wp-json\/wp\/v2\/categories?post=14209"},{"taxonomy":"post_tag","embeddable":true,"href":"https:\/\/covasna45.ro\/index.php\/wp-json\/wp\/v2\/tags?post=14209"}],"curies":[{"name":"wp","href":"https:\/\/api.w.org\/{rel}","templated":true}]}}