{"id":14213,"date":"2025-12-12T11:12:12","date_gmt":"2025-12-12T09:12:12","guid":{"rendered":"https:\/\/covasna45.ro\/?p=14213"},"modified":"2025-12-12T11:15:13","modified_gmt":"2025-12-12T09:15:13","slug":"momentum-wedding-fair-cel-mai-mare-targ-de-nunti-organizat-in-regiune","status":"publish","type":"post","link":"https:\/\/covasna45.ro\/index.php\/lumea-noastra\/momentum-wedding-fair-cel-mai-mare-targ-de-nunti-organizat-in-regiune\/","title":{"rendered":"Momentum Wedding Fair: cel mai mare t\u00e2rg de nun\u021bi organizat \u00een regiune"},"content":{"rendered":"\n<p>Prima edi\u021bie a T\u00e2rgului de Nun\u021bi \u201eMomentum Wedding Fair\u201d are loc \u00een acest sf\u00e2r\u0219it de s\u0103pt\u0103m\u00e2n\u0103 la Bra\u0219ov Business Park. Organizat de echipa \u201eMomentum\u201d din ora\u0219ul&nbsp;Covasna, este un eveniment de amploare ce se anun\u021b\u0103 a fi&nbsp;cel mai mare t\u00e2rg de profil organizat \u00een regiune \u00een ultimii 3 ani.<\/p>\n\n\n\n<p>Organizatorii le ofer\u0103 viitorilor miri ocazia de a-i cunoa\u0219te pe cei care se ocup\u0103 de astfel de evenimente \u0219i de a vedea care sunt ofertele \u0219i pre\u021burile pentru serviciile lor.<\/p>\n\n\n\n<figure class=\"wp-block-image size-large\"><img loading=\"lazy\" decoding=\"async\" width=\"1024\" height=\"683\" src=\"https:\/\/covasna45.ro\/wp-content\/uploads\/2025\/12\/mom5-1024x683.jpg\" alt=\"\" class=\"wp-image-14215\" srcset=\"https:\/\/covasna45.ro\/wp-content\/uploads\/2025\/12\/mom5-1024x683.jpg 1024w, https:\/\/covasna45.ro\/wp-content\/uploads\/2025\/12\/mom5-300x200.jpg 300w, https:\/\/covasna45.ro\/wp-content\/uploads\/2025\/12\/mom5-768x512.jpg 768w, https:\/\/covasna45.ro\/wp-content\/uploads\/2025\/12\/mom5-1536x1025.jpg 1536w, https:\/\/covasna45.ro\/wp-content\/uploads\/2025\/12\/mom5-150x100.jpg 150w, https:\/\/covasna45.ro\/wp-content\/uploads\/2025\/12\/mom5-696x464.jpg 696w, https:\/\/covasna45.ro\/wp-content\/uploads\/2025\/12\/mom5-1068x712.jpg 1068w, https:\/\/covasna45.ro\/wp-content\/uploads\/2025\/12\/mom5-1920x1281.jpg 1920w, https:\/\/covasna45.ro\/wp-content\/uploads\/2025\/12\/mom5.jpg 2048w\" sizes=\"auto, (max-width: 1024px) 100vw, 1024px\" \/><\/figure>\n\n\n\n<p><strong>C\u00e2teva repere importante ale t\u00e2rgului:<\/strong><\/p>\n\n\n\n<ul class=\"wp-block-list\">\n<li>peste\u00a0350 de cupluri\u00a0\u0219i-au anun\u021bat deja participarea;<\/li>\n<\/ul>\n\n\n\n<ul class=\"wp-block-list\">\n<li>49 de expozan\u021bi\u00a0din domeniul nun\u021bilor \u0219i evenimentelor (loca\u021bii, decoratori, rochii de mireas\u0103, foto-video, muzic\u0103, organizatori etc.);<\/li>\n<\/ul>\n\n\n\n<ul class=\"wp-block-list\">\n<li>un interes crescut din partea viitorilor miri din Bra\u0219ov \u0219i din jude\u021bele \u00eenvecinate.<\/li>\n<\/ul>\n\n\n\n<figure class=\"wp-block-image size-large\"><img loading=\"lazy\" decoding=\"async\" width=\"768\" height=\"1024\" src=\"https:\/\/covasna45.ro\/wp-content\/uploads\/2025\/12\/mom2-768x1024.jpg\" alt=\"\" class=\"wp-image-14216\" srcset=\"https:\/\/covasna45.ro\/wp-content\/uploads\/2025\/12\/mom2-768x1024.jpg 768w, https:\/\/covasna45.ro\/wp-content\/uploads\/2025\/12\/mom2-225x300.jpg 225w, https:\/\/covasna45.ro\/wp-content\/uploads\/2025\/12\/mom2-1152x1536.jpg 1152w, https:\/\/covasna45.ro\/wp-content\/uploads\/2025\/12\/mom2-150x200.jpg 150w, https:\/\/covasna45.ro\/wp-content\/uploads\/2025\/12\/mom2-300x400.jpg 300w, https:\/\/covasna45.ro\/wp-content\/uploads\/2025\/12\/mom2-696x928.jpg 696w, https:\/\/covasna45.ro\/wp-content\/uploads\/2025\/12\/mom2-1068x1424.jpg 1068w, https:\/\/covasna45.ro\/wp-content\/uploads\/2025\/12\/mom2.jpg 1536w\" sizes=\"auto, (max-width: 768px) 100vw, 768px\" \/><\/figure>\n\n\n\n<h2 class=\"wp-block-heading\">Program:<\/h2>\n\n\n\n<ul class=\"wp-block-list\">\n<li>S\u00e2mb\u0103t\u0103 (13 decembrie)\u00a0\u2013 expozi\u021bie deschis\u0103 publicului \u00eentre\u00a010:00 \u2013 20:00;<\/li>\n<\/ul>\n\n\n\n<ul class=\"wp-block-list\">\n<li>Duminic\u0103 (14 decembrie)\u00a0\u2013 expozi\u021bie deschis\u0103 publicului \u00eentre\u00a010:00 \u2013 18:00.<br><br><em>Sursa foto: <a href=\"https:\/\/www.facebook.com\/MomentumCovasna\">Momentum Covasna<\/a><\/em><\/li>\n<\/ul>\n","protected":false},"excerpt":{"rendered":"<p>Prima edi\u021bie a T\u00e2rgului de Nun\u021bi \u201eMomentum Wedding Fair\u201d are loc \u00een acest sf\u00e2r\u0219it de s\u0103pt\u0103m\u00e2n\u0103 la Bra\u0219ov Business Park. Organizat de echipa \u201eMomentum\u201d din ora\u0219ul&nbsp;Covasna, este un eveniment de amploare ce se anun\u021b\u0103 a fi&nbsp;cel mai mare t\u00e2rg de profil organizat \u00een regiune \u00een ultimii 3 ani. Organizatorii le ofer\u0103 viitorilor miri ocazia de [&hellip;]<\/p>\n","protected":false},"author":1,"featured_media":14214,"comment_status":"open","ping_status":"closed","sticky":false,"template":"","format":"standard","meta":{"tdm_status":"","tdm_grid_status":"","footnotes":""},"categories":[14],"tags":[2554,21,4397,4398],"class_list":{"0":"post-14213","1":"post","2":"type-post","3":"status-publish","4":"format-standard","5":"has-post-thumbnail","7":"category-lumea-noastra","8":"tag-brasov-2","9":"tag-covasna","10":"tag-momentum","11":"tag-nunta"},"yoast_head":"<!-- This site is optimized with the Yoast SEO plugin v27.5 - https:\/\/yoast.com\/product\/yoast-seo-wordpress\/ -->\n<title>Momentum Wedding Fair: cel mai mare t\u00e2rg de nun\u021bi organizat \u00een regiune - Covasna45<\/title>\n<meta name=\"description\" content=\"Organizatorii le ofer\u0103 viitorilor miri ocazia de a-i cunoa\u0219te pe cei care se ocup\u0103 de astfel de evenimente.\" \/>\n<meta name=\"robots\" content=\"index, follow, max-snippet:-1, max-image-preview:large, max-video-preview:-1\" \/>\n<link rel=\"canonical\" href=\"https:\/\/covasna45.ro\/index.php\/lumea-noastra\/momentum-wedding-fair-cel-mai-mare-targ-de-nunti-organizat-in-regiune\/\" \/>\n<meta property=\"og:locale\" content=\"ro_RO\" \/>\n<meta property=\"og:type\" content=\"article\" \/>\n<meta property=\"og:title\" content=\"Momentum Wedding Fair: cel mai mare t\u00e2rg de nun\u021bi organizat \u00een regiune - Covasna45\" \/>\n<meta property=\"og:description\" content=\"Organizatorii le ofer\u0103 viitorilor miri ocazia de a-i cunoa\u0219te pe cei care se ocup\u0103 de astfel de evenimente.\" \/>\n<meta property=\"og:url\" content=\"https:\/\/covasna45.ro\/index.php\/lumea-noastra\/momentum-wedding-fair-cel-mai-mare-targ-de-nunti-organizat-in-regiune\/\" \/>\n<meta property=\"og:site_name\" content=\"Covasna45\" \/>\n<meta property=\"article:published_time\" content=\"2025-12-12T09:12:12+00:00\" \/>\n<meta property=\"article:modified_time\" content=\"2025-12-12T09:15:13+00:00\" \/>\n<meta property=\"og:image\" content=\"https:\/\/covasna45.ro\/wp-content\/uploads\/2025\/12\/targ-nunti-mom.jpeg\" \/>\n\t<meta property=\"og:image:width\" content=\"2048\" \/>\n\t<meta property=\"og:image:height\" content=\"1536\" \/>\n\t<meta property=\"og:image:type\" content=\"image\/jpeg\" \/>\n<meta name=\"author\" content=\"Covasna45\" \/>\n<meta name=\"twitter:card\" content=\"summary_large_image\" \/>\n<meta name=\"twitter:label1\" content=\"Scris de\" \/>\n\t<meta name=\"twitter:data1\" content=\"Covasna45\" \/>\n\t<meta name=\"twitter:label2\" content=\"Timp estimat pentru citire\" \/>\n\t<meta name=\"twitter:data2\" content=\"2 minute\" \/>\n<script type=\"application\/ld+json\" class=\"yoast-schema-graph\">{\"@context\":\"https:\\\/\\\/schema.org\",\"@graph\":[{\"@type\":\"Article\",\"@id\":\"https:\\\/\\\/covasna45.ro\\\/index.php\\\/lumea-noastra\\\/momentum-wedding-fair-cel-mai-mare-targ-de-nunti-organizat-in-regiune\\\/#article\",\"isPartOf\":{\"@id\":\"https:\\\/\\\/covasna45.ro\\\/index.php\\\/lumea-noastra\\\/momentum-wedding-fair-cel-mai-mare-targ-de-nunti-organizat-in-regiune\\\/\"},\"author\":{\"name\":\"Covasna45\",\"@id\":\"https:\\\/\\\/covasna45.ro\\\/#\\\/schema\\\/person\\\/e674052bd7d95d70bbb007a1060ab73c\"},\"headline\":\"Momentum Wedding Fair: cel mai mare t\u00e2rg de nun\u021bi organizat \u00een regiune\",\"datePublished\":\"2025-12-12T09:12:12+00:00\",\"dateModified\":\"2025-12-12T09:15:13+00:00\",\"mainEntityOfPage\":{\"@id\":\"https:\\\/\\\/covasna45.ro\\\/index.php\\\/lumea-noastra\\\/momentum-wedding-fair-cel-mai-mare-targ-de-nunti-organizat-in-regiune\\\/\"},\"wordCount\":178,\"commentCount\":0,\"publisher\":{\"@id\":\"https:\\\/\\\/covasna45.ro\\\/#organization\"},\"image\":{\"@id\":\"https:\\\/\\\/covasna45.ro\\\/index.php\\\/lumea-noastra\\\/momentum-wedding-fair-cel-mai-mare-targ-de-nunti-organizat-in-regiune\\\/#primaryimage\"},\"thumbnailUrl\":\"https:\\\/\\\/covasna45.ro\\\/wp-content\\\/uploads\\\/2025\\\/12\\\/targ-nunti-mom.jpeg\",\"keywords\":[\"Brasov\",\"covasna\",\"Momentum\",\"nunta\"],\"articleSection\":[\"Lumea noastr\u0103\"],\"inLanguage\":\"ro-RO\",\"potentialAction\":[{\"@type\":\"CommentAction\",\"name\":\"Comment\",\"target\":[\"https:\\\/\\\/covasna45.ro\\\/index.php\\\/lumea-noastra\\\/momentum-wedding-fair-cel-mai-mare-targ-de-nunti-organizat-in-regiune\\\/#respond\"]}]},{\"@type\":\"WebPage\",\"@id\":\"https:\\\/\\\/covasna45.ro\\\/index.php\\\/lumea-noastra\\\/momentum-wedding-fair-cel-mai-mare-targ-de-nunti-organizat-in-regiune\\\/\",\"url\":\"https:\\\/\\\/covasna45.ro\\\/index.php\\\/lumea-noastra\\\/momentum-wedding-fair-cel-mai-mare-targ-de-nunti-organizat-in-regiune\\\/\",\"name\":\"Momentum Wedding Fair: cel mai mare t\u00e2rg de nun\u021bi organizat \u00een regiune - Covasna45\",\"isPartOf\":{\"@id\":\"https:\\\/\\\/covasna45.ro\\\/#website\"},\"primaryImageOfPage\":{\"@id\":\"https:\\\/\\\/covasna45.ro\\\/index.php\\\/lumea-noastra\\\/momentum-wedding-fair-cel-mai-mare-targ-de-nunti-organizat-in-regiune\\\/#primaryimage\"},\"image\":{\"@id\":\"https:\\\/\\\/covasna45.ro\\\/index.php\\\/lumea-noastra\\\/momentum-wedding-fair-cel-mai-mare-targ-de-nunti-organizat-in-regiune\\\/#primaryimage\"},\"thumbnailUrl\":\"https:\\\/\\\/covasna45.ro\\\/wp-content\\\/uploads\\\/2025\\\/12\\\/targ-nunti-mom.jpeg\",\"datePublished\":\"2025-12-12T09:12:12+00:00\",\"dateModified\":\"2025-12-12T09:15:13+00:00\",\"description\":\"Organizatorii le ofer\u0103 viitorilor miri ocazia de a-i cunoa\u0219te pe cei care se ocup\u0103 de astfel de evenimente.\",\"breadcrumb\":{\"@id\":\"https:\\\/\\\/covasna45.ro\\\/index.php\\\/lumea-noastra\\\/momentum-wedding-fair-cel-mai-mare-targ-de-nunti-organizat-in-regiune\\\/#breadcrumb\"},\"inLanguage\":\"ro-RO\",\"potentialAction\":[{\"@type\":\"ReadAction\",\"target\":[\"https:\\\/\\\/covasna45.ro\\\/index.php\\\/lumea-noastra\\\/momentum-wedding-fair-cel-mai-mare-targ-de-nunti-organizat-in-regiune\\\/\"]}]},{\"@type\":\"ImageObject\",\"inLanguage\":\"ro-RO\",\"@id\":\"https:\\\/\\\/covasna45.ro\\\/index.php\\\/lumea-noastra\\\/momentum-wedding-fair-cel-mai-mare-targ-de-nunti-organizat-in-regiune\\\/#primaryimage\",\"url\":\"https:\\\/\\\/covasna45.ro\\\/wp-content\\\/uploads\\\/2025\\\/12\\\/targ-nunti-mom.jpeg\",\"contentUrl\":\"https:\\\/\\\/covasna45.ro\\\/wp-content\\\/uploads\\\/2025\\\/12\\\/targ-nunti-mom.jpeg\",\"width\":2048,\"height\":1536},{\"@type\":\"BreadcrumbList\",\"@id\":\"https:\\\/\\\/covasna45.ro\\\/index.php\\\/lumea-noastra\\\/momentum-wedding-fair-cel-mai-mare-targ-de-nunti-organizat-in-regiune\\\/#breadcrumb\",\"itemListElement\":[{\"@type\":\"ListItem\",\"position\":1,\"name\":\"Prima pagin\u0103\",\"item\":\"https:\\\/\\\/covasna45.ro\\\/\"},{\"@type\":\"ListItem\",\"position\":2,\"name\":\"Momentum Wedding Fair: cel mai mare t\u00e2rg de nun\u021bi organizat \u00een regiune\"}]},{\"@type\":\"WebSite\",\"@id\":\"https:\\\/\\\/covasna45.ro\\\/#website\",\"url\":\"https:\\\/\\\/covasna45.ro\\\/\",\"name\":\"covasna45.ro\",\"description\":\"\",\"publisher\":{\"@id\":\"https:\\\/\\\/covasna45.ro\\\/#organization\"},\"potentialAction\":[{\"@type\":\"SearchAction\",\"target\":{\"@type\":\"EntryPoint\",\"urlTemplate\":\"https:\\\/\\\/covasna45.ro\\\/?s={search_term_string}\"},\"query-input\":{\"@type\":\"PropertyValueSpecification\",\"valueRequired\":true,\"valueName\":\"search_term_string\"}}],\"inLanguage\":\"ro-RO\"},{\"@type\":\"Organization\",\"@id\":\"https:\\\/\\\/covasna45.ro\\\/#organization\",\"name\":\"covasna45.ro\",\"url\":\"https:\\\/\\\/covasna45.ro\\\/\",\"logo\":{\"@type\":\"ImageObject\",\"inLanguage\":\"ro-RO\",\"@id\":\"https:\\\/\\\/covasna45.ro\\\/#\\\/schema\\\/logo\\\/image\\\/\",\"url\":\"https:\\\/\\\/covasna45.ro\\\/wp-content\\\/uploads\\\/2023\\\/01\\\/icon_logo.png\",\"contentUrl\":\"https:\\\/\\\/covasna45.ro\\\/wp-content\\\/uploads\\\/2023\\\/01\\\/icon_logo.png\",\"width\":1900,\"height\":1900,\"caption\":\"covasna45.ro\"},\"image\":{\"@id\":\"https:\\\/\\\/covasna45.ro\\\/#\\\/schema\\\/logo\\\/image\\\/\"}},{\"@type\":\"Person\",\"@id\":\"https:\\\/\\\/covasna45.ro\\\/#\\\/schema\\\/person\\\/e674052bd7d95d70bbb007a1060ab73c\",\"name\":\"Covasna45\",\"image\":{\"@type\":\"ImageObject\",\"inLanguage\":\"ro-RO\",\"@id\":\"https:\\\/\\\/covasna45.ro\\\/wp-content\\\/uploads\\\/2025\\\/10\\\/icon_logo_covasna45-150x150.png\",\"url\":\"https:\\\/\\\/covasna45.ro\\\/wp-content\\\/uploads\\\/2025\\\/10\\\/icon_logo_covasna45-150x150.png\",\"contentUrl\":\"https:\\\/\\\/covasna45.ro\\\/wp-content\\\/uploads\\\/2025\\\/10\\\/icon_logo_covasna45-150x150.png\",\"caption\":\"Covasna45\"},\"sameAs\":[\"https:\\\/\\\/covasna45.ro\"],\"url\":\"https:\\\/\\\/covasna45.ro\\\/index.php\\\/author\\\/covasna\\\/\"}]}<\/script>\n<!-- \/ Yoast SEO plugin. -->","yoast_head_json":{"title":"Momentum Wedding Fair: cel mai mare t\u00e2rg de nun\u021bi organizat \u00een regiune - Covasna45","description":"Organizatorii le ofer\u0103 viitorilor miri ocazia de a-i cunoa\u0219te pe cei care se ocup\u0103 de astfel de evenimente.","robots":{"index":"index","follow":"follow","max-snippet":"max-snippet:-1","max-image-preview":"max-image-preview:large","max-video-preview":"max-video-preview:-1"},"canonical":"https:\/\/covasna45.ro\/index.php\/lumea-noastra\/momentum-wedding-fair-cel-mai-mare-targ-de-nunti-organizat-in-regiune\/","og_locale":"ro_RO","og_type":"article","og_title":"Momentum Wedding Fair: cel mai mare t\u00e2rg de nun\u021bi organizat \u00een regiune - Covasna45","og_description":"Organizatorii le ofer\u0103 viitorilor miri ocazia de a-i cunoa\u0219te pe cei care se ocup\u0103 de astfel de evenimente.","og_url":"https:\/\/covasna45.ro\/index.php\/lumea-noastra\/momentum-wedding-fair-cel-mai-mare-targ-de-nunti-organizat-in-regiune\/","og_site_name":"Covasna45","article_published_time":"2025-12-12T09:12:12+00:00","article_modified_time":"2025-12-12T09:15:13+00:00","og_image":[{"width":2048,"height":1536,"url":"https:\/\/covasna45.ro\/wp-content\/uploads\/2025\/12\/targ-nunti-mom.jpeg","type":"image\/jpeg"}],"author":"Covasna45","twitter_card":"summary_large_image","twitter_misc":{"Scris de":"Covasna45","Timp estimat pentru citire":"2 minute"},"schema":{"@context":"https:\/\/schema.org","@graph":[{"@type":"Article","@id":"https:\/\/covasna45.ro\/index.php\/lumea-noastra\/momentum-wedding-fair-cel-mai-mare-targ-de-nunti-organizat-in-regiune\/#article","isPartOf":{"@id":"https:\/\/covasna45.ro\/index.php\/lumea-noastra\/momentum-wedding-fair-cel-mai-mare-targ-de-nunti-organizat-in-regiune\/"},"author":{"name":"Covasna45","@id":"https:\/\/covasna45.ro\/#\/schema\/person\/e674052bd7d95d70bbb007a1060ab73c"},"headline":"Momentum Wedding Fair: cel mai mare t\u00e2rg de nun\u021bi organizat \u00een regiune","datePublished":"2025-12-12T09:12:12+00:00","dateModified":"2025-12-12T09:15:13+00:00","mainEntityOfPage":{"@id":"https:\/\/covasna45.ro\/index.php\/lumea-noastra\/momentum-wedding-fair-cel-mai-mare-targ-de-nunti-organizat-in-regiune\/"},"wordCount":178,"commentCount":0,"publisher":{"@id":"https:\/\/covasna45.ro\/#organization"},"image":{"@id":"https:\/\/covasna45.ro\/index.php\/lumea-noastra\/momentum-wedding-fair-cel-mai-mare-targ-de-nunti-organizat-in-regiune\/#primaryimage"},"thumbnailUrl":"https:\/\/covasna45.ro\/wp-content\/uploads\/2025\/12\/targ-nunti-mom.jpeg","keywords":["Brasov","covasna","Momentum","nunta"],"articleSection":["Lumea noastr\u0103"],"inLanguage":"ro-RO","potentialAction":[{"@type":"CommentAction","name":"Comment","target":["https:\/\/covasna45.ro\/index.php\/lumea-noastra\/momentum-wedding-fair-cel-mai-mare-targ-de-nunti-organizat-in-regiune\/#respond"]}]},{"@type":"WebPage","@id":"https:\/\/covasna45.ro\/index.php\/lumea-noastra\/momentum-wedding-fair-cel-mai-mare-targ-de-nunti-organizat-in-regiune\/","url":"https:\/\/covasna45.ro\/index.php\/lumea-noastra\/momentum-wedding-fair-cel-mai-mare-targ-de-nunti-organizat-in-regiune\/","name":"Momentum Wedding Fair: cel mai mare t\u00e2rg de nun\u021bi organizat \u00een regiune - Covasna45","isPartOf":{"@id":"https:\/\/covasna45.ro\/#website"},"primaryImageOfPage":{"@id":"https:\/\/covasna45.ro\/index.php\/lumea-noastra\/momentum-wedding-fair-cel-mai-mare-targ-de-nunti-organizat-in-regiune\/#primaryimage"},"image":{"@id":"https:\/\/covasna45.ro\/index.php\/lumea-noastra\/momentum-wedding-fair-cel-mai-mare-targ-de-nunti-organizat-in-regiune\/#primaryimage"},"thumbnailUrl":"https:\/\/covasna45.ro\/wp-content\/uploads\/2025\/12\/targ-nunti-mom.jpeg","datePublished":"2025-12-12T09:12:12+00:00","dateModified":"2025-12-12T09:15:13+00:00","description":"Organizatorii le ofer\u0103 viitorilor miri ocazia de a-i cunoa\u0219te pe cei care se ocup\u0103 de astfel de evenimente.","breadcrumb":{"@id":"https:\/\/covasna45.ro\/index.php\/lumea-noastra\/momentum-wedding-fair-cel-mai-mare-targ-de-nunti-organizat-in-regiune\/#breadcrumb"},"inLanguage":"ro-RO","potentialAction":[{"@type":"ReadAction","target":["https:\/\/covasna45.ro\/index.php\/lumea-noastra\/momentum-wedding-fair-cel-mai-mare-targ-de-nunti-organizat-in-regiune\/"]}]},{"@type":"ImageObject","inLanguage":"ro-RO","@id":"https:\/\/covasna45.ro\/index.php\/lumea-noastra\/momentum-wedding-fair-cel-mai-mare-targ-de-nunti-organizat-in-regiune\/#primaryimage","url":"https:\/\/covasna45.ro\/wp-content\/uploads\/2025\/12\/targ-nunti-mom.jpeg","contentUrl":"https:\/\/covasna45.ro\/wp-content\/uploads\/2025\/12\/targ-nunti-mom.jpeg","width":2048,"height":1536},{"@type":"BreadcrumbList","@id":"https:\/\/covasna45.ro\/index.php\/lumea-noastra\/momentum-wedding-fair-cel-mai-mare-targ-de-nunti-organizat-in-regiune\/#breadcrumb","itemListElement":[{"@type":"ListItem","position":1,"name":"Prima pagin\u0103","item":"https:\/\/covasna45.ro\/"},{"@type":"ListItem","position":2,"name":"Momentum Wedding Fair: cel mai mare t\u00e2rg de nun\u021bi organizat \u00een regiune"}]},{"@type":"WebSite","@id":"https:\/\/covasna45.ro\/#website","url":"https:\/\/covasna45.ro\/","name":"covasna45.ro","description":"","publisher":{"@id":"https:\/\/covasna45.ro\/#organization"},"potentialAction":[{"@type":"SearchAction","target":{"@type":"EntryPoint","urlTemplate":"https:\/\/covasna45.ro\/?s={search_term_string}"},"query-input":{"@type":"PropertyValueSpecification","valueRequired":true,"valueName":"search_term_string"}}],"inLanguage":"ro-RO"},{"@type":"Organization","@id":"https:\/\/covasna45.ro\/#organization","name":"covasna45.ro","url":"https:\/\/covasna45.ro\/","logo":{"@type":"ImageObject","inLanguage":"ro-RO","@id":"https:\/\/covasna45.ro\/#\/schema\/logo\/image\/","url":"https:\/\/covasna45.ro\/wp-content\/uploads\/2023\/01\/icon_logo.png","contentUrl":"https:\/\/covasna45.ro\/wp-content\/uploads\/2023\/01\/icon_logo.png","width":1900,"height":1900,"caption":"covasna45.ro"},"image":{"@id":"https:\/\/covasna45.ro\/#\/schema\/logo\/image\/"}},{"@type":"Person","@id":"https:\/\/covasna45.ro\/#\/schema\/person\/e674052bd7d95d70bbb007a1060ab73c","name":"Covasna45","image":{"@type":"ImageObject","inLanguage":"ro-RO","@id":"https:\/\/covasna45.ro\/wp-content\/uploads\/2025\/10\/icon_logo_covasna45-150x150.png","url":"https:\/\/covasna45.ro\/wp-content\/uploads\/2025\/10\/icon_logo_covasna45-150x150.png","contentUrl":"https:\/\/covasna45.ro\/wp-content\/uploads\/2025\/10\/icon_logo_covasna45-150x150.png","caption":"Covasna45"},"sameAs":["https:\/\/covasna45.ro"],"url":"https:\/\/covasna45.ro\/index.php\/author\/covasna\/"}]}},"_links":{"self":[{"href":"https:\/\/covasna45.ro\/index.php\/wp-json\/wp\/v2\/posts\/14213","targetHints":{"allow":["GET"]}}],"collection":[{"href":"https:\/\/covasna45.ro\/index.php\/wp-json\/wp\/v2\/posts"}],"about":[{"href":"https:\/\/covasna45.ro\/index.php\/wp-json\/wp\/v2\/types\/post"}],"author":[{"embeddable":true,"href":"https:\/\/covasna45.ro\/index.php\/wp-json\/wp\/v2\/users\/1"}],"replies":[{"embeddable":true,"href":"https:\/\/covasna45.ro\/index.php\/wp-json\/wp\/v2\/comments?post=14213"}],"version-history":[{"count":2,"href":"https:\/\/covasna45.ro\/index.php\/wp-json\/wp\/v2\/posts\/14213\/revisions"}],"predecessor-version":[{"id":14218,"href":"https:\/\/covasna45.ro\/index.php\/wp-json\/wp\/v2\/posts\/14213\/revisions\/14218"}],"wp:featuredmedia":[{"embeddable":true,"href":"https:\/\/covasna45.ro\/index.php\/wp-json\/wp\/v2\/media\/14214"}],"wp:attachment":[{"href":"https:\/\/covasna45.ro\/index.php\/wp-json\/wp\/v2\/media?parent=14213"}],"wp:term":[{"taxonomy":"category","embeddable":true,"href":"https:\/\/covasna45.ro\/index.php\/wp-json\/wp\/v2\/categories?post=14213"},{"taxonomy":"post_tag","embeddable":true,"href":"https:\/\/covasna45.ro\/index.php\/wp-json\/wp\/v2\/tags?post=14213"}],"curies":[{"name":"wp","href":"https:\/\/api.w.org\/{rel}","templated":true}]}}