{"id":14221,"date":"2025-12-12T11:57:25","date_gmt":"2025-12-12T09:57:25","guid":{"rendered":"https:\/\/covasna45.ro\/?p=14221"},"modified":"2025-12-12T11:57:26","modified_gmt":"2025-12-12T09:57:26","slug":"cobza-a-intrat-in-patrimoniul-unesco","status":"publish","type":"post","link":"https:\/\/covasna45.ro\/index.php\/lumea-noastra\/cobza-a-intrat-in-patrimoniul-unesco\/","title":{"rendered":"Cobza a intrat \u00een patrimoniul UNESCO"},"content":{"rendered":"\n<p>Me\u0219te\u0219ugul \u0219i interpretarea la cobza rom\u00e2neasc\u0103 au fost \u00eenscrise ieri \u00een Lista Reprezentativ\u0103 a Patrimoniului Cultural Imaterial al Umanit\u0103\u021bii UNESCO.<\/p>\n\n\n\n<p>Comitetul Interguvernamental al UNESCO pentru Salvgardarea Patrimoniului Cultural Imaterial a aprobat ieri \u00eenscrierea elementului \u201eCobza \u2013 cuno\u0219tin\u021be, tehnici \u0219i muzici tradi\u021bionale\u201d, nominalizare comun\u0103 a Rom\u00e2niei \u0219i Republicii Moldova, \u00een Lista Reprezentativ\u0103 a Patrimoniului Cultural Imaterial al Umanit\u0103\u021bii.<\/p>\n\n\n\n<figure class=\"wp-block-image size-large\"><img loading=\"lazy\" decoding=\"async\" width=\"1024\" height=\"884\" src=\"https:\/\/covasna45.ro\/wp-content\/uploads\/2025\/12\/c2-1024x884.jpg\" alt=\"\" class=\"wp-image-14223\" srcset=\"https:\/\/covasna45.ro\/wp-content\/uploads\/2025\/12\/c2-1024x884.jpg 1024w, https:\/\/covasna45.ro\/wp-content\/uploads\/2025\/12\/c2-300x259.jpg 300w, https:\/\/covasna45.ro\/wp-content\/uploads\/2025\/12\/c2-768x663.jpg 768w, https:\/\/covasna45.ro\/wp-content\/uploads\/2025\/12\/c2-1536x1327.jpg 1536w, https:\/\/covasna45.ro\/wp-content\/uploads\/2025\/12\/c2-150x130.jpg 150w, https:\/\/covasna45.ro\/wp-content\/uploads\/2025\/12\/c2-696x601.jpg 696w, https:\/\/covasna45.ro\/wp-content\/uploads\/2025\/12\/c2-1068x922.jpg 1068w, https:\/\/covasna45.ro\/wp-content\/uploads\/2025\/12\/c2.jpg 1600w\" sizes=\"auto, (max-width: 1024px) 100vw, 1024px\" \/><\/figure>\n\n\n\n<p>Decizia a fost adoptat\u0103 \u00een cadrul Reuniunii Comitetului Interguvernamental al UNESCO pentru Salvgardarea Patrimoniului Cultural Imaterial, desf\u0103\u0219urat\u0103 la New Delhi \u2013 India, \u00een perioada 8 \u2013 13 decembrie, unde au fost analizate 54 de nominaliz\u0103ri ale unor elemente de patrimoniu cultural imaterial propuse de state membre UNESCO pentru \u00eenscrierea pe aceast\u0103 renumit\u0103 list\u0103.<\/p>\n\n\n\n<figure class=\"wp-block-image size-large\"><img loading=\"lazy\" decoding=\"async\" width=\"1024\" height=\"768\" src=\"https:\/\/covasna45.ro\/wp-content\/uploads\/2025\/12\/c4-1024x768.jpg\" alt=\"\" class=\"wp-image-14224\" srcset=\"https:\/\/covasna45.ro\/wp-content\/uploads\/2025\/12\/c4-1024x768.jpg 1024w, https:\/\/covasna45.ro\/wp-content\/uploads\/2025\/12\/c4-300x225.jpg 300w, https:\/\/covasna45.ro\/wp-content\/uploads\/2025\/12\/c4-768x576.jpg 768w, https:\/\/covasna45.ro\/wp-content\/uploads\/2025\/12\/c4-1536x1152.jpg 1536w, https:\/\/covasna45.ro\/wp-content\/uploads\/2025\/12\/c4-150x113.jpg 150w, https:\/\/covasna45.ro\/wp-content\/uploads\/2025\/12\/c4-696x522.jpg 696w, https:\/\/covasna45.ro\/wp-content\/uploads\/2025\/12\/c4-1068x801.jpg 1068w, https:\/\/covasna45.ro\/wp-content\/uploads\/2025\/12\/c4-1920x1440.jpg 1920w, https:\/\/covasna45.ro\/wp-content\/uploads\/2025\/12\/c4.jpg 2048w\" sizes=\"auto, (max-width: 1024px) 100vw, 1024px\" \/><\/figure>\n\n\n\n<p>\u00censcrierea \u00een Lista Reprezentativ\u0103 subliniaz\u0103 valoarea artistic\u0103 \u0219i cultural\u0103 a cobzei, precum \u0219i rolul s\u0103u social. F\u0103urit\u0103 de me\u0219teri locali, folosit\u0103 ca instrument muzical de baz\u0103, al\u0103turi de vioar\u0103, \u00een comunit\u0103\u021bi rurale \u0219i urbane, de interpre\u021bi din genera\u021bii diferite, cobza contribuie la coeziunea comunitar\u0103, la transmiterea intergenera\u021bional\u0103 a repertoriului muzical tradi\u021bional \u0219i la consolidarea identit\u0103\u021bii culturale. Faptul c\u0103 din ce \u00een ce mai multe femei \u0219i fete c\u00e2nt\u0103 la acest instrument marcheaz\u0103 \u0219i o evolu\u021bie semnificativ\u0103 \u00een ceea ce prive\u0219te egalitatea de gen \u0219i diversitatea \u00een domeniul artistic.<\/p>\n\n\n\n<figure class=\"wp-block-image size-large\"><img loading=\"lazy\" decoding=\"async\" width=\"1024\" height=\"551\" src=\"https:\/\/covasna45.ro\/wp-content\/uploads\/2025\/12\/c3-1024x551.jpg\" alt=\"\" class=\"wp-image-14225\" srcset=\"https:\/\/covasna45.ro\/wp-content\/uploads\/2025\/12\/c3-1024x551.jpg 1024w, https:\/\/covasna45.ro\/wp-content\/uploads\/2025\/12\/c3-300x161.jpg 300w, https:\/\/covasna45.ro\/wp-content\/uploads\/2025\/12\/c3-768x413.jpg 768w, https:\/\/covasna45.ro\/wp-content\/uploads\/2025\/12\/c3-150x81.jpg 150w, https:\/\/covasna45.ro\/wp-content\/uploads\/2025\/12\/c3-696x374.jpg 696w, https:\/\/covasna45.ro\/wp-content\/uploads\/2025\/12\/c3-1068x575.jpg 1068w, https:\/\/covasna45.ro\/wp-content\/uploads\/2025\/12\/c3.jpg 1290w\" sizes=\"auto, (max-width: 1024px) 100vw, 1024px\" \/><\/figure>\n\n\n\n<p>Cobza este al cincilea element \u00eenscris \u00eempreun\u0103 de c\u0103tre Rom\u00e2nia \u0219i Republica Moldova \u00een Lista Reprezentativ\u0103 a Patrimoniului Cultural Imaterial al Umanit\u0103\u021bii, unde mai figureaz\u0103 M\u0103r\u021bi\u0219orul, Colindatul de ceat\u0103 b\u0103rb\u0103teasc\u0103, Tehnicile tradi\u021bionale de realizare a scoar\u021bei \u0219i Art\u0103 c\u0103m\u0103\u0219ii cu alti\u021b\u0103.<\/p>\n\n\n\n<p>Sursa: <a href=\"https:\/\/www.cultura.ro\/o-noua-reusita-pentru-romania-cobza-a-fost-inscrisa-in-patrimoniul-cultural-imaterial-al-unesco\/\">Ministerul Culturii<\/a><\/p>\n","protected":false},"excerpt":{"rendered":"<p>Me\u0219te\u0219ugul \u0219i interpretarea la cobza rom\u00e2neasc\u0103 au fost \u00eenscrise ieri \u00een Lista Reprezentativ\u0103 a Patrimoniului Cultural Imaterial al Umanit\u0103\u021bii UNESCO. Comitetul Interguvernamental al UNESCO pentru Salvgardarea Patrimoniului Cultural Imaterial a aprobat ieri \u00eenscrierea elementului \u201eCobza \u2013 cuno\u0219tin\u021be, tehnici \u0219i muzici tradi\u021bionale\u201d, nominalizare comun\u0103 a Rom\u00e2niei \u0219i Republicii Moldova, \u00een Lista Reprezentativ\u0103 a Patrimoniului Cultural Imaterial [&hellip;]<\/p>\n","protected":false},"author":1,"featured_media":14222,"comment_status":"open","ping_status":"closed","sticky":false,"template":"","format":"standard","meta":{"tdm_status":"","tdm_grid_status":"","footnotes":""},"categories":[14],"tags":[4400,2618],"class_list":{"0":"post-14221","1":"post","2":"type-post","3":"status-publish","4":"format-standard","5":"has-post-thumbnail","7":"category-lumea-noastra","8":"tag-cobza","9":"tag-unesco"},"yoast_head":"<!-- This site is optimized with the Yoast SEO plugin v27.5 - https:\/\/yoast.com\/product\/yoast-seo-wordpress\/ -->\n<title>Cobza a intrat \u00een patrimoniul UNESCO - Covasna45<\/title>\n<meta name=\"description\" content=\"\u00censcrierea \u00een Lista Reprezentativ\u0103 subliniaz\u0103 valoarea artistic\u0103 \u0219i cultural\u0103 a cobzei, precum \u0219i rolul s\u0103u social.\" \/>\n<meta name=\"robots\" content=\"index, follow, max-snippet:-1, max-image-preview:large, max-video-preview:-1\" \/>\n<link rel=\"canonical\" href=\"https:\/\/covasna45.ro\/index.php\/lumea-noastra\/cobza-a-intrat-in-patrimoniul-unesco\/\" \/>\n<meta property=\"og:locale\" content=\"ro_RO\" \/>\n<meta property=\"og:type\" content=\"article\" \/>\n<meta property=\"og:title\" content=\"Cobza a intrat \u00een patrimoniul UNESCO - Covasna45\" \/>\n<meta property=\"og:description\" content=\"\u00censcrierea \u00een Lista Reprezentativ\u0103 subliniaz\u0103 valoarea artistic\u0103 \u0219i cultural\u0103 a cobzei, precum \u0219i rolul s\u0103u social.\" \/>\n<meta property=\"og:url\" content=\"https:\/\/covasna45.ro\/index.php\/lumea-noastra\/cobza-a-intrat-in-patrimoniul-unesco\/\" \/>\n<meta property=\"og:site_name\" content=\"Covasna45\" \/>\n<meta property=\"article:published_time\" content=\"2025-12-12T09:57:25+00:00\" \/>\n<meta property=\"article:modified_time\" content=\"2025-12-12T09:57:26+00:00\" \/>\n<meta property=\"og:image\" content=\"https:\/\/covasna45.ro\/wp-content\/uploads\/2025\/12\/c1.jpg\" \/>\n\t<meta property=\"og:image:width\" content=\"1015\" \/>\n\t<meta property=\"og:image:height\" content=\"841\" \/>\n\t<meta property=\"og:image:type\" content=\"image\/jpeg\" \/>\n<meta name=\"author\" content=\"Covasna45\" \/>\n<meta name=\"twitter:card\" content=\"summary_large_image\" \/>\n<meta name=\"twitter:label1\" content=\"Scris de\" \/>\n\t<meta name=\"twitter:data1\" content=\"Covasna45\" \/>\n\t<meta name=\"twitter:label2\" content=\"Timp estimat pentru citire\" \/>\n\t<meta name=\"twitter:data2\" content=\"3 minute\" \/>\n<script type=\"application\/ld+json\" class=\"yoast-schema-graph\">{\"@context\":\"https:\\\/\\\/schema.org\",\"@graph\":[{\"@type\":\"Article\",\"@id\":\"https:\\\/\\\/covasna45.ro\\\/index.php\\\/lumea-noastra\\\/cobza-a-intrat-in-patrimoniul-unesco\\\/#article\",\"isPartOf\":{\"@id\":\"https:\\\/\\\/covasna45.ro\\\/index.php\\\/lumea-noastra\\\/cobza-a-intrat-in-patrimoniul-unesco\\\/\"},\"author\":{\"name\":\"Covasna45\",\"@id\":\"https:\\\/\\\/covasna45.ro\\\/#\\\/schema\\\/person\\\/e674052bd7d95d70bbb007a1060ab73c\"},\"headline\":\"Cobza a intrat \u00een patrimoniul UNESCO\",\"datePublished\":\"2025-12-12T09:57:25+00:00\",\"dateModified\":\"2025-12-12T09:57:26+00:00\",\"mainEntityOfPage\":{\"@id\":\"https:\\\/\\\/covasna45.ro\\\/index.php\\\/lumea-noastra\\\/cobza-a-intrat-in-patrimoniul-unesco\\\/\"},\"wordCount\":278,\"commentCount\":0,\"publisher\":{\"@id\":\"https:\\\/\\\/covasna45.ro\\\/#organization\"},\"image\":{\"@id\":\"https:\\\/\\\/covasna45.ro\\\/index.php\\\/lumea-noastra\\\/cobza-a-intrat-in-patrimoniul-unesco\\\/#primaryimage\"},\"thumbnailUrl\":\"https:\\\/\\\/covasna45.ro\\\/wp-content\\\/uploads\\\/2025\\\/12\\\/c1.jpg\",\"keywords\":[\"cobza\",\"UNESCO\"],\"articleSection\":[\"Lumea noastr\u0103\"],\"inLanguage\":\"ro-RO\",\"potentialAction\":[{\"@type\":\"CommentAction\",\"name\":\"Comment\",\"target\":[\"https:\\\/\\\/covasna45.ro\\\/index.php\\\/lumea-noastra\\\/cobza-a-intrat-in-patrimoniul-unesco\\\/#respond\"]}]},{\"@type\":\"WebPage\",\"@id\":\"https:\\\/\\\/covasna45.ro\\\/index.php\\\/lumea-noastra\\\/cobza-a-intrat-in-patrimoniul-unesco\\\/\",\"url\":\"https:\\\/\\\/covasna45.ro\\\/index.php\\\/lumea-noastra\\\/cobza-a-intrat-in-patrimoniul-unesco\\\/\",\"name\":\"Cobza a intrat \u00een patrimoniul UNESCO - Covasna45\",\"isPartOf\":{\"@id\":\"https:\\\/\\\/covasna45.ro\\\/#website\"},\"primaryImageOfPage\":{\"@id\":\"https:\\\/\\\/covasna45.ro\\\/index.php\\\/lumea-noastra\\\/cobza-a-intrat-in-patrimoniul-unesco\\\/#primaryimage\"},\"image\":{\"@id\":\"https:\\\/\\\/covasna45.ro\\\/index.php\\\/lumea-noastra\\\/cobza-a-intrat-in-patrimoniul-unesco\\\/#primaryimage\"},\"thumbnailUrl\":\"https:\\\/\\\/covasna45.ro\\\/wp-content\\\/uploads\\\/2025\\\/12\\\/c1.jpg\",\"datePublished\":\"2025-12-12T09:57:25+00:00\",\"dateModified\":\"2025-12-12T09:57:26+00:00\",\"description\":\"\u00censcrierea \u00een Lista Reprezentativ\u0103 subliniaz\u0103 valoarea artistic\u0103 \u0219i cultural\u0103 a cobzei, precum \u0219i rolul s\u0103u social.\",\"breadcrumb\":{\"@id\":\"https:\\\/\\\/covasna45.ro\\\/index.php\\\/lumea-noastra\\\/cobza-a-intrat-in-patrimoniul-unesco\\\/#breadcrumb\"},\"inLanguage\":\"ro-RO\",\"potentialAction\":[{\"@type\":\"ReadAction\",\"target\":[\"https:\\\/\\\/covasna45.ro\\\/index.php\\\/lumea-noastra\\\/cobza-a-intrat-in-patrimoniul-unesco\\\/\"]}]},{\"@type\":\"ImageObject\",\"inLanguage\":\"ro-RO\",\"@id\":\"https:\\\/\\\/covasna45.ro\\\/index.php\\\/lumea-noastra\\\/cobza-a-intrat-in-patrimoniul-unesco\\\/#primaryimage\",\"url\":\"https:\\\/\\\/covasna45.ro\\\/wp-content\\\/uploads\\\/2025\\\/12\\\/c1.jpg\",\"contentUrl\":\"https:\\\/\\\/covasna45.ro\\\/wp-content\\\/uploads\\\/2025\\\/12\\\/c1.jpg\",\"width\":1015,\"height\":841},{\"@type\":\"BreadcrumbList\",\"@id\":\"https:\\\/\\\/covasna45.ro\\\/index.php\\\/lumea-noastra\\\/cobza-a-intrat-in-patrimoniul-unesco\\\/#breadcrumb\",\"itemListElement\":[{\"@type\":\"ListItem\",\"position\":1,\"name\":\"Prima pagin\u0103\",\"item\":\"https:\\\/\\\/covasna45.ro\\\/\"},{\"@type\":\"ListItem\",\"position\":2,\"name\":\"Cobza a intrat \u00een patrimoniul UNESCO\"}]},{\"@type\":\"WebSite\",\"@id\":\"https:\\\/\\\/covasna45.ro\\\/#website\",\"url\":\"https:\\\/\\\/covasna45.ro\\\/\",\"name\":\"covasna45.ro\",\"description\":\"\",\"publisher\":{\"@id\":\"https:\\\/\\\/covasna45.ro\\\/#organization\"},\"potentialAction\":[{\"@type\":\"SearchAction\",\"target\":{\"@type\":\"EntryPoint\",\"urlTemplate\":\"https:\\\/\\\/covasna45.ro\\\/?s={search_term_string}\"},\"query-input\":{\"@type\":\"PropertyValueSpecification\",\"valueRequired\":true,\"valueName\":\"search_term_string\"}}],\"inLanguage\":\"ro-RO\"},{\"@type\":\"Organization\",\"@id\":\"https:\\\/\\\/covasna45.ro\\\/#organization\",\"name\":\"covasna45.ro\",\"url\":\"https:\\\/\\\/covasna45.ro\\\/\",\"logo\":{\"@type\":\"ImageObject\",\"inLanguage\":\"ro-RO\",\"@id\":\"https:\\\/\\\/covasna45.ro\\\/#\\\/schema\\\/logo\\\/image\\\/\",\"url\":\"https:\\\/\\\/covasna45.ro\\\/wp-content\\\/uploads\\\/2023\\\/01\\\/icon_logo.png\",\"contentUrl\":\"https:\\\/\\\/covasna45.ro\\\/wp-content\\\/uploads\\\/2023\\\/01\\\/icon_logo.png\",\"width\":1900,\"height\":1900,\"caption\":\"covasna45.ro\"},\"image\":{\"@id\":\"https:\\\/\\\/covasna45.ro\\\/#\\\/schema\\\/logo\\\/image\\\/\"}},{\"@type\":\"Person\",\"@id\":\"https:\\\/\\\/covasna45.ro\\\/#\\\/schema\\\/person\\\/e674052bd7d95d70bbb007a1060ab73c\",\"name\":\"Covasna45\",\"image\":{\"@type\":\"ImageObject\",\"inLanguage\":\"ro-RO\",\"@id\":\"https:\\\/\\\/covasna45.ro\\\/wp-content\\\/uploads\\\/2025\\\/10\\\/icon_logo_covasna45-150x150.png\",\"url\":\"https:\\\/\\\/covasna45.ro\\\/wp-content\\\/uploads\\\/2025\\\/10\\\/icon_logo_covasna45-150x150.png\",\"contentUrl\":\"https:\\\/\\\/covasna45.ro\\\/wp-content\\\/uploads\\\/2025\\\/10\\\/icon_logo_covasna45-150x150.png\",\"caption\":\"Covasna45\"},\"sameAs\":[\"https:\\\/\\\/covasna45.ro\"],\"url\":\"https:\\\/\\\/covasna45.ro\\\/index.php\\\/author\\\/covasna\\\/\"}]}<\/script>\n<!-- \/ Yoast SEO plugin. -->","yoast_head_json":{"title":"Cobza a intrat \u00een patrimoniul UNESCO - Covasna45","description":"\u00censcrierea \u00een Lista Reprezentativ\u0103 subliniaz\u0103 valoarea artistic\u0103 \u0219i cultural\u0103 a cobzei, precum \u0219i rolul s\u0103u social.","robots":{"index":"index","follow":"follow","max-snippet":"max-snippet:-1","max-image-preview":"max-image-preview:large","max-video-preview":"max-video-preview:-1"},"canonical":"https:\/\/covasna45.ro\/index.php\/lumea-noastra\/cobza-a-intrat-in-patrimoniul-unesco\/","og_locale":"ro_RO","og_type":"article","og_title":"Cobza a intrat \u00een patrimoniul UNESCO - Covasna45","og_description":"\u00censcrierea \u00een Lista Reprezentativ\u0103 subliniaz\u0103 valoarea artistic\u0103 \u0219i cultural\u0103 a cobzei, precum \u0219i rolul s\u0103u social.","og_url":"https:\/\/covasna45.ro\/index.php\/lumea-noastra\/cobza-a-intrat-in-patrimoniul-unesco\/","og_site_name":"Covasna45","article_published_time":"2025-12-12T09:57:25+00:00","article_modified_time":"2025-12-12T09:57:26+00:00","og_image":[{"width":1015,"height":841,"url":"https:\/\/covasna45.ro\/wp-content\/uploads\/2025\/12\/c1.jpg","type":"image\/jpeg"}],"author":"Covasna45","twitter_card":"summary_large_image","twitter_misc":{"Scris de":"Covasna45","Timp estimat pentru citire":"3 minute"},"schema":{"@context":"https:\/\/schema.org","@graph":[{"@type":"Article","@id":"https:\/\/covasna45.ro\/index.php\/lumea-noastra\/cobza-a-intrat-in-patrimoniul-unesco\/#article","isPartOf":{"@id":"https:\/\/covasna45.ro\/index.php\/lumea-noastra\/cobza-a-intrat-in-patrimoniul-unesco\/"},"author":{"name":"Covasna45","@id":"https:\/\/covasna45.ro\/#\/schema\/person\/e674052bd7d95d70bbb007a1060ab73c"},"headline":"Cobza a intrat \u00een patrimoniul UNESCO","datePublished":"2025-12-12T09:57:25+00:00","dateModified":"2025-12-12T09:57:26+00:00","mainEntityOfPage":{"@id":"https:\/\/covasna45.ro\/index.php\/lumea-noastra\/cobza-a-intrat-in-patrimoniul-unesco\/"},"wordCount":278,"commentCount":0,"publisher":{"@id":"https:\/\/covasna45.ro\/#organization"},"image":{"@id":"https:\/\/covasna45.ro\/index.php\/lumea-noastra\/cobza-a-intrat-in-patrimoniul-unesco\/#primaryimage"},"thumbnailUrl":"https:\/\/covasna45.ro\/wp-content\/uploads\/2025\/12\/c1.jpg","keywords":["cobza","UNESCO"],"articleSection":["Lumea noastr\u0103"],"inLanguage":"ro-RO","potentialAction":[{"@type":"CommentAction","name":"Comment","target":["https:\/\/covasna45.ro\/index.php\/lumea-noastra\/cobza-a-intrat-in-patrimoniul-unesco\/#respond"]}]},{"@type":"WebPage","@id":"https:\/\/covasna45.ro\/index.php\/lumea-noastra\/cobza-a-intrat-in-patrimoniul-unesco\/","url":"https:\/\/covasna45.ro\/index.php\/lumea-noastra\/cobza-a-intrat-in-patrimoniul-unesco\/","name":"Cobza a intrat \u00een patrimoniul UNESCO - Covasna45","isPartOf":{"@id":"https:\/\/covasna45.ro\/#website"},"primaryImageOfPage":{"@id":"https:\/\/covasna45.ro\/index.php\/lumea-noastra\/cobza-a-intrat-in-patrimoniul-unesco\/#primaryimage"},"image":{"@id":"https:\/\/covasna45.ro\/index.php\/lumea-noastra\/cobza-a-intrat-in-patrimoniul-unesco\/#primaryimage"},"thumbnailUrl":"https:\/\/covasna45.ro\/wp-content\/uploads\/2025\/12\/c1.jpg","datePublished":"2025-12-12T09:57:25+00:00","dateModified":"2025-12-12T09:57:26+00:00","description":"\u00censcrierea \u00een Lista Reprezentativ\u0103 subliniaz\u0103 valoarea artistic\u0103 \u0219i cultural\u0103 a cobzei, precum \u0219i rolul s\u0103u social.","breadcrumb":{"@id":"https:\/\/covasna45.ro\/index.php\/lumea-noastra\/cobza-a-intrat-in-patrimoniul-unesco\/#breadcrumb"},"inLanguage":"ro-RO","potentialAction":[{"@type":"ReadAction","target":["https:\/\/covasna45.ro\/index.php\/lumea-noastra\/cobza-a-intrat-in-patrimoniul-unesco\/"]}]},{"@type":"ImageObject","inLanguage":"ro-RO","@id":"https:\/\/covasna45.ro\/index.php\/lumea-noastra\/cobza-a-intrat-in-patrimoniul-unesco\/#primaryimage","url":"https:\/\/covasna45.ro\/wp-content\/uploads\/2025\/12\/c1.jpg","contentUrl":"https:\/\/covasna45.ro\/wp-content\/uploads\/2025\/12\/c1.jpg","width":1015,"height":841},{"@type":"BreadcrumbList","@id":"https:\/\/covasna45.ro\/index.php\/lumea-noastra\/cobza-a-intrat-in-patrimoniul-unesco\/#breadcrumb","itemListElement":[{"@type":"ListItem","position":1,"name":"Prima pagin\u0103","item":"https:\/\/covasna45.ro\/"},{"@type":"ListItem","position":2,"name":"Cobza a intrat \u00een patrimoniul UNESCO"}]},{"@type":"WebSite","@id":"https:\/\/covasna45.ro\/#website","url":"https:\/\/covasna45.ro\/","name":"covasna45.ro","description":"","publisher":{"@id":"https:\/\/covasna45.ro\/#organization"},"potentialAction":[{"@type":"SearchAction","target":{"@type":"EntryPoint","urlTemplate":"https:\/\/covasna45.ro\/?s={search_term_string}"},"query-input":{"@type":"PropertyValueSpecification","valueRequired":true,"valueName":"search_term_string"}}],"inLanguage":"ro-RO"},{"@type":"Organization","@id":"https:\/\/covasna45.ro\/#organization","name":"covasna45.ro","url":"https:\/\/covasna45.ro\/","logo":{"@type":"ImageObject","inLanguage":"ro-RO","@id":"https:\/\/covasna45.ro\/#\/schema\/logo\/image\/","url":"https:\/\/covasna45.ro\/wp-content\/uploads\/2023\/01\/icon_logo.png","contentUrl":"https:\/\/covasna45.ro\/wp-content\/uploads\/2023\/01\/icon_logo.png","width":1900,"height":1900,"caption":"covasna45.ro"},"image":{"@id":"https:\/\/covasna45.ro\/#\/schema\/logo\/image\/"}},{"@type":"Person","@id":"https:\/\/covasna45.ro\/#\/schema\/person\/e674052bd7d95d70bbb007a1060ab73c","name":"Covasna45","image":{"@type":"ImageObject","inLanguage":"ro-RO","@id":"https:\/\/covasna45.ro\/wp-content\/uploads\/2025\/10\/icon_logo_covasna45-150x150.png","url":"https:\/\/covasna45.ro\/wp-content\/uploads\/2025\/10\/icon_logo_covasna45-150x150.png","contentUrl":"https:\/\/covasna45.ro\/wp-content\/uploads\/2025\/10\/icon_logo_covasna45-150x150.png","caption":"Covasna45"},"sameAs":["https:\/\/covasna45.ro"],"url":"https:\/\/covasna45.ro\/index.php\/author\/covasna\/"}]}},"_links":{"self":[{"href":"https:\/\/covasna45.ro\/index.php\/wp-json\/wp\/v2\/posts\/14221","targetHints":{"allow":["GET"]}}],"collection":[{"href":"https:\/\/covasna45.ro\/index.php\/wp-json\/wp\/v2\/posts"}],"about":[{"href":"https:\/\/covasna45.ro\/index.php\/wp-json\/wp\/v2\/types\/post"}],"author":[{"embeddable":true,"href":"https:\/\/covasna45.ro\/index.php\/wp-json\/wp\/v2\/users\/1"}],"replies":[{"embeddable":true,"href":"https:\/\/covasna45.ro\/index.php\/wp-json\/wp\/v2\/comments?post=14221"}],"version-history":[{"count":1,"href":"https:\/\/covasna45.ro\/index.php\/wp-json\/wp\/v2\/posts\/14221\/revisions"}],"predecessor-version":[{"id":14226,"href":"https:\/\/covasna45.ro\/index.php\/wp-json\/wp\/v2\/posts\/14221\/revisions\/14226"}],"wp:featuredmedia":[{"embeddable":true,"href":"https:\/\/covasna45.ro\/index.php\/wp-json\/wp\/v2\/media\/14222"}],"wp:attachment":[{"href":"https:\/\/covasna45.ro\/index.php\/wp-json\/wp\/v2\/media?parent=14221"}],"wp:term":[{"taxonomy":"category","embeddable":true,"href":"https:\/\/covasna45.ro\/index.php\/wp-json\/wp\/v2\/categories?post=14221"},{"taxonomy":"post_tag","embeddable":true,"href":"https:\/\/covasna45.ro\/index.php\/wp-json\/wp\/v2\/tags?post=14221"}],"curies":[{"name":"wp","href":"https:\/\/api.w.org\/{rel}","templated":true}]}}