{"id":1459,"date":"2023-04-21T15:56:11","date_gmt":"2023-04-21T13:56:11","guid":{"rendered":"https:\/\/covasna45.ro\/?p=1459"},"modified":"2023-04-21T15:56:11","modified_gmt":"2023-04-21T13:56:11","slug":"vasile-banescu-il-contreaza-pe-ips-teodosie","status":"publish","type":"post","link":"https:\/\/covasna45.ro\/index.php\/lumea-noastra\/vasile-banescu-il-contreaza-pe-ips-teodosie\/","title":{"rendered":"Vasile B\u0103nescu \u00eel contreaz\u0103 pe IPS Teodosie"},"content":{"rendered":"\n<p id=\"m_-8001045495848890829gmail-1\">Purt\u0103torul de cuv\u00e2nt al Patriarhiei, Vasile B\u0103nescu, continu\u0103 atacurile la adresa arhiepiscopului Tomisului, IPS Teodosie. Tema: dezbaterea privind celebrarea Pa\u0219telui \u00een acela\u0219i timp de c\u0103tre bisericile Ortodox\u0103 \u0219i Catolic\u0103. <strong><em>\u201eZv\u00e2rcolirile cele mai \u00eenfrico\u0219\u0103toare au fost \u00eenregistrate, previzibil, \u00een anticul ora\u0219 Tomis\u201d,<\/em><\/strong> spune B\u0103nescu.<\/p>\n\n\n\n<h2 class=\"wp-block-heading\" id=\"m_-8001045495848890829gmail-2\">Mesajul a fost lansat de Vasile B\u0103nescu pe Facebook.<\/h2>\n\n\n\n<p id=\"m_-8001045495848890829gmail-2\">Reprezentantul Patriarhiei nu \u00eel nume\u0219te nici de aceast\u0103 dat\u0103 pe IPS Teodosie, dar trimiterea este str\u0103vezie.<\/p>\n\n\n\n<p id=\"m_-8001045495848890829gmail-2\"><strong><em>\u201eDiscu\u021bia at\u00e2t de fireasc\u0103 ivit\u0103 contextual \u00een jurul unei teme care, tratat\u0103 informat, reprezint\u0103 constant o problem\u0103, aceea a s\u0103rb\u0103toririi \u201e\u00cenvierii Domnului\u201d dup\u0103 un calendar corect, \u00eendreptat, nu defazat (cu 13 zile), este o discu\u021bie dovedit\u0103 recent ca mult prea subtil\u0103, insuportabil\u0103 chiar pentru urechea fin\u0103, l\u0103ut\u0103reasc\u0103 a unei majorit\u0103\u021bi care, f\u0103r\u0103 vin\u0103, a \u00een\u021beles din prima c\u0103 de fapt ar fi vorba de tr\u0103darea crunt\u0103 a credin\u021bei ortodoxe, trecerea cu arme \u0219i multe bagaje teologice la catolici, unirea dogmatic\u0103 \u0219i ecumenist\u0103 cu Apusul, \u201eacel Apus\u201d, ruperea sacrileg\u0103 de trecut \u0219i n\u0103ruirea \u00een viitorul antihristic \u0219i spulberarea Ortodoxiei carpato-danubiano-pontice\u201d,<\/em><\/strong> afirm\u0103 Vasile B\u0103nescu.<\/p>\n\n\n\n<h2 class=\"wp-block-heading\">Anomalia calendaristic\u0103 pune problema \u00eencrederii \u00een BOR.<\/h2>\n\n\n\n<p id=\"m_-8001045495848890829gmail-2\"><strong><em>\u201eAlimentarea \u0219i sus\u021binerea unei anomalii calendaristice, invoc\u00e2nd ofensator mereu abuzata Tradi\u021bie \u0219i Lumina de la Sf\u00e2ntul Morm\u00e2nt pe care o tratezi blasfemic ca pe o minune dependent\u0103 de calendarul defazat, nu de credin\u021ba curat\u0103 a omului informat, destram\u0103 \u00een timp \u00eencrederea \u00een chiar institu\u021bia Bisericii.\u00a0 Aceasta trebuie slujit\u0103 \u0219i ap\u0103rat\u0103 realist de contaminarea cu supersti\u021bii, idolatrie de orice fel \u0219i paseisme toxice pentru credin\u021b\u0103. Aceast\u0103 datorie apar\u021bine \u00een cel mai \u00eenalt \u0219i onorant grad clericilor care reprezint\u0103 Biserica \u00eenaintea credincio\u0219ilor. Ace\u0219tia din urm\u0103 au dreptul s\u0103 primeasc\u0103 nu doar adev\u0103rul de credin\u021b\u0103 \u00eemp\u0103rt\u0103\u0219it confesional, ci \u0219i pe cel istoric m\u0103rturisit lucid \u00een interiorul cre\u0219tinismului universal\u201d,<\/em><\/strong> sus\u021bine Vasile B\u0103nescu.<\/p>\n\n\n\n<p id=\"m_-8001045495848890829gmail-2\">\u00a0\u00cen opinia sa, calendarul nu este o problem\u0103 teologic\u0103, \u201e<strong><em>nu are nicio leg\u0103tur\u0103 cu adev\u0103rul de credin\u021b\u0103 m\u0103rturisit fidel de Ortodoxie de la sinodul din Niceea p\u00e2n\u0103 la cel din Creta (sabotat prin absen\u021b\u0103 ostentativ\u0103 tocmai de cei pentru care sacrific\u0103m pascal rigoarea calendaristic\u0103), nu implic\u0103 credin\u021ba, ci ra\u021biunea d\u0103ruit\u0103 de Dumnezeu spre a fi folosit\u0103, nu irosit\u0103 \u0219i nu trebuie s\u0103 dezbine, ci s\u0103 ne uneasc\u0103 \u00een cel mai curat spirit cre\u0219tin pe drumul urmat \u00een ritmul comun al marilor s\u0103rb\u0103tori hristologice\u201d.<\/em><\/strong><\/p>\n\n\n\n<h2 class=\"wp-block-heading\" id=\"m_-8001045495848890829gmail-4\">Este al treilea atac al lui Vasile B\u0103nescu la IPS Teodosie din ultima perioad\u0103. <\/h2>\n\n\n\n<p id=\"m_-8001045495848890829gmail-4\">Replica lui Vasile B\u0103nescu vine dup\u0103 ce arhiepiscopul Tomisului a criticat propunerea privind s\u0103rb\u0103torirea Pa\u0219telui Ortodox la aceea\u0219i dat\u0103 cu Pa\u0219tele Catolic.<\/p>\n\n\n\n<p id=\"m_-8001045495848890829gmail-2\">Reamintim c\u0103 fostul ministru de Externe Teodor Baconschi \u0219i profesorul Adrian Papahagi de la UBB au propus ca BOR s\u0103 celebreze Pa\u0219tele odat\u0103 cu catolicii \u0219i protestan\u021bii.<\/p>\n\n\n\n<p id=\"m_-8001045495848890829gmail-2\">Arhiepiscopul Tomisului, IPS Teodosie, care de-a lungul timpului s-a pozi\u021bionat prin mai multe declara\u021bii controversate, iar \u00een timpul pandemiei a contestat m\u0103surile anti-COVID impuse de autorit\u0103\u021bi, a reac\u021bionat \u00een discu\u021bia privind celebrarea Pa\u0219telui la aceea\u0219i dat\u0103 de c\u0103tre \u00eentreaga cre\u0219tin\u0103tate spun\u00e2nd c\u0103 \u00eei comp\u0103time\u0219te pe catolici, care <strong><em>\u201enu au Lumin\u0103 Sf\u00e2nt\u0103\u201d.<\/em><\/strong>\u00a0\u00a0<\/p>\n","protected":false},"excerpt":{"rendered":"<p>Purt\u0103torul de cuv\u00e2nt al Patriarhiei, Vasile B\u0103nescu, continu\u0103 atacurile la adresa arhiepiscopului Tomisului, IPS Teodosie. Tema: dezbaterea privind celebrarea Pa\u0219telui \u00een acela\u0219i timp de c\u0103tre bisericile Ortodox\u0103 \u0219i Catolic\u0103. \u201eZv\u00e2rcolirile cele mai \u00eenfrico\u0219\u0103toare au fost \u00eenregistrate, previzibil, \u00een anticul ora\u0219 Tomis\u201d, spune B\u0103nescu. Mesajul a fost lansat de Vasile B\u0103nescu pe Facebook. Reprezentantul Patriarhiei nu [&hellip;]<\/p>\n","protected":false},"author":1,"featured_media":1460,"comment_status":"open","ping_status":"closed","sticky":false,"template":"","format":"standard","meta":{"tdm_status":"","tdm_grid_status":"","footnotes":""},"categories":[14],"tags":[357,396,462],"class_list":{"0":"post-1459","1":"post","2":"type-post","3":"status-publish","4":"format-standard","5":"has-post-thumbnail","7":"category-lumea-noastra","8":"tag-bor","9":"tag-paste","10":"tag-vasile-banescu"},"yoast_head":"<!-- This site is optimized with the Yoast SEO plugin v27.5 - https:\/\/yoast.com\/product\/yoast-seo-wordpress\/ -->\n<title>Vasile B\u0103nescu \u00eel contreaz\u0103 pe IPS Teodosie - Covasna45<\/title>\n<meta name=\"robots\" content=\"index, follow, max-snippet:-1, max-image-preview:large, max-video-preview:-1\" \/>\n<link rel=\"canonical\" href=\"https:\/\/covasna45.ro\/index.php\/lumea-noastra\/vasile-banescu-il-contreaza-pe-ips-teodosie\/\" \/>\n<meta property=\"og:locale\" content=\"ro_RO\" \/>\n<meta property=\"og:type\" content=\"article\" \/>\n<meta property=\"og:title\" content=\"Vasile B\u0103nescu \u00eel contreaz\u0103 pe IPS Teodosie - Covasna45\" \/>\n<meta property=\"og:description\" content=\"Purt\u0103torul de cuv\u00e2nt al Patriarhiei, Vasile B\u0103nescu, continu\u0103 atacurile la adresa arhiepiscopului Tomisului, IPS Teodosie. Tema: dezbaterea privind celebrarea Pa\u0219telui \u00een acela\u0219i timp de c\u0103tre bisericile Ortodox\u0103 \u0219i Catolic\u0103. \u201eZv\u00e2rcolirile cele mai \u00eenfrico\u0219\u0103toare au fost \u00eenregistrate, previzibil, \u00een anticul ora\u0219 Tomis\u201d, spune B\u0103nescu. Mesajul a fost lansat de Vasile B\u0103nescu pe Facebook. Reprezentantul Patriarhiei nu [&hellip;]\" \/>\n<meta property=\"og:url\" content=\"https:\/\/covasna45.ro\/index.php\/lumea-noastra\/vasile-banescu-il-contreaza-pe-ips-teodosie\/\" \/>\n<meta property=\"og:site_name\" content=\"Covasna45\" \/>\n<meta property=\"article:published_time\" content=\"2023-04-21T13:56:11+00:00\" \/>\n<meta property=\"og:image\" content=\"https:\/\/covasna45.ro\/wp-content\/uploads\/2023\/04\/banescu.jpg\" \/>\n\t<meta property=\"og:image:width\" content=\"2000\" \/>\n\t<meta property=\"og:image:height\" content=\"1333\" \/>\n\t<meta property=\"og:image:type\" content=\"image\/jpeg\" \/>\n<meta name=\"author\" content=\"Covasna45\" \/>\n<meta name=\"twitter:card\" content=\"summary_large_image\" \/>\n<meta name=\"twitter:label1\" content=\"Scris de\" \/>\n\t<meta name=\"twitter:data1\" content=\"Covasna45\" \/>\n\t<meta name=\"twitter:label2\" content=\"Timp estimat pentru citire\" \/>\n\t<meta name=\"twitter:data2\" content=\"3 minute\" \/>\n<script type=\"application\/ld+json\" class=\"yoast-schema-graph\">{\"@context\":\"https:\\\/\\\/schema.org\",\"@graph\":[{\"@type\":\"Article\",\"@id\":\"https:\\\/\\\/covasna45.ro\\\/index.php\\\/lumea-noastra\\\/vasile-banescu-il-contreaza-pe-ips-teodosie\\\/#article\",\"isPartOf\":{\"@id\":\"https:\\\/\\\/covasna45.ro\\\/index.php\\\/lumea-noastra\\\/vasile-banescu-il-contreaza-pe-ips-teodosie\\\/\"},\"author\":{\"name\":\"Covasna45\",\"@id\":\"https:\\\/\\\/covasna45.ro\\\/#\\\/schema\\\/person\\\/e674052bd7d95d70bbb007a1060ab73c\"},\"headline\":\"Vasile B\u0103nescu \u00eel contreaz\u0103 pe IPS Teodosie\",\"datePublished\":\"2023-04-21T13:56:11+00:00\",\"mainEntityOfPage\":{\"@id\":\"https:\\\/\\\/covasna45.ro\\\/index.php\\\/lumea-noastra\\\/vasile-banescu-il-contreaza-pe-ips-teodosie\\\/\"},\"wordCount\":569,\"commentCount\":8,\"publisher\":{\"@id\":\"https:\\\/\\\/covasna45.ro\\\/#organization\"},\"image\":{\"@id\":\"https:\\\/\\\/covasna45.ro\\\/index.php\\\/lumea-noastra\\\/vasile-banescu-il-contreaza-pe-ips-teodosie\\\/#primaryimage\"},\"thumbnailUrl\":\"https:\\\/\\\/covasna45.ro\\\/wp-content\\\/uploads\\\/2023\\\/04\\\/banescu.jpg\",\"keywords\":[\"BOR\",\"Pa\u0219te\",\"Vasile B\u0103nescu\"],\"articleSection\":[\"Lumea noastr\u0103\"],\"inLanguage\":\"ro-RO\",\"potentialAction\":[{\"@type\":\"CommentAction\",\"name\":\"Comment\",\"target\":[\"https:\\\/\\\/covasna45.ro\\\/index.php\\\/lumea-noastra\\\/vasile-banescu-il-contreaza-pe-ips-teodosie\\\/#respond\"]}]},{\"@type\":\"WebPage\",\"@id\":\"https:\\\/\\\/covasna45.ro\\\/index.php\\\/lumea-noastra\\\/vasile-banescu-il-contreaza-pe-ips-teodosie\\\/\",\"url\":\"https:\\\/\\\/covasna45.ro\\\/index.php\\\/lumea-noastra\\\/vasile-banescu-il-contreaza-pe-ips-teodosie\\\/\",\"name\":\"Vasile B\u0103nescu \u00eel contreaz\u0103 pe IPS Teodosie - Covasna45\",\"isPartOf\":{\"@id\":\"https:\\\/\\\/covasna45.ro\\\/#website\"},\"primaryImageOfPage\":{\"@id\":\"https:\\\/\\\/covasna45.ro\\\/index.php\\\/lumea-noastra\\\/vasile-banescu-il-contreaza-pe-ips-teodosie\\\/#primaryimage\"},\"image\":{\"@id\":\"https:\\\/\\\/covasna45.ro\\\/index.php\\\/lumea-noastra\\\/vasile-banescu-il-contreaza-pe-ips-teodosie\\\/#primaryimage\"},\"thumbnailUrl\":\"https:\\\/\\\/covasna45.ro\\\/wp-content\\\/uploads\\\/2023\\\/04\\\/banescu.jpg\",\"datePublished\":\"2023-04-21T13:56:11+00:00\",\"breadcrumb\":{\"@id\":\"https:\\\/\\\/covasna45.ro\\\/index.php\\\/lumea-noastra\\\/vasile-banescu-il-contreaza-pe-ips-teodosie\\\/#breadcrumb\"},\"inLanguage\":\"ro-RO\",\"potentialAction\":[{\"@type\":\"ReadAction\",\"target\":[\"https:\\\/\\\/covasna45.ro\\\/index.php\\\/lumea-noastra\\\/vasile-banescu-il-contreaza-pe-ips-teodosie\\\/\"]}]},{\"@type\":\"ImageObject\",\"inLanguage\":\"ro-RO\",\"@id\":\"https:\\\/\\\/covasna45.ro\\\/index.php\\\/lumea-noastra\\\/vasile-banescu-il-contreaza-pe-ips-teodosie\\\/#primaryimage\",\"url\":\"https:\\\/\\\/covasna45.ro\\\/wp-content\\\/uploads\\\/2023\\\/04\\\/banescu.jpg\",\"contentUrl\":\"https:\\\/\\\/covasna45.ro\\\/wp-content\\\/uploads\\\/2023\\\/04\\\/banescu.jpg\",\"width\":2000,\"height\":1333,\"caption\":\"Vasile Banescu, purtatorul de cuvant al Patriarhiei, face declaratii de presa, vineri, 18 august 2017. Inquam Photos \\\/ Diana Oros\"},{\"@type\":\"BreadcrumbList\",\"@id\":\"https:\\\/\\\/covasna45.ro\\\/index.php\\\/lumea-noastra\\\/vasile-banescu-il-contreaza-pe-ips-teodosie\\\/#breadcrumb\",\"itemListElement\":[{\"@type\":\"ListItem\",\"position\":1,\"name\":\"Prima pagin\u0103\",\"item\":\"https:\\\/\\\/covasna45.ro\\\/\"},{\"@type\":\"ListItem\",\"position\":2,\"name\":\"Vasile B\u0103nescu \u00eel contreaz\u0103 pe IPS Teodosie\"}]},{\"@type\":\"WebSite\",\"@id\":\"https:\\\/\\\/covasna45.ro\\\/#website\",\"url\":\"https:\\\/\\\/covasna45.ro\\\/\",\"name\":\"covasna45.ro\",\"description\":\"\",\"publisher\":{\"@id\":\"https:\\\/\\\/covasna45.ro\\\/#organization\"},\"potentialAction\":[{\"@type\":\"SearchAction\",\"target\":{\"@type\":\"EntryPoint\",\"urlTemplate\":\"https:\\\/\\\/covasna45.ro\\\/?s={search_term_string}\"},\"query-input\":{\"@type\":\"PropertyValueSpecification\",\"valueRequired\":true,\"valueName\":\"search_term_string\"}}],\"inLanguage\":\"ro-RO\"},{\"@type\":\"Organization\",\"@id\":\"https:\\\/\\\/covasna45.ro\\\/#organization\",\"name\":\"covasna45.ro\",\"url\":\"https:\\\/\\\/covasna45.ro\\\/\",\"logo\":{\"@type\":\"ImageObject\",\"inLanguage\":\"ro-RO\",\"@id\":\"https:\\\/\\\/covasna45.ro\\\/#\\\/schema\\\/logo\\\/image\\\/\",\"url\":\"https:\\\/\\\/covasna45.ro\\\/wp-content\\\/uploads\\\/2023\\\/01\\\/icon_logo.png\",\"contentUrl\":\"https:\\\/\\\/covasna45.ro\\\/wp-content\\\/uploads\\\/2023\\\/01\\\/icon_logo.png\",\"width\":1900,\"height\":1900,\"caption\":\"covasna45.ro\"},\"image\":{\"@id\":\"https:\\\/\\\/covasna45.ro\\\/#\\\/schema\\\/logo\\\/image\\\/\"}},{\"@type\":\"Person\",\"@id\":\"https:\\\/\\\/covasna45.ro\\\/#\\\/schema\\\/person\\\/e674052bd7d95d70bbb007a1060ab73c\",\"name\":\"Covasna45\",\"image\":{\"@type\":\"ImageObject\",\"inLanguage\":\"ro-RO\",\"@id\":\"https:\\\/\\\/covasna45.ro\\\/wp-content\\\/uploads\\\/2025\\\/10\\\/icon_logo_covasna45-150x150.png\",\"url\":\"https:\\\/\\\/covasna45.ro\\\/wp-content\\\/uploads\\\/2025\\\/10\\\/icon_logo_covasna45-150x150.png\",\"contentUrl\":\"https:\\\/\\\/covasna45.ro\\\/wp-content\\\/uploads\\\/2025\\\/10\\\/icon_logo_covasna45-150x150.png\",\"caption\":\"Covasna45\"},\"sameAs\":[\"https:\\\/\\\/covasna45.ro\"],\"url\":\"https:\\\/\\\/covasna45.ro\\\/index.php\\\/author\\\/covasna\\\/\"}]}<\/script>\n<!-- \/ Yoast SEO plugin. -->","yoast_head_json":{"title":"Vasile B\u0103nescu \u00eel contreaz\u0103 pe IPS Teodosie - Covasna45","robots":{"index":"index","follow":"follow","max-snippet":"max-snippet:-1","max-image-preview":"max-image-preview:large","max-video-preview":"max-video-preview:-1"},"canonical":"https:\/\/covasna45.ro\/index.php\/lumea-noastra\/vasile-banescu-il-contreaza-pe-ips-teodosie\/","og_locale":"ro_RO","og_type":"article","og_title":"Vasile B\u0103nescu \u00eel contreaz\u0103 pe IPS Teodosie - Covasna45","og_description":"Purt\u0103torul de cuv\u00e2nt al Patriarhiei, Vasile B\u0103nescu, continu\u0103 atacurile la adresa arhiepiscopului Tomisului, IPS Teodosie. Tema: dezbaterea privind celebrarea Pa\u0219telui \u00een acela\u0219i timp de c\u0103tre bisericile Ortodox\u0103 \u0219i Catolic\u0103. \u201eZv\u00e2rcolirile cele mai \u00eenfrico\u0219\u0103toare au fost \u00eenregistrate, previzibil, \u00een anticul ora\u0219 Tomis\u201d, spune B\u0103nescu. Mesajul a fost lansat de Vasile B\u0103nescu pe Facebook. Reprezentantul Patriarhiei nu [&hellip;]","og_url":"https:\/\/covasna45.ro\/index.php\/lumea-noastra\/vasile-banescu-il-contreaza-pe-ips-teodosie\/","og_site_name":"Covasna45","article_published_time":"2023-04-21T13:56:11+00:00","og_image":[{"width":2000,"height":1333,"url":"https:\/\/covasna45.ro\/wp-content\/uploads\/2023\/04\/banescu.jpg","type":"image\/jpeg"}],"author":"Covasna45","twitter_card":"summary_large_image","twitter_misc":{"Scris de":"Covasna45","Timp estimat pentru citire":"3 minute"},"schema":{"@context":"https:\/\/schema.org","@graph":[{"@type":"Article","@id":"https:\/\/covasna45.ro\/index.php\/lumea-noastra\/vasile-banescu-il-contreaza-pe-ips-teodosie\/#article","isPartOf":{"@id":"https:\/\/covasna45.ro\/index.php\/lumea-noastra\/vasile-banescu-il-contreaza-pe-ips-teodosie\/"},"author":{"name":"Covasna45","@id":"https:\/\/covasna45.ro\/#\/schema\/person\/e674052bd7d95d70bbb007a1060ab73c"},"headline":"Vasile B\u0103nescu \u00eel contreaz\u0103 pe IPS Teodosie","datePublished":"2023-04-21T13:56:11+00:00","mainEntityOfPage":{"@id":"https:\/\/covasna45.ro\/index.php\/lumea-noastra\/vasile-banescu-il-contreaza-pe-ips-teodosie\/"},"wordCount":569,"commentCount":8,"publisher":{"@id":"https:\/\/covasna45.ro\/#organization"},"image":{"@id":"https:\/\/covasna45.ro\/index.php\/lumea-noastra\/vasile-banescu-il-contreaza-pe-ips-teodosie\/#primaryimage"},"thumbnailUrl":"https:\/\/covasna45.ro\/wp-content\/uploads\/2023\/04\/banescu.jpg","keywords":["BOR","Pa\u0219te","Vasile B\u0103nescu"],"articleSection":["Lumea noastr\u0103"],"inLanguage":"ro-RO","potentialAction":[{"@type":"CommentAction","name":"Comment","target":["https:\/\/covasna45.ro\/index.php\/lumea-noastra\/vasile-banescu-il-contreaza-pe-ips-teodosie\/#respond"]}]},{"@type":"WebPage","@id":"https:\/\/covasna45.ro\/index.php\/lumea-noastra\/vasile-banescu-il-contreaza-pe-ips-teodosie\/","url":"https:\/\/covasna45.ro\/index.php\/lumea-noastra\/vasile-banescu-il-contreaza-pe-ips-teodosie\/","name":"Vasile B\u0103nescu \u00eel contreaz\u0103 pe IPS Teodosie - Covasna45","isPartOf":{"@id":"https:\/\/covasna45.ro\/#website"},"primaryImageOfPage":{"@id":"https:\/\/covasna45.ro\/index.php\/lumea-noastra\/vasile-banescu-il-contreaza-pe-ips-teodosie\/#primaryimage"},"image":{"@id":"https:\/\/covasna45.ro\/index.php\/lumea-noastra\/vasile-banescu-il-contreaza-pe-ips-teodosie\/#primaryimage"},"thumbnailUrl":"https:\/\/covasna45.ro\/wp-content\/uploads\/2023\/04\/banescu.jpg","datePublished":"2023-04-21T13:56:11+00:00","breadcrumb":{"@id":"https:\/\/covasna45.ro\/index.php\/lumea-noastra\/vasile-banescu-il-contreaza-pe-ips-teodosie\/#breadcrumb"},"inLanguage":"ro-RO","potentialAction":[{"@type":"ReadAction","target":["https:\/\/covasna45.ro\/index.php\/lumea-noastra\/vasile-banescu-il-contreaza-pe-ips-teodosie\/"]}]},{"@type":"ImageObject","inLanguage":"ro-RO","@id":"https:\/\/covasna45.ro\/index.php\/lumea-noastra\/vasile-banescu-il-contreaza-pe-ips-teodosie\/#primaryimage","url":"https:\/\/covasna45.ro\/wp-content\/uploads\/2023\/04\/banescu.jpg","contentUrl":"https:\/\/covasna45.ro\/wp-content\/uploads\/2023\/04\/banescu.jpg","width":2000,"height":1333,"caption":"Vasile Banescu, purtatorul de cuvant al Patriarhiei, face declaratii de presa, vineri, 18 august 2017. Inquam Photos \/ Diana Oros"},{"@type":"BreadcrumbList","@id":"https:\/\/covasna45.ro\/index.php\/lumea-noastra\/vasile-banescu-il-contreaza-pe-ips-teodosie\/#breadcrumb","itemListElement":[{"@type":"ListItem","position":1,"name":"Prima pagin\u0103","item":"https:\/\/covasna45.ro\/"},{"@type":"ListItem","position":2,"name":"Vasile B\u0103nescu \u00eel contreaz\u0103 pe IPS Teodosie"}]},{"@type":"WebSite","@id":"https:\/\/covasna45.ro\/#website","url":"https:\/\/covasna45.ro\/","name":"covasna45.ro","description":"","publisher":{"@id":"https:\/\/covasna45.ro\/#organization"},"potentialAction":[{"@type":"SearchAction","target":{"@type":"EntryPoint","urlTemplate":"https:\/\/covasna45.ro\/?s={search_term_string}"},"query-input":{"@type":"PropertyValueSpecification","valueRequired":true,"valueName":"search_term_string"}}],"inLanguage":"ro-RO"},{"@type":"Organization","@id":"https:\/\/covasna45.ro\/#organization","name":"covasna45.ro","url":"https:\/\/covasna45.ro\/","logo":{"@type":"ImageObject","inLanguage":"ro-RO","@id":"https:\/\/covasna45.ro\/#\/schema\/logo\/image\/","url":"https:\/\/covasna45.ro\/wp-content\/uploads\/2023\/01\/icon_logo.png","contentUrl":"https:\/\/covasna45.ro\/wp-content\/uploads\/2023\/01\/icon_logo.png","width":1900,"height":1900,"caption":"covasna45.ro"},"image":{"@id":"https:\/\/covasna45.ro\/#\/schema\/logo\/image\/"}},{"@type":"Person","@id":"https:\/\/covasna45.ro\/#\/schema\/person\/e674052bd7d95d70bbb007a1060ab73c","name":"Covasna45","image":{"@type":"ImageObject","inLanguage":"ro-RO","@id":"https:\/\/covasna45.ro\/wp-content\/uploads\/2025\/10\/icon_logo_covasna45-150x150.png","url":"https:\/\/covasna45.ro\/wp-content\/uploads\/2025\/10\/icon_logo_covasna45-150x150.png","contentUrl":"https:\/\/covasna45.ro\/wp-content\/uploads\/2025\/10\/icon_logo_covasna45-150x150.png","caption":"Covasna45"},"sameAs":["https:\/\/covasna45.ro"],"url":"https:\/\/covasna45.ro\/index.php\/author\/covasna\/"}]}},"_links":{"self":[{"href":"https:\/\/covasna45.ro\/index.php\/wp-json\/wp\/v2\/posts\/1459","targetHints":{"allow":["GET"]}}],"collection":[{"href":"https:\/\/covasna45.ro\/index.php\/wp-json\/wp\/v2\/posts"}],"about":[{"href":"https:\/\/covasna45.ro\/index.php\/wp-json\/wp\/v2\/types\/post"}],"author":[{"embeddable":true,"href":"https:\/\/covasna45.ro\/index.php\/wp-json\/wp\/v2\/users\/1"}],"replies":[{"embeddable":true,"href":"https:\/\/covasna45.ro\/index.php\/wp-json\/wp\/v2\/comments?post=1459"}],"version-history":[{"count":1,"href":"https:\/\/covasna45.ro\/index.php\/wp-json\/wp\/v2\/posts\/1459\/revisions"}],"predecessor-version":[{"id":1461,"href":"https:\/\/covasna45.ro\/index.php\/wp-json\/wp\/v2\/posts\/1459\/revisions\/1461"}],"wp:featuredmedia":[{"embeddable":true,"href":"https:\/\/covasna45.ro\/index.php\/wp-json\/wp\/v2\/media\/1460"}],"wp:attachment":[{"href":"https:\/\/covasna45.ro\/index.php\/wp-json\/wp\/v2\/media?parent=1459"}],"wp:term":[{"taxonomy":"category","embeddable":true,"href":"https:\/\/covasna45.ro\/index.php\/wp-json\/wp\/v2\/categories?post=1459"},{"taxonomy":"post_tag","embeddable":true,"href":"https:\/\/covasna45.ro\/index.php\/wp-json\/wp\/v2\/tags?post=1459"}],"curies":[{"name":"wp","href":"https:\/\/api.w.org\/{rel}","templated":true}]}}