{"id":14726,"date":"2026-01-23T12:22:26","date_gmt":"2026-01-23T10:22:26","guid":{"rendered":"https:\/\/covasna45.ro\/?p=14726"},"modified":"2026-01-23T12:22:26","modified_gmt":"2026-01-23T10:22:26","slug":"curs-de-fotografie-la-scoala-populara-de-arte-si-meserii-din-sfantu-gheorghe","status":"publish","type":"post","link":"https:\/\/covasna45.ro\/index.php\/lumea-noastra\/curs-de-fotografie-la-scoala-populara-de-arte-si-meserii-din-sfantu-gheorghe\/","title":{"rendered":"Curs de fotografie la \u0218coala Popular\u0103 de Arte \u0219i Meserii din Sf\u00e2ntu Gheorghe"},"content":{"rendered":"\n<p>Cei care sunt pasiona\u021bi de fotografie \u0219i simt nevoia unei preg\u0103tiri de specialitate, au acum ocazia s\u0103 \u00eenve\u021be tehnicile direct de la profesioni\u0219ti. \u0218coala Popular\u0103 de Arte \u0219i Meserii din Sf\u00e2ntu Gheorghe a demarat \u00eenscrierile pentru un asfel de curs.<\/p>\n\n\n\n<p>\u0218i iat\u0103 oferta:<\/p>\n\n\n\n<ul class=\"wp-block-list\">\n<li>Instruire orientat\u0103 spre practic\u0103<\/li>\n\n\n\n<li>Tehnic\u0103 modern\u0103 \u0219i ateliere profesionale<\/li>\n\n\n\n<li>O parte dintre orele practice se desf\u0103\u0219oar\u0103 sub form\u0103 de excursii de studiu, oferind experien\u021be valoroase de \u00eenv\u0103\u021bare \u00een medii reale<\/li>\n\n\n\n<li>Cuno\u0219tin\u021be profesionale reale, oferite de formatori recunoscu\u021bi<\/li>\n\n\n\n<li>Certificat recunoscut la finalul cursului.<\/li>\n<\/ul>\n\n\n\n<h2 class=\"wp-block-heading\">Formatori:<\/h2>\n\n\n\n<ul class=\"wp-block-list\">\n<li>Dr. Moln\u00e1r Attila \u2013 artist fotograf, istoric al fotografiei, Miercurea Ciuc<\/li>\n\n\n\n<li>Art Husz\u00e1r Szilam\u00e9r \u2013 fotograf, Ambasador al Artei Fotografice din \u021ainutul Secuiesc al Societ\u0103\u021bii Pet\u0151fi din Bucure\u0219ti, Sf\u00e2ntu Gheorghe<\/li>\n\n\n\n<li>Kov\u00e1cs L\u00e1szl\u00f3 Attila \u2013 artist fotograf, membru al Federa\u021biei Mondiale a Fotografilor Maghiari, Sf\u00e2ntu Gheorghe<\/li>\n\n\n\n<li>Dr. Demeter J\u00e1nos \u2013 fotograf de natur\u0103, pre\u0219edintele Clubului Foto TransNatura, Sf\u00e2ntu Gheorghe.<\/li>\n<\/ul>\n\n\n\n<p>Cursul se desf\u0103\u0219oar\u0103 la sediul \u0218colii, \u00eencepe pe 7 martie \u0219i are o durat\u0103 de 1.080 de ore. Adic\u0103 p\u00e2n\u0103 \u00een luna decembrie.<\/p>\n\n\n\n<h2 class=\"wp-block-heading\">Tematic\u0103:<\/h2>\n\n\n\n<ul class=\"wp-block-list\">\n<li>Istoria fotografiei<\/li>\n\n\n\n<li>Tehnici de fotografiere<\/li>\n\n\n\n<li>Echipamente foto \u0219i obiective<\/li>\n\n\n\n<li>Lumin\u0103, compozi\u021bie \u0219i editare de imagine<\/li>\n\n\n\n<li>Fotografie de studio \u0219i outdoor<\/li>\n\n\n\n<li>Genuri fotografice<\/li>\n\n\n\n<li>Postprocesare \u0219i editare digital\u0103<\/li>\n\n\n\n<li>Realizarea portofoliului, proiecte individuale, preg\u0103tire pentru concursuri \u0219i aplica\u021bii<\/li>\n<\/ul>\n\n\n\n<p>Pre\u021bul cursului este de 2.000 lei, cu posibilitate de plat\u0103 \u00een 3 rate. Termenul limit\u0103 de \u00eenscriere este 15 februarie.<\/p>\n\n\n\n<p>Pentru cei interesa\u021bi, num\u0103rul de telefon la care se pot cere detalii \u0219i se pot face \u00eenscrieri: 0728 085 796.<\/p>\n\n\n\n<p>\u0218coala Popular\u0103 de Arte \u0219i Meserii organizeaz\u0103 \u0219i curs de croitorie. Detalii, <a href=\"https:\/\/covasna45.ro\/index.php\/lumea-noastra\/curs-de-croitorie-la-scoala-populara-de-arte-si-meserii-din-sfantu-gheorghe\/\">AICI<\/a>.<\/p>\n","protected":false},"excerpt":{"rendered":"<p>Cei care sunt pasiona\u021bi de fotografie \u0219i simt nevoia unei preg\u0103tiri de specialitate, au acum ocazia s\u0103 \u00eenve\u021be tehnicile direct de la profesioni\u0219ti. \u0218coala Popular\u0103 de Arte \u0219i Meserii din Sf\u00e2ntu Gheorghe a demarat \u00eenscrierile pentru un asfel de curs. \u0218i iat\u0103 oferta: Formatori: Cursul se desf\u0103\u0219oar\u0103 la sediul \u0218colii, \u00eencepe pe 7 martie \u0219i [&hellip;]<\/p>\n","protected":false},"author":1,"featured_media":14727,"comment_status":"open","ping_status":"closed","sticky":false,"template":"","format":"standard","meta":{"tdm_status":"","tdm_grid_status":"","footnotes":""},"categories":[14],"tags":[3024,1888,2124],"class_list":{"0":"post-14726","1":"post","2":"type-post","3":"status-publish","4":"format-standard","5":"has-post-thumbnail","7":"category-lumea-noastra","8":"tag-curs","9":"tag-fotografie","10":"tag-sfantu-gheorghe-2"},"yoast_head":"<!-- This site is optimized with the Yoast SEO plugin v27.5 - https:\/\/yoast.com\/product\/yoast-seo-wordpress\/ -->\n<title>Curs de fotografie la \u0218coala Popular\u0103 de Arte \u0219i Meserii din Sf\u00e2ntu Gheorghe - Covasna45<\/title>\n<meta name=\"description\" content=\"Pre\u021bul cursului este de 2.000 lei, cu posibilitate de plat\u0103 \u00een 3 rate. Termenul limit\u0103 de \u00eenscriere este 15 februarie.\" \/>\n<meta name=\"robots\" content=\"index, follow, max-snippet:-1, max-image-preview:large, max-video-preview:-1\" \/>\n<link rel=\"canonical\" href=\"https:\/\/covasna45.ro\/index.php\/lumea-noastra\/curs-de-fotografie-la-scoala-populara-de-arte-si-meserii-din-sfantu-gheorghe\/\" \/>\n<meta property=\"og:locale\" content=\"ro_RO\" \/>\n<meta property=\"og:type\" content=\"article\" \/>\n<meta property=\"og:title\" content=\"Curs de fotografie la \u0218coala Popular\u0103 de Arte \u0219i Meserii din Sf\u00e2ntu Gheorghe - Covasna45\" \/>\n<meta property=\"og:description\" content=\"Pre\u021bul cursului este de 2.000 lei, cu posibilitate de plat\u0103 \u00een 3 rate. Termenul limit\u0103 de \u00eenscriere este 15 februarie.\" \/>\n<meta property=\"og:url\" content=\"https:\/\/covasna45.ro\/index.php\/lumea-noastra\/curs-de-fotografie-la-scoala-populara-de-arte-si-meserii-din-sfantu-gheorghe\/\" \/>\n<meta property=\"og:site_name\" content=\"Covasna45\" \/>\n<meta property=\"article:published_time\" content=\"2026-01-23T10:22:26+00:00\" \/>\n<meta property=\"og:image\" content=\"https:\/\/covasna45.ro\/wp-content\/uploads\/2026\/01\/curs-foto.jpg\" \/>\n\t<meta property=\"og:image:width\" content=\"2513\" \/>\n\t<meta property=\"og:image:height\" content=\"1669\" \/>\n\t<meta property=\"og:image:type\" content=\"image\/jpeg\" \/>\n<meta name=\"author\" content=\"Covasna45\" \/>\n<meta name=\"twitter:card\" content=\"summary_large_image\" \/>\n<meta name=\"twitter:label1\" content=\"Scris de\" \/>\n\t<meta name=\"twitter:data1\" content=\"Covasna45\" \/>\n\t<meta name=\"twitter:label2\" content=\"Timp estimat pentru citire\" \/>\n\t<meta name=\"twitter:data2\" content=\"2 minute\" \/>\n<script type=\"application\/ld+json\" class=\"yoast-schema-graph\">{\"@context\":\"https:\\\/\\\/schema.org\",\"@graph\":[{\"@type\":\"Article\",\"@id\":\"https:\\\/\\\/covasna45.ro\\\/index.php\\\/lumea-noastra\\\/curs-de-fotografie-la-scoala-populara-de-arte-si-meserii-din-sfantu-gheorghe\\\/#article\",\"isPartOf\":{\"@id\":\"https:\\\/\\\/covasna45.ro\\\/index.php\\\/lumea-noastra\\\/curs-de-fotografie-la-scoala-populara-de-arte-si-meserii-din-sfantu-gheorghe\\\/\"},\"author\":{\"name\":\"Covasna45\",\"@id\":\"https:\\\/\\\/covasna45.ro\\\/#\\\/schema\\\/person\\\/e674052bd7d95d70bbb007a1060ab73c\"},\"headline\":\"Curs de fotografie la \u0218coala Popular\u0103 de Arte \u0219i Meserii din Sf\u00e2ntu Gheorghe\",\"datePublished\":\"2026-01-23T10:22:26+00:00\",\"mainEntityOfPage\":{\"@id\":\"https:\\\/\\\/covasna45.ro\\\/index.php\\\/lumea-noastra\\\/curs-de-fotografie-la-scoala-populara-de-arte-si-meserii-din-sfantu-gheorghe\\\/\"},\"wordCount\":291,\"commentCount\":0,\"publisher\":{\"@id\":\"https:\\\/\\\/covasna45.ro\\\/#organization\"},\"image\":{\"@id\":\"https:\\\/\\\/covasna45.ro\\\/index.php\\\/lumea-noastra\\\/curs-de-fotografie-la-scoala-populara-de-arte-si-meserii-din-sfantu-gheorghe\\\/#primaryimage\"},\"thumbnailUrl\":\"https:\\\/\\\/covasna45.ro\\\/wp-content\\\/uploads\\\/2026\\\/01\\\/curs-foto.jpg\",\"keywords\":[\"curs\",\"Fotografie\",\"Sfantu Gheorghe\"],\"articleSection\":[\"Lumea noastr\u0103\"],\"inLanguage\":\"ro-RO\",\"potentialAction\":[{\"@type\":\"CommentAction\",\"name\":\"Comment\",\"target\":[\"https:\\\/\\\/covasna45.ro\\\/index.php\\\/lumea-noastra\\\/curs-de-fotografie-la-scoala-populara-de-arte-si-meserii-din-sfantu-gheorghe\\\/#respond\"]}]},{\"@type\":\"WebPage\",\"@id\":\"https:\\\/\\\/covasna45.ro\\\/index.php\\\/lumea-noastra\\\/curs-de-fotografie-la-scoala-populara-de-arte-si-meserii-din-sfantu-gheorghe\\\/\",\"url\":\"https:\\\/\\\/covasna45.ro\\\/index.php\\\/lumea-noastra\\\/curs-de-fotografie-la-scoala-populara-de-arte-si-meserii-din-sfantu-gheorghe\\\/\",\"name\":\"Curs de fotografie la \u0218coala Popular\u0103 de Arte \u0219i Meserii din Sf\u00e2ntu Gheorghe - Covasna45\",\"isPartOf\":{\"@id\":\"https:\\\/\\\/covasna45.ro\\\/#website\"},\"primaryImageOfPage\":{\"@id\":\"https:\\\/\\\/covasna45.ro\\\/index.php\\\/lumea-noastra\\\/curs-de-fotografie-la-scoala-populara-de-arte-si-meserii-din-sfantu-gheorghe\\\/#primaryimage\"},\"image\":{\"@id\":\"https:\\\/\\\/covasna45.ro\\\/index.php\\\/lumea-noastra\\\/curs-de-fotografie-la-scoala-populara-de-arte-si-meserii-din-sfantu-gheorghe\\\/#primaryimage\"},\"thumbnailUrl\":\"https:\\\/\\\/covasna45.ro\\\/wp-content\\\/uploads\\\/2026\\\/01\\\/curs-foto.jpg\",\"datePublished\":\"2026-01-23T10:22:26+00:00\",\"description\":\"Pre\u021bul cursului este de 2.000 lei, cu posibilitate de plat\u0103 \u00een 3 rate. Termenul limit\u0103 de \u00eenscriere este 15 februarie.\",\"breadcrumb\":{\"@id\":\"https:\\\/\\\/covasna45.ro\\\/index.php\\\/lumea-noastra\\\/curs-de-fotografie-la-scoala-populara-de-arte-si-meserii-din-sfantu-gheorghe\\\/#breadcrumb\"},\"inLanguage\":\"ro-RO\",\"potentialAction\":[{\"@type\":\"ReadAction\",\"target\":[\"https:\\\/\\\/covasna45.ro\\\/index.php\\\/lumea-noastra\\\/curs-de-fotografie-la-scoala-populara-de-arte-si-meserii-din-sfantu-gheorghe\\\/\"]}]},{\"@type\":\"ImageObject\",\"inLanguage\":\"ro-RO\",\"@id\":\"https:\\\/\\\/covasna45.ro\\\/index.php\\\/lumea-noastra\\\/curs-de-fotografie-la-scoala-populara-de-arte-si-meserii-din-sfantu-gheorghe\\\/#primaryimage\",\"url\":\"https:\\\/\\\/covasna45.ro\\\/wp-content\\\/uploads\\\/2026\\\/01\\\/curs-foto.jpg\",\"contentUrl\":\"https:\\\/\\\/covasna45.ro\\\/wp-content\\\/uploads\\\/2026\\\/01\\\/curs-foto.jpg\",\"width\":2513,\"height\":1669},{\"@type\":\"BreadcrumbList\",\"@id\":\"https:\\\/\\\/covasna45.ro\\\/index.php\\\/lumea-noastra\\\/curs-de-fotografie-la-scoala-populara-de-arte-si-meserii-din-sfantu-gheorghe\\\/#breadcrumb\",\"itemListElement\":[{\"@type\":\"ListItem\",\"position\":1,\"name\":\"Prima pagin\u0103\",\"item\":\"https:\\\/\\\/covasna45.ro\\\/\"},{\"@type\":\"ListItem\",\"position\":2,\"name\":\"Curs de fotografie la \u0218coala Popular\u0103 de Arte \u0219i Meserii din Sf\u00e2ntu Gheorghe\"}]},{\"@type\":\"WebSite\",\"@id\":\"https:\\\/\\\/covasna45.ro\\\/#website\",\"url\":\"https:\\\/\\\/covasna45.ro\\\/\",\"name\":\"covasna45.ro\",\"description\":\"\",\"publisher\":{\"@id\":\"https:\\\/\\\/covasna45.ro\\\/#organization\"},\"potentialAction\":[{\"@type\":\"SearchAction\",\"target\":{\"@type\":\"EntryPoint\",\"urlTemplate\":\"https:\\\/\\\/covasna45.ro\\\/?s={search_term_string}\"},\"query-input\":{\"@type\":\"PropertyValueSpecification\",\"valueRequired\":true,\"valueName\":\"search_term_string\"}}],\"inLanguage\":\"ro-RO\"},{\"@type\":\"Organization\",\"@id\":\"https:\\\/\\\/covasna45.ro\\\/#organization\",\"name\":\"covasna45.ro\",\"url\":\"https:\\\/\\\/covasna45.ro\\\/\",\"logo\":{\"@type\":\"ImageObject\",\"inLanguage\":\"ro-RO\",\"@id\":\"https:\\\/\\\/covasna45.ro\\\/#\\\/schema\\\/logo\\\/image\\\/\",\"url\":\"https:\\\/\\\/covasna45.ro\\\/wp-content\\\/uploads\\\/2023\\\/01\\\/icon_logo.png\",\"contentUrl\":\"https:\\\/\\\/covasna45.ro\\\/wp-content\\\/uploads\\\/2023\\\/01\\\/icon_logo.png\",\"width\":1900,\"height\":1900,\"caption\":\"covasna45.ro\"},\"image\":{\"@id\":\"https:\\\/\\\/covasna45.ro\\\/#\\\/schema\\\/logo\\\/image\\\/\"}},{\"@type\":\"Person\",\"@id\":\"https:\\\/\\\/covasna45.ro\\\/#\\\/schema\\\/person\\\/e674052bd7d95d70bbb007a1060ab73c\",\"name\":\"Covasna45\",\"image\":{\"@type\":\"ImageObject\",\"inLanguage\":\"ro-RO\",\"@id\":\"https:\\\/\\\/covasna45.ro\\\/wp-content\\\/uploads\\\/2025\\\/10\\\/icon_logo_covasna45-150x150.png\",\"url\":\"https:\\\/\\\/covasna45.ro\\\/wp-content\\\/uploads\\\/2025\\\/10\\\/icon_logo_covasna45-150x150.png\",\"contentUrl\":\"https:\\\/\\\/covasna45.ro\\\/wp-content\\\/uploads\\\/2025\\\/10\\\/icon_logo_covasna45-150x150.png\",\"caption\":\"Covasna45\"},\"sameAs\":[\"https:\\\/\\\/covasna45.ro\"],\"url\":\"https:\\\/\\\/covasna45.ro\\\/index.php\\\/author\\\/covasna\\\/\"}]}<\/script>\n<!-- \/ Yoast SEO plugin. -->","yoast_head_json":{"title":"Curs de fotografie la \u0218coala Popular\u0103 de Arte \u0219i Meserii din Sf\u00e2ntu Gheorghe - Covasna45","description":"Pre\u021bul cursului este de 2.000 lei, cu posibilitate de plat\u0103 \u00een 3 rate. Termenul limit\u0103 de \u00eenscriere este 15 februarie.","robots":{"index":"index","follow":"follow","max-snippet":"max-snippet:-1","max-image-preview":"max-image-preview:large","max-video-preview":"max-video-preview:-1"},"canonical":"https:\/\/covasna45.ro\/index.php\/lumea-noastra\/curs-de-fotografie-la-scoala-populara-de-arte-si-meserii-din-sfantu-gheorghe\/","og_locale":"ro_RO","og_type":"article","og_title":"Curs de fotografie la \u0218coala Popular\u0103 de Arte \u0219i Meserii din Sf\u00e2ntu Gheorghe - Covasna45","og_description":"Pre\u021bul cursului este de 2.000 lei, cu posibilitate de plat\u0103 \u00een 3 rate. Termenul limit\u0103 de \u00eenscriere este 15 februarie.","og_url":"https:\/\/covasna45.ro\/index.php\/lumea-noastra\/curs-de-fotografie-la-scoala-populara-de-arte-si-meserii-din-sfantu-gheorghe\/","og_site_name":"Covasna45","article_published_time":"2026-01-23T10:22:26+00:00","og_image":[{"width":2513,"height":1669,"url":"https:\/\/covasna45.ro\/wp-content\/uploads\/2026\/01\/curs-foto.jpg","type":"image\/jpeg"}],"author":"Covasna45","twitter_card":"summary_large_image","twitter_misc":{"Scris de":"Covasna45","Timp estimat pentru citire":"2 minute"},"schema":{"@context":"https:\/\/schema.org","@graph":[{"@type":"Article","@id":"https:\/\/covasna45.ro\/index.php\/lumea-noastra\/curs-de-fotografie-la-scoala-populara-de-arte-si-meserii-din-sfantu-gheorghe\/#article","isPartOf":{"@id":"https:\/\/covasna45.ro\/index.php\/lumea-noastra\/curs-de-fotografie-la-scoala-populara-de-arte-si-meserii-din-sfantu-gheorghe\/"},"author":{"name":"Covasna45","@id":"https:\/\/covasna45.ro\/#\/schema\/person\/e674052bd7d95d70bbb007a1060ab73c"},"headline":"Curs de fotografie la \u0218coala Popular\u0103 de Arte \u0219i Meserii din Sf\u00e2ntu Gheorghe","datePublished":"2026-01-23T10:22:26+00:00","mainEntityOfPage":{"@id":"https:\/\/covasna45.ro\/index.php\/lumea-noastra\/curs-de-fotografie-la-scoala-populara-de-arte-si-meserii-din-sfantu-gheorghe\/"},"wordCount":291,"commentCount":0,"publisher":{"@id":"https:\/\/covasna45.ro\/#organization"},"image":{"@id":"https:\/\/covasna45.ro\/index.php\/lumea-noastra\/curs-de-fotografie-la-scoala-populara-de-arte-si-meserii-din-sfantu-gheorghe\/#primaryimage"},"thumbnailUrl":"https:\/\/covasna45.ro\/wp-content\/uploads\/2026\/01\/curs-foto.jpg","keywords":["curs","Fotografie","Sfantu Gheorghe"],"articleSection":["Lumea noastr\u0103"],"inLanguage":"ro-RO","potentialAction":[{"@type":"CommentAction","name":"Comment","target":["https:\/\/covasna45.ro\/index.php\/lumea-noastra\/curs-de-fotografie-la-scoala-populara-de-arte-si-meserii-din-sfantu-gheorghe\/#respond"]}]},{"@type":"WebPage","@id":"https:\/\/covasna45.ro\/index.php\/lumea-noastra\/curs-de-fotografie-la-scoala-populara-de-arte-si-meserii-din-sfantu-gheorghe\/","url":"https:\/\/covasna45.ro\/index.php\/lumea-noastra\/curs-de-fotografie-la-scoala-populara-de-arte-si-meserii-din-sfantu-gheorghe\/","name":"Curs de fotografie la \u0218coala Popular\u0103 de Arte \u0219i Meserii din Sf\u00e2ntu Gheorghe - Covasna45","isPartOf":{"@id":"https:\/\/covasna45.ro\/#website"},"primaryImageOfPage":{"@id":"https:\/\/covasna45.ro\/index.php\/lumea-noastra\/curs-de-fotografie-la-scoala-populara-de-arte-si-meserii-din-sfantu-gheorghe\/#primaryimage"},"image":{"@id":"https:\/\/covasna45.ro\/index.php\/lumea-noastra\/curs-de-fotografie-la-scoala-populara-de-arte-si-meserii-din-sfantu-gheorghe\/#primaryimage"},"thumbnailUrl":"https:\/\/covasna45.ro\/wp-content\/uploads\/2026\/01\/curs-foto.jpg","datePublished":"2026-01-23T10:22:26+00:00","description":"Pre\u021bul cursului este de 2.000 lei, cu posibilitate de plat\u0103 \u00een 3 rate. Termenul limit\u0103 de \u00eenscriere este 15 februarie.","breadcrumb":{"@id":"https:\/\/covasna45.ro\/index.php\/lumea-noastra\/curs-de-fotografie-la-scoala-populara-de-arte-si-meserii-din-sfantu-gheorghe\/#breadcrumb"},"inLanguage":"ro-RO","potentialAction":[{"@type":"ReadAction","target":["https:\/\/covasna45.ro\/index.php\/lumea-noastra\/curs-de-fotografie-la-scoala-populara-de-arte-si-meserii-din-sfantu-gheorghe\/"]}]},{"@type":"ImageObject","inLanguage":"ro-RO","@id":"https:\/\/covasna45.ro\/index.php\/lumea-noastra\/curs-de-fotografie-la-scoala-populara-de-arte-si-meserii-din-sfantu-gheorghe\/#primaryimage","url":"https:\/\/covasna45.ro\/wp-content\/uploads\/2026\/01\/curs-foto.jpg","contentUrl":"https:\/\/covasna45.ro\/wp-content\/uploads\/2026\/01\/curs-foto.jpg","width":2513,"height":1669},{"@type":"BreadcrumbList","@id":"https:\/\/covasna45.ro\/index.php\/lumea-noastra\/curs-de-fotografie-la-scoala-populara-de-arte-si-meserii-din-sfantu-gheorghe\/#breadcrumb","itemListElement":[{"@type":"ListItem","position":1,"name":"Prima pagin\u0103","item":"https:\/\/covasna45.ro\/"},{"@type":"ListItem","position":2,"name":"Curs de fotografie la \u0218coala Popular\u0103 de Arte \u0219i Meserii din Sf\u00e2ntu Gheorghe"}]},{"@type":"WebSite","@id":"https:\/\/covasna45.ro\/#website","url":"https:\/\/covasna45.ro\/","name":"covasna45.ro","description":"","publisher":{"@id":"https:\/\/covasna45.ro\/#organization"},"potentialAction":[{"@type":"SearchAction","target":{"@type":"EntryPoint","urlTemplate":"https:\/\/covasna45.ro\/?s={search_term_string}"},"query-input":{"@type":"PropertyValueSpecification","valueRequired":true,"valueName":"search_term_string"}}],"inLanguage":"ro-RO"},{"@type":"Organization","@id":"https:\/\/covasna45.ro\/#organization","name":"covasna45.ro","url":"https:\/\/covasna45.ro\/","logo":{"@type":"ImageObject","inLanguage":"ro-RO","@id":"https:\/\/covasna45.ro\/#\/schema\/logo\/image\/","url":"https:\/\/covasna45.ro\/wp-content\/uploads\/2023\/01\/icon_logo.png","contentUrl":"https:\/\/covasna45.ro\/wp-content\/uploads\/2023\/01\/icon_logo.png","width":1900,"height":1900,"caption":"covasna45.ro"},"image":{"@id":"https:\/\/covasna45.ro\/#\/schema\/logo\/image\/"}},{"@type":"Person","@id":"https:\/\/covasna45.ro\/#\/schema\/person\/e674052bd7d95d70bbb007a1060ab73c","name":"Covasna45","image":{"@type":"ImageObject","inLanguage":"ro-RO","@id":"https:\/\/covasna45.ro\/wp-content\/uploads\/2025\/10\/icon_logo_covasna45-150x150.png","url":"https:\/\/covasna45.ro\/wp-content\/uploads\/2025\/10\/icon_logo_covasna45-150x150.png","contentUrl":"https:\/\/covasna45.ro\/wp-content\/uploads\/2025\/10\/icon_logo_covasna45-150x150.png","caption":"Covasna45"},"sameAs":["https:\/\/covasna45.ro"],"url":"https:\/\/covasna45.ro\/index.php\/author\/covasna\/"}]}},"_links":{"self":[{"href":"https:\/\/covasna45.ro\/index.php\/wp-json\/wp\/v2\/posts\/14726","targetHints":{"allow":["GET"]}}],"collection":[{"href":"https:\/\/covasna45.ro\/index.php\/wp-json\/wp\/v2\/posts"}],"about":[{"href":"https:\/\/covasna45.ro\/index.php\/wp-json\/wp\/v2\/types\/post"}],"author":[{"embeddable":true,"href":"https:\/\/covasna45.ro\/index.php\/wp-json\/wp\/v2\/users\/1"}],"replies":[{"embeddable":true,"href":"https:\/\/covasna45.ro\/index.php\/wp-json\/wp\/v2\/comments?post=14726"}],"version-history":[{"count":1,"href":"https:\/\/covasna45.ro\/index.php\/wp-json\/wp\/v2\/posts\/14726\/revisions"}],"predecessor-version":[{"id":14728,"href":"https:\/\/covasna45.ro\/index.php\/wp-json\/wp\/v2\/posts\/14726\/revisions\/14728"}],"wp:featuredmedia":[{"embeddable":true,"href":"https:\/\/covasna45.ro\/index.php\/wp-json\/wp\/v2\/media\/14727"}],"wp:attachment":[{"href":"https:\/\/covasna45.ro\/index.php\/wp-json\/wp\/v2\/media?parent=14726"}],"wp:term":[{"taxonomy":"category","embeddable":true,"href":"https:\/\/covasna45.ro\/index.php\/wp-json\/wp\/v2\/categories?post=14726"},{"taxonomy":"post_tag","embeddable":true,"href":"https:\/\/covasna45.ro\/index.php\/wp-json\/wp\/v2\/tags?post=14726"}],"curies":[{"name":"wp","href":"https:\/\/api.w.org\/{rel}","templated":true}]}}