{"id":14736,"date":"2026-01-23T14:15:57","date_gmt":"2026-01-23T12:15:57","guid":{"rendered":"https:\/\/covasna45.ro\/?p=14736"},"modified":"2026-01-23T14:22:03","modified_gmt":"2026-01-23T12:22:03","slug":"protest-la-targu-secuiesc-impotriva-majorarii-taxelor-vor-cere-demisia-lui-kelemen-hunor","status":"publish","type":"post","link":"https:\/\/covasna45.ro\/index.php\/lumea-noastra\/protest-la-targu-secuiesc-impotriva-majorarii-taxelor-vor-cere-demisia-lui-kelemen-hunor\/","title":{"rendered":"Protest la T\u00e2rgu Secuiesc \u00eempotriva major\u0103rii taxelor. Vor cere demisia lui Kelemen Hunor"},"content":{"rendered":"\n<p>Luni, de la ora 17.00, \u00een Pia\u021ba \u201eG\u00e1bor \u00c1ron\u201d din T\u00e2rgu Secuiesc este autorizat un protest \u00eempotriva major\u0103rii taxelor locale. Organizator este consilierul local Bal\u00e1zs Attila de la Alian\u021ba Maghiar\u0103 din Transilvania. Ei vor cere nu doar sc\u0103derea taxelor, ci \u0219i demisia pre\u0219edintelui UDMR, Kelemen Hunor, pe care \u00eel acuz\u0103 c\u0103 i-a min\u021bit pe maghiari \u00een campania electoral\u0103.<\/p>\n\n\n\n<p>\u201e<strong><em>\u00cenainte de a vorbi despre majorarea taxelor \u0219i impozitelor locale trebuie s\u0103 vedem imaginea de ansamblu. Totul s-a scumpit, de la combustibil, la facturile de electricitate \u0219i gaz, p\u00e2n\u0103 la alimente. Noi, \u00een T\u00e2rgu Secuiesc, avem salarii mici \u0219i ducem un trai departe de a fi decent. Avem prieteni care vin \u00een ora\u0219 \u0219i se pl\u00e2ng de drumuri \u0219i de c\u00e2t de pr\u0103p\u0103dit e T\u00e2rgu Secuiesc. Peste toate acestea, vin major\u0103rile.<\/em><\/strong> Evident c\u0103 nu suntem de acord. Sunt zone unde se poate lucra cu procente mai mici. \u0218i la protest vom cere primarului \u0219i Consiliului Local s\u0103 fac\u0103 acest lucru, cum s-a f\u0103cut la Sf\u00e2ntu Gheorghe. Ar trebui, apoi, ca Guvernul s\u0103 asigure mai mult\u0103 autonomie prim\u0103riilor, Consiliului Local. S\u0103 poat\u0103 decide. Primarul este un executant al deciziilor luate de Consiliul Local. C\u0103 acest lucru nu prea se \u00eent\u00e2mpl\u0103, e altceva&#8230; La noi primarul decide, iar cei din consiliu sunt considera\u021bi ni\u0219te p\u0103c\u0103lici\u201d, explic\u0103, pentru <a href=\"https:\/\/covasna45.ro\/index.php\/lumea-noastra\/proiectul-climaax-targu-secuiesc-cauta-solutii-la-schimbarile-climatice\/\">covasna45.ro<\/a>, reprezentantul Alian\u021bei, Bal\u00e1zs Attila.<\/p>\n\n\n\n<h2 class=\"wp-block-heading\">\u201eCineva trebuie s\u0103 \u00ee\u0219i asume r\u0103spunderea\u201d<\/h2>\n\n\n\n<p>Pe l\u00e2ng\u0103 nemul\u021bumirile legate de majorarea taxelor \u0219i impozitelor locale, cei de la AMT vor cere \u0219i demisia pre\u0219edintelui UDMR, Kelemen Hunor.<\/p>\n\n\n\n<p>\u201e<strong><em>UDMR a min\u021bit pe toat\u0103 lumea, de sus p\u00e2n\u0103 jos. Au spus \u00een campanie c\u0103 dac\u0103 ajung la guvernare, nu vor permite majorarea impozitelor pentru popula\u021bie. Au min\u021bit. E o problem\u0103 de \u00eencredere aici. Pentru c\u0103 oamenii i-au crezut \u0219i i-au votat. \u0218i ei au f\u0103cut exact invers. Kelemen Hunor a spus c\u0103 nu \u0219tia c\u0103 va fi deficitul a\u0219a de mare. Dar cine trebuia s\u0103 \u0219tie? Cine a fost \u00een fiecare guvern? Cineva trebuie s\u0103 \u00ee\u0219i asume r\u0103spunderea. Iar acest cineva este \u0219eful, cel care coordoneaz\u0103, cel care e \u00een guvern \u0219i care a min\u021bit<\/em><\/strong>\u201d, mai subliniaz\u0103 Bal\u00e1zs. El d\u0103 asigur\u0103ri c\u0103 mitingul de luni va fi unul pa\u0219nic \u0219i c\u0103 este modul \u00een care oamenii au posibilitatea de a spune c\u0103 aceste m\u0103suri \u201enu sunt bune pentru noi\u201d.<\/p>\n","protected":false},"excerpt":{"rendered":"<p>Luni, de la ora 17.00, \u00een Pia\u021ba \u201eG\u00e1bor \u00c1ron\u201d din T\u00e2rgu Secuiesc este autorizat un protest \u00eempotriva major\u0103rii taxelor locale. Organizator este consilierul local Bal\u00e1zs Attila de la Alian\u021ba Maghiar\u0103 din Transilvania. Ei vor cere nu doar sc\u0103derea taxelor, ci \u0219i demisia pre\u0219edintelui UDMR, Kelemen Hunor, pe care \u00eel acuz\u0103 c\u0103 i-a min\u021bit pe maghiari [&hellip;]<\/p>\n","protected":false},"author":1,"featured_media":14737,"comment_status":"open","ping_status":"closed","sticky":false,"template":"","format":"standard","meta":{"tdm_status":"","tdm_grid_status":"","footnotes":""},"categories":[14],"tags":[263,632,2232,129],"class_list":{"0":"post-14736","1":"post","2":"type-post","3":"status-publish","4":"format-standard","5":"has-post-thumbnail","7":"category-lumea-noastra","8":"tag-kelemen-hunor","9":"tag-protest","10":"tag-targu-secuiesc","11":"tag-taxe"},"yoast_head":"<!-- This site is optimized with the Yoast SEO plugin v27.5 - https:\/\/yoast.com\/product\/yoast-seo-wordpress\/ -->\n<title>Protest la T\u00e2rgu Secuiesc \u00eempotriva major\u0103rii taxelor. Vor cere demisia lui Kelemen Hunor - Covasna45<\/title>\n<meta name=\"description\" content=\"Luni, de la ora 17.00, \u00een Pia\u021ba Gabor Aron din T\u00e2rgu Secuiesc este autorizat un protest \u00eempotriva major\u0103rii taxelor locale.\" \/>\n<meta name=\"robots\" content=\"index, follow, max-snippet:-1, max-image-preview:large, max-video-preview:-1\" \/>\n<link rel=\"canonical\" href=\"https:\/\/covasna45.ro\/index.php\/lumea-noastra\/protest-la-targu-secuiesc-impotriva-majorarii-taxelor-vor-cere-demisia-lui-kelemen-hunor\/\" \/>\n<meta property=\"og:locale\" content=\"ro_RO\" \/>\n<meta property=\"og:type\" content=\"article\" \/>\n<meta property=\"og:title\" content=\"Protest la T\u00e2rgu Secuiesc \u00eempotriva major\u0103rii taxelor. Vor cere demisia lui Kelemen Hunor - Covasna45\" \/>\n<meta property=\"og:description\" content=\"Luni, de la ora 17.00, \u00een Pia\u021ba Gabor Aron din T\u00e2rgu Secuiesc este autorizat un protest \u00eempotriva major\u0103rii taxelor locale.\" \/>\n<meta property=\"og:url\" content=\"https:\/\/covasna45.ro\/index.php\/lumea-noastra\/protest-la-targu-secuiesc-impotriva-majorarii-taxelor-vor-cere-demisia-lui-kelemen-hunor\/\" \/>\n<meta property=\"og:site_name\" content=\"Covasna45\" \/>\n<meta property=\"article:published_time\" content=\"2026-01-23T12:15:57+00:00\" \/>\n<meta property=\"article:modified_time\" content=\"2026-01-23T12:22:03+00:00\" \/>\n<meta property=\"og:image\" content=\"https:\/\/covasna45.ro\/wp-content\/uploads\/2026\/01\/tg-sec.jpg\" \/>\n\t<meta property=\"og:image:width\" content=\"2048\" \/>\n\t<meta property=\"og:image:height\" content=\"1536\" \/>\n\t<meta property=\"og:image:type\" content=\"image\/jpeg\" \/>\n<meta name=\"author\" content=\"Covasna45\" \/>\n<meta name=\"twitter:card\" content=\"summary_large_image\" \/>\n<meta name=\"twitter:label1\" content=\"Scris de\" \/>\n\t<meta name=\"twitter:data1\" content=\"Covasna45\" \/>\n\t<meta name=\"twitter:label2\" content=\"Timp estimat pentru citire\" \/>\n\t<meta name=\"twitter:data2\" content=\"3 minute\" \/>\n<script type=\"application\/ld+json\" class=\"yoast-schema-graph\">{\"@context\":\"https:\\\/\\\/schema.org\",\"@graph\":[{\"@type\":\"Article\",\"@id\":\"https:\\\/\\\/covasna45.ro\\\/index.php\\\/lumea-noastra\\\/protest-la-targu-secuiesc-impotriva-majorarii-taxelor-vor-cere-demisia-lui-kelemen-hunor\\\/#article\",\"isPartOf\":{\"@id\":\"https:\\\/\\\/covasna45.ro\\\/index.php\\\/lumea-noastra\\\/protest-la-targu-secuiesc-impotriva-majorarii-taxelor-vor-cere-demisia-lui-kelemen-hunor\\\/\"},\"author\":{\"name\":\"Covasna45\",\"@id\":\"https:\\\/\\\/covasna45.ro\\\/#\\\/schema\\\/person\\\/e674052bd7d95d70bbb007a1060ab73c\"},\"headline\":\"Protest la T\u00e2rgu Secuiesc \u00eempotriva major\u0103rii taxelor. Vor cere demisia lui Kelemen Hunor\",\"datePublished\":\"2026-01-23T12:15:57+00:00\",\"dateModified\":\"2026-01-23T12:22:03+00:00\",\"mainEntityOfPage\":{\"@id\":\"https:\\\/\\\/covasna45.ro\\\/index.php\\\/lumea-noastra\\\/protest-la-targu-secuiesc-impotriva-majorarii-taxelor-vor-cere-demisia-lui-kelemen-hunor\\\/\"},\"wordCount\":434,\"commentCount\":0,\"publisher\":{\"@id\":\"https:\\\/\\\/covasna45.ro\\\/#organization\"},\"image\":{\"@id\":\"https:\\\/\\\/covasna45.ro\\\/index.php\\\/lumea-noastra\\\/protest-la-targu-secuiesc-impotriva-majorarii-taxelor-vor-cere-demisia-lui-kelemen-hunor\\\/#primaryimage\"},\"thumbnailUrl\":\"https:\\\/\\\/covasna45.ro\\\/wp-content\\\/uploads\\\/2026\\\/01\\\/tg-sec.jpg\",\"keywords\":[\"Kelemen Hunor\",\"Protest\",\"Targu Secuiesc\",\"Taxe\"],\"articleSection\":[\"Lumea noastr\u0103\"],\"inLanguage\":\"ro-RO\",\"potentialAction\":[{\"@type\":\"CommentAction\",\"name\":\"Comment\",\"target\":[\"https:\\\/\\\/covasna45.ro\\\/index.php\\\/lumea-noastra\\\/protest-la-targu-secuiesc-impotriva-majorarii-taxelor-vor-cere-demisia-lui-kelemen-hunor\\\/#respond\"]}]},{\"@type\":\"WebPage\",\"@id\":\"https:\\\/\\\/covasna45.ro\\\/index.php\\\/lumea-noastra\\\/protest-la-targu-secuiesc-impotriva-majorarii-taxelor-vor-cere-demisia-lui-kelemen-hunor\\\/\",\"url\":\"https:\\\/\\\/covasna45.ro\\\/index.php\\\/lumea-noastra\\\/protest-la-targu-secuiesc-impotriva-majorarii-taxelor-vor-cere-demisia-lui-kelemen-hunor\\\/\",\"name\":\"Protest la T\u00e2rgu Secuiesc \u00eempotriva major\u0103rii taxelor. Vor cere demisia lui Kelemen Hunor - Covasna45\",\"isPartOf\":{\"@id\":\"https:\\\/\\\/covasna45.ro\\\/#website\"},\"primaryImageOfPage\":{\"@id\":\"https:\\\/\\\/covasna45.ro\\\/index.php\\\/lumea-noastra\\\/protest-la-targu-secuiesc-impotriva-majorarii-taxelor-vor-cere-demisia-lui-kelemen-hunor\\\/#primaryimage\"},\"image\":{\"@id\":\"https:\\\/\\\/covasna45.ro\\\/index.php\\\/lumea-noastra\\\/protest-la-targu-secuiesc-impotriva-majorarii-taxelor-vor-cere-demisia-lui-kelemen-hunor\\\/#primaryimage\"},\"thumbnailUrl\":\"https:\\\/\\\/covasna45.ro\\\/wp-content\\\/uploads\\\/2026\\\/01\\\/tg-sec.jpg\",\"datePublished\":\"2026-01-23T12:15:57+00:00\",\"dateModified\":\"2026-01-23T12:22:03+00:00\",\"description\":\"Luni, de la ora 17.00, \u00een Pia\u021ba Gabor Aron din T\u00e2rgu Secuiesc este autorizat un protest \u00eempotriva major\u0103rii taxelor locale.\",\"breadcrumb\":{\"@id\":\"https:\\\/\\\/covasna45.ro\\\/index.php\\\/lumea-noastra\\\/protest-la-targu-secuiesc-impotriva-majorarii-taxelor-vor-cere-demisia-lui-kelemen-hunor\\\/#breadcrumb\"},\"inLanguage\":\"ro-RO\",\"potentialAction\":[{\"@type\":\"ReadAction\",\"target\":[\"https:\\\/\\\/covasna45.ro\\\/index.php\\\/lumea-noastra\\\/protest-la-targu-secuiesc-impotriva-majorarii-taxelor-vor-cere-demisia-lui-kelemen-hunor\\\/\"]}]},{\"@type\":\"ImageObject\",\"inLanguage\":\"ro-RO\",\"@id\":\"https:\\\/\\\/covasna45.ro\\\/index.php\\\/lumea-noastra\\\/protest-la-targu-secuiesc-impotriva-majorarii-taxelor-vor-cere-demisia-lui-kelemen-hunor\\\/#primaryimage\",\"url\":\"https:\\\/\\\/covasna45.ro\\\/wp-content\\\/uploads\\\/2026\\\/01\\\/tg-sec.jpg\",\"contentUrl\":\"https:\\\/\\\/covasna45.ro\\\/wp-content\\\/uploads\\\/2026\\\/01\\\/tg-sec.jpg\",\"width\":2048,\"height\":1536},{\"@type\":\"BreadcrumbList\",\"@id\":\"https:\\\/\\\/covasna45.ro\\\/index.php\\\/lumea-noastra\\\/protest-la-targu-secuiesc-impotriva-majorarii-taxelor-vor-cere-demisia-lui-kelemen-hunor\\\/#breadcrumb\",\"itemListElement\":[{\"@type\":\"ListItem\",\"position\":1,\"name\":\"Prima pagin\u0103\",\"item\":\"https:\\\/\\\/covasna45.ro\\\/\"},{\"@type\":\"ListItem\",\"position\":2,\"name\":\"Protest la T\u00e2rgu Secuiesc \u00eempotriva major\u0103rii taxelor. Vor cere demisia lui Kelemen Hunor\"}]},{\"@type\":\"WebSite\",\"@id\":\"https:\\\/\\\/covasna45.ro\\\/#website\",\"url\":\"https:\\\/\\\/covasna45.ro\\\/\",\"name\":\"covasna45.ro\",\"description\":\"\",\"publisher\":{\"@id\":\"https:\\\/\\\/covasna45.ro\\\/#organization\"},\"potentialAction\":[{\"@type\":\"SearchAction\",\"target\":{\"@type\":\"EntryPoint\",\"urlTemplate\":\"https:\\\/\\\/covasna45.ro\\\/?s={search_term_string}\"},\"query-input\":{\"@type\":\"PropertyValueSpecification\",\"valueRequired\":true,\"valueName\":\"search_term_string\"}}],\"inLanguage\":\"ro-RO\"},{\"@type\":\"Organization\",\"@id\":\"https:\\\/\\\/covasna45.ro\\\/#organization\",\"name\":\"covasna45.ro\",\"url\":\"https:\\\/\\\/covasna45.ro\\\/\",\"logo\":{\"@type\":\"ImageObject\",\"inLanguage\":\"ro-RO\",\"@id\":\"https:\\\/\\\/covasna45.ro\\\/#\\\/schema\\\/logo\\\/image\\\/\",\"url\":\"https:\\\/\\\/covasna45.ro\\\/wp-content\\\/uploads\\\/2023\\\/01\\\/icon_logo.png\",\"contentUrl\":\"https:\\\/\\\/covasna45.ro\\\/wp-content\\\/uploads\\\/2023\\\/01\\\/icon_logo.png\",\"width\":1900,\"height\":1900,\"caption\":\"covasna45.ro\"},\"image\":{\"@id\":\"https:\\\/\\\/covasna45.ro\\\/#\\\/schema\\\/logo\\\/image\\\/\"}},{\"@type\":\"Person\",\"@id\":\"https:\\\/\\\/covasna45.ro\\\/#\\\/schema\\\/person\\\/e674052bd7d95d70bbb007a1060ab73c\",\"name\":\"Covasna45\",\"image\":{\"@type\":\"ImageObject\",\"inLanguage\":\"ro-RO\",\"@id\":\"https:\\\/\\\/covasna45.ro\\\/wp-content\\\/uploads\\\/2025\\\/10\\\/icon_logo_covasna45-150x150.png\",\"url\":\"https:\\\/\\\/covasna45.ro\\\/wp-content\\\/uploads\\\/2025\\\/10\\\/icon_logo_covasna45-150x150.png\",\"contentUrl\":\"https:\\\/\\\/covasna45.ro\\\/wp-content\\\/uploads\\\/2025\\\/10\\\/icon_logo_covasna45-150x150.png\",\"caption\":\"Covasna45\"},\"sameAs\":[\"https:\\\/\\\/covasna45.ro\"],\"url\":\"https:\\\/\\\/covasna45.ro\\\/index.php\\\/author\\\/covasna\\\/\"}]}<\/script>\n<!-- \/ Yoast SEO plugin. -->","yoast_head_json":{"title":"Protest la T\u00e2rgu Secuiesc \u00eempotriva major\u0103rii taxelor. Vor cere demisia lui Kelemen Hunor - Covasna45","description":"Luni, de la ora 17.00, \u00een Pia\u021ba Gabor Aron din T\u00e2rgu Secuiesc este autorizat un protest \u00eempotriva major\u0103rii taxelor locale.","robots":{"index":"index","follow":"follow","max-snippet":"max-snippet:-1","max-image-preview":"max-image-preview:large","max-video-preview":"max-video-preview:-1"},"canonical":"https:\/\/covasna45.ro\/index.php\/lumea-noastra\/protest-la-targu-secuiesc-impotriva-majorarii-taxelor-vor-cere-demisia-lui-kelemen-hunor\/","og_locale":"ro_RO","og_type":"article","og_title":"Protest la T\u00e2rgu Secuiesc \u00eempotriva major\u0103rii taxelor. Vor cere demisia lui Kelemen Hunor - Covasna45","og_description":"Luni, de la ora 17.00, \u00een Pia\u021ba Gabor Aron din T\u00e2rgu Secuiesc este autorizat un protest \u00eempotriva major\u0103rii taxelor locale.","og_url":"https:\/\/covasna45.ro\/index.php\/lumea-noastra\/protest-la-targu-secuiesc-impotriva-majorarii-taxelor-vor-cere-demisia-lui-kelemen-hunor\/","og_site_name":"Covasna45","article_published_time":"2026-01-23T12:15:57+00:00","article_modified_time":"2026-01-23T12:22:03+00:00","og_image":[{"width":2048,"height":1536,"url":"https:\/\/covasna45.ro\/wp-content\/uploads\/2026\/01\/tg-sec.jpg","type":"image\/jpeg"}],"author":"Covasna45","twitter_card":"summary_large_image","twitter_misc":{"Scris de":"Covasna45","Timp estimat pentru citire":"3 minute"},"schema":{"@context":"https:\/\/schema.org","@graph":[{"@type":"Article","@id":"https:\/\/covasna45.ro\/index.php\/lumea-noastra\/protest-la-targu-secuiesc-impotriva-majorarii-taxelor-vor-cere-demisia-lui-kelemen-hunor\/#article","isPartOf":{"@id":"https:\/\/covasna45.ro\/index.php\/lumea-noastra\/protest-la-targu-secuiesc-impotriva-majorarii-taxelor-vor-cere-demisia-lui-kelemen-hunor\/"},"author":{"name":"Covasna45","@id":"https:\/\/covasna45.ro\/#\/schema\/person\/e674052bd7d95d70bbb007a1060ab73c"},"headline":"Protest la T\u00e2rgu Secuiesc \u00eempotriva major\u0103rii taxelor. Vor cere demisia lui Kelemen Hunor","datePublished":"2026-01-23T12:15:57+00:00","dateModified":"2026-01-23T12:22:03+00:00","mainEntityOfPage":{"@id":"https:\/\/covasna45.ro\/index.php\/lumea-noastra\/protest-la-targu-secuiesc-impotriva-majorarii-taxelor-vor-cere-demisia-lui-kelemen-hunor\/"},"wordCount":434,"commentCount":0,"publisher":{"@id":"https:\/\/covasna45.ro\/#organization"},"image":{"@id":"https:\/\/covasna45.ro\/index.php\/lumea-noastra\/protest-la-targu-secuiesc-impotriva-majorarii-taxelor-vor-cere-demisia-lui-kelemen-hunor\/#primaryimage"},"thumbnailUrl":"https:\/\/covasna45.ro\/wp-content\/uploads\/2026\/01\/tg-sec.jpg","keywords":["Kelemen Hunor","Protest","Targu Secuiesc","Taxe"],"articleSection":["Lumea noastr\u0103"],"inLanguage":"ro-RO","potentialAction":[{"@type":"CommentAction","name":"Comment","target":["https:\/\/covasna45.ro\/index.php\/lumea-noastra\/protest-la-targu-secuiesc-impotriva-majorarii-taxelor-vor-cere-demisia-lui-kelemen-hunor\/#respond"]}]},{"@type":"WebPage","@id":"https:\/\/covasna45.ro\/index.php\/lumea-noastra\/protest-la-targu-secuiesc-impotriva-majorarii-taxelor-vor-cere-demisia-lui-kelemen-hunor\/","url":"https:\/\/covasna45.ro\/index.php\/lumea-noastra\/protest-la-targu-secuiesc-impotriva-majorarii-taxelor-vor-cere-demisia-lui-kelemen-hunor\/","name":"Protest la T\u00e2rgu Secuiesc \u00eempotriva major\u0103rii taxelor. Vor cere demisia lui Kelemen Hunor - Covasna45","isPartOf":{"@id":"https:\/\/covasna45.ro\/#website"},"primaryImageOfPage":{"@id":"https:\/\/covasna45.ro\/index.php\/lumea-noastra\/protest-la-targu-secuiesc-impotriva-majorarii-taxelor-vor-cere-demisia-lui-kelemen-hunor\/#primaryimage"},"image":{"@id":"https:\/\/covasna45.ro\/index.php\/lumea-noastra\/protest-la-targu-secuiesc-impotriva-majorarii-taxelor-vor-cere-demisia-lui-kelemen-hunor\/#primaryimage"},"thumbnailUrl":"https:\/\/covasna45.ro\/wp-content\/uploads\/2026\/01\/tg-sec.jpg","datePublished":"2026-01-23T12:15:57+00:00","dateModified":"2026-01-23T12:22:03+00:00","description":"Luni, de la ora 17.00, \u00een Pia\u021ba Gabor Aron din T\u00e2rgu Secuiesc este autorizat un protest \u00eempotriva major\u0103rii taxelor locale.","breadcrumb":{"@id":"https:\/\/covasna45.ro\/index.php\/lumea-noastra\/protest-la-targu-secuiesc-impotriva-majorarii-taxelor-vor-cere-demisia-lui-kelemen-hunor\/#breadcrumb"},"inLanguage":"ro-RO","potentialAction":[{"@type":"ReadAction","target":["https:\/\/covasna45.ro\/index.php\/lumea-noastra\/protest-la-targu-secuiesc-impotriva-majorarii-taxelor-vor-cere-demisia-lui-kelemen-hunor\/"]}]},{"@type":"ImageObject","inLanguage":"ro-RO","@id":"https:\/\/covasna45.ro\/index.php\/lumea-noastra\/protest-la-targu-secuiesc-impotriva-majorarii-taxelor-vor-cere-demisia-lui-kelemen-hunor\/#primaryimage","url":"https:\/\/covasna45.ro\/wp-content\/uploads\/2026\/01\/tg-sec.jpg","contentUrl":"https:\/\/covasna45.ro\/wp-content\/uploads\/2026\/01\/tg-sec.jpg","width":2048,"height":1536},{"@type":"BreadcrumbList","@id":"https:\/\/covasna45.ro\/index.php\/lumea-noastra\/protest-la-targu-secuiesc-impotriva-majorarii-taxelor-vor-cere-demisia-lui-kelemen-hunor\/#breadcrumb","itemListElement":[{"@type":"ListItem","position":1,"name":"Prima pagin\u0103","item":"https:\/\/covasna45.ro\/"},{"@type":"ListItem","position":2,"name":"Protest la T\u00e2rgu Secuiesc \u00eempotriva major\u0103rii taxelor. Vor cere demisia lui Kelemen Hunor"}]},{"@type":"WebSite","@id":"https:\/\/covasna45.ro\/#website","url":"https:\/\/covasna45.ro\/","name":"covasna45.ro","description":"","publisher":{"@id":"https:\/\/covasna45.ro\/#organization"},"potentialAction":[{"@type":"SearchAction","target":{"@type":"EntryPoint","urlTemplate":"https:\/\/covasna45.ro\/?s={search_term_string}"},"query-input":{"@type":"PropertyValueSpecification","valueRequired":true,"valueName":"search_term_string"}}],"inLanguage":"ro-RO"},{"@type":"Organization","@id":"https:\/\/covasna45.ro\/#organization","name":"covasna45.ro","url":"https:\/\/covasna45.ro\/","logo":{"@type":"ImageObject","inLanguage":"ro-RO","@id":"https:\/\/covasna45.ro\/#\/schema\/logo\/image\/","url":"https:\/\/covasna45.ro\/wp-content\/uploads\/2023\/01\/icon_logo.png","contentUrl":"https:\/\/covasna45.ro\/wp-content\/uploads\/2023\/01\/icon_logo.png","width":1900,"height":1900,"caption":"covasna45.ro"},"image":{"@id":"https:\/\/covasna45.ro\/#\/schema\/logo\/image\/"}},{"@type":"Person","@id":"https:\/\/covasna45.ro\/#\/schema\/person\/e674052bd7d95d70bbb007a1060ab73c","name":"Covasna45","image":{"@type":"ImageObject","inLanguage":"ro-RO","@id":"https:\/\/covasna45.ro\/wp-content\/uploads\/2025\/10\/icon_logo_covasna45-150x150.png","url":"https:\/\/covasna45.ro\/wp-content\/uploads\/2025\/10\/icon_logo_covasna45-150x150.png","contentUrl":"https:\/\/covasna45.ro\/wp-content\/uploads\/2025\/10\/icon_logo_covasna45-150x150.png","caption":"Covasna45"},"sameAs":["https:\/\/covasna45.ro"],"url":"https:\/\/covasna45.ro\/index.php\/author\/covasna\/"}]}},"_links":{"self":[{"href":"https:\/\/covasna45.ro\/index.php\/wp-json\/wp\/v2\/posts\/14736","targetHints":{"allow":["GET"]}}],"collection":[{"href":"https:\/\/covasna45.ro\/index.php\/wp-json\/wp\/v2\/posts"}],"about":[{"href":"https:\/\/covasna45.ro\/index.php\/wp-json\/wp\/v2\/types\/post"}],"author":[{"embeddable":true,"href":"https:\/\/covasna45.ro\/index.php\/wp-json\/wp\/v2\/users\/1"}],"replies":[{"embeddable":true,"href":"https:\/\/covasna45.ro\/index.php\/wp-json\/wp\/v2\/comments?post=14736"}],"version-history":[{"count":4,"href":"https:\/\/covasna45.ro\/index.php\/wp-json\/wp\/v2\/posts\/14736\/revisions"}],"predecessor-version":[{"id":14741,"href":"https:\/\/covasna45.ro\/index.php\/wp-json\/wp\/v2\/posts\/14736\/revisions\/14741"}],"wp:featuredmedia":[{"embeddable":true,"href":"https:\/\/covasna45.ro\/index.php\/wp-json\/wp\/v2\/media\/14737"}],"wp:attachment":[{"href":"https:\/\/covasna45.ro\/index.php\/wp-json\/wp\/v2\/media?parent=14736"}],"wp:term":[{"taxonomy":"category","embeddable":true,"href":"https:\/\/covasna45.ro\/index.php\/wp-json\/wp\/v2\/categories?post=14736"},{"taxonomy":"post_tag","embeddable":true,"href":"https:\/\/covasna45.ro\/index.php\/wp-json\/wp\/v2\/tags?post=14736"}],"curies":[{"name":"wp","href":"https:\/\/api.w.org\/{rel}","templated":true}]}}