{"id":14743,"date":"2026-01-26T14:44:10","date_gmt":"2026-01-26T12:44:10","guid":{"rendered":"https:\/\/covasna45.ro\/?p=14743"},"modified":"2026-01-26T14:44:10","modified_gmt":"2026-01-26T12:44:10","slug":"biserica-de-acasa-parohia-ciumernic-ia-parte-la-un-concurs-al-patriarhiei","status":"publish","type":"post","link":"https:\/\/covasna45.ro\/index.php\/lumea-noastra\/biserica-de-acasa-parohia-ciumernic-ia-parte-la-un-concurs-al-patriarhiei\/","title":{"rendered":"\u201eBiserica de acas\u0103\u201d: Parohia Ciumernic ia parte la un concurs al Patriarhiei"},"content":{"rendered":"\n<p>Parohia Ortodox\u0103 \u201eSfin\u021bii 40 de Mucenici\u201d din Ciumernic ia parte la Concursul Na\u021bional \u201eFamilia \u2013 binecuv\u00e2ntare a lui Dumnezeu \u0219i \u0219coal\u0103 a iubirii smerite \u0219i darnice\u201d, organizat de Patriarhia Rom\u00e2n\u0103 \u00een parteneriat cu Ministerul Educa\u021biei. Tema aleas\u0103 de cei din Ciumernic este \u201e<strong>Biserica de acas\u0103: Candela credin\u021bei \u00eentre bunici, p\u0103rin\u021bi \u0219i copii<\/strong>\u201d.<\/p>\n\n\n\n<p>Activit\u0103\u021bile planificate \u2013 de la ateliere de pictur\u0103 pe sticl\u0103 p\u00e2n\u0103 la dezbateri moderne de tip \u201eWorld Caf\u00e9\u201d \u2013 vizeaz\u0103 combaterea \u00eenstr\u0103in\u0103rii digitale \u0219i \u00eent\u0103rirea leg\u0103turilor dintre genera\u021bii.<\/p>\n\n\n\n<figure class=\"wp-block-image size-full\"><img loading=\"lazy\" decoding=\"async\" width=\"871\" height=\"770\" src=\"https:\/\/covasna45.ro\/wp-content\/uploads\/2026\/01\/bis-cium.jpeg\" alt=\"\" class=\"wp-image-14750\" srcset=\"https:\/\/covasna45.ro\/wp-content\/uploads\/2026\/01\/bis-cium.jpeg 871w, https:\/\/covasna45.ro\/wp-content\/uploads\/2026\/01\/bis-cium-300x265.jpeg 300w, https:\/\/covasna45.ro\/wp-content\/uploads\/2026\/01\/bis-cium-768x679.jpeg 768w, https:\/\/covasna45.ro\/wp-content\/uploads\/2026\/01\/bis-cium-150x133.jpeg 150w, https:\/\/covasna45.ro\/wp-content\/uploads\/2026\/01\/bis-cium-696x615.jpeg 696w\" sizes=\"auto, (max-width: 871px) 100vw, 871px\" \/><\/figure>\n\n\n\n<p>\u201e<strong><em>Dorim s\u0103 transform\u0103m comunitatea \u00eentr-o &#8216;biseric\u0103 de acas\u0103&#8217;, unde tinerii s\u0103 \u00eenve\u021be de la bunici r\u0103bdarea, iar bunicii s\u0103 primeasc\u0103 entuziasmul tinerilor<\/em><\/strong>\u201d, a declarat preotul Lihor Claudiu de la Parohia Ortodox\u0103 \u201eSfin\u021bii 40 de mucenici\u201d Ciumernic, cel care r\u0103spunde de proiect.<\/p>\n\n\n\n<figure class=\"wp-block-image size-full\"><img loading=\"lazy\" decoding=\"async\" width=\"711\" height=\"509\" src=\"https:\/\/covasna45.ro\/wp-content\/uploads\/2026\/01\/preot-cium.jpg\" alt=\"\" class=\"wp-image-14747\" srcset=\"https:\/\/covasna45.ro\/wp-content\/uploads\/2026\/01\/preot-cium.jpg 711w, https:\/\/covasna45.ro\/wp-content\/uploads\/2026\/01\/preot-cium-300x215.jpg 300w, https:\/\/covasna45.ro\/wp-content\/uploads\/2026\/01\/preot-cium-150x107.jpg 150w, https:\/\/covasna45.ro\/wp-content\/uploads\/2026\/01\/preot-cium-696x498.jpg 696w\" sizes=\"auto, (max-width: 711px) 100vw, 711px\" \/><\/figure>\n\n\n\n<p>\u00cen aceast\u0103 perioad\u0103, se lucreaz\u0103 la un portofoliu complex pentru concurs, ce va include m\u0103rturii filmate, jurnale de proiect \u0219i ac\u021biuni filantropice concrete. Sunt implica\u021bi copii \u0219i tineri (6-19 ani) \u0219i tineri peste 20 de ani, partener fiind profesoara de religie Alem\u0103nu\u021ba Lihor.<\/p>\n\n\n\n<h2 class=\"wp-block-heading\">\u201eNu putem ignora provoc\u0103rile\u201d<\/h2>\n\n\n\n<p>\u201eNe afl\u0103m \u00eentr-un an \u00een care Biserica ne cheam\u0103 s\u0103 privim spre familie ca spre cununa crea\u021biei \u0219i spre sfintele femei din calendar ca spre f\u0103clii de credin\u021b\u0103.<\/p>\n\n\n\n<p><strong><em>Ast\u0103zi, familia cre\u0219tin\u0103 nu este doar o defini\u021bie juridic\u0103 rece, ci este spa\u021biul binecuv\u00e2ntat unde copilul \u00eencepe s\u0103 \u00een\u021beleag\u0103 taina iubirii lui Dumnezeu. \u00cens\u0103, nu putem ignora provoc\u0103rile: abandonul, divor\u021bul, violen\u021ba \u0219i, mai ales, sclavia digital\u0103 \u0219i adic\u021biile care ne \u00eenstr\u0103ineaz\u0103. Proiectul nostru, desf\u0103\u0219urat \u00eempreun\u0103 cu doamna profesor Lihor Alem\u0103nu\u021ba-Sorina, dore\u0219te s\u0103 ofere tinerilor no\u0219tri nu doar informa\u021bii, ci o experien\u021b\u0103 de tr\u0103ire.<\/em><\/strong><\/p>\n\n\n\n<figure class=\"wp-block-image size-large\"><img loading=\"lazy\" decoding=\"async\" width=\"1024\" height=\"561\" src=\"https:\/\/covasna45.ro\/wp-content\/uploads\/2026\/01\/concurs-lihor-1024x561.jpg\" alt=\"\" class=\"wp-image-14745\" srcset=\"https:\/\/covasna45.ro\/wp-content\/uploads\/2026\/01\/concurs-lihor-1024x561.jpg 1024w, https:\/\/covasna45.ro\/wp-content\/uploads\/2026\/01\/concurs-lihor-300x164.jpg 300w, https:\/\/covasna45.ro\/wp-content\/uploads\/2026\/01\/concurs-lihor-768x421.jpg 768w, https:\/\/covasna45.ro\/wp-content\/uploads\/2026\/01\/concurs-lihor-150x82.jpg 150w, https:\/\/covasna45.ro\/wp-content\/uploads\/2026\/01\/concurs-lihor-696x381.jpg 696w, https:\/\/covasna45.ro\/wp-content\/uploads\/2026\/01\/concurs-lihor-1068x585.jpg 1068w, https:\/\/covasna45.ro\/wp-content\/uploads\/2026\/01\/concurs-lihor.jpg 1473w\" sizes=\"auto, (max-width: 1024px) 100vw, 1024px\" \/><\/figure>\n\n\n\n<p>Vom \u00eenv\u0103\u021ba din via\u021ba Sfintei Emilia, mama Sf\u00e2ntului Vasile cel Mare, cum o mam\u0103 poate cre\u0219te sfin\u021bi prin rug\u0103ciune \u0219i smerenie, transform\u00e2ndu-\u0219i casa \u00eentr-un loc unde slujitorii sunt trata\u021bi ca egali. Vom folosi metode moderne, precum World Caf\u00e9, pentru a discuta despre voca\u021bie \u0219i alegeri definitive, dar nu vom uita nici de tradi\u021bie, prin \u0219ez\u0103tori \u0219i ateliere de icoane pe sticl\u0103.<\/p>\n\n\n\n<p><strong><em>V\u0103 chem s\u0103 fim \u00eempreun\u0103 o familie unit\u0103, o \u201ebiseric\u0103 de acas\u0103\u201d, unde iubirea jertfelnic\u0103 s\u0103 biruiasc\u0103 egoismul. S\u0103 demonstr\u0103m c\u0103 parohia noastr\u0103 este un izvor de via\u021b\u0103 \u0219i c\u0103 tinerii no\u0219tri pot fi m\u0103rturisitori curajo\u0219i ai lui Hristos!<\/em><\/strong>\u201d, a anun\u021bat p\u0103rintele Claudiu Lihor, la lansarea concursului.<\/p>\n\n\n\n<figure class=\"wp-block-image size-full\"><img loading=\"lazy\" decoding=\"async\" width=\"951\" height=\"564\" src=\"https:\/\/covasna45.ro\/wp-content\/uploads\/2026\/01\/parintel-lih.jpg\" alt=\"\" class=\"wp-image-14746\" srcset=\"https:\/\/covasna45.ro\/wp-content\/uploads\/2026\/01\/parintel-lih.jpg 951w, https:\/\/covasna45.ro\/wp-content\/uploads\/2026\/01\/parintel-lih-300x178.jpg 300w, https:\/\/covasna45.ro\/wp-content\/uploads\/2026\/01\/parintel-lih-768x455.jpg 768w, https:\/\/covasna45.ro\/wp-content\/uploads\/2026\/01\/parintel-lih-150x89.jpg 150w, https:\/\/covasna45.ro\/wp-content\/uploads\/2026\/01\/parintel-lih-696x413.jpg 696w\" sizes=\"auto, (max-width: 951px) 100vw, 951px\" \/><\/figure>\n\n\n\n<h2 class=\"wp-block-heading\">\u0218ez\u0103toare \u0219i fapte bune<\/h2>\n\n\n\n<p>Proiectul va include, de asemenea, un video documentar, adic\u0103 un montaj de maximum 10 minute, surprinz\u00e2nd interac\u021biunea dintre genera\u021bii, dar \u0219i fotografie calitativ\u0103: Imagini realizate \u00een format landscape (pe orizontal\u0103), cu rezolu\u021bie \u00eenalt\u0103, focalizate pe momentele de colaborare.<\/p>\n\n\n\n<p>\u00cen calendarul de activit\u0103\u021bi mai sunt incluse ateliere de pictur\u0103 pe sticl\u0103, \u0219ez\u0103toarea \u201eL\u0103sata Secului\u201d cu bulz tradi\u021bional, Seminarul \u201eSfin\u021benia feminin\u0103 \u00een lumea modern\u0103\u201d, ac\u021biuni filantropice.<\/p>\n\n\n\n<figure class=\"wp-block-image size-large\"><img loading=\"lazy\" decoding=\"async\" width=\"1024\" height=\"433\" src=\"https:\/\/covasna45.ro\/wp-content\/uploads\/2026\/01\/lih2-1024x433.jpg\" alt=\"\" class=\"wp-image-14748\" srcset=\"https:\/\/covasna45.ro\/wp-content\/uploads\/2026\/01\/lih2-1024x433.jpg 1024w, https:\/\/covasna45.ro\/wp-content\/uploads\/2026\/01\/lih2-300x127.jpg 300w, https:\/\/covasna45.ro\/wp-content\/uploads\/2026\/01\/lih2-768x325.jpg 768w, https:\/\/covasna45.ro\/wp-content\/uploads\/2026\/01\/lih2-150x63.jpg 150w, https:\/\/covasna45.ro\/wp-content\/uploads\/2026\/01\/lih2-696x295.jpg 696w, https:\/\/covasna45.ro\/wp-content\/uploads\/2026\/01\/lih2-1068x452.jpg 1068w, https:\/\/covasna45.ro\/wp-content\/uploads\/2026\/01\/lih2.jpg 1401w\" sizes=\"auto, (max-width: 1024px) 100vw, 1024px\" \/><\/figure>\n\n\n\n<h2 class=\"wp-block-heading\">2026 &#8211; dubl\u0103 tematic\u0103<\/h2>\n\n\n\n<p>La ini\u0163iativa Preafericitului P\u0103rinte Patriarh Daniel, Sf\u00e2ntul Sinod al Bisericii Ortodoxe Rom\u00e2ne a aprobat ca anul 2026 s\u0103 fie declarat, \u00een Patriarhia Rom\u00e2n\u0103, Anul omagial al pastora\u0163iei familiei cre\u015ftine \u015fi Anul comemorativ al sfintelor femei din calendar (mironosi\u0163e, muceni\u0163e, cuvioase, so\u0163ii \u015fi mame). \u00centre manifest\u0103rile culturale \u015fi educa\u0163ionale, programate cu prilejul anului omagial \u015fi comemorativ, <a href=\"https:\/\/patriarhia.ro\/actualitatea-bisericii\/anunturi\/anunt-privind-lansarea-concursului-national-catehetic-editia-a-xviii-a-2026\/\">Sectorul Teologic-Educa\u0163ional<\/a> organizeaz\u0103 cea de-a 28- edi\u021bie a Concursului Na\u0163ional Catehetic Familia \u2013 binecuv\u00e2ntare a lui Dumnezeu \u015fi \u015fcoal\u0103 a iubirii smerite \u015fi darnice.<\/p>\n\n\n\n<figure class=\"wp-block-image size-large\"><img loading=\"lazy\" decoding=\"async\" width=\"1024\" height=\"489\" src=\"https:\/\/covasna45.ro\/wp-content\/uploads\/2026\/01\/tema-patriarh-1024x489.jpg\" alt=\"\" class=\"wp-image-14744\" srcset=\"https:\/\/covasna45.ro\/wp-content\/uploads\/2026\/01\/tema-patriarh-1024x489.jpg 1024w, https:\/\/covasna45.ro\/wp-content\/uploads\/2026\/01\/tema-patriarh-300x143.jpg 300w, https:\/\/covasna45.ro\/wp-content\/uploads\/2026\/01\/tema-patriarh-768x367.jpg 768w, https:\/\/covasna45.ro\/wp-content\/uploads\/2026\/01\/tema-patriarh-150x72.jpg 150w, https:\/\/covasna45.ro\/wp-content\/uploads\/2026\/01\/tema-patriarh-696x332.jpg 696w, https:\/\/covasna45.ro\/wp-content\/uploads\/2026\/01\/tema-patriarh-1068x510.jpg 1068w, https:\/\/covasna45.ro\/wp-content\/uploads\/2026\/01\/tema-patriarh.jpg 1481w\" sizes=\"auto, (max-width: 1024px) 100vw, 1024px\" \/><\/figure>\n\n\n\n<p>\u00cen perioada 21-26 aprilie 2026 va avea loc evaluarea proiectelor la nivel de protopopiate. Evaluarea lucr\u0103rilor se va face de c\u0103tre o comisie format\u0103 din protopop \u2013 pre\u015fedinte, responsabilul pentru cateheza parohial\u0103, un profesor de Religie (minimum gradul didactic II), care nu fac parte din echipele concurente.<\/p>\n\n\n\n<p>Portofoliile c\u00e2\u015ftig\u0103toare la nivelul protopopiatului (locurile I, II \u015fi III) vor fi transmise Centrului eparhial, pentru evaluare \u00een etapa eparhial\u0103. Premierea va avea loc pe 21 mai 2026, la Catedrala Patriarhal\u0103 din Bucure\u0219ti.<\/p>\n","protected":false},"excerpt":{"rendered":"<p>Parohia Ortodox\u0103 \u201eSfin\u021bii 40 de Mucenici\u201d din Ciumernic ia parte la Concursul Na\u021bional \u201eFamilia \u2013 binecuv\u00e2ntare a lui Dumnezeu \u0219i \u0219coal\u0103 a iubirii smerite \u0219i darnice\u201d, organizat de Patriarhia Rom\u00e2n\u0103 \u00een parteneriat cu Ministerul Educa\u021biei. Tema aleas\u0103 de cei din Ciumernic este \u201eBiserica de acas\u0103: Candela credin\u021bei \u00eentre bunici, p\u0103rin\u021bi \u0219i copii\u201d. Activit\u0103\u021bile planificate \u2013 [&hellip;]<\/p>\n","protected":false},"author":1,"featured_media":14749,"comment_status":"open","ping_status":"closed","sticky":false,"template":"","format":"standard","meta":{"tdm_status":"","tdm_grid_status":"","footnotes":""},"categories":[14],"tags":[2599,3701,4489],"class_list":{"0":"post-14743","1":"post","2":"type-post","3":"status-publish","4":"format-standard","5":"has-post-thumbnail","7":"category-lumea-noastra","8":"tag-biserica","9":"tag-ciumernic","10":"tag-parintele-lihor"},"yoast_head":"<!-- This site is optimized with the Yoast SEO plugin v27.5 - https:\/\/yoast.com\/product\/yoast-seo-wordpress\/ -->\n<title>\u201eBiserica de acas\u0103\u201d: Parohia Ciumernic ia parte la un concurs al Patriarhiei - Covasna45<\/title>\n<meta name=\"description\" content=\"Parohia Ortodox\u0103 \u201eSfin\u021bii 40 de Mucenici\u201d din Ciumernic ia parte la Concursul Na\u021bional \u201eFamilia \u2013 binecuv\u00e2ntare a lui Dumnezeu\u201d.\" \/>\n<meta name=\"robots\" content=\"index, follow, max-snippet:-1, max-image-preview:large, max-video-preview:-1\" \/>\n<link rel=\"canonical\" href=\"https:\/\/covasna45.ro\/index.php\/lumea-noastra\/biserica-de-acasa-parohia-ciumernic-ia-parte-la-un-concurs-al-patriarhiei\/\" \/>\n<meta property=\"og:locale\" content=\"ro_RO\" \/>\n<meta property=\"og:type\" content=\"article\" \/>\n<meta property=\"og:title\" content=\"\u201eBiserica de acas\u0103\u201d: Parohia Ciumernic ia parte la un concurs al Patriarhiei - Covasna45\" \/>\n<meta property=\"og:description\" content=\"Parohia Ortodox\u0103 \u201eSfin\u021bii 40 de Mucenici\u201d din Ciumernic ia parte la Concursul Na\u021bional \u201eFamilia \u2013 binecuv\u00e2ntare a lui Dumnezeu\u201d.\" \/>\n<meta property=\"og:url\" content=\"https:\/\/covasna45.ro\/index.php\/lumea-noastra\/biserica-de-acasa-parohia-ciumernic-ia-parte-la-un-concurs-al-patriarhiei\/\" \/>\n<meta property=\"og:site_name\" content=\"Covasna45\" \/>\n<meta property=\"article:published_time\" content=\"2026-01-26T12:44:10+00:00\" \/>\n<meta property=\"og:image\" content=\"https:\/\/covasna45.ro\/wp-content\/uploads\/2026\/01\/concurs-cium-pat.jpg\" \/>\n\t<meta property=\"og:image:width\" content=\"1617\" \/>\n\t<meta property=\"og:image:height\" content=\"694\" \/>\n\t<meta property=\"og:image:type\" content=\"image\/jpeg\" \/>\n<meta name=\"author\" content=\"Covasna45\" \/>\n<meta name=\"twitter:card\" content=\"summary_large_image\" \/>\n<meta name=\"twitter:label1\" content=\"Scris de\" \/>\n\t<meta name=\"twitter:data1\" content=\"Covasna45\" \/>\n\t<meta name=\"twitter:label2\" content=\"Timp estimat pentru citire\" \/>\n\t<meta name=\"twitter:data2\" content=\"5 minute\" \/>\n<script type=\"application\/ld+json\" class=\"yoast-schema-graph\">{\"@context\":\"https:\\\/\\\/schema.org\",\"@graph\":[{\"@type\":\"Article\",\"@id\":\"https:\\\/\\\/covasna45.ro\\\/index.php\\\/lumea-noastra\\\/biserica-de-acasa-parohia-ciumernic-ia-parte-la-un-concurs-al-patriarhiei\\\/#article\",\"isPartOf\":{\"@id\":\"https:\\\/\\\/covasna45.ro\\\/index.php\\\/lumea-noastra\\\/biserica-de-acasa-parohia-ciumernic-ia-parte-la-un-concurs-al-patriarhiei\\\/\"},\"author\":{\"name\":\"Covasna45\",\"@id\":\"https:\\\/\\\/covasna45.ro\\\/#\\\/schema\\\/person\\\/e674052bd7d95d70bbb007a1060ab73c\"},\"headline\":\"\u201eBiserica de acas\u0103\u201d: Parohia Ciumernic ia parte la un concurs al Patriarhiei\",\"datePublished\":\"2026-01-26T12:44:10+00:00\",\"mainEntityOfPage\":{\"@id\":\"https:\\\/\\\/covasna45.ro\\\/index.php\\\/lumea-noastra\\\/biserica-de-acasa-parohia-ciumernic-ia-parte-la-un-concurs-al-patriarhiei\\\/\"},\"wordCount\":694,\"commentCount\":0,\"publisher\":{\"@id\":\"https:\\\/\\\/covasna45.ro\\\/#organization\"},\"image\":{\"@id\":\"https:\\\/\\\/covasna45.ro\\\/index.php\\\/lumea-noastra\\\/biserica-de-acasa-parohia-ciumernic-ia-parte-la-un-concurs-al-patriarhiei\\\/#primaryimage\"},\"thumbnailUrl\":\"https:\\\/\\\/covasna45.ro\\\/wp-content\\\/uploads\\\/2026\\\/01\\\/concurs-cium-pat.jpg\",\"keywords\":[\"biserica\",\"ciumernic\",\"Parintele Lihor\"],\"articleSection\":[\"Lumea noastr\u0103\"],\"inLanguage\":\"ro-RO\",\"potentialAction\":[{\"@type\":\"CommentAction\",\"name\":\"Comment\",\"target\":[\"https:\\\/\\\/covasna45.ro\\\/index.php\\\/lumea-noastra\\\/biserica-de-acasa-parohia-ciumernic-ia-parte-la-un-concurs-al-patriarhiei\\\/#respond\"]}]},{\"@type\":\"WebPage\",\"@id\":\"https:\\\/\\\/covasna45.ro\\\/index.php\\\/lumea-noastra\\\/biserica-de-acasa-parohia-ciumernic-ia-parte-la-un-concurs-al-patriarhiei\\\/\",\"url\":\"https:\\\/\\\/covasna45.ro\\\/index.php\\\/lumea-noastra\\\/biserica-de-acasa-parohia-ciumernic-ia-parte-la-un-concurs-al-patriarhiei\\\/\",\"name\":\"\u201eBiserica de acas\u0103\u201d: Parohia Ciumernic ia parte la un concurs al Patriarhiei - Covasna45\",\"isPartOf\":{\"@id\":\"https:\\\/\\\/covasna45.ro\\\/#website\"},\"primaryImageOfPage\":{\"@id\":\"https:\\\/\\\/covasna45.ro\\\/index.php\\\/lumea-noastra\\\/biserica-de-acasa-parohia-ciumernic-ia-parte-la-un-concurs-al-patriarhiei\\\/#primaryimage\"},\"image\":{\"@id\":\"https:\\\/\\\/covasna45.ro\\\/index.php\\\/lumea-noastra\\\/biserica-de-acasa-parohia-ciumernic-ia-parte-la-un-concurs-al-patriarhiei\\\/#primaryimage\"},\"thumbnailUrl\":\"https:\\\/\\\/covasna45.ro\\\/wp-content\\\/uploads\\\/2026\\\/01\\\/concurs-cium-pat.jpg\",\"datePublished\":\"2026-01-26T12:44:10+00:00\",\"description\":\"Parohia Ortodox\u0103 \u201eSfin\u021bii 40 de Mucenici\u201d din Ciumernic ia parte la Concursul Na\u021bional \u201eFamilia \u2013 binecuv\u00e2ntare a lui Dumnezeu\u201d.\",\"breadcrumb\":{\"@id\":\"https:\\\/\\\/covasna45.ro\\\/index.php\\\/lumea-noastra\\\/biserica-de-acasa-parohia-ciumernic-ia-parte-la-un-concurs-al-patriarhiei\\\/#breadcrumb\"},\"inLanguage\":\"ro-RO\",\"potentialAction\":[{\"@type\":\"ReadAction\",\"target\":[\"https:\\\/\\\/covasna45.ro\\\/index.php\\\/lumea-noastra\\\/biserica-de-acasa-parohia-ciumernic-ia-parte-la-un-concurs-al-patriarhiei\\\/\"]}]},{\"@type\":\"ImageObject\",\"inLanguage\":\"ro-RO\",\"@id\":\"https:\\\/\\\/covasna45.ro\\\/index.php\\\/lumea-noastra\\\/biserica-de-acasa-parohia-ciumernic-ia-parte-la-un-concurs-al-patriarhiei\\\/#primaryimage\",\"url\":\"https:\\\/\\\/covasna45.ro\\\/wp-content\\\/uploads\\\/2026\\\/01\\\/concurs-cium-pat.jpg\",\"contentUrl\":\"https:\\\/\\\/covasna45.ro\\\/wp-content\\\/uploads\\\/2026\\\/01\\\/concurs-cium-pat.jpg\",\"width\":1617,\"height\":694},{\"@type\":\"BreadcrumbList\",\"@id\":\"https:\\\/\\\/covasna45.ro\\\/index.php\\\/lumea-noastra\\\/biserica-de-acasa-parohia-ciumernic-ia-parte-la-un-concurs-al-patriarhiei\\\/#breadcrumb\",\"itemListElement\":[{\"@type\":\"ListItem\",\"position\":1,\"name\":\"Prima pagin\u0103\",\"item\":\"https:\\\/\\\/covasna45.ro\\\/\"},{\"@type\":\"ListItem\",\"position\":2,\"name\":\"\u201eBiserica de acas\u0103\u201d: Parohia Ciumernic ia parte la un concurs al Patriarhiei\"}]},{\"@type\":\"WebSite\",\"@id\":\"https:\\\/\\\/covasna45.ro\\\/#website\",\"url\":\"https:\\\/\\\/covasna45.ro\\\/\",\"name\":\"covasna45.ro\",\"description\":\"\",\"publisher\":{\"@id\":\"https:\\\/\\\/covasna45.ro\\\/#organization\"},\"potentialAction\":[{\"@type\":\"SearchAction\",\"target\":{\"@type\":\"EntryPoint\",\"urlTemplate\":\"https:\\\/\\\/covasna45.ro\\\/?s={search_term_string}\"},\"query-input\":{\"@type\":\"PropertyValueSpecification\",\"valueRequired\":true,\"valueName\":\"search_term_string\"}}],\"inLanguage\":\"ro-RO\"},{\"@type\":\"Organization\",\"@id\":\"https:\\\/\\\/covasna45.ro\\\/#organization\",\"name\":\"covasna45.ro\",\"url\":\"https:\\\/\\\/covasna45.ro\\\/\",\"logo\":{\"@type\":\"ImageObject\",\"inLanguage\":\"ro-RO\",\"@id\":\"https:\\\/\\\/covasna45.ro\\\/#\\\/schema\\\/logo\\\/image\\\/\",\"url\":\"https:\\\/\\\/covasna45.ro\\\/wp-content\\\/uploads\\\/2023\\\/01\\\/icon_logo.png\",\"contentUrl\":\"https:\\\/\\\/covasna45.ro\\\/wp-content\\\/uploads\\\/2023\\\/01\\\/icon_logo.png\",\"width\":1900,\"height\":1900,\"caption\":\"covasna45.ro\"},\"image\":{\"@id\":\"https:\\\/\\\/covasna45.ro\\\/#\\\/schema\\\/logo\\\/image\\\/\"}},{\"@type\":\"Person\",\"@id\":\"https:\\\/\\\/covasna45.ro\\\/#\\\/schema\\\/person\\\/e674052bd7d95d70bbb007a1060ab73c\",\"name\":\"Covasna45\",\"image\":{\"@type\":\"ImageObject\",\"inLanguage\":\"ro-RO\",\"@id\":\"https:\\\/\\\/covasna45.ro\\\/wp-content\\\/uploads\\\/2025\\\/10\\\/icon_logo_covasna45-150x150.png\",\"url\":\"https:\\\/\\\/covasna45.ro\\\/wp-content\\\/uploads\\\/2025\\\/10\\\/icon_logo_covasna45-150x150.png\",\"contentUrl\":\"https:\\\/\\\/covasna45.ro\\\/wp-content\\\/uploads\\\/2025\\\/10\\\/icon_logo_covasna45-150x150.png\",\"caption\":\"Covasna45\"},\"sameAs\":[\"https:\\\/\\\/covasna45.ro\"],\"url\":\"https:\\\/\\\/covasna45.ro\\\/index.php\\\/author\\\/covasna\\\/\"}]}<\/script>\n<!-- \/ Yoast SEO plugin. -->","yoast_head_json":{"title":"\u201eBiserica de acas\u0103\u201d: Parohia Ciumernic ia parte la un concurs al Patriarhiei - Covasna45","description":"Parohia Ortodox\u0103 \u201eSfin\u021bii 40 de Mucenici\u201d din Ciumernic ia parte la Concursul Na\u021bional \u201eFamilia \u2013 binecuv\u00e2ntare a lui Dumnezeu\u201d.","robots":{"index":"index","follow":"follow","max-snippet":"max-snippet:-1","max-image-preview":"max-image-preview:large","max-video-preview":"max-video-preview:-1"},"canonical":"https:\/\/covasna45.ro\/index.php\/lumea-noastra\/biserica-de-acasa-parohia-ciumernic-ia-parte-la-un-concurs-al-patriarhiei\/","og_locale":"ro_RO","og_type":"article","og_title":"\u201eBiserica de acas\u0103\u201d: Parohia Ciumernic ia parte la un concurs al Patriarhiei - Covasna45","og_description":"Parohia Ortodox\u0103 \u201eSfin\u021bii 40 de Mucenici\u201d din Ciumernic ia parte la Concursul Na\u021bional \u201eFamilia \u2013 binecuv\u00e2ntare a lui Dumnezeu\u201d.","og_url":"https:\/\/covasna45.ro\/index.php\/lumea-noastra\/biserica-de-acasa-parohia-ciumernic-ia-parte-la-un-concurs-al-patriarhiei\/","og_site_name":"Covasna45","article_published_time":"2026-01-26T12:44:10+00:00","og_image":[{"width":1617,"height":694,"url":"https:\/\/covasna45.ro\/wp-content\/uploads\/2026\/01\/concurs-cium-pat.jpg","type":"image\/jpeg"}],"author":"Covasna45","twitter_card":"summary_large_image","twitter_misc":{"Scris de":"Covasna45","Timp estimat pentru citire":"5 minute"},"schema":{"@context":"https:\/\/schema.org","@graph":[{"@type":"Article","@id":"https:\/\/covasna45.ro\/index.php\/lumea-noastra\/biserica-de-acasa-parohia-ciumernic-ia-parte-la-un-concurs-al-patriarhiei\/#article","isPartOf":{"@id":"https:\/\/covasna45.ro\/index.php\/lumea-noastra\/biserica-de-acasa-parohia-ciumernic-ia-parte-la-un-concurs-al-patriarhiei\/"},"author":{"name":"Covasna45","@id":"https:\/\/covasna45.ro\/#\/schema\/person\/e674052bd7d95d70bbb007a1060ab73c"},"headline":"\u201eBiserica de acas\u0103\u201d: Parohia Ciumernic ia parte la un concurs al Patriarhiei","datePublished":"2026-01-26T12:44:10+00:00","mainEntityOfPage":{"@id":"https:\/\/covasna45.ro\/index.php\/lumea-noastra\/biserica-de-acasa-parohia-ciumernic-ia-parte-la-un-concurs-al-patriarhiei\/"},"wordCount":694,"commentCount":0,"publisher":{"@id":"https:\/\/covasna45.ro\/#organization"},"image":{"@id":"https:\/\/covasna45.ro\/index.php\/lumea-noastra\/biserica-de-acasa-parohia-ciumernic-ia-parte-la-un-concurs-al-patriarhiei\/#primaryimage"},"thumbnailUrl":"https:\/\/covasna45.ro\/wp-content\/uploads\/2026\/01\/concurs-cium-pat.jpg","keywords":["biserica","ciumernic","Parintele Lihor"],"articleSection":["Lumea noastr\u0103"],"inLanguage":"ro-RO","potentialAction":[{"@type":"CommentAction","name":"Comment","target":["https:\/\/covasna45.ro\/index.php\/lumea-noastra\/biserica-de-acasa-parohia-ciumernic-ia-parte-la-un-concurs-al-patriarhiei\/#respond"]}]},{"@type":"WebPage","@id":"https:\/\/covasna45.ro\/index.php\/lumea-noastra\/biserica-de-acasa-parohia-ciumernic-ia-parte-la-un-concurs-al-patriarhiei\/","url":"https:\/\/covasna45.ro\/index.php\/lumea-noastra\/biserica-de-acasa-parohia-ciumernic-ia-parte-la-un-concurs-al-patriarhiei\/","name":"\u201eBiserica de acas\u0103\u201d: Parohia Ciumernic ia parte la un concurs al Patriarhiei - Covasna45","isPartOf":{"@id":"https:\/\/covasna45.ro\/#website"},"primaryImageOfPage":{"@id":"https:\/\/covasna45.ro\/index.php\/lumea-noastra\/biserica-de-acasa-parohia-ciumernic-ia-parte-la-un-concurs-al-patriarhiei\/#primaryimage"},"image":{"@id":"https:\/\/covasna45.ro\/index.php\/lumea-noastra\/biserica-de-acasa-parohia-ciumernic-ia-parte-la-un-concurs-al-patriarhiei\/#primaryimage"},"thumbnailUrl":"https:\/\/covasna45.ro\/wp-content\/uploads\/2026\/01\/concurs-cium-pat.jpg","datePublished":"2026-01-26T12:44:10+00:00","description":"Parohia Ortodox\u0103 \u201eSfin\u021bii 40 de Mucenici\u201d din Ciumernic ia parte la Concursul Na\u021bional \u201eFamilia \u2013 binecuv\u00e2ntare a lui Dumnezeu\u201d.","breadcrumb":{"@id":"https:\/\/covasna45.ro\/index.php\/lumea-noastra\/biserica-de-acasa-parohia-ciumernic-ia-parte-la-un-concurs-al-patriarhiei\/#breadcrumb"},"inLanguage":"ro-RO","potentialAction":[{"@type":"ReadAction","target":["https:\/\/covasna45.ro\/index.php\/lumea-noastra\/biserica-de-acasa-parohia-ciumernic-ia-parte-la-un-concurs-al-patriarhiei\/"]}]},{"@type":"ImageObject","inLanguage":"ro-RO","@id":"https:\/\/covasna45.ro\/index.php\/lumea-noastra\/biserica-de-acasa-parohia-ciumernic-ia-parte-la-un-concurs-al-patriarhiei\/#primaryimage","url":"https:\/\/covasna45.ro\/wp-content\/uploads\/2026\/01\/concurs-cium-pat.jpg","contentUrl":"https:\/\/covasna45.ro\/wp-content\/uploads\/2026\/01\/concurs-cium-pat.jpg","width":1617,"height":694},{"@type":"BreadcrumbList","@id":"https:\/\/covasna45.ro\/index.php\/lumea-noastra\/biserica-de-acasa-parohia-ciumernic-ia-parte-la-un-concurs-al-patriarhiei\/#breadcrumb","itemListElement":[{"@type":"ListItem","position":1,"name":"Prima pagin\u0103","item":"https:\/\/covasna45.ro\/"},{"@type":"ListItem","position":2,"name":"\u201eBiserica de acas\u0103\u201d: Parohia Ciumernic ia parte la un concurs al Patriarhiei"}]},{"@type":"WebSite","@id":"https:\/\/covasna45.ro\/#website","url":"https:\/\/covasna45.ro\/","name":"covasna45.ro","description":"","publisher":{"@id":"https:\/\/covasna45.ro\/#organization"},"potentialAction":[{"@type":"SearchAction","target":{"@type":"EntryPoint","urlTemplate":"https:\/\/covasna45.ro\/?s={search_term_string}"},"query-input":{"@type":"PropertyValueSpecification","valueRequired":true,"valueName":"search_term_string"}}],"inLanguage":"ro-RO"},{"@type":"Organization","@id":"https:\/\/covasna45.ro\/#organization","name":"covasna45.ro","url":"https:\/\/covasna45.ro\/","logo":{"@type":"ImageObject","inLanguage":"ro-RO","@id":"https:\/\/covasna45.ro\/#\/schema\/logo\/image\/","url":"https:\/\/covasna45.ro\/wp-content\/uploads\/2023\/01\/icon_logo.png","contentUrl":"https:\/\/covasna45.ro\/wp-content\/uploads\/2023\/01\/icon_logo.png","width":1900,"height":1900,"caption":"covasna45.ro"},"image":{"@id":"https:\/\/covasna45.ro\/#\/schema\/logo\/image\/"}},{"@type":"Person","@id":"https:\/\/covasna45.ro\/#\/schema\/person\/e674052bd7d95d70bbb007a1060ab73c","name":"Covasna45","image":{"@type":"ImageObject","inLanguage":"ro-RO","@id":"https:\/\/covasna45.ro\/wp-content\/uploads\/2025\/10\/icon_logo_covasna45-150x150.png","url":"https:\/\/covasna45.ro\/wp-content\/uploads\/2025\/10\/icon_logo_covasna45-150x150.png","contentUrl":"https:\/\/covasna45.ro\/wp-content\/uploads\/2025\/10\/icon_logo_covasna45-150x150.png","caption":"Covasna45"},"sameAs":["https:\/\/covasna45.ro"],"url":"https:\/\/covasna45.ro\/index.php\/author\/covasna\/"}]}},"_links":{"self":[{"href":"https:\/\/covasna45.ro\/index.php\/wp-json\/wp\/v2\/posts\/14743","targetHints":{"allow":["GET"]}}],"collection":[{"href":"https:\/\/covasna45.ro\/index.php\/wp-json\/wp\/v2\/posts"}],"about":[{"href":"https:\/\/covasna45.ro\/index.php\/wp-json\/wp\/v2\/types\/post"}],"author":[{"embeddable":true,"href":"https:\/\/covasna45.ro\/index.php\/wp-json\/wp\/v2\/users\/1"}],"replies":[{"embeddable":true,"href":"https:\/\/covasna45.ro\/index.php\/wp-json\/wp\/v2\/comments?post=14743"}],"version-history":[{"count":1,"href":"https:\/\/covasna45.ro\/index.php\/wp-json\/wp\/v2\/posts\/14743\/revisions"}],"predecessor-version":[{"id":14751,"href":"https:\/\/covasna45.ro\/index.php\/wp-json\/wp\/v2\/posts\/14743\/revisions\/14751"}],"wp:featuredmedia":[{"embeddable":true,"href":"https:\/\/covasna45.ro\/index.php\/wp-json\/wp\/v2\/media\/14749"}],"wp:attachment":[{"href":"https:\/\/covasna45.ro\/index.php\/wp-json\/wp\/v2\/media?parent=14743"}],"wp:term":[{"taxonomy":"category","embeddable":true,"href":"https:\/\/covasna45.ro\/index.php\/wp-json\/wp\/v2\/categories?post=14743"},{"taxonomy":"post_tag","embeddable":true,"href":"https:\/\/covasna45.ro\/index.php\/wp-json\/wp\/v2\/tags?post=14743"}],"curies":[{"name":"wp","href":"https:\/\/api.w.org\/{rel}","templated":true}]}}