{"id":14752,"date":"2026-01-27T09:51:05","date_gmt":"2026-01-27T07:51:05","guid":{"rendered":"https:\/\/covasna45.ro\/?p=14752"},"modified":"2026-01-27T09:51:06","modified_gmt":"2026-01-27T07:51:06","slug":"ministrul-agriculturii-politicile-climatice-trebuie-sa-fie-insotite-de-masuri-de-sprijin","status":"publish","type":"post","link":"https:\/\/covasna45.ro\/index.php\/lumea-noastra\/ministrul-agriculturii-politicile-climatice-trebuie-sa-fie-insotite-de-masuri-de-sprijin\/","title":{"rendered":"Ministrul Agriculturii: \u201ePoliticile climatice trebuie s\u0103 fie \u00eenso\u0163ite de m\u0103suri de sprijin\u201d"},"content":{"rendered":"\n<p>Ministrul Agriculturii, Florin Barbu, spune c\u0103 fermierii rom\u00e2ni nu pot fi pu\u015fi \u00een situa\u0163ia de a pl\u0103ti singuri costul tranzi\u0163iei verzi, iar cre\u015fterea pre\u0163urilor la \u00eengr\u0103\u015f\u0103minte, generat\u0103 de aplicarea Mecanismului de Ajustare la Frontier\u0103 a Carbonului (CBAM), love\u015fte direct \u00een competitivitatea agriculturii europene \u015fi, implicit, \u00een siguran\u0163a alimentar\u0103. Potrivit <a href=\"https:\/\/www.news.ro\/economic\/ministrul-agriculturii-fermierii-pot-plati-pretul-politicilor-climatice-cresterea-preturilor-ingrasaminte-generata-mecanismul-ajustare-frontiera-carbonului-loveste-competitivitatea-agriculturii-1922403527512026010922324248\">news.ro<\/a>, Rom\u00e2nia a solicitat identificarea unor mecanisme europene de compensare \u015fi sprijin, care s\u0103 permit\u0103 fermierilor s\u0103 fac\u0103 fa\u0163\u0103 cre\u015fterii costurilor.<\/p>\n\n\n\n<p>\u00cen cadrul reuniunii Consiliului Agricultur\u0103 \u015fi Pescuit (AGRIFISH) desf\u0103\u015furate la Bruxelles, \u00een data de 26 ianuarie 2026, ministrul Agriculturii \u015fi Dezvolt\u0103rii Rurale, Florin-Ionu\u0163 Barbu, a sus\u0163inut pozi\u0163ia Rom\u00e2niei privind necesitatea protej\u0103rii fermierilor europeni \u00een contextul aplic\u0103rii Mecanismului de Ajustare la Frontier\u0103 a Carbonului (CBAM), cu impact direct asupra pre\u0163urilor la \u00eengr\u0103\u015f\u0103minte.<br><br>Rom\u00e2nia a sprijinit propunerea formulat\u0103 de Austria referitoare la suspendarea aplic\u0103rii CBAM pentru \u00eengr\u0103\u015f\u0103minte \u015fi extinderea acestei suspend\u0103ri pentru toate tipurile de fertilizan\u0163i utiliza\u0163i \u00een agricultur\u0103, nu doar pentru amoniac \u015fi uree, av\u00e2nd \u00een vedere cre\u015fterea semnificativ\u0103 a costurilor de produc\u0163ie \u015fi pierderea de competitivitate a fermierilor europeni.<br><br>Ministrul Florin Barbu a subliniat c\u0103 politicile climatice trebuie s\u0103 fie \u00eenso\u0163ite de m\u0103suri concrete de sprijin, astfel \u00eenc\u00e2t tranzi\u0163ia verde s\u0103 nu se transforme \u00eentr-o povar\u0103 insuportabil\u0103 pentru agricultori \u015fi pentru securitatea alimentar\u0103 a Uniunii Europene.<br><br>\u201e<strong><em>Fermierii no\u015ftri nu pot fi pu\u015fi \u00een situa\u0163ia de a pl\u0103ti singuri costul tranzi\u0163iei verzi. Cre\u015fterea pre\u0163urilor la \u00eengr\u0103\u015f\u0103minte, generat\u0103 de aplicarea CBAM, love\u015fte direct \u00een competitivitatea agriculturii europene \u015fi, implicit, \u00een siguran\u0163a alimentar\u0103. Rom\u00e2nia sus\u0163ine o abordare echilibrat\u0103: protec\u0163ia mediului trebuie s\u0103 mearg\u0103 m\u00e2n\u0103 \u00een m\u00e2n\u0103 cu protec\u0163ia fermierilor \u015fi cu men\u0163inerea capacit\u0103\u0163ii de produc\u0163ie \u00een Uniunea European\u0103<\/em><\/strong>\u201d, a declarat ministrul Agriculturii, Florin-Ionu\u0163 Barbu.<br><br>\u00cen acest context, Rom\u00e2nia a solicitat identificarea unor mecanisme europene de compensare \u015fi sprijin, care s\u0103 permit\u0103 fermierilor s\u0103 fac\u0103 fa\u0163\u0103 cre\u015fterii costurilor \u015fi s\u0103 continue investi\u0163iile necesare pentru modernizarea \u015fi decarbonizarea agriculturii.<br><br>\u201ePozi\u0163ia exprimat\u0103 de ministrul Florin Barbu se \u00eenscrie \u00een linia constant\u0103 de ac\u0163iune a Ministerului Agriculturii \u015fi Dezvolt\u0103rii Rurale de a ap\u0103ra interesele fermierilor rom\u00e2ni \u015fi europeni \u015fi de a promova politici europene care s\u0103 asigure, simultan, sustenabilitatea, competitivitatea \u015fi securitatea alimentar\u0103\u201d, mai arat\u0103 ministerul.<\/p>\n","protected":false},"excerpt":{"rendered":"<p>Ministrul Agriculturii, Florin Barbu, spune c\u0103 fermierii rom\u00e2ni nu pot fi pu\u015fi \u00een situa\u0163ia de a pl\u0103ti singuri costul tranzi\u0163iei verzi, iar cre\u015fterea pre\u0163urilor la \u00eengr\u0103\u015f\u0103minte, generat\u0103 de aplicarea Mecanismului de Ajustare la Frontier\u0103 a Carbonului (CBAM), love\u015fte direct \u00een competitivitatea agriculturii europene \u015fi, implicit, \u00een siguran\u0163a alimentar\u0103. Potrivit news.ro, Rom\u00e2nia a solicitat identificarea unor [&hellip;]<\/p>\n","protected":false},"author":1,"featured_media":9201,"comment_status":"open","ping_status":"closed","sticky":false,"template":"","format":"standard","meta":{"tdm_status":"","tdm_grid_status":"","footnotes":""},"categories":[14],"tags":[2848],"class_list":{"0":"post-14752","1":"post","2":"type-post","3":"status-publish","4":"format-standard","5":"has-post-thumbnail","7":"category-lumea-noastra","8":"tag-ministerul-agriculturii"},"yoast_head":"<!-- This site is optimized with the Yoast SEO plugin v27.5 - https:\/\/yoast.com\/product\/yoast-seo-wordpress\/ -->\n<title>Ministrul Agriculturii: \u201ePoliticile climatice trebuie s\u0103 fie \u00eenso\u0163ite de m\u0103suri de sprijin\u201d - Covasna45<\/title>\n<meta name=\"description\" content=\"Ministrul Agriculturii, Florin Barbu, spune c\u0103 fermierii rom\u00e2ni nu pot fi pu\u015fi \u00een situa\u0163ia de a pl\u0103ti singuri costul tranzi\u0163iei verzi.\" \/>\n<meta name=\"robots\" content=\"index, follow, max-snippet:-1, max-image-preview:large, max-video-preview:-1\" \/>\n<link rel=\"canonical\" href=\"https:\/\/covasna45.ro\/index.php\/lumea-noastra\/ministrul-agriculturii-politicile-climatice-trebuie-sa-fie-insotite-de-masuri-de-sprijin\/\" \/>\n<meta property=\"og:locale\" content=\"ro_RO\" \/>\n<meta property=\"og:type\" content=\"article\" \/>\n<meta property=\"og:title\" content=\"Ministrul Agriculturii: \u201ePoliticile climatice trebuie s\u0103 fie \u00eenso\u0163ite de m\u0103suri de sprijin\u201d - Covasna45\" \/>\n<meta property=\"og:description\" content=\"Ministrul Agriculturii, Florin Barbu, spune c\u0103 fermierii rom\u00e2ni nu pot fi pu\u015fi \u00een situa\u0163ia de a pl\u0103ti singuri costul tranzi\u0163iei verzi.\" \/>\n<meta property=\"og:url\" content=\"https:\/\/covasna45.ro\/index.php\/lumea-noastra\/ministrul-agriculturii-politicile-climatice-trebuie-sa-fie-insotite-de-masuri-de-sprijin\/\" \/>\n<meta property=\"og:site_name\" content=\"Covasna45\" \/>\n<meta property=\"article:published_time\" content=\"2026-01-27T07:51:05+00:00\" \/>\n<meta property=\"article:modified_time\" content=\"2026-01-27T07:51:06+00:00\" \/>\n<meta property=\"og:image\" content=\"https:\/\/covasna45.ro\/wp-content\/uploads\/2024\/12\/fermieri.jpg\" \/>\n\t<meta property=\"og:image:width\" content=\"960\" \/>\n\t<meta property=\"og:image:height\" content=\"640\" \/>\n\t<meta property=\"og:image:type\" content=\"image\/jpeg\" \/>\n<meta name=\"author\" content=\"Covasna45\" \/>\n<meta name=\"twitter:card\" content=\"summary_large_image\" \/>\n<meta name=\"twitter:label1\" content=\"Scris de\" \/>\n\t<meta name=\"twitter:data1\" content=\"Covasna45\" \/>\n\t<meta name=\"twitter:label2\" content=\"Timp estimat pentru citire\" \/>\n\t<meta name=\"twitter:data2\" content=\"3 minute\" \/>\n<script type=\"application\/ld+json\" class=\"yoast-schema-graph\">{\"@context\":\"https:\\\/\\\/schema.org\",\"@graph\":[{\"@type\":\"Article\",\"@id\":\"https:\\\/\\\/covasna45.ro\\\/index.php\\\/lumea-noastra\\\/ministrul-agriculturii-politicile-climatice-trebuie-sa-fie-insotite-de-masuri-de-sprijin\\\/#article\",\"isPartOf\":{\"@id\":\"https:\\\/\\\/covasna45.ro\\\/index.php\\\/lumea-noastra\\\/ministrul-agriculturii-politicile-climatice-trebuie-sa-fie-insotite-de-masuri-de-sprijin\\\/\"},\"author\":{\"name\":\"Covasna45\",\"@id\":\"https:\\\/\\\/covasna45.ro\\\/#\\\/schema\\\/person\\\/e674052bd7d95d70bbb007a1060ab73c\"},\"headline\":\"Ministrul Agriculturii: \u201ePoliticile climatice trebuie s\u0103 fie \u00eenso\u0163ite de m\u0103suri de sprijin\u201d\",\"datePublished\":\"2026-01-27T07:51:05+00:00\",\"dateModified\":\"2026-01-27T07:51:06+00:00\",\"mainEntityOfPage\":{\"@id\":\"https:\\\/\\\/covasna45.ro\\\/index.php\\\/lumea-noastra\\\/ministrul-agriculturii-politicile-climatice-trebuie-sa-fie-insotite-de-masuri-de-sprijin\\\/\"},\"wordCount\":423,\"commentCount\":0,\"publisher\":{\"@id\":\"https:\\\/\\\/covasna45.ro\\\/#organization\"},\"image\":{\"@id\":\"https:\\\/\\\/covasna45.ro\\\/index.php\\\/lumea-noastra\\\/ministrul-agriculturii-politicile-climatice-trebuie-sa-fie-insotite-de-masuri-de-sprijin\\\/#primaryimage\"},\"thumbnailUrl\":\"https:\\\/\\\/covasna45.ro\\\/wp-content\\\/uploads\\\/2024\\\/12\\\/fermieri.jpg\",\"keywords\":[\"ministerul agriculturii\"],\"articleSection\":[\"Lumea noastr\u0103\"],\"inLanguage\":\"ro-RO\",\"potentialAction\":[{\"@type\":\"CommentAction\",\"name\":\"Comment\",\"target\":[\"https:\\\/\\\/covasna45.ro\\\/index.php\\\/lumea-noastra\\\/ministrul-agriculturii-politicile-climatice-trebuie-sa-fie-insotite-de-masuri-de-sprijin\\\/#respond\"]}]},{\"@type\":\"WebPage\",\"@id\":\"https:\\\/\\\/covasna45.ro\\\/index.php\\\/lumea-noastra\\\/ministrul-agriculturii-politicile-climatice-trebuie-sa-fie-insotite-de-masuri-de-sprijin\\\/\",\"url\":\"https:\\\/\\\/covasna45.ro\\\/index.php\\\/lumea-noastra\\\/ministrul-agriculturii-politicile-climatice-trebuie-sa-fie-insotite-de-masuri-de-sprijin\\\/\",\"name\":\"Ministrul Agriculturii: \u201ePoliticile climatice trebuie s\u0103 fie \u00eenso\u0163ite de m\u0103suri de sprijin\u201d - Covasna45\",\"isPartOf\":{\"@id\":\"https:\\\/\\\/covasna45.ro\\\/#website\"},\"primaryImageOfPage\":{\"@id\":\"https:\\\/\\\/covasna45.ro\\\/index.php\\\/lumea-noastra\\\/ministrul-agriculturii-politicile-climatice-trebuie-sa-fie-insotite-de-masuri-de-sprijin\\\/#primaryimage\"},\"image\":{\"@id\":\"https:\\\/\\\/covasna45.ro\\\/index.php\\\/lumea-noastra\\\/ministrul-agriculturii-politicile-climatice-trebuie-sa-fie-insotite-de-masuri-de-sprijin\\\/#primaryimage\"},\"thumbnailUrl\":\"https:\\\/\\\/covasna45.ro\\\/wp-content\\\/uploads\\\/2024\\\/12\\\/fermieri.jpg\",\"datePublished\":\"2026-01-27T07:51:05+00:00\",\"dateModified\":\"2026-01-27T07:51:06+00:00\",\"description\":\"Ministrul Agriculturii, Florin Barbu, spune c\u0103 fermierii rom\u00e2ni nu pot fi pu\u015fi \u00een situa\u0163ia de a pl\u0103ti singuri costul tranzi\u0163iei verzi.\",\"breadcrumb\":{\"@id\":\"https:\\\/\\\/covasna45.ro\\\/index.php\\\/lumea-noastra\\\/ministrul-agriculturii-politicile-climatice-trebuie-sa-fie-insotite-de-masuri-de-sprijin\\\/#breadcrumb\"},\"inLanguage\":\"ro-RO\",\"potentialAction\":[{\"@type\":\"ReadAction\",\"target\":[\"https:\\\/\\\/covasna45.ro\\\/index.php\\\/lumea-noastra\\\/ministrul-agriculturii-politicile-climatice-trebuie-sa-fie-insotite-de-masuri-de-sprijin\\\/\"]}]},{\"@type\":\"ImageObject\",\"inLanguage\":\"ro-RO\",\"@id\":\"https:\\\/\\\/covasna45.ro\\\/index.php\\\/lumea-noastra\\\/ministrul-agriculturii-politicile-climatice-trebuie-sa-fie-insotite-de-masuri-de-sprijin\\\/#primaryimage\",\"url\":\"https:\\\/\\\/covasna45.ro\\\/wp-content\\\/uploads\\\/2024\\\/12\\\/fermieri.jpg\",\"contentUrl\":\"https:\\\/\\\/covasna45.ro\\\/wp-content\\\/uploads\\\/2024\\\/12\\\/fermieri.jpg\",\"width\":960,\"height\":640},{\"@type\":\"BreadcrumbList\",\"@id\":\"https:\\\/\\\/covasna45.ro\\\/index.php\\\/lumea-noastra\\\/ministrul-agriculturii-politicile-climatice-trebuie-sa-fie-insotite-de-masuri-de-sprijin\\\/#breadcrumb\",\"itemListElement\":[{\"@type\":\"ListItem\",\"position\":1,\"name\":\"Prima pagin\u0103\",\"item\":\"https:\\\/\\\/covasna45.ro\\\/\"},{\"@type\":\"ListItem\",\"position\":2,\"name\":\"Ministrul Agriculturii: \u201ePoliticile climatice trebuie s\u0103 fie \u00eenso\u0163ite de m\u0103suri de sprijin\u201d\"}]},{\"@type\":\"WebSite\",\"@id\":\"https:\\\/\\\/covasna45.ro\\\/#website\",\"url\":\"https:\\\/\\\/covasna45.ro\\\/\",\"name\":\"covasna45.ro\",\"description\":\"\",\"publisher\":{\"@id\":\"https:\\\/\\\/covasna45.ro\\\/#organization\"},\"potentialAction\":[{\"@type\":\"SearchAction\",\"target\":{\"@type\":\"EntryPoint\",\"urlTemplate\":\"https:\\\/\\\/covasna45.ro\\\/?s={search_term_string}\"},\"query-input\":{\"@type\":\"PropertyValueSpecification\",\"valueRequired\":true,\"valueName\":\"search_term_string\"}}],\"inLanguage\":\"ro-RO\"},{\"@type\":\"Organization\",\"@id\":\"https:\\\/\\\/covasna45.ro\\\/#organization\",\"name\":\"covasna45.ro\",\"url\":\"https:\\\/\\\/covasna45.ro\\\/\",\"logo\":{\"@type\":\"ImageObject\",\"inLanguage\":\"ro-RO\",\"@id\":\"https:\\\/\\\/covasna45.ro\\\/#\\\/schema\\\/logo\\\/image\\\/\",\"url\":\"https:\\\/\\\/covasna45.ro\\\/wp-content\\\/uploads\\\/2023\\\/01\\\/icon_logo.png\",\"contentUrl\":\"https:\\\/\\\/covasna45.ro\\\/wp-content\\\/uploads\\\/2023\\\/01\\\/icon_logo.png\",\"width\":1900,\"height\":1900,\"caption\":\"covasna45.ro\"},\"image\":{\"@id\":\"https:\\\/\\\/covasna45.ro\\\/#\\\/schema\\\/logo\\\/image\\\/\"}},{\"@type\":\"Person\",\"@id\":\"https:\\\/\\\/covasna45.ro\\\/#\\\/schema\\\/person\\\/e674052bd7d95d70bbb007a1060ab73c\",\"name\":\"Covasna45\",\"image\":{\"@type\":\"ImageObject\",\"inLanguage\":\"ro-RO\",\"@id\":\"https:\\\/\\\/covasna45.ro\\\/wp-content\\\/uploads\\\/2025\\\/10\\\/icon_logo_covasna45-150x150.png\",\"url\":\"https:\\\/\\\/covasna45.ro\\\/wp-content\\\/uploads\\\/2025\\\/10\\\/icon_logo_covasna45-150x150.png\",\"contentUrl\":\"https:\\\/\\\/covasna45.ro\\\/wp-content\\\/uploads\\\/2025\\\/10\\\/icon_logo_covasna45-150x150.png\",\"caption\":\"Covasna45\"},\"sameAs\":[\"https:\\\/\\\/covasna45.ro\"],\"url\":\"https:\\\/\\\/covasna45.ro\\\/index.php\\\/author\\\/covasna\\\/\"}]}<\/script>\n<!-- \/ Yoast SEO plugin. -->","yoast_head_json":{"title":"Ministrul Agriculturii: \u201ePoliticile climatice trebuie s\u0103 fie \u00eenso\u0163ite de m\u0103suri de sprijin\u201d - Covasna45","description":"Ministrul Agriculturii, Florin Barbu, spune c\u0103 fermierii rom\u00e2ni nu pot fi pu\u015fi \u00een situa\u0163ia de a pl\u0103ti singuri costul tranzi\u0163iei verzi.","robots":{"index":"index","follow":"follow","max-snippet":"max-snippet:-1","max-image-preview":"max-image-preview:large","max-video-preview":"max-video-preview:-1"},"canonical":"https:\/\/covasna45.ro\/index.php\/lumea-noastra\/ministrul-agriculturii-politicile-climatice-trebuie-sa-fie-insotite-de-masuri-de-sprijin\/","og_locale":"ro_RO","og_type":"article","og_title":"Ministrul Agriculturii: \u201ePoliticile climatice trebuie s\u0103 fie \u00eenso\u0163ite de m\u0103suri de sprijin\u201d - Covasna45","og_description":"Ministrul Agriculturii, Florin Barbu, spune c\u0103 fermierii rom\u00e2ni nu pot fi pu\u015fi \u00een situa\u0163ia de a pl\u0103ti singuri costul tranzi\u0163iei verzi.","og_url":"https:\/\/covasna45.ro\/index.php\/lumea-noastra\/ministrul-agriculturii-politicile-climatice-trebuie-sa-fie-insotite-de-masuri-de-sprijin\/","og_site_name":"Covasna45","article_published_time":"2026-01-27T07:51:05+00:00","article_modified_time":"2026-01-27T07:51:06+00:00","og_image":[{"width":960,"height":640,"url":"https:\/\/covasna45.ro\/wp-content\/uploads\/2024\/12\/fermieri.jpg","type":"image\/jpeg"}],"author":"Covasna45","twitter_card":"summary_large_image","twitter_misc":{"Scris de":"Covasna45","Timp estimat pentru citire":"3 minute"},"schema":{"@context":"https:\/\/schema.org","@graph":[{"@type":"Article","@id":"https:\/\/covasna45.ro\/index.php\/lumea-noastra\/ministrul-agriculturii-politicile-climatice-trebuie-sa-fie-insotite-de-masuri-de-sprijin\/#article","isPartOf":{"@id":"https:\/\/covasna45.ro\/index.php\/lumea-noastra\/ministrul-agriculturii-politicile-climatice-trebuie-sa-fie-insotite-de-masuri-de-sprijin\/"},"author":{"name":"Covasna45","@id":"https:\/\/covasna45.ro\/#\/schema\/person\/e674052bd7d95d70bbb007a1060ab73c"},"headline":"Ministrul Agriculturii: \u201ePoliticile climatice trebuie s\u0103 fie \u00eenso\u0163ite de m\u0103suri de sprijin\u201d","datePublished":"2026-01-27T07:51:05+00:00","dateModified":"2026-01-27T07:51:06+00:00","mainEntityOfPage":{"@id":"https:\/\/covasna45.ro\/index.php\/lumea-noastra\/ministrul-agriculturii-politicile-climatice-trebuie-sa-fie-insotite-de-masuri-de-sprijin\/"},"wordCount":423,"commentCount":0,"publisher":{"@id":"https:\/\/covasna45.ro\/#organization"},"image":{"@id":"https:\/\/covasna45.ro\/index.php\/lumea-noastra\/ministrul-agriculturii-politicile-climatice-trebuie-sa-fie-insotite-de-masuri-de-sprijin\/#primaryimage"},"thumbnailUrl":"https:\/\/covasna45.ro\/wp-content\/uploads\/2024\/12\/fermieri.jpg","keywords":["ministerul agriculturii"],"articleSection":["Lumea noastr\u0103"],"inLanguage":"ro-RO","potentialAction":[{"@type":"CommentAction","name":"Comment","target":["https:\/\/covasna45.ro\/index.php\/lumea-noastra\/ministrul-agriculturii-politicile-climatice-trebuie-sa-fie-insotite-de-masuri-de-sprijin\/#respond"]}]},{"@type":"WebPage","@id":"https:\/\/covasna45.ro\/index.php\/lumea-noastra\/ministrul-agriculturii-politicile-climatice-trebuie-sa-fie-insotite-de-masuri-de-sprijin\/","url":"https:\/\/covasna45.ro\/index.php\/lumea-noastra\/ministrul-agriculturii-politicile-climatice-trebuie-sa-fie-insotite-de-masuri-de-sprijin\/","name":"Ministrul Agriculturii: \u201ePoliticile climatice trebuie s\u0103 fie \u00eenso\u0163ite de m\u0103suri de sprijin\u201d - Covasna45","isPartOf":{"@id":"https:\/\/covasna45.ro\/#website"},"primaryImageOfPage":{"@id":"https:\/\/covasna45.ro\/index.php\/lumea-noastra\/ministrul-agriculturii-politicile-climatice-trebuie-sa-fie-insotite-de-masuri-de-sprijin\/#primaryimage"},"image":{"@id":"https:\/\/covasna45.ro\/index.php\/lumea-noastra\/ministrul-agriculturii-politicile-climatice-trebuie-sa-fie-insotite-de-masuri-de-sprijin\/#primaryimage"},"thumbnailUrl":"https:\/\/covasna45.ro\/wp-content\/uploads\/2024\/12\/fermieri.jpg","datePublished":"2026-01-27T07:51:05+00:00","dateModified":"2026-01-27T07:51:06+00:00","description":"Ministrul Agriculturii, Florin Barbu, spune c\u0103 fermierii rom\u00e2ni nu pot fi pu\u015fi \u00een situa\u0163ia de a pl\u0103ti singuri costul tranzi\u0163iei verzi.","breadcrumb":{"@id":"https:\/\/covasna45.ro\/index.php\/lumea-noastra\/ministrul-agriculturii-politicile-climatice-trebuie-sa-fie-insotite-de-masuri-de-sprijin\/#breadcrumb"},"inLanguage":"ro-RO","potentialAction":[{"@type":"ReadAction","target":["https:\/\/covasna45.ro\/index.php\/lumea-noastra\/ministrul-agriculturii-politicile-climatice-trebuie-sa-fie-insotite-de-masuri-de-sprijin\/"]}]},{"@type":"ImageObject","inLanguage":"ro-RO","@id":"https:\/\/covasna45.ro\/index.php\/lumea-noastra\/ministrul-agriculturii-politicile-climatice-trebuie-sa-fie-insotite-de-masuri-de-sprijin\/#primaryimage","url":"https:\/\/covasna45.ro\/wp-content\/uploads\/2024\/12\/fermieri.jpg","contentUrl":"https:\/\/covasna45.ro\/wp-content\/uploads\/2024\/12\/fermieri.jpg","width":960,"height":640},{"@type":"BreadcrumbList","@id":"https:\/\/covasna45.ro\/index.php\/lumea-noastra\/ministrul-agriculturii-politicile-climatice-trebuie-sa-fie-insotite-de-masuri-de-sprijin\/#breadcrumb","itemListElement":[{"@type":"ListItem","position":1,"name":"Prima pagin\u0103","item":"https:\/\/covasna45.ro\/"},{"@type":"ListItem","position":2,"name":"Ministrul Agriculturii: \u201ePoliticile climatice trebuie s\u0103 fie \u00eenso\u0163ite de m\u0103suri de sprijin\u201d"}]},{"@type":"WebSite","@id":"https:\/\/covasna45.ro\/#website","url":"https:\/\/covasna45.ro\/","name":"covasna45.ro","description":"","publisher":{"@id":"https:\/\/covasna45.ro\/#organization"},"potentialAction":[{"@type":"SearchAction","target":{"@type":"EntryPoint","urlTemplate":"https:\/\/covasna45.ro\/?s={search_term_string}"},"query-input":{"@type":"PropertyValueSpecification","valueRequired":true,"valueName":"search_term_string"}}],"inLanguage":"ro-RO"},{"@type":"Organization","@id":"https:\/\/covasna45.ro\/#organization","name":"covasna45.ro","url":"https:\/\/covasna45.ro\/","logo":{"@type":"ImageObject","inLanguage":"ro-RO","@id":"https:\/\/covasna45.ro\/#\/schema\/logo\/image\/","url":"https:\/\/covasna45.ro\/wp-content\/uploads\/2023\/01\/icon_logo.png","contentUrl":"https:\/\/covasna45.ro\/wp-content\/uploads\/2023\/01\/icon_logo.png","width":1900,"height":1900,"caption":"covasna45.ro"},"image":{"@id":"https:\/\/covasna45.ro\/#\/schema\/logo\/image\/"}},{"@type":"Person","@id":"https:\/\/covasna45.ro\/#\/schema\/person\/e674052bd7d95d70bbb007a1060ab73c","name":"Covasna45","image":{"@type":"ImageObject","inLanguage":"ro-RO","@id":"https:\/\/covasna45.ro\/wp-content\/uploads\/2025\/10\/icon_logo_covasna45-150x150.png","url":"https:\/\/covasna45.ro\/wp-content\/uploads\/2025\/10\/icon_logo_covasna45-150x150.png","contentUrl":"https:\/\/covasna45.ro\/wp-content\/uploads\/2025\/10\/icon_logo_covasna45-150x150.png","caption":"Covasna45"},"sameAs":["https:\/\/covasna45.ro"],"url":"https:\/\/covasna45.ro\/index.php\/author\/covasna\/"}]}},"_links":{"self":[{"href":"https:\/\/covasna45.ro\/index.php\/wp-json\/wp\/v2\/posts\/14752","targetHints":{"allow":["GET"]}}],"collection":[{"href":"https:\/\/covasna45.ro\/index.php\/wp-json\/wp\/v2\/posts"}],"about":[{"href":"https:\/\/covasna45.ro\/index.php\/wp-json\/wp\/v2\/types\/post"}],"author":[{"embeddable":true,"href":"https:\/\/covasna45.ro\/index.php\/wp-json\/wp\/v2\/users\/1"}],"replies":[{"embeddable":true,"href":"https:\/\/covasna45.ro\/index.php\/wp-json\/wp\/v2\/comments?post=14752"}],"version-history":[{"count":1,"href":"https:\/\/covasna45.ro\/index.php\/wp-json\/wp\/v2\/posts\/14752\/revisions"}],"predecessor-version":[{"id":14753,"href":"https:\/\/covasna45.ro\/index.php\/wp-json\/wp\/v2\/posts\/14752\/revisions\/14753"}],"wp:featuredmedia":[{"embeddable":true,"href":"https:\/\/covasna45.ro\/index.php\/wp-json\/wp\/v2\/media\/9201"}],"wp:attachment":[{"href":"https:\/\/covasna45.ro\/index.php\/wp-json\/wp\/v2\/media?parent=14752"}],"wp:term":[{"taxonomy":"category","embeddable":true,"href":"https:\/\/covasna45.ro\/index.php\/wp-json\/wp\/v2\/categories?post=14752"},{"taxonomy":"post_tag","embeddable":true,"href":"https:\/\/covasna45.ro\/index.php\/wp-json\/wp\/v2\/tags?post=14752"}],"curies":[{"name":"wp","href":"https:\/\/api.w.org\/{rel}","templated":true}]}}