{"id":14754,"date":"2026-01-27T14:34:42","date_gmt":"2026-01-27T12:34:42","guid":{"rendered":"https:\/\/covasna45.ro\/?p=14754"},"modified":"2026-01-27T14:35:27","modified_gmt":"2026-01-27T12:35:27","slug":"protest-la-targu-secuiesc-se-strang-semnaturi-pentru-scaderea-impozitelor","status":"publish","type":"post","link":"https:\/\/covasna45.ro\/index.php\/lumea-noastra\/protest-la-targu-secuiesc-se-strang-semnaturi-pentru-scaderea-impozitelor\/","title":{"rendered":"Protest la T\u00e2rgu Secuiesc. Se str\u00e2ng semn\u0103turi pentru sc\u0103derea impozitelor"},"content":{"rendered":"\n<p>C\u00e2teva sute de oameni din T\u00e2rgu Secuiesc au participat ieri dup\u0103-amiaz\u0103 la o ac\u021biune de <a href=\"https:\/\/covasna45.ro\/index.php\/lumea-noastra\/protest-la-targu-secuiesc-impotriva-majorarii-taxelor-vor-cere-demisia-lui-kelemen-hunor\/\">protest<\/a> \u00een centrul ora\u0219ului, ca urmare a major\u0103rii impozitelor locale. Protestul a fost autorizat, solicitarea fiind \u00eenaintat\u0103 Prim\u0103riei de consilierul local Bal\u00e1zs Attila de la Alian\u021ba Maghiar\u0103 din Transilvania.<\/p>\n\n\n\n<h2 class=\"wp-block-heading\">O <a href=\"https:\/\/www.petitieonline.com\/petitie_privind_revenirea_impozitelor_pe_cldiri_i_pe_mijloacele_de_transport_la_nivelul_minim_legal_targu_secuiesc_judetul_covasna?fbclid=IwY2xjawPlh-9leHRuA2FlbQIxMQBicmlkETFUOHVDY2tIZXhkRE9TZkZmc3J0YwZhcHBfaWQQMjIyMDM5MTc4ODIwMDg5MgABHsLhc0ytqcvMA9IJG4o4aoOhcL8eRPWxuhHNhqFvMdX75OvnQeKq0sa9zYyS_aem_kfhNtqRIUv3B8UmKAl80vw\">peti\u021bie<\/a> semnat\u0103 \u00een acest moment de aproape 400 de oameni a fost, de asemenea, lansat\u0103 online.<\/h2>\n\n\n\n<h3 class=\"wp-block-heading\"><strong>Red\u0103m textul peti\u021biei<\/strong>:<\/h3>\n\n\n\n<p><strong><em>\u201eSolicit\u0103m ca toate impozitele pe cl\u0103diri, terenuri \u0219i pe mijloacele de transport s\u0103 fie readuse la nivelul minim permis de lege, at\u00e2t pentru persoanele fizice, c\u00e2t \u0219i pentru persoanele juridice. Major\u0103rile nejustificate reprezint\u0103 o povar\u0103 dispropor\u021bionat\u0103 asupra popula\u021biei. Cl\u0103dirile, terenurile \u0219i mijloacele de transport nu sunt bunuri de lux, ci necesit\u0103\u021bi de baz\u0103 pentru via\u021ba de zi cu zi \u0219i pentru desf\u0103\u0219urarea activit\u0103\u021bii profesionale.<\/em><\/strong><\/p>\n\n\n\n<p>Solicit\u0103m:<\/p>\n\n\n\n<p><strong><em>1. Revenirea impozitelor pe cl\u0103diri la nivelul minim legal;<\/em><\/strong><\/p>\n\n\n\n<p><strong><em>2. Revenirea impozitelor pe mijloacele de transport la nivelul minim legal;<\/em><\/strong><\/p>\n\n\n\n<p><strong><em>3. Revenirea impozitelor pe terenuri la nivelul minim legal;<\/em><\/strong><\/p>\n\n\n\n<p>4. <strong><em>Consult\u0103ri publice reale \u00eenaintea oric\u0103ror modific\u0103ri fiscale viitoare\u201d<\/em><\/strong>, se arat\u0103 \u00een text.<\/p>\n\n\n\n<h2 class=\"wp-block-heading\">Bal\u00e1zs Attila, discurs la protest: \u201e<strong><em>Nu ne-am \u00een\u021beles\u201d<\/em><\/strong><\/h2>\n\n\n\n<p>Red\u0103m pasaje din discursul de ieri al consilierului local Bal\u00e1zs Attila:<\/p>\n\n\n\n<p><strong><em>\u201eImpozitele din T\u00e2rgu Secuiesc sunt mari, dar ele pot fi mic\u0219orate. Dou\u0103 entit\u0103\u021bi independente au f\u0103cut aceste calcule \u2013 eu nu sunt de specialitate\u00a0 -, iar adev\u0103rul este c\u0103 sunt impozite care pot fi sc\u0103zute cu 20%, dar sunt \u0219i impozite care pot fi sc\u0103zute cu 60%, cum ar fi la unele categorii de autoturisme.<\/em><\/strong><\/p>\n\n\n\n<figure class=\"wp-block-image size-large\"><img loading=\"lazy\" decoding=\"async\" width=\"1024\" height=\"768\" src=\"https:\/\/covasna45.ro\/wp-content\/uploads\/2026\/01\/kzd-prottt-1024x768.jpg\" alt=\"\" class=\"wp-image-14757\" srcset=\"https:\/\/covasna45.ro\/wp-content\/uploads\/2026\/01\/kzd-prottt-1024x768.jpg 1024w, https:\/\/covasna45.ro\/wp-content\/uploads\/2026\/01\/kzd-prottt-300x225.jpg 300w, https:\/\/covasna45.ro\/wp-content\/uploads\/2026\/01\/kzd-prottt-768x576.jpg 768w, https:\/\/covasna45.ro\/wp-content\/uploads\/2026\/01\/kzd-prottt-1536x1152.jpg 1536w, https:\/\/covasna45.ro\/wp-content\/uploads\/2026\/01\/kzd-prottt-2048x1536.jpg 2048w, https:\/\/covasna45.ro\/wp-content\/uploads\/2026\/01\/kzd-prottt-150x113.jpg 150w, https:\/\/covasna45.ro\/wp-content\/uploads\/2026\/01\/kzd-prottt-696x522.jpg 696w, https:\/\/covasna45.ro\/wp-content\/uploads\/2026\/01\/kzd-prottt-1068x801.jpg 1068w, https:\/\/covasna45.ro\/wp-content\/uploads\/2026\/01\/kzd-prottt-1920x1440.jpg 1920w\" sizes=\"auto, (max-width: 1024px) 100vw, 1024px\" \/><\/figure>\n\n\n\n<h2 class=\"wp-block-heading\"><strong><em>Aceste lucruri ar trebui discutate cu primarul \u0219i cu membrii Consiliului Local<\/em><\/strong>.<\/h2>\n\n\n\n<p><strong><em>Ele ar trebui luat punct cu punct, ar trebui v\u0103zut ce permite legea \u0219i c\u00e2t permite s\u0103 se modifice \u0219i apoi s\u0103 fie stabilite din nou.<\/em><\/strong><\/p>\n\n\n\n<p><strong><em>Cineva a \u00eentrebat ce se va \u00eent\u00e2mpla cu oamenii care au pl\u0103tit deja impozitele, r\u0103spunsul e simplu, se va \u00eent\u00e2mpla ca la Sf\u00e2ntu Gheorghe, \u00ee\u0219i vor primi banii \u00eenapoi.<\/em><\/strong><\/p>\n\n\n\n<p><strong><em>Trebuie s\u0103 precizez c\u0103 membrii Alian\u021bei Maghiare din Transilvania nu au fost de acord cu aceste m\u0103riri de impozite. I-am cerut primarului s\u0103 ne \u00een\u021belegem pe fiecare punct \u00een parte, dar nu ne-am \u00een\u021beles \u0219i, din acest motiv, nu am fost de acord<\/em><\/strong>.<\/p>\n\n\n\n<h2 class=\"wp-block-heading\"><strong><em>Acesta este un protest \u0219i \u00eempotriva politicilor de impozitare ale Guvernului. Nu e nevoie de impozit pe o locuin\u021b\u0103!<\/em><\/strong><\/h2>\n\n\n\n<p><strong><em>Guvernul nu ne d\u0103 posibilitatea s\u0103 stabilim \u00een mod autonom nivelurile de impozit. Acest lucru contrazice Constitu\u021bia, care ofer\u0103 aceast\u0103 autonomie autorit\u0103\u021bilor locale.<\/em><\/strong><\/p>\n\n\n\n<p><strong><em>Vreau s\u0103 mai men\u021bionez aici o idee care apar\u021bine colegului meu Tanko Sandor \u2013 din p\u0103cate, nu este azi aici \u2013 care spune c\u0103 pentru o locuin\u021b\u0103 nu ar trebui nimeni s\u0103 pl\u0103teasc\u0103 impozit. Este o \u021bar\u0103 aici, l\u00e2ng\u0103 noi, unde nu se pl\u0103te\u0219te impozit pe de\u021binerea unei locuin\u021be. \u00cen\u021belegem s\u0103 pl\u0103tim impozit pentru autoturism, folosim drumurile publice, trebuie \u00eentre\u021binute, dar locuin\u021ba este un bun proprietate personal\u0103, iar autorit\u0103\u021bile locale nu au nicio cheltuial\u0103 cu aceasta. Doar noi cheltuim cu acestea, nu vedem de ce ar trebui s\u0103 pl\u0103tim impozit. De aceea, cerem Guvernului Rom\u00e2niei s\u0103 elimine impozitul pentru o locuin\u021b\u0103. Desigur, cine are dou\u0103 sau mai multe, pentru acele trebuie s\u0103 pl\u0103teasc\u0103. Dar pentru una \u2013 nu.<\/em><\/strong><\/p>\n\n\n\n<h2 class=\"wp-block-heading\"><strong><em>UDMR ne-a min\u021bit!<\/em><\/strong><\/h2>\n\n\n\n<p><strong><em>\u00cemi cer scuze fa\u021b\u0103 de simpatizan\u021bii UDMR, dar trebuie s\u0103 o spun: eu, ca membru al Alian\u021bei Maghiare din Transilvania, la alegerile parlamentare \u0219i la cele europarlamentare, am votat cu UDMR. Pe cine altcineva a\u0219 fi putut vota? Dar ei ne-au min\u021bit! Asta este, trebuie s\u0103 spun adev\u0103rul. Au min\u021bit, au spus Mai mult pentru cet\u0103\u021bean, mai pu\u021bin pentru stat! Ce au f\u0103cut?<\/em><\/strong><\/p>\n\n\n\n<p><strong><em>Un al doilea lucru: au spus c\u0103 dac\u0103 vor merge la guvernare, nu vor permite cre\u0219terea impozitelor. Ce au f\u0103cut? \u00cen ambele situa\u021bii au procedat pe dos!<\/em><\/strong><\/p>\n\n\n\n<figure class=\"wp-block-image size-large\"><img loading=\"lazy\" decoding=\"async\" width=\"1024\" height=\"768\" src=\"https:\/\/covasna45.ro\/wp-content\/uploads\/2026\/01\/prot-tg-s1-1024x768.jpg\" alt=\"\" class=\"wp-image-14758\" srcset=\"https:\/\/covasna45.ro\/wp-content\/uploads\/2026\/01\/prot-tg-s1-1024x768.jpg 1024w, https:\/\/covasna45.ro\/wp-content\/uploads\/2026\/01\/prot-tg-s1-300x225.jpg 300w, https:\/\/covasna45.ro\/wp-content\/uploads\/2026\/01\/prot-tg-s1-768x576.jpg 768w, https:\/\/covasna45.ro\/wp-content\/uploads\/2026\/01\/prot-tg-s1-1536x1152.jpg 1536w, https:\/\/covasna45.ro\/wp-content\/uploads\/2026\/01\/prot-tg-s1-2048x1536.jpg 2048w, https:\/\/covasna45.ro\/wp-content\/uploads\/2026\/01\/prot-tg-s1-150x113.jpg 150w, https:\/\/covasna45.ro\/wp-content\/uploads\/2026\/01\/prot-tg-s1-696x522.jpg 696w, https:\/\/covasna45.ro\/wp-content\/uploads\/2026\/01\/prot-tg-s1-1068x801.jpg 1068w, https:\/\/covasna45.ro\/wp-content\/uploads\/2026\/01\/prot-tg-s1-1920x1440.jpg 1920w\" sizes=\"auto, (max-width: 1024px) 100vw, 1024px\" \/><\/figure>\n\n\n\n<h2 class=\"wp-block-heading\"><strong><em>Cerem demisia lui Kelemen Hunor!<\/em><\/strong><\/h2>\n\n\n\n<p><strong><em>Pentru acestea, eu cer ca cineva s\u0103 \u00ee\u0219i asume r\u0103spunderea pentru aceste lucruri. Iar persoana care ar trebui s\u0103 \u00ee\u0219i asume aceast\u0103 situa\u021bie este conduc\u0103torul UDMR. El a gestionat acele campanii care ne-au convins s\u0103-i alegem. Eu de aceea sunt ast\u0103zi aici pentru c\u0103 eu simt c\u0103 ne-au \u00een\u0219elat. De aceea, cer cu hot\u0103r\u00e2re ca UDMR s\u0103 se reformeze \u0219i s\u0103 \u00eenceap\u0103 acest lucru cu demisia lui Kelemen Hunor!<\/em><\/strong><\/p>\n\n\n\n<h2 class=\"wp-block-heading\"><strong><em>Nu ne dorim dispari\u021bia UDMR, ci reformarea UDMR.<\/em><\/strong><\/h2>\n\n\n\n<p><strong><em>\u0218i s\u0103 aduc\u0103 \u00een fa\u021b\u0103 persoane oneste, care s\u0103 se bucure de aprobarea oamenilor. S\u0103 nu pun\u0103 \u00een frunte o persoan\u0103 agreat\u0103 doar de cei care conduc UDMR, ci o persoan\u0103 care s\u0103 c\u00e2\u0219tige simpatia tuturor. Un secui sincer.<\/em><\/strong><\/p>\n\n\n\n<p><strong><em>Ar trebui s\u0103 fie aici, la protest, Tamas Sandor, liderii UDMR, nu eu, un consilier de meserie constructor, \u0219i s\u0103 ne explice c\u0103 trebuie s\u0103 suport\u0103m un an mai greu, nu avem alt\u0103 solu\u021bie, a trebuit s\u0103 m\u0103rim impozitele. Le vom duce acolo unde se poate la nivel minim. Asta e, un an va trebui s\u0103 suport\u0103m. Dar, \u00een vreme ce noi pl\u0103tim impozite m\u0103rite \u0219i cu sut\u0103 la sut\u0103, Parlamentul Rom\u00e2niei \u0219i-a votat un buget mai mare cu 12%. Asta ce \u00eenseamn\u0103? C\u0103 poporul str\u00e2nge cureaua, iar parlamentarii o l\u0103rgesc\u201d<\/em><\/strong>, a spus Bal\u00e1zs Attila.<\/p>\n\n\n\n<figure class=\"wp-block-video\"><video height=\"720\" style=\"aspect-ratio: 1280 \/ 720;\" width=\"1280\" controls src=\"https:\/\/covasna45.ro\/wp-content\/uploads\/2026\/01\/WhatsApp-Video-2026-01-27-at-11.50.56.mp4\"><\/video><\/figure>\n","protected":false},"excerpt":{"rendered":"<p>C\u00e2teva sute de oameni din T\u00e2rgu Secuiesc au participat ieri dup\u0103-amiaz\u0103 la o ac\u021biune de protest \u00een centrul ora\u0219ului, ca urmare a major\u0103rii impozitelor locale. Protestul a fost autorizat, solicitarea fiind \u00eenaintat\u0103 Prim\u0103riei de consilierul local Bal\u00e1zs Attila de la Alian\u021ba Maghiar\u0103 din Transilvania. O peti\u021bie semnat\u0103 \u00een acest moment de aproape 400 de oameni [&hellip;]<\/p>\n","protected":false},"author":1,"featured_media":14756,"comment_status":"open","ping_status":"closed","sticky":false,"template":"","format":"standard","meta":{"tdm_status":"","tdm_grid_status":"","footnotes":""},"categories":[14],"tags":[204,632,3475,189],"class_list":{"0":"post-14754","1":"post","2":"type-post","3":"status-publish","4":"format-standard","5":"has-post-thumbnail","7":"category-lumea-noastra","8":"tag-impozite","9":"tag-protest","10":"tag-targu-secuiesc-2","11":"tag-udmr"},"yoast_head":"<!-- This site is optimized with the Yoast SEO plugin v27.5 - https:\/\/yoast.com\/product\/yoast-seo-wordpress\/ -->\n<title>Protest la T\u00e2rgu Secuiesc. Se str\u00e2ng semn\u0103turi pentru sc\u0103derea impozitelor - Covasna45<\/title>\n<meta name=\"description\" content=\"C\u00e2teva sute de oameni din T\u00e2rgu Secuiesc au participat ieri dup\u0103-amiaz\u0103 la o ac\u021biune de protest \u00een centrul ora\u0219ului.\" \/>\n<meta name=\"robots\" content=\"index, follow, max-snippet:-1, max-image-preview:large, max-video-preview:-1\" \/>\n<link rel=\"canonical\" href=\"https:\/\/covasna45.ro\/index.php\/lumea-noastra\/protest-la-targu-secuiesc-se-strang-semnaturi-pentru-scaderea-impozitelor\/\" \/>\n<meta property=\"og:locale\" content=\"ro_RO\" \/>\n<meta property=\"og:type\" content=\"article\" \/>\n<meta property=\"og:title\" content=\"Protest la T\u00e2rgu Secuiesc. Se str\u00e2ng semn\u0103turi pentru sc\u0103derea impozitelor - Covasna45\" \/>\n<meta property=\"og:description\" content=\"C\u00e2teva sute de oameni din T\u00e2rgu Secuiesc au participat ieri dup\u0103-amiaz\u0103 la o ac\u021biune de protest \u00een centrul ora\u0219ului.\" \/>\n<meta property=\"og:url\" content=\"https:\/\/covasna45.ro\/index.php\/lumea-noastra\/protest-la-targu-secuiesc-se-strang-semnaturi-pentru-scaderea-impozitelor\/\" \/>\n<meta property=\"og:site_name\" content=\"Covasna45\" \/>\n<meta property=\"article:published_time\" content=\"2026-01-27T12:34:42+00:00\" \/>\n<meta property=\"article:modified_time\" content=\"2026-01-27T12:35:27+00:00\" \/>\n<meta property=\"og:image\" content=\"https:\/\/covasna45.ro\/wp-content\/uploads\/2026\/01\/prot-kzd-scaled.jpg\" \/>\n\t<meta property=\"og:image:width\" content=\"2560\" \/>\n\t<meta property=\"og:image:height\" content=\"1388\" \/>\n\t<meta property=\"og:image:type\" content=\"image\/jpeg\" \/>\n<meta name=\"author\" content=\"Covasna45\" \/>\n<meta name=\"twitter:card\" content=\"summary_large_image\" \/>\n<meta name=\"twitter:label1\" content=\"Scris de\" \/>\n\t<meta name=\"twitter:data1\" content=\"Covasna45\" \/>\n\t<meta name=\"twitter:label2\" content=\"Timp estimat pentru citire\" \/>\n\t<meta name=\"twitter:data2\" content=\"6 minute\" \/>\n<script type=\"application\/ld+json\" class=\"yoast-schema-graph\">{\"@context\":\"https:\\\/\\\/schema.org\",\"@graph\":[{\"@type\":\"Article\",\"@id\":\"https:\\\/\\\/covasna45.ro\\\/index.php\\\/lumea-noastra\\\/protest-la-targu-secuiesc-se-strang-semnaturi-pentru-scaderea-impozitelor\\\/#article\",\"isPartOf\":{\"@id\":\"https:\\\/\\\/covasna45.ro\\\/index.php\\\/lumea-noastra\\\/protest-la-targu-secuiesc-se-strang-semnaturi-pentru-scaderea-impozitelor\\\/\"},\"author\":{\"name\":\"Covasna45\",\"@id\":\"https:\\\/\\\/covasna45.ro\\\/#\\\/schema\\\/person\\\/e674052bd7d95d70bbb007a1060ab73c\"},\"headline\":\"Protest la T\u00e2rgu Secuiesc. Se str\u00e2ng semn\u0103turi pentru sc\u0103derea impozitelor\",\"datePublished\":\"2026-01-27T12:34:42+00:00\",\"dateModified\":\"2026-01-27T12:35:27+00:00\",\"mainEntityOfPage\":{\"@id\":\"https:\\\/\\\/covasna45.ro\\\/index.php\\\/lumea-noastra\\\/protest-la-targu-secuiesc-se-strang-semnaturi-pentru-scaderea-impozitelor\\\/\"},\"wordCount\":928,\"commentCount\":0,\"publisher\":{\"@id\":\"https:\\\/\\\/covasna45.ro\\\/#organization\"},\"image\":{\"@id\":\"https:\\\/\\\/covasna45.ro\\\/index.php\\\/lumea-noastra\\\/protest-la-targu-secuiesc-se-strang-semnaturi-pentru-scaderea-impozitelor\\\/#primaryimage\"},\"thumbnailUrl\":\"https:\\\/\\\/covasna45.ro\\\/wp-content\\\/uploads\\\/2026\\\/01\\\/prot-kzd-scaled.jpg\",\"keywords\":[\"Impozite\",\"Protest\",\"T\u00e2rgu Secuiesc\",\"UDMR\"],\"articleSection\":[\"Lumea noastr\u0103\"],\"inLanguage\":\"ro-RO\",\"potentialAction\":[{\"@type\":\"CommentAction\",\"name\":\"Comment\",\"target\":[\"https:\\\/\\\/covasna45.ro\\\/index.php\\\/lumea-noastra\\\/protest-la-targu-secuiesc-se-strang-semnaturi-pentru-scaderea-impozitelor\\\/#respond\"]}]},{\"@type\":\"WebPage\",\"@id\":\"https:\\\/\\\/covasna45.ro\\\/index.php\\\/lumea-noastra\\\/protest-la-targu-secuiesc-se-strang-semnaturi-pentru-scaderea-impozitelor\\\/\",\"url\":\"https:\\\/\\\/covasna45.ro\\\/index.php\\\/lumea-noastra\\\/protest-la-targu-secuiesc-se-strang-semnaturi-pentru-scaderea-impozitelor\\\/\",\"name\":\"Protest la T\u00e2rgu Secuiesc. Se str\u00e2ng semn\u0103turi pentru sc\u0103derea impozitelor - Covasna45\",\"isPartOf\":{\"@id\":\"https:\\\/\\\/covasna45.ro\\\/#website\"},\"primaryImageOfPage\":{\"@id\":\"https:\\\/\\\/covasna45.ro\\\/index.php\\\/lumea-noastra\\\/protest-la-targu-secuiesc-se-strang-semnaturi-pentru-scaderea-impozitelor\\\/#primaryimage\"},\"image\":{\"@id\":\"https:\\\/\\\/covasna45.ro\\\/index.php\\\/lumea-noastra\\\/protest-la-targu-secuiesc-se-strang-semnaturi-pentru-scaderea-impozitelor\\\/#primaryimage\"},\"thumbnailUrl\":\"https:\\\/\\\/covasna45.ro\\\/wp-content\\\/uploads\\\/2026\\\/01\\\/prot-kzd-scaled.jpg\",\"datePublished\":\"2026-01-27T12:34:42+00:00\",\"dateModified\":\"2026-01-27T12:35:27+00:00\",\"description\":\"C\u00e2teva sute de oameni din T\u00e2rgu Secuiesc au participat ieri dup\u0103-amiaz\u0103 la o ac\u021biune de protest \u00een centrul ora\u0219ului.\",\"breadcrumb\":{\"@id\":\"https:\\\/\\\/covasna45.ro\\\/index.php\\\/lumea-noastra\\\/protest-la-targu-secuiesc-se-strang-semnaturi-pentru-scaderea-impozitelor\\\/#breadcrumb\"},\"inLanguage\":\"ro-RO\",\"potentialAction\":[{\"@type\":\"ReadAction\",\"target\":[\"https:\\\/\\\/covasna45.ro\\\/index.php\\\/lumea-noastra\\\/protest-la-targu-secuiesc-se-strang-semnaturi-pentru-scaderea-impozitelor\\\/\"]}]},{\"@type\":\"ImageObject\",\"inLanguage\":\"ro-RO\",\"@id\":\"https:\\\/\\\/covasna45.ro\\\/index.php\\\/lumea-noastra\\\/protest-la-targu-secuiesc-se-strang-semnaturi-pentru-scaderea-impozitelor\\\/#primaryimage\",\"url\":\"https:\\\/\\\/covasna45.ro\\\/wp-content\\\/uploads\\\/2026\\\/01\\\/prot-kzd-scaled.jpg\",\"contentUrl\":\"https:\\\/\\\/covasna45.ro\\\/wp-content\\\/uploads\\\/2026\\\/01\\\/prot-kzd-scaled.jpg\",\"width\":2560,\"height\":1388},{\"@type\":\"BreadcrumbList\",\"@id\":\"https:\\\/\\\/covasna45.ro\\\/index.php\\\/lumea-noastra\\\/protest-la-targu-secuiesc-se-strang-semnaturi-pentru-scaderea-impozitelor\\\/#breadcrumb\",\"itemListElement\":[{\"@type\":\"ListItem\",\"position\":1,\"name\":\"Prima pagin\u0103\",\"item\":\"https:\\\/\\\/covasna45.ro\\\/\"},{\"@type\":\"ListItem\",\"position\":2,\"name\":\"Protest la T\u00e2rgu Secuiesc. Se str\u00e2ng semn\u0103turi pentru sc\u0103derea impozitelor\"}]},{\"@type\":\"WebSite\",\"@id\":\"https:\\\/\\\/covasna45.ro\\\/#website\",\"url\":\"https:\\\/\\\/covasna45.ro\\\/\",\"name\":\"covasna45.ro\",\"description\":\"\",\"publisher\":{\"@id\":\"https:\\\/\\\/covasna45.ro\\\/#organization\"},\"potentialAction\":[{\"@type\":\"SearchAction\",\"target\":{\"@type\":\"EntryPoint\",\"urlTemplate\":\"https:\\\/\\\/covasna45.ro\\\/?s={search_term_string}\"},\"query-input\":{\"@type\":\"PropertyValueSpecification\",\"valueRequired\":true,\"valueName\":\"search_term_string\"}}],\"inLanguage\":\"ro-RO\"},{\"@type\":\"Organization\",\"@id\":\"https:\\\/\\\/covasna45.ro\\\/#organization\",\"name\":\"covasna45.ro\",\"url\":\"https:\\\/\\\/covasna45.ro\\\/\",\"logo\":{\"@type\":\"ImageObject\",\"inLanguage\":\"ro-RO\",\"@id\":\"https:\\\/\\\/covasna45.ro\\\/#\\\/schema\\\/logo\\\/image\\\/\",\"url\":\"https:\\\/\\\/covasna45.ro\\\/wp-content\\\/uploads\\\/2023\\\/01\\\/icon_logo.png\",\"contentUrl\":\"https:\\\/\\\/covasna45.ro\\\/wp-content\\\/uploads\\\/2023\\\/01\\\/icon_logo.png\",\"width\":1900,\"height\":1900,\"caption\":\"covasna45.ro\"},\"image\":{\"@id\":\"https:\\\/\\\/covasna45.ro\\\/#\\\/schema\\\/logo\\\/image\\\/\"}},{\"@type\":\"Person\",\"@id\":\"https:\\\/\\\/covasna45.ro\\\/#\\\/schema\\\/person\\\/e674052bd7d95d70bbb007a1060ab73c\",\"name\":\"Covasna45\",\"image\":{\"@type\":\"ImageObject\",\"inLanguage\":\"ro-RO\",\"@id\":\"https:\\\/\\\/covasna45.ro\\\/wp-content\\\/uploads\\\/2025\\\/10\\\/icon_logo_covasna45-150x150.png\",\"url\":\"https:\\\/\\\/covasna45.ro\\\/wp-content\\\/uploads\\\/2025\\\/10\\\/icon_logo_covasna45-150x150.png\",\"contentUrl\":\"https:\\\/\\\/covasna45.ro\\\/wp-content\\\/uploads\\\/2025\\\/10\\\/icon_logo_covasna45-150x150.png\",\"caption\":\"Covasna45\"},\"sameAs\":[\"https:\\\/\\\/covasna45.ro\"],\"url\":\"https:\\\/\\\/covasna45.ro\\\/index.php\\\/author\\\/covasna\\\/\"}]}<\/script>\n<!-- \/ Yoast SEO plugin. -->","yoast_head_json":{"title":"Protest la T\u00e2rgu Secuiesc. Se str\u00e2ng semn\u0103turi pentru sc\u0103derea impozitelor - Covasna45","description":"C\u00e2teva sute de oameni din T\u00e2rgu Secuiesc au participat ieri dup\u0103-amiaz\u0103 la o ac\u021biune de protest \u00een centrul ora\u0219ului.","robots":{"index":"index","follow":"follow","max-snippet":"max-snippet:-1","max-image-preview":"max-image-preview:large","max-video-preview":"max-video-preview:-1"},"canonical":"https:\/\/covasna45.ro\/index.php\/lumea-noastra\/protest-la-targu-secuiesc-se-strang-semnaturi-pentru-scaderea-impozitelor\/","og_locale":"ro_RO","og_type":"article","og_title":"Protest la T\u00e2rgu Secuiesc. Se str\u00e2ng semn\u0103turi pentru sc\u0103derea impozitelor - Covasna45","og_description":"C\u00e2teva sute de oameni din T\u00e2rgu Secuiesc au participat ieri dup\u0103-amiaz\u0103 la o ac\u021biune de protest \u00een centrul ora\u0219ului.","og_url":"https:\/\/covasna45.ro\/index.php\/lumea-noastra\/protest-la-targu-secuiesc-se-strang-semnaturi-pentru-scaderea-impozitelor\/","og_site_name":"Covasna45","article_published_time":"2026-01-27T12:34:42+00:00","article_modified_time":"2026-01-27T12:35:27+00:00","og_image":[{"width":2560,"height":1388,"url":"https:\/\/covasna45.ro\/wp-content\/uploads\/2026\/01\/prot-kzd-scaled.jpg","type":"image\/jpeg"}],"author":"Covasna45","twitter_card":"summary_large_image","twitter_misc":{"Scris de":"Covasna45","Timp estimat pentru citire":"6 minute"},"schema":{"@context":"https:\/\/schema.org","@graph":[{"@type":"Article","@id":"https:\/\/covasna45.ro\/index.php\/lumea-noastra\/protest-la-targu-secuiesc-se-strang-semnaturi-pentru-scaderea-impozitelor\/#article","isPartOf":{"@id":"https:\/\/covasna45.ro\/index.php\/lumea-noastra\/protest-la-targu-secuiesc-se-strang-semnaturi-pentru-scaderea-impozitelor\/"},"author":{"name":"Covasna45","@id":"https:\/\/covasna45.ro\/#\/schema\/person\/e674052bd7d95d70bbb007a1060ab73c"},"headline":"Protest la T\u00e2rgu Secuiesc. Se str\u00e2ng semn\u0103turi pentru sc\u0103derea impozitelor","datePublished":"2026-01-27T12:34:42+00:00","dateModified":"2026-01-27T12:35:27+00:00","mainEntityOfPage":{"@id":"https:\/\/covasna45.ro\/index.php\/lumea-noastra\/protest-la-targu-secuiesc-se-strang-semnaturi-pentru-scaderea-impozitelor\/"},"wordCount":928,"commentCount":0,"publisher":{"@id":"https:\/\/covasna45.ro\/#organization"},"image":{"@id":"https:\/\/covasna45.ro\/index.php\/lumea-noastra\/protest-la-targu-secuiesc-se-strang-semnaturi-pentru-scaderea-impozitelor\/#primaryimage"},"thumbnailUrl":"https:\/\/covasna45.ro\/wp-content\/uploads\/2026\/01\/prot-kzd-scaled.jpg","keywords":["Impozite","Protest","T\u00e2rgu Secuiesc","UDMR"],"articleSection":["Lumea noastr\u0103"],"inLanguage":"ro-RO","potentialAction":[{"@type":"CommentAction","name":"Comment","target":["https:\/\/covasna45.ro\/index.php\/lumea-noastra\/protest-la-targu-secuiesc-se-strang-semnaturi-pentru-scaderea-impozitelor\/#respond"]}]},{"@type":"WebPage","@id":"https:\/\/covasna45.ro\/index.php\/lumea-noastra\/protest-la-targu-secuiesc-se-strang-semnaturi-pentru-scaderea-impozitelor\/","url":"https:\/\/covasna45.ro\/index.php\/lumea-noastra\/protest-la-targu-secuiesc-se-strang-semnaturi-pentru-scaderea-impozitelor\/","name":"Protest la T\u00e2rgu Secuiesc. Se str\u00e2ng semn\u0103turi pentru sc\u0103derea impozitelor - Covasna45","isPartOf":{"@id":"https:\/\/covasna45.ro\/#website"},"primaryImageOfPage":{"@id":"https:\/\/covasna45.ro\/index.php\/lumea-noastra\/protest-la-targu-secuiesc-se-strang-semnaturi-pentru-scaderea-impozitelor\/#primaryimage"},"image":{"@id":"https:\/\/covasna45.ro\/index.php\/lumea-noastra\/protest-la-targu-secuiesc-se-strang-semnaturi-pentru-scaderea-impozitelor\/#primaryimage"},"thumbnailUrl":"https:\/\/covasna45.ro\/wp-content\/uploads\/2026\/01\/prot-kzd-scaled.jpg","datePublished":"2026-01-27T12:34:42+00:00","dateModified":"2026-01-27T12:35:27+00:00","description":"C\u00e2teva sute de oameni din T\u00e2rgu Secuiesc au participat ieri dup\u0103-amiaz\u0103 la o ac\u021biune de protest \u00een centrul ora\u0219ului.","breadcrumb":{"@id":"https:\/\/covasna45.ro\/index.php\/lumea-noastra\/protest-la-targu-secuiesc-se-strang-semnaturi-pentru-scaderea-impozitelor\/#breadcrumb"},"inLanguage":"ro-RO","potentialAction":[{"@type":"ReadAction","target":["https:\/\/covasna45.ro\/index.php\/lumea-noastra\/protest-la-targu-secuiesc-se-strang-semnaturi-pentru-scaderea-impozitelor\/"]}]},{"@type":"ImageObject","inLanguage":"ro-RO","@id":"https:\/\/covasna45.ro\/index.php\/lumea-noastra\/protest-la-targu-secuiesc-se-strang-semnaturi-pentru-scaderea-impozitelor\/#primaryimage","url":"https:\/\/covasna45.ro\/wp-content\/uploads\/2026\/01\/prot-kzd-scaled.jpg","contentUrl":"https:\/\/covasna45.ro\/wp-content\/uploads\/2026\/01\/prot-kzd-scaled.jpg","width":2560,"height":1388},{"@type":"BreadcrumbList","@id":"https:\/\/covasna45.ro\/index.php\/lumea-noastra\/protest-la-targu-secuiesc-se-strang-semnaturi-pentru-scaderea-impozitelor\/#breadcrumb","itemListElement":[{"@type":"ListItem","position":1,"name":"Prima pagin\u0103","item":"https:\/\/covasna45.ro\/"},{"@type":"ListItem","position":2,"name":"Protest la T\u00e2rgu Secuiesc. Se str\u00e2ng semn\u0103turi pentru sc\u0103derea impozitelor"}]},{"@type":"WebSite","@id":"https:\/\/covasna45.ro\/#website","url":"https:\/\/covasna45.ro\/","name":"covasna45.ro","description":"","publisher":{"@id":"https:\/\/covasna45.ro\/#organization"},"potentialAction":[{"@type":"SearchAction","target":{"@type":"EntryPoint","urlTemplate":"https:\/\/covasna45.ro\/?s={search_term_string}"},"query-input":{"@type":"PropertyValueSpecification","valueRequired":true,"valueName":"search_term_string"}}],"inLanguage":"ro-RO"},{"@type":"Organization","@id":"https:\/\/covasna45.ro\/#organization","name":"covasna45.ro","url":"https:\/\/covasna45.ro\/","logo":{"@type":"ImageObject","inLanguage":"ro-RO","@id":"https:\/\/covasna45.ro\/#\/schema\/logo\/image\/","url":"https:\/\/covasna45.ro\/wp-content\/uploads\/2023\/01\/icon_logo.png","contentUrl":"https:\/\/covasna45.ro\/wp-content\/uploads\/2023\/01\/icon_logo.png","width":1900,"height":1900,"caption":"covasna45.ro"},"image":{"@id":"https:\/\/covasna45.ro\/#\/schema\/logo\/image\/"}},{"@type":"Person","@id":"https:\/\/covasna45.ro\/#\/schema\/person\/e674052bd7d95d70bbb007a1060ab73c","name":"Covasna45","image":{"@type":"ImageObject","inLanguage":"ro-RO","@id":"https:\/\/covasna45.ro\/wp-content\/uploads\/2025\/10\/icon_logo_covasna45-150x150.png","url":"https:\/\/covasna45.ro\/wp-content\/uploads\/2025\/10\/icon_logo_covasna45-150x150.png","contentUrl":"https:\/\/covasna45.ro\/wp-content\/uploads\/2025\/10\/icon_logo_covasna45-150x150.png","caption":"Covasna45"},"sameAs":["https:\/\/covasna45.ro"],"url":"https:\/\/covasna45.ro\/index.php\/author\/covasna\/"}]}},"_links":{"self":[{"href":"https:\/\/covasna45.ro\/index.php\/wp-json\/wp\/v2\/posts\/14754","targetHints":{"allow":["GET"]}}],"collection":[{"href":"https:\/\/covasna45.ro\/index.php\/wp-json\/wp\/v2\/posts"}],"about":[{"href":"https:\/\/covasna45.ro\/index.php\/wp-json\/wp\/v2\/types\/post"}],"author":[{"embeddable":true,"href":"https:\/\/covasna45.ro\/index.php\/wp-json\/wp\/v2\/users\/1"}],"replies":[{"embeddable":true,"href":"https:\/\/covasna45.ro\/index.php\/wp-json\/wp\/v2\/comments?post=14754"}],"version-history":[{"count":2,"href":"https:\/\/covasna45.ro\/index.php\/wp-json\/wp\/v2\/posts\/14754\/revisions"}],"predecessor-version":[{"id":14760,"href":"https:\/\/covasna45.ro\/index.php\/wp-json\/wp\/v2\/posts\/14754\/revisions\/14760"}],"wp:featuredmedia":[{"embeddable":true,"href":"https:\/\/covasna45.ro\/index.php\/wp-json\/wp\/v2\/media\/14756"}],"wp:attachment":[{"href":"https:\/\/covasna45.ro\/index.php\/wp-json\/wp\/v2\/media?parent=14754"}],"wp:term":[{"taxonomy":"category","embeddable":true,"href":"https:\/\/covasna45.ro\/index.php\/wp-json\/wp\/v2\/categories?post=14754"},{"taxonomy":"post_tag","embeddable":true,"href":"https:\/\/covasna45.ro\/index.php\/wp-json\/wp\/v2\/tags?post=14754"}],"curies":[{"name":"wp","href":"https:\/\/api.w.org\/{rel}","templated":true}]}}