{"id":14762,"date":"2026-01-28T16:55:33","date_gmt":"2026-01-28T14:55:33","guid":{"rendered":"https:\/\/covasna45.ro\/?p=14762"},"modified":"2026-01-28T16:56:09","modified_gmt":"2026-01-28T14:56:09","slug":"elena-lasconi-a-demisionat-de-la-conducerea-usr-campulung","status":"publish","type":"post","link":"https:\/\/covasna45.ro\/index.php\/lumea-noastra\/elena-lasconi-a-demisionat-de-la-conducerea-usr-campulung\/","title":{"rendered":"Elena Lasconi a demisionat de la conducerea USR C\u00e2mpulung"},"content":{"rendered":"\n<p>Elena Lasconi, fost candidat la pre\u0219edin\u021bie al USR \u0219i primar al municipiului C\u00e2mpulung Muscel, a spus c\u0103 nu are timp \u0219i de partid, \u0219i de prim\u0103rie.<\/p>\n\n\n\n<p>\u201eStau c\u00e2te 12 ore la prim\u0103rie. Nu am viceprimar, nu am city manager. Nu am avut conflicte cu nimeni. Doar c\u0103 mie mi se pare c\u0103 asta e un job foarte serios. Trebuie s\u0103 te ocupi, s\u0103 faci extindere. \u0218i nu \u00eemi mai permite timpul, adic\u0103 e prea mult\u201d, a spus ea pentru <a href=\"https:\/\/www.cotidianul.ro\/reactie-exclusiva-elena-lasconi-a-demisionat-de-la-sefia-filialei-usr-campulung\/\">Cotidianul<\/a>.<\/p>\n\n\n\n<p>Contactat\u0103 de <a href=\"https:\/\/hotnews.ro\/elena-lasconi-a-demisionat-de-la-sefia-usr-campulung-e-prea-mult-2160213?utm_source=facebook&amp;utm_medium=postare&amp;utm_campaign=facebook_hotnews&amp;fbclid=IwY2xjawPm8xRleHRuA2FlbQIxMABicmlkETFUOHVDY2tIZXhkRE9TZkZmc3J0YwZhcHBfaWQQMjIyMDM5MTc4ODIwMDg5MgABHnJRkjcdbgutPu3UivvfifSoXLQiumKBp1DPGRapikqo60p-08AFUuEwfBdD_aem_bzTG5ny6jmZKHUW8hzxSow\">HotNews<\/a>, Elena Lasconi a ad\u0103ugat: \u201e\u0218tiu c\u0103 e o cutum\u0103, \u00een special la PSD \u0219i PNL, ca pre\u0219edintele de filial\u0103 s\u0103 fie candidatul la func\u021bia de primar sau primarul, dar nu sunt de acord. Dac\u0103 stau 12-13 ore la prim\u0103rie \u0219i pe teren, c\u00e2nd pot s\u0103 mai fac \u0219edin\u021be de partid, sa fac extinderi, s\u0103 cresc echipa?\u201d<\/p>\n\n\n\n<h2 class=\"wp-block-heading\">Elena Lasconi devenise o \u201evulnerabilitate\u201d a USR, deoarece a acuzat de multe ori anularea alegerilor.<\/h2>\n\n\n\n<p>\u00cen iunie 2024, Elena Lasconi era aleas\u0103 pre\u0219edinta USR, dup\u0103 demisia lui C\u0103t\u0103lin Drul\u0103. \u00cen mai 2025, a doua zi dup\u0103 primul tur al alegerilor preziden\u021biale, aceasta a anun\u021bat c\u0103 demisioneaz\u0103 de la conducerea partidului, \u00een urma rezultatului slab de la alegeri.<\/p>\n\n\n\n<p>Pozi\u021bia sa \u00een partid era deja fragil\u0103, dup\u0103 ce mai mul\u021bi lideri importan\u021bi, \u00een frunte cu Dominic Fritz, au decis s\u0103 \u00eei retrag\u0103 sprijinul pentru alegeri, chiar \u00een campania electoral\u0103. \u00cen schimb, o parte considerabil\u0103 din liderii <a href=\"https:\/\/covasna45.ro\/index.php\/opinii\/printesa-elena-si-curtea-ei-oameni-noi-si-de-nimic-in-politica\/\">USR<\/a> anun\u021bau atunci c\u0103 \u00eel sus\u021bin pe Nicu\u0219or Dan, pentru c\u0103 ar avea mai multe \u0219anse de c\u00e2\u0219tig.<\/p>\n\n\n\n<p>Elena Lasconi a candidat \u0219i la alegerile preziden\u021biale din 2024 anulate de Curtea Constitu\u021bional\u0103 a Rom\u00e2niei. Aceasta a reu\u0219it s\u0103 se califice \u00een turul II al\u0103turi de C\u0103lin Georgescu, dup\u0103 ce l-a devansat pe Marcel Ciolacu (PSD) cu aproximativ 2.700 de voturi.<\/p>\n","protected":false},"excerpt":{"rendered":"<p>Elena Lasconi, fost candidat la pre\u0219edin\u021bie al USR \u0219i primar al municipiului C\u00e2mpulung Muscel, a spus c\u0103 nu are timp \u0219i de partid, \u0219i de prim\u0103rie. \u201eStau c\u00e2te 12 ore la prim\u0103rie. Nu am viceprimar, nu am city manager. Nu am avut conflicte cu nimeni. Doar c\u0103 mie mi se pare c\u0103 asta e un [&hellip;]<\/p>\n","protected":false},"author":1,"featured_media":14763,"comment_status":"open","ping_status":"closed","sticky":false,"template":"","format":"standard","meta":{"tdm_status":"","tdm_grid_status":"","footnotes":""},"categories":[14],"tags":[2687,1961],"class_list":{"0":"post-14762","1":"post","2":"type-post","3":"status-publish","4":"format-standard","5":"has-post-thumbnail","7":"category-lumea-noastra","8":"tag-elena-lasconi","9":"tag-usr"},"yoast_head":"<!-- This site is optimized with the Yoast SEO plugin v27.5 - https:\/\/yoast.com\/product\/yoast-seo-wordpress\/ -->\n<title>Elena Lasconi a demisionat de la conducerea USR C\u00e2mpulung - Covasna45<\/title>\n<meta name=\"description\" content=\"Elena Lasconi, fost candidat la pre\u0219edin\u021bie al USR \u0219i primar al municipiului C\u00e2mpulung Muscel, a spus c\u0103 nu are timp.\" \/>\n<meta name=\"robots\" content=\"index, follow, max-snippet:-1, max-image-preview:large, max-video-preview:-1\" \/>\n<link rel=\"canonical\" href=\"https:\/\/covasna45.ro\/index.php\/lumea-noastra\/elena-lasconi-a-demisionat-de-la-conducerea-usr-campulung\/\" \/>\n<meta property=\"og:locale\" content=\"ro_RO\" \/>\n<meta property=\"og:type\" content=\"article\" \/>\n<meta property=\"og:title\" content=\"Elena Lasconi a demisionat de la conducerea USR C\u00e2mpulung - Covasna45\" \/>\n<meta property=\"og:description\" content=\"Elena Lasconi, fost candidat la pre\u0219edin\u021bie al USR \u0219i primar al municipiului C\u00e2mpulung Muscel, a spus c\u0103 nu are timp.\" \/>\n<meta property=\"og:url\" content=\"https:\/\/covasna45.ro\/index.php\/lumea-noastra\/elena-lasconi-a-demisionat-de-la-conducerea-usr-campulung\/\" \/>\n<meta property=\"og:site_name\" content=\"Covasna45\" \/>\n<meta property=\"article:published_time\" content=\"2026-01-28T14:55:33+00:00\" \/>\n<meta property=\"article:modified_time\" content=\"2026-01-28T14:56:09+00:00\" \/>\n<meta property=\"og:image\" content=\"https:\/\/covasna45.ro\/wp-content\/uploads\/2026\/01\/elena-lasconi-demisie.jpg\" \/>\n\t<meta property=\"og:image:width\" content=\"1600\" \/>\n\t<meta property=\"og:image:height\" content=\"1067\" \/>\n\t<meta property=\"og:image:type\" content=\"image\/jpeg\" \/>\n<meta name=\"author\" content=\"Covasna45\" \/>\n<meta name=\"twitter:card\" content=\"summary_large_image\" \/>\n<meta name=\"twitter:label1\" content=\"Scris de\" \/>\n\t<meta name=\"twitter:data1\" content=\"Covasna45\" \/>\n\t<meta name=\"twitter:label2\" content=\"Timp estimat pentru citire\" \/>\n\t<meta name=\"twitter:data2\" content=\"2 minute\" \/>\n<script type=\"application\/ld+json\" class=\"yoast-schema-graph\">{\"@context\":\"https:\\\/\\\/schema.org\",\"@graph\":[{\"@type\":\"Article\",\"@id\":\"https:\\\/\\\/covasna45.ro\\\/index.php\\\/lumea-noastra\\\/elena-lasconi-a-demisionat-de-la-conducerea-usr-campulung\\\/#article\",\"isPartOf\":{\"@id\":\"https:\\\/\\\/covasna45.ro\\\/index.php\\\/lumea-noastra\\\/elena-lasconi-a-demisionat-de-la-conducerea-usr-campulung\\\/\"},\"author\":{\"name\":\"Covasna45\",\"@id\":\"https:\\\/\\\/covasna45.ro\\\/#\\\/schema\\\/person\\\/e674052bd7d95d70bbb007a1060ab73c\"},\"headline\":\"Elena Lasconi a demisionat de la conducerea USR C\u00e2mpulung\",\"datePublished\":\"2026-01-28T14:55:33+00:00\",\"dateModified\":\"2026-01-28T14:56:09+00:00\",\"mainEntityOfPage\":{\"@id\":\"https:\\\/\\\/covasna45.ro\\\/index.php\\\/lumea-noastra\\\/elena-lasconi-a-demisionat-de-la-conducerea-usr-campulung\\\/\"},\"wordCount\":328,\"commentCount\":0,\"publisher\":{\"@id\":\"https:\\\/\\\/covasna45.ro\\\/#organization\"},\"image\":{\"@id\":\"https:\\\/\\\/covasna45.ro\\\/index.php\\\/lumea-noastra\\\/elena-lasconi-a-demisionat-de-la-conducerea-usr-campulung\\\/#primaryimage\"},\"thumbnailUrl\":\"https:\\\/\\\/covasna45.ro\\\/wp-content\\\/uploads\\\/2026\\\/01\\\/elena-lasconi-demisie.jpg\",\"keywords\":[\"Elena Lasconi\",\"USR\"],\"articleSection\":[\"Lumea noastr\u0103\"],\"inLanguage\":\"ro-RO\",\"potentialAction\":[{\"@type\":\"CommentAction\",\"name\":\"Comment\",\"target\":[\"https:\\\/\\\/covasna45.ro\\\/index.php\\\/lumea-noastra\\\/elena-lasconi-a-demisionat-de-la-conducerea-usr-campulung\\\/#respond\"]}]},{\"@type\":\"WebPage\",\"@id\":\"https:\\\/\\\/covasna45.ro\\\/index.php\\\/lumea-noastra\\\/elena-lasconi-a-demisionat-de-la-conducerea-usr-campulung\\\/\",\"url\":\"https:\\\/\\\/covasna45.ro\\\/index.php\\\/lumea-noastra\\\/elena-lasconi-a-demisionat-de-la-conducerea-usr-campulung\\\/\",\"name\":\"Elena Lasconi a demisionat de la conducerea USR C\u00e2mpulung - Covasna45\",\"isPartOf\":{\"@id\":\"https:\\\/\\\/covasna45.ro\\\/#website\"},\"primaryImageOfPage\":{\"@id\":\"https:\\\/\\\/covasna45.ro\\\/index.php\\\/lumea-noastra\\\/elena-lasconi-a-demisionat-de-la-conducerea-usr-campulung\\\/#primaryimage\"},\"image\":{\"@id\":\"https:\\\/\\\/covasna45.ro\\\/index.php\\\/lumea-noastra\\\/elena-lasconi-a-demisionat-de-la-conducerea-usr-campulung\\\/#primaryimage\"},\"thumbnailUrl\":\"https:\\\/\\\/covasna45.ro\\\/wp-content\\\/uploads\\\/2026\\\/01\\\/elena-lasconi-demisie.jpg\",\"datePublished\":\"2026-01-28T14:55:33+00:00\",\"dateModified\":\"2026-01-28T14:56:09+00:00\",\"description\":\"Elena Lasconi, fost candidat la pre\u0219edin\u021bie al USR \u0219i primar al municipiului C\u00e2mpulung Muscel, a spus c\u0103 nu are timp.\",\"breadcrumb\":{\"@id\":\"https:\\\/\\\/covasna45.ro\\\/index.php\\\/lumea-noastra\\\/elena-lasconi-a-demisionat-de-la-conducerea-usr-campulung\\\/#breadcrumb\"},\"inLanguage\":\"ro-RO\",\"potentialAction\":[{\"@type\":\"ReadAction\",\"target\":[\"https:\\\/\\\/covasna45.ro\\\/index.php\\\/lumea-noastra\\\/elena-lasconi-a-demisionat-de-la-conducerea-usr-campulung\\\/\"]}]},{\"@type\":\"ImageObject\",\"inLanguage\":\"ro-RO\",\"@id\":\"https:\\\/\\\/covasna45.ro\\\/index.php\\\/lumea-noastra\\\/elena-lasconi-a-demisionat-de-la-conducerea-usr-campulung\\\/#primaryimage\",\"url\":\"https:\\\/\\\/covasna45.ro\\\/wp-content\\\/uploads\\\/2026\\\/01\\\/elena-lasconi-demisie.jpg\",\"contentUrl\":\"https:\\\/\\\/covasna45.ro\\\/wp-content\\\/uploads\\\/2026\\\/01\\\/elena-lasconi-demisie.jpg\",\"width\":1600,\"height\":1067},{\"@type\":\"BreadcrumbList\",\"@id\":\"https:\\\/\\\/covasna45.ro\\\/index.php\\\/lumea-noastra\\\/elena-lasconi-a-demisionat-de-la-conducerea-usr-campulung\\\/#breadcrumb\",\"itemListElement\":[{\"@type\":\"ListItem\",\"position\":1,\"name\":\"Prima pagin\u0103\",\"item\":\"https:\\\/\\\/covasna45.ro\\\/\"},{\"@type\":\"ListItem\",\"position\":2,\"name\":\"Elena Lasconi a demisionat de la conducerea USR C\u00e2mpulung\"}]},{\"@type\":\"WebSite\",\"@id\":\"https:\\\/\\\/covasna45.ro\\\/#website\",\"url\":\"https:\\\/\\\/covasna45.ro\\\/\",\"name\":\"covasna45.ro\",\"description\":\"\",\"publisher\":{\"@id\":\"https:\\\/\\\/covasna45.ro\\\/#organization\"},\"potentialAction\":[{\"@type\":\"SearchAction\",\"target\":{\"@type\":\"EntryPoint\",\"urlTemplate\":\"https:\\\/\\\/covasna45.ro\\\/?s={search_term_string}\"},\"query-input\":{\"@type\":\"PropertyValueSpecification\",\"valueRequired\":true,\"valueName\":\"search_term_string\"}}],\"inLanguage\":\"ro-RO\"},{\"@type\":\"Organization\",\"@id\":\"https:\\\/\\\/covasna45.ro\\\/#organization\",\"name\":\"covasna45.ro\",\"url\":\"https:\\\/\\\/covasna45.ro\\\/\",\"logo\":{\"@type\":\"ImageObject\",\"inLanguage\":\"ro-RO\",\"@id\":\"https:\\\/\\\/covasna45.ro\\\/#\\\/schema\\\/logo\\\/image\\\/\",\"url\":\"https:\\\/\\\/covasna45.ro\\\/wp-content\\\/uploads\\\/2023\\\/01\\\/icon_logo.png\",\"contentUrl\":\"https:\\\/\\\/covasna45.ro\\\/wp-content\\\/uploads\\\/2023\\\/01\\\/icon_logo.png\",\"width\":1900,\"height\":1900,\"caption\":\"covasna45.ro\"},\"image\":{\"@id\":\"https:\\\/\\\/covasna45.ro\\\/#\\\/schema\\\/logo\\\/image\\\/\"}},{\"@type\":\"Person\",\"@id\":\"https:\\\/\\\/covasna45.ro\\\/#\\\/schema\\\/person\\\/e674052bd7d95d70bbb007a1060ab73c\",\"name\":\"Covasna45\",\"image\":{\"@type\":\"ImageObject\",\"inLanguage\":\"ro-RO\",\"@id\":\"https:\\\/\\\/covasna45.ro\\\/wp-content\\\/uploads\\\/2025\\\/10\\\/icon_logo_covasna45-150x150.png\",\"url\":\"https:\\\/\\\/covasna45.ro\\\/wp-content\\\/uploads\\\/2025\\\/10\\\/icon_logo_covasna45-150x150.png\",\"contentUrl\":\"https:\\\/\\\/covasna45.ro\\\/wp-content\\\/uploads\\\/2025\\\/10\\\/icon_logo_covasna45-150x150.png\",\"caption\":\"Covasna45\"},\"sameAs\":[\"https:\\\/\\\/covasna45.ro\"],\"url\":\"https:\\\/\\\/covasna45.ro\\\/index.php\\\/author\\\/covasna\\\/\"}]}<\/script>\n<!-- \/ Yoast SEO plugin. -->","yoast_head_json":{"title":"Elena Lasconi a demisionat de la conducerea USR C\u00e2mpulung - Covasna45","description":"Elena Lasconi, fost candidat la pre\u0219edin\u021bie al USR \u0219i primar al municipiului C\u00e2mpulung Muscel, a spus c\u0103 nu are timp.","robots":{"index":"index","follow":"follow","max-snippet":"max-snippet:-1","max-image-preview":"max-image-preview:large","max-video-preview":"max-video-preview:-1"},"canonical":"https:\/\/covasna45.ro\/index.php\/lumea-noastra\/elena-lasconi-a-demisionat-de-la-conducerea-usr-campulung\/","og_locale":"ro_RO","og_type":"article","og_title":"Elena Lasconi a demisionat de la conducerea USR C\u00e2mpulung - Covasna45","og_description":"Elena Lasconi, fost candidat la pre\u0219edin\u021bie al USR \u0219i primar al municipiului C\u00e2mpulung Muscel, a spus c\u0103 nu are timp.","og_url":"https:\/\/covasna45.ro\/index.php\/lumea-noastra\/elena-lasconi-a-demisionat-de-la-conducerea-usr-campulung\/","og_site_name":"Covasna45","article_published_time":"2026-01-28T14:55:33+00:00","article_modified_time":"2026-01-28T14:56:09+00:00","og_image":[{"width":1600,"height":1067,"url":"https:\/\/covasna45.ro\/wp-content\/uploads\/2026\/01\/elena-lasconi-demisie.jpg","type":"image\/jpeg"}],"author":"Covasna45","twitter_card":"summary_large_image","twitter_misc":{"Scris de":"Covasna45","Timp estimat pentru citire":"2 minute"},"schema":{"@context":"https:\/\/schema.org","@graph":[{"@type":"Article","@id":"https:\/\/covasna45.ro\/index.php\/lumea-noastra\/elena-lasconi-a-demisionat-de-la-conducerea-usr-campulung\/#article","isPartOf":{"@id":"https:\/\/covasna45.ro\/index.php\/lumea-noastra\/elena-lasconi-a-demisionat-de-la-conducerea-usr-campulung\/"},"author":{"name":"Covasna45","@id":"https:\/\/covasna45.ro\/#\/schema\/person\/e674052bd7d95d70bbb007a1060ab73c"},"headline":"Elena Lasconi a demisionat de la conducerea USR C\u00e2mpulung","datePublished":"2026-01-28T14:55:33+00:00","dateModified":"2026-01-28T14:56:09+00:00","mainEntityOfPage":{"@id":"https:\/\/covasna45.ro\/index.php\/lumea-noastra\/elena-lasconi-a-demisionat-de-la-conducerea-usr-campulung\/"},"wordCount":328,"commentCount":0,"publisher":{"@id":"https:\/\/covasna45.ro\/#organization"},"image":{"@id":"https:\/\/covasna45.ro\/index.php\/lumea-noastra\/elena-lasconi-a-demisionat-de-la-conducerea-usr-campulung\/#primaryimage"},"thumbnailUrl":"https:\/\/covasna45.ro\/wp-content\/uploads\/2026\/01\/elena-lasconi-demisie.jpg","keywords":["Elena Lasconi","USR"],"articleSection":["Lumea noastr\u0103"],"inLanguage":"ro-RO","potentialAction":[{"@type":"CommentAction","name":"Comment","target":["https:\/\/covasna45.ro\/index.php\/lumea-noastra\/elena-lasconi-a-demisionat-de-la-conducerea-usr-campulung\/#respond"]}]},{"@type":"WebPage","@id":"https:\/\/covasna45.ro\/index.php\/lumea-noastra\/elena-lasconi-a-demisionat-de-la-conducerea-usr-campulung\/","url":"https:\/\/covasna45.ro\/index.php\/lumea-noastra\/elena-lasconi-a-demisionat-de-la-conducerea-usr-campulung\/","name":"Elena Lasconi a demisionat de la conducerea USR C\u00e2mpulung - Covasna45","isPartOf":{"@id":"https:\/\/covasna45.ro\/#website"},"primaryImageOfPage":{"@id":"https:\/\/covasna45.ro\/index.php\/lumea-noastra\/elena-lasconi-a-demisionat-de-la-conducerea-usr-campulung\/#primaryimage"},"image":{"@id":"https:\/\/covasna45.ro\/index.php\/lumea-noastra\/elena-lasconi-a-demisionat-de-la-conducerea-usr-campulung\/#primaryimage"},"thumbnailUrl":"https:\/\/covasna45.ro\/wp-content\/uploads\/2026\/01\/elena-lasconi-demisie.jpg","datePublished":"2026-01-28T14:55:33+00:00","dateModified":"2026-01-28T14:56:09+00:00","description":"Elena Lasconi, fost candidat la pre\u0219edin\u021bie al USR \u0219i primar al municipiului C\u00e2mpulung Muscel, a spus c\u0103 nu are timp.","breadcrumb":{"@id":"https:\/\/covasna45.ro\/index.php\/lumea-noastra\/elena-lasconi-a-demisionat-de-la-conducerea-usr-campulung\/#breadcrumb"},"inLanguage":"ro-RO","potentialAction":[{"@type":"ReadAction","target":["https:\/\/covasna45.ro\/index.php\/lumea-noastra\/elena-lasconi-a-demisionat-de-la-conducerea-usr-campulung\/"]}]},{"@type":"ImageObject","inLanguage":"ro-RO","@id":"https:\/\/covasna45.ro\/index.php\/lumea-noastra\/elena-lasconi-a-demisionat-de-la-conducerea-usr-campulung\/#primaryimage","url":"https:\/\/covasna45.ro\/wp-content\/uploads\/2026\/01\/elena-lasconi-demisie.jpg","contentUrl":"https:\/\/covasna45.ro\/wp-content\/uploads\/2026\/01\/elena-lasconi-demisie.jpg","width":1600,"height":1067},{"@type":"BreadcrumbList","@id":"https:\/\/covasna45.ro\/index.php\/lumea-noastra\/elena-lasconi-a-demisionat-de-la-conducerea-usr-campulung\/#breadcrumb","itemListElement":[{"@type":"ListItem","position":1,"name":"Prima pagin\u0103","item":"https:\/\/covasna45.ro\/"},{"@type":"ListItem","position":2,"name":"Elena Lasconi a demisionat de la conducerea USR C\u00e2mpulung"}]},{"@type":"WebSite","@id":"https:\/\/covasna45.ro\/#website","url":"https:\/\/covasna45.ro\/","name":"covasna45.ro","description":"","publisher":{"@id":"https:\/\/covasna45.ro\/#organization"},"potentialAction":[{"@type":"SearchAction","target":{"@type":"EntryPoint","urlTemplate":"https:\/\/covasna45.ro\/?s={search_term_string}"},"query-input":{"@type":"PropertyValueSpecification","valueRequired":true,"valueName":"search_term_string"}}],"inLanguage":"ro-RO"},{"@type":"Organization","@id":"https:\/\/covasna45.ro\/#organization","name":"covasna45.ro","url":"https:\/\/covasna45.ro\/","logo":{"@type":"ImageObject","inLanguage":"ro-RO","@id":"https:\/\/covasna45.ro\/#\/schema\/logo\/image\/","url":"https:\/\/covasna45.ro\/wp-content\/uploads\/2023\/01\/icon_logo.png","contentUrl":"https:\/\/covasna45.ro\/wp-content\/uploads\/2023\/01\/icon_logo.png","width":1900,"height":1900,"caption":"covasna45.ro"},"image":{"@id":"https:\/\/covasna45.ro\/#\/schema\/logo\/image\/"}},{"@type":"Person","@id":"https:\/\/covasna45.ro\/#\/schema\/person\/e674052bd7d95d70bbb007a1060ab73c","name":"Covasna45","image":{"@type":"ImageObject","inLanguage":"ro-RO","@id":"https:\/\/covasna45.ro\/wp-content\/uploads\/2025\/10\/icon_logo_covasna45-150x150.png","url":"https:\/\/covasna45.ro\/wp-content\/uploads\/2025\/10\/icon_logo_covasna45-150x150.png","contentUrl":"https:\/\/covasna45.ro\/wp-content\/uploads\/2025\/10\/icon_logo_covasna45-150x150.png","caption":"Covasna45"},"sameAs":["https:\/\/covasna45.ro"],"url":"https:\/\/covasna45.ro\/index.php\/author\/covasna\/"}]}},"_links":{"self":[{"href":"https:\/\/covasna45.ro\/index.php\/wp-json\/wp\/v2\/posts\/14762","targetHints":{"allow":["GET"]}}],"collection":[{"href":"https:\/\/covasna45.ro\/index.php\/wp-json\/wp\/v2\/posts"}],"about":[{"href":"https:\/\/covasna45.ro\/index.php\/wp-json\/wp\/v2\/types\/post"}],"author":[{"embeddable":true,"href":"https:\/\/covasna45.ro\/index.php\/wp-json\/wp\/v2\/users\/1"}],"replies":[{"embeddable":true,"href":"https:\/\/covasna45.ro\/index.php\/wp-json\/wp\/v2\/comments?post=14762"}],"version-history":[{"count":2,"href":"https:\/\/covasna45.ro\/index.php\/wp-json\/wp\/v2\/posts\/14762\/revisions"}],"predecessor-version":[{"id":14765,"href":"https:\/\/covasna45.ro\/index.php\/wp-json\/wp\/v2\/posts\/14762\/revisions\/14765"}],"wp:featuredmedia":[{"embeddable":true,"href":"https:\/\/covasna45.ro\/index.php\/wp-json\/wp\/v2\/media\/14763"}],"wp:attachment":[{"href":"https:\/\/covasna45.ro\/index.php\/wp-json\/wp\/v2\/media?parent=14762"}],"wp:term":[{"taxonomy":"category","embeddable":true,"href":"https:\/\/covasna45.ro\/index.php\/wp-json\/wp\/v2\/categories?post=14762"},{"taxonomy":"post_tag","embeddable":true,"href":"https:\/\/covasna45.ro\/index.php\/wp-json\/wp\/v2\/tags?post=14762"}],"curies":[{"name":"wp","href":"https:\/\/api.w.org\/{rel}","templated":true}]}}