{"id":14766,"date":"2026-01-29T09:39:12","date_gmt":"2026-01-29T07:39:12","guid":{"rendered":"https:\/\/covasna45.ro\/?p=14766"},"modified":"2026-01-29T09:39:12","modified_gmt":"2026-01-29T07:39:12","slug":"petitie-nationala-lansata-azi-in-ungaria-viktor-orban-cere-sprijin-anti-razboi","status":"publish","type":"post","link":"https:\/\/covasna45.ro\/index.php\/lumea-larga\/petitie-nationala-lansata-azi-in-ungaria-viktor-orban-cere-sprijin-anti-razboi\/","title":{"rendered":"Peti\u021bie na\u021bional\u0103 lansat\u0103 azi \u00een Ungaria: Viktor Orb\u00e1n cere sprijin anti-r\u0103zboi"},"content":{"rendered":"\n<p>Premierul Ungariei, Viktor Orb\u00e1n, lanseaz\u0103 ast\u0103zi o peti\u021bie na\u021bional\u0103. Aceasta le permite cet\u0103\u021benilor s\u0103-\u0219i exprime pozi\u021bia fa\u021b\u0103 de \u201econtinuarea finan\u021b\u0103rii r\u0103zboiului ruso-ucrainean\u201d, fa\u021b\u0103 de \u201efinan\u021barea statului ucrainean pentru urm\u0103torii 10 ani\u201d \u0219i fa\u021b\u0103 de \u201ecre\u0219terea pre\u021burilor la energie din cauza r\u0103zboiului\u201d.<\/p>\n\n\n\n<p>Cet\u0103\u021benii vor primi chestionarul prin po\u0219t\u0103 \u0219i pot indica dac\u0103 se opun propunerilor. Trebuie s\u0103 trimit\u0103 r\u0103spunsul p\u00e2n\u0103 pe 23 martie, cu trei s\u0103pt\u0103m\u00e2ni \u00eenainte de <a href=\"https:\/\/covasna45.ro\/index.php\/lumea-larga\/peter-magyar-i-a-furat-sloganul-de-campanie-lui-viktor-orban-si-il-vinde-catre-fidesz\/\">alegerile<\/a> din 12 aprilie.<\/p>\n\n\n\n<p>Viktor Orb\u00e1n a postat pe pagina sa de <a href=\"https:\/\/www.facebook.com\/orbanviktor\">Facebook<\/a> un mesaj clar: \u201eNu pl\u0103tim!\u201d<\/p>\n\n\n\n<figure class=\"wp-block-image size-large\"><img loading=\"lazy\" decoding=\"async\" width=\"1024\" height=\"1024\" src=\"https:\/\/covasna45.ro\/wp-content\/uploads\/2026\/01\/622367015_1457572322407028_4001084233447047653_n-1024x1024.jpg\" alt=\"\" class=\"wp-image-14767\" srcset=\"https:\/\/covasna45.ro\/wp-content\/uploads\/2026\/01\/622367015_1457572322407028_4001084233447047653_n-1024x1024.jpg 1024w, https:\/\/covasna45.ro\/wp-content\/uploads\/2026\/01\/622367015_1457572322407028_4001084233447047653_n-300x300.jpg 300w, https:\/\/covasna45.ro\/wp-content\/uploads\/2026\/01\/622367015_1457572322407028_4001084233447047653_n-150x150.jpg 150w, https:\/\/covasna45.ro\/wp-content\/uploads\/2026\/01\/622367015_1457572322407028_4001084233447047653_n-768x768.jpg 768w, https:\/\/covasna45.ro\/wp-content\/uploads\/2026\/01\/622367015_1457572322407028_4001084233447047653_n-1536x1536.jpg 1536w, https:\/\/covasna45.ro\/wp-content\/uploads\/2026\/01\/622367015_1457572322407028_4001084233447047653_n-696x696.jpg 696w, https:\/\/covasna45.ro\/wp-content\/uploads\/2026\/01\/622367015_1457572322407028_4001084233447047653_n-1068x1068.jpg 1068w, https:\/\/covasna45.ro\/wp-content\/uploads\/2026\/01\/622367015_1457572322407028_4001084233447047653_n-1920x1920.jpg 1920w, https:\/\/covasna45.ro\/wp-content\/uploads\/2026\/01\/622367015_1457572322407028_4001084233447047653_n.jpg 2048w\" sizes=\"auto, (max-width: 1024px) 100vw, 1024px\" \/><\/figure>\n\n\n\n<p>Potrivit <a href=\"https:\/\/magyarnemzet.hu\/belfold\/2026\/01\/nemzeti-peticio-orban-viktor-miniszterelnok-konzultacio\">presei maghiare<\/a>, premierul a subliniat c\u0103, dac\u0103 Ucraina ar fi acum membr\u0103 a UE, Uniunea s-ar afla \u00een conflict militar direct cu Rusia.<\/p>\n\n\n\n<p>\u201e<strong><em>Ucraina trebuie s\u0103 r\u0103m\u00e2n\u0103 \u00een afara Uniunii Europene, primirea ei reprezint\u0103 o situa\u021bie care pune via\u021ba \u00een pericol \u0219i o amenin\u021bare constant\u0103 de r\u0103zboi pentru Ungaria<\/em><\/strong>\u201d.<\/p>\n\n\n\n<p>Guvernul de la Budapesta a mai f\u0103cut o consultare public\u0103 \u00een toamna anului 2024, pe teme economice. 1,3 milioane de persoane \u0219i-au exprimat opiniile cu privire la aceste probleme, iar \u00eentre 95 \u0219i 99% din r\u0103spunsuri au sus\u021binut propunerile \u0219i pozi\u021bia guvernului.<\/p>\n","protected":false},"excerpt":{"rendered":"<p>Premierul Ungariei, Viktor Orb\u00e1n, lanseaz\u0103 ast\u0103zi o peti\u021bie na\u021bional\u0103. Aceasta le permite cet\u0103\u021benilor s\u0103-\u0219i exprime pozi\u021bia fa\u021b\u0103 de \u201econtinuarea finan\u021b\u0103rii r\u0103zboiului ruso-ucrainean\u201d, fa\u021b\u0103 de \u201efinan\u021barea statului ucrainean pentru urm\u0103torii 10 ani\u201d \u0219i fa\u021b\u0103 de \u201ecre\u0219terea pre\u021burilor la energie din cauza r\u0103zboiului\u201d. Cet\u0103\u021benii vor primi chestionarul prin po\u0219t\u0103 \u0219i pot indica dac\u0103 se opun propunerilor. Trebuie [&hellip;]<\/p>\n","protected":false},"author":1,"featured_media":14768,"comment_status":"open","ping_status":"closed","sticky":false,"template":"","format":"standard","meta":{"tdm_status":"","tdm_grid_status":"","footnotes":""},"categories":[10],"tags":[1565,116,108,66],"class_list":{"0":"post-14766","1":"post","2":"type-post","3":"status-publish","4":"format-standard","5":"has-post-thumbnail","7":"category-lumea-larga","8":"tag-petitie","9":"tag-ucraina","10":"tag-ungaria","11":"tag-viktor-orban"},"yoast_head":"<!-- This site is optimized with the Yoast SEO plugin v27.5 - https:\/\/yoast.com\/product\/yoast-seo-wordpress\/ -->\n<title>Peti\u021bie na\u021bional\u0103 lansat\u0103 azi \u00een Ungaria: Viktor Orb\u00e1n cere sprijin anti-r\u0103zboi - Covasna45<\/title>\n<meta name=\"description\" content=\"Premierul Ungariei, Viktor Orb\u00e1n, lanseaz\u0103 ast\u0103zi o peti\u021bie na\u021bional\u0103 fa\u021b\u0103 de \u201econtinuarea finan\u021b\u0103rii r\u0103zboiului ruso-ucrainean.\" \/>\n<meta name=\"robots\" content=\"index, follow, max-snippet:-1, max-image-preview:large, max-video-preview:-1\" \/>\n<link rel=\"canonical\" href=\"https:\/\/covasna45.ro\/index.php\/lumea-larga\/petitie-nationala-lansata-azi-in-ungaria-viktor-orban-cere-sprijin-anti-razboi\/\" \/>\n<meta property=\"og:locale\" content=\"ro_RO\" \/>\n<meta property=\"og:type\" content=\"article\" \/>\n<meta property=\"og:title\" content=\"Peti\u021bie na\u021bional\u0103 lansat\u0103 azi \u00een Ungaria: Viktor Orb\u00e1n cere sprijin anti-r\u0103zboi - Covasna45\" \/>\n<meta property=\"og:description\" content=\"Premierul Ungariei, Viktor Orb\u00e1n, lanseaz\u0103 ast\u0103zi o peti\u021bie na\u021bional\u0103 fa\u021b\u0103 de \u201econtinuarea finan\u021b\u0103rii r\u0103zboiului ruso-ucrainean.\" \/>\n<meta property=\"og:url\" content=\"https:\/\/covasna45.ro\/index.php\/lumea-larga\/petitie-nationala-lansata-azi-in-ungaria-viktor-orban-cere-sprijin-anti-razboi\/\" \/>\n<meta property=\"og:site_name\" content=\"Covasna45\" \/>\n<meta property=\"article:published_time\" content=\"2026-01-29T07:39:12+00:00\" \/>\n<meta property=\"og:image\" content=\"https:\/\/covasna45.ro\/wp-content\/uploads\/2026\/01\/vo.jpg\" \/>\n\t<meta property=\"og:image:width\" content=\"1850\" \/>\n\t<meta property=\"og:image:height\" content=\"918\" \/>\n\t<meta property=\"og:image:type\" content=\"image\/jpeg\" \/>\n<meta name=\"author\" content=\"Covasna45\" \/>\n<meta name=\"twitter:card\" content=\"summary_large_image\" \/>\n<meta name=\"twitter:label1\" content=\"Scris de\" \/>\n\t<meta name=\"twitter:data1\" content=\"Covasna45\" \/>\n\t<meta name=\"twitter:label2\" content=\"Timp estimat pentru citire\" \/>\n\t<meta name=\"twitter:data2\" content=\"2 minute\" \/>\n<script type=\"application\/ld+json\" class=\"yoast-schema-graph\">{\"@context\":\"https:\\\/\\\/schema.org\",\"@graph\":[{\"@type\":\"Article\",\"@id\":\"https:\\\/\\\/covasna45.ro\\\/index.php\\\/lumea-larga\\\/petitie-nationala-lansata-azi-in-ungaria-viktor-orban-cere-sprijin-anti-razboi\\\/#article\",\"isPartOf\":{\"@id\":\"https:\\\/\\\/covasna45.ro\\\/index.php\\\/lumea-larga\\\/petitie-nationala-lansata-azi-in-ungaria-viktor-orban-cere-sprijin-anti-razboi\\\/\"},\"author\":{\"name\":\"Covasna45\",\"@id\":\"https:\\\/\\\/covasna45.ro\\\/#\\\/schema\\\/person\\\/e674052bd7d95d70bbb007a1060ab73c\"},\"headline\":\"Peti\u021bie na\u021bional\u0103 lansat\u0103 azi \u00een Ungaria: Viktor Orb\u00e1n cere sprijin anti-r\u0103zboi\",\"datePublished\":\"2026-01-29T07:39:12+00:00\",\"mainEntityOfPage\":{\"@id\":\"https:\\\/\\\/covasna45.ro\\\/index.php\\\/lumea-larga\\\/petitie-nationala-lansata-azi-in-ungaria-viktor-orban-cere-sprijin-anti-razboi\\\/\"},\"wordCount\":219,\"commentCount\":0,\"publisher\":{\"@id\":\"https:\\\/\\\/covasna45.ro\\\/#organization\"},\"image\":{\"@id\":\"https:\\\/\\\/covasna45.ro\\\/index.php\\\/lumea-larga\\\/petitie-nationala-lansata-azi-in-ungaria-viktor-orban-cere-sprijin-anti-razboi\\\/#primaryimage\"},\"thumbnailUrl\":\"https:\\\/\\\/covasna45.ro\\\/wp-content\\\/uploads\\\/2026\\\/01\\\/vo.jpg\",\"keywords\":[\"Peti\u021bie\",\"Ucraina\",\"Ungaria\",\"Viktor Orban\"],\"articleSection\":[\"Lumea larg\u0103\"],\"inLanguage\":\"ro-RO\",\"potentialAction\":[{\"@type\":\"CommentAction\",\"name\":\"Comment\",\"target\":[\"https:\\\/\\\/covasna45.ro\\\/index.php\\\/lumea-larga\\\/petitie-nationala-lansata-azi-in-ungaria-viktor-orban-cere-sprijin-anti-razboi\\\/#respond\"]}]},{\"@type\":\"WebPage\",\"@id\":\"https:\\\/\\\/covasna45.ro\\\/index.php\\\/lumea-larga\\\/petitie-nationala-lansata-azi-in-ungaria-viktor-orban-cere-sprijin-anti-razboi\\\/\",\"url\":\"https:\\\/\\\/covasna45.ro\\\/index.php\\\/lumea-larga\\\/petitie-nationala-lansata-azi-in-ungaria-viktor-orban-cere-sprijin-anti-razboi\\\/\",\"name\":\"Peti\u021bie na\u021bional\u0103 lansat\u0103 azi \u00een Ungaria: Viktor Orb\u00e1n cere sprijin anti-r\u0103zboi - Covasna45\",\"isPartOf\":{\"@id\":\"https:\\\/\\\/covasna45.ro\\\/#website\"},\"primaryImageOfPage\":{\"@id\":\"https:\\\/\\\/covasna45.ro\\\/index.php\\\/lumea-larga\\\/petitie-nationala-lansata-azi-in-ungaria-viktor-orban-cere-sprijin-anti-razboi\\\/#primaryimage\"},\"image\":{\"@id\":\"https:\\\/\\\/covasna45.ro\\\/index.php\\\/lumea-larga\\\/petitie-nationala-lansata-azi-in-ungaria-viktor-orban-cere-sprijin-anti-razboi\\\/#primaryimage\"},\"thumbnailUrl\":\"https:\\\/\\\/covasna45.ro\\\/wp-content\\\/uploads\\\/2026\\\/01\\\/vo.jpg\",\"datePublished\":\"2026-01-29T07:39:12+00:00\",\"description\":\"Premierul Ungariei, Viktor Orb\u00e1n, lanseaz\u0103 ast\u0103zi o peti\u021bie na\u021bional\u0103 fa\u021b\u0103 de \u201econtinuarea finan\u021b\u0103rii r\u0103zboiului ruso-ucrainean.\",\"breadcrumb\":{\"@id\":\"https:\\\/\\\/covasna45.ro\\\/index.php\\\/lumea-larga\\\/petitie-nationala-lansata-azi-in-ungaria-viktor-orban-cere-sprijin-anti-razboi\\\/#breadcrumb\"},\"inLanguage\":\"ro-RO\",\"potentialAction\":[{\"@type\":\"ReadAction\",\"target\":[\"https:\\\/\\\/covasna45.ro\\\/index.php\\\/lumea-larga\\\/petitie-nationala-lansata-azi-in-ungaria-viktor-orban-cere-sprijin-anti-razboi\\\/\"]}]},{\"@type\":\"ImageObject\",\"inLanguage\":\"ro-RO\",\"@id\":\"https:\\\/\\\/covasna45.ro\\\/index.php\\\/lumea-larga\\\/petitie-nationala-lansata-azi-in-ungaria-viktor-orban-cere-sprijin-anti-razboi\\\/#primaryimage\",\"url\":\"https:\\\/\\\/covasna45.ro\\\/wp-content\\\/uploads\\\/2026\\\/01\\\/vo.jpg\",\"contentUrl\":\"https:\\\/\\\/covasna45.ro\\\/wp-content\\\/uploads\\\/2026\\\/01\\\/vo.jpg\",\"width\":1850,\"height\":918},{\"@type\":\"BreadcrumbList\",\"@id\":\"https:\\\/\\\/covasna45.ro\\\/index.php\\\/lumea-larga\\\/petitie-nationala-lansata-azi-in-ungaria-viktor-orban-cere-sprijin-anti-razboi\\\/#breadcrumb\",\"itemListElement\":[{\"@type\":\"ListItem\",\"position\":1,\"name\":\"Prima pagin\u0103\",\"item\":\"https:\\\/\\\/covasna45.ro\\\/\"},{\"@type\":\"ListItem\",\"position\":2,\"name\":\"Peti\u021bie na\u021bional\u0103 lansat\u0103 azi \u00een Ungaria: Viktor Orb\u00e1n cere sprijin anti-r\u0103zboi\"}]},{\"@type\":\"WebSite\",\"@id\":\"https:\\\/\\\/covasna45.ro\\\/#website\",\"url\":\"https:\\\/\\\/covasna45.ro\\\/\",\"name\":\"covasna45.ro\",\"description\":\"\",\"publisher\":{\"@id\":\"https:\\\/\\\/covasna45.ro\\\/#organization\"},\"potentialAction\":[{\"@type\":\"SearchAction\",\"target\":{\"@type\":\"EntryPoint\",\"urlTemplate\":\"https:\\\/\\\/covasna45.ro\\\/?s={search_term_string}\"},\"query-input\":{\"@type\":\"PropertyValueSpecification\",\"valueRequired\":true,\"valueName\":\"search_term_string\"}}],\"inLanguage\":\"ro-RO\"},{\"@type\":\"Organization\",\"@id\":\"https:\\\/\\\/covasna45.ro\\\/#organization\",\"name\":\"covasna45.ro\",\"url\":\"https:\\\/\\\/covasna45.ro\\\/\",\"logo\":{\"@type\":\"ImageObject\",\"inLanguage\":\"ro-RO\",\"@id\":\"https:\\\/\\\/covasna45.ro\\\/#\\\/schema\\\/logo\\\/image\\\/\",\"url\":\"https:\\\/\\\/covasna45.ro\\\/wp-content\\\/uploads\\\/2023\\\/01\\\/icon_logo.png\",\"contentUrl\":\"https:\\\/\\\/covasna45.ro\\\/wp-content\\\/uploads\\\/2023\\\/01\\\/icon_logo.png\",\"width\":1900,\"height\":1900,\"caption\":\"covasna45.ro\"},\"image\":{\"@id\":\"https:\\\/\\\/covasna45.ro\\\/#\\\/schema\\\/logo\\\/image\\\/\"}},{\"@type\":\"Person\",\"@id\":\"https:\\\/\\\/covasna45.ro\\\/#\\\/schema\\\/person\\\/e674052bd7d95d70bbb007a1060ab73c\",\"name\":\"Covasna45\",\"image\":{\"@type\":\"ImageObject\",\"inLanguage\":\"ro-RO\",\"@id\":\"https:\\\/\\\/covasna45.ro\\\/wp-content\\\/uploads\\\/2025\\\/10\\\/icon_logo_covasna45-150x150.png\",\"url\":\"https:\\\/\\\/covasna45.ro\\\/wp-content\\\/uploads\\\/2025\\\/10\\\/icon_logo_covasna45-150x150.png\",\"contentUrl\":\"https:\\\/\\\/covasna45.ro\\\/wp-content\\\/uploads\\\/2025\\\/10\\\/icon_logo_covasna45-150x150.png\",\"caption\":\"Covasna45\"},\"sameAs\":[\"https:\\\/\\\/covasna45.ro\"],\"url\":\"https:\\\/\\\/covasna45.ro\\\/index.php\\\/author\\\/covasna\\\/\"}]}<\/script>\n<!-- \/ Yoast SEO plugin. -->","yoast_head_json":{"title":"Peti\u021bie na\u021bional\u0103 lansat\u0103 azi \u00een Ungaria: Viktor Orb\u00e1n cere sprijin anti-r\u0103zboi - Covasna45","description":"Premierul Ungariei, Viktor Orb\u00e1n, lanseaz\u0103 ast\u0103zi o peti\u021bie na\u021bional\u0103 fa\u021b\u0103 de \u201econtinuarea finan\u021b\u0103rii r\u0103zboiului ruso-ucrainean.","robots":{"index":"index","follow":"follow","max-snippet":"max-snippet:-1","max-image-preview":"max-image-preview:large","max-video-preview":"max-video-preview:-1"},"canonical":"https:\/\/covasna45.ro\/index.php\/lumea-larga\/petitie-nationala-lansata-azi-in-ungaria-viktor-orban-cere-sprijin-anti-razboi\/","og_locale":"ro_RO","og_type":"article","og_title":"Peti\u021bie na\u021bional\u0103 lansat\u0103 azi \u00een Ungaria: Viktor Orb\u00e1n cere sprijin anti-r\u0103zboi - Covasna45","og_description":"Premierul Ungariei, Viktor Orb\u00e1n, lanseaz\u0103 ast\u0103zi o peti\u021bie na\u021bional\u0103 fa\u021b\u0103 de \u201econtinuarea finan\u021b\u0103rii r\u0103zboiului ruso-ucrainean.","og_url":"https:\/\/covasna45.ro\/index.php\/lumea-larga\/petitie-nationala-lansata-azi-in-ungaria-viktor-orban-cere-sprijin-anti-razboi\/","og_site_name":"Covasna45","article_published_time":"2026-01-29T07:39:12+00:00","og_image":[{"width":1850,"height":918,"url":"https:\/\/covasna45.ro\/wp-content\/uploads\/2026\/01\/vo.jpg","type":"image\/jpeg"}],"author":"Covasna45","twitter_card":"summary_large_image","twitter_misc":{"Scris de":"Covasna45","Timp estimat pentru citire":"2 minute"},"schema":{"@context":"https:\/\/schema.org","@graph":[{"@type":"Article","@id":"https:\/\/covasna45.ro\/index.php\/lumea-larga\/petitie-nationala-lansata-azi-in-ungaria-viktor-orban-cere-sprijin-anti-razboi\/#article","isPartOf":{"@id":"https:\/\/covasna45.ro\/index.php\/lumea-larga\/petitie-nationala-lansata-azi-in-ungaria-viktor-orban-cere-sprijin-anti-razboi\/"},"author":{"name":"Covasna45","@id":"https:\/\/covasna45.ro\/#\/schema\/person\/e674052bd7d95d70bbb007a1060ab73c"},"headline":"Peti\u021bie na\u021bional\u0103 lansat\u0103 azi \u00een Ungaria: Viktor Orb\u00e1n cere sprijin anti-r\u0103zboi","datePublished":"2026-01-29T07:39:12+00:00","mainEntityOfPage":{"@id":"https:\/\/covasna45.ro\/index.php\/lumea-larga\/petitie-nationala-lansata-azi-in-ungaria-viktor-orban-cere-sprijin-anti-razboi\/"},"wordCount":219,"commentCount":0,"publisher":{"@id":"https:\/\/covasna45.ro\/#organization"},"image":{"@id":"https:\/\/covasna45.ro\/index.php\/lumea-larga\/petitie-nationala-lansata-azi-in-ungaria-viktor-orban-cere-sprijin-anti-razboi\/#primaryimage"},"thumbnailUrl":"https:\/\/covasna45.ro\/wp-content\/uploads\/2026\/01\/vo.jpg","keywords":["Peti\u021bie","Ucraina","Ungaria","Viktor Orban"],"articleSection":["Lumea larg\u0103"],"inLanguage":"ro-RO","potentialAction":[{"@type":"CommentAction","name":"Comment","target":["https:\/\/covasna45.ro\/index.php\/lumea-larga\/petitie-nationala-lansata-azi-in-ungaria-viktor-orban-cere-sprijin-anti-razboi\/#respond"]}]},{"@type":"WebPage","@id":"https:\/\/covasna45.ro\/index.php\/lumea-larga\/petitie-nationala-lansata-azi-in-ungaria-viktor-orban-cere-sprijin-anti-razboi\/","url":"https:\/\/covasna45.ro\/index.php\/lumea-larga\/petitie-nationala-lansata-azi-in-ungaria-viktor-orban-cere-sprijin-anti-razboi\/","name":"Peti\u021bie na\u021bional\u0103 lansat\u0103 azi \u00een Ungaria: Viktor Orb\u00e1n cere sprijin anti-r\u0103zboi - Covasna45","isPartOf":{"@id":"https:\/\/covasna45.ro\/#website"},"primaryImageOfPage":{"@id":"https:\/\/covasna45.ro\/index.php\/lumea-larga\/petitie-nationala-lansata-azi-in-ungaria-viktor-orban-cere-sprijin-anti-razboi\/#primaryimage"},"image":{"@id":"https:\/\/covasna45.ro\/index.php\/lumea-larga\/petitie-nationala-lansata-azi-in-ungaria-viktor-orban-cere-sprijin-anti-razboi\/#primaryimage"},"thumbnailUrl":"https:\/\/covasna45.ro\/wp-content\/uploads\/2026\/01\/vo.jpg","datePublished":"2026-01-29T07:39:12+00:00","description":"Premierul Ungariei, Viktor Orb\u00e1n, lanseaz\u0103 ast\u0103zi o peti\u021bie na\u021bional\u0103 fa\u021b\u0103 de \u201econtinuarea finan\u021b\u0103rii r\u0103zboiului ruso-ucrainean.","breadcrumb":{"@id":"https:\/\/covasna45.ro\/index.php\/lumea-larga\/petitie-nationala-lansata-azi-in-ungaria-viktor-orban-cere-sprijin-anti-razboi\/#breadcrumb"},"inLanguage":"ro-RO","potentialAction":[{"@type":"ReadAction","target":["https:\/\/covasna45.ro\/index.php\/lumea-larga\/petitie-nationala-lansata-azi-in-ungaria-viktor-orban-cere-sprijin-anti-razboi\/"]}]},{"@type":"ImageObject","inLanguage":"ro-RO","@id":"https:\/\/covasna45.ro\/index.php\/lumea-larga\/petitie-nationala-lansata-azi-in-ungaria-viktor-orban-cere-sprijin-anti-razboi\/#primaryimage","url":"https:\/\/covasna45.ro\/wp-content\/uploads\/2026\/01\/vo.jpg","contentUrl":"https:\/\/covasna45.ro\/wp-content\/uploads\/2026\/01\/vo.jpg","width":1850,"height":918},{"@type":"BreadcrumbList","@id":"https:\/\/covasna45.ro\/index.php\/lumea-larga\/petitie-nationala-lansata-azi-in-ungaria-viktor-orban-cere-sprijin-anti-razboi\/#breadcrumb","itemListElement":[{"@type":"ListItem","position":1,"name":"Prima pagin\u0103","item":"https:\/\/covasna45.ro\/"},{"@type":"ListItem","position":2,"name":"Peti\u021bie na\u021bional\u0103 lansat\u0103 azi \u00een Ungaria: Viktor Orb\u00e1n cere sprijin anti-r\u0103zboi"}]},{"@type":"WebSite","@id":"https:\/\/covasna45.ro\/#website","url":"https:\/\/covasna45.ro\/","name":"covasna45.ro","description":"","publisher":{"@id":"https:\/\/covasna45.ro\/#organization"},"potentialAction":[{"@type":"SearchAction","target":{"@type":"EntryPoint","urlTemplate":"https:\/\/covasna45.ro\/?s={search_term_string}"},"query-input":{"@type":"PropertyValueSpecification","valueRequired":true,"valueName":"search_term_string"}}],"inLanguage":"ro-RO"},{"@type":"Organization","@id":"https:\/\/covasna45.ro\/#organization","name":"covasna45.ro","url":"https:\/\/covasna45.ro\/","logo":{"@type":"ImageObject","inLanguage":"ro-RO","@id":"https:\/\/covasna45.ro\/#\/schema\/logo\/image\/","url":"https:\/\/covasna45.ro\/wp-content\/uploads\/2023\/01\/icon_logo.png","contentUrl":"https:\/\/covasna45.ro\/wp-content\/uploads\/2023\/01\/icon_logo.png","width":1900,"height":1900,"caption":"covasna45.ro"},"image":{"@id":"https:\/\/covasna45.ro\/#\/schema\/logo\/image\/"}},{"@type":"Person","@id":"https:\/\/covasna45.ro\/#\/schema\/person\/e674052bd7d95d70bbb007a1060ab73c","name":"Covasna45","image":{"@type":"ImageObject","inLanguage":"ro-RO","@id":"https:\/\/covasna45.ro\/wp-content\/uploads\/2025\/10\/icon_logo_covasna45-150x150.png","url":"https:\/\/covasna45.ro\/wp-content\/uploads\/2025\/10\/icon_logo_covasna45-150x150.png","contentUrl":"https:\/\/covasna45.ro\/wp-content\/uploads\/2025\/10\/icon_logo_covasna45-150x150.png","caption":"Covasna45"},"sameAs":["https:\/\/covasna45.ro"],"url":"https:\/\/covasna45.ro\/index.php\/author\/covasna\/"}]}},"_links":{"self":[{"href":"https:\/\/covasna45.ro\/index.php\/wp-json\/wp\/v2\/posts\/14766","targetHints":{"allow":["GET"]}}],"collection":[{"href":"https:\/\/covasna45.ro\/index.php\/wp-json\/wp\/v2\/posts"}],"about":[{"href":"https:\/\/covasna45.ro\/index.php\/wp-json\/wp\/v2\/types\/post"}],"author":[{"embeddable":true,"href":"https:\/\/covasna45.ro\/index.php\/wp-json\/wp\/v2\/users\/1"}],"replies":[{"embeddable":true,"href":"https:\/\/covasna45.ro\/index.php\/wp-json\/wp\/v2\/comments?post=14766"}],"version-history":[{"count":1,"href":"https:\/\/covasna45.ro\/index.php\/wp-json\/wp\/v2\/posts\/14766\/revisions"}],"predecessor-version":[{"id":14769,"href":"https:\/\/covasna45.ro\/index.php\/wp-json\/wp\/v2\/posts\/14766\/revisions\/14769"}],"wp:featuredmedia":[{"embeddable":true,"href":"https:\/\/covasna45.ro\/index.php\/wp-json\/wp\/v2\/media\/14768"}],"wp:attachment":[{"href":"https:\/\/covasna45.ro\/index.php\/wp-json\/wp\/v2\/media?parent=14766"}],"wp:term":[{"taxonomy":"category","embeddable":true,"href":"https:\/\/covasna45.ro\/index.php\/wp-json\/wp\/v2\/categories?post=14766"},{"taxonomy":"post_tag","embeddable":true,"href":"https:\/\/covasna45.ro\/index.php\/wp-json\/wp\/v2\/tags?post=14766"}],"curies":[{"name":"wp","href":"https:\/\/api.w.org\/{rel}","templated":true}]}}