{"id":14773,"date":"2026-01-29T10:43:20","date_gmt":"2026-01-29T08:43:20","guid":{"rendered":"https:\/\/covasna45.ro\/?p=14773"},"modified":"2026-01-29T10:44:09","modified_gmt":"2026-01-29T08:44:09","slug":"zonele-prioritare-pentru-biodiversitate-aprobate-doar-cu-acordul-comunitatilor-locale","status":"publish","type":"post","link":"https:\/\/covasna45.ro\/index.php\/lumea-noastra\/zonele-prioritare-pentru-biodiversitate-aprobate-doar-cu-acordul-comunitatilor-locale\/","title":{"rendered":"Zonele prioritare pentru biodiversitate, aprobate doar cu acordul comunit\u0103\u021bilor locale"},"content":{"rendered":"\n<p>Ministerul Mediului, Apelor \u0219i P\u0103durilor a transmis ast\u0103zi \u00een avizare interministerial\u0103 proiectul de Ordonan\u021b\u0103 care reglementeaz\u0103 zonele prioritare pentru biodiversitate. Actul normativ reprezint\u0103 un jalon asumat de Rom\u00e2nia prin Planul Na\u021bional de Redresare \u0219i Rezilien\u021b\u0103 (PNRR).<\/p>\n\n\n\n<p>Rom\u00e2nia \u0219i-a asumat adoptarea acestui cadru legislativ, iar ne\u00eendeplinirea jalonului ar atrage penalit\u0103\u021bi financiare pentru statul rom\u00e2n, transmite, printr-un comunicat de pres\u0103, Ministerul Mediului.<\/p>\n\n\n\n<p>\u201e<strong><em>Schimb\u0103m paradigma complet fa\u021b\u0103 de cum au fost f\u0103cute lucrurile p\u00e2n\u0103 acum. Da, avem un jalon de \u00eendeplinit prin PNRR \u0219i da, ne dorim s\u0103 protej\u0103m comorile noastre na\u021bionale, dar nu \u00eempotriva comunit\u0103\u021bilor locale, ci al\u0103turi de ele. Am promis c\u0103 vom alege consensul \u0219i asta e ce am pus \u0219i \u00een proiectul de Ordonan\u021b\u0103 pe care l-am transmis \u00een Guvern<\/em><\/strong>. <\/p>\n\n\n\n<p><strong><em>Am ales deliberat o abordare bazat\u0103 pe consens, nu pe impunere, a\u0219adar. Vom avea dezbateri, iar zonele prioritare pentru biodiversitate vor fi declarate acolo unde exist\u0103 acord \u0219i unde comunit\u0103\u021bile locale sunt parte a solu\u021biei. <\/em><\/strong><\/p>\n\n\n\n<p><strong><em>De asemenea, este introdus explicit conceptul de management activ, pentru ca oamenii s\u0103 \u00ee\u0219i poat\u0103 continua activit\u0103\u021bile tradi\u021bionale: cosit, p\u0103\u0219unat, utiliz\u0103ri locale ale terenurilor. Protejarea biodiversit\u0103\u021bii nu \u00eenseamn\u0103 blocarea dezvolt\u0103rii locale. Vom \u00eendeplini acest jalon al\u0103turi de primari, al\u0103turi de comunit\u0103\u021bi, cu respect pentru natur\u0103 \u0219i pentru oameni, deopotriv\u0103<\/em><\/strong>\u201d, a declarat ministrul mediului, Diana Buzoianu.<\/p>\n\n\n\n<figure class=\"wp-block-image size-large\"><img loading=\"lazy\" decoding=\"async\" width=\"724\" height=\"1024\" src=\"https:\/\/covasna45.ro\/wp-content\/uploads\/2025\/06\/harta-zps-cv-724x1024.jpg\" alt=\"\" class=\"wp-image-11801\" srcset=\"https:\/\/covasna45.ro\/wp-content\/uploads\/2025\/06\/harta-zps-cv-724x1024.jpg 724w, https:\/\/covasna45.ro\/wp-content\/uploads\/2025\/06\/harta-zps-cv-212x300.jpg 212w, https:\/\/covasna45.ro\/wp-content\/uploads\/2025\/06\/harta-zps-cv-768x1086.jpg 768w, https:\/\/covasna45.ro\/wp-content\/uploads\/2025\/06\/harta-zps-cv-1086x1536.jpg 1086w, https:\/\/covasna45.ro\/wp-content\/uploads\/2025\/06\/harta-zps-cv-150x212.jpg 150w, https:\/\/covasna45.ro\/wp-content\/uploads\/2025\/06\/harta-zps-cv-300x424.jpg 300w, https:\/\/covasna45.ro\/wp-content\/uploads\/2025\/06\/harta-zps-cv-696x985.jpg 696w, https:\/\/covasna45.ro\/wp-content\/uploads\/2025\/06\/harta-zps-cv-1068x1511.jpg 1068w, https:\/\/covasna45.ro\/wp-content\/uploads\/2025\/06\/harta-zps-cv.jpg 1131w\" sizes=\"auto, (max-width: 724px) 100vw, 724px\" \/><\/figure>\n\n\n\n<h2 class=\"wp-block-heading\">F\u0103r\u0103 suprafe\u021be minime obligatorii<\/h2>\n\n\n\n<p>Proiectul de Ordonan\u021b\u0103 stabile\u0219te cadrul legal pentru delimitarea zonelor prioritare pentru biodiversitate, \u00een conformitate cu angajamentele asumate de Rom\u00e2nia prin PNRR, f\u0103r\u0103 impunerea unor procente fixe din teritoriul na\u021bional sau a unor suprafe\u021be minime obligatorii. Acest lucrupermite o abordare flexibil\u0103, adaptat\u0103 realit\u0103\u021bilor din teren, prin definirea unor zone strict protejate \u0219i a unor zone cu management activ, \u00een func\u021bie de specificul fiec\u0103rui teritoriu \u0219i de nevoile comunit\u0103\u021bilor locale.<\/p>\n\n\n\n<p>\u00cen ultimele luni, au fost primite numeroase observa\u021bii de la primari care au fost, o parte din ele, deja incluse \u00een limitele care vor fi propuse. \u00cen mod concret, pentru c\u0103 ne-am angajat s\u0103 fie adoptate limitele zonelor prioritare pentru biodiversitate cu acordul comunit\u0103\u021bilor, vom avea adoptate limitele abia dup\u0103 ce se g\u0103se\u0219te o solu\u021bie acceptat\u0103 de to\u021bi actorii implica\u021bi. Ne dorim, a\u0219adar, s\u0103 respect\u0103m \u0219i natura, dar s\u0103 nu bloc\u0103m proiecte de dezvoltare de la nivel local.<\/p>\n\n\n\n<p>\u201e<strong><em>\u00cen aceast\u0103 perioad\u0103, au loc consult\u0103ri reale \u0219i structurate cu autorit\u0103\u021bile locale, cu implicarea prefec\u021bilor, a prim\u0103riilor \u0219i a consiliilor jude\u021bene, iar limitele propuse au fost ajustate pe baza observa\u021biilor primite din teritoriu.<\/em><\/strong><\/p>\n\n\n\n<p>Proiectul transmis \u00een avizare interministerial\u0103 consacr\u0103 un model de implementare bazat pe acord institu\u021bional \u0219i sus\u021binere local\u0103, stabilind c\u0103 declararea zonelor prioritare pentru biodiversitate se face exclusiv cu acceptul autorit\u0103\u021bilor locale \u0219i al administratorilor \u0219i c\u0103 desemnarea acestora va avansa doar acolo unde exist\u0103 consens.<\/p>\n\n\n\n<p>Ministerul Mediului, Apelor \u0219i P\u0103durilor \u00ee\u0219i asum\u0103 implementarea acestui demers ca o politic\u0103 public\u0103 de echilibru, care demonstreaz\u0103 c\u0103 protejarea biodiversit\u0103\u021bii poate fi realizat\u0103 simultan cu dezvoltarea comunit\u0103\u021bilor locale, prin solu\u021bii construite \u00eempreun\u0103\u201d, se mai arat\u0103 \u00een comunicat.<\/p>\n\n\n\n<p>Sursa: <a href=\"https:\/\/mmediu.ro\/\">Ministerul Mediului<\/a><\/p>\n","protected":false},"excerpt":{"rendered":"<p>Ministerul Mediului, Apelor \u0219i P\u0103durilor a transmis ast\u0103zi \u00een avizare interministerial\u0103 proiectul de Ordonan\u021b\u0103 care reglementeaz\u0103 zonele prioritare pentru biodiversitate. Actul normativ reprezint\u0103 un jalon asumat de Rom\u00e2nia prin Planul Na\u021bional de Redresare \u0219i Rezilien\u021b\u0103 (PNRR). Rom\u00e2nia \u0219i-a asumat adoptarea acestui cadru legislativ, iar ne\u00eendeplinirea jalonului ar atrage penalit\u0103\u021bi financiare pentru statul rom\u00e2n, transmite, printr-un [&hellip;]<\/p>\n","protected":false},"author":1,"featured_media":8314,"comment_status":"open","ping_status":"closed","sticky":false,"template":"","format":"standard","meta":{"tdm_status":"","tdm_grid_status":"","footnotes":""},"categories":[14],"tags":[1880,971,3694],"class_list":{"0":"post-14773","1":"post","2":"type-post","3":"status-publish","4":"format-standard","5":"has-post-thumbnail","7":"category-lumea-noastra","8":"tag-biodiversitate","9":"tag-ministerul-mediului","10":"tag-protectie-2"},"yoast_head":"<!-- This site is optimized with the Yoast SEO plugin v27.5 - https:\/\/yoast.com\/product\/yoast-seo-wordpress\/ -->\n<title>Zonele prioritare pentru biodiversitate, aprobate doar cu acordul comunit\u0103\u021bilor locale - Covasna45<\/title>\n<meta name=\"description\" content=\"Ministerul Mediului, Apelor \u0219i P\u0103durilor a transmis proiectul de Ordonan\u021b\u0103 care reglementeaz\u0103 zonele prioritare pentru biodiversitate.\" \/>\n<meta name=\"robots\" content=\"index, follow, max-snippet:-1, max-image-preview:large, max-video-preview:-1\" \/>\n<link rel=\"canonical\" href=\"https:\/\/covasna45.ro\/index.php\/lumea-noastra\/zonele-prioritare-pentru-biodiversitate-aprobate-doar-cu-acordul-comunitatilor-locale\/\" \/>\n<meta property=\"og:locale\" content=\"ro_RO\" \/>\n<meta property=\"og:type\" content=\"article\" \/>\n<meta property=\"og:title\" content=\"Zonele prioritare pentru biodiversitate, aprobate doar cu acordul comunit\u0103\u021bilor locale - Covasna45\" \/>\n<meta property=\"og:description\" content=\"Ministerul Mediului, Apelor \u0219i P\u0103durilor a transmis proiectul de Ordonan\u021b\u0103 care reglementeaz\u0103 zonele prioritare pentru biodiversitate.\" \/>\n<meta property=\"og:url\" content=\"https:\/\/covasna45.ro\/index.php\/lumea-noastra\/zonele-prioritare-pentru-biodiversitate-aprobate-doar-cu-acordul-comunitatilor-locale\/\" \/>\n<meta property=\"og:site_name\" content=\"Covasna45\" \/>\n<meta property=\"article:published_time\" content=\"2026-01-29T08:43:20+00:00\" \/>\n<meta property=\"article:modified_time\" content=\"2026-01-29T08:44:09+00:00\" \/>\n<meta property=\"og:image\" content=\"https:\/\/covasna45.ro\/wp-content\/uploads\/2024\/10\/padure.jpeg\" \/>\n\t<meta property=\"og:image:width\" content=\"2040\" \/>\n\t<meta property=\"og:image:height\" content=\"1530\" \/>\n\t<meta property=\"og:image:type\" content=\"image\/jpeg\" \/>\n<meta name=\"author\" content=\"Covasna45\" \/>\n<meta name=\"twitter:card\" content=\"summary_large_image\" \/>\n<meta name=\"twitter:label1\" content=\"Scris de\" \/>\n\t<meta name=\"twitter:data1\" content=\"Covasna45\" \/>\n\t<meta name=\"twitter:label2\" content=\"Timp estimat pentru citire\" \/>\n\t<meta name=\"twitter:data2\" content=\"4 minute\" \/>\n<script type=\"application\/ld+json\" class=\"yoast-schema-graph\">{\"@context\":\"https:\\\/\\\/schema.org\",\"@graph\":[{\"@type\":\"Article\",\"@id\":\"https:\\\/\\\/covasna45.ro\\\/index.php\\\/lumea-noastra\\\/zonele-prioritare-pentru-biodiversitate-aprobate-doar-cu-acordul-comunitatilor-locale\\\/#article\",\"isPartOf\":{\"@id\":\"https:\\\/\\\/covasna45.ro\\\/index.php\\\/lumea-noastra\\\/zonele-prioritare-pentru-biodiversitate-aprobate-doar-cu-acordul-comunitatilor-locale\\\/\"},\"author\":{\"name\":\"Covasna45\",\"@id\":\"https:\\\/\\\/covasna45.ro\\\/#\\\/schema\\\/person\\\/e674052bd7d95d70bbb007a1060ab73c\"},\"headline\":\"Zonele prioritare pentru biodiversitate, aprobate doar cu acordul comunit\u0103\u021bilor locale\",\"datePublished\":\"2026-01-29T08:43:20+00:00\",\"dateModified\":\"2026-01-29T08:44:09+00:00\",\"mainEntityOfPage\":{\"@id\":\"https:\\\/\\\/covasna45.ro\\\/index.php\\\/lumea-noastra\\\/zonele-prioritare-pentru-biodiversitate-aprobate-doar-cu-acordul-comunitatilor-locale\\\/\"},\"wordCount\":552,\"commentCount\":0,\"publisher\":{\"@id\":\"https:\\\/\\\/covasna45.ro\\\/#organization\"},\"image\":{\"@id\":\"https:\\\/\\\/covasna45.ro\\\/index.php\\\/lumea-noastra\\\/zonele-prioritare-pentru-biodiversitate-aprobate-doar-cu-acordul-comunitatilor-locale\\\/#primaryimage\"},\"thumbnailUrl\":\"https:\\\/\\\/covasna45.ro\\\/wp-content\\\/uploads\\\/2024\\\/10\\\/padure.jpeg\",\"keywords\":[\"Biodiversitate\",\"Ministerul Mediului\",\"protectie\"],\"articleSection\":[\"Lumea noastr\u0103\"],\"inLanguage\":\"ro-RO\",\"potentialAction\":[{\"@type\":\"CommentAction\",\"name\":\"Comment\",\"target\":[\"https:\\\/\\\/covasna45.ro\\\/index.php\\\/lumea-noastra\\\/zonele-prioritare-pentru-biodiversitate-aprobate-doar-cu-acordul-comunitatilor-locale\\\/#respond\"]}]},{\"@type\":\"WebPage\",\"@id\":\"https:\\\/\\\/covasna45.ro\\\/index.php\\\/lumea-noastra\\\/zonele-prioritare-pentru-biodiversitate-aprobate-doar-cu-acordul-comunitatilor-locale\\\/\",\"url\":\"https:\\\/\\\/covasna45.ro\\\/index.php\\\/lumea-noastra\\\/zonele-prioritare-pentru-biodiversitate-aprobate-doar-cu-acordul-comunitatilor-locale\\\/\",\"name\":\"Zonele prioritare pentru biodiversitate, aprobate doar cu acordul comunit\u0103\u021bilor locale - Covasna45\",\"isPartOf\":{\"@id\":\"https:\\\/\\\/covasna45.ro\\\/#website\"},\"primaryImageOfPage\":{\"@id\":\"https:\\\/\\\/covasna45.ro\\\/index.php\\\/lumea-noastra\\\/zonele-prioritare-pentru-biodiversitate-aprobate-doar-cu-acordul-comunitatilor-locale\\\/#primaryimage\"},\"image\":{\"@id\":\"https:\\\/\\\/covasna45.ro\\\/index.php\\\/lumea-noastra\\\/zonele-prioritare-pentru-biodiversitate-aprobate-doar-cu-acordul-comunitatilor-locale\\\/#primaryimage\"},\"thumbnailUrl\":\"https:\\\/\\\/covasna45.ro\\\/wp-content\\\/uploads\\\/2024\\\/10\\\/padure.jpeg\",\"datePublished\":\"2026-01-29T08:43:20+00:00\",\"dateModified\":\"2026-01-29T08:44:09+00:00\",\"description\":\"Ministerul Mediului, Apelor \u0219i P\u0103durilor a transmis proiectul de Ordonan\u021b\u0103 care reglementeaz\u0103 zonele prioritare pentru biodiversitate.\",\"breadcrumb\":{\"@id\":\"https:\\\/\\\/covasna45.ro\\\/index.php\\\/lumea-noastra\\\/zonele-prioritare-pentru-biodiversitate-aprobate-doar-cu-acordul-comunitatilor-locale\\\/#breadcrumb\"},\"inLanguage\":\"ro-RO\",\"potentialAction\":[{\"@type\":\"ReadAction\",\"target\":[\"https:\\\/\\\/covasna45.ro\\\/index.php\\\/lumea-noastra\\\/zonele-prioritare-pentru-biodiversitate-aprobate-doar-cu-acordul-comunitatilor-locale\\\/\"]}]},{\"@type\":\"ImageObject\",\"inLanguage\":\"ro-RO\",\"@id\":\"https:\\\/\\\/covasna45.ro\\\/index.php\\\/lumea-noastra\\\/zonele-prioritare-pentru-biodiversitate-aprobate-doar-cu-acordul-comunitatilor-locale\\\/#primaryimage\",\"url\":\"https:\\\/\\\/covasna45.ro\\\/wp-content\\\/uploads\\\/2024\\\/10\\\/padure.jpeg\",\"contentUrl\":\"https:\\\/\\\/covasna45.ro\\\/wp-content\\\/uploads\\\/2024\\\/10\\\/padure.jpeg\",\"width\":2040,\"height\":1530},{\"@type\":\"BreadcrumbList\",\"@id\":\"https:\\\/\\\/covasna45.ro\\\/index.php\\\/lumea-noastra\\\/zonele-prioritare-pentru-biodiversitate-aprobate-doar-cu-acordul-comunitatilor-locale\\\/#breadcrumb\",\"itemListElement\":[{\"@type\":\"ListItem\",\"position\":1,\"name\":\"Prima pagin\u0103\",\"item\":\"https:\\\/\\\/covasna45.ro\\\/\"},{\"@type\":\"ListItem\",\"position\":2,\"name\":\"Zonele prioritare pentru biodiversitate, aprobate doar cu acordul comunit\u0103\u021bilor locale\"}]},{\"@type\":\"WebSite\",\"@id\":\"https:\\\/\\\/covasna45.ro\\\/#website\",\"url\":\"https:\\\/\\\/covasna45.ro\\\/\",\"name\":\"covasna45.ro\",\"description\":\"\",\"publisher\":{\"@id\":\"https:\\\/\\\/covasna45.ro\\\/#organization\"},\"potentialAction\":[{\"@type\":\"SearchAction\",\"target\":{\"@type\":\"EntryPoint\",\"urlTemplate\":\"https:\\\/\\\/covasna45.ro\\\/?s={search_term_string}\"},\"query-input\":{\"@type\":\"PropertyValueSpecification\",\"valueRequired\":true,\"valueName\":\"search_term_string\"}}],\"inLanguage\":\"ro-RO\"},{\"@type\":\"Organization\",\"@id\":\"https:\\\/\\\/covasna45.ro\\\/#organization\",\"name\":\"covasna45.ro\",\"url\":\"https:\\\/\\\/covasna45.ro\\\/\",\"logo\":{\"@type\":\"ImageObject\",\"inLanguage\":\"ro-RO\",\"@id\":\"https:\\\/\\\/covasna45.ro\\\/#\\\/schema\\\/logo\\\/image\\\/\",\"url\":\"https:\\\/\\\/covasna45.ro\\\/wp-content\\\/uploads\\\/2023\\\/01\\\/icon_logo.png\",\"contentUrl\":\"https:\\\/\\\/covasna45.ro\\\/wp-content\\\/uploads\\\/2023\\\/01\\\/icon_logo.png\",\"width\":1900,\"height\":1900,\"caption\":\"covasna45.ro\"},\"image\":{\"@id\":\"https:\\\/\\\/covasna45.ro\\\/#\\\/schema\\\/logo\\\/image\\\/\"}},{\"@type\":\"Person\",\"@id\":\"https:\\\/\\\/covasna45.ro\\\/#\\\/schema\\\/person\\\/e674052bd7d95d70bbb007a1060ab73c\",\"name\":\"Covasna45\",\"image\":{\"@type\":\"ImageObject\",\"inLanguage\":\"ro-RO\",\"@id\":\"https:\\\/\\\/covasna45.ro\\\/wp-content\\\/uploads\\\/2025\\\/10\\\/icon_logo_covasna45-150x150.png\",\"url\":\"https:\\\/\\\/covasna45.ro\\\/wp-content\\\/uploads\\\/2025\\\/10\\\/icon_logo_covasna45-150x150.png\",\"contentUrl\":\"https:\\\/\\\/covasna45.ro\\\/wp-content\\\/uploads\\\/2025\\\/10\\\/icon_logo_covasna45-150x150.png\",\"caption\":\"Covasna45\"},\"sameAs\":[\"https:\\\/\\\/covasna45.ro\"],\"url\":\"https:\\\/\\\/covasna45.ro\\\/index.php\\\/author\\\/covasna\\\/\"}]}<\/script>\n<!-- \/ Yoast SEO plugin. -->","yoast_head_json":{"title":"Zonele prioritare pentru biodiversitate, aprobate doar cu acordul comunit\u0103\u021bilor locale - Covasna45","description":"Ministerul Mediului, Apelor \u0219i P\u0103durilor a transmis proiectul de Ordonan\u021b\u0103 care reglementeaz\u0103 zonele prioritare pentru biodiversitate.","robots":{"index":"index","follow":"follow","max-snippet":"max-snippet:-1","max-image-preview":"max-image-preview:large","max-video-preview":"max-video-preview:-1"},"canonical":"https:\/\/covasna45.ro\/index.php\/lumea-noastra\/zonele-prioritare-pentru-biodiversitate-aprobate-doar-cu-acordul-comunitatilor-locale\/","og_locale":"ro_RO","og_type":"article","og_title":"Zonele prioritare pentru biodiversitate, aprobate doar cu acordul comunit\u0103\u021bilor locale - Covasna45","og_description":"Ministerul Mediului, Apelor \u0219i P\u0103durilor a transmis proiectul de Ordonan\u021b\u0103 care reglementeaz\u0103 zonele prioritare pentru biodiversitate.","og_url":"https:\/\/covasna45.ro\/index.php\/lumea-noastra\/zonele-prioritare-pentru-biodiversitate-aprobate-doar-cu-acordul-comunitatilor-locale\/","og_site_name":"Covasna45","article_published_time":"2026-01-29T08:43:20+00:00","article_modified_time":"2026-01-29T08:44:09+00:00","og_image":[{"width":2040,"height":1530,"url":"https:\/\/covasna45.ro\/wp-content\/uploads\/2024\/10\/padure.jpeg","type":"image\/jpeg"}],"author":"Covasna45","twitter_card":"summary_large_image","twitter_misc":{"Scris de":"Covasna45","Timp estimat pentru citire":"4 minute"},"schema":{"@context":"https:\/\/schema.org","@graph":[{"@type":"Article","@id":"https:\/\/covasna45.ro\/index.php\/lumea-noastra\/zonele-prioritare-pentru-biodiversitate-aprobate-doar-cu-acordul-comunitatilor-locale\/#article","isPartOf":{"@id":"https:\/\/covasna45.ro\/index.php\/lumea-noastra\/zonele-prioritare-pentru-biodiversitate-aprobate-doar-cu-acordul-comunitatilor-locale\/"},"author":{"name":"Covasna45","@id":"https:\/\/covasna45.ro\/#\/schema\/person\/e674052bd7d95d70bbb007a1060ab73c"},"headline":"Zonele prioritare pentru biodiversitate, aprobate doar cu acordul comunit\u0103\u021bilor locale","datePublished":"2026-01-29T08:43:20+00:00","dateModified":"2026-01-29T08:44:09+00:00","mainEntityOfPage":{"@id":"https:\/\/covasna45.ro\/index.php\/lumea-noastra\/zonele-prioritare-pentru-biodiversitate-aprobate-doar-cu-acordul-comunitatilor-locale\/"},"wordCount":552,"commentCount":0,"publisher":{"@id":"https:\/\/covasna45.ro\/#organization"},"image":{"@id":"https:\/\/covasna45.ro\/index.php\/lumea-noastra\/zonele-prioritare-pentru-biodiversitate-aprobate-doar-cu-acordul-comunitatilor-locale\/#primaryimage"},"thumbnailUrl":"https:\/\/covasna45.ro\/wp-content\/uploads\/2024\/10\/padure.jpeg","keywords":["Biodiversitate","Ministerul Mediului","protectie"],"articleSection":["Lumea noastr\u0103"],"inLanguage":"ro-RO","potentialAction":[{"@type":"CommentAction","name":"Comment","target":["https:\/\/covasna45.ro\/index.php\/lumea-noastra\/zonele-prioritare-pentru-biodiversitate-aprobate-doar-cu-acordul-comunitatilor-locale\/#respond"]}]},{"@type":"WebPage","@id":"https:\/\/covasna45.ro\/index.php\/lumea-noastra\/zonele-prioritare-pentru-biodiversitate-aprobate-doar-cu-acordul-comunitatilor-locale\/","url":"https:\/\/covasna45.ro\/index.php\/lumea-noastra\/zonele-prioritare-pentru-biodiversitate-aprobate-doar-cu-acordul-comunitatilor-locale\/","name":"Zonele prioritare pentru biodiversitate, aprobate doar cu acordul comunit\u0103\u021bilor locale - Covasna45","isPartOf":{"@id":"https:\/\/covasna45.ro\/#website"},"primaryImageOfPage":{"@id":"https:\/\/covasna45.ro\/index.php\/lumea-noastra\/zonele-prioritare-pentru-biodiversitate-aprobate-doar-cu-acordul-comunitatilor-locale\/#primaryimage"},"image":{"@id":"https:\/\/covasna45.ro\/index.php\/lumea-noastra\/zonele-prioritare-pentru-biodiversitate-aprobate-doar-cu-acordul-comunitatilor-locale\/#primaryimage"},"thumbnailUrl":"https:\/\/covasna45.ro\/wp-content\/uploads\/2024\/10\/padure.jpeg","datePublished":"2026-01-29T08:43:20+00:00","dateModified":"2026-01-29T08:44:09+00:00","description":"Ministerul Mediului, Apelor \u0219i P\u0103durilor a transmis proiectul de Ordonan\u021b\u0103 care reglementeaz\u0103 zonele prioritare pentru biodiversitate.","breadcrumb":{"@id":"https:\/\/covasna45.ro\/index.php\/lumea-noastra\/zonele-prioritare-pentru-biodiversitate-aprobate-doar-cu-acordul-comunitatilor-locale\/#breadcrumb"},"inLanguage":"ro-RO","potentialAction":[{"@type":"ReadAction","target":["https:\/\/covasna45.ro\/index.php\/lumea-noastra\/zonele-prioritare-pentru-biodiversitate-aprobate-doar-cu-acordul-comunitatilor-locale\/"]}]},{"@type":"ImageObject","inLanguage":"ro-RO","@id":"https:\/\/covasna45.ro\/index.php\/lumea-noastra\/zonele-prioritare-pentru-biodiversitate-aprobate-doar-cu-acordul-comunitatilor-locale\/#primaryimage","url":"https:\/\/covasna45.ro\/wp-content\/uploads\/2024\/10\/padure.jpeg","contentUrl":"https:\/\/covasna45.ro\/wp-content\/uploads\/2024\/10\/padure.jpeg","width":2040,"height":1530},{"@type":"BreadcrumbList","@id":"https:\/\/covasna45.ro\/index.php\/lumea-noastra\/zonele-prioritare-pentru-biodiversitate-aprobate-doar-cu-acordul-comunitatilor-locale\/#breadcrumb","itemListElement":[{"@type":"ListItem","position":1,"name":"Prima pagin\u0103","item":"https:\/\/covasna45.ro\/"},{"@type":"ListItem","position":2,"name":"Zonele prioritare pentru biodiversitate, aprobate doar cu acordul comunit\u0103\u021bilor locale"}]},{"@type":"WebSite","@id":"https:\/\/covasna45.ro\/#website","url":"https:\/\/covasna45.ro\/","name":"covasna45.ro","description":"","publisher":{"@id":"https:\/\/covasna45.ro\/#organization"},"potentialAction":[{"@type":"SearchAction","target":{"@type":"EntryPoint","urlTemplate":"https:\/\/covasna45.ro\/?s={search_term_string}"},"query-input":{"@type":"PropertyValueSpecification","valueRequired":true,"valueName":"search_term_string"}}],"inLanguage":"ro-RO"},{"@type":"Organization","@id":"https:\/\/covasna45.ro\/#organization","name":"covasna45.ro","url":"https:\/\/covasna45.ro\/","logo":{"@type":"ImageObject","inLanguage":"ro-RO","@id":"https:\/\/covasna45.ro\/#\/schema\/logo\/image\/","url":"https:\/\/covasna45.ro\/wp-content\/uploads\/2023\/01\/icon_logo.png","contentUrl":"https:\/\/covasna45.ro\/wp-content\/uploads\/2023\/01\/icon_logo.png","width":1900,"height":1900,"caption":"covasna45.ro"},"image":{"@id":"https:\/\/covasna45.ro\/#\/schema\/logo\/image\/"}},{"@type":"Person","@id":"https:\/\/covasna45.ro\/#\/schema\/person\/e674052bd7d95d70bbb007a1060ab73c","name":"Covasna45","image":{"@type":"ImageObject","inLanguage":"ro-RO","@id":"https:\/\/covasna45.ro\/wp-content\/uploads\/2025\/10\/icon_logo_covasna45-150x150.png","url":"https:\/\/covasna45.ro\/wp-content\/uploads\/2025\/10\/icon_logo_covasna45-150x150.png","contentUrl":"https:\/\/covasna45.ro\/wp-content\/uploads\/2025\/10\/icon_logo_covasna45-150x150.png","caption":"Covasna45"},"sameAs":["https:\/\/covasna45.ro"],"url":"https:\/\/covasna45.ro\/index.php\/author\/covasna\/"}]}},"_links":{"self":[{"href":"https:\/\/covasna45.ro\/index.php\/wp-json\/wp\/v2\/posts\/14773","targetHints":{"allow":["GET"]}}],"collection":[{"href":"https:\/\/covasna45.ro\/index.php\/wp-json\/wp\/v2\/posts"}],"about":[{"href":"https:\/\/covasna45.ro\/index.php\/wp-json\/wp\/v2\/types\/post"}],"author":[{"embeddable":true,"href":"https:\/\/covasna45.ro\/index.php\/wp-json\/wp\/v2\/users\/1"}],"replies":[{"embeddable":true,"href":"https:\/\/covasna45.ro\/index.php\/wp-json\/wp\/v2\/comments?post=14773"}],"version-history":[{"count":2,"href":"https:\/\/covasna45.ro\/index.php\/wp-json\/wp\/v2\/posts\/14773\/revisions"}],"predecessor-version":[{"id":14775,"href":"https:\/\/covasna45.ro\/index.php\/wp-json\/wp\/v2\/posts\/14773\/revisions\/14775"}],"wp:featuredmedia":[{"embeddable":true,"href":"https:\/\/covasna45.ro\/index.php\/wp-json\/wp\/v2\/media\/8314"}],"wp:attachment":[{"href":"https:\/\/covasna45.ro\/index.php\/wp-json\/wp\/v2\/media?parent=14773"}],"wp:term":[{"taxonomy":"category","embeddable":true,"href":"https:\/\/covasna45.ro\/index.php\/wp-json\/wp\/v2\/categories?post=14773"},{"taxonomy":"post_tag","embeddable":true,"href":"https:\/\/covasna45.ro\/index.php\/wp-json\/wp\/v2\/tags?post=14773"}],"curies":[{"name":"wp","href":"https:\/\/api.w.org\/{rel}","templated":true}]}}