{"id":14776,"date":"2026-01-29T12:09:58","date_gmt":"2026-01-29T10:09:58","guid":{"rendered":"https:\/\/covasna45.ro\/?p=14776"},"modified":"2026-01-29T12:09:58","modified_gmt":"2026-01-29T10:09:58","slug":"kelemen-hunor-despre-europa-cu-doua-viteze-poate-marca-inceputul-sfarsitului-proiectului-european","status":"publish","type":"post","link":"https:\/\/covasna45.ro\/index.php\/lumea-noastra\/kelemen-hunor-despre-europa-cu-doua-viteze-poate-marca-inceputul-sfarsitului-proiectului-european\/","title":{"rendered":"Kelemen Hunor despre Europa cu dou\u0103 viteze: \u201ePoate marca \u00eenceputul sf\u00e2r\u0219itului proiectului european\u201d"},"content":{"rendered":"\n<p>Pre\u0219edintele UDMR, Kelemen Hunor, critic\u0103 ideea lansat\u0103 de Germania potrivit c\u0103reia este nevoie de o coali\u021bie a celor mai puternice 6 economii europene: Germania, Fran\u0163a, Polonia, Spania, Italia \u015fi \u0162\u0103rile de Jos. Grupul central ar trebui s\u0103 dea direc\u021bia \u0219i viteza \u00een ce prive\u015fte politici cheie pentru a face Uniunea mai puternic\u0103 \u015fi mai independent\u0103.<\/p>\n\n\n\n<p>Kelemen Hunor spune c\u0103 acesta poate fi \u201e\u00eenceputul sf\u00e2r\u0219itului proiectului european\u201d.<\/p>\n\n\n\n<h2 class=\"wp-block-heading\">Cui folose\u0219te?<\/h2>\n\n\n\n<p>\u201ePropunerea recent\u0103 a Germaniei privind o Uniune European\u0103 cu dou\u0103 viteze nu este o inven\u021bie nou\u0103. Aceea\u0219i idee a fost formulat\u0103, anterior, \u0219i de fostul pre\u0219edinte al Comisiei Europene, luxemburghezul Jean-Claude Juncker, \u00eens\u0103 \u00eentr-un context geopolitic cu totul diferit.<\/p>\n\n\n\n<p>Ast\u0103zi, problema major\u0103 a acestei propuneri nu este faptul c\u0103 Berlinul \u00ee\u0219i alege arbitrar partenerii \u0219i c\u0103 Rom\u00e2nia nu se reg\u0103se\u0219te printre statele considerate \u201eprivilegiate\u201d. Adev\u0103rata problem\u0103 este c\u0103 aceast\u0103 ini\u021biativ\u0103 nu va duce la o Uniune European\u0103 mai puternic\u0103, una care s\u0103 conteze pe plan global, ci va produce o Uniune mai slab\u0103, mai fragmentat\u0103 \u0219i mai pu\u021bin relevant\u0103.<\/p>\n\n\n\n<p>\u00cendr\u0103znesc s\u0103 spun c\u0103 acest demers poate marca \u00eenceputul sf\u00e2r\u0219itului proiectului european.<\/p>\n\n\n\n<p>Cui \u00eei folose\u0219te o astfel de Europ\u0103 \u00eentr-o lume aflat\u0103 \u00een plin\u0103 transformare? Cu siguran\u021b\u0103 Moscovei. Va fi, f\u0103r\u0103 \u00eendoial\u0103, bine primit\u0103 la Beijing. Iar la Washington nu se vor v\u0103rsa lacrimi pentru o Europ\u0103 sl\u0103bit\u0103 \u0219i divizat\u0103.<\/p>\n\n\n\n<p>Cui nu \u00eei folose\u0219te? Statelor membre ale Uniunii Europene \u0219i, \u00een general, tuturor \u021b\u0103rilor care aspir\u0103 la aderarea la UE.<\/p>\n\n\n\n<h2 class=\"wp-block-heading\">O serie de e\u0219ecuri<\/h2>\n\n\n\n<p>O \u00eentrebare legitim\u0103 \u2013 chiar dac\u0103 va deranja pe unii \u2013 este ce s-a \u00eent\u00e2mplat, \u00een ultimii 15\u201320 de ani, cu politica german\u0103. O politic\u0103 ce a fost determinant\u0103 nu doar pentru Germania, ci pentru \u00eentreaga Uniune European\u0103, \u00een toate marile dosare ale ultimului deceniu \u0219i jum\u0103tate. Ast\u0103zi, \u00eens\u0103, vedem c\u0103 aproape toate aceste direc\u021bii strategice s-au \u00eencheiat cu e\u0219ecuri.<\/p>\n\n\n\n<p>S\u0103 lu\u0103m doar c\u00e2teva exemple. Gestionarea \u2013 sau mai degrab\u0103 gestionarea defectuoas\u0103 \u2013 a crizei migra\u021biei ilegale, \u00een cadrul c\u0103reia fostul cancelar Angela Merkel a impus direc\u021bia \u0219i ritmul. Pu\u021bini au spus \u201enu\u201d, iar ast\u0103zi chiar \u0219i \u00een Germania se recunoa\u0219te c\u0103 aceast\u0103 abordare este gre\u0219it\u0103 \u00een ansamblu. Solu\u021bii reale nu exist\u0103 nici acum, doar improviza\u021bii \u0219i am\u00e2n\u0103ri permanente.<\/p>\n\n\n\n<p>La fel, tranzi\u021bia verde for\u021bat\u0103, bazat\u0103 exclusiv pe energiile regenerabile, s-a dovedit un e\u0219ec. Obiectivele \u0219i termenele ini\u021biale au fost revizuite.<\/p>\n\n\n\n<p>Germania nu a devenit un exportator de energie regenerabil\u0103, dimpotriv\u0103: dup\u0103 \u00eenchiderea centralelor nucleare, depinde tot mai mult de importuri \u2013 \u0219i la costuri mai mari. Un efect colateral, deloc neglijabil al acestei politici, este sl\u0103birea grav\u0103 a competitivit\u0103\u021bii economice a Uniunii Europene.<\/p>\n\n\n\n<p>Este greu de \u00een\u021beles de ce Germania a renun\u021bat la avantajul competitiv incontestabil pe care \u00eel avea \u00een produc\u021bia de motoare cu combustie intern\u0103, \u00een favoarea unei tehnologii \u2013 cea a automobilelor electrice \u2013 unde industria german\u0103 \u0219i cea european\u0103 pornesc cu un handicap major.<\/p>\n\n\n\n<p>Lista poate continua cu numeroase alte domenii \u00een care Comisia European\u0103 condus\u0103 de Ursula von der Leyen a ac\u021bionat agresiv, dep\u0103\u0219ind, adesea, limitele stabilite prin Tratatul de la Maastricht \u0219i ignor\u00e2nd complet tradi\u021biile, specificul \u0219i capacitatea de acceptare ale societ\u0103\u021bilor din statele membre.<\/p>\n\n\n\n<h2 class=\"wp-block-heading\">Ce ar trebui s\u0103 fac\u0103 Rom\u00e2nia \u00een acest context?<\/h2>\n\n\n\n<p>S\u0103 caute rapid parteneri, s\u0103 construiasc\u0103 alian\u021be \u00een interiorul UE \u0219i s\u0103 ini\u021bieze, \u00eempreun\u0103 cu alte state membre, o dezbatere ampl\u0103 \u0219i real\u0103 despre viitorul Uniunii Europene, cu participarea tuturor.<\/p>\n\n\n\n<p>Suntem \u00een ceasul al doisprezecelea, dar \u00eenc\u0103 mai exist\u0103 o fereastr\u0103 de oportunitate. \u00cen ceea ce prive\u0219te \u00eencheierea r\u0103zboiului ruso-ucrainean, a\u0219a cum arat\u0103 \u0219i recentele discu\u021bii americano-ucraineano-ruse, Europa nu este un actor indispensabil. Procesul va merge mai departe \u0219i f\u0103r\u0103 Uniunea European\u0103\u201d, <a href=\"https:\/\/www.facebook.com\/kelemenhunor.rmdsz\">explic\u0103<\/a> liderul UDMR.<\/p>\n","protected":false},"excerpt":{"rendered":"<p>Pre\u0219edintele UDMR, Kelemen Hunor, critic\u0103 ideea lansat\u0103 de Germania potrivit c\u0103reia este nevoie de o coali\u021bie a celor mai puternice 6 economii europene: Germania, Fran\u0163a, Polonia, Spania, Italia \u015fi \u0162\u0103rile de Jos. Grupul central ar trebui s\u0103 dea direc\u021bia \u0219i viteza \u00een ce prive\u015fte politici cheie pentru a face Uniunea mai puternic\u0103 \u015fi mai independent\u0103. [&hellip;]<\/p>\n","protected":false},"author":1,"featured_media":5013,"comment_status":"open","ping_status":"closed","sticky":false,"template":"","format":"standard","meta":{"tdm_status":"","tdm_grid_status":"","footnotes":""},"categories":[14],"tags":[531,263,189,47],"class_list":{"0":"post-14776","1":"post","2":"type-post","3":"status-publish","4":"format-standard","5":"has-post-thumbnail","7":"category-lumea-noastra","8":"tag-germania","9":"tag-kelemen-hunor","10":"tag-udmr","11":"tag-ue"},"yoast_head":"<!-- This site is optimized with the Yoast SEO plugin v27.5 - https:\/\/yoast.com\/product\/yoast-seo-wordpress\/ -->\n<title>Kelemen Hunor despre Europa cu dou\u0103 viteze: \u201ePoate marca \u00eenceputul sf\u00e2r\u0219itului proiectului european\u201d - Covasna45<\/title>\n<meta name=\"description\" content=\"Pre\u0219edintele UDMR critic\u0103 ideea lansat\u0103 de Germania potrivit c\u0103reia este nevoie de o coali\u021bie a celor mai puternice 6 economii europene.\" \/>\n<meta name=\"robots\" content=\"index, follow, max-snippet:-1, max-image-preview:large, max-video-preview:-1\" \/>\n<link rel=\"canonical\" href=\"https:\/\/covasna45.ro\/index.php\/lumea-noastra\/kelemen-hunor-despre-europa-cu-doua-viteze-poate-marca-inceputul-sfarsitului-proiectului-european\/\" \/>\n<meta property=\"og:locale\" content=\"ro_RO\" \/>\n<meta property=\"og:type\" content=\"article\" \/>\n<meta property=\"og:title\" content=\"Kelemen Hunor despre Europa cu dou\u0103 viteze: \u201ePoate marca \u00eenceputul sf\u00e2r\u0219itului proiectului european\u201d - Covasna45\" \/>\n<meta property=\"og:description\" content=\"Pre\u0219edintele UDMR critic\u0103 ideea lansat\u0103 de Germania potrivit c\u0103reia este nevoie de o coali\u021bie a celor mai puternice 6 economii europene.\" \/>\n<meta property=\"og:url\" content=\"https:\/\/covasna45.ro\/index.php\/lumea-noastra\/kelemen-hunor-despre-europa-cu-doua-viteze-poate-marca-inceputul-sfarsitului-proiectului-european\/\" \/>\n<meta property=\"og:site_name\" content=\"Covasna45\" \/>\n<meta property=\"article:published_time\" content=\"2026-01-29T10:09:58+00:00\" \/>\n<meta property=\"og:image\" content=\"https:\/\/covasna45.ro\/wp-content\/uploads\/2024\/02\/kelemen-udmr.jpg\" \/>\n\t<meta property=\"og:image:width\" content=\"1600\" \/>\n\t<meta property=\"og:image:height\" content=\"1064\" \/>\n\t<meta property=\"og:image:type\" content=\"image\/jpeg\" \/>\n<meta name=\"author\" content=\"Covasna45\" \/>\n<meta name=\"twitter:card\" content=\"summary_large_image\" \/>\n<meta name=\"twitter:label1\" content=\"Scris de\" \/>\n\t<meta name=\"twitter:data1\" content=\"Covasna45\" \/>\n\t<meta name=\"twitter:label2\" content=\"Timp estimat pentru citire\" \/>\n\t<meta name=\"twitter:data2\" content=\"4 minute\" \/>\n<script type=\"application\/ld+json\" class=\"yoast-schema-graph\">{\"@context\":\"https:\\\/\\\/schema.org\",\"@graph\":[{\"@type\":\"Article\",\"@id\":\"https:\\\/\\\/covasna45.ro\\\/index.php\\\/lumea-noastra\\\/kelemen-hunor-despre-europa-cu-doua-viteze-poate-marca-inceputul-sfarsitului-proiectului-european\\\/#article\",\"isPartOf\":{\"@id\":\"https:\\\/\\\/covasna45.ro\\\/index.php\\\/lumea-noastra\\\/kelemen-hunor-despre-europa-cu-doua-viteze-poate-marca-inceputul-sfarsitului-proiectului-european\\\/\"},\"author\":{\"name\":\"Covasna45\",\"@id\":\"https:\\\/\\\/covasna45.ro\\\/#\\\/schema\\\/person\\\/e674052bd7d95d70bbb007a1060ab73c\"},\"headline\":\"Kelemen Hunor despre Europa cu dou\u0103 viteze: \u201ePoate marca \u00eenceputul sf\u00e2r\u0219itului proiectului european\u201d\",\"datePublished\":\"2026-01-29T10:09:58+00:00\",\"mainEntityOfPage\":{\"@id\":\"https:\\\/\\\/covasna45.ro\\\/index.php\\\/lumea-noastra\\\/kelemen-hunor-despre-europa-cu-doua-viteze-poate-marca-inceputul-sfarsitului-proiectului-european\\\/\"},\"wordCount\":670,\"commentCount\":0,\"publisher\":{\"@id\":\"https:\\\/\\\/covasna45.ro\\\/#organization\"},\"image\":{\"@id\":\"https:\\\/\\\/covasna45.ro\\\/index.php\\\/lumea-noastra\\\/kelemen-hunor-despre-europa-cu-doua-viteze-poate-marca-inceputul-sfarsitului-proiectului-european\\\/#primaryimage\"},\"thumbnailUrl\":\"https:\\\/\\\/covasna45.ro\\\/wp-content\\\/uploads\\\/2024\\\/02\\\/kelemen-udmr.jpg\",\"keywords\":[\"Germania\",\"Kelemen Hunor\",\"UDMR\",\"UE\"],\"articleSection\":[\"Lumea noastr\u0103\"],\"inLanguage\":\"ro-RO\",\"potentialAction\":[{\"@type\":\"CommentAction\",\"name\":\"Comment\",\"target\":[\"https:\\\/\\\/covasna45.ro\\\/index.php\\\/lumea-noastra\\\/kelemen-hunor-despre-europa-cu-doua-viteze-poate-marca-inceputul-sfarsitului-proiectului-european\\\/#respond\"]}]},{\"@type\":\"WebPage\",\"@id\":\"https:\\\/\\\/covasna45.ro\\\/index.php\\\/lumea-noastra\\\/kelemen-hunor-despre-europa-cu-doua-viteze-poate-marca-inceputul-sfarsitului-proiectului-european\\\/\",\"url\":\"https:\\\/\\\/covasna45.ro\\\/index.php\\\/lumea-noastra\\\/kelemen-hunor-despre-europa-cu-doua-viteze-poate-marca-inceputul-sfarsitului-proiectului-european\\\/\",\"name\":\"Kelemen Hunor despre Europa cu dou\u0103 viteze: \u201ePoate marca \u00eenceputul sf\u00e2r\u0219itului proiectului european\u201d - Covasna45\",\"isPartOf\":{\"@id\":\"https:\\\/\\\/covasna45.ro\\\/#website\"},\"primaryImageOfPage\":{\"@id\":\"https:\\\/\\\/covasna45.ro\\\/index.php\\\/lumea-noastra\\\/kelemen-hunor-despre-europa-cu-doua-viteze-poate-marca-inceputul-sfarsitului-proiectului-european\\\/#primaryimage\"},\"image\":{\"@id\":\"https:\\\/\\\/covasna45.ro\\\/index.php\\\/lumea-noastra\\\/kelemen-hunor-despre-europa-cu-doua-viteze-poate-marca-inceputul-sfarsitului-proiectului-european\\\/#primaryimage\"},\"thumbnailUrl\":\"https:\\\/\\\/covasna45.ro\\\/wp-content\\\/uploads\\\/2024\\\/02\\\/kelemen-udmr.jpg\",\"datePublished\":\"2026-01-29T10:09:58+00:00\",\"description\":\"Pre\u0219edintele UDMR critic\u0103 ideea lansat\u0103 de Germania potrivit c\u0103reia este nevoie de o coali\u021bie a celor mai puternice 6 economii europene.\",\"breadcrumb\":{\"@id\":\"https:\\\/\\\/covasna45.ro\\\/index.php\\\/lumea-noastra\\\/kelemen-hunor-despre-europa-cu-doua-viteze-poate-marca-inceputul-sfarsitului-proiectului-european\\\/#breadcrumb\"},\"inLanguage\":\"ro-RO\",\"potentialAction\":[{\"@type\":\"ReadAction\",\"target\":[\"https:\\\/\\\/covasna45.ro\\\/index.php\\\/lumea-noastra\\\/kelemen-hunor-despre-europa-cu-doua-viteze-poate-marca-inceputul-sfarsitului-proiectului-european\\\/\"]}]},{\"@type\":\"ImageObject\",\"inLanguage\":\"ro-RO\",\"@id\":\"https:\\\/\\\/covasna45.ro\\\/index.php\\\/lumea-noastra\\\/kelemen-hunor-despre-europa-cu-doua-viteze-poate-marca-inceputul-sfarsitului-proiectului-european\\\/#primaryimage\",\"url\":\"https:\\\/\\\/covasna45.ro\\\/wp-content\\\/uploads\\\/2024\\\/02\\\/kelemen-udmr.jpg\",\"contentUrl\":\"https:\\\/\\\/covasna45.ro\\\/wp-content\\\/uploads\\\/2024\\\/02\\\/kelemen-udmr.jpg\",\"width\":1600,\"height\":1064},{\"@type\":\"BreadcrumbList\",\"@id\":\"https:\\\/\\\/covasna45.ro\\\/index.php\\\/lumea-noastra\\\/kelemen-hunor-despre-europa-cu-doua-viteze-poate-marca-inceputul-sfarsitului-proiectului-european\\\/#breadcrumb\",\"itemListElement\":[{\"@type\":\"ListItem\",\"position\":1,\"name\":\"Prima pagin\u0103\",\"item\":\"https:\\\/\\\/covasna45.ro\\\/\"},{\"@type\":\"ListItem\",\"position\":2,\"name\":\"Kelemen Hunor despre Europa cu dou\u0103 viteze: \u201ePoate marca \u00eenceputul sf\u00e2r\u0219itului proiectului european\u201d\"}]},{\"@type\":\"WebSite\",\"@id\":\"https:\\\/\\\/covasna45.ro\\\/#website\",\"url\":\"https:\\\/\\\/covasna45.ro\\\/\",\"name\":\"covasna45.ro\",\"description\":\"\",\"publisher\":{\"@id\":\"https:\\\/\\\/covasna45.ro\\\/#organization\"},\"potentialAction\":[{\"@type\":\"SearchAction\",\"target\":{\"@type\":\"EntryPoint\",\"urlTemplate\":\"https:\\\/\\\/covasna45.ro\\\/?s={search_term_string}\"},\"query-input\":{\"@type\":\"PropertyValueSpecification\",\"valueRequired\":true,\"valueName\":\"search_term_string\"}}],\"inLanguage\":\"ro-RO\"},{\"@type\":\"Organization\",\"@id\":\"https:\\\/\\\/covasna45.ro\\\/#organization\",\"name\":\"covasna45.ro\",\"url\":\"https:\\\/\\\/covasna45.ro\\\/\",\"logo\":{\"@type\":\"ImageObject\",\"inLanguage\":\"ro-RO\",\"@id\":\"https:\\\/\\\/covasna45.ro\\\/#\\\/schema\\\/logo\\\/image\\\/\",\"url\":\"https:\\\/\\\/covasna45.ro\\\/wp-content\\\/uploads\\\/2023\\\/01\\\/icon_logo.png\",\"contentUrl\":\"https:\\\/\\\/covasna45.ro\\\/wp-content\\\/uploads\\\/2023\\\/01\\\/icon_logo.png\",\"width\":1900,\"height\":1900,\"caption\":\"covasna45.ro\"},\"image\":{\"@id\":\"https:\\\/\\\/covasna45.ro\\\/#\\\/schema\\\/logo\\\/image\\\/\"}},{\"@type\":\"Person\",\"@id\":\"https:\\\/\\\/covasna45.ro\\\/#\\\/schema\\\/person\\\/e674052bd7d95d70bbb007a1060ab73c\",\"name\":\"Covasna45\",\"image\":{\"@type\":\"ImageObject\",\"inLanguage\":\"ro-RO\",\"@id\":\"https:\\\/\\\/covasna45.ro\\\/wp-content\\\/uploads\\\/2025\\\/10\\\/icon_logo_covasna45-150x150.png\",\"url\":\"https:\\\/\\\/covasna45.ro\\\/wp-content\\\/uploads\\\/2025\\\/10\\\/icon_logo_covasna45-150x150.png\",\"contentUrl\":\"https:\\\/\\\/covasna45.ro\\\/wp-content\\\/uploads\\\/2025\\\/10\\\/icon_logo_covasna45-150x150.png\",\"caption\":\"Covasna45\"},\"sameAs\":[\"https:\\\/\\\/covasna45.ro\"],\"url\":\"https:\\\/\\\/covasna45.ro\\\/index.php\\\/author\\\/covasna\\\/\"}]}<\/script>\n<!-- \/ Yoast SEO plugin. -->","yoast_head_json":{"title":"Kelemen Hunor despre Europa cu dou\u0103 viteze: \u201ePoate marca \u00eenceputul sf\u00e2r\u0219itului proiectului european\u201d - Covasna45","description":"Pre\u0219edintele UDMR critic\u0103 ideea lansat\u0103 de Germania potrivit c\u0103reia este nevoie de o coali\u021bie a celor mai puternice 6 economii europene.","robots":{"index":"index","follow":"follow","max-snippet":"max-snippet:-1","max-image-preview":"max-image-preview:large","max-video-preview":"max-video-preview:-1"},"canonical":"https:\/\/covasna45.ro\/index.php\/lumea-noastra\/kelemen-hunor-despre-europa-cu-doua-viteze-poate-marca-inceputul-sfarsitului-proiectului-european\/","og_locale":"ro_RO","og_type":"article","og_title":"Kelemen Hunor despre Europa cu dou\u0103 viteze: \u201ePoate marca \u00eenceputul sf\u00e2r\u0219itului proiectului european\u201d - Covasna45","og_description":"Pre\u0219edintele UDMR critic\u0103 ideea lansat\u0103 de Germania potrivit c\u0103reia este nevoie de o coali\u021bie a celor mai puternice 6 economii europene.","og_url":"https:\/\/covasna45.ro\/index.php\/lumea-noastra\/kelemen-hunor-despre-europa-cu-doua-viteze-poate-marca-inceputul-sfarsitului-proiectului-european\/","og_site_name":"Covasna45","article_published_time":"2026-01-29T10:09:58+00:00","og_image":[{"width":1600,"height":1064,"url":"https:\/\/covasna45.ro\/wp-content\/uploads\/2024\/02\/kelemen-udmr.jpg","type":"image\/jpeg"}],"author":"Covasna45","twitter_card":"summary_large_image","twitter_misc":{"Scris de":"Covasna45","Timp estimat pentru citire":"4 minute"},"schema":{"@context":"https:\/\/schema.org","@graph":[{"@type":"Article","@id":"https:\/\/covasna45.ro\/index.php\/lumea-noastra\/kelemen-hunor-despre-europa-cu-doua-viteze-poate-marca-inceputul-sfarsitului-proiectului-european\/#article","isPartOf":{"@id":"https:\/\/covasna45.ro\/index.php\/lumea-noastra\/kelemen-hunor-despre-europa-cu-doua-viteze-poate-marca-inceputul-sfarsitului-proiectului-european\/"},"author":{"name":"Covasna45","@id":"https:\/\/covasna45.ro\/#\/schema\/person\/e674052bd7d95d70bbb007a1060ab73c"},"headline":"Kelemen Hunor despre Europa cu dou\u0103 viteze: \u201ePoate marca \u00eenceputul sf\u00e2r\u0219itului proiectului european\u201d","datePublished":"2026-01-29T10:09:58+00:00","mainEntityOfPage":{"@id":"https:\/\/covasna45.ro\/index.php\/lumea-noastra\/kelemen-hunor-despre-europa-cu-doua-viteze-poate-marca-inceputul-sfarsitului-proiectului-european\/"},"wordCount":670,"commentCount":0,"publisher":{"@id":"https:\/\/covasna45.ro\/#organization"},"image":{"@id":"https:\/\/covasna45.ro\/index.php\/lumea-noastra\/kelemen-hunor-despre-europa-cu-doua-viteze-poate-marca-inceputul-sfarsitului-proiectului-european\/#primaryimage"},"thumbnailUrl":"https:\/\/covasna45.ro\/wp-content\/uploads\/2024\/02\/kelemen-udmr.jpg","keywords":["Germania","Kelemen Hunor","UDMR","UE"],"articleSection":["Lumea noastr\u0103"],"inLanguage":"ro-RO","potentialAction":[{"@type":"CommentAction","name":"Comment","target":["https:\/\/covasna45.ro\/index.php\/lumea-noastra\/kelemen-hunor-despre-europa-cu-doua-viteze-poate-marca-inceputul-sfarsitului-proiectului-european\/#respond"]}]},{"@type":"WebPage","@id":"https:\/\/covasna45.ro\/index.php\/lumea-noastra\/kelemen-hunor-despre-europa-cu-doua-viteze-poate-marca-inceputul-sfarsitului-proiectului-european\/","url":"https:\/\/covasna45.ro\/index.php\/lumea-noastra\/kelemen-hunor-despre-europa-cu-doua-viteze-poate-marca-inceputul-sfarsitului-proiectului-european\/","name":"Kelemen Hunor despre Europa cu dou\u0103 viteze: \u201ePoate marca \u00eenceputul sf\u00e2r\u0219itului proiectului european\u201d - Covasna45","isPartOf":{"@id":"https:\/\/covasna45.ro\/#website"},"primaryImageOfPage":{"@id":"https:\/\/covasna45.ro\/index.php\/lumea-noastra\/kelemen-hunor-despre-europa-cu-doua-viteze-poate-marca-inceputul-sfarsitului-proiectului-european\/#primaryimage"},"image":{"@id":"https:\/\/covasna45.ro\/index.php\/lumea-noastra\/kelemen-hunor-despre-europa-cu-doua-viteze-poate-marca-inceputul-sfarsitului-proiectului-european\/#primaryimage"},"thumbnailUrl":"https:\/\/covasna45.ro\/wp-content\/uploads\/2024\/02\/kelemen-udmr.jpg","datePublished":"2026-01-29T10:09:58+00:00","description":"Pre\u0219edintele UDMR critic\u0103 ideea lansat\u0103 de Germania potrivit c\u0103reia este nevoie de o coali\u021bie a celor mai puternice 6 economii europene.","breadcrumb":{"@id":"https:\/\/covasna45.ro\/index.php\/lumea-noastra\/kelemen-hunor-despre-europa-cu-doua-viteze-poate-marca-inceputul-sfarsitului-proiectului-european\/#breadcrumb"},"inLanguage":"ro-RO","potentialAction":[{"@type":"ReadAction","target":["https:\/\/covasna45.ro\/index.php\/lumea-noastra\/kelemen-hunor-despre-europa-cu-doua-viteze-poate-marca-inceputul-sfarsitului-proiectului-european\/"]}]},{"@type":"ImageObject","inLanguage":"ro-RO","@id":"https:\/\/covasna45.ro\/index.php\/lumea-noastra\/kelemen-hunor-despre-europa-cu-doua-viteze-poate-marca-inceputul-sfarsitului-proiectului-european\/#primaryimage","url":"https:\/\/covasna45.ro\/wp-content\/uploads\/2024\/02\/kelemen-udmr.jpg","contentUrl":"https:\/\/covasna45.ro\/wp-content\/uploads\/2024\/02\/kelemen-udmr.jpg","width":1600,"height":1064},{"@type":"BreadcrumbList","@id":"https:\/\/covasna45.ro\/index.php\/lumea-noastra\/kelemen-hunor-despre-europa-cu-doua-viteze-poate-marca-inceputul-sfarsitului-proiectului-european\/#breadcrumb","itemListElement":[{"@type":"ListItem","position":1,"name":"Prima pagin\u0103","item":"https:\/\/covasna45.ro\/"},{"@type":"ListItem","position":2,"name":"Kelemen Hunor despre Europa cu dou\u0103 viteze: \u201ePoate marca \u00eenceputul sf\u00e2r\u0219itului proiectului european\u201d"}]},{"@type":"WebSite","@id":"https:\/\/covasna45.ro\/#website","url":"https:\/\/covasna45.ro\/","name":"covasna45.ro","description":"","publisher":{"@id":"https:\/\/covasna45.ro\/#organization"},"potentialAction":[{"@type":"SearchAction","target":{"@type":"EntryPoint","urlTemplate":"https:\/\/covasna45.ro\/?s={search_term_string}"},"query-input":{"@type":"PropertyValueSpecification","valueRequired":true,"valueName":"search_term_string"}}],"inLanguage":"ro-RO"},{"@type":"Organization","@id":"https:\/\/covasna45.ro\/#organization","name":"covasna45.ro","url":"https:\/\/covasna45.ro\/","logo":{"@type":"ImageObject","inLanguage":"ro-RO","@id":"https:\/\/covasna45.ro\/#\/schema\/logo\/image\/","url":"https:\/\/covasna45.ro\/wp-content\/uploads\/2023\/01\/icon_logo.png","contentUrl":"https:\/\/covasna45.ro\/wp-content\/uploads\/2023\/01\/icon_logo.png","width":1900,"height":1900,"caption":"covasna45.ro"},"image":{"@id":"https:\/\/covasna45.ro\/#\/schema\/logo\/image\/"}},{"@type":"Person","@id":"https:\/\/covasna45.ro\/#\/schema\/person\/e674052bd7d95d70bbb007a1060ab73c","name":"Covasna45","image":{"@type":"ImageObject","inLanguage":"ro-RO","@id":"https:\/\/covasna45.ro\/wp-content\/uploads\/2025\/10\/icon_logo_covasna45-150x150.png","url":"https:\/\/covasna45.ro\/wp-content\/uploads\/2025\/10\/icon_logo_covasna45-150x150.png","contentUrl":"https:\/\/covasna45.ro\/wp-content\/uploads\/2025\/10\/icon_logo_covasna45-150x150.png","caption":"Covasna45"},"sameAs":["https:\/\/covasna45.ro"],"url":"https:\/\/covasna45.ro\/index.php\/author\/covasna\/"}]}},"_links":{"self":[{"href":"https:\/\/covasna45.ro\/index.php\/wp-json\/wp\/v2\/posts\/14776","targetHints":{"allow":["GET"]}}],"collection":[{"href":"https:\/\/covasna45.ro\/index.php\/wp-json\/wp\/v2\/posts"}],"about":[{"href":"https:\/\/covasna45.ro\/index.php\/wp-json\/wp\/v2\/types\/post"}],"author":[{"embeddable":true,"href":"https:\/\/covasna45.ro\/index.php\/wp-json\/wp\/v2\/users\/1"}],"replies":[{"embeddable":true,"href":"https:\/\/covasna45.ro\/index.php\/wp-json\/wp\/v2\/comments?post=14776"}],"version-history":[{"count":1,"href":"https:\/\/covasna45.ro\/index.php\/wp-json\/wp\/v2\/posts\/14776\/revisions"}],"predecessor-version":[{"id":14777,"href":"https:\/\/covasna45.ro\/index.php\/wp-json\/wp\/v2\/posts\/14776\/revisions\/14777"}],"wp:featuredmedia":[{"embeddable":true,"href":"https:\/\/covasna45.ro\/index.php\/wp-json\/wp\/v2\/media\/5013"}],"wp:attachment":[{"href":"https:\/\/covasna45.ro\/index.php\/wp-json\/wp\/v2\/media?parent=14776"}],"wp:term":[{"taxonomy":"category","embeddable":true,"href":"https:\/\/covasna45.ro\/index.php\/wp-json\/wp\/v2\/categories?post=14776"},{"taxonomy":"post_tag","embeddable":true,"href":"https:\/\/covasna45.ro\/index.php\/wp-json\/wp\/v2\/tags?post=14776"}],"curies":[{"name":"wp","href":"https:\/\/api.w.org\/{rel}","templated":true}]}}