{"id":15320,"date":"2026-03-06T09:32:25","date_gmt":"2026-03-06T07:32:25","guid":{"rendered":"https:\/\/covasna45.ro\/?p=15320"},"modified":"2026-03-06T09:32:25","modified_gmt":"2026-03-06T07:32:25","slug":"gardienii-revolutiei-din-iran-suntem-pregatiti-pentru-un-razboi-lung","status":"publish","type":"post","link":"https:\/\/covasna45.ro\/index.php\/lumea-larga\/gardienii-revolutiei-din-iran-suntem-pregatiti-pentru-un-razboi-lung\/","title":{"rendered":"Gardienii Revolu\u021biei din Iran: \u201eSuntem preg\u0103ti\u021bi pentru un r\u0103zboi lung\u201d"},"content":{"rendered":"\n<p>Gardienii Revolu\u021biei din Iran au avertizat ast\u0103zi c\u0103 \u021bara este preg\u0103tit\u0103 pentru un r\u0103zboi \u00eendelungat \u0219i a asigurat c\u0103 vor folosi arme strategice noi \u00een viitoarele opera\u021biuni, transmite EFE, citat\u0103 de <a href=\"https:\/\/agerpres.ro\/politic-extern\/2026\/03\/06\/razboi-in-orientul-mijlociu-iranul-avertizeaza-cu-privire-la-un-razboi-prelungit-si-spune-ca-va-folo--1534631\">Agerpres<\/a>.<br><br>Purt\u0103torul de cuv\u00e2nt al Gardienilor Revolu\u021biei, generalul de brigad\u0103 Ali Mohammad Naeini, a afirmat c\u0103 ofensivele lansate p\u00e2n\u0103 acum au folosit doar \u201eo frac\u021biune\u201d din capacit\u0103\u021bile militare ale Iranului, conform unui comunicat preluat de televiziunea local\u0103 Press TV.<br><br>\u201e<strong><em>Iranul este preg\u0103tit pentru un r\u0103zboi lung pentru a pedepsi agresorul\u201d<\/em><\/strong>, a declarat Naeini, care a asigurat c\u0103 Teheranul va desf\u0103\u0219ura \u00een urm\u0103toarele faze ale conflictului o nou\u0103 genera\u021bie de armament strategic, care nu a fost \u00eenc\u0103 folosit pe scar\u0103 larg\u0103 pe c\u00e2mpul de lupt\u0103, f\u0103r\u0103 a oferi \u00eens\u0103 mai multe detalii.<br><br>Purt\u0103torul de cuv\u00e2nt al Gardienilor Revolu\u021biei a ad\u0103ugat c\u0103 \u201e<strong><em>noi ini\u021biative \u0219i arme sunt pe drum<\/em><\/strong>\u201d \u0219i a avertizat c\u0103 adversarii Iranului se pot a\u0219tepta la \u201e<strong><em>lovituri dureroase \u00een fiecare val opera\u021bional viitor\u201d.<\/em><\/strong><br><br>Aceste declara\u021bii coincid cu noi atacuri cu rachete \u00eempotriva Israelului, inclusiv lansarea de rachete balistice Khayber asupra Tel Avivului, potrivit relat\u0103rilor din mass-media iraniene.<br><br>\u00cen paralel, sistemele de ap\u0103rare aerian\u0103 ale Arabiei Saudite, Qatarului \u0219i Kuweitului au interceptat vineri mai multe rachete \u0219i drone care le-au traversat spa\u021biul aerian.<br><br>Ofensiva ini\u021bial\u0103 americano-israelian\u0103 \u00eempotriva Iranului a cauzat cel pu\u021bin 1.230 de mor\u021bi, conform agen\u021biei publice Funda\u021bia martirilor \u0219i afacerile veteranilor, \u00een timp ce bombardamentele iraniene \u00eempotriva Israelului au provocat cel pu\u021bin zece decese.<\/p>\n\n\n\n<p><a href=\"https:\/\/covasna45.ro\/index.php\/lumea-larga\/liderul-suprem-al-iranului-ali-khamenei-ucis-oana-toiu-exista-riscul-unei-spirale-a-violentei\/\">R\u0103zboiul<\/a> din Orientul Mijlociu a intrat azi \u00een a \u0219aptea zi, dup\u0103 ce Israelul a anun\u021bat o \u201enou\u0103 faz\u0103\u201d \u00een conflictul s\u0103u \u00eempotriva Iranului, \u00een paralel cu noi lovituri viz\u00e2nd gruparea \u0219iit\u0103 Hezbollah din Liban, potrivit France Presse.<\/p>\n","protected":false},"excerpt":{"rendered":"<p>Gardienii Revolu\u021biei din Iran au avertizat ast\u0103zi c\u0103 \u021bara este preg\u0103tit\u0103 pentru un r\u0103zboi \u00eendelungat \u0219i a asigurat c\u0103 vor folosi arme strategice noi \u00een viitoarele opera\u021biuni, transmite EFE, citat\u0103 de Agerpres. Purt\u0103torul de cuv\u00e2nt al Gardienilor Revolu\u021biei, generalul de brigad\u0103 Ali Mohammad Naeini, a afirmat c\u0103 ofensivele lansate p\u00e2n\u0103 acum au folosit doar \u201eo [&hellip;]<\/p>\n","protected":false},"author":1,"featured_media":15321,"comment_status":"open","ping_status":"closed","sticky":false,"template":"","format":"standard","meta":{"tdm_status":"","tdm_grid_status":"","footnotes":""},"categories":[10],"tags":[4583,1681,4567,1946],"class_list":{"0":"post-15320","1":"post","2":"type-post","3":"status-publish","4":"format-standard","5":"has-post-thumbnail","7":"category-lumea-larga","8":"tag-gardienii-revolutiei","9":"tag-iran","10":"tag-orientul-mijlociu","11":"tag-razboi-2"},"yoast_head":"<!-- This site is optimized with the Yoast SEO plugin v27.5 - https:\/\/yoast.com\/product\/yoast-seo-wordpress\/ -->\n<title>Gardienii Revolu\u021biei din Iran: \u201eSuntem preg\u0103ti\u021bi pentru un r\u0103zboi lung\u201d - Covasna45<\/title>\n<meta name=\"description\" content=\"Gardienii Revolu\u021biei din Iran au avertizat ast\u0103zi c\u0103 \u021bara este preg\u0103tit\u0103 pentru un r\u0103zboi \u00eendelungat \u0219i a asigurat c\u0103 vor folosi arme noi.\" \/>\n<meta name=\"robots\" content=\"index, follow, max-snippet:-1, max-image-preview:large, max-video-preview:-1\" \/>\n<link rel=\"canonical\" href=\"https:\/\/covasna45.ro\/index.php\/lumea-larga\/gardienii-revolutiei-din-iran-suntem-pregatiti-pentru-un-razboi-lung\/\" \/>\n<meta property=\"og:locale\" content=\"ro_RO\" \/>\n<meta property=\"og:type\" content=\"article\" \/>\n<meta property=\"og:title\" content=\"Gardienii Revolu\u021biei din Iran: \u201eSuntem preg\u0103ti\u021bi pentru un r\u0103zboi lung\u201d - Covasna45\" \/>\n<meta property=\"og:description\" content=\"Gardienii Revolu\u021biei din Iran au avertizat ast\u0103zi c\u0103 \u021bara este preg\u0103tit\u0103 pentru un r\u0103zboi \u00eendelungat \u0219i a asigurat c\u0103 vor folosi arme noi.\" \/>\n<meta property=\"og:url\" content=\"https:\/\/covasna45.ro\/index.php\/lumea-larga\/gardienii-revolutiei-din-iran-suntem-pregatiti-pentru-un-razboi-lung\/\" \/>\n<meta property=\"og:site_name\" content=\"Covasna45\" \/>\n<meta property=\"article:published_time\" content=\"2026-03-06T07:32:25+00:00\" \/>\n<meta property=\"og:image\" content=\"https:\/\/covasna45.ro\/wp-content\/uploads\/2026\/03\/ali-iran.jpg\" \/>\n\t<meta property=\"og:image:width\" content=\"800\" \/>\n\t<meta property=\"og:image:height\" content=\"557\" \/>\n\t<meta property=\"og:image:type\" content=\"image\/jpeg\" \/>\n<meta name=\"author\" content=\"Covasna45\" \/>\n<meta name=\"twitter:card\" content=\"summary_large_image\" \/>\n<meta name=\"twitter:label1\" content=\"Scris de\" \/>\n\t<meta name=\"twitter:data1\" content=\"Covasna45\" \/>\n\t<meta name=\"twitter:label2\" content=\"Timp estimat pentru citire\" \/>\n\t<meta name=\"twitter:data2\" content=\"2 minute\" \/>\n<script type=\"application\/ld+json\" class=\"yoast-schema-graph\">{\"@context\":\"https:\\\/\\\/schema.org\",\"@graph\":[{\"@type\":\"Article\",\"@id\":\"https:\\\/\\\/covasna45.ro\\\/index.php\\\/lumea-larga\\\/gardienii-revolutiei-din-iran-suntem-pregatiti-pentru-un-razboi-lung\\\/#article\",\"isPartOf\":{\"@id\":\"https:\\\/\\\/covasna45.ro\\\/index.php\\\/lumea-larga\\\/gardienii-revolutiei-din-iran-suntem-pregatiti-pentru-un-razboi-lung\\\/\"},\"author\":{\"name\":\"Covasna45\",\"@id\":\"https:\\\/\\\/covasna45.ro\\\/#\\\/schema\\\/person\\\/e674052bd7d95d70bbb007a1060ab73c\"},\"headline\":\"Gardienii Revolu\u021biei din Iran: \u201eSuntem preg\u0103ti\u021bi pentru un r\u0103zboi lung\u201d\",\"datePublished\":\"2026-03-06T07:32:25+00:00\",\"mainEntityOfPage\":{\"@id\":\"https:\\\/\\\/covasna45.ro\\\/index.php\\\/lumea-larga\\\/gardienii-revolutiei-din-iran-suntem-pregatiti-pentru-un-razboi-lung\\\/\"},\"wordCount\":327,\"commentCount\":0,\"publisher\":{\"@id\":\"https:\\\/\\\/covasna45.ro\\\/#organization\"},\"image\":{\"@id\":\"https:\\\/\\\/covasna45.ro\\\/index.php\\\/lumea-larga\\\/gardienii-revolutiei-din-iran-suntem-pregatiti-pentru-un-razboi-lung\\\/#primaryimage\"},\"thumbnailUrl\":\"https:\\\/\\\/covasna45.ro\\\/wp-content\\\/uploads\\\/2026\\\/03\\\/ali-iran.jpg\",\"keywords\":[\"Gardienii Revolutiei\",\"Iran\",\"Orientul Mijlociu\",\"razboi\"],\"articleSection\":[\"Lumea larg\u0103\"],\"inLanguage\":\"ro-RO\",\"potentialAction\":[{\"@type\":\"CommentAction\",\"name\":\"Comment\",\"target\":[\"https:\\\/\\\/covasna45.ro\\\/index.php\\\/lumea-larga\\\/gardienii-revolutiei-din-iran-suntem-pregatiti-pentru-un-razboi-lung\\\/#respond\"]}]},{\"@type\":\"WebPage\",\"@id\":\"https:\\\/\\\/covasna45.ro\\\/index.php\\\/lumea-larga\\\/gardienii-revolutiei-din-iran-suntem-pregatiti-pentru-un-razboi-lung\\\/\",\"url\":\"https:\\\/\\\/covasna45.ro\\\/index.php\\\/lumea-larga\\\/gardienii-revolutiei-din-iran-suntem-pregatiti-pentru-un-razboi-lung\\\/\",\"name\":\"Gardienii Revolu\u021biei din Iran: \u201eSuntem preg\u0103ti\u021bi pentru un r\u0103zboi lung\u201d - Covasna45\",\"isPartOf\":{\"@id\":\"https:\\\/\\\/covasna45.ro\\\/#website\"},\"primaryImageOfPage\":{\"@id\":\"https:\\\/\\\/covasna45.ro\\\/index.php\\\/lumea-larga\\\/gardienii-revolutiei-din-iran-suntem-pregatiti-pentru-un-razboi-lung\\\/#primaryimage\"},\"image\":{\"@id\":\"https:\\\/\\\/covasna45.ro\\\/index.php\\\/lumea-larga\\\/gardienii-revolutiei-din-iran-suntem-pregatiti-pentru-un-razboi-lung\\\/#primaryimage\"},\"thumbnailUrl\":\"https:\\\/\\\/covasna45.ro\\\/wp-content\\\/uploads\\\/2026\\\/03\\\/ali-iran.jpg\",\"datePublished\":\"2026-03-06T07:32:25+00:00\",\"description\":\"Gardienii Revolu\u021biei din Iran au avertizat ast\u0103zi c\u0103 \u021bara este preg\u0103tit\u0103 pentru un r\u0103zboi \u00eendelungat \u0219i a asigurat c\u0103 vor folosi arme noi.\",\"breadcrumb\":{\"@id\":\"https:\\\/\\\/covasna45.ro\\\/index.php\\\/lumea-larga\\\/gardienii-revolutiei-din-iran-suntem-pregatiti-pentru-un-razboi-lung\\\/#breadcrumb\"},\"inLanguage\":\"ro-RO\",\"potentialAction\":[{\"@type\":\"ReadAction\",\"target\":[\"https:\\\/\\\/covasna45.ro\\\/index.php\\\/lumea-larga\\\/gardienii-revolutiei-din-iran-suntem-pregatiti-pentru-un-razboi-lung\\\/\"]}]},{\"@type\":\"ImageObject\",\"inLanguage\":\"ro-RO\",\"@id\":\"https:\\\/\\\/covasna45.ro\\\/index.php\\\/lumea-larga\\\/gardienii-revolutiei-din-iran-suntem-pregatiti-pentru-un-razboi-lung\\\/#primaryimage\",\"url\":\"https:\\\/\\\/covasna45.ro\\\/wp-content\\\/uploads\\\/2026\\\/03\\\/ali-iran.jpg\",\"contentUrl\":\"https:\\\/\\\/covasna45.ro\\\/wp-content\\\/uploads\\\/2026\\\/03\\\/ali-iran.jpg\",\"width\":800,\"height\":557},{\"@type\":\"BreadcrumbList\",\"@id\":\"https:\\\/\\\/covasna45.ro\\\/index.php\\\/lumea-larga\\\/gardienii-revolutiei-din-iran-suntem-pregatiti-pentru-un-razboi-lung\\\/#breadcrumb\",\"itemListElement\":[{\"@type\":\"ListItem\",\"position\":1,\"name\":\"Prima pagin\u0103\",\"item\":\"https:\\\/\\\/covasna45.ro\\\/\"},{\"@type\":\"ListItem\",\"position\":2,\"name\":\"Gardienii Revolu\u021biei din Iran: \u201eSuntem preg\u0103ti\u021bi pentru un r\u0103zboi lung\u201d\"}]},{\"@type\":\"WebSite\",\"@id\":\"https:\\\/\\\/covasna45.ro\\\/#website\",\"url\":\"https:\\\/\\\/covasna45.ro\\\/\",\"name\":\"covasna45.ro\",\"description\":\"\",\"publisher\":{\"@id\":\"https:\\\/\\\/covasna45.ro\\\/#organization\"},\"potentialAction\":[{\"@type\":\"SearchAction\",\"target\":{\"@type\":\"EntryPoint\",\"urlTemplate\":\"https:\\\/\\\/covasna45.ro\\\/?s={search_term_string}\"},\"query-input\":{\"@type\":\"PropertyValueSpecification\",\"valueRequired\":true,\"valueName\":\"search_term_string\"}}],\"inLanguage\":\"ro-RO\"},{\"@type\":\"Organization\",\"@id\":\"https:\\\/\\\/covasna45.ro\\\/#organization\",\"name\":\"covasna45.ro\",\"url\":\"https:\\\/\\\/covasna45.ro\\\/\",\"logo\":{\"@type\":\"ImageObject\",\"inLanguage\":\"ro-RO\",\"@id\":\"https:\\\/\\\/covasna45.ro\\\/#\\\/schema\\\/logo\\\/image\\\/\",\"url\":\"https:\\\/\\\/covasna45.ro\\\/wp-content\\\/uploads\\\/2023\\\/01\\\/icon_logo.png\",\"contentUrl\":\"https:\\\/\\\/covasna45.ro\\\/wp-content\\\/uploads\\\/2023\\\/01\\\/icon_logo.png\",\"width\":1900,\"height\":1900,\"caption\":\"covasna45.ro\"},\"image\":{\"@id\":\"https:\\\/\\\/covasna45.ro\\\/#\\\/schema\\\/logo\\\/image\\\/\"}},{\"@type\":\"Person\",\"@id\":\"https:\\\/\\\/covasna45.ro\\\/#\\\/schema\\\/person\\\/e674052bd7d95d70bbb007a1060ab73c\",\"name\":\"Covasna45\",\"image\":{\"@type\":\"ImageObject\",\"inLanguage\":\"ro-RO\",\"@id\":\"https:\\\/\\\/covasna45.ro\\\/wp-content\\\/uploads\\\/2025\\\/10\\\/icon_logo_covasna45-150x150.png\",\"url\":\"https:\\\/\\\/covasna45.ro\\\/wp-content\\\/uploads\\\/2025\\\/10\\\/icon_logo_covasna45-150x150.png\",\"contentUrl\":\"https:\\\/\\\/covasna45.ro\\\/wp-content\\\/uploads\\\/2025\\\/10\\\/icon_logo_covasna45-150x150.png\",\"caption\":\"Covasna45\"},\"sameAs\":[\"https:\\\/\\\/covasna45.ro\"],\"url\":\"https:\\\/\\\/covasna45.ro\\\/index.php\\\/author\\\/covasna\\\/\"}]}<\/script>\n<!-- \/ Yoast SEO plugin. -->","yoast_head_json":{"title":"Gardienii Revolu\u021biei din Iran: \u201eSuntem preg\u0103ti\u021bi pentru un r\u0103zboi lung\u201d - Covasna45","description":"Gardienii Revolu\u021biei din Iran au avertizat ast\u0103zi c\u0103 \u021bara este preg\u0103tit\u0103 pentru un r\u0103zboi \u00eendelungat \u0219i a asigurat c\u0103 vor folosi arme noi.","robots":{"index":"index","follow":"follow","max-snippet":"max-snippet:-1","max-image-preview":"max-image-preview:large","max-video-preview":"max-video-preview:-1"},"canonical":"https:\/\/covasna45.ro\/index.php\/lumea-larga\/gardienii-revolutiei-din-iran-suntem-pregatiti-pentru-un-razboi-lung\/","og_locale":"ro_RO","og_type":"article","og_title":"Gardienii Revolu\u021biei din Iran: \u201eSuntem preg\u0103ti\u021bi pentru un r\u0103zboi lung\u201d - Covasna45","og_description":"Gardienii Revolu\u021biei din Iran au avertizat ast\u0103zi c\u0103 \u021bara este preg\u0103tit\u0103 pentru un r\u0103zboi \u00eendelungat \u0219i a asigurat c\u0103 vor folosi arme noi.","og_url":"https:\/\/covasna45.ro\/index.php\/lumea-larga\/gardienii-revolutiei-din-iran-suntem-pregatiti-pentru-un-razboi-lung\/","og_site_name":"Covasna45","article_published_time":"2026-03-06T07:32:25+00:00","og_image":[{"width":800,"height":557,"url":"https:\/\/covasna45.ro\/wp-content\/uploads\/2026\/03\/ali-iran.jpg","type":"image\/jpeg"}],"author":"Covasna45","twitter_card":"summary_large_image","twitter_misc":{"Scris de":"Covasna45","Timp estimat pentru citire":"2 minute"},"schema":{"@context":"https:\/\/schema.org","@graph":[{"@type":"Article","@id":"https:\/\/covasna45.ro\/index.php\/lumea-larga\/gardienii-revolutiei-din-iran-suntem-pregatiti-pentru-un-razboi-lung\/#article","isPartOf":{"@id":"https:\/\/covasna45.ro\/index.php\/lumea-larga\/gardienii-revolutiei-din-iran-suntem-pregatiti-pentru-un-razboi-lung\/"},"author":{"name":"Covasna45","@id":"https:\/\/covasna45.ro\/#\/schema\/person\/e674052bd7d95d70bbb007a1060ab73c"},"headline":"Gardienii Revolu\u021biei din Iran: \u201eSuntem preg\u0103ti\u021bi pentru un r\u0103zboi lung\u201d","datePublished":"2026-03-06T07:32:25+00:00","mainEntityOfPage":{"@id":"https:\/\/covasna45.ro\/index.php\/lumea-larga\/gardienii-revolutiei-din-iran-suntem-pregatiti-pentru-un-razboi-lung\/"},"wordCount":327,"commentCount":0,"publisher":{"@id":"https:\/\/covasna45.ro\/#organization"},"image":{"@id":"https:\/\/covasna45.ro\/index.php\/lumea-larga\/gardienii-revolutiei-din-iran-suntem-pregatiti-pentru-un-razboi-lung\/#primaryimage"},"thumbnailUrl":"https:\/\/covasna45.ro\/wp-content\/uploads\/2026\/03\/ali-iran.jpg","keywords":["Gardienii Revolutiei","Iran","Orientul Mijlociu","razboi"],"articleSection":["Lumea larg\u0103"],"inLanguage":"ro-RO","potentialAction":[{"@type":"CommentAction","name":"Comment","target":["https:\/\/covasna45.ro\/index.php\/lumea-larga\/gardienii-revolutiei-din-iran-suntem-pregatiti-pentru-un-razboi-lung\/#respond"]}]},{"@type":"WebPage","@id":"https:\/\/covasna45.ro\/index.php\/lumea-larga\/gardienii-revolutiei-din-iran-suntem-pregatiti-pentru-un-razboi-lung\/","url":"https:\/\/covasna45.ro\/index.php\/lumea-larga\/gardienii-revolutiei-din-iran-suntem-pregatiti-pentru-un-razboi-lung\/","name":"Gardienii Revolu\u021biei din Iran: \u201eSuntem preg\u0103ti\u021bi pentru un r\u0103zboi lung\u201d - Covasna45","isPartOf":{"@id":"https:\/\/covasna45.ro\/#website"},"primaryImageOfPage":{"@id":"https:\/\/covasna45.ro\/index.php\/lumea-larga\/gardienii-revolutiei-din-iran-suntem-pregatiti-pentru-un-razboi-lung\/#primaryimage"},"image":{"@id":"https:\/\/covasna45.ro\/index.php\/lumea-larga\/gardienii-revolutiei-din-iran-suntem-pregatiti-pentru-un-razboi-lung\/#primaryimage"},"thumbnailUrl":"https:\/\/covasna45.ro\/wp-content\/uploads\/2026\/03\/ali-iran.jpg","datePublished":"2026-03-06T07:32:25+00:00","description":"Gardienii Revolu\u021biei din Iran au avertizat ast\u0103zi c\u0103 \u021bara este preg\u0103tit\u0103 pentru un r\u0103zboi \u00eendelungat \u0219i a asigurat c\u0103 vor folosi arme noi.","breadcrumb":{"@id":"https:\/\/covasna45.ro\/index.php\/lumea-larga\/gardienii-revolutiei-din-iran-suntem-pregatiti-pentru-un-razboi-lung\/#breadcrumb"},"inLanguage":"ro-RO","potentialAction":[{"@type":"ReadAction","target":["https:\/\/covasna45.ro\/index.php\/lumea-larga\/gardienii-revolutiei-din-iran-suntem-pregatiti-pentru-un-razboi-lung\/"]}]},{"@type":"ImageObject","inLanguage":"ro-RO","@id":"https:\/\/covasna45.ro\/index.php\/lumea-larga\/gardienii-revolutiei-din-iran-suntem-pregatiti-pentru-un-razboi-lung\/#primaryimage","url":"https:\/\/covasna45.ro\/wp-content\/uploads\/2026\/03\/ali-iran.jpg","contentUrl":"https:\/\/covasna45.ro\/wp-content\/uploads\/2026\/03\/ali-iran.jpg","width":800,"height":557},{"@type":"BreadcrumbList","@id":"https:\/\/covasna45.ro\/index.php\/lumea-larga\/gardienii-revolutiei-din-iran-suntem-pregatiti-pentru-un-razboi-lung\/#breadcrumb","itemListElement":[{"@type":"ListItem","position":1,"name":"Prima pagin\u0103","item":"https:\/\/covasna45.ro\/"},{"@type":"ListItem","position":2,"name":"Gardienii Revolu\u021biei din Iran: \u201eSuntem preg\u0103ti\u021bi pentru un r\u0103zboi lung\u201d"}]},{"@type":"WebSite","@id":"https:\/\/covasna45.ro\/#website","url":"https:\/\/covasna45.ro\/","name":"covasna45.ro","description":"","publisher":{"@id":"https:\/\/covasna45.ro\/#organization"},"potentialAction":[{"@type":"SearchAction","target":{"@type":"EntryPoint","urlTemplate":"https:\/\/covasna45.ro\/?s={search_term_string}"},"query-input":{"@type":"PropertyValueSpecification","valueRequired":true,"valueName":"search_term_string"}}],"inLanguage":"ro-RO"},{"@type":"Organization","@id":"https:\/\/covasna45.ro\/#organization","name":"covasna45.ro","url":"https:\/\/covasna45.ro\/","logo":{"@type":"ImageObject","inLanguage":"ro-RO","@id":"https:\/\/covasna45.ro\/#\/schema\/logo\/image\/","url":"https:\/\/covasna45.ro\/wp-content\/uploads\/2023\/01\/icon_logo.png","contentUrl":"https:\/\/covasna45.ro\/wp-content\/uploads\/2023\/01\/icon_logo.png","width":1900,"height":1900,"caption":"covasna45.ro"},"image":{"@id":"https:\/\/covasna45.ro\/#\/schema\/logo\/image\/"}},{"@type":"Person","@id":"https:\/\/covasna45.ro\/#\/schema\/person\/e674052bd7d95d70bbb007a1060ab73c","name":"Covasna45","image":{"@type":"ImageObject","inLanguage":"ro-RO","@id":"https:\/\/covasna45.ro\/wp-content\/uploads\/2025\/10\/icon_logo_covasna45-150x150.png","url":"https:\/\/covasna45.ro\/wp-content\/uploads\/2025\/10\/icon_logo_covasna45-150x150.png","contentUrl":"https:\/\/covasna45.ro\/wp-content\/uploads\/2025\/10\/icon_logo_covasna45-150x150.png","caption":"Covasna45"},"sameAs":["https:\/\/covasna45.ro"],"url":"https:\/\/covasna45.ro\/index.php\/author\/covasna\/"}]}},"_links":{"self":[{"href":"https:\/\/covasna45.ro\/index.php\/wp-json\/wp\/v2\/posts\/15320","targetHints":{"allow":["GET"]}}],"collection":[{"href":"https:\/\/covasna45.ro\/index.php\/wp-json\/wp\/v2\/posts"}],"about":[{"href":"https:\/\/covasna45.ro\/index.php\/wp-json\/wp\/v2\/types\/post"}],"author":[{"embeddable":true,"href":"https:\/\/covasna45.ro\/index.php\/wp-json\/wp\/v2\/users\/1"}],"replies":[{"embeddable":true,"href":"https:\/\/covasna45.ro\/index.php\/wp-json\/wp\/v2\/comments?post=15320"}],"version-history":[{"count":1,"href":"https:\/\/covasna45.ro\/index.php\/wp-json\/wp\/v2\/posts\/15320\/revisions"}],"predecessor-version":[{"id":15322,"href":"https:\/\/covasna45.ro\/index.php\/wp-json\/wp\/v2\/posts\/15320\/revisions\/15322"}],"wp:featuredmedia":[{"embeddable":true,"href":"https:\/\/covasna45.ro\/index.php\/wp-json\/wp\/v2\/media\/15321"}],"wp:attachment":[{"href":"https:\/\/covasna45.ro\/index.php\/wp-json\/wp\/v2\/media?parent=15320"}],"wp:term":[{"taxonomy":"category","embeddable":true,"href":"https:\/\/covasna45.ro\/index.php\/wp-json\/wp\/v2\/categories?post=15320"},{"taxonomy":"post_tag","embeddable":true,"href":"https:\/\/covasna45.ro\/index.php\/wp-json\/wp\/v2\/tags?post=15320"}],"curies":[{"name":"wp","href":"https:\/\/api.w.org\/{rel}","templated":true}]}}