{"id":1534,"date":"2023-04-27T10:34:09","date_gmt":"2023-04-27T08:34:09","guid":{"rendered":"https:\/\/covasna45.ro\/?p=1534"},"modified":"2023-04-27T10:34:09","modified_gmt":"2023-04-27T08:34:09","slug":"romania-a-avut-cea-mai-mare-crestere-a-preturilor-la-energie-electrica","status":"publish","type":"post","link":"https:\/\/covasna45.ro\/index.php\/lumea-noastra\/romania-a-avut-cea-mai-mare-crestere-a-preturilor-la-energie-electrica\/","title":{"rendered":"Rom\u00e2nia a avut\u00a0cea mai mare cre\u0219tere a pre\u021burilor la energie electric\u0103\u00a0"},"content":{"rendered":"\n<p>\u00cen a doua jum\u0103tate a anului trecut, suma medie pl\u0103tit\u0103 pentru 100 de kilowa\u021bi-or\u0103 de energie electric\u0103 \u00een gospod\u0103riile din \u021b\u0103rile Uniunii Europene a dobor\u00e2t un record, cu 28,4 euro, relateaz\u0103 Haberler.<\/p>\n\n\n\n<p>Biroul European de Statistic\u0103 a publicat datele privind pre\u021burile la energie electric\u0103 \u0219i gaze naturale consumate \u00een gospod\u0103riile din \u021b\u0103rile UE \u00een a doua jum\u0103tate a anului trecut.<\/p>\n\n\n\n<p>Potrivit acestor date, \u00een timp ce \u021b\u0103rile UE au pl\u0103tit 23,5 euro pentru 100 de kilowa\u021bi-or\u0103 de energie electric\u0103 \u00een a doua jum\u0103tate a anului 2021, aceast\u0103 cifr\u0103 a ajuns la 28,4 euro \u00een a doua jum\u0103tate a anului trecut.<\/p>\n\n\n\n<h2 class=\"wp-block-heading\">Dintre \u021b\u0103rile UE, cea mai ieftin\u0103 energie electric\u0103 a fost v\u00e2ndut\u0103 \u00een Ungaria. <\/h2>\n\n\n\n<p>Acolo s-au pl\u0103tit 10,8 euro pentru 100 de kilowa\u021bi-or\u0103 de energie electric\u0103, urm\u00e2nd Bulgaria cu 11,5 euro, Malta cu 12,8 euro \u0219i Olanda cu 13,5 euro.<\/p>\n\n\n\n<p>Danemarca a fost \u021bara care a pl\u0103tit cel mai mult pentru electricitate. Gospod\u0103riile din Danemarca au pl\u0103tit 58,7 euro pentru 100 de kilowa\u021bi-or\u0103 la electricitate. Au urmat Belgia cu 44,9 euro, Irlanda cu 42 euro, Cehia cu 38,4 euro, Italia cu 36,4 euro, Rom\u00e2nia cu 34,1 euro, Germania cu 33,6 euro \u0219i Spania cu 33,5 euro.\u00a0\u00a0<\/p>\n\n\n\n<h2 class=\"wp-block-heading\">Cea mai mare cre\u0219tere a pre\u021burilor la energie electric\u0103 a fost \u00een Rom\u00e2nia cu 112%, Cehia cu 97% \u0219i Danemarca cu 70%.<\/h2>\n\n\n\n<p>Cu excep\u021bia \u021a\u0103rilor de Jos \u0219i a Maltei, pre\u021burile energiei electrice au crescut \u00een toate \u021b\u0103rile membre UE comparativ cu aceea\u0219i perioad\u0103 a anului precedent. \u00cen perioada de referin\u021b\u0103, pre\u021burile la energie electric\u0103 \u00een cele dou\u0103 state UE men\u021bionate au sc\u0103zut din cauza unor practici precum subven\u021biile \u0219i plafon\u0103rile de pre\u021b.<\/p>\n","protected":false},"excerpt":{"rendered":"<p>\u00cen a doua jum\u0103tate a anului trecut, suma medie pl\u0103tit\u0103 pentru 100 de kilowa\u021bi-or\u0103 de energie electric\u0103 \u00een gospod\u0103riile din \u021b\u0103rile Uniunii Europene a dobor\u00e2t un record, cu 28,4 euro, relateaz\u0103 Haberler. Biroul European de Statistic\u0103 a publicat datele privind pre\u021burile la energie electric\u0103 \u0219i gaze naturale consumate \u00een gospod\u0103riile din \u021b\u0103rile UE \u00een a [&hellip;]<\/p>\n","protected":false},"author":1,"featured_media":1535,"comment_status":"open","ping_status":"closed","sticky":false,"template":"","format":"standard","meta":{"tdm_status":"","tdm_grid_status":"","footnotes":""},"categories":[14],"tags":[326,138,47],"class_list":{"0":"post-1534","1":"post","2":"type-post","3":"status-publish","4":"format-standard","5":"has-post-thumbnail","7":"category-lumea-noastra","8":"tag-energie-electrica","9":"tag-preturi","10":"tag-ue"},"yoast_head":"<!-- This site is optimized with the Yoast SEO plugin v27.5 - https:\/\/yoast.com\/product\/yoast-seo-wordpress\/ -->\n<title>Rom\u00e2nia a avut\u00a0cea mai mare cre\u0219tere a pre\u021burilor la energie electric\u0103\u00a0 - Covasna45<\/title>\n<meta name=\"description\" content=\"Suma medie pl\u0103tit\u0103 pentru 100 de kilowa\u021bi-or\u0103 de energie electric\u0103 \u00een gospod\u0103riile din \u021b\u0103rile UE a dobor\u00e2t un record, cu 28,4 euro.\" \/>\n<meta name=\"robots\" content=\"index, follow, max-snippet:-1, max-image-preview:large, max-video-preview:-1\" \/>\n<link rel=\"canonical\" href=\"https:\/\/covasna45.ro\/index.php\/lumea-noastra\/romania-a-avut-cea-mai-mare-crestere-a-preturilor-la-energie-electrica\/\" \/>\n<meta property=\"og:locale\" content=\"ro_RO\" \/>\n<meta property=\"og:type\" content=\"article\" \/>\n<meta property=\"og:title\" content=\"Rom\u00e2nia a avut\u00a0cea mai mare cre\u0219tere a pre\u021burilor la energie electric\u0103\u00a0 - Covasna45\" \/>\n<meta property=\"og:description\" content=\"Suma medie pl\u0103tit\u0103 pentru 100 de kilowa\u021bi-or\u0103 de energie electric\u0103 \u00een gospod\u0103riile din \u021b\u0103rile UE a dobor\u00e2t un record, cu 28,4 euro.\" \/>\n<meta property=\"og:url\" content=\"https:\/\/covasna45.ro\/index.php\/lumea-noastra\/romania-a-avut-cea-mai-mare-crestere-a-preturilor-la-energie-electrica\/\" \/>\n<meta property=\"og:site_name\" content=\"Covasna45\" \/>\n<meta property=\"article:published_time\" content=\"2023-04-27T08:34:09+00:00\" \/>\n<meta property=\"og:image\" content=\"https:\/\/covasna45.ro\/wp-content\/uploads\/2023\/04\/electricitate.jpg\" \/>\n\t<meta property=\"og:image:width\" content=\"1024\" \/>\n\t<meta property=\"og:image:height\" content=\"683\" \/>\n\t<meta property=\"og:image:type\" content=\"image\/jpeg\" \/>\n<meta name=\"author\" content=\"Covasna45\" \/>\n<meta name=\"twitter:card\" content=\"summary_large_image\" \/>\n<meta name=\"twitter:label1\" content=\"Scris de\" \/>\n\t<meta name=\"twitter:data1\" content=\"Covasna45\" \/>\n\t<meta name=\"twitter:label2\" content=\"Timp estimat pentru citire\" \/>\n\t<meta name=\"twitter:data2\" content=\"2 minute\" \/>\n<script type=\"application\/ld+json\" class=\"yoast-schema-graph\">{\"@context\":\"https:\\\/\\\/schema.org\",\"@graph\":[{\"@type\":\"Article\",\"@id\":\"https:\\\/\\\/covasna45.ro\\\/index.php\\\/lumea-noastra\\\/romania-a-avut-cea-mai-mare-crestere-a-preturilor-la-energie-electrica\\\/#article\",\"isPartOf\":{\"@id\":\"https:\\\/\\\/covasna45.ro\\\/index.php\\\/lumea-noastra\\\/romania-a-avut-cea-mai-mare-crestere-a-preturilor-la-energie-electrica\\\/\"},\"author\":{\"name\":\"Covasna45\",\"@id\":\"https:\\\/\\\/covasna45.ro\\\/#\\\/schema\\\/person\\\/e674052bd7d95d70bbb007a1060ab73c\"},\"headline\":\"Rom\u00e2nia a avut\u00a0cea mai mare cre\u0219tere a pre\u021burilor la energie electric\u0103\u00a0\",\"datePublished\":\"2023-04-27T08:34:09+00:00\",\"mainEntityOfPage\":{\"@id\":\"https:\\\/\\\/covasna45.ro\\\/index.php\\\/lumea-noastra\\\/romania-a-avut-cea-mai-mare-crestere-a-preturilor-la-energie-electrica\\\/\"},\"wordCount\":292,\"commentCount\":0,\"publisher\":{\"@id\":\"https:\\\/\\\/covasna45.ro\\\/#organization\"},\"image\":{\"@id\":\"https:\\\/\\\/covasna45.ro\\\/index.php\\\/lumea-noastra\\\/romania-a-avut-cea-mai-mare-crestere-a-preturilor-la-energie-electrica\\\/#primaryimage\"},\"thumbnailUrl\":\"https:\\\/\\\/covasna45.ro\\\/wp-content\\\/uploads\\\/2023\\\/04\\\/electricitate.jpg\",\"keywords\":[\"Energie electric\u0103\",\"Pre\u021buri\",\"UE\"],\"articleSection\":[\"Lumea noastr\u0103\"],\"inLanguage\":\"ro-RO\",\"potentialAction\":[{\"@type\":\"CommentAction\",\"name\":\"Comment\",\"target\":[\"https:\\\/\\\/covasna45.ro\\\/index.php\\\/lumea-noastra\\\/romania-a-avut-cea-mai-mare-crestere-a-preturilor-la-energie-electrica\\\/#respond\"]}]},{\"@type\":\"WebPage\",\"@id\":\"https:\\\/\\\/covasna45.ro\\\/index.php\\\/lumea-noastra\\\/romania-a-avut-cea-mai-mare-crestere-a-preturilor-la-energie-electrica\\\/\",\"url\":\"https:\\\/\\\/covasna45.ro\\\/index.php\\\/lumea-noastra\\\/romania-a-avut-cea-mai-mare-crestere-a-preturilor-la-energie-electrica\\\/\",\"name\":\"Rom\u00e2nia a avut\u00a0cea mai mare cre\u0219tere a pre\u021burilor la energie electric\u0103\u00a0 - Covasna45\",\"isPartOf\":{\"@id\":\"https:\\\/\\\/covasna45.ro\\\/#website\"},\"primaryImageOfPage\":{\"@id\":\"https:\\\/\\\/covasna45.ro\\\/index.php\\\/lumea-noastra\\\/romania-a-avut-cea-mai-mare-crestere-a-preturilor-la-energie-electrica\\\/#primaryimage\"},\"image\":{\"@id\":\"https:\\\/\\\/covasna45.ro\\\/index.php\\\/lumea-noastra\\\/romania-a-avut-cea-mai-mare-crestere-a-preturilor-la-energie-electrica\\\/#primaryimage\"},\"thumbnailUrl\":\"https:\\\/\\\/covasna45.ro\\\/wp-content\\\/uploads\\\/2023\\\/04\\\/electricitate.jpg\",\"datePublished\":\"2023-04-27T08:34:09+00:00\",\"description\":\"Suma medie pl\u0103tit\u0103 pentru 100 de kilowa\u021bi-or\u0103 de energie electric\u0103 \u00een gospod\u0103riile din \u021b\u0103rile UE a dobor\u00e2t un record, cu 28,4 euro.\",\"breadcrumb\":{\"@id\":\"https:\\\/\\\/covasna45.ro\\\/index.php\\\/lumea-noastra\\\/romania-a-avut-cea-mai-mare-crestere-a-preturilor-la-energie-electrica\\\/#breadcrumb\"},\"inLanguage\":\"ro-RO\",\"potentialAction\":[{\"@type\":\"ReadAction\",\"target\":[\"https:\\\/\\\/covasna45.ro\\\/index.php\\\/lumea-noastra\\\/romania-a-avut-cea-mai-mare-crestere-a-preturilor-la-energie-electrica\\\/\"]}]},{\"@type\":\"ImageObject\",\"inLanguage\":\"ro-RO\",\"@id\":\"https:\\\/\\\/covasna45.ro\\\/index.php\\\/lumea-noastra\\\/romania-a-avut-cea-mai-mare-crestere-a-preturilor-la-energie-electrica\\\/#primaryimage\",\"url\":\"https:\\\/\\\/covasna45.ro\\\/wp-content\\\/uploads\\\/2023\\\/04\\\/electricitate.jpg\",\"contentUrl\":\"https:\\\/\\\/covasna45.ro\\\/wp-content\\\/uploads\\\/2023\\\/04\\\/electricitate.jpg\",\"width\":1024,\"height\":683},{\"@type\":\"BreadcrumbList\",\"@id\":\"https:\\\/\\\/covasna45.ro\\\/index.php\\\/lumea-noastra\\\/romania-a-avut-cea-mai-mare-crestere-a-preturilor-la-energie-electrica\\\/#breadcrumb\",\"itemListElement\":[{\"@type\":\"ListItem\",\"position\":1,\"name\":\"Prima pagin\u0103\",\"item\":\"https:\\\/\\\/covasna45.ro\\\/\"},{\"@type\":\"ListItem\",\"position\":2,\"name\":\"Rom\u00e2nia a avut\u00a0cea mai mare cre\u0219tere a pre\u021burilor la energie electric\u0103\u00a0\"}]},{\"@type\":\"WebSite\",\"@id\":\"https:\\\/\\\/covasna45.ro\\\/#website\",\"url\":\"https:\\\/\\\/covasna45.ro\\\/\",\"name\":\"covasna45.ro\",\"description\":\"\",\"publisher\":{\"@id\":\"https:\\\/\\\/covasna45.ro\\\/#organization\"},\"potentialAction\":[{\"@type\":\"SearchAction\",\"target\":{\"@type\":\"EntryPoint\",\"urlTemplate\":\"https:\\\/\\\/covasna45.ro\\\/?s={search_term_string}\"},\"query-input\":{\"@type\":\"PropertyValueSpecification\",\"valueRequired\":true,\"valueName\":\"search_term_string\"}}],\"inLanguage\":\"ro-RO\"},{\"@type\":\"Organization\",\"@id\":\"https:\\\/\\\/covasna45.ro\\\/#organization\",\"name\":\"covasna45.ro\",\"url\":\"https:\\\/\\\/covasna45.ro\\\/\",\"logo\":{\"@type\":\"ImageObject\",\"inLanguage\":\"ro-RO\",\"@id\":\"https:\\\/\\\/covasna45.ro\\\/#\\\/schema\\\/logo\\\/image\\\/\",\"url\":\"https:\\\/\\\/covasna45.ro\\\/wp-content\\\/uploads\\\/2023\\\/01\\\/icon_logo.png\",\"contentUrl\":\"https:\\\/\\\/covasna45.ro\\\/wp-content\\\/uploads\\\/2023\\\/01\\\/icon_logo.png\",\"width\":1900,\"height\":1900,\"caption\":\"covasna45.ro\"},\"image\":{\"@id\":\"https:\\\/\\\/covasna45.ro\\\/#\\\/schema\\\/logo\\\/image\\\/\"}},{\"@type\":\"Person\",\"@id\":\"https:\\\/\\\/covasna45.ro\\\/#\\\/schema\\\/person\\\/e674052bd7d95d70bbb007a1060ab73c\",\"name\":\"Covasna45\",\"image\":{\"@type\":\"ImageObject\",\"inLanguage\":\"ro-RO\",\"@id\":\"https:\\\/\\\/covasna45.ro\\\/wp-content\\\/uploads\\\/2025\\\/10\\\/icon_logo_covasna45-150x150.png\",\"url\":\"https:\\\/\\\/covasna45.ro\\\/wp-content\\\/uploads\\\/2025\\\/10\\\/icon_logo_covasna45-150x150.png\",\"contentUrl\":\"https:\\\/\\\/covasna45.ro\\\/wp-content\\\/uploads\\\/2025\\\/10\\\/icon_logo_covasna45-150x150.png\",\"caption\":\"Covasna45\"},\"sameAs\":[\"https:\\\/\\\/covasna45.ro\"],\"url\":\"https:\\\/\\\/covasna45.ro\\\/index.php\\\/author\\\/covasna\\\/\"}]}<\/script>\n<!-- \/ Yoast SEO plugin. -->","yoast_head_json":{"title":"Rom\u00e2nia a avut\u00a0cea mai mare cre\u0219tere a pre\u021burilor la energie electric\u0103\u00a0 - Covasna45","description":"Suma medie pl\u0103tit\u0103 pentru 100 de kilowa\u021bi-or\u0103 de energie electric\u0103 \u00een gospod\u0103riile din \u021b\u0103rile UE a dobor\u00e2t un record, cu 28,4 euro.","robots":{"index":"index","follow":"follow","max-snippet":"max-snippet:-1","max-image-preview":"max-image-preview:large","max-video-preview":"max-video-preview:-1"},"canonical":"https:\/\/covasna45.ro\/index.php\/lumea-noastra\/romania-a-avut-cea-mai-mare-crestere-a-preturilor-la-energie-electrica\/","og_locale":"ro_RO","og_type":"article","og_title":"Rom\u00e2nia a avut\u00a0cea mai mare cre\u0219tere a pre\u021burilor la energie electric\u0103\u00a0 - Covasna45","og_description":"Suma medie pl\u0103tit\u0103 pentru 100 de kilowa\u021bi-or\u0103 de energie electric\u0103 \u00een gospod\u0103riile din \u021b\u0103rile UE a dobor\u00e2t un record, cu 28,4 euro.","og_url":"https:\/\/covasna45.ro\/index.php\/lumea-noastra\/romania-a-avut-cea-mai-mare-crestere-a-preturilor-la-energie-electrica\/","og_site_name":"Covasna45","article_published_time":"2023-04-27T08:34:09+00:00","og_image":[{"width":1024,"height":683,"url":"https:\/\/covasna45.ro\/wp-content\/uploads\/2023\/04\/electricitate.jpg","type":"image\/jpeg"}],"author":"Covasna45","twitter_card":"summary_large_image","twitter_misc":{"Scris de":"Covasna45","Timp estimat pentru citire":"2 minute"},"schema":{"@context":"https:\/\/schema.org","@graph":[{"@type":"Article","@id":"https:\/\/covasna45.ro\/index.php\/lumea-noastra\/romania-a-avut-cea-mai-mare-crestere-a-preturilor-la-energie-electrica\/#article","isPartOf":{"@id":"https:\/\/covasna45.ro\/index.php\/lumea-noastra\/romania-a-avut-cea-mai-mare-crestere-a-preturilor-la-energie-electrica\/"},"author":{"name":"Covasna45","@id":"https:\/\/covasna45.ro\/#\/schema\/person\/e674052bd7d95d70bbb007a1060ab73c"},"headline":"Rom\u00e2nia a avut\u00a0cea mai mare cre\u0219tere a pre\u021burilor la energie electric\u0103\u00a0","datePublished":"2023-04-27T08:34:09+00:00","mainEntityOfPage":{"@id":"https:\/\/covasna45.ro\/index.php\/lumea-noastra\/romania-a-avut-cea-mai-mare-crestere-a-preturilor-la-energie-electrica\/"},"wordCount":292,"commentCount":0,"publisher":{"@id":"https:\/\/covasna45.ro\/#organization"},"image":{"@id":"https:\/\/covasna45.ro\/index.php\/lumea-noastra\/romania-a-avut-cea-mai-mare-crestere-a-preturilor-la-energie-electrica\/#primaryimage"},"thumbnailUrl":"https:\/\/covasna45.ro\/wp-content\/uploads\/2023\/04\/electricitate.jpg","keywords":["Energie electric\u0103","Pre\u021buri","UE"],"articleSection":["Lumea noastr\u0103"],"inLanguage":"ro-RO","potentialAction":[{"@type":"CommentAction","name":"Comment","target":["https:\/\/covasna45.ro\/index.php\/lumea-noastra\/romania-a-avut-cea-mai-mare-crestere-a-preturilor-la-energie-electrica\/#respond"]}]},{"@type":"WebPage","@id":"https:\/\/covasna45.ro\/index.php\/lumea-noastra\/romania-a-avut-cea-mai-mare-crestere-a-preturilor-la-energie-electrica\/","url":"https:\/\/covasna45.ro\/index.php\/lumea-noastra\/romania-a-avut-cea-mai-mare-crestere-a-preturilor-la-energie-electrica\/","name":"Rom\u00e2nia a avut\u00a0cea mai mare cre\u0219tere a pre\u021burilor la energie electric\u0103\u00a0 - Covasna45","isPartOf":{"@id":"https:\/\/covasna45.ro\/#website"},"primaryImageOfPage":{"@id":"https:\/\/covasna45.ro\/index.php\/lumea-noastra\/romania-a-avut-cea-mai-mare-crestere-a-preturilor-la-energie-electrica\/#primaryimage"},"image":{"@id":"https:\/\/covasna45.ro\/index.php\/lumea-noastra\/romania-a-avut-cea-mai-mare-crestere-a-preturilor-la-energie-electrica\/#primaryimage"},"thumbnailUrl":"https:\/\/covasna45.ro\/wp-content\/uploads\/2023\/04\/electricitate.jpg","datePublished":"2023-04-27T08:34:09+00:00","description":"Suma medie pl\u0103tit\u0103 pentru 100 de kilowa\u021bi-or\u0103 de energie electric\u0103 \u00een gospod\u0103riile din \u021b\u0103rile UE a dobor\u00e2t un record, cu 28,4 euro.","breadcrumb":{"@id":"https:\/\/covasna45.ro\/index.php\/lumea-noastra\/romania-a-avut-cea-mai-mare-crestere-a-preturilor-la-energie-electrica\/#breadcrumb"},"inLanguage":"ro-RO","potentialAction":[{"@type":"ReadAction","target":["https:\/\/covasna45.ro\/index.php\/lumea-noastra\/romania-a-avut-cea-mai-mare-crestere-a-preturilor-la-energie-electrica\/"]}]},{"@type":"ImageObject","inLanguage":"ro-RO","@id":"https:\/\/covasna45.ro\/index.php\/lumea-noastra\/romania-a-avut-cea-mai-mare-crestere-a-preturilor-la-energie-electrica\/#primaryimage","url":"https:\/\/covasna45.ro\/wp-content\/uploads\/2023\/04\/electricitate.jpg","contentUrl":"https:\/\/covasna45.ro\/wp-content\/uploads\/2023\/04\/electricitate.jpg","width":1024,"height":683},{"@type":"BreadcrumbList","@id":"https:\/\/covasna45.ro\/index.php\/lumea-noastra\/romania-a-avut-cea-mai-mare-crestere-a-preturilor-la-energie-electrica\/#breadcrumb","itemListElement":[{"@type":"ListItem","position":1,"name":"Prima pagin\u0103","item":"https:\/\/covasna45.ro\/"},{"@type":"ListItem","position":2,"name":"Rom\u00e2nia a avut\u00a0cea mai mare cre\u0219tere a pre\u021burilor la energie electric\u0103\u00a0"}]},{"@type":"WebSite","@id":"https:\/\/covasna45.ro\/#website","url":"https:\/\/covasna45.ro\/","name":"covasna45.ro","description":"","publisher":{"@id":"https:\/\/covasna45.ro\/#organization"},"potentialAction":[{"@type":"SearchAction","target":{"@type":"EntryPoint","urlTemplate":"https:\/\/covasna45.ro\/?s={search_term_string}"},"query-input":{"@type":"PropertyValueSpecification","valueRequired":true,"valueName":"search_term_string"}}],"inLanguage":"ro-RO"},{"@type":"Organization","@id":"https:\/\/covasna45.ro\/#organization","name":"covasna45.ro","url":"https:\/\/covasna45.ro\/","logo":{"@type":"ImageObject","inLanguage":"ro-RO","@id":"https:\/\/covasna45.ro\/#\/schema\/logo\/image\/","url":"https:\/\/covasna45.ro\/wp-content\/uploads\/2023\/01\/icon_logo.png","contentUrl":"https:\/\/covasna45.ro\/wp-content\/uploads\/2023\/01\/icon_logo.png","width":1900,"height":1900,"caption":"covasna45.ro"},"image":{"@id":"https:\/\/covasna45.ro\/#\/schema\/logo\/image\/"}},{"@type":"Person","@id":"https:\/\/covasna45.ro\/#\/schema\/person\/e674052bd7d95d70bbb007a1060ab73c","name":"Covasna45","image":{"@type":"ImageObject","inLanguage":"ro-RO","@id":"https:\/\/covasna45.ro\/wp-content\/uploads\/2025\/10\/icon_logo_covasna45-150x150.png","url":"https:\/\/covasna45.ro\/wp-content\/uploads\/2025\/10\/icon_logo_covasna45-150x150.png","contentUrl":"https:\/\/covasna45.ro\/wp-content\/uploads\/2025\/10\/icon_logo_covasna45-150x150.png","caption":"Covasna45"},"sameAs":["https:\/\/covasna45.ro"],"url":"https:\/\/covasna45.ro\/index.php\/author\/covasna\/"}]}},"_links":{"self":[{"href":"https:\/\/covasna45.ro\/index.php\/wp-json\/wp\/v2\/posts\/1534","targetHints":{"allow":["GET"]}}],"collection":[{"href":"https:\/\/covasna45.ro\/index.php\/wp-json\/wp\/v2\/posts"}],"about":[{"href":"https:\/\/covasna45.ro\/index.php\/wp-json\/wp\/v2\/types\/post"}],"author":[{"embeddable":true,"href":"https:\/\/covasna45.ro\/index.php\/wp-json\/wp\/v2\/users\/1"}],"replies":[{"embeddable":true,"href":"https:\/\/covasna45.ro\/index.php\/wp-json\/wp\/v2\/comments?post=1534"}],"version-history":[{"count":1,"href":"https:\/\/covasna45.ro\/index.php\/wp-json\/wp\/v2\/posts\/1534\/revisions"}],"predecessor-version":[{"id":1536,"href":"https:\/\/covasna45.ro\/index.php\/wp-json\/wp\/v2\/posts\/1534\/revisions\/1536"}],"wp:featuredmedia":[{"embeddable":true,"href":"https:\/\/covasna45.ro\/index.php\/wp-json\/wp\/v2\/media\/1535"}],"wp:attachment":[{"href":"https:\/\/covasna45.ro\/index.php\/wp-json\/wp\/v2\/media?parent=1534"}],"wp:term":[{"taxonomy":"category","embeddable":true,"href":"https:\/\/covasna45.ro\/index.php\/wp-json\/wp\/v2\/categories?post=1534"},{"taxonomy":"post_tag","embeddable":true,"href":"https:\/\/covasna45.ro\/index.php\/wp-json\/wp\/v2\/tags?post=1534"}],"curies":[{"name":"wp","href":"https:\/\/api.w.org\/{rel}","templated":true}]}}