{"id":15369,"date":"2026-03-10T10:56:53","date_gmt":"2026-03-10T08:56:53","guid":{"rendered":"https:\/\/covasna45.ro\/?p=15369"},"modified":"2026-03-10T13:39:39","modified_gmt":"2026-03-10T11:39:39","slug":"ziua-maghiarilor-de-pretutindeni-marcata-festiv-in-tot-judetul","status":"publish","type":"post","link":"https:\/\/covasna45.ro\/index.php\/lumea-noastra\/ziua-maghiarilor-de-pretutindeni-marcata-festiv-in-tot-judetul\/","title":{"rendered":"Ziua Maghiarilor de Pretutindeni, marcat\u0103 festiv \u00een tot jude\u021bul"},"content":{"rendered":"\n<p>Revolu\u021bia de la 1848&nbsp;este considerat\u0103 unul dintre fundamentele identit\u0103\u021bii na\u021bionale ale poporului maghiar. An de an, la 15 martie e celebrat\u0103 data la care a pornit Revolu\u021bia \u0219i care a devenit Ziua Maghiarilor de Pretutindeni. Este o s\u0103rb\u0103toare a solidarit\u0103\u021bii na\u021bionale, celebrat\u0103 de maghiarii din \u00eentreaga lume, nu doar din Ungaria.<\/p>\n\n\n\n<p>Ca \u00een fiecare an, aceast\u0103 zi va fi <a href=\"https:\/\/covasna45.ro\/index.php\/lumea-noastra\/15-martie-ziua-maghiarilor-de-pretutindeni\/?fbclid=IwY2xjawQcux1leHRuA2FlbQIxMQBicmlkETFUOHVDY2tIZXhkRE9TZkZmc3J0YwZhcHBfaWQQMjIyMDM5MTc4ODIwMDg5MgABHm5QkuakygSuFxdE23xPgcLY2Gsvg2BVVmqjgrk_mAckPZflCwgj_guJxzC2_aem_M7ZeeRlxDbTD-F8c0w9h3A\">s\u0103rb\u0103torit\u0103<\/a> \u0219i \u00een jude\u021bul Covasna. \u00cen majoritatea localit\u0103\u021bilor au loc evenimente festive.<\/p>\n\n\n\n<h2 class=\"wp-block-heading\">Pre\u0219edintele Ungariei va fi la T\u00e2rgu Secuiesc<\/h2>\n\n\n\n<p>Municipiul T\u00e2rgu Secuiesc a \u00eenceput deja seria de manifest\u0103ri dedicate zilei de 15 martie. \u00cen acest an, prim\u0103ria a decis s\u0103 celebreze 15 martie pe parcursul unei s\u0103pt\u0103m\u00e2ni, cu spectacole de teatru, concursuri de eseuri, de oratorie \u0219i alte programe culturale.<\/p>\n\n\n\n<p>S\u00e2mb\u0103t\u0103, de la ora 19.00, are loc un spectacol la Centrul Cultural Vigad\u00f3.<\/p>\n\n\n\n<figure class=\"wp-block-image size-full\"><img loading=\"lazy\" decoding=\"async\" width=\"1000\" height=\"1000\" src=\"https:\/\/covasna45.ro\/wp-content\/uploads\/2026\/03\/646359387_1521770999954961_3006831620126548102_n.jpg\" alt=\"\" class=\"wp-image-15375\" srcset=\"https:\/\/covasna45.ro\/wp-content\/uploads\/2026\/03\/646359387_1521770999954961_3006831620126548102_n.jpg 1000w, https:\/\/covasna45.ro\/wp-content\/uploads\/2026\/03\/646359387_1521770999954961_3006831620126548102_n-300x300.jpg 300w, https:\/\/covasna45.ro\/wp-content\/uploads\/2026\/03\/646359387_1521770999954961_3006831620126548102_n-150x150.jpg 150w, https:\/\/covasna45.ro\/wp-content\/uploads\/2026\/03\/646359387_1521770999954961_3006831620126548102_n-768x768.jpg 768w, https:\/\/covasna45.ro\/wp-content\/uploads\/2026\/03\/646359387_1521770999954961_3006831620126548102_n-696x696.jpg 696w\" sizes=\"auto, (max-width: 1000px) 100vw, 1000px\" \/><\/figure>\n\n\n\n<p>Duminic\u0103, de la ora 13.45 \u00eencepe adunarea \u00een pia\u021ba central\u0103, unde va avea loc \u0219i faimoasa parad\u0103 a husarilor, cu c\u0103l\u0103re\u021bi din toate comunele din jurul municipiului.<\/p>\n\n\n\n<p>Invitat special este dr. Tam\u00e1s Sulyok, pre\u0219edintele Republicii Ungaria. La eveniment vor fi de asemenea prezen\u021bi&nbsp;Katalin Kissn\u00e9 Hlatki&nbsp;, ambasadorul Ungariei la Bucure\u0219ti,&nbsp;Istv\u00e1n Dolhai,&nbsp;consul general, \u0219i&nbsp;Bal\u00e1zs Szungert, reprezentant al Consulatului General al Ungariei la Miercurea Ciuc.<\/p>\n\n\n\n<figure class=\"wp-block-image size-full\"><img loading=\"lazy\" decoding=\"async\" width=\"1000\" height=\"1000\" src=\"https:\/\/covasna45.ro\/wp-content\/uploads\/2026\/03\/645411977_1521039570028104_7511351295854860946_n.jpg\" alt=\"\" class=\"wp-image-15376\" srcset=\"https:\/\/covasna45.ro\/wp-content\/uploads\/2026\/03\/645411977_1521039570028104_7511351295854860946_n.jpg 1000w, https:\/\/covasna45.ro\/wp-content\/uploads\/2026\/03\/645411977_1521039570028104_7511351295854860946_n-300x300.jpg 300w, https:\/\/covasna45.ro\/wp-content\/uploads\/2026\/03\/645411977_1521039570028104_7511351295854860946_n-150x150.jpg 150w, https:\/\/covasna45.ro\/wp-content\/uploads\/2026\/03\/645411977_1521039570028104_7511351295854860946_n-768x768.jpg 768w, https:\/\/covasna45.ro\/wp-content\/uploads\/2026\/03\/645411977_1521039570028104_7511351295854860946_n-696x696.jpg 696w\" sizes=\"auto, (max-width: 1000px) 100vw, 1000px\" \/><\/figure>\n\n\n\n<p>Programul complet, <a href=\"https:\/\/www.kezdi.ro\/kultura\/a-szabadsag-unnepe-marcius-15-emlekere-programsorozat-2026\/?fbclid=IwY2xjawQcpplleHRuA2FlbQIxMABicmlkETFUOHVDY2tIZXhkRE9TZkZmc3J0YwZhcHBfaWQQMjIyMDM5MTc4ODIwMDg5MgABHp4uPyp8uNZtkPn582OBtB67NpjAPfmLzdPCGtmT_Qv5M-DuE9dKwaJYrPW9_aem__dzUiijPWLHdmI8ETTfsPw\">AICI<\/a>.<\/p>\n\n\n\n<h2 class=\"wp-block-heading\">Parad\u0103 la Covasna<\/h2>\n\n\n\n<p>\u00cen sta\u021biunea Covasna, Ziua Maghiarilor de Pretutindeni va fi marcat\u0103 duminic\u0103, de la ora 14.00, cu o defilare &#8211; inclusiv c\u0103ru\u021be \u0219i c\u0103l\u0103re\u021bi. Ace\u0219tia vor avea traseul din fiecare an &#8211; de la Podul Ocolului Silvic, p\u00e2n\u0103 la scena din centru. Aici vor fi \u021binute scurte discursuri, urmate de un program artistic. <\/p>\n\n\n\n<figure class=\"wp-block-image size-large\"><img loading=\"lazy\" decoding=\"async\" width=\"812\" height=\"1024\" src=\"https:\/\/covasna45.ro\/wp-content\/uploads\/2026\/03\/15-m-cv-812x1024.jpg\" alt=\"\" class=\"wp-image-15377\" srcset=\"https:\/\/covasna45.ro\/wp-content\/uploads\/2026\/03\/15-m-cv-812x1024.jpg 812w, https:\/\/covasna45.ro\/wp-content\/uploads\/2026\/03\/15-m-cv-238x300.jpg 238w, https:\/\/covasna45.ro\/wp-content\/uploads\/2026\/03\/15-m-cv-768x969.jpg 768w, https:\/\/covasna45.ro\/wp-content\/uploads\/2026\/03\/15-m-cv-1218x1536.jpg 1218w, https:\/\/covasna45.ro\/wp-content\/uploads\/2026\/03\/15-m-cv-150x189.jpg 150w, https:\/\/covasna45.ro\/wp-content\/uploads\/2026\/03\/15-m-cv-300x378.jpg 300w, https:\/\/covasna45.ro\/wp-content\/uploads\/2026\/03\/15-m-cv-696x878.jpg 696w, https:\/\/covasna45.ro\/wp-content\/uploads\/2026\/03\/15-m-cv-1068x1347.jpg 1068w, https:\/\/covasna45.ro\/wp-content\/uploads\/2026\/03\/15-m-cv.jpg 1624w\" sizes=\"auto, (max-width: 812px) 100vw, 812px\" \/><\/figure>\n\n\n\n<p>Evenimentul continu\u0103 cu depunere de coroane la obeliscul din curtea bisericii reformate din centru. Seara, de la ora 19.00, va avea loc un spectacol la Centrul Cultural.<\/p>\n\n\n\n<h2 class=\"wp-block-heading\">Baraolt \u2013 evenimente culturale<\/h2>\n\n\n\n<p>Prim\u0103ria Baraolt s\u0103rb\u0103tore\u0219te 15 martie cu mai multe programe festive. Au loc lans\u0103ri de carte, spectacol de teatru, proiec\u021bie de film, dezbateri, depuneri de coroane \u0219i slujbe religioase.<\/p>\n\n\n\n<figure class=\"wp-block-image size-large\"><img loading=\"lazy\" decoding=\"async\" width=\"724\" height=\"1024\" src=\"https:\/\/covasna45.ro\/wp-content\/uploads\/2026\/03\/baraolt-15-m-724x1024.jpg\" alt=\"\" class=\"wp-image-15374\" srcset=\"https:\/\/covasna45.ro\/wp-content\/uploads\/2026\/03\/baraolt-15-m-724x1024.jpg 724w, https:\/\/covasna45.ro\/wp-content\/uploads\/2026\/03\/baraolt-15-m-212x300.jpg 212w, https:\/\/covasna45.ro\/wp-content\/uploads\/2026\/03\/baraolt-15-m-768x1086.jpg 768w, https:\/\/covasna45.ro\/wp-content\/uploads\/2026\/03\/baraolt-15-m-1086x1536.jpg 1086w, https:\/\/covasna45.ro\/wp-content\/uploads\/2026\/03\/baraolt-15-m-150x212.jpg 150w, https:\/\/covasna45.ro\/wp-content\/uploads\/2026\/03\/baraolt-15-m-300x424.jpg 300w, https:\/\/covasna45.ro\/wp-content\/uploads\/2026\/03\/baraolt-15-m-696x984.jpg 696w, https:\/\/covasna45.ro\/wp-content\/uploads\/2026\/03\/baraolt-15-m-1068x1511.jpg 1068w, https:\/\/covasna45.ro\/wp-content\/uploads\/2026\/03\/baraolt-15-m.jpg 1448w\" sizes=\"auto, (max-width: 724px) 100vw, 724px\" \/><\/figure>\n\n\n\n<p>Duminic\u0103, de la ora 14.00, e organizat \u0219i un mar\u0219 \u00een centrul ora\u0219ului. Detalii despre eveniment, <a href=\"https:\/\/www.facebook.com\/barotvarosonkormanyzata\">AICI<\/a>.<\/p>\n\n\n\n<h2 class=\"wp-block-heading\">Sf\u00e2ntu Gheorghe: Cafeneaua \u201ePilvax\u201d reface atmosfera Revolu\u021biei<\/h2>\n\n\n\n<p>Cafeneaua Tein din centrul ora\u0219ului va fi \u0219i \u00een acest an transformat\u0103 \u00een cafeneaua \u201ePilvax\u201d, un loc de \u00eent\u00e2lnire pentru libertate, art\u0103 \u0219i idei noi.<\/p>\n\n\n\n<figure class=\"wp-block-image size-large\"><img loading=\"lazy\" decoding=\"async\" width=\"1024\" height=\"683\" src=\"https:\/\/covasna45.ro\/wp-content\/uploads\/2026\/03\/15-m-sf-ghe-1024x683.jpg\" alt=\"\" class=\"wp-image-15378\" srcset=\"https:\/\/covasna45.ro\/wp-content\/uploads\/2026\/03\/15-m-sf-ghe-1024x683.jpg 1024w, https:\/\/covasna45.ro\/wp-content\/uploads\/2026\/03\/15-m-sf-ghe-300x200.jpg 300w, https:\/\/covasna45.ro\/wp-content\/uploads\/2026\/03\/15-m-sf-ghe-768x512.jpg 768w, https:\/\/covasna45.ro\/wp-content\/uploads\/2026\/03\/15-m-sf-ghe-1536x1024.jpg 1536w, https:\/\/covasna45.ro\/wp-content\/uploads\/2026\/03\/15-m-sf-ghe-150x100.jpg 150w, https:\/\/covasna45.ro\/wp-content\/uploads\/2026\/03\/15-m-sf-ghe-696x464.jpg 696w, https:\/\/covasna45.ro\/wp-content\/uploads\/2026\/03\/15-m-sf-ghe-1068x712.jpg 1068w, https:\/\/covasna45.ro\/wp-content\/uploads\/2026\/03\/15-m-sf-ghe-1920x1280.jpg 1920w, https:\/\/covasna45.ro\/wp-content\/uploads\/2026\/03\/15-m-sf-ghe.jpg 2048w\" sizes=\"auto, (max-width: 1024px) 100vw, 1024px\" \/><\/figure>\n\n\n\n<p>Anul acesta, designul \u0219i artele plastice vor ocupa un loc central: patru arti\u0219ti vor picta live un portret al so\u021biei lui J\u00f3kai M\u00f3r, R\u00f3za Laborfalvi. La ora 12:00, Bor\u00f3ka K\u00e1tai va sus\u021bine un spectacol acustic live, unde va c\u00e2nta \u0219i piesa sa \u201eM\u00e9g sz\u00e1zan\u201d, scris\u0103 special pentru Pilvax. Atmosfera va fi completat\u0103 de un concert sus\u021binut de Jazzpar Tri\u00f3 din Sf\u00e2ntu Gheorghe, astfel \u00eenc\u00e2t spiritul Pilvax s\u0103 fie redat \u00eentr-un stil modern. \u0218i tot aici, de azi \u0219i p\u00e2n\u0103 pe 13 martie are loc un atelier de confec\u021bionare a cocardelor ce vor fi purtate duminic\u0103.<\/p>\n\n\n\n<figure class=\"wp-block-image size-large\"><img loading=\"lazy\" decoding=\"async\" width=\"1024\" height=\"683\" src=\"https:\/\/covasna45.ro\/wp-content\/uploads\/2026\/03\/tein-plivax-1024x683.jpg\" alt=\"\" class=\"wp-image-15372\" srcset=\"https:\/\/covasna45.ro\/wp-content\/uploads\/2026\/03\/tein-plivax-1024x683.jpg 1024w, https:\/\/covasna45.ro\/wp-content\/uploads\/2026\/03\/tein-plivax-300x200.jpg 300w, https:\/\/covasna45.ro\/wp-content\/uploads\/2026\/03\/tein-plivax-768x512.jpg 768w, https:\/\/covasna45.ro\/wp-content\/uploads\/2026\/03\/tein-plivax-1536x1024.jpg 1536w, https:\/\/covasna45.ro\/wp-content\/uploads\/2026\/03\/tein-plivax-150x100.jpg 150w, https:\/\/covasna45.ro\/wp-content\/uploads\/2026\/03\/tein-plivax-696x464.jpg 696w, https:\/\/covasna45.ro\/wp-content\/uploads\/2026\/03\/tein-plivax-1068x712.jpg 1068w, https:\/\/covasna45.ro\/wp-content\/uploads\/2026\/03\/tein-plivax-1920x1280.jpg 1920w, https:\/\/covasna45.ro\/wp-content\/uploads\/2026\/03\/tein-plivax.jpg 2048w\" sizes=\"auto, (max-width: 1024px) 100vw, 1024px\" \/><\/figure>\n\n\n\n<p>\u00cen program mai sunt depuneri de coroane, concert la Teatrul \u201eTamasi Aron\u201d, o alergare a celor de la Fitness Tribe \u0219i parada c\u0103lare de duminic\u0103. Aceasta va \u00eencepe la 11.45, cu dou\u0103 grupe de c\u0103l\u0103re\u021bi care pornesc din direc\u021bii opuse ale ora\u0219ului \u0219i se vor \u00eent\u00e2lni la ora 13.00 \u00een Pia\u021ba Central\u0103 din Sf\u00e2ntu Gheorghe.<\/p>\n\n\n\n<figure class=\"wp-block-image size-large\"><img loading=\"lazy\" decoding=\"async\" width=\"1024\" height=\"683\" src=\"https:\/\/covasna45.ro\/wp-content\/uploads\/2026\/03\/sf-ghe-15-m-1024x683.jpg\" alt=\"\" class=\"wp-image-15373\" srcset=\"https:\/\/covasna45.ro\/wp-content\/uploads\/2026\/03\/sf-ghe-15-m-1024x683.jpg 1024w, https:\/\/covasna45.ro\/wp-content\/uploads\/2026\/03\/sf-ghe-15-m-300x200.jpg 300w, https:\/\/covasna45.ro\/wp-content\/uploads\/2026\/03\/sf-ghe-15-m-768x512.jpg 768w, https:\/\/covasna45.ro\/wp-content\/uploads\/2026\/03\/sf-ghe-15-m-1536x1024.jpg 1536w, https:\/\/covasna45.ro\/wp-content\/uploads\/2026\/03\/sf-ghe-15-m-150x100.jpg 150w, https:\/\/covasna45.ro\/wp-content\/uploads\/2026\/03\/sf-ghe-15-m-696x464.jpg 696w, https:\/\/covasna45.ro\/wp-content\/uploads\/2026\/03\/sf-ghe-15-m-1068x712.jpg 1068w, https:\/\/covasna45.ro\/wp-content\/uploads\/2026\/03\/sf-ghe-15-m-1920x1280.jpg 1920w, https:\/\/covasna45.ro\/wp-content\/uploads\/2026\/03\/sf-ghe-15-m.jpg 2048w\" sizes=\"auto, (max-width: 1024px) 100vw, 1024px\" \/><\/figure>\n\n\n\n<p>Programul complet, <a href=\"https:\/\/sepsiszentgyorgyinfo.ro\/hirek\/unnepi-megemlekezes-az-184849-es-forradalom-es-szabadsagharc-tiszteletere-sepsiszentgyorgyon\">AICI<\/a>.<\/p>\n\n\n\n<h2 class=\"wp-block-heading\">Muzeul Na\u021bional Secuiesc: tur ghidat \u0219i intrare gratuit\u0103<\/h2>\n\n\n\n<p>Evenimentele&nbsp;Revolu\u021biei din 1848\u20131849 sunt marcate \u0219i la Muzeul Na\u021bional Secuiesc.<\/p>\n\n\n\n<p>Vineri,&nbsp;13 martie, \u00eentre&nbsp;orele 9:00 \u0219i 15:00, <a href=\"https:\/\/sznm.ro\/ro\/event\/sarbatoarea-eroilor-la-muzeu\/\">muzeul<\/a> ofer\u0103 grupurilor de elevi \u0219i pre\u0219colari \u00eenregistrate prealabil posibilitatea de a vizita gratuit singurul tun autentic r\u0103mas de la G\u00e1bor \u00c1ron.<\/p>\n\n\n\n<figure class=\"wp-block-image size-large\"><img loading=\"lazy\" decoding=\"async\" width=\"724\" height=\"1024\" src=\"https:\/\/covasna45.ro\/wp-content\/uploads\/2026\/03\/muzeu-15-m-724x1024.jpg\" alt=\"\" class=\"wp-image-15371\" srcset=\"https:\/\/covasna45.ro\/wp-content\/uploads\/2026\/03\/muzeu-15-m-724x1024.jpg 724w, https:\/\/covasna45.ro\/wp-content\/uploads\/2026\/03\/muzeu-15-m-212x300.jpg 212w, https:\/\/covasna45.ro\/wp-content\/uploads\/2026\/03\/muzeu-15-m-768x1086.jpg 768w, https:\/\/covasna45.ro\/wp-content\/uploads\/2026\/03\/muzeu-15-m-1086x1536.jpg 1086w, https:\/\/covasna45.ro\/wp-content\/uploads\/2026\/03\/muzeu-15-m-150x212.jpg 150w, https:\/\/covasna45.ro\/wp-content\/uploads\/2026\/03\/muzeu-15-m-300x424.jpg 300w, https:\/\/covasna45.ro\/wp-content\/uploads\/2026\/03\/muzeu-15-m-696x984.jpg 696w, https:\/\/covasna45.ro\/wp-content\/uploads\/2026\/03\/muzeu-15-m-1068x1511.jpg 1068w, https:\/\/covasna45.ro\/wp-content\/uploads\/2026\/03\/muzeu-15-m.jpg 1448w\" sizes=\"auto, (max-width: 724px) 100vw, 724px\" \/><\/figure>\n\n\n\n<p>Tot vineri, de la&nbsp;ora 17:00, directorul muzeului, sculptorul&nbsp;Mih\u00e1ly Vargha, va sus\u021bine un tur ghidat gratuit \u00een universul picturii istorice artistului&nbsp;Jen\u0151 Gy\u00e1rf\u00e1s. \u00cen cadrul ghidajului vor fi prezentate lucr\u0103rile legate de Revolu\u021bie: compozi\u021bia monumental\u0103&nbsp;\u201eMoartea lui \u00c1ron G\u00e1bor\u201d&nbsp;\u0219i studiile, precum \u0219i portretul lui Lajos Kossuth. Programul include \u0219i vizitarea expozi\u021biei&nbsp;\u201eGeniile \u00een spatele eroilor\u201d,&nbsp;care aduce \u00een prim-plan eforturile comunit\u0103\u021bii din spatele luptei pentru libertate.<\/p>\n\n\n\n<p>Pentru a evita aglomera\u021bia, cadrele didactice sunt rugate s\u0103 \u00ee\u0219i anun\u021be din timp inten\u021bia de participare la adresa&nbsp;<a href=\"mailto:office@sznm.ro\">office@sznm.ro<\/a>.<\/p>\n\n\n\n<p>Duminic\u0103,&nbsp;15 martie, \u00eentre&nbsp;orele 9:00 \u0219i 17:00, sunt a\u0219tepta\u021bi vizitatori cu program gratuit pe tot parcursul zilei, pentru a celebra s\u0103rb\u0103toarea \u00een ambian\u021ba istoriei \u0219i a artei.<\/p>\n\n\n\n<h2 class=\"wp-block-heading\">Mar\u0219ul P\u0103cii, la Budapesta<\/h2>\n\n\n\n<p>Premierul Viktor Orban va fi prezent duminic\u0103, de la ora 13.00, \u00een Pia\u021ba Kossuth, unde e organizat un Mar\u0219 al P\u0103cii.<\/p>\n\n\n\n<figure class=\"wp-block-image size-large\"><img loading=\"lazy\" decoding=\"async\" width=\"1024\" height=\"1024\" src=\"https:\/\/covasna45.ro\/wp-content\/uploads\/2026\/03\/vo-15-m-1024x1024.jpg\" alt=\"\" class=\"wp-image-15370\" srcset=\"https:\/\/covasna45.ro\/wp-content\/uploads\/2026\/03\/vo-15-m-1024x1024.jpg 1024w, https:\/\/covasna45.ro\/wp-content\/uploads\/2026\/03\/vo-15-m-300x300.jpg 300w, https:\/\/covasna45.ro\/wp-content\/uploads\/2026\/03\/vo-15-m-150x150.jpg 150w, https:\/\/covasna45.ro\/wp-content\/uploads\/2026\/03\/vo-15-m-768x768.jpg 768w, https:\/\/covasna45.ro\/wp-content\/uploads\/2026\/03\/vo-15-m-1536x1536.jpg 1536w, https:\/\/covasna45.ro\/wp-content\/uploads\/2026\/03\/vo-15-m-696x696.jpg 696w, https:\/\/covasna45.ro\/wp-content\/uploads\/2026\/03\/vo-15-m-1068x1068.jpg 1068w, https:\/\/covasna45.ro\/wp-content\/uploads\/2026\/03\/vo-15-m-1920x1920.jpg 1920w, https:\/\/covasna45.ro\/wp-content\/uploads\/2026\/03\/vo-15-m.jpg 2048w\" sizes=\"auto, (max-width: 1024px) 100vw, 1024px\" \/><\/figure>\n\n\n\n<p>\u201e\u021aara ta are nevoie de tine. Va fi cel mai mare Mar\u0219 al P\u0103cii de p\u00e2n\u0103 acum. Haide\u021bi s\u0103 fim cu to\u021bii acolo, toat\u0103 lumea ar trebui s\u0103 vin\u0103! Eu cu siguran\u021b\u0103 voi fi!\u201d, a<a href=\"https:\/\/www.facebook.com\/orbanviktor\"> transmis<\/a> el.<\/p>\n","protected":false},"excerpt":{"rendered":"<p>Revolu\u021bia de la 1848&nbsp;este considerat\u0103 unul dintre fundamentele identit\u0103\u021bii na\u021bionale ale poporului maghiar. An de an, la 15 martie e celebrat\u0103 data la care a pornit Revolu\u021bia \u0219i care a devenit Ziua Maghiarilor de Pretutindeni. Este o s\u0103rb\u0103toare a solidarit\u0103\u021bii na\u021bionale, celebrat\u0103 de maghiarii din \u00eentreaga lume, nu doar din Ungaria. Ca \u00een fiecare an, [&hellip;]<\/p>\n","protected":false},"author":1,"featured_media":15379,"comment_status":"open","ping_status":"closed","sticky":false,"template":"","format":"standard","meta":{"tdm_status":"","tdm_grid_status":"","footnotes":""},"categories":[14],"tags":[182,21,196,152,108],"class_list":{"0":"post-15369","1":"post","2":"type-post","3":"status-publish","4":"format-standard","5":"has-post-thumbnail","7":"category-lumea-noastra","8":"tag-15-martie","9":"tag-covasna","10":"tag-maghiari","11":"tag-sarbatoare","12":"tag-ungaria"},"yoast_head":"<!-- This site is optimized with the Yoast SEO plugin v27.5 - https:\/\/yoast.com\/product\/yoast-seo-wordpress\/ -->\n<title>Ziua Maghiarilor de Pretutindeni, marcat\u0103 festiv \u00een tot jude\u021bul - Covasna45<\/title>\n<meta name=\"description\" content=\"Ca \u00een fiecare an, aceast\u0103 zi va fi s\u0103rb\u0103torit\u0103 \u0219i \u00een jude\u021bul Covasna. \u00cen majoritatea localit\u0103\u021bilor au loc evenimente festive.\" \/>\n<meta name=\"robots\" content=\"index, follow, max-snippet:-1, max-image-preview:large, max-video-preview:-1\" \/>\n<link rel=\"canonical\" href=\"https:\/\/covasna45.ro\/index.php\/lumea-noastra\/ziua-maghiarilor-de-pretutindeni-marcata-festiv-in-tot-judetul\/\" \/>\n<meta property=\"og:locale\" content=\"ro_RO\" \/>\n<meta property=\"og:type\" content=\"article\" \/>\n<meta property=\"og:title\" content=\"Ziua Maghiarilor de Pretutindeni, marcat\u0103 festiv \u00een tot jude\u021bul - Covasna45\" \/>\n<meta property=\"og:description\" content=\"Ca \u00een fiecare an, aceast\u0103 zi va fi s\u0103rb\u0103torit\u0103 \u0219i \u00een jude\u021bul Covasna. \u00cen majoritatea localit\u0103\u021bilor au loc evenimente festive.\" \/>\n<meta property=\"og:url\" content=\"https:\/\/covasna45.ro\/index.php\/lumea-noastra\/ziua-maghiarilor-de-pretutindeni-marcata-festiv-in-tot-judetul\/\" \/>\n<meta property=\"og:site_name\" content=\"Covasna45\" \/>\n<meta property=\"article:published_time\" content=\"2026-03-10T08:56:53+00:00\" \/>\n<meta property=\"article:modified_time\" content=\"2026-03-10T11:39:39+00:00\" \/>\n<meta property=\"og:image\" content=\"https:\/\/covasna45.ro\/wp-content\/uploads\/2026\/03\/parada-kezdi.jpg\" \/>\n\t<meta property=\"og:image:width\" content=\"2048\" \/>\n\t<meta property=\"og:image:height\" content=\"1365\" \/>\n\t<meta property=\"og:image:type\" content=\"image\/jpeg\" \/>\n<meta name=\"author\" content=\"Covasna45\" \/>\n<meta name=\"twitter:card\" content=\"summary_large_image\" \/>\n<meta name=\"twitter:label1\" content=\"Scris de\" \/>\n\t<meta name=\"twitter:data1\" content=\"Covasna45\" \/>\n\t<meta name=\"twitter:label2\" content=\"Timp estimat pentru citire\" \/>\n\t<meta name=\"twitter:data2\" content=\"7 minute\" \/>\n<script type=\"application\/ld+json\" class=\"yoast-schema-graph\">{\"@context\":\"https:\\\/\\\/schema.org\",\"@graph\":[{\"@type\":\"Article\",\"@id\":\"https:\\\/\\\/covasna45.ro\\\/index.php\\\/lumea-noastra\\\/ziua-maghiarilor-de-pretutindeni-marcata-festiv-in-tot-judetul\\\/#article\",\"isPartOf\":{\"@id\":\"https:\\\/\\\/covasna45.ro\\\/index.php\\\/lumea-noastra\\\/ziua-maghiarilor-de-pretutindeni-marcata-festiv-in-tot-judetul\\\/\"},\"author\":{\"name\":\"Covasna45\",\"@id\":\"https:\\\/\\\/covasna45.ro\\\/#\\\/schema\\\/person\\\/e674052bd7d95d70bbb007a1060ab73c\"},\"headline\":\"Ziua Maghiarilor de Pretutindeni, marcat\u0103 festiv \u00een tot jude\u021bul\",\"datePublished\":\"2026-03-10T08:56:53+00:00\",\"dateModified\":\"2026-03-10T11:39:39+00:00\",\"mainEntityOfPage\":{\"@id\":\"https:\\\/\\\/covasna45.ro\\\/index.php\\\/lumea-noastra\\\/ziua-maghiarilor-de-pretutindeni-marcata-festiv-in-tot-judetul\\\/\"},\"wordCount\":859,\"commentCount\":0,\"publisher\":{\"@id\":\"https:\\\/\\\/covasna45.ro\\\/#organization\"},\"image\":{\"@id\":\"https:\\\/\\\/covasna45.ro\\\/index.php\\\/lumea-noastra\\\/ziua-maghiarilor-de-pretutindeni-marcata-festiv-in-tot-judetul\\\/#primaryimage\"},\"thumbnailUrl\":\"https:\\\/\\\/covasna45.ro\\\/wp-content\\\/uploads\\\/2026\\\/03\\\/parada-kezdi.jpg\",\"keywords\":[\"15 martie\",\"covasna\",\"Maghiari\",\"S\u0103rb\u0103toare\",\"Ungaria\"],\"articleSection\":[\"Lumea noastr\u0103\"],\"inLanguage\":\"ro-RO\",\"potentialAction\":[{\"@type\":\"CommentAction\",\"name\":\"Comment\",\"target\":[\"https:\\\/\\\/covasna45.ro\\\/index.php\\\/lumea-noastra\\\/ziua-maghiarilor-de-pretutindeni-marcata-festiv-in-tot-judetul\\\/#respond\"]}]},{\"@type\":\"WebPage\",\"@id\":\"https:\\\/\\\/covasna45.ro\\\/index.php\\\/lumea-noastra\\\/ziua-maghiarilor-de-pretutindeni-marcata-festiv-in-tot-judetul\\\/\",\"url\":\"https:\\\/\\\/covasna45.ro\\\/index.php\\\/lumea-noastra\\\/ziua-maghiarilor-de-pretutindeni-marcata-festiv-in-tot-judetul\\\/\",\"name\":\"Ziua Maghiarilor de Pretutindeni, marcat\u0103 festiv \u00een tot jude\u021bul - Covasna45\",\"isPartOf\":{\"@id\":\"https:\\\/\\\/covasna45.ro\\\/#website\"},\"primaryImageOfPage\":{\"@id\":\"https:\\\/\\\/covasna45.ro\\\/index.php\\\/lumea-noastra\\\/ziua-maghiarilor-de-pretutindeni-marcata-festiv-in-tot-judetul\\\/#primaryimage\"},\"image\":{\"@id\":\"https:\\\/\\\/covasna45.ro\\\/index.php\\\/lumea-noastra\\\/ziua-maghiarilor-de-pretutindeni-marcata-festiv-in-tot-judetul\\\/#primaryimage\"},\"thumbnailUrl\":\"https:\\\/\\\/covasna45.ro\\\/wp-content\\\/uploads\\\/2026\\\/03\\\/parada-kezdi.jpg\",\"datePublished\":\"2026-03-10T08:56:53+00:00\",\"dateModified\":\"2026-03-10T11:39:39+00:00\",\"description\":\"Ca \u00een fiecare an, aceast\u0103 zi va fi s\u0103rb\u0103torit\u0103 \u0219i \u00een jude\u021bul Covasna. \u00cen majoritatea localit\u0103\u021bilor au loc evenimente festive.\",\"breadcrumb\":{\"@id\":\"https:\\\/\\\/covasna45.ro\\\/index.php\\\/lumea-noastra\\\/ziua-maghiarilor-de-pretutindeni-marcata-festiv-in-tot-judetul\\\/#breadcrumb\"},\"inLanguage\":\"ro-RO\",\"potentialAction\":[{\"@type\":\"ReadAction\",\"target\":[\"https:\\\/\\\/covasna45.ro\\\/index.php\\\/lumea-noastra\\\/ziua-maghiarilor-de-pretutindeni-marcata-festiv-in-tot-judetul\\\/\"]}]},{\"@type\":\"ImageObject\",\"inLanguage\":\"ro-RO\",\"@id\":\"https:\\\/\\\/covasna45.ro\\\/index.php\\\/lumea-noastra\\\/ziua-maghiarilor-de-pretutindeni-marcata-festiv-in-tot-judetul\\\/#primaryimage\",\"url\":\"https:\\\/\\\/covasna45.ro\\\/wp-content\\\/uploads\\\/2026\\\/03\\\/parada-kezdi.jpg\",\"contentUrl\":\"https:\\\/\\\/covasna45.ro\\\/wp-content\\\/uploads\\\/2026\\\/03\\\/parada-kezdi.jpg\",\"width\":2048,\"height\":1365},{\"@type\":\"BreadcrumbList\",\"@id\":\"https:\\\/\\\/covasna45.ro\\\/index.php\\\/lumea-noastra\\\/ziua-maghiarilor-de-pretutindeni-marcata-festiv-in-tot-judetul\\\/#breadcrumb\",\"itemListElement\":[{\"@type\":\"ListItem\",\"position\":1,\"name\":\"Prima pagin\u0103\",\"item\":\"https:\\\/\\\/covasna45.ro\\\/\"},{\"@type\":\"ListItem\",\"position\":2,\"name\":\"Ziua Maghiarilor de Pretutindeni, marcat\u0103 festiv \u00een tot jude\u021bul\"}]},{\"@type\":\"WebSite\",\"@id\":\"https:\\\/\\\/covasna45.ro\\\/#website\",\"url\":\"https:\\\/\\\/covasna45.ro\\\/\",\"name\":\"covasna45.ro\",\"description\":\"\",\"publisher\":{\"@id\":\"https:\\\/\\\/covasna45.ro\\\/#organization\"},\"potentialAction\":[{\"@type\":\"SearchAction\",\"target\":{\"@type\":\"EntryPoint\",\"urlTemplate\":\"https:\\\/\\\/covasna45.ro\\\/?s={search_term_string}\"},\"query-input\":{\"@type\":\"PropertyValueSpecification\",\"valueRequired\":true,\"valueName\":\"search_term_string\"}}],\"inLanguage\":\"ro-RO\"},{\"@type\":\"Organization\",\"@id\":\"https:\\\/\\\/covasna45.ro\\\/#organization\",\"name\":\"covasna45.ro\",\"url\":\"https:\\\/\\\/covasna45.ro\\\/\",\"logo\":{\"@type\":\"ImageObject\",\"inLanguage\":\"ro-RO\",\"@id\":\"https:\\\/\\\/covasna45.ro\\\/#\\\/schema\\\/logo\\\/image\\\/\",\"url\":\"https:\\\/\\\/covasna45.ro\\\/wp-content\\\/uploads\\\/2023\\\/01\\\/icon_logo.png\",\"contentUrl\":\"https:\\\/\\\/covasna45.ro\\\/wp-content\\\/uploads\\\/2023\\\/01\\\/icon_logo.png\",\"width\":1900,\"height\":1900,\"caption\":\"covasna45.ro\"},\"image\":{\"@id\":\"https:\\\/\\\/covasna45.ro\\\/#\\\/schema\\\/logo\\\/image\\\/\"}},{\"@type\":\"Person\",\"@id\":\"https:\\\/\\\/covasna45.ro\\\/#\\\/schema\\\/person\\\/e674052bd7d95d70bbb007a1060ab73c\",\"name\":\"Covasna45\",\"image\":{\"@type\":\"ImageObject\",\"inLanguage\":\"ro-RO\",\"@id\":\"https:\\\/\\\/covasna45.ro\\\/wp-content\\\/uploads\\\/2025\\\/10\\\/icon_logo_covasna45-150x150.png\",\"url\":\"https:\\\/\\\/covasna45.ro\\\/wp-content\\\/uploads\\\/2025\\\/10\\\/icon_logo_covasna45-150x150.png\",\"contentUrl\":\"https:\\\/\\\/covasna45.ro\\\/wp-content\\\/uploads\\\/2025\\\/10\\\/icon_logo_covasna45-150x150.png\",\"caption\":\"Covasna45\"},\"sameAs\":[\"https:\\\/\\\/covasna45.ro\"],\"url\":\"https:\\\/\\\/covasna45.ro\\\/index.php\\\/author\\\/covasna\\\/\"}]}<\/script>\n<!-- \/ Yoast SEO plugin. -->","yoast_head_json":{"title":"Ziua Maghiarilor de Pretutindeni, marcat\u0103 festiv \u00een tot jude\u021bul - Covasna45","description":"Ca \u00een fiecare an, aceast\u0103 zi va fi s\u0103rb\u0103torit\u0103 \u0219i \u00een jude\u021bul Covasna. \u00cen majoritatea localit\u0103\u021bilor au loc evenimente festive.","robots":{"index":"index","follow":"follow","max-snippet":"max-snippet:-1","max-image-preview":"max-image-preview:large","max-video-preview":"max-video-preview:-1"},"canonical":"https:\/\/covasna45.ro\/index.php\/lumea-noastra\/ziua-maghiarilor-de-pretutindeni-marcata-festiv-in-tot-judetul\/","og_locale":"ro_RO","og_type":"article","og_title":"Ziua Maghiarilor de Pretutindeni, marcat\u0103 festiv \u00een tot jude\u021bul - Covasna45","og_description":"Ca \u00een fiecare an, aceast\u0103 zi va fi s\u0103rb\u0103torit\u0103 \u0219i \u00een jude\u021bul Covasna. \u00cen majoritatea localit\u0103\u021bilor au loc evenimente festive.","og_url":"https:\/\/covasna45.ro\/index.php\/lumea-noastra\/ziua-maghiarilor-de-pretutindeni-marcata-festiv-in-tot-judetul\/","og_site_name":"Covasna45","article_published_time":"2026-03-10T08:56:53+00:00","article_modified_time":"2026-03-10T11:39:39+00:00","og_image":[{"width":2048,"height":1365,"url":"https:\/\/covasna45.ro\/wp-content\/uploads\/2026\/03\/parada-kezdi.jpg","type":"image\/jpeg"}],"author":"Covasna45","twitter_card":"summary_large_image","twitter_misc":{"Scris de":"Covasna45","Timp estimat pentru citire":"7 minute"},"schema":{"@context":"https:\/\/schema.org","@graph":[{"@type":"Article","@id":"https:\/\/covasna45.ro\/index.php\/lumea-noastra\/ziua-maghiarilor-de-pretutindeni-marcata-festiv-in-tot-judetul\/#article","isPartOf":{"@id":"https:\/\/covasna45.ro\/index.php\/lumea-noastra\/ziua-maghiarilor-de-pretutindeni-marcata-festiv-in-tot-judetul\/"},"author":{"name":"Covasna45","@id":"https:\/\/covasna45.ro\/#\/schema\/person\/e674052bd7d95d70bbb007a1060ab73c"},"headline":"Ziua Maghiarilor de Pretutindeni, marcat\u0103 festiv \u00een tot jude\u021bul","datePublished":"2026-03-10T08:56:53+00:00","dateModified":"2026-03-10T11:39:39+00:00","mainEntityOfPage":{"@id":"https:\/\/covasna45.ro\/index.php\/lumea-noastra\/ziua-maghiarilor-de-pretutindeni-marcata-festiv-in-tot-judetul\/"},"wordCount":859,"commentCount":0,"publisher":{"@id":"https:\/\/covasna45.ro\/#organization"},"image":{"@id":"https:\/\/covasna45.ro\/index.php\/lumea-noastra\/ziua-maghiarilor-de-pretutindeni-marcata-festiv-in-tot-judetul\/#primaryimage"},"thumbnailUrl":"https:\/\/covasna45.ro\/wp-content\/uploads\/2026\/03\/parada-kezdi.jpg","keywords":["15 martie","covasna","Maghiari","S\u0103rb\u0103toare","Ungaria"],"articleSection":["Lumea noastr\u0103"],"inLanguage":"ro-RO","potentialAction":[{"@type":"CommentAction","name":"Comment","target":["https:\/\/covasna45.ro\/index.php\/lumea-noastra\/ziua-maghiarilor-de-pretutindeni-marcata-festiv-in-tot-judetul\/#respond"]}]},{"@type":"WebPage","@id":"https:\/\/covasna45.ro\/index.php\/lumea-noastra\/ziua-maghiarilor-de-pretutindeni-marcata-festiv-in-tot-judetul\/","url":"https:\/\/covasna45.ro\/index.php\/lumea-noastra\/ziua-maghiarilor-de-pretutindeni-marcata-festiv-in-tot-judetul\/","name":"Ziua Maghiarilor de Pretutindeni, marcat\u0103 festiv \u00een tot jude\u021bul - Covasna45","isPartOf":{"@id":"https:\/\/covasna45.ro\/#website"},"primaryImageOfPage":{"@id":"https:\/\/covasna45.ro\/index.php\/lumea-noastra\/ziua-maghiarilor-de-pretutindeni-marcata-festiv-in-tot-judetul\/#primaryimage"},"image":{"@id":"https:\/\/covasna45.ro\/index.php\/lumea-noastra\/ziua-maghiarilor-de-pretutindeni-marcata-festiv-in-tot-judetul\/#primaryimage"},"thumbnailUrl":"https:\/\/covasna45.ro\/wp-content\/uploads\/2026\/03\/parada-kezdi.jpg","datePublished":"2026-03-10T08:56:53+00:00","dateModified":"2026-03-10T11:39:39+00:00","description":"Ca \u00een fiecare an, aceast\u0103 zi va fi s\u0103rb\u0103torit\u0103 \u0219i \u00een jude\u021bul Covasna. \u00cen majoritatea localit\u0103\u021bilor au loc evenimente festive.","breadcrumb":{"@id":"https:\/\/covasna45.ro\/index.php\/lumea-noastra\/ziua-maghiarilor-de-pretutindeni-marcata-festiv-in-tot-judetul\/#breadcrumb"},"inLanguage":"ro-RO","potentialAction":[{"@type":"ReadAction","target":["https:\/\/covasna45.ro\/index.php\/lumea-noastra\/ziua-maghiarilor-de-pretutindeni-marcata-festiv-in-tot-judetul\/"]}]},{"@type":"ImageObject","inLanguage":"ro-RO","@id":"https:\/\/covasna45.ro\/index.php\/lumea-noastra\/ziua-maghiarilor-de-pretutindeni-marcata-festiv-in-tot-judetul\/#primaryimage","url":"https:\/\/covasna45.ro\/wp-content\/uploads\/2026\/03\/parada-kezdi.jpg","contentUrl":"https:\/\/covasna45.ro\/wp-content\/uploads\/2026\/03\/parada-kezdi.jpg","width":2048,"height":1365},{"@type":"BreadcrumbList","@id":"https:\/\/covasna45.ro\/index.php\/lumea-noastra\/ziua-maghiarilor-de-pretutindeni-marcata-festiv-in-tot-judetul\/#breadcrumb","itemListElement":[{"@type":"ListItem","position":1,"name":"Prima pagin\u0103","item":"https:\/\/covasna45.ro\/"},{"@type":"ListItem","position":2,"name":"Ziua Maghiarilor de Pretutindeni, marcat\u0103 festiv \u00een tot jude\u021bul"}]},{"@type":"WebSite","@id":"https:\/\/covasna45.ro\/#website","url":"https:\/\/covasna45.ro\/","name":"covasna45.ro","description":"","publisher":{"@id":"https:\/\/covasna45.ro\/#organization"},"potentialAction":[{"@type":"SearchAction","target":{"@type":"EntryPoint","urlTemplate":"https:\/\/covasna45.ro\/?s={search_term_string}"},"query-input":{"@type":"PropertyValueSpecification","valueRequired":true,"valueName":"search_term_string"}}],"inLanguage":"ro-RO"},{"@type":"Organization","@id":"https:\/\/covasna45.ro\/#organization","name":"covasna45.ro","url":"https:\/\/covasna45.ro\/","logo":{"@type":"ImageObject","inLanguage":"ro-RO","@id":"https:\/\/covasna45.ro\/#\/schema\/logo\/image\/","url":"https:\/\/covasna45.ro\/wp-content\/uploads\/2023\/01\/icon_logo.png","contentUrl":"https:\/\/covasna45.ro\/wp-content\/uploads\/2023\/01\/icon_logo.png","width":1900,"height":1900,"caption":"covasna45.ro"},"image":{"@id":"https:\/\/covasna45.ro\/#\/schema\/logo\/image\/"}},{"@type":"Person","@id":"https:\/\/covasna45.ro\/#\/schema\/person\/e674052bd7d95d70bbb007a1060ab73c","name":"Covasna45","image":{"@type":"ImageObject","inLanguage":"ro-RO","@id":"https:\/\/covasna45.ro\/wp-content\/uploads\/2025\/10\/icon_logo_covasna45-150x150.png","url":"https:\/\/covasna45.ro\/wp-content\/uploads\/2025\/10\/icon_logo_covasna45-150x150.png","contentUrl":"https:\/\/covasna45.ro\/wp-content\/uploads\/2025\/10\/icon_logo_covasna45-150x150.png","caption":"Covasna45"},"sameAs":["https:\/\/covasna45.ro"],"url":"https:\/\/covasna45.ro\/index.php\/author\/covasna\/"}]}},"_links":{"self":[{"href":"https:\/\/covasna45.ro\/index.php\/wp-json\/wp\/v2\/posts\/15369","targetHints":{"allow":["GET"]}}],"collection":[{"href":"https:\/\/covasna45.ro\/index.php\/wp-json\/wp\/v2\/posts"}],"about":[{"href":"https:\/\/covasna45.ro\/index.php\/wp-json\/wp\/v2\/types\/post"}],"author":[{"embeddable":true,"href":"https:\/\/covasna45.ro\/index.php\/wp-json\/wp\/v2\/users\/1"}],"replies":[{"embeddable":true,"href":"https:\/\/covasna45.ro\/index.php\/wp-json\/wp\/v2\/comments?post=15369"}],"version-history":[{"count":7,"href":"https:\/\/covasna45.ro\/index.php\/wp-json\/wp\/v2\/posts\/15369\/revisions"}],"predecessor-version":[{"id":15398,"href":"https:\/\/covasna45.ro\/index.php\/wp-json\/wp\/v2\/posts\/15369\/revisions\/15398"}],"wp:featuredmedia":[{"embeddable":true,"href":"https:\/\/covasna45.ro\/index.php\/wp-json\/wp\/v2\/media\/15379"}],"wp:attachment":[{"href":"https:\/\/covasna45.ro\/index.php\/wp-json\/wp\/v2\/media?parent=15369"}],"wp:term":[{"taxonomy":"category","embeddable":true,"href":"https:\/\/covasna45.ro\/index.php\/wp-json\/wp\/v2\/categories?post=15369"},{"taxonomy":"post_tag","embeddable":true,"href":"https:\/\/covasna45.ro\/index.php\/wp-json\/wp\/v2\/tags?post=15369"}],"curies":[{"name":"wp","href":"https:\/\/api.w.org\/{rel}","templated":true}]}}