{"id":1537,"date":"2023-04-27T10:42:36","date_gmt":"2023-04-27T08:42:36","guid":{"rendered":"https:\/\/covasna45.ro\/?p=1537"},"modified":"2023-04-27T10:43:24","modified_gmt":"2023-04-27T08:43:24","slug":"cand-vor-fi-interzise-centralele-de-apartament-pe-gaz-in-romania","status":"publish","type":"post","link":"https:\/\/covasna45.ro\/index.php\/lumea-noastra\/cand-vor-fi-interzise-centralele-de-apartament-pe-gaz-in-romania\/","title":{"rendered":"C\u00e2nd vor fi interzise centralele de apartament pe gaz \u00een Rom\u00e2nia?"},"content":{"rendered":"\n<p>Centralele de apartament pe gaze vor fi interzise \u00een Uniunea European\u0103. Oprirea v\u00e2nz\u0103rii de centrale individuale pe gaz \u00een UE \u00eencep\u00e2nd cu 1 ianuarie 2029 apare \u00een draftul de modificare a directivei actuale Ecodesign.&nbsp;<\/p>\n\n\n\n<p>Aceasta va fi discutat\u0103 \u00een cadrul unui forum de consultare al Comisiei Europene pe 27 aprilie. Textul noii reglement\u0103ri ar trebui s\u0103 fie finalizat \u00een cursul acestui an pentru a fi publicat \u00een 2024.<\/p>\n\n\n\n<h2 class=\"wp-block-heading\">Inten\u021bia Executivului European de a interzice v\u00e2nzarea de centrale individuale pe gaz a fost devoalat\u0103 mai demult, prin pachetul RePowerEU. <\/h2>\n\n\n\n<p>Acesta \u00eencuraja statele membre s\u0103 introduc\u0103 interdic\u021bii na\u021bionale pentru centralele de apartament care utilizeaz\u0103 combustibili fosili \u00een cl\u0103dirile existente \u0219i \u00een cele noi, dar nu a existat vreo obliga\u021bie impus\u0103.<\/p>\n\n\n\n<p>Comisia European\u0103 va impune produc\u0103torilor de centrale individuale pe gaze un indice minim de eficien\u021b\u0103 de 115%. Acesta este imposibil de atins \u0219i reprezint\u0103 o interdic\u021bie de facto de introducere pe pia\u021b\u0103 a tuturor centralelor termice.<\/p>\n\n\n\n<p>Acest prag minim de eficien\u021b\u0103 de 115% este o valoare pe care niciun cazan pe gaze sau care func\u021bioneaz\u0103 cu al\u021bi combustibili ecologici, cum ar fi hidrogenul sau biometanul, nu este capabil s\u0103 o ating\u0103.<\/p>\n\n\n\n<p>Astfel, cu aceste limite, practic este aproape sigur c\u0103 din 2029 vor fi permise la v\u00e2nzare pe pia\u021b\u0103 doar pompe de c\u0103ldur\u0103 electrice (clasice) sau hibride. Adic\u0103, sisteme de \u00eenc\u0103lzire compuse dintr-un cazan cu condensare pe gaz \u0219i o pomp\u0103 de c\u0103ldur\u0103 electric\u0103.\u00a0\u00a0<\/p>\n\n\n\n<h2 class=\"wp-block-heading\">La nivelul Uniunii Europene exist\u0103 65 de milioane de centrale termice individuale montate.<\/h2>\n\n\n\n<p>Acest lucru face ca \u00eenlocuirea centralei pe gaz s\u0103 nu fie nici u\u0219oar\u0103 \u0219i nici rapid\u0103. Mul\u021bi proprietari nu au bani pentru \u00eenlocuirea lor cu mult mai scumpele pompe de c\u0103ldur\u0103.\u00a0\u00a0<\/p>\n\n\n\n<p>8 \u021b\u0103ri europene au \u00eenceput deja procesul de interzicere a utiliz\u0103rii centralelor pe gaz \u00een cl\u0103diri:<\/p>\n\n\n\n<ul class=\"wp-block-list\">\n<li>Danemarca \u2013 a interzis din 2013 racordarea de noi cl\u0103diri la re\u021beaua de gaze naturale. A stabilit ca p\u00e2n\u0103 \u00een anul 2028 jum\u0103tate din imobile s\u0103 fie racordate la re\u021beaua de \u00eenc\u0103lzire centralizat\u0103.<\/li>\n<\/ul>\n\n\n\n<ul class=\"wp-block-list\">\n<li>Norvegia \u2013 a interzis din 2017 racordarea de noi cl\u0103diri la re\u021beaua de gaze naturale<\/li>\n<\/ul>\n\n\n\n<ul class=\"wp-block-list\">\n<li>Olanda \u2013 a interzis din 2018 racordarea de noi cl\u0103diri la re\u021beaua de gaze naturale<\/li>\n<\/ul>\n\n\n\n<ul class=\"wp-block-list\">\n<li>Fran\u021ba \u2013 datorit\u0103 introducerii limitelor de emisii de CO2 a instala\u021biilor de \u00eenc\u0103lzire a noilor imobile, de facto a interzis din anul 2022 montarea de centrale pe \u00a0gaz \u0219i pe produse petroliere<\/li>\n<\/ul>\n\n\n\n<ul class=\"wp-block-list\">\n<li>Austria \u2013 interzice din anul 2024 repararea vechilor centrale termice \u0219i montarea de noi centrale termice<\/li>\n<\/ul>\n\n\n\n<ul class=\"wp-block-list\">\n<li>Germania \u2013 impune din anul 2024 obliga\u021bia ca 64% din energia folosit\u0103 pentru noi sisteme de \u00eenc\u0103lzire s\u0103 fie din energie regenerabil\u0103, de facto interzice din anul 2022 montarea de centrale gaz \u0219i produse petroliere<\/li>\n<\/ul>\n\n\n\n<h2 class=\"wp-block-heading\">Cum st\u0103 Rom\u00e2nia?<\/h2>\n\n\n\n<p><strong><em>\u201e\u00cen momentul de fa\u021b\u0103, \u00een Rom\u00e2nia, \u00eenc\u0103lzirea imobilelor se face doar \u00een propor\u021bie de 1% cu resurse regenerabile, adic\u0103 \u00een mare parte avem biomas\u0103, avem gaz \u0219i avem termoficare pentru \u00eenc\u0103lzirea imobil\u0103.\u00a0De asemenea, trebuie s\u0103 avem \u00een vedere c\u0103 din energia primar\u0103, \u00een momentul de fa\u021b\u0103, doar 11% este energie regenerabil\u0103, \u00een rest este o energie fie fosil\u0103, fie energie nuclear\u0103.\u00a0<\/em><\/strong><\/p>\n\n\n\n<p><strong><em>Toate aceste elemente particularizeaz\u0103 situa\u021bia Rom\u00e2niei \u0219i cred c\u0103 angajamentele care trebuie f\u0103cute \u0219i negocierile care trebuie duse \u00een ceea ce prive\u0219te aceste noi impuneri viitoare trebuie s\u0103 fie unele foarte ra\u021bionale pentru a nu ajunge \u00een ni\u0219te situa\u021bii dramatice.<\/em><\/strong><\/p>\n\n\n\n<p><strong><em>Ar putea fi foarte multe persoane afectate de aceast\u0103 decizie. O s\u0103 vedem c\u00e2nd se va implementa exact\u201d,<\/em><\/strong> a explicat Dumitru Chis\u0103li\u021b\u0103, pre\u015fedintele Asocia\u021biei Energia Inteligent\u0103.<\/p>\n","protected":false},"excerpt":{"rendered":"<p>Centralele de apartament pe gaze vor fi interzise \u00een Uniunea European\u0103. Oprirea v\u00e2nz\u0103rii de centrale individuale pe gaz \u00een UE \u00eencep\u00e2nd cu 1 ianuarie 2029 apare \u00een draftul de modificare a directivei actuale Ecodesign.&nbsp; Aceasta va fi discutat\u0103 \u00een cadrul unui forum de consultare al Comisiei Europene pe 27 aprilie. Textul noii reglement\u0103ri ar trebui [&hellip;]<\/p>\n","protected":false},"author":1,"featured_media":1538,"comment_status":"open","ping_status":"closed","sticky":false,"template":"","format":"standard","meta":{"tdm_status":"","tdm_grid_status":"","footnotes":""},"categories":[14],"tags":[509,256,47],"class_list":{"0":"post-1537","1":"post","2":"type-post","3":"status-publish","4":"format-standard","5":"has-post-thumbnail","7":"category-lumea-noastra","8":"tag-centrale-termice-pe-gaz","9":"tag-reguli","10":"tag-ue"},"yoast_head":"<!-- This site is optimized with the Yoast SEO plugin v27.5 - https:\/\/yoast.com\/product\/yoast-seo-wordpress\/ -->\n<title>C\u00e2nd vor fi interzise centralele de apartament pe gaz \u00een Rom\u00e2nia? - Covasna45<\/title>\n<meta name=\"description\" content=\"Comisia European\u0103 va impune produc\u0103torilor de centrale individuale pe gaze un indice minim de eficien\u021b\u0103 de 115%.\" \/>\n<meta name=\"robots\" content=\"index, follow, max-snippet:-1, max-image-preview:large, max-video-preview:-1\" \/>\n<link rel=\"canonical\" href=\"https:\/\/covasna45.ro\/index.php\/lumea-noastra\/cand-vor-fi-interzise-centralele-de-apartament-pe-gaz-in-romania\/\" \/>\n<meta property=\"og:locale\" content=\"ro_RO\" \/>\n<meta property=\"og:type\" content=\"article\" \/>\n<meta property=\"og:title\" content=\"C\u00e2nd vor fi interzise centralele de apartament pe gaz \u00een Rom\u00e2nia? - Covasna45\" \/>\n<meta property=\"og:description\" content=\"Comisia European\u0103 va impune produc\u0103torilor de centrale individuale pe gaze un indice minim de eficien\u021b\u0103 de 115%.\" \/>\n<meta property=\"og:url\" content=\"https:\/\/covasna45.ro\/index.php\/lumea-noastra\/cand-vor-fi-interzise-centralele-de-apartament-pe-gaz-in-romania\/\" \/>\n<meta property=\"og:site_name\" content=\"Covasna45\" \/>\n<meta property=\"article:published_time\" content=\"2023-04-27T08:42:36+00:00\" \/>\n<meta property=\"article:modified_time\" content=\"2023-04-27T08:43:24+00:00\" \/>\n<meta property=\"og:image\" content=\"https:\/\/covasna45.ro\/wp-content\/uploads\/2023\/04\/centrala-1.jpg\" \/>\n\t<meta property=\"og:image:width\" content=\"1000\" \/>\n\t<meta property=\"og:image:height\" content=\"667\" \/>\n\t<meta property=\"og:image:type\" content=\"image\/jpeg\" \/>\n<meta name=\"author\" content=\"Covasna45\" \/>\n<meta name=\"twitter:card\" content=\"summary_large_image\" \/>\n<meta name=\"twitter:label1\" content=\"Scris de\" \/>\n\t<meta name=\"twitter:data1\" content=\"Covasna45\" \/>\n\t<meta name=\"twitter:label2\" content=\"Timp estimat pentru citire\" \/>\n\t<meta name=\"twitter:data2\" content=\"4 minute\" \/>\n<script type=\"application\/ld+json\" class=\"yoast-schema-graph\">{\"@context\":\"https:\\\/\\\/schema.org\",\"@graph\":[{\"@type\":\"Article\",\"@id\":\"https:\\\/\\\/covasna45.ro\\\/index.php\\\/lumea-noastra\\\/cand-vor-fi-interzise-centralele-de-apartament-pe-gaz-in-romania\\\/#article\",\"isPartOf\":{\"@id\":\"https:\\\/\\\/covasna45.ro\\\/index.php\\\/lumea-noastra\\\/cand-vor-fi-interzise-centralele-de-apartament-pe-gaz-in-romania\\\/\"},\"author\":{\"name\":\"Covasna45\",\"@id\":\"https:\\\/\\\/covasna45.ro\\\/#\\\/schema\\\/person\\\/e674052bd7d95d70bbb007a1060ab73c\"},\"headline\":\"C\u00e2nd vor fi interzise centralele de apartament pe gaz \u00een Rom\u00e2nia?\",\"datePublished\":\"2023-04-27T08:42:36+00:00\",\"dateModified\":\"2023-04-27T08:43:24+00:00\",\"mainEntityOfPage\":{\"@id\":\"https:\\\/\\\/covasna45.ro\\\/index.php\\\/lumea-noastra\\\/cand-vor-fi-interzise-centralele-de-apartament-pe-gaz-in-romania\\\/\"},\"wordCount\":611,\"commentCount\":0,\"publisher\":{\"@id\":\"https:\\\/\\\/covasna45.ro\\\/#organization\"},\"image\":{\"@id\":\"https:\\\/\\\/covasna45.ro\\\/index.php\\\/lumea-noastra\\\/cand-vor-fi-interzise-centralele-de-apartament-pe-gaz-in-romania\\\/#primaryimage\"},\"thumbnailUrl\":\"https:\\\/\\\/covasna45.ro\\\/wp-content\\\/uploads\\\/2023\\\/04\\\/centrala-1.jpg\",\"keywords\":[\"Centrale termice pe gaz\",\"Reguli\",\"UE\"],\"articleSection\":[\"Lumea noastr\u0103\"],\"inLanguage\":\"ro-RO\",\"potentialAction\":[{\"@type\":\"CommentAction\",\"name\":\"Comment\",\"target\":[\"https:\\\/\\\/covasna45.ro\\\/index.php\\\/lumea-noastra\\\/cand-vor-fi-interzise-centralele-de-apartament-pe-gaz-in-romania\\\/#respond\"]}]},{\"@type\":\"WebPage\",\"@id\":\"https:\\\/\\\/covasna45.ro\\\/index.php\\\/lumea-noastra\\\/cand-vor-fi-interzise-centralele-de-apartament-pe-gaz-in-romania\\\/\",\"url\":\"https:\\\/\\\/covasna45.ro\\\/index.php\\\/lumea-noastra\\\/cand-vor-fi-interzise-centralele-de-apartament-pe-gaz-in-romania\\\/\",\"name\":\"C\u00e2nd vor fi interzise centralele de apartament pe gaz \u00een Rom\u00e2nia? - Covasna45\",\"isPartOf\":{\"@id\":\"https:\\\/\\\/covasna45.ro\\\/#website\"},\"primaryImageOfPage\":{\"@id\":\"https:\\\/\\\/covasna45.ro\\\/index.php\\\/lumea-noastra\\\/cand-vor-fi-interzise-centralele-de-apartament-pe-gaz-in-romania\\\/#primaryimage\"},\"image\":{\"@id\":\"https:\\\/\\\/covasna45.ro\\\/index.php\\\/lumea-noastra\\\/cand-vor-fi-interzise-centralele-de-apartament-pe-gaz-in-romania\\\/#primaryimage\"},\"thumbnailUrl\":\"https:\\\/\\\/covasna45.ro\\\/wp-content\\\/uploads\\\/2023\\\/04\\\/centrala-1.jpg\",\"datePublished\":\"2023-04-27T08:42:36+00:00\",\"dateModified\":\"2023-04-27T08:43:24+00:00\",\"description\":\"Comisia European\u0103 va impune produc\u0103torilor de centrale individuale pe gaze un indice minim de eficien\u021b\u0103 de 115%.\",\"breadcrumb\":{\"@id\":\"https:\\\/\\\/covasna45.ro\\\/index.php\\\/lumea-noastra\\\/cand-vor-fi-interzise-centralele-de-apartament-pe-gaz-in-romania\\\/#breadcrumb\"},\"inLanguage\":\"ro-RO\",\"potentialAction\":[{\"@type\":\"ReadAction\",\"target\":[\"https:\\\/\\\/covasna45.ro\\\/index.php\\\/lumea-noastra\\\/cand-vor-fi-interzise-centralele-de-apartament-pe-gaz-in-romania\\\/\"]}]},{\"@type\":\"ImageObject\",\"inLanguage\":\"ro-RO\",\"@id\":\"https:\\\/\\\/covasna45.ro\\\/index.php\\\/lumea-noastra\\\/cand-vor-fi-interzise-centralele-de-apartament-pe-gaz-in-romania\\\/#primaryimage\",\"url\":\"https:\\\/\\\/covasna45.ro\\\/wp-content\\\/uploads\\\/2023\\\/04\\\/centrala-1.jpg\",\"contentUrl\":\"https:\\\/\\\/covasna45.ro\\\/wp-content\\\/uploads\\\/2023\\\/04\\\/centrala-1.jpg\",\"width\":1000,\"height\":667},{\"@type\":\"BreadcrumbList\",\"@id\":\"https:\\\/\\\/covasna45.ro\\\/index.php\\\/lumea-noastra\\\/cand-vor-fi-interzise-centralele-de-apartament-pe-gaz-in-romania\\\/#breadcrumb\",\"itemListElement\":[{\"@type\":\"ListItem\",\"position\":1,\"name\":\"Prima pagin\u0103\",\"item\":\"https:\\\/\\\/covasna45.ro\\\/\"},{\"@type\":\"ListItem\",\"position\":2,\"name\":\"C\u00e2nd vor fi interzise centralele de apartament pe gaz \u00een Rom\u00e2nia?\"}]},{\"@type\":\"WebSite\",\"@id\":\"https:\\\/\\\/covasna45.ro\\\/#website\",\"url\":\"https:\\\/\\\/covasna45.ro\\\/\",\"name\":\"covasna45.ro\",\"description\":\"\",\"publisher\":{\"@id\":\"https:\\\/\\\/covasna45.ro\\\/#organization\"},\"potentialAction\":[{\"@type\":\"SearchAction\",\"target\":{\"@type\":\"EntryPoint\",\"urlTemplate\":\"https:\\\/\\\/covasna45.ro\\\/?s={search_term_string}\"},\"query-input\":{\"@type\":\"PropertyValueSpecification\",\"valueRequired\":true,\"valueName\":\"search_term_string\"}}],\"inLanguage\":\"ro-RO\"},{\"@type\":\"Organization\",\"@id\":\"https:\\\/\\\/covasna45.ro\\\/#organization\",\"name\":\"covasna45.ro\",\"url\":\"https:\\\/\\\/covasna45.ro\\\/\",\"logo\":{\"@type\":\"ImageObject\",\"inLanguage\":\"ro-RO\",\"@id\":\"https:\\\/\\\/covasna45.ro\\\/#\\\/schema\\\/logo\\\/image\\\/\",\"url\":\"https:\\\/\\\/covasna45.ro\\\/wp-content\\\/uploads\\\/2023\\\/01\\\/icon_logo.png\",\"contentUrl\":\"https:\\\/\\\/covasna45.ro\\\/wp-content\\\/uploads\\\/2023\\\/01\\\/icon_logo.png\",\"width\":1900,\"height\":1900,\"caption\":\"covasna45.ro\"},\"image\":{\"@id\":\"https:\\\/\\\/covasna45.ro\\\/#\\\/schema\\\/logo\\\/image\\\/\"}},{\"@type\":\"Person\",\"@id\":\"https:\\\/\\\/covasna45.ro\\\/#\\\/schema\\\/person\\\/e674052bd7d95d70bbb007a1060ab73c\",\"name\":\"Covasna45\",\"image\":{\"@type\":\"ImageObject\",\"inLanguage\":\"ro-RO\",\"@id\":\"https:\\\/\\\/covasna45.ro\\\/wp-content\\\/uploads\\\/2025\\\/10\\\/icon_logo_covasna45-150x150.png\",\"url\":\"https:\\\/\\\/covasna45.ro\\\/wp-content\\\/uploads\\\/2025\\\/10\\\/icon_logo_covasna45-150x150.png\",\"contentUrl\":\"https:\\\/\\\/covasna45.ro\\\/wp-content\\\/uploads\\\/2025\\\/10\\\/icon_logo_covasna45-150x150.png\",\"caption\":\"Covasna45\"},\"sameAs\":[\"https:\\\/\\\/covasna45.ro\"],\"url\":\"https:\\\/\\\/covasna45.ro\\\/index.php\\\/author\\\/covasna\\\/\"}]}<\/script>\n<!-- \/ Yoast SEO plugin. -->","yoast_head_json":{"title":"C\u00e2nd vor fi interzise centralele de apartament pe gaz \u00een Rom\u00e2nia? - Covasna45","description":"Comisia European\u0103 va impune produc\u0103torilor de centrale individuale pe gaze un indice minim de eficien\u021b\u0103 de 115%.","robots":{"index":"index","follow":"follow","max-snippet":"max-snippet:-1","max-image-preview":"max-image-preview:large","max-video-preview":"max-video-preview:-1"},"canonical":"https:\/\/covasna45.ro\/index.php\/lumea-noastra\/cand-vor-fi-interzise-centralele-de-apartament-pe-gaz-in-romania\/","og_locale":"ro_RO","og_type":"article","og_title":"C\u00e2nd vor fi interzise centralele de apartament pe gaz \u00een Rom\u00e2nia? - Covasna45","og_description":"Comisia European\u0103 va impune produc\u0103torilor de centrale individuale pe gaze un indice minim de eficien\u021b\u0103 de 115%.","og_url":"https:\/\/covasna45.ro\/index.php\/lumea-noastra\/cand-vor-fi-interzise-centralele-de-apartament-pe-gaz-in-romania\/","og_site_name":"Covasna45","article_published_time":"2023-04-27T08:42:36+00:00","article_modified_time":"2023-04-27T08:43:24+00:00","og_image":[{"width":1000,"height":667,"url":"https:\/\/covasna45.ro\/wp-content\/uploads\/2023\/04\/centrala-1.jpg","type":"image\/jpeg"}],"author":"Covasna45","twitter_card":"summary_large_image","twitter_misc":{"Scris de":"Covasna45","Timp estimat pentru citire":"4 minute"},"schema":{"@context":"https:\/\/schema.org","@graph":[{"@type":"Article","@id":"https:\/\/covasna45.ro\/index.php\/lumea-noastra\/cand-vor-fi-interzise-centralele-de-apartament-pe-gaz-in-romania\/#article","isPartOf":{"@id":"https:\/\/covasna45.ro\/index.php\/lumea-noastra\/cand-vor-fi-interzise-centralele-de-apartament-pe-gaz-in-romania\/"},"author":{"name":"Covasna45","@id":"https:\/\/covasna45.ro\/#\/schema\/person\/e674052bd7d95d70bbb007a1060ab73c"},"headline":"C\u00e2nd vor fi interzise centralele de apartament pe gaz \u00een Rom\u00e2nia?","datePublished":"2023-04-27T08:42:36+00:00","dateModified":"2023-04-27T08:43:24+00:00","mainEntityOfPage":{"@id":"https:\/\/covasna45.ro\/index.php\/lumea-noastra\/cand-vor-fi-interzise-centralele-de-apartament-pe-gaz-in-romania\/"},"wordCount":611,"commentCount":0,"publisher":{"@id":"https:\/\/covasna45.ro\/#organization"},"image":{"@id":"https:\/\/covasna45.ro\/index.php\/lumea-noastra\/cand-vor-fi-interzise-centralele-de-apartament-pe-gaz-in-romania\/#primaryimage"},"thumbnailUrl":"https:\/\/covasna45.ro\/wp-content\/uploads\/2023\/04\/centrala-1.jpg","keywords":["Centrale termice pe gaz","Reguli","UE"],"articleSection":["Lumea noastr\u0103"],"inLanguage":"ro-RO","potentialAction":[{"@type":"CommentAction","name":"Comment","target":["https:\/\/covasna45.ro\/index.php\/lumea-noastra\/cand-vor-fi-interzise-centralele-de-apartament-pe-gaz-in-romania\/#respond"]}]},{"@type":"WebPage","@id":"https:\/\/covasna45.ro\/index.php\/lumea-noastra\/cand-vor-fi-interzise-centralele-de-apartament-pe-gaz-in-romania\/","url":"https:\/\/covasna45.ro\/index.php\/lumea-noastra\/cand-vor-fi-interzise-centralele-de-apartament-pe-gaz-in-romania\/","name":"C\u00e2nd vor fi interzise centralele de apartament pe gaz \u00een Rom\u00e2nia? - Covasna45","isPartOf":{"@id":"https:\/\/covasna45.ro\/#website"},"primaryImageOfPage":{"@id":"https:\/\/covasna45.ro\/index.php\/lumea-noastra\/cand-vor-fi-interzise-centralele-de-apartament-pe-gaz-in-romania\/#primaryimage"},"image":{"@id":"https:\/\/covasna45.ro\/index.php\/lumea-noastra\/cand-vor-fi-interzise-centralele-de-apartament-pe-gaz-in-romania\/#primaryimage"},"thumbnailUrl":"https:\/\/covasna45.ro\/wp-content\/uploads\/2023\/04\/centrala-1.jpg","datePublished":"2023-04-27T08:42:36+00:00","dateModified":"2023-04-27T08:43:24+00:00","description":"Comisia European\u0103 va impune produc\u0103torilor de centrale individuale pe gaze un indice minim de eficien\u021b\u0103 de 115%.","breadcrumb":{"@id":"https:\/\/covasna45.ro\/index.php\/lumea-noastra\/cand-vor-fi-interzise-centralele-de-apartament-pe-gaz-in-romania\/#breadcrumb"},"inLanguage":"ro-RO","potentialAction":[{"@type":"ReadAction","target":["https:\/\/covasna45.ro\/index.php\/lumea-noastra\/cand-vor-fi-interzise-centralele-de-apartament-pe-gaz-in-romania\/"]}]},{"@type":"ImageObject","inLanguage":"ro-RO","@id":"https:\/\/covasna45.ro\/index.php\/lumea-noastra\/cand-vor-fi-interzise-centralele-de-apartament-pe-gaz-in-romania\/#primaryimage","url":"https:\/\/covasna45.ro\/wp-content\/uploads\/2023\/04\/centrala-1.jpg","contentUrl":"https:\/\/covasna45.ro\/wp-content\/uploads\/2023\/04\/centrala-1.jpg","width":1000,"height":667},{"@type":"BreadcrumbList","@id":"https:\/\/covasna45.ro\/index.php\/lumea-noastra\/cand-vor-fi-interzise-centralele-de-apartament-pe-gaz-in-romania\/#breadcrumb","itemListElement":[{"@type":"ListItem","position":1,"name":"Prima pagin\u0103","item":"https:\/\/covasna45.ro\/"},{"@type":"ListItem","position":2,"name":"C\u00e2nd vor fi interzise centralele de apartament pe gaz \u00een Rom\u00e2nia?"}]},{"@type":"WebSite","@id":"https:\/\/covasna45.ro\/#website","url":"https:\/\/covasna45.ro\/","name":"covasna45.ro","description":"","publisher":{"@id":"https:\/\/covasna45.ro\/#organization"},"potentialAction":[{"@type":"SearchAction","target":{"@type":"EntryPoint","urlTemplate":"https:\/\/covasna45.ro\/?s={search_term_string}"},"query-input":{"@type":"PropertyValueSpecification","valueRequired":true,"valueName":"search_term_string"}}],"inLanguage":"ro-RO"},{"@type":"Organization","@id":"https:\/\/covasna45.ro\/#organization","name":"covasna45.ro","url":"https:\/\/covasna45.ro\/","logo":{"@type":"ImageObject","inLanguage":"ro-RO","@id":"https:\/\/covasna45.ro\/#\/schema\/logo\/image\/","url":"https:\/\/covasna45.ro\/wp-content\/uploads\/2023\/01\/icon_logo.png","contentUrl":"https:\/\/covasna45.ro\/wp-content\/uploads\/2023\/01\/icon_logo.png","width":1900,"height":1900,"caption":"covasna45.ro"},"image":{"@id":"https:\/\/covasna45.ro\/#\/schema\/logo\/image\/"}},{"@type":"Person","@id":"https:\/\/covasna45.ro\/#\/schema\/person\/e674052bd7d95d70bbb007a1060ab73c","name":"Covasna45","image":{"@type":"ImageObject","inLanguage":"ro-RO","@id":"https:\/\/covasna45.ro\/wp-content\/uploads\/2025\/10\/icon_logo_covasna45-150x150.png","url":"https:\/\/covasna45.ro\/wp-content\/uploads\/2025\/10\/icon_logo_covasna45-150x150.png","contentUrl":"https:\/\/covasna45.ro\/wp-content\/uploads\/2025\/10\/icon_logo_covasna45-150x150.png","caption":"Covasna45"},"sameAs":["https:\/\/covasna45.ro"],"url":"https:\/\/covasna45.ro\/index.php\/author\/covasna\/"}]}},"_links":{"self":[{"href":"https:\/\/covasna45.ro\/index.php\/wp-json\/wp\/v2\/posts\/1537","targetHints":{"allow":["GET"]}}],"collection":[{"href":"https:\/\/covasna45.ro\/index.php\/wp-json\/wp\/v2\/posts"}],"about":[{"href":"https:\/\/covasna45.ro\/index.php\/wp-json\/wp\/v2\/types\/post"}],"author":[{"embeddable":true,"href":"https:\/\/covasna45.ro\/index.php\/wp-json\/wp\/v2\/users\/1"}],"replies":[{"embeddable":true,"href":"https:\/\/covasna45.ro\/index.php\/wp-json\/wp\/v2\/comments?post=1537"}],"version-history":[{"count":1,"href":"https:\/\/covasna45.ro\/index.php\/wp-json\/wp\/v2\/posts\/1537\/revisions"}],"predecessor-version":[{"id":1539,"href":"https:\/\/covasna45.ro\/index.php\/wp-json\/wp\/v2\/posts\/1537\/revisions\/1539"}],"wp:featuredmedia":[{"embeddable":true,"href":"https:\/\/covasna45.ro\/index.php\/wp-json\/wp\/v2\/media\/1538"}],"wp:attachment":[{"href":"https:\/\/covasna45.ro\/index.php\/wp-json\/wp\/v2\/media?parent=1537"}],"wp:term":[{"taxonomy":"category","embeddable":true,"href":"https:\/\/covasna45.ro\/index.php\/wp-json\/wp\/v2\/categories?post=1537"},{"taxonomy":"post_tag","embeddable":true,"href":"https:\/\/covasna45.ro\/index.php\/wp-json\/wp\/v2\/tags?post=1537"}],"curies":[{"name":"wp","href":"https:\/\/api.w.org\/{rel}","templated":true}]}}