{"id":15383,"date":"2026-03-10T11:08:45","date_gmt":"2026-03-10T09:08:45","guid":{"rendered":"https:\/\/covasna45.ro\/?p=15383"},"modified":"2026-03-11T09:08:41","modified_gmt":"2026-03-11T07:08:41","slug":"congres-national-de-medicina-fizica-recuperare-si-balneologie-la-covasna","status":"publish","type":"post","link":"https:\/\/covasna45.ro\/index.php\/lumea-noastra\/congres-national-de-medicina-fizica-recuperare-si-balneologie-la-covasna\/","title":{"rendered":"Congres Na\u021bional de Medicin\u0103 fizic\u0103, recuperare \u0219i balneologie, la Covasna"},"content":{"rendered":"\n<p>\u00cen perioada 23\u201325 aprilie 2026, comunitatea medical\u0103 din medicin\u0103 fizic\u0103, recuperare \u0219i balneologie se reune\u0219te la Covasna, \u00eentr-un congres \u0219tiin\u021bific cu participare interna\u021bional\u0103.<\/p>\n\n\n\n<p>Evenimentul este dedicat dialogului \u0219tiin\u021bific \u0219i colabor\u0103rii profesionale, la intersec\u021bia dintre medicina de recuperare modern\u0103 \u0219i tradi\u021bia balnear\u0103 rom\u00e2neasc\u0103.<\/p>\n\n\n\n<p>Participan\u021bii la Congres vor aborda teme de cercetare \u0219i inova\u021bie \u00een domeniul balneologiei, managementului durerii, reabilitare pediatric\u0103, medicina sportului.<\/p>\n\n\n\n<figure class=\"wp-block-image size-full\"><img loading=\"lazy\" decoding=\"async\" width=\"575\" height=\"862\" src=\"https:\/\/covasna45.ro\/wp-content\/uploads\/2026\/03\/congres-cv.png\" alt=\"\" class=\"wp-image-15384\" srcset=\"https:\/\/covasna45.ro\/wp-content\/uploads\/2026\/03\/congres-cv.png 575w, https:\/\/covasna45.ro\/wp-content\/uploads\/2026\/03\/congres-cv-200x300.png 200w, https:\/\/covasna45.ro\/wp-content\/uploads\/2026\/03\/congres-cv-150x225.png 150w, https:\/\/covasna45.ro\/wp-content\/uploads\/2026\/03\/congres-cv-300x450.png 300w\" sizes=\"auto, (max-width: 575px) 100vw, 575px\" \/><\/figure>\n\n\n\n<h2 class=\"wp-block-heading\">Lucr\u0103ri ce vor fi prezentate \u00een timpul Congresului<\/h2>\n\n\n\n<p>Pe site-ul evenimentului sunt postate titlurile lucr\u0103rilor \u0219tiin\u021bifice ce vor fi prezentate la congres.<\/p>\n\n\n\n<p>Iat\u0103 c\u00e2teva dintre acestea:<\/p>\n\n\n\n<p>\u00cen cadrul Sesiunii \u201eReabilitare cardiac\u0103 \u0219i management metabolic\u201d, <a href=\"https:\/\/covasna45.ro\/index.php\/lumea-noastra\/dr-mihaela-suceveanu-coordonator-national-recuperare-cardiovasculara-ce-avem-la-covasna-e-unic\/\">dr. Suceveanu Mihaela Carmen<\/a> \u0219i Suceveanu Paul Nicolae vor vorbi despre \u201e<strong>O abordare complex\u0103 a recuper\u0103rii pacien\u021bilor cu arteriopatie periferic\u0103, utiliz\u00e2nd poten\u021bialul factorilor naturali ai sta\u021biunii Covasna<\/strong>\u201d.<\/p>\n\n\n\n<figure class=\"wp-block-image size-large\"><img loading=\"lazy\" decoding=\"async\" width=\"1024\" height=\"768\" src=\"https:\/\/covasna45.ro\/wp-content\/uploads\/2025\/10\/dr-miha-sucev-1024x768.jpg\" alt=\"\" class=\"wp-image-13335\" srcset=\"https:\/\/covasna45.ro\/wp-content\/uploads\/2025\/10\/dr-miha-sucev-1024x768.jpg 1024w, https:\/\/covasna45.ro\/wp-content\/uploads\/2025\/10\/dr-miha-sucev-300x225.jpg 300w, https:\/\/covasna45.ro\/wp-content\/uploads\/2025\/10\/dr-miha-sucev-768x576.jpg 768w, https:\/\/covasna45.ro\/wp-content\/uploads\/2025\/10\/dr-miha-sucev-1536x1152.jpg 1536w, https:\/\/covasna45.ro\/wp-content\/uploads\/2025\/10\/dr-miha-sucev-2048x1536.jpg 2048w, https:\/\/covasna45.ro\/wp-content\/uploads\/2025\/10\/dr-miha-sucev-150x113.jpg 150w, https:\/\/covasna45.ro\/wp-content\/uploads\/2025\/10\/dr-miha-sucev-696x522.jpg 696w, https:\/\/covasna45.ro\/wp-content\/uploads\/2025\/10\/dr-miha-sucev-1068x801.jpg 1068w, https:\/\/covasna45.ro\/wp-content\/uploads\/2025\/10\/dr-miha-sucev-1920x1440.jpg 1920w\" sizes=\"auto, (max-width: 1024px) 100vw, 1024px\" \/><figcaption class=\"wp-element-caption\">Dr. Mihaela Suceveanu<\/figcaption><\/figure>\n\n\n\n<p>\u201eApe minerale carbogazoase \u0219i mofetoterapie &#8211; de la cercetarea fundamental\u0103 la aplica\u021biile clinic\u201d &#8211; o lucrare prezentat\u0103 de dr. Gabriela Dogaru, dr. Shreedam Sachin Sharma.<\/p>\n\n\n\n<p>\u201e<strong>Mofetoterapie \u0219i B\u0103i minerale carbogazoase \u00een Sta\u021biunea Covasna: Mecanisme \u0219i beneficia terapeutice<\/strong>\u201d (Yuliya Manolaki, Lucia Tursan, Gabriela Dogaru) sau  \u201e<strong>Model\u00e2nd viitorul reabilit\u0103rii \u00een Rom\u00e2nia: telemedicin\u0103, telereabilitare, legisla\u021bie \u0219i inova\u021bie<\/strong>\u201d vor fi printre temele abordate.<\/p>\n\n\n\n<p>Alte sesiuni:<\/p>\n\n\n\n<ul class=\"wp-block-list\">\n<li>Reabilitare \u0219i alte specialit\u0103\u021bi medicale,<\/li>\n\n\n\n<li>Gestionarea durerii \u0219i reabilitarea,<\/li>\n\n\n\n<li>Balneologie integrativ\u0103 \u0219i medicina stilului de via\u021b\u0103,<\/li>\n\n\n\n<li>Reabilitare pediatric\u0103,<\/li>\n\n\n\n<li>Medicina sportiv\u0103 \u0219i dopajul.<\/li>\n<\/ul>\n\n\n\n<figure class=\"wp-block-image size-large\"><img loading=\"lazy\" decoding=\"async\" width=\"1024\" height=\"578\" src=\"https:\/\/covasna45.ro\/wp-content\/uploads\/2026\/03\/afis-congres-cv-1024x578.jpg\" alt=\"\" class=\"wp-image-15385\" srcset=\"https:\/\/covasna45.ro\/wp-content\/uploads\/2026\/03\/afis-congres-cv-1024x578.jpg 1024w, https:\/\/covasna45.ro\/wp-content\/uploads\/2026\/03\/afis-congres-cv-300x169.jpg 300w, https:\/\/covasna45.ro\/wp-content\/uploads\/2026\/03\/afis-congres-cv-768x434.jpg 768w, https:\/\/covasna45.ro\/wp-content\/uploads\/2026\/03\/afis-congres-cv-1536x867.jpg 1536w, https:\/\/covasna45.ro\/wp-content\/uploads\/2026\/03\/afis-congres-cv-150x85.jpg 150w, https:\/\/covasna45.ro\/wp-content\/uploads\/2026\/03\/afis-congres-cv-696x393.jpg 696w, https:\/\/covasna45.ro\/wp-content\/uploads\/2026\/03\/afis-congres-cv-1068x603.jpg 1068w, https:\/\/covasna45.ro\/wp-content\/uploads\/2026\/03\/afis-congres-cv-1920x1084.jpg 1920w, https:\/\/covasna45.ro\/wp-content\/uploads\/2026\/03\/afis-congres-cv.jpg 2048w\" sizes=\"auto, (max-width: 1024px) 100vw, 1024px\" \/><\/figure>\n\n\n\n<p>Lucr\u0103rile congresului se vor desf\u0103\u0219ura la C\u0103prioara Spa &amp; Wellness Resort.<\/p>\n\n\n\n<p>Organizator este Societatea Rom\u00e2n\u0103 de Medicin\u0103 Fizic\u0103, Recuperare \u0219i Balneoclimatologie, cu sprijinul Centrului Balnear Covasna \u0219i al Consiliului Jude\u021bean Covasna \u0219i \u00een parteneriat cu Prim\u0103ria Covasna.<\/p>\n\n\n\n<p><em>Sursa \u0219i detalii, <a href=\"https:\/\/bioclima.ro\/congress\">AICI.<\/a><\/em><\/p>\n","protected":false},"excerpt":{"rendered":"<p>\u00cen perioada 23\u201325 aprilie 2026, comunitatea medical\u0103 din medicin\u0103 fizic\u0103, recuperare \u0219i balneologie se reune\u0219te la Covasna, \u00eentr-un congres \u0219tiin\u021bific cu participare interna\u021bional\u0103. Evenimentul este dedicat dialogului \u0219tiin\u021bific \u0219i colabor\u0103rii profesionale, la intersec\u021bia dintre medicina de recuperare modern\u0103 \u0219i tradi\u021bia balnear\u0103 rom\u00e2neasc\u0103. Participan\u021bii la Congres vor aborda teme de cercetare \u0219i inova\u021bie \u00een domeniul balneologiei, [&hellip;]<\/p>\n","protected":false},"author":1,"featured_media":9433,"comment_status":"open","ping_status":"closed","sticky":false,"template":"","format":"standard","meta":{"tdm_status":"","tdm_grid_status":"","footnotes":""},"categories":[14],"tags":[3935,2270,21,3762],"class_list":{"0":"post-15383","1":"post","2":"type-post","3":"status-publish","4":"format-standard","5":"has-post-thumbnail","7":"category-lumea-noastra","8":"tag-balneologie","9":"tag-congres","10":"tag-covasna","11":"tag-medicina-2"},"yoast_head":"<!-- This site is optimized with the Yoast SEO plugin v27.5 - https:\/\/yoast.com\/product\/yoast-seo-wordpress\/ -->\n<title>Congres Na\u021bional de Medicin\u0103 fizic\u0103, recuperare \u0219i balneologie, la Covasna - Covasna45<\/title>\n<meta name=\"description\" content=\"\u00cen perioada 23\u201325 aprilie 2026, comunitatea medical\u0103 din medicin\u0103 fizic\u0103, recuperare \u0219i balneologie se reune\u0219te la Covasna.\" \/>\n<meta name=\"robots\" content=\"index, follow, max-snippet:-1, max-image-preview:large, max-video-preview:-1\" \/>\n<link rel=\"canonical\" href=\"https:\/\/covasna45.ro\/index.php\/lumea-noastra\/congres-national-de-medicina-fizica-recuperare-si-balneologie-la-covasna\/\" \/>\n<meta property=\"og:locale\" content=\"ro_RO\" \/>\n<meta property=\"og:type\" content=\"article\" \/>\n<meta property=\"og:title\" content=\"Congres Na\u021bional de Medicin\u0103 fizic\u0103, recuperare \u0219i balneologie, la Covasna - Covasna45\" \/>\n<meta property=\"og:description\" content=\"\u00cen perioada 23\u201325 aprilie 2026, comunitatea medical\u0103 din medicin\u0103 fizic\u0103, recuperare \u0219i balneologie se reune\u0219te la Covasna.\" \/>\n<meta property=\"og:url\" content=\"https:\/\/covasna45.ro\/index.php\/lumea-noastra\/congres-national-de-medicina-fizica-recuperare-si-balneologie-la-covasna\/\" \/>\n<meta property=\"og:site_name\" content=\"Covasna45\" \/>\n<meta property=\"article:published_time\" content=\"2026-03-10T09:08:45+00:00\" \/>\n<meta property=\"article:modified_time\" content=\"2026-03-11T07:08:41+00:00\" \/>\n<meta property=\"og:image\" content=\"https:\/\/covasna45.ro\/wp-content\/uploads\/2025\/01\/covasna-foto.jpg\" \/>\n\t<meta property=\"og:image:width\" content=\"2048\" \/>\n\t<meta property=\"og:image:height\" content=\"1536\" \/>\n\t<meta property=\"og:image:type\" content=\"image\/jpeg\" \/>\n<meta name=\"author\" content=\"Covasna45\" \/>\n<meta name=\"twitter:card\" content=\"summary_large_image\" \/>\n<meta name=\"twitter:label1\" content=\"Scris de\" \/>\n\t<meta name=\"twitter:data1\" content=\"Covasna45\" \/>\n\t<meta name=\"twitter:label2\" content=\"Timp estimat pentru citire\" \/>\n\t<meta name=\"twitter:data2\" content=\"3 minute\" \/>\n<script type=\"application\/ld+json\" class=\"yoast-schema-graph\">{\"@context\":\"https:\\\/\\\/schema.org\",\"@graph\":[{\"@type\":\"Article\",\"@id\":\"https:\\\/\\\/covasna45.ro\\\/index.php\\\/lumea-noastra\\\/congres-national-de-medicina-fizica-recuperare-si-balneologie-la-covasna\\\/#article\",\"isPartOf\":{\"@id\":\"https:\\\/\\\/covasna45.ro\\\/index.php\\\/lumea-noastra\\\/congres-national-de-medicina-fizica-recuperare-si-balneologie-la-covasna\\\/\"},\"author\":{\"name\":\"Covasna45\",\"@id\":\"https:\\\/\\\/covasna45.ro\\\/#\\\/schema\\\/person\\\/e674052bd7d95d70bbb007a1060ab73c\"},\"headline\":\"Congres Na\u021bional de Medicin\u0103 fizic\u0103, recuperare \u0219i balneologie, la Covasna\",\"datePublished\":\"2026-03-10T09:08:45+00:00\",\"dateModified\":\"2026-03-11T07:08:41+00:00\",\"mainEntityOfPage\":{\"@id\":\"https:\\\/\\\/covasna45.ro\\\/index.php\\\/lumea-noastra\\\/congres-national-de-medicina-fizica-recuperare-si-balneologie-la-covasna\\\/\"},\"wordCount\":292,\"commentCount\":0,\"publisher\":{\"@id\":\"https:\\\/\\\/covasna45.ro\\\/#organization\"},\"image\":{\"@id\":\"https:\\\/\\\/covasna45.ro\\\/index.php\\\/lumea-noastra\\\/congres-national-de-medicina-fizica-recuperare-si-balneologie-la-covasna\\\/#primaryimage\"},\"thumbnailUrl\":\"https:\\\/\\\/covasna45.ro\\\/wp-content\\\/uploads\\\/2025\\\/01\\\/covasna-foto.jpg\",\"keywords\":[\"balneologie\",\"Congres\",\"covasna\",\"medicina\"],\"articleSection\":[\"Lumea noastr\u0103\"],\"inLanguage\":\"ro-RO\",\"potentialAction\":[{\"@type\":\"CommentAction\",\"name\":\"Comment\",\"target\":[\"https:\\\/\\\/covasna45.ro\\\/index.php\\\/lumea-noastra\\\/congres-national-de-medicina-fizica-recuperare-si-balneologie-la-covasna\\\/#respond\"]}]},{\"@type\":\"WebPage\",\"@id\":\"https:\\\/\\\/covasna45.ro\\\/index.php\\\/lumea-noastra\\\/congres-national-de-medicina-fizica-recuperare-si-balneologie-la-covasna\\\/\",\"url\":\"https:\\\/\\\/covasna45.ro\\\/index.php\\\/lumea-noastra\\\/congres-national-de-medicina-fizica-recuperare-si-balneologie-la-covasna\\\/\",\"name\":\"Congres Na\u021bional de Medicin\u0103 fizic\u0103, recuperare \u0219i balneologie, la Covasna - Covasna45\",\"isPartOf\":{\"@id\":\"https:\\\/\\\/covasna45.ro\\\/#website\"},\"primaryImageOfPage\":{\"@id\":\"https:\\\/\\\/covasna45.ro\\\/index.php\\\/lumea-noastra\\\/congres-national-de-medicina-fizica-recuperare-si-balneologie-la-covasna\\\/#primaryimage\"},\"image\":{\"@id\":\"https:\\\/\\\/covasna45.ro\\\/index.php\\\/lumea-noastra\\\/congres-national-de-medicina-fizica-recuperare-si-balneologie-la-covasna\\\/#primaryimage\"},\"thumbnailUrl\":\"https:\\\/\\\/covasna45.ro\\\/wp-content\\\/uploads\\\/2025\\\/01\\\/covasna-foto.jpg\",\"datePublished\":\"2026-03-10T09:08:45+00:00\",\"dateModified\":\"2026-03-11T07:08:41+00:00\",\"description\":\"\u00cen perioada 23\u201325 aprilie 2026, comunitatea medical\u0103 din medicin\u0103 fizic\u0103, recuperare \u0219i balneologie se reune\u0219te la Covasna.\",\"breadcrumb\":{\"@id\":\"https:\\\/\\\/covasna45.ro\\\/index.php\\\/lumea-noastra\\\/congres-national-de-medicina-fizica-recuperare-si-balneologie-la-covasna\\\/#breadcrumb\"},\"inLanguage\":\"ro-RO\",\"potentialAction\":[{\"@type\":\"ReadAction\",\"target\":[\"https:\\\/\\\/covasna45.ro\\\/index.php\\\/lumea-noastra\\\/congres-national-de-medicina-fizica-recuperare-si-balneologie-la-covasna\\\/\"]}]},{\"@type\":\"ImageObject\",\"inLanguage\":\"ro-RO\",\"@id\":\"https:\\\/\\\/covasna45.ro\\\/index.php\\\/lumea-noastra\\\/congres-national-de-medicina-fizica-recuperare-si-balneologie-la-covasna\\\/#primaryimage\",\"url\":\"https:\\\/\\\/covasna45.ro\\\/wp-content\\\/uploads\\\/2025\\\/01\\\/covasna-foto.jpg\",\"contentUrl\":\"https:\\\/\\\/covasna45.ro\\\/wp-content\\\/uploads\\\/2025\\\/01\\\/covasna-foto.jpg\",\"width\":2048,\"height\":1536},{\"@type\":\"BreadcrumbList\",\"@id\":\"https:\\\/\\\/covasna45.ro\\\/index.php\\\/lumea-noastra\\\/congres-national-de-medicina-fizica-recuperare-si-balneologie-la-covasna\\\/#breadcrumb\",\"itemListElement\":[{\"@type\":\"ListItem\",\"position\":1,\"name\":\"Prima pagin\u0103\",\"item\":\"https:\\\/\\\/covasna45.ro\\\/\"},{\"@type\":\"ListItem\",\"position\":2,\"name\":\"Congres Na\u021bional de Medicin\u0103 fizic\u0103, recuperare \u0219i balneologie, la Covasna\"}]},{\"@type\":\"WebSite\",\"@id\":\"https:\\\/\\\/covasna45.ro\\\/#website\",\"url\":\"https:\\\/\\\/covasna45.ro\\\/\",\"name\":\"covasna45.ro\",\"description\":\"\",\"publisher\":{\"@id\":\"https:\\\/\\\/covasna45.ro\\\/#organization\"},\"potentialAction\":[{\"@type\":\"SearchAction\",\"target\":{\"@type\":\"EntryPoint\",\"urlTemplate\":\"https:\\\/\\\/covasna45.ro\\\/?s={search_term_string}\"},\"query-input\":{\"@type\":\"PropertyValueSpecification\",\"valueRequired\":true,\"valueName\":\"search_term_string\"}}],\"inLanguage\":\"ro-RO\"},{\"@type\":\"Organization\",\"@id\":\"https:\\\/\\\/covasna45.ro\\\/#organization\",\"name\":\"covasna45.ro\",\"url\":\"https:\\\/\\\/covasna45.ro\\\/\",\"logo\":{\"@type\":\"ImageObject\",\"inLanguage\":\"ro-RO\",\"@id\":\"https:\\\/\\\/covasna45.ro\\\/#\\\/schema\\\/logo\\\/image\\\/\",\"url\":\"https:\\\/\\\/covasna45.ro\\\/wp-content\\\/uploads\\\/2023\\\/01\\\/icon_logo.png\",\"contentUrl\":\"https:\\\/\\\/covasna45.ro\\\/wp-content\\\/uploads\\\/2023\\\/01\\\/icon_logo.png\",\"width\":1900,\"height\":1900,\"caption\":\"covasna45.ro\"},\"image\":{\"@id\":\"https:\\\/\\\/covasna45.ro\\\/#\\\/schema\\\/logo\\\/image\\\/\"}},{\"@type\":\"Person\",\"@id\":\"https:\\\/\\\/covasna45.ro\\\/#\\\/schema\\\/person\\\/e674052bd7d95d70bbb007a1060ab73c\",\"name\":\"Covasna45\",\"image\":{\"@type\":\"ImageObject\",\"inLanguage\":\"ro-RO\",\"@id\":\"https:\\\/\\\/covasna45.ro\\\/wp-content\\\/uploads\\\/2025\\\/10\\\/icon_logo_covasna45-150x150.png\",\"url\":\"https:\\\/\\\/covasna45.ro\\\/wp-content\\\/uploads\\\/2025\\\/10\\\/icon_logo_covasna45-150x150.png\",\"contentUrl\":\"https:\\\/\\\/covasna45.ro\\\/wp-content\\\/uploads\\\/2025\\\/10\\\/icon_logo_covasna45-150x150.png\",\"caption\":\"Covasna45\"},\"sameAs\":[\"https:\\\/\\\/covasna45.ro\"],\"url\":\"https:\\\/\\\/covasna45.ro\\\/index.php\\\/author\\\/covasna\\\/\"}]}<\/script>\n<!-- \/ Yoast SEO plugin. -->","yoast_head_json":{"title":"Congres Na\u021bional de Medicin\u0103 fizic\u0103, recuperare \u0219i balneologie, la Covasna - Covasna45","description":"\u00cen perioada 23\u201325 aprilie 2026, comunitatea medical\u0103 din medicin\u0103 fizic\u0103, recuperare \u0219i balneologie se reune\u0219te la Covasna.","robots":{"index":"index","follow":"follow","max-snippet":"max-snippet:-1","max-image-preview":"max-image-preview:large","max-video-preview":"max-video-preview:-1"},"canonical":"https:\/\/covasna45.ro\/index.php\/lumea-noastra\/congres-national-de-medicina-fizica-recuperare-si-balneologie-la-covasna\/","og_locale":"ro_RO","og_type":"article","og_title":"Congres Na\u021bional de Medicin\u0103 fizic\u0103, recuperare \u0219i balneologie, la Covasna - Covasna45","og_description":"\u00cen perioada 23\u201325 aprilie 2026, comunitatea medical\u0103 din medicin\u0103 fizic\u0103, recuperare \u0219i balneologie se reune\u0219te la Covasna.","og_url":"https:\/\/covasna45.ro\/index.php\/lumea-noastra\/congres-national-de-medicina-fizica-recuperare-si-balneologie-la-covasna\/","og_site_name":"Covasna45","article_published_time":"2026-03-10T09:08:45+00:00","article_modified_time":"2026-03-11T07:08:41+00:00","og_image":[{"width":2048,"height":1536,"url":"https:\/\/covasna45.ro\/wp-content\/uploads\/2025\/01\/covasna-foto.jpg","type":"image\/jpeg"}],"author":"Covasna45","twitter_card":"summary_large_image","twitter_misc":{"Scris de":"Covasna45","Timp estimat pentru citire":"3 minute"},"schema":{"@context":"https:\/\/schema.org","@graph":[{"@type":"Article","@id":"https:\/\/covasna45.ro\/index.php\/lumea-noastra\/congres-national-de-medicina-fizica-recuperare-si-balneologie-la-covasna\/#article","isPartOf":{"@id":"https:\/\/covasna45.ro\/index.php\/lumea-noastra\/congres-national-de-medicina-fizica-recuperare-si-balneologie-la-covasna\/"},"author":{"name":"Covasna45","@id":"https:\/\/covasna45.ro\/#\/schema\/person\/e674052bd7d95d70bbb007a1060ab73c"},"headline":"Congres Na\u021bional de Medicin\u0103 fizic\u0103, recuperare \u0219i balneologie, la Covasna","datePublished":"2026-03-10T09:08:45+00:00","dateModified":"2026-03-11T07:08:41+00:00","mainEntityOfPage":{"@id":"https:\/\/covasna45.ro\/index.php\/lumea-noastra\/congres-national-de-medicina-fizica-recuperare-si-balneologie-la-covasna\/"},"wordCount":292,"commentCount":0,"publisher":{"@id":"https:\/\/covasna45.ro\/#organization"},"image":{"@id":"https:\/\/covasna45.ro\/index.php\/lumea-noastra\/congres-national-de-medicina-fizica-recuperare-si-balneologie-la-covasna\/#primaryimage"},"thumbnailUrl":"https:\/\/covasna45.ro\/wp-content\/uploads\/2025\/01\/covasna-foto.jpg","keywords":["balneologie","Congres","covasna","medicina"],"articleSection":["Lumea noastr\u0103"],"inLanguage":"ro-RO","potentialAction":[{"@type":"CommentAction","name":"Comment","target":["https:\/\/covasna45.ro\/index.php\/lumea-noastra\/congres-national-de-medicina-fizica-recuperare-si-balneologie-la-covasna\/#respond"]}]},{"@type":"WebPage","@id":"https:\/\/covasna45.ro\/index.php\/lumea-noastra\/congres-national-de-medicina-fizica-recuperare-si-balneologie-la-covasna\/","url":"https:\/\/covasna45.ro\/index.php\/lumea-noastra\/congres-national-de-medicina-fizica-recuperare-si-balneologie-la-covasna\/","name":"Congres Na\u021bional de Medicin\u0103 fizic\u0103, recuperare \u0219i balneologie, la Covasna - Covasna45","isPartOf":{"@id":"https:\/\/covasna45.ro\/#website"},"primaryImageOfPage":{"@id":"https:\/\/covasna45.ro\/index.php\/lumea-noastra\/congres-national-de-medicina-fizica-recuperare-si-balneologie-la-covasna\/#primaryimage"},"image":{"@id":"https:\/\/covasna45.ro\/index.php\/lumea-noastra\/congres-national-de-medicina-fizica-recuperare-si-balneologie-la-covasna\/#primaryimage"},"thumbnailUrl":"https:\/\/covasna45.ro\/wp-content\/uploads\/2025\/01\/covasna-foto.jpg","datePublished":"2026-03-10T09:08:45+00:00","dateModified":"2026-03-11T07:08:41+00:00","description":"\u00cen perioada 23\u201325 aprilie 2026, comunitatea medical\u0103 din medicin\u0103 fizic\u0103, recuperare \u0219i balneologie se reune\u0219te la Covasna.","breadcrumb":{"@id":"https:\/\/covasna45.ro\/index.php\/lumea-noastra\/congres-national-de-medicina-fizica-recuperare-si-balneologie-la-covasna\/#breadcrumb"},"inLanguage":"ro-RO","potentialAction":[{"@type":"ReadAction","target":["https:\/\/covasna45.ro\/index.php\/lumea-noastra\/congres-national-de-medicina-fizica-recuperare-si-balneologie-la-covasna\/"]}]},{"@type":"ImageObject","inLanguage":"ro-RO","@id":"https:\/\/covasna45.ro\/index.php\/lumea-noastra\/congres-national-de-medicina-fizica-recuperare-si-balneologie-la-covasna\/#primaryimage","url":"https:\/\/covasna45.ro\/wp-content\/uploads\/2025\/01\/covasna-foto.jpg","contentUrl":"https:\/\/covasna45.ro\/wp-content\/uploads\/2025\/01\/covasna-foto.jpg","width":2048,"height":1536},{"@type":"BreadcrumbList","@id":"https:\/\/covasna45.ro\/index.php\/lumea-noastra\/congres-national-de-medicina-fizica-recuperare-si-balneologie-la-covasna\/#breadcrumb","itemListElement":[{"@type":"ListItem","position":1,"name":"Prima pagin\u0103","item":"https:\/\/covasna45.ro\/"},{"@type":"ListItem","position":2,"name":"Congres Na\u021bional de Medicin\u0103 fizic\u0103, recuperare \u0219i balneologie, la Covasna"}]},{"@type":"WebSite","@id":"https:\/\/covasna45.ro\/#website","url":"https:\/\/covasna45.ro\/","name":"covasna45.ro","description":"","publisher":{"@id":"https:\/\/covasna45.ro\/#organization"},"potentialAction":[{"@type":"SearchAction","target":{"@type":"EntryPoint","urlTemplate":"https:\/\/covasna45.ro\/?s={search_term_string}"},"query-input":{"@type":"PropertyValueSpecification","valueRequired":true,"valueName":"search_term_string"}}],"inLanguage":"ro-RO"},{"@type":"Organization","@id":"https:\/\/covasna45.ro\/#organization","name":"covasna45.ro","url":"https:\/\/covasna45.ro\/","logo":{"@type":"ImageObject","inLanguage":"ro-RO","@id":"https:\/\/covasna45.ro\/#\/schema\/logo\/image\/","url":"https:\/\/covasna45.ro\/wp-content\/uploads\/2023\/01\/icon_logo.png","contentUrl":"https:\/\/covasna45.ro\/wp-content\/uploads\/2023\/01\/icon_logo.png","width":1900,"height":1900,"caption":"covasna45.ro"},"image":{"@id":"https:\/\/covasna45.ro\/#\/schema\/logo\/image\/"}},{"@type":"Person","@id":"https:\/\/covasna45.ro\/#\/schema\/person\/e674052bd7d95d70bbb007a1060ab73c","name":"Covasna45","image":{"@type":"ImageObject","inLanguage":"ro-RO","@id":"https:\/\/covasna45.ro\/wp-content\/uploads\/2025\/10\/icon_logo_covasna45-150x150.png","url":"https:\/\/covasna45.ro\/wp-content\/uploads\/2025\/10\/icon_logo_covasna45-150x150.png","contentUrl":"https:\/\/covasna45.ro\/wp-content\/uploads\/2025\/10\/icon_logo_covasna45-150x150.png","caption":"Covasna45"},"sameAs":["https:\/\/covasna45.ro"],"url":"https:\/\/covasna45.ro\/index.php\/author\/covasna\/"}]}},"_links":{"self":[{"href":"https:\/\/covasna45.ro\/index.php\/wp-json\/wp\/v2\/posts\/15383","targetHints":{"allow":["GET"]}}],"collection":[{"href":"https:\/\/covasna45.ro\/index.php\/wp-json\/wp\/v2\/posts"}],"about":[{"href":"https:\/\/covasna45.ro\/index.php\/wp-json\/wp\/v2\/types\/post"}],"author":[{"embeddable":true,"href":"https:\/\/covasna45.ro\/index.php\/wp-json\/wp\/v2\/users\/1"}],"replies":[{"embeddable":true,"href":"https:\/\/covasna45.ro\/index.php\/wp-json\/wp\/v2\/comments?post=15383"}],"version-history":[{"count":2,"href":"https:\/\/covasna45.ro\/index.php\/wp-json\/wp\/v2\/posts\/15383\/revisions"}],"predecessor-version":[{"id":15399,"href":"https:\/\/covasna45.ro\/index.php\/wp-json\/wp\/v2\/posts\/15383\/revisions\/15399"}],"wp:featuredmedia":[{"embeddable":true,"href":"https:\/\/covasna45.ro\/index.php\/wp-json\/wp\/v2\/media\/9433"}],"wp:attachment":[{"href":"https:\/\/covasna45.ro\/index.php\/wp-json\/wp\/v2\/media?parent=15383"}],"wp:term":[{"taxonomy":"category","embeddable":true,"href":"https:\/\/covasna45.ro\/index.php\/wp-json\/wp\/v2\/categories?post=15383"},{"taxonomy":"post_tag","embeddable":true,"href":"https:\/\/covasna45.ro\/index.php\/wp-json\/wp\/v2\/tags?post=15383"}],"curies":[{"name":"wp","href":"https:\/\/api.w.org\/{rel}","templated":true}]}}