{"id":15400,"date":"2026-03-11T10:20:11","date_gmt":"2026-03-11T08:20:11","guid":{"rendered":"https:\/\/covasna45.ro\/?p=15400"},"modified":"2026-03-11T10:20:58","modified_gmt":"2026-03-11T08:20:58","slug":"sedinta-csat-pe-tema-situatiei-din-orientul-mijlociu","status":"publish","type":"post","link":"https:\/\/covasna45.ro\/index.php\/lumea-noastra\/sedinta-csat-pe-tema-situatiei-din-orientul-mijlociu\/","title":{"rendered":"\u0218edin\u021b\u0103 CSAT pe tema situa\u021biei din Orientul Mijlociu"},"content":{"rendered":"\n<p>Consiliul Suprem de Ap\u0103rare a \u021a\u0103rii, condus de pre\u0219edintele Nicu\u0219or Dan, s-a \u00eentrunit ast\u0103zi la Palatul Cotroceni, pe agend\u0103 afl\u00e2ndu-se situa\u021bia din Orientul Mijlociu \u0219i implica\u021biile pentru Rom\u00e2nia.<\/p>\n\n\n\n<p>La \u0219edin\u021b\u0103 particip\u0103 premierul Ilie Bolojan, ministrul Ap\u0103r\u0103rii, vicepremierul Radu Miru\u021b\u0103, ministrul Afacerilor Interne, vicepremierul C\u0103t\u0103lin Predoiu, ministrul Afacerilor Externe, Oana \u021aoiu, ministrul Economiei, Irineu Dar\u0103u, ministrul de Finan\u021be, Alexandru Nazare.<\/p>\n\n\n\n<p>Pe ordinea de zi mai sunt incluse, potrivit <a href=\"https:\/\/agerpres.ro\/politic\/2026\/03\/11\/sedinta-csat-a-inceput-situatia-din-orientul-mijlociu---pe-ordinea-de-zi--1536059\">Agerpres<\/a>, analiza disloc\u0103rii temporare pe teritoriul Rom\u00e2niei a unor capabilit\u0103\u021bi militare \u0219i evaluarea impactului <a href=\"https:\/\/covasna45.ro\/index.php\/lumea-larga\/gardienii-revolutiei-din-iran-suntem-pregatiti-pentru-un-razboi-lung\/\">evenimentelor<\/a> din Orientul Mijlociu asupra pie\u021bei petroliere din Rom\u00e2nia.<\/p>\n\n\n\n<p>Ultima \u0219edin\u021b\u0103 a CSAT a avut loc pe 24 noiembrie 2025 pe tema Strategiei Na\u021bionale de Ap\u0103rare.<\/p>\n","protected":false},"excerpt":{"rendered":"<p>Consiliul Suprem de Ap\u0103rare a \u021a\u0103rii, condus de pre\u0219edintele Nicu\u0219or Dan, s-a \u00eentrunit ast\u0103zi la Palatul Cotroceni, pe agend\u0103 afl\u00e2ndu-se situa\u021bia din Orientul Mijlociu \u0219i implica\u021biile pentru Rom\u00e2nia. La \u0219edin\u021b\u0103 particip\u0103 premierul Ilie Bolojan, ministrul Ap\u0103r\u0103rii, vicepremierul Radu Miru\u021b\u0103, ministrul Afacerilor Interne, vicepremierul C\u0103t\u0103lin Predoiu, ministrul Afacerilor Externe, Oana \u021aoiu, ministrul Economiei, Irineu Dar\u0103u, ministrul [&hellip;]<\/p>\n","protected":false},"author":1,"featured_media":11777,"comment_status":"open","ping_status":"closed","sticky":false,"template":"","format":"standard","meta":{"tdm_status":"","tdm_grid_status":"","footnotes":""},"categories":[14],"tags":[3444,2525,3557],"class_list":{"0":"post-15400","1":"post","2":"type-post","3":"status-publish","4":"format-standard","5":"has-post-thumbnail","7":"category-lumea-noastra","8":"tag-cotroceni","9":"tag-csat","10":"tag-nicusor-dan-2"},"yoast_head":"<!-- This site is optimized with the Yoast SEO plugin v27.5 - https:\/\/yoast.com\/product\/yoast-seo-wordpress\/ -->\n<title>\u0218edin\u021b\u0103 CSAT pe tema situa\u021biei din Orientul Mijlociu - Covasna45<\/title>\n<meta name=\"description\" content=\"Consiliul Suprem de Ap\u0103rare a \u021a\u0103rii, condus de pre\u0219edintele Nicu\u0219or Dan, s-a \u00eentrunit ast\u0103zi la Palatul Cotroceni.\" \/>\n<meta name=\"robots\" content=\"index, follow, max-snippet:-1, max-image-preview:large, max-video-preview:-1\" \/>\n<link rel=\"canonical\" href=\"https:\/\/covasna45.ro\/index.php\/lumea-noastra\/sedinta-csat-pe-tema-situatiei-din-orientul-mijlociu\/\" \/>\n<meta property=\"og:locale\" content=\"ro_RO\" \/>\n<meta property=\"og:type\" content=\"article\" \/>\n<meta property=\"og:title\" content=\"\u0218edin\u021b\u0103 CSAT pe tema situa\u021biei din Orientul Mijlociu - Covasna45\" \/>\n<meta property=\"og:description\" content=\"Consiliul Suprem de Ap\u0103rare a \u021a\u0103rii, condus de pre\u0219edintele Nicu\u0219or Dan, s-a \u00eentrunit ast\u0103zi la Palatul Cotroceni.\" \/>\n<meta property=\"og:url\" content=\"https:\/\/covasna45.ro\/index.php\/lumea-noastra\/sedinta-csat-pe-tema-situatiei-din-orientul-mijlociu\/\" \/>\n<meta property=\"og:site_name\" content=\"Covasna45\" \/>\n<meta property=\"article:published_time\" content=\"2026-03-11T08:20:11+00:00\" \/>\n<meta property=\"article:modified_time\" content=\"2026-03-11T08:20:58+00:00\" \/>\n<meta property=\"og:image\" content=\"https:\/\/covasna45.ro\/wp-content\/uploads\/2025\/06\/nicusor-presedintet.jpg\" \/>\n\t<meta property=\"og:image:width\" content=\"1406\" \/>\n\t<meta property=\"og:image:height\" content=\"800\" \/>\n\t<meta property=\"og:image:type\" content=\"image\/jpeg\" \/>\n<meta name=\"author\" content=\"Covasna45\" \/>\n<meta name=\"twitter:card\" content=\"summary_large_image\" \/>\n<meta name=\"twitter:label1\" content=\"Scris de\" \/>\n\t<meta name=\"twitter:data1\" content=\"Covasna45\" \/>\n\t<meta name=\"twitter:label2\" content=\"Timp estimat pentru citire\" \/>\n\t<meta name=\"twitter:data2\" content=\"1 minut\" \/>\n<script type=\"application\/ld+json\" class=\"yoast-schema-graph\">{\"@context\":\"https:\\\/\\\/schema.org\",\"@graph\":[{\"@type\":\"Article\",\"@id\":\"https:\\\/\\\/covasna45.ro\\\/index.php\\\/lumea-noastra\\\/sedinta-csat-pe-tema-situatiei-din-orientul-mijlociu\\\/#article\",\"isPartOf\":{\"@id\":\"https:\\\/\\\/covasna45.ro\\\/index.php\\\/lumea-noastra\\\/sedinta-csat-pe-tema-situatiei-din-orientul-mijlociu\\\/\"},\"author\":{\"name\":\"Covasna45\",\"@id\":\"https:\\\/\\\/covasna45.ro\\\/#\\\/schema\\\/person\\\/e674052bd7d95d70bbb007a1060ab73c\"},\"headline\":\"\u0218edin\u021b\u0103 CSAT pe tema situa\u021biei din Orientul Mijlociu\",\"datePublished\":\"2026-03-11T08:20:11+00:00\",\"dateModified\":\"2026-03-11T08:20:58+00:00\",\"mainEntityOfPage\":{\"@id\":\"https:\\\/\\\/covasna45.ro\\\/index.php\\\/lumea-noastra\\\/sedinta-csat-pe-tema-situatiei-din-orientul-mijlociu\\\/\"},\"wordCount\":135,\"commentCount\":0,\"publisher\":{\"@id\":\"https:\\\/\\\/covasna45.ro\\\/#organization\"},\"image\":{\"@id\":\"https:\\\/\\\/covasna45.ro\\\/index.php\\\/lumea-noastra\\\/sedinta-csat-pe-tema-situatiei-din-orientul-mijlociu\\\/#primaryimage\"},\"thumbnailUrl\":\"https:\\\/\\\/covasna45.ro\\\/wp-content\\\/uploads\\\/2025\\\/06\\\/nicusor-presedintet.jpg\",\"keywords\":[\"Cotroceni\",\"CSAT\",\"nicusor dan\"],\"articleSection\":[\"Lumea noastr\u0103\"],\"inLanguage\":\"ro-RO\",\"potentialAction\":[{\"@type\":\"CommentAction\",\"name\":\"Comment\",\"target\":[\"https:\\\/\\\/covasna45.ro\\\/index.php\\\/lumea-noastra\\\/sedinta-csat-pe-tema-situatiei-din-orientul-mijlociu\\\/#respond\"]}]},{\"@type\":\"WebPage\",\"@id\":\"https:\\\/\\\/covasna45.ro\\\/index.php\\\/lumea-noastra\\\/sedinta-csat-pe-tema-situatiei-din-orientul-mijlociu\\\/\",\"url\":\"https:\\\/\\\/covasna45.ro\\\/index.php\\\/lumea-noastra\\\/sedinta-csat-pe-tema-situatiei-din-orientul-mijlociu\\\/\",\"name\":\"\u0218edin\u021b\u0103 CSAT pe tema situa\u021biei din Orientul Mijlociu - Covasna45\",\"isPartOf\":{\"@id\":\"https:\\\/\\\/covasna45.ro\\\/#website\"},\"primaryImageOfPage\":{\"@id\":\"https:\\\/\\\/covasna45.ro\\\/index.php\\\/lumea-noastra\\\/sedinta-csat-pe-tema-situatiei-din-orientul-mijlociu\\\/#primaryimage\"},\"image\":{\"@id\":\"https:\\\/\\\/covasna45.ro\\\/index.php\\\/lumea-noastra\\\/sedinta-csat-pe-tema-situatiei-din-orientul-mijlociu\\\/#primaryimage\"},\"thumbnailUrl\":\"https:\\\/\\\/covasna45.ro\\\/wp-content\\\/uploads\\\/2025\\\/06\\\/nicusor-presedintet.jpg\",\"datePublished\":\"2026-03-11T08:20:11+00:00\",\"dateModified\":\"2026-03-11T08:20:58+00:00\",\"description\":\"Consiliul Suprem de Ap\u0103rare a \u021a\u0103rii, condus de pre\u0219edintele Nicu\u0219or Dan, s-a \u00eentrunit ast\u0103zi la Palatul Cotroceni.\",\"breadcrumb\":{\"@id\":\"https:\\\/\\\/covasna45.ro\\\/index.php\\\/lumea-noastra\\\/sedinta-csat-pe-tema-situatiei-din-orientul-mijlociu\\\/#breadcrumb\"},\"inLanguage\":\"ro-RO\",\"potentialAction\":[{\"@type\":\"ReadAction\",\"target\":[\"https:\\\/\\\/covasna45.ro\\\/index.php\\\/lumea-noastra\\\/sedinta-csat-pe-tema-situatiei-din-orientul-mijlociu\\\/\"]}]},{\"@type\":\"ImageObject\",\"inLanguage\":\"ro-RO\",\"@id\":\"https:\\\/\\\/covasna45.ro\\\/index.php\\\/lumea-noastra\\\/sedinta-csat-pe-tema-situatiei-din-orientul-mijlociu\\\/#primaryimage\",\"url\":\"https:\\\/\\\/covasna45.ro\\\/wp-content\\\/uploads\\\/2025\\\/06\\\/nicusor-presedintet.jpg\",\"contentUrl\":\"https:\\\/\\\/covasna45.ro\\\/wp-content\\\/uploads\\\/2025\\\/06\\\/nicusor-presedintet.jpg\",\"width\":1406,\"height\":800},{\"@type\":\"BreadcrumbList\",\"@id\":\"https:\\\/\\\/covasna45.ro\\\/index.php\\\/lumea-noastra\\\/sedinta-csat-pe-tema-situatiei-din-orientul-mijlociu\\\/#breadcrumb\",\"itemListElement\":[{\"@type\":\"ListItem\",\"position\":1,\"name\":\"Prima pagin\u0103\",\"item\":\"https:\\\/\\\/covasna45.ro\\\/\"},{\"@type\":\"ListItem\",\"position\":2,\"name\":\"\u0218edin\u021b\u0103 CSAT pe tema situa\u021biei din Orientul Mijlociu\"}]},{\"@type\":\"WebSite\",\"@id\":\"https:\\\/\\\/covasna45.ro\\\/#website\",\"url\":\"https:\\\/\\\/covasna45.ro\\\/\",\"name\":\"covasna45.ro\",\"description\":\"\",\"publisher\":{\"@id\":\"https:\\\/\\\/covasna45.ro\\\/#organization\"},\"potentialAction\":[{\"@type\":\"SearchAction\",\"target\":{\"@type\":\"EntryPoint\",\"urlTemplate\":\"https:\\\/\\\/covasna45.ro\\\/?s={search_term_string}\"},\"query-input\":{\"@type\":\"PropertyValueSpecification\",\"valueRequired\":true,\"valueName\":\"search_term_string\"}}],\"inLanguage\":\"ro-RO\"},{\"@type\":\"Organization\",\"@id\":\"https:\\\/\\\/covasna45.ro\\\/#organization\",\"name\":\"covasna45.ro\",\"url\":\"https:\\\/\\\/covasna45.ro\\\/\",\"logo\":{\"@type\":\"ImageObject\",\"inLanguage\":\"ro-RO\",\"@id\":\"https:\\\/\\\/covasna45.ro\\\/#\\\/schema\\\/logo\\\/image\\\/\",\"url\":\"https:\\\/\\\/covasna45.ro\\\/wp-content\\\/uploads\\\/2023\\\/01\\\/icon_logo.png\",\"contentUrl\":\"https:\\\/\\\/covasna45.ro\\\/wp-content\\\/uploads\\\/2023\\\/01\\\/icon_logo.png\",\"width\":1900,\"height\":1900,\"caption\":\"covasna45.ro\"},\"image\":{\"@id\":\"https:\\\/\\\/covasna45.ro\\\/#\\\/schema\\\/logo\\\/image\\\/\"}},{\"@type\":\"Person\",\"@id\":\"https:\\\/\\\/covasna45.ro\\\/#\\\/schema\\\/person\\\/e674052bd7d95d70bbb007a1060ab73c\",\"name\":\"Covasna45\",\"image\":{\"@type\":\"ImageObject\",\"inLanguage\":\"ro-RO\",\"@id\":\"https:\\\/\\\/covasna45.ro\\\/wp-content\\\/uploads\\\/2025\\\/10\\\/icon_logo_covasna45-150x150.png\",\"url\":\"https:\\\/\\\/covasna45.ro\\\/wp-content\\\/uploads\\\/2025\\\/10\\\/icon_logo_covasna45-150x150.png\",\"contentUrl\":\"https:\\\/\\\/covasna45.ro\\\/wp-content\\\/uploads\\\/2025\\\/10\\\/icon_logo_covasna45-150x150.png\",\"caption\":\"Covasna45\"},\"sameAs\":[\"https:\\\/\\\/covasna45.ro\"],\"url\":\"https:\\\/\\\/covasna45.ro\\\/index.php\\\/author\\\/covasna\\\/\"}]}<\/script>\n<!-- \/ Yoast SEO plugin. -->","yoast_head_json":{"title":"\u0218edin\u021b\u0103 CSAT pe tema situa\u021biei din Orientul Mijlociu - Covasna45","description":"Consiliul Suprem de Ap\u0103rare a \u021a\u0103rii, condus de pre\u0219edintele Nicu\u0219or Dan, s-a \u00eentrunit ast\u0103zi la Palatul Cotroceni.","robots":{"index":"index","follow":"follow","max-snippet":"max-snippet:-1","max-image-preview":"max-image-preview:large","max-video-preview":"max-video-preview:-1"},"canonical":"https:\/\/covasna45.ro\/index.php\/lumea-noastra\/sedinta-csat-pe-tema-situatiei-din-orientul-mijlociu\/","og_locale":"ro_RO","og_type":"article","og_title":"\u0218edin\u021b\u0103 CSAT pe tema situa\u021biei din Orientul Mijlociu - Covasna45","og_description":"Consiliul Suprem de Ap\u0103rare a \u021a\u0103rii, condus de pre\u0219edintele Nicu\u0219or Dan, s-a \u00eentrunit ast\u0103zi la Palatul Cotroceni.","og_url":"https:\/\/covasna45.ro\/index.php\/lumea-noastra\/sedinta-csat-pe-tema-situatiei-din-orientul-mijlociu\/","og_site_name":"Covasna45","article_published_time":"2026-03-11T08:20:11+00:00","article_modified_time":"2026-03-11T08:20:58+00:00","og_image":[{"width":1406,"height":800,"url":"https:\/\/covasna45.ro\/wp-content\/uploads\/2025\/06\/nicusor-presedintet.jpg","type":"image\/jpeg"}],"author":"Covasna45","twitter_card":"summary_large_image","twitter_misc":{"Scris de":"Covasna45","Timp estimat pentru citire":"1 minut"},"schema":{"@context":"https:\/\/schema.org","@graph":[{"@type":"Article","@id":"https:\/\/covasna45.ro\/index.php\/lumea-noastra\/sedinta-csat-pe-tema-situatiei-din-orientul-mijlociu\/#article","isPartOf":{"@id":"https:\/\/covasna45.ro\/index.php\/lumea-noastra\/sedinta-csat-pe-tema-situatiei-din-orientul-mijlociu\/"},"author":{"name":"Covasna45","@id":"https:\/\/covasna45.ro\/#\/schema\/person\/e674052bd7d95d70bbb007a1060ab73c"},"headline":"\u0218edin\u021b\u0103 CSAT pe tema situa\u021biei din Orientul Mijlociu","datePublished":"2026-03-11T08:20:11+00:00","dateModified":"2026-03-11T08:20:58+00:00","mainEntityOfPage":{"@id":"https:\/\/covasna45.ro\/index.php\/lumea-noastra\/sedinta-csat-pe-tema-situatiei-din-orientul-mijlociu\/"},"wordCount":135,"commentCount":0,"publisher":{"@id":"https:\/\/covasna45.ro\/#organization"},"image":{"@id":"https:\/\/covasna45.ro\/index.php\/lumea-noastra\/sedinta-csat-pe-tema-situatiei-din-orientul-mijlociu\/#primaryimage"},"thumbnailUrl":"https:\/\/covasna45.ro\/wp-content\/uploads\/2025\/06\/nicusor-presedintet.jpg","keywords":["Cotroceni","CSAT","nicusor dan"],"articleSection":["Lumea noastr\u0103"],"inLanguage":"ro-RO","potentialAction":[{"@type":"CommentAction","name":"Comment","target":["https:\/\/covasna45.ro\/index.php\/lumea-noastra\/sedinta-csat-pe-tema-situatiei-din-orientul-mijlociu\/#respond"]}]},{"@type":"WebPage","@id":"https:\/\/covasna45.ro\/index.php\/lumea-noastra\/sedinta-csat-pe-tema-situatiei-din-orientul-mijlociu\/","url":"https:\/\/covasna45.ro\/index.php\/lumea-noastra\/sedinta-csat-pe-tema-situatiei-din-orientul-mijlociu\/","name":"\u0218edin\u021b\u0103 CSAT pe tema situa\u021biei din Orientul Mijlociu - Covasna45","isPartOf":{"@id":"https:\/\/covasna45.ro\/#website"},"primaryImageOfPage":{"@id":"https:\/\/covasna45.ro\/index.php\/lumea-noastra\/sedinta-csat-pe-tema-situatiei-din-orientul-mijlociu\/#primaryimage"},"image":{"@id":"https:\/\/covasna45.ro\/index.php\/lumea-noastra\/sedinta-csat-pe-tema-situatiei-din-orientul-mijlociu\/#primaryimage"},"thumbnailUrl":"https:\/\/covasna45.ro\/wp-content\/uploads\/2025\/06\/nicusor-presedintet.jpg","datePublished":"2026-03-11T08:20:11+00:00","dateModified":"2026-03-11T08:20:58+00:00","description":"Consiliul Suprem de Ap\u0103rare a \u021a\u0103rii, condus de pre\u0219edintele Nicu\u0219or Dan, s-a \u00eentrunit ast\u0103zi la Palatul Cotroceni.","breadcrumb":{"@id":"https:\/\/covasna45.ro\/index.php\/lumea-noastra\/sedinta-csat-pe-tema-situatiei-din-orientul-mijlociu\/#breadcrumb"},"inLanguage":"ro-RO","potentialAction":[{"@type":"ReadAction","target":["https:\/\/covasna45.ro\/index.php\/lumea-noastra\/sedinta-csat-pe-tema-situatiei-din-orientul-mijlociu\/"]}]},{"@type":"ImageObject","inLanguage":"ro-RO","@id":"https:\/\/covasna45.ro\/index.php\/lumea-noastra\/sedinta-csat-pe-tema-situatiei-din-orientul-mijlociu\/#primaryimage","url":"https:\/\/covasna45.ro\/wp-content\/uploads\/2025\/06\/nicusor-presedintet.jpg","contentUrl":"https:\/\/covasna45.ro\/wp-content\/uploads\/2025\/06\/nicusor-presedintet.jpg","width":1406,"height":800},{"@type":"BreadcrumbList","@id":"https:\/\/covasna45.ro\/index.php\/lumea-noastra\/sedinta-csat-pe-tema-situatiei-din-orientul-mijlociu\/#breadcrumb","itemListElement":[{"@type":"ListItem","position":1,"name":"Prima pagin\u0103","item":"https:\/\/covasna45.ro\/"},{"@type":"ListItem","position":2,"name":"\u0218edin\u021b\u0103 CSAT pe tema situa\u021biei din Orientul Mijlociu"}]},{"@type":"WebSite","@id":"https:\/\/covasna45.ro\/#website","url":"https:\/\/covasna45.ro\/","name":"covasna45.ro","description":"","publisher":{"@id":"https:\/\/covasna45.ro\/#organization"},"potentialAction":[{"@type":"SearchAction","target":{"@type":"EntryPoint","urlTemplate":"https:\/\/covasna45.ro\/?s={search_term_string}"},"query-input":{"@type":"PropertyValueSpecification","valueRequired":true,"valueName":"search_term_string"}}],"inLanguage":"ro-RO"},{"@type":"Organization","@id":"https:\/\/covasna45.ro\/#organization","name":"covasna45.ro","url":"https:\/\/covasna45.ro\/","logo":{"@type":"ImageObject","inLanguage":"ro-RO","@id":"https:\/\/covasna45.ro\/#\/schema\/logo\/image\/","url":"https:\/\/covasna45.ro\/wp-content\/uploads\/2023\/01\/icon_logo.png","contentUrl":"https:\/\/covasna45.ro\/wp-content\/uploads\/2023\/01\/icon_logo.png","width":1900,"height":1900,"caption":"covasna45.ro"},"image":{"@id":"https:\/\/covasna45.ro\/#\/schema\/logo\/image\/"}},{"@type":"Person","@id":"https:\/\/covasna45.ro\/#\/schema\/person\/e674052bd7d95d70bbb007a1060ab73c","name":"Covasna45","image":{"@type":"ImageObject","inLanguage":"ro-RO","@id":"https:\/\/covasna45.ro\/wp-content\/uploads\/2025\/10\/icon_logo_covasna45-150x150.png","url":"https:\/\/covasna45.ro\/wp-content\/uploads\/2025\/10\/icon_logo_covasna45-150x150.png","contentUrl":"https:\/\/covasna45.ro\/wp-content\/uploads\/2025\/10\/icon_logo_covasna45-150x150.png","caption":"Covasna45"},"sameAs":["https:\/\/covasna45.ro"],"url":"https:\/\/covasna45.ro\/index.php\/author\/covasna\/"}]}},"_links":{"self":[{"href":"https:\/\/covasna45.ro\/index.php\/wp-json\/wp\/v2\/posts\/15400","targetHints":{"allow":["GET"]}}],"collection":[{"href":"https:\/\/covasna45.ro\/index.php\/wp-json\/wp\/v2\/posts"}],"about":[{"href":"https:\/\/covasna45.ro\/index.php\/wp-json\/wp\/v2\/types\/post"}],"author":[{"embeddable":true,"href":"https:\/\/covasna45.ro\/index.php\/wp-json\/wp\/v2\/users\/1"}],"replies":[{"embeddable":true,"href":"https:\/\/covasna45.ro\/index.php\/wp-json\/wp\/v2\/comments?post=15400"}],"version-history":[{"count":2,"href":"https:\/\/covasna45.ro\/index.php\/wp-json\/wp\/v2\/posts\/15400\/revisions"}],"predecessor-version":[{"id":15403,"href":"https:\/\/covasna45.ro\/index.php\/wp-json\/wp\/v2\/posts\/15400\/revisions\/15403"}],"wp:featuredmedia":[{"embeddable":true,"href":"https:\/\/covasna45.ro\/index.php\/wp-json\/wp\/v2\/media\/11777"}],"wp:attachment":[{"href":"https:\/\/covasna45.ro\/index.php\/wp-json\/wp\/v2\/media?parent=15400"}],"wp:term":[{"taxonomy":"category","embeddable":true,"href":"https:\/\/covasna45.ro\/index.php\/wp-json\/wp\/v2\/categories?post=15400"},{"taxonomy":"post_tag","embeddable":true,"href":"https:\/\/covasna45.ro\/index.php\/wp-json\/wp\/v2\/tags?post=15400"}],"curies":[{"name":"wp","href":"https:\/\/api.w.org\/{rel}","templated":true}]}}