{"id":15404,"date":"2026-03-11T16:46:38","date_gmt":"2026-03-11T14:46:38","guid":{"rendered":"https:\/\/covasna45.ro\/?p=15404"},"modified":"2026-03-11T16:46:39","modified_gmt":"2026-03-11T14:46:39","slug":"salvati-copiii-procent-mare-al-minorilor-romani-afectati-de-saracie","status":"publish","type":"post","link":"https:\/\/covasna45.ro\/index.php\/lumea-noastra\/salvati-copiii-procent-mare-al-minorilor-romani-afectati-de-saracie\/","title":{"rendered":"Salva\u021bi copiii: Procent mare al minorilor rom\u00e2ni afecta\u0163i de s\u0103r\u0103cie"},"content":{"rendered":"\n<p>Procentul copiilor rom\u00e2ni sub 16 ani afecta\u0163i de priva\u0163iuni materiale este peste dublul mediei la nivelul UE, grupa de v\u00e2rst\u0103 10 &#8211; 15 ani fiind cea mai afectat\u0103, afirm\u0103 reprezentan\u0163ii organiza\u0163iei \u201e<a href=\"https:\/\/covasna45.ro\/index.php\/lumea-noastra\/salvati-copii-aproape-80-dintre-minori-navigheaza-pe-internet-fara-nicio-restrictie\/\">Salva\u0163i Copiii<\/a>\u201d.<\/p>\n\n\n\n<p>Aceasta subliniaz\u0103 \u015fi c\u0103 aproape jum\u0103tate (46,8%) dintre copiii rom\u00e2ni afecta\u0163i de s\u0103r\u0103cie nu particip\u0103 la evenimente \u015fcolare sau excursii, mult peste media Uniunii Europene, de doar 13,9%.<\/p>\n\n\n\n<p>Organiza\u0163ia identific\u0103 drept cauze insuficienta investi\u0163ie \u00een copii, lipsurile \u00een procesul de colectare a datelor \u015fi monitorizare \u015fi lipsa de predictibilitate a fondurilor \u015fi recomand\u0103 cre\u015fterea aloc\u0103rilor publice pentru copii, politici coerente care s\u0103 sincronizeze sprijinul economic al familiei cu accesul la educa\u0163ie de calitate, servicii de s\u0103n\u0103tate \u015fi protec\u0163ie social\u0103, sprijin pentru participarea \u015fcolar\u0103 \u015fi incluziune social\u0103.<\/p>\n\n\n\n<p>\u201e<strong><em>Procentul copiilor rom\u00e2ni sub 16 ani afecta\u0163i de priva\u0163iuni materiale este mai mult dec\u00e2t dublul mediei la nivelul Uniunii Europene: 31,8%, fa\u0163\u0103 de 13,6%, cu grupa de v\u00e2rst\u0103 10 \u2013 15 cea mai afectat\u0103 \u2013 33,9%, \u00een vreme ce 27,6% dintre copiii din Rom\u00e2nia cu v\u00e2rsta sub 6 ani sunt afecta\u0163i de acest fenomen<\/em><\/strong>\u201d, anun\u0163\u0103 Organiza\u0163ia \u201dSalva\u0163i Copiii\u201d.<\/p>\n\n\n\n<p>Conform studiului, s\u0103r\u0103cia se reflect\u0103 \u00een accesul discriminatoriu, inegal al copiilor vulnerabili socio-economic la evenimente \u015fcolare sau excursii: <strong>aproape jum\u0103tate (46,8%) dintre copiii rom\u00e2ni afecta\u0163i de s\u0103r\u0103cie nu particip\u0103 la evenimente \u015fcolare sau excursii.<\/strong><\/p>\n\n\n\n<p>Salva\u0163i Copiii Rom\u00e2nia solicit\u0103 autorit\u0103\u0163ilor centrale \u015fi locale adoptarea unor m\u0103suri sistemice, sus\u0163inute \u015fi predictibile pentru reducerea s\u0103r\u0103ciei \u00een r\u00e2ndul copiilor.<\/p>\n\n\n\n<h2 class=\"wp-block-heading\">E nevoie de un plan multianual<\/h2>\n\n\n\n<p>\u201eS\u0103r\u0103cia infantil\u0103 trebuie tratat\u0103 ca o prioritate na\u0163ional\u0103 transversal\u0103, nu ca pe o list\u0103 de m\u0103suri sectoriale disparate adoptate \u00een func\u0163ie de bun\u0103voin\u0163a politic\u0103 a deciden\u0163ilor. Este nevoie de un plan multianual, cu bugete clare \u015fi indicatori publici de rezultat, care s\u0103 lege politicile de protec\u0163ie social\u0103 de educa\u0163ie, nutri\u0163ie, s\u0103n\u0103tate, protec\u0163ie \u00eempotriva abuzurilor (inclusiv privind mediul online) \u015fi locuire\u201d, afirm\u0103 reprezentan\u0163ii organiza\u0163iei.<\/p>\n\n\n\n<p>Sursa citat\u0103 mai indic\u0103 faptul c\u0103, pentru 1,163 milioane de copii din \u0163ara noastr\u0103, asigurarea resurselor necesare pentru un trai s\u0103n\u0103tos este problematic\u0103 &#8211; copiii rom\u00e2ni continu\u0103 s\u0103 fie mult mai afecta\u0163i de s\u0103r\u0103cie \u00een compara\u0163ie cu adul\u0163ii, riscul de s\u0103r\u0103cie sau excluziune social\u0103 \u00een r\u00e2ndul copiilor fiind cu \u015fapte puncte procentuale mai mare dec\u00e2t \u00een r\u00e2ndul adul\u0163ilor.<\/p>\n\n\n\n<h2 class=\"wp-block-heading\">Investi\u021bii insuficiente<\/h2>\n\n\n\n<p>Un studiu realizat de Salva\u0163i Copiii Rom\u00e2nia \u00een vara anului 2025 arat\u0103 c\u0103 aproape trei din cinci&nbsp; (58%) dintre familiile ai c\u0103ror copii sunt integra\u0163i \u00een programele educa\u0163ionale ale organiza\u0163iei nu pot acoperi cheltuielile legate de participarea copiilor la educa\u0163ie, \u00een absen\u0163a unui sprijin extern, procentul cresc\u00e2nd dramatic, la 87%,&nbsp; \u00een r\u00e2ndul celor care se afl\u0103 \u00een stare de s\u0103r\u0103cie subiectiv\u0103 \u015fi \u00een r\u00e2ndul celor cu nivel educa\u0163ional sc\u0103zut \u2013 70%.&nbsp;<\/p>\n\n\n\n<p>Conform Organiza\u0163iei \u201eSalva\u0163i Copiii\u201d, printre cauzele majore ale s\u0103r\u0103ciei \u00een r\u00e2ndul copiilor se afl\u0103 insuficienta investi\u0163ie \u00een copii, \u00een condi\u0163iile \u00een care cheltuielile Rom\u00e2niei pentru protec\u0163ie social\u0103 (12,8% din PIB), educa\u0163ie (3,4%) \u015fi s\u0103n\u0103tate (4,7%) r\u0103m\u00e2n cu mult sub media Uniunii Europene &#8211;&nbsp; protec\u0163ie social\u0103 (19,2% din PIB), educa\u0163ie (4,7% din PIB) \u015fi s\u0103n\u0103tate (7,2% din PIB).<\/p>\n\n\n\n<p>O alt\u0103 cauz\u0103 sunt lipsurile \u00een procesul de colectare a&nbsp; datelor \u015fi monitorizare, \u00eentruc\u00e2t sistemele oficiale care au ca scop&nbsp;monitorizarea factorilor de vulnerabilitate (cum ar fi apartenen\u0163a etnic\u0103, plecarea p\u0103rin\u0163ilor \u00een&nbsp; str\u0103in\u0103tate etc.) nu sunt suficient de&nbsp;bine folosite sau implementate.<\/p>\n\n\n\n<p>Organiza\u0163ia invoc\u0103 \u015fi lipsa de predictibilitate a fondurilor, \u00een contextul \u00een care fondurile de la bugetul&nbsp; de stat sau din surse europene nu&nbsp; beneficiaz\u0103 de o planificare multianual\u0103 sau de predictibilitate, ceea ce limiteaz\u0103 sustenabilitatea&nbsp; interven\u0163iilor.<\/p>\n\n\n\n<p>Sursa: <a href=\"https:\/\/www.salvaticopiii.ro\/\">Salva\u021bi Copiii<\/a><\/p>\n","protected":false},"excerpt":{"rendered":"<p>Procentul copiilor rom\u00e2ni sub 16 ani afecta\u0163i de priva\u0163iuni materiale este peste dublul mediei la nivelul UE, grupa de v\u00e2rst\u0103 10 &#8211; 15 ani fiind cea mai afectat\u0103, afirm\u0103 reprezentan\u0163ii organiza\u0163iei \u201eSalva\u0163i Copiii\u201d. Aceasta subliniaz\u0103 \u015fi c\u0103 aproape jum\u0103tate (46,8%) dintre copiii rom\u00e2ni afecta\u0163i de s\u0103r\u0103cie nu particip\u0103 la evenimente \u015fcolare sau excursii, mult peste [&hellip;]<\/p>\n","protected":false},"author":1,"featured_media":15406,"comment_status":"open","ping_status":"closed","sticky":false,"template":"","format":"standard","meta":{"tdm_status":"","tdm_grid_status":"","footnotes":""},"categories":[14],"tags":[3210,1930,4595],"class_list":{"0":"post-15404","1":"post","2":"type-post","3":"status-publish","4":"format-standard","5":"has-post-thumbnail","7":"category-lumea-noastra","8":"tag-educatie-2","9":"tag-salvati-copiii","10":"tag-saracie-2"},"yoast_head":"<!-- This site is optimized with the Yoast SEO plugin v27.5 - https:\/\/yoast.com\/product\/yoast-seo-wordpress\/ -->\n<title>Salva\u021bi copiii: Procent mare al minorilor rom\u00e2ni afecta\u0163i de s\u0103r\u0103cie - Covasna45<\/title>\n<meta name=\"description\" content=\"Salva\u0163i Copiii Rom\u00e2nia solicit\u0103 autorit\u0103\u0163ilor centrale \u015fi locale adoptarea unor m\u0103suri sistemice pentru minori.\" \/>\n<meta name=\"robots\" content=\"index, follow, max-snippet:-1, max-image-preview:large, max-video-preview:-1\" \/>\n<link rel=\"canonical\" href=\"https:\/\/covasna45.ro\/index.php\/lumea-noastra\/salvati-copiii-procent-mare-al-minorilor-romani-afectati-de-saracie\/\" \/>\n<meta property=\"og:locale\" content=\"ro_RO\" \/>\n<meta property=\"og:type\" content=\"article\" \/>\n<meta property=\"og:title\" content=\"Salva\u021bi copiii: Procent mare al minorilor rom\u00e2ni afecta\u0163i de s\u0103r\u0103cie - Covasna45\" \/>\n<meta property=\"og:description\" content=\"Salva\u0163i Copiii Rom\u00e2nia solicit\u0103 autorit\u0103\u0163ilor centrale \u015fi locale adoptarea unor m\u0103suri sistemice pentru minori.\" \/>\n<meta property=\"og:url\" content=\"https:\/\/covasna45.ro\/index.php\/lumea-noastra\/salvati-copiii-procent-mare-al-minorilor-romani-afectati-de-saracie\/\" \/>\n<meta property=\"og:site_name\" content=\"Covasna45\" \/>\n<meta property=\"article:published_time\" content=\"2026-03-11T14:46:38+00:00\" \/>\n<meta property=\"article:modified_time\" content=\"2026-03-11T14:46:39+00:00\" \/>\n<meta property=\"og:image\" content=\"https:\/\/covasna45.ro\/wp-content\/uploads\/2026\/03\/salv-copii.jpg\" \/>\n\t<meta property=\"og:image:width\" content=\"1600\" \/>\n\t<meta property=\"og:image:height\" content=\"1064\" \/>\n\t<meta property=\"og:image:type\" content=\"image\/jpeg\" \/>\n<meta name=\"author\" content=\"Covasna45\" \/>\n<meta name=\"twitter:card\" content=\"summary_large_image\" \/>\n<meta name=\"twitter:label1\" content=\"Scris de\" \/>\n\t<meta name=\"twitter:data1\" content=\"Covasna45\" \/>\n\t<meta name=\"twitter:label2\" content=\"Timp estimat pentru citire\" \/>\n\t<meta name=\"twitter:data2\" content=\"4 minute\" \/>\n<script type=\"application\/ld+json\" class=\"yoast-schema-graph\">{\"@context\":\"https:\\\/\\\/schema.org\",\"@graph\":[{\"@type\":\"Article\",\"@id\":\"https:\\\/\\\/covasna45.ro\\\/index.php\\\/lumea-noastra\\\/salvati-copiii-procent-mare-al-minorilor-romani-afectati-de-saracie\\\/#article\",\"isPartOf\":{\"@id\":\"https:\\\/\\\/covasna45.ro\\\/index.php\\\/lumea-noastra\\\/salvati-copiii-procent-mare-al-minorilor-romani-afectati-de-saracie\\\/\"},\"author\":{\"name\":\"Covasna45\",\"@id\":\"https:\\\/\\\/covasna45.ro\\\/#\\\/schema\\\/person\\\/e674052bd7d95d70bbb007a1060ab73c\"},\"headline\":\"Salva\u021bi copiii: Procent mare al minorilor rom\u00e2ni afecta\u0163i de s\u0103r\u0103cie\",\"datePublished\":\"2026-03-11T14:46:38+00:00\",\"dateModified\":\"2026-03-11T14:46:39+00:00\",\"mainEntityOfPage\":{\"@id\":\"https:\\\/\\\/covasna45.ro\\\/index.php\\\/lumea-noastra\\\/salvati-copiii-procent-mare-al-minorilor-romani-afectati-de-saracie\\\/\"},\"wordCount\":686,\"commentCount\":0,\"publisher\":{\"@id\":\"https:\\\/\\\/covasna45.ro\\\/#organization\"},\"image\":{\"@id\":\"https:\\\/\\\/covasna45.ro\\\/index.php\\\/lumea-noastra\\\/salvati-copiii-procent-mare-al-minorilor-romani-afectati-de-saracie\\\/#primaryimage\"},\"thumbnailUrl\":\"https:\\\/\\\/covasna45.ro\\\/wp-content\\\/uploads\\\/2026\\\/03\\\/salv-copii.jpg\",\"keywords\":[\"educatie\",\"salvati copiii\",\"saracie\"],\"articleSection\":[\"Lumea noastr\u0103\"],\"inLanguage\":\"ro-RO\",\"potentialAction\":[{\"@type\":\"CommentAction\",\"name\":\"Comment\",\"target\":[\"https:\\\/\\\/covasna45.ro\\\/index.php\\\/lumea-noastra\\\/salvati-copiii-procent-mare-al-minorilor-romani-afectati-de-saracie\\\/#respond\"]}]},{\"@type\":\"WebPage\",\"@id\":\"https:\\\/\\\/covasna45.ro\\\/index.php\\\/lumea-noastra\\\/salvati-copiii-procent-mare-al-minorilor-romani-afectati-de-saracie\\\/\",\"url\":\"https:\\\/\\\/covasna45.ro\\\/index.php\\\/lumea-noastra\\\/salvati-copiii-procent-mare-al-minorilor-romani-afectati-de-saracie\\\/\",\"name\":\"Salva\u021bi copiii: Procent mare al minorilor rom\u00e2ni afecta\u0163i de s\u0103r\u0103cie - Covasna45\",\"isPartOf\":{\"@id\":\"https:\\\/\\\/covasna45.ro\\\/#website\"},\"primaryImageOfPage\":{\"@id\":\"https:\\\/\\\/covasna45.ro\\\/index.php\\\/lumea-noastra\\\/salvati-copiii-procent-mare-al-minorilor-romani-afectati-de-saracie\\\/#primaryimage\"},\"image\":{\"@id\":\"https:\\\/\\\/covasna45.ro\\\/index.php\\\/lumea-noastra\\\/salvati-copiii-procent-mare-al-minorilor-romani-afectati-de-saracie\\\/#primaryimage\"},\"thumbnailUrl\":\"https:\\\/\\\/covasna45.ro\\\/wp-content\\\/uploads\\\/2026\\\/03\\\/salv-copii.jpg\",\"datePublished\":\"2026-03-11T14:46:38+00:00\",\"dateModified\":\"2026-03-11T14:46:39+00:00\",\"description\":\"Salva\u0163i Copiii Rom\u00e2nia solicit\u0103 autorit\u0103\u0163ilor centrale \u015fi locale adoptarea unor m\u0103suri sistemice pentru minori.\",\"breadcrumb\":{\"@id\":\"https:\\\/\\\/covasna45.ro\\\/index.php\\\/lumea-noastra\\\/salvati-copiii-procent-mare-al-minorilor-romani-afectati-de-saracie\\\/#breadcrumb\"},\"inLanguage\":\"ro-RO\",\"potentialAction\":[{\"@type\":\"ReadAction\",\"target\":[\"https:\\\/\\\/covasna45.ro\\\/index.php\\\/lumea-noastra\\\/salvati-copiii-procent-mare-al-minorilor-romani-afectati-de-saracie\\\/\"]}]},{\"@type\":\"ImageObject\",\"inLanguage\":\"ro-RO\",\"@id\":\"https:\\\/\\\/covasna45.ro\\\/index.php\\\/lumea-noastra\\\/salvati-copiii-procent-mare-al-minorilor-romani-afectati-de-saracie\\\/#primaryimage\",\"url\":\"https:\\\/\\\/covasna45.ro\\\/wp-content\\\/uploads\\\/2026\\\/03\\\/salv-copii.jpg\",\"contentUrl\":\"https:\\\/\\\/covasna45.ro\\\/wp-content\\\/uploads\\\/2026\\\/03\\\/salv-copii.jpg\",\"width\":1600,\"height\":1064},{\"@type\":\"BreadcrumbList\",\"@id\":\"https:\\\/\\\/covasna45.ro\\\/index.php\\\/lumea-noastra\\\/salvati-copiii-procent-mare-al-minorilor-romani-afectati-de-saracie\\\/#breadcrumb\",\"itemListElement\":[{\"@type\":\"ListItem\",\"position\":1,\"name\":\"Prima pagin\u0103\",\"item\":\"https:\\\/\\\/covasna45.ro\\\/\"},{\"@type\":\"ListItem\",\"position\":2,\"name\":\"Salva\u021bi copiii: Procent mare al minorilor rom\u00e2ni afecta\u0163i de s\u0103r\u0103cie\"}]},{\"@type\":\"WebSite\",\"@id\":\"https:\\\/\\\/covasna45.ro\\\/#website\",\"url\":\"https:\\\/\\\/covasna45.ro\\\/\",\"name\":\"covasna45.ro\",\"description\":\"\",\"publisher\":{\"@id\":\"https:\\\/\\\/covasna45.ro\\\/#organization\"},\"potentialAction\":[{\"@type\":\"SearchAction\",\"target\":{\"@type\":\"EntryPoint\",\"urlTemplate\":\"https:\\\/\\\/covasna45.ro\\\/?s={search_term_string}\"},\"query-input\":{\"@type\":\"PropertyValueSpecification\",\"valueRequired\":true,\"valueName\":\"search_term_string\"}}],\"inLanguage\":\"ro-RO\"},{\"@type\":\"Organization\",\"@id\":\"https:\\\/\\\/covasna45.ro\\\/#organization\",\"name\":\"covasna45.ro\",\"url\":\"https:\\\/\\\/covasna45.ro\\\/\",\"logo\":{\"@type\":\"ImageObject\",\"inLanguage\":\"ro-RO\",\"@id\":\"https:\\\/\\\/covasna45.ro\\\/#\\\/schema\\\/logo\\\/image\\\/\",\"url\":\"https:\\\/\\\/covasna45.ro\\\/wp-content\\\/uploads\\\/2023\\\/01\\\/icon_logo.png\",\"contentUrl\":\"https:\\\/\\\/covasna45.ro\\\/wp-content\\\/uploads\\\/2023\\\/01\\\/icon_logo.png\",\"width\":1900,\"height\":1900,\"caption\":\"covasna45.ro\"},\"image\":{\"@id\":\"https:\\\/\\\/covasna45.ro\\\/#\\\/schema\\\/logo\\\/image\\\/\"}},{\"@type\":\"Person\",\"@id\":\"https:\\\/\\\/covasna45.ro\\\/#\\\/schema\\\/person\\\/e674052bd7d95d70bbb007a1060ab73c\",\"name\":\"Covasna45\",\"image\":{\"@type\":\"ImageObject\",\"inLanguage\":\"ro-RO\",\"@id\":\"https:\\\/\\\/covasna45.ro\\\/wp-content\\\/uploads\\\/2025\\\/10\\\/icon_logo_covasna45-150x150.png\",\"url\":\"https:\\\/\\\/covasna45.ro\\\/wp-content\\\/uploads\\\/2025\\\/10\\\/icon_logo_covasna45-150x150.png\",\"contentUrl\":\"https:\\\/\\\/covasna45.ro\\\/wp-content\\\/uploads\\\/2025\\\/10\\\/icon_logo_covasna45-150x150.png\",\"caption\":\"Covasna45\"},\"sameAs\":[\"https:\\\/\\\/covasna45.ro\"],\"url\":\"https:\\\/\\\/covasna45.ro\\\/index.php\\\/author\\\/covasna\\\/\"}]}<\/script>\n<!-- \/ Yoast SEO plugin. -->","yoast_head_json":{"title":"Salva\u021bi copiii: Procent mare al minorilor rom\u00e2ni afecta\u0163i de s\u0103r\u0103cie - Covasna45","description":"Salva\u0163i Copiii Rom\u00e2nia solicit\u0103 autorit\u0103\u0163ilor centrale \u015fi locale adoptarea unor m\u0103suri sistemice pentru minori.","robots":{"index":"index","follow":"follow","max-snippet":"max-snippet:-1","max-image-preview":"max-image-preview:large","max-video-preview":"max-video-preview:-1"},"canonical":"https:\/\/covasna45.ro\/index.php\/lumea-noastra\/salvati-copiii-procent-mare-al-minorilor-romani-afectati-de-saracie\/","og_locale":"ro_RO","og_type":"article","og_title":"Salva\u021bi copiii: Procent mare al minorilor rom\u00e2ni afecta\u0163i de s\u0103r\u0103cie - Covasna45","og_description":"Salva\u0163i Copiii Rom\u00e2nia solicit\u0103 autorit\u0103\u0163ilor centrale \u015fi locale adoptarea unor m\u0103suri sistemice pentru minori.","og_url":"https:\/\/covasna45.ro\/index.php\/lumea-noastra\/salvati-copiii-procent-mare-al-minorilor-romani-afectati-de-saracie\/","og_site_name":"Covasna45","article_published_time":"2026-03-11T14:46:38+00:00","article_modified_time":"2026-03-11T14:46:39+00:00","og_image":[{"width":1600,"height":1064,"url":"https:\/\/covasna45.ro\/wp-content\/uploads\/2026\/03\/salv-copii.jpg","type":"image\/jpeg"}],"author":"Covasna45","twitter_card":"summary_large_image","twitter_misc":{"Scris de":"Covasna45","Timp estimat pentru citire":"4 minute"},"schema":{"@context":"https:\/\/schema.org","@graph":[{"@type":"Article","@id":"https:\/\/covasna45.ro\/index.php\/lumea-noastra\/salvati-copiii-procent-mare-al-minorilor-romani-afectati-de-saracie\/#article","isPartOf":{"@id":"https:\/\/covasna45.ro\/index.php\/lumea-noastra\/salvati-copiii-procent-mare-al-minorilor-romani-afectati-de-saracie\/"},"author":{"name":"Covasna45","@id":"https:\/\/covasna45.ro\/#\/schema\/person\/e674052bd7d95d70bbb007a1060ab73c"},"headline":"Salva\u021bi copiii: Procent mare al minorilor rom\u00e2ni afecta\u0163i de s\u0103r\u0103cie","datePublished":"2026-03-11T14:46:38+00:00","dateModified":"2026-03-11T14:46:39+00:00","mainEntityOfPage":{"@id":"https:\/\/covasna45.ro\/index.php\/lumea-noastra\/salvati-copiii-procent-mare-al-minorilor-romani-afectati-de-saracie\/"},"wordCount":686,"commentCount":0,"publisher":{"@id":"https:\/\/covasna45.ro\/#organization"},"image":{"@id":"https:\/\/covasna45.ro\/index.php\/lumea-noastra\/salvati-copiii-procent-mare-al-minorilor-romani-afectati-de-saracie\/#primaryimage"},"thumbnailUrl":"https:\/\/covasna45.ro\/wp-content\/uploads\/2026\/03\/salv-copii.jpg","keywords":["educatie","salvati copiii","saracie"],"articleSection":["Lumea noastr\u0103"],"inLanguage":"ro-RO","potentialAction":[{"@type":"CommentAction","name":"Comment","target":["https:\/\/covasna45.ro\/index.php\/lumea-noastra\/salvati-copiii-procent-mare-al-minorilor-romani-afectati-de-saracie\/#respond"]}]},{"@type":"WebPage","@id":"https:\/\/covasna45.ro\/index.php\/lumea-noastra\/salvati-copiii-procent-mare-al-minorilor-romani-afectati-de-saracie\/","url":"https:\/\/covasna45.ro\/index.php\/lumea-noastra\/salvati-copiii-procent-mare-al-minorilor-romani-afectati-de-saracie\/","name":"Salva\u021bi copiii: Procent mare al minorilor rom\u00e2ni afecta\u0163i de s\u0103r\u0103cie - Covasna45","isPartOf":{"@id":"https:\/\/covasna45.ro\/#website"},"primaryImageOfPage":{"@id":"https:\/\/covasna45.ro\/index.php\/lumea-noastra\/salvati-copiii-procent-mare-al-minorilor-romani-afectati-de-saracie\/#primaryimage"},"image":{"@id":"https:\/\/covasna45.ro\/index.php\/lumea-noastra\/salvati-copiii-procent-mare-al-minorilor-romani-afectati-de-saracie\/#primaryimage"},"thumbnailUrl":"https:\/\/covasna45.ro\/wp-content\/uploads\/2026\/03\/salv-copii.jpg","datePublished":"2026-03-11T14:46:38+00:00","dateModified":"2026-03-11T14:46:39+00:00","description":"Salva\u0163i Copiii Rom\u00e2nia solicit\u0103 autorit\u0103\u0163ilor centrale \u015fi locale adoptarea unor m\u0103suri sistemice pentru minori.","breadcrumb":{"@id":"https:\/\/covasna45.ro\/index.php\/lumea-noastra\/salvati-copiii-procent-mare-al-minorilor-romani-afectati-de-saracie\/#breadcrumb"},"inLanguage":"ro-RO","potentialAction":[{"@type":"ReadAction","target":["https:\/\/covasna45.ro\/index.php\/lumea-noastra\/salvati-copiii-procent-mare-al-minorilor-romani-afectati-de-saracie\/"]}]},{"@type":"ImageObject","inLanguage":"ro-RO","@id":"https:\/\/covasna45.ro\/index.php\/lumea-noastra\/salvati-copiii-procent-mare-al-minorilor-romani-afectati-de-saracie\/#primaryimage","url":"https:\/\/covasna45.ro\/wp-content\/uploads\/2026\/03\/salv-copii.jpg","contentUrl":"https:\/\/covasna45.ro\/wp-content\/uploads\/2026\/03\/salv-copii.jpg","width":1600,"height":1064},{"@type":"BreadcrumbList","@id":"https:\/\/covasna45.ro\/index.php\/lumea-noastra\/salvati-copiii-procent-mare-al-minorilor-romani-afectati-de-saracie\/#breadcrumb","itemListElement":[{"@type":"ListItem","position":1,"name":"Prima pagin\u0103","item":"https:\/\/covasna45.ro\/"},{"@type":"ListItem","position":2,"name":"Salva\u021bi copiii: Procent mare al minorilor rom\u00e2ni afecta\u0163i de s\u0103r\u0103cie"}]},{"@type":"WebSite","@id":"https:\/\/covasna45.ro\/#website","url":"https:\/\/covasna45.ro\/","name":"covasna45.ro","description":"","publisher":{"@id":"https:\/\/covasna45.ro\/#organization"},"potentialAction":[{"@type":"SearchAction","target":{"@type":"EntryPoint","urlTemplate":"https:\/\/covasna45.ro\/?s={search_term_string}"},"query-input":{"@type":"PropertyValueSpecification","valueRequired":true,"valueName":"search_term_string"}}],"inLanguage":"ro-RO"},{"@type":"Organization","@id":"https:\/\/covasna45.ro\/#organization","name":"covasna45.ro","url":"https:\/\/covasna45.ro\/","logo":{"@type":"ImageObject","inLanguage":"ro-RO","@id":"https:\/\/covasna45.ro\/#\/schema\/logo\/image\/","url":"https:\/\/covasna45.ro\/wp-content\/uploads\/2023\/01\/icon_logo.png","contentUrl":"https:\/\/covasna45.ro\/wp-content\/uploads\/2023\/01\/icon_logo.png","width":1900,"height":1900,"caption":"covasna45.ro"},"image":{"@id":"https:\/\/covasna45.ro\/#\/schema\/logo\/image\/"}},{"@type":"Person","@id":"https:\/\/covasna45.ro\/#\/schema\/person\/e674052bd7d95d70bbb007a1060ab73c","name":"Covasna45","image":{"@type":"ImageObject","inLanguage":"ro-RO","@id":"https:\/\/covasna45.ro\/wp-content\/uploads\/2025\/10\/icon_logo_covasna45-150x150.png","url":"https:\/\/covasna45.ro\/wp-content\/uploads\/2025\/10\/icon_logo_covasna45-150x150.png","contentUrl":"https:\/\/covasna45.ro\/wp-content\/uploads\/2025\/10\/icon_logo_covasna45-150x150.png","caption":"Covasna45"},"sameAs":["https:\/\/covasna45.ro"],"url":"https:\/\/covasna45.ro\/index.php\/author\/covasna\/"}]}},"_links":{"self":[{"href":"https:\/\/covasna45.ro\/index.php\/wp-json\/wp\/v2\/posts\/15404","targetHints":{"allow":["GET"]}}],"collection":[{"href":"https:\/\/covasna45.ro\/index.php\/wp-json\/wp\/v2\/posts"}],"about":[{"href":"https:\/\/covasna45.ro\/index.php\/wp-json\/wp\/v2\/types\/post"}],"author":[{"embeddable":true,"href":"https:\/\/covasna45.ro\/index.php\/wp-json\/wp\/v2\/users\/1"}],"replies":[{"embeddable":true,"href":"https:\/\/covasna45.ro\/index.php\/wp-json\/wp\/v2\/comments?post=15404"}],"version-history":[{"count":2,"href":"https:\/\/covasna45.ro\/index.php\/wp-json\/wp\/v2\/posts\/15404\/revisions"}],"predecessor-version":[{"id":15407,"href":"https:\/\/covasna45.ro\/index.php\/wp-json\/wp\/v2\/posts\/15404\/revisions\/15407"}],"wp:featuredmedia":[{"embeddable":true,"href":"https:\/\/covasna45.ro\/index.php\/wp-json\/wp\/v2\/media\/15406"}],"wp:attachment":[{"href":"https:\/\/covasna45.ro\/index.php\/wp-json\/wp\/v2\/media?parent=15404"}],"wp:term":[{"taxonomy":"category","embeddable":true,"href":"https:\/\/covasna45.ro\/index.php\/wp-json\/wp\/v2\/categories?post=15404"},{"taxonomy":"post_tag","embeddable":true,"href":"https:\/\/covasna45.ro\/index.php\/wp-json\/wp\/v2\/tags?post=15404"}],"curies":[{"name":"wp","href":"https:\/\/api.w.org\/{rel}","templated":true}]}}