{"id":15408,"date":"2026-03-11T16:57:47","date_gmt":"2026-03-11T14:57:47","guid":{"rendered":"https:\/\/covasna45.ro\/?p=15408"},"modified":"2026-03-11T16:57:48","modified_gmt":"2026-03-11T14:57:48","slug":"vot-in-parlament-pentru-dislocarea-in-romania-a-unor-echipamente-militare-americane","status":"publish","type":"post","link":"https:\/\/covasna45.ro\/index.php\/lumea-noastra\/vot-in-parlament-pentru-dislocarea-in-romania-a-unor-echipamente-militare-americane\/","title":{"rendered":"Vot \u00een Parlament pentru dislocarea \u00een Rom\u00e2nia a unor echipamente militare americane"},"content":{"rendered":"\n<p>Senatul \u0219i Camera Deputa\u021bilor se vor reuni at\u0103zi la ora 17:00, \u00een \u0219edin\u021b\u0103 comun\u0103, pentru a se pronun\u021ba asupra scrisorii pre\u0219edintelui Nicu\u0219or Dan referitoare la dislocarea temporar\u0103 \u00een Rom\u00e2nia a unor echipamente \u0219i for\u021be militare americane.<\/p>\n\n\n\n<p>Potrivit <a href=\"https:\/\/agerpres.ro\/viata-parlamentara\/2026\/03\/11\/parlament-sedinta-comuna-a-camerei-deputatilor-si-senatului---la-ora-17-00--1536233\">Agerpres<\/a>, pre\u0219edintele Nicu\u0219or Dan a trimis o scrisoare privind \u00eencuviin\u021barea de c\u0103tre Parlament, \u00een temeiul art. 4 alin. (2) din Legea nr. 291\/2007, republicat\u0103, cu modific\u0103rile \u0219i complet\u0103rile ulterioare, a unor solicit\u0103ri ale prim-ministrului Rom\u00e2niei, dup\u0103 consultarea Consiliului Suprem de Ap\u0103rare a \u021a\u0103rii \u00een data de 11 martie 2026.<\/p>\n\n\n\n<p>De asemenea, pre\u0219edintele Nicu\u0219or Dan a trimis Parlamentului \u0219i dou\u0103 inform\u0103ri referitoare la aprobarea for\u021belor \u0219i mijloacelor Ministerului Afacerilor Interne care sunt trimise la misiuni \u0219i opera\u021bii \u00een afara teritoriului na\u021bional \u00een anul 2026 \u0219i, respectiv, la aprobarea intr\u0103rii \u0219i sta\u021bion\u0103rii \u00een Rom\u00e2nia a For\u021bei de reac\u021bie NATO (Allied Reaction Force\/ARF) sau tranzitarea teritoriului na\u021bional de c\u0103tre aceasta, \u00een scopul preg\u0103tirii \u0219i\/sau desf\u0103\u0219ur\u0103rii de opera\u021bii militare, dac\u0103 va fi cazul, \u00een anul 2026, precum \u0219i mandatarea ministrului Ap\u0103r\u0103rii Na\u021bionale pentru a aproba eventualele modific\u0103ri \u00een structura\/compunerea ARF, care vor putea surveni \u00een raport cu datele de planificare transmise de NATO pentru anul 2026.<\/p>\n\n\n\n<h2 class=\"wp-block-heading\">Comisiile de ap\u0103rare de la Camer\u0103 \u0219i Senat s-au reunit azi \u00een \u0219edin\u021b\u0103, \u00eenainte de plenul Parlamentului, pentru a se pronun\u021ba \u00een cazul documentelor transmise de \u0219eful statului.<\/h2>\n\n\n\n<p>Consiliul Suprem de Ap\u0103rare a \u021a\u0103rii a discutat \u00een \u0219edin\u021ba de azi despre dislocarea temporar\u0103 \u00een Rom\u00e2nia a unor echipamente \u0219i for\u021be militare americane, \u00een contextul crizei din Orientul Mijlociu, o solicitare \u00een acest sens fiind transmis\u0103 Parlamentului pentru a fi supus\u0103 aprob\u0103rii.<\/p>\n\n\n\n<p>\u201e<strong>E vorba de avioane de realimentare, (&#8230;) echipamente de monitorizare \u0219i echipamente de comunica\u021bii satelitare, acestea din urm\u0103 \u00een corelare cu scutul de la Deveselu. Subliniez faptul c\u0103 aceste echipamente sunt defensive \u0219i subliniez faptul c\u0103 ele nu sunt \u00eenzestrate cu armament propriu-zis, \u00een termeni tehnici se spune c\u0103 ele sunt echipamente non-cinetice. <\/strong><\/p>\n\n\n\n<p><strong>Ele vor fi, \u00een m\u0103sura \u00een care Parlamentul aprob\u0103 \u00een \u0219edin\u021ba care urmeaz\u0103 s\u0103 aib\u0103 loc azi, vor fi dislocate \u00een baza Acordului de parteneriat dintre Rom\u00e2nia \u0219i Statele Unite ale Americii. <\/strong><\/p>\n\n\n\n<p><strong>A\u0219a cum am spus, pentru ca aceste echipamente \u0219i aceste for\u021be militare s\u0103 ajung\u0103 \u00een Rom\u00e2nia, este nevoie de votul Parlamentului, deci urmare a \u0219edin\u021bei CSAT am trimis o scrisoare Parlamentului \u0219i o s\u0103 avem o dezbatere \u00een Parlament \u00een aceast\u0103 dup\u0103-amiaz\u0103<\/strong>\u201d, a anun\u021bat pre\u0219edintele Nicu\u0219or Dan, \u00eentr-o declara\u021bie de pres\u0103 sus\u021binut\u0103 la Palatul Cotroceni, dup\u0103 \u0219edin\u021ba <a href=\"https:\/\/covasna45.ro\/index.php\/lumea-noastra\/sedinta-csat-pe-tema-situatiei-din-orientul-mijlociu\/\">CSAT<\/a>.<\/p>\n\n\n\n<p>El a explicat c\u0103 aceast\u0103 colaborare cu SUA, din aceste zile, este similar\u0103 cu o colaborare pe care alte \u021b\u0103ri NATO o fac. \u0218eful statului a dat asigur\u0103ri c\u0103 aceste echipamente sporesc securitatea Rom\u00e2niei.<\/p>\n\n\n\n<p>\u201e<strong>\u00cei asigur pe rom\u00e2ni c\u0103 nu au motive de \u00eengrijorare, \u021bara lor este o \u021bar\u0103 sigur\u0103, ba chiar mai sigur\u0103<\/strong>\u201d, a declarat Nicu\u0219or Dan.<\/p>\n","protected":false},"excerpt":{"rendered":"<p>Senatul \u0219i Camera Deputa\u021bilor se vor reuni at\u0103zi la ora 17:00, \u00een \u0219edin\u021b\u0103 comun\u0103, pentru a se pronun\u021ba asupra scrisorii pre\u0219edintelui Nicu\u0219or Dan referitoare la dislocarea temporar\u0103 \u00een Rom\u00e2nia a unor echipamente \u0219i for\u021be militare americane. Potrivit Agerpres, pre\u0219edintele Nicu\u0219or Dan a trimis o scrisoare privind \u00eencuviin\u021barea de c\u0103tre Parlament, \u00een temeiul art. 4 alin. [&hellip;]<\/p>\n","protected":false},"author":1,"featured_media":4025,"comment_status":"open","ping_status":"closed","sticky":false,"template":"","format":"standard","meta":{"tdm_status":"","tdm_grid_status":"","footnotes":""},"categories":[14],"tags":[2525,4567,72],"class_list":{"0":"post-15408","1":"post","2":"type-post","3":"status-publish","4":"format-standard","5":"has-post-thumbnail","7":"category-lumea-noastra","8":"tag-csat","9":"tag-orientul-mijlociu","10":"tag-parlament"},"yoast_head":"<!-- This site is optimized with the Yoast SEO plugin v27.5 - https:\/\/yoast.com\/product\/yoast-seo-wordpress\/ -->\n<title>Vot \u00een Parlament pentru dislocarea \u00een Rom\u00e2nia a unor echipamente militare americane - Covasna45<\/title>\n<meta name=\"description\" content=\"CSAT a discutat \u00een \u0219edin\u021ba de azi despre dislocarea temporar\u0103 \u00een Rom\u00e2nia a unor echipamente \u0219i for\u021be militare americane.\" \/>\n<meta name=\"robots\" content=\"index, follow, max-snippet:-1, max-image-preview:large, max-video-preview:-1\" \/>\n<link rel=\"canonical\" href=\"https:\/\/covasna45.ro\/index.php\/lumea-noastra\/vot-in-parlament-pentru-dislocarea-in-romania-a-unor-echipamente-militare-americane\/\" \/>\n<meta property=\"og:locale\" content=\"ro_RO\" \/>\n<meta property=\"og:type\" content=\"article\" \/>\n<meta property=\"og:title\" content=\"Vot \u00een Parlament pentru dislocarea \u00een Rom\u00e2nia a unor echipamente militare americane - Covasna45\" \/>\n<meta property=\"og:description\" content=\"CSAT a discutat \u00een \u0219edin\u021ba de azi despre dislocarea temporar\u0103 \u00een Rom\u00e2nia a unor echipamente \u0219i for\u021be militare americane.\" \/>\n<meta property=\"og:url\" content=\"https:\/\/covasna45.ro\/index.php\/lumea-noastra\/vot-in-parlament-pentru-dislocarea-in-romania-a-unor-echipamente-militare-americane\/\" \/>\n<meta property=\"og:site_name\" content=\"Covasna45\" \/>\n<meta property=\"article:published_time\" content=\"2026-03-11T14:57:47+00:00\" \/>\n<meta property=\"article:modified_time\" content=\"2026-03-11T14:57:48+00:00\" \/>\n<meta property=\"og:image\" content=\"https:\/\/covasna45.ro\/wp-content\/uploads\/2023\/11\/parlamentari.jpg\" \/>\n\t<meta property=\"og:image:width\" content=\"1408\" \/>\n\t<meta property=\"og:image:height\" content=\"882\" \/>\n\t<meta property=\"og:image:type\" content=\"image\/jpeg\" \/>\n<meta name=\"author\" content=\"Covasna45\" \/>\n<meta name=\"twitter:card\" content=\"summary_large_image\" \/>\n<meta name=\"twitter:label1\" content=\"Scris de\" \/>\n\t<meta name=\"twitter:data1\" content=\"Covasna45\" \/>\n\t<meta name=\"twitter:label2\" content=\"Timp estimat pentru citire\" \/>\n\t<meta name=\"twitter:data2\" content=\"3 minute\" \/>\n<script type=\"application\/ld+json\" class=\"yoast-schema-graph\">{\"@context\":\"https:\\\/\\\/schema.org\",\"@graph\":[{\"@type\":\"Article\",\"@id\":\"https:\\\/\\\/covasna45.ro\\\/index.php\\\/lumea-noastra\\\/vot-in-parlament-pentru-dislocarea-in-romania-a-unor-echipamente-militare-americane\\\/#article\",\"isPartOf\":{\"@id\":\"https:\\\/\\\/covasna45.ro\\\/index.php\\\/lumea-noastra\\\/vot-in-parlament-pentru-dislocarea-in-romania-a-unor-echipamente-militare-americane\\\/\"},\"author\":{\"name\":\"Covasna45\",\"@id\":\"https:\\\/\\\/covasna45.ro\\\/#\\\/schema\\\/person\\\/e674052bd7d95d70bbb007a1060ab73c\"},\"headline\":\"Vot \u00een Parlament pentru dislocarea \u00een Rom\u00e2nia a unor echipamente militare americane\",\"datePublished\":\"2026-03-11T14:57:47+00:00\",\"dateModified\":\"2026-03-11T14:57:48+00:00\",\"mainEntityOfPage\":{\"@id\":\"https:\\\/\\\/covasna45.ro\\\/index.php\\\/lumea-noastra\\\/vot-in-parlament-pentru-dislocarea-in-romania-a-unor-echipamente-militare-americane\\\/\"},\"wordCount\":531,\"commentCount\":0,\"publisher\":{\"@id\":\"https:\\\/\\\/covasna45.ro\\\/#organization\"},\"image\":{\"@id\":\"https:\\\/\\\/covasna45.ro\\\/index.php\\\/lumea-noastra\\\/vot-in-parlament-pentru-dislocarea-in-romania-a-unor-echipamente-militare-americane\\\/#primaryimage\"},\"thumbnailUrl\":\"https:\\\/\\\/covasna45.ro\\\/wp-content\\\/uploads\\\/2023\\\/11\\\/parlamentari.jpg\",\"keywords\":[\"CSAT\",\"Orientul Mijlociu\",\"Parlament\"],\"articleSection\":[\"Lumea noastr\u0103\"],\"inLanguage\":\"ro-RO\",\"potentialAction\":[{\"@type\":\"CommentAction\",\"name\":\"Comment\",\"target\":[\"https:\\\/\\\/covasna45.ro\\\/index.php\\\/lumea-noastra\\\/vot-in-parlament-pentru-dislocarea-in-romania-a-unor-echipamente-militare-americane\\\/#respond\"]}]},{\"@type\":\"WebPage\",\"@id\":\"https:\\\/\\\/covasna45.ro\\\/index.php\\\/lumea-noastra\\\/vot-in-parlament-pentru-dislocarea-in-romania-a-unor-echipamente-militare-americane\\\/\",\"url\":\"https:\\\/\\\/covasna45.ro\\\/index.php\\\/lumea-noastra\\\/vot-in-parlament-pentru-dislocarea-in-romania-a-unor-echipamente-militare-americane\\\/\",\"name\":\"Vot \u00een Parlament pentru dislocarea \u00een Rom\u00e2nia a unor echipamente militare americane - Covasna45\",\"isPartOf\":{\"@id\":\"https:\\\/\\\/covasna45.ro\\\/#website\"},\"primaryImageOfPage\":{\"@id\":\"https:\\\/\\\/covasna45.ro\\\/index.php\\\/lumea-noastra\\\/vot-in-parlament-pentru-dislocarea-in-romania-a-unor-echipamente-militare-americane\\\/#primaryimage\"},\"image\":{\"@id\":\"https:\\\/\\\/covasna45.ro\\\/index.php\\\/lumea-noastra\\\/vot-in-parlament-pentru-dislocarea-in-romania-a-unor-echipamente-militare-americane\\\/#primaryimage\"},\"thumbnailUrl\":\"https:\\\/\\\/covasna45.ro\\\/wp-content\\\/uploads\\\/2023\\\/11\\\/parlamentari.jpg\",\"datePublished\":\"2026-03-11T14:57:47+00:00\",\"dateModified\":\"2026-03-11T14:57:48+00:00\",\"description\":\"CSAT a discutat \u00een \u0219edin\u021ba de azi despre dislocarea temporar\u0103 \u00een Rom\u00e2nia a unor echipamente \u0219i for\u021be militare americane.\",\"breadcrumb\":{\"@id\":\"https:\\\/\\\/covasna45.ro\\\/index.php\\\/lumea-noastra\\\/vot-in-parlament-pentru-dislocarea-in-romania-a-unor-echipamente-militare-americane\\\/#breadcrumb\"},\"inLanguage\":\"ro-RO\",\"potentialAction\":[{\"@type\":\"ReadAction\",\"target\":[\"https:\\\/\\\/covasna45.ro\\\/index.php\\\/lumea-noastra\\\/vot-in-parlament-pentru-dislocarea-in-romania-a-unor-echipamente-militare-americane\\\/\"]}]},{\"@type\":\"ImageObject\",\"inLanguage\":\"ro-RO\",\"@id\":\"https:\\\/\\\/covasna45.ro\\\/index.php\\\/lumea-noastra\\\/vot-in-parlament-pentru-dislocarea-in-romania-a-unor-echipamente-militare-americane\\\/#primaryimage\",\"url\":\"https:\\\/\\\/covasna45.ro\\\/wp-content\\\/uploads\\\/2023\\\/11\\\/parlamentari.jpg\",\"contentUrl\":\"https:\\\/\\\/covasna45.ro\\\/wp-content\\\/uploads\\\/2023\\\/11\\\/parlamentari.jpg\",\"width\":1408,\"height\":882},{\"@type\":\"BreadcrumbList\",\"@id\":\"https:\\\/\\\/covasna45.ro\\\/index.php\\\/lumea-noastra\\\/vot-in-parlament-pentru-dislocarea-in-romania-a-unor-echipamente-militare-americane\\\/#breadcrumb\",\"itemListElement\":[{\"@type\":\"ListItem\",\"position\":1,\"name\":\"Prima pagin\u0103\",\"item\":\"https:\\\/\\\/covasna45.ro\\\/\"},{\"@type\":\"ListItem\",\"position\":2,\"name\":\"Vot \u00een Parlament pentru dislocarea \u00een Rom\u00e2nia a unor echipamente militare americane\"}]},{\"@type\":\"WebSite\",\"@id\":\"https:\\\/\\\/covasna45.ro\\\/#website\",\"url\":\"https:\\\/\\\/covasna45.ro\\\/\",\"name\":\"covasna45.ro\",\"description\":\"\",\"publisher\":{\"@id\":\"https:\\\/\\\/covasna45.ro\\\/#organization\"},\"potentialAction\":[{\"@type\":\"SearchAction\",\"target\":{\"@type\":\"EntryPoint\",\"urlTemplate\":\"https:\\\/\\\/covasna45.ro\\\/?s={search_term_string}\"},\"query-input\":{\"@type\":\"PropertyValueSpecification\",\"valueRequired\":true,\"valueName\":\"search_term_string\"}}],\"inLanguage\":\"ro-RO\"},{\"@type\":\"Organization\",\"@id\":\"https:\\\/\\\/covasna45.ro\\\/#organization\",\"name\":\"covasna45.ro\",\"url\":\"https:\\\/\\\/covasna45.ro\\\/\",\"logo\":{\"@type\":\"ImageObject\",\"inLanguage\":\"ro-RO\",\"@id\":\"https:\\\/\\\/covasna45.ro\\\/#\\\/schema\\\/logo\\\/image\\\/\",\"url\":\"https:\\\/\\\/covasna45.ro\\\/wp-content\\\/uploads\\\/2023\\\/01\\\/icon_logo.png\",\"contentUrl\":\"https:\\\/\\\/covasna45.ro\\\/wp-content\\\/uploads\\\/2023\\\/01\\\/icon_logo.png\",\"width\":1900,\"height\":1900,\"caption\":\"covasna45.ro\"},\"image\":{\"@id\":\"https:\\\/\\\/covasna45.ro\\\/#\\\/schema\\\/logo\\\/image\\\/\"}},{\"@type\":\"Person\",\"@id\":\"https:\\\/\\\/covasna45.ro\\\/#\\\/schema\\\/person\\\/e674052bd7d95d70bbb007a1060ab73c\",\"name\":\"Covasna45\",\"image\":{\"@type\":\"ImageObject\",\"inLanguage\":\"ro-RO\",\"@id\":\"https:\\\/\\\/covasna45.ro\\\/wp-content\\\/uploads\\\/2025\\\/10\\\/icon_logo_covasna45-150x150.png\",\"url\":\"https:\\\/\\\/covasna45.ro\\\/wp-content\\\/uploads\\\/2025\\\/10\\\/icon_logo_covasna45-150x150.png\",\"contentUrl\":\"https:\\\/\\\/covasna45.ro\\\/wp-content\\\/uploads\\\/2025\\\/10\\\/icon_logo_covasna45-150x150.png\",\"caption\":\"Covasna45\"},\"sameAs\":[\"https:\\\/\\\/covasna45.ro\"],\"url\":\"https:\\\/\\\/covasna45.ro\\\/index.php\\\/author\\\/covasna\\\/\"}]}<\/script>\n<!-- \/ Yoast SEO plugin. -->","yoast_head_json":{"title":"Vot \u00een Parlament pentru dislocarea \u00een Rom\u00e2nia a unor echipamente militare americane - Covasna45","description":"CSAT a discutat \u00een \u0219edin\u021ba de azi despre dislocarea temporar\u0103 \u00een Rom\u00e2nia a unor echipamente \u0219i for\u021be militare americane.","robots":{"index":"index","follow":"follow","max-snippet":"max-snippet:-1","max-image-preview":"max-image-preview:large","max-video-preview":"max-video-preview:-1"},"canonical":"https:\/\/covasna45.ro\/index.php\/lumea-noastra\/vot-in-parlament-pentru-dislocarea-in-romania-a-unor-echipamente-militare-americane\/","og_locale":"ro_RO","og_type":"article","og_title":"Vot \u00een Parlament pentru dislocarea \u00een Rom\u00e2nia a unor echipamente militare americane - Covasna45","og_description":"CSAT a discutat \u00een \u0219edin\u021ba de azi despre dislocarea temporar\u0103 \u00een Rom\u00e2nia a unor echipamente \u0219i for\u021be militare americane.","og_url":"https:\/\/covasna45.ro\/index.php\/lumea-noastra\/vot-in-parlament-pentru-dislocarea-in-romania-a-unor-echipamente-militare-americane\/","og_site_name":"Covasna45","article_published_time":"2026-03-11T14:57:47+00:00","article_modified_time":"2026-03-11T14:57:48+00:00","og_image":[{"width":1408,"height":882,"url":"https:\/\/covasna45.ro\/wp-content\/uploads\/2023\/11\/parlamentari.jpg","type":"image\/jpeg"}],"author":"Covasna45","twitter_card":"summary_large_image","twitter_misc":{"Scris de":"Covasna45","Timp estimat pentru citire":"3 minute"},"schema":{"@context":"https:\/\/schema.org","@graph":[{"@type":"Article","@id":"https:\/\/covasna45.ro\/index.php\/lumea-noastra\/vot-in-parlament-pentru-dislocarea-in-romania-a-unor-echipamente-militare-americane\/#article","isPartOf":{"@id":"https:\/\/covasna45.ro\/index.php\/lumea-noastra\/vot-in-parlament-pentru-dislocarea-in-romania-a-unor-echipamente-militare-americane\/"},"author":{"name":"Covasna45","@id":"https:\/\/covasna45.ro\/#\/schema\/person\/e674052bd7d95d70bbb007a1060ab73c"},"headline":"Vot \u00een Parlament pentru dislocarea \u00een Rom\u00e2nia a unor echipamente militare americane","datePublished":"2026-03-11T14:57:47+00:00","dateModified":"2026-03-11T14:57:48+00:00","mainEntityOfPage":{"@id":"https:\/\/covasna45.ro\/index.php\/lumea-noastra\/vot-in-parlament-pentru-dislocarea-in-romania-a-unor-echipamente-militare-americane\/"},"wordCount":531,"commentCount":0,"publisher":{"@id":"https:\/\/covasna45.ro\/#organization"},"image":{"@id":"https:\/\/covasna45.ro\/index.php\/lumea-noastra\/vot-in-parlament-pentru-dislocarea-in-romania-a-unor-echipamente-militare-americane\/#primaryimage"},"thumbnailUrl":"https:\/\/covasna45.ro\/wp-content\/uploads\/2023\/11\/parlamentari.jpg","keywords":["CSAT","Orientul Mijlociu","Parlament"],"articleSection":["Lumea noastr\u0103"],"inLanguage":"ro-RO","potentialAction":[{"@type":"CommentAction","name":"Comment","target":["https:\/\/covasna45.ro\/index.php\/lumea-noastra\/vot-in-parlament-pentru-dislocarea-in-romania-a-unor-echipamente-militare-americane\/#respond"]}]},{"@type":"WebPage","@id":"https:\/\/covasna45.ro\/index.php\/lumea-noastra\/vot-in-parlament-pentru-dislocarea-in-romania-a-unor-echipamente-militare-americane\/","url":"https:\/\/covasna45.ro\/index.php\/lumea-noastra\/vot-in-parlament-pentru-dislocarea-in-romania-a-unor-echipamente-militare-americane\/","name":"Vot \u00een Parlament pentru dislocarea \u00een Rom\u00e2nia a unor echipamente militare americane - Covasna45","isPartOf":{"@id":"https:\/\/covasna45.ro\/#website"},"primaryImageOfPage":{"@id":"https:\/\/covasna45.ro\/index.php\/lumea-noastra\/vot-in-parlament-pentru-dislocarea-in-romania-a-unor-echipamente-militare-americane\/#primaryimage"},"image":{"@id":"https:\/\/covasna45.ro\/index.php\/lumea-noastra\/vot-in-parlament-pentru-dislocarea-in-romania-a-unor-echipamente-militare-americane\/#primaryimage"},"thumbnailUrl":"https:\/\/covasna45.ro\/wp-content\/uploads\/2023\/11\/parlamentari.jpg","datePublished":"2026-03-11T14:57:47+00:00","dateModified":"2026-03-11T14:57:48+00:00","description":"CSAT a discutat \u00een \u0219edin\u021ba de azi despre dislocarea temporar\u0103 \u00een Rom\u00e2nia a unor echipamente \u0219i for\u021be militare americane.","breadcrumb":{"@id":"https:\/\/covasna45.ro\/index.php\/lumea-noastra\/vot-in-parlament-pentru-dislocarea-in-romania-a-unor-echipamente-militare-americane\/#breadcrumb"},"inLanguage":"ro-RO","potentialAction":[{"@type":"ReadAction","target":["https:\/\/covasna45.ro\/index.php\/lumea-noastra\/vot-in-parlament-pentru-dislocarea-in-romania-a-unor-echipamente-militare-americane\/"]}]},{"@type":"ImageObject","inLanguage":"ro-RO","@id":"https:\/\/covasna45.ro\/index.php\/lumea-noastra\/vot-in-parlament-pentru-dislocarea-in-romania-a-unor-echipamente-militare-americane\/#primaryimage","url":"https:\/\/covasna45.ro\/wp-content\/uploads\/2023\/11\/parlamentari.jpg","contentUrl":"https:\/\/covasna45.ro\/wp-content\/uploads\/2023\/11\/parlamentari.jpg","width":1408,"height":882},{"@type":"BreadcrumbList","@id":"https:\/\/covasna45.ro\/index.php\/lumea-noastra\/vot-in-parlament-pentru-dislocarea-in-romania-a-unor-echipamente-militare-americane\/#breadcrumb","itemListElement":[{"@type":"ListItem","position":1,"name":"Prima pagin\u0103","item":"https:\/\/covasna45.ro\/"},{"@type":"ListItem","position":2,"name":"Vot \u00een Parlament pentru dislocarea \u00een Rom\u00e2nia a unor echipamente militare americane"}]},{"@type":"WebSite","@id":"https:\/\/covasna45.ro\/#website","url":"https:\/\/covasna45.ro\/","name":"covasna45.ro","description":"","publisher":{"@id":"https:\/\/covasna45.ro\/#organization"},"potentialAction":[{"@type":"SearchAction","target":{"@type":"EntryPoint","urlTemplate":"https:\/\/covasna45.ro\/?s={search_term_string}"},"query-input":{"@type":"PropertyValueSpecification","valueRequired":true,"valueName":"search_term_string"}}],"inLanguage":"ro-RO"},{"@type":"Organization","@id":"https:\/\/covasna45.ro\/#organization","name":"covasna45.ro","url":"https:\/\/covasna45.ro\/","logo":{"@type":"ImageObject","inLanguage":"ro-RO","@id":"https:\/\/covasna45.ro\/#\/schema\/logo\/image\/","url":"https:\/\/covasna45.ro\/wp-content\/uploads\/2023\/01\/icon_logo.png","contentUrl":"https:\/\/covasna45.ro\/wp-content\/uploads\/2023\/01\/icon_logo.png","width":1900,"height":1900,"caption":"covasna45.ro"},"image":{"@id":"https:\/\/covasna45.ro\/#\/schema\/logo\/image\/"}},{"@type":"Person","@id":"https:\/\/covasna45.ro\/#\/schema\/person\/e674052bd7d95d70bbb007a1060ab73c","name":"Covasna45","image":{"@type":"ImageObject","inLanguage":"ro-RO","@id":"https:\/\/covasna45.ro\/wp-content\/uploads\/2025\/10\/icon_logo_covasna45-150x150.png","url":"https:\/\/covasna45.ro\/wp-content\/uploads\/2025\/10\/icon_logo_covasna45-150x150.png","contentUrl":"https:\/\/covasna45.ro\/wp-content\/uploads\/2025\/10\/icon_logo_covasna45-150x150.png","caption":"Covasna45"},"sameAs":["https:\/\/covasna45.ro"],"url":"https:\/\/covasna45.ro\/index.php\/author\/covasna\/"}]}},"_links":{"self":[{"href":"https:\/\/covasna45.ro\/index.php\/wp-json\/wp\/v2\/posts\/15408","targetHints":{"allow":["GET"]}}],"collection":[{"href":"https:\/\/covasna45.ro\/index.php\/wp-json\/wp\/v2\/posts"}],"about":[{"href":"https:\/\/covasna45.ro\/index.php\/wp-json\/wp\/v2\/types\/post"}],"author":[{"embeddable":true,"href":"https:\/\/covasna45.ro\/index.php\/wp-json\/wp\/v2\/users\/1"}],"replies":[{"embeddable":true,"href":"https:\/\/covasna45.ro\/index.php\/wp-json\/wp\/v2\/comments?post=15408"}],"version-history":[{"count":1,"href":"https:\/\/covasna45.ro\/index.php\/wp-json\/wp\/v2\/posts\/15408\/revisions"}],"predecessor-version":[{"id":15409,"href":"https:\/\/covasna45.ro\/index.php\/wp-json\/wp\/v2\/posts\/15408\/revisions\/15409"}],"wp:featuredmedia":[{"embeddable":true,"href":"https:\/\/covasna45.ro\/index.php\/wp-json\/wp\/v2\/media\/4025"}],"wp:attachment":[{"href":"https:\/\/covasna45.ro\/index.php\/wp-json\/wp\/v2\/media?parent=15408"}],"wp:term":[{"taxonomy":"category","embeddable":true,"href":"https:\/\/covasna45.ro\/index.php\/wp-json\/wp\/v2\/categories?post=15408"},{"taxonomy":"post_tag","embeddable":true,"href":"https:\/\/covasna45.ro\/index.php\/wp-json\/wp\/v2\/tags?post=15408"}],"curies":[{"name":"wp","href":"https:\/\/api.w.org\/{rel}","templated":true}]}}