{"id":15410,"date":"2026-03-12T08:06:00","date_gmt":"2026-03-12T06:06:00","guid":{"rendered":"https:\/\/covasna45.ro\/?p=15410"},"modified":"2026-03-12T08:34:14","modified_gmt":"2026-03-12T06:34:14","slug":"presedintele-ucrainei-face-azi-o-vizita-oficiala-in-romania","status":"publish","type":"post","link":"https:\/\/covasna45.ro\/index.php\/lumea-noastra\/presedintele-ucrainei-face-azi-o-vizita-oficiala-in-romania\/","title":{"rendered":"Pre\u0219edintele Ucrainei face azi o vizit\u0103 oficial\u0103 \u00een Rom\u00e2nia"},"content":{"rendered":"\n<p>Pre\u0219edintele Rom\u00e2niei, Nicu\u0219or Dan, \u00eel va primi ast\u0103zi la Palatul Cotroceni pe pre\u0219edintele Ucrainei, Volodimir Zelenski, cu prilejul vizitei oficiale pe care acesta o efectueaz\u0103 \u00een Rom\u00e2nia.<\/p>\n\n\n\n<p>Potrivit comunicatului transmis de Administra\u021bia preziden\u021bial\u0103, consult\u0103rile bilaterale la nivel \u00eenalt vor avea loc \u00een contextul \u00eemplinirii recente, la 24 februarie, a patru ani de la declan\u0219area de c\u0103tre Rusia a <a href=\"https:\/\/covasna45.ro\/index.php\/lumea-larga\/presedinta-comisiei-europene-merge-maine-la-kiev-se-implinesc-4-ani-de-razboi\/\">r\u0103zboiului<\/a> de agresiune \u00eempotriva Ucrainei.<\/p>\n\n\n\n<p>Rom\u00e2nia a oferit, \u00eenc\u0103 din primele zile, sprijin multidimensional Ucrainei \u0219i contribuie \u00een prezent la eforturile interna\u021bionale pentru o pace just\u0103 \u0219i durabil\u0103, \u00eenso\u021bit\u0103 de garan\u021bii de securitate solide pentru Ucraina.<\/p>\n\n\n\n<p>Agenda discu\u021biilor dintre Pre\u0219edintele Rom\u00e2niei \u0219i Pre\u0219edintele Ucrainei va include teme care s\u0103 faciliteze consolidarea unei rela\u021bii bilaterale cuprinz\u0103toare, constructive, orientate spre viitor.<\/p>\n\n\n\n<p>Discu\u021biile se vor axa pe dezvoltarea dialogului politic, intensificarea cooper\u0103rii economice, cooperarea sectorial\u0103 \u00een domenii precum energia \u0219i industriile de ap\u0103rare, dezvoltarea conectivit\u0103\u021bii \u0219i de proiecte transfrontaliere, \u0219i pe rolul Rom\u00e2niei \u00een procesul de reconstruc\u021bie a Ucrainei.<\/p>\n\n\n\n<p>De asemenea, cei doi \u0219efi de stat vor avea un schimb de opinii privind aspecte de actualitate, precum procesul de extindere a Uniunii Europene, rela\u021bia transatlantic\u0103, situa\u021bia de securitate \u00een regiunea M\u0103rii Negre \u0219i evolu\u021biile de ultim\u0103 or\u0103 la nivel regional \u0219i global.<\/p>\n\n\n\n<p>\u00cen egal\u0103 m\u0103sur\u0103, Pre\u0219edintele Rom\u00e2niei se va referi la necesitatea avans\u0103rii dialogului bilateral \u00een domeniul respect\u0103rii drepturilor persoanelor apar\u021bin\u00e2nd minorit\u0103\u021bii rom\u00e2ne din Ucraina, inclusiv dreptul la educa\u021bie \u00een limba matern\u0103.<\/p>\n\n\n\n<p>Sursa: <a href=\"https:\/\/www.presidency.ro\/ro\/media\/comunicate-de-presa\/primirea-de-catre-presedintele-romaniei-nicusor-dan-a-presedintelui-ucrainei-volodimir-zelenski\">Presidency.ro<\/a><\/p>\n","protected":false},"excerpt":{"rendered":"<p>Pre\u0219edintele Rom\u00e2niei, Nicu\u0219or Dan, \u00eel va primi ast\u0103zi la Palatul Cotroceni pe pre\u0219edintele Ucrainei, Volodimir Zelenski, cu prilejul vizitei oficiale pe care acesta o efectueaz\u0103 \u00een Rom\u00e2nia. Potrivit comunicatului transmis de Administra\u021bia preziden\u021bial\u0103, consult\u0103rile bilaterale la nivel \u00eenalt vor avea loc \u00een contextul \u00eemplinirii recente, la 24 februarie, a patru ani de la declan\u0219area de [&hellip;]<\/p>\n","protected":false},"author":1,"featured_media":5508,"comment_status":"open","ping_status":"closed","sticky":false,"template":"","format":"standard","meta":{"tdm_status":"","tdm_grid_status":"","footnotes":""},"categories":[14],"tags":[3557,1092],"class_list":{"0":"post-15410","1":"post","2":"type-post","3":"status-publish","4":"format-standard","5":"has-post-thumbnail","7":"category-lumea-noastra","8":"tag-nicusor-dan-2","9":"tag-volodimir-zelenski"},"yoast_head":"<!-- This site is optimized with the Yoast SEO plugin v27.5 - https:\/\/yoast.com\/product\/yoast-seo-wordpress\/ -->\n<title>Pre\u0219edintele Ucrainei face azi o vizit\u0103 oficial\u0103 \u00een Rom\u00e2nia - Covasna45<\/title>\n<meta name=\"description\" content=\"Pre\u0219edintele Rom\u00e2niei, Nicu\u0219or Dan, \u00eel va primi ast\u0103zi la Palatul Cotroceni pe pre\u0219edintele Ucrainei, Volodimir Zelenski.\" \/>\n<meta name=\"robots\" content=\"index, follow, max-snippet:-1, max-image-preview:large, max-video-preview:-1\" \/>\n<link rel=\"canonical\" href=\"https:\/\/covasna45.ro\/index.php\/lumea-noastra\/presedintele-ucrainei-face-azi-o-vizita-oficiala-in-romania\/\" \/>\n<meta property=\"og:locale\" content=\"ro_RO\" \/>\n<meta property=\"og:type\" content=\"article\" \/>\n<meta property=\"og:title\" content=\"Pre\u0219edintele Ucrainei face azi o vizit\u0103 oficial\u0103 \u00een Rom\u00e2nia - Covasna45\" \/>\n<meta property=\"og:description\" content=\"Pre\u0219edintele Rom\u00e2niei, Nicu\u0219or Dan, \u00eel va primi ast\u0103zi la Palatul Cotroceni pe pre\u0219edintele Ucrainei, Volodimir Zelenski.\" \/>\n<meta property=\"og:url\" content=\"https:\/\/covasna45.ro\/index.php\/lumea-noastra\/presedintele-ucrainei-face-azi-o-vizita-oficiala-in-romania\/\" \/>\n<meta property=\"og:site_name\" content=\"Covasna45\" \/>\n<meta property=\"article:published_time\" content=\"2026-03-12T06:06:00+00:00\" \/>\n<meta property=\"article:modified_time\" content=\"2026-03-12T06:34:14+00:00\" \/>\n<meta property=\"og:image\" content=\"https:\/\/covasna45.ro\/wp-content\/uploads\/2024\/04\/Zelenski.jpg\" \/>\n\t<meta property=\"og:image:width\" content=\"1200\" \/>\n\t<meta property=\"og:image:height\" content=\"675\" \/>\n\t<meta property=\"og:image:type\" content=\"image\/jpeg\" \/>\n<meta name=\"author\" content=\"Covasna45\" \/>\n<meta name=\"twitter:card\" content=\"summary_large_image\" \/>\n<meta name=\"twitter:label1\" content=\"Scris de\" \/>\n\t<meta name=\"twitter:data1\" content=\"Covasna45\" \/>\n\t<meta name=\"twitter:label2\" content=\"Timp estimat pentru citire\" \/>\n\t<meta name=\"twitter:data2\" content=\"2 minute\" \/>\n<script type=\"application\/ld+json\" class=\"yoast-schema-graph\">{\"@context\":\"https:\\\/\\\/schema.org\",\"@graph\":[{\"@type\":\"Article\",\"@id\":\"https:\\\/\\\/covasna45.ro\\\/index.php\\\/lumea-noastra\\\/presedintele-ucrainei-face-azi-o-vizita-oficiala-in-romania\\\/#article\",\"isPartOf\":{\"@id\":\"https:\\\/\\\/covasna45.ro\\\/index.php\\\/lumea-noastra\\\/presedintele-ucrainei-face-azi-o-vizita-oficiala-in-romania\\\/\"},\"author\":{\"name\":\"Covasna45\",\"@id\":\"https:\\\/\\\/covasna45.ro\\\/#\\\/schema\\\/person\\\/e674052bd7d95d70bbb007a1060ab73c\"},\"headline\":\"Pre\u0219edintele Ucrainei face azi o vizit\u0103 oficial\u0103 \u00een Rom\u00e2nia\",\"datePublished\":\"2026-03-12T06:06:00+00:00\",\"dateModified\":\"2026-03-12T06:34:14+00:00\",\"mainEntityOfPage\":{\"@id\":\"https:\\\/\\\/covasna45.ro\\\/index.php\\\/lumea-noastra\\\/presedintele-ucrainei-face-azi-o-vizita-oficiala-in-romania\\\/\"},\"wordCount\":282,\"commentCount\":0,\"publisher\":{\"@id\":\"https:\\\/\\\/covasna45.ro\\\/#organization\"},\"image\":{\"@id\":\"https:\\\/\\\/covasna45.ro\\\/index.php\\\/lumea-noastra\\\/presedintele-ucrainei-face-azi-o-vizita-oficiala-in-romania\\\/#primaryimage\"},\"thumbnailUrl\":\"https:\\\/\\\/covasna45.ro\\\/wp-content\\\/uploads\\\/2024\\\/04\\\/Zelenski.jpg\",\"keywords\":[\"nicusor dan\",\"Volodimir Zelenski\"],\"articleSection\":[\"Lumea noastr\u0103\"],\"inLanguage\":\"ro-RO\",\"potentialAction\":[{\"@type\":\"CommentAction\",\"name\":\"Comment\",\"target\":[\"https:\\\/\\\/covasna45.ro\\\/index.php\\\/lumea-noastra\\\/presedintele-ucrainei-face-azi-o-vizita-oficiala-in-romania\\\/#respond\"]}]},{\"@type\":\"WebPage\",\"@id\":\"https:\\\/\\\/covasna45.ro\\\/index.php\\\/lumea-noastra\\\/presedintele-ucrainei-face-azi-o-vizita-oficiala-in-romania\\\/\",\"url\":\"https:\\\/\\\/covasna45.ro\\\/index.php\\\/lumea-noastra\\\/presedintele-ucrainei-face-azi-o-vizita-oficiala-in-romania\\\/\",\"name\":\"Pre\u0219edintele Ucrainei face azi o vizit\u0103 oficial\u0103 \u00een Rom\u00e2nia - Covasna45\",\"isPartOf\":{\"@id\":\"https:\\\/\\\/covasna45.ro\\\/#website\"},\"primaryImageOfPage\":{\"@id\":\"https:\\\/\\\/covasna45.ro\\\/index.php\\\/lumea-noastra\\\/presedintele-ucrainei-face-azi-o-vizita-oficiala-in-romania\\\/#primaryimage\"},\"image\":{\"@id\":\"https:\\\/\\\/covasna45.ro\\\/index.php\\\/lumea-noastra\\\/presedintele-ucrainei-face-azi-o-vizita-oficiala-in-romania\\\/#primaryimage\"},\"thumbnailUrl\":\"https:\\\/\\\/covasna45.ro\\\/wp-content\\\/uploads\\\/2024\\\/04\\\/Zelenski.jpg\",\"datePublished\":\"2026-03-12T06:06:00+00:00\",\"dateModified\":\"2026-03-12T06:34:14+00:00\",\"description\":\"Pre\u0219edintele Rom\u00e2niei, Nicu\u0219or Dan, \u00eel va primi ast\u0103zi la Palatul Cotroceni pe pre\u0219edintele Ucrainei, Volodimir Zelenski.\",\"breadcrumb\":{\"@id\":\"https:\\\/\\\/covasna45.ro\\\/index.php\\\/lumea-noastra\\\/presedintele-ucrainei-face-azi-o-vizita-oficiala-in-romania\\\/#breadcrumb\"},\"inLanguage\":\"ro-RO\",\"potentialAction\":[{\"@type\":\"ReadAction\",\"target\":[\"https:\\\/\\\/covasna45.ro\\\/index.php\\\/lumea-noastra\\\/presedintele-ucrainei-face-azi-o-vizita-oficiala-in-romania\\\/\"]}]},{\"@type\":\"ImageObject\",\"inLanguage\":\"ro-RO\",\"@id\":\"https:\\\/\\\/covasna45.ro\\\/index.php\\\/lumea-noastra\\\/presedintele-ucrainei-face-azi-o-vizita-oficiala-in-romania\\\/#primaryimage\",\"url\":\"https:\\\/\\\/covasna45.ro\\\/wp-content\\\/uploads\\\/2024\\\/04\\\/Zelenski.jpg\",\"contentUrl\":\"https:\\\/\\\/covasna45.ro\\\/wp-content\\\/uploads\\\/2024\\\/04\\\/Zelenski.jpg\",\"width\":1200,\"height\":675},{\"@type\":\"BreadcrumbList\",\"@id\":\"https:\\\/\\\/covasna45.ro\\\/index.php\\\/lumea-noastra\\\/presedintele-ucrainei-face-azi-o-vizita-oficiala-in-romania\\\/#breadcrumb\",\"itemListElement\":[{\"@type\":\"ListItem\",\"position\":1,\"name\":\"Prima pagin\u0103\",\"item\":\"https:\\\/\\\/covasna45.ro\\\/\"},{\"@type\":\"ListItem\",\"position\":2,\"name\":\"Pre\u0219edintele Ucrainei face azi o vizit\u0103 oficial\u0103 \u00een Rom\u00e2nia\"}]},{\"@type\":\"WebSite\",\"@id\":\"https:\\\/\\\/covasna45.ro\\\/#website\",\"url\":\"https:\\\/\\\/covasna45.ro\\\/\",\"name\":\"covasna45.ro\",\"description\":\"\",\"publisher\":{\"@id\":\"https:\\\/\\\/covasna45.ro\\\/#organization\"},\"potentialAction\":[{\"@type\":\"SearchAction\",\"target\":{\"@type\":\"EntryPoint\",\"urlTemplate\":\"https:\\\/\\\/covasna45.ro\\\/?s={search_term_string}\"},\"query-input\":{\"@type\":\"PropertyValueSpecification\",\"valueRequired\":true,\"valueName\":\"search_term_string\"}}],\"inLanguage\":\"ro-RO\"},{\"@type\":\"Organization\",\"@id\":\"https:\\\/\\\/covasna45.ro\\\/#organization\",\"name\":\"covasna45.ro\",\"url\":\"https:\\\/\\\/covasna45.ro\\\/\",\"logo\":{\"@type\":\"ImageObject\",\"inLanguage\":\"ro-RO\",\"@id\":\"https:\\\/\\\/covasna45.ro\\\/#\\\/schema\\\/logo\\\/image\\\/\",\"url\":\"https:\\\/\\\/covasna45.ro\\\/wp-content\\\/uploads\\\/2023\\\/01\\\/icon_logo.png\",\"contentUrl\":\"https:\\\/\\\/covasna45.ro\\\/wp-content\\\/uploads\\\/2023\\\/01\\\/icon_logo.png\",\"width\":1900,\"height\":1900,\"caption\":\"covasna45.ro\"},\"image\":{\"@id\":\"https:\\\/\\\/covasna45.ro\\\/#\\\/schema\\\/logo\\\/image\\\/\"}},{\"@type\":\"Person\",\"@id\":\"https:\\\/\\\/covasna45.ro\\\/#\\\/schema\\\/person\\\/e674052bd7d95d70bbb007a1060ab73c\",\"name\":\"Covasna45\",\"image\":{\"@type\":\"ImageObject\",\"inLanguage\":\"ro-RO\",\"@id\":\"https:\\\/\\\/covasna45.ro\\\/wp-content\\\/uploads\\\/2025\\\/10\\\/icon_logo_covasna45-150x150.png\",\"url\":\"https:\\\/\\\/covasna45.ro\\\/wp-content\\\/uploads\\\/2025\\\/10\\\/icon_logo_covasna45-150x150.png\",\"contentUrl\":\"https:\\\/\\\/covasna45.ro\\\/wp-content\\\/uploads\\\/2025\\\/10\\\/icon_logo_covasna45-150x150.png\",\"caption\":\"Covasna45\"},\"sameAs\":[\"https:\\\/\\\/covasna45.ro\"],\"url\":\"https:\\\/\\\/covasna45.ro\\\/index.php\\\/author\\\/covasna\\\/\"}]}<\/script>\n<!-- \/ Yoast SEO plugin. -->","yoast_head_json":{"title":"Pre\u0219edintele Ucrainei face azi o vizit\u0103 oficial\u0103 \u00een Rom\u00e2nia - Covasna45","description":"Pre\u0219edintele Rom\u00e2niei, Nicu\u0219or Dan, \u00eel va primi ast\u0103zi la Palatul Cotroceni pe pre\u0219edintele Ucrainei, Volodimir Zelenski.","robots":{"index":"index","follow":"follow","max-snippet":"max-snippet:-1","max-image-preview":"max-image-preview:large","max-video-preview":"max-video-preview:-1"},"canonical":"https:\/\/covasna45.ro\/index.php\/lumea-noastra\/presedintele-ucrainei-face-azi-o-vizita-oficiala-in-romania\/","og_locale":"ro_RO","og_type":"article","og_title":"Pre\u0219edintele Ucrainei face azi o vizit\u0103 oficial\u0103 \u00een Rom\u00e2nia - Covasna45","og_description":"Pre\u0219edintele Rom\u00e2niei, Nicu\u0219or Dan, \u00eel va primi ast\u0103zi la Palatul Cotroceni pe pre\u0219edintele Ucrainei, Volodimir Zelenski.","og_url":"https:\/\/covasna45.ro\/index.php\/lumea-noastra\/presedintele-ucrainei-face-azi-o-vizita-oficiala-in-romania\/","og_site_name":"Covasna45","article_published_time":"2026-03-12T06:06:00+00:00","article_modified_time":"2026-03-12T06:34:14+00:00","og_image":[{"width":1200,"height":675,"url":"https:\/\/covasna45.ro\/wp-content\/uploads\/2024\/04\/Zelenski.jpg","type":"image\/jpeg"}],"author":"Covasna45","twitter_card":"summary_large_image","twitter_misc":{"Scris de":"Covasna45","Timp estimat pentru citire":"2 minute"},"schema":{"@context":"https:\/\/schema.org","@graph":[{"@type":"Article","@id":"https:\/\/covasna45.ro\/index.php\/lumea-noastra\/presedintele-ucrainei-face-azi-o-vizita-oficiala-in-romania\/#article","isPartOf":{"@id":"https:\/\/covasna45.ro\/index.php\/lumea-noastra\/presedintele-ucrainei-face-azi-o-vizita-oficiala-in-romania\/"},"author":{"name":"Covasna45","@id":"https:\/\/covasna45.ro\/#\/schema\/person\/e674052bd7d95d70bbb007a1060ab73c"},"headline":"Pre\u0219edintele Ucrainei face azi o vizit\u0103 oficial\u0103 \u00een Rom\u00e2nia","datePublished":"2026-03-12T06:06:00+00:00","dateModified":"2026-03-12T06:34:14+00:00","mainEntityOfPage":{"@id":"https:\/\/covasna45.ro\/index.php\/lumea-noastra\/presedintele-ucrainei-face-azi-o-vizita-oficiala-in-romania\/"},"wordCount":282,"commentCount":0,"publisher":{"@id":"https:\/\/covasna45.ro\/#organization"},"image":{"@id":"https:\/\/covasna45.ro\/index.php\/lumea-noastra\/presedintele-ucrainei-face-azi-o-vizita-oficiala-in-romania\/#primaryimage"},"thumbnailUrl":"https:\/\/covasna45.ro\/wp-content\/uploads\/2024\/04\/Zelenski.jpg","keywords":["nicusor dan","Volodimir Zelenski"],"articleSection":["Lumea noastr\u0103"],"inLanguage":"ro-RO","potentialAction":[{"@type":"CommentAction","name":"Comment","target":["https:\/\/covasna45.ro\/index.php\/lumea-noastra\/presedintele-ucrainei-face-azi-o-vizita-oficiala-in-romania\/#respond"]}]},{"@type":"WebPage","@id":"https:\/\/covasna45.ro\/index.php\/lumea-noastra\/presedintele-ucrainei-face-azi-o-vizita-oficiala-in-romania\/","url":"https:\/\/covasna45.ro\/index.php\/lumea-noastra\/presedintele-ucrainei-face-azi-o-vizita-oficiala-in-romania\/","name":"Pre\u0219edintele Ucrainei face azi o vizit\u0103 oficial\u0103 \u00een Rom\u00e2nia - Covasna45","isPartOf":{"@id":"https:\/\/covasna45.ro\/#website"},"primaryImageOfPage":{"@id":"https:\/\/covasna45.ro\/index.php\/lumea-noastra\/presedintele-ucrainei-face-azi-o-vizita-oficiala-in-romania\/#primaryimage"},"image":{"@id":"https:\/\/covasna45.ro\/index.php\/lumea-noastra\/presedintele-ucrainei-face-azi-o-vizita-oficiala-in-romania\/#primaryimage"},"thumbnailUrl":"https:\/\/covasna45.ro\/wp-content\/uploads\/2024\/04\/Zelenski.jpg","datePublished":"2026-03-12T06:06:00+00:00","dateModified":"2026-03-12T06:34:14+00:00","description":"Pre\u0219edintele Rom\u00e2niei, Nicu\u0219or Dan, \u00eel va primi ast\u0103zi la Palatul Cotroceni pe pre\u0219edintele Ucrainei, Volodimir Zelenski.","breadcrumb":{"@id":"https:\/\/covasna45.ro\/index.php\/lumea-noastra\/presedintele-ucrainei-face-azi-o-vizita-oficiala-in-romania\/#breadcrumb"},"inLanguage":"ro-RO","potentialAction":[{"@type":"ReadAction","target":["https:\/\/covasna45.ro\/index.php\/lumea-noastra\/presedintele-ucrainei-face-azi-o-vizita-oficiala-in-romania\/"]}]},{"@type":"ImageObject","inLanguage":"ro-RO","@id":"https:\/\/covasna45.ro\/index.php\/lumea-noastra\/presedintele-ucrainei-face-azi-o-vizita-oficiala-in-romania\/#primaryimage","url":"https:\/\/covasna45.ro\/wp-content\/uploads\/2024\/04\/Zelenski.jpg","contentUrl":"https:\/\/covasna45.ro\/wp-content\/uploads\/2024\/04\/Zelenski.jpg","width":1200,"height":675},{"@type":"BreadcrumbList","@id":"https:\/\/covasna45.ro\/index.php\/lumea-noastra\/presedintele-ucrainei-face-azi-o-vizita-oficiala-in-romania\/#breadcrumb","itemListElement":[{"@type":"ListItem","position":1,"name":"Prima pagin\u0103","item":"https:\/\/covasna45.ro\/"},{"@type":"ListItem","position":2,"name":"Pre\u0219edintele Ucrainei face azi o vizit\u0103 oficial\u0103 \u00een Rom\u00e2nia"}]},{"@type":"WebSite","@id":"https:\/\/covasna45.ro\/#website","url":"https:\/\/covasna45.ro\/","name":"covasna45.ro","description":"","publisher":{"@id":"https:\/\/covasna45.ro\/#organization"},"potentialAction":[{"@type":"SearchAction","target":{"@type":"EntryPoint","urlTemplate":"https:\/\/covasna45.ro\/?s={search_term_string}"},"query-input":{"@type":"PropertyValueSpecification","valueRequired":true,"valueName":"search_term_string"}}],"inLanguage":"ro-RO"},{"@type":"Organization","@id":"https:\/\/covasna45.ro\/#organization","name":"covasna45.ro","url":"https:\/\/covasna45.ro\/","logo":{"@type":"ImageObject","inLanguage":"ro-RO","@id":"https:\/\/covasna45.ro\/#\/schema\/logo\/image\/","url":"https:\/\/covasna45.ro\/wp-content\/uploads\/2023\/01\/icon_logo.png","contentUrl":"https:\/\/covasna45.ro\/wp-content\/uploads\/2023\/01\/icon_logo.png","width":1900,"height":1900,"caption":"covasna45.ro"},"image":{"@id":"https:\/\/covasna45.ro\/#\/schema\/logo\/image\/"}},{"@type":"Person","@id":"https:\/\/covasna45.ro\/#\/schema\/person\/e674052bd7d95d70bbb007a1060ab73c","name":"Covasna45","image":{"@type":"ImageObject","inLanguage":"ro-RO","@id":"https:\/\/covasna45.ro\/wp-content\/uploads\/2025\/10\/icon_logo_covasna45-150x150.png","url":"https:\/\/covasna45.ro\/wp-content\/uploads\/2025\/10\/icon_logo_covasna45-150x150.png","contentUrl":"https:\/\/covasna45.ro\/wp-content\/uploads\/2025\/10\/icon_logo_covasna45-150x150.png","caption":"Covasna45"},"sameAs":["https:\/\/covasna45.ro"],"url":"https:\/\/covasna45.ro\/index.php\/author\/covasna\/"}]}},"_links":{"self":[{"href":"https:\/\/covasna45.ro\/index.php\/wp-json\/wp\/v2\/posts\/15410","targetHints":{"allow":["GET"]}}],"collection":[{"href":"https:\/\/covasna45.ro\/index.php\/wp-json\/wp\/v2\/posts"}],"about":[{"href":"https:\/\/covasna45.ro\/index.php\/wp-json\/wp\/v2\/types\/post"}],"author":[{"embeddable":true,"href":"https:\/\/covasna45.ro\/index.php\/wp-json\/wp\/v2\/users\/1"}],"replies":[{"embeddable":true,"href":"https:\/\/covasna45.ro\/index.php\/wp-json\/wp\/v2\/comments?post=15410"}],"version-history":[{"count":2,"href":"https:\/\/covasna45.ro\/index.php\/wp-json\/wp\/v2\/posts\/15410\/revisions"}],"predecessor-version":[{"id":15414,"href":"https:\/\/covasna45.ro\/index.php\/wp-json\/wp\/v2\/posts\/15410\/revisions\/15414"}],"wp:featuredmedia":[{"embeddable":true,"href":"https:\/\/covasna45.ro\/index.php\/wp-json\/wp\/v2\/media\/5508"}],"wp:attachment":[{"href":"https:\/\/covasna45.ro\/index.php\/wp-json\/wp\/v2\/media?parent=15410"}],"wp:term":[{"taxonomy":"category","embeddable":true,"href":"https:\/\/covasna45.ro\/index.php\/wp-json\/wp\/v2\/categories?post=15410"},{"taxonomy":"post_tag","embeddable":true,"href":"https:\/\/covasna45.ro\/index.php\/wp-json\/wp\/v2\/tags?post=15410"}],"curies":[{"name":"wp","href":"https:\/\/api.w.org\/{rel}","templated":true}]}}