{"id":15415,"date":"2026-03-12T09:46:19","date_gmt":"2026-03-12T07:46:19","guid":{"rendered":"https:\/\/covasna45.ro\/?p=15415"},"modified":"2026-03-12T09:52:31","modified_gmt":"2026-03-12T07:52:31","slug":"programul-complet-al-ceremoniilor-organizate-de-15-martie-in-judetul-covasna","status":"publish","type":"post","link":"https:\/\/covasna45.ro\/index.php\/lumea-noastra\/programul-complet-al-ceremoniilor-organizate-de-15-martie-in-judetul-covasna\/","title":{"rendered":"Programul complet al ceremoniilor organizate de 15 martie \u00een jude\u021bul Covasna"},"content":{"rendered":"\n<p>Institu\u021biile culturale, \u0219colile, prim\u0103riile si asocia\u021biile civice organizeaz\u0103, cu ocazia Zilei Maghiarilor de Pretutindeni, evenimente festive \u00een cea mai mare parte a localit\u0103\u021bilor din jude\u021bul <a href=\"https:\/\/covasna45.ro\/index.php\/lumea-noastra\/ziua-maghiarilor-de-pretutindeni-marcata-festiv-in-tot-judetul\/\">Covasna<\/a>.<\/p>\n\n\n\n<p>Revolu\u021bia de la 1848&nbsp;este considerat\u0103 unul dintre fundamentele identit\u0103\u021bii na\u021bionale ale poporului maghiar. An de an, la 15 martie e celebrat\u0103 data la care a pornit Revolu\u021bia \u0219i care a devenit Ziua Maghiarilor de Pretutindeni. Este o s\u0103rb\u0103toare a solidarit\u0103\u021bii na\u021bionale, celebrat\u0103 de maghiarii din \u00eentreaga lume, nu doar din Ungaria.<\/p>\n\n\n\n<p>Acesta este programul complet din jude\u021bul Covasna:<\/p>\n\n\n\n<h2 class=\"wp-block-heading\">Sf\u00e2ntu Gheorghe<\/h2>\n\n\n\n<p><strong>14 martie, s\u00e2mb\u0103t\u0103<\/strong><\/p>\n\n\n\n<p>ALEARG\u0102 \u00ceN MEMORIA EROILOR!<\/p>\n\n\n\n<ul class=\"wp-block-list\">\n<li>07:45 \u2013 08:00 \u2013 Plecare cu trenule\u021bul turistic din fa\u021ba Bibliotecii Jude\u021bene \u201eBod P\u00e9ter\u201d spre locul startului (monumentul din fa\u021ba \u0218colii Gimnaziale \u201eAdy Endre\u201d)<\/li>\n\n\n\n<li>08:00 \u2013 09:30 \u2013 Startul alerg\u0103rii, traseul va include cele 10 loca\u021bii marcate pe hart\u0103, iar finalul va fi la monumentul din parc dedicat eroilor Revolu\u021biei din 1848\u20131849, unde alerg\u0103torii vor fi \u00eent\u00e2mpina\u021bi de viceprimarul Sztakics \u00c9va<\/li>\n\n\n\n<li>10:00 \u2013 11:00 \u2013 Cafea, ceai \u0219i gust\u0103ri \u00eempreun\u0103 \u00een sala mare a Casei de Cultur\u0103 \u201eK\u00f3nya \u00c1d\u00e1m\u201d.<\/li>\n<\/ul>\n\n\n\n<hr class=\"wp-block-separator has-alpha-channel-opacity\"\/>\n\n\n\n<p><strong>CONCERT FESTIV<\/strong><\/p>\n\n\n\n<p>Loca\u021bie: Teatrul \u201eTam\u00e1si \u00c1ron\u201d \u2013 Sala Mare<\/p>\n\n\n\n<p>18:00 \u2013 19:15 \u2013 Concert comun al Orchestrei de Camer\u0103 Cs\u00edki, Orchestrei Georgius \u0219i Ansamblului G\u00e1zsa, dirijor Werner G\u00e1bor<\/p>\n\n\n\n<p>Biletele pot fi achizi\u021bionate la Biroul de Organizare Cultural\u0103 al Municipiului la pre\u021bul de 40 \u0219i 20 lei.<\/p>\n\n\n\n<hr class=\"wp-block-separator has-alpha-channel-opacity\"\/>\n\n\n\n<p><strong>15 martie, duminic\u0103<\/strong><\/p>\n\n\n\n<p><a><\/a>SEPSI PILVAX<\/p>\n\n\n\n<p>Loca\u021bie: Tein<\/p>\n\n\n\n<ul class=\"wp-block-list\">\n<li>09:00 \u2013 \u201eDe\u0219teapt\u0103-te! Pilvax te a\u0219teapt\u0103!\u201d \u2013 cafea revolu\u021bionar\u0103, meniu tematic, pr\u0103jituri \u0219i quiz<\/li>\n\n\n\n<li>10:00 \u2013 Pictarea portretului Laborfalvi R\u00f3za<\/li>\n\n\n\n<li>11:00 \u2013 Sesiune de pictur\u0103 live de portrete<\/li>\n\n\n\n<li>15:00 \u2013 Concert Jazzpar Trio.<\/li>\n<\/ul>\n\n\n\n<figure class=\"wp-block-image size-large\"><img loading=\"lazy\" decoding=\"async\" width=\"1024\" height=\"683\" src=\"https:\/\/covasna45.ro\/wp-content\/uploads\/2026\/03\/tein-plivax-1024x683.jpg\" alt=\"\" class=\"wp-image-15372\" srcset=\"https:\/\/covasna45.ro\/wp-content\/uploads\/2026\/03\/tein-plivax-1024x683.jpg 1024w, https:\/\/covasna45.ro\/wp-content\/uploads\/2026\/03\/tein-plivax-300x200.jpg 300w, https:\/\/covasna45.ro\/wp-content\/uploads\/2026\/03\/tein-plivax-768x512.jpg 768w, https:\/\/covasna45.ro\/wp-content\/uploads\/2026\/03\/tein-plivax-1536x1024.jpg 1536w, https:\/\/covasna45.ro\/wp-content\/uploads\/2026\/03\/tein-plivax-150x100.jpg 150w, https:\/\/covasna45.ro\/wp-content\/uploads\/2026\/03\/tein-plivax-696x464.jpg 696w, https:\/\/covasna45.ro\/wp-content\/uploads\/2026\/03\/tein-plivax-1068x712.jpg 1068w, https:\/\/covasna45.ro\/wp-content\/uploads\/2026\/03\/tein-plivax-1920x1280.jpg 1920w, https:\/\/covasna45.ro\/wp-content\/uploads\/2026\/03\/tein-plivax.jpg 2048w\" sizes=\"auto, (max-width: 1024px) 100vw, 1024px\" \/><\/figure>\n\n\n\n<hr class=\"wp-block-separator has-alpha-channel-opacity\"\/>\n\n\n\n<p><strong>DEPUNERI DE COROANE LA MONUMENTELE DIN SF\u00c2NTU GHEORGHE<\/strong><\/p>\n\n\n\n<ul class=\"wp-block-list\">\n<li>09:00 \u2013 Placa memorial\u0103 a turn\u0103torului de tunuri Kiss J\u00e1nos (str. Olt nr. 16)<br>particip\u0103 grupa mare Bab\u00f3ca de la Gr\u0103dini\u021ba \u201eBenedek Elek\u201d<\/li>\n\n\n\n<li>09:00 \u2013 Locul execu\u021biei V\u00e1radi\u2013Bartalis (\u0150rk\u0151) &#8211; particip\u0103 elevii \u0218colii Gimnaziale \u201eV\u00e1radi J\u00f3zsef\u201d<\/li>\n\n\n\n<li>09:30 \u2013 Placa memorial\u0103 a celulei de condamnare V\u00e1radi\u2013Bartalis (Casa cu Arcade) &#8211; particip\u0103 elevii Liceului Teoretic \u201eMikes Kelemen\u201d<\/li>\n\n\n\n<li>10:00 \u2013 Statuia G\u00e1bor \u00c1ron \u0219i statuia Nicolae B\u0103lcescu (cartierul Cs\u00edki) &#8211; particip\u0103 elevii \u0218colii Gimnaziale \u201eG\u00f6dri Ferenc\u201d<\/li>\n\n\n\n<li>10:00 \u2013 Statuia Gr\u00f3f Mik\u00f3 Imre (Parcul Elisabeta)- particip\u0103 elevii Colegiului Reformat din Sf\u00e2ntu Gheorghe<\/li>\n\n\n\n<li>10:00 \u2013 Morm\u00e2ntul cu st\u00e2lp funerar al lui Incze D\u00e1niel (str. Malomg\u00e1t) &#8211; particip\u0103 Cercul de Cerceta\u0219i nr. 14 \u201eKov\u00e1cs S\u00e1ndor\u201d<\/li>\n\n\n\n<li>10:15 \u2013 Statuia Berde M\u00f3zsa (Parcul Elisabeta)- particip\u0103 elevii Liceului Economic \u0219i Administrativ \u201eBerde \u00c1ron\u201d<\/li>\n\n\n\n<li>10:30 \u2013 Placa memorial\u0103 G\u00e1bor \u00c1ron (Biblioteca Jude\u021bean\u0103 \u201eBod P\u00e9ter\u201d) &#8211; particip\u0103 elevii clasei a III-a ai Colegiului Reformat<\/li>\n\n\n\n<li>10:30 \u2013 Monumentul b\u0103t\u0103liei de la Szemerja<\/li>\n\n\n\n<li>11:00 \u2013 St\u00e2lp funerar V\u00e1radi\u2013Bartalis (curtea \u0218colii V\u00e1radi J\u00f3zsef)<\/li>\n\n\n\n<li>11:00 \u2013 Monumentul b\u0103t\u0103liei de la Eprestet\u0151 (cartierul G\u0103rii)<\/li>\n\n\n\n<li>11:00 \u2013 Statuia Kossuth Lajos (Casa de Cultur\u0103 \u201eK\u00f3nya \u00c1d\u00e1m\u201d)<\/li>\n\n\n\n<li>12:00 \u2013 St\u00e2lp funerar din Chilieni (biserica reformat\u0103)<\/li>\n\n\n\n<li>12:00 \u2013 St\u00e2lp funerar din Co\u015feni (cimitirul reformat)<\/li>\n\n\n\n<li>12:30 \u2013 Depunere de coroane la monumentul eroilor Revolu\u021biei din 1848\u20131849 din Parcul Elisabeta<\/li>\n<\/ul>\n\n\n\n<p>Reprezentan\u021bii administra\u021biei locale, partidelor politice \u0219i organiza\u021biilor civile depun coroane.<\/p>\n\n\n\n<p>Particip\u0103 Fanfara de Tineret \u201eKov\u00e1ts Andr\u00e1s\u201d din Reci.<\/p>\n\n\n\n<hr class=\"wp-block-separator has-alpha-channel-opacity\"\/>\n\n\n\n<p><strong>DEFILARE FESTIV\u0102 SPRE PIA\u021aA CENTRAL\u0102<\/strong><\/p>\n\n\n\n<ul class=\"wp-block-list\">\n<li>11:45 \u2013 Din partea vestic\u0103 a ora\u0219ului &#8211; plecare de la st\u00e2lpul funerar V\u00e1radi\u2013Bartalis<\/li>\n\n\n\n<li>11:45 \u2013 Din partea estic\u0103 a ora\u0219ului &#8211; plecare de la monumentul b\u0103t\u0103liei de la Eprestet\u0151<\/li>\n<\/ul>\n\n\n\n<hr class=\"wp-block-separator has-alpha-channel-opacity\"\/>\n\n\n\n<p><strong>PROGRAM FESTIV \u00ceN PIA\u021aA CENTRAL\u0102<\/strong><\/p>\n\n\n\n<p>13:00 \u2013 14:30 \u2013 Ceremonie festiv\u0103 dedicat\u0103 Revolu\u021biei \u0219i R\u0103zboiului de Independen\u021b\u0103 din 1848\u20131849<\/p>\n\n\n\n<figure class=\"wp-block-image size-large\"><img loading=\"lazy\" decoding=\"async\" width=\"1024\" height=\"683\" src=\"https:\/\/covasna45.ro\/wp-content\/uploads\/2026\/03\/15-m-sf-ghe-1024x683.jpg\" alt=\"\" class=\"wp-image-15378\" srcset=\"https:\/\/covasna45.ro\/wp-content\/uploads\/2026\/03\/15-m-sf-ghe-1024x683.jpg 1024w, https:\/\/covasna45.ro\/wp-content\/uploads\/2026\/03\/15-m-sf-ghe-300x200.jpg 300w, https:\/\/covasna45.ro\/wp-content\/uploads\/2026\/03\/15-m-sf-ghe-768x512.jpg 768w, https:\/\/covasna45.ro\/wp-content\/uploads\/2026\/03\/15-m-sf-ghe-1536x1024.jpg 1536w, https:\/\/covasna45.ro\/wp-content\/uploads\/2026\/03\/15-m-sf-ghe-150x100.jpg 150w, https:\/\/covasna45.ro\/wp-content\/uploads\/2026\/03\/15-m-sf-ghe-696x464.jpg 696w, https:\/\/covasna45.ro\/wp-content\/uploads\/2026\/03\/15-m-sf-ghe-1068x712.jpg 1068w, https:\/\/covasna45.ro\/wp-content\/uploads\/2026\/03\/15-m-sf-ghe-1920x1280.jpg 1920w, https:\/\/covasna45.ro\/wp-content\/uploads\/2026\/03\/15-m-sf-ghe.jpg 2048w\" sizes=\"auto, (max-width: 1024px) 100vw, 1024px\" \/><\/figure>\n\n\n\n<p>Prezentator: Dancsuly Helga<\/p>\n\n\n\n<p>Programul include:<br>&nbsp;\u2013 parada c\u0103l\u0103re\u021bilor tradi\u021bionali<br>&nbsp;\u2013 interpret\u0103ri muzicale \u0219i corale<br>&nbsp;\u2013 discursul primarului Antal \u00c1rp\u00e1d-Andr\u00e1s<br>&nbsp;\u2013 discursul secretarului de stat ungar R\u00e9p\u00e1ssy R\u00f3bert<br>&nbsp;\u2013 program artistic al Liceului Teoretic \u201eMikes Kelemen\u201d<br>&nbsp;\u2013 coregrafia ansamblului Kincskeres\u0151k<br>&nbsp;\u2013 binecuv\u00e2ntarea pastorului D\u00e9nes El\u0151d<br>&nbsp;\u2013 intonarea imnului maghiar \u0219i a imnului secuiesc<\/p>\n\n\n\n<p>Particip\u0103: coruri reunite, c\u0103l\u0103re\u021bi tradi\u021bionali, elevii Liceului \u201eMikes Kelemen\u201d, Ansamblul Kincskeres\u0151k \u0219i Fanfara de Tineret \u201eKov\u00e1ts Andr\u00e1s\u201d din Reci.<\/p>\n\n\n\n<hr class=\"wp-block-separator has-alpha-channel-opacity\"\/>\n\n\n\n<p><strong>CINEMA ARTA<\/strong><\/p>\n\n\n\n<p>16:00 \u2013 proiec\u021bia filmului istoric maghiar \u201eHadik\u201d (2022, 105 min)<br>&nbsp;Intrarea este liber\u0103.<\/p>\n\n\n\n<h2 class=\"wp-block-heading\"><a><\/a>Arcu\u0219<\/h2>\n\n\n\n<p>11:00 \u2013 Parad\u0103 ecvestr\u0103, alocu\u021biuni festive, Slujb\u0103 religioas\u0103, moment artistic sus\u021binut de Corul \u201eR\u00e9geni \u00c1ron\u201d, depuneri de coroane, prezentare religioas\u0103, program festiv la c\u0103minul cultural \u0219i depuneri de coroane st\u00e2lp funerar comemorative din 1848.<\/p>\n\n\n\n<h2 class=\"wp-block-heading\"><a><\/a>Bodoc<\/h2>\n\n\n\n<p>11:00 \u2013 Slujb\u0103 religioas\u0103, urmat\u0103 de depuneri de coroane \u00een curtea bisericii. Ceremonia continu\u0103 la monumentul central dedicat Revolu\u021biei de la 1848, cu depuneri de coroane \u0219i program festiv.<\/p>\n\n\n\n<h2 class=\"wp-block-heading\"><a><\/a>Bixad<\/h2>\n\n\n\n<p>11:30 \u2013 Sf\u00e2nt\u0103 Liturghie festiv\u0103 \u00een Biserica Romano-Catolic\u0103, depuneri de coroane la monumentul aflat l\u00e2ng\u0103 \u0219coal\u0103, apoi program festiv la c\u0103minul cultural.<\/p>\n\n\n\n<h2 class=\"wp-block-heading\"><a><\/a>Ghidfal\u0103u<\/h2>\n\n\n\n<ul class=\"wp-block-list\">\n<li>10:00 \u2013 Depuneri de coroane \u00een curtea \u0219colii, la statuia lui Czetz J\u00e1nos<\/li>\n\n\n\n<li>10:30 \u2013 Slujb\u0103 religioas\u0103 festiv\u0103 \u0219i depuneri de coroane \u00een curtea bisericii reformate<\/li>\n\n\n\n<li>11:30 \u2013 Program festiv \u0219i depuneri de coroane la basorelieful central<\/li>\n\n\n\n<li>12:00 \u2013 Spectacol festiv la c\u0103minul cultural<\/li>\n<\/ul>\n\n\n\n<h2 class=\"wp-block-heading\"><a><\/a>Zoltan<\/h2>\n\n\n\n<p>14:30 \u2013 Depuneri de coroane la poarta Czirj\u00e9k, la st\u00e2lpul funerar ridicat \u00een memoria lui V\u00e1radi J\u00f3zsef \u0219i la st\u00e2lpul funerar ridicat \u00een memoria lui Benk\u0151 Raffaeln\u00e9<\/p>\n\n\n\n<h2 class=\"wp-block-heading\"><a><\/a>Anghelu\u0219<\/h2>\n\n\n\n<p>16:00 \u2013 Depuneri de coroane la monument<\/p>\n\n\n\n<h2 class=\"wp-block-heading\"><a><\/a>Foto\u0219<\/h2>\n\n\n\n<p>17:00 \u2013 Slujb\u0103 religioas\u0103 festiv \u0219i depuneri de coroane \u00een biserica reformat\u0103<\/p>\n\n\n\n<h2 class=\"wp-block-heading\"><a><\/a>Ilieni<\/h2>\n\n\n\n<p>09:00 \u2013 Ceremonie comemorativ\u0103 \u0219i Slujb\u0103 religioas\u0103 la monumentul honvezilor<\/p>\n\n\n\n<h2 class=\"wp-block-heading\"><a><\/a>Dobolii de jos<\/h2>\n\n\n\n<p>11:00 \u2013 Ceremonie comemorativ\u0103 \u0219i Slujb\u0103 religioas\u0103<\/p>\n\n\n\n<h2 class=\"wp-block-heading\"><a><\/a>S\u00e2ncrai<\/h2>\n\n\n\n<p>11:00 \u2013 Slujb\u0103 religioas\u0103 ecumenic\u0103 \u0219i program festiv<\/p>\n\n\n\n<h2 class=\"wp-block-heading\"><a><\/a>Chichi\u0219<\/h2>\n\n\n\n<ul class=\"wp-block-list\">\n<li>11:00 \u2013 Slujb\u0103 religioas\u0103 \u00een biserica unitarian\u0103<\/li>\n\n\n\n<li>13:00 \u2013 Participan\u021bii se deplaseaz\u0103 la monumentul G\u00e1bor \u00c1ron pentru depuneri de coroane<\/li>\n<\/ul>\n\n\n\n<h2 class=\"wp-block-heading\"><a><\/a>Valea Cri\u0219ului<\/h2>\n\n\n\n<p>15:00 \u2013 Ceremonie comemorativ\u0103 \u00een biserica unitarian\u0103, urmat\u0103 de parad\u0103 ecvestr\u0103, \u00eenso\u021bit\u0103 de husari \u0219i fanfar\u0103, p\u00e2n\u0103 la monumentul din fa\u021ba c\u0103minului cultural, unde vor avea loc depuneri de coroane<\/p>\n\n\n\n<h2 class=\"wp-block-heading\"><a><\/a>Calnic<\/h2>\n\n\n\n<p>10:00 \u2013 Depuneri de coroane la morm\u00e2ntul honvedului din curtea bisericii unitariene. Programul continu\u0103 cu depuneri de coroane la monumentul din fa\u021ba c\u0103minului cultural \u0219i Slujb\u0103 religioas\u0103.<\/p>\n\n\n\n<h2 class=\"wp-block-heading\"><a><\/a>Malna\u0219<\/h2>\n\n\n\n<ul class=\"wp-block-list\">\n<li>08:30 \u2013 Slujb\u0103 religioas\u0103 \u00een biserica catolic\u0103 din Valea Z\u0103lanului<\/li>\n\n\n\n<li>10:00 \u2013 Depuneri de coroane la Malna\u0219-B\u0103i, \u00een parcul central<\/li>\n\n\n\n<li>11:00 \u2013 Slujb\u0103 religioas\u0103 \u0219i depuneri de coroane la Malna\u0219<\/li>\n\n\n\n<li>12:00 \u2013 Program festiv la c\u0103minul cultural, cu participarea elevilor<\/li>\n<\/ul>\n\n\n\n<h2 class=\"wp-block-heading\"><a><\/a>Micfal\u0103u<\/h2>\n\n\n\n<ul class=\"wp-block-list\">\n<li>10:30 \u2013 Sf\u00e2nt\u0103 Liturghie festiv\u0103 \u00een Biserica Romano-Catolic\u0103<\/li>\n\n\n\n<li>11:00 \u2013 Slujb\u0103 religioas\u0103 \u00een biserica reformat\u0103<\/li>\n<\/ul>\n\n\n\n<h2 class=\"wp-block-heading\"><a><\/a><a><\/a>Ozun<\/h2>\n\n\n\n<p>17:00 \u2013 Program festiv \u00een biserica reformat\u0103, cu participarea elevilor \u0218colii Gimnaziale \u201eTatrangi S\u00e1ndor\u201d. \u00cen continuare, vor avea loc depuneri de coroane \u00een pia\u021beta din fa\u021ba bisericii \u0219i a prim\u0103riei, cu participarea Fanfarei Atlantisz.<\/p>\n\n\n\n<h2 class=\"wp-block-heading\">Lisn\u0103u<\/h2>\n\n\n\n<p>11:00 \u2013 Comemorare \u00een biserica reformat\u0103, urmat\u0103 de depuneri de coroane \u00een fa\u021ba bisericii<\/p>\n\n\n\n<h2 class=\"wp-block-heading\">Comol\u0103u<\/h2>\n\n\n\n<p>12:00 \u2013 Depuneri de coroane \u0219i programe festive<\/p>\n\n\n\n<h2 class=\"wp-block-heading\">Aninoasa<\/h2>\n\n\n\n<p>13:30 \u2013 Depuneri de coroane \u0219i programe festive<\/p>\n\n\n\n<h2 class=\"wp-block-heading\">Bicfal\u0103u<\/h2>\n\n\n\n<p>14:00 \u2013 Program comemorativ la st\u00e2lpul funerar din fa\u021ba bisericii reformate, cu participarea elevilor<\/p>\n\n\n\n<h2 class=\"wp-block-heading\">S\u00e2ntionlunca<\/h2>\n\n\n\n<p>15:00 \u2013 Program festiv \u00een biserica unitarian\u0103<\/p>\n\n\n\n<h2 class=\"wp-block-heading\">Reci<\/h2>\n\n\n\n<p>10:00 \u2013 Depuneri de coroane \u0219i programe festive<\/p>\n\n\n\n<p>Moac\u0219a<\/p>\n\n\n\n<ul class=\"wp-block-list\">\n<li>10:00 \u2013 Depuneri de coroane \u00een curtea bisericii, program festiv cu participarea Fanfarei din Le\u0163<\/li>\n\n\n\n<li>10:20 \u2013 Parad\u0103 ecvestr\u0103 spre Eresteghin, la monumentul G\u00e1bor \u00c1ron, urmat\u0103 de depuneri de coronae<\/li>\n\n\n\n<li>11:00 \u2013 Program preg\u0103tit de elevii \u0218colii \u201eOrb\u00e1n Bal\u00e1zs\u201d<\/li>\n<\/ul>\n\n\n\n<h2 class=\"wp-block-heading\">Programe \u00een zona ora\u0219ului Covasna<\/h2>\n\n\n\n<p><strong>Chiuru\u0219<\/strong><\/p>\n\n\n\n<p>13:00 \u2013 Program festiv \u0219i moment comemorativ la monumentul central<\/p>\n\n\n\n<p><strong>Covasna<\/strong><\/p>\n\n\n\n<ul class=\"wp-block-list\">\n<li>13:30 \u2013 Adunarea participan\u021bilor pe strada D\u00f3zsa Gy\u00f6rgy (podul de pe strada K\u00e1lvin)<\/li>\n\n\n\n<li>14:00 \u2013 Parad\u0103 ecvestr\u0103 spre scena central\u0103<\/li>\n\n\n\n<li>14:15 \u2013 Program festiv la scena central\u0103<\/li>\n<\/ul>\n\n\n\n<p>Discursuri festive sus\u021binute de deputatul K\u00f6nczei Csaba, viceprimarul Jeszenovics R\u00f3bert-K\u00e1roly \u0219i reprezentan\u021bi ai bisericilor istorice.<\/p>\n\n\n\n<p>Particip\u0103: Corul b\u0103rb\u0103tesc reformat, Fanfara Reformat\u0103 \u201eFerencz Ern\u0151\u201d din Brate\u0219, elevii Liceului \u201eK\u0151r\u00f6si Csoma S\u00e1ndor\u201d \u0219i grupul de cerceta\u0219i \u201eHavadt\u0151y S\u00e1ndor\u201d.<\/p>\n\n\n\n<ul class=\"wp-block-list\">\n<li>16:00 \u2013 Depuneri de coroane \u00een curtea bisericii reformate centrale<\/li>\n\n\n\n<li>19:00 \u2013 Gal\u0103 festiv\u0103 la Centrul Cultural Covasna<\/li>\n<\/ul>\n\n\n\n<h2 class=\"wp-block-heading\"><a><\/a>Brate\u0219<\/h2>\n\n\n\n<p>Ceremonii festive:<\/p>\n\n\n\n<ul class=\"wp-block-list\">\n<li>9:30 \u2013 Telechia<\/li>\n\n\n\n<li>11:00 \u2013 Brate\u015f<\/li>\n\n\n\n<li>12:30 \u2013 Pachia<\/li>\n<\/ul>\n\n\n\n<h2 class=\"wp-block-heading\"><a><\/a>Comand\u0103u<\/h2>\n\n\n\n<p>12:00 \u2013 Depuneri de coroane, discursuri festive \u0219i program sus\u021binut de elevii \u0219colii generale, \u00een centrul localit\u0103\u021bii<\/p>\n\n\n\n<h2 class=\"wp-block-heading\"><a><\/a>Z\u0103bala<\/h2>\n\n\n\n<p>12:15 \u2013 Depuneri de coroane \u0219i programe festive, cu participarea elevilor<\/p>\n\n\n\n<h2 class=\"wp-block-heading\"><a><\/a>Peteni<\/h2>\n\n\n\n<p>09:00 \u2013 Depuneri de coroane la monumentul central \u0219i program festiv sus\u021binut de elevi<\/p>\n\n\n\n<h2 class=\"wp-block-heading\"><a><\/a><a><\/a>Surcea<\/h2>\n\n\n\n<p>10:30 \u2013 Depuneri de coroane la monumentul central, program festiv \u0219i Slujb\u0103 religioas\u0103 \u00een curtea bisericii<\/p>\n\n\n\n<h2 class=\"wp-block-heading\"><a><\/a>Pava<\/h2>\n\n\n\n<p>11:30 \u2013 Depuneri de coroane \u0219i programe festive<\/p>\n\n\n\n<h2 class=\"wp-block-heading\">Tama\u0219fal\u0103u<\/h2>\n\n\n\n<p>15:00 \u2013 Program sus\u021binut de elevi \u0219i moment artistic al corului b\u0103rb\u0103tesc<\/p>\n\n\n\n<h2 class=\"wp-block-heading\"><a><\/a>Zagon<\/h2>\n\n\n\n<p>10:00 \u2013 Comemorare \u0219i Slujb\u0103 religioas\u0103 \u00een biserica reformat\u0103, urmate de depuneri de coroane \u0219i parad\u0103 \u00een pia\u021ba central\u0103<\/p>\n\n\n\n<h2 class=\"wp-block-heading\"><a><\/a>P\u0103p\u0103u\u021bi<\/h2>\n\n\n\n<ul class=\"wp-block-list\">\n<li>12:00 \u2013 Slujb\u0103 religioas\u0103, parad\u0103 ecvestr\u0103 \u00eempreun\u0103 cu fanfara de tineret \u0219i depuneri de coroane<\/li>\n\n\n\n<li>14:00 \u2013 Parad\u0103 ecvestr\u0103 spre Covasna<\/li>\n<\/ul>\n\n\n\n<h2 class=\"wp-block-heading\">Boro\u0219neu Mare<\/h2>\n\n\n\n<p>15:00 \u2013 Slujb\u0103 religioas\u0103 oficiat\u0103 de pastorul reformat Zolt\u00e1n N\u00e9meth, urmat\u0103 de programul de poezie \u0219i muzic\u0103 al elevilor din Boro\u015fneu Mare. De asemenea, vor evolua grupele mic\u0103 \u0219i mare de dans Nemere ale Asocia\u021biei Leza. Vor sus\u021bine alocu\u021biuni festive Tacsa Zsolt Bartos, directorul \u015fcolii din Borosneu Mare, \u0219i Antal Kany\u00f3, primarul comunei Boro\u015fneu Mare. Evenimentul se \u00eencheie cu depuneri de coroane la monumentul din fa\u021ba bisericii.<\/p>\n\n\n\n<h2 class=\"wp-block-heading\"><a><\/a>Dobolii de sus<\/h2>\n\n\n\n<p>10:00 \u2013 Slujb\u0103 religioas\u0103 \u00een biserica reformat\u0103, oficiat de pastorul reformat Bocz G\u00e1bor Sebesty\u00e9n. Elevii \u0219i copiii de la \u0219coala primar\u0103 \u0219i gr\u0103dini\u021ba din Dobolii de sus prezint\u0103 un program de poezie \u0219i muzic\u0103 \u00een fa\u021ba bisericii sau a monumentului. Vor sus\u021bine alocu\u021biuni festive Tacsa Zsolt Bartos, directorul \u015ecolii din Boro\u015fneu Mare, \u0219i Kany\u00f3 Antal, primarul comunei Borosneu Mare. Evenimentul se \u00eencheie cu depuneri de coroane la monument.<\/p>\n\n\n\n<h2 class=\"wp-block-heading\"><a><\/a>\u021aufal\u0103u<\/h2>\n\n\n\n<p>11:00 \u2013 Slujb\u0103 religioas\u0103 oficiat\u0103 de pastorul reformat Gy\u00f6rgy-Demeter Szabolcs. Elevii \u0219i copiii de la \u0219coala primar\u0103 \u0219i gr\u0103dini\u021ba din V\u00e1rhegy vor prezenta un program de poezie \u0219i muzic\u0103. Vor lua cuv\u00e2ntul Tacsa Zsolt Bartos, directorul \u015ecolii din Borosneu Mare, \u0219i Antal Kany\u00f3, primarul comunei Boro\u015fneu Mare. Programul se \u00eencheie cu depuneri de coroane.<a><\/a><\/p>\n\n\n\n<h2 class=\"wp-block-heading\"><a><\/a>Boro\u0219neu Mic<\/h2>\n\n\n\n<p>12:00 \u2013 Slujb\u0103 religioas\u0103 oficiat\u0103 de pastorul reformat R\u00f3bert Sz\u00e9kely. Elevii \u0219i copiii de la \u0219coala primar\u0103 \u0219i gr\u0103dini\u021ba din Boro\u015fneu mic vor sus\u021bine un program de poezie \u0219i muzic\u0103. Vor rosti alocu\u021biuni festive Tacsa Zsolt Bartos, directorul \u015fcolii din Boro\u015fneu Mare, \u0219i Antal Kany\u00f3, primarul comunei Boro\u015fneu Mare, dup\u0103 care urmeaz\u0103 depuneri de coroane.<\/p>\n\n\n\n<h2 class=\"wp-block-heading\"><a><\/a>Le\u021b<\/h2>\n\n\n\n<p>13:00 \u2013 Slujb\u0103 religioas\u0103 oficiat\u0103 de pastorul reformat Gy\u0151z\u0151 Gerendi. Elevii \u0219i copiii de la \u0219coala primar\u0103 \u0219i gr\u0103dini\u021ba din Le\u0163, precum \u0219i grupele mic\u0103 \u0219i mare de dans Nemere ale Asocia\u021biei Leza, vor prezenta un program festiv. Vor lua cuv\u00e2ntul Tacsa Zsolt Bartos, directorul \u015fcolii din Boro\u015fneu Mare, \u0219i Antal Kany\u00f3, primarul comunei Boro\u015fneu Mare. \u00cen \u00eencheiere, vor avea loc depuneri de coroane la monumentul din fa\u021ba bisericii.<\/p>\n\n\n\n<hr class=\"wp-block-separator has-alpha-channel-opacity\"\/>\n\n\n\n<h2 class=\"wp-block-heading\"><a><\/a>Programe \u00een zona Baraoltului<\/h2>\n\n\n\n<p><strong>Bodvaj<\/strong><\/p>\n\n\n\n<p>14 martie, 13:00 \u2013 Comemorare \u0219i depuneri de coroane la furnalul de la Bodvaj<\/p>\n\n\n\n<p><strong>Baraolt<\/strong><\/p>\n\n\n\n<ul class=\"wp-block-list\">\n<li>14:00 \u2013 Comemorare \u0219i depuneri de coroane la monumentul Baik\u00f3 din fa\u021ba po\u0219tei, urmate de o parad\u0103 pedestr\u0103 cu steaguri spre monumentul din V\u00e9cer<\/li>\n\n\n\n<li>19:00 \u2013 Spectacolul \u201eMagyarok F\u00e9nye\u201d al Teatrului Maghiar din Bra\u0219ov<\/li>\n<\/ul>\n\n\n\n<p><strong>C\u0103peni<\/strong><\/p>\n\n\n\n<p>11:00 \u2013 Slujb\u0103 religioas\u0103, lansare de carte \u0219i comemorare \u00een biserica reformat\u0103<\/p>\n\n\n\n<p><strong>Comuna B\u0103\u021bani<\/strong><\/p>\n\n\n\n<ul class=\"wp-block-list\">\n<li>10:00 \u2013 Adunarea participan\u021bilor \u00een fa\u021ba \u0219colii<\/li>\n\n\n\n<li>10:30 \u2013 Parad\u0103 ecvestr\u0103 \u00eenso\u021bit\u0103 de Fanfara din B\u0103\u021banii Mari<\/li>\n\n\n\n<li>11:00 \u2013 Slujb\u0103 religioas\u0103<\/li>\n\n\n\n<li>12:00 \u2013 Depuneri de coroane la copjafa din 1848<\/li>\n\n\n\n<li>13:00 \u2013 Program festiv la c\u0103minul cultural<\/li>\n<\/ul>\n\n\n\n<p><strong>Br\u0103du\u021b<\/strong><\/p>\n\n\n\n<p>11:00 \u2013 Ceremonie comemorativ\u0103 \u0219i slujb\u0103 religioas\u0103 festiv<\/p>\n\n\n\n<p><strong>Filia<\/strong><\/p>\n\n\n\n<p>11:00 \u2013 Ceremonie comemorativ\u0103 \u0219i slujb\u0103 religioas\u0103, urmate de depuneri de coroane la monumentul G\u00e1bor \u00c1ron<\/p>\n\n\n\n<p><strong>Aita Medie<\/strong><\/p>\n\n\n\n<p>11:00 \u2013 Slujb\u0103 religioas\u0103 \u00een curtea bisericii, program sus\u021binut de copii \u0219i alocu\u021biuni festive<\/p>\n\n\n\n<p><strong>Aita Mare<\/strong><\/p>\n\n\n\n<p>14:00 \u2013 Slujb\u0103 religioas\u0103 ecumenic\u0103 \u00een parcul central, recital al fanfarei, depuneri de coroane, apoi program festiv la c\u0103minul cultural cu participarea elevilor \u0219i concert festiv al corului<\/p>\n\n\n\n<p><strong>V\u00e2rghi\u0219<\/strong><\/p>\n\n\n\n<p>11:00 \u2013 Slujb\u0103 religioas\u0103 \u00een biserica unitarian\u0103, urmat\u0103 de program festiv \u0219i depuneri de coroane la monumentul central Turul<\/p>\n\n\n\n<hr class=\"wp-block-separator has-alpha-channel-opacity\"\/>\n\n\n\n<h2 class=\"wp-block-heading\"><a><\/a>Programe \u00een zona T\u00e2rgu Secuiesc<\/h2>\n\n\n\n<p><a><\/a>14 martie<\/p>\n\n\n\n<p>19:00 \u2013 \u201e\u00cdgy tal\u00e1lok r\u00e1d, haz\u00e1m!\u201d, concert-spectacol \u00een sala mare a Centrului Cultural Vigad\u00f3<\/p>\n\n\n\n<p>Interpreteaz\u0103: Roland Kaly, D\u00f3ra Moldvai, Rebeka Nagy Babos, \u00c1gora Elek, Norbert Bejan, \u00c1ron P\u00e1ll, Oliv\u00e9r T\u00f3th, Isa Pak\u00f3, Krisztina G. Sz\u00e9kely, J\u00e1nos Mih\u00e1ly, Norbert Bir\u00f3, Dorottya G\u00e1l, M\u00e1rk Keresztes, Anna-R\u00f3za Fazakas, D\u00e1niel Benk\u0151, Vikt\u00f3ria Nagy Tarczali, Dorka Simon Vizi, Tam\u00e1s-J\u00e1nos Porkol\u00e1b.<\/p>\n\n\n\n<figure class=\"wp-block-image size-full\"><img loading=\"lazy\" decoding=\"async\" width=\"1000\" height=\"1000\" src=\"https:\/\/covasna45.ro\/wp-content\/uploads\/2026\/03\/646359387_1521770999954961_3006831620126548102_n.jpg\" alt=\"\" class=\"wp-image-15375\" srcset=\"https:\/\/covasna45.ro\/wp-content\/uploads\/2026\/03\/646359387_1521770999954961_3006831620126548102_n.jpg 1000w, https:\/\/covasna45.ro\/wp-content\/uploads\/2026\/03\/646359387_1521770999954961_3006831620126548102_n-300x300.jpg 300w, https:\/\/covasna45.ro\/wp-content\/uploads\/2026\/03\/646359387_1521770999954961_3006831620126548102_n-150x150.jpg 150w, https:\/\/covasna45.ro\/wp-content\/uploads\/2026\/03\/646359387_1521770999954961_3006831620126548102_n-768x768.jpg 768w, https:\/\/covasna45.ro\/wp-content\/uploads\/2026\/03\/646359387_1521770999954961_3006831620126548102_n-696x696.jpg 696w\" sizes=\"auto, (max-width: 1000px) 100vw, 1000px\" \/><\/figure>\n\n\n\n<p><strong>15 martie \u2013 T\u00e2rgu Secuiesc<\/strong><\/p>\n\n\n\n<ul class=\"wp-block-list\">\n<li>10:00\u201312:00 \/ 16:00\u201318:00 \u2013 Cafeneaua Pilvax \u00ee\u0219i deschide por\u021bile: atmosfer\u0103 de epoc\u0103 \u0219i servire tematic\u0103, expozi\u021bia \u201eH\u00e1romsz\u00e9ki Honle\u00e1nyok\u201d, col\u021b foto, cafea \u0219i pr\u0103jituri din epoca reformei. Quiz, puzzle, muzic\u0103 de salon \u2013 \u0219i un revolu\u021bionar recitator care \u00ee\u0219i a\u0219teapt\u0103 publicul.<br>Loca\u021bie: Centrul Cultural Vigad\u00f3<\/li>\n<\/ul>\n\n\n\n<ul class=\"wp-block-list\">\n<li>11:00 \u2013 Slujb\u0103 religioas\u0103 festiv\u0103. Program preg\u0103tit de elevii \u0219i orchestra Colegiului Reformat \u201edr. Csiha K\u00e1lm\u00e1n\u201d, sub \u00eendrumarea pastorului S\u00e1ndor Ruszka, a preotului \u0219colar K\u00e1roly Bartos \u0219i a profesoarei de limba maghiar\u0103 Zsuzs\u00e1nna Gy\u00e1rf\u00e1s Rancz.<\/li>\n<\/ul>\n\n\n\n<ul class=\"wp-block-list\">\n<li>11:45 \u2013 Prelegere comemorativ\u0103 la Casa memorial\u0103 \u201eTur\u00f3czi M\u00f3zes\u201d, cu participarea elevilor \u0219i profesorilor \u0218colii Gimnaziale \u201eTur\u00f3czi M\u00f3zes\u201d<\/li>\n<\/ul>\n\n\n\n<ul class=\"wp-block-list\">\n<li>11:55 \u2013 Depunere de coroan\u0103 la placa memorial\u0103 Szacsvay, organizat\u0103 de elevii \u0219i profesorii \u0218colii Normale \u201eBod P\u00e9ter\u201d<\/li>\n<\/ul>\n\n\n\n<ul class=\"wp-block-list\">\n<li>12:10 \u2013 Program festiv al \u0218colii Gimnaziale \u201ePet\u0151fi S\u00e1ndor\u201d \u00een curtea \u0219colii, urmat de depuneri de coroane la placa memorial\u0103 Pet\u0151fi<\/li>\n<\/ul>\n\n\n\n<ul class=\"wp-block-list\">\n<li>12:00 \u2013 Program festiv sus\u021binut de elevii \u0218colii Generale Reformate de Aplica\u021bie \u201eK\u00f6lcsey Ferenc\u201d din Debrecen, urmat de depuneri de coroane la statuia lui Kossuth, organizate de elevii \u0219i profesorii \u0218colii Normale \u201eBod P\u00e9ter\u201d<\/li>\n<\/ul>\n\n\n\n<ul class=\"wp-block-list\">\n<li>12:00 \u2013 Comemorare festiv\u0103 la monumentul eroilor din 1848 \u0219i al celor dou\u0103 r\u0103zboaie mondiale, cu participarea elevilor \u0219i profesorilor Colegiului Reformat \u201edr. Csiha K\u00e1lm\u00e1n\u201d. \u00cen cadrul ceremoniei vor lua cuv\u00e2ntul Vasas Istv\u00e1n, reprezentant al administra\u021biei locale din Mez\u0151t\u00far, Opra Hunor, elev \u00een an terminal al colegiului, elevul Victor Cisar va recita, iar membrii cercului de c\u00e2ntece populare al \u0219colii vor interpreta momente muzicale.<\/li>\n<\/ul>\n\n\n\n<ul class=\"wp-block-list\">\n<li>12:00 \u2013 Program festiv al Liceului Tehnologic \u201eG\u00e1bor \u00c1ron\u201d \u00een aula \u0219colii<\/li>\n<\/ul>\n\n\n\n<ul class=\"wp-block-list\">\n<li>12:15 \u2013 Program festiv sus\u021binut de elevii clasei a IV-a ai \u0218colii Gimnaziale \u201eMoln\u00e1r J\u00f3zsi\u00e1s\u201d \u0219i depuneri de coroane la mausoleul Moln\u00e1r J\u00f3zsi\u00e1s. Profesori coordonatori: Emilia Bart\u00f3k, \u00c9va Kelemen, Enik\u0151 Szotyori<\/li>\n<\/ul>\n\n\n\n<ul class=\"wp-block-list\">\n<li>12:15 \u2013 Program festiv \u0219i depuneri de coroane la statuia lui Bem, organizate de elevii \u0219i profesorii Liceului Tehnologic \u201eApor P\u00e9ter\u201d. Discursul festiv va fi sus\u021binut de eleva Bernadett V\u00e1radi, clasa a X-a. Elevii vor evoca momente istorice locale, readuc\u00e2nd \u00een prim-plan figurile lui J\u00f3zsef Bem, G\u00e1bor \u00c1ron \u0219i J\u00e1nos Tuzson.<\/li>\n<\/ul>\n\n\n\n<ul class=\"wp-block-list\">\n<li>12:45 \u2013 Ceremonia central\u0103: adunarea participan\u021bilor \u0219i defilarea elevilor<\/li>\n<\/ul>\n\n\n\n<p>13:00 \u2013 Parad\u0103 a husarilor c\u0103lare, a grupurilor de p\u0103str\u0103tori ai tradi\u021biei \u0219i a reprezentan\u021bilor satelor din \u00eemprejurimi cu care alegorice, urmate de prinderea panglicilor \u0219i defilarea cu steaguri<\/p>\n\n\n\n<ul class=\"wp-block-list\">\n<li>14:00 \u2013 Program festiv<\/li>\n<\/ul>\n\n\n\n<p>Participan\u021bii vor fi saluta\u021bi de primarul municipiului T\u00e2rgu Secuiesc, Bokor Tibor. Invitatul de onoare al evenimentului este pre\u0219edintele Ungariei, Tam\u00e1s Sulyok. La eveniment vor mai participa Kissn\u00e9 Hlatki Katalin, ambasadorul Ungariei la Bucure\u0219ti, Dolhai Istv\u00e1n, consul general, precum \u0219i Szungert Bal\u00e1zs, consul, \u00een reprezentarea Consulatului General al Ungariei la Miercurea-Ciuc. De asemenea, va fi prezent \u0219i Tam\u00e1s S\u00e1ndor, pre\u0219edintele Consiliului Jude\u021bean Covasna.<\/p>\n\n\n\n<figure class=\"wp-block-image size-large\"><img loading=\"lazy\" decoding=\"async\" width=\"1024\" height=\"768\" src=\"https:\/\/covasna45.ro\/wp-content\/uploads\/2026\/03\/kezdi15m-1024x768.jpg\" alt=\"\" class=\"wp-image-15420\" srcset=\"https:\/\/covasna45.ro\/wp-content\/uploads\/2026\/03\/kezdi15m-1024x768.jpg 1024w, https:\/\/covasna45.ro\/wp-content\/uploads\/2026\/03\/kezdi15m-300x225.jpg 300w, https:\/\/covasna45.ro\/wp-content\/uploads\/2026\/03\/kezdi15m-768x576.jpg 768w, https:\/\/covasna45.ro\/wp-content\/uploads\/2026\/03\/kezdi15m-1536x1152.jpg 1536w, https:\/\/covasna45.ro\/wp-content\/uploads\/2026\/03\/kezdi15m-150x113.jpg 150w, https:\/\/covasna45.ro\/wp-content\/uploads\/2026\/03\/kezdi15m-696x522.jpg 696w, https:\/\/covasna45.ro\/wp-content\/uploads\/2026\/03\/kezdi15m-1068x801.jpg 1068w, https:\/\/covasna45.ro\/wp-content\/uploads\/2026\/03\/kezdi15m.jpg 1600w\" sizes=\"auto, (max-width: 1024px) 100vw, 1024px\" \/><\/figure>\n\n\n\n<hr class=\"wp-block-separator has-alpha-channel-opacity\"\/>\n\n\n\n<h2 class=\"wp-block-heading\"><a><\/a>Alte localit\u0103\u021bi din zona T\u00e2rgu Secuiesc<\/h2>\n\n\n\n<p><strong>Bre\u021bcu<\/strong><\/p>\n\n\n\n<ul class=\"wp-block-list\">\n<li>13:00 \u2013 Defilare spre T\u00e2rgu Secuiesc<\/li>\n\n\n\n<li>17:00 \u2013 Alocu\u021biuni festive, depuneri de coroane \u0219i program festiv la statuia lui G\u00e1bor \u00c1ron, apoi programul continu\u0103 la c\u0103minul cultural local<\/li>\n<\/ul>\n\n\n\n<p><strong>Cernatul de Sus<\/strong><\/p>\n\n\n\n<p>09:30 \u2013 Program sus\u021binut de elevii \u0218colii Gimnaziale \u201eBod P\u00e9ter\u201d \u0219i de corul parohiei reformate din Cernatul de Sus<\/p>\n\n\n\n<p><strong>Cernatul de Jos<\/strong><\/p>\n\n\n\n<p>16:00 \u2013 Ceremonie comemorativ\u0103, cu participarea elevilor \u0218colii Gimnaziale \u201eV\u00e9gh Antal\u201d, a grupului vocal Pak\u00f3 Andr\u00e1s \u0219i a Fanfarei de Tineret din Fels\u0151h\u00e1romsz\u00e9k<\/p>\n\n\n\n<p><strong>Albi\u0219<\/strong><\/p>\n\n\n\n<p>11:00 \u2013 Program comemorativ sus\u021binut de elevii ciclului primar \u0219i de corul b\u0103rb\u0103tesc<\/p>\n\n\n\n<p><strong>Icafal\u0103u<\/strong><\/p>\n\n\n\n<p>11:00 \u2013 Slujb\u0103 religioas\u0103 \u0219i ceremonie comemorativ\u0103, cu participarea elevilor \u0218colii Primare \u201eSzab\u00f3 Lajos\u201d \u0219i a corului local<\/p>\n\n\n\n<p><strong>Mereni<\/strong><\/p>\n\n\n\n<ul class=\"wp-block-list\">\n<li>9:00 \u2013 Slujb\u0103 religioas\u0103 \u0219i ceremonie comemorativ\u0103 la Csomort\u00e1n<\/li>\n\n\n\n<li>10:30 \u2013 Sf\u00e2nt\u0103 Liturghie la Mereni, urmat\u0103 de program festiv la monumentul din fa\u021ba bisericii, cu participarea elevilor<\/li>\n<\/ul>\n\n\n\n<p><strong>Dalnic<\/strong><\/p>\n\n\n\n<p>10:00 \u2013 Slujb\u0103 religioas\u0103&nbsp; \u00een biserica reformat\u0103, urmat\u0103 de depuneri de coroane \u00een curtea \u0219colii \u0219i program festiv sus\u021binut de elevii \u0218colii Gimnaziale \u201eDark\u00f3 Jen\u0151\u201d \u00eempreun\u0103 cu Corul Harm\u00f3nia<\/p>\n\n\n\n<p><strong>Estelnic<\/strong><\/p>\n\n\n\n<ul class=\"wp-block-list\">\n<li>9:00 \u2013 Sf\u00e2nt\u0103 Liturghie \u00een biserica franciscan\u0103<\/li>\n\n\n\n<li>10:10 \u2013 Comemorare \u0219i depuneri de coroane la monumentul Szacsvay<\/li>\n\n\n\n<li>10:30 \u2013 Comemorare \u0219i depuneri de coroane la monumentul din 1848\u20131849<\/li>\n\n\n\n<li>10:50 \u2013 Comemorare \u0219i depuneri de coroane la copjafa milenar\u0103 din Kurtapatak<\/li>\n\n\n\n<li>11:00 \u2013 Parad\u0103 cu care \u0219i c\u0103l\u0103re\u021bi spre T\u00e2rgu Secuiesc<\/li>\n<\/ul>\n\n\n\n<p><strong>Ghelin\u021ba<\/strong><\/p>\n\n\n\n<p>09:30 \u201311:00 Parada festiv\u0103 de la Biserica Monument, discursuri festive. Program festiv sus\u021binut de \u0218coala Gimnazial\u0103 \u201eJancs\u00f3 Benedek\u201d \u0219i de \u201eF\u00e9rfi Dal\u00e1rda\u201d din Ghelin\u021ba. Binecuv\u00e2ntarea pastorului Zolt\u00e1n Szecsete, urmat\u0103 de depunere de coroane.<\/p>\n\n\n\n<p><strong>S\u00e2nzieni<\/strong><\/p>\n\n\n\n<ul class=\"wp-block-list\">\n<li>10:30 \u2013 Sf\u00e2nt\u0103 Liturghie festiv\u0103<\/li>\n\n\n\n<li>11:30 \u2013 Depuneri de coroane la monumentul eroilor<\/li>\n\n\n\n<li>12:00 \u2013 Defilare spre T\u00e2rgu Secuiesc<\/li>\n\n\n\n<li>17:00 \u2013 Program festiv la casa de cultur\u0103<\/li>\n<\/ul>\n\n\n\n<p><strong>Belani<\/strong><\/p>\n\n\n\n<ul class=\"wp-block-list\">\n<li>08:00 \u2013 Sf\u00e2nt\u0103 Liturghie \u0219i depuneri de coroane, urmate de parad\u0103 cu care \u0219i c\u0103l\u0103re\u021bi spre Poian<\/li>\n\n\n\n<li>10:15 \u2013 Sf\u00e2nt\u0103 Liturghie \u0219i depuneri de coroane, apoi parad\u0103 cu care \u0219i c\u0103l\u0103re\u021bi spre T\u00e2rgu Secuiesc<\/li>\n<\/ul>\n\n\n\n<p><strong>Ojdula<\/strong><\/p>\n\n\n\n<ul class=\"wp-block-list\">\n<li>17:00 \u2013 Sf\u00e2nt\u0103 Liturghie \u0219i depuneri de coroane la mormintele eroilor<\/li>\n\n\n\n<li>18:00 \u2013 Program festiv la c\u0103minul cultural, cu participarea Fanfarei din Fels\u0151h\u00e1romsz\u00e9k, a elevilor \u0219i a corului b\u0103rb\u0103tesc<\/li>\n<\/ul>\n\n\n\n<p><strong>Catalina<\/strong><\/p>\n\n\n\n<p>11:00 \u2013 Sf\u00e2nt\u0103 Liturghie \u0219i depuneri de coronae<\/p>\n\n\n\n<p><strong>M\u0103rtineni<\/strong><\/p>\n\n\n\n<p>10:00 \u2013 Sf\u00e2nt\u0103 Liturghie \u0219i depuneri de coroane<\/p>\n\n\n\n<p><strong>Turia<\/strong><\/p>\n\n\n\n<ul class=\"wp-block-list\">\n<li>11:00 \u2013 Parad\u0103 cu care \u0219i c\u0103l\u0103re\u021bi spre T\u00e2rgu Secuiesc<\/li>\n\n\n\n<li>11:00 \u2013 Depuneri de coroane \u00een fa\u021ba prim\u0103riei, la monumentul dedicat Revolu\u021biei din 1848. La \u00eentoarcerea din T\u00e2rgu Secuiesc vor avea loc depuneri de coroane \u00een fa\u021ba bisericii catolice din Altorja.<\/li>\n<\/ul>\n\n\n\n<hr class=\"wp-block-separator has-alpha-channel-opacity\"\/>\n\n\n\n<h2 class=\"wp-block-heading\"><strong>Programul deputa\u021biilor<\/strong><\/h2>\n\n\n\n<p><strong>Mikl\u00f3s Zolt\u00e1n<\/strong><\/p>\n\n\n\n<ul class=\"wp-block-list\">\n<li>09:00 \u2013 Sf\u00e2ntu Gheorghe, placa memorial\u0103 a turn\u0103torului de tunuri Kiss J\u00e1nos (str. Oltului nr. 16)<\/li>\n\n\n\n<li>10:00 \u2013 Sf\u00e2ntu Gheorghe, depuneri de coroane la statuia Gr\u00f3f Mik\u00f3 Imre<\/li>\n\n\n\n<li>10:30 \u2013 placa memorial\u0103 G\u00e1bor \u00c1ron (Biblioteca Jude\u021bean\u0103 \u201eBod P\u00e9ter\u201d)<\/li>\n\n\n\n<li>11:00 \u2013 statuia lui Kossuth Lajos (Casa de Cultur\u0103 \u201eK\u00f3nya \u00c1d\u00e1m\u201d)<\/li>\n\n\n\n<li>12:30 \u2013 monumentul honvezilor din 1848\u20131849, Sf\u00e2ntu Gheorghe<\/li>\n<\/ul>\n\n\n\n<p><strong>K\u00f6nczei Csaba<\/strong><\/p>\n\n\n\n<ul class=\"wp-block-list\">\n<li>10:00 \u2013 Reci<\/li>\n\n\n\n<li>11:00 \u2013 Zagon<\/li>\n\n\n\n<li>12:00 \u2013 P\u0103p\u0103u\u021bi<\/li>\n\n\n\n<li>14:00 \u2013 Covasna<\/li>\n<\/ul>\n\n\n\n<p><strong>G\u00e1l K\u00e1roly<\/strong><\/p>\n\n\n\n<ul class=\"wp-block-list\">\n<li>14 martie, 13:00 \u2013 Comemorare \u0219i depuneri de coroane la furnalul de la Bodvaj<\/li>\n\n\n\n<li>15:00 \u2013 Comemorare \u0219i depuneri de coroane<\/li>\n<\/ul>\n\n\n\n<p><strong>Kondor \u00c1gota<\/strong><\/p>\n\n\n\n<p>12:00 \u2013 Comand\u0103u<\/p>\n\n\n\n<p><strong>Fej\u00e9r L\u00e1szl\u00f3 \u00d6d\u00f6n<\/strong><\/p>\n\n\n\n<ul class=\"wp-block-list\">\n<li>10:00 \u2013 Ghelin\u021ba<\/li>\n\n\n\n<li>13:00 \u2013 T\u00e2rgu Secuiesc<\/li>\n\n\n\n<li>17:00 \u2013 S\u00e2nzieni<\/li>\n\n\n\n<li>18:00 \u2013 T\u00e2rgu Secuiesc: \u201e\u00cdgy tal\u00e1lok r\u00e1d, haz\u00e1m!\u201d, concert-spectacol la Centrul Cultural Vigad\u00f3.<\/li>\n<\/ul>\n","protected":false},"excerpt":{"rendered":"<p>Institu\u021biile culturale, \u0219colile, prim\u0103riile si asocia\u021biile civice organizeaz\u0103, cu ocazia Zilei Maghiarilor de Pretutindeni, evenimente festive \u00een cea mai mare parte a localit\u0103\u021bilor din jude\u021bul Covasna. Revolu\u021bia de la 1848&nbsp;este considerat\u0103 unul dintre fundamentele identit\u0103\u021bii na\u021bionale ale poporului maghiar. An de an, la 15 martie e celebrat\u0103 data la care a pornit Revolu\u021bia \u0219i care [&hellip;]<\/p>\n","protected":false},"author":1,"featured_media":15416,"comment_status":"open","ping_status":"closed","sticky":false,"template":"","format":"standard","meta":{"tdm_status":"","tdm_grid_status":"","footnotes":""},"categories":[14],"tags":[182,21],"class_list":{"0":"post-15415","1":"post","2":"type-post","3":"status-publish","4":"format-standard","5":"has-post-thumbnail","7":"category-lumea-noastra","8":"tag-15-martie","9":"tag-covasna"},"yoast_head":"<!-- This site is optimized with the Yoast SEO plugin v27.5 - https:\/\/yoast.com\/product\/yoast-seo-wordpress\/ -->\n<title>Programul complet al ceremoniilor organizate de 15 martie \u00een jude\u021bul Covasna - Covasna45<\/title>\n<meta name=\"description\" content=\"Institu\u021biile culturale, prim\u0103riile si asocia\u021biile civice organizeaz\u0103, cu ocazia Zilei Maghiarilor de Pretutindeni, evenimente festive.\" \/>\n<meta name=\"robots\" content=\"index, follow, max-snippet:-1, max-image-preview:large, max-video-preview:-1\" \/>\n<link rel=\"canonical\" href=\"https:\/\/covasna45.ro\/index.php\/lumea-noastra\/programul-complet-al-ceremoniilor-organizate-de-15-martie-in-judetul-covasna\/\" \/>\n<meta property=\"og:locale\" content=\"ro_RO\" \/>\n<meta property=\"og:type\" content=\"article\" \/>\n<meta property=\"og:title\" content=\"Programul complet al ceremoniilor organizate de 15 martie \u00een jude\u021bul Covasna - Covasna45\" \/>\n<meta property=\"og:description\" content=\"Institu\u021biile culturale, prim\u0103riile si asocia\u021biile civice organizeaz\u0103, cu ocazia Zilei Maghiarilor de Pretutindeni, evenimente festive.\" \/>\n<meta property=\"og:url\" content=\"https:\/\/covasna45.ro\/index.php\/lumea-noastra\/programul-complet-al-ceremoniilor-organizate-de-15-martie-in-judetul-covasna\/\" \/>\n<meta property=\"og:site_name\" content=\"Covasna45\" \/>\n<meta property=\"article:published_time\" content=\"2026-03-12T07:46:19+00:00\" \/>\n<meta property=\"article:modified_time\" content=\"2026-03-12T07:52:31+00:00\" \/>\n<meta property=\"og:image\" content=\"https:\/\/covasna45.ro\/wp-content\/uploads\/2026\/03\/15mcv-scaled.jpg\" \/>\n\t<meta property=\"og:image:width\" content=\"2560\" \/>\n\t<meta property=\"og:image:height\" content=\"1920\" \/>\n\t<meta property=\"og:image:type\" content=\"image\/jpeg\" \/>\n<meta name=\"author\" content=\"Covasna45\" \/>\n<meta name=\"twitter:card\" content=\"summary_large_image\" \/>\n<meta name=\"twitter:label1\" content=\"Scris de\" \/>\n\t<meta name=\"twitter:data1\" content=\"Covasna45\" \/>\n\t<meta name=\"twitter:label2\" content=\"Timp estimat pentru citire\" \/>\n\t<meta name=\"twitter:data2\" content=\"16 minute\" \/>\n<script type=\"application\/ld+json\" class=\"yoast-schema-graph\">{\"@context\":\"https:\\\/\\\/schema.org\",\"@graph\":[{\"@type\":\"Article\",\"@id\":\"https:\\\/\\\/covasna45.ro\\\/index.php\\\/lumea-noastra\\\/programul-complet-al-ceremoniilor-organizate-de-15-martie-in-judetul-covasna\\\/#article\",\"isPartOf\":{\"@id\":\"https:\\\/\\\/covasna45.ro\\\/index.php\\\/lumea-noastra\\\/programul-complet-al-ceremoniilor-organizate-de-15-martie-in-judetul-covasna\\\/\"},\"author\":{\"name\":\"Covasna45\",\"@id\":\"https:\\\/\\\/covasna45.ro\\\/#\\\/schema\\\/person\\\/e674052bd7d95d70bbb007a1060ab73c\"},\"headline\":\"Programul complet al ceremoniilor organizate de 15 martie \u00een jude\u021bul Covasna\",\"datePublished\":\"2026-03-12T07:46:19+00:00\",\"dateModified\":\"2026-03-12T07:52:31+00:00\",\"mainEntityOfPage\":{\"@id\":\"https:\\\/\\\/covasna45.ro\\\/index.php\\\/lumea-noastra\\\/programul-complet-al-ceremoniilor-organizate-de-15-martie-in-judetul-covasna\\\/\"},\"wordCount\":3045,\"commentCount\":0,\"publisher\":{\"@id\":\"https:\\\/\\\/covasna45.ro\\\/#organization\"},\"image\":{\"@id\":\"https:\\\/\\\/covasna45.ro\\\/index.php\\\/lumea-noastra\\\/programul-complet-al-ceremoniilor-organizate-de-15-martie-in-judetul-covasna\\\/#primaryimage\"},\"thumbnailUrl\":\"https:\\\/\\\/covasna45.ro\\\/wp-content\\\/uploads\\\/2026\\\/03\\\/15mcv-scaled.jpg\",\"keywords\":[\"15 martie\",\"covasna\"],\"articleSection\":[\"Lumea noastr\u0103\"],\"inLanguage\":\"ro-RO\",\"potentialAction\":[{\"@type\":\"CommentAction\",\"name\":\"Comment\",\"target\":[\"https:\\\/\\\/covasna45.ro\\\/index.php\\\/lumea-noastra\\\/programul-complet-al-ceremoniilor-organizate-de-15-martie-in-judetul-covasna\\\/#respond\"]}]},{\"@type\":\"WebPage\",\"@id\":\"https:\\\/\\\/covasna45.ro\\\/index.php\\\/lumea-noastra\\\/programul-complet-al-ceremoniilor-organizate-de-15-martie-in-judetul-covasna\\\/\",\"url\":\"https:\\\/\\\/covasna45.ro\\\/index.php\\\/lumea-noastra\\\/programul-complet-al-ceremoniilor-organizate-de-15-martie-in-judetul-covasna\\\/\",\"name\":\"Programul complet al ceremoniilor organizate de 15 martie \u00een jude\u021bul Covasna - Covasna45\",\"isPartOf\":{\"@id\":\"https:\\\/\\\/covasna45.ro\\\/#website\"},\"primaryImageOfPage\":{\"@id\":\"https:\\\/\\\/covasna45.ro\\\/index.php\\\/lumea-noastra\\\/programul-complet-al-ceremoniilor-organizate-de-15-martie-in-judetul-covasna\\\/#primaryimage\"},\"image\":{\"@id\":\"https:\\\/\\\/covasna45.ro\\\/index.php\\\/lumea-noastra\\\/programul-complet-al-ceremoniilor-organizate-de-15-martie-in-judetul-covasna\\\/#primaryimage\"},\"thumbnailUrl\":\"https:\\\/\\\/covasna45.ro\\\/wp-content\\\/uploads\\\/2026\\\/03\\\/15mcv-scaled.jpg\",\"datePublished\":\"2026-03-12T07:46:19+00:00\",\"dateModified\":\"2026-03-12T07:52:31+00:00\",\"description\":\"Institu\u021biile culturale, prim\u0103riile si asocia\u021biile civice organizeaz\u0103, cu ocazia Zilei Maghiarilor de Pretutindeni, evenimente festive.\",\"breadcrumb\":{\"@id\":\"https:\\\/\\\/covasna45.ro\\\/index.php\\\/lumea-noastra\\\/programul-complet-al-ceremoniilor-organizate-de-15-martie-in-judetul-covasna\\\/#breadcrumb\"},\"inLanguage\":\"ro-RO\",\"potentialAction\":[{\"@type\":\"ReadAction\",\"target\":[\"https:\\\/\\\/covasna45.ro\\\/index.php\\\/lumea-noastra\\\/programul-complet-al-ceremoniilor-organizate-de-15-martie-in-judetul-covasna\\\/\"]}]},{\"@type\":\"ImageObject\",\"inLanguage\":\"ro-RO\",\"@id\":\"https:\\\/\\\/covasna45.ro\\\/index.php\\\/lumea-noastra\\\/programul-complet-al-ceremoniilor-organizate-de-15-martie-in-judetul-covasna\\\/#primaryimage\",\"url\":\"https:\\\/\\\/covasna45.ro\\\/wp-content\\\/uploads\\\/2026\\\/03\\\/15mcv-scaled.jpg\",\"contentUrl\":\"https:\\\/\\\/covasna45.ro\\\/wp-content\\\/uploads\\\/2026\\\/03\\\/15mcv-scaled.jpg\",\"width\":2560,\"height\":1920},{\"@type\":\"BreadcrumbList\",\"@id\":\"https:\\\/\\\/covasna45.ro\\\/index.php\\\/lumea-noastra\\\/programul-complet-al-ceremoniilor-organizate-de-15-martie-in-judetul-covasna\\\/#breadcrumb\",\"itemListElement\":[{\"@type\":\"ListItem\",\"position\":1,\"name\":\"Prima pagin\u0103\",\"item\":\"https:\\\/\\\/covasna45.ro\\\/\"},{\"@type\":\"ListItem\",\"position\":2,\"name\":\"Programul complet al ceremoniilor organizate de 15 martie \u00een jude\u021bul Covasna\"}]},{\"@type\":\"WebSite\",\"@id\":\"https:\\\/\\\/covasna45.ro\\\/#website\",\"url\":\"https:\\\/\\\/covasna45.ro\\\/\",\"name\":\"covasna45.ro\",\"description\":\"\",\"publisher\":{\"@id\":\"https:\\\/\\\/covasna45.ro\\\/#organization\"},\"potentialAction\":[{\"@type\":\"SearchAction\",\"target\":{\"@type\":\"EntryPoint\",\"urlTemplate\":\"https:\\\/\\\/covasna45.ro\\\/?s={search_term_string}\"},\"query-input\":{\"@type\":\"PropertyValueSpecification\",\"valueRequired\":true,\"valueName\":\"search_term_string\"}}],\"inLanguage\":\"ro-RO\"},{\"@type\":\"Organization\",\"@id\":\"https:\\\/\\\/covasna45.ro\\\/#organization\",\"name\":\"covasna45.ro\",\"url\":\"https:\\\/\\\/covasna45.ro\\\/\",\"logo\":{\"@type\":\"ImageObject\",\"inLanguage\":\"ro-RO\",\"@id\":\"https:\\\/\\\/covasna45.ro\\\/#\\\/schema\\\/logo\\\/image\\\/\",\"url\":\"https:\\\/\\\/covasna45.ro\\\/wp-content\\\/uploads\\\/2023\\\/01\\\/icon_logo.png\",\"contentUrl\":\"https:\\\/\\\/covasna45.ro\\\/wp-content\\\/uploads\\\/2023\\\/01\\\/icon_logo.png\",\"width\":1900,\"height\":1900,\"caption\":\"covasna45.ro\"},\"image\":{\"@id\":\"https:\\\/\\\/covasna45.ro\\\/#\\\/schema\\\/logo\\\/image\\\/\"}},{\"@type\":\"Person\",\"@id\":\"https:\\\/\\\/covasna45.ro\\\/#\\\/schema\\\/person\\\/e674052bd7d95d70bbb007a1060ab73c\",\"name\":\"Covasna45\",\"image\":{\"@type\":\"ImageObject\",\"inLanguage\":\"ro-RO\",\"@id\":\"https:\\\/\\\/covasna45.ro\\\/wp-content\\\/uploads\\\/2025\\\/10\\\/icon_logo_covasna45-150x150.png\",\"url\":\"https:\\\/\\\/covasna45.ro\\\/wp-content\\\/uploads\\\/2025\\\/10\\\/icon_logo_covasna45-150x150.png\",\"contentUrl\":\"https:\\\/\\\/covasna45.ro\\\/wp-content\\\/uploads\\\/2025\\\/10\\\/icon_logo_covasna45-150x150.png\",\"caption\":\"Covasna45\"},\"sameAs\":[\"https:\\\/\\\/covasna45.ro\"],\"url\":\"https:\\\/\\\/covasna45.ro\\\/index.php\\\/author\\\/covasna\\\/\"}]}<\/script>\n<!-- \/ Yoast SEO plugin. -->","yoast_head_json":{"title":"Programul complet al ceremoniilor organizate de 15 martie \u00een jude\u021bul Covasna - Covasna45","description":"Institu\u021biile culturale, prim\u0103riile si asocia\u021biile civice organizeaz\u0103, cu ocazia Zilei Maghiarilor de Pretutindeni, evenimente festive.","robots":{"index":"index","follow":"follow","max-snippet":"max-snippet:-1","max-image-preview":"max-image-preview:large","max-video-preview":"max-video-preview:-1"},"canonical":"https:\/\/covasna45.ro\/index.php\/lumea-noastra\/programul-complet-al-ceremoniilor-organizate-de-15-martie-in-judetul-covasna\/","og_locale":"ro_RO","og_type":"article","og_title":"Programul complet al ceremoniilor organizate de 15 martie \u00een jude\u021bul Covasna - Covasna45","og_description":"Institu\u021biile culturale, prim\u0103riile si asocia\u021biile civice organizeaz\u0103, cu ocazia Zilei Maghiarilor de Pretutindeni, evenimente festive.","og_url":"https:\/\/covasna45.ro\/index.php\/lumea-noastra\/programul-complet-al-ceremoniilor-organizate-de-15-martie-in-judetul-covasna\/","og_site_name":"Covasna45","article_published_time":"2026-03-12T07:46:19+00:00","article_modified_time":"2026-03-12T07:52:31+00:00","og_image":[{"width":2560,"height":1920,"url":"https:\/\/covasna45.ro\/wp-content\/uploads\/2026\/03\/15mcv-scaled.jpg","type":"image\/jpeg"}],"author":"Covasna45","twitter_card":"summary_large_image","twitter_misc":{"Scris de":"Covasna45","Timp estimat pentru citire":"16 minute"},"schema":{"@context":"https:\/\/schema.org","@graph":[{"@type":"Article","@id":"https:\/\/covasna45.ro\/index.php\/lumea-noastra\/programul-complet-al-ceremoniilor-organizate-de-15-martie-in-judetul-covasna\/#article","isPartOf":{"@id":"https:\/\/covasna45.ro\/index.php\/lumea-noastra\/programul-complet-al-ceremoniilor-organizate-de-15-martie-in-judetul-covasna\/"},"author":{"name":"Covasna45","@id":"https:\/\/covasna45.ro\/#\/schema\/person\/e674052bd7d95d70bbb007a1060ab73c"},"headline":"Programul complet al ceremoniilor organizate de 15 martie \u00een jude\u021bul Covasna","datePublished":"2026-03-12T07:46:19+00:00","dateModified":"2026-03-12T07:52:31+00:00","mainEntityOfPage":{"@id":"https:\/\/covasna45.ro\/index.php\/lumea-noastra\/programul-complet-al-ceremoniilor-organizate-de-15-martie-in-judetul-covasna\/"},"wordCount":3045,"commentCount":0,"publisher":{"@id":"https:\/\/covasna45.ro\/#organization"},"image":{"@id":"https:\/\/covasna45.ro\/index.php\/lumea-noastra\/programul-complet-al-ceremoniilor-organizate-de-15-martie-in-judetul-covasna\/#primaryimage"},"thumbnailUrl":"https:\/\/covasna45.ro\/wp-content\/uploads\/2026\/03\/15mcv-scaled.jpg","keywords":["15 martie","covasna"],"articleSection":["Lumea noastr\u0103"],"inLanguage":"ro-RO","potentialAction":[{"@type":"CommentAction","name":"Comment","target":["https:\/\/covasna45.ro\/index.php\/lumea-noastra\/programul-complet-al-ceremoniilor-organizate-de-15-martie-in-judetul-covasna\/#respond"]}]},{"@type":"WebPage","@id":"https:\/\/covasna45.ro\/index.php\/lumea-noastra\/programul-complet-al-ceremoniilor-organizate-de-15-martie-in-judetul-covasna\/","url":"https:\/\/covasna45.ro\/index.php\/lumea-noastra\/programul-complet-al-ceremoniilor-organizate-de-15-martie-in-judetul-covasna\/","name":"Programul complet al ceremoniilor organizate de 15 martie \u00een jude\u021bul Covasna - Covasna45","isPartOf":{"@id":"https:\/\/covasna45.ro\/#website"},"primaryImageOfPage":{"@id":"https:\/\/covasna45.ro\/index.php\/lumea-noastra\/programul-complet-al-ceremoniilor-organizate-de-15-martie-in-judetul-covasna\/#primaryimage"},"image":{"@id":"https:\/\/covasna45.ro\/index.php\/lumea-noastra\/programul-complet-al-ceremoniilor-organizate-de-15-martie-in-judetul-covasna\/#primaryimage"},"thumbnailUrl":"https:\/\/covasna45.ro\/wp-content\/uploads\/2026\/03\/15mcv-scaled.jpg","datePublished":"2026-03-12T07:46:19+00:00","dateModified":"2026-03-12T07:52:31+00:00","description":"Institu\u021biile culturale, prim\u0103riile si asocia\u021biile civice organizeaz\u0103, cu ocazia Zilei Maghiarilor de Pretutindeni, evenimente festive.","breadcrumb":{"@id":"https:\/\/covasna45.ro\/index.php\/lumea-noastra\/programul-complet-al-ceremoniilor-organizate-de-15-martie-in-judetul-covasna\/#breadcrumb"},"inLanguage":"ro-RO","potentialAction":[{"@type":"ReadAction","target":["https:\/\/covasna45.ro\/index.php\/lumea-noastra\/programul-complet-al-ceremoniilor-organizate-de-15-martie-in-judetul-covasna\/"]}]},{"@type":"ImageObject","inLanguage":"ro-RO","@id":"https:\/\/covasna45.ro\/index.php\/lumea-noastra\/programul-complet-al-ceremoniilor-organizate-de-15-martie-in-judetul-covasna\/#primaryimage","url":"https:\/\/covasna45.ro\/wp-content\/uploads\/2026\/03\/15mcv-scaled.jpg","contentUrl":"https:\/\/covasna45.ro\/wp-content\/uploads\/2026\/03\/15mcv-scaled.jpg","width":2560,"height":1920},{"@type":"BreadcrumbList","@id":"https:\/\/covasna45.ro\/index.php\/lumea-noastra\/programul-complet-al-ceremoniilor-organizate-de-15-martie-in-judetul-covasna\/#breadcrumb","itemListElement":[{"@type":"ListItem","position":1,"name":"Prima pagin\u0103","item":"https:\/\/covasna45.ro\/"},{"@type":"ListItem","position":2,"name":"Programul complet al ceremoniilor organizate de 15 martie \u00een jude\u021bul Covasna"}]},{"@type":"WebSite","@id":"https:\/\/covasna45.ro\/#website","url":"https:\/\/covasna45.ro\/","name":"covasna45.ro","description":"","publisher":{"@id":"https:\/\/covasna45.ro\/#organization"},"potentialAction":[{"@type":"SearchAction","target":{"@type":"EntryPoint","urlTemplate":"https:\/\/covasna45.ro\/?s={search_term_string}"},"query-input":{"@type":"PropertyValueSpecification","valueRequired":true,"valueName":"search_term_string"}}],"inLanguage":"ro-RO"},{"@type":"Organization","@id":"https:\/\/covasna45.ro\/#organization","name":"covasna45.ro","url":"https:\/\/covasna45.ro\/","logo":{"@type":"ImageObject","inLanguage":"ro-RO","@id":"https:\/\/covasna45.ro\/#\/schema\/logo\/image\/","url":"https:\/\/covasna45.ro\/wp-content\/uploads\/2023\/01\/icon_logo.png","contentUrl":"https:\/\/covasna45.ro\/wp-content\/uploads\/2023\/01\/icon_logo.png","width":1900,"height":1900,"caption":"covasna45.ro"},"image":{"@id":"https:\/\/covasna45.ro\/#\/schema\/logo\/image\/"}},{"@type":"Person","@id":"https:\/\/covasna45.ro\/#\/schema\/person\/e674052bd7d95d70bbb007a1060ab73c","name":"Covasna45","image":{"@type":"ImageObject","inLanguage":"ro-RO","@id":"https:\/\/covasna45.ro\/wp-content\/uploads\/2025\/10\/icon_logo_covasna45-150x150.png","url":"https:\/\/covasna45.ro\/wp-content\/uploads\/2025\/10\/icon_logo_covasna45-150x150.png","contentUrl":"https:\/\/covasna45.ro\/wp-content\/uploads\/2025\/10\/icon_logo_covasna45-150x150.png","caption":"Covasna45"},"sameAs":["https:\/\/covasna45.ro"],"url":"https:\/\/covasna45.ro\/index.php\/author\/covasna\/"}]}},"_links":{"self":[{"href":"https:\/\/covasna45.ro\/index.php\/wp-json\/wp\/v2\/posts\/15415","targetHints":{"allow":["GET"]}}],"collection":[{"href":"https:\/\/covasna45.ro\/index.php\/wp-json\/wp\/v2\/posts"}],"about":[{"href":"https:\/\/covasna45.ro\/index.php\/wp-json\/wp\/v2\/types\/post"}],"author":[{"embeddable":true,"href":"https:\/\/covasna45.ro\/index.php\/wp-json\/wp\/v2\/users\/1"}],"replies":[{"embeddable":true,"href":"https:\/\/covasna45.ro\/index.php\/wp-json\/wp\/v2\/comments?post=15415"}],"version-history":[{"count":3,"href":"https:\/\/covasna45.ro\/index.php\/wp-json\/wp\/v2\/posts\/15415\/revisions"}],"predecessor-version":[{"id":15421,"href":"https:\/\/covasna45.ro\/index.php\/wp-json\/wp\/v2\/posts\/15415\/revisions\/15421"}],"wp:featuredmedia":[{"embeddable":true,"href":"https:\/\/covasna45.ro\/index.php\/wp-json\/wp\/v2\/media\/15416"}],"wp:attachment":[{"href":"https:\/\/covasna45.ro\/index.php\/wp-json\/wp\/v2\/media?parent=15415"}],"wp:term":[{"taxonomy":"category","embeddable":true,"href":"https:\/\/covasna45.ro\/index.php\/wp-json\/wp\/v2\/categories?post=15415"},{"taxonomy":"post_tag","embeddable":true,"href":"https:\/\/covasna45.ro\/index.php\/wp-json\/wp\/v2\/tags?post=15415"}],"curies":[{"name":"wp","href":"https:\/\/api.w.org\/{rel}","templated":true}]}}