{"id":15422,"date":"2026-03-12T10:53:34","date_gmt":"2026-03-12T08:53:34","guid":{"rendered":"https:\/\/covasna45.ro\/?p=15422"},"modified":"2026-03-12T10:53:36","modified_gmt":"2026-03-12T08:53:36","slug":"atelier-de-incondeiat-oua-duminica-la-parohia-ortodoxa-din-ciumernic","status":"publish","type":"post","link":"https:\/\/covasna45.ro\/index.php\/lumea-noastra\/atelier-de-incondeiat-oua-duminica-la-parohia-ortodoxa-din-ciumernic\/","title":{"rendered":"Atelier de \u00eencondeiat ou\u0103, duminic\u0103, la Parohia Ortodox\u0103 din Ciumernic"},"content":{"rendered":"\n<p>Parohia \u201eSfin\u021bii 40 de Mucenici\u201d din Ciumernic organizeaz\u0103 duminic\u0103, la capel\u0103, un atelier de \u00eencondeiat ou\u0103, av\u00e2nd \u00een vedere c\u0103 se apropie Pa\u0219tele.<\/p>\n\n\n\n<p>Sunt a\u0219tepta\u021bi to\u021bi cei care au peste 16 ani \u0219i vor s\u0103 \u00eenve\u021be acest me\u0219te\u0219ug special. Le vor fi ghid Paula Nicoleta Maz\u0103re &#8211; artist \u0219i B\u0103ila Petru\u021ba- artist popular, ca invitate ce \u00eei vor \u00eenva\u021b\u0103 arta \u00eencondeierii. Activitatea \u00eencepe la ora 14.00.<\/p>\n\n\n\n<figure class=\"wp-block-image size-large\"><img loading=\"lazy\" decoding=\"async\" width=\"683\" height=\"1024\" src=\"https:\/\/covasna45.ro\/wp-content\/uploads\/2026\/03\/parh-683x1024.jpg\" alt=\"\" class=\"wp-image-15423\" srcset=\"https:\/\/covasna45.ro\/wp-content\/uploads\/2026\/03\/parh-683x1024.jpg 683w, https:\/\/covasna45.ro\/wp-content\/uploads\/2026\/03\/parh-200x300.jpg 200w, https:\/\/covasna45.ro\/wp-content\/uploads\/2026\/03\/parh-768x1152.jpg 768w, https:\/\/covasna45.ro\/wp-content\/uploads\/2026\/03\/parh-150x225.jpg 150w, https:\/\/covasna45.ro\/wp-content\/uploads\/2026\/03\/parh-300x450.jpg 300w, https:\/\/covasna45.ro\/wp-content\/uploads\/2026\/03\/parh-696x1044.jpg 696w, https:\/\/covasna45.ro\/wp-content\/uploads\/2026\/03\/parh.jpg 1024w\" sizes=\"auto, (max-width: 683px) 100vw, 683px\" \/><\/figure>\n\n\n\n<p>\u00cen plus, vor fi \u0219i discu\u021bii pe tema \u201eC\u0103s\u0103toria &#8211; spa\u021biu al binecuv\u00e2nt\u0103rii lui Dumnezeu \u0219i al iubirii responsabile\u201d. Tema este inclus\u0103 \u00een Proiectul &#8211; <a href=\"https:\/\/covasna45.ro\/index.php\/lumea-noastra\/activitati-din-proiectul-familia-crestina-la-parohia-ciumernic-martisoare-si-felicitari\/\">Concurs<\/a> Na\u021bional catehetic \u201eFamilia &#8211; binecuvantare a lui Dumnezeu \u0219i \u0219coal\u0103 a iubirii smerite \u0219i darnice\u201d, edi\u021bia a XVIII-a, organizat cu binecuv\u00e2ntarea Preafericitului P\u0103rinte Daniel, Patriarhul Bisericii Ortodoxe Rom\u00e2ne \u0219i la care Parohia Ciumernic este participant\u0103.<\/p>\n\n\n\n<figure class=\"wp-block-image size-large\"><img loading=\"lazy\" decoding=\"async\" width=\"1024\" height=\"662\" src=\"https:\/\/covasna45.ro\/wp-content\/uploads\/2026\/03\/dna-lihor-1024x662.jpg\" alt=\"\" class=\"wp-image-15426\" srcset=\"https:\/\/covasna45.ro\/wp-content\/uploads\/2026\/03\/dna-lihor-1024x662.jpg 1024w, https:\/\/covasna45.ro\/wp-content\/uploads\/2026\/03\/dna-lihor-300x194.jpg 300w, https:\/\/covasna45.ro\/wp-content\/uploads\/2026\/03\/dna-lihor-768x496.jpg 768w, https:\/\/covasna45.ro\/wp-content\/uploads\/2026\/03\/dna-lihor-150x97.jpg 150w, https:\/\/covasna45.ro\/wp-content\/uploads\/2026\/03\/dna-lihor-696x450.jpg 696w, https:\/\/covasna45.ro\/wp-content\/uploads\/2026\/03\/dna-lihor-1068x690.jpg 1068w, https:\/\/covasna45.ro\/wp-content\/uploads\/2026\/03\/dna-lihor.jpg 1179w\" sizes=\"auto, (max-width: 1024px) 100vw, 1024px\" \/><figcaption class=\"wp-element-caption\">Doamna preoteas\u0103 Alem\u0103nu\u021ba Lihor se ocup\u0103 de organizarea evenimentelor<\/figcaption><\/figure>\n\n\n\n<h2 class=\"wp-block-heading\">Activit\u0103\u021bi din concurs<\/h2>\n\n\n\n<p>Parohia a desf\u0103\u0219urat deja o mare parte dintre activit\u0103\u021bile cu care s-a \u00eenscris \u00een concurs. \u00cen ultimele luni au organizat evenimente de Cr\u0103ciun, \u0219ez\u0103toare, ateliere de confec\u021bionat m\u0103r\u021bi\u0219oare. Alte activit\u0103\u021bi planificate \u2013 ateliere de pictur\u0103 pe sticl\u0103, dezbateri moderne de tip \u201eWorld Caf\u00e9\u201d sau crearea unui film documentar &#8211; toate viz\u00e2nd combaterea \u00eenstr\u0103in\u0103rii digitale \u0219i \u00eent\u0103rirea leg\u0103turilor dintre genera\u021bii. <\/p>\n\n\n\n<figure class=\"wp-block-image size-large\"><img loading=\"lazy\" decoding=\"async\" width=\"1024\" height=\"521\" src=\"https:\/\/covasna45.ro\/wp-content\/uploads\/2026\/02\/m4-1024x521.jpg\" alt=\"\" class=\"wp-image-15155\" srcset=\"https:\/\/covasna45.ro\/wp-content\/uploads\/2026\/02\/m4-1024x521.jpg 1024w, https:\/\/covasna45.ro\/wp-content\/uploads\/2026\/02\/m4-300x153.jpg 300w, https:\/\/covasna45.ro\/wp-content\/uploads\/2026\/02\/m4-768x391.jpg 768w, https:\/\/covasna45.ro\/wp-content\/uploads\/2026\/02\/m4-150x76.jpg 150w, https:\/\/covasna45.ro\/wp-content\/uploads\/2026\/02\/m4-696x354.jpg 696w, https:\/\/covasna45.ro\/wp-content\/uploads\/2026\/02\/m4-1068x543.jpg 1068w, https:\/\/covasna45.ro\/wp-content\/uploads\/2026\/02\/m4.jpg 1413w\" sizes=\"auto, (max-width: 1024px) 100vw, 1024px\" \/><\/figure>\n\n\n\n<p>\u201e<strong><em>Dorim s\u0103 transform\u0103m comunitatea \u00eentr-o \u2018biseric\u0103 de acas\u0103\u2019, unde tinerii s\u0103 \u00eenve\u021be de la bunici r\u0103bdarea, iar bunicii s\u0103 primeasc\u0103 entuziasmul tinerilor<\/em><\/strong>\u201d, a declarat preotul Lihor Claudiu de la Parohia Ortodox\u0103 \u201eSfin\u021bii 40 de mucenici\u201d Ciumernic, cel care r\u0103spunde de <a href=\"https:\/\/covasna45.ro\/index.php\/lumea-noastra\/activitati-din-proiectul-familia-crestina-la-parohia-ciumernic-martisoare-si-felicitari\/\">proiect<\/a>.<\/p>\n","protected":false},"excerpt":{"rendered":"<p>Parohia \u201eSfin\u021bii 40 de Mucenici\u201d din Ciumernic organizeaz\u0103 duminic\u0103, la capel\u0103, un atelier de \u00eencondeiat ou\u0103, av\u00e2nd \u00een vedere c\u0103 se apropie Pa\u0219tele. Sunt a\u0219tepta\u021bi to\u021bi cei care au peste 16 ani \u0219i vor s\u0103 \u00eenve\u021be acest me\u0219te\u0219ug special. Le vor fi ghid Paula Nicoleta Maz\u0103re &#8211; artist \u0219i B\u0103ila Petru\u021ba- artist popular, ca invitate [&hellip;]<\/p>\n","protected":false},"author":1,"featured_media":15425,"comment_status":"open","ping_status":"closed","sticky":false,"template":"","format":"standard","meta":{"tdm_status":"","tdm_grid_status":"","footnotes":""},"categories":[14],"tags":[4597,4598,3701,4596,3889],"class_list":{"0":"post-15422","1":"post","2":"type-post","3":"status-publish","4":"format-standard","5":"has-post-thumbnail","7":"category-lumea-noastra","8":"tag-atelier","9":"tag-cateheza","10":"tag-ciumernic","11":"tag-oua-2","12":"tag-parohie"},"yoast_head":"<!-- This site is optimized with the Yoast SEO plugin v27.5 - https:\/\/yoast.com\/product\/yoast-seo-wordpress\/ -->\n<title>Atelier de \u00eencondeiat ou\u0103, duminic\u0103, la Parohia Ortodox\u0103 din Ciumernic - Covasna45<\/title>\n<meta name=\"description\" content=\"Parohia \u201eSfin\u021bii 40 de Mucenici\u201d din Ciumernic organizeaz\u0103 duminic\u0103, la capel\u0103, un atelier de \u00eencondeiat ou\u0103.\" \/>\n<meta name=\"robots\" content=\"index, follow, max-snippet:-1, max-image-preview:large, max-video-preview:-1\" \/>\n<link rel=\"canonical\" href=\"https:\/\/covasna45.ro\/index.php\/lumea-noastra\/atelier-de-incondeiat-oua-duminica-la-parohia-ortodoxa-din-ciumernic\/\" \/>\n<meta property=\"og:locale\" content=\"ro_RO\" \/>\n<meta property=\"og:type\" content=\"article\" \/>\n<meta property=\"og:title\" content=\"Atelier de \u00eencondeiat ou\u0103, duminic\u0103, la Parohia Ortodox\u0103 din Ciumernic - Covasna45\" \/>\n<meta property=\"og:description\" content=\"Parohia \u201eSfin\u021bii 40 de Mucenici\u201d din Ciumernic organizeaz\u0103 duminic\u0103, la capel\u0103, un atelier de \u00eencondeiat ou\u0103.\" \/>\n<meta property=\"og:url\" content=\"https:\/\/covasna45.ro\/index.php\/lumea-noastra\/atelier-de-incondeiat-oua-duminica-la-parohia-ortodoxa-din-ciumernic\/\" \/>\n<meta property=\"og:site_name\" content=\"Covasna45\" \/>\n<meta property=\"article:published_time\" content=\"2026-03-12T08:53:34+00:00\" \/>\n<meta property=\"article:modified_time\" content=\"2026-03-12T08:53:36+00:00\" \/>\n<meta property=\"og:image\" content=\"https:\/\/covasna45.ro\/wp-content\/uploads\/2026\/03\/incond-ou.jpg\" \/>\n\t<meta property=\"og:image:width\" content=\"1001\" \/>\n\t<meta property=\"og:image:height\" content=\"782\" \/>\n\t<meta property=\"og:image:type\" content=\"image\/jpeg\" \/>\n<meta name=\"author\" content=\"Covasna45\" \/>\n<meta name=\"twitter:card\" content=\"summary_large_image\" \/>\n<meta name=\"twitter:label1\" content=\"Scris de\" \/>\n\t<meta name=\"twitter:data1\" content=\"Covasna45\" \/>\n\t<meta name=\"twitter:label2\" content=\"Timp estimat pentru citire\" \/>\n\t<meta name=\"twitter:data2\" content=\"3 minute\" \/>\n<script type=\"application\/ld+json\" class=\"yoast-schema-graph\">{\"@context\":\"https:\\\/\\\/schema.org\",\"@graph\":[{\"@type\":\"Article\",\"@id\":\"https:\\\/\\\/covasna45.ro\\\/index.php\\\/lumea-noastra\\\/atelier-de-incondeiat-oua-duminica-la-parohia-ortodoxa-din-ciumernic\\\/#article\",\"isPartOf\":{\"@id\":\"https:\\\/\\\/covasna45.ro\\\/index.php\\\/lumea-noastra\\\/atelier-de-incondeiat-oua-duminica-la-parohia-ortodoxa-din-ciumernic\\\/\"},\"author\":{\"name\":\"Covasna45\",\"@id\":\"https:\\\/\\\/covasna45.ro\\\/#\\\/schema\\\/person\\\/e674052bd7d95d70bbb007a1060ab73c\"},\"headline\":\"Atelier de \u00eencondeiat ou\u0103, duminic\u0103, la Parohia Ortodox\u0103 din Ciumernic\",\"datePublished\":\"2026-03-12T08:53:34+00:00\",\"dateModified\":\"2026-03-12T08:53:36+00:00\",\"mainEntityOfPage\":{\"@id\":\"https:\\\/\\\/covasna45.ro\\\/index.php\\\/lumea-noastra\\\/atelier-de-incondeiat-oua-duminica-la-parohia-ortodoxa-din-ciumernic\\\/\"},\"wordCount\":290,\"commentCount\":0,\"publisher\":{\"@id\":\"https:\\\/\\\/covasna45.ro\\\/#organization\"},\"image\":{\"@id\":\"https:\\\/\\\/covasna45.ro\\\/index.php\\\/lumea-noastra\\\/atelier-de-incondeiat-oua-duminica-la-parohia-ortodoxa-din-ciumernic\\\/#primaryimage\"},\"thumbnailUrl\":\"https:\\\/\\\/covasna45.ro\\\/wp-content\\\/uploads\\\/2026\\\/03\\\/incond-ou.jpg\",\"keywords\":[\"atelier\",\"cateheza\",\"ciumernic\",\"oua\",\"parohie\"],\"articleSection\":[\"Lumea noastr\u0103\"],\"inLanguage\":\"ro-RO\",\"potentialAction\":[{\"@type\":\"CommentAction\",\"name\":\"Comment\",\"target\":[\"https:\\\/\\\/covasna45.ro\\\/index.php\\\/lumea-noastra\\\/atelier-de-incondeiat-oua-duminica-la-parohia-ortodoxa-din-ciumernic\\\/#respond\"]}]},{\"@type\":\"WebPage\",\"@id\":\"https:\\\/\\\/covasna45.ro\\\/index.php\\\/lumea-noastra\\\/atelier-de-incondeiat-oua-duminica-la-parohia-ortodoxa-din-ciumernic\\\/\",\"url\":\"https:\\\/\\\/covasna45.ro\\\/index.php\\\/lumea-noastra\\\/atelier-de-incondeiat-oua-duminica-la-parohia-ortodoxa-din-ciumernic\\\/\",\"name\":\"Atelier de \u00eencondeiat ou\u0103, duminic\u0103, la Parohia Ortodox\u0103 din Ciumernic - Covasna45\",\"isPartOf\":{\"@id\":\"https:\\\/\\\/covasna45.ro\\\/#website\"},\"primaryImageOfPage\":{\"@id\":\"https:\\\/\\\/covasna45.ro\\\/index.php\\\/lumea-noastra\\\/atelier-de-incondeiat-oua-duminica-la-parohia-ortodoxa-din-ciumernic\\\/#primaryimage\"},\"image\":{\"@id\":\"https:\\\/\\\/covasna45.ro\\\/index.php\\\/lumea-noastra\\\/atelier-de-incondeiat-oua-duminica-la-parohia-ortodoxa-din-ciumernic\\\/#primaryimage\"},\"thumbnailUrl\":\"https:\\\/\\\/covasna45.ro\\\/wp-content\\\/uploads\\\/2026\\\/03\\\/incond-ou.jpg\",\"datePublished\":\"2026-03-12T08:53:34+00:00\",\"dateModified\":\"2026-03-12T08:53:36+00:00\",\"description\":\"Parohia \u201eSfin\u021bii 40 de Mucenici\u201d din Ciumernic organizeaz\u0103 duminic\u0103, la capel\u0103, un atelier de \u00eencondeiat ou\u0103.\",\"breadcrumb\":{\"@id\":\"https:\\\/\\\/covasna45.ro\\\/index.php\\\/lumea-noastra\\\/atelier-de-incondeiat-oua-duminica-la-parohia-ortodoxa-din-ciumernic\\\/#breadcrumb\"},\"inLanguage\":\"ro-RO\",\"potentialAction\":[{\"@type\":\"ReadAction\",\"target\":[\"https:\\\/\\\/covasna45.ro\\\/index.php\\\/lumea-noastra\\\/atelier-de-incondeiat-oua-duminica-la-parohia-ortodoxa-din-ciumernic\\\/\"]}]},{\"@type\":\"ImageObject\",\"inLanguage\":\"ro-RO\",\"@id\":\"https:\\\/\\\/covasna45.ro\\\/index.php\\\/lumea-noastra\\\/atelier-de-incondeiat-oua-duminica-la-parohia-ortodoxa-din-ciumernic\\\/#primaryimage\",\"url\":\"https:\\\/\\\/covasna45.ro\\\/wp-content\\\/uploads\\\/2026\\\/03\\\/incond-ou.jpg\",\"contentUrl\":\"https:\\\/\\\/covasna45.ro\\\/wp-content\\\/uploads\\\/2026\\\/03\\\/incond-ou.jpg\",\"width\":1001,\"height\":782},{\"@type\":\"BreadcrumbList\",\"@id\":\"https:\\\/\\\/covasna45.ro\\\/index.php\\\/lumea-noastra\\\/atelier-de-incondeiat-oua-duminica-la-parohia-ortodoxa-din-ciumernic\\\/#breadcrumb\",\"itemListElement\":[{\"@type\":\"ListItem\",\"position\":1,\"name\":\"Prima pagin\u0103\",\"item\":\"https:\\\/\\\/covasna45.ro\\\/\"},{\"@type\":\"ListItem\",\"position\":2,\"name\":\"Atelier de \u00eencondeiat ou\u0103, duminic\u0103, la Parohia Ortodox\u0103 din Ciumernic\"}]},{\"@type\":\"WebSite\",\"@id\":\"https:\\\/\\\/covasna45.ro\\\/#website\",\"url\":\"https:\\\/\\\/covasna45.ro\\\/\",\"name\":\"covasna45.ro\",\"description\":\"\",\"publisher\":{\"@id\":\"https:\\\/\\\/covasna45.ro\\\/#organization\"},\"potentialAction\":[{\"@type\":\"SearchAction\",\"target\":{\"@type\":\"EntryPoint\",\"urlTemplate\":\"https:\\\/\\\/covasna45.ro\\\/?s={search_term_string}\"},\"query-input\":{\"@type\":\"PropertyValueSpecification\",\"valueRequired\":true,\"valueName\":\"search_term_string\"}}],\"inLanguage\":\"ro-RO\"},{\"@type\":\"Organization\",\"@id\":\"https:\\\/\\\/covasna45.ro\\\/#organization\",\"name\":\"covasna45.ro\",\"url\":\"https:\\\/\\\/covasna45.ro\\\/\",\"logo\":{\"@type\":\"ImageObject\",\"inLanguage\":\"ro-RO\",\"@id\":\"https:\\\/\\\/covasna45.ro\\\/#\\\/schema\\\/logo\\\/image\\\/\",\"url\":\"https:\\\/\\\/covasna45.ro\\\/wp-content\\\/uploads\\\/2023\\\/01\\\/icon_logo.png\",\"contentUrl\":\"https:\\\/\\\/covasna45.ro\\\/wp-content\\\/uploads\\\/2023\\\/01\\\/icon_logo.png\",\"width\":1900,\"height\":1900,\"caption\":\"covasna45.ro\"},\"image\":{\"@id\":\"https:\\\/\\\/covasna45.ro\\\/#\\\/schema\\\/logo\\\/image\\\/\"}},{\"@type\":\"Person\",\"@id\":\"https:\\\/\\\/covasna45.ro\\\/#\\\/schema\\\/person\\\/e674052bd7d95d70bbb007a1060ab73c\",\"name\":\"Covasna45\",\"image\":{\"@type\":\"ImageObject\",\"inLanguage\":\"ro-RO\",\"@id\":\"https:\\\/\\\/covasna45.ro\\\/wp-content\\\/uploads\\\/2025\\\/10\\\/icon_logo_covasna45-150x150.png\",\"url\":\"https:\\\/\\\/covasna45.ro\\\/wp-content\\\/uploads\\\/2025\\\/10\\\/icon_logo_covasna45-150x150.png\",\"contentUrl\":\"https:\\\/\\\/covasna45.ro\\\/wp-content\\\/uploads\\\/2025\\\/10\\\/icon_logo_covasna45-150x150.png\",\"caption\":\"Covasna45\"},\"sameAs\":[\"https:\\\/\\\/covasna45.ro\"],\"url\":\"https:\\\/\\\/covasna45.ro\\\/index.php\\\/author\\\/covasna\\\/\"}]}<\/script>\n<!-- \/ Yoast SEO plugin. -->","yoast_head_json":{"title":"Atelier de \u00eencondeiat ou\u0103, duminic\u0103, la Parohia Ortodox\u0103 din Ciumernic - Covasna45","description":"Parohia \u201eSfin\u021bii 40 de Mucenici\u201d din Ciumernic organizeaz\u0103 duminic\u0103, la capel\u0103, un atelier de \u00eencondeiat ou\u0103.","robots":{"index":"index","follow":"follow","max-snippet":"max-snippet:-1","max-image-preview":"max-image-preview:large","max-video-preview":"max-video-preview:-1"},"canonical":"https:\/\/covasna45.ro\/index.php\/lumea-noastra\/atelier-de-incondeiat-oua-duminica-la-parohia-ortodoxa-din-ciumernic\/","og_locale":"ro_RO","og_type":"article","og_title":"Atelier de \u00eencondeiat ou\u0103, duminic\u0103, la Parohia Ortodox\u0103 din Ciumernic - Covasna45","og_description":"Parohia \u201eSfin\u021bii 40 de Mucenici\u201d din Ciumernic organizeaz\u0103 duminic\u0103, la capel\u0103, un atelier de \u00eencondeiat ou\u0103.","og_url":"https:\/\/covasna45.ro\/index.php\/lumea-noastra\/atelier-de-incondeiat-oua-duminica-la-parohia-ortodoxa-din-ciumernic\/","og_site_name":"Covasna45","article_published_time":"2026-03-12T08:53:34+00:00","article_modified_time":"2026-03-12T08:53:36+00:00","og_image":[{"width":1001,"height":782,"url":"https:\/\/covasna45.ro\/wp-content\/uploads\/2026\/03\/incond-ou.jpg","type":"image\/jpeg"}],"author":"Covasna45","twitter_card":"summary_large_image","twitter_misc":{"Scris de":"Covasna45","Timp estimat pentru citire":"3 minute"},"schema":{"@context":"https:\/\/schema.org","@graph":[{"@type":"Article","@id":"https:\/\/covasna45.ro\/index.php\/lumea-noastra\/atelier-de-incondeiat-oua-duminica-la-parohia-ortodoxa-din-ciumernic\/#article","isPartOf":{"@id":"https:\/\/covasna45.ro\/index.php\/lumea-noastra\/atelier-de-incondeiat-oua-duminica-la-parohia-ortodoxa-din-ciumernic\/"},"author":{"name":"Covasna45","@id":"https:\/\/covasna45.ro\/#\/schema\/person\/e674052bd7d95d70bbb007a1060ab73c"},"headline":"Atelier de \u00eencondeiat ou\u0103, duminic\u0103, la Parohia Ortodox\u0103 din Ciumernic","datePublished":"2026-03-12T08:53:34+00:00","dateModified":"2026-03-12T08:53:36+00:00","mainEntityOfPage":{"@id":"https:\/\/covasna45.ro\/index.php\/lumea-noastra\/atelier-de-incondeiat-oua-duminica-la-parohia-ortodoxa-din-ciumernic\/"},"wordCount":290,"commentCount":0,"publisher":{"@id":"https:\/\/covasna45.ro\/#organization"},"image":{"@id":"https:\/\/covasna45.ro\/index.php\/lumea-noastra\/atelier-de-incondeiat-oua-duminica-la-parohia-ortodoxa-din-ciumernic\/#primaryimage"},"thumbnailUrl":"https:\/\/covasna45.ro\/wp-content\/uploads\/2026\/03\/incond-ou.jpg","keywords":["atelier","cateheza","ciumernic","oua","parohie"],"articleSection":["Lumea noastr\u0103"],"inLanguage":"ro-RO","potentialAction":[{"@type":"CommentAction","name":"Comment","target":["https:\/\/covasna45.ro\/index.php\/lumea-noastra\/atelier-de-incondeiat-oua-duminica-la-parohia-ortodoxa-din-ciumernic\/#respond"]}]},{"@type":"WebPage","@id":"https:\/\/covasna45.ro\/index.php\/lumea-noastra\/atelier-de-incondeiat-oua-duminica-la-parohia-ortodoxa-din-ciumernic\/","url":"https:\/\/covasna45.ro\/index.php\/lumea-noastra\/atelier-de-incondeiat-oua-duminica-la-parohia-ortodoxa-din-ciumernic\/","name":"Atelier de \u00eencondeiat ou\u0103, duminic\u0103, la Parohia Ortodox\u0103 din Ciumernic - Covasna45","isPartOf":{"@id":"https:\/\/covasna45.ro\/#website"},"primaryImageOfPage":{"@id":"https:\/\/covasna45.ro\/index.php\/lumea-noastra\/atelier-de-incondeiat-oua-duminica-la-parohia-ortodoxa-din-ciumernic\/#primaryimage"},"image":{"@id":"https:\/\/covasna45.ro\/index.php\/lumea-noastra\/atelier-de-incondeiat-oua-duminica-la-parohia-ortodoxa-din-ciumernic\/#primaryimage"},"thumbnailUrl":"https:\/\/covasna45.ro\/wp-content\/uploads\/2026\/03\/incond-ou.jpg","datePublished":"2026-03-12T08:53:34+00:00","dateModified":"2026-03-12T08:53:36+00:00","description":"Parohia \u201eSfin\u021bii 40 de Mucenici\u201d din Ciumernic organizeaz\u0103 duminic\u0103, la capel\u0103, un atelier de \u00eencondeiat ou\u0103.","breadcrumb":{"@id":"https:\/\/covasna45.ro\/index.php\/lumea-noastra\/atelier-de-incondeiat-oua-duminica-la-parohia-ortodoxa-din-ciumernic\/#breadcrumb"},"inLanguage":"ro-RO","potentialAction":[{"@type":"ReadAction","target":["https:\/\/covasna45.ro\/index.php\/lumea-noastra\/atelier-de-incondeiat-oua-duminica-la-parohia-ortodoxa-din-ciumernic\/"]}]},{"@type":"ImageObject","inLanguage":"ro-RO","@id":"https:\/\/covasna45.ro\/index.php\/lumea-noastra\/atelier-de-incondeiat-oua-duminica-la-parohia-ortodoxa-din-ciumernic\/#primaryimage","url":"https:\/\/covasna45.ro\/wp-content\/uploads\/2026\/03\/incond-ou.jpg","contentUrl":"https:\/\/covasna45.ro\/wp-content\/uploads\/2026\/03\/incond-ou.jpg","width":1001,"height":782},{"@type":"BreadcrumbList","@id":"https:\/\/covasna45.ro\/index.php\/lumea-noastra\/atelier-de-incondeiat-oua-duminica-la-parohia-ortodoxa-din-ciumernic\/#breadcrumb","itemListElement":[{"@type":"ListItem","position":1,"name":"Prima pagin\u0103","item":"https:\/\/covasna45.ro\/"},{"@type":"ListItem","position":2,"name":"Atelier de \u00eencondeiat ou\u0103, duminic\u0103, la Parohia Ortodox\u0103 din Ciumernic"}]},{"@type":"WebSite","@id":"https:\/\/covasna45.ro\/#website","url":"https:\/\/covasna45.ro\/","name":"covasna45.ro","description":"","publisher":{"@id":"https:\/\/covasna45.ro\/#organization"},"potentialAction":[{"@type":"SearchAction","target":{"@type":"EntryPoint","urlTemplate":"https:\/\/covasna45.ro\/?s={search_term_string}"},"query-input":{"@type":"PropertyValueSpecification","valueRequired":true,"valueName":"search_term_string"}}],"inLanguage":"ro-RO"},{"@type":"Organization","@id":"https:\/\/covasna45.ro\/#organization","name":"covasna45.ro","url":"https:\/\/covasna45.ro\/","logo":{"@type":"ImageObject","inLanguage":"ro-RO","@id":"https:\/\/covasna45.ro\/#\/schema\/logo\/image\/","url":"https:\/\/covasna45.ro\/wp-content\/uploads\/2023\/01\/icon_logo.png","contentUrl":"https:\/\/covasna45.ro\/wp-content\/uploads\/2023\/01\/icon_logo.png","width":1900,"height":1900,"caption":"covasna45.ro"},"image":{"@id":"https:\/\/covasna45.ro\/#\/schema\/logo\/image\/"}},{"@type":"Person","@id":"https:\/\/covasna45.ro\/#\/schema\/person\/e674052bd7d95d70bbb007a1060ab73c","name":"Covasna45","image":{"@type":"ImageObject","inLanguage":"ro-RO","@id":"https:\/\/covasna45.ro\/wp-content\/uploads\/2025\/10\/icon_logo_covasna45-150x150.png","url":"https:\/\/covasna45.ro\/wp-content\/uploads\/2025\/10\/icon_logo_covasna45-150x150.png","contentUrl":"https:\/\/covasna45.ro\/wp-content\/uploads\/2025\/10\/icon_logo_covasna45-150x150.png","caption":"Covasna45"},"sameAs":["https:\/\/covasna45.ro"],"url":"https:\/\/covasna45.ro\/index.php\/author\/covasna\/"}]}},"_links":{"self":[{"href":"https:\/\/covasna45.ro\/index.php\/wp-json\/wp\/v2\/posts\/15422","targetHints":{"allow":["GET"]}}],"collection":[{"href":"https:\/\/covasna45.ro\/index.php\/wp-json\/wp\/v2\/posts"}],"about":[{"href":"https:\/\/covasna45.ro\/index.php\/wp-json\/wp\/v2\/types\/post"}],"author":[{"embeddable":true,"href":"https:\/\/covasna45.ro\/index.php\/wp-json\/wp\/v2\/users\/1"}],"replies":[{"embeddable":true,"href":"https:\/\/covasna45.ro\/index.php\/wp-json\/wp\/v2\/comments?post=15422"}],"version-history":[{"count":1,"href":"https:\/\/covasna45.ro\/index.php\/wp-json\/wp\/v2\/posts\/15422\/revisions"}],"predecessor-version":[{"id":15427,"href":"https:\/\/covasna45.ro\/index.php\/wp-json\/wp\/v2\/posts\/15422\/revisions\/15427"}],"wp:featuredmedia":[{"embeddable":true,"href":"https:\/\/covasna45.ro\/index.php\/wp-json\/wp\/v2\/media\/15425"}],"wp:attachment":[{"href":"https:\/\/covasna45.ro\/index.php\/wp-json\/wp\/v2\/media?parent=15422"}],"wp:term":[{"taxonomy":"category","embeddable":true,"href":"https:\/\/covasna45.ro\/index.php\/wp-json\/wp\/v2\/categories?post=15422"},{"taxonomy":"post_tag","embeddable":true,"href":"https:\/\/covasna45.ro\/index.php\/wp-json\/wp\/v2\/tags?post=15422"}],"curies":[{"name":"wp","href":"https:\/\/api.w.org\/{rel}","templated":true}]}}