{"id":15428,"date":"2026-03-12T11:09:44","date_gmt":"2026-03-12T09:09:44","guid":{"rendered":"https:\/\/covasna45.ro\/?p=15428"},"modified":"2026-03-12T11:09:46","modified_gmt":"2026-03-12T09:09:46","slug":"ce-reclama-oamenii-din-sfantu-gheorghe-la-politia-locala","status":"publish","type":"post","link":"https:\/\/covasna45.ro\/index.php\/lumea-noastra\/ce-reclama-oamenii-din-sfantu-gheorghe-la-politia-locala\/","title":{"rendered":"Ce reclam\u0103 oamenii din Sf\u00e2ntu Gheorghe la Poli\u021bia Local\u0103?"},"content":{"rendered":"\n<p>\u00cen cursul anului 2025, au fost \u00eenregistrate peste 1.400 de sesiz\u0103ri din partea locuitorilor la dispeceratul Poli\u021biei Locale Sf\u00e2ntu Gheorghe. Majoritatea pl\u00e2ngerilor se \u00eencadreaz\u0103 \u00een dou\u0103 categorii: ocuparea locurilor de parcare pl\u0103tite \u0219i tulburarea lini\u0219tii publice.<\/p>\n\n\n\n<p>La a doua categorie, reclama\u021biile sunt diverse.<\/p>\n\n\n\n<p>O persoan\u0103 a reclamat faptul c\u0103 vecinul s\u0103u f\u0103cea gr\u0103tar, respectivul cet\u0103\u021bean declar\u00e2ndu-se deranjat c\u0103 nu \u00ee\u0219i permite s\u0103 cumpere carne.<\/p>\n\n\n\n<p>O persoan\u0103 a reclamat faptul c\u0103 pisica vecinului a trecut prin gr\u0103dina sa. O alt\u0103 persoan\u0103 a depus pl\u00e2ngere din cauza unei nun\u021bi care se auzea \u00een tot cartierul &#8211; situa\u021bie pentru care, de altfel, a fost aplicat\u0103 o amend\u0103 pentru tulburarea lini\u0219tii publice &#8211; \u00eens\u0103 reclamantul nu era deranjat de zgomot, ci de faptul c\u0103 invita\u021bii \u0219i-au permis s\u0103 \u00eenchirieze o limuzin\u0103.<\/p>\n\n\n\n<p>Au existat apeluri c\u0103tre Poli\u021bia Local\u0103 inclusiv din cauza unor copii care se jucau mai zgomotos, iar cineva a reclamat c\u0103 vecinul face du\u0219 noaptea. Au existat pl\u00e2ngeri legate de &nbsp;via\u021ba amoroas\u0103 a unui cuplu, cam zgomotoas\u0103, dup\u0103 cum se arat\u0103 \u00eentr-un comunicat al Poli\u021biei Locale f\u00e2ntu Gheorghe.<\/p>\n\n\n\n<p>Sesiz\u0103rile pot fi f\u0103cute \u00een continuare la num\u0103rul 0800 800 767, sau prin WhatsApp la 0739 886 992.<\/p>\n","protected":false},"excerpt":{"rendered":"<p>\u00cen cursul anului 2025, au fost \u00eenregistrate peste 1.400 de sesiz\u0103ri din partea locuitorilor la dispeceratul Poli\u021biei Locale Sf\u00e2ntu Gheorghe. Majoritatea pl\u00e2ngerilor se \u00eencadreaz\u0103 \u00een dou\u0103 categorii: ocuparea locurilor de parcare pl\u0103tite \u0219i tulburarea lini\u0219tii publice. La a doua categorie, reclama\u021biile sunt diverse. O persoan\u0103 a reclamat faptul c\u0103 vecinul s\u0103u f\u0103cea gr\u0103tar, respectivul cet\u0103\u021bean [&hellip;]<\/p>\n","protected":false},"author":1,"featured_media":15429,"comment_status":"open","ping_status":"closed","sticky":false,"template":"","format":"standard","meta":{"tdm_status":"","tdm_grid_status":"","footnotes":""},"categories":[14],"tags":[4599,2124],"class_list":{"0":"post-15428","1":"post","2":"type-post","3":"status-publish","4":"format-standard","5":"has-post-thumbnail","7":"category-lumea-noastra","8":"tag-politia-locala","9":"tag-sfantu-gheorghe-2"},"yoast_head":"<!-- This site is optimized with the Yoast SEO plugin v27.5 - https:\/\/yoast.com\/product\/yoast-seo-wordpress\/ -->\n<title>Ce reclam\u0103 oamenii din Sf\u00e2ntu Gheorghe la Poli\u021bia Local\u0103? - Covasna45<\/title>\n<meta name=\"description\" content=\"\u00cen cursul anului 2025, au fost \u00eenregistrate peste 1.400 de sesiz\u0103ri din partea locuitorilor la dispeceratul Poli\u021biei Locale.\" \/>\n<meta name=\"robots\" content=\"index, follow, max-snippet:-1, max-image-preview:large, max-video-preview:-1\" \/>\n<link rel=\"canonical\" href=\"https:\/\/covasna45.ro\/index.php\/lumea-noastra\/ce-reclama-oamenii-din-sfantu-gheorghe-la-politia-locala\/\" \/>\n<meta property=\"og:locale\" content=\"ro_RO\" \/>\n<meta property=\"og:type\" content=\"article\" \/>\n<meta property=\"og:title\" content=\"Ce reclam\u0103 oamenii din Sf\u00e2ntu Gheorghe la Poli\u021bia Local\u0103? - Covasna45\" \/>\n<meta property=\"og:description\" content=\"\u00cen cursul anului 2025, au fost \u00eenregistrate peste 1.400 de sesiz\u0103ri din partea locuitorilor la dispeceratul Poli\u021biei Locale.\" \/>\n<meta property=\"og:url\" content=\"https:\/\/covasna45.ro\/index.php\/lumea-noastra\/ce-reclama-oamenii-din-sfantu-gheorghe-la-politia-locala\/\" \/>\n<meta property=\"og:site_name\" content=\"Covasna45\" \/>\n<meta property=\"article:published_time\" content=\"2026-03-12T09:09:44+00:00\" \/>\n<meta property=\"article:modified_time\" content=\"2026-03-12T09:09:46+00:00\" \/>\n<meta property=\"og:image\" content=\"https:\/\/covasna45.ro\/wp-content\/uploads\/2026\/03\/pol-loc-g.jpg\" \/>\n\t<meta property=\"og:image:width\" content=\"778\" \/>\n\t<meta property=\"og:image:height\" content=\"533\" \/>\n\t<meta property=\"og:image:type\" content=\"image\/jpeg\" \/>\n<meta name=\"author\" content=\"Covasna45\" \/>\n<meta name=\"twitter:card\" content=\"summary_large_image\" \/>\n<meta name=\"twitter:label1\" content=\"Scris de\" \/>\n\t<meta name=\"twitter:data1\" content=\"Covasna45\" \/>\n\t<meta name=\"twitter:label2\" content=\"Timp estimat pentru citire\" \/>\n\t<meta name=\"twitter:data2\" content=\"2 minute\" \/>\n<script type=\"application\/ld+json\" class=\"yoast-schema-graph\">{\"@context\":\"https:\\\/\\\/schema.org\",\"@graph\":[{\"@type\":\"Article\",\"@id\":\"https:\\\/\\\/covasna45.ro\\\/index.php\\\/lumea-noastra\\\/ce-reclama-oamenii-din-sfantu-gheorghe-la-politia-locala\\\/#article\",\"isPartOf\":{\"@id\":\"https:\\\/\\\/covasna45.ro\\\/index.php\\\/lumea-noastra\\\/ce-reclama-oamenii-din-sfantu-gheorghe-la-politia-locala\\\/\"},\"author\":{\"name\":\"Covasna45\",\"@id\":\"https:\\\/\\\/covasna45.ro\\\/#\\\/schema\\\/person\\\/e674052bd7d95d70bbb007a1060ab73c\"},\"headline\":\"Ce reclam\u0103 oamenii din Sf\u00e2ntu Gheorghe la Poli\u021bia Local\u0103?\",\"datePublished\":\"2026-03-12T09:09:44+00:00\",\"dateModified\":\"2026-03-12T09:09:46+00:00\",\"mainEntityOfPage\":{\"@id\":\"https:\\\/\\\/covasna45.ro\\\/index.php\\\/lumea-noastra\\\/ce-reclama-oamenii-din-sfantu-gheorghe-la-politia-locala\\\/\"},\"wordCount\":224,\"commentCount\":0,\"publisher\":{\"@id\":\"https:\\\/\\\/covasna45.ro\\\/#organization\"},\"image\":{\"@id\":\"https:\\\/\\\/covasna45.ro\\\/index.php\\\/lumea-noastra\\\/ce-reclama-oamenii-din-sfantu-gheorghe-la-politia-locala\\\/#primaryimage\"},\"thumbnailUrl\":\"https:\\\/\\\/covasna45.ro\\\/wp-content\\\/uploads\\\/2026\\\/03\\\/pol-loc-g.jpg\",\"keywords\":[\"Politia Locala\",\"Sfantu Gheorghe\"],\"articleSection\":[\"Lumea noastr\u0103\"],\"inLanguage\":\"ro-RO\",\"potentialAction\":[{\"@type\":\"CommentAction\",\"name\":\"Comment\",\"target\":[\"https:\\\/\\\/covasna45.ro\\\/index.php\\\/lumea-noastra\\\/ce-reclama-oamenii-din-sfantu-gheorghe-la-politia-locala\\\/#respond\"]}]},{\"@type\":\"WebPage\",\"@id\":\"https:\\\/\\\/covasna45.ro\\\/index.php\\\/lumea-noastra\\\/ce-reclama-oamenii-din-sfantu-gheorghe-la-politia-locala\\\/\",\"url\":\"https:\\\/\\\/covasna45.ro\\\/index.php\\\/lumea-noastra\\\/ce-reclama-oamenii-din-sfantu-gheorghe-la-politia-locala\\\/\",\"name\":\"Ce reclam\u0103 oamenii din Sf\u00e2ntu Gheorghe la Poli\u021bia Local\u0103? - Covasna45\",\"isPartOf\":{\"@id\":\"https:\\\/\\\/covasna45.ro\\\/#website\"},\"primaryImageOfPage\":{\"@id\":\"https:\\\/\\\/covasna45.ro\\\/index.php\\\/lumea-noastra\\\/ce-reclama-oamenii-din-sfantu-gheorghe-la-politia-locala\\\/#primaryimage\"},\"image\":{\"@id\":\"https:\\\/\\\/covasna45.ro\\\/index.php\\\/lumea-noastra\\\/ce-reclama-oamenii-din-sfantu-gheorghe-la-politia-locala\\\/#primaryimage\"},\"thumbnailUrl\":\"https:\\\/\\\/covasna45.ro\\\/wp-content\\\/uploads\\\/2026\\\/03\\\/pol-loc-g.jpg\",\"datePublished\":\"2026-03-12T09:09:44+00:00\",\"dateModified\":\"2026-03-12T09:09:46+00:00\",\"description\":\"\u00cen cursul anului 2025, au fost \u00eenregistrate peste 1.400 de sesiz\u0103ri din partea locuitorilor la dispeceratul Poli\u021biei Locale.\",\"breadcrumb\":{\"@id\":\"https:\\\/\\\/covasna45.ro\\\/index.php\\\/lumea-noastra\\\/ce-reclama-oamenii-din-sfantu-gheorghe-la-politia-locala\\\/#breadcrumb\"},\"inLanguage\":\"ro-RO\",\"potentialAction\":[{\"@type\":\"ReadAction\",\"target\":[\"https:\\\/\\\/covasna45.ro\\\/index.php\\\/lumea-noastra\\\/ce-reclama-oamenii-din-sfantu-gheorghe-la-politia-locala\\\/\"]}]},{\"@type\":\"ImageObject\",\"inLanguage\":\"ro-RO\",\"@id\":\"https:\\\/\\\/covasna45.ro\\\/index.php\\\/lumea-noastra\\\/ce-reclama-oamenii-din-sfantu-gheorghe-la-politia-locala\\\/#primaryimage\",\"url\":\"https:\\\/\\\/covasna45.ro\\\/wp-content\\\/uploads\\\/2026\\\/03\\\/pol-loc-g.jpg\",\"contentUrl\":\"https:\\\/\\\/covasna45.ro\\\/wp-content\\\/uploads\\\/2026\\\/03\\\/pol-loc-g.jpg\",\"width\":778,\"height\":533},{\"@type\":\"BreadcrumbList\",\"@id\":\"https:\\\/\\\/covasna45.ro\\\/index.php\\\/lumea-noastra\\\/ce-reclama-oamenii-din-sfantu-gheorghe-la-politia-locala\\\/#breadcrumb\",\"itemListElement\":[{\"@type\":\"ListItem\",\"position\":1,\"name\":\"Prima pagin\u0103\",\"item\":\"https:\\\/\\\/covasna45.ro\\\/\"},{\"@type\":\"ListItem\",\"position\":2,\"name\":\"Ce reclam\u0103 oamenii din Sf\u00e2ntu Gheorghe la Poli\u021bia Local\u0103?\"}]},{\"@type\":\"WebSite\",\"@id\":\"https:\\\/\\\/covasna45.ro\\\/#website\",\"url\":\"https:\\\/\\\/covasna45.ro\\\/\",\"name\":\"covasna45.ro\",\"description\":\"\",\"publisher\":{\"@id\":\"https:\\\/\\\/covasna45.ro\\\/#organization\"},\"potentialAction\":[{\"@type\":\"SearchAction\",\"target\":{\"@type\":\"EntryPoint\",\"urlTemplate\":\"https:\\\/\\\/covasna45.ro\\\/?s={search_term_string}\"},\"query-input\":{\"@type\":\"PropertyValueSpecification\",\"valueRequired\":true,\"valueName\":\"search_term_string\"}}],\"inLanguage\":\"ro-RO\"},{\"@type\":\"Organization\",\"@id\":\"https:\\\/\\\/covasna45.ro\\\/#organization\",\"name\":\"covasna45.ro\",\"url\":\"https:\\\/\\\/covasna45.ro\\\/\",\"logo\":{\"@type\":\"ImageObject\",\"inLanguage\":\"ro-RO\",\"@id\":\"https:\\\/\\\/covasna45.ro\\\/#\\\/schema\\\/logo\\\/image\\\/\",\"url\":\"https:\\\/\\\/covasna45.ro\\\/wp-content\\\/uploads\\\/2023\\\/01\\\/icon_logo.png\",\"contentUrl\":\"https:\\\/\\\/covasna45.ro\\\/wp-content\\\/uploads\\\/2023\\\/01\\\/icon_logo.png\",\"width\":1900,\"height\":1900,\"caption\":\"covasna45.ro\"},\"image\":{\"@id\":\"https:\\\/\\\/covasna45.ro\\\/#\\\/schema\\\/logo\\\/image\\\/\"}},{\"@type\":\"Person\",\"@id\":\"https:\\\/\\\/covasna45.ro\\\/#\\\/schema\\\/person\\\/e674052bd7d95d70bbb007a1060ab73c\",\"name\":\"Covasna45\",\"image\":{\"@type\":\"ImageObject\",\"inLanguage\":\"ro-RO\",\"@id\":\"https:\\\/\\\/covasna45.ro\\\/wp-content\\\/uploads\\\/2025\\\/10\\\/icon_logo_covasna45-150x150.png\",\"url\":\"https:\\\/\\\/covasna45.ro\\\/wp-content\\\/uploads\\\/2025\\\/10\\\/icon_logo_covasna45-150x150.png\",\"contentUrl\":\"https:\\\/\\\/covasna45.ro\\\/wp-content\\\/uploads\\\/2025\\\/10\\\/icon_logo_covasna45-150x150.png\",\"caption\":\"Covasna45\"},\"sameAs\":[\"https:\\\/\\\/covasna45.ro\"],\"url\":\"https:\\\/\\\/covasna45.ro\\\/index.php\\\/author\\\/covasna\\\/\"}]}<\/script>\n<!-- \/ Yoast SEO plugin. -->","yoast_head_json":{"title":"Ce reclam\u0103 oamenii din Sf\u00e2ntu Gheorghe la Poli\u021bia Local\u0103? - Covasna45","description":"\u00cen cursul anului 2025, au fost \u00eenregistrate peste 1.400 de sesiz\u0103ri din partea locuitorilor la dispeceratul Poli\u021biei Locale.","robots":{"index":"index","follow":"follow","max-snippet":"max-snippet:-1","max-image-preview":"max-image-preview:large","max-video-preview":"max-video-preview:-1"},"canonical":"https:\/\/covasna45.ro\/index.php\/lumea-noastra\/ce-reclama-oamenii-din-sfantu-gheorghe-la-politia-locala\/","og_locale":"ro_RO","og_type":"article","og_title":"Ce reclam\u0103 oamenii din Sf\u00e2ntu Gheorghe la Poli\u021bia Local\u0103? - Covasna45","og_description":"\u00cen cursul anului 2025, au fost \u00eenregistrate peste 1.400 de sesiz\u0103ri din partea locuitorilor la dispeceratul Poli\u021biei Locale.","og_url":"https:\/\/covasna45.ro\/index.php\/lumea-noastra\/ce-reclama-oamenii-din-sfantu-gheorghe-la-politia-locala\/","og_site_name":"Covasna45","article_published_time":"2026-03-12T09:09:44+00:00","article_modified_time":"2026-03-12T09:09:46+00:00","og_image":[{"width":778,"height":533,"url":"https:\/\/covasna45.ro\/wp-content\/uploads\/2026\/03\/pol-loc-g.jpg","type":"image\/jpeg"}],"author":"Covasna45","twitter_card":"summary_large_image","twitter_misc":{"Scris de":"Covasna45","Timp estimat pentru citire":"2 minute"},"schema":{"@context":"https:\/\/schema.org","@graph":[{"@type":"Article","@id":"https:\/\/covasna45.ro\/index.php\/lumea-noastra\/ce-reclama-oamenii-din-sfantu-gheorghe-la-politia-locala\/#article","isPartOf":{"@id":"https:\/\/covasna45.ro\/index.php\/lumea-noastra\/ce-reclama-oamenii-din-sfantu-gheorghe-la-politia-locala\/"},"author":{"name":"Covasna45","@id":"https:\/\/covasna45.ro\/#\/schema\/person\/e674052bd7d95d70bbb007a1060ab73c"},"headline":"Ce reclam\u0103 oamenii din Sf\u00e2ntu Gheorghe la Poli\u021bia Local\u0103?","datePublished":"2026-03-12T09:09:44+00:00","dateModified":"2026-03-12T09:09:46+00:00","mainEntityOfPage":{"@id":"https:\/\/covasna45.ro\/index.php\/lumea-noastra\/ce-reclama-oamenii-din-sfantu-gheorghe-la-politia-locala\/"},"wordCount":224,"commentCount":0,"publisher":{"@id":"https:\/\/covasna45.ro\/#organization"},"image":{"@id":"https:\/\/covasna45.ro\/index.php\/lumea-noastra\/ce-reclama-oamenii-din-sfantu-gheorghe-la-politia-locala\/#primaryimage"},"thumbnailUrl":"https:\/\/covasna45.ro\/wp-content\/uploads\/2026\/03\/pol-loc-g.jpg","keywords":["Politia Locala","Sfantu Gheorghe"],"articleSection":["Lumea noastr\u0103"],"inLanguage":"ro-RO","potentialAction":[{"@type":"CommentAction","name":"Comment","target":["https:\/\/covasna45.ro\/index.php\/lumea-noastra\/ce-reclama-oamenii-din-sfantu-gheorghe-la-politia-locala\/#respond"]}]},{"@type":"WebPage","@id":"https:\/\/covasna45.ro\/index.php\/lumea-noastra\/ce-reclama-oamenii-din-sfantu-gheorghe-la-politia-locala\/","url":"https:\/\/covasna45.ro\/index.php\/lumea-noastra\/ce-reclama-oamenii-din-sfantu-gheorghe-la-politia-locala\/","name":"Ce reclam\u0103 oamenii din Sf\u00e2ntu Gheorghe la Poli\u021bia Local\u0103? - Covasna45","isPartOf":{"@id":"https:\/\/covasna45.ro\/#website"},"primaryImageOfPage":{"@id":"https:\/\/covasna45.ro\/index.php\/lumea-noastra\/ce-reclama-oamenii-din-sfantu-gheorghe-la-politia-locala\/#primaryimage"},"image":{"@id":"https:\/\/covasna45.ro\/index.php\/lumea-noastra\/ce-reclama-oamenii-din-sfantu-gheorghe-la-politia-locala\/#primaryimage"},"thumbnailUrl":"https:\/\/covasna45.ro\/wp-content\/uploads\/2026\/03\/pol-loc-g.jpg","datePublished":"2026-03-12T09:09:44+00:00","dateModified":"2026-03-12T09:09:46+00:00","description":"\u00cen cursul anului 2025, au fost \u00eenregistrate peste 1.400 de sesiz\u0103ri din partea locuitorilor la dispeceratul Poli\u021biei Locale.","breadcrumb":{"@id":"https:\/\/covasna45.ro\/index.php\/lumea-noastra\/ce-reclama-oamenii-din-sfantu-gheorghe-la-politia-locala\/#breadcrumb"},"inLanguage":"ro-RO","potentialAction":[{"@type":"ReadAction","target":["https:\/\/covasna45.ro\/index.php\/lumea-noastra\/ce-reclama-oamenii-din-sfantu-gheorghe-la-politia-locala\/"]}]},{"@type":"ImageObject","inLanguage":"ro-RO","@id":"https:\/\/covasna45.ro\/index.php\/lumea-noastra\/ce-reclama-oamenii-din-sfantu-gheorghe-la-politia-locala\/#primaryimage","url":"https:\/\/covasna45.ro\/wp-content\/uploads\/2026\/03\/pol-loc-g.jpg","contentUrl":"https:\/\/covasna45.ro\/wp-content\/uploads\/2026\/03\/pol-loc-g.jpg","width":778,"height":533},{"@type":"BreadcrumbList","@id":"https:\/\/covasna45.ro\/index.php\/lumea-noastra\/ce-reclama-oamenii-din-sfantu-gheorghe-la-politia-locala\/#breadcrumb","itemListElement":[{"@type":"ListItem","position":1,"name":"Prima pagin\u0103","item":"https:\/\/covasna45.ro\/"},{"@type":"ListItem","position":2,"name":"Ce reclam\u0103 oamenii din Sf\u00e2ntu Gheorghe la Poli\u021bia Local\u0103?"}]},{"@type":"WebSite","@id":"https:\/\/covasna45.ro\/#website","url":"https:\/\/covasna45.ro\/","name":"covasna45.ro","description":"","publisher":{"@id":"https:\/\/covasna45.ro\/#organization"},"potentialAction":[{"@type":"SearchAction","target":{"@type":"EntryPoint","urlTemplate":"https:\/\/covasna45.ro\/?s={search_term_string}"},"query-input":{"@type":"PropertyValueSpecification","valueRequired":true,"valueName":"search_term_string"}}],"inLanguage":"ro-RO"},{"@type":"Organization","@id":"https:\/\/covasna45.ro\/#organization","name":"covasna45.ro","url":"https:\/\/covasna45.ro\/","logo":{"@type":"ImageObject","inLanguage":"ro-RO","@id":"https:\/\/covasna45.ro\/#\/schema\/logo\/image\/","url":"https:\/\/covasna45.ro\/wp-content\/uploads\/2023\/01\/icon_logo.png","contentUrl":"https:\/\/covasna45.ro\/wp-content\/uploads\/2023\/01\/icon_logo.png","width":1900,"height":1900,"caption":"covasna45.ro"},"image":{"@id":"https:\/\/covasna45.ro\/#\/schema\/logo\/image\/"}},{"@type":"Person","@id":"https:\/\/covasna45.ro\/#\/schema\/person\/e674052bd7d95d70bbb007a1060ab73c","name":"Covasna45","image":{"@type":"ImageObject","inLanguage":"ro-RO","@id":"https:\/\/covasna45.ro\/wp-content\/uploads\/2025\/10\/icon_logo_covasna45-150x150.png","url":"https:\/\/covasna45.ro\/wp-content\/uploads\/2025\/10\/icon_logo_covasna45-150x150.png","contentUrl":"https:\/\/covasna45.ro\/wp-content\/uploads\/2025\/10\/icon_logo_covasna45-150x150.png","caption":"Covasna45"},"sameAs":["https:\/\/covasna45.ro"],"url":"https:\/\/covasna45.ro\/index.php\/author\/covasna\/"}]}},"_links":{"self":[{"href":"https:\/\/covasna45.ro\/index.php\/wp-json\/wp\/v2\/posts\/15428","targetHints":{"allow":["GET"]}}],"collection":[{"href":"https:\/\/covasna45.ro\/index.php\/wp-json\/wp\/v2\/posts"}],"about":[{"href":"https:\/\/covasna45.ro\/index.php\/wp-json\/wp\/v2\/types\/post"}],"author":[{"embeddable":true,"href":"https:\/\/covasna45.ro\/index.php\/wp-json\/wp\/v2\/users\/1"}],"replies":[{"embeddable":true,"href":"https:\/\/covasna45.ro\/index.php\/wp-json\/wp\/v2\/comments?post=15428"}],"version-history":[{"count":1,"href":"https:\/\/covasna45.ro\/index.php\/wp-json\/wp\/v2\/posts\/15428\/revisions"}],"predecessor-version":[{"id":15430,"href":"https:\/\/covasna45.ro\/index.php\/wp-json\/wp\/v2\/posts\/15428\/revisions\/15430"}],"wp:featuredmedia":[{"embeddable":true,"href":"https:\/\/covasna45.ro\/index.php\/wp-json\/wp\/v2\/media\/15429"}],"wp:attachment":[{"href":"https:\/\/covasna45.ro\/index.php\/wp-json\/wp\/v2\/media?parent=15428"}],"wp:term":[{"taxonomy":"category","embeddable":true,"href":"https:\/\/covasna45.ro\/index.php\/wp-json\/wp\/v2\/categories?post=15428"},{"taxonomy":"post_tag","embeddable":true,"href":"https:\/\/covasna45.ro\/index.php\/wp-json\/wp\/v2\/tags?post=15428"}],"curies":[{"name":"wp","href":"https:\/\/api.w.org\/{rel}","templated":true}]}}