{"id":15431,"date":"2026-03-12T18:47:10","date_gmt":"2026-03-12T16:47:10","guid":{"rendered":"https:\/\/covasna45.ro\/?p=15431"},"modified":"2026-03-12T19:15:28","modified_gmt":"2026-03-12T17:15:28","slug":"presedintele-ucrainei-la-bucuresti-nicusor-dan-e-un-moment-important","status":"publish","type":"post","link":"https:\/\/covasna45.ro\/index.php\/lumea-noastra\/presedintele-ucrainei-la-bucuresti-nicusor-dan-e-un-moment-important\/","title":{"rendered":"Pre\u0219edintele Ucrainei, la Bucure\u0219ti. Nicu\u0219or Dan: \u201eE un moment important\u201d"},"content":{"rendered":"\n<p>Pre\u0219edintele Ucrainei, Volodimir Zelenski, a fost ast\u0103zi \u00een vizit\u0103 oficial\u0103 \u00een Rom\u00e2nia \u0219i a fost primit la Palatul Cotroceni de pre\u0219edintele Nicu\u0219or Dan. Cei doi au sus\u021binut o declara\u021bie de pres\u0103 comun\u0103 dup\u0103 ce au semnat un document de parteneriat.<\/p>\n\n\n\n<p>\u201e<strong><em>Am semnat azi o declara\u021bie de parteneriat strategic \u015fi este un moment important \u00een rela\u021bia noastr\u0103 bilateral\u0103. Nu trebuie s\u0103 ne ascundem, s\u0103 spunem c\u0103 istoric a existat ne\u00eencredere \u00eentre \u021b\u0103rile noastre. <\/em><\/strong><\/p>\n\n\n\n<p><strong><em>Aceast\u0103 ne\u00eencredere s-a evaporat, cred eu, \u00een momentul \u00eenceperii r\u0103zboiului din 2022, \u015fi momentul de azi e un moment \u00een care cele dou\u0103 \u021b\u0103ri \u00ee\u0219i asum\u0103 \u00eencrederea reciproc\u0103 \u00een ce pot s\u0103 fac\u0103 \u00eempreun\u0103, \u00ee\u0219i asum\u0103 responsabilitatea comun\u0103 pentru aceast\u0103 parte de Europa, pentru cet\u0103\u021benii ei \u015fi pentru, cum am spus, \u00eentreaga regiune. De aceea, documentul pe care l-am semnat este foarte important.<\/em><\/strong><\/p>\n\n\n\n<figure class=\"wp-block-image size-large\"><img loading=\"lazy\" decoding=\"async\" width=\"1024\" height=\"655\" src=\"https:\/\/covasna45.ro\/wp-content\/uploads\/2026\/03\/zn2-1024x655.jpg\" alt=\"\" class=\"wp-image-15433\" srcset=\"https:\/\/covasna45.ro\/wp-content\/uploads\/2026\/03\/zn2-1024x655.jpg 1024w, https:\/\/covasna45.ro\/wp-content\/uploads\/2026\/03\/zn2-300x192.jpg 300w, https:\/\/covasna45.ro\/wp-content\/uploads\/2026\/03\/zn2-768x492.jpg 768w, https:\/\/covasna45.ro\/wp-content\/uploads\/2026\/03\/zn2-1536x983.jpg 1536w, https:\/\/covasna45.ro\/wp-content\/uploads\/2026\/03\/zn2-150x96.jpg 150w, https:\/\/covasna45.ro\/wp-content\/uploads\/2026\/03\/zn2-696x445.jpg 696w, https:\/\/covasna45.ro\/wp-content\/uploads\/2026\/03\/zn2-1068x684.jpg 1068w, https:\/\/covasna45.ro\/wp-content\/uploads\/2026\/03\/zn2-1920x1229.jpg 1920w, https:\/\/covasna45.ro\/wp-content\/uploads\/2026\/03\/zn2.jpg 2000w\" sizes=\"auto, (max-width: 1024px) 100vw, 1024px\" \/><\/figure>\n\n\n\n<p><strong><em>Am vorbit de integrarea Ucrainei \u00een Uniunea European\u0103 \u0219i am reafirmat sprijinul Rom\u00e2niei pentru acest proces.<\/em><\/strong><\/p>\n\n\n\n<p><strong><em>\u0218i, foarte important, am vorbit de minoritatea rom\u00e2neasc\u0103 din Ucraina \u0219i de deschiderea pe care Ucraina o are, o va avea pentru minoritatea rom\u00e2neasc\u0103. Am primit garan\u021bii cu privire la continuarea func\u021bion\u0103rii \u0219colilor \u00een limba rom\u00e2n\u0103 \u0219i pentru toate celelalte drepturi ale minorit\u0103\u021bii rom\u00e2ne \u00een acord cu drepturile minorit\u0103\u021bilor stabilite prin Carte interna\u021bionale.<\/em><\/strong><\/p>\n\n\n\n<p><strong><em>Nu \u00een ultimul r\u00e2nd, l-am invitat pe domnul Pre\u0219edinte la reuniunea B9 care va avea loc \u00een mai la Bucure\u0219ti<\/em><\/strong>\u201d, a declarat pre\u0219edintele Nicu\u0219or Dan.<\/p>\n\n\n\n<figure class=\"wp-block-image size-large\"><img loading=\"lazy\" decoding=\"async\" width=\"1024\" height=\"768\" src=\"https:\/\/covasna45.ro\/wp-content\/uploads\/2026\/03\/zn3-1024x768.jpg\" alt=\"\" class=\"wp-image-15434\" srcset=\"https:\/\/covasna45.ro\/wp-content\/uploads\/2026\/03\/zn3-1024x768.jpg 1024w, https:\/\/covasna45.ro\/wp-content\/uploads\/2026\/03\/zn3-300x225.jpg 300w, https:\/\/covasna45.ro\/wp-content\/uploads\/2026\/03\/zn3-768x576.jpg 768w, https:\/\/covasna45.ro\/wp-content\/uploads\/2026\/03\/zn3-1536x1152.jpg 1536w, https:\/\/covasna45.ro\/wp-content\/uploads\/2026\/03\/zn3-150x113.jpg 150w, https:\/\/covasna45.ro\/wp-content\/uploads\/2026\/03\/zn3-696x522.jpg 696w, https:\/\/covasna45.ro\/wp-content\/uploads\/2026\/03\/zn3-1068x801.jpg 1068w, https:\/\/covasna45.ro\/wp-content\/uploads\/2026\/03\/zn3-1920x1440.jpg 1920w, https:\/\/covasna45.ro\/wp-content\/uploads\/2026\/03\/zn3.jpg 2000w\" sizes=\"auto, (max-width: 1024px) 100vw, 1024px\" \/><\/figure>\n\n\n\n<p>Cei doi pre\u0219edin\u021bi au discutat \u0219i despre deschiderea unor noi puncte de trecere a frontierei. Discu\u021biile au vizat de asemenea colaborarea cultural\u0103 \u0219i a fost semnat un decret care face referire la marcarea Zilei Limbii Rom\u00e2ne, pe data de 31 august.<\/p>\n\n\n\n<h2 class=\"wp-block-heading\">Direc\u021bii de dezvoltare \u00een domeniul energetic<\/h2>\n\n\n\n<p>Energia este unul dintre cele mai consistente capitole ale declara\u021biei strategice \u0219i, \u00een acela\u0219i timp, obiectul unui document separat semnat de cei doi pre\u0219edin\u021bi. \u00cen declara\u021bia principal\u0103, Rom\u00e2nia \u0219i Ucraina spun c\u0103 vor avansa interconect\u0103rile energetice \u0219i de gaze pentru a-\u0219i \u00eent\u0103ri securitatea energetic\u0103 \u0219i rezilien\u021ba, pentru a diversifica rutele \u0219i sursele de aprovizionare \u0219i pentru a face acest lucru \u00eentr-o rela\u021bie \u201e<em>echilibrat\u0103, transparent\u0103, nediscriminatorie<\/em>\u201d, bazat\u0103 pe concuren\u021b\u0103 loial\u0103.<\/p>\n\n\n\n<p>Parteneriatul strategic vorbe\u0219te despre importan\u021ba interconect\u0103rilor rom\u00e2no-ucrainene pentru valorificarea integr\u0103rii Ucrainei \u00een ENTSO-E \u0219i pentru integrarea acesteia \u00een pia\u021ba energetic\u0103 a Uniunii Europene. De asemenea, cele dou\u0103 p\u0103r\u021bi se angajeaz\u0103 s\u0103 ia m\u0103suri, bilateral \u0219i cu sprijin european, pentru reformarea \u0219i modernizarea infrastructurii energetice ucrainene, s\u0103 coopereze pentru o utilizare mai bun\u0103 a depozitelor subterane de gaze \u0219i s\u0103 aprofundeze cooperarea bilateral\u0103 \u00een domeniul energiei nucleare.<\/p>\n\n\n\n<p>Documentul separat privind energia merge \u0219i mai departe \u0219i fixeaz\u0103 trei direc\u021bii concrete. Prima este cre\u0219terea capacit\u0103\u021bii de export \u0219i import de electricitate \u00eentre cele dou\u0103 \u021b\u0103ri prin construirea unei linii electrice aeriene de 400 kV \u00eentre Cern\u0103u\u021bi \u0219i Suceava \u0219i punerea \u00een func\u021biune a unei linii de 110 kV \u00eentre Porubne \u0219i Siret. A doua este dezvoltarea capacit\u0103\u021bii \u0219i atractivit\u0103\u021bii economice a Coridorului Vertical de Gaze care leag\u0103 Grecia, Bulgaria, Rom\u00e2nia, Republica Moldova \u0219i Ucraina, inclusiv prin identificarea unei solu\u021bii pe termen lung pentru reducerea tarifelor de transport. A treia este explorarea posibilit\u0103\u021bii de a utiliza depozitele subterane de gaze ale Ucrainei pentru gazele venite prin Coridorul Vertical \u0219i pentru gazele din viitoarea produc\u021bie offshore din Marea Neagr\u0103, \u00een cadrul proiectului Neptun Deep, astfel \u00eenc\u00e2t s\u0103 fie acoperite nevoile Ucrainei \u0219i s\u0103 fie asigurat\u0103 stocarea lor \u00een siguran\u021b\u0103.<\/p>\n\n\n\n<figure class=\"wp-block-image size-large\"><img loading=\"lazy\" decoding=\"async\" width=\"1024\" height=\"709\" src=\"https:\/\/covasna45.ro\/wp-content\/uploads\/2026\/03\/zn4-1024x709.jpg\" alt=\"\" class=\"wp-image-15438\" srcset=\"https:\/\/covasna45.ro\/wp-content\/uploads\/2026\/03\/zn4-1024x709.jpg 1024w, https:\/\/covasna45.ro\/wp-content\/uploads\/2026\/03\/zn4-300x208.jpg 300w, https:\/\/covasna45.ro\/wp-content\/uploads\/2026\/03\/zn4-768x532.jpg 768w, https:\/\/covasna45.ro\/wp-content\/uploads\/2026\/03\/zn4-1536x1064.jpg 1536w, https:\/\/covasna45.ro\/wp-content\/uploads\/2026\/03\/zn4-150x104.jpg 150w, https:\/\/covasna45.ro\/wp-content\/uploads\/2026\/03\/zn4-218x150.jpg 218w, https:\/\/covasna45.ro\/wp-content\/uploads\/2026\/03\/zn4-696x482.jpg 696w, https:\/\/covasna45.ro\/wp-content\/uploads\/2026\/03\/zn4-1068x740.jpg 1068w, https:\/\/covasna45.ro\/wp-content\/uploads\/2026\/03\/zn4-1920x1330.jpg 1920w, https:\/\/covasna45.ro\/wp-content\/uploads\/2026\/03\/zn4.jpg 2000w\" sizes=\"auto, (max-width: 1024px) 100vw, 1024px\" \/><\/figure>\n\n\n\n<h2 class=\"wp-block-heading\">Colaborare \u00een produc\u021bia de drone<\/h2>\n\n\n\n<p>Al doilea document semnat joi la Bucure\u0219ti, declara\u021bia de inten\u021bie privind coproduc\u021bia de materiale defensive \u00een Rom\u00e2nia, traduce \u00een termeni industriali \u0219i financiari logica de securitate a parteneriatului strategic. Textul vorbe\u0219te despre necesitatea furniz\u0103rii c\u0103tre for\u021bele ucrainene a unor arme de \u00eenalt\u0103 prioritate \u0219i despre beneficiile unor eforturi \u021bintite de sus\u021binere a produc\u021biei de ap\u0103rare \u00een Ucraina \u0219i Rom\u00e2nia, esen\u021biale pentru \u201e<em>o industrie de ap\u0103rare rezilient\u0103 \u0219i competitiv\u0103<\/em>\u201d \u0219i pentru \u00eent\u0103rirea autonomiei strategice \u00een regiunea M\u0103rii Negre \u0219i \u00een Europa.<\/p>\n\n\n\n<p>Concret, cele dou\u0103 p\u0103r\u021bi spun c\u0103 vor pune bazele unei colabor\u0103ri business-to-business pentru produc\u021bia \u00een Rom\u00e2nia de sisteme \u0219i capabilit\u0103\u021bi de ap\u0103rare ucrainene, vor facilita coproduc\u021bia acestor sisteme \u00een Rom\u00e2nia \u0219i vor \u00eentreprinde produc\u021bie comun\u0103 astfel \u00eenc\u00e2t materialele rezultate s\u0103 fie disponibile cu prioritate pentru ambele p\u0103r\u021bi \u0219i pentru destinatarii conveni\u021bi. Documentul mai prevede c\u0103 majoritatea sistemelor \u0219i capabilit\u0103\u021bilor de ap\u0103rare produse \u00een Rom\u00e2nia vor fi prioritizate pentru nevoile for\u021belor de ap\u0103rare ale Ucrainei \u0219i ale armatei rom\u00e2ne.<\/p>\n\n\n\n<p>Partea ucrainean\u0103 promite s\u0103 permit\u0103, \u00een limitele legisla\u021biei de control al exporturilor, transferul de tehnologii, proprietate intelectual\u0103 protejat\u0103 \u0219i date necesare pentru \u00eenfiin\u021barea unor facilit\u0103\u021bi de produc\u021bie \u00een Rom\u00e2nia. Iar unul dintre cele mai concrete pasaje din document spune c\u0103 \u201e<em>localizarea \u00een Rom\u00e2nia a produc\u021biei de drone \u00een cel mai scurt timp posibil<\/em>\u201d va fi tratat\u0103 drept proiect de prim\u0103 faz\u0103, finan\u021bat \u00een special prin ini\u021biativa SAFE a Uniunii Europene, p\u00e2n\u0103 la 200 de milioane de euro. Pe de alt\u0103 parte, documentul precizeaz\u0103 clar c\u0103 aceast\u0103 declara\u021bie de inten\u021bie \u201e<em>nu constituie un angajament obligatoriu din punct de vedere juridic<\/em>\u201d, orice obliga\u021bie legal\u0103 sau financiar\u0103 urm\u00e2nd s\u0103 fie stabilit\u0103 prin aranjamente separate \u0219i cu respectarea procedurilor na\u021bionale de aprobare.<\/p>\n\n\n\n<p>Foto: <a href=\"https:\/\/www.presidency.ro\/ro\/media\/declaratiile-de-presa-comune-sustinute-de-presedintele-romaniei-nicusor-dan-cu-presedintele-ucrainei-volodimir-zelenski\">presidency.ro<\/a><\/p>\n","protected":false},"excerpt":{"rendered":"<p>Pre\u0219edintele Ucrainei, Volodimir Zelenski, a fost ast\u0103zi \u00een vizit\u0103 oficial\u0103 \u00een Rom\u00e2nia \u0219i a fost primit la Palatul Cotroceni de pre\u0219edintele Nicu\u0219or Dan. Cei doi au sus\u021binut o declara\u021bie de pres\u0103 comun\u0103 dup\u0103 ce au semnat un document de parteneriat. \u201eAm semnat azi o declara\u021bie de parteneriat strategic \u015fi este un moment important \u00een rela\u021bia [&hellip;]<\/p>\n","protected":false},"author":1,"featured_media":15432,"comment_status":"open","ping_status":"closed","sticky":false,"template":"","format":"standard","meta":{"tdm_status":"","tdm_grid_status":"","footnotes":""},"categories":[14],"tags":[3557,116],"class_list":{"0":"post-15431","1":"post","2":"type-post","3":"status-publish","4":"format-standard","5":"has-post-thumbnail","7":"category-lumea-noastra","8":"tag-nicusor-dan-2","9":"tag-ucraina"},"yoast_head":"<!-- This site is optimized with the Yoast SEO plugin v27.5 - https:\/\/yoast.com\/product\/yoast-seo-wordpress\/ -->\n<title>Pre\u0219edintele Ucrainei, la Bucure\u0219ti. Nicu\u0219or Dan: \u201eE un moment important\u201d - Covasna45<\/title>\n<meta name=\"description\" content=\"Pre\u0219edintele Ucrainei, Volodimir Zelenski, a fost primit ast\u0103zi de pre\u0219edintele Nicu\u0219or Dan.\" \/>\n<meta name=\"robots\" content=\"index, follow, max-snippet:-1, max-image-preview:large, max-video-preview:-1\" \/>\n<link rel=\"canonical\" href=\"https:\/\/covasna45.ro\/index.php\/lumea-noastra\/presedintele-ucrainei-la-bucuresti-nicusor-dan-e-un-moment-important\/\" \/>\n<meta property=\"og:locale\" content=\"ro_RO\" \/>\n<meta property=\"og:type\" content=\"article\" \/>\n<meta property=\"og:title\" content=\"Pre\u0219edintele Ucrainei, la Bucure\u0219ti. Nicu\u0219or Dan: \u201eE un moment important\u201d - Covasna45\" \/>\n<meta property=\"og:description\" content=\"Pre\u0219edintele Ucrainei, Volodimir Zelenski, a fost primit ast\u0103zi de pre\u0219edintele Nicu\u0219or Dan.\" \/>\n<meta property=\"og:url\" content=\"https:\/\/covasna45.ro\/index.php\/lumea-noastra\/presedintele-ucrainei-la-bucuresti-nicusor-dan-e-un-moment-important\/\" \/>\n<meta property=\"og:site_name\" content=\"Covasna45\" \/>\n<meta property=\"article:published_time\" content=\"2026-03-12T16:47:10+00:00\" \/>\n<meta property=\"article:modified_time\" content=\"2026-03-12T17:15:28+00:00\" \/>\n<meta property=\"og:image\" content=\"https:\/\/covasna45.ro\/wp-content\/uploads\/2026\/03\/zn1-1024x764.jpg\" \/>\n\t<meta property=\"og:image:width\" content=\"1024\" \/>\n\t<meta property=\"og:image:height\" content=\"764\" \/>\n\t<meta property=\"og:image:type\" content=\"image\/jpeg\" \/>\n<meta name=\"author\" content=\"Covasna45\" \/>\n<meta name=\"twitter:card\" content=\"summary_large_image\" \/>\n<meta name=\"twitter:label1\" content=\"Scris de\" \/>\n\t<meta name=\"twitter:data1\" content=\"Covasna45\" \/>\n\t<meta name=\"twitter:label2\" content=\"Timp estimat pentru citire\" \/>\n\t<meta name=\"twitter:data2\" content=\"6 minute\" \/>\n<script type=\"application\/ld+json\" class=\"yoast-schema-graph\">{\"@context\":\"https:\\\/\\\/schema.org\",\"@graph\":[{\"@type\":\"Article\",\"@id\":\"https:\\\/\\\/covasna45.ro\\\/index.php\\\/lumea-noastra\\\/presedintele-ucrainei-la-bucuresti-nicusor-dan-e-un-moment-important\\\/#article\",\"isPartOf\":{\"@id\":\"https:\\\/\\\/covasna45.ro\\\/index.php\\\/lumea-noastra\\\/presedintele-ucrainei-la-bucuresti-nicusor-dan-e-un-moment-important\\\/\"},\"author\":{\"name\":\"Covasna45\",\"@id\":\"https:\\\/\\\/covasna45.ro\\\/#\\\/schema\\\/person\\\/e674052bd7d95d70bbb007a1060ab73c\"},\"headline\":\"Pre\u0219edintele Ucrainei, la Bucure\u0219ti. Nicu\u0219or Dan: \u201eE un moment important\u201d\",\"datePublished\":\"2026-03-12T16:47:10+00:00\",\"dateModified\":\"2026-03-12T17:15:28+00:00\",\"mainEntityOfPage\":{\"@id\":\"https:\\\/\\\/covasna45.ro\\\/index.php\\\/lumea-noastra\\\/presedintele-ucrainei-la-bucuresti-nicusor-dan-e-un-moment-important\\\/\"},\"wordCount\":962,\"commentCount\":0,\"publisher\":{\"@id\":\"https:\\\/\\\/covasna45.ro\\\/#organization\"},\"image\":{\"@id\":\"https:\\\/\\\/covasna45.ro\\\/index.php\\\/lumea-noastra\\\/presedintele-ucrainei-la-bucuresti-nicusor-dan-e-un-moment-important\\\/#primaryimage\"},\"thumbnailUrl\":\"https:\\\/\\\/covasna45.ro\\\/wp-content\\\/uploads\\\/2026\\\/03\\\/zn1.jpg\",\"keywords\":[\"nicusor dan\",\"Ucraina\"],\"articleSection\":[\"Lumea noastr\u0103\"],\"inLanguage\":\"ro-RO\",\"potentialAction\":[{\"@type\":\"CommentAction\",\"name\":\"Comment\",\"target\":[\"https:\\\/\\\/covasna45.ro\\\/index.php\\\/lumea-noastra\\\/presedintele-ucrainei-la-bucuresti-nicusor-dan-e-un-moment-important\\\/#respond\"]}]},{\"@type\":\"WebPage\",\"@id\":\"https:\\\/\\\/covasna45.ro\\\/index.php\\\/lumea-noastra\\\/presedintele-ucrainei-la-bucuresti-nicusor-dan-e-un-moment-important\\\/\",\"url\":\"https:\\\/\\\/covasna45.ro\\\/index.php\\\/lumea-noastra\\\/presedintele-ucrainei-la-bucuresti-nicusor-dan-e-un-moment-important\\\/\",\"name\":\"Pre\u0219edintele Ucrainei, la Bucure\u0219ti. Nicu\u0219or Dan: \u201eE un moment important\u201d - Covasna45\",\"isPartOf\":{\"@id\":\"https:\\\/\\\/covasna45.ro\\\/#website\"},\"primaryImageOfPage\":{\"@id\":\"https:\\\/\\\/covasna45.ro\\\/index.php\\\/lumea-noastra\\\/presedintele-ucrainei-la-bucuresti-nicusor-dan-e-un-moment-important\\\/#primaryimage\"},\"image\":{\"@id\":\"https:\\\/\\\/covasna45.ro\\\/index.php\\\/lumea-noastra\\\/presedintele-ucrainei-la-bucuresti-nicusor-dan-e-un-moment-important\\\/#primaryimage\"},\"thumbnailUrl\":\"https:\\\/\\\/covasna45.ro\\\/wp-content\\\/uploads\\\/2026\\\/03\\\/zn1.jpg\",\"datePublished\":\"2026-03-12T16:47:10+00:00\",\"dateModified\":\"2026-03-12T17:15:28+00:00\",\"description\":\"Pre\u0219edintele Ucrainei, Volodimir Zelenski, a fost primit ast\u0103zi de pre\u0219edintele Nicu\u0219or Dan.\",\"breadcrumb\":{\"@id\":\"https:\\\/\\\/covasna45.ro\\\/index.php\\\/lumea-noastra\\\/presedintele-ucrainei-la-bucuresti-nicusor-dan-e-un-moment-important\\\/#breadcrumb\"},\"inLanguage\":\"ro-RO\",\"potentialAction\":[{\"@type\":\"ReadAction\",\"target\":[\"https:\\\/\\\/covasna45.ro\\\/index.php\\\/lumea-noastra\\\/presedintele-ucrainei-la-bucuresti-nicusor-dan-e-un-moment-important\\\/\"]}]},{\"@type\":\"ImageObject\",\"inLanguage\":\"ro-RO\",\"@id\":\"https:\\\/\\\/covasna45.ro\\\/index.php\\\/lumea-noastra\\\/presedintele-ucrainei-la-bucuresti-nicusor-dan-e-un-moment-important\\\/#primaryimage\",\"url\":\"https:\\\/\\\/covasna45.ro\\\/wp-content\\\/uploads\\\/2026\\\/03\\\/zn1.jpg\",\"contentUrl\":\"https:\\\/\\\/covasna45.ro\\\/wp-content\\\/uploads\\\/2026\\\/03\\\/zn1.jpg\",\"width\":2000,\"height\":1493},{\"@type\":\"BreadcrumbList\",\"@id\":\"https:\\\/\\\/covasna45.ro\\\/index.php\\\/lumea-noastra\\\/presedintele-ucrainei-la-bucuresti-nicusor-dan-e-un-moment-important\\\/#breadcrumb\",\"itemListElement\":[{\"@type\":\"ListItem\",\"position\":1,\"name\":\"Prima pagin\u0103\",\"item\":\"https:\\\/\\\/covasna45.ro\\\/\"},{\"@type\":\"ListItem\",\"position\":2,\"name\":\"Pre\u0219edintele Ucrainei, la Bucure\u0219ti. Nicu\u0219or Dan: \u201eE un moment important\u201d\"}]},{\"@type\":\"WebSite\",\"@id\":\"https:\\\/\\\/covasna45.ro\\\/#website\",\"url\":\"https:\\\/\\\/covasna45.ro\\\/\",\"name\":\"covasna45.ro\",\"description\":\"\",\"publisher\":{\"@id\":\"https:\\\/\\\/covasna45.ro\\\/#organization\"},\"potentialAction\":[{\"@type\":\"SearchAction\",\"target\":{\"@type\":\"EntryPoint\",\"urlTemplate\":\"https:\\\/\\\/covasna45.ro\\\/?s={search_term_string}\"},\"query-input\":{\"@type\":\"PropertyValueSpecification\",\"valueRequired\":true,\"valueName\":\"search_term_string\"}}],\"inLanguage\":\"ro-RO\"},{\"@type\":\"Organization\",\"@id\":\"https:\\\/\\\/covasna45.ro\\\/#organization\",\"name\":\"covasna45.ro\",\"url\":\"https:\\\/\\\/covasna45.ro\\\/\",\"logo\":{\"@type\":\"ImageObject\",\"inLanguage\":\"ro-RO\",\"@id\":\"https:\\\/\\\/covasna45.ro\\\/#\\\/schema\\\/logo\\\/image\\\/\",\"url\":\"https:\\\/\\\/covasna45.ro\\\/wp-content\\\/uploads\\\/2023\\\/01\\\/icon_logo.png\",\"contentUrl\":\"https:\\\/\\\/covasna45.ro\\\/wp-content\\\/uploads\\\/2023\\\/01\\\/icon_logo.png\",\"width\":1900,\"height\":1900,\"caption\":\"covasna45.ro\"},\"image\":{\"@id\":\"https:\\\/\\\/covasna45.ro\\\/#\\\/schema\\\/logo\\\/image\\\/\"}},{\"@type\":\"Person\",\"@id\":\"https:\\\/\\\/covasna45.ro\\\/#\\\/schema\\\/person\\\/e674052bd7d95d70bbb007a1060ab73c\",\"name\":\"Covasna45\",\"image\":{\"@type\":\"ImageObject\",\"inLanguage\":\"ro-RO\",\"@id\":\"https:\\\/\\\/covasna45.ro\\\/wp-content\\\/uploads\\\/2025\\\/10\\\/icon_logo_covasna45-150x150.png\",\"url\":\"https:\\\/\\\/covasna45.ro\\\/wp-content\\\/uploads\\\/2025\\\/10\\\/icon_logo_covasna45-150x150.png\",\"contentUrl\":\"https:\\\/\\\/covasna45.ro\\\/wp-content\\\/uploads\\\/2025\\\/10\\\/icon_logo_covasna45-150x150.png\",\"caption\":\"Covasna45\"},\"sameAs\":[\"https:\\\/\\\/covasna45.ro\"],\"url\":\"https:\\\/\\\/covasna45.ro\\\/index.php\\\/author\\\/covasna\\\/\"}]}<\/script>\n<!-- \/ Yoast SEO plugin. -->","yoast_head_json":{"title":"Pre\u0219edintele Ucrainei, la Bucure\u0219ti. Nicu\u0219or Dan: \u201eE un moment important\u201d - Covasna45","description":"Pre\u0219edintele Ucrainei, Volodimir Zelenski, a fost primit ast\u0103zi de pre\u0219edintele Nicu\u0219or Dan.","robots":{"index":"index","follow":"follow","max-snippet":"max-snippet:-1","max-image-preview":"max-image-preview:large","max-video-preview":"max-video-preview:-1"},"canonical":"https:\/\/covasna45.ro\/index.php\/lumea-noastra\/presedintele-ucrainei-la-bucuresti-nicusor-dan-e-un-moment-important\/","og_locale":"ro_RO","og_type":"article","og_title":"Pre\u0219edintele Ucrainei, la Bucure\u0219ti. Nicu\u0219or Dan: \u201eE un moment important\u201d - Covasna45","og_description":"Pre\u0219edintele Ucrainei, Volodimir Zelenski, a fost primit ast\u0103zi de pre\u0219edintele Nicu\u0219or Dan.","og_url":"https:\/\/covasna45.ro\/index.php\/lumea-noastra\/presedintele-ucrainei-la-bucuresti-nicusor-dan-e-un-moment-important\/","og_site_name":"Covasna45","article_published_time":"2026-03-12T16:47:10+00:00","article_modified_time":"2026-03-12T17:15:28+00:00","og_image":[{"width":1024,"height":764,"url":"https:\/\/covasna45.ro\/wp-content\/uploads\/2026\/03\/zn1-1024x764.jpg","type":"image\/jpeg"}],"author":"Covasna45","twitter_card":"summary_large_image","twitter_misc":{"Scris de":"Covasna45","Timp estimat pentru citire":"6 minute"},"schema":{"@context":"https:\/\/schema.org","@graph":[{"@type":"Article","@id":"https:\/\/covasna45.ro\/index.php\/lumea-noastra\/presedintele-ucrainei-la-bucuresti-nicusor-dan-e-un-moment-important\/#article","isPartOf":{"@id":"https:\/\/covasna45.ro\/index.php\/lumea-noastra\/presedintele-ucrainei-la-bucuresti-nicusor-dan-e-un-moment-important\/"},"author":{"name":"Covasna45","@id":"https:\/\/covasna45.ro\/#\/schema\/person\/e674052bd7d95d70bbb007a1060ab73c"},"headline":"Pre\u0219edintele Ucrainei, la Bucure\u0219ti. Nicu\u0219or Dan: \u201eE un moment important\u201d","datePublished":"2026-03-12T16:47:10+00:00","dateModified":"2026-03-12T17:15:28+00:00","mainEntityOfPage":{"@id":"https:\/\/covasna45.ro\/index.php\/lumea-noastra\/presedintele-ucrainei-la-bucuresti-nicusor-dan-e-un-moment-important\/"},"wordCount":962,"commentCount":0,"publisher":{"@id":"https:\/\/covasna45.ro\/#organization"},"image":{"@id":"https:\/\/covasna45.ro\/index.php\/lumea-noastra\/presedintele-ucrainei-la-bucuresti-nicusor-dan-e-un-moment-important\/#primaryimage"},"thumbnailUrl":"https:\/\/covasna45.ro\/wp-content\/uploads\/2026\/03\/zn1.jpg","keywords":["nicusor dan","Ucraina"],"articleSection":["Lumea noastr\u0103"],"inLanguage":"ro-RO","potentialAction":[{"@type":"CommentAction","name":"Comment","target":["https:\/\/covasna45.ro\/index.php\/lumea-noastra\/presedintele-ucrainei-la-bucuresti-nicusor-dan-e-un-moment-important\/#respond"]}]},{"@type":"WebPage","@id":"https:\/\/covasna45.ro\/index.php\/lumea-noastra\/presedintele-ucrainei-la-bucuresti-nicusor-dan-e-un-moment-important\/","url":"https:\/\/covasna45.ro\/index.php\/lumea-noastra\/presedintele-ucrainei-la-bucuresti-nicusor-dan-e-un-moment-important\/","name":"Pre\u0219edintele Ucrainei, la Bucure\u0219ti. Nicu\u0219or Dan: \u201eE un moment important\u201d - Covasna45","isPartOf":{"@id":"https:\/\/covasna45.ro\/#website"},"primaryImageOfPage":{"@id":"https:\/\/covasna45.ro\/index.php\/lumea-noastra\/presedintele-ucrainei-la-bucuresti-nicusor-dan-e-un-moment-important\/#primaryimage"},"image":{"@id":"https:\/\/covasna45.ro\/index.php\/lumea-noastra\/presedintele-ucrainei-la-bucuresti-nicusor-dan-e-un-moment-important\/#primaryimage"},"thumbnailUrl":"https:\/\/covasna45.ro\/wp-content\/uploads\/2026\/03\/zn1.jpg","datePublished":"2026-03-12T16:47:10+00:00","dateModified":"2026-03-12T17:15:28+00:00","description":"Pre\u0219edintele Ucrainei, Volodimir Zelenski, a fost primit ast\u0103zi de pre\u0219edintele Nicu\u0219or Dan.","breadcrumb":{"@id":"https:\/\/covasna45.ro\/index.php\/lumea-noastra\/presedintele-ucrainei-la-bucuresti-nicusor-dan-e-un-moment-important\/#breadcrumb"},"inLanguage":"ro-RO","potentialAction":[{"@type":"ReadAction","target":["https:\/\/covasna45.ro\/index.php\/lumea-noastra\/presedintele-ucrainei-la-bucuresti-nicusor-dan-e-un-moment-important\/"]}]},{"@type":"ImageObject","inLanguage":"ro-RO","@id":"https:\/\/covasna45.ro\/index.php\/lumea-noastra\/presedintele-ucrainei-la-bucuresti-nicusor-dan-e-un-moment-important\/#primaryimage","url":"https:\/\/covasna45.ro\/wp-content\/uploads\/2026\/03\/zn1.jpg","contentUrl":"https:\/\/covasna45.ro\/wp-content\/uploads\/2026\/03\/zn1.jpg","width":2000,"height":1493},{"@type":"BreadcrumbList","@id":"https:\/\/covasna45.ro\/index.php\/lumea-noastra\/presedintele-ucrainei-la-bucuresti-nicusor-dan-e-un-moment-important\/#breadcrumb","itemListElement":[{"@type":"ListItem","position":1,"name":"Prima pagin\u0103","item":"https:\/\/covasna45.ro\/"},{"@type":"ListItem","position":2,"name":"Pre\u0219edintele Ucrainei, la Bucure\u0219ti. Nicu\u0219or Dan: \u201eE un moment important\u201d"}]},{"@type":"WebSite","@id":"https:\/\/covasna45.ro\/#website","url":"https:\/\/covasna45.ro\/","name":"covasna45.ro","description":"","publisher":{"@id":"https:\/\/covasna45.ro\/#organization"},"potentialAction":[{"@type":"SearchAction","target":{"@type":"EntryPoint","urlTemplate":"https:\/\/covasna45.ro\/?s={search_term_string}"},"query-input":{"@type":"PropertyValueSpecification","valueRequired":true,"valueName":"search_term_string"}}],"inLanguage":"ro-RO"},{"@type":"Organization","@id":"https:\/\/covasna45.ro\/#organization","name":"covasna45.ro","url":"https:\/\/covasna45.ro\/","logo":{"@type":"ImageObject","inLanguage":"ro-RO","@id":"https:\/\/covasna45.ro\/#\/schema\/logo\/image\/","url":"https:\/\/covasna45.ro\/wp-content\/uploads\/2023\/01\/icon_logo.png","contentUrl":"https:\/\/covasna45.ro\/wp-content\/uploads\/2023\/01\/icon_logo.png","width":1900,"height":1900,"caption":"covasna45.ro"},"image":{"@id":"https:\/\/covasna45.ro\/#\/schema\/logo\/image\/"}},{"@type":"Person","@id":"https:\/\/covasna45.ro\/#\/schema\/person\/e674052bd7d95d70bbb007a1060ab73c","name":"Covasna45","image":{"@type":"ImageObject","inLanguage":"ro-RO","@id":"https:\/\/covasna45.ro\/wp-content\/uploads\/2025\/10\/icon_logo_covasna45-150x150.png","url":"https:\/\/covasna45.ro\/wp-content\/uploads\/2025\/10\/icon_logo_covasna45-150x150.png","contentUrl":"https:\/\/covasna45.ro\/wp-content\/uploads\/2025\/10\/icon_logo_covasna45-150x150.png","caption":"Covasna45"},"sameAs":["https:\/\/covasna45.ro"],"url":"https:\/\/covasna45.ro\/index.php\/author\/covasna\/"}]}},"_links":{"self":[{"href":"https:\/\/covasna45.ro\/index.php\/wp-json\/wp\/v2\/posts\/15431","targetHints":{"allow":["GET"]}}],"collection":[{"href":"https:\/\/covasna45.ro\/index.php\/wp-json\/wp\/v2\/posts"}],"about":[{"href":"https:\/\/covasna45.ro\/index.php\/wp-json\/wp\/v2\/types\/post"}],"author":[{"embeddable":true,"href":"https:\/\/covasna45.ro\/index.php\/wp-json\/wp\/v2\/users\/1"}],"replies":[{"embeddable":true,"href":"https:\/\/covasna45.ro\/index.php\/wp-json\/wp\/v2\/comments?post=15431"}],"version-history":[{"count":3,"href":"https:\/\/covasna45.ro\/index.php\/wp-json\/wp\/v2\/posts\/15431\/revisions"}],"predecessor-version":[{"id":15439,"href":"https:\/\/covasna45.ro\/index.php\/wp-json\/wp\/v2\/posts\/15431\/revisions\/15439"}],"wp:featuredmedia":[{"embeddable":true,"href":"https:\/\/covasna45.ro\/index.php\/wp-json\/wp\/v2\/media\/15432"}],"wp:attachment":[{"href":"https:\/\/covasna45.ro\/index.php\/wp-json\/wp\/v2\/media?parent=15431"}],"wp:term":[{"taxonomy":"category","embeddable":true,"href":"https:\/\/covasna45.ro\/index.php\/wp-json\/wp\/v2\/categories?post=15431"},{"taxonomy":"post_tag","embeddable":true,"href":"https:\/\/covasna45.ro\/index.php\/wp-json\/wp\/v2\/tags?post=15431"}],"curies":[{"name":"wp","href":"https:\/\/api.w.org\/{rel}","templated":true}]}}