{"id":15440,"date":"2026-03-13T09:12:56","date_gmt":"2026-03-13T07:12:56","guid":{"rendered":"https:\/\/covasna45.ro\/?p=15440"},"modified":"2026-03-13T09:13:49","modified_gmt":"2026-03-13T07:13:49","slug":"guvern-proiectul-de-buget-pe-2026-masuri-avute-in-vedere-la-estimarea-cheltuielilor","status":"publish","type":"post","link":"https:\/\/covasna45.ro\/index.php\/lumea-noastra\/guvern-proiectul-de-buget-pe-2026-masuri-avute-in-vedere-la-estimarea-cheltuielilor\/","title":{"rendered":"Guvern: Proiectul de buget pe 2026 &#8211; m\u0103suri avute \u00een vedere la estimarea cheltuielilor"},"content":{"rendered":"\n<p>Guvernul a venit cu preciz\u0103ri, joi seara, privind proiectul de buget pe anul 2026, care va fi transmis Parlamentului pentru dezbatere \u0219i aprobare.<\/p>\n\n\n\n<p>Potrivit <a href=\"https:\/\/agerpres.ro\/politic\/2026\/03\/12\/guvern-proiectul-de-buget-pe-2026---masuri-avute-in-vedere-la-estimarea-cheltuielilor--1536830\">Agerpres<\/a>, proiectul legii bugetului de stat pentru 2026 este construit pe urm\u0103torul cadru macroeconomic:<\/p>\n\n\n\n<ul class=\"wp-block-list\">\n<li>cre\u0219terea economic\u0103 este estimat\u0103 la 1,0<\/li>\n\n\n\n<li>Produsul Intern Brut \u00een pre\u021buri curente este estimat la 2.045,2 miliarde lei, \u00een condi\u021biile unui deflator de 6,1%<\/li>\n\n\n\n<li>c\u00e2\u0219tigul salarial mediu net lunar este prognozat s\u0103 se majoreze cu 5,5%<\/li>\n\n\n\n<li>infla\u021bia va avea un ritm descresc\u0103tor, a\u0219tept\u00e2ndu-se s\u0103 ating\u0103 o rat\u0103 medie anual\u0103 de 6,5%.<\/li>\n<\/ul>\n\n\n\n<h2 class=\"wp-block-heading\">Obiectivele generale ale construc\u021biei bugetare sunt: <\/h2>\n\n\n\n<ul class=\"wp-block-list\">\n<li>consolidarea sustenabilit\u0103\u021bii finan\u021belor publice \u00een Rom\u00e2nia;<\/li>\n\n\n\n<li>asigurarea unui ritm anual sus\u021binut de investi\u021bii publice;<\/li>\n\n\n\n<li>asigurarea predictibilit\u0103\u021bii sistemului fiscal; <\/li>\n\n\n\n<li>relansarea economic\u0103 prin m\u0103suri de sus\u021binere a \u00eentreprinderilor mici \u0219i mijlocii, precum \u0219i a mediului de afaceri.<\/li>\n<\/ul>\n\n\n\n<h3 class=\"wp-block-heading\">Veniturile totale ale <a href=\"https:\/\/covasna45.ro\/index.php\/lumea-noastra\/interviu-cu-deputatul-miklos-zoltan-teme-buget-impozite-udmr\/\">bugetului<\/a> general consolidat sunt estimate la 736,5 miliarde lei, cheltuielile bugetului general consolidat sunt estimate la 864,3 miliarde lei, respectiv 42,3% din PIB, iar deficitul bugetar este estimat la 127,7 miliarde lei, reprezent\u00e2nd 6,2% din PIB.<\/h3>\n\n\n\n<h2 class=\"wp-block-heading\"><strong>M\u0103surile avute \u00een vedere la estimarea cheltuielilor sunt:<\/strong><\/h2>\n\n\n\n<ul class=\"wp-block-list\">\n<li>men\u021binerea cuantumului brut al salariilor de baz\u0103\/ soldelor de func\u021bie\/ salariilor de func\u021bie\/ indemniza\u021biilor de \u00eencadrare lunar\u0103 de care beneficiaz\u0103 personalul pl\u0103tit din fonduri publice, inclusiv indemniza\u021biile lunare pentru func\u021biile de demnitate public\u0103 \u0219i func\u021biile asimilate acestora, la nivelul acordat pentru luna decembrie 2025;<\/li>\n<\/ul>\n\n\n\n<ul class=\"wp-block-list\">\n<li>men\u021binerea cuantumului sporurilor, indemniza\u021biilor, compensa\u021biilor, primelor \u0219i al celorlalte elemente ale sistemului de salarizare care fac parte, potrivit legii, din salariul brut lunar cel mult la nivelul cuantumului acordat pentru luna decembrie 2025, \u00een m\u0103sura \u00een care personalul ocup\u0103 aceea\u0219i func\u021bie \u0219i \u00ee\u0219i desf\u0103\u0219oar\u0103 activitatea \u00een acelea\u0219i condi\u021bii;<\/li>\n<\/ul>\n\n\n\n<ul class=\"wp-block-list\">\n<li>acordarea indemniza\u021biei de hran\u0103 de 347 lei lunar, \u00eencep\u00e2nd cu 1 ianuarie 2026, numai pentru personalul \u00eencadrat ale c\u0103rui salarii lunare sunt de p\u00e2n\u0103 la 6.000 lei net. De acest drept nu beneficiaz\u0103 personalul c\u0103ruia i se acord\u0103 alte drepturi de hran\u0103, potrivit legisla\u021biei specifice;<\/li>\n<\/ul>\n\n\n\n<ul class=\"wp-block-list\">\n<li>compensarea cu timp liber corespunz\u0103tor \u00een urm\u0103toarele 90 de zile dup\u0103 prestarea muncii suplimentare, \u00een anul 2026, a muncii suplimentare efectuate peste durata normal\u0103 a timpului de lucru de c\u0103tre personalul din sectorul bugetar \u00eencadrat \u00een func\u021bii de execu\u021bie, de conducere \u0219i de \u00eenal\u021bi func\u021bionari publici, precum \u0219i munca prestat\u0103 \u00een zilele de repaus s\u0103pt\u0103m\u00e2nal, de s\u0103rb\u0103tori legale \u0219i \u00een celelalte zile \u00een care, \u00een conformitate cu reglement\u0103rile \u00een vigoare, nu se lucreaz\u0103, \u00een cadrul schimbului normal de lucru;<\/li>\n<\/ul>\n\n\n\n<ul class=\"wp-block-list\">\n<li>acordarea de vouchere de vacan\u021b\u0103 \u00een cuantum de 800 lei, pentru personalul din autorit\u0103\u021bile \u0219i institu\u021biile publice ale c\u0103rui salarii de baz\u0103 lunare nete sunt de p\u00e2n\u0103 la 6.000 de lei, pentru perioada 1 ianuarie 2026 &#8211; 31 decembrie 2026;<\/li>\n<\/ul>\n\n\n\n<ul class=\"wp-block-list\">\n<li>necompensarea \u00een bani, la \u00eencetarea raporturilor de munc\u0103 sau de serviciu, a concediilor neefectuate aferente anului 2026;<\/li>\n<\/ul>\n\n\n\n<ul class=\"wp-block-list\">\n<li>neacordarea \u00een anul 2026 de premii\/ prime\/ ore suplimentare\/ bonusuri sau alte drepturi de natur\u0103 similar\u0103, bilete de valoare, cu excep\u021bia tichetelor de cre\u0219\u0103;<\/li>\n<\/ul>\n\n\n\n<ul class=\"wp-block-list\">\n<li>men\u021binerea la nivelul lunii decembrie 2025 a contribu\u021biei pentru personalul neclerical;<\/li>\n<\/ul>\n\n\n\n<ul class=\"wp-block-list\">\n<li>men\u021binerea anumitor categorii de drepturi de care beneficiaz\u0103 personalul militar, poli\u021bi\u0219tii \u0219i poli\u021bi\u0219tii de penitenciare, care nu fac parte din solda lunar\u0103 brut\u0103\/ salariul brut, la nivelul lunii decembrie 2025;<\/li>\n<\/ul>\n\n\n\n<ul class=\"wp-block-list\">\n<li>men\u021binerea cuantumului compensa\u021biei b\u0103ne\u0219ti, respectiv al aloca\u021biei valorice pentru drepturile de hran\u0103, a valorii financiare anuale a normelor de echipare \u0219i a valorii financiare a drepturilor de echipament la nivelul acordat pentru luna decembrie 2025;<\/li>\n<\/ul>\n\n\n\n<ul class=\"wp-block-list\">\n<li>plata sumelor stabilite \u00een favoarea personalului bugetar, devenite executorii \u00een perioada 1 ianuarie &#8211; 31 decembrie 2026, s\u0103 se realizeze dup\u0103 o procedur\u0103 similar celei stabilite pentru hot\u0103r\u00e2rile judec\u0103tore\u0219ti devenite executorii p\u00e2n\u0103 la data de 31 decembrie 2025;<\/li>\n<\/ul>\n\n\n\n<ul class=\"wp-block-list\">\n<li>\u00eentreg personalul pl\u0103tit din fonduri publice s\u0103 beneficieze numai de diurna stabilit\u0103 potrivit prevederilor Hot\u0103r\u00e2rii Guvernului nr. 714\/2018, respectiv 23 de lei pe zi;<\/li>\n<\/ul>\n\n\n\n<ul class=\"wp-block-list\">\n<li>neacordarea de ajutoare, indemniza\u021bii sau alte drepturi la ie\u0219irea la pensie, retragere, \u00eencetarea raporturilor de munc\u0103\/ serviciu, \u00eencetarea mandatului ori la trecerea \u00een rezerv\u0103;<\/li>\n<\/ul>\n\n\n\n<ul class=\"wp-block-list\">\n<li>men\u021binerea \u00een plat\u0103 la nivelul lunii decembrie 2025 a tuturor categoriilor de indemniza\u021bii acordate potrivit legii pentru: veteranii \u0219i v\u0103duvele de r\u0103zboi, persoanele persecutate din motive politice, arti\u0219ti interpre\u021bi, academicieni, rente viagere pentru sportivi \u0219i altele asemenea;<\/li>\n<\/ul>\n\n\n\n<ul class=\"wp-block-list\">\n<li>men\u021binerea \u00een anul 2026 \u00een plat\u0103 la nivelul acordat\/ cuvenit pentru luna decembrie 2025 a aloca\u021biilor de stat pentru copii, reglementate de Legea nr. 61\/1993 privind aloca\u021bia de stat pentru copii, republicat\u0103, cu modific\u0103rile \u0219i complet\u0103rile ulterioare;<\/li>\n<\/ul>\n\n\n\n<ul class=\"wp-block-list\">\n<li>men\u021binerea cuantumului lunar al indemniza\u021biei de merit prev\u0103zute de art. 5 alin. (1) din Legea nr. 118\/2002 pentru instituirea indemniza\u021biei de merit, cu modific\u0103rile \u0219i complet\u0103rile ulterioare, la nivelul din luna decembrie 2025, de 6.240 lei;<\/li>\n<\/ul>\n\n\n\n<ul class=\"wp-block-list\">\n<li>acordarea de reduceri de tarife sau, dup\u0103 caz, gratuit\u0103\u021bi, numai \u00een limita a trei c\u0103l\u0103torii dus-\u00eentors sau \u0219ase c\u0103l\u0103torii simple, la facilit\u0103\u021bile de transport;<\/li>\n<\/ul>\n\n\n\n<ul class=\"wp-block-list\">\n<li>interzicerea achizi\u021bion\u0103rii, prelu\u0103rii \u00een leasing sau \u00eenchirierii de autoturisme, mobilier \u0219i aparatur\u0103 birotic\u0103 de c\u0103tre autorit\u0103\u021bile \u0219i institu\u021biile publice, indiferent de modul de finan\u021bare \u0219i subordonare;<\/li>\n<\/ul>\n\n\n\n<ul class=\"wp-block-list\">\n<li>men\u021binerea \u00een plat\u0103 a pensiilor din sistemul public de pensii precum \u0219i a celor din sistemul special de pensii la nivelul lunii decembrie 2025;<\/li>\n<\/ul>\n\n\n\n<ul class=\"wp-block-list\">\n<li>men\u021binerea la nivelul de 81 de lei a punctului de referin\u021b\u0103 \u00een func\u021bie de care se calculeaz\u0103 cuantumul pensiilor \u00een sistemul public de pensii;<\/li>\n<\/ul>\n\n\n\n<ul class=\"wp-block-list\">\n<li>men\u021binerea valorii indicatorului social de referin\u021b\u0103 la nivelul stabilit pentru luna decembrie 2025;<\/li>\n<\/ul>\n\n\n\n<ul class=\"wp-block-list\">\n<li>men\u021binerea acord\u0103rii beneficiului pentru studen\u021bii \u00eenmatricula\u021bi la forma de \u00eenv\u0103\u021b\u0103m\u00e2nt cu frecven\u021b\u0103 \u00een institu\u021biile de \u00eenv\u0103\u021b\u0103m\u00e2nt superior acreditate, de tarife reduse cu 90% pentru transportul intern auto \u0219i pentru transportul intern feroviar la toate categoriile de trenuri, clasa a II-a, doar pe distan\u021ba\/rutele dintre localitatea de domiciliu \u0219i localitatea \u00een care se afl\u0103 institu\u021bia de \u00eenv\u0103\u021b\u0103m\u00e2nt superior la care studentul este \u00eenmatriculat;<\/li>\n<\/ul>\n\n\n\n<ul class=\"wp-block-list\">\n<li>men\u021binerea acord\u0103rii beneficiului pentru studen\u021bii \u00eenmatricula\u021bi la forma de \u00eenv\u0103\u021b\u0103m\u00e2nt cu frecven\u021b\u0103 \u00een institu\u021biile de \u00eenv\u0103\u021b\u0103m\u00e2nt superior acreditate, de tarife reduse cu 90% pe mijloacele de transport local \u00een comun \u0219i transportul cu metroul, \u00een localitatea \u00een care \u00ee\u0219i are sediul institu\u021bia de \u00eenv\u0103\u021b\u0103m\u00e2nt superior la care studentul este \u00eenmatriculat;<\/li>\n<\/ul>\n\n\n\n<ul class=\"wp-block-list\">\n<li>acordarea indemniza\u021biilor stabilite pentru copiii persoanelor care s-au aflat \u00een situa\u021bia de refugiat, expulzat sau str\u0103mutat \u00een alt\u0103 localitate, a fost evacuat\u0103 din locuin\u021ba pe care o de\u021binea, precum \u0219i pentru copiii celor deceda\u021bi, disp\u0103ru\u021bi sau extermina\u021bi \u00een trenul mor\u021bii, \u00een timpul masacrelor \u00eendreptate \u00eempotriva popula\u021biei minoritare, \u00een timpul deport\u0103rii \u00een ghetouri \u0219i lag\u0103re de concentrare din str\u0103in\u0103tate, \u00een timpul priv\u0103rii de libertate \u00een locuri de deten\u021bie sau \u00een lag\u0103re de concentrare, \u00een timpul refugierii, expulz\u0103rii sau str\u0103mut\u0103rii \u00een alt\u0103 localitate, \u00een timpul evacu\u0103rii din locuin\u021ba pe care o de\u021binea, \u00een timp ce a f\u0103cut parte din deta\u0219amentele de munc\u0103 for\u021bat\u0103, \u00eencep\u00e2nd cu data de 1 ianuarie 2027;<\/li>\n<\/ul>\n\n\n\n<ul class=\"wp-block-list\">\n<li>prorogarea termenului de intrare \u00een vigoare a Legii nr. 509\/2006 privind acordarea de miere de albine ca supliment nutritiv pentru pre\u0219colari \u0219i elevii din \u00eenv\u0103\u021b\u0103m\u00e2ntul primar de stat, privat \u0219i confesional p\u00e2n\u0103 la data de 1 ianuarie 2027;<\/li>\n<\/ul>\n\n\n\n<ul class=\"wp-block-list\">\n<li>prorogarea termenului prev\u0103zut la art. 210 din Ordonan\u021ba de urgen\u021b\u0103 a Guvernului nr. 57\/2019 privind Codul administrativ, cu complet\u0103rile ulterioare, pentru data de 1 ianuarie 2027 (indemniza\u021bia pentru limit\u0103 de v\u00e2rst\u0103 pentru primar, viceprimar, pre\u0219edinte al consiliului jude\u021bean \u0219i vicepre\u0219edinte al consiliului jude\u021bean).<\/li>\n<\/ul>\n\n\n\n<h2 class=\"wp-block-heading\">Cheltuielile de personal sunt \u00een sum\u0103 de 168,3 miliarde lei<\/h2>\n\n\n\n<p>Potrivit Guvernului, cheltuielile bugetului general consolidat sunt \u00een sum\u0103 de 864,3 miliarde lei, respectiv 42,3% din PIB, pentru anul 2026, fa\u021b\u0103 de 808,7 miliarde lei, respectiv 42,4% din PIB, \u00een anul 2025, \u00een sc\u0103dere, \u00een principal ca urmare a m\u0103surilor adoptate pentru reducerea deficitului bugetar.<\/p>\n\n\n\n<p>Cheltuielile de personal sunt \u00een sum\u0103 de 168,3 miliarde lei, respectiv 8,2% din PIB pentru anul 2026, fa\u021b\u0103 de 167,7 miliarde lei, respectiv 8,8% din PIB pentru anul 2025, cu o diminuare ca pondere \u00een PIB de 0,6 puncte procentuale pe fondul m\u0103surilor adoptate de Guvern \u00een sectorul administra\u021biei publice, orientate spre eficientizarea aparatului public \u0219i temperarea ritmului de cre\u0219tere al cheltuielilor curente.<\/p>\n\n\n\n<p>Cheltuielile cu bunurile \u0219i serviciile sunt \u00een sum\u0103 de 105,3 miliarde lei, respectiv 5,2% din PIB pentru anul 2026, fa\u021b\u0103 de 100,6 miliarde lei, respectiv 5,3% din PIB \u00een anul 2025, cu o diminuare de 0,1 puncte procentuale \u00een PIB. Stabilizarea acestor cheltuieli reflect\u0103 efortul Guvernului de a limita cre\u0219terea cheltuielilor curente \u0219i de a utiliza mai eficient resursele publice, arat\u0103 sursa citat\u0103.<\/p>\n\n\n\n<p>Cheltuielile cu asisten\u021ba social\u0103 sunt \u00een sum\u0103 de 249,2 miliarde lei, respectiv 12,2% din PIB \u00een anul 2026, fa\u021b\u0103 de 250,9 miliarde lei, \u00een anul 2025, respectiv 13,1% din PIB cu o diminuare de 0,9 puncte procentuale, evolu\u021bie determinat\u0103 \u00een principal de cre\u0219terea estimat\u0103 a economiei.<\/p>\n\n\n\n<p>Cheltuielile cu dob\u00e2nzile sunt estimate s\u0103 creasc\u0103 \u00een anul 2026 cu aproximativ 10,3 miliarde lei, de la 50,5 miliarde lei \u00een 2025 la 60,8 miliarde lei. Evolu\u021bia reflect\u0103 at\u00e2t costurile finan\u021b\u0103rii deficitului bugetar acumulat \u00een anii anteriori, c\u00e2t \u0219i men\u021binerea unui nivel \u00eenc\u0103 ridicat al ratelor de dob\u00e2nd\u0103 pe pie\u021bele financiare. \u00cen aceste condi\u021bii, cheltuielile cu dob\u00e2nzile ajung la o pondere de aproximativ 3,0% din PIB, \u00een contextul \u00een care bugetul pentru anul 2026 este construit pe o \u021bint\u0103 de deficit bugetar de 6,2% din PIB.<\/p>\n\n\n\n<h2 class=\"wp-block-heading\">Bugetul pentru 2026 pune investi\u021biile \u00een centrul politicii economice<\/h2>\n\n\n\n<p>Volumul total al investi\u021biilor ajunge la aproximativ 164,0 miliarde lei, cu aproape 25,8 miliarde lei mai mult dec\u00e2t \u00een 2025, ceea ce ridic\u0103 ponderea acestora la peste 8% din PIB, fa\u021b\u0103 de 7,2% \u00een anul precedent.<\/p>\n\n\n\n<p>Cea mai mare parte a acestor investi\u021bii este sus\u021binut\u0103 din fonduri europene, care dep\u0103\u0219esc 110 miliarde lei, adic\u0103 aproximativ dou\u0103 treimi din total.<\/p>\n\n\n\n<p>Bugetul alocat fondurilor europene cre\u0219te cu peste 40% fa\u021b\u0103 de anul trecut (78 miliarde lei), prin integrarea finan\u021b\u0103rilor din politica de coeziune, Planul Na\u021bional de Redresare \u0219i Rezilien\u021b\u0103 \u0219i instrumentul SAFE pentru consolidarea capacit\u0103\u021bilor de ap\u0103rare.<\/p>\n\n\n\n<p>Din aceast\u0103 sum\u0103, aproximativ 6 miliarde lei reprezint\u0103 avansuri pentru proiectele finan\u021bate prin SAFE, prin care Rom\u00e2nia poate beneficia p\u00e2n\u0103 \u00een 2030 de aproximativ 16,2 miliarde euro. Fondurile vor sus\u021bine at\u00e2t programe de \u00eenzestrare militar\u0103, c\u00e2t \u0219i dezvoltarea infrastructurii militare cu utilizare dual\u0103, inclusiv proiecte strategice de infrastructur\u0103 de transport \u00een zona de est a Rom\u00e2niei, precum Pa\u0219cani &#8211; Suceava &#8211; Siret \u0219i T\u00e2rgu Neam\u021b &#8211; Ia\u0219i &#8211; Ungheni.<\/p>\n\n\n\n<h2 class=\"wp-block-heading\">PNRR r\u0103m\u00e2ne o component\u0103 esen\u021bial\u0103 a bugetului pentru 2026<\/h2>\n\n\n\n<p>Rom\u00e2nia mai are de atras peste 10 miliarde euro de la Comisia European\u0103, iar multe dintre proiecte se afl\u0103 deja \u00een stadii avansate de implementare, arat\u0103 Executivul.<\/p>\n\n\n\n<p>P\u00e2n\u0103 \u00een august 2026 trebuie finalizate investi\u021bii majore, precum Autostrada Moldovei, proiecte de infrastructur\u0103 spitaliceasc\u0103 \u0219i investi\u021bii \u00een energie, eficien\u021b\u0103 energetic\u0103 \u0219i mobilitate urban\u0103, precizeaz\u0103 Guvernul.<\/p>\n\n\n\n<h2 class=\"wp-block-heading\">Structura fondurilor dedicate investi\u021biilor:<\/h2>\n\n\n\n<ul class=\"wp-block-list\">\n<li>fonduri externe nerambursabile post-aderare: 51,3 miliarde lei (+42% fa\u021b\u0103 de anul 2025)<\/li>\n\n\n\n<li>PNRR &#8211; granturi: 41,4 miliarde lei (+43% fa\u021b\u0103 de anul 2025)<\/li>\n\n\n\n<li>PNRR &#8211; \u00eemprumuturi: 12,0 miliarde lei (se men\u021bin la acela\u0219i nivel)<\/li>\n\n\n\n<li>SAFE &#8211; \u00eemprumuturi: peste 6 miliarde lei avansuri (Autostrada Moldovei + echipamente \u0219i tehnic\u0103 militar\u0103)<\/li>\n\n\n\n<li>programe cu finan\u021bare rambursabil\u0103: 2,4 miliarde lei (+40% fa\u021b\u0103 de anul 2025)<\/li>\n\n\n\n<li>programe na\u021bionale de finan\u021bare (inclusiv ap\u0103rare): 56,8 miliarde lei (se men\u021bin aproximativ la acela\u0219i nivel)<\/li>\n<\/ul>\n\n\n\n<h3 class=\"wp-block-heading\">De la bugetul de stat se aloc\u0103 sume defalcate din taxa pe valoarea ad\u0103ugat\u0103 pentru finan\u021barea urm\u0103toarelor cheltuieli ale autorit\u0103\u021bilor administra\u021biei publice locale:<\/h3>\n\n\n\n<ul class=\"wp-block-list\">\n<li>11.324,9 milioane lei pentru finan\u021barea drepturilor asisten\u021bilor personali ai persoanelor cu handicap grav sau indemniza\u021biilor lunare ale persoanelor cu handicap grav acordate \u00een baza prevederilor art. 42 alin. (4) din Legea nr. 448\/2006 privind protec\u021bia \u0219i promovarea drepturilor persoanelor cu handicap, republicat\u0103, cu modific\u0103rile \u0219i complet\u0103rile ulterioare;<\/li>\n<\/ul>\n\n\n\n<ul class=\"wp-block-list\">\n<li>4.159,3 milioane lei pentru finan\u021barea sistemului de protec\u021bie a copilului \u0219i a m\u0103surilor de protec\u021bie de tip centre de zi \u0219i centrelor reziden\u021biale pentru persoane adulte cu handicap, c\u0103minelor pentru persoane v\u00e2rstnice, centrelor de zi de \u00eengrijire \u0219i recuperare, unit\u0103\u021bilor de \u00eengrijire la domiciliu, indemniza\u021biilor \u00eengrijitorilor informali;<\/li>\n<\/ul>\n\n\n\n<ul class=\"wp-block-list\">\n<li>2.607,7 milioane lei pentru finan\u021barea de baz\u0103 a unit\u0103\u021bilor de \u00eenv\u0103\u021b\u0103m\u00e2nt preuniversitar de stat;<\/li>\n<\/ul>\n\n\n\n<ul class=\"wp-block-list\">\n<li>3.714,6 milioane lei pentru echilibrarea bugetelor locale;<\/li>\n<\/ul>\n\n\n\n<ul class=\"wp-block-list\">\n<li>1.531,1 milioane lei pentru finan\u021barea Programului na\u021bional \u201eMas\u0103 s\u0103n\u0103toas\u0103&#8217;;<\/li>\n<\/ul>\n\n\n\n<ul class=\"wp-block-list\">\n<li>915,6 milioane lei pentru finan\u021barea \u00eenv\u0103\u021b\u0103m\u00e2ntului particular sau confesional acreditat, repartizate pe jude\u021be potrivit propunerilor Ministerului Educa\u021biei \u0219i Cercet\u0103rii, pentru finan\u021barea cheltuielilor cu salarii, bunuri \u0219i servicii, burse \u0219i drepturi copii cu cerin\u021be educa\u021bionale speciale care frecventeaz\u0103 \u00eenv\u0103\u021b\u0103m\u00e2ntul particular;<\/li>\n<\/ul>\n\n\n\n<ul class=\"wp-block-list\">\n<li>880,0 milioane lei pentru finan\u021barea drumurilor jude\u021bene \u0219i comunale;<\/li>\n<\/ul>\n\n\n\n<ul class=\"wp-block-list\">\n<li>876,4 milioane lei pentru finan\u021barea gratuit\u0103\u021bii acordate elevilor la transportul public local \u0219i metropolitan;<\/li>\n<\/ul>\n\n\n\n<ul class=\"wp-block-list\">\n<li>829,5 milioane lei pentru drepturile copiilor cu cerin\u021be educa\u021bionale speciale care frecventeaz\u0103 \u00eenv\u0103\u021b\u0103m\u00e2ntul special \u0219i de mas\u0103;<\/li>\n<\/ul>\n\n\n\n<ul class=\"wp-block-list\">\n<li>509,0 milioane lei cheltuielile determinate de implementarea Programului pentru \u0219coli al Rom\u00e2niei, \u00een perioada ianuarie &#8211; iunie a anului \u0219colar 2025 &#8211; 2026;<\/li>\n<\/ul>\n\n\n\n<ul class=\"wp-block-list\">\n<li>166,2 milioane lei pentru cheltuielile cu bunuri \u0219i servicii pentru \u00eentre\u021binerea curent\u0103 a unit\u0103\u021bilor de \u00eenv\u0103\u021b\u0103m\u00e2nt special \u0219i centrelor jude\u021bene de resurse \u0219i asisten\u021b\u0103 educa\u021bional\u0103;<\/li>\n<\/ul>\n\n\n\n<ul class=\"wp-block-list\">\n<li>64,1 milioane lei pentru finan\u021barea stimulentului educa\u021bional, sub form\u0103 de tichete sociale acordate copiilor din familii defavorizate \u00een scopul stimul\u0103rii particip\u0103rii \u00een \u00eenv\u0103\u021b\u0103m\u00e2ntul pre\u0219colar stabilit de Legea nr. 248\/2015 privind stimularea particip\u0103rii \u00een \u00eenv\u0103\u021b\u0103m\u00e2ntul pre\u0219colar a copiilor provenind din familii defavorizate.<\/li>\n<\/ul>\n\n\n\n<h2 class=\"wp-block-heading\">Subven\u021bii<\/h2>\n\n\n\n<p>Subven\u021bii de la bugetul de stat \u00een sum\u0103 de 35.983,3 milioane lei, din care, \u00een principal, pentru:<\/p>\n\n\n\n<ul class=\"wp-block-list\">\n<li>7.000 milioane lei pentru finan\u021barea Programului na\u021bional de investi\u021bii &#8221;Anghel Saligny&#8221; \u0219i Programului Na\u021bional de Dezvoltare Local\u0103;<\/li>\n<\/ul>\n\n\n\n<ul class=\"wp-block-list\">\n<li>19.614,6 milioane lei pentru implementarea investi\u021biilor specifice locale prin PNRR;<\/li>\n<\/ul>\n\n\n\n<ul class=\"wp-block-list\">\n<li>5.593,5 milioane lei &#8211; sus\u021binerea derul\u0103rii proiectelor finan\u021bate din fonduri nerambursabile postaderare implementate la nivelul unit\u0103\u021bilor administrativ-teritoriale;<\/li>\n<\/ul>\n\n\n\n<ul class=\"wp-block-list\">\n<li>435 milioane lei pentru finan\u021barea ac\u021biunilor privind reducerea riscului seismic;<\/li>\n<\/ul>\n\n\n\n<ul class=\"wp-block-list\">\n<li>400 milioane lei pentru retehnologizarea centralelor termice;<\/li>\n<\/ul>\n\n\n\n<ul class=\"wp-block-list\">\n<li>600 milioane lei pentru acordarea ajutorului pentru \u00eenc\u0103lzirea locuin\u021bei cu lemne, c\u0103rbuni, combustibili petrolieri;<\/li>\n<\/ul>\n\n\n\n<ul class=\"wp-block-list\">\n<li>510,3 milioane lei pentru subven\u021bii de la bugetul de stat pentru spitalele de subordonare local\u0103;<\/li>\n<\/ul>\n\n\n\n<ul class=\"wp-block-list\">\n<li>450 milioane lei pentru finan\u021barea drepturilor acordate persoanelor cu handicap.\u00a0<\/li>\n<\/ul>\n","protected":false},"excerpt":{"rendered":"<p>Guvernul a venit cu preciz\u0103ri, joi seara, privind proiectul de buget pe anul 2026, care va fi transmis Parlamentului pentru dezbatere \u0219i aprobare. Potrivit Agerpres, proiectul legii bugetului de stat pentru 2026 este construit pe urm\u0103torul cadru macroeconomic: Obiectivele generale ale construc\u021biei bugetare sunt: Veniturile totale ale bugetului general consolidat sunt estimate la 736,5 miliarde [&hellip;]<\/p>\n","protected":false},"author":1,"featured_media":14115,"comment_status":"open","ping_status":"closed","sticky":false,"template":"","format":"standard","meta":{"tdm_status":"","tdm_grid_status":"","footnotes":""},"categories":[14],"tags":[364,177,72],"class_list":{"0":"post-15440","1":"post","2":"type-post","3":"status-publish","4":"format-standard","5":"has-post-thumbnail","7":"category-lumea-noastra","8":"tag-buget","9":"tag-guvern","10":"tag-parlament"},"yoast_head":"<!-- This site is optimized with the Yoast SEO plugin v27.5 - https:\/\/yoast.com\/product\/yoast-seo-wordpress\/ -->\n<title>Guvern: Proiectul de buget pe 2026 - m\u0103suri avute \u00een vedere la estimarea cheltuielilor - Covasna45<\/title>\n<meta name=\"description\" content=\"Guvernul a venit cu preciz\u0103ri, joi seara, privind proiectul de buget pe anul 2026, care va fi transmis Parlamentului.\" \/>\n<meta name=\"robots\" content=\"index, follow, max-snippet:-1, max-image-preview:large, max-video-preview:-1\" \/>\n<link rel=\"canonical\" href=\"https:\/\/covasna45.ro\/index.php\/lumea-noastra\/guvern-proiectul-de-buget-pe-2026-masuri-avute-in-vedere-la-estimarea-cheltuielilor\/\" \/>\n<meta property=\"og:locale\" content=\"ro_RO\" \/>\n<meta property=\"og:type\" content=\"article\" \/>\n<meta property=\"og:title\" content=\"Guvern: Proiectul de buget pe 2026 - m\u0103suri avute \u00een vedere la estimarea cheltuielilor - Covasna45\" \/>\n<meta property=\"og:description\" content=\"Guvernul a venit cu preciz\u0103ri, joi seara, privind proiectul de buget pe anul 2026, care va fi transmis Parlamentului.\" \/>\n<meta property=\"og:url\" content=\"https:\/\/covasna45.ro\/index.php\/lumea-noastra\/guvern-proiectul-de-buget-pe-2026-masuri-avute-in-vedere-la-estimarea-cheltuielilor\/\" \/>\n<meta property=\"og:site_name\" content=\"Covasna45\" \/>\n<meta property=\"article:published_time\" content=\"2026-03-13T07:12:56+00:00\" \/>\n<meta property=\"article:modified_time\" content=\"2026-03-13T07:13:49+00:00\" \/>\n<meta property=\"og:image\" content=\"https:\/\/covasna45.ro\/wp-content\/uploads\/2025\/12\/bolojan-guvern.jpg\" \/>\n\t<meta property=\"og:image:width\" content=\"2048\" \/>\n\t<meta property=\"og:image:height\" content=\"1365\" \/>\n\t<meta property=\"og:image:type\" content=\"image\/jpeg\" \/>\n<meta name=\"author\" content=\"Covasna45\" \/>\n<meta name=\"twitter:card\" content=\"summary_large_image\" \/>\n<meta name=\"twitter:label1\" content=\"Scris de\" \/>\n\t<meta name=\"twitter:data1\" content=\"Covasna45\" \/>\n\t<meta name=\"twitter:label2\" content=\"Timp estimat pentru citire\" \/>\n\t<meta name=\"twitter:data2\" content=\"13 minute\" \/>\n<script type=\"application\/ld+json\" class=\"yoast-schema-graph\">{\"@context\":\"https:\\\/\\\/schema.org\",\"@graph\":[{\"@type\":\"Article\",\"@id\":\"https:\\\/\\\/covasna45.ro\\\/index.php\\\/lumea-noastra\\\/guvern-proiectul-de-buget-pe-2026-masuri-avute-in-vedere-la-estimarea-cheltuielilor\\\/#article\",\"isPartOf\":{\"@id\":\"https:\\\/\\\/covasna45.ro\\\/index.php\\\/lumea-noastra\\\/guvern-proiectul-de-buget-pe-2026-masuri-avute-in-vedere-la-estimarea-cheltuielilor\\\/\"},\"author\":{\"name\":\"Covasna45\",\"@id\":\"https:\\\/\\\/covasna45.ro\\\/#\\\/schema\\\/person\\\/e674052bd7d95d70bbb007a1060ab73c\"},\"headline\":\"Guvern: Proiectul de buget pe 2026 &#8211; m\u0103suri avute \u00een vedere la estimarea cheltuielilor\",\"datePublished\":\"2026-03-13T07:12:56+00:00\",\"dateModified\":\"2026-03-13T07:13:49+00:00\",\"mainEntityOfPage\":{\"@id\":\"https:\\\/\\\/covasna45.ro\\\/index.php\\\/lumea-noastra\\\/guvern-proiectul-de-buget-pe-2026-masuri-avute-in-vedere-la-estimarea-cheltuielilor\\\/\"},\"wordCount\":2406,\"commentCount\":0,\"publisher\":{\"@id\":\"https:\\\/\\\/covasna45.ro\\\/#organization\"},\"image\":{\"@id\":\"https:\\\/\\\/covasna45.ro\\\/index.php\\\/lumea-noastra\\\/guvern-proiectul-de-buget-pe-2026-masuri-avute-in-vedere-la-estimarea-cheltuielilor\\\/#primaryimage\"},\"thumbnailUrl\":\"https:\\\/\\\/covasna45.ro\\\/wp-content\\\/uploads\\\/2025\\\/12\\\/bolojan-guvern.jpg\",\"keywords\":[\"Buget\",\"Guvern\",\"Parlament\"],\"articleSection\":[\"Lumea noastr\u0103\"],\"inLanguage\":\"ro-RO\",\"potentialAction\":[{\"@type\":\"CommentAction\",\"name\":\"Comment\",\"target\":[\"https:\\\/\\\/covasna45.ro\\\/index.php\\\/lumea-noastra\\\/guvern-proiectul-de-buget-pe-2026-masuri-avute-in-vedere-la-estimarea-cheltuielilor\\\/#respond\"]}]},{\"@type\":\"WebPage\",\"@id\":\"https:\\\/\\\/covasna45.ro\\\/index.php\\\/lumea-noastra\\\/guvern-proiectul-de-buget-pe-2026-masuri-avute-in-vedere-la-estimarea-cheltuielilor\\\/\",\"url\":\"https:\\\/\\\/covasna45.ro\\\/index.php\\\/lumea-noastra\\\/guvern-proiectul-de-buget-pe-2026-masuri-avute-in-vedere-la-estimarea-cheltuielilor\\\/\",\"name\":\"Guvern: Proiectul de buget pe 2026 - m\u0103suri avute \u00een vedere la estimarea cheltuielilor - Covasna45\",\"isPartOf\":{\"@id\":\"https:\\\/\\\/covasna45.ro\\\/#website\"},\"primaryImageOfPage\":{\"@id\":\"https:\\\/\\\/covasna45.ro\\\/index.php\\\/lumea-noastra\\\/guvern-proiectul-de-buget-pe-2026-masuri-avute-in-vedere-la-estimarea-cheltuielilor\\\/#primaryimage\"},\"image\":{\"@id\":\"https:\\\/\\\/covasna45.ro\\\/index.php\\\/lumea-noastra\\\/guvern-proiectul-de-buget-pe-2026-masuri-avute-in-vedere-la-estimarea-cheltuielilor\\\/#primaryimage\"},\"thumbnailUrl\":\"https:\\\/\\\/covasna45.ro\\\/wp-content\\\/uploads\\\/2025\\\/12\\\/bolojan-guvern.jpg\",\"datePublished\":\"2026-03-13T07:12:56+00:00\",\"dateModified\":\"2026-03-13T07:13:49+00:00\",\"description\":\"Guvernul a venit cu preciz\u0103ri, joi seara, privind proiectul de buget pe anul 2026, care va fi transmis Parlamentului.\",\"breadcrumb\":{\"@id\":\"https:\\\/\\\/covasna45.ro\\\/index.php\\\/lumea-noastra\\\/guvern-proiectul-de-buget-pe-2026-masuri-avute-in-vedere-la-estimarea-cheltuielilor\\\/#breadcrumb\"},\"inLanguage\":\"ro-RO\",\"potentialAction\":[{\"@type\":\"ReadAction\",\"target\":[\"https:\\\/\\\/covasna45.ro\\\/index.php\\\/lumea-noastra\\\/guvern-proiectul-de-buget-pe-2026-masuri-avute-in-vedere-la-estimarea-cheltuielilor\\\/\"]}]},{\"@type\":\"ImageObject\",\"inLanguage\":\"ro-RO\",\"@id\":\"https:\\\/\\\/covasna45.ro\\\/index.php\\\/lumea-noastra\\\/guvern-proiectul-de-buget-pe-2026-masuri-avute-in-vedere-la-estimarea-cheltuielilor\\\/#primaryimage\",\"url\":\"https:\\\/\\\/covasna45.ro\\\/wp-content\\\/uploads\\\/2025\\\/12\\\/bolojan-guvern.jpg\",\"contentUrl\":\"https:\\\/\\\/covasna45.ro\\\/wp-content\\\/uploads\\\/2025\\\/12\\\/bolojan-guvern.jpg\",\"width\":2048,\"height\":1365},{\"@type\":\"BreadcrumbList\",\"@id\":\"https:\\\/\\\/covasna45.ro\\\/index.php\\\/lumea-noastra\\\/guvern-proiectul-de-buget-pe-2026-masuri-avute-in-vedere-la-estimarea-cheltuielilor\\\/#breadcrumb\",\"itemListElement\":[{\"@type\":\"ListItem\",\"position\":1,\"name\":\"Prima pagin\u0103\",\"item\":\"https:\\\/\\\/covasna45.ro\\\/\"},{\"@type\":\"ListItem\",\"position\":2,\"name\":\"Guvern: Proiectul de buget pe 2026 &#8211; m\u0103suri avute \u00een vedere la estimarea cheltuielilor\"}]},{\"@type\":\"WebSite\",\"@id\":\"https:\\\/\\\/covasna45.ro\\\/#website\",\"url\":\"https:\\\/\\\/covasna45.ro\\\/\",\"name\":\"covasna45.ro\",\"description\":\"\",\"publisher\":{\"@id\":\"https:\\\/\\\/covasna45.ro\\\/#organization\"},\"potentialAction\":[{\"@type\":\"SearchAction\",\"target\":{\"@type\":\"EntryPoint\",\"urlTemplate\":\"https:\\\/\\\/covasna45.ro\\\/?s={search_term_string}\"},\"query-input\":{\"@type\":\"PropertyValueSpecification\",\"valueRequired\":true,\"valueName\":\"search_term_string\"}}],\"inLanguage\":\"ro-RO\"},{\"@type\":\"Organization\",\"@id\":\"https:\\\/\\\/covasna45.ro\\\/#organization\",\"name\":\"covasna45.ro\",\"url\":\"https:\\\/\\\/covasna45.ro\\\/\",\"logo\":{\"@type\":\"ImageObject\",\"inLanguage\":\"ro-RO\",\"@id\":\"https:\\\/\\\/covasna45.ro\\\/#\\\/schema\\\/logo\\\/image\\\/\",\"url\":\"https:\\\/\\\/covasna45.ro\\\/wp-content\\\/uploads\\\/2023\\\/01\\\/icon_logo.png\",\"contentUrl\":\"https:\\\/\\\/covasna45.ro\\\/wp-content\\\/uploads\\\/2023\\\/01\\\/icon_logo.png\",\"width\":1900,\"height\":1900,\"caption\":\"covasna45.ro\"},\"image\":{\"@id\":\"https:\\\/\\\/covasna45.ro\\\/#\\\/schema\\\/logo\\\/image\\\/\"}},{\"@type\":\"Person\",\"@id\":\"https:\\\/\\\/covasna45.ro\\\/#\\\/schema\\\/person\\\/e674052bd7d95d70bbb007a1060ab73c\",\"name\":\"Covasna45\",\"image\":{\"@type\":\"ImageObject\",\"inLanguage\":\"ro-RO\",\"@id\":\"https:\\\/\\\/covasna45.ro\\\/wp-content\\\/uploads\\\/2025\\\/10\\\/icon_logo_covasna45-150x150.png\",\"url\":\"https:\\\/\\\/covasna45.ro\\\/wp-content\\\/uploads\\\/2025\\\/10\\\/icon_logo_covasna45-150x150.png\",\"contentUrl\":\"https:\\\/\\\/covasna45.ro\\\/wp-content\\\/uploads\\\/2025\\\/10\\\/icon_logo_covasna45-150x150.png\",\"caption\":\"Covasna45\"},\"sameAs\":[\"https:\\\/\\\/covasna45.ro\"],\"url\":\"https:\\\/\\\/covasna45.ro\\\/index.php\\\/author\\\/covasna\\\/\"}]}<\/script>\n<!-- \/ Yoast SEO plugin. -->","yoast_head_json":{"title":"Guvern: Proiectul de buget pe 2026 - m\u0103suri avute \u00een vedere la estimarea cheltuielilor - Covasna45","description":"Guvernul a venit cu preciz\u0103ri, joi seara, privind proiectul de buget pe anul 2026, care va fi transmis Parlamentului.","robots":{"index":"index","follow":"follow","max-snippet":"max-snippet:-1","max-image-preview":"max-image-preview:large","max-video-preview":"max-video-preview:-1"},"canonical":"https:\/\/covasna45.ro\/index.php\/lumea-noastra\/guvern-proiectul-de-buget-pe-2026-masuri-avute-in-vedere-la-estimarea-cheltuielilor\/","og_locale":"ro_RO","og_type":"article","og_title":"Guvern: Proiectul de buget pe 2026 - m\u0103suri avute \u00een vedere la estimarea cheltuielilor - Covasna45","og_description":"Guvernul a venit cu preciz\u0103ri, joi seara, privind proiectul de buget pe anul 2026, care va fi transmis Parlamentului.","og_url":"https:\/\/covasna45.ro\/index.php\/lumea-noastra\/guvern-proiectul-de-buget-pe-2026-masuri-avute-in-vedere-la-estimarea-cheltuielilor\/","og_site_name":"Covasna45","article_published_time":"2026-03-13T07:12:56+00:00","article_modified_time":"2026-03-13T07:13:49+00:00","og_image":[{"width":2048,"height":1365,"url":"https:\/\/covasna45.ro\/wp-content\/uploads\/2025\/12\/bolojan-guvern.jpg","type":"image\/jpeg"}],"author":"Covasna45","twitter_card":"summary_large_image","twitter_misc":{"Scris de":"Covasna45","Timp estimat pentru citire":"13 minute"},"schema":{"@context":"https:\/\/schema.org","@graph":[{"@type":"Article","@id":"https:\/\/covasna45.ro\/index.php\/lumea-noastra\/guvern-proiectul-de-buget-pe-2026-masuri-avute-in-vedere-la-estimarea-cheltuielilor\/#article","isPartOf":{"@id":"https:\/\/covasna45.ro\/index.php\/lumea-noastra\/guvern-proiectul-de-buget-pe-2026-masuri-avute-in-vedere-la-estimarea-cheltuielilor\/"},"author":{"name":"Covasna45","@id":"https:\/\/covasna45.ro\/#\/schema\/person\/e674052bd7d95d70bbb007a1060ab73c"},"headline":"Guvern: Proiectul de buget pe 2026 &#8211; m\u0103suri avute \u00een vedere la estimarea cheltuielilor","datePublished":"2026-03-13T07:12:56+00:00","dateModified":"2026-03-13T07:13:49+00:00","mainEntityOfPage":{"@id":"https:\/\/covasna45.ro\/index.php\/lumea-noastra\/guvern-proiectul-de-buget-pe-2026-masuri-avute-in-vedere-la-estimarea-cheltuielilor\/"},"wordCount":2406,"commentCount":0,"publisher":{"@id":"https:\/\/covasna45.ro\/#organization"},"image":{"@id":"https:\/\/covasna45.ro\/index.php\/lumea-noastra\/guvern-proiectul-de-buget-pe-2026-masuri-avute-in-vedere-la-estimarea-cheltuielilor\/#primaryimage"},"thumbnailUrl":"https:\/\/covasna45.ro\/wp-content\/uploads\/2025\/12\/bolojan-guvern.jpg","keywords":["Buget","Guvern","Parlament"],"articleSection":["Lumea noastr\u0103"],"inLanguage":"ro-RO","potentialAction":[{"@type":"CommentAction","name":"Comment","target":["https:\/\/covasna45.ro\/index.php\/lumea-noastra\/guvern-proiectul-de-buget-pe-2026-masuri-avute-in-vedere-la-estimarea-cheltuielilor\/#respond"]}]},{"@type":"WebPage","@id":"https:\/\/covasna45.ro\/index.php\/lumea-noastra\/guvern-proiectul-de-buget-pe-2026-masuri-avute-in-vedere-la-estimarea-cheltuielilor\/","url":"https:\/\/covasna45.ro\/index.php\/lumea-noastra\/guvern-proiectul-de-buget-pe-2026-masuri-avute-in-vedere-la-estimarea-cheltuielilor\/","name":"Guvern: Proiectul de buget pe 2026 - m\u0103suri avute \u00een vedere la estimarea cheltuielilor - Covasna45","isPartOf":{"@id":"https:\/\/covasna45.ro\/#website"},"primaryImageOfPage":{"@id":"https:\/\/covasna45.ro\/index.php\/lumea-noastra\/guvern-proiectul-de-buget-pe-2026-masuri-avute-in-vedere-la-estimarea-cheltuielilor\/#primaryimage"},"image":{"@id":"https:\/\/covasna45.ro\/index.php\/lumea-noastra\/guvern-proiectul-de-buget-pe-2026-masuri-avute-in-vedere-la-estimarea-cheltuielilor\/#primaryimage"},"thumbnailUrl":"https:\/\/covasna45.ro\/wp-content\/uploads\/2025\/12\/bolojan-guvern.jpg","datePublished":"2026-03-13T07:12:56+00:00","dateModified":"2026-03-13T07:13:49+00:00","description":"Guvernul a venit cu preciz\u0103ri, joi seara, privind proiectul de buget pe anul 2026, care va fi transmis Parlamentului.","breadcrumb":{"@id":"https:\/\/covasna45.ro\/index.php\/lumea-noastra\/guvern-proiectul-de-buget-pe-2026-masuri-avute-in-vedere-la-estimarea-cheltuielilor\/#breadcrumb"},"inLanguage":"ro-RO","potentialAction":[{"@type":"ReadAction","target":["https:\/\/covasna45.ro\/index.php\/lumea-noastra\/guvern-proiectul-de-buget-pe-2026-masuri-avute-in-vedere-la-estimarea-cheltuielilor\/"]}]},{"@type":"ImageObject","inLanguage":"ro-RO","@id":"https:\/\/covasna45.ro\/index.php\/lumea-noastra\/guvern-proiectul-de-buget-pe-2026-masuri-avute-in-vedere-la-estimarea-cheltuielilor\/#primaryimage","url":"https:\/\/covasna45.ro\/wp-content\/uploads\/2025\/12\/bolojan-guvern.jpg","contentUrl":"https:\/\/covasna45.ro\/wp-content\/uploads\/2025\/12\/bolojan-guvern.jpg","width":2048,"height":1365},{"@type":"BreadcrumbList","@id":"https:\/\/covasna45.ro\/index.php\/lumea-noastra\/guvern-proiectul-de-buget-pe-2026-masuri-avute-in-vedere-la-estimarea-cheltuielilor\/#breadcrumb","itemListElement":[{"@type":"ListItem","position":1,"name":"Prima pagin\u0103","item":"https:\/\/covasna45.ro\/"},{"@type":"ListItem","position":2,"name":"Guvern: Proiectul de buget pe 2026 &#8211; m\u0103suri avute \u00een vedere la estimarea cheltuielilor"}]},{"@type":"WebSite","@id":"https:\/\/covasna45.ro\/#website","url":"https:\/\/covasna45.ro\/","name":"covasna45.ro","description":"","publisher":{"@id":"https:\/\/covasna45.ro\/#organization"},"potentialAction":[{"@type":"SearchAction","target":{"@type":"EntryPoint","urlTemplate":"https:\/\/covasna45.ro\/?s={search_term_string}"},"query-input":{"@type":"PropertyValueSpecification","valueRequired":true,"valueName":"search_term_string"}}],"inLanguage":"ro-RO"},{"@type":"Organization","@id":"https:\/\/covasna45.ro\/#organization","name":"covasna45.ro","url":"https:\/\/covasna45.ro\/","logo":{"@type":"ImageObject","inLanguage":"ro-RO","@id":"https:\/\/covasna45.ro\/#\/schema\/logo\/image\/","url":"https:\/\/covasna45.ro\/wp-content\/uploads\/2023\/01\/icon_logo.png","contentUrl":"https:\/\/covasna45.ro\/wp-content\/uploads\/2023\/01\/icon_logo.png","width":1900,"height":1900,"caption":"covasna45.ro"},"image":{"@id":"https:\/\/covasna45.ro\/#\/schema\/logo\/image\/"}},{"@type":"Person","@id":"https:\/\/covasna45.ro\/#\/schema\/person\/e674052bd7d95d70bbb007a1060ab73c","name":"Covasna45","image":{"@type":"ImageObject","inLanguage":"ro-RO","@id":"https:\/\/covasna45.ro\/wp-content\/uploads\/2025\/10\/icon_logo_covasna45-150x150.png","url":"https:\/\/covasna45.ro\/wp-content\/uploads\/2025\/10\/icon_logo_covasna45-150x150.png","contentUrl":"https:\/\/covasna45.ro\/wp-content\/uploads\/2025\/10\/icon_logo_covasna45-150x150.png","caption":"Covasna45"},"sameAs":["https:\/\/covasna45.ro"],"url":"https:\/\/covasna45.ro\/index.php\/author\/covasna\/"}]}},"_links":{"self":[{"href":"https:\/\/covasna45.ro\/index.php\/wp-json\/wp\/v2\/posts\/15440","targetHints":{"allow":["GET"]}}],"collection":[{"href":"https:\/\/covasna45.ro\/index.php\/wp-json\/wp\/v2\/posts"}],"about":[{"href":"https:\/\/covasna45.ro\/index.php\/wp-json\/wp\/v2\/types\/post"}],"author":[{"embeddable":true,"href":"https:\/\/covasna45.ro\/index.php\/wp-json\/wp\/v2\/users\/1"}],"replies":[{"embeddable":true,"href":"https:\/\/covasna45.ro\/index.php\/wp-json\/wp\/v2\/comments?post=15440"}],"version-history":[{"count":2,"href":"https:\/\/covasna45.ro\/index.php\/wp-json\/wp\/v2\/posts\/15440\/revisions"}],"predecessor-version":[{"id":15442,"href":"https:\/\/covasna45.ro\/index.php\/wp-json\/wp\/v2\/posts\/15440\/revisions\/15442"}],"wp:featuredmedia":[{"embeddable":true,"href":"https:\/\/covasna45.ro\/index.php\/wp-json\/wp\/v2\/media\/14115"}],"wp:attachment":[{"href":"https:\/\/covasna45.ro\/index.php\/wp-json\/wp\/v2\/media?parent=15440"}],"wp:term":[{"taxonomy":"category","embeddable":true,"href":"https:\/\/covasna45.ro\/index.php\/wp-json\/wp\/v2\/categories?post=15440"},{"taxonomy":"post_tag","embeddable":true,"href":"https:\/\/covasna45.ro\/index.php\/wp-json\/wp\/v2\/tags?post=15440"}],"curies":[{"name":"wp","href":"https:\/\/api.w.org\/{rel}","templated":true}]}}