{"id":15443,"date":"2026-03-13T09:25:04","date_gmt":"2026-03-13T07:25:04","guid":{"rendered":"https:\/\/covasna45.ro\/?p=15443"},"modified":"2026-03-13T09:28:02","modified_gmt":"2026-03-13T07:28:02","slug":"primaria-sfantu-gheorghe-sprijin-pentru-persoanele-cu-dizabilitati-la-plata-impozitelor-locale","status":"publish","type":"post","link":"https:\/\/covasna45.ro\/index.php\/lumea-noastra\/primaria-sfantu-gheorghe-sprijin-pentru-persoanele-cu-dizabilitati-la-plata-impozitelor-locale\/","title":{"rendered":"Prim\u0103ria Sf\u00e2ntu Gheorghe, sprijin pentru persoanele cu dizabilit\u0103\u021bi la plata impozitelor locale"},"content":{"rendered":"\n<p>Consiliul Local Sf\u00e2ntu Gheorghe a aprobat, \u00een \u0219edin\u021ba extraordinar\u0103 din 11 martie, acordarea unui sprijin financiar anual \u00een valoare de cel mult 1.000 de lei pentru persoanele cu handicap grav sau accentuat, persoanele \u00eencadrate \u00een gradul I de invaliditate, precum \u0219i pentru reprezentan\u021bii legali care asigur\u0103 \u00eengrijirea, supravegherea \u0219i \u00eentre\u021binerea acestor persoane.<\/p>\n\n\n\n<p><strong><em>Sprijinul vizeaz\u0103 anul fiscal 2026 \u0219i are ca scop reducerea poverii financiare generate de obliga\u021biile fiscale locale, respectiv consolidarea incluziunii sociale a persoanelor aflate \u00een situa\u021bii vulnerabile<\/em><\/strong>.<\/p>\n\n\n\n<h2 class=\"wp-block-heading\">Completare la reducerile acordate de Guvern<\/h2>\n\n\n\n<p>Ajutorul acordat de <a href=\"https:\/\/covasna45.ro\/index.php\/lumea-noastra\/sfantu-gheorghe-burse-pentru-studentii-care-isi-pregatesc-teza-de-licenta-masterat-sau-doctorat\/\">Prim\u0103ria Sf\u00e2ntu Gheorghe<\/a> vine \u00een completarea reducerilor acordate de Guvern printr-o Ordonan\u0163\u0103 de Urgen\u0163\u0103, \u015fi anume reducere de 50% a impozitului pe cl\u0103diri pentru persoanele \u00eencadrate \u00een grad de handicap grav, precum \u0219i pentru reprezentan\u021bii legali ai acestora, respectiv reducere de 25% pentru persoanele \u00eencadrate \u00een grad de handicap accentuat. Acelea\u0219i cote de reducere se aplic\u0103 \u0219i impozitului pentru un singur mijloc de transport, cu capacitate cilindric\u0103 de p\u00e2n\u0103 la 2.000 cmc, la alegerea contribuabilului.<\/p>\n\n\n\n<h2 class=\"wp-block-heading\">Suma de maxim 1.000 de lei poate acoperi contravaloarea impozitelor efectiv achitate pentru:&nbsp;<\/h2>\n\n\n\n<ul class=\"wp-block-list\">\n<li>impozitul pe cl\u0103direa de domiciliu \u015fi terenul aferent acesteia<\/li>\n\n\n\n<li>impozitul pe un autoturism cu capacitate cilindric\u0103 mai mic\u0103 de 2.000 cmc aflat \u00een proprietatea sau coproprietatea beneficiarilor.<\/li>\n<\/ul>\n\n\n\n<p>Sunt eligibile pentru acest sprijin persoanele care au domiciliul \u00een Sf\u00e2ntu Gheorghe, sunt proprietari sau coproprietari ai locuin\u021bei \u0219i terenului aferent, precum \u0219i ai unui autoturism. De asemenea, condi\u021bia este ca impozitele locale s\u0103 fi fost achitate la termen: integral p\u00e2n\u0103 la 31 martie, sau \u00een dou\u0103 rate egale, p\u00e2n\u0103 la 31 martie \u0219i 30 septembrie.<\/p>\n\n\n\n<h2 class=\"wp-block-heading\">Cererile, \u00eenso\u021bite de documente doveditoare<\/h2>\n\n\n\n<p>Sprijinul poate fi solicitat o singur\u0103 dat\u0103 pe an, pe baza unei cereri depuse la Direc\u021bia de Asisten\u021b\u0103 Social\u0103 Sf\u00e2ntu Gheorghe (Sf\u00e2ntu Gheorghe, str. Daliei nr. 1). Cererile poti fi desc\u0103rcate de&nbsp;<a href=\"https:\/\/www.sfantugheorgheinfo.ro\/uploads\/cerere-sprijin-1-1773323674-1773385942.pdf\" target=\"_blank\" rel=\"noreferrer noopener\"><strong>AICI<\/strong><\/a>&nbsp;\u015fi se pot depune personal \u00eencep\u00e2nd cu data de 16 martie, p\u00e2n\u0103 pe data de 20 a fiec\u0103rei luni, av\u00e2nd ata\u0219ate documentele doveditoare ale eligibilit\u0103\u021bii (acte de identitate, documente care atest\u0103 \u00eencadrarea \u00een grad de handicap\/invaliditate etc.).<\/p>\n\n\n\n<p>Dup\u0103 verificarea eligibilit\u0103\u021bii \u0219i aprobarea cererii, plata sprijinului se va efectua prin transfer bancar sau mandat po\u0219tal, \u00een luna urm\u0103toare depunerii cererii.<\/p>\n\n\n\n<p><strong>Cererile pot fi depuse \u00eencep\u00e2nd cu 16 martie la Direc\u0163ia de Asisten\u0163\u0103 Social\u0103.<\/strong><\/p>\n\n\n\n<p>Sursa: <a href=\"https:\/\/www.sfantugheorgheinfo.ro\/stiri\/primaria-sfantu-gheorghe-acorda-sprijin-financiar-persoanelor-cu-dizabilitati-pentru-plata-impozitelor-locale\">Prim\u0103ria Sf\u00e2ntu Gheorghe<\/a><\/p>\n","protected":false},"excerpt":{"rendered":"<p>Consiliul Local Sf\u00e2ntu Gheorghe a aprobat, \u00een \u0219edin\u021ba extraordinar\u0103 din 11 martie, acordarea unui sprijin financiar anual \u00een valoare de cel mult 1.000 de lei pentru persoanele cu handicap grav sau accentuat, persoanele \u00eencadrate \u00een gradul I de invaliditate, precum \u0219i pentru reprezentan\u021bii legali care asigur\u0103 \u00eengrijirea, supravegherea \u0219i \u00eentre\u021binerea acestor persoane. Sprijinul vizeaz\u0103 anul [&hellip;]<\/p>\n","protected":false},"author":1,"featured_media":11975,"comment_status":"open","ping_status":"closed","sticky":false,"template":"","format":"standard","meta":{"tdm_status":"","tdm_grid_status":"","footnotes":""},"categories":[14],"tags":[4600,204,3883,2124],"class_list":{"0":"post-15443","1":"post","2":"type-post","3":"status-publish","4":"format-standard","5":"has-post-thumbnail","7":"category-lumea-noastra","8":"tag-dizabilitati","9":"tag-impozite","10":"tag-primaria","11":"tag-sfantu-gheorghe-2"},"yoast_head":"<!-- This site is optimized with the Yoast SEO plugin v27.5 - https:\/\/yoast.com\/product\/yoast-seo-wordpress\/ -->\n<title>Prim\u0103ria Sf\u00e2ntu Gheorghe, sprijin pentru persoanele cu dizabilit\u0103\u021bi la plata impozitelor locale - Covasna45<\/title>\n<meta name=\"description\" content=\"Sprijinul vizeaz\u0103 anul fiscal 2026 \u0219i are ca scop reducerea poverii financiare generate de obliga\u021biile fiscale locale.\" \/>\n<meta name=\"robots\" content=\"index, follow, max-snippet:-1, max-image-preview:large, max-video-preview:-1\" \/>\n<link rel=\"canonical\" href=\"https:\/\/covasna45.ro\/index.php\/lumea-noastra\/primaria-sfantu-gheorghe-sprijin-pentru-persoanele-cu-dizabilitati-la-plata-impozitelor-locale\/\" \/>\n<meta property=\"og:locale\" content=\"ro_RO\" \/>\n<meta property=\"og:type\" content=\"article\" \/>\n<meta property=\"og:title\" content=\"Prim\u0103ria Sf\u00e2ntu Gheorghe, sprijin pentru persoanele cu dizabilit\u0103\u021bi la plata impozitelor locale - Covasna45\" \/>\n<meta property=\"og:description\" content=\"Sprijinul vizeaz\u0103 anul fiscal 2026 \u0219i are ca scop reducerea poverii financiare generate de obliga\u021biile fiscale locale.\" \/>\n<meta property=\"og:url\" content=\"https:\/\/covasna45.ro\/index.php\/lumea-noastra\/primaria-sfantu-gheorghe-sprijin-pentru-persoanele-cu-dizabilitati-la-plata-impozitelor-locale\/\" \/>\n<meta property=\"og:site_name\" content=\"Covasna45\" \/>\n<meta property=\"article:published_time\" content=\"2026-03-13T07:25:04+00:00\" \/>\n<meta property=\"article:modified_time\" content=\"2026-03-13T07:28:02+00:00\" \/>\n<meta property=\"og:image\" content=\"https:\/\/covasna45.ro\/wp-content\/uploads\/2025\/06\/antal-conf.jpg\" \/>\n\t<meta property=\"og:image:width\" content=\"1140\" \/>\n\t<meta property=\"og:image:height\" content=\"760\" \/>\n\t<meta property=\"og:image:type\" content=\"image\/jpeg\" \/>\n<meta name=\"author\" content=\"Covasna45\" \/>\n<meta name=\"twitter:card\" content=\"summary_large_image\" \/>\n<meta name=\"twitter:label1\" content=\"Scris de\" \/>\n\t<meta name=\"twitter:data1\" content=\"Covasna45\" \/>\n\t<meta name=\"twitter:label2\" content=\"Timp estimat pentru citire\" \/>\n\t<meta name=\"twitter:data2\" content=\"3 minute\" \/>\n<script type=\"application\/ld+json\" class=\"yoast-schema-graph\">{\"@context\":\"https:\\\/\\\/schema.org\",\"@graph\":[{\"@type\":\"Article\",\"@id\":\"https:\\\/\\\/covasna45.ro\\\/index.php\\\/lumea-noastra\\\/primaria-sfantu-gheorghe-sprijin-pentru-persoanele-cu-dizabilitati-la-plata-impozitelor-locale\\\/#article\",\"isPartOf\":{\"@id\":\"https:\\\/\\\/covasna45.ro\\\/index.php\\\/lumea-noastra\\\/primaria-sfantu-gheorghe-sprijin-pentru-persoanele-cu-dizabilitati-la-plata-impozitelor-locale\\\/\"},\"author\":{\"name\":\"Covasna45\",\"@id\":\"https:\\\/\\\/covasna45.ro\\\/#\\\/schema\\\/person\\\/e674052bd7d95d70bbb007a1060ab73c\"},\"headline\":\"Prim\u0103ria Sf\u00e2ntu Gheorghe, sprijin pentru persoanele cu dizabilit\u0103\u021bi la plata impozitelor locale\",\"datePublished\":\"2026-03-13T07:25:04+00:00\",\"dateModified\":\"2026-03-13T07:28:02+00:00\",\"mainEntityOfPage\":{\"@id\":\"https:\\\/\\\/covasna45.ro\\\/index.php\\\/lumea-noastra\\\/primaria-sfantu-gheorghe-sprijin-pentru-persoanele-cu-dizabilitati-la-plata-impozitelor-locale\\\/\"},\"wordCount\":413,\"commentCount\":0,\"publisher\":{\"@id\":\"https:\\\/\\\/covasna45.ro\\\/#organization\"},\"image\":{\"@id\":\"https:\\\/\\\/covasna45.ro\\\/index.php\\\/lumea-noastra\\\/primaria-sfantu-gheorghe-sprijin-pentru-persoanele-cu-dizabilitati-la-plata-impozitelor-locale\\\/#primaryimage\"},\"thumbnailUrl\":\"https:\\\/\\\/covasna45.ro\\\/wp-content\\\/uploads\\\/2025\\\/06\\\/antal-conf.jpg\",\"keywords\":[\"dizabilitati\",\"Impozite\",\"Primaria\",\"Sfantu Gheorghe\"],\"articleSection\":[\"Lumea noastr\u0103\"],\"inLanguage\":\"ro-RO\",\"potentialAction\":[{\"@type\":\"CommentAction\",\"name\":\"Comment\",\"target\":[\"https:\\\/\\\/covasna45.ro\\\/index.php\\\/lumea-noastra\\\/primaria-sfantu-gheorghe-sprijin-pentru-persoanele-cu-dizabilitati-la-plata-impozitelor-locale\\\/#respond\"]}]},{\"@type\":\"WebPage\",\"@id\":\"https:\\\/\\\/covasna45.ro\\\/index.php\\\/lumea-noastra\\\/primaria-sfantu-gheorghe-sprijin-pentru-persoanele-cu-dizabilitati-la-plata-impozitelor-locale\\\/\",\"url\":\"https:\\\/\\\/covasna45.ro\\\/index.php\\\/lumea-noastra\\\/primaria-sfantu-gheorghe-sprijin-pentru-persoanele-cu-dizabilitati-la-plata-impozitelor-locale\\\/\",\"name\":\"Prim\u0103ria Sf\u00e2ntu Gheorghe, sprijin pentru persoanele cu dizabilit\u0103\u021bi la plata impozitelor locale - Covasna45\",\"isPartOf\":{\"@id\":\"https:\\\/\\\/covasna45.ro\\\/#website\"},\"primaryImageOfPage\":{\"@id\":\"https:\\\/\\\/covasna45.ro\\\/index.php\\\/lumea-noastra\\\/primaria-sfantu-gheorghe-sprijin-pentru-persoanele-cu-dizabilitati-la-plata-impozitelor-locale\\\/#primaryimage\"},\"image\":{\"@id\":\"https:\\\/\\\/covasna45.ro\\\/index.php\\\/lumea-noastra\\\/primaria-sfantu-gheorghe-sprijin-pentru-persoanele-cu-dizabilitati-la-plata-impozitelor-locale\\\/#primaryimage\"},\"thumbnailUrl\":\"https:\\\/\\\/covasna45.ro\\\/wp-content\\\/uploads\\\/2025\\\/06\\\/antal-conf.jpg\",\"datePublished\":\"2026-03-13T07:25:04+00:00\",\"dateModified\":\"2026-03-13T07:28:02+00:00\",\"description\":\"Sprijinul vizeaz\u0103 anul fiscal 2026 \u0219i are ca scop reducerea poverii financiare generate de obliga\u021biile fiscale locale.\",\"breadcrumb\":{\"@id\":\"https:\\\/\\\/covasna45.ro\\\/index.php\\\/lumea-noastra\\\/primaria-sfantu-gheorghe-sprijin-pentru-persoanele-cu-dizabilitati-la-plata-impozitelor-locale\\\/#breadcrumb\"},\"inLanguage\":\"ro-RO\",\"potentialAction\":[{\"@type\":\"ReadAction\",\"target\":[\"https:\\\/\\\/covasna45.ro\\\/index.php\\\/lumea-noastra\\\/primaria-sfantu-gheorghe-sprijin-pentru-persoanele-cu-dizabilitati-la-plata-impozitelor-locale\\\/\"]}]},{\"@type\":\"ImageObject\",\"inLanguage\":\"ro-RO\",\"@id\":\"https:\\\/\\\/covasna45.ro\\\/index.php\\\/lumea-noastra\\\/primaria-sfantu-gheorghe-sprijin-pentru-persoanele-cu-dizabilitati-la-plata-impozitelor-locale\\\/#primaryimage\",\"url\":\"https:\\\/\\\/covasna45.ro\\\/wp-content\\\/uploads\\\/2025\\\/06\\\/antal-conf.jpg\",\"contentUrl\":\"https:\\\/\\\/covasna45.ro\\\/wp-content\\\/uploads\\\/2025\\\/06\\\/antal-conf.jpg\",\"width\":1140,\"height\":760},{\"@type\":\"BreadcrumbList\",\"@id\":\"https:\\\/\\\/covasna45.ro\\\/index.php\\\/lumea-noastra\\\/primaria-sfantu-gheorghe-sprijin-pentru-persoanele-cu-dizabilitati-la-plata-impozitelor-locale\\\/#breadcrumb\",\"itemListElement\":[{\"@type\":\"ListItem\",\"position\":1,\"name\":\"Prima pagin\u0103\",\"item\":\"https:\\\/\\\/covasna45.ro\\\/\"},{\"@type\":\"ListItem\",\"position\":2,\"name\":\"Prim\u0103ria Sf\u00e2ntu Gheorghe, sprijin pentru persoanele cu dizabilit\u0103\u021bi la plata impozitelor locale\"}]},{\"@type\":\"WebSite\",\"@id\":\"https:\\\/\\\/covasna45.ro\\\/#website\",\"url\":\"https:\\\/\\\/covasna45.ro\\\/\",\"name\":\"covasna45.ro\",\"description\":\"\",\"publisher\":{\"@id\":\"https:\\\/\\\/covasna45.ro\\\/#organization\"},\"potentialAction\":[{\"@type\":\"SearchAction\",\"target\":{\"@type\":\"EntryPoint\",\"urlTemplate\":\"https:\\\/\\\/covasna45.ro\\\/?s={search_term_string}\"},\"query-input\":{\"@type\":\"PropertyValueSpecification\",\"valueRequired\":true,\"valueName\":\"search_term_string\"}}],\"inLanguage\":\"ro-RO\"},{\"@type\":\"Organization\",\"@id\":\"https:\\\/\\\/covasna45.ro\\\/#organization\",\"name\":\"covasna45.ro\",\"url\":\"https:\\\/\\\/covasna45.ro\\\/\",\"logo\":{\"@type\":\"ImageObject\",\"inLanguage\":\"ro-RO\",\"@id\":\"https:\\\/\\\/covasna45.ro\\\/#\\\/schema\\\/logo\\\/image\\\/\",\"url\":\"https:\\\/\\\/covasna45.ro\\\/wp-content\\\/uploads\\\/2023\\\/01\\\/icon_logo.png\",\"contentUrl\":\"https:\\\/\\\/covasna45.ro\\\/wp-content\\\/uploads\\\/2023\\\/01\\\/icon_logo.png\",\"width\":1900,\"height\":1900,\"caption\":\"covasna45.ro\"},\"image\":{\"@id\":\"https:\\\/\\\/covasna45.ro\\\/#\\\/schema\\\/logo\\\/image\\\/\"}},{\"@type\":\"Person\",\"@id\":\"https:\\\/\\\/covasna45.ro\\\/#\\\/schema\\\/person\\\/e674052bd7d95d70bbb007a1060ab73c\",\"name\":\"Covasna45\",\"image\":{\"@type\":\"ImageObject\",\"inLanguage\":\"ro-RO\",\"@id\":\"https:\\\/\\\/covasna45.ro\\\/wp-content\\\/uploads\\\/2025\\\/10\\\/icon_logo_covasna45-150x150.png\",\"url\":\"https:\\\/\\\/covasna45.ro\\\/wp-content\\\/uploads\\\/2025\\\/10\\\/icon_logo_covasna45-150x150.png\",\"contentUrl\":\"https:\\\/\\\/covasna45.ro\\\/wp-content\\\/uploads\\\/2025\\\/10\\\/icon_logo_covasna45-150x150.png\",\"caption\":\"Covasna45\"},\"sameAs\":[\"https:\\\/\\\/covasna45.ro\"],\"url\":\"https:\\\/\\\/covasna45.ro\\\/index.php\\\/author\\\/covasna\\\/\"}]}<\/script>\n<!-- \/ Yoast SEO plugin. -->","yoast_head_json":{"title":"Prim\u0103ria Sf\u00e2ntu Gheorghe, sprijin pentru persoanele cu dizabilit\u0103\u021bi la plata impozitelor locale - Covasna45","description":"Sprijinul vizeaz\u0103 anul fiscal 2026 \u0219i are ca scop reducerea poverii financiare generate de obliga\u021biile fiscale locale.","robots":{"index":"index","follow":"follow","max-snippet":"max-snippet:-1","max-image-preview":"max-image-preview:large","max-video-preview":"max-video-preview:-1"},"canonical":"https:\/\/covasna45.ro\/index.php\/lumea-noastra\/primaria-sfantu-gheorghe-sprijin-pentru-persoanele-cu-dizabilitati-la-plata-impozitelor-locale\/","og_locale":"ro_RO","og_type":"article","og_title":"Prim\u0103ria Sf\u00e2ntu Gheorghe, sprijin pentru persoanele cu dizabilit\u0103\u021bi la plata impozitelor locale - Covasna45","og_description":"Sprijinul vizeaz\u0103 anul fiscal 2026 \u0219i are ca scop reducerea poverii financiare generate de obliga\u021biile fiscale locale.","og_url":"https:\/\/covasna45.ro\/index.php\/lumea-noastra\/primaria-sfantu-gheorghe-sprijin-pentru-persoanele-cu-dizabilitati-la-plata-impozitelor-locale\/","og_site_name":"Covasna45","article_published_time":"2026-03-13T07:25:04+00:00","article_modified_time":"2026-03-13T07:28:02+00:00","og_image":[{"width":1140,"height":760,"url":"https:\/\/covasna45.ro\/wp-content\/uploads\/2025\/06\/antal-conf.jpg","type":"image\/jpeg"}],"author":"Covasna45","twitter_card":"summary_large_image","twitter_misc":{"Scris de":"Covasna45","Timp estimat pentru citire":"3 minute"},"schema":{"@context":"https:\/\/schema.org","@graph":[{"@type":"Article","@id":"https:\/\/covasna45.ro\/index.php\/lumea-noastra\/primaria-sfantu-gheorghe-sprijin-pentru-persoanele-cu-dizabilitati-la-plata-impozitelor-locale\/#article","isPartOf":{"@id":"https:\/\/covasna45.ro\/index.php\/lumea-noastra\/primaria-sfantu-gheorghe-sprijin-pentru-persoanele-cu-dizabilitati-la-plata-impozitelor-locale\/"},"author":{"name":"Covasna45","@id":"https:\/\/covasna45.ro\/#\/schema\/person\/e674052bd7d95d70bbb007a1060ab73c"},"headline":"Prim\u0103ria Sf\u00e2ntu Gheorghe, sprijin pentru persoanele cu dizabilit\u0103\u021bi la plata impozitelor locale","datePublished":"2026-03-13T07:25:04+00:00","dateModified":"2026-03-13T07:28:02+00:00","mainEntityOfPage":{"@id":"https:\/\/covasna45.ro\/index.php\/lumea-noastra\/primaria-sfantu-gheorghe-sprijin-pentru-persoanele-cu-dizabilitati-la-plata-impozitelor-locale\/"},"wordCount":413,"commentCount":0,"publisher":{"@id":"https:\/\/covasna45.ro\/#organization"},"image":{"@id":"https:\/\/covasna45.ro\/index.php\/lumea-noastra\/primaria-sfantu-gheorghe-sprijin-pentru-persoanele-cu-dizabilitati-la-plata-impozitelor-locale\/#primaryimage"},"thumbnailUrl":"https:\/\/covasna45.ro\/wp-content\/uploads\/2025\/06\/antal-conf.jpg","keywords":["dizabilitati","Impozite","Primaria","Sfantu Gheorghe"],"articleSection":["Lumea noastr\u0103"],"inLanguage":"ro-RO","potentialAction":[{"@type":"CommentAction","name":"Comment","target":["https:\/\/covasna45.ro\/index.php\/lumea-noastra\/primaria-sfantu-gheorghe-sprijin-pentru-persoanele-cu-dizabilitati-la-plata-impozitelor-locale\/#respond"]}]},{"@type":"WebPage","@id":"https:\/\/covasna45.ro\/index.php\/lumea-noastra\/primaria-sfantu-gheorghe-sprijin-pentru-persoanele-cu-dizabilitati-la-plata-impozitelor-locale\/","url":"https:\/\/covasna45.ro\/index.php\/lumea-noastra\/primaria-sfantu-gheorghe-sprijin-pentru-persoanele-cu-dizabilitati-la-plata-impozitelor-locale\/","name":"Prim\u0103ria Sf\u00e2ntu Gheorghe, sprijin pentru persoanele cu dizabilit\u0103\u021bi la plata impozitelor locale - Covasna45","isPartOf":{"@id":"https:\/\/covasna45.ro\/#website"},"primaryImageOfPage":{"@id":"https:\/\/covasna45.ro\/index.php\/lumea-noastra\/primaria-sfantu-gheorghe-sprijin-pentru-persoanele-cu-dizabilitati-la-plata-impozitelor-locale\/#primaryimage"},"image":{"@id":"https:\/\/covasna45.ro\/index.php\/lumea-noastra\/primaria-sfantu-gheorghe-sprijin-pentru-persoanele-cu-dizabilitati-la-plata-impozitelor-locale\/#primaryimage"},"thumbnailUrl":"https:\/\/covasna45.ro\/wp-content\/uploads\/2025\/06\/antal-conf.jpg","datePublished":"2026-03-13T07:25:04+00:00","dateModified":"2026-03-13T07:28:02+00:00","description":"Sprijinul vizeaz\u0103 anul fiscal 2026 \u0219i are ca scop reducerea poverii financiare generate de obliga\u021biile fiscale locale.","breadcrumb":{"@id":"https:\/\/covasna45.ro\/index.php\/lumea-noastra\/primaria-sfantu-gheorghe-sprijin-pentru-persoanele-cu-dizabilitati-la-plata-impozitelor-locale\/#breadcrumb"},"inLanguage":"ro-RO","potentialAction":[{"@type":"ReadAction","target":["https:\/\/covasna45.ro\/index.php\/lumea-noastra\/primaria-sfantu-gheorghe-sprijin-pentru-persoanele-cu-dizabilitati-la-plata-impozitelor-locale\/"]}]},{"@type":"ImageObject","inLanguage":"ro-RO","@id":"https:\/\/covasna45.ro\/index.php\/lumea-noastra\/primaria-sfantu-gheorghe-sprijin-pentru-persoanele-cu-dizabilitati-la-plata-impozitelor-locale\/#primaryimage","url":"https:\/\/covasna45.ro\/wp-content\/uploads\/2025\/06\/antal-conf.jpg","contentUrl":"https:\/\/covasna45.ro\/wp-content\/uploads\/2025\/06\/antal-conf.jpg","width":1140,"height":760},{"@type":"BreadcrumbList","@id":"https:\/\/covasna45.ro\/index.php\/lumea-noastra\/primaria-sfantu-gheorghe-sprijin-pentru-persoanele-cu-dizabilitati-la-plata-impozitelor-locale\/#breadcrumb","itemListElement":[{"@type":"ListItem","position":1,"name":"Prima pagin\u0103","item":"https:\/\/covasna45.ro\/"},{"@type":"ListItem","position":2,"name":"Prim\u0103ria Sf\u00e2ntu Gheorghe, sprijin pentru persoanele cu dizabilit\u0103\u021bi la plata impozitelor locale"}]},{"@type":"WebSite","@id":"https:\/\/covasna45.ro\/#website","url":"https:\/\/covasna45.ro\/","name":"covasna45.ro","description":"","publisher":{"@id":"https:\/\/covasna45.ro\/#organization"},"potentialAction":[{"@type":"SearchAction","target":{"@type":"EntryPoint","urlTemplate":"https:\/\/covasna45.ro\/?s={search_term_string}"},"query-input":{"@type":"PropertyValueSpecification","valueRequired":true,"valueName":"search_term_string"}}],"inLanguage":"ro-RO"},{"@type":"Organization","@id":"https:\/\/covasna45.ro\/#organization","name":"covasna45.ro","url":"https:\/\/covasna45.ro\/","logo":{"@type":"ImageObject","inLanguage":"ro-RO","@id":"https:\/\/covasna45.ro\/#\/schema\/logo\/image\/","url":"https:\/\/covasna45.ro\/wp-content\/uploads\/2023\/01\/icon_logo.png","contentUrl":"https:\/\/covasna45.ro\/wp-content\/uploads\/2023\/01\/icon_logo.png","width":1900,"height":1900,"caption":"covasna45.ro"},"image":{"@id":"https:\/\/covasna45.ro\/#\/schema\/logo\/image\/"}},{"@type":"Person","@id":"https:\/\/covasna45.ro\/#\/schema\/person\/e674052bd7d95d70bbb007a1060ab73c","name":"Covasna45","image":{"@type":"ImageObject","inLanguage":"ro-RO","@id":"https:\/\/covasna45.ro\/wp-content\/uploads\/2025\/10\/icon_logo_covasna45-150x150.png","url":"https:\/\/covasna45.ro\/wp-content\/uploads\/2025\/10\/icon_logo_covasna45-150x150.png","contentUrl":"https:\/\/covasna45.ro\/wp-content\/uploads\/2025\/10\/icon_logo_covasna45-150x150.png","caption":"Covasna45"},"sameAs":["https:\/\/covasna45.ro"],"url":"https:\/\/covasna45.ro\/index.php\/author\/covasna\/"}]}},"_links":{"self":[{"href":"https:\/\/covasna45.ro\/index.php\/wp-json\/wp\/v2\/posts\/15443","targetHints":{"allow":["GET"]}}],"collection":[{"href":"https:\/\/covasna45.ro\/index.php\/wp-json\/wp\/v2\/posts"}],"about":[{"href":"https:\/\/covasna45.ro\/index.php\/wp-json\/wp\/v2\/types\/post"}],"author":[{"embeddable":true,"href":"https:\/\/covasna45.ro\/index.php\/wp-json\/wp\/v2\/users\/1"}],"replies":[{"embeddable":true,"href":"https:\/\/covasna45.ro\/index.php\/wp-json\/wp\/v2\/comments?post=15443"}],"version-history":[{"count":2,"href":"https:\/\/covasna45.ro\/index.php\/wp-json\/wp\/v2\/posts\/15443\/revisions"}],"predecessor-version":[{"id":15446,"href":"https:\/\/covasna45.ro\/index.php\/wp-json\/wp\/v2\/posts\/15443\/revisions\/15446"}],"wp:featuredmedia":[{"embeddable":true,"href":"https:\/\/covasna45.ro\/index.php\/wp-json\/wp\/v2\/media\/11975"}],"wp:attachment":[{"href":"https:\/\/covasna45.ro\/index.php\/wp-json\/wp\/v2\/media?parent=15443"}],"wp:term":[{"taxonomy":"category","embeddable":true,"href":"https:\/\/covasna45.ro\/index.php\/wp-json\/wp\/v2\/categories?post=15443"},{"taxonomy":"post_tag","embeddable":true,"href":"https:\/\/covasna45.ro\/index.php\/wp-json\/wp\/v2\/tags?post=15443"}],"curies":[{"name":"wp","href":"https:\/\/api.w.org\/{rel}","templated":true}]}}