{"id":15452,"date":"2026-03-13T12:29:52","date_gmt":"2026-03-13T10:29:52","guid":{"rendered":"https:\/\/covasna45.ro\/?p=15452"},"modified":"2026-03-13T12:31:14","modified_gmt":"2026-03-13T10:31:14","slug":"anunt-primaria-comunei-dobarlau-7","status":"publish","type":"post","link":"https:\/\/covasna45.ro\/index.php\/anunturi\/anunt-primaria-comunei-dobarlau-7\/","title":{"rendered":"ANUN\u021a: Prim\u0103ria\u00a0 comunei Dob\u00e2rl\u0103u"},"content":{"rendered":"\n<p>Ast\u0103zi, 13.03.2026, Prim\u0103ria comunei Dob\u00e2rl\u0103u anun\u021b\u0103 deschiderea procedurii de transparen\u021b\u0103 decizionala a procesului de elaborare a proiectului urm\u0103torului act normativ:<\/p>\n\n\n\n<p><strong>Proiectul&nbsp; de hot\u0103r\u00e2re p<\/strong><strong>rivind aprobarea actualiz\u0103rii Regulamentului de organizare \u0219i func\u021bionare pentru Ocolul Silvic Buz\u0103ul Ardelean R.A.<\/strong><\/p>\n\n\n\n<p><strong>Paragraf descriptiv:<\/strong> Regulamentul de organizare \u0219i func\u021bionare al Ocolului Silvic Buz\u0103ul Ardelean R.A<strong>., <\/strong>stabile\u0219te cadrul organizatoric, sarcinile, atribu\u021biile&nbsp; \u0219i modalit\u0103\u021bile de func\u021bionare ale ocolului silvic, asigur\u0103 respectarea legisla\u021biei forestiere \u0219i stabile\u0219te m\u0103surile de protec\u021bie \u0219i gestionare durabil\u0103 a fondului forestier.<\/p>\n\n\n\n<h2 class=\"wp-block-heading\">Documenta\u021bia aferenta proiectului de act normativ include :<\/h2>\n\n\n\n<ul class=\"wp-block-list\">\n<li>referatul de aprobare privind necesitatea adopt\u0103rii actului normativ propus;<\/li>\n\n\n\n<li>raportul de necesitate al compartimentului impozite si taxe locale.<\/li>\n<\/ul>\n\n\n\n<h2 class=\"wp-block-heading\">Documenta\u021bia poate fi consultat\u0103:<\/h2>\n\n\n\n<ul class=\"wp-block-list\">\n<li>pe pagina de internet a institu\u021biei, la <a href=\"http:\/\/www.primariadobarlau.ro\">www.primariadobarlau.ro<\/a><\/li>\n\n\n\n<li>la sediul institu\u021biei: Prim\u0103ria comunei Dob\u00e2rl\u0103u, Dob\u00e2rl\u0103u nr.233, jude\u021bul Covasna<\/li>\n\n\n\n<li>proiectul de act normativ se poate ob\u021bine \u00een copie, pe baz\u0103 de cerere depus\u0103 la biroul de rela\u021bii cu publicul al institu\u021biei.<\/li>\n<\/ul>\n\n\n\n<p>Propuneri, sugestii, opinii cu valoare de recomandare privind proiectul de act normativ supus procedurii de transparenta decizionala se pot depune pana la data de 27.03.2026<\/p>\n\n\n\n<ul class=\"wp-block-list\">\n<li>prin formularul online disponibil pe pagina de internet a institu\u021biei la linkul <a href=\"http:\/\/www.primariadobarlau.ro\">www.primariadobarlau.ro<\/a><\/li>\n\n\n\n<li>ca mesaj in format electronic pe adresa de e-mail:primariadobarlau@yahoo.com<\/li>\n\n\n\n<li>prin posta, pe adresa Dob\u00e2rl\u0103u , nr.233, jude\u021bul Covasna<\/li>\n\n\n\n<li>la sediul institu\u021biei, la Registratura, la adresa\u00a0 Dob\u00e2rl\u0103u nr.233, jude\u021bul Covasna, \u00a0intre orele 08.00-14.00.<\/li>\n<\/ul>\n\n\n\n<p>Materialele transmise vor purta men\u021biunea:&nbsp;Propuneri privind <strong>Proiectul&nbsp; de hot\u0103r\u00e2re p<\/strong><strong>rivind aprobarea&nbsp; Regulamentului de organizare \u0219i func\u021bionare pentru Ocolul Silvic Buz\u0103ul Ardelean R.A.<\/strong><\/p>\n\n\n\n<p>Propunerile, sugestiile, opiniile cu valoare de recomandare vor fi publicate pe pagina de internet a institu\u021biei, la linkul <a href=\"http:\/\/www.primariadobarlau.ro\">www.primariadobarlau.ro<\/a>.<\/p>\n\n\n\n<p><strong>Nepreluarea recomandarilor formulate si inaintate in scris va fi justificata in scris.<\/strong><\/p>\n\n\n\n<p>Pentru cei interesa\u021bi exist\u0103 \u0219i posibilitatea organiz\u0103rii unei \u00eent\u00e2lniri \u00een care s\u0103 se dezbat\u0103 public <strong>Proiectul&nbsp; de hot\u0103r\u00e2re p<\/strong><strong>rivind aprobarea&nbsp; Regulamentului de organizare \u0219i func\u021bionare pentru Ocolul Silvic Buz\u0103ul Ardelean R.A. <\/strong>in cazul \u00een care acest lucru este cerut \u00een scris de c\u0103tre o asocia\u021bie legal constituita sau de c\u0103tre o alta autoritate sau institu\u021bie public\u0103 p\u00e2n\u0103 la data de 27.03.2026.<\/p>\n\n\n\n<p>Pentru informa\u021bii suplimentare, v\u0103 st\u0103m la dispozi\u021bie la urm\u0103toarele date de contact: telefon: <strong>0740276473, e-mail: primariadobarlau@yahoo.com<\/strong>, persoana de contact: <strong>Toderic\u0103 L\u0103cr\u0103mioara Elena.<\/strong><\/p>\n\n\n\n<p><strong>BARBU BOGDAN,<\/strong> PRIMAR<strong>\u00a0\u00a0\u00a0\u00a0\u00a0\u00a0\u00a0\u00a0\u00a0\u00a0\u00a0\u00a0\u00a0\u00a0\u00a0\u00a0\u00a0\u00a0\u00a0\u00a0\u00a0\u00a0\u00a0\u00a0\u00a0\u00a0\u00a0\u00a0\u00a0\u00a0\u00a0\u00a0 <\/strong><\/p>\n\n\n\n<p><strong>TODERIC\u0102 L\u0102CR\u0102MIOARA ELENA, <\/strong>CONSILIER SUPERIOR<\/p>\n\n\n\n<figure class=\"wp-block-image size-large\"><img loading=\"lazy\" decoding=\"async\" width=\"1024\" height=\"548\" src=\"https:\/\/covasna45.ro\/wp-content\/uploads\/2026\/03\/Foto-2-anunt-dobarlau-1024x548.png\" alt=\"\" class=\"wp-image-15453\" srcset=\"https:\/\/covasna45.ro\/wp-content\/uploads\/2026\/03\/Foto-2-anunt-dobarlau-1024x548.png 1024w, https:\/\/covasna45.ro\/wp-content\/uploads\/2026\/03\/Foto-2-anunt-dobarlau-300x161.png 300w, https:\/\/covasna45.ro\/wp-content\/uploads\/2026\/03\/Foto-2-anunt-dobarlau-768x411.png 768w, https:\/\/covasna45.ro\/wp-content\/uploads\/2026\/03\/Foto-2-anunt-dobarlau-150x80.png 150w, https:\/\/covasna45.ro\/wp-content\/uploads\/2026\/03\/Foto-2-anunt-dobarlau-696x373.png 696w, https:\/\/covasna45.ro\/wp-content\/uploads\/2026\/03\/Foto-2-anunt-dobarlau-1068x572.png 1068w, https:\/\/covasna45.ro\/wp-content\/uploads\/2026\/03\/Foto-2-anunt-dobarlau.png 1427w\" sizes=\"auto, (max-width: 1024px) 100vw, 1024px\" \/><\/figure>\n","protected":false},"excerpt":{"rendered":"<p>Ast\u0103zi, 13.03.2026, Prim\u0103ria comunei Dob\u00e2rl\u0103u anun\u021b\u0103 deschiderea procedurii de transparen\u021b\u0103 decizionala a procesului de elaborare a proiectului urm\u0103torului act normativ: Proiectul&nbsp; de hot\u0103r\u00e2re privind aprobarea actualiz\u0103rii Regulamentului de organizare \u0219i func\u021bionare pentru Ocolul Silvic Buz\u0103ul Ardelean R.A. Paragraf descriptiv: Regulamentul de organizare \u0219i func\u021bionare al Ocolului Silvic Buz\u0103ul Ardelean R.A., stabile\u0219te cadrul organizatoric, sarcinile, atribu\u021biile&nbsp; [&hellip;]<\/p>\n","protected":false},"author":1,"featured_media":15454,"comment_status":"open","ping_status":"closed","sticky":false,"template":"","format":"standard","meta":{"tdm_status":"","tdm_grid_status":"","footnotes":""},"categories":[1111],"tags":[3360,904,3901],"class_list":{"0":"post-15452","1":"post","2":"type-post","3":"status-publish","4":"format-standard","5":"has-post-thumbnail","7":"category-anunturi","8":"tag-anunt","9":"tag-dobarlau","10":"tag-primaria-dobarlau-3"},"yoast_head":"<!-- This site is optimized with the Yoast SEO plugin v27.5 - https:\/\/yoast.com\/product\/yoast-seo-wordpress\/ -->\n<title>ANUN\u021a: Prim\u0103ria\u00a0 comunei Dob\u00e2rl\u0103u - Covasna45<\/title>\n<meta name=\"robots\" content=\"index, follow, max-snippet:-1, max-image-preview:large, max-video-preview:-1\" \/>\n<link rel=\"canonical\" href=\"https:\/\/covasna45.ro\/index.php\/anunturi\/anunt-primaria-comunei-dobarlau-7\/\" \/>\n<meta property=\"og:locale\" content=\"ro_RO\" \/>\n<meta property=\"og:type\" content=\"article\" \/>\n<meta property=\"og:title\" content=\"ANUN\u021a: Prim\u0103ria\u00a0 comunei Dob\u00e2rl\u0103u - Covasna45\" \/>\n<meta property=\"og:description\" content=\"Ast\u0103zi, 13.03.2026, Prim\u0103ria comunei Dob\u00e2rl\u0103u anun\u021b\u0103 deschiderea procedurii de transparen\u021b\u0103 decizionala a procesului de elaborare a proiectului urm\u0103torului act normativ: Proiectul&nbsp; de hot\u0103r\u00e2re privind aprobarea actualiz\u0103rii Regulamentului de organizare \u0219i func\u021bionare pentru Ocolul Silvic Buz\u0103ul Ardelean R.A. Paragraf descriptiv: Regulamentul de organizare \u0219i func\u021bionare al Ocolului Silvic Buz\u0103ul Ardelean R.A., stabile\u0219te cadrul organizatoric, sarcinile, atribu\u021biile&nbsp; [&hellip;]\" \/>\n<meta property=\"og:url\" content=\"https:\/\/covasna45.ro\/index.php\/anunturi\/anunt-primaria-comunei-dobarlau-7\/\" \/>\n<meta property=\"og:site_name\" content=\"Covasna45\" \/>\n<meta property=\"article:published_time\" content=\"2026-03-13T10:29:52+00:00\" \/>\n<meta property=\"article:modified_time\" content=\"2026-03-13T10:31:14+00:00\" \/>\n<meta property=\"og:image\" content=\"https:\/\/covasna45.ro\/wp-content\/uploads\/2026\/03\/Foto-1-anunt.png\" \/>\n\t<meta property=\"og:image:width\" content=\"891\" \/>\n\t<meta property=\"og:image:height\" content=\"668\" \/>\n\t<meta property=\"og:image:type\" content=\"image\/png\" \/>\n<meta name=\"author\" content=\"Covasna45\" \/>\n<meta name=\"twitter:card\" content=\"summary_large_image\" \/>\n<meta name=\"twitter:label1\" content=\"Scris de\" \/>\n\t<meta name=\"twitter:data1\" content=\"Covasna45\" \/>\n\t<meta name=\"twitter:label2\" content=\"Timp estimat pentru citire\" \/>\n\t<meta name=\"twitter:data2\" content=\"3 minute\" \/>\n<script type=\"application\/ld+json\" class=\"yoast-schema-graph\">{\"@context\":\"https:\\\/\\\/schema.org\",\"@graph\":[{\"@type\":\"Article\",\"@id\":\"https:\\\/\\\/covasna45.ro\\\/index.php\\\/anunturi\\\/anunt-primaria-comunei-dobarlau-7\\\/#article\",\"isPartOf\":{\"@id\":\"https:\\\/\\\/covasna45.ro\\\/index.php\\\/anunturi\\\/anunt-primaria-comunei-dobarlau-7\\\/\"},\"author\":{\"name\":\"Covasna45\",\"@id\":\"https:\\\/\\\/covasna45.ro\\\/#\\\/schema\\\/person\\\/e674052bd7d95d70bbb007a1060ab73c\"},\"headline\":\"ANUN\u021a: Prim\u0103ria\u00a0 comunei Dob\u00e2rl\u0103u\",\"datePublished\":\"2026-03-13T10:29:52+00:00\",\"dateModified\":\"2026-03-13T10:31:14+00:00\",\"mainEntityOfPage\":{\"@id\":\"https:\\\/\\\/covasna45.ro\\\/index.php\\\/anunturi\\\/anunt-primaria-comunei-dobarlau-7\\\/\"},\"wordCount\":456,\"commentCount\":0,\"publisher\":{\"@id\":\"https:\\\/\\\/covasna45.ro\\\/#organization\"},\"image\":{\"@id\":\"https:\\\/\\\/covasna45.ro\\\/index.php\\\/anunturi\\\/anunt-primaria-comunei-dobarlau-7\\\/#primaryimage\"},\"thumbnailUrl\":\"https:\\\/\\\/covasna45.ro\\\/wp-content\\\/uploads\\\/2026\\\/03\\\/Foto-1-anunt.png\",\"keywords\":[\"Anun\u021b\",\"Dob\u00e2rl\u0103u\",\"Prim\u0103ria Dob\u00e2rlau\"],\"articleSection\":[\"Anun\u021buri\"],\"inLanguage\":\"ro-RO\",\"potentialAction\":[{\"@type\":\"CommentAction\",\"name\":\"Comment\",\"target\":[\"https:\\\/\\\/covasna45.ro\\\/index.php\\\/anunturi\\\/anunt-primaria-comunei-dobarlau-7\\\/#respond\"]}]},{\"@type\":\"WebPage\",\"@id\":\"https:\\\/\\\/covasna45.ro\\\/index.php\\\/anunturi\\\/anunt-primaria-comunei-dobarlau-7\\\/\",\"url\":\"https:\\\/\\\/covasna45.ro\\\/index.php\\\/anunturi\\\/anunt-primaria-comunei-dobarlau-7\\\/\",\"name\":\"ANUN\u021a: Prim\u0103ria\u00a0 comunei Dob\u00e2rl\u0103u - Covasna45\",\"isPartOf\":{\"@id\":\"https:\\\/\\\/covasna45.ro\\\/#website\"},\"primaryImageOfPage\":{\"@id\":\"https:\\\/\\\/covasna45.ro\\\/index.php\\\/anunturi\\\/anunt-primaria-comunei-dobarlau-7\\\/#primaryimage\"},\"image\":{\"@id\":\"https:\\\/\\\/covasna45.ro\\\/index.php\\\/anunturi\\\/anunt-primaria-comunei-dobarlau-7\\\/#primaryimage\"},\"thumbnailUrl\":\"https:\\\/\\\/covasna45.ro\\\/wp-content\\\/uploads\\\/2026\\\/03\\\/Foto-1-anunt.png\",\"datePublished\":\"2026-03-13T10:29:52+00:00\",\"dateModified\":\"2026-03-13T10:31:14+00:00\",\"breadcrumb\":{\"@id\":\"https:\\\/\\\/covasna45.ro\\\/index.php\\\/anunturi\\\/anunt-primaria-comunei-dobarlau-7\\\/#breadcrumb\"},\"inLanguage\":\"ro-RO\",\"potentialAction\":[{\"@type\":\"ReadAction\",\"target\":[\"https:\\\/\\\/covasna45.ro\\\/index.php\\\/anunturi\\\/anunt-primaria-comunei-dobarlau-7\\\/\"]}]},{\"@type\":\"ImageObject\",\"inLanguage\":\"ro-RO\",\"@id\":\"https:\\\/\\\/covasna45.ro\\\/index.php\\\/anunturi\\\/anunt-primaria-comunei-dobarlau-7\\\/#primaryimage\",\"url\":\"https:\\\/\\\/covasna45.ro\\\/wp-content\\\/uploads\\\/2026\\\/03\\\/Foto-1-anunt.png\",\"contentUrl\":\"https:\\\/\\\/covasna45.ro\\\/wp-content\\\/uploads\\\/2026\\\/03\\\/Foto-1-anunt.png\",\"width\":891,\"height\":668},{\"@type\":\"BreadcrumbList\",\"@id\":\"https:\\\/\\\/covasna45.ro\\\/index.php\\\/anunturi\\\/anunt-primaria-comunei-dobarlau-7\\\/#breadcrumb\",\"itemListElement\":[{\"@type\":\"ListItem\",\"position\":1,\"name\":\"Prima pagin\u0103\",\"item\":\"https:\\\/\\\/covasna45.ro\\\/\"},{\"@type\":\"ListItem\",\"position\":2,\"name\":\"ANUN\u021a: Prim\u0103ria\u00a0 comunei Dob\u00e2rl\u0103u\"}]},{\"@type\":\"WebSite\",\"@id\":\"https:\\\/\\\/covasna45.ro\\\/#website\",\"url\":\"https:\\\/\\\/covasna45.ro\\\/\",\"name\":\"covasna45.ro\",\"description\":\"\",\"publisher\":{\"@id\":\"https:\\\/\\\/covasna45.ro\\\/#organization\"},\"potentialAction\":[{\"@type\":\"SearchAction\",\"target\":{\"@type\":\"EntryPoint\",\"urlTemplate\":\"https:\\\/\\\/covasna45.ro\\\/?s={search_term_string}\"},\"query-input\":{\"@type\":\"PropertyValueSpecification\",\"valueRequired\":true,\"valueName\":\"search_term_string\"}}],\"inLanguage\":\"ro-RO\"},{\"@type\":\"Organization\",\"@id\":\"https:\\\/\\\/covasna45.ro\\\/#organization\",\"name\":\"covasna45.ro\",\"url\":\"https:\\\/\\\/covasna45.ro\\\/\",\"logo\":{\"@type\":\"ImageObject\",\"inLanguage\":\"ro-RO\",\"@id\":\"https:\\\/\\\/covasna45.ro\\\/#\\\/schema\\\/logo\\\/image\\\/\",\"url\":\"https:\\\/\\\/covasna45.ro\\\/wp-content\\\/uploads\\\/2023\\\/01\\\/icon_logo.png\",\"contentUrl\":\"https:\\\/\\\/covasna45.ro\\\/wp-content\\\/uploads\\\/2023\\\/01\\\/icon_logo.png\",\"width\":1900,\"height\":1900,\"caption\":\"covasna45.ro\"},\"image\":{\"@id\":\"https:\\\/\\\/covasna45.ro\\\/#\\\/schema\\\/logo\\\/image\\\/\"}},{\"@type\":\"Person\",\"@id\":\"https:\\\/\\\/covasna45.ro\\\/#\\\/schema\\\/person\\\/e674052bd7d95d70bbb007a1060ab73c\",\"name\":\"Covasna45\",\"image\":{\"@type\":\"ImageObject\",\"inLanguage\":\"ro-RO\",\"@id\":\"https:\\\/\\\/covasna45.ro\\\/wp-content\\\/uploads\\\/2025\\\/10\\\/icon_logo_covasna45-150x150.png\",\"url\":\"https:\\\/\\\/covasna45.ro\\\/wp-content\\\/uploads\\\/2025\\\/10\\\/icon_logo_covasna45-150x150.png\",\"contentUrl\":\"https:\\\/\\\/covasna45.ro\\\/wp-content\\\/uploads\\\/2025\\\/10\\\/icon_logo_covasna45-150x150.png\",\"caption\":\"Covasna45\"},\"sameAs\":[\"https:\\\/\\\/covasna45.ro\"],\"url\":\"https:\\\/\\\/covasna45.ro\\\/index.php\\\/author\\\/covasna\\\/\"}]}<\/script>\n<!-- \/ Yoast SEO plugin. -->","yoast_head_json":{"title":"ANUN\u021a: Prim\u0103ria\u00a0 comunei Dob\u00e2rl\u0103u - Covasna45","robots":{"index":"index","follow":"follow","max-snippet":"max-snippet:-1","max-image-preview":"max-image-preview:large","max-video-preview":"max-video-preview:-1"},"canonical":"https:\/\/covasna45.ro\/index.php\/anunturi\/anunt-primaria-comunei-dobarlau-7\/","og_locale":"ro_RO","og_type":"article","og_title":"ANUN\u021a: Prim\u0103ria\u00a0 comunei Dob\u00e2rl\u0103u - Covasna45","og_description":"Ast\u0103zi, 13.03.2026, Prim\u0103ria comunei Dob\u00e2rl\u0103u anun\u021b\u0103 deschiderea procedurii de transparen\u021b\u0103 decizionala a procesului de elaborare a proiectului urm\u0103torului act normativ: Proiectul&nbsp; de hot\u0103r\u00e2re privind aprobarea actualiz\u0103rii Regulamentului de organizare \u0219i func\u021bionare pentru Ocolul Silvic Buz\u0103ul Ardelean R.A. Paragraf descriptiv: Regulamentul de organizare \u0219i func\u021bionare al Ocolului Silvic Buz\u0103ul Ardelean R.A., stabile\u0219te cadrul organizatoric, sarcinile, atribu\u021biile&nbsp; [&hellip;]","og_url":"https:\/\/covasna45.ro\/index.php\/anunturi\/anunt-primaria-comunei-dobarlau-7\/","og_site_name":"Covasna45","article_published_time":"2026-03-13T10:29:52+00:00","article_modified_time":"2026-03-13T10:31:14+00:00","og_image":[{"width":891,"height":668,"url":"https:\/\/covasna45.ro\/wp-content\/uploads\/2026\/03\/Foto-1-anunt.png","type":"image\/png"}],"author":"Covasna45","twitter_card":"summary_large_image","twitter_misc":{"Scris de":"Covasna45","Timp estimat pentru citire":"3 minute"},"schema":{"@context":"https:\/\/schema.org","@graph":[{"@type":"Article","@id":"https:\/\/covasna45.ro\/index.php\/anunturi\/anunt-primaria-comunei-dobarlau-7\/#article","isPartOf":{"@id":"https:\/\/covasna45.ro\/index.php\/anunturi\/anunt-primaria-comunei-dobarlau-7\/"},"author":{"name":"Covasna45","@id":"https:\/\/covasna45.ro\/#\/schema\/person\/e674052bd7d95d70bbb007a1060ab73c"},"headline":"ANUN\u021a: Prim\u0103ria\u00a0 comunei Dob\u00e2rl\u0103u","datePublished":"2026-03-13T10:29:52+00:00","dateModified":"2026-03-13T10:31:14+00:00","mainEntityOfPage":{"@id":"https:\/\/covasna45.ro\/index.php\/anunturi\/anunt-primaria-comunei-dobarlau-7\/"},"wordCount":456,"commentCount":0,"publisher":{"@id":"https:\/\/covasna45.ro\/#organization"},"image":{"@id":"https:\/\/covasna45.ro\/index.php\/anunturi\/anunt-primaria-comunei-dobarlau-7\/#primaryimage"},"thumbnailUrl":"https:\/\/covasna45.ro\/wp-content\/uploads\/2026\/03\/Foto-1-anunt.png","keywords":["Anun\u021b","Dob\u00e2rl\u0103u","Prim\u0103ria Dob\u00e2rlau"],"articleSection":["Anun\u021buri"],"inLanguage":"ro-RO","potentialAction":[{"@type":"CommentAction","name":"Comment","target":["https:\/\/covasna45.ro\/index.php\/anunturi\/anunt-primaria-comunei-dobarlau-7\/#respond"]}]},{"@type":"WebPage","@id":"https:\/\/covasna45.ro\/index.php\/anunturi\/anunt-primaria-comunei-dobarlau-7\/","url":"https:\/\/covasna45.ro\/index.php\/anunturi\/anunt-primaria-comunei-dobarlau-7\/","name":"ANUN\u021a: Prim\u0103ria\u00a0 comunei Dob\u00e2rl\u0103u - Covasna45","isPartOf":{"@id":"https:\/\/covasna45.ro\/#website"},"primaryImageOfPage":{"@id":"https:\/\/covasna45.ro\/index.php\/anunturi\/anunt-primaria-comunei-dobarlau-7\/#primaryimage"},"image":{"@id":"https:\/\/covasna45.ro\/index.php\/anunturi\/anunt-primaria-comunei-dobarlau-7\/#primaryimage"},"thumbnailUrl":"https:\/\/covasna45.ro\/wp-content\/uploads\/2026\/03\/Foto-1-anunt.png","datePublished":"2026-03-13T10:29:52+00:00","dateModified":"2026-03-13T10:31:14+00:00","breadcrumb":{"@id":"https:\/\/covasna45.ro\/index.php\/anunturi\/anunt-primaria-comunei-dobarlau-7\/#breadcrumb"},"inLanguage":"ro-RO","potentialAction":[{"@type":"ReadAction","target":["https:\/\/covasna45.ro\/index.php\/anunturi\/anunt-primaria-comunei-dobarlau-7\/"]}]},{"@type":"ImageObject","inLanguage":"ro-RO","@id":"https:\/\/covasna45.ro\/index.php\/anunturi\/anunt-primaria-comunei-dobarlau-7\/#primaryimage","url":"https:\/\/covasna45.ro\/wp-content\/uploads\/2026\/03\/Foto-1-anunt.png","contentUrl":"https:\/\/covasna45.ro\/wp-content\/uploads\/2026\/03\/Foto-1-anunt.png","width":891,"height":668},{"@type":"BreadcrumbList","@id":"https:\/\/covasna45.ro\/index.php\/anunturi\/anunt-primaria-comunei-dobarlau-7\/#breadcrumb","itemListElement":[{"@type":"ListItem","position":1,"name":"Prima pagin\u0103","item":"https:\/\/covasna45.ro\/"},{"@type":"ListItem","position":2,"name":"ANUN\u021a: Prim\u0103ria\u00a0 comunei Dob\u00e2rl\u0103u"}]},{"@type":"WebSite","@id":"https:\/\/covasna45.ro\/#website","url":"https:\/\/covasna45.ro\/","name":"covasna45.ro","description":"","publisher":{"@id":"https:\/\/covasna45.ro\/#organization"},"potentialAction":[{"@type":"SearchAction","target":{"@type":"EntryPoint","urlTemplate":"https:\/\/covasna45.ro\/?s={search_term_string}"},"query-input":{"@type":"PropertyValueSpecification","valueRequired":true,"valueName":"search_term_string"}}],"inLanguage":"ro-RO"},{"@type":"Organization","@id":"https:\/\/covasna45.ro\/#organization","name":"covasna45.ro","url":"https:\/\/covasna45.ro\/","logo":{"@type":"ImageObject","inLanguage":"ro-RO","@id":"https:\/\/covasna45.ro\/#\/schema\/logo\/image\/","url":"https:\/\/covasna45.ro\/wp-content\/uploads\/2023\/01\/icon_logo.png","contentUrl":"https:\/\/covasna45.ro\/wp-content\/uploads\/2023\/01\/icon_logo.png","width":1900,"height":1900,"caption":"covasna45.ro"},"image":{"@id":"https:\/\/covasna45.ro\/#\/schema\/logo\/image\/"}},{"@type":"Person","@id":"https:\/\/covasna45.ro\/#\/schema\/person\/e674052bd7d95d70bbb007a1060ab73c","name":"Covasna45","image":{"@type":"ImageObject","inLanguage":"ro-RO","@id":"https:\/\/covasna45.ro\/wp-content\/uploads\/2025\/10\/icon_logo_covasna45-150x150.png","url":"https:\/\/covasna45.ro\/wp-content\/uploads\/2025\/10\/icon_logo_covasna45-150x150.png","contentUrl":"https:\/\/covasna45.ro\/wp-content\/uploads\/2025\/10\/icon_logo_covasna45-150x150.png","caption":"Covasna45"},"sameAs":["https:\/\/covasna45.ro"],"url":"https:\/\/covasna45.ro\/index.php\/author\/covasna\/"}]}},"_links":{"self":[{"href":"https:\/\/covasna45.ro\/index.php\/wp-json\/wp\/v2\/posts\/15452","targetHints":{"allow":["GET"]}}],"collection":[{"href":"https:\/\/covasna45.ro\/index.php\/wp-json\/wp\/v2\/posts"}],"about":[{"href":"https:\/\/covasna45.ro\/index.php\/wp-json\/wp\/v2\/types\/post"}],"author":[{"embeddable":true,"href":"https:\/\/covasna45.ro\/index.php\/wp-json\/wp\/v2\/users\/1"}],"replies":[{"embeddable":true,"href":"https:\/\/covasna45.ro\/index.php\/wp-json\/wp\/v2\/comments?post=15452"}],"version-history":[{"count":1,"href":"https:\/\/covasna45.ro\/index.php\/wp-json\/wp\/v2\/posts\/15452\/revisions"}],"predecessor-version":[{"id":15455,"href":"https:\/\/covasna45.ro\/index.php\/wp-json\/wp\/v2\/posts\/15452\/revisions\/15455"}],"wp:featuredmedia":[{"embeddable":true,"href":"https:\/\/covasna45.ro\/index.php\/wp-json\/wp\/v2\/media\/15454"}],"wp:attachment":[{"href":"https:\/\/covasna45.ro\/index.php\/wp-json\/wp\/v2\/media?parent=15452"}],"wp:term":[{"taxonomy":"category","embeddable":true,"href":"https:\/\/covasna45.ro\/index.php\/wp-json\/wp\/v2\/categories?post=15452"},{"taxonomy":"post_tag","embeddable":true,"href":"https:\/\/covasna45.ro\/index.php\/wp-json\/wp\/v2\/tags?post=15452"}],"curies":[{"name":"wp","href":"https:\/\/api.w.org\/{rel}","templated":true}]}}