{"id":15462,"date":"2026-03-16T09:19:41","date_gmt":"2026-03-16T07:19:41","guid":{"rendered":"https:\/\/covasna45.ro\/?p=15462"},"modified":"2026-03-16T09:19:43","modified_gmt":"2026-03-16T07:19:43","slug":"primarul-din-sfantu-gheorghe-discurs-emotionant-ne-avem-doar-unii-pe-altii","status":"publish","type":"post","link":"https:\/\/covasna45.ro\/index.php\/lumea-noastra\/primarul-din-sfantu-gheorghe-discurs-emotionant-ne-avem-doar-unii-pe-altii\/","title":{"rendered":"Primarul din Sf\u00e2ntu Gheorghe, discurs emo\u021bionant: \u201eNe avem doar unii pe al\u021bii\u201d"},"content":{"rendered":"\n<p>Primarul municipiului Sf\u00e2ntu Gheorghe, <a href=\"https:\/\/covasna45.ro\/index.php\/lumea-noastra\/interviu-cu-antal-arpad-teme-strategia-udmr-hotel-bodoc-coalitia-de-guvernare-reorganizare\/\">Antal \u00c1rp\u00e1d<\/a>, a \u021binut ieri, de 15 Martie, un discurs adresat comunit\u0103\u021bii adunate \u00een centrul ora\u0219ului. El a amintit de momente dificile \u0219i a spus c\u0103 nimic nu vine pur \u0219i simplu, ci pentru fiecare bucurie e nevoie de munc\u0103. A men\u021bionat \u0219i protestele din ora\u0219 \u00eempotriva texelor majorate, dar \u0219i r\u0103zboiul din Ucraina. \u201e<strong><em>Au r\u0103mas pu\u021bine insule unde \u00eenc\u0103 mai exist\u0103 pace \u0219i siguran\u021b\u0103\u201d<\/em><\/strong>, a spus el.<\/p>\n\n\n\n<figure class=\"wp-block-image size-large\"><img loading=\"lazy\" decoding=\"async\" width=\"1024\" height=\"682\" src=\"https:\/\/covasna45.ro\/wp-content\/uploads\/2026\/03\/antal-discurs-1024x682.jpg\" alt=\"\" class=\"wp-image-15464\" srcset=\"https:\/\/covasna45.ro\/wp-content\/uploads\/2026\/03\/antal-discurs-1024x682.jpg 1024w, https:\/\/covasna45.ro\/wp-content\/uploads\/2026\/03\/antal-discurs-300x200.jpg 300w, https:\/\/covasna45.ro\/wp-content\/uploads\/2026\/03\/antal-discurs-768x511.jpg 768w, https:\/\/covasna45.ro\/wp-content\/uploads\/2026\/03\/antal-discurs-1536x1022.jpg 1536w, https:\/\/covasna45.ro\/wp-content\/uploads\/2026\/03\/antal-discurs-150x100.jpg 150w, https:\/\/covasna45.ro\/wp-content\/uploads\/2026\/03\/antal-discurs-696x463.jpg 696w, https:\/\/covasna45.ro\/wp-content\/uploads\/2026\/03\/antal-discurs-1068x711.jpg 1068w, https:\/\/covasna45.ro\/wp-content\/uploads\/2026\/03\/antal-discurs-1920x1278.jpg 1920w, https:\/\/covasna45.ro\/wp-content\/uploads\/2026\/03\/antal-discurs.jpg 2048w\" sizes=\"auto, (max-width: 1024px) 100vw, 1024px\" \/><\/figure>\n\n\n\n<p><strong>Red\u0103m discursul integral:<\/strong><\/p>\n\n\n\n<h2 class=\"wp-block-heading\">Stimat\u0103 comunitate aflat\u0103 la s\u0103rb\u0103toare, dragi locuitori ai municipiului Sf\u00e2ntu Gheorghe!<\/h2>\n\n\n\n<p>Teama este un st\u0103p\u00e2n mare, p\u00e2n\u0103 \u00een clipa \u00een care adun\u0103m destul curaj pentru a o \u00eenvinge.<\/p>\n\n\n\n<p>Fix \u00een urm\u0103 cu zece ani, st\u0103team aici \u00een calitate de primar suspendat.<\/p>\n\n\n\n<p>Au fost unii care m-au sf\u0103tuit atunci s\u0103 nu vorbesc de 15 martie, pentru c\u0103 se temeau pentru mine.<\/p>\n\n\n\n<p>Dar pe team\u0103 nu se poate construi un viitor.<\/p>\n\n\n\n<p>Viitorul se poate construi pe afirma\u021bii, pe iubire \u0219i pe unitate.<\/p>\n\n\n\n<p>Am crezut asta \u0219i atunci, a\u0219a c\u0103 mi-am \u021binut discursul. \u0218i l-am \u021binut \u0219i atunci c\u00e2nd a trebuit s\u0103 stau aici singur, c\u00e2nd am putut s\u0103 v\u0103 vorbesc doar prin mesaje video.<\/p>\n\n\n\n<p>De c\u00e2nd sunt primar, \u00een fiecare zi de 15 martie am stat aici, \u00een fa\u021ba dumneavoastr\u0103.<\/p>\n\n\n\n<p>\u0218i c\u00e2nd am tr\u0103it vremuri bune, \u0219i c\u00e2nd am tr\u0103it vremuri rele.<\/p>\n\n\n\n<p>Fie c\u0103 a plouat, fie c\u0103 a nins.<\/p>\n\n\n\n<p>Eu am fost mereu aici.<\/p>\n\n\n\n<p>\u00cen ultimele s\u0103pt\u0103m\u00e2ni, au existat iar\u0103\u0219i persoane care m-au sf\u0103tuit: mai bine s\u0103 nu vorbesc ast\u0103zi.<\/p>\n\n\n\n<p>Dar iat\u0103-m\u0103 aici, \u0219i nu vreau s\u0103 fiu \u00een niciun alt loc, pentru c\u0103 pentru mine aceasta este cea mai frumoas\u0103 s\u0103rb\u0103toare na\u021bional\u0103.<\/p>\n\n\n\n<figure class=\"wp-block-image size-large\"><img loading=\"lazy\" decoding=\"async\" width=\"1024\" height=\"683\" src=\"https:\/\/covasna45.ro\/wp-content\/uploads\/2026\/03\/15msf-ghe-1024x683.jpg\" alt=\"\" class=\"wp-image-15465\" srcset=\"https:\/\/covasna45.ro\/wp-content\/uploads\/2026\/03\/15msf-ghe-1024x683.jpg 1024w, https:\/\/covasna45.ro\/wp-content\/uploads\/2026\/03\/15msf-ghe-300x200.jpg 300w, https:\/\/covasna45.ro\/wp-content\/uploads\/2026\/03\/15msf-ghe-768x512.jpg 768w, https:\/\/covasna45.ro\/wp-content\/uploads\/2026\/03\/15msf-ghe-1536x1024.jpg 1536w, https:\/\/covasna45.ro\/wp-content\/uploads\/2026\/03\/15msf-ghe-150x100.jpg 150w, https:\/\/covasna45.ro\/wp-content\/uploads\/2026\/03\/15msf-ghe-696x464.jpg 696w, https:\/\/covasna45.ro\/wp-content\/uploads\/2026\/03\/15msf-ghe-1068x712.jpg 1068w, https:\/\/covasna45.ro\/wp-content\/uploads\/2026\/03\/15msf-ghe-1920x1280.jpg 1920w, https:\/\/covasna45.ro\/wp-content\/uploads\/2026\/03\/15msf-ghe.jpg 2048w\" sizes=\"auto, (max-width: 1024px) 100vw, 1024px\" \/><\/figure>\n\n\n\n<p>De 15 martie, nu doar noi ne \u00eembr\u0103c\u0103m de s\u0103rb\u0103toare.<\/p>\n\n\n\n<p>Nu doar ora\u0219ul se acoper\u0103 \u00een ro\u0219u-alb-verde.<\/p>\n\n\n\n<p>Ci \u00eentreaga noastr\u0103 \u00eensufle\u021bire s\u0103rb\u0103tore\u0219te.<\/p>\n\n\n\n<p>Ne amintim de to\u021bi acei eroi curajo\u0219i, loiali na\u021biunii noastre, f\u0103r\u0103 de care ast\u0103zi nu am fi aici.<\/p>\n\n\n\n<p>Nu trebuie s\u0103 uit\u0103m c\u0103 nu a fost mereu a\u0219a.<\/p>\n\n\n\n<p>Nu \u00eentotdeauna limba maghiar\u0103 a fost liber\u0103.<\/p>\n\n\n\n<p>Nu \u00eentotdeauna imnul a fost liber, sau steagul&#8230;<\/p>\n\n\n\n<p>S\u0103 ne amintim c\u0103: a fi maghiar, a fi maghiar liber, este un privilegiu.<\/p>\n\n\n\n<p>\u0218i este, totodat\u0103, o responsabilitate.<\/p>\n\n\n\n<p>De aceea stau \u0219i ast\u0103zi aici.<\/p>\n\n\n\n<figure class=\"wp-block-image size-large\"><img loading=\"lazy\" decoding=\"async\" width=\"1024\" height=\"682\" src=\"https:\/\/covasna45.ro\/wp-content\/uploads\/2026\/03\/aa15m-1024x682.jpg\" alt=\"\" class=\"wp-image-15466\" srcset=\"https:\/\/covasna45.ro\/wp-content\/uploads\/2026\/03\/aa15m-1024x682.jpg 1024w, https:\/\/covasna45.ro\/wp-content\/uploads\/2026\/03\/aa15m-300x200.jpg 300w, https:\/\/covasna45.ro\/wp-content\/uploads\/2026\/03\/aa15m-768x511.jpg 768w, https:\/\/covasna45.ro\/wp-content\/uploads\/2026\/03\/aa15m-1536x1022.jpg 1536w, https:\/\/covasna45.ro\/wp-content\/uploads\/2026\/03\/aa15m-150x100.jpg 150w, https:\/\/covasna45.ro\/wp-content\/uploads\/2026\/03\/aa15m-696x463.jpg 696w, https:\/\/covasna45.ro\/wp-content\/uploads\/2026\/03\/aa15m-1068x711.jpg 1068w, https:\/\/covasna45.ro\/wp-content\/uploads\/2026\/03\/aa15m-1920x1278.jpg 1920w, https:\/\/covasna45.ro\/wp-content\/uploads\/2026\/03\/aa15m.jpg 2048w\" sizes=\"auto, (max-width: 1024px) 100vw, 1024px\" \/><\/figure>\n\n\n\n<p>V\u0103d \u0219i simt \u0219i eu: tr\u0103im vremuri tulburi, agitate.<\/p>\n\n\n\n<p>Sunt m\u00e2ndru c\u0103 \u0219i acum, ca \u00eentotdeauna, \u00een ora\u0219ul nostru oamenii au o opinie.<\/p>\n\n\n\n<p>\u0218i nu o ascund. \u0218i a\u0219a este bine. Nu este u\u0219or, dar este bine s\u0103 fii primar, lider al comunit\u0103\u021bii \u00eentr-un ora\u0219 \u00een care cei care tr\u0103iesc aici nu se tem s\u0103 semnaleze dac\u0103 nu sunt de acord cu ceva.<\/p>\n\n\n\n<p>A\u0219a este c\u00e2nd suntem \u00eempreun\u0103 la bine \u0219i la r\u0103u: \u0219i atunci c\u00e2nd sunt mai multe provoc\u0103ri dec\u00e2t solu\u021bii, c\u00e2nd sunt mai multe poveri dec\u00e2t speran\u021be.<\/p>\n\n\n\n<p>Stimate doamne \u0219i stima\u021bi domni!<\/p>\n\n\n\n<p>Ne cunoa\u0219tem. Am tr\u0103it \u00eempreun\u0103 multe lupte \u00een ultimii 18 ani.<\/p>\n\n\n\n<p>Am avut timp \u0219i ocazii s\u0103 \u00eenv\u0103\u021b\u0103m un lucru important: c\u0103 ne avem doar unii pe al\u021bii.<\/p>\n\n\n\n<p>\u0218i c\u0103 nu ne putem baza pe nimeni altcineva pe lumea asta.<\/p>\n\n\n\n<p>\u00cen comunitatea noastr\u0103, nimeni nu este de \u00eenlocuit. Nimeni nu se poate desprinde.<\/p>\n\n\n\n<p>\u0218i nimeni nu poate tr\u0103i av\u00e2nd furie \u00een suflet.<\/p>\n\n\n\n<p>Pentru c\u0103 du\u0219manii no\u0219tri a\u0219teapt\u0103 momentul \u00een care ne vom \u00eentoarce unii \u00eempotriva celorlal\u021bi. Momentul \u00een care uit\u0103m c\u0103, de\u0219i nu suntem la fel, apar\u021binem unii altora.<\/p>\n\n\n\n<figure class=\"wp-block-image size-large\"><img loading=\"lazy\" decoding=\"async\" width=\"1024\" height=\"683\" src=\"https:\/\/covasna45.ro\/wp-content\/uploads\/2026\/03\/15-m-zoltan-1024x683.jpg\" alt=\"\" class=\"wp-image-15467\" srcset=\"https:\/\/covasna45.ro\/wp-content\/uploads\/2026\/03\/15-m-zoltan-1024x683.jpg 1024w, https:\/\/covasna45.ro\/wp-content\/uploads\/2026\/03\/15-m-zoltan-300x200.jpg 300w, https:\/\/covasna45.ro\/wp-content\/uploads\/2026\/03\/15-m-zoltan-768x512.jpg 768w, https:\/\/covasna45.ro\/wp-content\/uploads\/2026\/03\/15-m-zoltan-1536x1024.jpg 1536w, https:\/\/covasna45.ro\/wp-content\/uploads\/2026\/03\/15-m-zoltan-150x100.jpg 150w, https:\/\/covasna45.ro\/wp-content\/uploads\/2026\/03\/15-m-zoltan-696x464.jpg 696w, https:\/\/covasna45.ro\/wp-content\/uploads\/2026\/03\/15-m-zoltan-1068x712.jpg 1068w, https:\/\/covasna45.ro\/wp-content\/uploads\/2026\/03\/15-m-zoltan-1920x1280.jpg 1920w, https:\/\/covasna45.ro\/wp-content\/uploads\/2026\/03\/15-m-zoltan.jpg 2048w\" sizes=\"auto, (max-width: 1024px) 100vw, 1024px\" \/><\/figure>\n\n\n\n<p>Stimate doamne \u0219i stima\u021bi domni!<\/p>\n\n\n\n<p>Orice experien\u021b\u0103 valoreaz\u0103 doar at\u00e2t c\u00e2t \u00eenv\u0103\u021b\u0103m din ea \u2013 vremurile grele sunt bune pentru a afla \u00een cine ne putem \u00eencrede, cine merge cu noi p\u00e2n\u0103 la cap\u0103t, pe cine ne putem baza chiar \u0219i \u00een v\u00e2nt n\u0103praznic.<\/p>\n\n\n\n<p>C\u00e2nd, \u00een 1848, secuii au vrut s\u0103 se \u00eenarmeze, dar nu aveau artilerie, G\u00e1bor \u00c1ron a ie\u0219it \u00een fa\u021b\u0103.<\/p>\n\n\n\n<p>\u0218i to\u021bi cei din Trei Scaune i-au stat al\u0103turi: pe l\u00e2ng\u0103 \u00eencredere, i-au dat tot ce era nevoie pentru turnarea tunurilor \u2013 astfel au reu\u0219it, doar \u00eempreun\u0103 au reu\u0219it s\u0103 se apere \u00eempotriva for\u021belor imperiale.<\/p>\n\n\n\n<p>Vremurile grele i-au sudat pe oameni.<\/p>\n\n\n\n<p>\u0218i nu s-au \u00eentors unii \u00eempotriva celorlal\u021bi, ci unii c\u0103tre ceilal\u021bi.<\/p>\n\n\n\n<p>Nici ast\u0103zi nu tr\u0103im vremuri \u00een care s\u0103 ne permitem dezbinarea, vrajba intern\u0103, ca maghiarul s\u0103 se \u00eentoarc\u0103 \u00eempotriva maghiarului.<\/p>\n\n\n\n<p>Pe ur\u0103 \u0219i pe furie nu se poate construi un viitor.<\/p>\n\n\n\n<p>Din ur\u0103 se poate doar distruge, iar acum patimile clocotesc \u00een jurul nostru.<\/p>\n\n\n\n<p>R\u0103zboiul care face ravagii \u00een Ucraina de deja patru ani se aude tot mai tare \u0219i \u00een Secuime.<\/p>\n\n\n\n<p>De patru ani sufer\u0103 oamenii din vecin\u0103tatea noastr\u0103.<\/p>\n\n\n\n<p>Familiile maghiare din Transcarpatia fug, b\u0103rba\u021bii sunt \u00eenrola\u021bi, femeile \u0219i copiii r\u0103t\u0103cesc prin lume c\u0103ut\u00e2nd protec\u021bie \u0219i siguran\u021b\u0103. \u00cen acest r\u0103zboi, toat\u0103 lumea pierde. Ca \u0219i cum asta nu ar fi fost de ajuns, focul s-a aprins din nou \u0219i \u00een Orientul Mijlociu, atacuri aeriene \u0219i cu rachete pun \u00een pericol vie\u021bile oamenilor \u2013 haosul tot mai mare ne afecteaz\u0103 \u0219i pe noi: \u00eel sim\u021bim pe propria piele.<\/p>\n\n\n\n<figure class=\"wp-block-image size-large\"><img loading=\"lazy\" decoding=\"async\" width=\"1024\" height=\"682\" src=\"https:\/\/covasna45.ro\/wp-content\/uploads\/2026\/03\/sf15-m-1024x682.jpg\" alt=\"\" class=\"wp-image-15468\" srcset=\"https:\/\/covasna45.ro\/wp-content\/uploads\/2026\/03\/sf15-m-1024x682.jpg 1024w, https:\/\/covasna45.ro\/wp-content\/uploads\/2026\/03\/sf15-m-300x200.jpg 300w, https:\/\/covasna45.ro\/wp-content\/uploads\/2026\/03\/sf15-m-768x511.jpg 768w, https:\/\/covasna45.ro\/wp-content\/uploads\/2026\/03\/sf15-m-1536x1022.jpg 1536w, https:\/\/covasna45.ro\/wp-content\/uploads\/2026\/03\/sf15-m-150x100.jpg 150w, https:\/\/covasna45.ro\/wp-content\/uploads\/2026\/03\/sf15-m-696x463.jpg 696w, https:\/\/covasna45.ro\/wp-content\/uploads\/2026\/03\/sf15-m-1068x711.jpg 1068w, https:\/\/covasna45.ro\/wp-content\/uploads\/2026\/03\/sf15-m-1920x1278.jpg 1920w, https:\/\/covasna45.ro\/wp-content\/uploads\/2026\/03\/sf15-m.jpg 2048w\" sizes=\"auto, (max-width: 1024px) 100vw, 1024px\" \/><\/figure>\n\n\n\n<p>Lumea clocote\u0219te \u00een jurul nostru \u0219i toat\u0103 lumea caut\u0103 stabilitate, puncte de sprijin sigure.<\/p>\n\n\n\n<p>Au r\u0103mas pu\u021bine astfel de insule unde \u00eenc\u0103 mai exist\u0103 pace \u0219i siguran\u021b\u0103.<\/p>\n\n\n\n<p>\u0218i pentru noi nu este deloc indiferent dac\u0103 suntem capabili s\u0103 ne protej\u0103m ora\u0219ul, \u021bes\u0103tura puternic\u0103 a comunit\u0103\u021bii noastre, dac\u0103 reu\u0219im s\u0103 p\u0103str\u0103m pacea acas\u0103, \u00een Transilvania \u0219i \u00een Bazinul Carpatic.<\/p>\n\n\n\n<p>Au existat voci sceptice \u0219i \u00een 1848, dar \u00een final toat\u0103 lumea i-a stat al\u0103turi lui G\u00e1bor \u00c1ron, pentru c\u0103 au \u00een\u021beles circumstan\u021bele, au evaluat pericolul: s-au str\u0103duit cu toat\u0103 for\u021ba lor s\u0103 ne apere p\u0103m\u00e2ntul natal.<\/p>\n\n\n\n<p>Stimat\u0103 comunitate aflat\u0103 \u00een s\u0103rb\u0103toare!<\/p>\n\n\n\n<p>Noi nu suntem un popor de sute de milioane.<\/p>\n\n\n\n<p>Nu am fost niciodat\u0103.<\/p>\n\n\n\n<p>Dar credin\u021ba noastr\u0103 este puternic\u0103.<\/p>\n\n\n\n<p>Inima noastr\u0103 este la locul ei.<\/p>\n\n\n\n<p>\u0218i, dac\u0103 trebuie, rezist\u0103m cu bra\u021bele \u0219i cu umerii.<\/p>\n\n\n\n<p>\u00cempreun\u0103 suntem o for\u021b\u0103.<\/p>\n\n\n\n<p>Ast\u0103zi, \u0219i \u00een fiecare zi, trebuie s\u0103 ne amintim: nimic nu vine de la sine. Pentru ca ceva s\u0103 fie, s\u0103 d\u0103inuie, s\u0103 se dezvolte \u0219i s\u0103 aduc\u0103 bucurie, pentru acel lucru trebuie muncit \u0219i, de multe ori, luptat.<\/p>\n\n\n\n<p>Faptul c\u0103 ast\u0103zi \u2013 \u00eempreun\u0103 \u2013 st\u0103m aici \u00een pia\u021ba central\u0103, nu este de la sine \u00een\u021beles.<\/p>\n\n\n\n<p>Faptul c\u0103 steagul flutur\u0103 \u0219i limba este maghiar\u0103, nu este de la sine \u00een\u021beles.<\/p>\n\n\n\n<p>Acesta este rezultatul muncii noastre comune, aceasta este responsabilitatea noastr\u0103 \u0219i aceasta este sarcina noastr\u0103 de zi cu zi.<\/p>\n\n\n\n<p>Sarcina noastr\u0103 este s\u0103 p\u0103str\u0103m aceast\u0103 comunitate.<\/p>\n\n\n\n<p>Pace! For\u021b\u0103! Viitor!<\/p>\n\n\n\n<p>S\u0103 p\u0103str\u0103m pacea ora\u0219ului Sf\u00e2ntu Gheorghe.<\/p>\n\n\n\n<p>S\u0103 p\u0103str\u0103m for\u021ba comunit\u0103\u021bii maghiare din Secuime.<\/p>\n\n\n\n<p>S\u0103 p\u0103str\u0103m credin\u021ba c\u0103 pe acest p\u0103m\u00e2nt avem un viitor.<\/p>\n\n\n\n<p>Pentru c\u0103, din exterior, suntem foarte greu de \u00eenvins.<\/p>\n\n\n\n<p>Dar dac\u0103 ne \u00eentoarcem unii \u00eempotriva celorlal\u021bi, ne sl\u0103bim singuri.<\/p>\n\n\n\n<figure class=\"wp-block-image size-large\"><img loading=\"lazy\" decoding=\"async\" width=\"1024\" height=\"682\" src=\"https:\/\/covasna45.ro\/wp-content\/uploads\/2026\/03\/sf15-1024x682.jpg\" alt=\"\" class=\"wp-image-15470\" srcset=\"https:\/\/covasna45.ro\/wp-content\/uploads\/2026\/03\/sf15-1024x682.jpg 1024w, https:\/\/covasna45.ro\/wp-content\/uploads\/2026\/03\/sf15-300x200.jpg 300w, https:\/\/covasna45.ro\/wp-content\/uploads\/2026\/03\/sf15-768x511.jpg 768w, https:\/\/covasna45.ro\/wp-content\/uploads\/2026\/03\/sf15-1536x1022.jpg 1536w, https:\/\/covasna45.ro\/wp-content\/uploads\/2026\/03\/sf15-150x100.jpg 150w, https:\/\/covasna45.ro\/wp-content\/uploads\/2026\/03\/sf15-696x463.jpg 696w, https:\/\/covasna45.ro\/wp-content\/uploads\/2026\/03\/sf15-1068x711.jpg 1068w, https:\/\/covasna45.ro\/wp-content\/uploads\/2026\/03\/sf15-1920x1278.jpg 1920w, https:\/\/covasna45.ro\/wp-content\/uploads\/2026\/03\/sf15.jpg 2048w\" sizes=\"auto, (max-width: 1024px) 100vw, 1024px\" \/><\/figure>\n\n\n\n<p>De aceea, ast\u0103zi, la aceast\u0103 s\u0103rb\u0103toare, v\u0103 rog: s\u0103 c\u0103ut\u0103m unii \u00een al\u021bii for\u021ba. S\u0103 nu ne uit\u0103m la ceea ce ne desparte. Ci la ceea ce ne une\u0219te.<\/p>\n\n\n\n<p>S\u0103 ne st\u0103m al\u0103turi unii altora c\u00e2nd este greu.<\/p>\n\n\n\n<p>Dac\u0103 facem acest lucru, dac\u0103 ne asum\u0103m aceast\u0103 responsabilitate, atunci copiii \u0219i nepo\u021bii no\u0219tri vor putea sta \u0219i ei aici, \u00een aceast\u0103 pia\u021b\u0103.<\/p>\n\n\n\n<p>Liberi.<\/p>\n\n\n\n<p>Ca maghiari.<\/p>\n\n\n\n<p>Cu fruntea sus.<\/p>\n\n\n\n<p>Dumnezeu s\u0103 binecuv\u00e2nteze \u0219i s\u0103 ocroteasc\u0103 na\u021biunea \u0219i ora\u0219ul nostru!<\/p>\n\n\n\n<p>Tr\u0103iasc\u0103 libertatea maghiar\u0103!<\/p>\n\n\n\n<p>Tr\u0103iasc\u0103 patria!\u201d<\/p>\n\n\n\n<p><em><strong>Foto: Codra Botond, S\u00e1nta Istv\u00e1n Zsolt, Vargyasi Levente<\/strong><\/em><\/p>\n","protected":false},"excerpt":{"rendered":"<p>Primarul municipiului Sf\u00e2ntu Gheorghe, Antal \u00c1rp\u00e1d, a \u021binut ieri, de 15 Martie, un discurs adresat comunit\u0103\u021bii adunate \u00een centrul ora\u0219ului. El a amintit de momente dificile \u0219i a spus c\u0103 nimic nu vine pur \u0219i simplu, ci pentru fiecare bucurie e nevoie de munc\u0103. A men\u021bionat \u0219i protestele din ora\u0219 \u00eempotriva texelor majorate, dar \u0219i [&hellip;]<\/p>\n","protected":false},"author":1,"featured_media":15463,"comment_status":"open","ping_status":"closed","sticky":false,"template":"","format":"standard","meta":{"tdm_status":"","tdm_grid_status":"","footnotes":""},"categories":[14],"tags":[182,601,2124],"class_list":{"0":"post-15462","1":"post","2":"type-post","3":"status-publish","4":"format-standard","5":"has-post-thumbnail","7":"category-lumea-noastra","8":"tag-15-martie","9":"tag-antal-arpad","10":"tag-sfantu-gheorghe-2"},"yoast_head":"<!-- This site is optimized with the Yoast SEO plugin v27.5 - https:\/\/yoast.com\/product\/yoast-seo-wordpress\/ -->\n<title>Primarul din Sf\u00e2ntu Gheorghe, discurs emo\u021bionant: \u201eNe avem doar unii pe al\u021bii\u201d - Covasna45<\/title>\n<meta name=\"description\" content=\"Primarul municipiului Sf\u00e2ntu Gheorghe, Antal \u00c1rp\u00e1d, a \u021binut ieri, de 15 Martie, un discurs adresat comunit\u0103\u021bii.\" \/>\n<meta name=\"robots\" content=\"index, follow, max-snippet:-1, max-image-preview:large, max-video-preview:-1\" \/>\n<link rel=\"canonical\" href=\"https:\/\/covasna45.ro\/index.php\/lumea-noastra\/primarul-din-sfantu-gheorghe-discurs-emotionant-ne-avem-doar-unii-pe-altii\/\" \/>\n<meta property=\"og:locale\" content=\"ro_RO\" \/>\n<meta property=\"og:type\" content=\"article\" \/>\n<meta property=\"og:title\" content=\"Primarul din Sf\u00e2ntu Gheorghe, discurs emo\u021bionant: \u201eNe avem doar unii pe al\u021bii\u201d - Covasna45\" \/>\n<meta property=\"og:description\" content=\"Primarul municipiului Sf\u00e2ntu Gheorghe, Antal \u00c1rp\u00e1d, a \u021binut ieri, de 15 Martie, un discurs adresat comunit\u0103\u021bii.\" \/>\n<meta property=\"og:url\" content=\"https:\/\/covasna45.ro\/index.php\/lumea-noastra\/primarul-din-sfantu-gheorghe-discurs-emotionant-ne-avem-doar-unii-pe-altii\/\" \/>\n<meta property=\"og:site_name\" content=\"Covasna45\" \/>\n<meta property=\"article:published_time\" content=\"2026-03-16T07:19:41+00:00\" \/>\n<meta property=\"article:modified_time\" content=\"2026-03-16T07:19:43+00:00\" \/>\n<meta property=\"og:image\" content=\"https:\/\/covasna45.ro\/wp-content\/uploads\/2026\/03\/antal-discurs-15-m.jpg\" \/>\n\t<meta property=\"og:image:width\" content=\"2048\" \/>\n\t<meta property=\"og:image:height\" content=\"1365\" \/>\n\t<meta property=\"og:image:type\" content=\"image\/jpeg\" \/>\n<meta name=\"author\" content=\"Covasna45\" \/>\n<meta name=\"twitter:card\" content=\"summary_large_image\" \/>\n<meta name=\"twitter:label1\" content=\"Scris de\" \/>\n\t<meta name=\"twitter:data1\" content=\"Covasna45\" \/>\n\t<meta name=\"twitter:label2\" content=\"Timp estimat pentru citire\" \/>\n\t<meta name=\"twitter:data2\" content=\"8 minute\" \/>\n<script type=\"application\/ld+json\" class=\"yoast-schema-graph\">{\"@context\":\"https:\\\/\\\/schema.org\",\"@graph\":[{\"@type\":\"Article\",\"@id\":\"https:\\\/\\\/covasna45.ro\\\/index.php\\\/lumea-noastra\\\/primarul-din-sfantu-gheorghe-discurs-emotionant-ne-avem-doar-unii-pe-altii\\\/#article\",\"isPartOf\":{\"@id\":\"https:\\\/\\\/covasna45.ro\\\/index.php\\\/lumea-noastra\\\/primarul-din-sfantu-gheorghe-discurs-emotionant-ne-avem-doar-unii-pe-altii\\\/\"},\"author\":{\"name\":\"Covasna45\",\"@id\":\"https:\\\/\\\/covasna45.ro\\\/#\\\/schema\\\/person\\\/e674052bd7d95d70bbb007a1060ab73c\"},\"headline\":\"Primarul din Sf\u00e2ntu Gheorghe, discurs emo\u021bionant: \u201eNe avem doar unii pe al\u021bii\u201d\",\"datePublished\":\"2026-03-16T07:19:41+00:00\",\"dateModified\":\"2026-03-16T07:19:43+00:00\",\"mainEntityOfPage\":{\"@id\":\"https:\\\/\\\/covasna45.ro\\\/index.php\\\/lumea-noastra\\\/primarul-din-sfantu-gheorghe-discurs-emotionant-ne-avem-doar-unii-pe-altii\\\/\"},\"wordCount\":1356,\"commentCount\":0,\"publisher\":{\"@id\":\"https:\\\/\\\/covasna45.ro\\\/#organization\"},\"image\":{\"@id\":\"https:\\\/\\\/covasna45.ro\\\/index.php\\\/lumea-noastra\\\/primarul-din-sfantu-gheorghe-discurs-emotionant-ne-avem-doar-unii-pe-altii\\\/#primaryimage\"},\"thumbnailUrl\":\"https:\\\/\\\/covasna45.ro\\\/wp-content\\\/uploads\\\/2026\\\/03\\\/antal-discurs-15-m.jpg\",\"keywords\":[\"15 martie\",\"Antal Arpad\",\"Sfantu Gheorghe\"],\"articleSection\":[\"Lumea noastr\u0103\"],\"inLanguage\":\"ro-RO\",\"potentialAction\":[{\"@type\":\"CommentAction\",\"name\":\"Comment\",\"target\":[\"https:\\\/\\\/covasna45.ro\\\/index.php\\\/lumea-noastra\\\/primarul-din-sfantu-gheorghe-discurs-emotionant-ne-avem-doar-unii-pe-altii\\\/#respond\"]}]},{\"@type\":\"WebPage\",\"@id\":\"https:\\\/\\\/covasna45.ro\\\/index.php\\\/lumea-noastra\\\/primarul-din-sfantu-gheorghe-discurs-emotionant-ne-avem-doar-unii-pe-altii\\\/\",\"url\":\"https:\\\/\\\/covasna45.ro\\\/index.php\\\/lumea-noastra\\\/primarul-din-sfantu-gheorghe-discurs-emotionant-ne-avem-doar-unii-pe-altii\\\/\",\"name\":\"Primarul din Sf\u00e2ntu Gheorghe, discurs emo\u021bionant: \u201eNe avem doar unii pe al\u021bii\u201d - Covasna45\",\"isPartOf\":{\"@id\":\"https:\\\/\\\/covasna45.ro\\\/#website\"},\"primaryImageOfPage\":{\"@id\":\"https:\\\/\\\/covasna45.ro\\\/index.php\\\/lumea-noastra\\\/primarul-din-sfantu-gheorghe-discurs-emotionant-ne-avem-doar-unii-pe-altii\\\/#primaryimage\"},\"image\":{\"@id\":\"https:\\\/\\\/covasna45.ro\\\/index.php\\\/lumea-noastra\\\/primarul-din-sfantu-gheorghe-discurs-emotionant-ne-avem-doar-unii-pe-altii\\\/#primaryimage\"},\"thumbnailUrl\":\"https:\\\/\\\/covasna45.ro\\\/wp-content\\\/uploads\\\/2026\\\/03\\\/antal-discurs-15-m.jpg\",\"datePublished\":\"2026-03-16T07:19:41+00:00\",\"dateModified\":\"2026-03-16T07:19:43+00:00\",\"description\":\"Primarul municipiului Sf\u00e2ntu Gheorghe, Antal \u00c1rp\u00e1d, a \u021binut ieri, de 15 Martie, un discurs adresat comunit\u0103\u021bii.\",\"breadcrumb\":{\"@id\":\"https:\\\/\\\/covasna45.ro\\\/index.php\\\/lumea-noastra\\\/primarul-din-sfantu-gheorghe-discurs-emotionant-ne-avem-doar-unii-pe-altii\\\/#breadcrumb\"},\"inLanguage\":\"ro-RO\",\"potentialAction\":[{\"@type\":\"ReadAction\",\"target\":[\"https:\\\/\\\/covasna45.ro\\\/index.php\\\/lumea-noastra\\\/primarul-din-sfantu-gheorghe-discurs-emotionant-ne-avem-doar-unii-pe-altii\\\/\"]}]},{\"@type\":\"ImageObject\",\"inLanguage\":\"ro-RO\",\"@id\":\"https:\\\/\\\/covasna45.ro\\\/index.php\\\/lumea-noastra\\\/primarul-din-sfantu-gheorghe-discurs-emotionant-ne-avem-doar-unii-pe-altii\\\/#primaryimage\",\"url\":\"https:\\\/\\\/covasna45.ro\\\/wp-content\\\/uploads\\\/2026\\\/03\\\/antal-discurs-15-m.jpg\",\"contentUrl\":\"https:\\\/\\\/covasna45.ro\\\/wp-content\\\/uploads\\\/2026\\\/03\\\/antal-discurs-15-m.jpg\",\"width\":2048,\"height\":1365},{\"@type\":\"BreadcrumbList\",\"@id\":\"https:\\\/\\\/covasna45.ro\\\/index.php\\\/lumea-noastra\\\/primarul-din-sfantu-gheorghe-discurs-emotionant-ne-avem-doar-unii-pe-altii\\\/#breadcrumb\",\"itemListElement\":[{\"@type\":\"ListItem\",\"position\":1,\"name\":\"Prima pagin\u0103\",\"item\":\"https:\\\/\\\/covasna45.ro\\\/\"},{\"@type\":\"ListItem\",\"position\":2,\"name\":\"Primarul din Sf\u00e2ntu Gheorghe, discurs emo\u021bionant: \u201eNe avem doar unii pe al\u021bii\u201d\"}]},{\"@type\":\"WebSite\",\"@id\":\"https:\\\/\\\/covasna45.ro\\\/#website\",\"url\":\"https:\\\/\\\/covasna45.ro\\\/\",\"name\":\"covasna45.ro\",\"description\":\"\",\"publisher\":{\"@id\":\"https:\\\/\\\/covasna45.ro\\\/#organization\"},\"potentialAction\":[{\"@type\":\"SearchAction\",\"target\":{\"@type\":\"EntryPoint\",\"urlTemplate\":\"https:\\\/\\\/covasna45.ro\\\/?s={search_term_string}\"},\"query-input\":{\"@type\":\"PropertyValueSpecification\",\"valueRequired\":true,\"valueName\":\"search_term_string\"}}],\"inLanguage\":\"ro-RO\"},{\"@type\":\"Organization\",\"@id\":\"https:\\\/\\\/covasna45.ro\\\/#organization\",\"name\":\"covasna45.ro\",\"url\":\"https:\\\/\\\/covasna45.ro\\\/\",\"logo\":{\"@type\":\"ImageObject\",\"inLanguage\":\"ro-RO\",\"@id\":\"https:\\\/\\\/covasna45.ro\\\/#\\\/schema\\\/logo\\\/image\\\/\",\"url\":\"https:\\\/\\\/covasna45.ro\\\/wp-content\\\/uploads\\\/2023\\\/01\\\/icon_logo.png\",\"contentUrl\":\"https:\\\/\\\/covasna45.ro\\\/wp-content\\\/uploads\\\/2023\\\/01\\\/icon_logo.png\",\"width\":1900,\"height\":1900,\"caption\":\"covasna45.ro\"},\"image\":{\"@id\":\"https:\\\/\\\/covasna45.ro\\\/#\\\/schema\\\/logo\\\/image\\\/\"}},{\"@type\":\"Person\",\"@id\":\"https:\\\/\\\/covasna45.ro\\\/#\\\/schema\\\/person\\\/e674052bd7d95d70bbb007a1060ab73c\",\"name\":\"Covasna45\",\"image\":{\"@type\":\"ImageObject\",\"inLanguage\":\"ro-RO\",\"@id\":\"https:\\\/\\\/covasna45.ro\\\/wp-content\\\/uploads\\\/2025\\\/10\\\/icon_logo_covasna45-150x150.png\",\"url\":\"https:\\\/\\\/covasna45.ro\\\/wp-content\\\/uploads\\\/2025\\\/10\\\/icon_logo_covasna45-150x150.png\",\"contentUrl\":\"https:\\\/\\\/covasna45.ro\\\/wp-content\\\/uploads\\\/2025\\\/10\\\/icon_logo_covasna45-150x150.png\",\"caption\":\"Covasna45\"},\"sameAs\":[\"https:\\\/\\\/covasna45.ro\"],\"url\":\"https:\\\/\\\/covasna45.ro\\\/index.php\\\/author\\\/covasna\\\/\"}]}<\/script>\n<!-- \/ Yoast SEO plugin. -->","yoast_head_json":{"title":"Primarul din Sf\u00e2ntu Gheorghe, discurs emo\u021bionant: \u201eNe avem doar unii pe al\u021bii\u201d - Covasna45","description":"Primarul municipiului Sf\u00e2ntu Gheorghe, Antal \u00c1rp\u00e1d, a \u021binut ieri, de 15 Martie, un discurs adresat comunit\u0103\u021bii.","robots":{"index":"index","follow":"follow","max-snippet":"max-snippet:-1","max-image-preview":"max-image-preview:large","max-video-preview":"max-video-preview:-1"},"canonical":"https:\/\/covasna45.ro\/index.php\/lumea-noastra\/primarul-din-sfantu-gheorghe-discurs-emotionant-ne-avem-doar-unii-pe-altii\/","og_locale":"ro_RO","og_type":"article","og_title":"Primarul din Sf\u00e2ntu Gheorghe, discurs emo\u021bionant: \u201eNe avem doar unii pe al\u021bii\u201d - Covasna45","og_description":"Primarul municipiului Sf\u00e2ntu Gheorghe, Antal \u00c1rp\u00e1d, a \u021binut ieri, de 15 Martie, un discurs adresat comunit\u0103\u021bii.","og_url":"https:\/\/covasna45.ro\/index.php\/lumea-noastra\/primarul-din-sfantu-gheorghe-discurs-emotionant-ne-avem-doar-unii-pe-altii\/","og_site_name":"Covasna45","article_published_time":"2026-03-16T07:19:41+00:00","article_modified_time":"2026-03-16T07:19:43+00:00","og_image":[{"width":2048,"height":1365,"url":"https:\/\/covasna45.ro\/wp-content\/uploads\/2026\/03\/antal-discurs-15-m.jpg","type":"image\/jpeg"}],"author":"Covasna45","twitter_card":"summary_large_image","twitter_misc":{"Scris de":"Covasna45","Timp estimat pentru citire":"8 minute"},"schema":{"@context":"https:\/\/schema.org","@graph":[{"@type":"Article","@id":"https:\/\/covasna45.ro\/index.php\/lumea-noastra\/primarul-din-sfantu-gheorghe-discurs-emotionant-ne-avem-doar-unii-pe-altii\/#article","isPartOf":{"@id":"https:\/\/covasna45.ro\/index.php\/lumea-noastra\/primarul-din-sfantu-gheorghe-discurs-emotionant-ne-avem-doar-unii-pe-altii\/"},"author":{"name":"Covasna45","@id":"https:\/\/covasna45.ro\/#\/schema\/person\/e674052bd7d95d70bbb007a1060ab73c"},"headline":"Primarul din Sf\u00e2ntu Gheorghe, discurs emo\u021bionant: \u201eNe avem doar unii pe al\u021bii\u201d","datePublished":"2026-03-16T07:19:41+00:00","dateModified":"2026-03-16T07:19:43+00:00","mainEntityOfPage":{"@id":"https:\/\/covasna45.ro\/index.php\/lumea-noastra\/primarul-din-sfantu-gheorghe-discurs-emotionant-ne-avem-doar-unii-pe-altii\/"},"wordCount":1356,"commentCount":0,"publisher":{"@id":"https:\/\/covasna45.ro\/#organization"},"image":{"@id":"https:\/\/covasna45.ro\/index.php\/lumea-noastra\/primarul-din-sfantu-gheorghe-discurs-emotionant-ne-avem-doar-unii-pe-altii\/#primaryimage"},"thumbnailUrl":"https:\/\/covasna45.ro\/wp-content\/uploads\/2026\/03\/antal-discurs-15-m.jpg","keywords":["15 martie","Antal Arpad","Sfantu Gheorghe"],"articleSection":["Lumea noastr\u0103"],"inLanguage":"ro-RO","potentialAction":[{"@type":"CommentAction","name":"Comment","target":["https:\/\/covasna45.ro\/index.php\/lumea-noastra\/primarul-din-sfantu-gheorghe-discurs-emotionant-ne-avem-doar-unii-pe-altii\/#respond"]}]},{"@type":"WebPage","@id":"https:\/\/covasna45.ro\/index.php\/lumea-noastra\/primarul-din-sfantu-gheorghe-discurs-emotionant-ne-avem-doar-unii-pe-altii\/","url":"https:\/\/covasna45.ro\/index.php\/lumea-noastra\/primarul-din-sfantu-gheorghe-discurs-emotionant-ne-avem-doar-unii-pe-altii\/","name":"Primarul din Sf\u00e2ntu Gheorghe, discurs emo\u021bionant: \u201eNe avem doar unii pe al\u021bii\u201d - Covasna45","isPartOf":{"@id":"https:\/\/covasna45.ro\/#website"},"primaryImageOfPage":{"@id":"https:\/\/covasna45.ro\/index.php\/lumea-noastra\/primarul-din-sfantu-gheorghe-discurs-emotionant-ne-avem-doar-unii-pe-altii\/#primaryimage"},"image":{"@id":"https:\/\/covasna45.ro\/index.php\/lumea-noastra\/primarul-din-sfantu-gheorghe-discurs-emotionant-ne-avem-doar-unii-pe-altii\/#primaryimage"},"thumbnailUrl":"https:\/\/covasna45.ro\/wp-content\/uploads\/2026\/03\/antal-discurs-15-m.jpg","datePublished":"2026-03-16T07:19:41+00:00","dateModified":"2026-03-16T07:19:43+00:00","description":"Primarul municipiului Sf\u00e2ntu Gheorghe, Antal \u00c1rp\u00e1d, a \u021binut ieri, de 15 Martie, un discurs adresat comunit\u0103\u021bii.","breadcrumb":{"@id":"https:\/\/covasna45.ro\/index.php\/lumea-noastra\/primarul-din-sfantu-gheorghe-discurs-emotionant-ne-avem-doar-unii-pe-altii\/#breadcrumb"},"inLanguage":"ro-RO","potentialAction":[{"@type":"ReadAction","target":["https:\/\/covasna45.ro\/index.php\/lumea-noastra\/primarul-din-sfantu-gheorghe-discurs-emotionant-ne-avem-doar-unii-pe-altii\/"]}]},{"@type":"ImageObject","inLanguage":"ro-RO","@id":"https:\/\/covasna45.ro\/index.php\/lumea-noastra\/primarul-din-sfantu-gheorghe-discurs-emotionant-ne-avem-doar-unii-pe-altii\/#primaryimage","url":"https:\/\/covasna45.ro\/wp-content\/uploads\/2026\/03\/antal-discurs-15-m.jpg","contentUrl":"https:\/\/covasna45.ro\/wp-content\/uploads\/2026\/03\/antal-discurs-15-m.jpg","width":2048,"height":1365},{"@type":"BreadcrumbList","@id":"https:\/\/covasna45.ro\/index.php\/lumea-noastra\/primarul-din-sfantu-gheorghe-discurs-emotionant-ne-avem-doar-unii-pe-altii\/#breadcrumb","itemListElement":[{"@type":"ListItem","position":1,"name":"Prima pagin\u0103","item":"https:\/\/covasna45.ro\/"},{"@type":"ListItem","position":2,"name":"Primarul din Sf\u00e2ntu Gheorghe, discurs emo\u021bionant: \u201eNe avem doar unii pe al\u021bii\u201d"}]},{"@type":"WebSite","@id":"https:\/\/covasna45.ro\/#website","url":"https:\/\/covasna45.ro\/","name":"covasna45.ro","description":"","publisher":{"@id":"https:\/\/covasna45.ro\/#organization"},"potentialAction":[{"@type":"SearchAction","target":{"@type":"EntryPoint","urlTemplate":"https:\/\/covasna45.ro\/?s={search_term_string}"},"query-input":{"@type":"PropertyValueSpecification","valueRequired":true,"valueName":"search_term_string"}}],"inLanguage":"ro-RO"},{"@type":"Organization","@id":"https:\/\/covasna45.ro\/#organization","name":"covasna45.ro","url":"https:\/\/covasna45.ro\/","logo":{"@type":"ImageObject","inLanguage":"ro-RO","@id":"https:\/\/covasna45.ro\/#\/schema\/logo\/image\/","url":"https:\/\/covasna45.ro\/wp-content\/uploads\/2023\/01\/icon_logo.png","contentUrl":"https:\/\/covasna45.ro\/wp-content\/uploads\/2023\/01\/icon_logo.png","width":1900,"height":1900,"caption":"covasna45.ro"},"image":{"@id":"https:\/\/covasna45.ro\/#\/schema\/logo\/image\/"}},{"@type":"Person","@id":"https:\/\/covasna45.ro\/#\/schema\/person\/e674052bd7d95d70bbb007a1060ab73c","name":"Covasna45","image":{"@type":"ImageObject","inLanguage":"ro-RO","@id":"https:\/\/covasna45.ro\/wp-content\/uploads\/2025\/10\/icon_logo_covasna45-150x150.png","url":"https:\/\/covasna45.ro\/wp-content\/uploads\/2025\/10\/icon_logo_covasna45-150x150.png","contentUrl":"https:\/\/covasna45.ro\/wp-content\/uploads\/2025\/10\/icon_logo_covasna45-150x150.png","caption":"Covasna45"},"sameAs":["https:\/\/covasna45.ro"],"url":"https:\/\/covasna45.ro\/index.php\/author\/covasna\/"}]}},"_links":{"self":[{"href":"https:\/\/covasna45.ro\/index.php\/wp-json\/wp\/v2\/posts\/15462","targetHints":{"allow":["GET"]}}],"collection":[{"href":"https:\/\/covasna45.ro\/index.php\/wp-json\/wp\/v2\/posts"}],"about":[{"href":"https:\/\/covasna45.ro\/index.php\/wp-json\/wp\/v2\/types\/post"}],"author":[{"embeddable":true,"href":"https:\/\/covasna45.ro\/index.php\/wp-json\/wp\/v2\/users\/1"}],"replies":[{"embeddable":true,"href":"https:\/\/covasna45.ro\/index.php\/wp-json\/wp\/v2\/comments?post=15462"}],"version-history":[{"count":1,"href":"https:\/\/covasna45.ro\/index.php\/wp-json\/wp\/v2\/posts\/15462\/revisions"}],"predecessor-version":[{"id":15471,"href":"https:\/\/covasna45.ro\/index.php\/wp-json\/wp\/v2\/posts\/15462\/revisions\/15471"}],"wp:featuredmedia":[{"embeddable":true,"href":"https:\/\/covasna45.ro\/index.php\/wp-json\/wp\/v2\/media\/15463"}],"wp:attachment":[{"href":"https:\/\/covasna45.ro\/index.php\/wp-json\/wp\/v2\/media?parent=15462"}],"wp:term":[{"taxonomy":"category","embeddable":true,"href":"https:\/\/covasna45.ro\/index.php\/wp-json\/wp\/v2\/categories?post=15462"},{"taxonomy":"post_tag","embeddable":true,"href":"https:\/\/covasna45.ro\/index.php\/wp-json\/wp\/v2\/tags?post=15462"}],"curies":[{"name":"wp","href":"https:\/\/api.w.org\/{rel}","templated":true}]}}