{"id":15474,"date":"2026-03-16T11:34:48","date_gmt":"2026-03-16T09:34:48","guid":{"rendered":"https:\/\/covasna45.ro\/?p=15474"},"modified":"2026-03-16T11:34:49","modified_gmt":"2026-03-16T09:34:49","slug":"incep-dezbaterile-in-parlament-pe-proiectul-bugetului-de-stat-pe-2026","status":"publish","type":"post","link":"https:\/\/covasna45.ro\/index.php\/lumea-noastra\/incep-dezbaterile-in-parlament-pe-proiectul-bugetului-de-stat-pe-2026\/","title":{"rendered":"\u00cencep dezbaterile \u00een Parlament pe proiectul bugetului de stat pe 2026"},"content":{"rendered":"\n<p>Potrivit calendarului stabilit de conducerea celor dou\u0103 Camere ale Parlamentului, termenul limit\u0103 pentru depunerea amendamentelor expir\u0103 azi, la ora 13:00.<\/p>\n\n\n\n<p>De m\u00e2ine \u00eencep dezbaterile \u00een comisii, iar dezbaterea \u00een plenul reunit va avea loc miercuri \u015fi joi, c\u00e2nd, potrivit programului, se va da votul final pe buget.<\/p>\n\n\n\n<p>PSD a decis \u00een \u015fedin\u0163a de ieri s\u0103 voteze bugetul \u00een Parlament, dar anun\u0163\u0103 c\u0103 va depune amendamente pentru a asigura finan\u0163area integral\u0103 a Pachetului de Solidaritate.<\/p>\n\n\n\n<h2 class=\"wp-block-heading\">\u201eRetoric\u0103 de tip AUR\u201d<\/h2>\n\n\n\n<p>PNL atrage aten\u0163ia c\u0103 amendamentele la buget trebuie discutate \u00een cadrul Coali\u0163iei \u015fi asumate de Guvernul sus\u0163inut de majoritatea parlamentar\u0103, nu negociate \u00een culise sau impuse prin voturi surpriz\u0103 \u00een Parlament \u015fi avertizeaz\u0103 c\u0103 orice alt\u0103 atitudine situeaz\u0103 PSD \u00een afara acordului politic.<\/p>\n\n\n\n<p>Primul ministru Ilie Bolojan a catalogat anun\u0163ul PSD de ieri privind amendamentele pe care parlamentarii partidului le vor depune la legea bugetului de stat drept \u201e<strong><em>o ac\u0163iune politic\u0103<\/em><\/strong>\u201d prin care \u201e<strong><em>\u00eencearc\u0103 s\u0103 vin\u0103 o retoric\u0103 de tip AUR, \u00eencerc\u00e2nd s\u0103 se delimiteze de r\u0103spunderile acestei guvern\u0103ri\u201d<\/em><\/strong>.<\/p>\n\n\n\n<p>Bolojan consider\u0103 c\u0103 modul de ac\u0163iune al PSD nu poate aduce rezultate, el f\u0103c\u00e2nd un \u201e<strong><em>apel la raponsabilitate<\/em><\/strong>\u201d c\u0103tre parlamentari \u015fi amintindu-le acestora c\u0103 \u201ee<strong><em>ste un buget str\u00e2ns \u015fi nu merit\u0103 s\u0103 ne \u00eentoarcem la gre\u015felile pe care le-am f\u0103cut anii trecu\u0163i\u201d<\/em><\/strong>.<\/p>\n\n\n\n<h2 class=\"wp-block-heading\">Grindeanu: Buget dup\u0103 chipul \u0219i asem\u0103narea domnului Bolojan<\/h2>\n\n\n\n<p>\u201e<strong><em>Important\u0103 este decizia pe care am luat-o la Consiliul Politic Na\u0163ional, faptul c\u0103 vom vota acest buget, dar \u00een condi\u0163iile noastre, nu ale domnului Bolojan. Avem ast\u0103zi un buget de dreapta, f\u0103cut dup\u0103 chipul \u015fi asem\u0103narea a domnului Bolojan, un buget care (..) duce grija p\u00e2n\u0103 la urm\u0103 a oamenilor boga\u0163i, dar care nu protejeaz\u0103 absolut deloc oamenii obi\u015fnui\u0163i<\/em><\/strong>\u201d, a spus pre\u015fedintele PSD, Sorin Grindeanu, citat de <a href=\"https:\/\/www.news.ro\/politic-intern\/sorin-grindeanu-bolojan-premier-voturile-psd-reprezentam-cam-46-ponderea-coalitiei-n-intrat-aceasta-guvernare-post-ficus-avem-buget-dreapta-facut-dupa-chipul-asemanarea-bolojan-1922403715002026032022379156?utm_source=News&amp;utm_medium=Click%2BCitesteSi&amp;utm_campaign=CitesteSi%2Bnews\">news.ro<\/a>.<\/p>\n\n\n\n<p>\u201e<strong><em>Domnul Bolojan este pre\u015fedintele PNL, dar este premier \u015fi cu voturile PSD. Deci, aici ar trebui s\u0103 discut\u0103m \u015fi despre ponderea pe care politicile de st\u00e2nga, social-democrate, le are \u00een guvern\u201d<\/em><\/strong>, a subliniat Grindeanu.<\/p>\n\n\n\n<h2 class=\"wp-block-heading\">\u201ePSD-ul reprezint\u0103 aproape jum\u0103tate din aceast\u0103 coali\u0163ie\u201d<\/h2>\n\n\n\n<p>\u201e<strong><em>P\u00e2n\u0103 la urm\u0103, noi n-am intrat \u00een aceast\u0103 guvernare pe post de ficus, ci ca s\u0103 ne asigur\u0103m c\u0103 rom\u00e2nii sunt proteja\u0163i. Iar acum, pachetul de solidaritate este prioritatea noastr\u0103. Eu am v\u0103zut \u00een aceste nou\u0103 luni, nu doar eu, ci \u015fi colegii mei, ceva ce nu mi-a pl\u0103cut, \u015fi anume faptul c\u0103 avem un premier care s-a adresat non-stop \u015fi a f\u0103cut non-stop politici exclusiv de dreapta. Dac\u0103 ar fi fost doar un guvern de dreapta, un guvern care s\u0103 protejeze doar multina\u0163ionalele, oamenii boga\u0163i, a\u015f \u00een\u0163elege. At\u00e2ta timp c\u00e2t PSD-ul reprezint\u0103 aproape jum\u0103tate din aceast\u0103 coali\u0163ie, m-a\u015f fi a\u015fteptat s\u0103 se \u0163in\u0103 cont mai mult de propunerile pe care PSD-ul le are<\/em><\/strong>\u201d, a men\u0163ionat pre\u015fedintele PSD.<\/p>\n\n\n\n<p><strong><em>Detalii despre proiectul de buget, <a href=\"https:\/\/covasna45.ro\/index.php\/lumea-noastra\/guvern-proiectul-de-buget-pe-2026-masuri-avute-in-vedere-la-estimarea-cheltuielilor\/\">AICI<\/a>.<\/em><\/strong><\/p>\n","protected":false},"excerpt":{"rendered":"<p>Potrivit calendarului stabilit de conducerea celor dou\u0103 Camere ale Parlamentului, termenul limit\u0103 pentru depunerea amendamentelor expir\u0103 azi, la ora 13:00. De m\u00e2ine \u00eencep dezbaterile \u00een comisii, iar dezbaterea \u00een plenul reunit va avea loc miercuri \u015fi joi, c\u00e2nd, potrivit programului, se va da votul final pe buget. PSD a decis \u00een \u015fedin\u0163a de ieri s\u0103 [&hellip;]<\/p>\n","protected":false},"author":1,"featured_media":4025,"comment_status":"open","ping_status":"closed","sticky":false,"template":"","format":"standard","meta":{"tdm_status":"","tdm_grid_status":"","footnotes":""},"categories":[14],"tags":[364,72,626,625],"class_list":{"0":"post-15474","1":"post","2":"type-post","3":"status-publish","4":"format-standard","5":"has-post-thumbnail","7":"category-lumea-noastra","8":"tag-buget","9":"tag-parlament","10":"tag-pnl","11":"tag-psd"},"yoast_head":"<!-- This site is optimized with the Yoast SEO plugin v27.5 - https:\/\/yoast.com\/product\/yoast-seo-wordpress\/ -->\n<title>\u00cencep dezbaterile \u00een Parlament pe proiectul bugetului de stat pe 2026 - Covasna45<\/title>\n<meta name=\"description\" content=\"PSD a decis \u00een \u015fedin\u0163a de ieri s\u0103 voteze bugetul \u00een Parlament, dar anun\u0163\u0103 c\u0103 va depune amendamente.\" \/>\n<meta name=\"robots\" content=\"index, follow, max-snippet:-1, max-image-preview:large, max-video-preview:-1\" \/>\n<link rel=\"canonical\" href=\"https:\/\/covasna45.ro\/index.php\/lumea-noastra\/incep-dezbaterile-in-parlament-pe-proiectul-bugetului-de-stat-pe-2026\/\" \/>\n<meta property=\"og:locale\" content=\"ro_RO\" \/>\n<meta property=\"og:type\" content=\"article\" \/>\n<meta property=\"og:title\" content=\"\u00cencep dezbaterile \u00een Parlament pe proiectul bugetului de stat pe 2026 - Covasna45\" \/>\n<meta property=\"og:description\" content=\"PSD a decis \u00een \u015fedin\u0163a de ieri s\u0103 voteze bugetul \u00een Parlament, dar anun\u0163\u0103 c\u0103 va depune amendamente.\" \/>\n<meta property=\"og:url\" content=\"https:\/\/covasna45.ro\/index.php\/lumea-noastra\/incep-dezbaterile-in-parlament-pe-proiectul-bugetului-de-stat-pe-2026\/\" \/>\n<meta property=\"og:site_name\" content=\"Covasna45\" \/>\n<meta property=\"article:published_time\" content=\"2026-03-16T09:34:48+00:00\" \/>\n<meta property=\"article:modified_time\" content=\"2026-03-16T09:34:49+00:00\" \/>\n<meta property=\"og:image\" content=\"https:\/\/covasna45.ro\/wp-content\/uploads\/2023\/11\/parlamentari.jpg\" \/>\n\t<meta property=\"og:image:width\" content=\"1408\" \/>\n\t<meta property=\"og:image:height\" content=\"882\" \/>\n\t<meta property=\"og:image:type\" content=\"image\/jpeg\" \/>\n<meta name=\"author\" content=\"Covasna45\" \/>\n<meta name=\"twitter:card\" content=\"summary_large_image\" \/>\n<meta name=\"twitter:label1\" content=\"Scris de\" \/>\n\t<meta name=\"twitter:data1\" content=\"Covasna45\" \/>\n\t<meta name=\"twitter:label2\" content=\"Timp estimat pentru citire\" \/>\n\t<meta name=\"twitter:data2\" content=\"3 minute\" \/>\n<script type=\"application\/ld+json\" class=\"yoast-schema-graph\">{\"@context\":\"https:\\\/\\\/schema.org\",\"@graph\":[{\"@type\":\"Article\",\"@id\":\"https:\\\/\\\/covasna45.ro\\\/index.php\\\/lumea-noastra\\\/incep-dezbaterile-in-parlament-pe-proiectul-bugetului-de-stat-pe-2026\\\/#article\",\"isPartOf\":{\"@id\":\"https:\\\/\\\/covasna45.ro\\\/index.php\\\/lumea-noastra\\\/incep-dezbaterile-in-parlament-pe-proiectul-bugetului-de-stat-pe-2026\\\/\"},\"author\":{\"name\":\"Covasna45\",\"@id\":\"https:\\\/\\\/covasna45.ro\\\/#\\\/schema\\\/person\\\/e674052bd7d95d70bbb007a1060ab73c\"},\"headline\":\"\u00cencep dezbaterile \u00een Parlament pe proiectul bugetului de stat pe 2026\",\"datePublished\":\"2026-03-16T09:34:48+00:00\",\"dateModified\":\"2026-03-16T09:34:49+00:00\",\"mainEntityOfPage\":{\"@id\":\"https:\\\/\\\/covasna45.ro\\\/index.php\\\/lumea-noastra\\\/incep-dezbaterile-in-parlament-pe-proiectul-bugetului-de-stat-pe-2026\\\/\"},\"wordCount\":513,\"commentCount\":0,\"publisher\":{\"@id\":\"https:\\\/\\\/covasna45.ro\\\/#organization\"},\"image\":{\"@id\":\"https:\\\/\\\/covasna45.ro\\\/index.php\\\/lumea-noastra\\\/incep-dezbaterile-in-parlament-pe-proiectul-bugetului-de-stat-pe-2026\\\/#primaryimage\"},\"thumbnailUrl\":\"https:\\\/\\\/covasna45.ro\\\/wp-content\\\/uploads\\\/2023\\\/11\\\/parlamentari.jpg\",\"keywords\":[\"Buget\",\"Parlament\",\"PNL\",\"PSD\"],\"articleSection\":[\"Lumea noastr\u0103\"],\"inLanguage\":\"ro-RO\",\"potentialAction\":[{\"@type\":\"CommentAction\",\"name\":\"Comment\",\"target\":[\"https:\\\/\\\/covasna45.ro\\\/index.php\\\/lumea-noastra\\\/incep-dezbaterile-in-parlament-pe-proiectul-bugetului-de-stat-pe-2026\\\/#respond\"]}]},{\"@type\":\"WebPage\",\"@id\":\"https:\\\/\\\/covasna45.ro\\\/index.php\\\/lumea-noastra\\\/incep-dezbaterile-in-parlament-pe-proiectul-bugetului-de-stat-pe-2026\\\/\",\"url\":\"https:\\\/\\\/covasna45.ro\\\/index.php\\\/lumea-noastra\\\/incep-dezbaterile-in-parlament-pe-proiectul-bugetului-de-stat-pe-2026\\\/\",\"name\":\"\u00cencep dezbaterile \u00een Parlament pe proiectul bugetului de stat pe 2026 - Covasna45\",\"isPartOf\":{\"@id\":\"https:\\\/\\\/covasna45.ro\\\/#website\"},\"primaryImageOfPage\":{\"@id\":\"https:\\\/\\\/covasna45.ro\\\/index.php\\\/lumea-noastra\\\/incep-dezbaterile-in-parlament-pe-proiectul-bugetului-de-stat-pe-2026\\\/#primaryimage\"},\"image\":{\"@id\":\"https:\\\/\\\/covasna45.ro\\\/index.php\\\/lumea-noastra\\\/incep-dezbaterile-in-parlament-pe-proiectul-bugetului-de-stat-pe-2026\\\/#primaryimage\"},\"thumbnailUrl\":\"https:\\\/\\\/covasna45.ro\\\/wp-content\\\/uploads\\\/2023\\\/11\\\/parlamentari.jpg\",\"datePublished\":\"2026-03-16T09:34:48+00:00\",\"dateModified\":\"2026-03-16T09:34:49+00:00\",\"description\":\"PSD a decis \u00een \u015fedin\u0163a de ieri s\u0103 voteze bugetul \u00een Parlament, dar anun\u0163\u0103 c\u0103 va depune amendamente.\",\"breadcrumb\":{\"@id\":\"https:\\\/\\\/covasna45.ro\\\/index.php\\\/lumea-noastra\\\/incep-dezbaterile-in-parlament-pe-proiectul-bugetului-de-stat-pe-2026\\\/#breadcrumb\"},\"inLanguage\":\"ro-RO\",\"potentialAction\":[{\"@type\":\"ReadAction\",\"target\":[\"https:\\\/\\\/covasna45.ro\\\/index.php\\\/lumea-noastra\\\/incep-dezbaterile-in-parlament-pe-proiectul-bugetului-de-stat-pe-2026\\\/\"]}]},{\"@type\":\"ImageObject\",\"inLanguage\":\"ro-RO\",\"@id\":\"https:\\\/\\\/covasna45.ro\\\/index.php\\\/lumea-noastra\\\/incep-dezbaterile-in-parlament-pe-proiectul-bugetului-de-stat-pe-2026\\\/#primaryimage\",\"url\":\"https:\\\/\\\/covasna45.ro\\\/wp-content\\\/uploads\\\/2023\\\/11\\\/parlamentari.jpg\",\"contentUrl\":\"https:\\\/\\\/covasna45.ro\\\/wp-content\\\/uploads\\\/2023\\\/11\\\/parlamentari.jpg\",\"width\":1408,\"height\":882},{\"@type\":\"BreadcrumbList\",\"@id\":\"https:\\\/\\\/covasna45.ro\\\/index.php\\\/lumea-noastra\\\/incep-dezbaterile-in-parlament-pe-proiectul-bugetului-de-stat-pe-2026\\\/#breadcrumb\",\"itemListElement\":[{\"@type\":\"ListItem\",\"position\":1,\"name\":\"Prima pagin\u0103\",\"item\":\"https:\\\/\\\/covasna45.ro\\\/\"},{\"@type\":\"ListItem\",\"position\":2,\"name\":\"\u00cencep dezbaterile \u00een Parlament pe proiectul bugetului de stat pe 2026\"}]},{\"@type\":\"WebSite\",\"@id\":\"https:\\\/\\\/covasna45.ro\\\/#website\",\"url\":\"https:\\\/\\\/covasna45.ro\\\/\",\"name\":\"covasna45.ro\",\"description\":\"\",\"publisher\":{\"@id\":\"https:\\\/\\\/covasna45.ro\\\/#organization\"},\"potentialAction\":[{\"@type\":\"SearchAction\",\"target\":{\"@type\":\"EntryPoint\",\"urlTemplate\":\"https:\\\/\\\/covasna45.ro\\\/?s={search_term_string}\"},\"query-input\":{\"@type\":\"PropertyValueSpecification\",\"valueRequired\":true,\"valueName\":\"search_term_string\"}}],\"inLanguage\":\"ro-RO\"},{\"@type\":\"Organization\",\"@id\":\"https:\\\/\\\/covasna45.ro\\\/#organization\",\"name\":\"covasna45.ro\",\"url\":\"https:\\\/\\\/covasna45.ro\\\/\",\"logo\":{\"@type\":\"ImageObject\",\"inLanguage\":\"ro-RO\",\"@id\":\"https:\\\/\\\/covasna45.ro\\\/#\\\/schema\\\/logo\\\/image\\\/\",\"url\":\"https:\\\/\\\/covasna45.ro\\\/wp-content\\\/uploads\\\/2023\\\/01\\\/icon_logo.png\",\"contentUrl\":\"https:\\\/\\\/covasna45.ro\\\/wp-content\\\/uploads\\\/2023\\\/01\\\/icon_logo.png\",\"width\":1900,\"height\":1900,\"caption\":\"covasna45.ro\"},\"image\":{\"@id\":\"https:\\\/\\\/covasna45.ro\\\/#\\\/schema\\\/logo\\\/image\\\/\"}},{\"@type\":\"Person\",\"@id\":\"https:\\\/\\\/covasna45.ro\\\/#\\\/schema\\\/person\\\/e674052bd7d95d70bbb007a1060ab73c\",\"name\":\"Covasna45\",\"image\":{\"@type\":\"ImageObject\",\"inLanguage\":\"ro-RO\",\"@id\":\"https:\\\/\\\/covasna45.ro\\\/wp-content\\\/uploads\\\/2025\\\/10\\\/icon_logo_covasna45-150x150.png\",\"url\":\"https:\\\/\\\/covasna45.ro\\\/wp-content\\\/uploads\\\/2025\\\/10\\\/icon_logo_covasna45-150x150.png\",\"contentUrl\":\"https:\\\/\\\/covasna45.ro\\\/wp-content\\\/uploads\\\/2025\\\/10\\\/icon_logo_covasna45-150x150.png\",\"caption\":\"Covasna45\"},\"sameAs\":[\"https:\\\/\\\/covasna45.ro\"],\"url\":\"https:\\\/\\\/covasna45.ro\\\/index.php\\\/author\\\/covasna\\\/\"}]}<\/script>\n<!-- \/ Yoast SEO plugin. -->","yoast_head_json":{"title":"\u00cencep dezbaterile \u00een Parlament pe proiectul bugetului de stat pe 2026 - Covasna45","description":"PSD a decis \u00een \u015fedin\u0163a de ieri s\u0103 voteze bugetul \u00een Parlament, dar anun\u0163\u0103 c\u0103 va depune amendamente.","robots":{"index":"index","follow":"follow","max-snippet":"max-snippet:-1","max-image-preview":"max-image-preview:large","max-video-preview":"max-video-preview:-1"},"canonical":"https:\/\/covasna45.ro\/index.php\/lumea-noastra\/incep-dezbaterile-in-parlament-pe-proiectul-bugetului-de-stat-pe-2026\/","og_locale":"ro_RO","og_type":"article","og_title":"\u00cencep dezbaterile \u00een Parlament pe proiectul bugetului de stat pe 2026 - Covasna45","og_description":"PSD a decis \u00een \u015fedin\u0163a de ieri s\u0103 voteze bugetul \u00een Parlament, dar anun\u0163\u0103 c\u0103 va depune amendamente.","og_url":"https:\/\/covasna45.ro\/index.php\/lumea-noastra\/incep-dezbaterile-in-parlament-pe-proiectul-bugetului-de-stat-pe-2026\/","og_site_name":"Covasna45","article_published_time":"2026-03-16T09:34:48+00:00","article_modified_time":"2026-03-16T09:34:49+00:00","og_image":[{"width":1408,"height":882,"url":"https:\/\/covasna45.ro\/wp-content\/uploads\/2023\/11\/parlamentari.jpg","type":"image\/jpeg"}],"author":"Covasna45","twitter_card":"summary_large_image","twitter_misc":{"Scris de":"Covasna45","Timp estimat pentru citire":"3 minute"},"schema":{"@context":"https:\/\/schema.org","@graph":[{"@type":"Article","@id":"https:\/\/covasna45.ro\/index.php\/lumea-noastra\/incep-dezbaterile-in-parlament-pe-proiectul-bugetului-de-stat-pe-2026\/#article","isPartOf":{"@id":"https:\/\/covasna45.ro\/index.php\/lumea-noastra\/incep-dezbaterile-in-parlament-pe-proiectul-bugetului-de-stat-pe-2026\/"},"author":{"name":"Covasna45","@id":"https:\/\/covasna45.ro\/#\/schema\/person\/e674052bd7d95d70bbb007a1060ab73c"},"headline":"\u00cencep dezbaterile \u00een Parlament pe proiectul bugetului de stat pe 2026","datePublished":"2026-03-16T09:34:48+00:00","dateModified":"2026-03-16T09:34:49+00:00","mainEntityOfPage":{"@id":"https:\/\/covasna45.ro\/index.php\/lumea-noastra\/incep-dezbaterile-in-parlament-pe-proiectul-bugetului-de-stat-pe-2026\/"},"wordCount":513,"commentCount":0,"publisher":{"@id":"https:\/\/covasna45.ro\/#organization"},"image":{"@id":"https:\/\/covasna45.ro\/index.php\/lumea-noastra\/incep-dezbaterile-in-parlament-pe-proiectul-bugetului-de-stat-pe-2026\/#primaryimage"},"thumbnailUrl":"https:\/\/covasna45.ro\/wp-content\/uploads\/2023\/11\/parlamentari.jpg","keywords":["Buget","Parlament","PNL","PSD"],"articleSection":["Lumea noastr\u0103"],"inLanguage":"ro-RO","potentialAction":[{"@type":"CommentAction","name":"Comment","target":["https:\/\/covasna45.ro\/index.php\/lumea-noastra\/incep-dezbaterile-in-parlament-pe-proiectul-bugetului-de-stat-pe-2026\/#respond"]}]},{"@type":"WebPage","@id":"https:\/\/covasna45.ro\/index.php\/lumea-noastra\/incep-dezbaterile-in-parlament-pe-proiectul-bugetului-de-stat-pe-2026\/","url":"https:\/\/covasna45.ro\/index.php\/lumea-noastra\/incep-dezbaterile-in-parlament-pe-proiectul-bugetului-de-stat-pe-2026\/","name":"\u00cencep dezbaterile \u00een Parlament pe proiectul bugetului de stat pe 2026 - Covasna45","isPartOf":{"@id":"https:\/\/covasna45.ro\/#website"},"primaryImageOfPage":{"@id":"https:\/\/covasna45.ro\/index.php\/lumea-noastra\/incep-dezbaterile-in-parlament-pe-proiectul-bugetului-de-stat-pe-2026\/#primaryimage"},"image":{"@id":"https:\/\/covasna45.ro\/index.php\/lumea-noastra\/incep-dezbaterile-in-parlament-pe-proiectul-bugetului-de-stat-pe-2026\/#primaryimage"},"thumbnailUrl":"https:\/\/covasna45.ro\/wp-content\/uploads\/2023\/11\/parlamentari.jpg","datePublished":"2026-03-16T09:34:48+00:00","dateModified":"2026-03-16T09:34:49+00:00","description":"PSD a decis \u00een \u015fedin\u0163a de ieri s\u0103 voteze bugetul \u00een Parlament, dar anun\u0163\u0103 c\u0103 va depune amendamente.","breadcrumb":{"@id":"https:\/\/covasna45.ro\/index.php\/lumea-noastra\/incep-dezbaterile-in-parlament-pe-proiectul-bugetului-de-stat-pe-2026\/#breadcrumb"},"inLanguage":"ro-RO","potentialAction":[{"@type":"ReadAction","target":["https:\/\/covasna45.ro\/index.php\/lumea-noastra\/incep-dezbaterile-in-parlament-pe-proiectul-bugetului-de-stat-pe-2026\/"]}]},{"@type":"ImageObject","inLanguage":"ro-RO","@id":"https:\/\/covasna45.ro\/index.php\/lumea-noastra\/incep-dezbaterile-in-parlament-pe-proiectul-bugetului-de-stat-pe-2026\/#primaryimage","url":"https:\/\/covasna45.ro\/wp-content\/uploads\/2023\/11\/parlamentari.jpg","contentUrl":"https:\/\/covasna45.ro\/wp-content\/uploads\/2023\/11\/parlamentari.jpg","width":1408,"height":882},{"@type":"BreadcrumbList","@id":"https:\/\/covasna45.ro\/index.php\/lumea-noastra\/incep-dezbaterile-in-parlament-pe-proiectul-bugetului-de-stat-pe-2026\/#breadcrumb","itemListElement":[{"@type":"ListItem","position":1,"name":"Prima pagin\u0103","item":"https:\/\/covasna45.ro\/"},{"@type":"ListItem","position":2,"name":"\u00cencep dezbaterile \u00een Parlament pe proiectul bugetului de stat pe 2026"}]},{"@type":"WebSite","@id":"https:\/\/covasna45.ro\/#website","url":"https:\/\/covasna45.ro\/","name":"covasna45.ro","description":"","publisher":{"@id":"https:\/\/covasna45.ro\/#organization"},"potentialAction":[{"@type":"SearchAction","target":{"@type":"EntryPoint","urlTemplate":"https:\/\/covasna45.ro\/?s={search_term_string}"},"query-input":{"@type":"PropertyValueSpecification","valueRequired":true,"valueName":"search_term_string"}}],"inLanguage":"ro-RO"},{"@type":"Organization","@id":"https:\/\/covasna45.ro\/#organization","name":"covasna45.ro","url":"https:\/\/covasna45.ro\/","logo":{"@type":"ImageObject","inLanguage":"ro-RO","@id":"https:\/\/covasna45.ro\/#\/schema\/logo\/image\/","url":"https:\/\/covasna45.ro\/wp-content\/uploads\/2023\/01\/icon_logo.png","contentUrl":"https:\/\/covasna45.ro\/wp-content\/uploads\/2023\/01\/icon_logo.png","width":1900,"height":1900,"caption":"covasna45.ro"},"image":{"@id":"https:\/\/covasna45.ro\/#\/schema\/logo\/image\/"}},{"@type":"Person","@id":"https:\/\/covasna45.ro\/#\/schema\/person\/e674052bd7d95d70bbb007a1060ab73c","name":"Covasna45","image":{"@type":"ImageObject","inLanguage":"ro-RO","@id":"https:\/\/covasna45.ro\/wp-content\/uploads\/2025\/10\/icon_logo_covasna45-150x150.png","url":"https:\/\/covasna45.ro\/wp-content\/uploads\/2025\/10\/icon_logo_covasna45-150x150.png","contentUrl":"https:\/\/covasna45.ro\/wp-content\/uploads\/2025\/10\/icon_logo_covasna45-150x150.png","caption":"Covasna45"},"sameAs":["https:\/\/covasna45.ro"],"url":"https:\/\/covasna45.ro\/index.php\/author\/covasna\/"}]}},"_links":{"self":[{"href":"https:\/\/covasna45.ro\/index.php\/wp-json\/wp\/v2\/posts\/15474","targetHints":{"allow":["GET"]}}],"collection":[{"href":"https:\/\/covasna45.ro\/index.php\/wp-json\/wp\/v2\/posts"}],"about":[{"href":"https:\/\/covasna45.ro\/index.php\/wp-json\/wp\/v2\/types\/post"}],"author":[{"embeddable":true,"href":"https:\/\/covasna45.ro\/index.php\/wp-json\/wp\/v2\/users\/1"}],"replies":[{"embeddable":true,"href":"https:\/\/covasna45.ro\/index.php\/wp-json\/wp\/v2\/comments?post=15474"}],"version-history":[{"count":1,"href":"https:\/\/covasna45.ro\/index.php\/wp-json\/wp\/v2\/posts\/15474\/revisions"}],"predecessor-version":[{"id":15475,"href":"https:\/\/covasna45.ro\/index.php\/wp-json\/wp\/v2\/posts\/15474\/revisions\/15475"}],"wp:featuredmedia":[{"embeddable":true,"href":"https:\/\/covasna45.ro\/index.php\/wp-json\/wp\/v2\/media\/4025"}],"wp:attachment":[{"href":"https:\/\/covasna45.ro\/index.php\/wp-json\/wp\/v2\/media?parent=15474"}],"wp:term":[{"taxonomy":"category","embeddable":true,"href":"https:\/\/covasna45.ro\/index.php\/wp-json\/wp\/v2\/categories?post=15474"},{"taxonomy":"post_tag","embeddable":true,"href":"https:\/\/covasna45.ro\/index.php\/wp-json\/wp\/v2\/tags?post=15474"}],"curies":[{"name":"wp","href":"https:\/\/api.w.org\/{rel}","templated":true}]}}