{"id":15480,"date":"2026-03-17T11:01:08","date_gmt":"2026-03-17T09:01:08","guid":{"rendered":"https:\/\/covasna45.ro\/?p=15480"},"modified":"2026-03-17T11:34:34","modified_gmt":"2026-03-17T09:34:34","slug":"program-pentru-tineri-la-spitalul-judetean-stagii-de-practica-pe-sectii","status":"publish","type":"post","link":"https:\/\/covasna45.ro\/index.php\/lumea-noastra\/program-pentru-tineri-la-spitalul-judetean-stagii-de-practica-pe-sectii\/","title":{"rendered":"Program pentru tineri la Spitalul Jude\u021bean: stagii de practic\u0103 pe sec\u021bii"},"content":{"rendered":"\n<p>Spitalul Jude\u021bean de Urgen\u021b\u0103 \u201eDr. Fogoly\u00e1n Krist\u00f3f\u201d din Sf\u00e2ntu Gheorghe anun\u021b\u0103 relansarea Programului <strong>Shadow<\/strong>, o ini\u021biativ\u0103 care ofer\u0103 o oportunitate special\u0103 elevilor din clasele a X-a \u0219i a XI-a din jude\u021bul Covasna interesa\u021bi de o carier\u0103 \u00een domeniul s\u0103n\u0103t\u0103\u021bii. <\/p>\n\n\n\n<p>Programul are ca scop familiarizarea tinerilor, prin experien\u021be<br>directe, cu activitatea zilnic\u0103 a spitalului \u0219i cu provoc\u0103rile profesiilor din domeniul medical.<\/p>\n\n\n\n<h2 class=\"wp-block-heading\">Programul va avea loc \u00een perioada 7\u20139 aprilie 2026, precum \u0219i \u00een data de 14 aprilie. <\/h2>\n\n\n\n<p>Participan\u021bii vor avea ocazia s\u0103 petreac\u0103 o tur\u0103 complet\u0103 de 12 ore \u00een spital, \u00eentre orele 07:00 \u0219i 19:00, timp \u00een care vor putea observa \u00eendeaproape activitatea institu\u021biei.<\/p>\n\n\n\n<figure class=\"wp-block-image size-large\"><img loading=\"lazy\" decoding=\"async\" width=\"1024\" height=\"683\" src=\"https:\/\/covasna45.ro\/wp-content\/uploads\/2026\/03\/SHADOW-90-1024x683.jpg\" alt=\"\" class=\"wp-image-15482\" srcset=\"https:\/\/covasna45.ro\/wp-content\/uploads\/2026\/03\/SHADOW-90-1024x683.jpg 1024w, https:\/\/covasna45.ro\/wp-content\/uploads\/2026\/03\/SHADOW-90-300x200.jpg 300w, https:\/\/covasna45.ro\/wp-content\/uploads\/2026\/03\/SHADOW-90-768x512.jpg 768w, https:\/\/covasna45.ro\/wp-content\/uploads\/2026\/03\/SHADOW-90-1536x1024.jpg 1536w, https:\/\/covasna45.ro\/wp-content\/uploads\/2026\/03\/SHADOW-90-2048x1365.jpg 2048w, https:\/\/covasna45.ro\/wp-content\/uploads\/2026\/03\/SHADOW-90-150x100.jpg 150w, https:\/\/covasna45.ro\/wp-content\/uploads\/2026\/03\/SHADOW-90-696x464.jpg 696w, https:\/\/covasna45.ro\/wp-content\/uploads\/2026\/03\/SHADOW-90-1068x712.jpg 1068w, https:\/\/covasna45.ro\/wp-content\/uploads\/2026\/03\/SHADOW-90-1920x1280.jpg 1920w\" sizes=\"auto, (max-width: 1024px) 100vw, 1024px\" \/><\/figure>\n\n\n\n<p>Elevii vor descoperi modul de func\u021bionare al diferitelor sec\u021bii, procesele medicale, precum \u0219i provoc\u0103rile profesionale \u0219i umane cu care se confrunt\u0103 zilnic personalul medical.<\/p>\n\n\n\n<p>Ini\u021biativa porne\u0219te de la convingerea c\u0103 alegerea corect\u0103 a carierei se bazeaz\u0103 pe experien\u021ba personal\u0103. Domeniul s\u0103n\u0103t\u0103\u021bii implic\u0103 o responsabilitate major\u0103, dar este,<br>\u00een acela\u0219i timp, o profesie valoroas\u0103, care necesit\u0103 dedicare.<\/p>\n\n\n\n<p>Programul \u00ee\u0219i propune s\u0103 sprijine viitorii profesioni\u0219ti din domeniul s\u0103n\u0103t\u0103\u021bii \u0219i s\u0103 ofere tinerilor posibilitatea de a lua decizii informate pe baza propriilor experien\u021be.<\/p>\n\n\n\n<h2 class=\"wp-block-heading\">\u201eProgramul Shadow este o ini\u021biativ\u0103 inovatoare \u0219i util\u0103\u201d<\/h2>\n\n\n\n<p>\u201e<strong><em>Suntem convin\u0219i c\u0103 tinerii reprezint\u0103 viitorul, motiv pentru care este esen\u021bial s\u0103 \u00eei sprijinim \u0219i s\u0103 le oferim \u00eendrumare \u00eenc\u0103 din timp. Investi\u021bia \u00een astfel de programe contribuie pe termen lung la dezvoltarea \u00eentregii comunit\u0103\u021bi. Programul Shadow ofer\u0103 elevilor oportunitatea de a \u00een\u021belege \u00een mod real func\u021bionarea sistemului medical \u0219i de a lua decizii bine fundamentate privind propriul viitor<\/em><\/strong>\u201d \u2013 Andr\u00e1s-Nagy R\u00f3bert, managerul spitalului.<\/p>\n\n\n\n<figure class=\"wp-block-image size-large\"><img loading=\"lazy\" decoding=\"async\" width=\"1024\" height=\"683\" src=\"https:\/\/covasna45.ro\/wp-content\/uploads\/2026\/03\/SHADOW-54-1024x683.jpg\" alt=\"\" class=\"wp-image-15483\" srcset=\"https:\/\/covasna45.ro\/wp-content\/uploads\/2026\/03\/SHADOW-54-1024x683.jpg 1024w, https:\/\/covasna45.ro\/wp-content\/uploads\/2026\/03\/SHADOW-54-300x200.jpg 300w, https:\/\/covasna45.ro\/wp-content\/uploads\/2026\/03\/SHADOW-54-768x512.jpg 768w, https:\/\/covasna45.ro\/wp-content\/uploads\/2026\/03\/SHADOW-54-1536x1024.jpg 1536w, https:\/\/covasna45.ro\/wp-content\/uploads\/2026\/03\/SHADOW-54-2048x1365.jpg 2048w, https:\/\/covasna45.ro\/wp-content\/uploads\/2026\/03\/SHADOW-54-150x100.jpg 150w, https:\/\/covasna45.ro\/wp-content\/uploads\/2026\/03\/SHADOW-54-696x464.jpg 696w, https:\/\/covasna45.ro\/wp-content\/uploads\/2026\/03\/SHADOW-54-1068x712.jpg 1068w, https:\/\/covasna45.ro\/wp-content\/uploads\/2026\/03\/SHADOW-54-1920x1280.jpg 1920w\" sizes=\"auto, (max-width: 1024px) 100vw, 1024px\" \/><\/figure>\n\n\n\n<p>\u201e<strong><em>Consider c\u0103 Programul Shadow este o ini\u021biativ\u0103 inovatoare \u0219i util\u0103, deoarece ofer\u0103 elevilor posibilitatea de a cunoa\u0219te mai \u00eendeaproape realitatea profesiilor din domeniul s\u0103n\u0103t\u0103\u021bii. Astfel, ace\u0219tia pot observa nu doar aspectele teoretice, ci \u0219i responsabilitatea, aten\u021bia \u0219i munca \u00een echip\u0103 necesare \u00een activitatea medical\u0103. Sunt convins\u0103 c\u0103 aceast\u0103 experien\u021b\u0103 \u00eei va ajuta pe mul\u021bi tineri s\u0103 aleag\u0103 \u00een mod con\u0219tient o carier\u0103 \u00een domeniul s\u0103n\u0103t\u0103\u021bii<\/em><\/strong>\u201d \u2013 dr. G\u00e1l Ram\u00f3na-\u00c9va, medic primar pediatru.<\/p>\n\n\n\n<figure class=\"wp-block-image size-large\"><img loading=\"lazy\" decoding=\"async\" width=\"1024\" height=\"683\" src=\"https:\/\/covasna45.ro\/wp-content\/uploads\/2026\/03\/SHADOW-36-1024x683.jpg\" alt=\"\" class=\"wp-image-15484\" srcset=\"https:\/\/covasna45.ro\/wp-content\/uploads\/2026\/03\/SHADOW-36-1024x683.jpg 1024w, https:\/\/covasna45.ro\/wp-content\/uploads\/2026\/03\/SHADOW-36-300x200.jpg 300w, https:\/\/covasna45.ro\/wp-content\/uploads\/2026\/03\/SHADOW-36-768x512.jpg 768w, https:\/\/covasna45.ro\/wp-content\/uploads\/2026\/03\/SHADOW-36-1536x1024.jpg 1536w, https:\/\/covasna45.ro\/wp-content\/uploads\/2026\/03\/SHADOW-36-2048x1365.jpg 2048w, https:\/\/covasna45.ro\/wp-content\/uploads\/2026\/03\/SHADOW-36-150x100.jpg 150w, https:\/\/covasna45.ro\/wp-content\/uploads\/2026\/03\/SHADOW-36-696x464.jpg 696w, https:\/\/covasna45.ro\/wp-content\/uploads\/2026\/03\/SHADOW-36-1068x712.jpg 1068w, https:\/\/covasna45.ro\/wp-content\/uploads\/2026\/03\/SHADOW-36-1920x1280.jpg 1920w\" sizes=\"auto, (max-width: 1024px) 100vw, 1024px\" \/><\/figure>\n\n\n\n<p>\u201e<strong><em>Profesia din domeniul s\u0103n\u0103t\u0103\u021bii presupune un angajament pe via\u021b\u0103, motiv pentru care alegerea acestei cariere este una deosebit de important\u0103. Prin Programul Shadow dorim s\u0103<br>oferim elevilor ocazia de a descoperi, dincolo de imaginea idealizat\u0103 prezentat\u0103 \u00een seriale, realitatea activit\u0103\u021bii dintr-un spital. Scopul nostru este s\u0103 \u00eei sprijinim \u0219i s\u0103 \u00eei \u00eencuraj\u0103m s\u0103 se<br>preg\u0103teasc\u0103 \u00een mod con\u0219tient pentru o posibil\u0103 carier\u0103 \u00een domeniul s\u0103n\u0103t\u0103\u021bii<\/em><\/strong>\u201d \u2013 Barta Hanna, coordonator de program.<\/p>\n\n\n\n<p>Este important de men\u021bionat c\u0103 programul nu se adreseaz\u0103 exclusiv celor interesa\u021bi de profesia de medic sau asistent medical. <\/p>\n\n\n\n<p>Participan\u021bii vor avea ocazia s\u0103 descopere \u0219i alte profesii din domeniul s\u0103n\u0103t\u0103\u021bii, precum kinetoterapeut, dietetician, farmacist, asistent de farmacie sau registrator medical. Scopul este de a oferi o imagine c\u00e2t mai complet\u0103 asupra sistemului de s\u0103n\u0103tate.<\/p>\n\n\n\n<h2 class=\"wp-block-heading\">Pentru a participa, elevii trebuie s\u0103 completeze formularul de \u00eenscriere online.<\/h2>\n\n\n\n<figure class=\"wp-block-image size-large\"><img loading=\"lazy\" decoding=\"async\" width=\"1024\" height=\"683\" src=\"https:\/\/covasna45.ro\/wp-content\/uploads\/2026\/03\/SHADOW-31-1024x683.jpg\" alt=\"\" class=\"wp-image-15485\" srcset=\"https:\/\/covasna45.ro\/wp-content\/uploads\/2026\/03\/SHADOW-31-1024x683.jpg 1024w, https:\/\/covasna45.ro\/wp-content\/uploads\/2026\/03\/SHADOW-31-300x200.jpg 300w, https:\/\/covasna45.ro\/wp-content\/uploads\/2026\/03\/SHADOW-31-768x512.jpg 768w, https:\/\/covasna45.ro\/wp-content\/uploads\/2026\/03\/SHADOW-31-1536x1024.jpg 1536w, https:\/\/covasna45.ro\/wp-content\/uploads\/2026\/03\/SHADOW-31-2048x1365.jpg 2048w, https:\/\/covasna45.ro\/wp-content\/uploads\/2026\/03\/SHADOW-31-150x100.jpg 150w, https:\/\/covasna45.ro\/wp-content\/uploads\/2026\/03\/SHADOW-31-696x464.jpg 696w, https:\/\/covasna45.ro\/wp-content\/uploads\/2026\/03\/SHADOW-31-1068x712.jpg 1068w, https:\/\/covasna45.ro\/wp-content\/uploads\/2026\/03\/SHADOW-31-1920x1280.jpg 1920w\" sizes=\"auto, (max-width: 1024px) 100vw, 1024px\" \/><\/figure>\n\n\n\n<p>Organizatorii a\u0219teapt\u0103 \u00eenscrierea tuturor liceenilor interesa\u021bi s\u0103 descopere mai \u00eendeaproape domeniul medical \u0219i activitatea zilnic\u0103 a profesioni\u0219tilor din s\u0103n\u0103tate.<\/p>\n\n\n\n<p>Num\u0103rul de locuri este limitat, de aceea se recomand\u0103 \u00eenscrierea c\u00e2t mai rapid\u0103. Locurile se ocup\u0103 \u00een ordinea \u00eenscrierilor \u0219i a op\u021biunilor selectate, iar domeniul ales nu mai poate fi modificat ulterior.<\/p>\n\n\n\n<h2 class=\"wp-block-heading\">Participarea la Programul Shadow este gratuit\u0103.<\/h2>\n\n\n\n<p>Pentru informa\u021bii suplimentare, cei interesa\u021bi pot contacta organizatorii la num\u0103rul de telefon 0729 988 945.<\/p>\n\n\n\n<p>Spitalul Jude\u021bean de Urgen\u021b\u0103 \u201eDr. Fogoly\u00e1n Krist\u00f3f\u201d \u00eencurajeaz\u0103 to\u021bi elevii interesa\u021bi s\u0103 se \u00eenscrie \u0219i s\u0103 devin\u0103, pentru o zi, parte din via\u021ba spitalului, descoperind din interior realitatea profesiei medicale.<\/p>\n\n\n\n<p>Formular de \u00eenscriere: <a href=\"https:\/\/form.everestwebdeals.co\/?form=2f0d4ee2841ecf772e993d50720716ba\">AICI<\/a>.<\/p>\n\n\n\n<p><em>Foto: Bicsak Gerg\u0151<\/em><\/p>\n","protected":false},"excerpt":{"rendered":"<p>Spitalul Jude\u021bean de Urgen\u021b\u0103 \u201eDr. Fogoly\u00e1n Krist\u00f3f\u201d din Sf\u00e2ntu Gheorghe anun\u021b\u0103 relansarea Programului Shadow, o ini\u021biativ\u0103 care ofer\u0103 o oportunitate special\u0103 elevilor din clasele a X-a \u0219i a XI-a din jude\u021bul Covasna interesa\u021bi de o carier\u0103 \u00een domeniul s\u0103n\u0103t\u0103\u021bii. Programul are ca scop familiarizarea tinerilor, prin experien\u021bedirecte, cu activitatea zilnic\u0103 a spitalului \u0219i cu provoc\u0103rile [&hellip;]<\/p>\n","protected":false},"author":1,"featured_media":15481,"comment_status":"open","ping_status":"closed","sticky":false,"template":"","format":"standard","meta":{"tdm_status":"","tdm_grid_status":"","footnotes":""},"categories":[14],"tags":[4604,2124,1644],"class_list":{"0":"post-15480","1":"post","2":"type-post","3":"status-publish","4":"format-standard","5":"has-post-thumbnail","7":"category-lumea-noastra","8":"tag-practica","9":"tag-sfantu-gheorghe-2","10":"tag-spital"},"yoast_head":"<!-- This site is optimized with the Yoast SEO plugin v27.5 - https:\/\/yoast.com\/product\/yoast-seo-wordpress\/ -->\n<title>Program pentru tineri la Spitalul Jude\u021bean: stagii de practic\u0103 pe sec\u021bii - Covasna45<\/title>\n<meta name=\"description\" content=\"Spitalul Jude\u021bean de Urgen\u021b\u0103 \u201eDr. Fogoly\u00e1n Krist\u00f3f\u201d din Sf\u00e2ntu Gheorghe anun\u021b\u0103 relansarea Programului Shadow.\" \/>\n<meta name=\"robots\" content=\"index, follow, max-snippet:-1, max-image-preview:large, max-video-preview:-1\" \/>\n<link rel=\"canonical\" href=\"https:\/\/covasna45.ro\/index.php\/lumea-noastra\/program-pentru-tineri-la-spitalul-judetean-stagii-de-practica-pe-sectii\/\" \/>\n<meta property=\"og:locale\" content=\"ro_RO\" \/>\n<meta property=\"og:type\" content=\"article\" \/>\n<meta property=\"og:title\" content=\"Program pentru tineri la Spitalul Jude\u021bean: stagii de practic\u0103 pe sec\u021bii - Covasna45\" \/>\n<meta property=\"og:description\" content=\"Spitalul Jude\u021bean de Urgen\u021b\u0103 \u201eDr. Fogoly\u00e1n Krist\u00f3f\u201d din Sf\u00e2ntu Gheorghe anun\u021b\u0103 relansarea Programului Shadow.\" \/>\n<meta property=\"og:url\" content=\"https:\/\/covasna45.ro\/index.php\/lumea-noastra\/program-pentru-tineri-la-spitalul-judetean-stagii-de-practica-pe-sectii\/\" \/>\n<meta property=\"og:site_name\" content=\"Covasna45\" \/>\n<meta property=\"article:published_time\" content=\"2026-03-17T09:01:08+00:00\" \/>\n<meta property=\"article:modified_time\" content=\"2026-03-17T09:34:34+00:00\" \/>\n<meta property=\"og:image\" content=\"https:\/\/covasna45.ro\/wp-content\/uploads\/2026\/03\/SHADOW-11-scaled.jpg\" \/>\n\t<meta property=\"og:image:width\" content=\"2560\" \/>\n\t<meta property=\"og:image:height\" content=\"1707\" \/>\n\t<meta property=\"og:image:type\" content=\"image\/jpeg\" \/>\n<meta name=\"author\" content=\"Covasna45\" \/>\n<meta name=\"twitter:card\" content=\"summary_large_image\" \/>\n<meta name=\"twitter:label1\" content=\"Scris de\" \/>\n\t<meta name=\"twitter:data1\" content=\"Covasna45\" \/>\n\t<meta name=\"twitter:label2\" content=\"Timp estimat pentru citire\" \/>\n\t<meta name=\"twitter:data2\" content=\"5 minute\" \/>\n<script type=\"application\/ld+json\" class=\"yoast-schema-graph\">{\"@context\":\"https:\\\/\\\/schema.org\",\"@graph\":[{\"@type\":\"Article\",\"@id\":\"https:\\\/\\\/covasna45.ro\\\/index.php\\\/lumea-noastra\\\/program-pentru-tineri-la-spitalul-judetean-stagii-de-practica-pe-sectii\\\/#article\",\"isPartOf\":{\"@id\":\"https:\\\/\\\/covasna45.ro\\\/index.php\\\/lumea-noastra\\\/program-pentru-tineri-la-spitalul-judetean-stagii-de-practica-pe-sectii\\\/\"},\"author\":{\"name\":\"Covasna45\",\"@id\":\"https:\\\/\\\/covasna45.ro\\\/#\\\/schema\\\/person\\\/e674052bd7d95d70bbb007a1060ab73c\"},\"headline\":\"Program pentru tineri la Spitalul Jude\u021bean: stagii de practic\u0103 pe sec\u021bii\",\"datePublished\":\"2026-03-17T09:01:08+00:00\",\"dateModified\":\"2026-03-17T09:34:34+00:00\",\"mainEntityOfPage\":{\"@id\":\"https:\\\/\\\/covasna45.ro\\\/index.php\\\/lumea-noastra\\\/program-pentru-tineri-la-spitalul-judetean-stagii-de-practica-pe-sectii\\\/\"},\"wordCount\":662,\"commentCount\":0,\"publisher\":{\"@id\":\"https:\\\/\\\/covasna45.ro\\\/#organization\"},\"image\":{\"@id\":\"https:\\\/\\\/covasna45.ro\\\/index.php\\\/lumea-noastra\\\/program-pentru-tineri-la-spitalul-judetean-stagii-de-practica-pe-sectii\\\/#primaryimage\"},\"thumbnailUrl\":\"https:\\\/\\\/covasna45.ro\\\/wp-content\\\/uploads\\\/2026\\\/03\\\/SHADOW-11-scaled.jpg\",\"keywords\":[\"practica\",\"Sfantu Gheorghe\",\"spital\"],\"articleSection\":[\"Lumea noastr\u0103\"],\"inLanguage\":\"ro-RO\",\"potentialAction\":[{\"@type\":\"CommentAction\",\"name\":\"Comment\",\"target\":[\"https:\\\/\\\/covasna45.ro\\\/index.php\\\/lumea-noastra\\\/program-pentru-tineri-la-spitalul-judetean-stagii-de-practica-pe-sectii\\\/#respond\"]}]},{\"@type\":\"WebPage\",\"@id\":\"https:\\\/\\\/covasna45.ro\\\/index.php\\\/lumea-noastra\\\/program-pentru-tineri-la-spitalul-judetean-stagii-de-practica-pe-sectii\\\/\",\"url\":\"https:\\\/\\\/covasna45.ro\\\/index.php\\\/lumea-noastra\\\/program-pentru-tineri-la-spitalul-judetean-stagii-de-practica-pe-sectii\\\/\",\"name\":\"Program pentru tineri la Spitalul Jude\u021bean: stagii de practic\u0103 pe sec\u021bii - Covasna45\",\"isPartOf\":{\"@id\":\"https:\\\/\\\/covasna45.ro\\\/#website\"},\"primaryImageOfPage\":{\"@id\":\"https:\\\/\\\/covasna45.ro\\\/index.php\\\/lumea-noastra\\\/program-pentru-tineri-la-spitalul-judetean-stagii-de-practica-pe-sectii\\\/#primaryimage\"},\"image\":{\"@id\":\"https:\\\/\\\/covasna45.ro\\\/index.php\\\/lumea-noastra\\\/program-pentru-tineri-la-spitalul-judetean-stagii-de-practica-pe-sectii\\\/#primaryimage\"},\"thumbnailUrl\":\"https:\\\/\\\/covasna45.ro\\\/wp-content\\\/uploads\\\/2026\\\/03\\\/SHADOW-11-scaled.jpg\",\"datePublished\":\"2026-03-17T09:01:08+00:00\",\"dateModified\":\"2026-03-17T09:34:34+00:00\",\"description\":\"Spitalul Jude\u021bean de Urgen\u021b\u0103 \u201eDr. Fogoly\u00e1n Krist\u00f3f\u201d din Sf\u00e2ntu Gheorghe anun\u021b\u0103 relansarea Programului Shadow.\",\"breadcrumb\":{\"@id\":\"https:\\\/\\\/covasna45.ro\\\/index.php\\\/lumea-noastra\\\/program-pentru-tineri-la-spitalul-judetean-stagii-de-practica-pe-sectii\\\/#breadcrumb\"},\"inLanguage\":\"ro-RO\",\"potentialAction\":[{\"@type\":\"ReadAction\",\"target\":[\"https:\\\/\\\/covasna45.ro\\\/index.php\\\/lumea-noastra\\\/program-pentru-tineri-la-spitalul-judetean-stagii-de-practica-pe-sectii\\\/\"]}]},{\"@type\":\"ImageObject\",\"inLanguage\":\"ro-RO\",\"@id\":\"https:\\\/\\\/covasna45.ro\\\/index.php\\\/lumea-noastra\\\/program-pentru-tineri-la-spitalul-judetean-stagii-de-practica-pe-sectii\\\/#primaryimage\",\"url\":\"https:\\\/\\\/covasna45.ro\\\/wp-content\\\/uploads\\\/2026\\\/03\\\/SHADOW-11-scaled.jpg\",\"contentUrl\":\"https:\\\/\\\/covasna45.ro\\\/wp-content\\\/uploads\\\/2026\\\/03\\\/SHADOW-11-scaled.jpg\",\"width\":2560,\"height\":1707},{\"@type\":\"BreadcrumbList\",\"@id\":\"https:\\\/\\\/covasna45.ro\\\/index.php\\\/lumea-noastra\\\/program-pentru-tineri-la-spitalul-judetean-stagii-de-practica-pe-sectii\\\/#breadcrumb\",\"itemListElement\":[{\"@type\":\"ListItem\",\"position\":1,\"name\":\"Prima pagin\u0103\",\"item\":\"https:\\\/\\\/covasna45.ro\\\/\"},{\"@type\":\"ListItem\",\"position\":2,\"name\":\"Program pentru tineri la Spitalul Jude\u021bean: stagii de practic\u0103 pe sec\u021bii\"}]},{\"@type\":\"WebSite\",\"@id\":\"https:\\\/\\\/covasna45.ro\\\/#website\",\"url\":\"https:\\\/\\\/covasna45.ro\\\/\",\"name\":\"covasna45.ro\",\"description\":\"\",\"publisher\":{\"@id\":\"https:\\\/\\\/covasna45.ro\\\/#organization\"},\"potentialAction\":[{\"@type\":\"SearchAction\",\"target\":{\"@type\":\"EntryPoint\",\"urlTemplate\":\"https:\\\/\\\/covasna45.ro\\\/?s={search_term_string}\"},\"query-input\":{\"@type\":\"PropertyValueSpecification\",\"valueRequired\":true,\"valueName\":\"search_term_string\"}}],\"inLanguage\":\"ro-RO\"},{\"@type\":\"Organization\",\"@id\":\"https:\\\/\\\/covasna45.ro\\\/#organization\",\"name\":\"covasna45.ro\",\"url\":\"https:\\\/\\\/covasna45.ro\\\/\",\"logo\":{\"@type\":\"ImageObject\",\"inLanguage\":\"ro-RO\",\"@id\":\"https:\\\/\\\/covasna45.ro\\\/#\\\/schema\\\/logo\\\/image\\\/\",\"url\":\"https:\\\/\\\/covasna45.ro\\\/wp-content\\\/uploads\\\/2023\\\/01\\\/icon_logo.png\",\"contentUrl\":\"https:\\\/\\\/covasna45.ro\\\/wp-content\\\/uploads\\\/2023\\\/01\\\/icon_logo.png\",\"width\":1900,\"height\":1900,\"caption\":\"covasna45.ro\"},\"image\":{\"@id\":\"https:\\\/\\\/covasna45.ro\\\/#\\\/schema\\\/logo\\\/image\\\/\"}},{\"@type\":\"Person\",\"@id\":\"https:\\\/\\\/covasna45.ro\\\/#\\\/schema\\\/person\\\/e674052bd7d95d70bbb007a1060ab73c\",\"name\":\"Covasna45\",\"image\":{\"@type\":\"ImageObject\",\"inLanguage\":\"ro-RO\",\"@id\":\"https:\\\/\\\/covasna45.ro\\\/wp-content\\\/uploads\\\/2025\\\/10\\\/icon_logo_covasna45-150x150.png\",\"url\":\"https:\\\/\\\/covasna45.ro\\\/wp-content\\\/uploads\\\/2025\\\/10\\\/icon_logo_covasna45-150x150.png\",\"contentUrl\":\"https:\\\/\\\/covasna45.ro\\\/wp-content\\\/uploads\\\/2025\\\/10\\\/icon_logo_covasna45-150x150.png\",\"caption\":\"Covasna45\"},\"sameAs\":[\"https:\\\/\\\/covasna45.ro\"],\"url\":\"https:\\\/\\\/covasna45.ro\\\/index.php\\\/author\\\/covasna\\\/\"}]}<\/script>\n<!-- \/ Yoast SEO plugin. -->","yoast_head_json":{"title":"Program pentru tineri la Spitalul Jude\u021bean: stagii de practic\u0103 pe sec\u021bii - Covasna45","description":"Spitalul Jude\u021bean de Urgen\u021b\u0103 \u201eDr. Fogoly\u00e1n Krist\u00f3f\u201d din Sf\u00e2ntu Gheorghe anun\u021b\u0103 relansarea Programului Shadow.","robots":{"index":"index","follow":"follow","max-snippet":"max-snippet:-1","max-image-preview":"max-image-preview:large","max-video-preview":"max-video-preview:-1"},"canonical":"https:\/\/covasna45.ro\/index.php\/lumea-noastra\/program-pentru-tineri-la-spitalul-judetean-stagii-de-practica-pe-sectii\/","og_locale":"ro_RO","og_type":"article","og_title":"Program pentru tineri la Spitalul Jude\u021bean: stagii de practic\u0103 pe sec\u021bii - Covasna45","og_description":"Spitalul Jude\u021bean de Urgen\u021b\u0103 \u201eDr. Fogoly\u00e1n Krist\u00f3f\u201d din Sf\u00e2ntu Gheorghe anun\u021b\u0103 relansarea Programului Shadow.","og_url":"https:\/\/covasna45.ro\/index.php\/lumea-noastra\/program-pentru-tineri-la-spitalul-judetean-stagii-de-practica-pe-sectii\/","og_site_name":"Covasna45","article_published_time":"2026-03-17T09:01:08+00:00","article_modified_time":"2026-03-17T09:34:34+00:00","og_image":[{"width":2560,"height":1707,"url":"https:\/\/covasna45.ro\/wp-content\/uploads\/2026\/03\/SHADOW-11-scaled.jpg","type":"image\/jpeg"}],"author":"Covasna45","twitter_card":"summary_large_image","twitter_misc":{"Scris de":"Covasna45","Timp estimat pentru citire":"5 minute"},"schema":{"@context":"https:\/\/schema.org","@graph":[{"@type":"Article","@id":"https:\/\/covasna45.ro\/index.php\/lumea-noastra\/program-pentru-tineri-la-spitalul-judetean-stagii-de-practica-pe-sectii\/#article","isPartOf":{"@id":"https:\/\/covasna45.ro\/index.php\/lumea-noastra\/program-pentru-tineri-la-spitalul-judetean-stagii-de-practica-pe-sectii\/"},"author":{"name":"Covasna45","@id":"https:\/\/covasna45.ro\/#\/schema\/person\/e674052bd7d95d70bbb007a1060ab73c"},"headline":"Program pentru tineri la Spitalul Jude\u021bean: stagii de practic\u0103 pe sec\u021bii","datePublished":"2026-03-17T09:01:08+00:00","dateModified":"2026-03-17T09:34:34+00:00","mainEntityOfPage":{"@id":"https:\/\/covasna45.ro\/index.php\/lumea-noastra\/program-pentru-tineri-la-spitalul-judetean-stagii-de-practica-pe-sectii\/"},"wordCount":662,"commentCount":0,"publisher":{"@id":"https:\/\/covasna45.ro\/#organization"},"image":{"@id":"https:\/\/covasna45.ro\/index.php\/lumea-noastra\/program-pentru-tineri-la-spitalul-judetean-stagii-de-practica-pe-sectii\/#primaryimage"},"thumbnailUrl":"https:\/\/covasna45.ro\/wp-content\/uploads\/2026\/03\/SHADOW-11-scaled.jpg","keywords":["practica","Sfantu Gheorghe","spital"],"articleSection":["Lumea noastr\u0103"],"inLanguage":"ro-RO","potentialAction":[{"@type":"CommentAction","name":"Comment","target":["https:\/\/covasna45.ro\/index.php\/lumea-noastra\/program-pentru-tineri-la-spitalul-judetean-stagii-de-practica-pe-sectii\/#respond"]}]},{"@type":"WebPage","@id":"https:\/\/covasna45.ro\/index.php\/lumea-noastra\/program-pentru-tineri-la-spitalul-judetean-stagii-de-practica-pe-sectii\/","url":"https:\/\/covasna45.ro\/index.php\/lumea-noastra\/program-pentru-tineri-la-spitalul-judetean-stagii-de-practica-pe-sectii\/","name":"Program pentru tineri la Spitalul Jude\u021bean: stagii de practic\u0103 pe sec\u021bii - Covasna45","isPartOf":{"@id":"https:\/\/covasna45.ro\/#website"},"primaryImageOfPage":{"@id":"https:\/\/covasna45.ro\/index.php\/lumea-noastra\/program-pentru-tineri-la-spitalul-judetean-stagii-de-practica-pe-sectii\/#primaryimage"},"image":{"@id":"https:\/\/covasna45.ro\/index.php\/lumea-noastra\/program-pentru-tineri-la-spitalul-judetean-stagii-de-practica-pe-sectii\/#primaryimage"},"thumbnailUrl":"https:\/\/covasna45.ro\/wp-content\/uploads\/2026\/03\/SHADOW-11-scaled.jpg","datePublished":"2026-03-17T09:01:08+00:00","dateModified":"2026-03-17T09:34:34+00:00","description":"Spitalul Jude\u021bean de Urgen\u021b\u0103 \u201eDr. Fogoly\u00e1n Krist\u00f3f\u201d din Sf\u00e2ntu Gheorghe anun\u021b\u0103 relansarea Programului Shadow.","breadcrumb":{"@id":"https:\/\/covasna45.ro\/index.php\/lumea-noastra\/program-pentru-tineri-la-spitalul-judetean-stagii-de-practica-pe-sectii\/#breadcrumb"},"inLanguage":"ro-RO","potentialAction":[{"@type":"ReadAction","target":["https:\/\/covasna45.ro\/index.php\/lumea-noastra\/program-pentru-tineri-la-spitalul-judetean-stagii-de-practica-pe-sectii\/"]}]},{"@type":"ImageObject","inLanguage":"ro-RO","@id":"https:\/\/covasna45.ro\/index.php\/lumea-noastra\/program-pentru-tineri-la-spitalul-judetean-stagii-de-practica-pe-sectii\/#primaryimage","url":"https:\/\/covasna45.ro\/wp-content\/uploads\/2026\/03\/SHADOW-11-scaled.jpg","contentUrl":"https:\/\/covasna45.ro\/wp-content\/uploads\/2026\/03\/SHADOW-11-scaled.jpg","width":2560,"height":1707},{"@type":"BreadcrumbList","@id":"https:\/\/covasna45.ro\/index.php\/lumea-noastra\/program-pentru-tineri-la-spitalul-judetean-stagii-de-practica-pe-sectii\/#breadcrumb","itemListElement":[{"@type":"ListItem","position":1,"name":"Prima pagin\u0103","item":"https:\/\/covasna45.ro\/"},{"@type":"ListItem","position":2,"name":"Program pentru tineri la Spitalul Jude\u021bean: stagii de practic\u0103 pe sec\u021bii"}]},{"@type":"WebSite","@id":"https:\/\/covasna45.ro\/#website","url":"https:\/\/covasna45.ro\/","name":"covasna45.ro","description":"","publisher":{"@id":"https:\/\/covasna45.ro\/#organization"},"potentialAction":[{"@type":"SearchAction","target":{"@type":"EntryPoint","urlTemplate":"https:\/\/covasna45.ro\/?s={search_term_string}"},"query-input":{"@type":"PropertyValueSpecification","valueRequired":true,"valueName":"search_term_string"}}],"inLanguage":"ro-RO"},{"@type":"Organization","@id":"https:\/\/covasna45.ro\/#organization","name":"covasna45.ro","url":"https:\/\/covasna45.ro\/","logo":{"@type":"ImageObject","inLanguage":"ro-RO","@id":"https:\/\/covasna45.ro\/#\/schema\/logo\/image\/","url":"https:\/\/covasna45.ro\/wp-content\/uploads\/2023\/01\/icon_logo.png","contentUrl":"https:\/\/covasna45.ro\/wp-content\/uploads\/2023\/01\/icon_logo.png","width":1900,"height":1900,"caption":"covasna45.ro"},"image":{"@id":"https:\/\/covasna45.ro\/#\/schema\/logo\/image\/"}},{"@type":"Person","@id":"https:\/\/covasna45.ro\/#\/schema\/person\/e674052bd7d95d70bbb007a1060ab73c","name":"Covasna45","image":{"@type":"ImageObject","inLanguage":"ro-RO","@id":"https:\/\/covasna45.ro\/wp-content\/uploads\/2025\/10\/icon_logo_covasna45-150x150.png","url":"https:\/\/covasna45.ro\/wp-content\/uploads\/2025\/10\/icon_logo_covasna45-150x150.png","contentUrl":"https:\/\/covasna45.ro\/wp-content\/uploads\/2025\/10\/icon_logo_covasna45-150x150.png","caption":"Covasna45"},"sameAs":["https:\/\/covasna45.ro"],"url":"https:\/\/covasna45.ro\/index.php\/author\/covasna\/"}]}},"_links":{"self":[{"href":"https:\/\/covasna45.ro\/index.php\/wp-json\/wp\/v2\/posts\/15480","targetHints":{"allow":["GET"]}}],"collection":[{"href":"https:\/\/covasna45.ro\/index.php\/wp-json\/wp\/v2\/posts"}],"about":[{"href":"https:\/\/covasna45.ro\/index.php\/wp-json\/wp\/v2\/types\/post"}],"author":[{"embeddable":true,"href":"https:\/\/covasna45.ro\/index.php\/wp-json\/wp\/v2\/users\/1"}],"replies":[{"embeddable":true,"href":"https:\/\/covasna45.ro\/index.php\/wp-json\/wp\/v2\/comments?post=15480"}],"version-history":[{"count":2,"href":"https:\/\/covasna45.ro\/index.php\/wp-json\/wp\/v2\/posts\/15480\/revisions"}],"predecessor-version":[{"id":15488,"href":"https:\/\/covasna45.ro\/index.php\/wp-json\/wp\/v2\/posts\/15480\/revisions\/15488"}],"wp:featuredmedia":[{"embeddable":true,"href":"https:\/\/covasna45.ro\/index.php\/wp-json\/wp\/v2\/media\/15481"}],"wp:attachment":[{"href":"https:\/\/covasna45.ro\/index.php\/wp-json\/wp\/v2\/media?parent=15480"}],"wp:term":[{"taxonomy":"category","embeddable":true,"href":"https:\/\/covasna45.ro\/index.php\/wp-json\/wp\/v2\/categories?post=15480"},{"taxonomy":"post_tag","embeddable":true,"href":"https:\/\/covasna45.ro\/index.php\/wp-json\/wp\/v2\/tags?post=15480"}],"curies":[{"name":"wp","href":"https:\/\/api.w.org\/{rel}","templated":true}]}}