{"id":15489,"date":"2026-03-17T11:49:39","date_gmt":"2026-03-17T09:49:39","guid":{"rendered":"https:\/\/covasna45.ro\/?p=15489"},"modified":"2026-03-17T11:49:40","modified_gmt":"2026-03-17T09:49:40","slug":"vine-razboiul-va-fi-din-nou-stare-de-urgenta-cu-poporul-cine-vorbeste","status":"publish","type":"post","link":"https:\/\/covasna45.ro\/index.php\/opinii\/vine-razboiul-va-fi-din-nou-stare-de-urgenta-cu-poporul-cine-vorbeste\/","title":{"rendered":"Vine r\u0103zboiul? Va fi din nou stare de urgen\u021b\u0103? Cu poporul cine vorbe\u0219te?"},"content":{"rendered":"\n<p>Afl\u0103m din pres\u0103 c\u0103 Iranul ne-a pus pe o list\u0103 neagr\u0103 pentru c\u0103 punem la dispozi\u021bia SUA bazele militare din Rom\u00e2nia. Poate le vor ataca. Poate nu. Dar lumea fierbe, avem un r\u0103zboi l\u00e2ng\u0103 noi, avem o degradare clar\u0103 a economiei \u2013 nu doar a celei rom\u00e2ne\u0219ti \u2013 \u0219i am devenit, iat\u0103, o \u021bint\u0103 pentru Iran.<\/p>\n\n\n\n<h2 class=\"wp-block-heading\">\u00cemi amintesc de zilele acelea penibile de dinaintea declar\u0103rii st\u0103rii de urgen\u021b\u0103 din pandemia de coronavirus.<\/h2>\n\n\n\n<p>Pre\u0219edintele de atunci, turistul Iohannis, ne anun\u021ba \u00eentr-o zi de vineri c\u0103 va declara starea de urgen\u021b\u0103 \u00een s\u0103pt\u0103m\u00e2na care va veni. A fost extrem de ciudat s\u0103 vezi c\u0103 urgen\u021ba poate &#8230;a\u0219tepta c\u00e2teva zile.<\/p>\n\n\n\n<p>Acum, \u00eenc\u0103 nu a tras nimeni \u00een noi, nici iranienii, nici ru\u0219ii. Dar dac\u0103 trag? Dac\u0103 proiectilele rateaz\u0103 direc\u021bia \u0219i \u00een loc s\u0103 loveasc\u0103 vreo baz\u0103 militar\u0103 lovesc vreun sat sau vreun ora\u0219?<\/p>\n\n\n\n<h2 class=\"wp-block-heading\">Cine st\u0103 de vorb\u0103 cu rom\u00e2nii despre toate lucrurile astea? <\/h2>\n\n\n\n<p>La ce s\u0103 ne a\u0219tept\u0103m? Poate ar fi nevoie de ceva preg\u0103tiri. Unde sunt ad\u0103posturile, ce facem cu m\u00e2ncarea, cum o duc spitalele dac\u0103, Doamne-fere\u0219te, e nevoie de ele?<\/p>\n\n\n\n<p>Atunci, \u00een pandemie, ap\u0103reau la televizor, pe r\u00e2nd, pre\u0219edintele Iohannis, eternul responsabil pentru serviciile de urgen\u021b\u0103, Raed Arafat, \u0219i ministrul de interne, Marcel Vela. Ultimul, un caraghios care a dat ordin s\u0103 se c\u00e2nte imnul din ma\u0219inile de poli\u021bie aflate \u00een patrulare. Purta o geac\u0103 de piele \u0219i se credea Clint Eastwood&#8230; Mai \u021bine\u021bi minte?<\/p>\n\n\n\n<h2 class=\"wp-block-heading\">Suntem preg\u0103ti\u021bi acum pentru o nou\u0103 stare de urgen\u021b\u0103? <\/h2>\n\n\n\n<p>Urmeaz\u0103 o astfel de stare de urgen\u021b\u0103 dac\u0103 ne atac\u0103 vreun du\u0219man? Putem s\u0103 facem ceva, putem s\u0103 ajut\u0103m dac\u0103 se \u00eent\u00e2mpl\u0103 ceva? <\/p>\n\n\n\n<p>Guvernul acesta care se pretinde campion al comunic\u0103rii \u0219i transparen\u021bei, cu mini\u0219trii care se exhib\u0103 stupid \u00een filme scurte pe Facebook, nu ne spune nimic despre acest subiect. Oana \u021aoiu, ministru de externe, a b\u00e2iguit ceva despre faptul c\u0103 bazele noastre vor g\u0103zdui doar armament defensiv. Adic\u0103 nu vom trage cu rachete \u00eenspre Iran, noi doar vom pune benzin\u0103 \u00een avioanele care duc bombe \u00een Iran. Doamna aceasta s-a ocupat de evacuarea rom\u00e2nilor din \u021b\u0103rile care au baze militare SUA pe teritoriul lor \u0219i \u0219tie ce a fost acolo. Asta da comunicare!&#8230;<\/p>\n\n\n\n<p>Cu siguran\u021b\u0103, oric\u00e2t ar fi de incompetente ar fi institu\u021biile statului rom\u00e2n, exist\u0103 ni\u0219te scenarii care acoper\u0103 toate tipurile de ac\u021biuni. Cu poporul totu\u0219i nu vorbe\u0219te nimeni? Guvernul are un purt\u0103tor de cuv\u00e2nt care tace. Are \u0219i un departament de comunicare. Tace \u0219i acesta.<\/p>\n\n\n\n<h2 class=\"wp-block-heading\">Pre\u0219edintele nu acoper\u0103 nici el acest c\u00e2mp al comunic\u0103rii necesare \u0219i obligatorii. <\/h2>\n\n\n\n<p>Armata mai exist\u0103? Dar CSAT? \u0218tie s\u0103 ne spun\u0103 careva, ceva? Ceva clar, corect \u0219i oficial?<\/p>\n\n\n\n<p>T\u0103cerea oficial\u0103 e acoperit\u0103 de tot felul de comentatori sau influenceri. Dup\u0103 cum au consumat sau nu sarmale la Cotroceni, propagandi\u0219tii de toate culorile \u00ee\u0219i dau cu p\u0103rerea despre orice, inclusiv despre r\u0103zboi. Dar textele lor nu \u021bin loc de inform\u0103rile oficiale. Nici post\u0103rile fostului pre\u0219edinte B\u0103sescu nu \u00eendeplinesc aceast\u0103 condi\u021bie.<\/p>\n\n\n\n<p><strong>O s\u0103 spune\u021bi c\u0103 sunt pr\u0103p\u0103stios. Nu sunt! Sunt doar un cet\u0103\u021bean care a\u0219teapt\u0103 ni\u0219te explica\u021bii fire\u0219ti de la conduc\u0103torii statului rom\u00e2n. Poate nu va fi niciun r\u0103zboi. Dar dac\u0103 va fi?<\/strong><\/p>\n\n\n\n<p><\/p>\n","protected":false},"excerpt":{"rendered":"<p>Afl\u0103m din pres\u0103 c\u0103 Iranul ne-a pus pe o list\u0103 neagr\u0103 pentru c\u0103 punem la dispozi\u021bia SUA bazele militare din Rom\u00e2nia. Poate le vor ataca. Poate nu. Dar lumea fierbe, avem un r\u0103zboi l\u00e2ng\u0103 noi, avem o degradare clar\u0103 a economiei \u2013 nu doar a celei rom\u00e2ne\u0219ti \u2013 \u0219i am devenit, iat\u0103, o \u021bint\u0103 pentru [&hellip;]<\/p>\n","protected":false},"author":2,"featured_media":15490,"comment_status":"open","ping_status":"closed","sticky":false,"template":"","format":"standard","meta":{"tdm_status":"","tdm_grid_status":"","footnotes":""},"categories":[13],"tags":[3382,177,1681,4606,2109,115,4605,116],"class_list":{"0":"post-15489","1":"post","2":"type-post","3":"status-publish","4":"format-standard","5":"has-post-thumbnail","7":"category-opinii","8":"tag-comunicare","9":"tag-guvern","10":"tag-iran","11":"tag-popor","12":"tag-presedinte","13":"tag-razboi","14":"tag-stare-de-urgenta","15":"tag-ucraina"},"yoast_head":"<!-- This site is optimized with the Yoast SEO plugin v27.5 - https:\/\/yoast.com\/product\/yoast-seo-wordpress\/ -->\n<title>Vine r\u0103zboiul? Va fi din nou stare de urgen\u021b\u0103? Cu poporul cine vorbe\u0219te? - Covasna45<\/title>\n<meta name=\"description\" content=\"Urmeaz\u0103 o astfel de stare de urgen\u021b\u0103 dac\u0103 ne atac\u0103 vreun du\u0219man? Putem s\u0103 facem ceva, putem s\u0103 ajut\u0103m dac\u0103 se \u00eent\u00e2mpl\u0103 ceva?\" \/>\n<meta name=\"robots\" content=\"index, follow, max-snippet:-1, max-image-preview:large, max-video-preview:-1\" \/>\n<link rel=\"canonical\" href=\"https:\/\/covasna45.ro\/index.php\/opinii\/vine-razboiul-va-fi-din-nou-stare-de-urgenta-cu-poporul-cine-vorbeste\/\" \/>\n<meta property=\"og:locale\" content=\"ro_RO\" \/>\n<meta property=\"og:type\" content=\"article\" \/>\n<meta property=\"og:title\" content=\"Vine r\u0103zboiul? Va fi din nou stare de urgen\u021b\u0103? Cu poporul cine vorbe\u0219te? - Covasna45\" \/>\n<meta property=\"og:description\" content=\"Urmeaz\u0103 o astfel de stare de urgen\u021b\u0103 dac\u0103 ne atac\u0103 vreun du\u0219man? Putem s\u0103 facem ceva, putem s\u0103 ajut\u0103m dac\u0103 se \u00eent\u00e2mpl\u0103 ceva?\" \/>\n<meta property=\"og:url\" content=\"https:\/\/covasna45.ro\/index.php\/opinii\/vine-razboiul-va-fi-din-nou-stare-de-urgenta-cu-poporul-cine-vorbeste\/\" \/>\n<meta property=\"og:site_name\" content=\"Covasna45\" \/>\n<meta property=\"article:published_time\" content=\"2026-03-17T09:49:39+00:00\" \/>\n<meta property=\"article:modified_time\" content=\"2026-03-17T09:49:40+00:00\" \/>\n<meta property=\"og:image\" content=\"https:\/\/covasna45.ro\/wp-content\/uploads\/2026\/03\/Avioane-F-16.jpg\" \/>\n\t<meta property=\"og:image:width\" content=\"1620\" \/>\n\t<meta property=\"og:image:height\" content=\"1080\" \/>\n\t<meta property=\"og:image:type\" content=\"image\/jpeg\" \/>\n<meta name=\"author\" content=\"Tudor Artenie\" \/>\n<meta name=\"twitter:card\" content=\"summary_large_image\" \/>\n<meta name=\"twitter:label1\" content=\"Scris de\" \/>\n\t<meta name=\"twitter:data1\" content=\"Tudor Artenie\" \/>\n\t<meta name=\"twitter:label2\" content=\"Timp estimat pentru citire\" \/>\n\t<meta name=\"twitter:data2\" content=\"3 minute\" \/>\n<script type=\"application\/ld+json\" class=\"yoast-schema-graph\">{\"@context\":\"https:\\\/\\\/schema.org\",\"@graph\":[{\"@type\":\"Article\",\"@id\":\"https:\\\/\\\/covasna45.ro\\\/index.php\\\/opinii\\\/vine-razboiul-va-fi-din-nou-stare-de-urgenta-cu-poporul-cine-vorbeste\\\/#article\",\"isPartOf\":{\"@id\":\"https:\\\/\\\/covasna45.ro\\\/index.php\\\/opinii\\\/vine-razboiul-va-fi-din-nou-stare-de-urgenta-cu-poporul-cine-vorbeste\\\/\"},\"author\":{\"name\":\"Tudor Artenie\",\"@id\":\"https:\\\/\\\/covasna45.ro\\\/#\\\/schema\\\/person\\\/bebc5d3d25da46ad17e583074ed07bde\"},\"headline\":\"Vine r\u0103zboiul? Va fi din nou stare de urgen\u021b\u0103? Cu poporul cine vorbe\u0219te?\",\"datePublished\":\"2026-03-17T09:49:39+00:00\",\"dateModified\":\"2026-03-17T09:49:40+00:00\",\"mainEntityOfPage\":{\"@id\":\"https:\\\/\\\/covasna45.ro\\\/index.php\\\/opinii\\\/vine-razboiul-va-fi-din-nou-stare-de-urgenta-cu-poporul-cine-vorbeste\\\/\"},\"wordCount\":602,\"commentCount\":0,\"publisher\":{\"@id\":\"https:\\\/\\\/covasna45.ro\\\/#organization\"},\"image\":{\"@id\":\"https:\\\/\\\/covasna45.ro\\\/index.php\\\/opinii\\\/vine-razboiul-va-fi-din-nou-stare-de-urgenta-cu-poporul-cine-vorbeste\\\/#primaryimage\"},\"thumbnailUrl\":\"https:\\\/\\\/covasna45.ro\\\/wp-content\\\/uploads\\\/2026\\\/03\\\/Avioane-F-16.jpg\",\"keywords\":[\"Comunicare\",\"Guvern\",\"Iran\",\"Popor\",\"Pre\u0219edinte\",\"r\u0103zboi\",\"Stare de urgen\u021b\u0103\",\"Ucraina\"],\"articleSection\":[\"Opinii\"],\"inLanguage\":\"ro-RO\",\"potentialAction\":[{\"@type\":\"CommentAction\",\"name\":\"Comment\",\"target\":[\"https:\\\/\\\/covasna45.ro\\\/index.php\\\/opinii\\\/vine-razboiul-va-fi-din-nou-stare-de-urgenta-cu-poporul-cine-vorbeste\\\/#respond\"]}]},{\"@type\":\"WebPage\",\"@id\":\"https:\\\/\\\/covasna45.ro\\\/index.php\\\/opinii\\\/vine-razboiul-va-fi-din-nou-stare-de-urgenta-cu-poporul-cine-vorbeste\\\/\",\"url\":\"https:\\\/\\\/covasna45.ro\\\/index.php\\\/opinii\\\/vine-razboiul-va-fi-din-nou-stare-de-urgenta-cu-poporul-cine-vorbeste\\\/\",\"name\":\"Vine r\u0103zboiul? Va fi din nou stare de urgen\u021b\u0103? Cu poporul cine vorbe\u0219te? - Covasna45\",\"isPartOf\":{\"@id\":\"https:\\\/\\\/covasna45.ro\\\/#website\"},\"primaryImageOfPage\":{\"@id\":\"https:\\\/\\\/covasna45.ro\\\/index.php\\\/opinii\\\/vine-razboiul-va-fi-din-nou-stare-de-urgenta-cu-poporul-cine-vorbeste\\\/#primaryimage\"},\"image\":{\"@id\":\"https:\\\/\\\/covasna45.ro\\\/index.php\\\/opinii\\\/vine-razboiul-va-fi-din-nou-stare-de-urgenta-cu-poporul-cine-vorbeste\\\/#primaryimage\"},\"thumbnailUrl\":\"https:\\\/\\\/covasna45.ro\\\/wp-content\\\/uploads\\\/2026\\\/03\\\/Avioane-F-16.jpg\",\"datePublished\":\"2026-03-17T09:49:39+00:00\",\"dateModified\":\"2026-03-17T09:49:40+00:00\",\"description\":\"Urmeaz\u0103 o astfel de stare de urgen\u021b\u0103 dac\u0103 ne atac\u0103 vreun du\u0219man? Putem s\u0103 facem ceva, putem s\u0103 ajut\u0103m dac\u0103 se \u00eent\u00e2mpl\u0103 ceva?\",\"breadcrumb\":{\"@id\":\"https:\\\/\\\/covasna45.ro\\\/index.php\\\/opinii\\\/vine-razboiul-va-fi-din-nou-stare-de-urgenta-cu-poporul-cine-vorbeste\\\/#breadcrumb\"},\"inLanguage\":\"ro-RO\",\"potentialAction\":[{\"@type\":\"ReadAction\",\"target\":[\"https:\\\/\\\/covasna45.ro\\\/index.php\\\/opinii\\\/vine-razboiul-va-fi-din-nou-stare-de-urgenta-cu-poporul-cine-vorbeste\\\/\"]}]},{\"@type\":\"ImageObject\",\"inLanguage\":\"ro-RO\",\"@id\":\"https:\\\/\\\/covasna45.ro\\\/index.php\\\/opinii\\\/vine-razboiul-va-fi-din-nou-stare-de-urgenta-cu-poporul-cine-vorbeste\\\/#primaryimage\",\"url\":\"https:\\\/\\\/covasna45.ro\\\/wp-content\\\/uploads\\\/2026\\\/03\\\/Avioane-F-16.jpg\",\"contentUrl\":\"https:\\\/\\\/covasna45.ro\\\/wp-content\\\/uploads\\\/2026\\\/03\\\/Avioane-F-16.jpg\",\"width\":1620,\"height\":1080},{\"@type\":\"BreadcrumbList\",\"@id\":\"https:\\\/\\\/covasna45.ro\\\/index.php\\\/opinii\\\/vine-razboiul-va-fi-din-nou-stare-de-urgenta-cu-poporul-cine-vorbeste\\\/#breadcrumb\",\"itemListElement\":[{\"@type\":\"ListItem\",\"position\":1,\"name\":\"Prima pagin\u0103\",\"item\":\"https:\\\/\\\/covasna45.ro\\\/\"},{\"@type\":\"ListItem\",\"position\":2,\"name\":\"Vine r\u0103zboiul? Va fi din nou stare de urgen\u021b\u0103? Cu poporul cine vorbe\u0219te?\"}]},{\"@type\":\"WebSite\",\"@id\":\"https:\\\/\\\/covasna45.ro\\\/#website\",\"url\":\"https:\\\/\\\/covasna45.ro\\\/\",\"name\":\"covasna45.ro\",\"description\":\"\",\"publisher\":{\"@id\":\"https:\\\/\\\/covasna45.ro\\\/#organization\"},\"potentialAction\":[{\"@type\":\"SearchAction\",\"target\":{\"@type\":\"EntryPoint\",\"urlTemplate\":\"https:\\\/\\\/covasna45.ro\\\/?s={search_term_string}\"},\"query-input\":{\"@type\":\"PropertyValueSpecification\",\"valueRequired\":true,\"valueName\":\"search_term_string\"}}],\"inLanguage\":\"ro-RO\"},{\"@type\":\"Organization\",\"@id\":\"https:\\\/\\\/covasna45.ro\\\/#organization\",\"name\":\"covasna45.ro\",\"url\":\"https:\\\/\\\/covasna45.ro\\\/\",\"logo\":{\"@type\":\"ImageObject\",\"inLanguage\":\"ro-RO\",\"@id\":\"https:\\\/\\\/covasna45.ro\\\/#\\\/schema\\\/logo\\\/image\\\/\",\"url\":\"https:\\\/\\\/covasna45.ro\\\/wp-content\\\/uploads\\\/2023\\\/01\\\/icon_logo.png\",\"contentUrl\":\"https:\\\/\\\/covasna45.ro\\\/wp-content\\\/uploads\\\/2023\\\/01\\\/icon_logo.png\",\"width\":1900,\"height\":1900,\"caption\":\"covasna45.ro\"},\"image\":{\"@id\":\"https:\\\/\\\/covasna45.ro\\\/#\\\/schema\\\/logo\\\/image\\\/\"}},{\"@type\":\"Person\",\"@id\":\"https:\\\/\\\/covasna45.ro\\\/#\\\/schema\\\/person\\\/bebc5d3d25da46ad17e583074ed07bde\",\"name\":\"Tudor Artenie\",\"image\":{\"@type\":\"ImageObject\",\"inLanguage\":\"ro-RO\",\"@id\":\"https:\\\/\\\/covasna45.ro\\\/wp-content\\\/uploads\\\/2025\\\/10\\\/Tudor_recita_1-1-150x150.jpg\",\"url\":\"https:\\\/\\\/covasna45.ro\\\/wp-content\\\/uploads\\\/2025\\\/10\\\/Tudor_recita_1-1-150x150.jpg\",\"contentUrl\":\"https:\\\/\\\/covasna45.ro\\\/wp-content\\\/uploads\\\/2025\\\/10\\\/Tudor_recita_1-1-150x150.jpg\",\"caption\":\"Tudor Artenie\"},\"url\":\"https:\\\/\\\/covasna45.ro\\\/index.php\\\/author\\\/tudor\\\/\"}]}<\/script>\n<!-- \/ Yoast SEO plugin. -->","yoast_head_json":{"title":"Vine r\u0103zboiul? Va fi din nou stare de urgen\u021b\u0103? Cu poporul cine vorbe\u0219te? - Covasna45","description":"Urmeaz\u0103 o astfel de stare de urgen\u021b\u0103 dac\u0103 ne atac\u0103 vreun du\u0219man? Putem s\u0103 facem ceva, putem s\u0103 ajut\u0103m dac\u0103 se \u00eent\u00e2mpl\u0103 ceva?","robots":{"index":"index","follow":"follow","max-snippet":"max-snippet:-1","max-image-preview":"max-image-preview:large","max-video-preview":"max-video-preview:-1"},"canonical":"https:\/\/covasna45.ro\/index.php\/opinii\/vine-razboiul-va-fi-din-nou-stare-de-urgenta-cu-poporul-cine-vorbeste\/","og_locale":"ro_RO","og_type":"article","og_title":"Vine r\u0103zboiul? Va fi din nou stare de urgen\u021b\u0103? Cu poporul cine vorbe\u0219te? - Covasna45","og_description":"Urmeaz\u0103 o astfel de stare de urgen\u021b\u0103 dac\u0103 ne atac\u0103 vreun du\u0219man? Putem s\u0103 facem ceva, putem s\u0103 ajut\u0103m dac\u0103 se \u00eent\u00e2mpl\u0103 ceva?","og_url":"https:\/\/covasna45.ro\/index.php\/opinii\/vine-razboiul-va-fi-din-nou-stare-de-urgenta-cu-poporul-cine-vorbeste\/","og_site_name":"Covasna45","article_published_time":"2026-03-17T09:49:39+00:00","article_modified_time":"2026-03-17T09:49:40+00:00","og_image":[{"width":1620,"height":1080,"url":"https:\/\/covasna45.ro\/wp-content\/uploads\/2026\/03\/Avioane-F-16.jpg","type":"image\/jpeg"}],"author":"Tudor Artenie","twitter_card":"summary_large_image","twitter_misc":{"Scris de":"Tudor Artenie","Timp estimat pentru citire":"3 minute"},"schema":{"@context":"https:\/\/schema.org","@graph":[{"@type":"Article","@id":"https:\/\/covasna45.ro\/index.php\/opinii\/vine-razboiul-va-fi-din-nou-stare-de-urgenta-cu-poporul-cine-vorbeste\/#article","isPartOf":{"@id":"https:\/\/covasna45.ro\/index.php\/opinii\/vine-razboiul-va-fi-din-nou-stare-de-urgenta-cu-poporul-cine-vorbeste\/"},"author":{"name":"Tudor Artenie","@id":"https:\/\/covasna45.ro\/#\/schema\/person\/bebc5d3d25da46ad17e583074ed07bde"},"headline":"Vine r\u0103zboiul? Va fi din nou stare de urgen\u021b\u0103? Cu poporul cine vorbe\u0219te?","datePublished":"2026-03-17T09:49:39+00:00","dateModified":"2026-03-17T09:49:40+00:00","mainEntityOfPage":{"@id":"https:\/\/covasna45.ro\/index.php\/opinii\/vine-razboiul-va-fi-din-nou-stare-de-urgenta-cu-poporul-cine-vorbeste\/"},"wordCount":602,"commentCount":0,"publisher":{"@id":"https:\/\/covasna45.ro\/#organization"},"image":{"@id":"https:\/\/covasna45.ro\/index.php\/opinii\/vine-razboiul-va-fi-din-nou-stare-de-urgenta-cu-poporul-cine-vorbeste\/#primaryimage"},"thumbnailUrl":"https:\/\/covasna45.ro\/wp-content\/uploads\/2026\/03\/Avioane-F-16.jpg","keywords":["Comunicare","Guvern","Iran","Popor","Pre\u0219edinte","r\u0103zboi","Stare de urgen\u021b\u0103","Ucraina"],"articleSection":["Opinii"],"inLanguage":"ro-RO","potentialAction":[{"@type":"CommentAction","name":"Comment","target":["https:\/\/covasna45.ro\/index.php\/opinii\/vine-razboiul-va-fi-din-nou-stare-de-urgenta-cu-poporul-cine-vorbeste\/#respond"]}]},{"@type":"WebPage","@id":"https:\/\/covasna45.ro\/index.php\/opinii\/vine-razboiul-va-fi-din-nou-stare-de-urgenta-cu-poporul-cine-vorbeste\/","url":"https:\/\/covasna45.ro\/index.php\/opinii\/vine-razboiul-va-fi-din-nou-stare-de-urgenta-cu-poporul-cine-vorbeste\/","name":"Vine r\u0103zboiul? Va fi din nou stare de urgen\u021b\u0103? Cu poporul cine vorbe\u0219te? - Covasna45","isPartOf":{"@id":"https:\/\/covasna45.ro\/#website"},"primaryImageOfPage":{"@id":"https:\/\/covasna45.ro\/index.php\/opinii\/vine-razboiul-va-fi-din-nou-stare-de-urgenta-cu-poporul-cine-vorbeste\/#primaryimage"},"image":{"@id":"https:\/\/covasna45.ro\/index.php\/opinii\/vine-razboiul-va-fi-din-nou-stare-de-urgenta-cu-poporul-cine-vorbeste\/#primaryimage"},"thumbnailUrl":"https:\/\/covasna45.ro\/wp-content\/uploads\/2026\/03\/Avioane-F-16.jpg","datePublished":"2026-03-17T09:49:39+00:00","dateModified":"2026-03-17T09:49:40+00:00","description":"Urmeaz\u0103 o astfel de stare de urgen\u021b\u0103 dac\u0103 ne atac\u0103 vreun du\u0219man? Putem s\u0103 facem ceva, putem s\u0103 ajut\u0103m dac\u0103 se \u00eent\u00e2mpl\u0103 ceva?","breadcrumb":{"@id":"https:\/\/covasna45.ro\/index.php\/opinii\/vine-razboiul-va-fi-din-nou-stare-de-urgenta-cu-poporul-cine-vorbeste\/#breadcrumb"},"inLanguage":"ro-RO","potentialAction":[{"@type":"ReadAction","target":["https:\/\/covasna45.ro\/index.php\/opinii\/vine-razboiul-va-fi-din-nou-stare-de-urgenta-cu-poporul-cine-vorbeste\/"]}]},{"@type":"ImageObject","inLanguage":"ro-RO","@id":"https:\/\/covasna45.ro\/index.php\/opinii\/vine-razboiul-va-fi-din-nou-stare-de-urgenta-cu-poporul-cine-vorbeste\/#primaryimage","url":"https:\/\/covasna45.ro\/wp-content\/uploads\/2026\/03\/Avioane-F-16.jpg","contentUrl":"https:\/\/covasna45.ro\/wp-content\/uploads\/2026\/03\/Avioane-F-16.jpg","width":1620,"height":1080},{"@type":"BreadcrumbList","@id":"https:\/\/covasna45.ro\/index.php\/opinii\/vine-razboiul-va-fi-din-nou-stare-de-urgenta-cu-poporul-cine-vorbeste\/#breadcrumb","itemListElement":[{"@type":"ListItem","position":1,"name":"Prima pagin\u0103","item":"https:\/\/covasna45.ro\/"},{"@type":"ListItem","position":2,"name":"Vine r\u0103zboiul? Va fi din nou stare de urgen\u021b\u0103? Cu poporul cine vorbe\u0219te?"}]},{"@type":"WebSite","@id":"https:\/\/covasna45.ro\/#website","url":"https:\/\/covasna45.ro\/","name":"covasna45.ro","description":"","publisher":{"@id":"https:\/\/covasna45.ro\/#organization"},"potentialAction":[{"@type":"SearchAction","target":{"@type":"EntryPoint","urlTemplate":"https:\/\/covasna45.ro\/?s={search_term_string}"},"query-input":{"@type":"PropertyValueSpecification","valueRequired":true,"valueName":"search_term_string"}}],"inLanguage":"ro-RO"},{"@type":"Organization","@id":"https:\/\/covasna45.ro\/#organization","name":"covasna45.ro","url":"https:\/\/covasna45.ro\/","logo":{"@type":"ImageObject","inLanguage":"ro-RO","@id":"https:\/\/covasna45.ro\/#\/schema\/logo\/image\/","url":"https:\/\/covasna45.ro\/wp-content\/uploads\/2023\/01\/icon_logo.png","contentUrl":"https:\/\/covasna45.ro\/wp-content\/uploads\/2023\/01\/icon_logo.png","width":1900,"height":1900,"caption":"covasna45.ro"},"image":{"@id":"https:\/\/covasna45.ro\/#\/schema\/logo\/image\/"}},{"@type":"Person","@id":"https:\/\/covasna45.ro\/#\/schema\/person\/bebc5d3d25da46ad17e583074ed07bde","name":"Tudor Artenie","image":{"@type":"ImageObject","inLanguage":"ro-RO","@id":"https:\/\/covasna45.ro\/wp-content\/uploads\/2025\/10\/Tudor_recita_1-1-150x150.jpg","url":"https:\/\/covasna45.ro\/wp-content\/uploads\/2025\/10\/Tudor_recita_1-1-150x150.jpg","contentUrl":"https:\/\/covasna45.ro\/wp-content\/uploads\/2025\/10\/Tudor_recita_1-1-150x150.jpg","caption":"Tudor Artenie"},"url":"https:\/\/covasna45.ro\/index.php\/author\/tudor\/"}]}},"_links":{"self":[{"href":"https:\/\/covasna45.ro\/index.php\/wp-json\/wp\/v2\/posts\/15489","targetHints":{"allow":["GET"]}}],"collection":[{"href":"https:\/\/covasna45.ro\/index.php\/wp-json\/wp\/v2\/posts"}],"about":[{"href":"https:\/\/covasna45.ro\/index.php\/wp-json\/wp\/v2\/types\/post"}],"author":[{"embeddable":true,"href":"https:\/\/covasna45.ro\/index.php\/wp-json\/wp\/v2\/users\/2"}],"replies":[{"embeddable":true,"href":"https:\/\/covasna45.ro\/index.php\/wp-json\/wp\/v2\/comments?post=15489"}],"version-history":[{"count":1,"href":"https:\/\/covasna45.ro\/index.php\/wp-json\/wp\/v2\/posts\/15489\/revisions"}],"predecessor-version":[{"id":15491,"href":"https:\/\/covasna45.ro\/index.php\/wp-json\/wp\/v2\/posts\/15489\/revisions\/15491"}],"wp:featuredmedia":[{"embeddable":true,"href":"https:\/\/covasna45.ro\/index.php\/wp-json\/wp\/v2\/media\/15490"}],"wp:attachment":[{"href":"https:\/\/covasna45.ro\/index.php\/wp-json\/wp\/v2\/media?parent=15489"}],"wp:term":[{"taxonomy":"category","embeddable":true,"href":"https:\/\/covasna45.ro\/index.php\/wp-json\/wp\/v2\/categories?post=15489"},{"taxonomy":"post_tag","embeddable":true,"href":"https:\/\/covasna45.ro\/index.php\/wp-json\/wp\/v2\/tags?post=15489"}],"curies":[{"name":"wp","href":"https:\/\/api.w.org\/{rel}","templated":true}]}}