{"id":15496,"date":"2026-03-17T15:38:20","date_gmt":"2026-03-17T13:38:20","guid":{"rendered":"https:\/\/covasna45.ro\/?p=15496"},"modified":"2026-03-17T16:09:25","modified_gmt":"2026-03-17T14:09:25","slug":"se-aliniaza-astrele-pentru-turismul-balnear-o-sansa-pentru-judetul-covasna","status":"publish","type":"post","link":"https:\/\/covasna45.ro\/index.php\/lumea-noastra\/se-aliniaza-astrele-pentru-turismul-balnear-o-sansa-pentru-judetul-covasna\/","title":{"rendered":"Se aliniaz\u0103 astrele pentru turismul balnear. O \u0219ans\u0103 pentru jude\u021bul Covasna"},"content":{"rendered":"\n<p>Ministrul Economiei \u0219i Turismului a anun\u021bat ieri c\u0103 alocarea pentru promovarea turistic\u0103 a Rom\u00e2niei a fost dublat\u0103, una dintre priorit\u0103\u021bile pentru acest an fiind turismul balnear.<\/p>\n\n\n\n<p>\u201e<strong><em>La turism, am insistat pe faptul c\u0103 avem nevoie de mai mult\u0103 promovare. Am reu\u0219it s\u0103 dubl\u0103m alocarea bugetar\u0103, fa\u021b\u0103 de 2,2 milioane de euro vom ajunge la 4,5 milioane de euro, iar cu creditele de angajament avem chiar peste 20 de milioane de euro. (&#8230;) \u00cen a doua jum\u0103tate a anului, vom mai putea solicita sume la rectificare<\/em><\/strong>\u201d, a spus ministrul de resort, care a ad\u0103ugat c\u0103 unul dintre obiectivele pe 2026 este \u0219i relansarea turismului balnear.<\/p>\n\n\n\n<h2 class=\"wp-block-heading\">O strategie mai veche \u0219i un Plan nou<\/h2>\n\n\n\n<p>Turismul balnear beneficiaz\u0103, la nivel na\u021bional, de o <a href=\"https:\/\/turism.gov.ro\/web\/documente-strategice-balneo\/\">Strategie<\/a> sectorial\u0103 dedicat\u0103 dezvolt\u0103rii, aprobat\u0103 prin Hot\u0103r\u00e2rea Guvernului nr. 571\/2019. Documentul stabile\u0219te direc\u021biile \u0219i ac\u021biunile strategice pentru consolidarea \u0219i pozi\u021bionarea competitiv\u0103 a turismului balnear din Rom\u00e2nia, cu accent pe trei componente majore: turismul balnear \u201everde\u201d, integrat cu ecoturismul \u0219i ariile naturale protejate care \u00eenconjoar\u0103 aceste destina\u021bii, turismul balnear medical \u0219i turismul de tip anti-aging.<\/p>\n\n\n\n<p>Strategia nu are \u00eens\u0103, de atunci, \u0219i un Plan de Ac\u021biune. La acesta se lucreaz\u0103.<\/p>\n\n\n\n<p>Pre\u0219edintele Organiza\u021biei Patronale a Turismului Balnear din Rom\u00e2nia&nbsp;(<a href=\"https:\/\/romanian-spas.ro\/\">OPTBR<\/a>), Nicu R\u0103dulescu, ne-a spus c\u0103 2026 ar putea fi \u201eanul turismului balnear\u201d \u00een Rom\u00e2nia.<\/p>\n\n\n\n<p>\u201e<strong><em>La ini\u021biativa noastr\u0103, a OPTBR, a fost creat un grup de lucru, pentru c\u0103, dup\u0103 adoptarea Strategiei, era nevoie \u0219i de un Plan de Ac\u021biuni. Am finalizat acest Plan anul trecut, sunt implicate o mare parte dintre ministere. S-au f\u0103cut propuneri, modific\u0103ri\u2026 \u00cen dou\u0103 sau trei s\u0103pt\u0103m\u00e2ni acest Plan va fi gata \u0219i va fi aprobat prin Hot\u0103r\u00e2re de Guvern. <\/em><\/strong><\/p>\n\n\n\n<p><strong><em>El include toate sta\u021biunile din Rom\u00e2nia. \u0218i pornim de la afec\u021biuni. Desigur c\u0103 atunci c\u00e2nd vorbim despre afec\u021biuni cardiovasculare, Covasna e num\u0103rul 1. <\/em><\/strong><\/p>\n\n\n\n<p><strong><em>Am militat constant pentru promovarea factorilor naturali de cur\u0103 pe care \u00eei are Rom\u00e2nia. Ace\u0219tia nu au contraindica\u021bii. Eu cred sincer c\u0103 vom salva turismul rom\u00e2nesc prin turismul balnear. Pentru c\u0103 putem avea \u0219i acea Directiv\u0103 european\u0103 din 2013 care spune c\u0103 toate serviciile de s\u0103n\u0103tate transfrontaliere se deconteaz\u0103 prin Casa de Asigur\u0103ri de S\u0103n\u0103tate. \u0218i atunci avem \u00eenc\u0103 un pas mare \u00eenainte. <\/em><\/strong><\/p>\n\n\n\n<p><strong><em>Deci pot veni la tratament grupuri din Germania, de exemplu, la Covasna \u0219i se deconteaz\u0103 prin Casa de Asigur\u0103ri de S\u0103n\u0103tate tratamentul<\/em><\/strong>\u201d, explic\u0103 Nicu R\u0103dulescu pentru <a href=\"https:\/\/covasna45.ro\/index.php\/lumea-noastra\/reportaj-o-tura-prin-hotelurile-cerbul-caprioara-si-covasna\/\">covasna45.ro<\/a>.<\/p>\n\n\n\n<figure class=\"wp-block-image size-large\"><img loading=\"lazy\" decoding=\"async\" width=\"1024\" height=\"509\" src=\"https:\/\/covasna45.ro\/wp-content\/uploads\/2026\/03\/nicu-rad-1024x509.jpg\" alt=\"\" class=\"wp-image-15497\" srcset=\"https:\/\/covasna45.ro\/wp-content\/uploads\/2026\/03\/nicu-rad-1024x509.jpg 1024w, https:\/\/covasna45.ro\/wp-content\/uploads\/2026\/03\/nicu-rad-300x149.jpg 300w, https:\/\/covasna45.ro\/wp-content\/uploads\/2026\/03\/nicu-rad-768x382.jpg 768w, https:\/\/covasna45.ro\/wp-content\/uploads\/2026\/03\/nicu-rad-1536x763.jpg 1536w, https:\/\/covasna45.ro\/wp-content\/uploads\/2026\/03\/nicu-rad-2048x1018.jpg 2048w, https:\/\/covasna45.ro\/wp-content\/uploads\/2026\/03\/nicu-rad-150x75.jpg 150w, https:\/\/covasna45.ro\/wp-content\/uploads\/2026\/03\/nicu-rad-696x346.jpg 696w, https:\/\/covasna45.ro\/wp-content\/uploads\/2026\/03\/nicu-rad-1068x531.jpg 1068w, https:\/\/covasna45.ro\/wp-content\/uploads\/2026\/03\/nicu-rad-1920x954.jpg 1920w\" sizes=\"auto, (max-width: 1024px) 100vw, 1024px\" \/><\/figure>\n\n\n\n<h2 class=\"wp-block-heading\">O nou\u0103 lege<\/h2>\n\n\n\n<p>\u00cen paralel cu Planul de Ac\u021biuni, \u00een Parlament a fost depus\u0103 o ini\u021biativ\u0103 legislativ\u0103 privind m\u0103suri de sprijin pentru dezvoltarea turismului balnear. Prin lege, acesta e considerat domeniu strategic prioritar al economiei na\u021bionale.<\/p>\n\n\n\n<p>\u201e<strong><em>Prezenta lege are ca obiectiv dezvoltarea turismului balnear rom\u00e2nesc ca domeniu strategic prioritar al economiei na\u021bionale prin stabilirea unui cadru de evolu\u021bie sustenabil\u0103 \u0219i implementarea unor m\u0103suri de sprijin pentru modernizarea \u0219i extinderea infrastructurii turistice balneare<\/em><\/strong>\u201d, prevede actul normativ ini\u021biat de 42 parlamentari, cei mai mul\u021bi fiind de la PSD.<br><br>\u00cen acest sens, turismul balnear reprezint\u0103 \u201e<strong><em>o ramur\u0103 a economiei na\u021bionale ce asigur\u0103 servicii turistice \u0219i de terapie balnear\u0103 prin utilizarea resurselor minerale terapeutice dovedite \u0219i a instala\u021biilor specifice \u00een sta\u021biuni balneare sau prin beneficiile oferite de factorii de clim\u0103 \u00een sta\u021biunile climatice<\/em><\/strong>\u201d.<\/p>\n\n\n\n<figure class=\"wp-block-image size-large\"><img loading=\"lazy\" decoding=\"async\" width=\"1024\" height=\"768\" src=\"https:\/\/covasna45.ro\/wp-content\/uploads\/2026\/03\/balneo-prosop-1024x768.jpg\" alt=\"\" class=\"wp-image-15498\" srcset=\"https:\/\/covasna45.ro\/wp-content\/uploads\/2026\/03\/balneo-prosop-1024x768.jpg 1024w, https:\/\/covasna45.ro\/wp-content\/uploads\/2026\/03\/balneo-prosop-300x225.jpg 300w, https:\/\/covasna45.ro\/wp-content\/uploads\/2026\/03\/balneo-prosop-768x576.jpg 768w, https:\/\/covasna45.ro\/wp-content\/uploads\/2026\/03\/balneo-prosop-1536x1152.jpg 1536w, https:\/\/covasna45.ro\/wp-content\/uploads\/2026\/03\/balneo-prosop-2048x1536.jpg 2048w, https:\/\/covasna45.ro\/wp-content\/uploads\/2026\/03\/balneo-prosop-150x113.jpg 150w, https:\/\/covasna45.ro\/wp-content\/uploads\/2026\/03\/balneo-prosop-696x522.jpg 696w, https:\/\/covasna45.ro\/wp-content\/uploads\/2026\/03\/balneo-prosop-1068x801.jpg 1068w, https:\/\/covasna45.ro\/wp-content\/uploads\/2026\/03\/balneo-prosop-1920x1440.jpg 1920w\" sizes=\"auto, (max-width: 1024px) 100vw, 1024px\" \/><\/figure>\n\n\n\n<h2 class=\"wp-block-heading\">Un sector capabil s\u0103 genereze cre\u0219tere economic\u0103<\/h2>\n\n\n\n<p>De asemenea, proiectul stabile\u0219te obiectivele strategice, \u0219i anume: <\/p>\n\n\n\n<ul class=\"wp-block-list\">\n<li>crearea unui cadru legislativ \u0219i financiar favorabil dezvolt\u0103rii sectorului turismului balnear; <\/li>\n\n\n\n<li>instituirea de scheme de ajutor de stat, facilit\u0103\u021bi fiscale \u0219i mecanisme de sprijin pentru investi\u021bii, gestionate de Ministerul Finan\u021belor \u0219i Agen\u021bia Na\u021bional\u0103 de Administrare Fiscal\u0103;<\/li>\n\n\n\n<li>asigurarea de surse de finan\u021bare prin programe na\u021bionale \u0219i fonduri europene, coordonate de Ministerul Investi\u021biilor \u0219i Proiectelor Europene.<\/li>\n<\/ul>\n\n\n\n<p>\u201e<strong><em>Turismul balnear trebuie privit nu doar ca un serviciu de tratament \u0219i recuperare, ci ca un sector capabil s\u0103 genereze cre\u0219tere economic\u0103, locuri de munc\u0103 \u0219i valoare ad\u0103ugat\u0103. Rom\u00e2nia are resurse naturale extraordinare \u0219i este momentul s\u0103 le transform\u0103m \u00eentr-un avantaj economic real<\/em><\/strong>\u201d, a declarat deputatul social-democrat de Bra\u0219ov Augustin Hagiu, ini\u021biatorul legii.<\/p>\n\n\n\n<p>Proiectul a trecut deja de Senat \u00een luna februarie \u0219i urmeaz\u0103 s\u0103 fie adoptat \u0219i de Camera Deputa\u021bilor.<\/p>\n\n\n\n<p>\u201e<strong><em>Dac\u0103 totul merge cum trebuie, vom avea Planul de Ac\u021biuni, vom avea aceast\u0103 lege adoptat\u0103 \u0219i putem spune c\u0103 2026 devine Anul turismului balnear \u00een Rom\u00e2nia. Avem o \u0219ans\u0103, se \u00eent\u00e2mpl\u0103 \u00een sf\u00e2r\u0219it lucruri pentru care muncim de at\u00e2\u021bia an<\/em><\/strong>i\u201d, ne-a mai spus Nicu R\u0103dulescu.<\/p>\n\n\n\n<h2 class=\"wp-block-heading\">Congrese de specialitate \u00een \u201eOra\u0219ul Inimii\u201d<\/h2>\n\n\n\n<p>Dat fiind specificul ei, dar \u0219i capacitatea de cazare, sta\u021biunea Covasna g\u0103zduie\u0219te \u00een acest an dou\u0103 evenimente majore \u00een domeniul balnear.<\/p>\n\n\n\n<p>\u00cen perioada 23\u201325 aprilie 2026, comunitatea medical\u0103 din medicin\u0103 fizic\u0103, recuperare \u0219i balneologie se reune\u0219te aici \u00eentr-un <a href=\"https:\/\/covasna45.ro\/index.php\/lumea-noastra\/congres-national-de-medicina-fizica-recuperare-si-balneologie-la-covasna\/\">congres \u0219tiin\u021bific<\/a> cu participare interna\u021bional\u0103. La Congres se vor aborda teme de cercetare \u0219i inova\u021bie \u00een domeniul balneologiei, managementului durerii, reabilitare pediatric\u0103, medicina sportului.<\/p>\n\n\n\n<p>Apoi, \u00een luna octombrie, tot la Covasna, Organiza\u021bia Patronal\u0103 a Turismului Balnear din Rom\u00e2nia va avea edi\u021bia cu num\u0103rul XX a Congresului Turismului Balnear \u0219i de Wellness al Rom\u00e2niei. <\/p>\n\n\n\n<p>Un eveniment considerat un reper prin tematicile abordate \u00een cadrul dezbaterilor \u0219i sesiunilor de discu\u021bii: tendin\u021bele actuale din industria turismului balnear \u0219i de wellness, parteneriate cu autorit\u0103\u021bile centrale \u0219i locale, provoc\u0103rile domeniului. Dar \u0219i oportunit\u0103\u021bi, modalit\u0103\u021bi de promovare intern\u0103 \u0219i interna\u021bional\u0103, preg\u0103tirea profesional\u0103,&nbsp;solu\u021bii pentru cre\u0219terea calit\u0103\u021bii serviciilor, digitalizare \u0219i sustenabilitate.<\/p>\n\n\n\n<figure class=\"wp-block-image size-large\"><img loading=\"lazy\" decoding=\"async\" width=\"1024\" height=\"768\" src=\"https:\/\/covasna45.ro\/wp-content\/uploads\/2024\/09\/ana-2-1024x768.jpg\" alt=\"\" class=\"wp-image-7746\" srcset=\"https:\/\/covasna45.ro\/wp-content\/uploads\/2024\/09\/ana-2-1024x768.jpg 1024w, https:\/\/covasna45.ro\/wp-content\/uploads\/2024\/09\/ana-2-300x225.jpg 300w, https:\/\/covasna45.ro\/wp-content\/uploads\/2024\/09\/ana-2-768x576.jpg 768w, https:\/\/covasna45.ro\/wp-content\/uploads\/2024\/09\/ana-2-1536x1152.jpg 1536w, https:\/\/covasna45.ro\/wp-content\/uploads\/2024\/09\/ana-2-150x113.jpg 150w, https:\/\/covasna45.ro\/wp-content\/uploads\/2024\/09\/ana-2-696x522.jpg 696w, https:\/\/covasna45.ro\/wp-content\/uploads\/2024\/09\/ana-2-1068x801.jpg 1068w, https:\/\/covasna45.ro\/wp-content\/uploads\/2024\/09\/ana-2.jpg 1680w\" sizes=\"auto, (max-width: 1024px) 100vw, 1024px\" \/><\/figure>\n","protected":false},"excerpt":{"rendered":"<p>Ministrul Economiei \u0219i Turismului a anun\u021bat ieri c\u0103 alocarea pentru promovarea turistic\u0103 a Rom\u00e2niei a fost dublat\u0103, una dintre priorit\u0103\u021bile pentru acest an fiind turismul balnear. \u201eLa turism, am insistat pe faptul c\u0103 avem nevoie de mai mult\u0103 promovare. Am reu\u0219it s\u0103 dubl\u0103m alocarea bugetar\u0103, fa\u021b\u0103 de 2,2 milioane de euro vom ajunge la 4,5 [&hellip;]<\/p>\n","protected":false},"author":1,"featured_media":7425,"comment_status":"open","ping_status":"closed","sticky":false,"template":"","format":"standard","meta":{"tdm_status":"","tdm_grid_status":"","footnotes":""},"categories":[14],"tags":[21,648,2808],"class_list":{"0":"post-15496","1":"post","2":"type-post","3":"status-publish","4":"format-standard","5":"has-post-thumbnail","7":"category-lumea-noastra","8":"tag-covasna","9":"tag-turism","10":"tag-turism-balnear"},"yoast_head":"<!-- This site is optimized with the Yoast SEO plugin v27.5 - https:\/\/yoast.com\/product\/yoast-seo-wordpress\/ -->\n<title>Se aliniaz\u0103 astrele pentru turismul balnear. O \u0219ans\u0103 pentru jude\u021bul Covasna - Covasna45<\/title>\n<meta name=\"description\" content=\"Ministrul Economiei \u0219i Turismului a anun\u021bat ieri c\u0103 alocarea pentru promovarea turistic\u0103 a Rom\u00e2niei a fost dublat\u0103.\" \/>\n<meta name=\"robots\" content=\"index, follow, max-snippet:-1, max-image-preview:large, max-video-preview:-1\" \/>\n<link rel=\"canonical\" href=\"https:\/\/covasna45.ro\/index.php\/lumea-noastra\/se-aliniaza-astrele-pentru-turismul-balnear-o-sansa-pentru-judetul-covasna\/\" \/>\n<meta property=\"og:locale\" content=\"ro_RO\" \/>\n<meta property=\"og:type\" content=\"article\" \/>\n<meta property=\"og:title\" content=\"Se aliniaz\u0103 astrele pentru turismul balnear. O \u0219ans\u0103 pentru jude\u021bul Covasna - Covasna45\" \/>\n<meta property=\"og:description\" content=\"Ministrul Economiei \u0219i Turismului a anun\u021bat ieri c\u0103 alocarea pentru promovarea turistic\u0103 a Rom\u00e2niei a fost dublat\u0103.\" \/>\n<meta property=\"og:url\" content=\"https:\/\/covasna45.ro\/index.php\/lumea-noastra\/se-aliniaza-astrele-pentru-turismul-balnear-o-sansa-pentru-judetul-covasna\/\" \/>\n<meta property=\"og:site_name\" content=\"Covasna45\" \/>\n<meta property=\"article:published_time\" content=\"2026-03-17T13:38:20+00:00\" \/>\n<meta property=\"article:modified_time\" content=\"2026-03-17T14:09:25+00:00\" \/>\n<meta property=\"og:image\" content=\"https:\/\/covasna45.ro\/wp-content\/uploads\/2024\/08\/covasna-oras.jpg\" \/>\n\t<meta property=\"og:image:width\" content=\"2048\" \/>\n\t<meta property=\"og:image:height\" content=\"1536\" \/>\n\t<meta property=\"og:image:type\" content=\"image\/jpeg\" \/>\n<meta name=\"author\" content=\"Covasna45\" \/>\n<meta name=\"twitter:card\" content=\"summary_large_image\" \/>\n<meta name=\"twitter:label1\" content=\"Scris de\" \/>\n\t<meta name=\"twitter:data1\" content=\"Covasna45\" \/>\n\t<meta name=\"twitter:label2\" content=\"Timp estimat pentru citire\" \/>\n\t<meta name=\"twitter:data2\" content=\"6 minute\" \/>\n<script type=\"application\/ld+json\" class=\"yoast-schema-graph\">{\"@context\":\"https:\\\/\\\/schema.org\",\"@graph\":[{\"@type\":\"Article\",\"@id\":\"https:\\\/\\\/covasna45.ro\\\/index.php\\\/lumea-noastra\\\/se-aliniaza-astrele-pentru-turismul-balnear-o-sansa-pentru-judetul-covasna\\\/#article\",\"isPartOf\":{\"@id\":\"https:\\\/\\\/covasna45.ro\\\/index.php\\\/lumea-noastra\\\/se-aliniaza-astrele-pentru-turismul-balnear-o-sansa-pentru-judetul-covasna\\\/\"},\"author\":{\"name\":\"Covasna45\",\"@id\":\"https:\\\/\\\/covasna45.ro\\\/#\\\/schema\\\/person\\\/e674052bd7d95d70bbb007a1060ab73c\"},\"headline\":\"Se aliniaz\u0103 astrele pentru turismul balnear. O \u0219ans\u0103 pentru jude\u021bul Covasna\",\"datePublished\":\"2026-03-17T13:38:20+00:00\",\"dateModified\":\"2026-03-17T14:09:25+00:00\",\"mainEntityOfPage\":{\"@id\":\"https:\\\/\\\/covasna45.ro\\\/index.php\\\/lumea-noastra\\\/se-aliniaza-astrele-pentru-turismul-balnear-o-sansa-pentru-judetul-covasna\\\/\"},\"wordCount\":964,\"commentCount\":0,\"publisher\":{\"@id\":\"https:\\\/\\\/covasna45.ro\\\/#organization\"},\"image\":{\"@id\":\"https:\\\/\\\/covasna45.ro\\\/index.php\\\/lumea-noastra\\\/se-aliniaza-astrele-pentru-turismul-balnear-o-sansa-pentru-judetul-covasna\\\/#primaryimage\"},\"thumbnailUrl\":\"https:\\\/\\\/covasna45.ro\\\/wp-content\\\/uploads\\\/2024\\\/08\\\/covasna-oras.jpg\",\"keywords\":[\"covasna\",\"Turism\",\"turism balnear\"],\"articleSection\":[\"Lumea noastr\u0103\"],\"inLanguage\":\"ro-RO\",\"potentialAction\":[{\"@type\":\"CommentAction\",\"name\":\"Comment\",\"target\":[\"https:\\\/\\\/covasna45.ro\\\/index.php\\\/lumea-noastra\\\/se-aliniaza-astrele-pentru-turismul-balnear-o-sansa-pentru-judetul-covasna\\\/#respond\"]}]},{\"@type\":\"WebPage\",\"@id\":\"https:\\\/\\\/covasna45.ro\\\/index.php\\\/lumea-noastra\\\/se-aliniaza-astrele-pentru-turismul-balnear-o-sansa-pentru-judetul-covasna\\\/\",\"url\":\"https:\\\/\\\/covasna45.ro\\\/index.php\\\/lumea-noastra\\\/se-aliniaza-astrele-pentru-turismul-balnear-o-sansa-pentru-judetul-covasna\\\/\",\"name\":\"Se aliniaz\u0103 astrele pentru turismul balnear. O \u0219ans\u0103 pentru jude\u021bul Covasna - Covasna45\",\"isPartOf\":{\"@id\":\"https:\\\/\\\/covasna45.ro\\\/#website\"},\"primaryImageOfPage\":{\"@id\":\"https:\\\/\\\/covasna45.ro\\\/index.php\\\/lumea-noastra\\\/se-aliniaza-astrele-pentru-turismul-balnear-o-sansa-pentru-judetul-covasna\\\/#primaryimage\"},\"image\":{\"@id\":\"https:\\\/\\\/covasna45.ro\\\/index.php\\\/lumea-noastra\\\/se-aliniaza-astrele-pentru-turismul-balnear-o-sansa-pentru-judetul-covasna\\\/#primaryimage\"},\"thumbnailUrl\":\"https:\\\/\\\/covasna45.ro\\\/wp-content\\\/uploads\\\/2024\\\/08\\\/covasna-oras.jpg\",\"datePublished\":\"2026-03-17T13:38:20+00:00\",\"dateModified\":\"2026-03-17T14:09:25+00:00\",\"description\":\"Ministrul Economiei \u0219i Turismului a anun\u021bat ieri c\u0103 alocarea pentru promovarea turistic\u0103 a Rom\u00e2niei a fost dublat\u0103.\",\"breadcrumb\":{\"@id\":\"https:\\\/\\\/covasna45.ro\\\/index.php\\\/lumea-noastra\\\/se-aliniaza-astrele-pentru-turismul-balnear-o-sansa-pentru-judetul-covasna\\\/#breadcrumb\"},\"inLanguage\":\"ro-RO\",\"potentialAction\":[{\"@type\":\"ReadAction\",\"target\":[\"https:\\\/\\\/covasna45.ro\\\/index.php\\\/lumea-noastra\\\/se-aliniaza-astrele-pentru-turismul-balnear-o-sansa-pentru-judetul-covasna\\\/\"]}]},{\"@type\":\"ImageObject\",\"inLanguage\":\"ro-RO\",\"@id\":\"https:\\\/\\\/covasna45.ro\\\/index.php\\\/lumea-noastra\\\/se-aliniaza-astrele-pentru-turismul-balnear-o-sansa-pentru-judetul-covasna\\\/#primaryimage\",\"url\":\"https:\\\/\\\/covasna45.ro\\\/wp-content\\\/uploads\\\/2024\\\/08\\\/covasna-oras.jpg\",\"contentUrl\":\"https:\\\/\\\/covasna45.ro\\\/wp-content\\\/uploads\\\/2024\\\/08\\\/covasna-oras.jpg\",\"width\":2048,\"height\":1536},{\"@type\":\"BreadcrumbList\",\"@id\":\"https:\\\/\\\/covasna45.ro\\\/index.php\\\/lumea-noastra\\\/se-aliniaza-astrele-pentru-turismul-balnear-o-sansa-pentru-judetul-covasna\\\/#breadcrumb\",\"itemListElement\":[{\"@type\":\"ListItem\",\"position\":1,\"name\":\"Prima pagin\u0103\",\"item\":\"https:\\\/\\\/covasna45.ro\\\/\"},{\"@type\":\"ListItem\",\"position\":2,\"name\":\"Se aliniaz\u0103 astrele pentru turismul balnear. O \u0219ans\u0103 pentru jude\u021bul Covasna\"}]},{\"@type\":\"WebSite\",\"@id\":\"https:\\\/\\\/covasna45.ro\\\/#website\",\"url\":\"https:\\\/\\\/covasna45.ro\\\/\",\"name\":\"covasna45.ro\",\"description\":\"\",\"publisher\":{\"@id\":\"https:\\\/\\\/covasna45.ro\\\/#organization\"},\"potentialAction\":[{\"@type\":\"SearchAction\",\"target\":{\"@type\":\"EntryPoint\",\"urlTemplate\":\"https:\\\/\\\/covasna45.ro\\\/?s={search_term_string}\"},\"query-input\":{\"@type\":\"PropertyValueSpecification\",\"valueRequired\":true,\"valueName\":\"search_term_string\"}}],\"inLanguage\":\"ro-RO\"},{\"@type\":\"Organization\",\"@id\":\"https:\\\/\\\/covasna45.ro\\\/#organization\",\"name\":\"covasna45.ro\",\"url\":\"https:\\\/\\\/covasna45.ro\\\/\",\"logo\":{\"@type\":\"ImageObject\",\"inLanguage\":\"ro-RO\",\"@id\":\"https:\\\/\\\/covasna45.ro\\\/#\\\/schema\\\/logo\\\/image\\\/\",\"url\":\"https:\\\/\\\/covasna45.ro\\\/wp-content\\\/uploads\\\/2023\\\/01\\\/icon_logo.png\",\"contentUrl\":\"https:\\\/\\\/covasna45.ro\\\/wp-content\\\/uploads\\\/2023\\\/01\\\/icon_logo.png\",\"width\":1900,\"height\":1900,\"caption\":\"covasna45.ro\"},\"image\":{\"@id\":\"https:\\\/\\\/covasna45.ro\\\/#\\\/schema\\\/logo\\\/image\\\/\"}},{\"@type\":\"Person\",\"@id\":\"https:\\\/\\\/covasna45.ro\\\/#\\\/schema\\\/person\\\/e674052bd7d95d70bbb007a1060ab73c\",\"name\":\"Covasna45\",\"image\":{\"@type\":\"ImageObject\",\"inLanguage\":\"ro-RO\",\"@id\":\"https:\\\/\\\/covasna45.ro\\\/wp-content\\\/uploads\\\/2025\\\/10\\\/icon_logo_covasna45-150x150.png\",\"url\":\"https:\\\/\\\/covasna45.ro\\\/wp-content\\\/uploads\\\/2025\\\/10\\\/icon_logo_covasna45-150x150.png\",\"contentUrl\":\"https:\\\/\\\/covasna45.ro\\\/wp-content\\\/uploads\\\/2025\\\/10\\\/icon_logo_covasna45-150x150.png\",\"caption\":\"Covasna45\"},\"sameAs\":[\"https:\\\/\\\/covasna45.ro\"],\"url\":\"https:\\\/\\\/covasna45.ro\\\/index.php\\\/author\\\/covasna\\\/\"}]}<\/script>\n<!-- \/ Yoast SEO plugin. -->","yoast_head_json":{"title":"Se aliniaz\u0103 astrele pentru turismul balnear. O \u0219ans\u0103 pentru jude\u021bul Covasna - Covasna45","description":"Ministrul Economiei \u0219i Turismului a anun\u021bat ieri c\u0103 alocarea pentru promovarea turistic\u0103 a Rom\u00e2niei a fost dublat\u0103.","robots":{"index":"index","follow":"follow","max-snippet":"max-snippet:-1","max-image-preview":"max-image-preview:large","max-video-preview":"max-video-preview:-1"},"canonical":"https:\/\/covasna45.ro\/index.php\/lumea-noastra\/se-aliniaza-astrele-pentru-turismul-balnear-o-sansa-pentru-judetul-covasna\/","og_locale":"ro_RO","og_type":"article","og_title":"Se aliniaz\u0103 astrele pentru turismul balnear. O \u0219ans\u0103 pentru jude\u021bul Covasna - Covasna45","og_description":"Ministrul Economiei \u0219i Turismului a anun\u021bat ieri c\u0103 alocarea pentru promovarea turistic\u0103 a Rom\u00e2niei a fost dublat\u0103.","og_url":"https:\/\/covasna45.ro\/index.php\/lumea-noastra\/se-aliniaza-astrele-pentru-turismul-balnear-o-sansa-pentru-judetul-covasna\/","og_site_name":"Covasna45","article_published_time":"2026-03-17T13:38:20+00:00","article_modified_time":"2026-03-17T14:09:25+00:00","og_image":[{"width":2048,"height":1536,"url":"https:\/\/covasna45.ro\/wp-content\/uploads\/2024\/08\/covasna-oras.jpg","type":"image\/jpeg"}],"author":"Covasna45","twitter_card":"summary_large_image","twitter_misc":{"Scris de":"Covasna45","Timp estimat pentru citire":"6 minute"},"schema":{"@context":"https:\/\/schema.org","@graph":[{"@type":"Article","@id":"https:\/\/covasna45.ro\/index.php\/lumea-noastra\/se-aliniaza-astrele-pentru-turismul-balnear-o-sansa-pentru-judetul-covasna\/#article","isPartOf":{"@id":"https:\/\/covasna45.ro\/index.php\/lumea-noastra\/se-aliniaza-astrele-pentru-turismul-balnear-o-sansa-pentru-judetul-covasna\/"},"author":{"name":"Covasna45","@id":"https:\/\/covasna45.ro\/#\/schema\/person\/e674052bd7d95d70bbb007a1060ab73c"},"headline":"Se aliniaz\u0103 astrele pentru turismul balnear. O \u0219ans\u0103 pentru jude\u021bul Covasna","datePublished":"2026-03-17T13:38:20+00:00","dateModified":"2026-03-17T14:09:25+00:00","mainEntityOfPage":{"@id":"https:\/\/covasna45.ro\/index.php\/lumea-noastra\/se-aliniaza-astrele-pentru-turismul-balnear-o-sansa-pentru-judetul-covasna\/"},"wordCount":964,"commentCount":0,"publisher":{"@id":"https:\/\/covasna45.ro\/#organization"},"image":{"@id":"https:\/\/covasna45.ro\/index.php\/lumea-noastra\/se-aliniaza-astrele-pentru-turismul-balnear-o-sansa-pentru-judetul-covasna\/#primaryimage"},"thumbnailUrl":"https:\/\/covasna45.ro\/wp-content\/uploads\/2024\/08\/covasna-oras.jpg","keywords":["covasna","Turism","turism balnear"],"articleSection":["Lumea noastr\u0103"],"inLanguage":"ro-RO","potentialAction":[{"@type":"CommentAction","name":"Comment","target":["https:\/\/covasna45.ro\/index.php\/lumea-noastra\/se-aliniaza-astrele-pentru-turismul-balnear-o-sansa-pentru-judetul-covasna\/#respond"]}]},{"@type":"WebPage","@id":"https:\/\/covasna45.ro\/index.php\/lumea-noastra\/se-aliniaza-astrele-pentru-turismul-balnear-o-sansa-pentru-judetul-covasna\/","url":"https:\/\/covasna45.ro\/index.php\/lumea-noastra\/se-aliniaza-astrele-pentru-turismul-balnear-o-sansa-pentru-judetul-covasna\/","name":"Se aliniaz\u0103 astrele pentru turismul balnear. O \u0219ans\u0103 pentru jude\u021bul Covasna - Covasna45","isPartOf":{"@id":"https:\/\/covasna45.ro\/#website"},"primaryImageOfPage":{"@id":"https:\/\/covasna45.ro\/index.php\/lumea-noastra\/se-aliniaza-astrele-pentru-turismul-balnear-o-sansa-pentru-judetul-covasna\/#primaryimage"},"image":{"@id":"https:\/\/covasna45.ro\/index.php\/lumea-noastra\/se-aliniaza-astrele-pentru-turismul-balnear-o-sansa-pentru-judetul-covasna\/#primaryimage"},"thumbnailUrl":"https:\/\/covasna45.ro\/wp-content\/uploads\/2024\/08\/covasna-oras.jpg","datePublished":"2026-03-17T13:38:20+00:00","dateModified":"2026-03-17T14:09:25+00:00","description":"Ministrul Economiei \u0219i Turismului a anun\u021bat ieri c\u0103 alocarea pentru promovarea turistic\u0103 a Rom\u00e2niei a fost dublat\u0103.","breadcrumb":{"@id":"https:\/\/covasna45.ro\/index.php\/lumea-noastra\/se-aliniaza-astrele-pentru-turismul-balnear-o-sansa-pentru-judetul-covasna\/#breadcrumb"},"inLanguage":"ro-RO","potentialAction":[{"@type":"ReadAction","target":["https:\/\/covasna45.ro\/index.php\/lumea-noastra\/se-aliniaza-astrele-pentru-turismul-balnear-o-sansa-pentru-judetul-covasna\/"]}]},{"@type":"ImageObject","inLanguage":"ro-RO","@id":"https:\/\/covasna45.ro\/index.php\/lumea-noastra\/se-aliniaza-astrele-pentru-turismul-balnear-o-sansa-pentru-judetul-covasna\/#primaryimage","url":"https:\/\/covasna45.ro\/wp-content\/uploads\/2024\/08\/covasna-oras.jpg","contentUrl":"https:\/\/covasna45.ro\/wp-content\/uploads\/2024\/08\/covasna-oras.jpg","width":2048,"height":1536},{"@type":"BreadcrumbList","@id":"https:\/\/covasna45.ro\/index.php\/lumea-noastra\/se-aliniaza-astrele-pentru-turismul-balnear-o-sansa-pentru-judetul-covasna\/#breadcrumb","itemListElement":[{"@type":"ListItem","position":1,"name":"Prima pagin\u0103","item":"https:\/\/covasna45.ro\/"},{"@type":"ListItem","position":2,"name":"Se aliniaz\u0103 astrele pentru turismul balnear. O \u0219ans\u0103 pentru jude\u021bul Covasna"}]},{"@type":"WebSite","@id":"https:\/\/covasna45.ro\/#website","url":"https:\/\/covasna45.ro\/","name":"covasna45.ro","description":"","publisher":{"@id":"https:\/\/covasna45.ro\/#organization"},"potentialAction":[{"@type":"SearchAction","target":{"@type":"EntryPoint","urlTemplate":"https:\/\/covasna45.ro\/?s={search_term_string}"},"query-input":{"@type":"PropertyValueSpecification","valueRequired":true,"valueName":"search_term_string"}}],"inLanguage":"ro-RO"},{"@type":"Organization","@id":"https:\/\/covasna45.ro\/#organization","name":"covasna45.ro","url":"https:\/\/covasna45.ro\/","logo":{"@type":"ImageObject","inLanguage":"ro-RO","@id":"https:\/\/covasna45.ro\/#\/schema\/logo\/image\/","url":"https:\/\/covasna45.ro\/wp-content\/uploads\/2023\/01\/icon_logo.png","contentUrl":"https:\/\/covasna45.ro\/wp-content\/uploads\/2023\/01\/icon_logo.png","width":1900,"height":1900,"caption":"covasna45.ro"},"image":{"@id":"https:\/\/covasna45.ro\/#\/schema\/logo\/image\/"}},{"@type":"Person","@id":"https:\/\/covasna45.ro\/#\/schema\/person\/e674052bd7d95d70bbb007a1060ab73c","name":"Covasna45","image":{"@type":"ImageObject","inLanguage":"ro-RO","@id":"https:\/\/covasna45.ro\/wp-content\/uploads\/2025\/10\/icon_logo_covasna45-150x150.png","url":"https:\/\/covasna45.ro\/wp-content\/uploads\/2025\/10\/icon_logo_covasna45-150x150.png","contentUrl":"https:\/\/covasna45.ro\/wp-content\/uploads\/2025\/10\/icon_logo_covasna45-150x150.png","caption":"Covasna45"},"sameAs":["https:\/\/covasna45.ro"],"url":"https:\/\/covasna45.ro\/index.php\/author\/covasna\/"}]}},"_links":{"self":[{"href":"https:\/\/covasna45.ro\/index.php\/wp-json\/wp\/v2\/posts\/15496","targetHints":{"allow":["GET"]}}],"collection":[{"href":"https:\/\/covasna45.ro\/index.php\/wp-json\/wp\/v2\/posts"}],"about":[{"href":"https:\/\/covasna45.ro\/index.php\/wp-json\/wp\/v2\/types\/post"}],"author":[{"embeddable":true,"href":"https:\/\/covasna45.ro\/index.php\/wp-json\/wp\/v2\/users\/1"}],"replies":[{"embeddable":true,"href":"https:\/\/covasna45.ro\/index.php\/wp-json\/wp\/v2\/comments?post=15496"}],"version-history":[{"count":3,"href":"https:\/\/covasna45.ro\/index.php\/wp-json\/wp\/v2\/posts\/15496\/revisions"}],"predecessor-version":[{"id":15501,"href":"https:\/\/covasna45.ro\/index.php\/wp-json\/wp\/v2\/posts\/15496\/revisions\/15501"}],"wp:featuredmedia":[{"embeddable":true,"href":"https:\/\/covasna45.ro\/index.php\/wp-json\/wp\/v2\/media\/7425"}],"wp:attachment":[{"href":"https:\/\/covasna45.ro\/index.php\/wp-json\/wp\/v2\/media?parent=15496"}],"wp:term":[{"taxonomy":"category","embeddable":true,"href":"https:\/\/covasna45.ro\/index.php\/wp-json\/wp\/v2\/categories?post=15496"},{"taxonomy":"post_tag","embeddable":true,"href":"https:\/\/covasna45.ro\/index.php\/wp-json\/wp\/v2\/tags?post=15496"}],"curies":[{"name":"wp","href":"https:\/\/api.w.org\/{rel}","templated":true}]}}