{"id":1599,"date":"2023-05-05T17:22:28","date_gmt":"2023-05-05T15:22:28","guid":{"rendered":"https:\/\/covasna45.ro\/?p=1599"},"modified":"2023-05-05T17:22:56","modified_gmt":"2023-05-05T15:22:56","slug":"viktor-orban-reveniti-domnule-presedinte-aduceti-pacea","status":"publish","type":"post","link":"https:\/\/covasna45.ro\/index.php\/lumea-larga\/viktor-orban-reveniti-domnule-presedinte-aduceti-pacea\/","title":{"rendered":"Viktor Orb\u00e1n: \u201eReveni\u0163i, domnule pre\u015fedinte! Aduce\u0163i pacea!\u201d"},"content":{"rendered":"\n<p>Vorbind \u00een deschiderea conferin\u0163ei politicienilor conservatori, Viktor Orb\u00e1n a denun\u0163at <strong><em>\u201evirusul ideologiei woke r\u0103sp\u00e2ndit de liberalii occidentali\u201d<\/em><\/strong>. Un virus care atac\u0103 na\u0163iunile.\u00a0<strong><em>\u201eTo\u0163i suntem sub atac, \u00een SUA \u015fi, de asemenea, \u00een UE. Este vorba despre o arm\u0103 biologic\u0103 dezvoltat\u0103 \u00een laboratoarele progresiste care atac\u0103 na\u0163iunile. Este un virus care distruge na\u0163iunile\u201d,<\/em><\/strong> a sus\u021binut premierul ungar.<\/p>\n\n\n\n<p id=\"m_-2640837227889294301gmail-6\">El a mai sus\u0163inut c\u0103 \u201eantidotul\u201d \u00eempotriva politicilor progresiste se afl\u0103 \u00een Ungaria. \u021aar\u0103 pe care a definit-o drept un model al politicilor conservatoare prin respingerea migran\u0163ilor ilegali \u015fi a politicilor de gen.\u00a0<\/p>\n\n\n\n<p><strong><em>\u201eUngaria a oprit migra\u0163ia ilegal\u0103 la grani\u0163\u0103, a interzis propaganda de gen \u00een \u015fcoli \u015fi insist\u0103 pentru pace (\u00een Ucraina &#8211; n.red.) f\u0103r\u0103 compromisuri\u201d,<\/em><\/strong> \u015fi-a rezumat Orban politica ce l-a adus \u00een conflict cu Bruxellesul \u015fi cu Washingtonul.<\/p>\n\n\n\n<p id=\"m_-2640837227889294301gmail-7\">Premierul ungar \u015fi-a manifestat din nou sus\u0163inerea fa\u0163\u0103 de fostul pre\u015fedinte al SUA, Donald Trump. Trump vrea s\u0103 candideze din nou anul viitor.<\/p>\n\n\n\n<p id=\"m_-2640837227889294301gmail-7\"><strong><em>\u201eSunt sigur c\u0103 dac\u0103 (Donald) Trump ar mai fi fost pre\u015fedinte \u00een SUA, nu ar mai fi fost r\u0103zboi (\u00een Ucraina). Reveni\u0163i, domnule pre\u015fedinte! Aduce\u0163i pacea pentru noi!\u201d<\/em><\/strong>, l-a \u00eendemnat el pe fostul pre\u015fedinte republican.<\/p>\n\n\n\n<p id=\"m_-2640837227889294301gmail-8\">De asemenea, Orb\u00e1n a salutat succesele electorale ale unor lideri conservatori precum Benjamin Netanyahu \u00een Israel \u015fi Giorgia Meloni \u00een Italia. \u0218i a ad\u0103ugat c\u0103 se apropie <strong><em>\u201epromi\u0163\u0103toarele alegeri spaniole \u015fi poloneze\u201d.<\/em><\/strong><\/p>\n","protected":false},"excerpt":{"rendered":"<p>Vorbind \u00een deschiderea conferin\u0163ei politicienilor conservatori, Viktor Orb\u00e1n a denun\u0163at \u201evirusul ideologiei woke r\u0103sp\u00e2ndit de liberalii occidentali\u201d. Un virus care atac\u0103 na\u0163iunile.\u00a0\u201eTo\u0163i suntem sub atac, \u00een SUA \u015fi, de asemenea, \u00een UE. Este vorba despre o arm\u0103 biologic\u0103 dezvoltat\u0103 \u00een laboratoarele progresiste care atac\u0103 na\u0163iunile. Este un virus care distruge na\u0163iunile\u201d, a sus\u021binut premierul ungar. [&hellip;]<\/p>\n","protected":false},"author":1,"featured_media":1600,"comment_status":"open","ping_status":"closed","sticky":false,"template":"","format":"standard","meta":{"tdm_status":"","tdm_grid_status":"","footnotes":""},"categories":[10],"tags":[339,275,108,107],"class_list":{"0":"post-1599","1":"post","2":"type-post","3":"status-publish","4":"format-standard","5":"has-post-thumbnail","7":"category-lumea-larga","8":"tag-donald-trump","9":"tag-sua","10":"tag-ungaria","11":"tag-viktor-orban-2"},"yoast_head":"<!-- This site is optimized with the Yoast SEO plugin v27.4 - https:\/\/yoast.com\/product\/yoast-seo-wordpress\/ -->\n<title>Viktor Orb\u00e1n: \u201eReveni\u0163i, domnule pre\u015fedinte! Aduce\u0163i pacea!\u201d - Covasna45<\/title>\n<meta name=\"description\" content=\"Orb\u00e1n a salutat succesele electorale ale unor lideri conservatori precum Benjamin Netanyahu \u00een Israel \u015fi Giorgia Meloni \u00een Italia.\" \/>\n<meta name=\"robots\" content=\"index, follow, max-snippet:-1, max-image-preview:large, max-video-preview:-1\" \/>\n<link rel=\"canonical\" href=\"https:\/\/covasna45.ro\/index.php\/lumea-larga\/viktor-orban-reveniti-domnule-presedinte-aduceti-pacea\/\" \/>\n<meta property=\"og:locale\" content=\"ro_RO\" \/>\n<meta property=\"og:type\" content=\"article\" \/>\n<meta property=\"og:title\" content=\"Viktor Orb\u00e1n: \u201eReveni\u0163i, domnule pre\u015fedinte! Aduce\u0163i pacea!\u201d - Covasna45\" \/>\n<meta property=\"og:description\" content=\"Orb\u00e1n a salutat succesele electorale ale unor lideri conservatori precum Benjamin Netanyahu \u00een Israel \u015fi Giorgia Meloni \u00een Italia.\" \/>\n<meta property=\"og:url\" content=\"https:\/\/covasna45.ro\/index.php\/lumea-larga\/viktor-orban-reveniti-domnule-presedinte-aduceti-pacea\/\" \/>\n<meta property=\"og:site_name\" content=\"Covasna45\" \/>\n<meta property=\"article:published_time\" content=\"2023-05-05T15:22:28+00:00\" \/>\n<meta property=\"article:modified_time\" content=\"2023-05-05T15:22:56+00:00\" \/>\n<meta property=\"og:image\" content=\"https:\/\/covasna45.ro\/wp-content\/uploads\/2023\/05\/viktor-orban-cpac.jpg\" \/>\n\t<meta property=\"og:image:width\" content=\"1153\" \/>\n\t<meta property=\"og:image:height\" content=\"648\" \/>\n\t<meta property=\"og:image:type\" content=\"image\/jpeg\" \/>\n<meta name=\"author\" content=\"Covasna45\" \/>\n<meta name=\"twitter:card\" content=\"summary_large_image\" \/>\n<meta name=\"twitter:label1\" content=\"Scris de\" \/>\n\t<meta name=\"twitter:data1\" content=\"Covasna45\" \/>\n\t<meta name=\"twitter:label2\" content=\"Timp estimat pentru citire\" \/>\n\t<meta name=\"twitter:data2\" content=\"2 minute\" \/>\n<script type=\"application\/ld+json\" class=\"yoast-schema-graph\">{\"@context\":\"https:\\\/\\\/schema.org\",\"@graph\":[{\"@type\":\"Article\",\"@id\":\"https:\\\/\\\/covasna45.ro\\\/index.php\\\/lumea-larga\\\/viktor-orban-reveniti-domnule-presedinte-aduceti-pacea\\\/#article\",\"isPartOf\":{\"@id\":\"https:\\\/\\\/covasna45.ro\\\/index.php\\\/lumea-larga\\\/viktor-orban-reveniti-domnule-presedinte-aduceti-pacea\\\/\"},\"author\":{\"name\":\"Covasna45\",\"@id\":\"https:\\\/\\\/covasna45.ro\\\/#\\\/schema\\\/person\\\/e674052bd7d95d70bbb007a1060ab73c\"},\"headline\":\"Viktor Orb\u00e1n: \u201eReveni\u0163i, domnule pre\u015fedinte! Aduce\u0163i pacea!\u201d\",\"datePublished\":\"2023-05-05T15:22:28+00:00\",\"dateModified\":\"2023-05-05T15:22:56+00:00\",\"mainEntityOfPage\":{\"@id\":\"https:\\\/\\\/covasna45.ro\\\/index.php\\\/lumea-larga\\\/viktor-orban-reveniti-domnule-presedinte-aduceti-pacea\\\/\"},\"wordCount\":254,\"commentCount\":0,\"publisher\":{\"@id\":\"https:\\\/\\\/covasna45.ro\\\/#organization\"},\"image\":{\"@id\":\"https:\\\/\\\/covasna45.ro\\\/index.php\\\/lumea-larga\\\/viktor-orban-reveniti-domnule-presedinte-aduceti-pacea\\\/#primaryimage\"},\"thumbnailUrl\":\"https:\\\/\\\/covasna45.ro\\\/wp-content\\\/uploads\\\/2023\\\/05\\\/viktor-orban-cpac.jpg\",\"keywords\":[\"Donald Trump\",\"SUA\",\"Ungaria\",\"Viktor Orb\u00e1n\"],\"articleSection\":[\"Lumea larg\u0103\"],\"inLanguage\":\"ro-RO\",\"potentialAction\":[{\"@type\":\"CommentAction\",\"name\":\"Comment\",\"target\":[\"https:\\\/\\\/covasna45.ro\\\/index.php\\\/lumea-larga\\\/viktor-orban-reveniti-domnule-presedinte-aduceti-pacea\\\/#respond\"]}]},{\"@type\":\"WebPage\",\"@id\":\"https:\\\/\\\/covasna45.ro\\\/index.php\\\/lumea-larga\\\/viktor-orban-reveniti-domnule-presedinte-aduceti-pacea\\\/\",\"url\":\"https:\\\/\\\/covasna45.ro\\\/index.php\\\/lumea-larga\\\/viktor-orban-reveniti-domnule-presedinte-aduceti-pacea\\\/\",\"name\":\"Viktor Orb\u00e1n: \u201eReveni\u0163i, domnule pre\u015fedinte! Aduce\u0163i pacea!\u201d - Covasna45\",\"isPartOf\":{\"@id\":\"https:\\\/\\\/covasna45.ro\\\/#website\"},\"primaryImageOfPage\":{\"@id\":\"https:\\\/\\\/covasna45.ro\\\/index.php\\\/lumea-larga\\\/viktor-orban-reveniti-domnule-presedinte-aduceti-pacea\\\/#primaryimage\"},\"image\":{\"@id\":\"https:\\\/\\\/covasna45.ro\\\/index.php\\\/lumea-larga\\\/viktor-orban-reveniti-domnule-presedinte-aduceti-pacea\\\/#primaryimage\"},\"thumbnailUrl\":\"https:\\\/\\\/covasna45.ro\\\/wp-content\\\/uploads\\\/2023\\\/05\\\/viktor-orban-cpac.jpg\",\"datePublished\":\"2023-05-05T15:22:28+00:00\",\"dateModified\":\"2023-05-05T15:22:56+00:00\",\"description\":\"Orb\u00e1n a salutat succesele electorale ale unor lideri conservatori precum Benjamin Netanyahu \u00een Israel \u015fi Giorgia Meloni \u00een Italia.\",\"breadcrumb\":{\"@id\":\"https:\\\/\\\/covasna45.ro\\\/index.php\\\/lumea-larga\\\/viktor-orban-reveniti-domnule-presedinte-aduceti-pacea\\\/#breadcrumb\"},\"inLanguage\":\"ro-RO\",\"potentialAction\":[{\"@type\":\"ReadAction\",\"target\":[\"https:\\\/\\\/covasna45.ro\\\/index.php\\\/lumea-larga\\\/viktor-orban-reveniti-domnule-presedinte-aduceti-pacea\\\/\"]}]},{\"@type\":\"ImageObject\",\"inLanguage\":\"ro-RO\",\"@id\":\"https:\\\/\\\/covasna45.ro\\\/index.php\\\/lumea-larga\\\/viktor-orban-reveniti-domnule-presedinte-aduceti-pacea\\\/#primaryimage\",\"url\":\"https:\\\/\\\/covasna45.ro\\\/wp-content\\\/uploads\\\/2023\\\/05\\\/viktor-orban-cpac.jpg\",\"contentUrl\":\"https:\\\/\\\/covasna45.ro\\\/wp-content\\\/uploads\\\/2023\\\/05\\\/viktor-orban-cpac.jpg\",\"width\":1153,\"height\":648},{\"@type\":\"BreadcrumbList\",\"@id\":\"https:\\\/\\\/covasna45.ro\\\/index.php\\\/lumea-larga\\\/viktor-orban-reveniti-domnule-presedinte-aduceti-pacea\\\/#breadcrumb\",\"itemListElement\":[{\"@type\":\"ListItem\",\"position\":1,\"name\":\"Prima pagin\u0103\",\"item\":\"https:\\\/\\\/covasna45.ro\\\/\"},{\"@type\":\"ListItem\",\"position\":2,\"name\":\"Viktor Orb\u00e1n: \u201eReveni\u0163i, domnule pre\u015fedinte! Aduce\u0163i pacea!\u201d\"}]},{\"@type\":\"WebSite\",\"@id\":\"https:\\\/\\\/covasna45.ro\\\/#website\",\"url\":\"https:\\\/\\\/covasna45.ro\\\/\",\"name\":\"covasna45.ro\",\"description\":\"\",\"publisher\":{\"@id\":\"https:\\\/\\\/covasna45.ro\\\/#organization\"},\"potentialAction\":[{\"@type\":\"SearchAction\",\"target\":{\"@type\":\"EntryPoint\",\"urlTemplate\":\"https:\\\/\\\/covasna45.ro\\\/?s={search_term_string}\"},\"query-input\":{\"@type\":\"PropertyValueSpecification\",\"valueRequired\":true,\"valueName\":\"search_term_string\"}}],\"inLanguage\":\"ro-RO\"},{\"@type\":\"Organization\",\"@id\":\"https:\\\/\\\/covasna45.ro\\\/#organization\",\"name\":\"covasna45.ro\",\"url\":\"https:\\\/\\\/covasna45.ro\\\/\",\"logo\":{\"@type\":\"ImageObject\",\"inLanguage\":\"ro-RO\",\"@id\":\"https:\\\/\\\/covasna45.ro\\\/#\\\/schema\\\/logo\\\/image\\\/\",\"url\":\"https:\\\/\\\/covasna45.ro\\\/wp-content\\\/uploads\\\/2023\\\/01\\\/icon_logo.png\",\"contentUrl\":\"https:\\\/\\\/covasna45.ro\\\/wp-content\\\/uploads\\\/2023\\\/01\\\/icon_logo.png\",\"width\":1900,\"height\":1900,\"caption\":\"covasna45.ro\"},\"image\":{\"@id\":\"https:\\\/\\\/covasna45.ro\\\/#\\\/schema\\\/logo\\\/image\\\/\"}},{\"@type\":\"Person\",\"@id\":\"https:\\\/\\\/covasna45.ro\\\/#\\\/schema\\\/person\\\/e674052bd7d95d70bbb007a1060ab73c\",\"name\":\"Covasna45\",\"image\":{\"@type\":\"ImageObject\",\"inLanguage\":\"ro-RO\",\"@id\":\"https:\\\/\\\/covasna45.ro\\\/wp-content\\\/uploads\\\/2025\\\/10\\\/icon_logo_covasna45-150x150.png\",\"url\":\"https:\\\/\\\/covasna45.ro\\\/wp-content\\\/uploads\\\/2025\\\/10\\\/icon_logo_covasna45-150x150.png\",\"contentUrl\":\"https:\\\/\\\/covasna45.ro\\\/wp-content\\\/uploads\\\/2025\\\/10\\\/icon_logo_covasna45-150x150.png\",\"caption\":\"Covasna45\"},\"sameAs\":[\"https:\\\/\\\/covasna45.ro\"],\"url\":\"https:\\\/\\\/covasna45.ro\\\/index.php\\\/author\\\/covasna\\\/\"}]}<\/script>\n<!-- \/ Yoast SEO plugin. -->","yoast_head_json":{"title":"Viktor Orb\u00e1n: \u201eReveni\u0163i, domnule pre\u015fedinte! Aduce\u0163i pacea!\u201d - Covasna45","description":"Orb\u00e1n a salutat succesele electorale ale unor lideri conservatori precum Benjamin Netanyahu \u00een Israel \u015fi Giorgia Meloni \u00een Italia.","robots":{"index":"index","follow":"follow","max-snippet":"max-snippet:-1","max-image-preview":"max-image-preview:large","max-video-preview":"max-video-preview:-1"},"canonical":"https:\/\/covasna45.ro\/index.php\/lumea-larga\/viktor-orban-reveniti-domnule-presedinte-aduceti-pacea\/","og_locale":"ro_RO","og_type":"article","og_title":"Viktor Orb\u00e1n: \u201eReveni\u0163i, domnule pre\u015fedinte! Aduce\u0163i pacea!\u201d - Covasna45","og_description":"Orb\u00e1n a salutat succesele electorale ale unor lideri conservatori precum Benjamin Netanyahu \u00een Israel \u015fi Giorgia Meloni \u00een Italia.","og_url":"https:\/\/covasna45.ro\/index.php\/lumea-larga\/viktor-orban-reveniti-domnule-presedinte-aduceti-pacea\/","og_site_name":"Covasna45","article_published_time":"2023-05-05T15:22:28+00:00","article_modified_time":"2023-05-05T15:22:56+00:00","og_image":[{"width":1153,"height":648,"url":"https:\/\/covasna45.ro\/wp-content\/uploads\/2023\/05\/viktor-orban-cpac.jpg","type":"image\/jpeg"}],"author":"Covasna45","twitter_card":"summary_large_image","twitter_misc":{"Scris de":"Covasna45","Timp estimat pentru citire":"2 minute"},"schema":{"@context":"https:\/\/schema.org","@graph":[{"@type":"Article","@id":"https:\/\/covasna45.ro\/index.php\/lumea-larga\/viktor-orban-reveniti-domnule-presedinte-aduceti-pacea\/#article","isPartOf":{"@id":"https:\/\/covasna45.ro\/index.php\/lumea-larga\/viktor-orban-reveniti-domnule-presedinte-aduceti-pacea\/"},"author":{"name":"Covasna45","@id":"https:\/\/covasna45.ro\/#\/schema\/person\/e674052bd7d95d70bbb007a1060ab73c"},"headline":"Viktor Orb\u00e1n: \u201eReveni\u0163i, domnule pre\u015fedinte! Aduce\u0163i pacea!\u201d","datePublished":"2023-05-05T15:22:28+00:00","dateModified":"2023-05-05T15:22:56+00:00","mainEntityOfPage":{"@id":"https:\/\/covasna45.ro\/index.php\/lumea-larga\/viktor-orban-reveniti-domnule-presedinte-aduceti-pacea\/"},"wordCount":254,"commentCount":0,"publisher":{"@id":"https:\/\/covasna45.ro\/#organization"},"image":{"@id":"https:\/\/covasna45.ro\/index.php\/lumea-larga\/viktor-orban-reveniti-domnule-presedinte-aduceti-pacea\/#primaryimage"},"thumbnailUrl":"https:\/\/covasna45.ro\/wp-content\/uploads\/2023\/05\/viktor-orban-cpac.jpg","keywords":["Donald Trump","SUA","Ungaria","Viktor Orb\u00e1n"],"articleSection":["Lumea larg\u0103"],"inLanguage":"ro-RO","potentialAction":[{"@type":"CommentAction","name":"Comment","target":["https:\/\/covasna45.ro\/index.php\/lumea-larga\/viktor-orban-reveniti-domnule-presedinte-aduceti-pacea\/#respond"]}]},{"@type":"WebPage","@id":"https:\/\/covasna45.ro\/index.php\/lumea-larga\/viktor-orban-reveniti-domnule-presedinte-aduceti-pacea\/","url":"https:\/\/covasna45.ro\/index.php\/lumea-larga\/viktor-orban-reveniti-domnule-presedinte-aduceti-pacea\/","name":"Viktor Orb\u00e1n: \u201eReveni\u0163i, domnule pre\u015fedinte! Aduce\u0163i pacea!\u201d - Covasna45","isPartOf":{"@id":"https:\/\/covasna45.ro\/#website"},"primaryImageOfPage":{"@id":"https:\/\/covasna45.ro\/index.php\/lumea-larga\/viktor-orban-reveniti-domnule-presedinte-aduceti-pacea\/#primaryimage"},"image":{"@id":"https:\/\/covasna45.ro\/index.php\/lumea-larga\/viktor-orban-reveniti-domnule-presedinte-aduceti-pacea\/#primaryimage"},"thumbnailUrl":"https:\/\/covasna45.ro\/wp-content\/uploads\/2023\/05\/viktor-orban-cpac.jpg","datePublished":"2023-05-05T15:22:28+00:00","dateModified":"2023-05-05T15:22:56+00:00","description":"Orb\u00e1n a salutat succesele electorale ale unor lideri conservatori precum Benjamin Netanyahu \u00een Israel \u015fi Giorgia Meloni \u00een Italia.","breadcrumb":{"@id":"https:\/\/covasna45.ro\/index.php\/lumea-larga\/viktor-orban-reveniti-domnule-presedinte-aduceti-pacea\/#breadcrumb"},"inLanguage":"ro-RO","potentialAction":[{"@type":"ReadAction","target":["https:\/\/covasna45.ro\/index.php\/lumea-larga\/viktor-orban-reveniti-domnule-presedinte-aduceti-pacea\/"]}]},{"@type":"ImageObject","inLanguage":"ro-RO","@id":"https:\/\/covasna45.ro\/index.php\/lumea-larga\/viktor-orban-reveniti-domnule-presedinte-aduceti-pacea\/#primaryimage","url":"https:\/\/covasna45.ro\/wp-content\/uploads\/2023\/05\/viktor-orban-cpac.jpg","contentUrl":"https:\/\/covasna45.ro\/wp-content\/uploads\/2023\/05\/viktor-orban-cpac.jpg","width":1153,"height":648},{"@type":"BreadcrumbList","@id":"https:\/\/covasna45.ro\/index.php\/lumea-larga\/viktor-orban-reveniti-domnule-presedinte-aduceti-pacea\/#breadcrumb","itemListElement":[{"@type":"ListItem","position":1,"name":"Prima pagin\u0103","item":"https:\/\/covasna45.ro\/"},{"@type":"ListItem","position":2,"name":"Viktor Orb\u00e1n: \u201eReveni\u0163i, domnule pre\u015fedinte! Aduce\u0163i pacea!\u201d"}]},{"@type":"WebSite","@id":"https:\/\/covasna45.ro\/#website","url":"https:\/\/covasna45.ro\/","name":"covasna45.ro","description":"","publisher":{"@id":"https:\/\/covasna45.ro\/#organization"},"potentialAction":[{"@type":"SearchAction","target":{"@type":"EntryPoint","urlTemplate":"https:\/\/covasna45.ro\/?s={search_term_string}"},"query-input":{"@type":"PropertyValueSpecification","valueRequired":true,"valueName":"search_term_string"}}],"inLanguage":"ro-RO"},{"@type":"Organization","@id":"https:\/\/covasna45.ro\/#organization","name":"covasna45.ro","url":"https:\/\/covasna45.ro\/","logo":{"@type":"ImageObject","inLanguage":"ro-RO","@id":"https:\/\/covasna45.ro\/#\/schema\/logo\/image\/","url":"https:\/\/covasna45.ro\/wp-content\/uploads\/2023\/01\/icon_logo.png","contentUrl":"https:\/\/covasna45.ro\/wp-content\/uploads\/2023\/01\/icon_logo.png","width":1900,"height":1900,"caption":"covasna45.ro"},"image":{"@id":"https:\/\/covasna45.ro\/#\/schema\/logo\/image\/"}},{"@type":"Person","@id":"https:\/\/covasna45.ro\/#\/schema\/person\/e674052bd7d95d70bbb007a1060ab73c","name":"Covasna45","image":{"@type":"ImageObject","inLanguage":"ro-RO","@id":"https:\/\/covasna45.ro\/wp-content\/uploads\/2025\/10\/icon_logo_covasna45-150x150.png","url":"https:\/\/covasna45.ro\/wp-content\/uploads\/2025\/10\/icon_logo_covasna45-150x150.png","contentUrl":"https:\/\/covasna45.ro\/wp-content\/uploads\/2025\/10\/icon_logo_covasna45-150x150.png","caption":"Covasna45"},"sameAs":["https:\/\/covasna45.ro"],"url":"https:\/\/covasna45.ro\/index.php\/author\/covasna\/"}]}},"_links":{"self":[{"href":"https:\/\/covasna45.ro\/index.php\/wp-json\/wp\/v2\/posts\/1599","targetHints":{"allow":["GET"]}}],"collection":[{"href":"https:\/\/covasna45.ro\/index.php\/wp-json\/wp\/v2\/posts"}],"about":[{"href":"https:\/\/covasna45.ro\/index.php\/wp-json\/wp\/v2\/types\/post"}],"author":[{"embeddable":true,"href":"https:\/\/covasna45.ro\/index.php\/wp-json\/wp\/v2\/users\/1"}],"replies":[{"embeddable":true,"href":"https:\/\/covasna45.ro\/index.php\/wp-json\/wp\/v2\/comments?post=1599"}],"version-history":[{"count":1,"href":"https:\/\/covasna45.ro\/index.php\/wp-json\/wp\/v2\/posts\/1599\/revisions"}],"predecessor-version":[{"id":1601,"href":"https:\/\/covasna45.ro\/index.php\/wp-json\/wp\/v2\/posts\/1599\/revisions\/1601"}],"wp:featuredmedia":[{"embeddable":true,"href":"https:\/\/covasna45.ro\/index.php\/wp-json\/wp\/v2\/media\/1600"}],"wp:attachment":[{"href":"https:\/\/covasna45.ro\/index.php\/wp-json\/wp\/v2\/media?parent=1599"}],"wp:term":[{"taxonomy":"category","embeddable":true,"href":"https:\/\/covasna45.ro\/index.php\/wp-json\/wp\/v2\/categories?post=1599"},{"taxonomy":"post_tag","embeddable":true,"href":"https:\/\/covasna45.ro\/index.php\/wp-json\/wp\/v2\/tags?post=1599"}],"curies":[{"name":"wp","href":"https:\/\/api.w.org\/{rel}","templated":true}]}}