{"id":16161,"date":"2026-04-27T11:31:44","date_gmt":"2026-04-27T09:31:44","guid":{"rendered":"https:\/\/covasna45.ro\/?p=16161"},"modified":"2026-04-27T11:31:44","modified_gmt":"2026-04-27T09:31:44","slug":"psd-si-aur-depun-motiune-de-cenzura-impotriva-guvernului","status":"publish","type":"post","link":"https:\/\/covasna45.ro\/index.php\/lumea-noastra\/psd-si-aur-depun-motiune-de-cenzura-impotriva-guvernului\/","title":{"rendered":"PSD \u0219i AUR depun mo\u021biune de cenzur\u0103 \u00eempotriva Guvernului"},"content":{"rendered":"\n<p>Fostul vicepremier Marian Neac\u0219u a anun\u021bat azi c\u0103 PSD va ini\u021bia, \u00eempreun\u0103 cu AUR, o mo\u021biune de cenzur\u0103 \u00eempotriva Guvernului condus de Ilie Bolojan.<\/p>\n\n\n\n<p>&#8216;\u00cen urma mai multor r\u00e2nduri de discu\u021bii cu conducerile partidelor s-a decis ca eu \u0219i domnul Petri\u0219or Peiu s\u0103 ne ocup\u0103m de partea tehnic\u0103 a unei mo\u021biuni de cenzur\u0103 comune. Din acest motiv ne afl\u0103m ast\u0103zi aici. Lucrul de care ne vom ocupa este exclusiv tehnic. Abordarea politic\u0103 va fi explicat\u0103 probabil \u00een cursul acestei zile de c\u0103tre pre\u0219edin\u021bii de partide. A\u0219a dup\u0103 cum cunoa\u0219te\u021bi, noi avem la ora 14:00 convocat un Birou Politic Na\u021bional \u00een care se va lua decizia final\u0103. (&#8230;) Ambele partide vor fi ini\u021biatori. Mai mult dec\u00e2t at\u00e2t, am vorbit cu domnul Peiu, sunt convins c\u0103 \u0219i conducerile partidelor noastre vor fi de acord, s\u0103 facem un apel c\u0103tre to\u021bi parlamentarii care vor s\u0103 contribuie prin text la mo\u021biune \u0219i s\u0103 sus\u021bin\u0103 mo\u021biunea prin semn\u0103tur\u0103 \u0219i prin vot&#8217;, a spus Neac\u0219u, la Palatul Parlamentului, \u00eentr-o conferin\u021b\u0103 comun\u0103 cu liderul senatorilor AUR, Petri\u0219or Peiu, conform <a href=\"https:\/\/agerpres.ro\/politic\/2026\/04\/27\/marian-neacsu-psd-si-aur-vor-initia-impreuna-o-motiune-de-cenzura--1550354\">Agerpres<\/a>.<\/p>\n\n\n\n<p>La r\u00e2ndul s\u0103u, Petri\u0219or Peiu a precizat c\u0103 este vorba despre un demers comun, cu inten\u021bia ca mo\u021biunea de cenzur\u0103 s\u0103 fie depus\u0103 \u0219i dezb\u0103tut\u0103 la \u00eenceputul lunii mai.<\/p>\n\n\n\n<p>&#8216;Cele dou\u0103 partide vor avea \u0219edin\u021be \u00een forurile de conducere \u0219i ve\u021bi avea \u0219i reac\u021bii \u0219i abord\u0103ri \u0219i explica\u021bii politice undeva \u00een aceast\u0103 dup\u0103-amiaz\u0103. Noi v\u0103 anun\u021b\u0103m c\u0103 am declan\u0219at demersul tehnic de a scrie acea mo\u021biune&#8217;, a spus senatorul AUR.<\/p>\n\n\n\n<p>Cei doi politicieni au fost \u00eentreba\u021bi dac\u0103 acesta poate fi considerat un prim pas pentru o colaborare \u0219i la guvernare.<\/p>\n\n\n\n<p>&#8216;Orice drum \u00eencepe cu primul pas. Deocamdat\u0103 ne afl\u0103m \u00een fa\u021ba acestui demers&#8217;, a spus Neac\u0219u.<\/p>\n\n\n\n<p>&#8216;Singurul lucru care s-a discutat deocamdat\u0103 este redactarea \u0219i ini\u021bierea \u0219i votarea unei mo\u021biuni de cenzur\u0103 comun\u0103. (&#8230;) Nu e niciun pact cu PSD. Este deocamdat\u0103 o solu\u021bie comun\u0103 \u0219i s-a convenit s\u0103 facem un text comun pe mo\u021biune pentru a nu risca s\u0103 avem dou\u0103 mo\u021biuni \u0219i s\u0103 cad\u0103 am\u00e2ndou\u0103. Orice colaborare parlamentar\u0103 este bine venit\u0103 \u0219i deocamdat\u0103 aveam aceast\u0103 discu\u021bie, s\u0103 vedem dup\u0103 ce o finaliz\u0103m ce urmeaz\u0103&#8217;, a spus \u0219i Peiu.<\/p>\n","protected":false},"excerpt":{"rendered":"<p>Fostul vicepremier Marian Neac\u0219u a anun\u021bat azi c\u0103 PSD va ini\u021bia, \u00eempreun\u0103 cu AUR, o mo\u021biune de cenzur\u0103 \u00eempotriva Guvernului condus de Ilie Bolojan. &#8216;\u00cen urma mai multor r\u00e2nduri de discu\u021bii cu conducerile partidelor s-a decis ca eu \u0219i domnul Petri\u0219or Peiu s\u0103 ne ocup\u0103m de partea tehnic\u0103 a unei mo\u021biuni de cenzur\u0103 comune. Din [&hellip;]<\/p>\n","protected":false},"author":1,"featured_media":14553,"comment_status":"open","ping_status":"closed","sticky":false,"template":"","format":"standard","meta":{"tdm_status":"","tdm_grid_status":"","footnotes":""},"categories":[14],"tags":[1788,625],"class_list":{"0":"post-16161","1":"post","2":"type-post","3":"status-publish","4":"format-standard","5":"has-post-thumbnail","7":"category-lumea-noastra","8":"tag-aur","9":"tag-psd"},"yoast_head":"<!-- This site is optimized with the Yoast SEO plugin v27.4 - https:\/\/yoast.com\/product\/yoast-seo-wordpress\/ -->\n<title>PSD \u0219i AUR depun mo\u021biune de cenzur\u0103 \u00eempotriva Guvernului - Covasna45<\/title>\n<meta name=\"description\" content=\"Fostul vicepremier Marian Neac\u0219u a anun\u021bat azi c\u0103 PSD va ini\u021bia, \u00eempreun\u0103 cu AUR, o mo\u021biune de cenzur\u0103 \u00eempotriva Guvernului.\" \/>\n<meta name=\"robots\" content=\"index, follow, max-snippet:-1, max-image-preview:large, max-video-preview:-1\" \/>\n<link rel=\"canonical\" href=\"https:\/\/covasna45.ro\/index.php\/lumea-noastra\/psd-si-aur-depun-motiune-de-cenzura-impotriva-guvernului\/\" \/>\n<meta property=\"og:locale\" content=\"ro_RO\" \/>\n<meta property=\"og:type\" content=\"article\" \/>\n<meta property=\"og:title\" content=\"PSD \u0219i AUR depun mo\u021biune de cenzur\u0103 \u00eempotriva Guvernului - Covasna45\" \/>\n<meta property=\"og:description\" content=\"Fostul vicepremier Marian Neac\u0219u a anun\u021bat azi c\u0103 PSD va ini\u021bia, \u00eempreun\u0103 cu AUR, o mo\u021biune de cenzur\u0103 \u00eempotriva Guvernului.\" \/>\n<meta property=\"og:url\" content=\"https:\/\/covasna45.ro\/index.php\/lumea-noastra\/psd-si-aur-depun-motiune-de-cenzura-impotriva-guvernului\/\" \/>\n<meta property=\"og:site_name\" content=\"Covasna45\" \/>\n<meta property=\"article:published_time\" content=\"2026-04-27T09:31:44+00:00\" \/>\n<meta property=\"og:image\" content=\"https:\/\/covasna45.ro\/wp-content\/uploads\/2026\/01\/Bolojan.jpg\" \/>\n\t<meta property=\"og:image:width\" content=\"667\" \/>\n\t<meta property=\"og:image:height\" content=\"500\" \/>\n\t<meta property=\"og:image:type\" content=\"image\/jpeg\" \/>\n<meta name=\"author\" content=\"Covasna45\" \/>\n<meta name=\"twitter:card\" content=\"summary_large_image\" \/>\n<meta name=\"twitter:label1\" content=\"Scris de\" \/>\n\t<meta name=\"twitter:data1\" content=\"Covasna45\" \/>\n\t<meta name=\"twitter:label2\" content=\"Timp estimat pentru citire\" \/>\n\t<meta name=\"twitter:data2\" content=\"3 minute\" \/>\n<script type=\"application\/ld+json\" class=\"yoast-schema-graph\">{\"@context\":\"https:\\\/\\\/schema.org\",\"@graph\":[{\"@type\":\"Article\",\"@id\":\"https:\\\/\\\/covasna45.ro\\\/index.php\\\/lumea-noastra\\\/psd-si-aur-depun-motiune-de-cenzura-impotriva-guvernului\\\/#article\",\"isPartOf\":{\"@id\":\"https:\\\/\\\/covasna45.ro\\\/index.php\\\/lumea-noastra\\\/psd-si-aur-depun-motiune-de-cenzura-impotriva-guvernului\\\/\"},\"author\":{\"name\":\"Covasna45\",\"@id\":\"https:\\\/\\\/covasna45.ro\\\/#\\\/schema\\\/person\\\/e674052bd7d95d70bbb007a1060ab73c\"},\"headline\":\"PSD \u0219i AUR depun mo\u021biune de cenzur\u0103 \u00eempotriva Guvernului\",\"datePublished\":\"2026-04-27T09:31:44+00:00\",\"mainEntityOfPage\":{\"@id\":\"https:\\\/\\\/covasna45.ro\\\/index.php\\\/lumea-noastra\\\/psd-si-aur-depun-motiune-de-cenzura-impotriva-guvernului\\\/\"},\"wordCount\":416,\"commentCount\":0,\"publisher\":{\"@id\":\"https:\\\/\\\/covasna45.ro\\\/#organization\"},\"image\":{\"@id\":\"https:\\\/\\\/covasna45.ro\\\/index.php\\\/lumea-noastra\\\/psd-si-aur-depun-motiune-de-cenzura-impotriva-guvernului\\\/#primaryimage\"},\"thumbnailUrl\":\"https:\\\/\\\/covasna45.ro\\\/wp-content\\\/uploads\\\/2026\\\/01\\\/Bolojan.jpg\",\"keywords\":[\"Aur\",\"PSD\"],\"articleSection\":[\"Lumea noastr\u0103\"],\"inLanguage\":\"ro-RO\",\"potentialAction\":[{\"@type\":\"CommentAction\",\"name\":\"Comment\",\"target\":[\"https:\\\/\\\/covasna45.ro\\\/index.php\\\/lumea-noastra\\\/psd-si-aur-depun-motiune-de-cenzura-impotriva-guvernului\\\/#respond\"]}]},{\"@type\":\"WebPage\",\"@id\":\"https:\\\/\\\/covasna45.ro\\\/index.php\\\/lumea-noastra\\\/psd-si-aur-depun-motiune-de-cenzura-impotriva-guvernului\\\/\",\"url\":\"https:\\\/\\\/covasna45.ro\\\/index.php\\\/lumea-noastra\\\/psd-si-aur-depun-motiune-de-cenzura-impotriva-guvernului\\\/\",\"name\":\"PSD \u0219i AUR depun mo\u021biune de cenzur\u0103 \u00eempotriva Guvernului - Covasna45\",\"isPartOf\":{\"@id\":\"https:\\\/\\\/covasna45.ro\\\/#website\"},\"primaryImageOfPage\":{\"@id\":\"https:\\\/\\\/covasna45.ro\\\/index.php\\\/lumea-noastra\\\/psd-si-aur-depun-motiune-de-cenzura-impotriva-guvernului\\\/#primaryimage\"},\"image\":{\"@id\":\"https:\\\/\\\/covasna45.ro\\\/index.php\\\/lumea-noastra\\\/psd-si-aur-depun-motiune-de-cenzura-impotriva-guvernului\\\/#primaryimage\"},\"thumbnailUrl\":\"https:\\\/\\\/covasna45.ro\\\/wp-content\\\/uploads\\\/2026\\\/01\\\/Bolojan.jpg\",\"datePublished\":\"2026-04-27T09:31:44+00:00\",\"description\":\"Fostul vicepremier Marian Neac\u0219u a anun\u021bat azi c\u0103 PSD va ini\u021bia, \u00eempreun\u0103 cu AUR, o mo\u021biune de cenzur\u0103 \u00eempotriva Guvernului.\",\"breadcrumb\":{\"@id\":\"https:\\\/\\\/covasna45.ro\\\/index.php\\\/lumea-noastra\\\/psd-si-aur-depun-motiune-de-cenzura-impotriva-guvernului\\\/#breadcrumb\"},\"inLanguage\":\"ro-RO\",\"potentialAction\":[{\"@type\":\"ReadAction\",\"target\":[\"https:\\\/\\\/covasna45.ro\\\/index.php\\\/lumea-noastra\\\/psd-si-aur-depun-motiune-de-cenzura-impotriva-guvernului\\\/\"]}]},{\"@type\":\"ImageObject\",\"inLanguage\":\"ro-RO\",\"@id\":\"https:\\\/\\\/covasna45.ro\\\/index.php\\\/lumea-noastra\\\/psd-si-aur-depun-motiune-de-cenzura-impotriva-guvernului\\\/#primaryimage\",\"url\":\"https:\\\/\\\/covasna45.ro\\\/wp-content\\\/uploads\\\/2026\\\/01\\\/Bolojan.jpg\",\"contentUrl\":\"https:\\\/\\\/covasna45.ro\\\/wp-content\\\/uploads\\\/2026\\\/01\\\/Bolojan.jpg\",\"width\":667,\"height\":500},{\"@type\":\"BreadcrumbList\",\"@id\":\"https:\\\/\\\/covasna45.ro\\\/index.php\\\/lumea-noastra\\\/psd-si-aur-depun-motiune-de-cenzura-impotriva-guvernului\\\/#breadcrumb\",\"itemListElement\":[{\"@type\":\"ListItem\",\"position\":1,\"name\":\"Prima pagin\u0103\",\"item\":\"https:\\\/\\\/covasna45.ro\\\/\"},{\"@type\":\"ListItem\",\"position\":2,\"name\":\"PSD \u0219i AUR depun mo\u021biune de cenzur\u0103 \u00eempotriva Guvernului\"}]},{\"@type\":\"WebSite\",\"@id\":\"https:\\\/\\\/covasna45.ro\\\/#website\",\"url\":\"https:\\\/\\\/covasna45.ro\\\/\",\"name\":\"covasna45.ro\",\"description\":\"\",\"publisher\":{\"@id\":\"https:\\\/\\\/covasna45.ro\\\/#organization\"},\"potentialAction\":[{\"@type\":\"SearchAction\",\"target\":{\"@type\":\"EntryPoint\",\"urlTemplate\":\"https:\\\/\\\/covasna45.ro\\\/?s={search_term_string}\"},\"query-input\":{\"@type\":\"PropertyValueSpecification\",\"valueRequired\":true,\"valueName\":\"search_term_string\"}}],\"inLanguage\":\"ro-RO\"},{\"@type\":\"Organization\",\"@id\":\"https:\\\/\\\/covasna45.ro\\\/#organization\",\"name\":\"covasna45.ro\",\"url\":\"https:\\\/\\\/covasna45.ro\\\/\",\"logo\":{\"@type\":\"ImageObject\",\"inLanguage\":\"ro-RO\",\"@id\":\"https:\\\/\\\/covasna45.ro\\\/#\\\/schema\\\/logo\\\/image\\\/\",\"url\":\"https:\\\/\\\/covasna45.ro\\\/wp-content\\\/uploads\\\/2023\\\/01\\\/icon_logo.png\",\"contentUrl\":\"https:\\\/\\\/covasna45.ro\\\/wp-content\\\/uploads\\\/2023\\\/01\\\/icon_logo.png\",\"width\":1900,\"height\":1900,\"caption\":\"covasna45.ro\"},\"image\":{\"@id\":\"https:\\\/\\\/covasna45.ro\\\/#\\\/schema\\\/logo\\\/image\\\/\"}},{\"@type\":\"Person\",\"@id\":\"https:\\\/\\\/covasna45.ro\\\/#\\\/schema\\\/person\\\/e674052bd7d95d70bbb007a1060ab73c\",\"name\":\"Covasna45\",\"image\":{\"@type\":\"ImageObject\",\"inLanguage\":\"ro-RO\",\"@id\":\"https:\\\/\\\/covasna45.ro\\\/wp-content\\\/uploads\\\/2025\\\/10\\\/icon_logo_covasna45-150x150.png\",\"url\":\"https:\\\/\\\/covasna45.ro\\\/wp-content\\\/uploads\\\/2025\\\/10\\\/icon_logo_covasna45-150x150.png\",\"contentUrl\":\"https:\\\/\\\/covasna45.ro\\\/wp-content\\\/uploads\\\/2025\\\/10\\\/icon_logo_covasna45-150x150.png\",\"caption\":\"Covasna45\"},\"sameAs\":[\"https:\\\/\\\/covasna45.ro\"],\"url\":\"https:\\\/\\\/covasna45.ro\\\/index.php\\\/author\\\/covasna\\\/\"}]}<\/script>\n<!-- \/ Yoast SEO plugin. -->","yoast_head_json":{"title":"PSD \u0219i AUR depun mo\u021biune de cenzur\u0103 \u00eempotriva Guvernului - Covasna45","description":"Fostul vicepremier Marian Neac\u0219u a anun\u021bat azi c\u0103 PSD va ini\u021bia, \u00eempreun\u0103 cu AUR, o mo\u021biune de cenzur\u0103 \u00eempotriva Guvernului.","robots":{"index":"index","follow":"follow","max-snippet":"max-snippet:-1","max-image-preview":"max-image-preview:large","max-video-preview":"max-video-preview:-1"},"canonical":"https:\/\/covasna45.ro\/index.php\/lumea-noastra\/psd-si-aur-depun-motiune-de-cenzura-impotriva-guvernului\/","og_locale":"ro_RO","og_type":"article","og_title":"PSD \u0219i AUR depun mo\u021biune de cenzur\u0103 \u00eempotriva Guvernului - Covasna45","og_description":"Fostul vicepremier Marian Neac\u0219u a anun\u021bat azi c\u0103 PSD va ini\u021bia, \u00eempreun\u0103 cu AUR, o mo\u021biune de cenzur\u0103 \u00eempotriva Guvernului.","og_url":"https:\/\/covasna45.ro\/index.php\/lumea-noastra\/psd-si-aur-depun-motiune-de-cenzura-impotriva-guvernului\/","og_site_name":"Covasna45","article_published_time":"2026-04-27T09:31:44+00:00","og_image":[{"width":667,"height":500,"url":"https:\/\/covasna45.ro\/wp-content\/uploads\/2026\/01\/Bolojan.jpg","type":"image\/jpeg"}],"author":"Covasna45","twitter_card":"summary_large_image","twitter_misc":{"Scris de":"Covasna45","Timp estimat pentru citire":"3 minute"},"schema":{"@context":"https:\/\/schema.org","@graph":[{"@type":"Article","@id":"https:\/\/covasna45.ro\/index.php\/lumea-noastra\/psd-si-aur-depun-motiune-de-cenzura-impotriva-guvernului\/#article","isPartOf":{"@id":"https:\/\/covasna45.ro\/index.php\/lumea-noastra\/psd-si-aur-depun-motiune-de-cenzura-impotriva-guvernului\/"},"author":{"name":"Covasna45","@id":"https:\/\/covasna45.ro\/#\/schema\/person\/e674052bd7d95d70bbb007a1060ab73c"},"headline":"PSD \u0219i AUR depun mo\u021biune de cenzur\u0103 \u00eempotriva Guvernului","datePublished":"2026-04-27T09:31:44+00:00","mainEntityOfPage":{"@id":"https:\/\/covasna45.ro\/index.php\/lumea-noastra\/psd-si-aur-depun-motiune-de-cenzura-impotriva-guvernului\/"},"wordCount":416,"commentCount":0,"publisher":{"@id":"https:\/\/covasna45.ro\/#organization"},"image":{"@id":"https:\/\/covasna45.ro\/index.php\/lumea-noastra\/psd-si-aur-depun-motiune-de-cenzura-impotriva-guvernului\/#primaryimage"},"thumbnailUrl":"https:\/\/covasna45.ro\/wp-content\/uploads\/2026\/01\/Bolojan.jpg","keywords":["Aur","PSD"],"articleSection":["Lumea noastr\u0103"],"inLanguage":"ro-RO","potentialAction":[{"@type":"CommentAction","name":"Comment","target":["https:\/\/covasna45.ro\/index.php\/lumea-noastra\/psd-si-aur-depun-motiune-de-cenzura-impotriva-guvernului\/#respond"]}]},{"@type":"WebPage","@id":"https:\/\/covasna45.ro\/index.php\/lumea-noastra\/psd-si-aur-depun-motiune-de-cenzura-impotriva-guvernului\/","url":"https:\/\/covasna45.ro\/index.php\/lumea-noastra\/psd-si-aur-depun-motiune-de-cenzura-impotriva-guvernului\/","name":"PSD \u0219i AUR depun mo\u021biune de cenzur\u0103 \u00eempotriva Guvernului - Covasna45","isPartOf":{"@id":"https:\/\/covasna45.ro\/#website"},"primaryImageOfPage":{"@id":"https:\/\/covasna45.ro\/index.php\/lumea-noastra\/psd-si-aur-depun-motiune-de-cenzura-impotriva-guvernului\/#primaryimage"},"image":{"@id":"https:\/\/covasna45.ro\/index.php\/lumea-noastra\/psd-si-aur-depun-motiune-de-cenzura-impotriva-guvernului\/#primaryimage"},"thumbnailUrl":"https:\/\/covasna45.ro\/wp-content\/uploads\/2026\/01\/Bolojan.jpg","datePublished":"2026-04-27T09:31:44+00:00","description":"Fostul vicepremier Marian Neac\u0219u a anun\u021bat azi c\u0103 PSD va ini\u021bia, \u00eempreun\u0103 cu AUR, o mo\u021biune de cenzur\u0103 \u00eempotriva Guvernului.","breadcrumb":{"@id":"https:\/\/covasna45.ro\/index.php\/lumea-noastra\/psd-si-aur-depun-motiune-de-cenzura-impotriva-guvernului\/#breadcrumb"},"inLanguage":"ro-RO","potentialAction":[{"@type":"ReadAction","target":["https:\/\/covasna45.ro\/index.php\/lumea-noastra\/psd-si-aur-depun-motiune-de-cenzura-impotriva-guvernului\/"]}]},{"@type":"ImageObject","inLanguage":"ro-RO","@id":"https:\/\/covasna45.ro\/index.php\/lumea-noastra\/psd-si-aur-depun-motiune-de-cenzura-impotriva-guvernului\/#primaryimage","url":"https:\/\/covasna45.ro\/wp-content\/uploads\/2026\/01\/Bolojan.jpg","contentUrl":"https:\/\/covasna45.ro\/wp-content\/uploads\/2026\/01\/Bolojan.jpg","width":667,"height":500},{"@type":"BreadcrumbList","@id":"https:\/\/covasna45.ro\/index.php\/lumea-noastra\/psd-si-aur-depun-motiune-de-cenzura-impotriva-guvernului\/#breadcrumb","itemListElement":[{"@type":"ListItem","position":1,"name":"Prima pagin\u0103","item":"https:\/\/covasna45.ro\/"},{"@type":"ListItem","position":2,"name":"PSD \u0219i AUR depun mo\u021biune de cenzur\u0103 \u00eempotriva Guvernului"}]},{"@type":"WebSite","@id":"https:\/\/covasna45.ro\/#website","url":"https:\/\/covasna45.ro\/","name":"covasna45.ro","description":"","publisher":{"@id":"https:\/\/covasna45.ro\/#organization"},"potentialAction":[{"@type":"SearchAction","target":{"@type":"EntryPoint","urlTemplate":"https:\/\/covasna45.ro\/?s={search_term_string}"},"query-input":{"@type":"PropertyValueSpecification","valueRequired":true,"valueName":"search_term_string"}}],"inLanguage":"ro-RO"},{"@type":"Organization","@id":"https:\/\/covasna45.ro\/#organization","name":"covasna45.ro","url":"https:\/\/covasna45.ro\/","logo":{"@type":"ImageObject","inLanguage":"ro-RO","@id":"https:\/\/covasna45.ro\/#\/schema\/logo\/image\/","url":"https:\/\/covasna45.ro\/wp-content\/uploads\/2023\/01\/icon_logo.png","contentUrl":"https:\/\/covasna45.ro\/wp-content\/uploads\/2023\/01\/icon_logo.png","width":1900,"height":1900,"caption":"covasna45.ro"},"image":{"@id":"https:\/\/covasna45.ro\/#\/schema\/logo\/image\/"}},{"@type":"Person","@id":"https:\/\/covasna45.ro\/#\/schema\/person\/e674052bd7d95d70bbb007a1060ab73c","name":"Covasna45","image":{"@type":"ImageObject","inLanguage":"ro-RO","@id":"https:\/\/covasna45.ro\/wp-content\/uploads\/2025\/10\/icon_logo_covasna45-150x150.png","url":"https:\/\/covasna45.ro\/wp-content\/uploads\/2025\/10\/icon_logo_covasna45-150x150.png","contentUrl":"https:\/\/covasna45.ro\/wp-content\/uploads\/2025\/10\/icon_logo_covasna45-150x150.png","caption":"Covasna45"},"sameAs":["https:\/\/covasna45.ro"],"url":"https:\/\/covasna45.ro\/index.php\/author\/covasna\/"}]}},"_links":{"self":[{"href":"https:\/\/covasna45.ro\/index.php\/wp-json\/wp\/v2\/posts\/16161","targetHints":{"allow":["GET"]}}],"collection":[{"href":"https:\/\/covasna45.ro\/index.php\/wp-json\/wp\/v2\/posts"}],"about":[{"href":"https:\/\/covasna45.ro\/index.php\/wp-json\/wp\/v2\/types\/post"}],"author":[{"embeddable":true,"href":"https:\/\/covasna45.ro\/index.php\/wp-json\/wp\/v2\/users\/1"}],"replies":[{"embeddable":true,"href":"https:\/\/covasna45.ro\/index.php\/wp-json\/wp\/v2\/comments?post=16161"}],"version-history":[{"count":1,"href":"https:\/\/covasna45.ro\/index.php\/wp-json\/wp\/v2\/posts\/16161\/revisions"}],"predecessor-version":[{"id":16162,"href":"https:\/\/covasna45.ro\/index.php\/wp-json\/wp\/v2\/posts\/16161\/revisions\/16162"}],"wp:featuredmedia":[{"embeddable":true,"href":"https:\/\/covasna45.ro\/index.php\/wp-json\/wp\/v2\/media\/14553"}],"wp:attachment":[{"href":"https:\/\/covasna45.ro\/index.php\/wp-json\/wp\/v2\/media?parent=16161"}],"wp:term":[{"taxonomy":"category","embeddable":true,"href":"https:\/\/covasna45.ro\/index.php\/wp-json\/wp\/v2\/categories?post=16161"},{"taxonomy":"post_tag","embeddable":true,"href":"https:\/\/covasna45.ro\/index.php\/wp-json\/wp\/v2\/tags?post=16161"}],"curies":[{"name":"wp","href":"https:\/\/api.w.org\/{rel}","templated":true}]}}