{"id":16163,"date":"2026-04-27T11:39:57","date_gmt":"2026-04-27T09:39:57","guid":{"rendered":"https:\/\/covasna45.ro\/?p=16163"},"modified":"2026-04-27T11:40:42","modified_gmt":"2026-04-27T09:40:42","slug":"benzinaria-din-baraolt-fara-combustibil-de-doua-zile","status":"publish","type":"post","link":"https:\/\/covasna45.ro\/index.php\/lumea-noastra\/benzinaria-din-baraolt-fara-combustibil-de-doua-zile\/","title":{"rendered":"Benzin\u0103ria din Baraolt, f\u0103r\u0103 combustibil de dou\u0103 zile"},"content":{"rendered":"\n<p>Sta\u021bia Petrom din Baraolt a r\u0103mas f\u0103r\u0103 combustibil. De vineri nu mai are motorin\u0103 \u0219i de s\u00e2mb\u0103t\u0103 nu mai are nici benzin\u0103.<\/p>\n\n\n\n<p>\u201eAm discutat cu managerul benzin\u0103riei \u00een aceast\u0103 diminea\u021b\u0103. Din p\u0103cate, nu au informa\u021bii despre momentul \u00een care vor primi combustibil, de\u0219i a\u0219teapt\u0103 ca serviciul de dispecerat al companiei s\u0103 \u00eei anun\u021be \u00een orice moment. \u00cen acest moment, din rezerva legal\u0103 de urgen\u021b\u0103, au voie s\u0103 deserveasc\u0103 doar vehiculele inspectoratului de urgen\u021b\u0103 (pompieri), ambulan\u021bele \u0219i poli\u021bia, \u0219i nu pot vinde combustibil din aceast\u0103 rezerv\u0103 nim\u0103nui altcuiva\u201d, a declarat pentru <a href=\"https:\/\/covasna45.ro\/\">covasna45.ro<\/a> primarul din Baraolt, Benedek Husz\u00e1r J\u00e1nos.<\/p>\n\n\n\n<p>Cea mai apropiat\u0103 sta\u021bie de benzin\u0103 pentru cei din Baraolt ar fi la Tu\u0219nad (30 km) sau Sf\u00e2ntu Gheorghe (50 de km). \u00cen toat\u0103 depresiunea Baraolt sunt dou\u0103 puncte de alimentare, acest punct Petrom \u0219i o mic\u0103 sta\u021bie la Belin. <\/p>\n","protected":false},"excerpt":{"rendered":"<p>Sta\u021bia Petrom din Baraolt a r\u0103mas f\u0103r\u0103 combustibil. De vineri nu mai are motorin\u0103 \u0219i de s\u00e2mb\u0103t\u0103 nu mai are nici benzin\u0103. \u201eAm discutat cu managerul benzin\u0103riei \u00een aceast\u0103 diminea\u021b\u0103. Din p\u0103cate, nu au informa\u021bii despre momentul \u00een care vor primi combustibil, de\u0219i a\u0219teapt\u0103 ca serviciul de dispecerat al companiei s\u0103 \u00eei anun\u021be \u00een orice [&hellip;]<\/p>\n","protected":false},"author":1,"featured_media":16164,"comment_status":"open","ping_status":"closed","sticky":false,"template":"","format":"standard","meta":{"tdm_status":"","tdm_grid_status":"","footnotes":""},"categories":[14],"tags":[2260,2046],"class_list":{"0":"post-16163","1":"post","2":"type-post","3":"status-publish","4":"format-standard","5":"has-post-thumbnail","7":"category-lumea-noastra","8":"tag-baraolt","9":"tag-benzina"},"yoast_head":"<!-- This site is optimized with the Yoast SEO plugin v27.4 - https:\/\/yoast.com\/product\/yoast-seo-wordpress\/ -->\n<title>Benzin\u0103ria din Baraolt, f\u0103r\u0103 combustibil de dou\u0103 zile - Covasna45<\/title>\n<meta name=\"description\" content=\"Sta\u021bia Petrom din Baraolt a r\u0103mas f\u0103r\u0103 combustibil. De vineri nu mai are motorin\u0103 \u0219i de s\u00e2mb\u0103t\u0103 nu mai are nici benzin\u0103.\" \/>\n<meta name=\"robots\" content=\"index, follow, max-snippet:-1, max-image-preview:large, max-video-preview:-1\" \/>\n<link rel=\"canonical\" href=\"https:\/\/covasna45.ro\/index.php\/lumea-noastra\/benzinaria-din-baraolt-fara-combustibil-de-doua-zile\/\" \/>\n<meta property=\"og:locale\" content=\"ro_RO\" \/>\n<meta property=\"og:type\" content=\"article\" \/>\n<meta property=\"og:title\" content=\"Benzin\u0103ria din Baraolt, f\u0103r\u0103 combustibil de dou\u0103 zile - Covasna45\" \/>\n<meta property=\"og:description\" content=\"Sta\u021bia Petrom din Baraolt a r\u0103mas f\u0103r\u0103 combustibil. De vineri nu mai are motorin\u0103 \u0219i de s\u00e2mb\u0103t\u0103 nu mai are nici benzin\u0103.\" \/>\n<meta property=\"og:url\" content=\"https:\/\/covasna45.ro\/index.php\/lumea-noastra\/benzinaria-din-baraolt-fara-combustibil-de-doua-zile\/\" \/>\n<meta property=\"og:site_name\" content=\"Covasna45\" \/>\n<meta property=\"article:published_time\" content=\"2026-04-27T09:39:57+00:00\" \/>\n<meta property=\"article:modified_time\" content=\"2026-04-27T09:40:42+00:00\" \/>\n<meta property=\"og:image\" content=\"https:\/\/covasna45.ro\/wp-content\/uploads\/2026\/04\/petrom.jpg\" \/>\n\t<meta property=\"og:image:width\" content=\"2000\" \/>\n\t<meta property=\"og:image:height\" content=\"1500\" \/>\n\t<meta property=\"og:image:type\" content=\"image\/jpeg\" \/>\n<meta name=\"author\" content=\"Covasna45\" \/>\n<meta name=\"twitter:card\" content=\"summary_large_image\" \/>\n<meta name=\"twitter:label1\" content=\"Scris de\" \/>\n\t<meta name=\"twitter:data1\" content=\"Covasna45\" \/>\n\t<meta name=\"twitter:label2\" content=\"Timp estimat pentru citire\" \/>\n\t<meta name=\"twitter:data2\" content=\"1 minut\" \/>\n<script type=\"application\/ld+json\" class=\"yoast-schema-graph\">{\"@context\":\"https:\\\/\\\/schema.org\",\"@graph\":[{\"@type\":\"Article\",\"@id\":\"https:\\\/\\\/covasna45.ro\\\/index.php\\\/lumea-noastra\\\/benzinaria-din-baraolt-fara-combustibil-de-doua-zile\\\/#article\",\"isPartOf\":{\"@id\":\"https:\\\/\\\/covasna45.ro\\\/index.php\\\/lumea-noastra\\\/benzinaria-din-baraolt-fara-combustibil-de-doua-zile\\\/\"},\"author\":{\"name\":\"Covasna45\",\"@id\":\"https:\\\/\\\/covasna45.ro\\\/#\\\/schema\\\/person\\\/e674052bd7d95d70bbb007a1060ab73c\"},\"headline\":\"Benzin\u0103ria din Baraolt, f\u0103r\u0103 combustibil de dou\u0103 zile\",\"datePublished\":\"2026-04-27T09:39:57+00:00\",\"dateModified\":\"2026-04-27T09:40:42+00:00\",\"mainEntityOfPage\":{\"@id\":\"https:\\\/\\\/covasna45.ro\\\/index.php\\\/lumea-noastra\\\/benzinaria-din-baraolt-fara-combustibil-de-doua-zile\\\/\"},\"wordCount\":166,\"commentCount\":0,\"publisher\":{\"@id\":\"https:\\\/\\\/covasna45.ro\\\/#organization\"},\"image\":{\"@id\":\"https:\\\/\\\/covasna45.ro\\\/index.php\\\/lumea-noastra\\\/benzinaria-din-baraolt-fara-combustibil-de-doua-zile\\\/#primaryimage\"},\"thumbnailUrl\":\"https:\\\/\\\/covasna45.ro\\\/wp-content\\\/uploads\\\/2026\\\/04\\\/petrom.jpg\",\"keywords\":[\"baraolt\",\"Benzin\u0103\"],\"articleSection\":[\"Lumea noastr\u0103\"],\"inLanguage\":\"ro-RO\",\"potentialAction\":[{\"@type\":\"CommentAction\",\"name\":\"Comment\",\"target\":[\"https:\\\/\\\/covasna45.ro\\\/index.php\\\/lumea-noastra\\\/benzinaria-din-baraolt-fara-combustibil-de-doua-zile\\\/#respond\"]}]},{\"@type\":\"WebPage\",\"@id\":\"https:\\\/\\\/covasna45.ro\\\/index.php\\\/lumea-noastra\\\/benzinaria-din-baraolt-fara-combustibil-de-doua-zile\\\/\",\"url\":\"https:\\\/\\\/covasna45.ro\\\/index.php\\\/lumea-noastra\\\/benzinaria-din-baraolt-fara-combustibil-de-doua-zile\\\/\",\"name\":\"Benzin\u0103ria din Baraolt, f\u0103r\u0103 combustibil de dou\u0103 zile - Covasna45\",\"isPartOf\":{\"@id\":\"https:\\\/\\\/covasna45.ro\\\/#website\"},\"primaryImageOfPage\":{\"@id\":\"https:\\\/\\\/covasna45.ro\\\/index.php\\\/lumea-noastra\\\/benzinaria-din-baraolt-fara-combustibil-de-doua-zile\\\/#primaryimage\"},\"image\":{\"@id\":\"https:\\\/\\\/covasna45.ro\\\/index.php\\\/lumea-noastra\\\/benzinaria-din-baraolt-fara-combustibil-de-doua-zile\\\/#primaryimage\"},\"thumbnailUrl\":\"https:\\\/\\\/covasna45.ro\\\/wp-content\\\/uploads\\\/2026\\\/04\\\/petrom.jpg\",\"datePublished\":\"2026-04-27T09:39:57+00:00\",\"dateModified\":\"2026-04-27T09:40:42+00:00\",\"description\":\"Sta\u021bia Petrom din Baraolt a r\u0103mas f\u0103r\u0103 combustibil. De vineri nu mai are motorin\u0103 \u0219i de s\u00e2mb\u0103t\u0103 nu mai are nici benzin\u0103.\",\"breadcrumb\":{\"@id\":\"https:\\\/\\\/covasna45.ro\\\/index.php\\\/lumea-noastra\\\/benzinaria-din-baraolt-fara-combustibil-de-doua-zile\\\/#breadcrumb\"},\"inLanguage\":\"ro-RO\",\"potentialAction\":[{\"@type\":\"ReadAction\",\"target\":[\"https:\\\/\\\/covasna45.ro\\\/index.php\\\/lumea-noastra\\\/benzinaria-din-baraolt-fara-combustibil-de-doua-zile\\\/\"]}]},{\"@type\":\"ImageObject\",\"inLanguage\":\"ro-RO\",\"@id\":\"https:\\\/\\\/covasna45.ro\\\/index.php\\\/lumea-noastra\\\/benzinaria-din-baraolt-fara-combustibil-de-doua-zile\\\/#primaryimage\",\"url\":\"https:\\\/\\\/covasna45.ro\\\/wp-content\\\/uploads\\\/2026\\\/04\\\/petrom.jpg\",\"contentUrl\":\"https:\\\/\\\/covasna45.ro\\\/wp-content\\\/uploads\\\/2026\\\/04\\\/petrom.jpg\",\"width\":2000,\"height\":1500},{\"@type\":\"BreadcrumbList\",\"@id\":\"https:\\\/\\\/covasna45.ro\\\/index.php\\\/lumea-noastra\\\/benzinaria-din-baraolt-fara-combustibil-de-doua-zile\\\/#breadcrumb\",\"itemListElement\":[{\"@type\":\"ListItem\",\"position\":1,\"name\":\"Prima pagin\u0103\",\"item\":\"https:\\\/\\\/covasna45.ro\\\/\"},{\"@type\":\"ListItem\",\"position\":2,\"name\":\"Benzin\u0103ria din Baraolt, f\u0103r\u0103 combustibil de dou\u0103 zile\"}]},{\"@type\":\"WebSite\",\"@id\":\"https:\\\/\\\/covasna45.ro\\\/#website\",\"url\":\"https:\\\/\\\/covasna45.ro\\\/\",\"name\":\"covasna45.ro\",\"description\":\"\",\"publisher\":{\"@id\":\"https:\\\/\\\/covasna45.ro\\\/#organization\"},\"potentialAction\":[{\"@type\":\"SearchAction\",\"target\":{\"@type\":\"EntryPoint\",\"urlTemplate\":\"https:\\\/\\\/covasna45.ro\\\/?s={search_term_string}\"},\"query-input\":{\"@type\":\"PropertyValueSpecification\",\"valueRequired\":true,\"valueName\":\"search_term_string\"}}],\"inLanguage\":\"ro-RO\"},{\"@type\":\"Organization\",\"@id\":\"https:\\\/\\\/covasna45.ro\\\/#organization\",\"name\":\"covasna45.ro\",\"url\":\"https:\\\/\\\/covasna45.ro\\\/\",\"logo\":{\"@type\":\"ImageObject\",\"inLanguage\":\"ro-RO\",\"@id\":\"https:\\\/\\\/covasna45.ro\\\/#\\\/schema\\\/logo\\\/image\\\/\",\"url\":\"https:\\\/\\\/covasna45.ro\\\/wp-content\\\/uploads\\\/2023\\\/01\\\/icon_logo.png\",\"contentUrl\":\"https:\\\/\\\/covasna45.ro\\\/wp-content\\\/uploads\\\/2023\\\/01\\\/icon_logo.png\",\"width\":1900,\"height\":1900,\"caption\":\"covasna45.ro\"},\"image\":{\"@id\":\"https:\\\/\\\/covasna45.ro\\\/#\\\/schema\\\/logo\\\/image\\\/\"}},{\"@type\":\"Person\",\"@id\":\"https:\\\/\\\/covasna45.ro\\\/#\\\/schema\\\/person\\\/e674052bd7d95d70bbb007a1060ab73c\",\"name\":\"Covasna45\",\"image\":{\"@type\":\"ImageObject\",\"inLanguage\":\"ro-RO\",\"@id\":\"https:\\\/\\\/covasna45.ro\\\/wp-content\\\/uploads\\\/2025\\\/10\\\/icon_logo_covasna45-150x150.png\",\"url\":\"https:\\\/\\\/covasna45.ro\\\/wp-content\\\/uploads\\\/2025\\\/10\\\/icon_logo_covasna45-150x150.png\",\"contentUrl\":\"https:\\\/\\\/covasna45.ro\\\/wp-content\\\/uploads\\\/2025\\\/10\\\/icon_logo_covasna45-150x150.png\",\"caption\":\"Covasna45\"},\"sameAs\":[\"https:\\\/\\\/covasna45.ro\"],\"url\":\"https:\\\/\\\/covasna45.ro\\\/index.php\\\/author\\\/covasna\\\/\"}]}<\/script>\n<!-- \/ Yoast SEO plugin. -->","yoast_head_json":{"title":"Benzin\u0103ria din Baraolt, f\u0103r\u0103 combustibil de dou\u0103 zile - Covasna45","description":"Sta\u021bia Petrom din Baraolt a r\u0103mas f\u0103r\u0103 combustibil. De vineri nu mai are motorin\u0103 \u0219i de s\u00e2mb\u0103t\u0103 nu mai are nici benzin\u0103.","robots":{"index":"index","follow":"follow","max-snippet":"max-snippet:-1","max-image-preview":"max-image-preview:large","max-video-preview":"max-video-preview:-1"},"canonical":"https:\/\/covasna45.ro\/index.php\/lumea-noastra\/benzinaria-din-baraolt-fara-combustibil-de-doua-zile\/","og_locale":"ro_RO","og_type":"article","og_title":"Benzin\u0103ria din Baraolt, f\u0103r\u0103 combustibil de dou\u0103 zile - Covasna45","og_description":"Sta\u021bia Petrom din Baraolt a r\u0103mas f\u0103r\u0103 combustibil. De vineri nu mai are motorin\u0103 \u0219i de s\u00e2mb\u0103t\u0103 nu mai are nici benzin\u0103.","og_url":"https:\/\/covasna45.ro\/index.php\/lumea-noastra\/benzinaria-din-baraolt-fara-combustibil-de-doua-zile\/","og_site_name":"Covasna45","article_published_time":"2026-04-27T09:39:57+00:00","article_modified_time":"2026-04-27T09:40:42+00:00","og_image":[{"width":2000,"height":1500,"url":"https:\/\/covasna45.ro\/wp-content\/uploads\/2026\/04\/petrom.jpg","type":"image\/jpeg"}],"author":"Covasna45","twitter_card":"summary_large_image","twitter_misc":{"Scris de":"Covasna45","Timp estimat pentru citire":"1 minut"},"schema":{"@context":"https:\/\/schema.org","@graph":[{"@type":"Article","@id":"https:\/\/covasna45.ro\/index.php\/lumea-noastra\/benzinaria-din-baraolt-fara-combustibil-de-doua-zile\/#article","isPartOf":{"@id":"https:\/\/covasna45.ro\/index.php\/lumea-noastra\/benzinaria-din-baraolt-fara-combustibil-de-doua-zile\/"},"author":{"name":"Covasna45","@id":"https:\/\/covasna45.ro\/#\/schema\/person\/e674052bd7d95d70bbb007a1060ab73c"},"headline":"Benzin\u0103ria din Baraolt, f\u0103r\u0103 combustibil de dou\u0103 zile","datePublished":"2026-04-27T09:39:57+00:00","dateModified":"2026-04-27T09:40:42+00:00","mainEntityOfPage":{"@id":"https:\/\/covasna45.ro\/index.php\/lumea-noastra\/benzinaria-din-baraolt-fara-combustibil-de-doua-zile\/"},"wordCount":166,"commentCount":0,"publisher":{"@id":"https:\/\/covasna45.ro\/#organization"},"image":{"@id":"https:\/\/covasna45.ro\/index.php\/lumea-noastra\/benzinaria-din-baraolt-fara-combustibil-de-doua-zile\/#primaryimage"},"thumbnailUrl":"https:\/\/covasna45.ro\/wp-content\/uploads\/2026\/04\/petrom.jpg","keywords":["baraolt","Benzin\u0103"],"articleSection":["Lumea noastr\u0103"],"inLanguage":"ro-RO","potentialAction":[{"@type":"CommentAction","name":"Comment","target":["https:\/\/covasna45.ro\/index.php\/lumea-noastra\/benzinaria-din-baraolt-fara-combustibil-de-doua-zile\/#respond"]}]},{"@type":"WebPage","@id":"https:\/\/covasna45.ro\/index.php\/lumea-noastra\/benzinaria-din-baraolt-fara-combustibil-de-doua-zile\/","url":"https:\/\/covasna45.ro\/index.php\/lumea-noastra\/benzinaria-din-baraolt-fara-combustibil-de-doua-zile\/","name":"Benzin\u0103ria din Baraolt, f\u0103r\u0103 combustibil de dou\u0103 zile - Covasna45","isPartOf":{"@id":"https:\/\/covasna45.ro\/#website"},"primaryImageOfPage":{"@id":"https:\/\/covasna45.ro\/index.php\/lumea-noastra\/benzinaria-din-baraolt-fara-combustibil-de-doua-zile\/#primaryimage"},"image":{"@id":"https:\/\/covasna45.ro\/index.php\/lumea-noastra\/benzinaria-din-baraolt-fara-combustibil-de-doua-zile\/#primaryimage"},"thumbnailUrl":"https:\/\/covasna45.ro\/wp-content\/uploads\/2026\/04\/petrom.jpg","datePublished":"2026-04-27T09:39:57+00:00","dateModified":"2026-04-27T09:40:42+00:00","description":"Sta\u021bia Petrom din Baraolt a r\u0103mas f\u0103r\u0103 combustibil. De vineri nu mai are motorin\u0103 \u0219i de s\u00e2mb\u0103t\u0103 nu mai are nici benzin\u0103.","breadcrumb":{"@id":"https:\/\/covasna45.ro\/index.php\/lumea-noastra\/benzinaria-din-baraolt-fara-combustibil-de-doua-zile\/#breadcrumb"},"inLanguage":"ro-RO","potentialAction":[{"@type":"ReadAction","target":["https:\/\/covasna45.ro\/index.php\/lumea-noastra\/benzinaria-din-baraolt-fara-combustibil-de-doua-zile\/"]}]},{"@type":"ImageObject","inLanguage":"ro-RO","@id":"https:\/\/covasna45.ro\/index.php\/lumea-noastra\/benzinaria-din-baraolt-fara-combustibil-de-doua-zile\/#primaryimage","url":"https:\/\/covasna45.ro\/wp-content\/uploads\/2026\/04\/petrom.jpg","contentUrl":"https:\/\/covasna45.ro\/wp-content\/uploads\/2026\/04\/petrom.jpg","width":2000,"height":1500},{"@type":"BreadcrumbList","@id":"https:\/\/covasna45.ro\/index.php\/lumea-noastra\/benzinaria-din-baraolt-fara-combustibil-de-doua-zile\/#breadcrumb","itemListElement":[{"@type":"ListItem","position":1,"name":"Prima pagin\u0103","item":"https:\/\/covasna45.ro\/"},{"@type":"ListItem","position":2,"name":"Benzin\u0103ria din Baraolt, f\u0103r\u0103 combustibil de dou\u0103 zile"}]},{"@type":"WebSite","@id":"https:\/\/covasna45.ro\/#website","url":"https:\/\/covasna45.ro\/","name":"covasna45.ro","description":"","publisher":{"@id":"https:\/\/covasna45.ro\/#organization"},"potentialAction":[{"@type":"SearchAction","target":{"@type":"EntryPoint","urlTemplate":"https:\/\/covasna45.ro\/?s={search_term_string}"},"query-input":{"@type":"PropertyValueSpecification","valueRequired":true,"valueName":"search_term_string"}}],"inLanguage":"ro-RO"},{"@type":"Organization","@id":"https:\/\/covasna45.ro\/#organization","name":"covasna45.ro","url":"https:\/\/covasna45.ro\/","logo":{"@type":"ImageObject","inLanguage":"ro-RO","@id":"https:\/\/covasna45.ro\/#\/schema\/logo\/image\/","url":"https:\/\/covasna45.ro\/wp-content\/uploads\/2023\/01\/icon_logo.png","contentUrl":"https:\/\/covasna45.ro\/wp-content\/uploads\/2023\/01\/icon_logo.png","width":1900,"height":1900,"caption":"covasna45.ro"},"image":{"@id":"https:\/\/covasna45.ro\/#\/schema\/logo\/image\/"}},{"@type":"Person","@id":"https:\/\/covasna45.ro\/#\/schema\/person\/e674052bd7d95d70bbb007a1060ab73c","name":"Covasna45","image":{"@type":"ImageObject","inLanguage":"ro-RO","@id":"https:\/\/covasna45.ro\/wp-content\/uploads\/2025\/10\/icon_logo_covasna45-150x150.png","url":"https:\/\/covasna45.ro\/wp-content\/uploads\/2025\/10\/icon_logo_covasna45-150x150.png","contentUrl":"https:\/\/covasna45.ro\/wp-content\/uploads\/2025\/10\/icon_logo_covasna45-150x150.png","caption":"Covasna45"},"sameAs":["https:\/\/covasna45.ro"],"url":"https:\/\/covasna45.ro\/index.php\/author\/covasna\/"}]}},"_links":{"self":[{"href":"https:\/\/covasna45.ro\/index.php\/wp-json\/wp\/v2\/posts\/16163","targetHints":{"allow":["GET"]}}],"collection":[{"href":"https:\/\/covasna45.ro\/index.php\/wp-json\/wp\/v2\/posts"}],"about":[{"href":"https:\/\/covasna45.ro\/index.php\/wp-json\/wp\/v2\/types\/post"}],"author":[{"embeddable":true,"href":"https:\/\/covasna45.ro\/index.php\/wp-json\/wp\/v2\/users\/1"}],"replies":[{"embeddable":true,"href":"https:\/\/covasna45.ro\/index.php\/wp-json\/wp\/v2\/comments?post=16163"}],"version-history":[{"count":3,"href":"https:\/\/covasna45.ro\/index.php\/wp-json\/wp\/v2\/posts\/16163\/revisions"}],"predecessor-version":[{"id":16167,"href":"https:\/\/covasna45.ro\/index.php\/wp-json\/wp\/v2\/posts\/16163\/revisions\/16167"}],"wp:featuredmedia":[{"embeddable":true,"href":"https:\/\/covasna45.ro\/index.php\/wp-json\/wp\/v2\/media\/16164"}],"wp:attachment":[{"href":"https:\/\/covasna45.ro\/index.php\/wp-json\/wp\/v2\/media?parent=16163"}],"wp:term":[{"taxonomy":"category","embeddable":true,"href":"https:\/\/covasna45.ro\/index.php\/wp-json\/wp\/v2\/categories?post=16163"},{"taxonomy":"post_tag","embeddable":true,"href":"https:\/\/covasna45.ro\/index.php\/wp-json\/wp\/v2\/tags?post=16163"}],"curies":[{"name":"wp","href":"https:\/\/api.w.org\/{rel}","templated":true}]}}