{"id":16168,"date":"2026-04-27T12:24:43","date_gmt":"2026-04-27T10:24:43","guid":{"rendered":"https:\/\/covasna45.ro\/?p=16168"},"modified":"2026-04-27T12:28:51","modified_gmt":"2026-04-27T10:28:51","slug":"moment-istoric-romsilva-reintroduce-elanul-in-parcul-vanatori-neamt","status":"publish","type":"post","link":"https:\/\/covasna45.ro\/index.php\/lumea-noastra\/moment-istoric-romsilva-reintroduce-elanul-in-parcul-vanatori-neamt\/","title":{"rendered":"Moment istoric: Romsilva reintroduce elanul \u00een Parcul V\u00e2n\u0103tori Neam\u021b"},"content":{"rendered":"\n<p>Regia Na\u021bional\u0103 a P\u0103durilor \u2013 Romsilva anun\u021b\u0103 o premier\u0103 absolut\u0103 pentru conservarea biodiversit\u0103\u021bii din Rom\u00e2nia: reintroducerea elanului (Alces alces) \u00een habitatul s\u0103u istoric.<\/p>\n\n\n\n<p>Patru exemplare de elan au sosit recent \u00een Parcul Natural V\u00e2n\u0103tori Neam\u021b, marc\u00e2nd revenirea oficial\u0103 a speciei \u00een p\u0103durile \u021b\u0103rii dup\u0103 o absen\u021b\u0103 de peste dou\u0103 secole.<\/p>\n\n\n\n<figure class=\"wp-block-image size-large\"><img loading=\"lazy\" decoding=\"async\" width=\"1024\" height=\"768\" src=\"https:\/\/covasna45.ro\/wp-content\/uploads\/2026\/04\/elani-neamt-02-1024x768.jpg\" alt=\"\" class=\"wp-image-16172\" srcset=\"https:\/\/covasna45.ro\/wp-content\/uploads\/2026\/04\/elani-neamt-02-1024x768.jpg 1024w, https:\/\/covasna45.ro\/wp-content\/uploads\/2026\/04\/elani-neamt-02-300x225.jpg 300w, https:\/\/covasna45.ro\/wp-content\/uploads\/2026\/04\/elani-neamt-02-768x576.jpg 768w, https:\/\/covasna45.ro\/wp-content\/uploads\/2026\/04\/elani-neamt-02-1536x1152.jpg 1536w, https:\/\/covasna45.ro\/wp-content\/uploads\/2026\/04\/elani-neamt-02-150x113.jpg 150w, https:\/\/covasna45.ro\/wp-content\/uploads\/2026\/04\/elani-neamt-02-696x522.jpg 696w, https:\/\/covasna45.ro\/wp-content\/uploads\/2026\/04\/elani-neamt-02-1068x801.jpg 1068w, https:\/\/covasna45.ro\/wp-content\/uploads\/2026\/04\/elani-neamt-02.jpg 1920w\" sizes=\"auto, (max-width: 1024px) 100vw, 1024px\" \/><\/figure>\n\n\n\n<h3 class=\"wp-block-heading\">Cele patru exemplare, 1 mascul \u0219i trei femele, provin din centre specializate din Germania, Fran\u021ba \u0219i Elve\u021bia, fiind selectate riguros pentru a asigura o aclimatizare optim\u0103 \u00een noul areal.<\/h3>\n\n\n\n<p>Ac\u021biunea face parte din proiectul strategic \u201e\u021ainutul Zimbrului: conservare, educa\u021bie \u0219i turism \u00een Parcul Natural V\u00e2n\u0103tori Neam\u021b\u201d, ini\u021biat de Administra\u021bia Parcului Natural V\u00e2n\u0103tori Neam\u021b \u0219i implementat \u00een parteneriat cu Asocia\u021bia de Ecoturism din Rom\u00e2nia (AER), ACDB \u0219i Asocia\u021bia Mioritics.<\/p>\n\n\n\n<p>Pentru a asigura succesul acestei etape delicate, elanii vor fi men\u021binu\u021bi \u00eentr-o perioad\u0103 de carantin\u0103 de 30 de zile sub stricta supraveghere a personalului Administra\u021biei Parcului Natural V\u00e2n\u0103tori Neam\u021b. \u00cen acest interval, accesul publicului este restric\u021bionat pentru a permite monitorizarea st\u0103rii de s\u0103n\u0103tate \u0219i adaptarea animalelor la noul mediu. <\/p>\n\n\n\n<p>Ulterior, publicul va putea admira exemplarele de la o distan\u021b\u0103 de siguran\u021b\u0103, respect\u00e2nd normele de vizitare a ariei protejate.<\/p>\n\n\n\n<p>\u201e<strong><em>Aducerea elanilor este un act de repara\u021bie moral\u0103 fa\u021b\u0103 de natur\u0103. Al\u0103turi de reintroducerea zimbrului, acest proiect consolideaz\u0103 statutul Parcului ca reper pentru conservarea naturii \u00een Rom\u00e2nia \u0219i ca model de bune practici \u00een care protejarea speciilor vulnerabile sprijin\u0103 educa\u021bia \u0219i dezvoltarea comunit\u0103\u021bilor locale<\/em><\/strong>\u201d, a declarat Sebastian C\u0103t\u0103noiu, directorul Parcului Natural V\u00e2n\u0103tori Neam\u021b.<\/p>\n\n\n\n<figure class=\"wp-block-image size-large\"><img loading=\"lazy\" decoding=\"async\" width=\"1024\" height=\"683\" src=\"https:\/\/covasna45.ro\/wp-content\/uploads\/2026\/04\/elani-neamt-03-1024x683.jpg\" alt=\"\" class=\"wp-image-16170\" srcset=\"https:\/\/covasna45.ro\/wp-content\/uploads\/2026\/04\/elani-neamt-03-1024x683.jpg 1024w, https:\/\/covasna45.ro\/wp-content\/uploads\/2026\/04\/elani-neamt-03-300x200.jpg 300w, https:\/\/covasna45.ro\/wp-content\/uploads\/2026\/04\/elani-neamt-03-768x512.jpg 768w, https:\/\/covasna45.ro\/wp-content\/uploads\/2026\/04\/elani-neamt-03-1536x1024.jpg 1536w, https:\/\/covasna45.ro\/wp-content\/uploads\/2026\/04\/elani-neamt-03-150x100.jpg 150w, https:\/\/covasna45.ro\/wp-content\/uploads\/2026\/04\/elani-neamt-03-696x464.jpg 696w, https:\/\/covasna45.ro\/wp-content\/uploads\/2026\/04\/elani-neamt-03-1068x712.jpg 1068w, https:\/\/covasna45.ro\/wp-content\/uploads\/2026\/04\/elani-neamt-03.jpg 1920w\" sizes=\"auto, (max-width: 1024px) 100vw, 1024px\" \/><\/figure>\n\n\n\n<p>Elanul, cunoscut \u00een trecut \u0219i sub denumirea de \u201eplotun\u201d, a fost o prezen\u021b\u0103 constant\u0103 \u00een fauna Rom\u00e2niei p\u00e2n\u0103 la \u00eenceputul secolului al XIX-lea, fiind men\u021bionat inclusiv de Dimitrie<br>Cantemir \u00een \u201eDescriptio Moldaviae\u201d. <\/p>\n\n\n\n<p>Disp\u0103rut\u0103 de peste 200 de ani, specia a mai fost semnalat\u0103 doar sporadic prin exemplare r\u0103t\u0103cite \u00een secolul XX.<\/p>\n\n\n\n<p>Proiectul este sus\u021binut financiar de Funda\u021bia OMV Petrom prin programul \u201eVerde pentru viitor\u201d, dezvoltat de FDSC \u0219i Propark.<\/p>\n\n\n\n<p>Administra\u021bia Parcului, structur\u0103 a RNP <a href=\"https:\/\/covasna45.ro\/index.php\/lumea-noastra\/romsilva-are-un-nou-director-general\/\">Romsilva<\/a>, are ca misiune principal\u0103 conservarea biodiversit\u0103\u021bii, a peisajelor \u0219i reintroducerea marilor erbivore disp\u0103rute, promov\u00e2nd totodat\u0103<br>un model de turism sustenabil sub egida \u201e\u021ainutul Zimbrului\u201d.<\/p>\n\n\n\n<p>Sursa: <a href=\"https:\/\/www.rosilva.ro\/\">Romsilva<\/a><br><\/p>\n","protected":false},"excerpt":{"rendered":"<p>Regia Na\u021bional\u0103 a P\u0103durilor \u2013 Romsilva anun\u021b\u0103 o premier\u0103 absolut\u0103 pentru conservarea biodiversit\u0103\u021bii din Rom\u00e2nia: reintroducerea elanului (Alces alces) \u00een habitatul s\u0103u istoric. Patru exemplare de elan au sosit recent \u00een Parcul Natural V\u00e2n\u0103tori Neam\u021b, marc\u00e2nd revenirea oficial\u0103 a speciei \u00een p\u0103durile \u021b\u0103rii dup\u0103 o absen\u021b\u0103 de peste dou\u0103 secole. Cele patru exemplare, 1 mascul [&hellip;]<\/p>\n","protected":false},"author":1,"featured_media":16169,"comment_status":"open","ping_status":"closed","sticky":false,"template":"","format":"standard","meta":{"tdm_status":"","tdm_grid_status":"","footnotes":""},"categories":[14],"tags":[4712,4713,2818],"class_list":{"0":"post-16168","1":"post","2":"type-post","3":"status-publish","4":"format-standard","5":"has-post-thumbnail","7":"category-lumea-noastra","8":"tag-elan","9":"tag-neamt-2","10":"tag-romsilva"},"yoast_head":"<!-- This site is optimized with the Yoast SEO plugin v27.4 - https:\/\/yoast.com\/product\/yoast-seo-wordpress\/ -->\n<title>Moment istoric: Romsilva reintroduce elanul \u00een Parcul V\u00e2n\u0103tori Neam\u021b - Covasna45<\/title>\n<meta name=\"description\" content=\"Regia Na\u021bional\u0103 a P\u0103durilor \u2013 Romsilva anun\u021b\u0103 o premier\u0103 absolut\u0103 pentru conservarea biodiversit\u0103\u021bii din Rom\u00e2nia.\" \/>\n<meta name=\"robots\" content=\"index, follow, max-snippet:-1, max-image-preview:large, max-video-preview:-1\" \/>\n<link rel=\"canonical\" href=\"https:\/\/covasna45.ro\/index.php\/lumea-noastra\/moment-istoric-romsilva-reintroduce-elanul-in-parcul-vanatori-neamt\/\" \/>\n<meta property=\"og:locale\" content=\"ro_RO\" \/>\n<meta property=\"og:type\" content=\"article\" \/>\n<meta property=\"og:title\" content=\"Moment istoric: Romsilva reintroduce elanul \u00een Parcul V\u00e2n\u0103tori Neam\u021b - Covasna45\" \/>\n<meta property=\"og:description\" content=\"Regia Na\u021bional\u0103 a P\u0103durilor \u2013 Romsilva anun\u021b\u0103 o premier\u0103 absolut\u0103 pentru conservarea biodiversit\u0103\u021bii din Rom\u00e2nia.\" \/>\n<meta property=\"og:url\" content=\"https:\/\/covasna45.ro\/index.php\/lumea-noastra\/moment-istoric-romsilva-reintroduce-elanul-in-parcul-vanatori-neamt\/\" \/>\n<meta property=\"og:site_name\" content=\"Covasna45\" \/>\n<meta property=\"article:published_time\" content=\"2026-04-27T10:24:43+00:00\" \/>\n<meta property=\"article:modified_time\" content=\"2026-04-27T10:28:51+00:00\" \/>\n<meta property=\"og:image\" content=\"https:\/\/covasna45.ro\/wp-content\/uploads\/2026\/04\/elani-neamt-01.jpg\" \/>\n\t<meta property=\"og:image:width\" content=\"1920\" \/>\n\t<meta property=\"og:image:height\" content=\"1440\" \/>\n\t<meta property=\"og:image:type\" content=\"image\/jpeg\" \/>\n<meta name=\"author\" content=\"Covasna45\" \/>\n<meta name=\"twitter:card\" content=\"summary_large_image\" \/>\n<meta name=\"twitter:label1\" content=\"Scris de\" \/>\n\t<meta name=\"twitter:data1\" content=\"Covasna45\" \/>\n\t<meta name=\"twitter:label2\" content=\"Timp estimat pentru citire\" \/>\n\t<meta name=\"twitter:data2\" content=\"3 minute\" \/>\n<script type=\"application\/ld+json\" class=\"yoast-schema-graph\">{\"@context\":\"https:\\\/\\\/schema.org\",\"@graph\":[{\"@type\":\"Article\",\"@id\":\"https:\\\/\\\/covasna45.ro\\\/index.php\\\/lumea-noastra\\\/moment-istoric-romsilva-reintroduce-elanul-in-parcul-vanatori-neamt\\\/#article\",\"isPartOf\":{\"@id\":\"https:\\\/\\\/covasna45.ro\\\/index.php\\\/lumea-noastra\\\/moment-istoric-romsilva-reintroduce-elanul-in-parcul-vanatori-neamt\\\/\"},\"author\":{\"name\":\"Covasna45\",\"@id\":\"https:\\\/\\\/covasna45.ro\\\/#\\\/schema\\\/person\\\/e674052bd7d95d70bbb007a1060ab73c\"},\"headline\":\"Moment istoric: Romsilva reintroduce elanul \u00een Parcul V\u00e2n\u0103tori Neam\u021b\",\"datePublished\":\"2026-04-27T10:24:43+00:00\",\"dateModified\":\"2026-04-27T10:28:51+00:00\",\"mainEntityOfPage\":{\"@id\":\"https:\\\/\\\/covasna45.ro\\\/index.php\\\/lumea-noastra\\\/moment-istoric-romsilva-reintroduce-elanul-in-parcul-vanatori-neamt\\\/\"},\"wordCount\":399,\"commentCount\":0,\"publisher\":{\"@id\":\"https:\\\/\\\/covasna45.ro\\\/#organization\"},\"image\":{\"@id\":\"https:\\\/\\\/covasna45.ro\\\/index.php\\\/lumea-noastra\\\/moment-istoric-romsilva-reintroduce-elanul-in-parcul-vanatori-neamt\\\/#primaryimage\"},\"thumbnailUrl\":\"https:\\\/\\\/covasna45.ro\\\/wp-content\\\/uploads\\\/2026\\\/04\\\/elani-neamt-01.jpg\",\"keywords\":[\"elan\",\"Neamt\",\"romsilva\"],\"articleSection\":[\"Lumea noastr\u0103\"],\"inLanguage\":\"ro-RO\",\"potentialAction\":[{\"@type\":\"CommentAction\",\"name\":\"Comment\",\"target\":[\"https:\\\/\\\/covasna45.ro\\\/index.php\\\/lumea-noastra\\\/moment-istoric-romsilva-reintroduce-elanul-in-parcul-vanatori-neamt\\\/#respond\"]}]},{\"@type\":\"WebPage\",\"@id\":\"https:\\\/\\\/covasna45.ro\\\/index.php\\\/lumea-noastra\\\/moment-istoric-romsilva-reintroduce-elanul-in-parcul-vanatori-neamt\\\/\",\"url\":\"https:\\\/\\\/covasna45.ro\\\/index.php\\\/lumea-noastra\\\/moment-istoric-romsilva-reintroduce-elanul-in-parcul-vanatori-neamt\\\/\",\"name\":\"Moment istoric: Romsilva reintroduce elanul \u00een Parcul V\u00e2n\u0103tori Neam\u021b - Covasna45\",\"isPartOf\":{\"@id\":\"https:\\\/\\\/covasna45.ro\\\/#website\"},\"primaryImageOfPage\":{\"@id\":\"https:\\\/\\\/covasna45.ro\\\/index.php\\\/lumea-noastra\\\/moment-istoric-romsilva-reintroduce-elanul-in-parcul-vanatori-neamt\\\/#primaryimage\"},\"image\":{\"@id\":\"https:\\\/\\\/covasna45.ro\\\/index.php\\\/lumea-noastra\\\/moment-istoric-romsilva-reintroduce-elanul-in-parcul-vanatori-neamt\\\/#primaryimage\"},\"thumbnailUrl\":\"https:\\\/\\\/covasna45.ro\\\/wp-content\\\/uploads\\\/2026\\\/04\\\/elani-neamt-01.jpg\",\"datePublished\":\"2026-04-27T10:24:43+00:00\",\"dateModified\":\"2026-04-27T10:28:51+00:00\",\"description\":\"Regia Na\u021bional\u0103 a P\u0103durilor \u2013 Romsilva anun\u021b\u0103 o premier\u0103 absolut\u0103 pentru conservarea biodiversit\u0103\u021bii din Rom\u00e2nia.\",\"breadcrumb\":{\"@id\":\"https:\\\/\\\/covasna45.ro\\\/index.php\\\/lumea-noastra\\\/moment-istoric-romsilva-reintroduce-elanul-in-parcul-vanatori-neamt\\\/#breadcrumb\"},\"inLanguage\":\"ro-RO\",\"potentialAction\":[{\"@type\":\"ReadAction\",\"target\":[\"https:\\\/\\\/covasna45.ro\\\/index.php\\\/lumea-noastra\\\/moment-istoric-romsilva-reintroduce-elanul-in-parcul-vanatori-neamt\\\/\"]}]},{\"@type\":\"ImageObject\",\"inLanguage\":\"ro-RO\",\"@id\":\"https:\\\/\\\/covasna45.ro\\\/index.php\\\/lumea-noastra\\\/moment-istoric-romsilva-reintroduce-elanul-in-parcul-vanatori-neamt\\\/#primaryimage\",\"url\":\"https:\\\/\\\/covasna45.ro\\\/wp-content\\\/uploads\\\/2026\\\/04\\\/elani-neamt-01.jpg\",\"contentUrl\":\"https:\\\/\\\/covasna45.ro\\\/wp-content\\\/uploads\\\/2026\\\/04\\\/elani-neamt-01.jpg\",\"width\":1920,\"height\":1440},{\"@type\":\"BreadcrumbList\",\"@id\":\"https:\\\/\\\/covasna45.ro\\\/index.php\\\/lumea-noastra\\\/moment-istoric-romsilva-reintroduce-elanul-in-parcul-vanatori-neamt\\\/#breadcrumb\",\"itemListElement\":[{\"@type\":\"ListItem\",\"position\":1,\"name\":\"Prima pagin\u0103\",\"item\":\"https:\\\/\\\/covasna45.ro\\\/\"},{\"@type\":\"ListItem\",\"position\":2,\"name\":\"Moment istoric: Romsilva reintroduce elanul \u00een Parcul V\u00e2n\u0103tori Neam\u021b\"}]},{\"@type\":\"WebSite\",\"@id\":\"https:\\\/\\\/covasna45.ro\\\/#website\",\"url\":\"https:\\\/\\\/covasna45.ro\\\/\",\"name\":\"covasna45.ro\",\"description\":\"\",\"publisher\":{\"@id\":\"https:\\\/\\\/covasna45.ro\\\/#organization\"},\"potentialAction\":[{\"@type\":\"SearchAction\",\"target\":{\"@type\":\"EntryPoint\",\"urlTemplate\":\"https:\\\/\\\/covasna45.ro\\\/?s={search_term_string}\"},\"query-input\":{\"@type\":\"PropertyValueSpecification\",\"valueRequired\":true,\"valueName\":\"search_term_string\"}}],\"inLanguage\":\"ro-RO\"},{\"@type\":\"Organization\",\"@id\":\"https:\\\/\\\/covasna45.ro\\\/#organization\",\"name\":\"covasna45.ro\",\"url\":\"https:\\\/\\\/covasna45.ro\\\/\",\"logo\":{\"@type\":\"ImageObject\",\"inLanguage\":\"ro-RO\",\"@id\":\"https:\\\/\\\/covasna45.ro\\\/#\\\/schema\\\/logo\\\/image\\\/\",\"url\":\"https:\\\/\\\/covasna45.ro\\\/wp-content\\\/uploads\\\/2023\\\/01\\\/icon_logo.png\",\"contentUrl\":\"https:\\\/\\\/covasna45.ro\\\/wp-content\\\/uploads\\\/2023\\\/01\\\/icon_logo.png\",\"width\":1900,\"height\":1900,\"caption\":\"covasna45.ro\"},\"image\":{\"@id\":\"https:\\\/\\\/covasna45.ro\\\/#\\\/schema\\\/logo\\\/image\\\/\"}},{\"@type\":\"Person\",\"@id\":\"https:\\\/\\\/covasna45.ro\\\/#\\\/schema\\\/person\\\/e674052bd7d95d70bbb007a1060ab73c\",\"name\":\"Covasna45\",\"image\":{\"@type\":\"ImageObject\",\"inLanguage\":\"ro-RO\",\"@id\":\"https:\\\/\\\/covasna45.ro\\\/wp-content\\\/uploads\\\/2025\\\/10\\\/icon_logo_covasna45-150x150.png\",\"url\":\"https:\\\/\\\/covasna45.ro\\\/wp-content\\\/uploads\\\/2025\\\/10\\\/icon_logo_covasna45-150x150.png\",\"contentUrl\":\"https:\\\/\\\/covasna45.ro\\\/wp-content\\\/uploads\\\/2025\\\/10\\\/icon_logo_covasna45-150x150.png\",\"caption\":\"Covasna45\"},\"sameAs\":[\"https:\\\/\\\/covasna45.ro\"],\"url\":\"https:\\\/\\\/covasna45.ro\\\/index.php\\\/author\\\/covasna\\\/\"}]}<\/script>\n<!-- \/ Yoast SEO plugin. -->","yoast_head_json":{"title":"Moment istoric: Romsilva reintroduce elanul \u00een Parcul V\u00e2n\u0103tori Neam\u021b - Covasna45","description":"Regia Na\u021bional\u0103 a P\u0103durilor \u2013 Romsilva anun\u021b\u0103 o premier\u0103 absolut\u0103 pentru conservarea biodiversit\u0103\u021bii din Rom\u00e2nia.","robots":{"index":"index","follow":"follow","max-snippet":"max-snippet:-1","max-image-preview":"max-image-preview:large","max-video-preview":"max-video-preview:-1"},"canonical":"https:\/\/covasna45.ro\/index.php\/lumea-noastra\/moment-istoric-romsilva-reintroduce-elanul-in-parcul-vanatori-neamt\/","og_locale":"ro_RO","og_type":"article","og_title":"Moment istoric: Romsilva reintroduce elanul \u00een Parcul V\u00e2n\u0103tori Neam\u021b - Covasna45","og_description":"Regia Na\u021bional\u0103 a P\u0103durilor \u2013 Romsilva anun\u021b\u0103 o premier\u0103 absolut\u0103 pentru conservarea biodiversit\u0103\u021bii din Rom\u00e2nia.","og_url":"https:\/\/covasna45.ro\/index.php\/lumea-noastra\/moment-istoric-romsilva-reintroduce-elanul-in-parcul-vanatori-neamt\/","og_site_name":"Covasna45","article_published_time":"2026-04-27T10:24:43+00:00","article_modified_time":"2026-04-27T10:28:51+00:00","og_image":[{"width":1920,"height":1440,"url":"https:\/\/covasna45.ro\/wp-content\/uploads\/2026\/04\/elani-neamt-01.jpg","type":"image\/jpeg"}],"author":"Covasna45","twitter_card":"summary_large_image","twitter_misc":{"Scris de":"Covasna45","Timp estimat pentru citire":"3 minute"},"schema":{"@context":"https:\/\/schema.org","@graph":[{"@type":"Article","@id":"https:\/\/covasna45.ro\/index.php\/lumea-noastra\/moment-istoric-romsilva-reintroduce-elanul-in-parcul-vanatori-neamt\/#article","isPartOf":{"@id":"https:\/\/covasna45.ro\/index.php\/lumea-noastra\/moment-istoric-romsilva-reintroduce-elanul-in-parcul-vanatori-neamt\/"},"author":{"name":"Covasna45","@id":"https:\/\/covasna45.ro\/#\/schema\/person\/e674052bd7d95d70bbb007a1060ab73c"},"headline":"Moment istoric: Romsilva reintroduce elanul \u00een Parcul V\u00e2n\u0103tori Neam\u021b","datePublished":"2026-04-27T10:24:43+00:00","dateModified":"2026-04-27T10:28:51+00:00","mainEntityOfPage":{"@id":"https:\/\/covasna45.ro\/index.php\/lumea-noastra\/moment-istoric-romsilva-reintroduce-elanul-in-parcul-vanatori-neamt\/"},"wordCount":399,"commentCount":0,"publisher":{"@id":"https:\/\/covasna45.ro\/#organization"},"image":{"@id":"https:\/\/covasna45.ro\/index.php\/lumea-noastra\/moment-istoric-romsilva-reintroduce-elanul-in-parcul-vanatori-neamt\/#primaryimage"},"thumbnailUrl":"https:\/\/covasna45.ro\/wp-content\/uploads\/2026\/04\/elani-neamt-01.jpg","keywords":["elan","Neamt","romsilva"],"articleSection":["Lumea noastr\u0103"],"inLanguage":"ro-RO","potentialAction":[{"@type":"CommentAction","name":"Comment","target":["https:\/\/covasna45.ro\/index.php\/lumea-noastra\/moment-istoric-romsilva-reintroduce-elanul-in-parcul-vanatori-neamt\/#respond"]}]},{"@type":"WebPage","@id":"https:\/\/covasna45.ro\/index.php\/lumea-noastra\/moment-istoric-romsilva-reintroduce-elanul-in-parcul-vanatori-neamt\/","url":"https:\/\/covasna45.ro\/index.php\/lumea-noastra\/moment-istoric-romsilva-reintroduce-elanul-in-parcul-vanatori-neamt\/","name":"Moment istoric: Romsilva reintroduce elanul \u00een Parcul V\u00e2n\u0103tori Neam\u021b - Covasna45","isPartOf":{"@id":"https:\/\/covasna45.ro\/#website"},"primaryImageOfPage":{"@id":"https:\/\/covasna45.ro\/index.php\/lumea-noastra\/moment-istoric-romsilva-reintroduce-elanul-in-parcul-vanatori-neamt\/#primaryimage"},"image":{"@id":"https:\/\/covasna45.ro\/index.php\/lumea-noastra\/moment-istoric-romsilva-reintroduce-elanul-in-parcul-vanatori-neamt\/#primaryimage"},"thumbnailUrl":"https:\/\/covasna45.ro\/wp-content\/uploads\/2026\/04\/elani-neamt-01.jpg","datePublished":"2026-04-27T10:24:43+00:00","dateModified":"2026-04-27T10:28:51+00:00","description":"Regia Na\u021bional\u0103 a P\u0103durilor \u2013 Romsilva anun\u021b\u0103 o premier\u0103 absolut\u0103 pentru conservarea biodiversit\u0103\u021bii din Rom\u00e2nia.","breadcrumb":{"@id":"https:\/\/covasna45.ro\/index.php\/lumea-noastra\/moment-istoric-romsilva-reintroduce-elanul-in-parcul-vanatori-neamt\/#breadcrumb"},"inLanguage":"ro-RO","potentialAction":[{"@type":"ReadAction","target":["https:\/\/covasna45.ro\/index.php\/lumea-noastra\/moment-istoric-romsilva-reintroduce-elanul-in-parcul-vanatori-neamt\/"]}]},{"@type":"ImageObject","inLanguage":"ro-RO","@id":"https:\/\/covasna45.ro\/index.php\/lumea-noastra\/moment-istoric-romsilva-reintroduce-elanul-in-parcul-vanatori-neamt\/#primaryimage","url":"https:\/\/covasna45.ro\/wp-content\/uploads\/2026\/04\/elani-neamt-01.jpg","contentUrl":"https:\/\/covasna45.ro\/wp-content\/uploads\/2026\/04\/elani-neamt-01.jpg","width":1920,"height":1440},{"@type":"BreadcrumbList","@id":"https:\/\/covasna45.ro\/index.php\/lumea-noastra\/moment-istoric-romsilva-reintroduce-elanul-in-parcul-vanatori-neamt\/#breadcrumb","itemListElement":[{"@type":"ListItem","position":1,"name":"Prima pagin\u0103","item":"https:\/\/covasna45.ro\/"},{"@type":"ListItem","position":2,"name":"Moment istoric: Romsilva reintroduce elanul \u00een Parcul V\u00e2n\u0103tori Neam\u021b"}]},{"@type":"WebSite","@id":"https:\/\/covasna45.ro\/#website","url":"https:\/\/covasna45.ro\/","name":"covasna45.ro","description":"","publisher":{"@id":"https:\/\/covasna45.ro\/#organization"},"potentialAction":[{"@type":"SearchAction","target":{"@type":"EntryPoint","urlTemplate":"https:\/\/covasna45.ro\/?s={search_term_string}"},"query-input":{"@type":"PropertyValueSpecification","valueRequired":true,"valueName":"search_term_string"}}],"inLanguage":"ro-RO"},{"@type":"Organization","@id":"https:\/\/covasna45.ro\/#organization","name":"covasna45.ro","url":"https:\/\/covasna45.ro\/","logo":{"@type":"ImageObject","inLanguage":"ro-RO","@id":"https:\/\/covasna45.ro\/#\/schema\/logo\/image\/","url":"https:\/\/covasna45.ro\/wp-content\/uploads\/2023\/01\/icon_logo.png","contentUrl":"https:\/\/covasna45.ro\/wp-content\/uploads\/2023\/01\/icon_logo.png","width":1900,"height":1900,"caption":"covasna45.ro"},"image":{"@id":"https:\/\/covasna45.ro\/#\/schema\/logo\/image\/"}},{"@type":"Person","@id":"https:\/\/covasna45.ro\/#\/schema\/person\/e674052bd7d95d70bbb007a1060ab73c","name":"Covasna45","image":{"@type":"ImageObject","inLanguage":"ro-RO","@id":"https:\/\/covasna45.ro\/wp-content\/uploads\/2025\/10\/icon_logo_covasna45-150x150.png","url":"https:\/\/covasna45.ro\/wp-content\/uploads\/2025\/10\/icon_logo_covasna45-150x150.png","contentUrl":"https:\/\/covasna45.ro\/wp-content\/uploads\/2025\/10\/icon_logo_covasna45-150x150.png","caption":"Covasna45"},"sameAs":["https:\/\/covasna45.ro"],"url":"https:\/\/covasna45.ro\/index.php\/author\/covasna\/"}]}},"_links":{"self":[{"href":"https:\/\/covasna45.ro\/index.php\/wp-json\/wp\/v2\/posts\/16168","targetHints":{"allow":["GET"]}}],"collection":[{"href":"https:\/\/covasna45.ro\/index.php\/wp-json\/wp\/v2\/posts"}],"about":[{"href":"https:\/\/covasna45.ro\/index.php\/wp-json\/wp\/v2\/types\/post"}],"author":[{"embeddable":true,"href":"https:\/\/covasna45.ro\/index.php\/wp-json\/wp\/v2\/users\/1"}],"replies":[{"embeddable":true,"href":"https:\/\/covasna45.ro\/index.php\/wp-json\/wp\/v2\/comments?post=16168"}],"version-history":[{"count":2,"href":"https:\/\/covasna45.ro\/index.php\/wp-json\/wp\/v2\/posts\/16168\/revisions"}],"predecessor-version":[{"id":16173,"href":"https:\/\/covasna45.ro\/index.php\/wp-json\/wp\/v2\/posts\/16168\/revisions\/16173"}],"wp:featuredmedia":[{"embeddable":true,"href":"https:\/\/covasna45.ro\/index.php\/wp-json\/wp\/v2\/media\/16169"}],"wp:attachment":[{"href":"https:\/\/covasna45.ro\/index.php\/wp-json\/wp\/v2\/media?parent=16168"}],"wp:term":[{"taxonomy":"category","embeddable":true,"href":"https:\/\/covasna45.ro\/index.php\/wp-json\/wp\/v2\/categories?post=16168"},{"taxonomy":"post_tag","embeddable":true,"href":"https:\/\/covasna45.ro\/index.php\/wp-json\/wp\/v2\/tags?post=16168"}],"curies":[{"name":"wp","href":"https:\/\/api.w.org\/{rel}","templated":true}]}}