{"id":16174,"date":"2026-04-27T13:02:32","date_gmt":"2026-04-27T11:02:32","guid":{"rendered":"https:\/\/covasna45.ro\/?p=16174"},"modified":"2026-04-27T13:03:25","modified_gmt":"2026-04-27T11:03:25","slug":"depozitul-de-deseuri-timis-triaj-din-brasov-devine-zona-verde","status":"publish","type":"post","link":"https:\/\/covasna45.ro\/index.php\/lumea-noastra\/depozitul-de-deseuri-timis-triaj-din-brasov-devine-zona-verde\/","title":{"rendered":"Depozitul de de\u0219euri Timi\u0219 Triaj din Bra\u0219ov devine zon\u0103 verde"},"content":{"rendered":"\n<p>Peste 13 milioane de euro fonduri nerambursabile sunt solicitate de c\u0103tre Prim\u0103ria Municipiului Bra\u0219ov pentru implementarea unui proiect de reconversie a depozitului de de\u0219euri nepericuloase Timi\u0219 Triaj din municipiu \u00eentr-o nou\u0103 zona verde.<\/p>\n\n\n\n<p>Proiectul contractat de c\u0103tre beneficiar \u0219i Agen\u021bia pentru Dezvoltare Regional\u0103 Centru &#8211; \u00een calitate de Autoritate de Management a Programului Regiunea Centru prin care sunt alocate fondurile nerambursabile solicitate &#8211; urm\u0103re\u0219te cre\u0219terea calit\u0103\u021bii vie\u021bii \u0219i \u00eembun\u0103t\u0103\u021birea calit\u0103\u021bii aerului pentru bra\u0219ovenii ce locuiesc \u00een proximitatea zonei.<\/p>\n\n\n\n<p>Situat dup\u0103&nbsp;liniile depoului CFR, amplasamentul depozitului cu o suprafa\u021b\u0103 de peste 14 hectare va fi transformat, p\u00e2n\u0103 \u00een decembrie 2027, \u00eentr-o zon\u0103 verde \u0219i de agrement, contribuind astfel \u0219i la protejarea apelor \u0219i a solului.<\/p>\n\n\n\n<h2 class=\"wp-block-heading\">Depozitul a fost \u00eenfiin\u021bat \u00een 1950<\/h2>\n\n\n\n<p>Obiectivul general al proiectului\u00a0<strong>\u201e\u00cenchiderea definitiv\u0103 a depozitului de de\u0219euri nepericuloase Timi\u0219 Triaj<\/strong>\u201d const\u0103 \u00een protec\u021bia factorilor de mediu \u0219i a s\u0103n\u0103t\u0103\u021bii popula\u021biei prin \u00eenchiderea definitiv\u0103 a depozitului \u0219i transformarea acestuia \u00eentr-un absorbant natural de carbon. <\/p>\n\n\n\n<p>Proiectul are o valoare total\u0103 de 135.453.971,12 lei, din care 66.846.898,46 lei reprezint\u0103 valoarea fondurilor europene nerambursabile alocate prin Actiunea 3.3. Investi\u021bii \u00een infrastructura verde \u0219i albastr\u0103 \u00een mediul urban regional &#8211; municipii- Apel 2, din cadrul Programului de finan\u021bare \u201eRegiunea Centru\u201d 2021-2027.<\/p>\n\n\n\n<p>Depozitul de de\u0219euri, \u00eenfiin\u021bat \u00eenainte de 1950, a fost utilizat de-a lungul anilor pentru depozitarea de\u0219eurilor industriale (nisip de turn\u0103torie, zgur\u0103 de o\u021bel\u0103rie, de\u0219euri metalice \u0219i nemetalice). <\/p>\n\n\n\n<p>Ecologizarea \u0219i reconversia acestui teren industrial degradat, prin crearea unui spa\u021biu verde naturalizat \u0219i de protec\u021bie a biodiversit\u0103\u021bii urbane, va elimina antrenarea de v\u00e2nt sau de curen\u021bii de aer a de\u0219eurilor sub form\u0103 de praf \u0219i va proteja calitatea solului prin eliminarea riscului de contaminare cu diferite substan\u021be poluante. <\/p>\n\n\n\n<p>Protec\u021bia calit\u0103\u021bii apei freatice prin diminuarea cantit\u0103\u021bii de de\u0219euri care pot ajunge \u00een albia p\u00e2r\u00e2ului Timi\u0219ul Sec, transportate de v\u00e2nt sau antrenate de apa din precipita\u021bii, \u00eencadrarea armonioas\u0103 \u00een peisajul local sunt alte obiective ale investi\u021biilor.<\/p>\n\n\n\n<figure class=\"wp-block-image size-large\"><img loading=\"lazy\" decoding=\"async\" width=\"1024\" height=\"768\" src=\"https:\/\/covasna45.ro\/wp-content\/uploads\/2026\/04\/imagini-locatie-proiect-3-1024x768.jpeg\" alt=\"\" class=\"wp-image-16176\" srcset=\"https:\/\/covasna45.ro\/wp-content\/uploads\/2026\/04\/imagini-locatie-proiect-3-1024x768.jpeg 1024w, https:\/\/covasna45.ro\/wp-content\/uploads\/2026\/04\/imagini-locatie-proiect-3-300x225.jpeg 300w, https:\/\/covasna45.ro\/wp-content\/uploads\/2026\/04\/imagini-locatie-proiect-3-768x576.jpeg 768w, https:\/\/covasna45.ro\/wp-content\/uploads\/2026\/04\/imagini-locatie-proiect-3-1536x1152.jpeg 1536w, https:\/\/covasna45.ro\/wp-content\/uploads\/2026\/04\/imagini-locatie-proiect-3-150x113.jpeg 150w, https:\/\/covasna45.ro\/wp-content\/uploads\/2026\/04\/imagini-locatie-proiect-3-696x522.jpeg 696w, https:\/\/covasna45.ro\/wp-content\/uploads\/2026\/04\/imagini-locatie-proiect-3-1068x801.jpeg 1068w, https:\/\/covasna45.ro\/wp-content\/uploads\/2026\/04\/imagini-locatie-proiect-3.jpeg 1600w\" sizes=\"auto, (max-width: 1024px) 100vw, 1024px\" \/><\/figure>\n\n\n\n<h2 class=\"wp-block-heading\">ADR \u0219i Prim\u0103ria Bra\u0219ov deruleaz\u0103 mai multe proiecte<\/h2>\n\n\n\n<p>\u00a0\u201e<strong>Proiectul finan\u021bat se aliniaz\u0103 \u0219i contribuie la implementarea principalelor documente strategice europene, na\u021bionale, regionale \u0219i locale care vizeaz\u0103 tranzi\u021bia verde, protec\u021bia mediului \u0219i \u00eembun\u0103t\u0103\u021birea calit\u0103\u021bii vie\u021bii urbane. Implementarea proiectului vine ca o solu\u021bie la deficitul de spa\u021bii verzi din municipiul Bra\u0219ov, \u00een special \u00een zona adiacent\u0103 fostului depozit de de\u0219euri, asigur\u00e2nd direct extinderea suprafe\u021bei spa\u021biilor verzi din municipiu \u0219i contribuind astfel la \u00eembun\u0103t\u0103\u021birea calit\u0103\u021bii vie\u021bii celor peste 200.000 locuitori ai comunit\u0103\u021bii bra\u0219ovene. <\/strong><\/p>\n\n\n\n<p><em>Acest proiect este complementar celuilalt contract de amenajare a unui parc \u00een cartierul Bartolomeu Nord, pe str. L\u00e2nii, cu o valoare total\u0103 de peste 7 milioane euro, finan\u021bat tot prin Programul Regiunea Centru. <\/em><\/p>\n\n\n\n<p><em>\u00cen acest\u00a0 moment, Prim\u0103ria municipiului Bra\u0219ov implementeaz\u0103, sub coordonarea <a href=\"https:\/\/www.adrcentru.ro\/\">ADR Centru<\/a>, 8 contracte care beneficiaz\u0103 de finan\u021bare prin PR Centru, prin care se vor atrage peste 42,38 milioane euro fonduri nerambursabile, care vizeaz\u0103 at\u00e2t reducerea emisiilor de carbon \u0219i revitalizarea unor spa\u021bii degradate, c\u00e2t \u0219i proiecte de valorificare a patrimoniului cultural\u201d,\u00a0<\/em>a declarat Simion Cretu, director general ADR Centru.<\/p>\n\n\n\n<p>Lucr\u0103ri din proiect prev\u0103d sistematizarea vertical\u0103 prin relocarea de\u0219eurilor \u00een corpul depozitului, modelarea corpului depozitului \u00eentr-o form\u0103 c\u00e2t mai regulat\u0103, sprijinirea \u0219i \u00eent\u0103rirea pantelor, realizarea de drumuri perimetrale \u0219i de interven\u021bie, lucr\u0103ri de colectare \u0219i evacuare ape pluviale. <\/p>\n\n\n\n<p>Vor mai fi executate lucr\u0103ri de amenajare peisager\u0103 (\u00eenierbare \u0219i plantare arbu\u0219ti cu densitatea de minim 1 buc\/5mp), o \u00eemprejmuire pe o lungime de 1.475 m, construirea a 2 por\u021bi, auto \u0219i pietonal\u0103, precum \u0219i lucr\u0103ri de amplasare a unui sistem de monitorizare a apei freatice.<\/p>\n\n\n\n<p>Sursa: <a href=\"https:\/\/bioeconomia.ro\/proiecte\/depozitul-de-deseuri-din-brasov-devine-zona-verde-finantare-prin-programul-regiunea-centru\/\">Bioeconomia.ro<\/a><\/p>\n","protected":false},"excerpt":{"rendered":"<p>Peste 13 milioane de euro fonduri nerambursabile sunt solicitate de c\u0103tre Prim\u0103ria Municipiului Bra\u0219ov pentru implementarea unui proiect de reconversie a depozitului de de\u0219euri nepericuloase Timi\u0219 Triaj din municipiu \u00eentr-o nou\u0103 zona verde. Proiectul contractat de c\u0103tre beneficiar \u0219i Agen\u021bia pentru Dezvoltare Regional\u0103 Centru &#8211; \u00een calitate de Autoritate de Management a Programului Regiunea Centru [&hellip;]<\/p>\n","protected":false},"author":1,"featured_media":16175,"comment_status":"open","ping_status":"closed","sticky":false,"template":"","format":"standard","meta":{"tdm_status":"","tdm_grid_status":"","footnotes":""},"categories":[14],"tags":[2571,2554,3263],"class_list":{"0":"post-16174","1":"post","2":"type-post","3":"status-publish","4":"format-standard","5":"has-post-thumbnail","7":"category-lumea-noastra","8":"tag-adr-centru","9":"tag-brasov-2","10":"tag-deseuri-2"},"yoast_head":"<!-- This site is optimized with the Yoast SEO plugin v27.4 - https:\/\/yoast.com\/product\/yoast-seo-wordpress\/ -->\n<title>Depozitul de de\u0219euri Timi\u0219 Triaj din Bra\u0219ov devine zon\u0103 verde - Covasna45<\/title>\n<meta name=\"description\" content=\"Amplasamentul depozitului cu o suprafa\u021b\u0103 de peste 14 hectare va fi transformat \u00een zon\u0103 verde p\u00e2n\u0103 \u00een decembrie 2027.\" \/>\n<meta name=\"robots\" content=\"index, follow, max-snippet:-1, max-image-preview:large, max-video-preview:-1\" \/>\n<link rel=\"canonical\" href=\"https:\/\/covasna45.ro\/index.php\/lumea-noastra\/depozitul-de-deseuri-timis-triaj-din-brasov-devine-zona-verde\/\" \/>\n<meta property=\"og:locale\" content=\"ro_RO\" \/>\n<meta property=\"og:type\" content=\"article\" \/>\n<meta property=\"og:title\" content=\"Depozitul de de\u0219euri Timi\u0219 Triaj din Bra\u0219ov devine zon\u0103 verde - Covasna45\" \/>\n<meta property=\"og:description\" content=\"Amplasamentul depozitului cu o suprafa\u021b\u0103 de peste 14 hectare va fi transformat \u00een zon\u0103 verde p\u00e2n\u0103 \u00een decembrie 2027.\" \/>\n<meta property=\"og:url\" content=\"https:\/\/covasna45.ro\/index.php\/lumea-noastra\/depozitul-de-deseuri-timis-triaj-din-brasov-devine-zona-verde\/\" \/>\n<meta property=\"og:site_name\" content=\"Covasna45\" \/>\n<meta property=\"article:published_time\" content=\"2026-04-27T11:02:32+00:00\" \/>\n<meta property=\"article:modified_time\" content=\"2026-04-27T11:03:25+00:00\" \/>\n<meta property=\"og:image\" content=\"https:\/\/covasna45.ro\/wp-content\/uploads\/2026\/04\/imagini-locatie-proiect-1.jpg\" \/>\n\t<meta property=\"og:image:width\" content=\"1600\" \/>\n\t<meta property=\"og:image:height\" content=\"900\" \/>\n\t<meta property=\"og:image:type\" content=\"image\/jpeg\" \/>\n<meta name=\"author\" content=\"Covasna45\" \/>\n<meta name=\"twitter:card\" content=\"summary_large_image\" \/>\n<meta name=\"twitter:label1\" content=\"Scris de\" \/>\n\t<meta name=\"twitter:data1\" content=\"Covasna45\" \/>\n\t<meta name=\"twitter:label2\" content=\"Timp estimat pentru citire\" \/>\n\t<meta name=\"twitter:data2\" content=\"4 minute\" \/>\n<script type=\"application\/ld+json\" class=\"yoast-schema-graph\">{\"@context\":\"https:\\\/\\\/schema.org\",\"@graph\":[{\"@type\":\"Article\",\"@id\":\"https:\\\/\\\/covasna45.ro\\\/index.php\\\/lumea-noastra\\\/depozitul-de-deseuri-timis-triaj-din-brasov-devine-zona-verde\\\/#article\",\"isPartOf\":{\"@id\":\"https:\\\/\\\/covasna45.ro\\\/index.php\\\/lumea-noastra\\\/depozitul-de-deseuri-timis-triaj-din-brasov-devine-zona-verde\\\/\"},\"author\":{\"name\":\"Covasna45\",\"@id\":\"https:\\\/\\\/covasna45.ro\\\/#\\\/schema\\\/person\\\/e674052bd7d95d70bbb007a1060ab73c\"},\"headline\":\"Depozitul de de\u0219euri Timi\u0219 Triaj din Bra\u0219ov devine zon\u0103 verde\",\"datePublished\":\"2026-04-27T11:02:32+00:00\",\"dateModified\":\"2026-04-27T11:03:25+00:00\",\"mainEntityOfPage\":{\"@id\":\"https:\\\/\\\/covasna45.ro\\\/index.php\\\/lumea-noastra\\\/depozitul-de-deseuri-timis-triaj-din-brasov-devine-zona-verde\\\/\"},\"wordCount\":659,\"commentCount\":0,\"publisher\":{\"@id\":\"https:\\\/\\\/covasna45.ro\\\/#organization\"},\"image\":{\"@id\":\"https:\\\/\\\/covasna45.ro\\\/index.php\\\/lumea-noastra\\\/depozitul-de-deseuri-timis-triaj-din-brasov-devine-zona-verde\\\/#primaryimage\"},\"thumbnailUrl\":\"https:\\\/\\\/covasna45.ro\\\/wp-content\\\/uploads\\\/2026\\\/04\\\/imagini-locatie-proiect-1.jpg\",\"keywords\":[\"adr centru\",\"Brasov\",\"deseuri\"],\"articleSection\":[\"Lumea noastr\u0103\"],\"inLanguage\":\"ro-RO\",\"potentialAction\":[{\"@type\":\"CommentAction\",\"name\":\"Comment\",\"target\":[\"https:\\\/\\\/covasna45.ro\\\/index.php\\\/lumea-noastra\\\/depozitul-de-deseuri-timis-triaj-din-brasov-devine-zona-verde\\\/#respond\"]}]},{\"@type\":\"WebPage\",\"@id\":\"https:\\\/\\\/covasna45.ro\\\/index.php\\\/lumea-noastra\\\/depozitul-de-deseuri-timis-triaj-din-brasov-devine-zona-verde\\\/\",\"url\":\"https:\\\/\\\/covasna45.ro\\\/index.php\\\/lumea-noastra\\\/depozitul-de-deseuri-timis-triaj-din-brasov-devine-zona-verde\\\/\",\"name\":\"Depozitul de de\u0219euri Timi\u0219 Triaj din Bra\u0219ov devine zon\u0103 verde - Covasna45\",\"isPartOf\":{\"@id\":\"https:\\\/\\\/covasna45.ro\\\/#website\"},\"primaryImageOfPage\":{\"@id\":\"https:\\\/\\\/covasna45.ro\\\/index.php\\\/lumea-noastra\\\/depozitul-de-deseuri-timis-triaj-din-brasov-devine-zona-verde\\\/#primaryimage\"},\"image\":{\"@id\":\"https:\\\/\\\/covasna45.ro\\\/index.php\\\/lumea-noastra\\\/depozitul-de-deseuri-timis-triaj-din-brasov-devine-zona-verde\\\/#primaryimage\"},\"thumbnailUrl\":\"https:\\\/\\\/covasna45.ro\\\/wp-content\\\/uploads\\\/2026\\\/04\\\/imagini-locatie-proiect-1.jpg\",\"datePublished\":\"2026-04-27T11:02:32+00:00\",\"dateModified\":\"2026-04-27T11:03:25+00:00\",\"description\":\"Amplasamentul depozitului cu o suprafa\u021b\u0103 de peste 14 hectare va fi transformat \u00een zon\u0103 verde p\u00e2n\u0103 \u00een decembrie 2027.\",\"breadcrumb\":{\"@id\":\"https:\\\/\\\/covasna45.ro\\\/index.php\\\/lumea-noastra\\\/depozitul-de-deseuri-timis-triaj-din-brasov-devine-zona-verde\\\/#breadcrumb\"},\"inLanguage\":\"ro-RO\",\"potentialAction\":[{\"@type\":\"ReadAction\",\"target\":[\"https:\\\/\\\/covasna45.ro\\\/index.php\\\/lumea-noastra\\\/depozitul-de-deseuri-timis-triaj-din-brasov-devine-zona-verde\\\/\"]}]},{\"@type\":\"ImageObject\",\"inLanguage\":\"ro-RO\",\"@id\":\"https:\\\/\\\/covasna45.ro\\\/index.php\\\/lumea-noastra\\\/depozitul-de-deseuri-timis-triaj-din-brasov-devine-zona-verde\\\/#primaryimage\",\"url\":\"https:\\\/\\\/covasna45.ro\\\/wp-content\\\/uploads\\\/2026\\\/04\\\/imagini-locatie-proiect-1.jpg\",\"contentUrl\":\"https:\\\/\\\/covasna45.ro\\\/wp-content\\\/uploads\\\/2026\\\/04\\\/imagini-locatie-proiect-1.jpg\",\"width\":1600,\"height\":900},{\"@type\":\"BreadcrumbList\",\"@id\":\"https:\\\/\\\/covasna45.ro\\\/index.php\\\/lumea-noastra\\\/depozitul-de-deseuri-timis-triaj-din-brasov-devine-zona-verde\\\/#breadcrumb\",\"itemListElement\":[{\"@type\":\"ListItem\",\"position\":1,\"name\":\"Prima pagin\u0103\",\"item\":\"https:\\\/\\\/covasna45.ro\\\/\"},{\"@type\":\"ListItem\",\"position\":2,\"name\":\"Depozitul de de\u0219euri Timi\u0219 Triaj din Bra\u0219ov devine zon\u0103 verde\"}]},{\"@type\":\"WebSite\",\"@id\":\"https:\\\/\\\/covasna45.ro\\\/#website\",\"url\":\"https:\\\/\\\/covasna45.ro\\\/\",\"name\":\"covasna45.ro\",\"description\":\"\",\"publisher\":{\"@id\":\"https:\\\/\\\/covasna45.ro\\\/#organization\"},\"potentialAction\":[{\"@type\":\"SearchAction\",\"target\":{\"@type\":\"EntryPoint\",\"urlTemplate\":\"https:\\\/\\\/covasna45.ro\\\/?s={search_term_string}\"},\"query-input\":{\"@type\":\"PropertyValueSpecification\",\"valueRequired\":true,\"valueName\":\"search_term_string\"}}],\"inLanguage\":\"ro-RO\"},{\"@type\":\"Organization\",\"@id\":\"https:\\\/\\\/covasna45.ro\\\/#organization\",\"name\":\"covasna45.ro\",\"url\":\"https:\\\/\\\/covasna45.ro\\\/\",\"logo\":{\"@type\":\"ImageObject\",\"inLanguage\":\"ro-RO\",\"@id\":\"https:\\\/\\\/covasna45.ro\\\/#\\\/schema\\\/logo\\\/image\\\/\",\"url\":\"https:\\\/\\\/covasna45.ro\\\/wp-content\\\/uploads\\\/2023\\\/01\\\/icon_logo.png\",\"contentUrl\":\"https:\\\/\\\/covasna45.ro\\\/wp-content\\\/uploads\\\/2023\\\/01\\\/icon_logo.png\",\"width\":1900,\"height\":1900,\"caption\":\"covasna45.ro\"},\"image\":{\"@id\":\"https:\\\/\\\/covasna45.ro\\\/#\\\/schema\\\/logo\\\/image\\\/\"}},{\"@type\":\"Person\",\"@id\":\"https:\\\/\\\/covasna45.ro\\\/#\\\/schema\\\/person\\\/e674052bd7d95d70bbb007a1060ab73c\",\"name\":\"Covasna45\",\"image\":{\"@type\":\"ImageObject\",\"inLanguage\":\"ro-RO\",\"@id\":\"https:\\\/\\\/covasna45.ro\\\/wp-content\\\/uploads\\\/2025\\\/10\\\/icon_logo_covasna45-150x150.png\",\"url\":\"https:\\\/\\\/covasna45.ro\\\/wp-content\\\/uploads\\\/2025\\\/10\\\/icon_logo_covasna45-150x150.png\",\"contentUrl\":\"https:\\\/\\\/covasna45.ro\\\/wp-content\\\/uploads\\\/2025\\\/10\\\/icon_logo_covasna45-150x150.png\",\"caption\":\"Covasna45\"},\"sameAs\":[\"https:\\\/\\\/covasna45.ro\"],\"url\":\"https:\\\/\\\/covasna45.ro\\\/index.php\\\/author\\\/covasna\\\/\"}]}<\/script>\n<!-- \/ Yoast SEO plugin. -->","yoast_head_json":{"title":"Depozitul de de\u0219euri Timi\u0219 Triaj din Bra\u0219ov devine zon\u0103 verde - Covasna45","description":"Amplasamentul depozitului cu o suprafa\u021b\u0103 de peste 14 hectare va fi transformat \u00een zon\u0103 verde p\u00e2n\u0103 \u00een decembrie 2027.","robots":{"index":"index","follow":"follow","max-snippet":"max-snippet:-1","max-image-preview":"max-image-preview:large","max-video-preview":"max-video-preview:-1"},"canonical":"https:\/\/covasna45.ro\/index.php\/lumea-noastra\/depozitul-de-deseuri-timis-triaj-din-brasov-devine-zona-verde\/","og_locale":"ro_RO","og_type":"article","og_title":"Depozitul de de\u0219euri Timi\u0219 Triaj din Bra\u0219ov devine zon\u0103 verde - Covasna45","og_description":"Amplasamentul depozitului cu o suprafa\u021b\u0103 de peste 14 hectare va fi transformat \u00een zon\u0103 verde p\u00e2n\u0103 \u00een decembrie 2027.","og_url":"https:\/\/covasna45.ro\/index.php\/lumea-noastra\/depozitul-de-deseuri-timis-triaj-din-brasov-devine-zona-verde\/","og_site_name":"Covasna45","article_published_time":"2026-04-27T11:02:32+00:00","article_modified_time":"2026-04-27T11:03:25+00:00","og_image":[{"width":1600,"height":900,"url":"https:\/\/covasna45.ro\/wp-content\/uploads\/2026\/04\/imagini-locatie-proiect-1.jpg","type":"image\/jpeg"}],"author":"Covasna45","twitter_card":"summary_large_image","twitter_misc":{"Scris de":"Covasna45","Timp estimat pentru citire":"4 minute"},"schema":{"@context":"https:\/\/schema.org","@graph":[{"@type":"Article","@id":"https:\/\/covasna45.ro\/index.php\/lumea-noastra\/depozitul-de-deseuri-timis-triaj-din-brasov-devine-zona-verde\/#article","isPartOf":{"@id":"https:\/\/covasna45.ro\/index.php\/lumea-noastra\/depozitul-de-deseuri-timis-triaj-din-brasov-devine-zona-verde\/"},"author":{"name":"Covasna45","@id":"https:\/\/covasna45.ro\/#\/schema\/person\/e674052bd7d95d70bbb007a1060ab73c"},"headline":"Depozitul de de\u0219euri Timi\u0219 Triaj din Bra\u0219ov devine zon\u0103 verde","datePublished":"2026-04-27T11:02:32+00:00","dateModified":"2026-04-27T11:03:25+00:00","mainEntityOfPage":{"@id":"https:\/\/covasna45.ro\/index.php\/lumea-noastra\/depozitul-de-deseuri-timis-triaj-din-brasov-devine-zona-verde\/"},"wordCount":659,"commentCount":0,"publisher":{"@id":"https:\/\/covasna45.ro\/#organization"},"image":{"@id":"https:\/\/covasna45.ro\/index.php\/lumea-noastra\/depozitul-de-deseuri-timis-triaj-din-brasov-devine-zona-verde\/#primaryimage"},"thumbnailUrl":"https:\/\/covasna45.ro\/wp-content\/uploads\/2026\/04\/imagini-locatie-proiect-1.jpg","keywords":["adr centru","Brasov","deseuri"],"articleSection":["Lumea noastr\u0103"],"inLanguage":"ro-RO","potentialAction":[{"@type":"CommentAction","name":"Comment","target":["https:\/\/covasna45.ro\/index.php\/lumea-noastra\/depozitul-de-deseuri-timis-triaj-din-brasov-devine-zona-verde\/#respond"]}]},{"@type":"WebPage","@id":"https:\/\/covasna45.ro\/index.php\/lumea-noastra\/depozitul-de-deseuri-timis-triaj-din-brasov-devine-zona-verde\/","url":"https:\/\/covasna45.ro\/index.php\/lumea-noastra\/depozitul-de-deseuri-timis-triaj-din-brasov-devine-zona-verde\/","name":"Depozitul de de\u0219euri Timi\u0219 Triaj din Bra\u0219ov devine zon\u0103 verde - Covasna45","isPartOf":{"@id":"https:\/\/covasna45.ro\/#website"},"primaryImageOfPage":{"@id":"https:\/\/covasna45.ro\/index.php\/lumea-noastra\/depozitul-de-deseuri-timis-triaj-din-brasov-devine-zona-verde\/#primaryimage"},"image":{"@id":"https:\/\/covasna45.ro\/index.php\/lumea-noastra\/depozitul-de-deseuri-timis-triaj-din-brasov-devine-zona-verde\/#primaryimage"},"thumbnailUrl":"https:\/\/covasna45.ro\/wp-content\/uploads\/2026\/04\/imagini-locatie-proiect-1.jpg","datePublished":"2026-04-27T11:02:32+00:00","dateModified":"2026-04-27T11:03:25+00:00","description":"Amplasamentul depozitului cu o suprafa\u021b\u0103 de peste 14 hectare va fi transformat \u00een zon\u0103 verde p\u00e2n\u0103 \u00een decembrie 2027.","breadcrumb":{"@id":"https:\/\/covasna45.ro\/index.php\/lumea-noastra\/depozitul-de-deseuri-timis-triaj-din-brasov-devine-zona-verde\/#breadcrumb"},"inLanguage":"ro-RO","potentialAction":[{"@type":"ReadAction","target":["https:\/\/covasna45.ro\/index.php\/lumea-noastra\/depozitul-de-deseuri-timis-triaj-din-brasov-devine-zona-verde\/"]}]},{"@type":"ImageObject","inLanguage":"ro-RO","@id":"https:\/\/covasna45.ro\/index.php\/lumea-noastra\/depozitul-de-deseuri-timis-triaj-din-brasov-devine-zona-verde\/#primaryimage","url":"https:\/\/covasna45.ro\/wp-content\/uploads\/2026\/04\/imagini-locatie-proiect-1.jpg","contentUrl":"https:\/\/covasna45.ro\/wp-content\/uploads\/2026\/04\/imagini-locatie-proiect-1.jpg","width":1600,"height":900},{"@type":"BreadcrumbList","@id":"https:\/\/covasna45.ro\/index.php\/lumea-noastra\/depozitul-de-deseuri-timis-triaj-din-brasov-devine-zona-verde\/#breadcrumb","itemListElement":[{"@type":"ListItem","position":1,"name":"Prima pagin\u0103","item":"https:\/\/covasna45.ro\/"},{"@type":"ListItem","position":2,"name":"Depozitul de de\u0219euri Timi\u0219 Triaj din Bra\u0219ov devine zon\u0103 verde"}]},{"@type":"WebSite","@id":"https:\/\/covasna45.ro\/#website","url":"https:\/\/covasna45.ro\/","name":"covasna45.ro","description":"","publisher":{"@id":"https:\/\/covasna45.ro\/#organization"},"potentialAction":[{"@type":"SearchAction","target":{"@type":"EntryPoint","urlTemplate":"https:\/\/covasna45.ro\/?s={search_term_string}"},"query-input":{"@type":"PropertyValueSpecification","valueRequired":true,"valueName":"search_term_string"}}],"inLanguage":"ro-RO"},{"@type":"Organization","@id":"https:\/\/covasna45.ro\/#organization","name":"covasna45.ro","url":"https:\/\/covasna45.ro\/","logo":{"@type":"ImageObject","inLanguage":"ro-RO","@id":"https:\/\/covasna45.ro\/#\/schema\/logo\/image\/","url":"https:\/\/covasna45.ro\/wp-content\/uploads\/2023\/01\/icon_logo.png","contentUrl":"https:\/\/covasna45.ro\/wp-content\/uploads\/2023\/01\/icon_logo.png","width":1900,"height":1900,"caption":"covasna45.ro"},"image":{"@id":"https:\/\/covasna45.ro\/#\/schema\/logo\/image\/"}},{"@type":"Person","@id":"https:\/\/covasna45.ro\/#\/schema\/person\/e674052bd7d95d70bbb007a1060ab73c","name":"Covasna45","image":{"@type":"ImageObject","inLanguage":"ro-RO","@id":"https:\/\/covasna45.ro\/wp-content\/uploads\/2025\/10\/icon_logo_covasna45-150x150.png","url":"https:\/\/covasna45.ro\/wp-content\/uploads\/2025\/10\/icon_logo_covasna45-150x150.png","contentUrl":"https:\/\/covasna45.ro\/wp-content\/uploads\/2025\/10\/icon_logo_covasna45-150x150.png","caption":"Covasna45"},"sameAs":["https:\/\/covasna45.ro"],"url":"https:\/\/covasna45.ro\/index.php\/author\/covasna\/"}]}},"_links":{"self":[{"href":"https:\/\/covasna45.ro\/index.php\/wp-json\/wp\/v2\/posts\/16174","targetHints":{"allow":["GET"]}}],"collection":[{"href":"https:\/\/covasna45.ro\/index.php\/wp-json\/wp\/v2\/posts"}],"about":[{"href":"https:\/\/covasna45.ro\/index.php\/wp-json\/wp\/v2\/types\/post"}],"author":[{"embeddable":true,"href":"https:\/\/covasna45.ro\/index.php\/wp-json\/wp\/v2\/users\/1"}],"replies":[{"embeddable":true,"href":"https:\/\/covasna45.ro\/index.php\/wp-json\/wp\/v2\/comments?post=16174"}],"version-history":[{"count":2,"href":"https:\/\/covasna45.ro\/index.php\/wp-json\/wp\/v2\/posts\/16174\/revisions"}],"predecessor-version":[{"id":16178,"href":"https:\/\/covasna45.ro\/index.php\/wp-json\/wp\/v2\/posts\/16174\/revisions\/16178"}],"wp:featuredmedia":[{"embeddable":true,"href":"https:\/\/covasna45.ro\/index.php\/wp-json\/wp\/v2\/media\/16175"}],"wp:attachment":[{"href":"https:\/\/covasna45.ro\/index.php\/wp-json\/wp\/v2\/media?parent=16174"}],"wp:term":[{"taxonomy":"category","embeddable":true,"href":"https:\/\/covasna45.ro\/index.php\/wp-json\/wp\/v2\/categories?post=16174"},{"taxonomy":"post_tag","embeddable":true,"href":"https:\/\/covasna45.ro\/index.php\/wp-json\/wp\/v2\/tags?post=16174"}],"curies":[{"name":"wp","href":"https:\/\/api.w.org\/{rel}","templated":true}]}}