{"id":16183,"date":"2026-04-28T10:40:21","date_gmt":"2026-04-28T08:40:21","guid":{"rendered":"https:\/\/covasna45.ro\/?p=16183"},"modified":"2026-04-28T10:40:22","modified_gmt":"2026-04-28T08:40:22","slug":"profesorii-din-judetul-covasna-strang-semnaturi-pentru-schimbarea-legilor-educatiei","status":"publish","type":"post","link":"https:\/\/covasna45.ro\/index.php\/lumea-noastra\/profesorii-din-judetul-covasna-strang-semnaturi-pentru-schimbarea-legilor-educatiei\/","title":{"rendered":"Profesorii din jude\u021bul Covasna str\u00e2ng semn\u0103turi pentru schimbarea legilor Educa\u021biei"},"content":{"rendered":"\n<p>Profesorii din jude\u021bul Covasna str\u00e2ng \u00een aceste zile semn\u0103turi pentru schimbarea, \u00een Parlament, a legilor Educa\u021biei. Demersul este al Federa\u021biei Sindicatelor Libere din \u00cenv\u0103\u021b\u0103m\u00e2nt \u0219i presupune str\u00e2ngerea a cel pu\u021bin 100.000 de semn\u0103turi. \u00cen aceste zile, listele ajung la prim\u0103rii, unde sunt verificate \u0219i validate. Apoi, pe data de 8 mai, listele din jude\u021bul Covasna vor fi duse la Bucure\u0219ti, la Federa\u021bie, al\u0103turi de cele din restul jude\u021belor.<\/p>\n\n\n\n<p>Conform Constitu\u021biei, \u201eini\u0163iativa legislativ\u0103 apar\u0163ine, dup\u0103 caz, Guvernului, deputa\u0163ilor, senatorilor sau unui num\u0103r de cel pu\u0163in 100.000 de cet\u0103\u0163eni cu drept de vot. Cet\u0103\u0163enii care \u00ee\u015fi manifest\u0103 dreptul la ini\u0163iativ\u0103 legislativ\u0103 trebuie s\u0103 provin\u0103 din cel pu\u0163in un sfert din jude\u0163ele \u0163\u0103rii, iar \u00een fiecare din aceste jude\u0163e, respectiv \u00een municipiul Bucure\u015fti, trebuie s\u0103 fie \u00eenregistrate cel pu\u0163in 5.000 de semn\u0103turi \u00een sprijinul acestei initiative\u201d.<\/p>\n\n\n\n<h2 class=\"wp-block-heading\">\u201e\u00cencerc\u0103m s\u0103 \u00eei trezim pe politicieni\u201d<\/h2>\n\n\n\n<p>Profesorul Nagy G\u00e1bor este reprezentant \u00een jude\u021bul Covasna al FSLI. El a declarat pentru <a href=\"https:\/\/covasna45.ro\/index.php\/lumea-noastra\/rectorul-universitatii-din-suceava-propus-ministru-al-educatiei-a-copilarit-in-covasna\/\">covasna45.ro<\/a> c\u0103, dup\u0103 depunerea listelor cu semn\u0103turi, Parlamentul e obligat s\u0103 \u021bin\u0103 cont de aceast\u0103 ini\u021biativ\u0103 cet\u0103\u021beneasc\u0103 \u0219i s\u0103 pun\u0103 pe ordinea de zi amendamentele propuse.<\/p>\n\n\n\n<p>\u201e<strong><em>\u00cencerc\u0103m, cu curaj \u0219i cu cinste, s\u0103 \u00eei trezim pe ace\u0219ti politicieni care sunt, \u00een mare parte, analfabe\u021bi func\u021bionali \u0219i nici limba rom\u00e2n\u0103 nu o vorbesc corect. Aceast\u0103 ini\u021biativ\u0103 cet\u0103\u021beneasc\u0103 are 9 puncte \u0219i nu ne abatem de la ele. Adun\u0103m semn\u0103turi, avem 7 persoane \u00eemputernicite s\u0103 treac\u0103 pe la toate prim\u0103riile din jude\u021bul Covasna cu listele, pentru a fi verificate. Sper\u0103m ca demersul s\u0103 aib\u0103 succes.<\/em><\/strong> <strong><em>\u00cenv\u0103\u021b\u0103m\u00e2ntul a ajuns acum la acela\u0219i nivel cu muncitorii necalifica\u021bi. Eu personal, ca profesor de chimie, am dat acestui stat 58 de medici \u0219i am 23 de profesori de chimie ca urma\u0219i\u2026<\/em><\/strong>\u201d, ne-a spus Nagy G\u00e1bor. <\/p>\n\n\n\n<p>Pentru c\u0103 dasc\u0103lii sunt nemul\u021bumi\u021bi \u0219i de legea salariz\u0103rii. \u201e<strong><em>Varianta de proiect a noii legi a salariz\u0103rii unitare reprezint\u0103 o \u00eenc\u0103lcare flagrant\u0103 a legisla\u021biei \u00een vigoare, o sfidare a angajamentelor asumate fa\u021b\u0103 de organiza\u021biile sindicale \u0219i o dovad\u0103 incontestabil\u0103 c\u0103 Guvernul, Pre\u0219edintele Rom\u00e2niei \u0219i partidele politice \u00eengroap\u0103 educa\u021bia, \u00een loc s\u0103 o trateze ca pe fundamentul pe care se construie\u0219te viitorul unei na\u021biuni<\/em><\/strong>\u201d, transmit federa\u021biile sindicale din domeniu.<\/p>\n\n\n\n<h2 class=\"wp-block-heading\">\u201eEste momentul s\u0103 corect\u0103m m\u0103surile anti-Educa\u021bie\u201d<\/h2>\n\n\n\n<p>Federa\u021bia Sindicatelor Libere din \u00cenv\u0103\u021b\u0103m\u00e2nt anun\u021ba, \u00een luna februarie, startul mobiliz\u0103rii pentru str\u00e2ngerea de semn\u0103turi \u00een vederea sus\u021binerii Ini\u021biativei legislative cet\u0103\u021bene\u0219ti publicate \u00een Monitorul Oficial al Rom\u00e2niei nr. 84 din 3 februarie 2026.<\/p>\n\n\n\n<p>\u201e<strong>Este momentul s\u0103 corect\u0103m m\u0103surile ANTI-EDUCA\u021aIE care au lovit dur sistemul de \u00eenv\u0103\u021b\u0103m\u00e2nt \u00een ultimul an!<\/strong><\/p>\n\n\n\n<h3 class=\"wp-block-heading\">Ce urm\u0103rim prin aceast\u0103 ini\u021biativ\u0103?<\/h3>\n\n\n\n<p>Ini\u021biativa legislativ\u0103 are \u00een vedere:<\/p>\n\n\n\n<p>1. <strong>Revenirea la forma\u021biunile de studiu <\/strong>de dinainte de modific\u0103rile operate prin Legea 141\/2025, inclusiv limitarea num\u0103rului de beneficiari cu care poate fi dep\u0103\u0219it efectivul maxim;<\/p>\n\n\n\n<p>2. <strong>Calculul tarifului pentru plata cu ora<\/strong> pornind de la salariul de baz\u0103 al cadrului didactic (vechime, grad didactic + simultan, special, zone izolate, handicap, neuropsihic, penitenciar) \u2013 f\u0103r\u0103 raportare la num\u0103rul mediu lunar de ore lucr\u0103toare, stabilit anual prin hot\u0103r\u00e2re a Guvernului;<\/p>\n\n\n\n<p>3. <strong>Instituirea unei prime de instalare neimpozabile<\/strong> pentru cadrele didactice repartizate ca titulare \u00een zone defavorizate sau izolate, egal\u0103 cu 3 salarii de baz\u0103 ale cadrului didactic respectiv (in forma ini\u021bial\u0103 a LIP erau 5 salarii minime brute pe \u021bar\u0103, dar dispozi\u021bia nu s-a aplicat niciodat\u0103, fiind suspendat\u0103, iar apoi modificat\u0103 prin Legea 141\/2025 \u2013 prim\u0103 de doar 1 salariu minim, dar \u00een continuare suspendat\u0103);<\/p>\n\n\n\n<p>4. <strong>Instituirea reducerii cu 2 ore s\u0103pt\u0103m\u00e2nal a normei didactice<\/strong> de predare-\u00eenv\u0103\u021bare-evaluare, la cerere, pentru personalul didactic de predare cu o vechime \u00een \u00eenv\u0103\u021b\u0103m\u00e2nt de peste 25 de ani \u0219i gradul didactic I;<\/p>\n\n\n\n<p>5. <strong>Revenirea, \u00eencep\u00e2nd cu data de 1 septembrie 2026, la norma didactic\u0103<\/strong> de predare-\u00eenv\u0103\u0163are-evaluare, de instruire practic\u0103 \u015fi de evaluare curent\u0103 a antepre\u015fcolarilor\/pre\u015fcolarilor \u015fi a elevilor prev\u0103zut\u0103 de art. 207 alin. (4) din LIP nr. 198\/2023;<\/p>\n\n\n\n<p>6. <strong>Abrogarea interdic\u021biei de compensare \u00een bani a concediului<\/strong> de odihn\u0103 neefectuat;<\/p>\n\n\n\n<p>7. <strong>Abrogarea restric\u021biilor privind degrevarea personalului didactic de conducere<\/strong>, de \u00eendrumare \u0219i de control din Legea nr. 141\/2025;<\/p>\n\n\n\n<p>8. <strong>Reglementarea pl\u0103\u021bii tran\u0219elor din hot\u0103r\u00e2rile judec\u0103tore\u0219ti neachitate<\/strong> \u00een anul 2025, precum \u0219i a celor scadente p\u00e2n\u0103 la 31.12.2026, concomitent, \u00eentr-o singur\u0103 tran\u0219\u0103, p\u00e2n\u0103 la 30.06.2026;<\/p>\n\n\n\n<p>9. Modificarea unor articole din Legea \u00eenv\u0103\u021b\u0103m\u00e2ntului superior.<\/p>\n\n\n\n<p>Detalii, <a href=\"https:\/\/www.fsli.ro\/m-o-initiativa-cetateneasca\/\">AICI<\/a>.<\/p>\n","protected":false},"excerpt":{"rendered":"<p>Profesorii din jude\u021bul Covasna str\u00e2ng \u00een aceste zile semn\u0103turi pentru schimbarea, \u00een Parlament, a legilor Educa\u021biei. Demersul este al Federa\u021biei Sindicatelor Libere din \u00cenv\u0103\u021b\u0103m\u00e2nt \u0219i presupune str\u00e2ngerea a cel pu\u021bin 100.000 de semn\u0103turi. \u00cen aceste zile, listele ajung la prim\u0103rii, unde sunt verificate \u0219i validate. Apoi, pe data de 8 mai, listele din jude\u021bul Covasna [&hellip;]<\/p>\n","protected":false},"author":1,"featured_media":16184,"comment_status":"open","ping_status":"closed","sticky":false,"template":"","format":"standard","meta":{"tdm_status":"","tdm_grid_status":"","footnotes":""},"categories":[14],"tags":[4716,4714,4715,72,718,480],"class_list":{"0":"post-16183","1":"post","2":"type-post","3":"status-publish","4":"format-standard","5":"has-post-thumbnail","7":"category-lumea-noastra","8":"tag-fsli","9":"tag-initiativa-cetaneasca","10":"tag-legile-educatiei","11":"tag-parlament","12":"tag-profesori","13":"tag-sindicate"},"yoast_head":"<!-- This site is optimized with the Yoast SEO plugin v27.4 - https:\/\/yoast.com\/product\/yoast-seo-wordpress\/ -->\n<title>Profesorii din jude\u021bul Covasna str\u00e2ng semn\u0103turi pentru schimbarea legilor Educa\u021biei - Covasna45<\/title>\n<meta name=\"description\" content=\"Profesorii din jude\u021bul Covasna str\u00e2ng \u00een aceste zile semn\u0103turi pentru schimbarea, \u00een Parlament, a legilor Educa\u021biei.\" \/>\n<meta name=\"robots\" content=\"index, follow, max-snippet:-1, max-image-preview:large, max-video-preview:-1\" \/>\n<link rel=\"canonical\" href=\"https:\/\/covasna45.ro\/index.php\/lumea-noastra\/profesorii-din-judetul-covasna-strang-semnaturi-pentru-schimbarea-legilor-educatiei\/\" \/>\n<meta property=\"og:locale\" content=\"ro_RO\" \/>\n<meta property=\"og:type\" content=\"article\" \/>\n<meta property=\"og:title\" content=\"Profesorii din jude\u021bul Covasna str\u00e2ng semn\u0103turi pentru schimbarea legilor Educa\u021biei - Covasna45\" \/>\n<meta property=\"og:description\" content=\"Profesorii din jude\u021bul Covasna str\u00e2ng \u00een aceste zile semn\u0103turi pentru schimbarea, \u00een Parlament, a legilor Educa\u021biei.\" \/>\n<meta property=\"og:url\" content=\"https:\/\/covasna45.ro\/index.php\/lumea-noastra\/profesorii-din-judetul-covasna-strang-semnaturi-pentru-schimbarea-legilor-educatiei\/\" \/>\n<meta property=\"og:site_name\" content=\"Covasna45\" \/>\n<meta property=\"article:published_time\" content=\"2026-04-28T08:40:21+00:00\" \/>\n<meta property=\"article:modified_time\" content=\"2026-04-28T08:40:22+00:00\" \/>\n<meta property=\"og:image\" content=\"https:\/\/covasna45.ro\/wp-content\/uploads\/2026\/04\/initiatova-profi.jpg\" \/>\n\t<meta property=\"og:image:width\" content=\"1435\" \/>\n\t<meta property=\"og:image:height\" content=\"1229\" \/>\n\t<meta property=\"og:image:type\" content=\"image\/jpeg\" \/>\n<meta name=\"author\" content=\"Covasna45\" \/>\n<meta name=\"twitter:card\" content=\"summary_large_image\" \/>\n<meta name=\"twitter:label1\" content=\"Scris de\" \/>\n\t<meta name=\"twitter:data1\" content=\"Covasna45\" \/>\n\t<meta name=\"twitter:label2\" content=\"Timp estimat pentru citire\" \/>\n\t<meta name=\"twitter:data2\" content=\"4 minute\" \/>\n<script type=\"application\/ld+json\" class=\"yoast-schema-graph\">{\"@context\":\"https:\\\/\\\/schema.org\",\"@graph\":[{\"@type\":\"Article\",\"@id\":\"https:\\\/\\\/covasna45.ro\\\/index.php\\\/lumea-noastra\\\/profesorii-din-judetul-covasna-strang-semnaturi-pentru-schimbarea-legilor-educatiei\\\/#article\",\"isPartOf\":{\"@id\":\"https:\\\/\\\/covasna45.ro\\\/index.php\\\/lumea-noastra\\\/profesorii-din-judetul-covasna-strang-semnaturi-pentru-schimbarea-legilor-educatiei\\\/\"},\"author\":{\"name\":\"Covasna45\",\"@id\":\"https:\\\/\\\/covasna45.ro\\\/#\\\/schema\\\/person\\\/e674052bd7d95d70bbb007a1060ab73c\"},\"headline\":\"Profesorii din jude\u021bul Covasna str\u00e2ng semn\u0103turi pentru schimbarea legilor Educa\u021biei\",\"datePublished\":\"2026-04-28T08:40:21+00:00\",\"dateModified\":\"2026-04-28T08:40:22+00:00\",\"mainEntityOfPage\":{\"@id\":\"https:\\\/\\\/covasna45.ro\\\/index.php\\\/lumea-noastra\\\/profesorii-din-judetul-covasna-strang-semnaturi-pentru-schimbarea-legilor-educatiei\\\/\"},\"wordCount\":789,\"commentCount\":0,\"publisher\":{\"@id\":\"https:\\\/\\\/covasna45.ro\\\/#organization\"},\"image\":{\"@id\":\"https:\\\/\\\/covasna45.ro\\\/index.php\\\/lumea-noastra\\\/profesorii-din-judetul-covasna-strang-semnaturi-pentru-schimbarea-legilor-educatiei\\\/#primaryimage\"},\"thumbnailUrl\":\"https:\\\/\\\/covasna45.ro\\\/wp-content\\\/uploads\\\/2026\\\/04\\\/initiatova-profi.jpg\",\"keywords\":[\"fsli\",\"initiativa cetaneasca\",\"legile educatiei\",\"Parlament\",\"Profesori\",\"Sindicate\"],\"articleSection\":[\"Lumea noastr\u0103\"],\"inLanguage\":\"ro-RO\",\"potentialAction\":[{\"@type\":\"CommentAction\",\"name\":\"Comment\",\"target\":[\"https:\\\/\\\/covasna45.ro\\\/index.php\\\/lumea-noastra\\\/profesorii-din-judetul-covasna-strang-semnaturi-pentru-schimbarea-legilor-educatiei\\\/#respond\"]}]},{\"@type\":\"WebPage\",\"@id\":\"https:\\\/\\\/covasna45.ro\\\/index.php\\\/lumea-noastra\\\/profesorii-din-judetul-covasna-strang-semnaturi-pentru-schimbarea-legilor-educatiei\\\/\",\"url\":\"https:\\\/\\\/covasna45.ro\\\/index.php\\\/lumea-noastra\\\/profesorii-din-judetul-covasna-strang-semnaturi-pentru-schimbarea-legilor-educatiei\\\/\",\"name\":\"Profesorii din jude\u021bul Covasna str\u00e2ng semn\u0103turi pentru schimbarea legilor Educa\u021biei - Covasna45\",\"isPartOf\":{\"@id\":\"https:\\\/\\\/covasna45.ro\\\/#website\"},\"primaryImageOfPage\":{\"@id\":\"https:\\\/\\\/covasna45.ro\\\/index.php\\\/lumea-noastra\\\/profesorii-din-judetul-covasna-strang-semnaturi-pentru-schimbarea-legilor-educatiei\\\/#primaryimage\"},\"image\":{\"@id\":\"https:\\\/\\\/covasna45.ro\\\/index.php\\\/lumea-noastra\\\/profesorii-din-judetul-covasna-strang-semnaturi-pentru-schimbarea-legilor-educatiei\\\/#primaryimage\"},\"thumbnailUrl\":\"https:\\\/\\\/covasna45.ro\\\/wp-content\\\/uploads\\\/2026\\\/04\\\/initiatova-profi.jpg\",\"datePublished\":\"2026-04-28T08:40:21+00:00\",\"dateModified\":\"2026-04-28T08:40:22+00:00\",\"description\":\"Profesorii din jude\u021bul Covasna str\u00e2ng \u00een aceste zile semn\u0103turi pentru schimbarea, \u00een Parlament, a legilor Educa\u021biei.\",\"breadcrumb\":{\"@id\":\"https:\\\/\\\/covasna45.ro\\\/index.php\\\/lumea-noastra\\\/profesorii-din-judetul-covasna-strang-semnaturi-pentru-schimbarea-legilor-educatiei\\\/#breadcrumb\"},\"inLanguage\":\"ro-RO\",\"potentialAction\":[{\"@type\":\"ReadAction\",\"target\":[\"https:\\\/\\\/covasna45.ro\\\/index.php\\\/lumea-noastra\\\/profesorii-din-judetul-covasna-strang-semnaturi-pentru-schimbarea-legilor-educatiei\\\/\"]}]},{\"@type\":\"ImageObject\",\"inLanguage\":\"ro-RO\",\"@id\":\"https:\\\/\\\/covasna45.ro\\\/index.php\\\/lumea-noastra\\\/profesorii-din-judetul-covasna-strang-semnaturi-pentru-schimbarea-legilor-educatiei\\\/#primaryimage\",\"url\":\"https:\\\/\\\/covasna45.ro\\\/wp-content\\\/uploads\\\/2026\\\/04\\\/initiatova-profi.jpg\",\"contentUrl\":\"https:\\\/\\\/covasna45.ro\\\/wp-content\\\/uploads\\\/2026\\\/04\\\/initiatova-profi.jpg\",\"width\":1435,\"height\":1229},{\"@type\":\"BreadcrumbList\",\"@id\":\"https:\\\/\\\/covasna45.ro\\\/index.php\\\/lumea-noastra\\\/profesorii-din-judetul-covasna-strang-semnaturi-pentru-schimbarea-legilor-educatiei\\\/#breadcrumb\",\"itemListElement\":[{\"@type\":\"ListItem\",\"position\":1,\"name\":\"Prima pagin\u0103\",\"item\":\"https:\\\/\\\/covasna45.ro\\\/\"},{\"@type\":\"ListItem\",\"position\":2,\"name\":\"Profesorii din jude\u021bul Covasna str\u00e2ng semn\u0103turi pentru schimbarea legilor Educa\u021biei\"}]},{\"@type\":\"WebSite\",\"@id\":\"https:\\\/\\\/covasna45.ro\\\/#website\",\"url\":\"https:\\\/\\\/covasna45.ro\\\/\",\"name\":\"covasna45.ro\",\"description\":\"\",\"publisher\":{\"@id\":\"https:\\\/\\\/covasna45.ro\\\/#organization\"},\"potentialAction\":[{\"@type\":\"SearchAction\",\"target\":{\"@type\":\"EntryPoint\",\"urlTemplate\":\"https:\\\/\\\/covasna45.ro\\\/?s={search_term_string}\"},\"query-input\":{\"@type\":\"PropertyValueSpecification\",\"valueRequired\":true,\"valueName\":\"search_term_string\"}}],\"inLanguage\":\"ro-RO\"},{\"@type\":\"Organization\",\"@id\":\"https:\\\/\\\/covasna45.ro\\\/#organization\",\"name\":\"covasna45.ro\",\"url\":\"https:\\\/\\\/covasna45.ro\\\/\",\"logo\":{\"@type\":\"ImageObject\",\"inLanguage\":\"ro-RO\",\"@id\":\"https:\\\/\\\/covasna45.ro\\\/#\\\/schema\\\/logo\\\/image\\\/\",\"url\":\"https:\\\/\\\/covasna45.ro\\\/wp-content\\\/uploads\\\/2023\\\/01\\\/icon_logo.png\",\"contentUrl\":\"https:\\\/\\\/covasna45.ro\\\/wp-content\\\/uploads\\\/2023\\\/01\\\/icon_logo.png\",\"width\":1900,\"height\":1900,\"caption\":\"covasna45.ro\"},\"image\":{\"@id\":\"https:\\\/\\\/covasna45.ro\\\/#\\\/schema\\\/logo\\\/image\\\/\"}},{\"@type\":\"Person\",\"@id\":\"https:\\\/\\\/covasna45.ro\\\/#\\\/schema\\\/person\\\/e674052bd7d95d70bbb007a1060ab73c\",\"name\":\"Covasna45\",\"image\":{\"@type\":\"ImageObject\",\"inLanguage\":\"ro-RO\",\"@id\":\"https:\\\/\\\/covasna45.ro\\\/wp-content\\\/uploads\\\/2025\\\/10\\\/icon_logo_covasna45-150x150.png\",\"url\":\"https:\\\/\\\/covasna45.ro\\\/wp-content\\\/uploads\\\/2025\\\/10\\\/icon_logo_covasna45-150x150.png\",\"contentUrl\":\"https:\\\/\\\/covasna45.ro\\\/wp-content\\\/uploads\\\/2025\\\/10\\\/icon_logo_covasna45-150x150.png\",\"caption\":\"Covasna45\"},\"sameAs\":[\"https:\\\/\\\/covasna45.ro\"],\"url\":\"https:\\\/\\\/covasna45.ro\\\/index.php\\\/author\\\/covasna\\\/\"}]}<\/script>\n<!-- \/ Yoast SEO plugin. -->","yoast_head_json":{"title":"Profesorii din jude\u021bul Covasna str\u00e2ng semn\u0103turi pentru schimbarea legilor Educa\u021biei - Covasna45","description":"Profesorii din jude\u021bul Covasna str\u00e2ng \u00een aceste zile semn\u0103turi pentru schimbarea, \u00een Parlament, a legilor Educa\u021biei.","robots":{"index":"index","follow":"follow","max-snippet":"max-snippet:-1","max-image-preview":"max-image-preview:large","max-video-preview":"max-video-preview:-1"},"canonical":"https:\/\/covasna45.ro\/index.php\/lumea-noastra\/profesorii-din-judetul-covasna-strang-semnaturi-pentru-schimbarea-legilor-educatiei\/","og_locale":"ro_RO","og_type":"article","og_title":"Profesorii din jude\u021bul Covasna str\u00e2ng semn\u0103turi pentru schimbarea legilor Educa\u021biei - Covasna45","og_description":"Profesorii din jude\u021bul Covasna str\u00e2ng \u00een aceste zile semn\u0103turi pentru schimbarea, \u00een Parlament, a legilor Educa\u021biei.","og_url":"https:\/\/covasna45.ro\/index.php\/lumea-noastra\/profesorii-din-judetul-covasna-strang-semnaturi-pentru-schimbarea-legilor-educatiei\/","og_site_name":"Covasna45","article_published_time":"2026-04-28T08:40:21+00:00","article_modified_time":"2026-04-28T08:40:22+00:00","og_image":[{"width":1435,"height":1229,"url":"https:\/\/covasna45.ro\/wp-content\/uploads\/2026\/04\/initiatova-profi.jpg","type":"image\/jpeg"}],"author":"Covasna45","twitter_card":"summary_large_image","twitter_misc":{"Scris de":"Covasna45","Timp estimat pentru citire":"4 minute"},"schema":{"@context":"https:\/\/schema.org","@graph":[{"@type":"Article","@id":"https:\/\/covasna45.ro\/index.php\/lumea-noastra\/profesorii-din-judetul-covasna-strang-semnaturi-pentru-schimbarea-legilor-educatiei\/#article","isPartOf":{"@id":"https:\/\/covasna45.ro\/index.php\/lumea-noastra\/profesorii-din-judetul-covasna-strang-semnaturi-pentru-schimbarea-legilor-educatiei\/"},"author":{"name":"Covasna45","@id":"https:\/\/covasna45.ro\/#\/schema\/person\/e674052bd7d95d70bbb007a1060ab73c"},"headline":"Profesorii din jude\u021bul Covasna str\u00e2ng semn\u0103turi pentru schimbarea legilor Educa\u021biei","datePublished":"2026-04-28T08:40:21+00:00","dateModified":"2026-04-28T08:40:22+00:00","mainEntityOfPage":{"@id":"https:\/\/covasna45.ro\/index.php\/lumea-noastra\/profesorii-din-judetul-covasna-strang-semnaturi-pentru-schimbarea-legilor-educatiei\/"},"wordCount":789,"commentCount":0,"publisher":{"@id":"https:\/\/covasna45.ro\/#organization"},"image":{"@id":"https:\/\/covasna45.ro\/index.php\/lumea-noastra\/profesorii-din-judetul-covasna-strang-semnaturi-pentru-schimbarea-legilor-educatiei\/#primaryimage"},"thumbnailUrl":"https:\/\/covasna45.ro\/wp-content\/uploads\/2026\/04\/initiatova-profi.jpg","keywords":["fsli","initiativa cetaneasca","legile educatiei","Parlament","Profesori","Sindicate"],"articleSection":["Lumea noastr\u0103"],"inLanguage":"ro-RO","potentialAction":[{"@type":"CommentAction","name":"Comment","target":["https:\/\/covasna45.ro\/index.php\/lumea-noastra\/profesorii-din-judetul-covasna-strang-semnaturi-pentru-schimbarea-legilor-educatiei\/#respond"]}]},{"@type":"WebPage","@id":"https:\/\/covasna45.ro\/index.php\/lumea-noastra\/profesorii-din-judetul-covasna-strang-semnaturi-pentru-schimbarea-legilor-educatiei\/","url":"https:\/\/covasna45.ro\/index.php\/lumea-noastra\/profesorii-din-judetul-covasna-strang-semnaturi-pentru-schimbarea-legilor-educatiei\/","name":"Profesorii din jude\u021bul Covasna str\u00e2ng semn\u0103turi pentru schimbarea legilor Educa\u021biei - Covasna45","isPartOf":{"@id":"https:\/\/covasna45.ro\/#website"},"primaryImageOfPage":{"@id":"https:\/\/covasna45.ro\/index.php\/lumea-noastra\/profesorii-din-judetul-covasna-strang-semnaturi-pentru-schimbarea-legilor-educatiei\/#primaryimage"},"image":{"@id":"https:\/\/covasna45.ro\/index.php\/lumea-noastra\/profesorii-din-judetul-covasna-strang-semnaturi-pentru-schimbarea-legilor-educatiei\/#primaryimage"},"thumbnailUrl":"https:\/\/covasna45.ro\/wp-content\/uploads\/2026\/04\/initiatova-profi.jpg","datePublished":"2026-04-28T08:40:21+00:00","dateModified":"2026-04-28T08:40:22+00:00","description":"Profesorii din jude\u021bul Covasna str\u00e2ng \u00een aceste zile semn\u0103turi pentru schimbarea, \u00een Parlament, a legilor Educa\u021biei.","breadcrumb":{"@id":"https:\/\/covasna45.ro\/index.php\/lumea-noastra\/profesorii-din-judetul-covasna-strang-semnaturi-pentru-schimbarea-legilor-educatiei\/#breadcrumb"},"inLanguage":"ro-RO","potentialAction":[{"@type":"ReadAction","target":["https:\/\/covasna45.ro\/index.php\/lumea-noastra\/profesorii-din-judetul-covasna-strang-semnaturi-pentru-schimbarea-legilor-educatiei\/"]}]},{"@type":"ImageObject","inLanguage":"ro-RO","@id":"https:\/\/covasna45.ro\/index.php\/lumea-noastra\/profesorii-din-judetul-covasna-strang-semnaturi-pentru-schimbarea-legilor-educatiei\/#primaryimage","url":"https:\/\/covasna45.ro\/wp-content\/uploads\/2026\/04\/initiatova-profi.jpg","contentUrl":"https:\/\/covasna45.ro\/wp-content\/uploads\/2026\/04\/initiatova-profi.jpg","width":1435,"height":1229},{"@type":"BreadcrumbList","@id":"https:\/\/covasna45.ro\/index.php\/lumea-noastra\/profesorii-din-judetul-covasna-strang-semnaturi-pentru-schimbarea-legilor-educatiei\/#breadcrumb","itemListElement":[{"@type":"ListItem","position":1,"name":"Prima pagin\u0103","item":"https:\/\/covasna45.ro\/"},{"@type":"ListItem","position":2,"name":"Profesorii din jude\u021bul Covasna str\u00e2ng semn\u0103turi pentru schimbarea legilor Educa\u021biei"}]},{"@type":"WebSite","@id":"https:\/\/covasna45.ro\/#website","url":"https:\/\/covasna45.ro\/","name":"covasna45.ro","description":"","publisher":{"@id":"https:\/\/covasna45.ro\/#organization"},"potentialAction":[{"@type":"SearchAction","target":{"@type":"EntryPoint","urlTemplate":"https:\/\/covasna45.ro\/?s={search_term_string}"},"query-input":{"@type":"PropertyValueSpecification","valueRequired":true,"valueName":"search_term_string"}}],"inLanguage":"ro-RO"},{"@type":"Organization","@id":"https:\/\/covasna45.ro\/#organization","name":"covasna45.ro","url":"https:\/\/covasna45.ro\/","logo":{"@type":"ImageObject","inLanguage":"ro-RO","@id":"https:\/\/covasna45.ro\/#\/schema\/logo\/image\/","url":"https:\/\/covasna45.ro\/wp-content\/uploads\/2023\/01\/icon_logo.png","contentUrl":"https:\/\/covasna45.ro\/wp-content\/uploads\/2023\/01\/icon_logo.png","width":1900,"height":1900,"caption":"covasna45.ro"},"image":{"@id":"https:\/\/covasna45.ro\/#\/schema\/logo\/image\/"}},{"@type":"Person","@id":"https:\/\/covasna45.ro\/#\/schema\/person\/e674052bd7d95d70bbb007a1060ab73c","name":"Covasna45","image":{"@type":"ImageObject","inLanguage":"ro-RO","@id":"https:\/\/covasna45.ro\/wp-content\/uploads\/2025\/10\/icon_logo_covasna45-150x150.png","url":"https:\/\/covasna45.ro\/wp-content\/uploads\/2025\/10\/icon_logo_covasna45-150x150.png","contentUrl":"https:\/\/covasna45.ro\/wp-content\/uploads\/2025\/10\/icon_logo_covasna45-150x150.png","caption":"Covasna45"},"sameAs":["https:\/\/covasna45.ro"],"url":"https:\/\/covasna45.ro\/index.php\/author\/covasna\/"}]}},"_links":{"self":[{"href":"https:\/\/covasna45.ro\/index.php\/wp-json\/wp\/v2\/posts\/16183","targetHints":{"allow":["GET"]}}],"collection":[{"href":"https:\/\/covasna45.ro\/index.php\/wp-json\/wp\/v2\/posts"}],"about":[{"href":"https:\/\/covasna45.ro\/index.php\/wp-json\/wp\/v2\/types\/post"}],"author":[{"embeddable":true,"href":"https:\/\/covasna45.ro\/index.php\/wp-json\/wp\/v2\/users\/1"}],"replies":[{"embeddable":true,"href":"https:\/\/covasna45.ro\/index.php\/wp-json\/wp\/v2\/comments?post=16183"}],"version-history":[{"count":1,"href":"https:\/\/covasna45.ro\/index.php\/wp-json\/wp\/v2\/posts\/16183\/revisions"}],"predecessor-version":[{"id":16185,"href":"https:\/\/covasna45.ro\/index.php\/wp-json\/wp\/v2\/posts\/16183\/revisions\/16185"}],"wp:featuredmedia":[{"embeddable":true,"href":"https:\/\/covasna45.ro\/index.php\/wp-json\/wp\/v2\/media\/16184"}],"wp:attachment":[{"href":"https:\/\/covasna45.ro\/index.php\/wp-json\/wp\/v2\/media?parent=16183"}],"wp:term":[{"taxonomy":"category","embeddable":true,"href":"https:\/\/covasna45.ro\/index.php\/wp-json\/wp\/v2\/categories?post=16183"},{"taxonomy":"post_tag","embeddable":true,"href":"https:\/\/covasna45.ro\/index.php\/wp-json\/wp\/v2\/tags?post=16183"}],"curies":[{"name":"wp","href":"https:\/\/api.w.org\/{rel}","templated":true}]}}