{"id":16186,"date":"2026-04-28T12:35:56","date_gmt":"2026-04-28T10:35:56","guid":{"rendered":"https:\/\/covasna45.ro\/?p=16186"},"modified":"2026-04-28T12:35:57","modified_gmt":"2026-04-28T10:35:57","slug":"sepsibook-2026-apel-catre-cadrele-didactice","status":"publish","type":"post","link":"https:\/\/covasna45.ro\/index.php\/lumea-noastra\/sepsibook-2026-apel-catre-cadrele-didactice\/","title":{"rendered":"SepsiBook 2026: apel c\u0103tre cadrele didactice"},"content":{"rendered":"\n<p>T\u00e2rgul de carte \u0219i festivalul de literatura contemporan\u0103 SepsiBook ajunge \u00een acest an la edi\u021bia a cincea \u0219i \u00eei a\u0219teapt\u0103 pe elevi, al\u0103turi de profesorii lor, \u00eentre 14 \u0219i 17 mai 2026, la Arena Sepsi, cu un program bogat de \u00eent\u00e2lniri cu autori contemporani \u0219i activit\u0103\u021bi dedicate copiilor \u0219i tinerilor. <\/p>\n\n\n\n<p>Organizatorii invit\u0103 cadrele didactice din \u00eenv\u0103\u021b\u0103m\u00e2ntul primar \u0219i gimnazial s\u0103 consulte programul de mai jos \u0219i s\u0103 aleag\u0103 evenimentele potrivite pentru clasele lor, programate vineri \u0219i s\u00e2mb\u0103t\u0103.<\/p>\n\n\n\n<h2 class=\"wp-block-heading\">Agentul Pic, \u0219oricelul Fursec \u0219i fra\u021bii R\u0103\u021boi<\/h2>\n\n\n\n<p>Vineri, 15 mai, elevii pot participa la mai multe \u00eent\u00e2lniri concepute pentru diferite grupe de v\u00e2rst\u0103. Programul \u00eencepe la ora 9:00, pe scen\u0103, cu spectacolul de teatru de p\u0103pu\u0219i \u201eClara \u0219i agentul Pic\u201d, sus\u021binut de <strong>Teatrul Arlechino<\/strong> din Bra\u0219ov, recomandat copiilor cu v\u00e2rste \u00eentre 6 \u0219i 10 ani.<\/p>\n\n\n\n<p>De la ora 11:00, elevii de clasa I sunt invita\u021bi la \u00eent\u00e2lnirea cu scriitoarea <strong>Simona Epure<\/strong>, \u00een cadrul programului \u201eLa drum cu lectur\u0103\u201d, pornind de la volumul \u201e\u0218oricelul Fursec \u0219i surpriza din gr\u0103din\u0103\u201d.<\/p>\n\n\n\n<p>Tot de la ora 11:00, scriitorul <strong>Dan Coman<\/strong> va dialoga cu elevii cu v\u00e2rste \u00eentre 11 \u0219i 14 ani (clasele IV\u2013VI) despre cartea \u201eFra\u021bii R\u0103\u021boi \u00een vacan\u021b\u0103\u201d.<\/p>\n\n\n\n<p>Programul continu\u0103 la ora 12:00, cu \u00eent\u00e2lnirea \u201eUniversuri magice\u201d, sus\u021binut\u0103 de scriitoarea <strong>Ioana P\u00e2rvulescu<\/strong>, destinat\u0103 elevilor cu v\u00e2rste \u00eentre 10 \u0219i 13 ani.<\/p>\n\n\n\n<figure class=\"wp-block-image size-large\"><img loading=\"lazy\" decoding=\"async\" width=\"1024\" height=\"683\" src=\"https:\/\/covasna45.ro\/wp-content\/uploads\/2026\/04\/sbelevi-1024x683.jpg\" alt=\"\" class=\"wp-image-16188\" srcset=\"https:\/\/covasna45.ro\/wp-content\/uploads\/2026\/04\/sbelevi-1024x683.jpg 1024w, https:\/\/covasna45.ro\/wp-content\/uploads\/2026\/04\/sbelevi-300x200.jpg 300w, https:\/\/covasna45.ro\/wp-content\/uploads\/2026\/04\/sbelevi-768x512.jpg 768w, https:\/\/covasna45.ro\/wp-content\/uploads\/2026\/04\/sbelevi-150x100.jpg 150w, https:\/\/covasna45.ro\/wp-content\/uploads\/2026\/04\/sbelevi-696x464.jpg 696w, https:\/\/covasna45.ro\/wp-content\/uploads\/2026\/04\/sbelevi-1068x712.jpg 1068w, https:\/\/covasna45.ro\/wp-content\/uploads\/2026\/04\/sbelevi.jpg 1440w\" sizes=\"auto, (max-width: 1024px) 100vw, 1024px\" \/><\/figure>\n\n\n\n<p>S\u00e2mb\u0103t\u0103, 16 mai, de la ora 10:00, elevii de liceu sunt invita\u021bi la workshopul de benzi desenate \u201eSupereroi printre noi\u201d, organizat \u00een cadrul Atelierului de benzi desenate. Pentru aceast\u0103 activitate sunt deschise \u00eenscrieri individuale.<\/p>\n\n\n\n<p>Participarea grupurilor \u0219colare se face pe baz\u0103 de \u00eenscriere prealabil\u0103, iar \u00een municipiul Sf\u00e2ntu Gheorghe, organizatorii asigur\u0103 transportul c\u0103tre loca\u021bie pentru grupurile \u00eenregistrate, fie cu trenule\u021bul, fie cu autobuzul. Num\u0103rul de locuri este limitat, iar \u00eenscrierile sunt procesate \u00een ordinea primirii. Cadrele didactice interesate pot \u00eenscrie clasele prin completarea unui formular, <a href=\"https:\/\/docs.google.com\/forms\/d\/e\/1FAIpQLSeRh-e7Z23UQITR3waY05hlP3N9CCNkhDPjG0IGCwkqRW2ftw\/viewform\">AICI<\/a>.<\/p>\n\n\n\n<p>Sursa: <a href=\"https:\/\/sepsibook.ro\/\">SepsiBook<\/a><\/p>\n","protected":false},"excerpt":{"rendered":"<p>T\u00e2rgul de carte \u0219i festivalul de literatura contemporan\u0103 SepsiBook ajunge \u00een acest an la edi\u021bia a cincea \u0219i \u00eei a\u0219teapt\u0103 pe elevi, al\u0103turi de profesorii lor, \u00eentre 14 \u0219i 17 mai 2026, la Arena Sepsi, cu un program bogat de \u00eent\u00e2lniri cu autori contemporani \u0219i activit\u0103\u021bi dedicate copiilor \u0219i tinerilor. Organizatorii invit\u0103 cadrele didactice din [&hellip;]<\/p>\n","protected":false},"author":1,"featured_media":16187,"comment_status":"open","ping_status":"closed","sticky":false,"template":"","format":"standard","meta":{"tdm_status":"","tdm_grid_status":"","footnotes":""},"categories":[14],"tags":[1910,1097,694,4717],"class_list":{"0":"post-16186","1":"post","2":"type-post","3":"status-publish","4":"format-standard","5":"has-post-thumbnail","7":"category-lumea-noastra","8":"tag-carte","9":"tag-elevi","10":"tag-sepsibook","11":"tag-targ-de-carte"},"yoast_head":"<!-- This site is optimized with the Yoast SEO plugin v27.4 - https:\/\/yoast.com\/product\/yoast-seo-wordpress\/ -->\n<title>SepsiBook 2026: apel c\u0103tre cadrele didactice - Covasna45<\/title>\n<meta name=\"description\" content=\"T\u00e2rgul de carte \u0219i festivalul de literatura contemporan\u0103 SepsiBook ajunge \u00een acest an la edi\u021bia a cincea, anun\u021b\u0103 organizatorii.\" \/>\n<meta name=\"robots\" content=\"index, follow, max-snippet:-1, max-image-preview:large, max-video-preview:-1\" \/>\n<link rel=\"canonical\" href=\"https:\/\/covasna45.ro\/index.php\/lumea-noastra\/sepsibook-2026-apel-catre-cadrele-didactice\/\" \/>\n<meta property=\"og:locale\" content=\"ro_RO\" \/>\n<meta property=\"og:type\" content=\"article\" \/>\n<meta property=\"og:title\" content=\"SepsiBook 2026: apel c\u0103tre cadrele didactice - Covasna45\" \/>\n<meta property=\"og:description\" content=\"T\u00e2rgul de carte \u0219i festivalul de literatura contemporan\u0103 SepsiBook ajunge \u00een acest an la edi\u021bia a cincea, anun\u021b\u0103 organizatorii.\" \/>\n<meta property=\"og:url\" content=\"https:\/\/covasna45.ro\/index.php\/lumea-noastra\/sepsibook-2026-apel-catre-cadrele-didactice\/\" \/>\n<meta property=\"og:site_name\" content=\"Covasna45\" \/>\n<meta property=\"article:published_time\" content=\"2026-04-28T10:35:56+00:00\" \/>\n<meta property=\"article:modified_time\" content=\"2026-04-28T10:35:57+00:00\" \/>\n<meta property=\"og:image\" content=\"https:\/\/covasna45.ro\/wp-content\/uploads\/2026\/04\/sb-elevi-2.jpg\" \/>\n\t<meta property=\"og:image:width\" content=\"1440\" \/>\n\t<meta property=\"og:image:height\" content=\"960\" \/>\n\t<meta property=\"og:image:type\" content=\"image\/jpeg\" \/>\n<meta name=\"author\" content=\"Covasna45\" \/>\n<meta name=\"twitter:card\" content=\"summary_large_image\" \/>\n<meta name=\"twitter:label1\" content=\"Scris de\" \/>\n\t<meta name=\"twitter:data1\" content=\"Covasna45\" \/>\n\t<meta name=\"twitter:label2\" content=\"Timp estimat pentru citire\" \/>\n\t<meta name=\"twitter:data2\" content=\"3 minute\" \/>\n<script type=\"application\/ld+json\" class=\"yoast-schema-graph\">{\"@context\":\"https:\\\/\\\/schema.org\",\"@graph\":[{\"@type\":\"Article\",\"@id\":\"https:\\\/\\\/covasna45.ro\\\/index.php\\\/lumea-noastra\\\/sepsibook-2026-apel-catre-cadrele-didactice\\\/#article\",\"isPartOf\":{\"@id\":\"https:\\\/\\\/covasna45.ro\\\/index.php\\\/lumea-noastra\\\/sepsibook-2026-apel-catre-cadrele-didactice\\\/\"},\"author\":{\"name\":\"Covasna45\",\"@id\":\"https:\\\/\\\/covasna45.ro\\\/#\\\/schema\\\/person\\\/e674052bd7d95d70bbb007a1060ab73c\"},\"headline\":\"SepsiBook 2026: apel c\u0103tre cadrele didactice\",\"datePublished\":\"2026-04-28T10:35:56+00:00\",\"dateModified\":\"2026-04-28T10:35:57+00:00\",\"mainEntityOfPage\":{\"@id\":\"https:\\\/\\\/covasna45.ro\\\/index.php\\\/lumea-noastra\\\/sepsibook-2026-apel-catre-cadrele-didactice\\\/\"},\"wordCount\":331,\"commentCount\":0,\"publisher\":{\"@id\":\"https:\\\/\\\/covasna45.ro\\\/#organization\"},\"image\":{\"@id\":\"https:\\\/\\\/covasna45.ro\\\/index.php\\\/lumea-noastra\\\/sepsibook-2026-apel-catre-cadrele-didactice\\\/#primaryimage\"},\"thumbnailUrl\":\"https:\\\/\\\/covasna45.ro\\\/wp-content\\\/uploads\\\/2026\\\/04\\\/sb-elevi-2.jpg\",\"keywords\":[\"Carte\",\"Elevi\",\"SepsiBook\",\"targ de carte\"],\"articleSection\":[\"Lumea noastr\u0103\"],\"inLanguage\":\"ro-RO\",\"potentialAction\":[{\"@type\":\"CommentAction\",\"name\":\"Comment\",\"target\":[\"https:\\\/\\\/covasna45.ro\\\/index.php\\\/lumea-noastra\\\/sepsibook-2026-apel-catre-cadrele-didactice\\\/#respond\"]}]},{\"@type\":\"WebPage\",\"@id\":\"https:\\\/\\\/covasna45.ro\\\/index.php\\\/lumea-noastra\\\/sepsibook-2026-apel-catre-cadrele-didactice\\\/\",\"url\":\"https:\\\/\\\/covasna45.ro\\\/index.php\\\/lumea-noastra\\\/sepsibook-2026-apel-catre-cadrele-didactice\\\/\",\"name\":\"SepsiBook 2026: apel c\u0103tre cadrele didactice - Covasna45\",\"isPartOf\":{\"@id\":\"https:\\\/\\\/covasna45.ro\\\/#website\"},\"primaryImageOfPage\":{\"@id\":\"https:\\\/\\\/covasna45.ro\\\/index.php\\\/lumea-noastra\\\/sepsibook-2026-apel-catre-cadrele-didactice\\\/#primaryimage\"},\"image\":{\"@id\":\"https:\\\/\\\/covasna45.ro\\\/index.php\\\/lumea-noastra\\\/sepsibook-2026-apel-catre-cadrele-didactice\\\/#primaryimage\"},\"thumbnailUrl\":\"https:\\\/\\\/covasna45.ro\\\/wp-content\\\/uploads\\\/2026\\\/04\\\/sb-elevi-2.jpg\",\"datePublished\":\"2026-04-28T10:35:56+00:00\",\"dateModified\":\"2026-04-28T10:35:57+00:00\",\"description\":\"T\u00e2rgul de carte \u0219i festivalul de literatura contemporan\u0103 SepsiBook ajunge \u00een acest an la edi\u021bia a cincea, anun\u021b\u0103 organizatorii.\",\"breadcrumb\":{\"@id\":\"https:\\\/\\\/covasna45.ro\\\/index.php\\\/lumea-noastra\\\/sepsibook-2026-apel-catre-cadrele-didactice\\\/#breadcrumb\"},\"inLanguage\":\"ro-RO\",\"potentialAction\":[{\"@type\":\"ReadAction\",\"target\":[\"https:\\\/\\\/covasna45.ro\\\/index.php\\\/lumea-noastra\\\/sepsibook-2026-apel-catre-cadrele-didactice\\\/\"]}]},{\"@type\":\"ImageObject\",\"inLanguage\":\"ro-RO\",\"@id\":\"https:\\\/\\\/covasna45.ro\\\/index.php\\\/lumea-noastra\\\/sepsibook-2026-apel-catre-cadrele-didactice\\\/#primaryimage\",\"url\":\"https:\\\/\\\/covasna45.ro\\\/wp-content\\\/uploads\\\/2026\\\/04\\\/sb-elevi-2.jpg\",\"contentUrl\":\"https:\\\/\\\/covasna45.ro\\\/wp-content\\\/uploads\\\/2026\\\/04\\\/sb-elevi-2.jpg\",\"width\":1440,\"height\":960},{\"@type\":\"BreadcrumbList\",\"@id\":\"https:\\\/\\\/covasna45.ro\\\/index.php\\\/lumea-noastra\\\/sepsibook-2026-apel-catre-cadrele-didactice\\\/#breadcrumb\",\"itemListElement\":[{\"@type\":\"ListItem\",\"position\":1,\"name\":\"Prima pagin\u0103\",\"item\":\"https:\\\/\\\/covasna45.ro\\\/\"},{\"@type\":\"ListItem\",\"position\":2,\"name\":\"SepsiBook 2026: apel c\u0103tre cadrele didactice\"}]},{\"@type\":\"WebSite\",\"@id\":\"https:\\\/\\\/covasna45.ro\\\/#website\",\"url\":\"https:\\\/\\\/covasna45.ro\\\/\",\"name\":\"covasna45.ro\",\"description\":\"\",\"publisher\":{\"@id\":\"https:\\\/\\\/covasna45.ro\\\/#organization\"},\"potentialAction\":[{\"@type\":\"SearchAction\",\"target\":{\"@type\":\"EntryPoint\",\"urlTemplate\":\"https:\\\/\\\/covasna45.ro\\\/?s={search_term_string}\"},\"query-input\":{\"@type\":\"PropertyValueSpecification\",\"valueRequired\":true,\"valueName\":\"search_term_string\"}}],\"inLanguage\":\"ro-RO\"},{\"@type\":\"Organization\",\"@id\":\"https:\\\/\\\/covasna45.ro\\\/#organization\",\"name\":\"covasna45.ro\",\"url\":\"https:\\\/\\\/covasna45.ro\\\/\",\"logo\":{\"@type\":\"ImageObject\",\"inLanguage\":\"ro-RO\",\"@id\":\"https:\\\/\\\/covasna45.ro\\\/#\\\/schema\\\/logo\\\/image\\\/\",\"url\":\"https:\\\/\\\/covasna45.ro\\\/wp-content\\\/uploads\\\/2023\\\/01\\\/icon_logo.png\",\"contentUrl\":\"https:\\\/\\\/covasna45.ro\\\/wp-content\\\/uploads\\\/2023\\\/01\\\/icon_logo.png\",\"width\":1900,\"height\":1900,\"caption\":\"covasna45.ro\"},\"image\":{\"@id\":\"https:\\\/\\\/covasna45.ro\\\/#\\\/schema\\\/logo\\\/image\\\/\"}},{\"@type\":\"Person\",\"@id\":\"https:\\\/\\\/covasna45.ro\\\/#\\\/schema\\\/person\\\/e674052bd7d95d70bbb007a1060ab73c\",\"name\":\"Covasna45\",\"image\":{\"@type\":\"ImageObject\",\"inLanguage\":\"ro-RO\",\"@id\":\"https:\\\/\\\/covasna45.ro\\\/wp-content\\\/uploads\\\/2025\\\/10\\\/icon_logo_covasna45-150x150.png\",\"url\":\"https:\\\/\\\/covasna45.ro\\\/wp-content\\\/uploads\\\/2025\\\/10\\\/icon_logo_covasna45-150x150.png\",\"contentUrl\":\"https:\\\/\\\/covasna45.ro\\\/wp-content\\\/uploads\\\/2025\\\/10\\\/icon_logo_covasna45-150x150.png\",\"caption\":\"Covasna45\"},\"sameAs\":[\"https:\\\/\\\/covasna45.ro\"],\"url\":\"https:\\\/\\\/covasna45.ro\\\/index.php\\\/author\\\/covasna\\\/\"}]}<\/script>\n<!-- \/ Yoast SEO plugin. -->","yoast_head_json":{"title":"SepsiBook 2026: apel c\u0103tre cadrele didactice - Covasna45","description":"T\u00e2rgul de carte \u0219i festivalul de literatura contemporan\u0103 SepsiBook ajunge \u00een acest an la edi\u021bia a cincea, anun\u021b\u0103 organizatorii.","robots":{"index":"index","follow":"follow","max-snippet":"max-snippet:-1","max-image-preview":"max-image-preview:large","max-video-preview":"max-video-preview:-1"},"canonical":"https:\/\/covasna45.ro\/index.php\/lumea-noastra\/sepsibook-2026-apel-catre-cadrele-didactice\/","og_locale":"ro_RO","og_type":"article","og_title":"SepsiBook 2026: apel c\u0103tre cadrele didactice - Covasna45","og_description":"T\u00e2rgul de carte \u0219i festivalul de literatura contemporan\u0103 SepsiBook ajunge \u00een acest an la edi\u021bia a cincea, anun\u021b\u0103 organizatorii.","og_url":"https:\/\/covasna45.ro\/index.php\/lumea-noastra\/sepsibook-2026-apel-catre-cadrele-didactice\/","og_site_name":"Covasna45","article_published_time":"2026-04-28T10:35:56+00:00","article_modified_time":"2026-04-28T10:35:57+00:00","og_image":[{"width":1440,"height":960,"url":"https:\/\/covasna45.ro\/wp-content\/uploads\/2026\/04\/sb-elevi-2.jpg","type":"image\/jpeg"}],"author":"Covasna45","twitter_card":"summary_large_image","twitter_misc":{"Scris de":"Covasna45","Timp estimat pentru citire":"3 minute"},"schema":{"@context":"https:\/\/schema.org","@graph":[{"@type":"Article","@id":"https:\/\/covasna45.ro\/index.php\/lumea-noastra\/sepsibook-2026-apel-catre-cadrele-didactice\/#article","isPartOf":{"@id":"https:\/\/covasna45.ro\/index.php\/lumea-noastra\/sepsibook-2026-apel-catre-cadrele-didactice\/"},"author":{"name":"Covasna45","@id":"https:\/\/covasna45.ro\/#\/schema\/person\/e674052bd7d95d70bbb007a1060ab73c"},"headline":"SepsiBook 2026: apel c\u0103tre cadrele didactice","datePublished":"2026-04-28T10:35:56+00:00","dateModified":"2026-04-28T10:35:57+00:00","mainEntityOfPage":{"@id":"https:\/\/covasna45.ro\/index.php\/lumea-noastra\/sepsibook-2026-apel-catre-cadrele-didactice\/"},"wordCount":331,"commentCount":0,"publisher":{"@id":"https:\/\/covasna45.ro\/#organization"},"image":{"@id":"https:\/\/covasna45.ro\/index.php\/lumea-noastra\/sepsibook-2026-apel-catre-cadrele-didactice\/#primaryimage"},"thumbnailUrl":"https:\/\/covasna45.ro\/wp-content\/uploads\/2026\/04\/sb-elevi-2.jpg","keywords":["Carte","Elevi","SepsiBook","targ de carte"],"articleSection":["Lumea noastr\u0103"],"inLanguage":"ro-RO","potentialAction":[{"@type":"CommentAction","name":"Comment","target":["https:\/\/covasna45.ro\/index.php\/lumea-noastra\/sepsibook-2026-apel-catre-cadrele-didactice\/#respond"]}]},{"@type":"WebPage","@id":"https:\/\/covasna45.ro\/index.php\/lumea-noastra\/sepsibook-2026-apel-catre-cadrele-didactice\/","url":"https:\/\/covasna45.ro\/index.php\/lumea-noastra\/sepsibook-2026-apel-catre-cadrele-didactice\/","name":"SepsiBook 2026: apel c\u0103tre cadrele didactice - Covasna45","isPartOf":{"@id":"https:\/\/covasna45.ro\/#website"},"primaryImageOfPage":{"@id":"https:\/\/covasna45.ro\/index.php\/lumea-noastra\/sepsibook-2026-apel-catre-cadrele-didactice\/#primaryimage"},"image":{"@id":"https:\/\/covasna45.ro\/index.php\/lumea-noastra\/sepsibook-2026-apel-catre-cadrele-didactice\/#primaryimage"},"thumbnailUrl":"https:\/\/covasna45.ro\/wp-content\/uploads\/2026\/04\/sb-elevi-2.jpg","datePublished":"2026-04-28T10:35:56+00:00","dateModified":"2026-04-28T10:35:57+00:00","description":"T\u00e2rgul de carte \u0219i festivalul de literatura contemporan\u0103 SepsiBook ajunge \u00een acest an la edi\u021bia a cincea, anun\u021b\u0103 organizatorii.","breadcrumb":{"@id":"https:\/\/covasna45.ro\/index.php\/lumea-noastra\/sepsibook-2026-apel-catre-cadrele-didactice\/#breadcrumb"},"inLanguage":"ro-RO","potentialAction":[{"@type":"ReadAction","target":["https:\/\/covasna45.ro\/index.php\/lumea-noastra\/sepsibook-2026-apel-catre-cadrele-didactice\/"]}]},{"@type":"ImageObject","inLanguage":"ro-RO","@id":"https:\/\/covasna45.ro\/index.php\/lumea-noastra\/sepsibook-2026-apel-catre-cadrele-didactice\/#primaryimage","url":"https:\/\/covasna45.ro\/wp-content\/uploads\/2026\/04\/sb-elevi-2.jpg","contentUrl":"https:\/\/covasna45.ro\/wp-content\/uploads\/2026\/04\/sb-elevi-2.jpg","width":1440,"height":960},{"@type":"BreadcrumbList","@id":"https:\/\/covasna45.ro\/index.php\/lumea-noastra\/sepsibook-2026-apel-catre-cadrele-didactice\/#breadcrumb","itemListElement":[{"@type":"ListItem","position":1,"name":"Prima pagin\u0103","item":"https:\/\/covasna45.ro\/"},{"@type":"ListItem","position":2,"name":"SepsiBook 2026: apel c\u0103tre cadrele didactice"}]},{"@type":"WebSite","@id":"https:\/\/covasna45.ro\/#website","url":"https:\/\/covasna45.ro\/","name":"covasna45.ro","description":"","publisher":{"@id":"https:\/\/covasna45.ro\/#organization"},"potentialAction":[{"@type":"SearchAction","target":{"@type":"EntryPoint","urlTemplate":"https:\/\/covasna45.ro\/?s={search_term_string}"},"query-input":{"@type":"PropertyValueSpecification","valueRequired":true,"valueName":"search_term_string"}}],"inLanguage":"ro-RO"},{"@type":"Organization","@id":"https:\/\/covasna45.ro\/#organization","name":"covasna45.ro","url":"https:\/\/covasna45.ro\/","logo":{"@type":"ImageObject","inLanguage":"ro-RO","@id":"https:\/\/covasna45.ro\/#\/schema\/logo\/image\/","url":"https:\/\/covasna45.ro\/wp-content\/uploads\/2023\/01\/icon_logo.png","contentUrl":"https:\/\/covasna45.ro\/wp-content\/uploads\/2023\/01\/icon_logo.png","width":1900,"height":1900,"caption":"covasna45.ro"},"image":{"@id":"https:\/\/covasna45.ro\/#\/schema\/logo\/image\/"}},{"@type":"Person","@id":"https:\/\/covasna45.ro\/#\/schema\/person\/e674052bd7d95d70bbb007a1060ab73c","name":"Covasna45","image":{"@type":"ImageObject","inLanguage":"ro-RO","@id":"https:\/\/covasna45.ro\/wp-content\/uploads\/2025\/10\/icon_logo_covasna45-150x150.png","url":"https:\/\/covasna45.ro\/wp-content\/uploads\/2025\/10\/icon_logo_covasna45-150x150.png","contentUrl":"https:\/\/covasna45.ro\/wp-content\/uploads\/2025\/10\/icon_logo_covasna45-150x150.png","caption":"Covasna45"},"sameAs":["https:\/\/covasna45.ro"],"url":"https:\/\/covasna45.ro\/index.php\/author\/covasna\/"}]}},"_links":{"self":[{"href":"https:\/\/covasna45.ro\/index.php\/wp-json\/wp\/v2\/posts\/16186","targetHints":{"allow":["GET"]}}],"collection":[{"href":"https:\/\/covasna45.ro\/index.php\/wp-json\/wp\/v2\/posts"}],"about":[{"href":"https:\/\/covasna45.ro\/index.php\/wp-json\/wp\/v2\/types\/post"}],"author":[{"embeddable":true,"href":"https:\/\/covasna45.ro\/index.php\/wp-json\/wp\/v2\/users\/1"}],"replies":[{"embeddable":true,"href":"https:\/\/covasna45.ro\/index.php\/wp-json\/wp\/v2\/comments?post=16186"}],"version-history":[{"count":1,"href":"https:\/\/covasna45.ro\/index.php\/wp-json\/wp\/v2\/posts\/16186\/revisions"}],"predecessor-version":[{"id":16189,"href":"https:\/\/covasna45.ro\/index.php\/wp-json\/wp\/v2\/posts\/16186\/revisions\/16189"}],"wp:featuredmedia":[{"embeddable":true,"href":"https:\/\/covasna45.ro\/index.php\/wp-json\/wp\/v2\/media\/16187"}],"wp:attachment":[{"href":"https:\/\/covasna45.ro\/index.php\/wp-json\/wp\/v2\/media?parent=16186"}],"wp:term":[{"taxonomy":"category","embeddable":true,"href":"https:\/\/covasna45.ro\/index.php\/wp-json\/wp\/v2\/categories?post=16186"},{"taxonomy":"post_tag","embeddable":true,"href":"https:\/\/covasna45.ro\/index.php\/wp-json\/wp\/v2\/tags?post=16186"}],"curies":[{"name":"wp","href":"https:\/\/api.w.org\/{rel}","templated":true}]}}