{"id":16190,"date":"2026-04-28T13:33:26","date_gmt":"2026-04-28T11:33:26","guid":{"rendered":"https:\/\/covasna45.ro\/?p=16190"},"modified":"2026-04-28T13:35:31","modified_gmt":"2026-04-28T11:35:31","slug":"motiunea-de-cenzura-a-fost-depusa-e-semnata-de-251-de-parlamentari","status":"publish","type":"post","link":"https:\/\/covasna45.ro\/index.php\/lumea-noastra\/motiunea-de-cenzura-a-fost-depusa-e-semnata-de-251-de-parlamentari\/","title":{"rendered":"Mo\u021biunea de cenzur\u0103 a fost depus\u0103. E semnat\u0103 de 251 de parlamentari"},"content":{"rendered":"\n<p>Mo\u021biunea de cenzur\u0103 ini\u021biat\u0103 de grupurile parlamentare PSD, AUR \u0219i PACE &#8211; \u00cent\u00e2i Rom\u00e2nia a fost depus\u0103 azi la Parlament.<\/p>\n\n\n\n<p>Mo\u021biunea este semnat\u0103 de 251 de parlamentari, a precizat liderul AUR, George Simion.<\/p>\n\n\n\n<p>Fostul vicepremier social-democrat Marian Neac\u0219u a <a href=\"https:\/\/covasna45.ro\/index.php\/lumea-noastra\/psd-si-aur-depun-motiune-de-cenzura-impotriva-guvernului\/\">anun\u021bat<\/a> luni c\u0103 PSD va ini\u021bia, \u00eempreun\u0103 cu AUR, o mo\u021biune de cenzur\u0103 \u00eempotriva Guvernului condus de Ilie Bolojan.<\/p>\n\n\n\n<p>La r\u00e2ndul s\u0103u, Petri\u0219or Peiu a precizat c\u0103 este vorba despre un demers comun, cu inten\u021bia ca mo\u021biunea de cenzur\u0103 s\u0103 fie depus\u0103 \u0219i dezb\u0103tut\u0103 la \u00eenceputul lunii mai.&nbsp;<\/p>\n\n\n\n<p>Mo\u021biunea se intituleaz\u0103 <strong>STOP \u201ePlanului Bolojan\u201d de distrugere a economiei, de s\u0103r\u0103cire a popula\u021biei \u0219i de v\u00e2nzare frauduloas\u0103 a averii statulu<\/strong>i.<\/p>\n\n\n\n<h2 class=\"wp-block-heading\">\u201eRom\u00e2nia nu are nevoie de un Guvern care instaureaz\u0103 s\u0103r\u0103cirea popula\u021biei ca politic\u0103 de stat\u201d<\/h2>\n\n\n\n<p>\u00cen textul mo\u021biunii, acuza\u021biile aduse Guvernului Ilie Bolojan se refer\u0103 \u00een principal la v\u00e2nzarea unor companii rom\u00e2ne\u0219ti \u0219i la sc\u0103derea puterii de cump\u0103rare a cet\u0103\u021benilor.<\/p>\n\n\n\n<p>\u201e<strong><em>Rom\u00e2nii\u00a0au\u00a0fost\u00a0tr\u0103da\u021bi,\u00a0abandona\u021bi\u00a0\u0219i\u00a0ignora\u021bi\u00a0de\u00a0un\u00a0prim-ministru\u00a0care\u00a0a\u00a0t\u0103iat\u00a0de peste tot, f\u0103r\u0103 a \u021bine cont de realit\u0103\u021bile sociale. M\u0103surile dure de austeritate au avut un efect direct asupra traiului cet\u0103\u021benilor, au pr\u0103bu\u0219it puterea de cump\u0103rare \u0219i au dus la cre\u0219terea accelerat\u0103 a infla\u021biei.<\/em><\/strong><\/p>\n\n\n\n<p>De\u0219i v\u0103 pretinde\u021bi un mare liberal, a\u021bi votat de dou\u0103 ori \u00eenjum\u0103t\u0103\u021birea pragului pentru micro\u00eentreprinderi, eliminarea facilit\u0103\u021bilor pentru IT, construc\u021bii \u0219i agricultur\u0103 \u0219i cre\u0219terea TVA la 21%.<\/p>\n\n\n\n<p><strong><em>A\u021bi\u00a0luat\u00a0totul\u00a0de\u00a0la\u00a0cet\u0103\u021benii\u00a0\u0219i\u00a0de\u00a0la\u00a0antreprenorii\u00a0rom\u00e2ni,\u00a0f\u0103r\u0103\u00a0areduce \u00een vreun fel cheltuielile statului \u0219i f\u0103r\u0103 a impune o disciplin\u0103 fiscal\u0103 multina\u021bionalelor, care continu\u0103 s\u0103-\u0219i externalizeze profiturile.<\/em><\/strong><\/p>\n\n\n\n<p><strong>Rom\u00e2nia nu are nevoie de un Guvern care instaureaz\u0103 s\u0103r\u0103cirea popula\u021biei ca politic\u0103 de stat! Rom\u00e2nia nu are nevoie de un Executiv care \u00ee\u0219i lichideaz\u0103 resursele, ci de unul care \u0219tie s\u0103 le administreze! Acest Guvern aflat sub conducerea lui Ilie Bolojan a ar\u0103tat c\u0103 nu poate face nici una, nici alta. De aceea, trebuie s\u0103 plece<\/strong>\u201d, se arat\u0103 \u00een <a href=\"https:\/\/www.stiripesurse.ro\/george-simion-anunta-depunerea-motiunii-de-cenzura-am-depus-251-de-voturi-va-trece-fara-probleme_3881640\">textul<\/a> mo\u021biunii.<\/p>\n\n\n\n<p>Pentru a fi adoptat\u0103, mo\u021biunea trebuie s\u0103 fie votat\u0103 de 233 de parlamentari.<\/p>\n","protected":false},"excerpt":{"rendered":"<p>Mo\u021biunea de cenzur\u0103 ini\u021biat\u0103 de grupurile parlamentare PSD, AUR \u0219i PACE &#8211; \u00cent\u00e2i Rom\u00e2nia a fost depus\u0103 azi la Parlament. Mo\u021biunea este semnat\u0103 de 251 de parlamentari, a precizat liderul AUR, George Simion. Fostul vicepremier social-democrat Marian Neac\u0219u a anun\u021bat luni c\u0103 PSD va ini\u021bia, \u00eempreun\u0103 cu AUR, o mo\u021biune de cenzur\u0103 \u00eempotriva Guvernului condus [&hellip;]<\/p>\n","protected":false},"author":1,"featured_media":4025,"comment_status":"open","ping_status":"closed","sticky":false,"template":"","format":"standard","meta":{"tdm_status":"","tdm_grid_status":"","footnotes":""},"categories":[14],"tags":[1788,177,3350,72,625],"class_list":{"0":"post-16190","1":"post","2":"type-post","3":"status-publish","4":"format-standard","5":"has-post-thumbnail","7":"category-lumea-noastra","8":"tag-aur","9":"tag-guvern","10":"tag-motiune","11":"tag-parlament","12":"tag-psd"},"yoast_head":"<!-- This site is optimized with the Yoast SEO plugin v27.4 - https:\/\/yoast.com\/product\/yoast-seo-wordpress\/ -->\n<title>Mo\u021biunea de cenzur\u0103 a fost depus\u0103. E semnat\u0103 de 251 de parlamentari - Covasna45<\/title>\n<meta name=\"description\" content=\"Mo\u021biunea de cenzur\u0103 ini\u021biat\u0103 de grupurile parlamentare PSD, AUR \u0219i PACE - \u00cent\u00e2i Rom\u00e2nia a fost depus\u0103 azi la Parlament.\" \/>\n<meta name=\"robots\" content=\"index, follow, max-snippet:-1, max-image-preview:large, max-video-preview:-1\" \/>\n<link rel=\"canonical\" href=\"https:\/\/covasna45.ro\/index.php\/lumea-noastra\/motiunea-de-cenzura-a-fost-depusa-e-semnata-de-251-de-parlamentari\/\" \/>\n<meta property=\"og:locale\" content=\"ro_RO\" \/>\n<meta property=\"og:type\" content=\"article\" \/>\n<meta property=\"og:title\" content=\"Mo\u021biunea de cenzur\u0103 a fost depus\u0103. E semnat\u0103 de 251 de parlamentari - Covasna45\" \/>\n<meta property=\"og:description\" content=\"Mo\u021biunea de cenzur\u0103 ini\u021biat\u0103 de grupurile parlamentare PSD, AUR \u0219i PACE - \u00cent\u00e2i Rom\u00e2nia a fost depus\u0103 azi la Parlament.\" \/>\n<meta property=\"og:url\" content=\"https:\/\/covasna45.ro\/index.php\/lumea-noastra\/motiunea-de-cenzura-a-fost-depusa-e-semnata-de-251-de-parlamentari\/\" \/>\n<meta property=\"og:site_name\" content=\"Covasna45\" \/>\n<meta property=\"article:published_time\" content=\"2026-04-28T11:33:26+00:00\" \/>\n<meta property=\"article:modified_time\" content=\"2026-04-28T11:35:31+00:00\" \/>\n<meta property=\"og:image\" content=\"https:\/\/covasna45.ro\/wp-content\/uploads\/2023\/11\/parlamentari.jpg\" \/>\n\t<meta property=\"og:image:width\" content=\"1408\" \/>\n\t<meta property=\"og:image:height\" content=\"882\" \/>\n\t<meta property=\"og:image:type\" content=\"image\/jpeg\" \/>\n<meta name=\"author\" content=\"Covasna45\" \/>\n<meta name=\"twitter:card\" content=\"summary_large_image\" \/>\n<meta name=\"twitter:label1\" content=\"Scris de\" \/>\n\t<meta name=\"twitter:data1\" content=\"Covasna45\" \/>\n\t<meta name=\"twitter:label2\" content=\"Timp estimat pentru citire\" \/>\n\t<meta name=\"twitter:data2\" content=\"2 minute\" \/>\n<script type=\"application\/ld+json\" class=\"yoast-schema-graph\">{\"@context\":\"https:\\\/\\\/schema.org\",\"@graph\":[{\"@type\":\"Article\",\"@id\":\"https:\\\/\\\/covasna45.ro\\\/index.php\\\/lumea-noastra\\\/motiunea-de-cenzura-a-fost-depusa-e-semnata-de-251-de-parlamentari\\\/#article\",\"isPartOf\":{\"@id\":\"https:\\\/\\\/covasna45.ro\\\/index.php\\\/lumea-noastra\\\/motiunea-de-cenzura-a-fost-depusa-e-semnata-de-251-de-parlamentari\\\/\"},\"author\":{\"name\":\"Covasna45\",\"@id\":\"https:\\\/\\\/covasna45.ro\\\/#\\\/schema\\\/person\\\/e674052bd7d95d70bbb007a1060ab73c\"},\"headline\":\"Mo\u021biunea de cenzur\u0103 a fost depus\u0103. E semnat\u0103 de 251 de parlamentari\",\"datePublished\":\"2026-04-28T11:33:26+00:00\",\"dateModified\":\"2026-04-28T11:35:31+00:00\",\"mainEntityOfPage\":{\"@id\":\"https:\\\/\\\/covasna45.ro\\\/index.php\\\/lumea-noastra\\\/motiunea-de-cenzura-a-fost-depusa-e-semnata-de-251-de-parlamentari\\\/\"},\"wordCount\":411,\"commentCount\":0,\"publisher\":{\"@id\":\"https:\\\/\\\/covasna45.ro\\\/#organization\"},\"image\":{\"@id\":\"https:\\\/\\\/covasna45.ro\\\/index.php\\\/lumea-noastra\\\/motiunea-de-cenzura-a-fost-depusa-e-semnata-de-251-de-parlamentari\\\/#primaryimage\"},\"thumbnailUrl\":\"https:\\\/\\\/covasna45.ro\\\/wp-content\\\/uploads\\\/2023\\\/11\\\/parlamentari.jpg\",\"keywords\":[\"Aur\",\"Guvern\",\"motiune\",\"Parlament\",\"PSD\"],\"articleSection\":[\"Lumea noastr\u0103\"],\"inLanguage\":\"ro-RO\",\"potentialAction\":[{\"@type\":\"CommentAction\",\"name\":\"Comment\",\"target\":[\"https:\\\/\\\/covasna45.ro\\\/index.php\\\/lumea-noastra\\\/motiunea-de-cenzura-a-fost-depusa-e-semnata-de-251-de-parlamentari\\\/#respond\"]}]},{\"@type\":\"WebPage\",\"@id\":\"https:\\\/\\\/covasna45.ro\\\/index.php\\\/lumea-noastra\\\/motiunea-de-cenzura-a-fost-depusa-e-semnata-de-251-de-parlamentari\\\/\",\"url\":\"https:\\\/\\\/covasna45.ro\\\/index.php\\\/lumea-noastra\\\/motiunea-de-cenzura-a-fost-depusa-e-semnata-de-251-de-parlamentari\\\/\",\"name\":\"Mo\u021biunea de cenzur\u0103 a fost depus\u0103. E semnat\u0103 de 251 de parlamentari - Covasna45\",\"isPartOf\":{\"@id\":\"https:\\\/\\\/covasna45.ro\\\/#website\"},\"primaryImageOfPage\":{\"@id\":\"https:\\\/\\\/covasna45.ro\\\/index.php\\\/lumea-noastra\\\/motiunea-de-cenzura-a-fost-depusa-e-semnata-de-251-de-parlamentari\\\/#primaryimage\"},\"image\":{\"@id\":\"https:\\\/\\\/covasna45.ro\\\/index.php\\\/lumea-noastra\\\/motiunea-de-cenzura-a-fost-depusa-e-semnata-de-251-de-parlamentari\\\/#primaryimage\"},\"thumbnailUrl\":\"https:\\\/\\\/covasna45.ro\\\/wp-content\\\/uploads\\\/2023\\\/11\\\/parlamentari.jpg\",\"datePublished\":\"2026-04-28T11:33:26+00:00\",\"dateModified\":\"2026-04-28T11:35:31+00:00\",\"description\":\"Mo\u021biunea de cenzur\u0103 ini\u021biat\u0103 de grupurile parlamentare PSD, AUR \u0219i PACE - \u00cent\u00e2i Rom\u00e2nia a fost depus\u0103 azi la Parlament.\",\"breadcrumb\":{\"@id\":\"https:\\\/\\\/covasna45.ro\\\/index.php\\\/lumea-noastra\\\/motiunea-de-cenzura-a-fost-depusa-e-semnata-de-251-de-parlamentari\\\/#breadcrumb\"},\"inLanguage\":\"ro-RO\",\"potentialAction\":[{\"@type\":\"ReadAction\",\"target\":[\"https:\\\/\\\/covasna45.ro\\\/index.php\\\/lumea-noastra\\\/motiunea-de-cenzura-a-fost-depusa-e-semnata-de-251-de-parlamentari\\\/\"]}]},{\"@type\":\"ImageObject\",\"inLanguage\":\"ro-RO\",\"@id\":\"https:\\\/\\\/covasna45.ro\\\/index.php\\\/lumea-noastra\\\/motiunea-de-cenzura-a-fost-depusa-e-semnata-de-251-de-parlamentari\\\/#primaryimage\",\"url\":\"https:\\\/\\\/covasna45.ro\\\/wp-content\\\/uploads\\\/2023\\\/11\\\/parlamentari.jpg\",\"contentUrl\":\"https:\\\/\\\/covasna45.ro\\\/wp-content\\\/uploads\\\/2023\\\/11\\\/parlamentari.jpg\",\"width\":1408,\"height\":882},{\"@type\":\"BreadcrumbList\",\"@id\":\"https:\\\/\\\/covasna45.ro\\\/index.php\\\/lumea-noastra\\\/motiunea-de-cenzura-a-fost-depusa-e-semnata-de-251-de-parlamentari\\\/#breadcrumb\",\"itemListElement\":[{\"@type\":\"ListItem\",\"position\":1,\"name\":\"Prima pagin\u0103\",\"item\":\"https:\\\/\\\/covasna45.ro\\\/\"},{\"@type\":\"ListItem\",\"position\":2,\"name\":\"Mo\u021biunea de cenzur\u0103 a fost depus\u0103. E semnat\u0103 de 251 de parlamentari\"}]},{\"@type\":\"WebSite\",\"@id\":\"https:\\\/\\\/covasna45.ro\\\/#website\",\"url\":\"https:\\\/\\\/covasna45.ro\\\/\",\"name\":\"covasna45.ro\",\"description\":\"\",\"publisher\":{\"@id\":\"https:\\\/\\\/covasna45.ro\\\/#organization\"},\"potentialAction\":[{\"@type\":\"SearchAction\",\"target\":{\"@type\":\"EntryPoint\",\"urlTemplate\":\"https:\\\/\\\/covasna45.ro\\\/?s={search_term_string}\"},\"query-input\":{\"@type\":\"PropertyValueSpecification\",\"valueRequired\":true,\"valueName\":\"search_term_string\"}}],\"inLanguage\":\"ro-RO\"},{\"@type\":\"Organization\",\"@id\":\"https:\\\/\\\/covasna45.ro\\\/#organization\",\"name\":\"covasna45.ro\",\"url\":\"https:\\\/\\\/covasna45.ro\\\/\",\"logo\":{\"@type\":\"ImageObject\",\"inLanguage\":\"ro-RO\",\"@id\":\"https:\\\/\\\/covasna45.ro\\\/#\\\/schema\\\/logo\\\/image\\\/\",\"url\":\"https:\\\/\\\/covasna45.ro\\\/wp-content\\\/uploads\\\/2023\\\/01\\\/icon_logo.png\",\"contentUrl\":\"https:\\\/\\\/covasna45.ro\\\/wp-content\\\/uploads\\\/2023\\\/01\\\/icon_logo.png\",\"width\":1900,\"height\":1900,\"caption\":\"covasna45.ro\"},\"image\":{\"@id\":\"https:\\\/\\\/covasna45.ro\\\/#\\\/schema\\\/logo\\\/image\\\/\"}},{\"@type\":\"Person\",\"@id\":\"https:\\\/\\\/covasna45.ro\\\/#\\\/schema\\\/person\\\/e674052bd7d95d70bbb007a1060ab73c\",\"name\":\"Covasna45\",\"image\":{\"@type\":\"ImageObject\",\"inLanguage\":\"ro-RO\",\"@id\":\"https:\\\/\\\/covasna45.ro\\\/wp-content\\\/uploads\\\/2025\\\/10\\\/icon_logo_covasna45-150x150.png\",\"url\":\"https:\\\/\\\/covasna45.ro\\\/wp-content\\\/uploads\\\/2025\\\/10\\\/icon_logo_covasna45-150x150.png\",\"contentUrl\":\"https:\\\/\\\/covasna45.ro\\\/wp-content\\\/uploads\\\/2025\\\/10\\\/icon_logo_covasna45-150x150.png\",\"caption\":\"Covasna45\"},\"sameAs\":[\"https:\\\/\\\/covasna45.ro\"],\"url\":\"https:\\\/\\\/covasna45.ro\\\/index.php\\\/author\\\/covasna\\\/\"}]}<\/script>\n<!-- \/ Yoast SEO plugin. -->","yoast_head_json":{"title":"Mo\u021biunea de cenzur\u0103 a fost depus\u0103. E semnat\u0103 de 251 de parlamentari - Covasna45","description":"Mo\u021biunea de cenzur\u0103 ini\u021biat\u0103 de grupurile parlamentare PSD, AUR \u0219i PACE - \u00cent\u00e2i Rom\u00e2nia a fost depus\u0103 azi la Parlament.","robots":{"index":"index","follow":"follow","max-snippet":"max-snippet:-1","max-image-preview":"max-image-preview:large","max-video-preview":"max-video-preview:-1"},"canonical":"https:\/\/covasna45.ro\/index.php\/lumea-noastra\/motiunea-de-cenzura-a-fost-depusa-e-semnata-de-251-de-parlamentari\/","og_locale":"ro_RO","og_type":"article","og_title":"Mo\u021biunea de cenzur\u0103 a fost depus\u0103. E semnat\u0103 de 251 de parlamentari - Covasna45","og_description":"Mo\u021biunea de cenzur\u0103 ini\u021biat\u0103 de grupurile parlamentare PSD, AUR \u0219i PACE - \u00cent\u00e2i Rom\u00e2nia a fost depus\u0103 azi la Parlament.","og_url":"https:\/\/covasna45.ro\/index.php\/lumea-noastra\/motiunea-de-cenzura-a-fost-depusa-e-semnata-de-251-de-parlamentari\/","og_site_name":"Covasna45","article_published_time":"2026-04-28T11:33:26+00:00","article_modified_time":"2026-04-28T11:35:31+00:00","og_image":[{"width":1408,"height":882,"url":"https:\/\/covasna45.ro\/wp-content\/uploads\/2023\/11\/parlamentari.jpg","type":"image\/jpeg"}],"author":"Covasna45","twitter_card":"summary_large_image","twitter_misc":{"Scris de":"Covasna45","Timp estimat pentru citire":"2 minute"},"schema":{"@context":"https:\/\/schema.org","@graph":[{"@type":"Article","@id":"https:\/\/covasna45.ro\/index.php\/lumea-noastra\/motiunea-de-cenzura-a-fost-depusa-e-semnata-de-251-de-parlamentari\/#article","isPartOf":{"@id":"https:\/\/covasna45.ro\/index.php\/lumea-noastra\/motiunea-de-cenzura-a-fost-depusa-e-semnata-de-251-de-parlamentari\/"},"author":{"name":"Covasna45","@id":"https:\/\/covasna45.ro\/#\/schema\/person\/e674052bd7d95d70bbb007a1060ab73c"},"headline":"Mo\u021biunea de cenzur\u0103 a fost depus\u0103. E semnat\u0103 de 251 de parlamentari","datePublished":"2026-04-28T11:33:26+00:00","dateModified":"2026-04-28T11:35:31+00:00","mainEntityOfPage":{"@id":"https:\/\/covasna45.ro\/index.php\/lumea-noastra\/motiunea-de-cenzura-a-fost-depusa-e-semnata-de-251-de-parlamentari\/"},"wordCount":411,"commentCount":0,"publisher":{"@id":"https:\/\/covasna45.ro\/#organization"},"image":{"@id":"https:\/\/covasna45.ro\/index.php\/lumea-noastra\/motiunea-de-cenzura-a-fost-depusa-e-semnata-de-251-de-parlamentari\/#primaryimage"},"thumbnailUrl":"https:\/\/covasna45.ro\/wp-content\/uploads\/2023\/11\/parlamentari.jpg","keywords":["Aur","Guvern","motiune","Parlament","PSD"],"articleSection":["Lumea noastr\u0103"],"inLanguage":"ro-RO","potentialAction":[{"@type":"CommentAction","name":"Comment","target":["https:\/\/covasna45.ro\/index.php\/lumea-noastra\/motiunea-de-cenzura-a-fost-depusa-e-semnata-de-251-de-parlamentari\/#respond"]}]},{"@type":"WebPage","@id":"https:\/\/covasna45.ro\/index.php\/lumea-noastra\/motiunea-de-cenzura-a-fost-depusa-e-semnata-de-251-de-parlamentari\/","url":"https:\/\/covasna45.ro\/index.php\/lumea-noastra\/motiunea-de-cenzura-a-fost-depusa-e-semnata-de-251-de-parlamentari\/","name":"Mo\u021biunea de cenzur\u0103 a fost depus\u0103. E semnat\u0103 de 251 de parlamentari - Covasna45","isPartOf":{"@id":"https:\/\/covasna45.ro\/#website"},"primaryImageOfPage":{"@id":"https:\/\/covasna45.ro\/index.php\/lumea-noastra\/motiunea-de-cenzura-a-fost-depusa-e-semnata-de-251-de-parlamentari\/#primaryimage"},"image":{"@id":"https:\/\/covasna45.ro\/index.php\/lumea-noastra\/motiunea-de-cenzura-a-fost-depusa-e-semnata-de-251-de-parlamentari\/#primaryimage"},"thumbnailUrl":"https:\/\/covasna45.ro\/wp-content\/uploads\/2023\/11\/parlamentari.jpg","datePublished":"2026-04-28T11:33:26+00:00","dateModified":"2026-04-28T11:35:31+00:00","description":"Mo\u021biunea de cenzur\u0103 ini\u021biat\u0103 de grupurile parlamentare PSD, AUR \u0219i PACE - \u00cent\u00e2i Rom\u00e2nia a fost depus\u0103 azi la Parlament.","breadcrumb":{"@id":"https:\/\/covasna45.ro\/index.php\/lumea-noastra\/motiunea-de-cenzura-a-fost-depusa-e-semnata-de-251-de-parlamentari\/#breadcrumb"},"inLanguage":"ro-RO","potentialAction":[{"@type":"ReadAction","target":["https:\/\/covasna45.ro\/index.php\/lumea-noastra\/motiunea-de-cenzura-a-fost-depusa-e-semnata-de-251-de-parlamentari\/"]}]},{"@type":"ImageObject","inLanguage":"ro-RO","@id":"https:\/\/covasna45.ro\/index.php\/lumea-noastra\/motiunea-de-cenzura-a-fost-depusa-e-semnata-de-251-de-parlamentari\/#primaryimage","url":"https:\/\/covasna45.ro\/wp-content\/uploads\/2023\/11\/parlamentari.jpg","contentUrl":"https:\/\/covasna45.ro\/wp-content\/uploads\/2023\/11\/parlamentari.jpg","width":1408,"height":882},{"@type":"BreadcrumbList","@id":"https:\/\/covasna45.ro\/index.php\/lumea-noastra\/motiunea-de-cenzura-a-fost-depusa-e-semnata-de-251-de-parlamentari\/#breadcrumb","itemListElement":[{"@type":"ListItem","position":1,"name":"Prima pagin\u0103","item":"https:\/\/covasna45.ro\/"},{"@type":"ListItem","position":2,"name":"Mo\u021biunea de cenzur\u0103 a fost depus\u0103. E semnat\u0103 de 251 de parlamentari"}]},{"@type":"WebSite","@id":"https:\/\/covasna45.ro\/#website","url":"https:\/\/covasna45.ro\/","name":"covasna45.ro","description":"","publisher":{"@id":"https:\/\/covasna45.ro\/#organization"},"potentialAction":[{"@type":"SearchAction","target":{"@type":"EntryPoint","urlTemplate":"https:\/\/covasna45.ro\/?s={search_term_string}"},"query-input":{"@type":"PropertyValueSpecification","valueRequired":true,"valueName":"search_term_string"}}],"inLanguage":"ro-RO"},{"@type":"Organization","@id":"https:\/\/covasna45.ro\/#organization","name":"covasna45.ro","url":"https:\/\/covasna45.ro\/","logo":{"@type":"ImageObject","inLanguage":"ro-RO","@id":"https:\/\/covasna45.ro\/#\/schema\/logo\/image\/","url":"https:\/\/covasna45.ro\/wp-content\/uploads\/2023\/01\/icon_logo.png","contentUrl":"https:\/\/covasna45.ro\/wp-content\/uploads\/2023\/01\/icon_logo.png","width":1900,"height":1900,"caption":"covasna45.ro"},"image":{"@id":"https:\/\/covasna45.ro\/#\/schema\/logo\/image\/"}},{"@type":"Person","@id":"https:\/\/covasna45.ro\/#\/schema\/person\/e674052bd7d95d70bbb007a1060ab73c","name":"Covasna45","image":{"@type":"ImageObject","inLanguage":"ro-RO","@id":"https:\/\/covasna45.ro\/wp-content\/uploads\/2025\/10\/icon_logo_covasna45-150x150.png","url":"https:\/\/covasna45.ro\/wp-content\/uploads\/2025\/10\/icon_logo_covasna45-150x150.png","contentUrl":"https:\/\/covasna45.ro\/wp-content\/uploads\/2025\/10\/icon_logo_covasna45-150x150.png","caption":"Covasna45"},"sameAs":["https:\/\/covasna45.ro"],"url":"https:\/\/covasna45.ro\/index.php\/author\/covasna\/"}]}},"_links":{"self":[{"href":"https:\/\/covasna45.ro\/index.php\/wp-json\/wp\/v2\/posts\/16190","targetHints":{"allow":["GET"]}}],"collection":[{"href":"https:\/\/covasna45.ro\/index.php\/wp-json\/wp\/v2\/posts"}],"about":[{"href":"https:\/\/covasna45.ro\/index.php\/wp-json\/wp\/v2\/types\/post"}],"author":[{"embeddable":true,"href":"https:\/\/covasna45.ro\/index.php\/wp-json\/wp\/v2\/users\/1"}],"replies":[{"embeddable":true,"href":"https:\/\/covasna45.ro\/index.php\/wp-json\/wp\/v2\/comments?post=16190"}],"version-history":[{"count":2,"href":"https:\/\/covasna45.ro\/index.php\/wp-json\/wp\/v2\/posts\/16190\/revisions"}],"predecessor-version":[{"id":16193,"href":"https:\/\/covasna45.ro\/index.php\/wp-json\/wp\/v2\/posts\/16190\/revisions\/16193"}],"wp:featuredmedia":[{"embeddable":true,"href":"https:\/\/covasna45.ro\/index.php\/wp-json\/wp\/v2\/media\/4025"}],"wp:attachment":[{"href":"https:\/\/covasna45.ro\/index.php\/wp-json\/wp\/v2\/media?parent=16190"}],"wp:term":[{"taxonomy":"category","embeddable":true,"href":"https:\/\/covasna45.ro\/index.php\/wp-json\/wp\/v2\/categories?post=16190"},{"taxonomy":"post_tag","embeddable":true,"href":"https:\/\/covasna45.ro\/index.php\/wp-json\/wp\/v2\/tags?post=16190"}],"curies":[{"name":"wp","href":"https:\/\/api.w.org\/{rel}","templated":true}]}}