{"id":16194,"date":"2026-04-28T15:19:19","date_gmt":"2026-04-28T13:19:19","guid":{"rendered":"https:\/\/covasna45.ro\/?p=16194"},"modified":"2026-04-28T15:22:37","modified_gmt":"2026-04-28T13:22:37","slug":"subprefectul-psd-de-covasna-a-demisionat","status":"publish","type":"post","link":"https:\/\/covasna45.ro\/index.php\/lumea-noastra\/subprefectul-psd-de-covasna-a-demisionat\/","title":{"rendered":"Subprefectul PSD de Covasna a demisionat"},"content":{"rendered":"\n<p>Sebastian Cucu, subprefectul de Covasna din partea PSD, a demisionat \u00een urm\u0103 cu scurt timp. <\/p>\n\n\n\n<p>Decizia a fost luat\u0103 \u00een urma solicit\u0103rii transmise de pre\u0219edintele  partidului, Sorin Grindeanu. <\/p>\n\n\n\n<p>\u201e<strong><em>Cer secretarilor de stat ai PSD \u0219i prefec\u021bilor PSD s\u0103 \u00ee\u0219i prezinte demisiile \u00een urm\u0103toarea perioad\u0103, astfel \u00eenc\u00e2t, c\u00e2nd vom avea mo\u021biune, s\u0103 avem lucrurile c\u00e2t se poate de clare<\/em><\/strong>\u201d, a declarat Sorin Grindeanu, \u00eentr-o declara\u021bie sus\u021binut\u0103 ieri la Parlament. <\/p>\n\n\n\n<p>PSD are 22 de prefec\u021bi \u0219i 20 de subprefec\u021bi \u00een \u021bar\u0103. La Covasna va r\u0103m\u00e2ne un subprefect din partea USR.<\/p>\n\n\n\n<p><a href=\"https:\/\/covasna45.ro\/index.php\/lumea-noastra\/motiunea-de-cenzura-a-fost-depusa-e-semnata-de-251-de-parlamentari\/\">Mo\u021biunea<\/a> de cenzur\u0103 \u00eempotriva Guvernului Ilie Bolojan a fost depus\u0103 ast\u0103zi la Parlament.<\/p>\n\n\n\n<p>Ini\u021biat\u0103 de AUR, PSD \u0219i PACE \u2013 \u00cent\u00e2i Rom\u00e2nia, mo\u021biunea se intituleaz\u0103\u00a0<strong>STOP \u201ePlanului Bolojan\u201d de distrugere a economiei, de s\u0103r\u0103cire a popula\u021biei \u0219i de v\u00e2nzare frauduloas\u0103 a averii statulu<\/strong>i. A fost semnat\u0103 de 251 de parlamentari. <\/p>\n","protected":false},"excerpt":{"rendered":"<p>Sebastian Cucu, subprefectul de Covasna din partea PSD, a demisionat \u00een urm\u0103 cu scurt timp. Decizia a fost luat\u0103 \u00een urma solicit\u0103rii transmise de pre\u0219edintele partidului, Sorin Grindeanu. \u201eCer secretarilor de stat ai PSD \u0219i prefec\u021bilor PSD s\u0103 \u00ee\u0219i prezinte demisiile \u00een urm\u0103toarea perioad\u0103, astfel \u00eenc\u00e2t, c\u00e2nd vom avea mo\u021biune, s\u0103 avem lucrurile c\u00e2t se [&hellip;]<\/p>\n","protected":false},"author":1,"featured_media":8753,"comment_status":"open","ping_status":"closed","sticky":false,"template":"","format":"standard","meta":{"tdm_status":"","tdm_grid_status":"","footnotes":""},"categories":[14],"tags":[625,3052],"class_list":{"0":"post-16194","1":"post","2":"type-post","3":"status-publish","4":"format-standard","5":"has-post-thumbnail","7":"category-lumea-noastra","8":"tag-psd","9":"tag-sebastian-cucu"},"yoast_head":"<!-- This site is optimized with the Yoast SEO plugin v27.4 - https:\/\/yoast.com\/product\/yoast-seo-wordpress\/ -->\n<title>Subprefectul PSD de Covasna a demisionat - Covasna45<\/title>\n<meta name=\"description\" content=\"Sebastian Cucu, subprefectul de Covasna din partea PD, a demisionat \u00een urm\u0103 cu scurt timp.\" \/>\n<meta name=\"robots\" content=\"index, follow, max-snippet:-1, max-image-preview:large, max-video-preview:-1\" \/>\n<link rel=\"canonical\" href=\"https:\/\/covasna45.ro\/index.php\/lumea-noastra\/subprefectul-psd-de-covasna-a-demisionat\/\" \/>\n<meta property=\"og:locale\" content=\"ro_RO\" \/>\n<meta property=\"og:type\" content=\"article\" \/>\n<meta property=\"og:title\" content=\"Subprefectul PSD de Covasna a demisionat - Covasna45\" \/>\n<meta property=\"og:description\" content=\"Sebastian Cucu, subprefectul de Covasna din partea PD, a demisionat \u00een urm\u0103 cu scurt timp.\" \/>\n<meta property=\"og:url\" content=\"https:\/\/covasna45.ro\/index.php\/lumea-noastra\/subprefectul-psd-de-covasna-a-demisionat\/\" \/>\n<meta property=\"og:site_name\" content=\"Covasna45\" \/>\n<meta property=\"article:published_time\" content=\"2026-04-28T13:19:19+00:00\" \/>\n<meta property=\"article:modified_time\" content=\"2026-04-28T13:22:37+00:00\" \/>\n<meta property=\"og:image\" content=\"https:\/\/covasna45.ro\/wp-content\/uploads\/2024\/11\/sebi-psd-cv-ok.jpg\" \/>\n\t<meta property=\"og:image:width\" content=\"2406\" \/>\n\t<meta property=\"og:image:height\" content=\"1509\" \/>\n\t<meta property=\"og:image:type\" content=\"image\/jpeg\" \/>\n<meta name=\"author\" content=\"Covasna45\" \/>\n<meta name=\"twitter:card\" content=\"summary_large_image\" \/>\n<meta name=\"twitter:label1\" content=\"Scris de\" \/>\n\t<meta name=\"twitter:data1\" content=\"Covasna45\" \/>\n\t<meta name=\"twitter:label2\" content=\"Timp estimat pentru citire\" \/>\n\t<meta name=\"twitter:data2\" content=\"2 minute\" \/>\n<script type=\"application\/ld+json\" class=\"yoast-schema-graph\">{\"@context\":\"https:\\\/\\\/schema.org\",\"@graph\":[{\"@type\":\"Article\",\"@id\":\"https:\\\/\\\/covasna45.ro\\\/index.php\\\/lumea-noastra\\\/subprefectul-psd-de-covasna-a-demisionat\\\/#article\",\"isPartOf\":{\"@id\":\"https:\\\/\\\/covasna45.ro\\\/index.php\\\/lumea-noastra\\\/subprefectul-psd-de-covasna-a-demisionat\\\/\"},\"author\":{\"name\":\"Covasna45\",\"@id\":\"https:\\\/\\\/covasna45.ro\\\/#\\\/schema\\\/person\\\/e674052bd7d95d70bbb007a1060ab73c\"},\"headline\":\"Subprefectul PSD de Covasna a demisionat\",\"datePublished\":\"2026-04-28T13:19:19+00:00\",\"dateModified\":\"2026-04-28T13:22:37+00:00\",\"mainEntityOfPage\":{\"@id\":\"https:\\\/\\\/covasna45.ro\\\/index.php\\\/lumea-noastra\\\/subprefectul-psd-de-covasna-a-demisionat\\\/\"},\"wordCount\":164,\"commentCount\":0,\"publisher\":{\"@id\":\"https:\\\/\\\/covasna45.ro\\\/#organization\"},\"image\":{\"@id\":\"https:\\\/\\\/covasna45.ro\\\/index.php\\\/lumea-noastra\\\/subprefectul-psd-de-covasna-a-demisionat\\\/#primaryimage\"},\"thumbnailUrl\":\"https:\\\/\\\/covasna45.ro\\\/wp-content\\\/uploads\\\/2024\\\/11\\\/sebi-psd-cv-ok.jpg\",\"keywords\":[\"PSD\",\"Sebastian Cucu\"],\"articleSection\":[\"Lumea noastr\u0103\"],\"inLanguage\":\"ro-RO\",\"potentialAction\":[{\"@type\":\"CommentAction\",\"name\":\"Comment\",\"target\":[\"https:\\\/\\\/covasna45.ro\\\/index.php\\\/lumea-noastra\\\/subprefectul-psd-de-covasna-a-demisionat\\\/#respond\"]}]},{\"@type\":\"WebPage\",\"@id\":\"https:\\\/\\\/covasna45.ro\\\/index.php\\\/lumea-noastra\\\/subprefectul-psd-de-covasna-a-demisionat\\\/\",\"url\":\"https:\\\/\\\/covasna45.ro\\\/index.php\\\/lumea-noastra\\\/subprefectul-psd-de-covasna-a-demisionat\\\/\",\"name\":\"Subprefectul PSD de Covasna a demisionat - Covasna45\",\"isPartOf\":{\"@id\":\"https:\\\/\\\/covasna45.ro\\\/#website\"},\"primaryImageOfPage\":{\"@id\":\"https:\\\/\\\/covasna45.ro\\\/index.php\\\/lumea-noastra\\\/subprefectul-psd-de-covasna-a-demisionat\\\/#primaryimage\"},\"image\":{\"@id\":\"https:\\\/\\\/covasna45.ro\\\/index.php\\\/lumea-noastra\\\/subprefectul-psd-de-covasna-a-demisionat\\\/#primaryimage\"},\"thumbnailUrl\":\"https:\\\/\\\/covasna45.ro\\\/wp-content\\\/uploads\\\/2024\\\/11\\\/sebi-psd-cv-ok.jpg\",\"datePublished\":\"2026-04-28T13:19:19+00:00\",\"dateModified\":\"2026-04-28T13:22:37+00:00\",\"description\":\"Sebastian Cucu, subprefectul de Covasna din partea PD, a demisionat \u00een urm\u0103 cu scurt timp.\",\"breadcrumb\":{\"@id\":\"https:\\\/\\\/covasna45.ro\\\/index.php\\\/lumea-noastra\\\/subprefectul-psd-de-covasna-a-demisionat\\\/#breadcrumb\"},\"inLanguage\":\"ro-RO\",\"potentialAction\":[{\"@type\":\"ReadAction\",\"target\":[\"https:\\\/\\\/covasna45.ro\\\/index.php\\\/lumea-noastra\\\/subprefectul-psd-de-covasna-a-demisionat\\\/\"]}]},{\"@type\":\"ImageObject\",\"inLanguage\":\"ro-RO\",\"@id\":\"https:\\\/\\\/covasna45.ro\\\/index.php\\\/lumea-noastra\\\/subprefectul-psd-de-covasna-a-demisionat\\\/#primaryimage\",\"url\":\"https:\\\/\\\/covasna45.ro\\\/wp-content\\\/uploads\\\/2024\\\/11\\\/sebi-psd-cv-ok.jpg\",\"contentUrl\":\"https:\\\/\\\/covasna45.ro\\\/wp-content\\\/uploads\\\/2024\\\/11\\\/sebi-psd-cv-ok.jpg\",\"width\":2406,\"height\":1509},{\"@type\":\"BreadcrumbList\",\"@id\":\"https:\\\/\\\/covasna45.ro\\\/index.php\\\/lumea-noastra\\\/subprefectul-psd-de-covasna-a-demisionat\\\/#breadcrumb\",\"itemListElement\":[{\"@type\":\"ListItem\",\"position\":1,\"name\":\"Prima pagin\u0103\",\"item\":\"https:\\\/\\\/covasna45.ro\\\/\"},{\"@type\":\"ListItem\",\"position\":2,\"name\":\"Subprefectul PSD de Covasna a demisionat\"}]},{\"@type\":\"WebSite\",\"@id\":\"https:\\\/\\\/covasna45.ro\\\/#website\",\"url\":\"https:\\\/\\\/covasna45.ro\\\/\",\"name\":\"covasna45.ro\",\"description\":\"\",\"publisher\":{\"@id\":\"https:\\\/\\\/covasna45.ro\\\/#organization\"},\"potentialAction\":[{\"@type\":\"SearchAction\",\"target\":{\"@type\":\"EntryPoint\",\"urlTemplate\":\"https:\\\/\\\/covasna45.ro\\\/?s={search_term_string}\"},\"query-input\":{\"@type\":\"PropertyValueSpecification\",\"valueRequired\":true,\"valueName\":\"search_term_string\"}}],\"inLanguage\":\"ro-RO\"},{\"@type\":\"Organization\",\"@id\":\"https:\\\/\\\/covasna45.ro\\\/#organization\",\"name\":\"covasna45.ro\",\"url\":\"https:\\\/\\\/covasna45.ro\\\/\",\"logo\":{\"@type\":\"ImageObject\",\"inLanguage\":\"ro-RO\",\"@id\":\"https:\\\/\\\/covasna45.ro\\\/#\\\/schema\\\/logo\\\/image\\\/\",\"url\":\"https:\\\/\\\/covasna45.ro\\\/wp-content\\\/uploads\\\/2023\\\/01\\\/icon_logo.png\",\"contentUrl\":\"https:\\\/\\\/covasna45.ro\\\/wp-content\\\/uploads\\\/2023\\\/01\\\/icon_logo.png\",\"width\":1900,\"height\":1900,\"caption\":\"covasna45.ro\"},\"image\":{\"@id\":\"https:\\\/\\\/covasna45.ro\\\/#\\\/schema\\\/logo\\\/image\\\/\"}},{\"@type\":\"Person\",\"@id\":\"https:\\\/\\\/covasna45.ro\\\/#\\\/schema\\\/person\\\/e674052bd7d95d70bbb007a1060ab73c\",\"name\":\"Covasna45\",\"image\":{\"@type\":\"ImageObject\",\"inLanguage\":\"ro-RO\",\"@id\":\"https:\\\/\\\/covasna45.ro\\\/wp-content\\\/uploads\\\/2025\\\/10\\\/icon_logo_covasna45-150x150.png\",\"url\":\"https:\\\/\\\/covasna45.ro\\\/wp-content\\\/uploads\\\/2025\\\/10\\\/icon_logo_covasna45-150x150.png\",\"contentUrl\":\"https:\\\/\\\/covasna45.ro\\\/wp-content\\\/uploads\\\/2025\\\/10\\\/icon_logo_covasna45-150x150.png\",\"caption\":\"Covasna45\"},\"sameAs\":[\"https:\\\/\\\/covasna45.ro\"],\"url\":\"https:\\\/\\\/covasna45.ro\\\/index.php\\\/author\\\/covasna\\\/\"}]}<\/script>\n<!-- \/ Yoast SEO plugin. -->","yoast_head_json":{"title":"Subprefectul PSD de Covasna a demisionat - Covasna45","description":"Sebastian Cucu, subprefectul de Covasna din partea PD, a demisionat \u00een urm\u0103 cu scurt timp.","robots":{"index":"index","follow":"follow","max-snippet":"max-snippet:-1","max-image-preview":"max-image-preview:large","max-video-preview":"max-video-preview:-1"},"canonical":"https:\/\/covasna45.ro\/index.php\/lumea-noastra\/subprefectul-psd-de-covasna-a-demisionat\/","og_locale":"ro_RO","og_type":"article","og_title":"Subprefectul PSD de Covasna a demisionat - Covasna45","og_description":"Sebastian Cucu, subprefectul de Covasna din partea PD, a demisionat \u00een urm\u0103 cu scurt timp.","og_url":"https:\/\/covasna45.ro\/index.php\/lumea-noastra\/subprefectul-psd-de-covasna-a-demisionat\/","og_site_name":"Covasna45","article_published_time":"2026-04-28T13:19:19+00:00","article_modified_time":"2026-04-28T13:22:37+00:00","og_image":[{"width":2406,"height":1509,"url":"https:\/\/covasna45.ro\/wp-content\/uploads\/2024\/11\/sebi-psd-cv-ok.jpg","type":"image\/jpeg"}],"author":"Covasna45","twitter_card":"summary_large_image","twitter_misc":{"Scris de":"Covasna45","Timp estimat pentru citire":"2 minute"},"schema":{"@context":"https:\/\/schema.org","@graph":[{"@type":"Article","@id":"https:\/\/covasna45.ro\/index.php\/lumea-noastra\/subprefectul-psd-de-covasna-a-demisionat\/#article","isPartOf":{"@id":"https:\/\/covasna45.ro\/index.php\/lumea-noastra\/subprefectul-psd-de-covasna-a-demisionat\/"},"author":{"name":"Covasna45","@id":"https:\/\/covasna45.ro\/#\/schema\/person\/e674052bd7d95d70bbb007a1060ab73c"},"headline":"Subprefectul PSD de Covasna a demisionat","datePublished":"2026-04-28T13:19:19+00:00","dateModified":"2026-04-28T13:22:37+00:00","mainEntityOfPage":{"@id":"https:\/\/covasna45.ro\/index.php\/lumea-noastra\/subprefectul-psd-de-covasna-a-demisionat\/"},"wordCount":164,"commentCount":0,"publisher":{"@id":"https:\/\/covasna45.ro\/#organization"},"image":{"@id":"https:\/\/covasna45.ro\/index.php\/lumea-noastra\/subprefectul-psd-de-covasna-a-demisionat\/#primaryimage"},"thumbnailUrl":"https:\/\/covasna45.ro\/wp-content\/uploads\/2024\/11\/sebi-psd-cv-ok.jpg","keywords":["PSD","Sebastian Cucu"],"articleSection":["Lumea noastr\u0103"],"inLanguage":"ro-RO","potentialAction":[{"@type":"CommentAction","name":"Comment","target":["https:\/\/covasna45.ro\/index.php\/lumea-noastra\/subprefectul-psd-de-covasna-a-demisionat\/#respond"]}]},{"@type":"WebPage","@id":"https:\/\/covasna45.ro\/index.php\/lumea-noastra\/subprefectul-psd-de-covasna-a-demisionat\/","url":"https:\/\/covasna45.ro\/index.php\/lumea-noastra\/subprefectul-psd-de-covasna-a-demisionat\/","name":"Subprefectul PSD de Covasna a demisionat - Covasna45","isPartOf":{"@id":"https:\/\/covasna45.ro\/#website"},"primaryImageOfPage":{"@id":"https:\/\/covasna45.ro\/index.php\/lumea-noastra\/subprefectul-psd-de-covasna-a-demisionat\/#primaryimage"},"image":{"@id":"https:\/\/covasna45.ro\/index.php\/lumea-noastra\/subprefectul-psd-de-covasna-a-demisionat\/#primaryimage"},"thumbnailUrl":"https:\/\/covasna45.ro\/wp-content\/uploads\/2024\/11\/sebi-psd-cv-ok.jpg","datePublished":"2026-04-28T13:19:19+00:00","dateModified":"2026-04-28T13:22:37+00:00","description":"Sebastian Cucu, subprefectul de Covasna din partea PD, a demisionat \u00een urm\u0103 cu scurt timp.","breadcrumb":{"@id":"https:\/\/covasna45.ro\/index.php\/lumea-noastra\/subprefectul-psd-de-covasna-a-demisionat\/#breadcrumb"},"inLanguage":"ro-RO","potentialAction":[{"@type":"ReadAction","target":["https:\/\/covasna45.ro\/index.php\/lumea-noastra\/subprefectul-psd-de-covasna-a-demisionat\/"]}]},{"@type":"ImageObject","inLanguage":"ro-RO","@id":"https:\/\/covasna45.ro\/index.php\/lumea-noastra\/subprefectul-psd-de-covasna-a-demisionat\/#primaryimage","url":"https:\/\/covasna45.ro\/wp-content\/uploads\/2024\/11\/sebi-psd-cv-ok.jpg","contentUrl":"https:\/\/covasna45.ro\/wp-content\/uploads\/2024\/11\/sebi-psd-cv-ok.jpg","width":2406,"height":1509},{"@type":"BreadcrumbList","@id":"https:\/\/covasna45.ro\/index.php\/lumea-noastra\/subprefectul-psd-de-covasna-a-demisionat\/#breadcrumb","itemListElement":[{"@type":"ListItem","position":1,"name":"Prima pagin\u0103","item":"https:\/\/covasna45.ro\/"},{"@type":"ListItem","position":2,"name":"Subprefectul PSD de Covasna a demisionat"}]},{"@type":"WebSite","@id":"https:\/\/covasna45.ro\/#website","url":"https:\/\/covasna45.ro\/","name":"covasna45.ro","description":"","publisher":{"@id":"https:\/\/covasna45.ro\/#organization"},"potentialAction":[{"@type":"SearchAction","target":{"@type":"EntryPoint","urlTemplate":"https:\/\/covasna45.ro\/?s={search_term_string}"},"query-input":{"@type":"PropertyValueSpecification","valueRequired":true,"valueName":"search_term_string"}}],"inLanguage":"ro-RO"},{"@type":"Organization","@id":"https:\/\/covasna45.ro\/#organization","name":"covasna45.ro","url":"https:\/\/covasna45.ro\/","logo":{"@type":"ImageObject","inLanguage":"ro-RO","@id":"https:\/\/covasna45.ro\/#\/schema\/logo\/image\/","url":"https:\/\/covasna45.ro\/wp-content\/uploads\/2023\/01\/icon_logo.png","contentUrl":"https:\/\/covasna45.ro\/wp-content\/uploads\/2023\/01\/icon_logo.png","width":1900,"height":1900,"caption":"covasna45.ro"},"image":{"@id":"https:\/\/covasna45.ro\/#\/schema\/logo\/image\/"}},{"@type":"Person","@id":"https:\/\/covasna45.ro\/#\/schema\/person\/e674052bd7d95d70bbb007a1060ab73c","name":"Covasna45","image":{"@type":"ImageObject","inLanguage":"ro-RO","@id":"https:\/\/covasna45.ro\/wp-content\/uploads\/2025\/10\/icon_logo_covasna45-150x150.png","url":"https:\/\/covasna45.ro\/wp-content\/uploads\/2025\/10\/icon_logo_covasna45-150x150.png","contentUrl":"https:\/\/covasna45.ro\/wp-content\/uploads\/2025\/10\/icon_logo_covasna45-150x150.png","caption":"Covasna45"},"sameAs":["https:\/\/covasna45.ro"],"url":"https:\/\/covasna45.ro\/index.php\/author\/covasna\/"}]}},"_links":{"self":[{"href":"https:\/\/covasna45.ro\/index.php\/wp-json\/wp\/v2\/posts\/16194","targetHints":{"allow":["GET"]}}],"collection":[{"href":"https:\/\/covasna45.ro\/index.php\/wp-json\/wp\/v2\/posts"}],"about":[{"href":"https:\/\/covasna45.ro\/index.php\/wp-json\/wp\/v2\/types\/post"}],"author":[{"embeddable":true,"href":"https:\/\/covasna45.ro\/index.php\/wp-json\/wp\/v2\/users\/1"}],"replies":[{"embeddable":true,"href":"https:\/\/covasna45.ro\/index.php\/wp-json\/wp\/v2\/comments?post=16194"}],"version-history":[{"count":1,"href":"https:\/\/covasna45.ro\/index.php\/wp-json\/wp\/v2\/posts\/16194\/revisions"}],"predecessor-version":[{"id":16195,"href":"https:\/\/covasna45.ro\/index.php\/wp-json\/wp\/v2\/posts\/16194\/revisions\/16195"}],"wp:featuredmedia":[{"embeddable":true,"href":"https:\/\/covasna45.ro\/index.php\/wp-json\/wp\/v2\/media\/8753"}],"wp:attachment":[{"href":"https:\/\/covasna45.ro\/index.php\/wp-json\/wp\/v2\/media?parent=16194"}],"wp:term":[{"taxonomy":"category","embeddable":true,"href":"https:\/\/covasna45.ro\/index.php\/wp-json\/wp\/v2\/categories?post=16194"},{"taxonomy":"post_tag","embeddable":true,"href":"https:\/\/covasna45.ro\/index.php\/wp-json\/wp\/v2\/tags?post=16194"}],"curies":[{"name":"wp","href":"https:\/\/api.w.org\/{rel}","templated":true}]}}