{"id":16196,"date":"2026-04-29T09:17:05","date_gmt":"2026-04-29T07:17:05","guid":{"rendered":"https:\/\/covasna45.ro\/?p=16196"},"modified":"2026-04-29T09:17:06","modified_gmt":"2026-04-29T07:17:06","slug":"consiliul-local-sfantu-gheorghe-a-aprobat-bugetul-pentru-anul-2026","status":"publish","type":"post","link":"https:\/\/covasna45.ro\/index.php\/lumea-noastra\/consiliul-local-sfantu-gheorghe-a-aprobat-bugetul-pentru-anul-2026\/","title":{"rendered":"Consiliul Local Sf\u00e2ntu Gheorghe a aprobat bugetul pentru anul 2026"},"content":{"rendered":"\n<p>Consiliul Local Sf\u00e2ntu Gheorghe a aprobat bugetul local pentru anul 2026 \u00een cadrul \u0219edin\u021bei extraordinare de ieri. \u00cen ciuda restric\u021biilor financiare \u0219i a t\u0103ierilor de fonduri de la autorit\u0103\u021bile locale, s-a reu\u0219it elaborarea \u0219i aprobarea unui plan bugetar prin care dezvoltarea unit\u0103\u021bilor de \u00eenv\u0103\u021b\u0103m\u00e2nt \u0219i programele de locuin\u021be pot beneficia \u00een continuare de prioritate.<\/p>\n\n\n\n<p>Primarul Antal \u00c1rp\u00e1d a prezentat cele mai importante puncte ale bugetului de anul acesta \u00een cadrul unei conferin\u021be de pres\u0103.<\/p>\n\n\n\n<p>\u201e<strong><em>Bugetul de anul acesta a putut fi aprobat \u00een condi\u021bii extrem de dificile, din p\u0103cate abia la sf\u00e2r\u0219itul lunii aprilie. T\u0103ierile de fonduri centrale au pus ora\u0219ul nostru \u00een fa\u021ba unor provoc\u0103ri serioase, motiv pentru care a trebuit s\u0103 lu\u0103m decizii responsabile \u0219i, de multe ori, dificile. Cu toate acestea, \u00een ciuda oric\u0103ror greut\u0103\u021bi, exist\u0103 domenii de la care nu facem compromisuri: viitorul copiilor no\u0219tri r\u0103m\u00e2ne o prioritate. Continu\u0103m dezvoltarea infrastructurii educa\u021bionale: pe l\u00e2ng\u0103 noua cre\u0219\u0103, gr\u0103dini\u021bele \u0219i \u0219colile moderne, precum \u0219i construirea noii universit\u0103\u021bi, dorim s\u0103 avans\u0103m \u0219i \u00een programele de locuin\u021be. De\u0219i trebuie s\u0103 facem sacrificii \u0219i putem aloca mai pu\u021bine fonduri pentru evenimente, nu renun\u021b\u0103m la investi\u021biile \u00een viitor<\/em><\/strong>\u201d \u2013 a declarat primarul.<\/p>\n\n\n\n<h2 class=\"wp-block-heading\"><strong>De la cre\u0219\u0103 p\u00e2n\u0103 la universitate: infrastructura educa\u021bional\u0103 din Sf\u00e2ntu Gheorghe se dezvolt\u0103 continuu<\/strong><\/h2>\n\n\n\n<p>\u00cen ceea ce prive\u0219te dezvolt\u0103rile educa\u021bionale, primarul a eviden\u021biat, ca exemplu, construc\u021bia unei noi cre\u0219e, aflat\u0103 deja \u00een plin\u0103 desf\u0103\u0219urare pe strada Nicolae Iorga, \u00een zona de l\u00e2ng\u0103 magazinul Penny. Cre\u0219a va fi capabil\u0103 s\u0103 g\u0103zduiasc\u0103 \u0219apte grupe, adic\u0103 aproximativ 70 de copii. Investi\u021bia este realizat\u0103 din contribu\u021bia local\u0103 \u0219i prin finan\u021barea Companiei Na\u021bionale de Investi\u021bii (CNI), din fonduri guvernamentale, pe baza unui proiect-tip oficial. \u00cen paralel, continu\u0103 lucr\u0103rile de modernizare \u00een toate institu\u021biile de \u00eenv\u0103\u021b\u0103m\u00e2nt din ora\u0219: sunt \u00een desf\u0103\u0219urare lucr\u0103rile de izolare termic\u0103, construc\u021bia de terenuri de sport, renovarea s\u0103lilor de clas\u0103, modernizarea dot\u0103rilor didactice, fiind totodat\u0103 \u00een curs de realizare \u0219i construc\u021bia noului campus universitar \u00een vecin\u0103tatea Sepsi Arena.<\/p>\n\n\n\n<h2 class=\"wp-block-heading\"><strong>Se construiesc blocuri noi, \u00eens\u0103 sunt mai pu\u021bini bani pentru evenimente<\/strong><\/h2>\n\n\n\n<p>Referitor la locuin\u021be, edilul a subliniat c\u0103 a \u00eenceput construc\u021bia noilor blocuri ANL cu 48 de apartamente, tot pe strada Nicolae Iorga, \u00een vecin\u0103tatea lan\u021bului de magazine Penny, unde lucr\u0103rile avanseaz\u0103 conform planului.<\/p>\n\n\n\n<p>Pentru a asigura dezvolt\u0103rile educa\u021bionale \u0219i crearea de oportunit\u0103\u021bi de locuire, administra\u021bia local\u0103 a fost nevoit\u0103 s\u0103 g\u0103seasc\u0103 o solu\u021bie de compromis pentru echilibrarea bugetului, motiv pentru care restric\u021biile de anul acesta afecteaz\u0103 \u00een primul r\u00e2nd diversele evenimente. Astfel, anul acesta vor avea loc mai pu\u021bine manifest\u0103ri la Sf\u00e2ntu Gheorghe fa\u021b\u0103 de anii preceden\u021bi, iar organizarea acestora se va face cu un buget mai redus.<\/p>\n\n\n\n<p>\u201e<strong><em>Domeniul unde a trebuit s\u0103 oper\u0103m t\u0103ieri semnificative vizeaz\u0103 \u00een primul r\u00e2nd diversele programe; vor fi mai pu\u021bine evenimente anul acesta \u0219i le vom organiza cu un buget mai mic. Acesta este unul dintre pre\u021burile pe care trebuie s\u0103 le pl\u0103tim pentru a putea echilibra partea de cheltuieli \u0219i cea de venituri a bugetului de anul acesta<\/em><\/strong>\u201d \u2013 a explicat Antal \u00c1rp\u00e1d.<\/p>\n\n\n\n<p><em>Sursa: <a href=\"https:\/\/www.sfantugheorgheinfo.ro\/stiri\/modernizarea-institutiilor-de-invatamant-si-continuarea-programelor-de-locuinte-raman-prioritati-la-sfantu-gheorghe\">Prim\u0103ria Sf\u00e2ntu Gheorghe<\/a><\/em><\/p>\n","protected":false},"excerpt":{"rendered":"<p>Consiliul Local Sf\u00e2ntu Gheorghe a aprobat bugetul local pentru anul 2026 \u00een cadrul \u0219edin\u021bei extraordinare de ieri. \u00cen ciuda restric\u021biilor financiare \u0219i a t\u0103ierilor de fonduri de la autorit\u0103\u021bile locale, s-a reu\u0219it elaborarea \u0219i aprobarea unui plan bugetar prin care dezvoltarea unit\u0103\u021bilor de \u00eenv\u0103\u021b\u0103m\u00e2nt \u0219i programele de locuin\u021be pot beneficia \u00een continuare de prioritate. Primarul [&hellip;]<\/p>\n","protected":false},"author":1,"featured_media":16197,"comment_status":"open","ping_status":"closed","sticky":false,"template":"","format":"standard","meta":{"tdm_status":"","tdm_grid_status":"","footnotes":""},"categories":[14],"tags":[364,2856,3755],"class_list":{"0":"post-16196","1":"post","2":"type-post","3":"status-publish","4":"format-standard","5":"has-post-thumbnail","7":"category-lumea-noastra","8":"tag-buget","9":"tag-consiliu-local","10":"tag-sfantu-gheeorghe"},"yoast_head":"<!-- This site is optimized with the Yoast SEO plugin v27.5 - https:\/\/yoast.com\/product\/yoast-seo-wordpress\/ -->\n<title>Consiliul Local Sf\u00e2ntu Gheorghe a aprobat bugetul pentru anul 2026 - Covasna45<\/title>\n<meta name=\"description\" content=\"Consiliul Local Sf\u00e2ntu Gheorghe a aprobat bugetul local pentru anul 2026 \u00een cadrul \u0219edin\u021bei extraordinare de ieri.\" \/>\n<meta name=\"robots\" content=\"index, follow, max-snippet:-1, max-image-preview:large, max-video-preview:-1\" \/>\n<link rel=\"canonical\" href=\"https:\/\/covasna45.ro\/index.php\/lumea-noastra\/consiliul-local-sfantu-gheorghe-a-aprobat-bugetul-pentru-anul-2026\/\" \/>\n<meta property=\"og:locale\" content=\"ro_RO\" \/>\n<meta property=\"og:type\" content=\"article\" \/>\n<meta property=\"og:title\" content=\"Consiliul Local Sf\u00e2ntu Gheorghe a aprobat bugetul pentru anul 2026 - Covasna45\" \/>\n<meta property=\"og:description\" content=\"Consiliul Local Sf\u00e2ntu Gheorghe a aprobat bugetul local pentru anul 2026 \u00een cadrul \u0219edin\u021bei extraordinare de ieri.\" \/>\n<meta property=\"og:url\" content=\"https:\/\/covasna45.ro\/index.php\/lumea-noastra\/consiliul-local-sfantu-gheorghe-a-aprobat-bugetul-pentru-anul-2026\/\" \/>\n<meta property=\"og:site_name\" content=\"Covasna45\" \/>\n<meta property=\"article:published_time\" content=\"2026-04-29T07:17:05+00:00\" \/>\n<meta property=\"article:modified_time\" content=\"2026-04-29T07:17:06+00:00\" \/>\n<meta property=\"og:image\" content=\"https:\/\/covasna45.ro\/wp-content\/uploads\/2026\/04\/sf-ghe-4.jpg\" \/>\n\t<meta property=\"og:image:width\" content=\"1600\" \/>\n\t<meta property=\"og:image:height\" content=\"1200\" \/>\n\t<meta property=\"og:image:type\" content=\"image\/jpeg\" \/>\n<meta name=\"author\" content=\"Covasna45\" \/>\n<meta name=\"twitter:card\" content=\"summary_large_image\" \/>\n<meta name=\"twitter:label1\" content=\"Scris de\" \/>\n\t<meta name=\"twitter:data1\" content=\"Covasna45\" \/>\n\t<meta name=\"twitter:label2\" content=\"Timp estimat pentru citire\" \/>\n\t<meta name=\"twitter:data2\" content=\"3 minute\" \/>\n<script type=\"application\/ld+json\" class=\"yoast-schema-graph\">{\"@context\":\"https:\\\/\\\/schema.org\",\"@graph\":[{\"@type\":\"Article\",\"@id\":\"https:\\\/\\\/covasna45.ro\\\/index.php\\\/lumea-noastra\\\/consiliul-local-sfantu-gheorghe-a-aprobat-bugetul-pentru-anul-2026\\\/#article\",\"isPartOf\":{\"@id\":\"https:\\\/\\\/covasna45.ro\\\/index.php\\\/lumea-noastra\\\/consiliul-local-sfantu-gheorghe-a-aprobat-bugetul-pentru-anul-2026\\\/\"},\"author\":{\"name\":\"Covasna45\",\"@id\":\"https:\\\/\\\/covasna45.ro\\\/#\\\/schema\\\/person\\\/e674052bd7d95d70bbb007a1060ab73c\"},\"headline\":\"Consiliul Local Sf\u00e2ntu Gheorghe a aprobat bugetul pentru anul 2026\",\"datePublished\":\"2026-04-29T07:17:05+00:00\",\"dateModified\":\"2026-04-29T07:17:06+00:00\",\"mainEntityOfPage\":{\"@id\":\"https:\\\/\\\/covasna45.ro\\\/index.php\\\/lumea-noastra\\\/consiliul-local-sfantu-gheorghe-a-aprobat-bugetul-pentru-anul-2026\\\/\"},\"wordCount\":590,\"commentCount\":0,\"publisher\":{\"@id\":\"https:\\\/\\\/covasna45.ro\\\/#organization\"},\"image\":{\"@id\":\"https:\\\/\\\/covasna45.ro\\\/index.php\\\/lumea-noastra\\\/consiliul-local-sfantu-gheorghe-a-aprobat-bugetul-pentru-anul-2026\\\/#primaryimage\"},\"thumbnailUrl\":\"https:\\\/\\\/covasna45.ro\\\/wp-content\\\/uploads\\\/2026\\\/04\\\/sf-ghe-4.jpg\",\"keywords\":[\"Buget\",\"Consiliu Local\",\"Sfantu Gheeorghe\"],\"articleSection\":[\"Lumea noastr\u0103\"],\"inLanguage\":\"ro-RO\",\"potentialAction\":[{\"@type\":\"CommentAction\",\"name\":\"Comment\",\"target\":[\"https:\\\/\\\/covasna45.ro\\\/index.php\\\/lumea-noastra\\\/consiliul-local-sfantu-gheorghe-a-aprobat-bugetul-pentru-anul-2026\\\/#respond\"]}]},{\"@type\":\"WebPage\",\"@id\":\"https:\\\/\\\/covasna45.ro\\\/index.php\\\/lumea-noastra\\\/consiliul-local-sfantu-gheorghe-a-aprobat-bugetul-pentru-anul-2026\\\/\",\"url\":\"https:\\\/\\\/covasna45.ro\\\/index.php\\\/lumea-noastra\\\/consiliul-local-sfantu-gheorghe-a-aprobat-bugetul-pentru-anul-2026\\\/\",\"name\":\"Consiliul Local Sf\u00e2ntu Gheorghe a aprobat bugetul pentru anul 2026 - Covasna45\",\"isPartOf\":{\"@id\":\"https:\\\/\\\/covasna45.ro\\\/#website\"},\"primaryImageOfPage\":{\"@id\":\"https:\\\/\\\/covasna45.ro\\\/index.php\\\/lumea-noastra\\\/consiliul-local-sfantu-gheorghe-a-aprobat-bugetul-pentru-anul-2026\\\/#primaryimage\"},\"image\":{\"@id\":\"https:\\\/\\\/covasna45.ro\\\/index.php\\\/lumea-noastra\\\/consiliul-local-sfantu-gheorghe-a-aprobat-bugetul-pentru-anul-2026\\\/#primaryimage\"},\"thumbnailUrl\":\"https:\\\/\\\/covasna45.ro\\\/wp-content\\\/uploads\\\/2026\\\/04\\\/sf-ghe-4.jpg\",\"datePublished\":\"2026-04-29T07:17:05+00:00\",\"dateModified\":\"2026-04-29T07:17:06+00:00\",\"description\":\"Consiliul Local Sf\u00e2ntu Gheorghe a aprobat bugetul local pentru anul 2026 \u00een cadrul \u0219edin\u021bei extraordinare de ieri.\",\"breadcrumb\":{\"@id\":\"https:\\\/\\\/covasna45.ro\\\/index.php\\\/lumea-noastra\\\/consiliul-local-sfantu-gheorghe-a-aprobat-bugetul-pentru-anul-2026\\\/#breadcrumb\"},\"inLanguage\":\"ro-RO\",\"potentialAction\":[{\"@type\":\"ReadAction\",\"target\":[\"https:\\\/\\\/covasna45.ro\\\/index.php\\\/lumea-noastra\\\/consiliul-local-sfantu-gheorghe-a-aprobat-bugetul-pentru-anul-2026\\\/\"]}]},{\"@type\":\"ImageObject\",\"inLanguage\":\"ro-RO\",\"@id\":\"https:\\\/\\\/covasna45.ro\\\/index.php\\\/lumea-noastra\\\/consiliul-local-sfantu-gheorghe-a-aprobat-bugetul-pentru-anul-2026\\\/#primaryimage\",\"url\":\"https:\\\/\\\/covasna45.ro\\\/wp-content\\\/uploads\\\/2026\\\/04\\\/sf-ghe-4.jpg\",\"contentUrl\":\"https:\\\/\\\/covasna45.ro\\\/wp-content\\\/uploads\\\/2026\\\/04\\\/sf-ghe-4.jpg\",\"width\":1600,\"height\":1200},{\"@type\":\"BreadcrumbList\",\"@id\":\"https:\\\/\\\/covasna45.ro\\\/index.php\\\/lumea-noastra\\\/consiliul-local-sfantu-gheorghe-a-aprobat-bugetul-pentru-anul-2026\\\/#breadcrumb\",\"itemListElement\":[{\"@type\":\"ListItem\",\"position\":1,\"name\":\"Prima pagin\u0103\",\"item\":\"https:\\\/\\\/covasna45.ro\\\/\"},{\"@type\":\"ListItem\",\"position\":2,\"name\":\"Consiliul Local Sf\u00e2ntu Gheorghe a aprobat bugetul pentru anul 2026\"}]},{\"@type\":\"WebSite\",\"@id\":\"https:\\\/\\\/covasna45.ro\\\/#website\",\"url\":\"https:\\\/\\\/covasna45.ro\\\/\",\"name\":\"covasna45.ro\",\"description\":\"\",\"publisher\":{\"@id\":\"https:\\\/\\\/covasna45.ro\\\/#organization\"},\"potentialAction\":[{\"@type\":\"SearchAction\",\"target\":{\"@type\":\"EntryPoint\",\"urlTemplate\":\"https:\\\/\\\/covasna45.ro\\\/?s={search_term_string}\"},\"query-input\":{\"@type\":\"PropertyValueSpecification\",\"valueRequired\":true,\"valueName\":\"search_term_string\"}}],\"inLanguage\":\"ro-RO\"},{\"@type\":\"Organization\",\"@id\":\"https:\\\/\\\/covasna45.ro\\\/#organization\",\"name\":\"covasna45.ro\",\"url\":\"https:\\\/\\\/covasna45.ro\\\/\",\"logo\":{\"@type\":\"ImageObject\",\"inLanguage\":\"ro-RO\",\"@id\":\"https:\\\/\\\/covasna45.ro\\\/#\\\/schema\\\/logo\\\/image\\\/\",\"url\":\"https:\\\/\\\/covasna45.ro\\\/wp-content\\\/uploads\\\/2023\\\/01\\\/icon_logo.png\",\"contentUrl\":\"https:\\\/\\\/covasna45.ro\\\/wp-content\\\/uploads\\\/2023\\\/01\\\/icon_logo.png\",\"width\":1900,\"height\":1900,\"caption\":\"covasna45.ro\"},\"image\":{\"@id\":\"https:\\\/\\\/covasna45.ro\\\/#\\\/schema\\\/logo\\\/image\\\/\"}},{\"@type\":\"Person\",\"@id\":\"https:\\\/\\\/covasna45.ro\\\/#\\\/schema\\\/person\\\/e674052bd7d95d70bbb007a1060ab73c\",\"name\":\"Covasna45\",\"image\":{\"@type\":\"ImageObject\",\"inLanguage\":\"ro-RO\",\"@id\":\"https:\\\/\\\/covasna45.ro\\\/wp-content\\\/uploads\\\/2025\\\/10\\\/icon_logo_covasna45-150x150.png\",\"url\":\"https:\\\/\\\/covasna45.ro\\\/wp-content\\\/uploads\\\/2025\\\/10\\\/icon_logo_covasna45-150x150.png\",\"contentUrl\":\"https:\\\/\\\/covasna45.ro\\\/wp-content\\\/uploads\\\/2025\\\/10\\\/icon_logo_covasna45-150x150.png\",\"caption\":\"Covasna45\"},\"sameAs\":[\"https:\\\/\\\/covasna45.ro\"],\"url\":\"https:\\\/\\\/covasna45.ro\\\/index.php\\\/author\\\/covasna\\\/\"}]}<\/script>\n<!-- \/ Yoast SEO plugin. -->","yoast_head_json":{"title":"Consiliul Local Sf\u00e2ntu Gheorghe a aprobat bugetul pentru anul 2026 - Covasna45","description":"Consiliul Local Sf\u00e2ntu Gheorghe a aprobat bugetul local pentru anul 2026 \u00een cadrul \u0219edin\u021bei extraordinare de ieri.","robots":{"index":"index","follow":"follow","max-snippet":"max-snippet:-1","max-image-preview":"max-image-preview:large","max-video-preview":"max-video-preview:-1"},"canonical":"https:\/\/covasna45.ro\/index.php\/lumea-noastra\/consiliul-local-sfantu-gheorghe-a-aprobat-bugetul-pentru-anul-2026\/","og_locale":"ro_RO","og_type":"article","og_title":"Consiliul Local Sf\u00e2ntu Gheorghe a aprobat bugetul pentru anul 2026 - Covasna45","og_description":"Consiliul Local Sf\u00e2ntu Gheorghe a aprobat bugetul local pentru anul 2026 \u00een cadrul \u0219edin\u021bei extraordinare de ieri.","og_url":"https:\/\/covasna45.ro\/index.php\/lumea-noastra\/consiliul-local-sfantu-gheorghe-a-aprobat-bugetul-pentru-anul-2026\/","og_site_name":"Covasna45","article_published_time":"2026-04-29T07:17:05+00:00","article_modified_time":"2026-04-29T07:17:06+00:00","og_image":[{"width":1600,"height":1200,"url":"https:\/\/covasna45.ro\/wp-content\/uploads\/2026\/04\/sf-ghe-4.jpg","type":"image\/jpeg"}],"author":"Covasna45","twitter_card":"summary_large_image","twitter_misc":{"Scris de":"Covasna45","Timp estimat pentru citire":"3 minute"},"schema":{"@context":"https:\/\/schema.org","@graph":[{"@type":"Article","@id":"https:\/\/covasna45.ro\/index.php\/lumea-noastra\/consiliul-local-sfantu-gheorghe-a-aprobat-bugetul-pentru-anul-2026\/#article","isPartOf":{"@id":"https:\/\/covasna45.ro\/index.php\/lumea-noastra\/consiliul-local-sfantu-gheorghe-a-aprobat-bugetul-pentru-anul-2026\/"},"author":{"name":"Covasna45","@id":"https:\/\/covasna45.ro\/#\/schema\/person\/e674052bd7d95d70bbb007a1060ab73c"},"headline":"Consiliul Local Sf\u00e2ntu Gheorghe a aprobat bugetul pentru anul 2026","datePublished":"2026-04-29T07:17:05+00:00","dateModified":"2026-04-29T07:17:06+00:00","mainEntityOfPage":{"@id":"https:\/\/covasna45.ro\/index.php\/lumea-noastra\/consiliul-local-sfantu-gheorghe-a-aprobat-bugetul-pentru-anul-2026\/"},"wordCount":590,"commentCount":0,"publisher":{"@id":"https:\/\/covasna45.ro\/#organization"},"image":{"@id":"https:\/\/covasna45.ro\/index.php\/lumea-noastra\/consiliul-local-sfantu-gheorghe-a-aprobat-bugetul-pentru-anul-2026\/#primaryimage"},"thumbnailUrl":"https:\/\/covasna45.ro\/wp-content\/uploads\/2026\/04\/sf-ghe-4.jpg","keywords":["Buget","Consiliu Local","Sfantu Gheeorghe"],"articleSection":["Lumea noastr\u0103"],"inLanguage":"ro-RO","potentialAction":[{"@type":"CommentAction","name":"Comment","target":["https:\/\/covasna45.ro\/index.php\/lumea-noastra\/consiliul-local-sfantu-gheorghe-a-aprobat-bugetul-pentru-anul-2026\/#respond"]}]},{"@type":"WebPage","@id":"https:\/\/covasna45.ro\/index.php\/lumea-noastra\/consiliul-local-sfantu-gheorghe-a-aprobat-bugetul-pentru-anul-2026\/","url":"https:\/\/covasna45.ro\/index.php\/lumea-noastra\/consiliul-local-sfantu-gheorghe-a-aprobat-bugetul-pentru-anul-2026\/","name":"Consiliul Local Sf\u00e2ntu Gheorghe a aprobat bugetul pentru anul 2026 - Covasna45","isPartOf":{"@id":"https:\/\/covasna45.ro\/#website"},"primaryImageOfPage":{"@id":"https:\/\/covasna45.ro\/index.php\/lumea-noastra\/consiliul-local-sfantu-gheorghe-a-aprobat-bugetul-pentru-anul-2026\/#primaryimage"},"image":{"@id":"https:\/\/covasna45.ro\/index.php\/lumea-noastra\/consiliul-local-sfantu-gheorghe-a-aprobat-bugetul-pentru-anul-2026\/#primaryimage"},"thumbnailUrl":"https:\/\/covasna45.ro\/wp-content\/uploads\/2026\/04\/sf-ghe-4.jpg","datePublished":"2026-04-29T07:17:05+00:00","dateModified":"2026-04-29T07:17:06+00:00","description":"Consiliul Local Sf\u00e2ntu Gheorghe a aprobat bugetul local pentru anul 2026 \u00een cadrul \u0219edin\u021bei extraordinare de ieri.","breadcrumb":{"@id":"https:\/\/covasna45.ro\/index.php\/lumea-noastra\/consiliul-local-sfantu-gheorghe-a-aprobat-bugetul-pentru-anul-2026\/#breadcrumb"},"inLanguage":"ro-RO","potentialAction":[{"@type":"ReadAction","target":["https:\/\/covasna45.ro\/index.php\/lumea-noastra\/consiliul-local-sfantu-gheorghe-a-aprobat-bugetul-pentru-anul-2026\/"]}]},{"@type":"ImageObject","inLanguage":"ro-RO","@id":"https:\/\/covasna45.ro\/index.php\/lumea-noastra\/consiliul-local-sfantu-gheorghe-a-aprobat-bugetul-pentru-anul-2026\/#primaryimage","url":"https:\/\/covasna45.ro\/wp-content\/uploads\/2026\/04\/sf-ghe-4.jpg","contentUrl":"https:\/\/covasna45.ro\/wp-content\/uploads\/2026\/04\/sf-ghe-4.jpg","width":1600,"height":1200},{"@type":"BreadcrumbList","@id":"https:\/\/covasna45.ro\/index.php\/lumea-noastra\/consiliul-local-sfantu-gheorghe-a-aprobat-bugetul-pentru-anul-2026\/#breadcrumb","itemListElement":[{"@type":"ListItem","position":1,"name":"Prima pagin\u0103","item":"https:\/\/covasna45.ro\/"},{"@type":"ListItem","position":2,"name":"Consiliul Local Sf\u00e2ntu Gheorghe a aprobat bugetul pentru anul 2026"}]},{"@type":"WebSite","@id":"https:\/\/covasna45.ro\/#website","url":"https:\/\/covasna45.ro\/","name":"covasna45.ro","description":"","publisher":{"@id":"https:\/\/covasna45.ro\/#organization"},"potentialAction":[{"@type":"SearchAction","target":{"@type":"EntryPoint","urlTemplate":"https:\/\/covasna45.ro\/?s={search_term_string}"},"query-input":{"@type":"PropertyValueSpecification","valueRequired":true,"valueName":"search_term_string"}}],"inLanguage":"ro-RO"},{"@type":"Organization","@id":"https:\/\/covasna45.ro\/#organization","name":"covasna45.ro","url":"https:\/\/covasna45.ro\/","logo":{"@type":"ImageObject","inLanguage":"ro-RO","@id":"https:\/\/covasna45.ro\/#\/schema\/logo\/image\/","url":"https:\/\/covasna45.ro\/wp-content\/uploads\/2023\/01\/icon_logo.png","contentUrl":"https:\/\/covasna45.ro\/wp-content\/uploads\/2023\/01\/icon_logo.png","width":1900,"height":1900,"caption":"covasna45.ro"},"image":{"@id":"https:\/\/covasna45.ro\/#\/schema\/logo\/image\/"}},{"@type":"Person","@id":"https:\/\/covasna45.ro\/#\/schema\/person\/e674052bd7d95d70bbb007a1060ab73c","name":"Covasna45","image":{"@type":"ImageObject","inLanguage":"ro-RO","@id":"https:\/\/covasna45.ro\/wp-content\/uploads\/2025\/10\/icon_logo_covasna45-150x150.png","url":"https:\/\/covasna45.ro\/wp-content\/uploads\/2025\/10\/icon_logo_covasna45-150x150.png","contentUrl":"https:\/\/covasna45.ro\/wp-content\/uploads\/2025\/10\/icon_logo_covasna45-150x150.png","caption":"Covasna45"},"sameAs":["https:\/\/covasna45.ro"],"url":"https:\/\/covasna45.ro\/index.php\/author\/covasna\/"}]}},"_links":{"self":[{"href":"https:\/\/covasna45.ro\/index.php\/wp-json\/wp\/v2\/posts\/16196","targetHints":{"allow":["GET"]}}],"collection":[{"href":"https:\/\/covasna45.ro\/index.php\/wp-json\/wp\/v2\/posts"}],"about":[{"href":"https:\/\/covasna45.ro\/index.php\/wp-json\/wp\/v2\/types\/post"}],"author":[{"embeddable":true,"href":"https:\/\/covasna45.ro\/index.php\/wp-json\/wp\/v2\/users\/1"}],"replies":[{"embeddable":true,"href":"https:\/\/covasna45.ro\/index.php\/wp-json\/wp\/v2\/comments?post=16196"}],"version-history":[{"count":1,"href":"https:\/\/covasna45.ro\/index.php\/wp-json\/wp\/v2\/posts\/16196\/revisions"}],"predecessor-version":[{"id":16198,"href":"https:\/\/covasna45.ro\/index.php\/wp-json\/wp\/v2\/posts\/16196\/revisions\/16198"}],"wp:featuredmedia":[{"embeddable":true,"href":"https:\/\/covasna45.ro\/index.php\/wp-json\/wp\/v2\/media\/16197"}],"wp:attachment":[{"href":"https:\/\/covasna45.ro\/index.php\/wp-json\/wp\/v2\/media?parent=16196"}],"wp:term":[{"taxonomy":"category","embeddable":true,"href":"https:\/\/covasna45.ro\/index.php\/wp-json\/wp\/v2\/categories?post=16196"},{"taxonomy":"post_tag","embeddable":true,"href":"https:\/\/covasna45.ro\/index.php\/wp-json\/wp\/v2\/tags?post=16196"}],"curies":[{"name":"wp","href":"https:\/\/api.w.org\/{rel}","templated":true}]}}