{"id":16199,"date":"2026-04-29T12:34:26","date_gmt":"2026-04-29T10:34:26","guid":{"rendered":"https:\/\/covasna45.ro\/?p=16199"},"modified":"2026-04-29T12:35:13","modified_gmt":"2026-04-29T10:35:13","slug":"statuia-lui-petofi-sandor-instalata-intr-un-nou-parc-din-sfantu-gheorghe","status":"publish","type":"post","link":"https:\/\/covasna45.ro\/index.php\/lumea-noastra\/statuia-lui-petofi-sandor-instalata-intr-un-nou-parc-din-sfantu-gheorghe\/","title":{"rendered":"Statuia lui Pet\u0151fi S\u00e1ndor, instalat\u0103 \u00eentr-un nou parc din Sf\u00e2ntu Gheorghe"},"content":{"rendered":"\n<p>Prim\u0103ria Sf\u00e2ntu Gheorghe anun\u021b\u0103 c\u0103 duminic\u0103, 3 mai, \u00eencep\u00e2nd cu ora 16:00, va avea loc inaugurarea celei mai noi zone comunitare din Sf\u00e2ntu Gheorghe, Parcul Pet\u0151fi.<\/p>\n\n\n\n<p>\u00cen cadrul evenimentului va fi dezvelit\u0103 statuia \u00een m\u0103rime natural\u0103 a poetului Pet\u0151fi S\u00e1ndor, oper\u0103 a sculptorului Gergely Zolt\u00e1n. La festivitate vor fi prezen\u021bi, al\u0103turi de artist, primarul Antal \u00c1rp\u00e1d \u0219i istoricul de art\u0103 J\u00e1n\u00f3 Mih\u00e1ly.<\/p>\n\n\n\n<figure class=\"wp-block-image size-large\"><img loading=\"lazy\" decoding=\"async\" width=\"1024\" height=\"768\" src=\"https:\/\/covasna45.ro\/wp-content\/uploads\/2026\/04\/ps2-1024x768.jpg\" alt=\"\" class=\"wp-image-16201\" srcset=\"https:\/\/covasna45.ro\/wp-content\/uploads\/2026\/04\/ps2-1024x768.jpg 1024w, https:\/\/covasna45.ro\/wp-content\/uploads\/2026\/04\/ps2-300x225.jpg 300w, https:\/\/covasna45.ro\/wp-content\/uploads\/2026\/04\/ps2-768x576.jpg 768w, https:\/\/covasna45.ro\/wp-content\/uploads\/2026\/04\/ps2-1536x1152.jpg 1536w, https:\/\/covasna45.ro\/wp-content\/uploads\/2026\/04\/ps2-150x113.jpg 150w, https:\/\/covasna45.ro\/wp-content\/uploads\/2026\/04\/ps2-696x522.jpg 696w, https:\/\/covasna45.ro\/wp-content\/uploads\/2026\/04\/ps2-1068x801.jpg 1068w, https:\/\/covasna45.ro\/wp-content\/uploads\/2026\/04\/ps2-1920x1440.jpg 1920w, https:\/\/covasna45.ro\/wp-content\/uploads\/2026\/04\/ps2.jpg 2048w\" sizes=\"auto, (max-width: 1024px) 100vw, 1024px\" \/><\/figure>\n\n\n\n<p>\u201e<strong>Cultura este mai puternic\u0103 dec\u00e2t arma<\/strong>\u201d<\/p>\n\n\n\n<p>\u0218ase arti\u0219ti s-au \u00eenscris la&nbsp;<a href=\"https:\/\/www.sfantugheorgheinfo.ro\/stiri\/propunerile-pentru-statuia-lui-petofi-sandor-au-fost-jurizate\">concursul<\/a>&nbsp;organizat de Prim\u0103ria Sf\u00e2ntu Gheorghe pentru realizarea statuii lui Pet\u0151fi \u2013 patru din Ungaria \u0219i doi din Transilvania. C\u00e2\u0219tig\u0103torul, Gergely Zolt\u00e1n, are o mul\u021bime de lucr\u0103ri publice \u00een \u021bar\u0103 \u0219i \u00een str\u0103in\u0103tate \u0219i este, din 1998, membru al Uniunii Arti\u0219tilor Plastici din Rom\u00e2nia, filiala Cluj. Este un artist premiat \u0219i apreciat la nivel interna\u021bional.<\/p>\n\n\n\n<p>Ne-a oferit c\u00e2teva detalii.<\/p>\n\n\n\n<p>\u201e<strong>Este o lucrare din bronz, de 240 de centimetri, care va sta pe un soclu de piatr\u0103 de 70 de centimetri. Nu putem vorbi despre o statuie mult prea impun\u0103toare \u0219i dominant\u0103, ci despre una care se va integra armonios \u00een spa\u021biul amenajat<\/strong>.<\/p>\n\n\n\n<p>Am \u00eencercat, consult\u00e2nd patru imagini \u2013 trei desene \u0219i un dagherotip din timpul vie\u021bii lui Pet\u0151fi, s\u0103 g\u0103sesc acele tr\u0103s\u0103turi comune din ele care s\u0103 fie c\u00e2t mai aproape de adev\u0103r, f\u0103r\u0103 interpret\u0103ri. Pentru c\u0103, a\u0219a cum s-a \u00eent\u00e2mplat \u0219i \u00een cazul lui Mihai Eminescu, percep\u021bia public\u0103 a p\u0103strat o imagine romantic\u0103, idealizat\u0103 a poetului.<\/p>\n\n\n\n<p>Figura este totu\u0219i stilizat\u0103, ca prin mi\u0219carea \u0219i expresia corpului s\u0103-i pot vizualiza mai bine atitudinea specific\u0103 \u0219i tr\u0103s\u0103turile interioare.<\/p>\n\n\n\n<p>Pet\u0151fi a avut \u00een ultimii 170 de ani peste 1.000 de reprezent\u0103ri plastice, de toate genurile. Am vrut s\u0103 men\u021bin totu\u0219i leg\u0103tura cu realitatea, s\u0103 spunem a\u0219a. \u00cen plus, \u00een interpretarea mea, Pet\u0151fi nu este doar un revolu\u021bionar,&nbsp;de\u0219i el a fost prezent pe c\u00e2mpul de lupt\u0103, unde p\u00e2n\u0103 la urm\u0103 a \u0219i murit, dar pentru genera\u021biile ulterioare poate \u0219i mai important\u0103 este geniala sa crea\u021bie poetic\u0103, fiind cel mai cunoscut poet maghiar.<strong>&nbsp;La urma urmei, el \u0219i-a servit poporul \u0219i \u021bara prin arta sa, prin scris. \u0218i v\u0103 m\u0103rturisesc c\u0103 un element important al concep\u021biei mele este sintagma:&nbsp;Cultura este mai puternic\u0103 dec\u00e2t arma<\/strong>\u201d, a declarat, pentru&nbsp;<a href=\"https:\/\/covasna45.ro\/index.php\/lumea-noastra\/prof-petre-strachinaru-50-de-ani-de-la-inaugurarea-casei-de-cultura-a-sindicatelor-din-sfantu-gheorghe\/\">covasna45.ro<\/a>, Gergely Zolt\u00e1n.<\/p>\n\n\n\n<h2 class=\"wp-block-heading\">Detalii reproduse \u00een bronz<\/h2>\n\n\n\n<p>Statuia lui Pet\u0151fi S\u00e1ndor a fost turnat\u0103 \u00een bronz \u00eentr-un atelier din Zimandu Nou, o micu\u021b\u0103 localitate din jude\u021bul Arad. \u00cenfiin\u021bat de regretatul sculptor Voicu Ovidiu Petroman, atelierul este primul de acest gen din Rom\u00e2nia. Au adus tehnologie din Occident \u0219i au un portofoliu impresionant. La statuia lui Pet\u0151fi au lucrat o lun\u0103 \u0219i trei s\u0103pt\u0103m\u00e2ni, colabor\u00e2nd \u00eendeaproape cu artistul Gergely Zolt\u00e1n, \u201eun perfectionist\u201d, dup\u0103 cum au men\u021bionat pentru <a href=\"https:\/\/covasna45.ro\/index.php\/uncategorized\/statuia-lui-petofi-sandor-e-gata-a-fost-creata-la-cluj-si-turnata-in-bronz-la-arad\/\">covasna45.ro<\/a> cei de la\u00a0<a href=\"https:\/\/artcast.ro\/ro\/despre-noi\/\">firma<\/a>\u00a0din Zimandu Nou.<\/p>\n\n\n\n<h2 class=\"wp-block-heading\">Program duminic\u0103:<\/h2>\n\n\n\n<figure class=\"wp-block-image size-large\"><img loading=\"lazy\" decoding=\"async\" width=\"1024\" height=\"768\" src=\"https:\/\/covasna45.ro\/wp-content\/uploads\/2026\/04\/ps-1024x768.jpg\" alt=\"\" class=\"wp-image-16202\" srcset=\"https:\/\/covasna45.ro\/wp-content\/uploads\/2026\/04\/ps-1024x768.jpg 1024w, https:\/\/covasna45.ro\/wp-content\/uploads\/2026\/04\/ps-300x225.jpg 300w, https:\/\/covasna45.ro\/wp-content\/uploads\/2026\/04\/ps-768x576.jpg 768w, https:\/\/covasna45.ro\/wp-content\/uploads\/2026\/04\/ps-1536x1152.jpg 1536w, https:\/\/covasna45.ro\/wp-content\/uploads\/2026\/04\/ps-150x113.jpg 150w, https:\/\/covasna45.ro\/wp-content\/uploads\/2026\/04\/ps-696x522.jpg 696w, https:\/\/covasna45.ro\/wp-content\/uploads\/2026\/04\/ps-1068x801.jpg 1068w, https:\/\/covasna45.ro\/wp-content\/uploads\/2026\/04\/ps-1920x1440.jpg 1920w, https:\/\/covasna45.ro\/wp-content\/uploads\/2026\/04\/ps.jpg 2048w\" sizes=\"auto, (max-width: 1024px) 100vw, 1024px\" \/><\/figure>\n\n\n\n<p>Programul inaugural va include un recital sus\u021binut de actorul Nagy Kopeczky Krist\u00f3f \u0219i momente artistice oferite de elevii Colegiului Na\u021bional \u201eSz\u00e9kely Mik\u00f3\u201d. Loca\u021bia: parcul situat la intersec\u021bia str\u0103zii 1 Decembrie 1918 cu strada Zefirului.<\/p>\n","protected":false},"excerpt":{"rendered":"<p>Prim\u0103ria Sf\u00e2ntu Gheorghe anun\u021b\u0103 c\u0103 duminic\u0103, 3 mai, \u00eencep\u00e2nd cu ora 16:00, va avea loc inaugurarea celei mai noi zone comunitare din Sf\u00e2ntu Gheorghe, Parcul Pet\u0151fi. \u00cen cadrul evenimentului va fi dezvelit\u0103 statuia \u00een m\u0103rime natural\u0103 a poetului Pet\u0151fi S\u00e1ndor, oper\u0103 a sculptorului Gergely Zolt\u00e1n. La festivitate vor fi prezen\u021bi, al\u0103turi de artist, primarul Antal [&hellip;]<\/p>\n","protected":false},"author":1,"featured_media":16200,"comment_status":"open","ping_status":"closed","sticky":false,"template":"","format":"standard","meta":{"tdm_status":"","tdm_grid_status":"","footnotes":""},"categories":[14],"tags":[3582,2124],"class_list":{"0":"post-16199","1":"post","2":"type-post","3":"status-publish","4":"format-standard","5":"has-post-thumbnail","7":"category-lumea-noastra","8":"tag-petofi-sandor","9":"tag-sfantu-gheorghe-2"},"yoast_head":"<!-- This site is optimized with the Yoast SEO plugin v27.5 - https:\/\/yoast.com\/product\/yoast-seo-wordpress\/ -->\n<title>Statuia lui Pet\u0151fi S\u00e1ndor, instalat\u0103 \u00eentr-un nou parc din Sf\u00e2ntu Gheorghe - Covasna45<\/title>\n<meta name=\"description\" content=\"\u00cen cadrul evenimentului va fi dezvelit\u0103 statuia \u00een m\u0103rime natural\u0103 a poetului Pet\u0151fi S\u00e1ndor. Vor fi prezente mai multe oficialit\u0103\u021bi.\" \/>\n<meta name=\"robots\" content=\"index, follow, max-snippet:-1, max-image-preview:large, max-video-preview:-1\" \/>\n<link rel=\"canonical\" href=\"https:\/\/covasna45.ro\/index.php\/lumea-noastra\/statuia-lui-petofi-sandor-instalata-intr-un-nou-parc-din-sfantu-gheorghe\/\" \/>\n<meta property=\"og:locale\" content=\"ro_RO\" \/>\n<meta property=\"og:type\" content=\"article\" \/>\n<meta property=\"og:title\" content=\"Statuia lui Pet\u0151fi S\u00e1ndor, instalat\u0103 \u00eentr-un nou parc din Sf\u00e2ntu Gheorghe - Covasna45\" \/>\n<meta property=\"og:description\" content=\"\u00cen cadrul evenimentului va fi dezvelit\u0103 statuia \u00een m\u0103rime natural\u0103 a poetului Pet\u0151fi S\u00e1ndor. Vor fi prezente mai multe oficialit\u0103\u021bi.\" \/>\n<meta property=\"og:url\" content=\"https:\/\/covasna45.ro\/index.php\/lumea-noastra\/statuia-lui-petofi-sandor-instalata-intr-un-nou-parc-din-sfantu-gheorghe\/\" \/>\n<meta property=\"og:site_name\" content=\"Covasna45\" \/>\n<meta property=\"article:published_time\" content=\"2026-04-29T10:34:26+00:00\" \/>\n<meta property=\"article:modified_time\" content=\"2026-04-29T10:35:13+00:00\" \/>\n<meta property=\"og:image\" content=\"https:\/\/covasna45.ro\/wp-content\/uploads\/2026\/04\/statuie-pet.jpeg\" \/>\n\t<meta property=\"og:image:width\" content=\"1600\" \/>\n\t<meta property=\"og:image:height\" content=\"1200\" \/>\n\t<meta property=\"og:image:type\" content=\"image\/jpeg\" \/>\n<meta name=\"author\" content=\"Covasna45\" \/>\n<meta name=\"twitter:card\" content=\"summary_large_image\" \/>\n<meta name=\"twitter:label1\" content=\"Scris de\" \/>\n\t<meta name=\"twitter:data1\" content=\"Covasna45\" \/>\n\t<meta name=\"twitter:label2\" content=\"Timp estimat pentru citire\" \/>\n\t<meta name=\"twitter:data2\" content=\"4 minute\" \/>\n<script type=\"application\/ld+json\" class=\"yoast-schema-graph\">{\"@context\":\"https:\\\/\\\/schema.org\",\"@graph\":[{\"@type\":\"Article\",\"@id\":\"https:\\\/\\\/covasna45.ro\\\/index.php\\\/lumea-noastra\\\/statuia-lui-petofi-sandor-instalata-intr-un-nou-parc-din-sfantu-gheorghe\\\/#article\",\"isPartOf\":{\"@id\":\"https:\\\/\\\/covasna45.ro\\\/index.php\\\/lumea-noastra\\\/statuia-lui-petofi-sandor-instalata-intr-un-nou-parc-din-sfantu-gheorghe\\\/\"},\"author\":{\"name\":\"Covasna45\",\"@id\":\"https:\\\/\\\/covasna45.ro\\\/#\\\/schema\\\/person\\\/e674052bd7d95d70bbb007a1060ab73c\"},\"headline\":\"Statuia lui Pet\u0151fi S\u00e1ndor, instalat\u0103 \u00eentr-un nou parc din Sf\u00e2ntu Gheorghe\",\"datePublished\":\"2026-04-29T10:34:26+00:00\",\"dateModified\":\"2026-04-29T10:35:13+00:00\",\"mainEntityOfPage\":{\"@id\":\"https:\\\/\\\/covasna45.ro\\\/index.php\\\/lumea-noastra\\\/statuia-lui-petofi-sandor-instalata-intr-un-nou-parc-din-sfantu-gheorghe\\\/\"},\"wordCount\":576,\"commentCount\":0,\"publisher\":{\"@id\":\"https:\\\/\\\/covasna45.ro\\\/#organization\"},\"image\":{\"@id\":\"https:\\\/\\\/covasna45.ro\\\/index.php\\\/lumea-noastra\\\/statuia-lui-petofi-sandor-instalata-intr-un-nou-parc-din-sfantu-gheorghe\\\/#primaryimage\"},\"thumbnailUrl\":\"https:\\\/\\\/covasna45.ro\\\/wp-content\\\/uploads\\\/2026\\\/04\\\/statuie-pet.jpeg\",\"keywords\":[\"Petofi Sandor\",\"Sfantu Gheorghe\"],\"articleSection\":[\"Lumea noastr\u0103\"],\"inLanguage\":\"ro-RO\",\"potentialAction\":[{\"@type\":\"CommentAction\",\"name\":\"Comment\",\"target\":[\"https:\\\/\\\/covasna45.ro\\\/index.php\\\/lumea-noastra\\\/statuia-lui-petofi-sandor-instalata-intr-un-nou-parc-din-sfantu-gheorghe\\\/#respond\"]}]},{\"@type\":\"WebPage\",\"@id\":\"https:\\\/\\\/covasna45.ro\\\/index.php\\\/lumea-noastra\\\/statuia-lui-petofi-sandor-instalata-intr-un-nou-parc-din-sfantu-gheorghe\\\/\",\"url\":\"https:\\\/\\\/covasna45.ro\\\/index.php\\\/lumea-noastra\\\/statuia-lui-petofi-sandor-instalata-intr-un-nou-parc-din-sfantu-gheorghe\\\/\",\"name\":\"Statuia lui Pet\u0151fi S\u00e1ndor, instalat\u0103 \u00eentr-un nou parc din Sf\u00e2ntu Gheorghe - Covasna45\",\"isPartOf\":{\"@id\":\"https:\\\/\\\/covasna45.ro\\\/#website\"},\"primaryImageOfPage\":{\"@id\":\"https:\\\/\\\/covasna45.ro\\\/index.php\\\/lumea-noastra\\\/statuia-lui-petofi-sandor-instalata-intr-un-nou-parc-din-sfantu-gheorghe\\\/#primaryimage\"},\"image\":{\"@id\":\"https:\\\/\\\/covasna45.ro\\\/index.php\\\/lumea-noastra\\\/statuia-lui-petofi-sandor-instalata-intr-un-nou-parc-din-sfantu-gheorghe\\\/#primaryimage\"},\"thumbnailUrl\":\"https:\\\/\\\/covasna45.ro\\\/wp-content\\\/uploads\\\/2026\\\/04\\\/statuie-pet.jpeg\",\"datePublished\":\"2026-04-29T10:34:26+00:00\",\"dateModified\":\"2026-04-29T10:35:13+00:00\",\"description\":\"\u00cen cadrul evenimentului va fi dezvelit\u0103 statuia \u00een m\u0103rime natural\u0103 a poetului Pet\u0151fi S\u00e1ndor. Vor fi prezente mai multe oficialit\u0103\u021bi.\",\"breadcrumb\":{\"@id\":\"https:\\\/\\\/covasna45.ro\\\/index.php\\\/lumea-noastra\\\/statuia-lui-petofi-sandor-instalata-intr-un-nou-parc-din-sfantu-gheorghe\\\/#breadcrumb\"},\"inLanguage\":\"ro-RO\",\"potentialAction\":[{\"@type\":\"ReadAction\",\"target\":[\"https:\\\/\\\/covasna45.ro\\\/index.php\\\/lumea-noastra\\\/statuia-lui-petofi-sandor-instalata-intr-un-nou-parc-din-sfantu-gheorghe\\\/\"]}]},{\"@type\":\"ImageObject\",\"inLanguage\":\"ro-RO\",\"@id\":\"https:\\\/\\\/covasna45.ro\\\/index.php\\\/lumea-noastra\\\/statuia-lui-petofi-sandor-instalata-intr-un-nou-parc-din-sfantu-gheorghe\\\/#primaryimage\",\"url\":\"https:\\\/\\\/covasna45.ro\\\/wp-content\\\/uploads\\\/2026\\\/04\\\/statuie-pet.jpeg\",\"contentUrl\":\"https:\\\/\\\/covasna45.ro\\\/wp-content\\\/uploads\\\/2026\\\/04\\\/statuie-pet.jpeg\",\"width\":1600,\"height\":1200},{\"@type\":\"BreadcrumbList\",\"@id\":\"https:\\\/\\\/covasna45.ro\\\/index.php\\\/lumea-noastra\\\/statuia-lui-petofi-sandor-instalata-intr-un-nou-parc-din-sfantu-gheorghe\\\/#breadcrumb\",\"itemListElement\":[{\"@type\":\"ListItem\",\"position\":1,\"name\":\"Prima pagin\u0103\",\"item\":\"https:\\\/\\\/covasna45.ro\\\/\"},{\"@type\":\"ListItem\",\"position\":2,\"name\":\"Statuia lui Pet\u0151fi S\u00e1ndor, instalat\u0103 \u00eentr-un nou parc din Sf\u00e2ntu Gheorghe\"}]},{\"@type\":\"WebSite\",\"@id\":\"https:\\\/\\\/covasna45.ro\\\/#website\",\"url\":\"https:\\\/\\\/covasna45.ro\\\/\",\"name\":\"covasna45.ro\",\"description\":\"\",\"publisher\":{\"@id\":\"https:\\\/\\\/covasna45.ro\\\/#organization\"},\"potentialAction\":[{\"@type\":\"SearchAction\",\"target\":{\"@type\":\"EntryPoint\",\"urlTemplate\":\"https:\\\/\\\/covasna45.ro\\\/?s={search_term_string}\"},\"query-input\":{\"@type\":\"PropertyValueSpecification\",\"valueRequired\":true,\"valueName\":\"search_term_string\"}}],\"inLanguage\":\"ro-RO\"},{\"@type\":\"Organization\",\"@id\":\"https:\\\/\\\/covasna45.ro\\\/#organization\",\"name\":\"covasna45.ro\",\"url\":\"https:\\\/\\\/covasna45.ro\\\/\",\"logo\":{\"@type\":\"ImageObject\",\"inLanguage\":\"ro-RO\",\"@id\":\"https:\\\/\\\/covasna45.ro\\\/#\\\/schema\\\/logo\\\/image\\\/\",\"url\":\"https:\\\/\\\/covasna45.ro\\\/wp-content\\\/uploads\\\/2023\\\/01\\\/icon_logo.png\",\"contentUrl\":\"https:\\\/\\\/covasna45.ro\\\/wp-content\\\/uploads\\\/2023\\\/01\\\/icon_logo.png\",\"width\":1900,\"height\":1900,\"caption\":\"covasna45.ro\"},\"image\":{\"@id\":\"https:\\\/\\\/covasna45.ro\\\/#\\\/schema\\\/logo\\\/image\\\/\"}},{\"@type\":\"Person\",\"@id\":\"https:\\\/\\\/covasna45.ro\\\/#\\\/schema\\\/person\\\/e674052bd7d95d70bbb007a1060ab73c\",\"name\":\"Covasna45\",\"image\":{\"@type\":\"ImageObject\",\"inLanguage\":\"ro-RO\",\"@id\":\"https:\\\/\\\/covasna45.ro\\\/wp-content\\\/uploads\\\/2025\\\/10\\\/icon_logo_covasna45-150x150.png\",\"url\":\"https:\\\/\\\/covasna45.ro\\\/wp-content\\\/uploads\\\/2025\\\/10\\\/icon_logo_covasna45-150x150.png\",\"contentUrl\":\"https:\\\/\\\/covasna45.ro\\\/wp-content\\\/uploads\\\/2025\\\/10\\\/icon_logo_covasna45-150x150.png\",\"caption\":\"Covasna45\"},\"sameAs\":[\"https:\\\/\\\/covasna45.ro\"],\"url\":\"https:\\\/\\\/covasna45.ro\\\/index.php\\\/author\\\/covasna\\\/\"}]}<\/script>\n<!-- \/ Yoast SEO plugin. -->","yoast_head_json":{"title":"Statuia lui Pet\u0151fi S\u00e1ndor, instalat\u0103 \u00eentr-un nou parc din Sf\u00e2ntu Gheorghe - Covasna45","description":"\u00cen cadrul evenimentului va fi dezvelit\u0103 statuia \u00een m\u0103rime natural\u0103 a poetului Pet\u0151fi S\u00e1ndor. Vor fi prezente mai multe oficialit\u0103\u021bi.","robots":{"index":"index","follow":"follow","max-snippet":"max-snippet:-1","max-image-preview":"max-image-preview:large","max-video-preview":"max-video-preview:-1"},"canonical":"https:\/\/covasna45.ro\/index.php\/lumea-noastra\/statuia-lui-petofi-sandor-instalata-intr-un-nou-parc-din-sfantu-gheorghe\/","og_locale":"ro_RO","og_type":"article","og_title":"Statuia lui Pet\u0151fi S\u00e1ndor, instalat\u0103 \u00eentr-un nou parc din Sf\u00e2ntu Gheorghe - Covasna45","og_description":"\u00cen cadrul evenimentului va fi dezvelit\u0103 statuia \u00een m\u0103rime natural\u0103 a poetului Pet\u0151fi S\u00e1ndor. Vor fi prezente mai multe oficialit\u0103\u021bi.","og_url":"https:\/\/covasna45.ro\/index.php\/lumea-noastra\/statuia-lui-petofi-sandor-instalata-intr-un-nou-parc-din-sfantu-gheorghe\/","og_site_name":"Covasna45","article_published_time":"2026-04-29T10:34:26+00:00","article_modified_time":"2026-04-29T10:35:13+00:00","og_image":[{"width":1600,"height":1200,"url":"https:\/\/covasna45.ro\/wp-content\/uploads\/2026\/04\/statuie-pet.jpeg","type":"image\/jpeg"}],"author":"Covasna45","twitter_card":"summary_large_image","twitter_misc":{"Scris de":"Covasna45","Timp estimat pentru citire":"4 minute"},"schema":{"@context":"https:\/\/schema.org","@graph":[{"@type":"Article","@id":"https:\/\/covasna45.ro\/index.php\/lumea-noastra\/statuia-lui-petofi-sandor-instalata-intr-un-nou-parc-din-sfantu-gheorghe\/#article","isPartOf":{"@id":"https:\/\/covasna45.ro\/index.php\/lumea-noastra\/statuia-lui-petofi-sandor-instalata-intr-un-nou-parc-din-sfantu-gheorghe\/"},"author":{"name":"Covasna45","@id":"https:\/\/covasna45.ro\/#\/schema\/person\/e674052bd7d95d70bbb007a1060ab73c"},"headline":"Statuia lui Pet\u0151fi S\u00e1ndor, instalat\u0103 \u00eentr-un nou parc din Sf\u00e2ntu Gheorghe","datePublished":"2026-04-29T10:34:26+00:00","dateModified":"2026-04-29T10:35:13+00:00","mainEntityOfPage":{"@id":"https:\/\/covasna45.ro\/index.php\/lumea-noastra\/statuia-lui-petofi-sandor-instalata-intr-un-nou-parc-din-sfantu-gheorghe\/"},"wordCount":576,"commentCount":0,"publisher":{"@id":"https:\/\/covasna45.ro\/#organization"},"image":{"@id":"https:\/\/covasna45.ro\/index.php\/lumea-noastra\/statuia-lui-petofi-sandor-instalata-intr-un-nou-parc-din-sfantu-gheorghe\/#primaryimage"},"thumbnailUrl":"https:\/\/covasna45.ro\/wp-content\/uploads\/2026\/04\/statuie-pet.jpeg","keywords":["Petofi Sandor","Sfantu Gheorghe"],"articleSection":["Lumea noastr\u0103"],"inLanguage":"ro-RO","potentialAction":[{"@type":"CommentAction","name":"Comment","target":["https:\/\/covasna45.ro\/index.php\/lumea-noastra\/statuia-lui-petofi-sandor-instalata-intr-un-nou-parc-din-sfantu-gheorghe\/#respond"]}]},{"@type":"WebPage","@id":"https:\/\/covasna45.ro\/index.php\/lumea-noastra\/statuia-lui-petofi-sandor-instalata-intr-un-nou-parc-din-sfantu-gheorghe\/","url":"https:\/\/covasna45.ro\/index.php\/lumea-noastra\/statuia-lui-petofi-sandor-instalata-intr-un-nou-parc-din-sfantu-gheorghe\/","name":"Statuia lui Pet\u0151fi S\u00e1ndor, instalat\u0103 \u00eentr-un nou parc din Sf\u00e2ntu Gheorghe - Covasna45","isPartOf":{"@id":"https:\/\/covasna45.ro\/#website"},"primaryImageOfPage":{"@id":"https:\/\/covasna45.ro\/index.php\/lumea-noastra\/statuia-lui-petofi-sandor-instalata-intr-un-nou-parc-din-sfantu-gheorghe\/#primaryimage"},"image":{"@id":"https:\/\/covasna45.ro\/index.php\/lumea-noastra\/statuia-lui-petofi-sandor-instalata-intr-un-nou-parc-din-sfantu-gheorghe\/#primaryimage"},"thumbnailUrl":"https:\/\/covasna45.ro\/wp-content\/uploads\/2026\/04\/statuie-pet.jpeg","datePublished":"2026-04-29T10:34:26+00:00","dateModified":"2026-04-29T10:35:13+00:00","description":"\u00cen cadrul evenimentului va fi dezvelit\u0103 statuia \u00een m\u0103rime natural\u0103 a poetului Pet\u0151fi S\u00e1ndor. Vor fi prezente mai multe oficialit\u0103\u021bi.","breadcrumb":{"@id":"https:\/\/covasna45.ro\/index.php\/lumea-noastra\/statuia-lui-petofi-sandor-instalata-intr-un-nou-parc-din-sfantu-gheorghe\/#breadcrumb"},"inLanguage":"ro-RO","potentialAction":[{"@type":"ReadAction","target":["https:\/\/covasna45.ro\/index.php\/lumea-noastra\/statuia-lui-petofi-sandor-instalata-intr-un-nou-parc-din-sfantu-gheorghe\/"]}]},{"@type":"ImageObject","inLanguage":"ro-RO","@id":"https:\/\/covasna45.ro\/index.php\/lumea-noastra\/statuia-lui-petofi-sandor-instalata-intr-un-nou-parc-din-sfantu-gheorghe\/#primaryimage","url":"https:\/\/covasna45.ro\/wp-content\/uploads\/2026\/04\/statuie-pet.jpeg","contentUrl":"https:\/\/covasna45.ro\/wp-content\/uploads\/2026\/04\/statuie-pet.jpeg","width":1600,"height":1200},{"@type":"BreadcrumbList","@id":"https:\/\/covasna45.ro\/index.php\/lumea-noastra\/statuia-lui-petofi-sandor-instalata-intr-un-nou-parc-din-sfantu-gheorghe\/#breadcrumb","itemListElement":[{"@type":"ListItem","position":1,"name":"Prima pagin\u0103","item":"https:\/\/covasna45.ro\/"},{"@type":"ListItem","position":2,"name":"Statuia lui Pet\u0151fi S\u00e1ndor, instalat\u0103 \u00eentr-un nou parc din Sf\u00e2ntu Gheorghe"}]},{"@type":"WebSite","@id":"https:\/\/covasna45.ro\/#website","url":"https:\/\/covasna45.ro\/","name":"covasna45.ro","description":"","publisher":{"@id":"https:\/\/covasna45.ro\/#organization"},"potentialAction":[{"@type":"SearchAction","target":{"@type":"EntryPoint","urlTemplate":"https:\/\/covasna45.ro\/?s={search_term_string}"},"query-input":{"@type":"PropertyValueSpecification","valueRequired":true,"valueName":"search_term_string"}}],"inLanguage":"ro-RO"},{"@type":"Organization","@id":"https:\/\/covasna45.ro\/#organization","name":"covasna45.ro","url":"https:\/\/covasna45.ro\/","logo":{"@type":"ImageObject","inLanguage":"ro-RO","@id":"https:\/\/covasna45.ro\/#\/schema\/logo\/image\/","url":"https:\/\/covasna45.ro\/wp-content\/uploads\/2023\/01\/icon_logo.png","contentUrl":"https:\/\/covasna45.ro\/wp-content\/uploads\/2023\/01\/icon_logo.png","width":1900,"height":1900,"caption":"covasna45.ro"},"image":{"@id":"https:\/\/covasna45.ro\/#\/schema\/logo\/image\/"}},{"@type":"Person","@id":"https:\/\/covasna45.ro\/#\/schema\/person\/e674052bd7d95d70bbb007a1060ab73c","name":"Covasna45","image":{"@type":"ImageObject","inLanguage":"ro-RO","@id":"https:\/\/covasna45.ro\/wp-content\/uploads\/2025\/10\/icon_logo_covasna45-150x150.png","url":"https:\/\/covasna45.ro\/wp-content\/uploads\/2025\/10\/icon_logo_covasna45-150x150.png","contentUrl":"https:\/\/covasna45.ro\/wp-content\/uploads\/2025\/10\/icon_logo_covasna45-150x150.png","caption":"Covasna45"},"sameAs":["https:\/\/covasna45.ro"],"url":"https:\/\/covasna45.ro\/index.php\/author\/covasna\/"}]}},"_links":{"self":[{"href":"https:\/\/covasna45.ro\/index.php\/wp-json\/wp\/v2\/posts\/16199","targetHints":{"allow":["GET"]}}],"collection":[{"href":"https:\/\/covasna45.ro\/index.php\/wp-json\/wp\/v2\/posts"}],"about":[{"href":"https:\/\/covasna45.ro\/index.php\/wp-json\/wp\/v2\/types\/post"}],"author":[{"embeddable":true,"href":"https:\/\/covasna45.ro\/index.php\/wp-json\/wp\/v2\/users\/1"}],"replies":[{"embeddable":true,"href":"https:\/\/covasna45.ro\/index.php\/wp-json\/wp\/v2\/comments?post=16199"}],"version-history":[{"count":2,"href":"https:\/\/covasna45.ro\/index.php\/wp-json\/wp\/v2\/posts\/16199\/revisions"}],"predecessor-version":[{"id":16204,"href":"https:\/\/covasna45.ro\/index.php\/wp-json\/wp\/v2\/posts\/16199\/revisions\/16204"}],"wp:featuredmedia":[{"embeddable":true,"href":"https:\/\/covasna45.ro\/index.php\/wp-json\/wp\/v2\/media\/16200"}],"wp:attachment":[{"href":"https:\/\/covasna45.ro\/index.php\/wp-json\/wp\/v2\/media?parent=16199"}],"wp:term":[{"taxonomy":"category","embeddable":true,"href":"https:\/\/covasna45.ro\/index.php\/wp-json\/wp\/v2\/categories?post=16199"},{"taxonomy":"post_tag","embeddable":true,"href":"https:\/\/covasna45.ro\/index.php\/wp-json\/wp\/v2\/tags?post=16199"}],"curies":[{"name":"wp","href":"https:\/\/api.w.org\/{rel}","templated":true}]}}