{"id":16213,"date":"2026-04-29T15:11:45","date_gmt":"2026-04-29T13:11:45","guid":{"rendered":"https:\/\/covasna45.ro\/?p=16213"},"modified":"2026-04-29T15:11:58","modified_gmt":"2026-04-29T13:11:58","slug":"podul-rupt-de-la-ariusd-intra-in-reparatii-s-a-semnat-contractul","status":"publish","type":"post","link":"https:\/\/covasna45.ro\/index.php\/lumea-noastra\/podul-rupt-de-la-ariusd-intra-in-reparatii-s-a-semnat-contractul\/","title":{"rendered":"Podul rupt de la Ariu\u0219d intr\u0103 \u00een repara\u021bii: s-a semnat contractul"},"content":{"rendered":"\n<p>Podul de peste Olt dintre Ariu\u0219d \u0219i Bod, <a href=\"https:\/\/covasna45.ro\/index.php\/lumea-noastra\/podul-de-peste-olt-de-la-ariusd-s-a-prabusit\/\">pr\u0103bu\u0219it<\/a> complet la finele lunii martie, va intra \u00een repara\u021bii. Consiliul Local V\u00e2lcele a votat azi \u00een unanimitate propunerea de semnare a contractului de \u00eencepere a construc\u021biei cu data de 4 mai 2026.<\/p>\n\n\n\n<p>Licita\u021bia a fost c\u00e2\u0219tigat\u0103 de o asociere de firme. Lucr\u0103rile vor dura un an. Finan\u021barea e asigurat\u0103 prin programul \u201eAnghel Saligny\u201d, cu o contribu\u021bie din partea Prim\u0103riei V\u00e2lcele.<\/p>\n\n\n\n<figure class=\"wp-block-image size-large\"><img loading=\"lazy\" decoding=\"async\" width=\"768\" height=\"1024\" src=\"https:\/\/covasna45.ro\/wp-content\/uploads\/2026\/04\/pod2-768x1024.jpg\" alt=\"\" class=\"wp-image-16214\" srcset=\"https:\/\/covasna45.ro\/wp-content\/uploads\/2026\/04\/pod2-768x1024.jpg 768w, https:\/\/covasna45.ro\/wp-content\/uploads\/2026\/04\/pod2-225x300.jpg 225w, https:\/\/covasna45.ro\/wp-content\/uploads\/2026\/04\/pod2-1152x1536.jpg 1152w, https:\/\/covasna45.ro\/wp-content\/uploads\/2026\/04\/pod2-150x200.jpg 150w, https:\/\/covasna45.ro\/wp-content\/uploads\/2026\/04\/pod2-300x400.jpg 300w, https:\/\/covasna45.ro\/wp-content\/uploads\/2026\/04\/pod2-696x928.jpg 696w, https:\/\/covasna45.ro\/wp-content\/uploads\/2026\/04\/pod2-1068x1424.jpg 1068w, https:\/\/covasna45.ro\/wp-content\/uploads\/2026\/04\/pod2.jpg 1200w\" sizes=\"auto, (max-width: 768px) 100vw, 768px\" \/><\/figure>\n\n\n\n<figure class=\"wp-block-image size-large\"><img loading=\"lazy\" decoding=\"async\" width=\"768\" height=\"1024\" src=\"https:\/\/covasna45.ro\/wp-content\/uploads\/2026\/04\/pod3-768x1024.jpg\" alt=\"\" class=\"wp-image-16215\" srcset=\"https:\/\/covasna45.ro\/wp-content\/uploads\/2026\/04\/pod3-768x1024.jpg 768w, https:\/\/covasna45.ro\/wp-content\/uploads\/2026\/04\/pod3-225x300.jpg 225w, https:\/\/covasna45.ro\/wp-content\/uploads\/2026\/04\/pod3-1152x1536.jpg 1152w, https:\/\/covasna45.ro\/wp-content\/uploads\/2026\/04\/pod3-150x200.jpg 150w, https:\/\/covasna45.ro\/wp-content\/uploads\/2026\/04\/pod3-300x400.jpg 300w, https:\/\/covasna45.ro\/wp-content\/uploads\/2026\/04\/pod3-696x928.jpg 696w, https:\/\/covasna45.ro\/wp-content\/uploads\/2026\/04\/pod3-1068x1424.jpg 1068w, https:\/\/covasna45.ro\/wp-content\/uploads\/2026\/04\/pod3.jpg 1200w\" sizes=\"auto, (max-width: 768px) 100vw, 768px\" \/><\/figure>\n\n\n\n<p>Construit \u00een 1984, podul dintre Ariu\u0219d \u0219i Bod a fost afectat de inunda\u021biile din luna mai a anului trecut.<\/p>\n","protected":false},"excerpt":{"rendered":"<p>Podul de peste Olt dintre Ariu\u0219d \u0219i Bod, pr\u0103bu\u0219it complet la finele lunii martie, va intra \u00een repara\u021bii. Consiliul Local V\u00e2lcele a votat azi \u00een unanimitate propunerea de semnare a contractului de \u00eencepere a construc\u021biei cu data de 4 mai 2026. Licita\u021bia a fost c\u00e2\u0219tigat\u0103 de o asociere de firme. Lucr\u0103rile vor dura un an. [&hellip;]<\/p>\n","protected":false},"author":1,"featured_media":15617,"comment_status":"open","ping_status":"closed","sticky":false,"template":"","format":"standard","meta":{"tdm_status":"","tdm_grid_status":"","footnotes":""},"categories":[14],"tags":[4637,4638],"class_list":{"0":"post-16213","1":"post","2":"type-post","3":"status-publish","4":"format-standard","5":"has-post-thumbnail","7":"category-lumea-noastra","8":"tag-ariusd","9":"tag-pod"},"yoast_head":"<!-- This site is optimized with the Yoast SEO plugin v27.5 - https:\/\/yoast.com\/product\/yoast-seo-wordpress\/ -->\n<title>Podul rupt de la Ariu\u0219d intr\u0103 \u00een repara\u021bii: s-a semnat contractul - Covasna45<\/title>\n<meta name=\"description\" content=\"Podul de peste Olt dintre Ariu\u0219d \u0219i Bod, pr\u0103bu\u0219it complet la finele lunii martie, va intra \u00een repara\u021bii capitale.\" \/>\n<meta name=\"robots\" content=\"index, follow, max-snippet:-1, max-image-preview:large, max-video-preview:-1\" \/>\n<link rel=\"canonical\" href=\"https:\/\/covasna45.ro\/index.php\/lumea-noastra\/podul-rupt-de-la-ariusd-intra-in-reparatii-s-a-semnat-contractul\/\" \/>\n<meta property=\"og:locale\" content=\"ro_RO\" \/>\n<meta property=\"og:type\" content=\"article\" \/>\n<meta property=\"og:title\" content=\"Podul rupt de la Ariu\u0219d intr\u0103 \u00een repara\u021bii: s-a semnat contractul - Covasna45\" \/>\n<meta property=\"og:description\" content=\"Podul de peste Olt dintre Ariu\u0219d \u0219i Bod, pr\u0103bu\u0219it complet la finele lunii martie, va intra \u00een repara\u021bii capitale.\" \/>\n<meta property=\"og:url\" content=\"https:\/\/covasna45.ro\/index.php\/lumea-noastra\/podul-rupt-de-la-ariusd-intra-in-reparatii-s-a-semnat-contractul\/\" \/>\n<meta property=\"og:site_name\" content=\"Covasna45\" \/>\n<meta property=\"article:published_time\" content=\"2026-04-29T13:11:45+00:00\" \/>\n<meta property=\"article:modified_time\" content=\"2026-04-29T13:11:58+00:00\" \/>\n<meta property=\"og:image\" content=\"https:\/\/covasna45.ro\/wp-content\/uploads\/2026\/03\/pod-ariusd.jpg\" \/>\n\t<meta property=\"og:image:width\" content=\"1600\" \/>\n\t<meta property=\"og:image:height\" content=\"1200\" \/>\n\t<meta property=\"og:image:type\" content=\"image\/jpeg\" \/>\n<meta name=\"author\" content=\"Covasna45\" \/>\n<meta name=\"twitter:card\" content=\"summary_large_image\" \/>\n<meta name=\"twitter:label1\" content=\"Scris de\" \/>\n\t<meta name=\"twitter:data1\" content=\"Covasna45\" \/>\n\t<meta name=\"twitter:label2\" content=\"Timp estimat pentru citire\" \/>\n\t<meta name=\"twitter:data2\" content=\"2 minute\" \/>\n<script type=\"application\/ld+json\" class=\"yoast-schema-graph\">{\"@context\":\"https:\\\/\\\/schema.org\",\"@graph\":[{\"@type\":\"Article\",\"@id\":\"https:\\\/\\\/covasna45.ro\\\/index.php\\\/lumea-noastra\\\/podul-rupt-de-la-ariusd-intra-in-reparatii-s-a-semnat-contractul\\\/#article\",\"isPartOf\":{\"@id\":\"https:\\\/\\\/covasna45.ro\\\/index.php\\\/lumea-noastra\\\/podul-rupt-de-la-ariusd-intra-in-reparatii-s-a-semnat-contractul\\\/\"},\"author\":{\"name\":\"Covasna45\",\"@id\":\"https:\\\/\\\/covasna45.ro\\\/#\\\/schema\\\/person\\\/e674052bd7d95d70bbb007a1060ab73c\"},\"headline\":\"Podul rupt de la Ariu\u0219d intr\u0103 \u00een repara\u021bii: s-a semnat contractul\",\"datePublished\":\"2026-04-29T13:11:45+00:00\",\"dateModified\":\"2026-04-29T13:11:58+00:00\",\"mainEntityOfPage\":{\"@id\":\"https:\\\/\\\/covasna45.ro\\\/index.php\\\/lumea-noastra\\\/podul-rupt-de-la-ariusd-intra-in-reparatii-s-a-semnat-contractul\\\/\"},\"wordCount\":113,\"commentCount\":0,\"publisher\":{\"@id\":\"https:\\\/\\\/covasna45.ro\\\/#organization\"},\"image\":{\"@id\":\"https:\\\/\\\/covasna45.ro\\\/index.php\\\/lumea-noastra\\\/podul-rupt-de-la-ariusd-intra-in-reparatii-s-a-semnat-contractul\\\/#primaryimage\"},\"thumbnailUrl\":\"https:\\\/\\\/covasna45.ro\\\/wp-content\\\/uploads\\\/2026\\\/03\\\/pod-ariusd.jpg\",\"keywords\":[\"Ariusd\",\"pod\"],\"articleSection\":[\"Lumea noastr\u0103\"],\"inLanguage\":\"ro-RO\",\"potentialAction\":[{\"@type\":\"CommentAction\",\"name\":\"Comment\",\"target\":[\"https:\\\/\\\/covasna45.ro\\\/index.php\\\/lumea-noastra\\\/podul-rupt-de-la-ariusd-intra-in-reparatii-s-a-semnat-contractul\\\/#respond\"]}]},{\"@type\":\"WebPage\",\"@id\":\"https:\\\/\\\/covasna45.ro\\\/index.php\\\/lumea-noastra\\\/podul-rupt-de-la-ariusd-intra-in-reparatii-s-a-semnat-contractul\\\/\",\"url\":\"https:\\\/\\\/covasna45.ro\\\/index.php\\\/lumea-noastra\\\/podul-rupt-de-la-ariusd-intra-in-reparatii-s-a-semnat-contractul\\\/\",\"name\":\"Podul rupt de la Ariu\u0219d intr\u0103 \u00een repara\u021bii: s-a semnat contractul - Covasna45\",\"isPartOf\":{\"@id\":\"https:\\\/\\\/covasna45.ro\\\/#website\"},\"primaryImageOfPage\":{\"@id\":\"https:\\\/\\\/covasna45.ro\\\/index.php\\\/lumea-noastra\\\/podul-rupt-de-la-ariusd-intra-in-reparatii-s-a-semnat-contractul\\\/#primaryimage\"},\"image\":{\"@id\":\"https:\\\/\\\/covasna45.ro\\\/index.php\\\/lumea-noastra\\\/podul-rupt-de-la-ariusd-intra-in-reparatii-s-a-semnat-contractul\\\/#primaryimage\"},\"thumbnailUrl\":\"https:\\\/\\\/covasna45.ro\\\/wp-content\\\/uploads\\\/2026\\\/03\\\/pod-ariusd.jpg\",\"datePublished\":\"2026-04-29T13:11:45+00:00\",\"dateModified\":\"2026-04-29T13:11:58+00:00\",\"description\":\"Podul de peste Olt dintre Ariu\u0219d \u0219i Bod, pr\u0103bu\u0219it complet la finele lunii martie, va intra \u00een repara\u021bii capitale.\",\"breadcrumb\":{\"@id\":\"https:\\\/\\\/covasna45.ro\\\/index.php\\\/lumea-noastra\\\/podul-rupt-de-la-ariusd-intra-in-reparatii-s-a-semnat-contractul\\\/#breadcrumb\"},\"inLanguage\":\"ro-RO\",\"potentialAction\":[{\"@type\":\"ReadAction\",\"target\":[\"https:\\\/\\\/covasna45.ro\\\/index.php\\\/lumea-noastra\\\/podul-rupt-de-la-ariusd-intra-in-reparatii-s-a-semnat-contractul\\\/\"]}]},{\"@type\":\"ImageObject\",\"inLanguage\":\"ro-RO\",\"@id\":\"https:\\\/\\\/covasna45.ro\\\/index.php\\\/lumea-noastra\\\/podul-rupt-de-la-ariusd-intra-in-reparatii-s-a-semnat-contractul\\\/#primaryimage\",\"url\":\"https:\\\/\\\/covasna45.ro\\\/wp-content\\\/uploads\\\/2026\\\/03\\\/pod-ariusd.jpg\",\"contentUrl\":\"https:\\\/\\\/covasna45.ro\\\/wp-content\\\/uploads\\\/2026\\\/03\\\/pod-ariusd.jpg\",\"width\":1600,\"height\":1200},{\"@type\":\"BreadcrumbList\",\"@id\":\"https:\\\/\\\/covasna45.ro\\\/index.php\\\/lumea-noastra\\\/podul-rupt-de-la-ariusd-intra-in-reparatii-s-a-semnat-contractul\\\/#breadcrumb\",\"itemListElement\":[{\"@type\":\"ListItem\",\"position\":1,\"name\":\"Prima pagin\u0103\",\"item\":\"https:\\\/\\\/covasna45.ro\\\/\"},{\"@type\":\"ListItem\",\"position\":2,\"name\":\"Podul rupt de la Ariu\u0219d intr\u0103 \u00een repara\u021bii: s-a semnat contractul\"}]},{\"@type\":\"WebSite\",\"@id\":\"https:\\\/\\\/covasna45.ro\\\/#website\",\"url\":\"https:\\\/\\\/covasna45.ro\\\/\",\"name\":\"covasna45.ro\",\"description\":\"\",\"publisher\":{\"@id\":\"https:\\\/\\\/covasna45.ro\\\/#organization\"},\"potentialAction\":[{\"@type\":\"SearchAction\",\"target\":{\"@type\":\"EntryPoint\",\"urlTemplate\":\"https:\\\/\\\/covasna45.ro\\\/?s={search_term_string}\"},\"query-input\":{\"@type\":\"PropertyValueSpecification\",\"valueRequired\":true,\"valueName\":\"search_term_string\"}}],\"inLanguage\":\"ro-RO\"},{\"@type\":\"Organization\",\"@id\":\"https:\\\/\\\/covasna45.ro\\\/#organization\",\"name\":\"covasna45.ro\",\"url\":\"https:\\\/\\\/covasna45.ro\\\/\",\"logo\":{\"@type\":\"ImageObject\",\"inLanguage\":\"ro-RO\",\"@id\":\"https:\\\/\\\/covasna45.ro\\\/#\\\/schema\\\/logo\\\/image\\\/\",\"url\":\"https:\\\/\\\/covasna45.ro\\\/wp-content\\\/uploads\\\/2023\\\/01\\\/icon_logo.png\",\"contentUrl\":\"https:\\\/\\\/covasna45.ro\\\/wp-content\\\/uploads\\\/2023\\\/01\\\/icon_logo.png\",\"width\":1900,\"height\":1900,\"caption\":\"covasna45.ro\"},\"image\":{\"@id\":\"https:\\\/\\\/covasna45.ro\\\/#\\\/schema\\\/logo\\\/image\\\/\"}},{\"@type\":\"Person\",\"@id\":\"https:\\\/\\\/covasna45.ro\\\/#\\\/schema\\\/person\\\/e674052bd7d95d70bbb007a1060ab73c\",\"name\":\"Covasna45\",\"image\":{\"@type\":\"ImageObject\",\"inLanguage\":\"ro-RO\",\"@id\":\"https:\\\/\\\/covasna45.ro\\\/wp-content\\\/uploads\\\/2025\\\/10\\\/icon_logo_covasna45-150x150.png\",\"url\":\"https:\\\/\\\/covasna45.ro\\\/wp-content\\\/uploads\\\/2025\\\/10\\\/icon_logo_covasna45-150x150.png\",\"contentUrl\":\"https:\\\/\\\/covasna45.ro\\\/wp-content\\\/uploads\\\/2025\\\/10\\\/icon_logo_covasna45-150x150.png\",\"caption\":\"Covasna45\"},\"sameAs\":[\"https:\\\/\\\/covasna45.ro\"],\"url\":\"https:\\\/\\\/covasna45.ro\\\/index.php\\\/author\\\/covasna\\\/\"}]}<\/script>\n<!-- \/ Yoast SEO plugin. -->","yoast_head_json":{"title":"Podul rupt de la Ariu\u0219d intr\u0103 \u00een repara\u021bii: s-a semnat contractul - Covasna45","description":"Podul de peste Olt dintre Ariu\u0219d \u0219i Bod, pr\u0103bu\u0219it complet la finele lunii martie, va intra \u00een repara\u021bii capitale.","robots":{"index":"index","follow":"follow","max-snippet":"max-snippet:-1","max-image-preview":"max-image-preview:large","max-video-preview":"max-video-preview:-1"},"canonical":"https:\/\/covasna45.ro\/index.php\/lumea-noastra\/podul-rupt-de-la-ariusd-intra-in-reparatii-s-a-semnat-contractul\/","og_locale":"ro_RO","og_type":"article","og_title":"Podul rupt de la Ariu\u0219d intr\u0103 \u00een repara\u021bii: s-a semnat contractul - Covasna45","og_description":"Podul de peste Olt dintre Ariu\u0219d \u0219i Bod, pr\u0103bu\u0219it complet la finele lunii martie, va intra \u00een repara\u021bii capitale.","og_url":"https:\/\/covasna45.ro\/index.php\/lumea-noastra\/podul-rupt-de-la-ariusd-intra-in-reparatii-s-a-semnat-contractul\/","og_site_name":"Covasna45","article_published_time":"2026-04-29T13:11:45+00:00","article_modified_time":"2026-04-29T13:11:58+00:00","og_image":[{"width":1600,"height":1200,"url":"https:\/\/covasna45.ro\/wp-content\/uploads\/2026\/03\/pod-ariusd.jpg","type":"image\/jpeg"}],"author":"Covasna45","twitter_card":"summary_large_image","twitter_misc":{"Scris de":"Covasna45","Timp estimat pentru citire":"2 minute"},"schema":{"@context":"https:\/\/schema.org","@graph":[{"@type":"Article","@id":"https:\/\/covasna45.ro\/index.php\/lumea-noastra\/podul-rupt-de-la-ariusd-intra-in-reparatii-s-a-semnat-contractul\/#article","isPartOf":{"@id":"https:\/\/covasna45.ro\/index.php\/lumea-noastra\/podul-rupt-de-la-ariusd-intra-in-reparatii-s-a-semnat-contractul\/"},"author":{"name":"Covasna45","@id":"https:\/\/covasna45.ro\/#\/schema\/person\/e674052bd7d95d70bbb007a1060ab73c"},"headline":"Podul rupt de la Ariu\u0219d intr\u0103 \u00een repara\u021bii: s-a semnat contractul","datePublished":"2026-04-29T13:11:45+00:00","dateModified":"2026-04-29T13:11:58+00:00","mainEntityOfPage":{"@id":"https:\/\/covasna45.ro\/index.php\/lumea-noastra\/podul-rupt-de-la-ariusd-intra-in-reparatii-s-a-semnat-contractul\/"},"wordCount":113,"commentCount":0,"publisher":{"@id":"https:\/\/covasna45.ro\/#organization"},"image":{"@id":"https:\/\/covasna45.ro\/index.php\/lumea-noastra\/podul-rupt-de-la-ariusd-intra-in-reparatii-s-a-semnat-contractul\/#primaryimage"},"thumbnailUrl":"https:\/\/covasna45.ro\/wp-content\/uploads\/2026\/03\/pod-ariusd.jpg","keywords":["Ariusd","pod"],"articleSection":["Lumea noastr\u0103"],"inLanguage":"ro-RO","potentialAction":[{"@type":"CommentAction","name":"Comment","target":["https:\/\/covasna45.ro\/index.php\/lumea-noastra\/podul-rupt-de-la-ariusd-intra-in-reparatii-s-a-semnat-contractul\/#respond"]}]},{"@type":"WebPage","@id":"https:\/\/covasna45.ro\/index.php\/lumea-noastra\/podul-rupt-de-la-ariusd-intra-in-reparatii-s-a-semnat-contractul\/","url":"https:\/\/covasna45.ro\/index.php\/lumea-noastra\/podul-rupt-de-la-ariusd-intra-in-reparatii-s-a-semnat-contractul\/","name":"Podul rupt de la Ariu\u0219d intr\u0103 \u00een repara\u021bii: s-a semnat contractul - Covasna45","isPartOf":{"@id":"https:\/\/covasna45.ro\/#website"},"primaryImageOfPage":{"@id":"https:\/\/covasna45.ro\/index.php\/lumea-noastra\/podul-rupt-de-la-ariusd-intra-in-reparatii-s-a-semnat-contractul\/#primaryimage"},"image":{"@id":"https:\/\/covasna45.ro\/index.php\/lumea-noastra\/podul-rupt-de-la-ariusd-intra-in-reparatii-s-a-semnat-contractul\/#primaryimage"},"thumbnailUrl":"https:\/\/covasna45.ro\/wp-content\/uploads\/2026\/03\/pod-ariusd.jpg","datePublished":"2026-04-29T13:11:45+00:00","dateModified":"2026-04-29T13:11:58+00:00","description":"Podul de peste Olt dintre Ariu\u0219d \u0219i Bod, pr\u0103bu\u0219it complet la finele lunii martie, va intra \u00een repara\u021bii capitale.","breadcrumb":{"@id":"https:\/\/covasna45.ro\/index.php\/lumea-noastra\/podul-rupt-de-la-ariusd-intra-in-reparatii-s-a-semnat-contractul\/#breadcrumb"},"inLanguage":"ro-RO","potentialAction":[{"@type":"ReadAction","target":["https:\/\/covasna45.ro\/index.php\/lumea-noastra\/podul-rupt-de-la-ariusd-intra-in-reparatii-s-a-semnat-contractul\/"]}]},{"@type":"ImageObject","inLanguage":"ro-RO","@id":"https:\/\/covasna45.ro\/index.php\/lumea-noastra\/podul-rupt-de-la-ariusd-intra-in-reparatii-s-a-semnat-contractul\/#primaryimage","url":"https:\/\/covasna45.ro\/wp-content\/uploads\/2026\/03\/pod-ariusd.jpg","contentUrl":"https:\/\/covasna45.ro\/wp-content\/uploads\/2026\/03\/pod-ariusd.jpg","width":1600,"height":1200},{"@type":"BreadcrumbList","@id":"https:\/\/covasna45.ro\/index.php\/lumea-noastra\/podul-rupt-de-la-ariusd-intra-in-reparatii-s-a-semnat-contractul\/#breadcrumb","itemListElement":[{"@type":"ListItem","position":1,"name":"Prima pagin\u0103","item":"https:\/\/covasna45.ro\/"},{"@type":"ListItem","position":2,"name":"Podul rupt de la Ariu\u0219d intr\u0103 \u00een repara\u021bii: s-a semnat contractul"}]},{"@type":"WebSite","@id":"https:\/\/covasna45.ro\/#website","url":"https:\/\/covasna45.ro\/","name":"covasna45.ro","description":"","publisher":{"@id":"https:\/\/covasna45.ro\/#organization"},"potentialAction":[{"@type":"SearchAction","target":{"@type":"EntryPoint","urlTemplate":"https:\/\/covasna45.ro\/?s={search_term_string}"},"query-input":{"@type":"PropertyValueSpecification","valueRequired":true,"valueName":"search_term_string"}}],"inLanguage":"ro-RO"},{"@type":"Organization","@id":"https:\/\/covasna45.ro\/#organization","name":"covasna45.ro","url":"https:\/\/covasna45.ro\/","logo":{"@type":"ImageObject","inLanguage":"ro-RO","@id":"https:\/\/covasna45.ro\/#\/schema\/logo\/image\/","url":"https:\/\/covasna45.ro\/wp-content\/uploads\/2023\/01\/icon_logo.png","contentUrl":"https:\/\/covasna45.ro\/wp-content\/uploads\/2023\/01\/icon_logo.png","width":1900,"height":1900,"caption":"covasna45.ro"},"image":{"@id":"https:\/\/covasna45.ro\/#\/schema\/logo\/image\/"}},{"@type":"Person","@id":"https:\/\/covasna45.ro\/#\/schema\/person\/e674052bd7d95d70bbb007a1060ab73c","name":"Covasna45","image":{"@type":"ImageObject","inLanguage":"ro-RO","@id":"https:\/\/covasna45.ro\/wp-content\/uploads\/2025\/10\/icon_logo_covasna45-150x150.png","url":"https:\/\/covasna45.ro\/wp-content\/uploads\/2025\/10\/icon_logo_covasna45-150x150.png","contentUrl":"https:\/\/covasna45.ro\/wp-content\/uploads\/2025\/10\/icon_logo_covasna45-150x150.png","caption":"Covasna45"},"sameAs":["https:\/\/covasna45.ro"],"url":"https:\/\/covasna45.ro\/index.php\/author\/covasna\/"}]}},"_links":{"self":[{"href":"https:\/\/covasna45.ro\/index.php\/wp-json\/wp\/v2\/posts\/16213","targetHints":{"allow":["GET"]}}],"collection":[{"href":"https:\/\/covasna45.ro\/index.php\/wp-json\/wp\/v2\/posts"}],"about":[{"href":"https:\/\/covasna45.ro\/index.php\/wp-json\/wp\/v2\/types\/post"}],"author":[{"embeddable":true,"href":"https:\/\/covasna45.ro\/index.php\/wp-json\/wp\/v2\/users\/1"}],"replies":[{"embeddable":true,"href":"https:\/\/covasna45.ro\/index.php\/wp-json\/wp\/v2\/comments?post=16213"}],"version-history":[{"count":2,"href":"https:\/\/covasna45.ro\/index.php\/wp-json\/wp\/v2\/posts\/16213\/revisions"}],"predecessor-version":[{"id":16217,"href":"https:\/\/covasna45.ro\/index.php\/wp-json\/wp\/v2\/posts\/16213\/revisions\/16217"}],"wp:featuredmedia":[{"embeddable":true,"href":"https:\/\/covasna45.ro\/index.php\/wp-json\/wp\/v2\/media\/15617"}],"wp:attachment":[{"href":"https:\/\/covasna45.ro\/index.php\/wp-json\/wp\/v2\/media?parent=16213"}],"wp:term":[{"taxonomy":"category","embeddable":true,"href":"https:\/\/covasna45.ro\/index.php\/wp-json\/wp\/v2\/categories?post=16213"},{"taxonomy":"post_tag","embeddable":true,"href":"https:\/\/covasna45.ro\/index.php\/wp-json\/wp\/v2\/tags?post=16213"}],"curies":[{"name":"wp","href":"https:\/\/api.w.org\/{rel}","templated":true}]}}