{"id":16219,"date":"2026-04-30T09:23:01","date_gmt":"2026-04-30T07:23:01","guid":{"rendered":"https:\/\/covasna45.ro\/?p=16219"},"modified":"2026-04-30T09:23:02","modified_gmt":"2026-04-30T07:23:02","slug":"se-reface-podul-de-peste-olt-de-la-ariusd-consilier-local-este-vital-pentru-locuitorii-satului","status":"publish","type":"post","link":"https:\/\/covasna45.ro\/index.php\/lumea-noastra\/se-reface-podul-de-peste-olt-de-la-ariusd-consilier-local-este-vital-pentru-locuitorii-satului\/","title":{"rendered":"Se reface podul de peste Olt de la Ariu\u0219d. Consilier local: \u201eEste vital pentru locuitorii satului\u201d"},"content":{"rendered":"\n<p>Dup\u0103 luni de birocra\u021bie, contractul privind refacerea podului de peste Olt de la Ariu\u0219d a fost semnat. De luni \u00eencep lucr\u0103rile care vor dura un an.<\/p>\n\n\n\n<p>Licita\u021bia a fost c\u00e2\u0219tigat\u0103 de o asociere de firme: una din jude\u021bul Ia\u0219i, una din jude\u021bul Bac\u0103u \u0219i una din jude\u021bul Covasna. Contractul e \u00een valoare de 12.788.421 lei, din care Prim\u0103ria V\u00e2lcele particip\u0103 cu o finan\u021bare proprie de 35.000 de lei.<\/p>\n\n\n\n<figure class=\"wp-block-image size-large\"><img loading=\"lazy\" decoding=\"async\" width=\"1024\" height=\"500\" src=\"https:\/\/covasna45.ro\/wp-content\/uploads\/2026\/04\/proiect-pod-1024x500.jpeg\" alt=\"\" class=\"wp-image-16222\" srcset=\"https:\/\/covasna45.ro\/wp-content\/uploads\/2026\/04\/proiect-pod-1024x500.jpeg 1024w, https:\/\/covasna45.ro\/wp-content\/uploads\/2026\/04\/proiect-pod-300x146.jpeg 300w, https:\/\/covasna45.ro\/wp-content\/uploads\/2026\/04\/proiect-pod-768x375.jpeg 768w, https:\/\/covasna45.ro\/wp-content\/uploads\/2026\/04\/proiect-pod-1536x749.jpeg 1536w, https:\/\/covasna45.ro\/wp-content\/uploads\/2026\/04\/proiect-pod-150x73.jpeg 150w, https:\/\/covasna45.ro\/wp-content\/uploads\/2026\/04\/proiect-pod-696x340.jpeg 696w, https:\/\/covasna45.ro\/wp-content\/uploads\/2026\/04\/proiect-pod-1068x521.jpeg 1068w, https:\/\/covasna45.ro\/wp-content\/uploads\/2026\/04\/proiect-pod-1920x937.jpeg 1920w, https:\/\/covasna45.ro\/wp-content\/uploads\/2026\/04\/proiect-pod.jpeg 1949w\" sizes=\"auto, (max-width: 1024px) 100vw, 1024px\" \/><\/figure>\n\n\n\n<p>Conform proiectului tehnic, viitorul pod va fi pe pilo\u021bi fora\u021bi, va avea trotuare \u0219i sc\u0103ri. Cele trei firme au un istoric bogat \u00een astfel de construc\u021bii, iar documentele referitoare la execu\u021bie arat\u0103 c\u0103 vor fi respectate toate condi\u021biile tehnice pentru un pod f\u0103cut \u201eca la carte\u201d \u0219i care va rezista \u00een timp.<\/p>\n\n\n\n<p>Podul a fost construit \u00een 1984 \u0219i era deja \u00eentr-o stare deteriorat\u0103. Astfel \u00eenc\u00e2t la inunda\u021biile din luna mai anul trecut structura a fost \u0219i mai afectat\u0103. \u00cen martie acest an podul s-a pr\u0103bu\u0219it pur \u0219i simplu.<\/p>\n\n\n\n<figure class=\"wp-block-image size-large\"><img loading=\"lazy\" decoding=\"async\" width=\"1024\" height=\"768\" src=\"https:\/\/covasna45.ro\/wp-content\/uploads\/2026\/04\/pod-rupt-ar-1024x768.jpeg\" alt=\"\" class=\"wp-image-16221\" srcset=\"https:\/\/covasna45.ro\/wp-content\/uploads\/2026\/04\/pod-rupt-ar-1024x768.jpeg 1024w, https:\/\/covasna45.ro\/wp-content\/uploads\/2026\/04\/pod-rupt-ar-300x225.jpeg 300w, https:\/\/covasna45.ro\/wp-content\/uploads\/2026\/04\/pod-rupt-ar-768x576.jpeg 768w, https:\/\/covasna45.ro\/wp-content\/uploads\/2026\/04\/pod-rupt-ar-1536x1152.jpeg 1536w, https:\/\/covasna45.ro\/wp-content\/uploads\/2026\/04\/pod-rupt-ar-150x113.jpeg 150w, https:\/\/covasna45.ro\/wp-content\/uploads\/2026\/04\/pod-rupt-ar-696x522.jpeg 696w, https:\/\/covasna45.ro\/wp-content\/uploads\/2026\/04\/pod-rupt-ar-1068x801.jpeg 1068w, https:\/\/covasna45.ro\/wp-content\/uploads\/2026\/04\/pod-rupt-ar.jpeg 1600w\" sizes=\"auto, (max-width: 1024px) 100vw, 1024px\" \/><\/figure>\n\n\n\n<h2 class=\"wp-block-heading\">Ioan Gligor: Refacerea podului nu este o op\u021biune, ci o necesitate<\/h2>\n\n\n\n<p>Consiliul Local V\u00e2lcele a votat ieri \u00een unanimitate propunerea de hot\u0103r\u00e2re referitoare la acest proiect.<\/p>\n\n\n\n<figure class=\"wp-block-image size-full\"><img loading=\"lazy\" decoding=\"async\" width=\"960\" height=\"960\" src=\"https:\/\/covasna45.ro\/wp-content\/uploads\/2026\/04\/cons-loc-gligor.jpg\" alt=\"\" class=\"wp-image-16220\" srcset=\"https:\/\/covasna45.ro\/wp-content\/uploads\/2026\/04\/cons-loc-gligor.jpg 960w, https:\/\/covasna45.ro\/wp-content\/uploads\/2026\/04\/cons-loc-gligor-300x300.jpg 300w, https:\/\/covasna45.ro\/wp-content\/uploads\/2026\/04\/cons-loc-gligor-150x150.jpg 150w, https:\/\/covasna45.ro\/wp-content\/uploads\/2026\/04\/cons-loc-gligor-768x768.jpg 768w, https:\/\/covasna45.ro\/wp-content\/uploads\/2026\/04\/cons-loc-gligor-696x696.jpg 696w\" sizes=\"auto, (max-width: 960px) 100vw, 960px\" \/><\/figure>\n\n\n\n<p>\u201ePr\u0103bu\u0219irea podului din Ariu\u0219d ce f\u0103cea leg\u0103tura cu jude\u021bul Bra\u0219ov este o problem\u0103 grav\u0103 pentru comunitatea noastr\u0103 \u0219i nu mai putea fi tratat\u0103 cu \u00eent\u00e2rziere sau nep\u0103sare.<\/p>\n\n\n\n<p>Acest pod este vital pentru locuitorii satului, iar lipsa lui afecteaz\u0103 direct via\u021ba noastr\u0103 de zi cu zi.<\/p>\n\n\n\n<p>Ca \u0219i consilier local din partea Opozi\u021biei am atras \u00een repetate r\u00e2nduri aten\u021bia asupra st\u0103rii infrastructurii din sat. Din p\u0103cate, avertismentele au fost tratate cu superficialitate, iar ast\u0103zi comunitatea noastr\u0103 suport\u0103 consecin\u021bele. Consider c\u0103 este nevoie urgent\u0103 de transparen\u021b\u0103, solu\u021bii concrete \u0219i asumare. Cet\u0103\u021benii din Ariu\u0219d nu mai pot a\u0219tepta. Refacerea podului nu este o op\u021biune, ci o necesitate\u201d, a declarat pentru <a href=\"https:\/\/covasna45.ro\/index.php\/lumea-noastra\/podul-rupt-de-la-ariusd-intra-in-reparatii-s-a-semnat-contractul\/\">covasna45.ro<\/a> consilierul local Ioan Gligor.<\/p>\n\n\n\n<p><em>Not\u0103: Fotografia cu viitorul pod a fost generat\u0103 cu Inteligen\u021ba Artificial\u0103 utiliz\u00e2nd imagini cu podul vechi \u0219i din proiectul tehnic.<\/em><\/p>\n","protected":false},"excerpt":{"rendered":"<p>Dup\u0103 luni de birocra\u021bie, contractul privind refacerea podului de peste Olt de la Ariu\u0219d a fost semnat. De luni \u00eencep lucr\u0103rile care vor dura un an. Licita\u021bia a fost c\u00e2\u0219tigat\u0103 de o asociere de firme: una din jude\u021bul Ia\u0219i, una din jude\u021bul Bac\u0103u \u0219i una din jude\u021bul Covasna. Contractul e \u00een valoare de 12.788.421 lei, [&hellip;]<\/p>\n","protected":false},"author":1,"featured_media":16223,"comment_status":"open","ping_status":"closed","sticky":false,"template":"","format":"standard","meta":{"tdm_status":"","tdm_grid_status":"","footnotes":""},"categories":[14],"tags":[4721,4638,2800],"class_list":{"0":"post-16219","1":"post","2":"type-post","3":"status-publish","4":"format-standard","5":"has-post-thumbnail","7":"category-lumea-noastra","8":"tag-ariud","9":"tag-pod","10":"tag-valcele-2"},"yoast_head":"<!-- This site is optimized with the Yoast SEO plugin v27.5 - https:\/\/yoast.com\/product\/yoast-seo-wordpress\/ -->\n<title>Se reface podul de peste Olt de la Ariu\u0219d. Consilier local: \u201eEste vital pentru locuitorii satului\u201d - Covasna45<\/title>\n<meta name=\"description\" content=\"Dup\u0103 luni de birocra\u021bie, contractul privind refacerea podului de peste Olt de la Ariu\u0219d a fost semnat ieri.\" \/>\n<meta name=\"robots\" content=\"index, follow, max-snippet:-1, max-image-preview:large, max-video-preview:-1\" \/>\n<link rel=\"canonical\" href=\"https:\/\/covasna45.ro\/index.php\/lumea-noastra\/se-reface-podul-de-peste-olt-de-la-ariusd-consilier-local-este-vital-pentru-locuitorii-satului\/\" \/>\n<meta property=\"og:locale\" content=\"ro_RO\" \/>\n<meta property=\"og:type\" content=\"article\" \/>\n<meta property=\"og:title\" content=\"Se reface podul de peste Olt de la Ariu\u0219d. Consilier local: \u201eEste vital pentru locuitorii satului\u201d - Covasna45\" \/>\n<meta property=\"og:description\" content=\"Dup\u0103 luni de birocra\u021bie, contractul privind refacerea podului de peste Olt de la Ariu\u0219d a fost semnat ieri.\" \/>\n<meta property=\"og:url\" content=\"https:\/\/covasna45.ro\/index.php\/lumea-noastra\/se-reface-podul-de-peste-olt-de-la-ariusd-consilier-local-este-vital-pentru-locuitorii-satului\/\" \/>\n<meta property=\"og:site_name\" content=\"Covasna45\" \/>\n<meta property=\"article:published_time\" content=\"2026-04-30T07:23:01+00:00\" \/>\n<meta property=\"article:modified_time\" content=\"2026-04-30T07:23:02+00:00\" \/>\n<meta property=\"og:image\" content=\"https:\/\/covasna45.ro\/wp-content\/uploads\/2026\/04\/pod-ariusd-nou.jpg\" \/>\n\t<meta property=\"og:image:width\" content=\"1536\" \/>\n\t<meta property=\"og:image:height\" content=\"1024\" \/>\n\t<meta property=\"og:image:type\" content=\"image\/jpeg\" \/>\n<meta name=\"author\" content=\"Covasna45\" \/>\n<meta name=\"twitter:card\" content=\"summary_large_image\" \/>\n<meta name=\"twitter:label1\" content=\"Scris de\" \/>\n\t<meta name=\"twitter:data1\" content=\"Covasna45\" \/>\n\t<meta name=\"twitter:label2\" content=\"Timp estimat pentru citire\" \/>\n\t<meta name=\"twitter:data2\" content=\"3 minute\" \/>\n<script type=\"application\/ld+json\" class=\"yoast-schema-graph\">{\"@context\":\"https:\\\/\\\/schema.org\",\"@graph\":[{\"@type\":\"Article\",\"@id\":\"https:\\\/\\\/covasna45.ro\\\/index.php\\\/lumea-noastra\\\/se-reface-podul-de-peste-olt-de-la-ariusd-consilier-local-este-vital-pentru-locuitorii-satului\\\/#article\",\"isPartOf\":{\"@id\":\"https:\\\/\\\/covasna45.ro\\\/index.php\\\/lumea-noastra\\\/se-reface-podul-de-peste-olt-de-la-ariusd-consilier-local-este-vital-pentru-locuitorii-satului\\\/\"},\"author\":{\"name\":\"Covasna45\",\"@id\":\"https:\\\/\\\/covasna45.ro\\\/#\\\/schema\\\/person\\\/e674052bd7d95d70bbb007a1060ab73c\"},\"headline\":\"Se reface podul de peste Olt de la Ariu\u0219d. Consilier local: \u201eEste vital pentru locuitorii satului\u201d\",\"datePublished\":\"2026-04-30T07:23:01+00:00\",\"dateModified\":\"2026-04-30T07:23:02+00:00\",\"mainEntityOfPage\":{\"@id\":\"https:\\\/\\\/covasna45.ro\\\/index.php\\\/lumea-noastra\\\/se-reface-podul-de-peste-olt-de-la-ariusd-consilier-local-este-vital-pentru-locuitorii-satului\\\/\"},\"wordCount\":382,\"commentCount\":0,\"publisher\":{\"@id\":\"https:\\\/\\\/covasna45.ro\\\/#organization\"},\"image\":{\"@id\":\"https:\\\/\\\/covasna45.ro\\\/index.php\\\/lumea-noastra\\\/se-reface-podul-de-peste-olt-de-la-ariusd-consilier-local-este-vital-pentru-locuitorii-satului\\\/#primaryimage\"},\"thumbnailUrl\":\"https:\\\/\\\/covasna45.ro\\\/wp-content\\\/uploads\\\/2026\\\/04\\\/pod-ariusd-nou.jpg\",\"keywords\":[\"Ariud\",\"pod\",\"valcele\"],\"articleSection\":[\"Lumea noastr\u0103\"],\"inLanguage\":\"ro-RO\",\"potentialAction\":[{\"@type\":\"CommentAction\",\"name\":\"Comment\",\"target\":[\"https:\\\/\\\/covasna45.ro\\\/index.php\\\/lumea-noastra\\\/se-reface-podul-de-peste-olt-de-la-ariusd-consilier-local-este-vital-pentru-locuitorii-satului\\\/#respond\"]}]},{\"@type\":\"WebPage\",\"@id\":\"https:\\\/\\\/covasna45.ro\\\/index.php\\\/lumea-noastra\\\/se-reface-podul-de-peste-olt-de-la-ariusd-consilier-local-este-vital-pentru-locuitorii-satului\\\/\",\"url\":\"https:\\\/\\\/covasna45.ro\\\/index.php\\\/lumea-noastra\\\/se-reface-podul-de-peste-olt-de-la-ariusd-consilier-local-este-vital-pentru-locuitorii-satului\\\/\",\"name\":\"Se reface podul de peste Olt de la Ariu\u0219d. Consilier local: \u201eEste vital pentru locuitorii satului\u201d - Covasna45\",\"isPartOf\":{\"@id\":\"https:\\\/\\\/covasna45.ro\\\/#website\"},\"primaryImageOfPage\":{\"@id\":\"https:\\\/\\\/covasna45.ro\\\/index.php\\\/lumea-noastra\\\/se-reface-podul-de-peste-olt-de-la-ariusd-consilier-local-este-vital-pentru-locuitorii-satului\\\/#primaryimage\"},\"image\":{\"@id\":\"https:\\\/\\\/covasna45.ro\\\/index.php\\\/lumea-noastra\\\/se-reface-podul-de-peste-olt-de-la-ariusd-consilier-local-este-vital-pentru-locuitorii-satului\\\/#primaryimage\"},\"thumbnailUrl\":\"https:\\\/\\\/covasna45.ro\\\/wp-content\\\/uploads\\\/2026\\\/04\\\/pod-ariusd-nou.jpg\",\"datePublished\":\"2026-04-30T07:23:01+00:00\",\"dateModified\":\"2026-04-30T07:23:02+00:00\",\"description\":\"Dup\u0103 luni de birocra\u021bie, contractul privind refacerea podului de peste Olt de la Ariu\u0219d a fost semnat ieri.\",\"breadcrumb\":{\"@id\":\"https:\\\/\\\/covasna45.ro\\\/index.php\\\/lumea-noastra\\\/se-reface-podul-de-peste-olt-de-la-ariusd-consilier-local-este-vital-pentru-locuitorii-satului\\\/#breadcrumb\"},\"inLanguage\":\"ro-RO\",\"potentialAction\":[{\"@type\":\"ReadAction\",\"target\":[\"https:\\\/\\\/covasna45.ro\\\/index.php\\\/lumea-noastra\\\/se-reface-podul-de-peste-olt-de-la-ariusd-consilier-local-este-vital-pentru-locuitorii-satului\\\/\"]}]},{\"@type\":\"ImageObject\",\"inLanguage\":\"ro-RO\",\"@id\":\"https:\\\/\\\/covasna45.ro\\\/index.php\\\/lumea-noastra\\\/se-reface-podul-de-peste-olt-de-la-ariusd-consilier-local-este-vital-pentru-locuitorii-satului\\\/#primaryimage\",\"url\":\"https:\\\/\\\/covasna45.ro\\\/wp-content\\\/uploads\\\/2026\\\/04\\\/pod-ariusd-nou.jpg\",\"contentUrl\":\"https:\\\/\\\/covasna45.ro\\\/wp-content\\\/uploads\\\/2026\\\/04\\\/pod-ariusd-nou.jpg\",\"width\":1536,\"height\":1024},{\"@type\":\"BreadcrumbList\",\"@id\":\"https:\\\/\\\/covasna45.ro\\\/index.php\\\/lumea-noastra\\\/se-reface-podul-de-peste-olt-de-la-ariusd-consilier-local-este-vital-pentru-locuitorii-satului\\\/#breadcrumb\",\"itemListElement\":[{\"@type\":\"ListItem\",\"position\":1,\"name\":\"Prima pagin\u0103\",\"item\":\"https:\\\/\\\/covasna45.ro\\\/\"},{\"@type\":\"ListItem\",\"position\":2,\"name\":\"Se reface podul de peste Olt de la Ariu\u0219d. Consilier local: \u201eEste vital pentru locuitorii satului\u201d\"}]},{\"@type\":\"WebSite\",\"@id\":\"https:\\\/\\\/covasna45.ro\\\/#website\",\"url\":\"https:\\\/\\\/covasna45.ro\\\/\",\"name\":\"covasna45.ro\",\"description\":\"\",\"publisher\":{\"@id\":\"https:\\\/\\\/covasna45.ro\\\/#organization\"},\"potentialAction\":[{\"@type\":\"SearchAction\",\"target\":{\"@type\":\"EntryPoint\",\"urlTemplate\":\"https:\\\/\\\/covasna45.ro\\\/?s={search_term_string}\"},\"query-input\":{\"@type\":\"PropertyValueSpecification\",\"valueRequired\":true,\"valueName\":\"search_term_string\"}}],\"inLanguage\":\"ro-RO\"},{\"@type\":\"Organization\",\"@id\":\"https:\\\/\\\/covasna45.ro\\\/#organization\",\"name\":\"covasna45.ro\",\"url\":\"https:\\\/\\\/covasna45.ro\\\/\",\"logo\":{\"@type\":\"ImageObject\",\"inLanguage\":\"ro-RO\",\"@id\":\"https:\\\/\\\/covasna45.ro\\\/#\\\/schema\\\/logo\\\/image\\\/\",\"url\":\"https:\\\/\\\/covasna45.ro\\\/wp-content\\\/uploads\\\/2023\\\/01\\\/icon_logo.png\",\"contentUrl\":\"https:\\\/\\\/covasna45.ro\\\/wp-content\\\/uploads\\\/2023\\\/01\\\/icon_logo.png\",\"width\":1900,\"height\":1900,\"caption\":\"covasna45.ro\"},\"image\":{\"@id\":\"https:\\\/\\\/covasna45.ro\\\/#\\\/schema\\\/logo\\\/image\\\/\"}},{\"@type\":\"Person\",\"@id\":\"https:\\\/\\\/covasna45.ro\\\/#\\\/schema\\\/person\\\/e674052bd7d95d70bbb007a1060ab73c\",\"name\":\"Covasna45\",\"image\":{\"@type\":\"ImageObject\",\"inLanguage\":\"ro-RO\",\"@id\":\"https:\\\/\\\/covasna45.ro\\\/wp-content\\\/uploads\\\/2025\\\/10\\\/icon_logo_covasna45-150x150.png\",\"url\":\"https:\\\/\\\/covasna45.ro\\\/wp-content\\\/uploads\\\/2025\\\/10\\\/icon_logo_covasna45-150x150.png\",\"contentUrl\":\"https:\\\/\\\/covasna45.ro\\\/wp-content\\\/uploads\\\/2025\\\/10\\\/icon_logo_covasna45-150x150.png\",\"caption\":\"Covasna45\"},\"sameAs\":[\"https:\\\/\\\/covasna45.ro\"],\"url\":\"https:\\\/\\\/covasna45.ro\\\/index.php\\\/author\\\/covasna\\\/\"}]}<\/script>\n<!-- \/ Yoast SEO plugin. -->","yoast_head_json":{"title":"Se reface podul de peste Olt de la Ariu\u0219d. Consilier local: \u201eEste vital pentru locuitorii satului\u201d - Covasna45","description":"Dup\u0103 luni de birocra\u021bie, contractul privind refacerea podului de peste Olt de la Ariu\u0219d a fost semnat ieri.","robots":{"index":"index","follow":"follow","max-snippet":"max-snippet:-1","max-image-preview":"max-image-preview:large","max-video-preview":"max-video-preview:-1"},"canonical":"https:\/\/covasna45.ro\/index.php\/lumea-noastra\/se-reface-podul-de-peste-olt-de-la-ariusd-consilier-local-este-vital-pentru-locuitorii-satului\/","og_locale":"ro_RO","og_type":"article","og_title":"Se reface podul de peste Olt de la Ariu\u0219d. Consilier local: \u201eEste vital pentru locuitorii satului\u201d - Covasna45","og_description":"Dup\u0103 luni de birocra\u021bie, contractul privind refacerea podului de peste Olt de la Ariu\u0219d a fost semnat ieri.","og_url":"https:\/\/covasna45.ro\/index.php\/lumea-noastra\/se-reface-podul-de-peste-olt-de-la-ariusd-consilier-local-este-vital-pentru-locuitorii-satului\/","og_site_name":"Covasna45","article_published_time":"2026-04-30T07:23:01+00:00","article_modified_time":"2026-04-30T07:23:02+00:00","og_image":[{"width":1536,"height":1024,"url":"https:\/\/covasna45.ro\/wp-content\/uploads\/2026\/04\/pod-ariusd-nou.jpg","type":"image\/jpeg"}],"author":"Covasna45","twitter_card":"summary_large_image","twitter_misc":{"Scris de":"Covasna45","Timp estimat pentru citire":"3 minute"},"schema":{"@context":"https:\/\/schema.org","@graph":[{"@type":"Article","@id":"https:\/\/covasna45.ro\/index.php\/lumea-noastra\/se-reface-podul-de-peste-olt-de-la-ariusd-consilier-local-este-vital-pentru-locuitorii-satului\/#article","isPartOf":{"@id":"https:\/\/covasna45.ro\/index.php\/lumea-noastra\/se-reface-podul-de-peste-olt-de-la-ariusd-consilier-local-este-vital-pentru-locuitorii-satului\/"},"author":{"name":"Covasna45","@id":"https:\/\/covasna45.ro\/#\/schema\/person\/e674052bd7d95d70bbb007a1060ab73c"},"headline":"Se reface podul de peste Olt de la Ariu\u0219d. Consilier local: \u201eEste vital pentru locuitorii satului\u201d","datePublished":"2026-04-30T07:23:01+00:00","dateModified":"2026-04-30T07:23:02+00:00","mainEntityOfPage":{"@id":"https:\/\/covasna45.ro\/index.php\/lumea-noastra\/se-reface-podul-de-peste-olt-de-la-ariusd-consilier-local-este-vital-pentru-locuitorii-satului\/"},"wordCount":382,"commentCount":0,"publisher":{"@id":"https:\/\/covasna45.ro\/#organization"},"image":{"@id":"https:\/\/covasna45.ro\/index.php\/lumea-noastra\/se-reface-podul-de-peste-olt-de-la-ariusd-consilier-local-este-vital-pentru-locuitorii-satului\/#primaryimage"},"thumbnailUrl":"https:\/\/covasna45.ro\/wp-content\/uploads\/2026\/04\/pod-ariusd-nou.jpg","keywords":["Ariud","pod","valcele"],"articleSection":["Lumea noastr\u0103"],"inLanguage":"ro-RO","potentialAction":[{"@type":"CommentAction","name":"Comment","target":["https:\/\/covasna45.ro\/index.php\/lumea-noastra\/se-reface-podul-de-peste-olt-de-la-ariusd-consilier-local-este-vital-pentru-locuitorii-satului\/#respond"]}]},{"@type":"WebPage","@id":"https:\/\/covasna45.ro\/index.php\/lumea-noastra\/se-reface-podul-de-peste-olt-de-la-ariusd-consilier-local-este-vital-pentru-locuitorii-satului\/","url":"https:\/\/covasna45.ro\/index.php\/lumea-noastra\/se-reface-podul-de-peste-olt-de-la-ariusd-consilier-local-este-vital-pentru-locuitorii-satului\/","name":"Se reface podul de peste Olt de la Ariu\u0219d. Consilier local: \u201eEste vital pentru locuitorii satului\u201d - Covasna45","isPartOf":{"@id":"https:\/\/covasna45.ro\/#website"},"primaryImageOfPage":{"@id":"https:\/\/covasna45.ro\/index.php\/lumea-noastra\/se-reface-podul-de-peste-olt-de-la-ariusd-consilier-local-este-vital-pentru-locuitorii-satului\/#primaryimage"},"image":{"@id":"https:\/\/covasna45.ro\/index.php\/lumea-noastra\/se-reface-podul-de-peste-olt-de-la-ariusd-consilier-local-este-vital-pentru-locuitorii-satului\/#primaryimage"},"thumbnailUrl":"https:\/\/covasna45.ro\/wp-content\/uploads\/2026\/04\/pod-ariusd-nou.jpg","datePublished":"2026-04-30T07:23:01+00:00","dateModified":"2026-04-30T07:23:02+00:00","description":"Dup\u0103 luni de birocra\u021bie, contractul privind refacerea podului de peste Olt de la Ariu\u0219d a fost semnat ieri.","breadcrumb":{"@id":"https:\/\/covasna45.ro\/index.php\/lumea-noastra\/se-reface-podul-de-peste-olt-de-la-ariusd-consilier-local-este-vital-pentru-locuitorii-satului\/#breadcrumb"},"inLanguage":"ro-RO","potentialAction":[{"@type":"ReadAction","target":["https:\/\/covasna45.ro\/index.php\/lumea-noastra\/se-reface-podul-de-peste-olt-de-la-ariusd-consilier-local-este-vital-pentru-locuitorii-satului\/"]}]},{"@type":"ImageObject","inLanguage":"ro-RO","@id":"https:\/\/covasna45.ro\/index.php\/lumea-noastra\/se-reface-podul-de-peste-olt-de-la-ariusd-consilier-local-este-vital-pentru-locuitorii-satului\/#primaryimage","url":"https:\/\/covasna45.ro\/wp-content\/uploads\/2026\/04\/pod-ariusd-nou.jpg","contentUrl":"https:\/\/covasna45.ro\/wp-content\/uploads\/2026\/04\/pod-ariusd-nou.jpg","width":1536,"height":1024},{"@type":"BreadcrumbList","@id":"https:\/\/covasna45.ro\/index.php\/lumea-noastra\/se-reface-podul-de-peste-olt-de-la-ariusd-consilier-local-este-vital-pentru-locuitorii-satului\/#breadcrumb","itemListElement":[{"@type":"ListItem","position":1,"name":"Prima pagin\u0103","item":"https:\/\/covasna45.ro\/"},{"@type":"ListItem","position":2,"name":"Se reface podul de peste Olt de la Ariu\u0219d. Consilier local: \u201eEste vital pentru locuitorii satului\u201d"}]},{"@type":"WebSite","@id":"https:\/\/covasna45.ro\/#website","url":"https:\/\/covasna45.ro\/","name":"covasna45.ro","description":"","publisher":{"@id":"https:\/\/covasna45.ro\/#organization"},"potentialAction":[{"@type":"SearchAction","target":{"@type":"EntryPoint","urlTemplate":"https:\/\/covasna45.ro\/?s={search_term_string}"},"query-input":{"@type":"PropertyValueSpecification","valueRequired":true,"valueName":"search_term_string"}}],"inLanguage":"ro-RO"},{"@type":"Organization","@id":"https:\/\/covasna45.ro\/#organization","name":"covasna45.ro","url":"https:\/\/covasna45.ro\/","logo":{"@type":"ImageObject","inLanguage":"ro-RO","@id":"https:\/\/covasna45.ro\/#\/schema\/logo\/image\/","url":"https:\/\/covasna45.ro\/wp-content\/uploads\/2023\/01\/icon_logo.png","contentUrl":"https:\/\/covasna45.ro\/wp-content\/uploads\/2023\/01\/icon_logo.png","width":1900,"height":1900,"caption":"covasna45.ro"},"image":{"@id":"https:\/\/covasna45.ro\/#\/schema\/logo\/image\/"}},{"@type":"Person","@id":"https:\/\/covasna45.ro\/#\/schema\/person\/e674052bd7d95d70bbb007a1060ab73c","name":"Covasna45","image":{"@type":"ImageObject","inLanguage":"ro-RO","@id":"https:\/\/covasna45.ro\/wp-content\/uploads\/2025\/10\/icon_logo_covasna45-150x150.png","url":"https:\/\/covasna45.ro\/wp-content\/uploads\/2025\/10\/icon_logo_covasna45-150x150.png","contentUrl":"https:\/\/covasna45.ro\/wp-content\/uploads\/2025\/10\/icon_logo_covasna45-150x150.png","caption":"Covasna45"},"sameAs":["https:\/\/covasna45.ro"],"url":"https:\/\/covasna45.ro\/index.php\/author\/covasna\/"}]}},"_links":{"self":[{"href":"https:\/\/covasna45.ro\/index.php\/wp-json\/wp\/v2\/posts\/16219","targetHints":{"allow":["GET"]}}],"collection":[{"href":"https:\/\/covasna45.ro\/index.php\/wp-json\/wp\/v2\/posts"}],"about":[{"href":"https:\/\/covasna45.ro\/index.php\/wp-json\/wp\/v2\/types\/post"}],"author":[{"embeddable":true,"href":"https:\/\/covasna45.ro\/index.php\/wp-json\/wp\/v2\/users\/1"}],"replies":[{"embeddable":true,"href":"https:\/\/covasna45.ro\/index.php\/wp-json\/wp\/v2\/comments?post=16219"}],"version-history":[{"count":1,"href":"https:\/\/covasna45.ro\/index.php\/wp-json\/wp\/v2\/posts\/16219\/revisions"}],"predecessor-version":[{"id":16224,"href":"https:\/\/covasna45.ro\/index.php\/wp-json\/wp\/v2\/posts\/16219\/revisions\/16224"}],"wp:featuredmedia":[{"embeddable":true,"href":"https:\/\/covasna45.ro\/index.php\/wp-json\/wp\/v2\/media\/16223"}],"wp:attachment":[{"href":"https:\/\/covasna45.ro\/index.php\/wp-json\/wp\/v2\/media?parent=16219"}],"wp:term":[{"taxonomy":"category","embeddable":true,"href":"https:\/\/covasna45.ro\/index.php\/wp-json\/wp\/v2\/categories?post=16219"},{"taxonomy":"post_tag","embeddable":true,"href":"https:\/\/covasna45.ro\/index.php\/wp-json\/wp\/v2\/tags?post=16219"}],"curies":[{"name":"wp","href":"https:\/\/api.w.org\/{rel}","templated":true}]}}